{"id":13713,"date":"2026-03-13T07:00:00","date_gmt":"2026-03-13T07:00:00","guid":{"rendered":"https:\/\/maismagazine.pt\/?p=13713"},"modified":"2026-03-10T16:23:45","modified_gmt":"2026-03-10T16:23:45","slug":"termas-de-almeida-fonte-santa","status":"publish","type":"post","link":"http:\/\/maismagazine.pt\/index.php\/2026\/03\/13\/termas-de-almeida-fonte-santa\/","title":{"rendered":"Termas de Almeida \u2013 Fonte Santa"},"content":{"rendered":"\n<p><strong>O <a href=\"http:\/\/www.cm-almeida.pt\">Centro Termal da Fonte Santa<\/a> situa-se na vila abaluartada de Almeida, cujo ex-libris s\u00e3o as suas muralhas imponentes, em forma de estrela, cheias de hist\u00f3ria e mist\u00e9rio. As vilas de Almeida e de Vilar Formoso, assim como, as aldeias do concelho, oferecem aos visitantes experi\u00eancias abrangentes, que conjugam natureza, termalismo, cultura, patrim\u00f3nio, gastronomia local de excel\u00eancia e a arte de bem receber. A preocupa\u00e7\u00e3o com o meio ambiente e a sustentabilidade, juntam ambival\u00eancias de forma harmoniosa e resiliente. <\/strong><\/p>\n\n\n\n<p><\/p>\n\n\n\n<p>H\u00e1 v\u00e1rios s\u00e9culos que, das profundezas gran\u00edticas naturais, de um territ\u00f3rio agreste e resiliente, com o m\u00edtico rio C\u00f4a a seus p\u00e9s, brota a \u00e1gua sulfurosa, que deu origem ao termalismo local. Segundo Ant\u00f3nio Santos Silva, Diretor Cl\u00ednico das Termas de Almeida e Vice-Presidente da Sociedade Portuguesa de Hidrologia M\u00e9dica e Climatol\u00f3gica: \u201cO primeiro invent\u00e1rio das \u00e1guas minerais naturais do pa\u00eds intitulado \u201cO Aquil\u00e9gio Medicinal\u201d, publicado em 1726, dava conta de uma nascente com propriedades terap\u00eauticas situada no que \u00e9 hoje o lugar de Fonte Santa. \u201cNo termo da vila de Almeida [&#8230;] h\u00e1 uma fonte a que chamam Santa, pouco copiosa, mas de \u00e1gua que passa por minerais de enxofre, que claramente pelo cheiro se reconhece. Usam delas os moradores para sarnas, comich\u00f5es, proibidos, chagas rebeldes, assim tomando banhos e lavando com ela as partes exulceradas ou pruriginosas\u201d. Esta \u201c\u00e1gua sulfurosa, fracamente mineralizada e de pH alcalino\u201d, com caracter\u00edsticas terap\u00eauticas e medicinais, \u00e9 indicada, principalmente, para o tratamento de doen\u00e7as de pele, doen\u00e7as reum\u00e1ticas e respirat\u00f3rias. N\u00e3o obstante de um conjunto diversificado de tratamentos espec\u00edficos, para o corpo e para a mente, que proporcionam um ambiente relaxante e regenerador. A ambival\u00eancia dos cuidados de sa\u00fade f\u00edsica e mental, conjugam bem-estar, equil\u00edbrio emocional e combatem o stress, de todas as pessoas que visitam as Termas de Almeida. <\/p>\n\n\n\n<p><\/p>\n\n\n\n<figure class=\"wp-block-gallery has-nested-images columns-default is-cropped wp-block-gallery-1 is-layout-flex wp-block-gallery-is-layout-flex\">\n<figure class=\"wp-block-image size-large\"><img loading=\"lazy\" decoding=\"async\" width=\"801\" height=\"534\" data-id=\"13715\" src=\"https:\/\/maismagazine.pt\/wp-content\/uploads\/2026\/03\/IMG_9951.jpg\" alt=\"\" class=\"wp-image-13715\" srcset=\"http:\/\/maismagazine.pt\/wp-content\/uploads\/2026\/03\/IMG_9951.jpg 801w, http:\/\/maismagazine.pt\/wp-content\/uploads\/2026\/03\/IMG_9951-300x200.jpg 300w, http:\/\/maismagazine.pt\/wp-content\/uploads\/2026\/03\/IMG_9951-768x512.jpg 768w, http:\/\/maismagazine.pt\/wp-content\/uploads\/2026\/03\/IMG_9951-150x100.jpg 150w\" sizes=\"auto, (max-width: 801px) 100vw, 801px\" \/><\/figure>\n\n\n\n<figure class=\"wp-block-image size-large\"><img loading=\"lazy\" decoding=\"async\" width=\"673\" height=\"449\" data-id=\"13716\" src=\"https:\/\/maismagazine.pt\/wp-content\/uploads\/2026\/03\/imagem-centro.jpg\" alt=\"\" class=\"wp-image-13716\" srcset=\"http:\/\/maismagazine.pt\/wp-content\/uploads\/2026\/03\/imagem-centro.jpg 673w, http:\/\/maismagazine.pt\/wp-content\/uploads\/2026\/03\/imagem-centro-300x200.jpg 300w, http:\/\/maismagazine.pt\/wp-content\/uploads\/2026\/03\/imagem-centro-150x100.jpg 150w\" sizes=\"auto, (max-width: 673px) 100vw, 673px\" \/><\/figure>\n\n\n\n<figure class=\"wp-block-image size-large\"><img loading=\"lazy\" decoding=\"async\" width=\"476\" height=\"317\" data-id=\"13714\" src=\"https:\/\/maismagazine.pt\/wp-content\/uploads\/2026\/03\/5.jpg\" alt=\"\" class=\"wp-image-13714\" srcset=\"http:\/\/maismagazine.pt\/wp-content\/uploads\/2026\/03\/5.jpg 476w, http:\/\/maismagazine.pt\/wp-content\/uploads\/2026\/03\/5-300x200.jpg 300w, http:\/\/maismagazine.pt\/wp-content\/uploads\/2026\/03\/5-150x100.jpg 150w\" sizes=\"auto, (max-width: 476px) 100vw, 476px\" \/><\/figure>\n<\/figure>\n\n\n\n<p><\/p>\n\n\n\n<p>O Complexo Termal Fonte Santa oferece tratamentos de relaxamento e bem-estar, para todo o corpo, que fazem despertar os cinco sentidos, assim como, apoio m\u00e9dico ao utente, que permite um acompanhamento mais pr\u00f3ximo na preven\u00e7\u00e3o, reabilita\u00e7\u00e3o e no tratamento de doen\u00e7as. A oferta \u00e9 abrangente e diversificada, por forma a satisfazer as particularidades e exig\u00eancias de cada indiv\u00edduo, proporcionando v\u00e1rias val\u00eancias e experi\u00eancias, tais como: diferentes tipos de massagens, sauna, banho turco, vichy, SPA e piscina panor\u00e2mica, com vista privilegiada para a natureza envolvente.  <\/p>\n\n\n\n<p><\/p>\n\n\n\n<p>O paradigma ligado ao termalismo deve ser revisto e encarado como um complemento de sa\u00fade e bem-estar f\u00edsico e mental, transversal a todas as idades. Esta \u00e9 a melhor forma de estar e viver a vida. Deste modo, a preocupa\u00e7\u00e3o com a longevidade ativa e saud\u00e1vel \u00e9 sine qua non, quer para o p\u00fablico que frequenta o termalismo, quer para quem gere os centros de bem-estar, sa\u00fade e lazer.As Termas de Almeida &#8211; Fonte Santa s\u00e3o um \u00f3timo destino para quebrar a rotina e repor energias, em sintonia com a natureza. Este \u00e9 o concelho ideal, para visitar ao fim-de-semana, passar f\u00e9rias, ou para viver.<\/p>\n\n\n\n<p><\/p>\n\n\n\n<p>Venha conhecer, o poder das \u00e1guas termais, a natureza, a cultura e o patrim\u00f3nio, da estrela do interior.  <\/p>\n\n\n\n<p><\/p>\n\n\n<div class=\"wp-block-image\">\n<figure class=\"aligncenter size-full is-resized\"><img loading=\"lazy\" decoding=\"async\" width=\"705\" height=\"605\" src=\"https:\/\/maismagazine.pt\/wp-content\/uploads\/2026\/03\/almeida1.png\" alt=\"\" class=\"wp-image-13717\" style=\"width:272px;height:auto\" srcset=\"http:\/\/maismagazine.pt\/wp-content\/uploads\/2026\/03\/almeida1.png 705w, http:\/\/maismagazine.pt\/wp-content\/uploads\/2026\/03\/almeida1-300x257.png 300w\" sizes=\"auto, (max-width: 705px) 100vw, 705px\" \/><\/figure><\/div>","protected":false},"excerpt":{"rendered":"<p>O Centro Termal da Fonte Santa situa-se na vila abaluartada de Almeida, cujo ex-libris s\u00e3o as suas muralhas imponentes, em forma de estrela, cheias de hist\u00f3ria e mist\u00e9rio. As vilas de Almeida e de Vilar Formoso, assim como, as aldeias do concelho, oferecem aos visitantes experi\u00eancias abrangentes, que conjugam natureza,&hellip;<\/p>\n","protected":false},"author":17,"featured_media":13718,"comment_status":"closed","ping_status":"open","sticky":false,"template":"","format":"standard","meta":{"advgb_blocks_editor_width":"","advgb_blocks_columns_visual_guide":"","_monsterinsights_skip_tracking":false,"_monsterinsights_sitenote_active":false,"_monsterinsights_sitenote_note":"","_monsterinsights_sitenote_category":0,"footnotes":""},"categories":[2584,53],"tags":[2561,2585],"class_list":["post-13713","post","type-post","status-publish","format-standard","has-post-thumbnail","hentry","category-termalismo","category-turismo-restaurantes","tag-cm-almeida","tag-termas-de-almeida-fonte-santa"],"yoast_head":"<!-- This site is optimized with the Yoast SEO plugin v24.4 - https:\/\/yoast.com\/wordpress\/plugins\/seo\/ -->\n<title>Termas de Almeida \u2013 Fonte Santa - Mais Magazine<\/title>\n<meta name=\"description\" content=\"O Centro Termal da Fonte Santa situa-se na vila abaluartada de Almeida, cujo ex-libris s\u00e3o as suas muralhas imponentes, em forma de estrela, cheias de hist\u00f3ria e mist\u00e9rio. As vilas de Almeida e de Vilar Formoso, assim como, as aldeias do concelho, oferecem aos visitantes experi\u00eancias abrangentes, que conjugam natureza, termalismo, cultura, patrim\u00f3nio, gastronomia local de excel\u00eancia e a arte de bem receber. A preocupa\u00e7\u00e3o com o meio ambiente e a sustentabilidade, juntam ambival\u00eancias de forma harmoniosa e resiliente.\" \/>\n<meta name=\"robots\" content=\"index, follow, max-snippet:-1, max-image-preview:large, max-video-preview:-1\" \/>\n<link rel=\"canonical\" href=\"http:\/\/maismagazine.pt\/index.php\/2026\/03\/13\/termas-de-almeida-fonte-santa\/\" \/>\n<meta property=\"og:locale\" content=\"pt_PT\" \/>\n<meta property=\"og:type\" content=\"article\" \/>\n<meta property=\"og:title\" content=\"Termas de Almeida \u2013 Fonte Santa - Mais Magazine\" \/>\n<meta property=\"og:description\" content=\"O Centro Termal da Fonte Santa situa-se na vila abaluartada de Almeida, cujo ex-libris s\u00e3o as suas muralhas imponentes, em forma de estrela, cheias de hist\u00f3ria e mist\u00e9rio. As vilas de Almeida e de Vilar Formoso, assim como, as aldeias do concelho, oferecem aos visitantes experi\u00eancias abrangentes, que conjugam natureza, termalismo, cultura, patrim\u00f3nio, gastronomia local de excel\u00eancia e a arte de bem receber. A preocupa\u00e7\u00e3o com o meio ambiente e a sustentabilidade, juntam ambival\u00eancias de forma harmoniosa e resiliente.\" \/>\n<meta property=\"og:url\" content=\"http:\/\/maismagazine.pt\/index.php\/2026\/03\/13\/termas-de-almeida-fonte-santa\/\" \/>\n<meta property=\"og:site_name\" content=\"Mais Magazine\" \/>\n<meta property=\"article:published_time\" content=\"2026-03-13T07:00:00+00:00\" \/>\n<meta property=\"og:image\" content=\"http:\/\/maismagazine.pt\/wp-content\/uploads\/2026\/03\/1.jpg\" \/>\n\t<meta property=\"og:image:width\" content=\"967\" \/>\n\t<meta property=\"og:image:height\" content=\"644\" \/>\n\t<meta property=\"og:image:type\" content=\"image\/jpeg\" \/>\n<meta name=\"author\" content=\"Tiago Costa\" \/>\n<meta name=\"twitter:card\" content=\"summary_large_image\" \/>\n<meta name=\"twitter:label1\" content=\"Escrito por\" \/>\n\t<meta name=\"twitter:data1\" content=\"\" \/>\n\t<meta name=\"twitter:label2\" content=\"Tempo estimado de leitura\" \/>\n\t<meta name=\"twitter:data2\" content=\"4 minutos\" \/>\n<script type=\"application\/ld+json\" class=\"yoast-schema-graph\">{\"@context\":\"https:\/\/schema.org\",\"@graph\":[{\"@type\":\"Article\",\"@id\":\"http:\/\/maismagazine.pt\/index.php\/2026\/03\/13\/termas-de-almeida-fonte-santa\/#article\",\"isPartOf\":{\"@id\":\"http:\/\/maismagazine.pt\/index.php\/2026\/03\/13\/termas-de-almeida-fonte-santa\/\"},\"author\":{\"name\":\"Tiago Costa\",\"@id\":\"http:\/\/maismagazine.pt\/#\/schema\/person\/c6c5bfccc886434cbd11c74e035f9646\"},\"headline\":\"Termas de Almeida \u2013 Fonte Santa\",\"datePublished\":\"2026-03-13T07:00:00+00:00\",\"mainEntityOfPage\":{\"@id\":\"http:\/\/maismagazine.pt\/index.php\/2026\/03\/13\/termas-de-almeida-fonte-santa\/\"},\"wordCount\":557,\"publisher\":{\"@id\":\"http:\/\/maismagazine.pt\/#organization\"},\"image\":{\"@id\":\"http:\/\/maismagazine.pt\/index.php\/2026\/03\/13\/termas-de-almeida-fonte-santa\/#primaryimage\"},\"thumbnailUrl\":\"http:\/\/maismagazine.pt\/wp-content\/uploads\/2026\/03\/1.jpg\",\"keywords\":[\"CM Almeida\",\"Termas de Almeida - Fonte Santa\"],\"articleSection\":[\"Termalismo\",\"Turismo | Vinhos | Gastronomia\"],\"inLanguage\":\"pt-PT\"},{\"@type\":\"WebPage\",\"@id\":\"http:\/\/maismagazine.pt\/index.php\/2026\/03\/13\/termas-de-almeida-fonte-santa\/\",\"url\":\"http:\/\/maismagazine.pt\/index.php\/2026\/03\/13\/termas-de-almeida-fonte-santa\/\",\"name\":\"Termas de Almeida \u2013 Fonte Santa - Mais Magazine\",\"isPartOf\":{\"@id\":\"http:\/\/maismagazine.pt\/#website\"},\"primaryImageOfPage\":{\"@id\":\"http:\/\/maismagazine.pt\/index.php\/2026\/03\/13\/termas-de-almeida-fonte-santa\/#primaryimage\"},\"image\":{\"@id\":\"http:\/\/maismagazine.pt\/index.php\/2026\/03\/13\/termas-de-almeida-fonte-santa\/#primaryimage\"},\"thumbnailUrl\":\"http:\/\/maismagazine.pt\/wp-content\/uploads\/2026\/03\/1.jpg\",\"datePublished\":\"2026-03-13T07:00:00+00:00\",\"description\":\"O Centro Termal da Fonte Santa situa-se na vila abaluartada de Almeida, cujo ex-libris s\u00e3o as suas muralhas imponentes, em forma de estrela, cheias de hist\u00f3ria e mist\u00e9rio. As vilas de Almeida e de Vilar Formoso, assim como, as aldeias do concelho, oferecem aos visitantes experi\u00eancias abrangentes, que conjugam natureza, termalismo, cultura, patrim\u00f3nio, gastronomia local de excel\u00eancia e a arte de bem receber. A preocupa\u00e7\u00e3o com o meio ambiente e a sustentabilidade, juntam ambival\u00eancias de forma harmoniosa e resiliente.\",\"breadcrumb\":{\"@id\":\"http:\/\/maismagazine.pt\/index.php\/2026\/03\/13\/termas-de-almeida-fonte-santa\/#breadcrumb\"},\"inLanguage\":\"pt-PT\",\"potentialAction\":[{\"@type\":\"ReadAction\",\"target\":[\"http:\/\/maismagazine.pt\/index.php\/2026\/03\/13\/termas-de-almeida-fonte-santa\/\"]}]},{\"@type\":\"ImageObject\",\"inLanguage\":\"pt-PT\",\"@id\":\"http:\/\/maismagazine.pt\/index.php\/2026\/03\/13\/termas-de-almeida-fonte-santa\/#primaryimage\",\"url\":\"http:\/\/maismagazine.pt\/wp-content\/uploads\/2026\/03\/1.jpg\",\"contentUrl\":\"http:\/\/maismagazine.pt\/wp-content\/uploads\/2026\/03\/1.jpg\",\"width\":967,\"height\":644},{\"@type\":\"BreadcrumbList\",\"@id\":\"http:\/\/maismagazine.pt\/index.php\/2026\/03\/13\/termas-de-almeida-fonte-santa\/#breadcrumb\",\"itemListElement\":[{\"@type\":\"ListItem\",\"position\":1,\"name\":\"Home\",\"item\":\"http:\/\/maismagazine.pt\/\"},{\"@type\":\"ListItem\",\"position\":2,\"name\":\"Termas de Almeida \u2013 Fonte Santa\"}]},{\"@type\":\"WebSite\",\"@id\":\"http:\/\/maismagazine.pt\/#website\",\"url\":\"http:\/\/maismagazine.pt\/\",\"name\":\"Mais Magazine\",\"description\":\"\",\"publisher\":{\"@id\":\"http:\/\/maismagazine.pt\/#organization\"},\"potentialAction\":[{\"@type\":\"SearchAction\",\"target\":{\"@type\":\"EntryPoint\",\"urlTemplate\":\"http:\/\/maismagazine.pt\/?s={search_term_string}\"},\"query-input\":{\"@type\":\"PropertyValueSpecification\",\"valueRequired\":true,\"valueName\":\"search_term_string\"}}],\"inLanguage\":\"pt-PT\"},{\"@type\":\"Organization\",\"@id\":\"http:\/\/maismagazine.pt\/#organization\",\"name\":\"Mais Magazine\",\"url\":\"http:\/\/maismagazine.pt\/\",\"logo\":{\"@type\":\"ImageObject\",\"inLanguage\":\"pt-PT\",\"@id\":\"http:\/\/maismagazine.pt\/#\/schema\/logo\/image\/\",\"url\":\"http:\/\/maismagazine.pt\/wp-content\/uploads\/2020\/04\/cropped-cropped-mais-magazine-site-logo-2.png\",\"contentUrl\":\"http:\/\/maismagazine.pt\/wp-content\/uploads\/2020\/04\/cropped-cropped-mais-magazine-site-logo-2.png\",\"width\":581,\"height\":90,\"caption\":\"Mais Magazine\"},\"image\":{\"@id\":\"http:\/\/maismagazine.pt\/#\/schema\/logo\/image\/\"}},{\"@type\":\"Person\",\"@id\":\"http:\/\/maismagazine.pt\/#\/schema\/person\/c6c5bfccc886434cbd11c74e035f9646\",\"name\":\"Tiago Costa\",\"image\":{\"@type\":\"ImageObject\",\"inLanguage\":\"pt-PT\",\"@id\":\"http:\/\/maismagazine.pt\/#\/schema\/person\/image\/\",\"url\":\"https:\/\/secure.gravatar.com\/avatar\/c599b2bce16c9870429198cbad5ee022?s=96&d=mm&r=g\",\"contentUrl\":\"https:\/\/secure.gravatar.com\/avatar\/c599b2bce16c9870429198cbad5ee022?s=96&d=mm&r=g\",\"caption\":\"Tiago Costa\"},\"url\":\"http:\/\/maismagazine.pt\/index.php\/author\/tiago\/\"}]}<\/script>\n<!-- \/ Yoast SEO plugin. -->","yoast_head_json":{"title":"Termas de Almeida \u2013 Fonte Santa - Mais Magazine","description":"O Centro Termal da Fonte Santa situa-se na vila abaluartada de Almeida, cujo ex-libris s\u00e3o as suas muralhas imponentes, em forma de estrela, cheias de hist\u00f3ria e mist\u00e9rio. As vilas de Almeida e de Vilar Formoso, assim como, as aldeias do concelho, oferecem aos visitantes experi\u00eancias abrangentes, que conjugam natureza, termalismo, cultura, patrim\u00f3nio, gastronomia local de excel\u00eancia e a arte de bem receber. A preocupa\u00e7\u00e3o com o meio ambiente e a sustentabilidade, juntam ambival\u00eancias de forma harmoniosa e resiliente.","robots":{"index":"index","follow":"follow","max-snippet":"max-snippet:-1","max-image-preview":"max-image-preview:large","max-video-preview":"max-video-preview:-1"},"canonical":"http:\/\/maismagazine.pt\/index.php\/2026\/03\/13\/termas-de-almeida-fonte-santa\/","og_locale":"pt_PT","og_type":"article","og_title":"Termas de Almeida \u2013 Fonte Santa - Mais Magazine","og_description":"O Centro Termal da Fonte Santa situa-se na vila abaluartada de Almeida, cujo ex-libris s\u00e3o as suas muralhas imponentes, em forma de estrela, cheias de hist\u00f3ria e mist\u00e9rio. As vilas de Almeida e de Vilar Formoso, assim como, as aldeias do concelho, oferecem aos visitantes experi\u00eancias abrangentes, que conjugam natureza, termalismo, cultura, patrim\u00f3nio, gastronomia local de excel\u00eancia e a arte de bem receber. A preocupa\u00e7\u00e3o com o meio ambiente e a sustentabilidade, juntam ambival\u00eancias de forma harmoniosa e resiliente.","og_url":"http:\/\/maismagazine.pt\/index.php\/2026\/03\/13\/termas-de-almeida-fonte-santa\/","og_site_name":"Mais Magazine","article_published_time":"2026-03-13T07:00:00+00:00","og_image":[{"width":967,"height":644,"url":"http:\/\/maismagazine.pt\/wp-content\/uploads\/2026\/03\/1.jpg","type":"image\/jpeg"}],"author":"Tiago Costa","twitter_card":"summary_large_image","twitter_misc":{"Escrito por":false,"Tempo estimado de leitura":"4 minutos"},"schema":{"@context":"https:\/\/schema.org","@graph":[{"@type":"Article","@id":"http:\/\/maismagazine.pt\/index.php\/2026\/03\/13\/termas-de-almeida-fonte-santa\/#article","isPartOf":{"@id":"http:\/\/maismagazine.pt\/index.php\/2026\/03\/13\/termas-de-almeida-fonte-santa\/"},"author":{"name":"Tiago Costa","@id":"http:\/\/maismagazine.pt\/#\/schema\/person\/c6c5bfccc886434cbd11c74e035f9646"},"headline":"Termas de Almeida \u2013 Fonte Santa","datePublished":"2026-03-13T07:00:00+00:00","mainEntityOfPage":{"@id":"http:\/\/maismagazine.pt\/index.php\/2026\/03\/13\/termas-de-almeida-fonte-santa\/"},"wordCount":557,"publisher":{"@id":"http:\/\/maismagazine.pt\/#organization"},"image":{"@id":"http:\/\/maismagazine.pt\/index.php\/2026\/03\/13\/termas-de-almeida-fonte-santa\/#primaryimage"},"thumbnailUrl":"http:\/\/maismagazine.pt\/wp-content\/uploads\/2026\/03\/1.jpg","keywords":["CM Almeida","Termas de Almeida - Fonte Santa"],"articleSection":["Termalismo","Turismo | Vinhos | Gastronomia"],"inLanguage":"pt-PT"},{"@type":"WebPage","@id":"http:\/\/maismagazine.pt\/index.php\/2026\/03\/13\/termas-de-almeida-fonte-santa\/","url":"http:\/\/maismagazine.pt\/index.php\/2026\/03\/13\/termas-de-almeida-fonte-santa\/","name":"Termas de Almeida \u2013 Fonte Santa - Mais Magazine","isPartOf":{"@id":"http:\/\/maismagazine.pt\/#website"},"primaryImageOfPage":{"@id":"http:\/\/maismagazine.pt\/index.php\/2026\/03\/13\/termas-de-almeida-fonte-santa\/#primaryimage"},"image":{"@id":"http:\/\/maismagazine.pt\/index.php\/2026\/03\/13\/termas-de-almeida-fonte-santa\/#primaryimage"},"thumbnailUrl":"http:\/\/maismagazine.pt\/wp-content\/uploads\/2026\/03\/1.jpg","datePublished":"2026-03-13T07:00:00+00:00","description":"O Centro Termal da Fonte Santa situa-se na vila abaluartada de Almeida, cujo ex-libris s\u00e3o as suas muralhas imponentes, em forma de estrela, cheias de hist\u00f3ria e mist\u00e9rio. As vilas de Almeida e de Vilar Formoso, assim como, as aldeias do concelho, oferecem aos visitantes experi\u00eancias abrangentes, que conjugam natureza, termalismo, cultura, patrim\u00f3nio, gastronomia local de excel\u00eancia e a arte de bem receber. A preocupa\u00e7\u00e3o com o meio ambiente e a sustentabilidade, juntam ambival\u00eancias de forma harmoniosa e resiliente.","breadcrumb":{"@id":"http:\/\/maismagazine.pt\/index.php\/2026\/03\/13\/termas-de-almeida-fonte-santa\/#breadcrumb"},"inLanguage":"pt-PT","potentialAction":[{"@type":"ReadAction","target":["http:\/\/maismagazine.pt\/index.php\/2026\/03\/13\/termas-de-almeida-fonte-santa\/"]}]},{"@type":"ImageObject","inLanguage":"pt-PT","@id":"http:\/\/maismagazine.pt\/index.php\/2026\/03\/13\/termas-de-almeida-fonte-santa\/#primaryimage","url":"http:\/\/maismagazine.pt\/wp-content\/uploads\/2026\/03\/1.jpg","contentUrl":"http:\/\/maismagazine.pt\/wp-content\/uploads\/2026\/03\/1.jpg","width":967,"height":644},{"@type":"BreadcrumbList","@id":"http:\/\/maismagazine.pt\/index.php\/2026\/03\/13\/termas-de-almeida-fonte-santa\/#breadcrumb","itemListElement":[{"@type":"ListItem","position":1,"name":"Home","item":"http:\/\/maismagazine.pt\/"},{"@type":"ListItem","position":2,"name":"Termas de Almeida \u2013 Fonte Santa"}]},{"@type":"WebSite","@id":"http:\/\/maismagazine.pt\/#website","url":"http:\/\/maismagazine.pt\/","name":"Mais Magazine","description":"","publisher":{"@id":"http:\/\/maismagazine.pt\/#organization"},"potentialAction":[{"@type":"SearchAction","target":{"@type":"EntryPoint","urlTemplate":"http:\/\/maismagazine.pt\/?s={search_term_string}"},"query-input":{"@type":"PropertyValueSpecification","valueRequired":true,"valueName":"search_term_string"}}],"inLanguage":"pt-PT"},{"@type":"Organization","@id":"http:\/\/maismagazine.pt\/#organization","name":"Mais Magazine","url":"http:\/\/maismagazine.pt\/","logo":{"@type":"ImageObject","inLanguage":"pt-PT","@id":"http:\/\/maismagazine.pt\/#\/schema\/logo\/image\/","url":"http:\/\/maismagazine.pt\/wp-content\/uploads\/2020\/04\/cropped-cropped-mais-magazine-site-logo-2.png","contentUrl":"http:\/\/maismagazine.pt\/wp-content\/uploads\/2020\/04\/cropped-cropped-mais-magazine-site-logo-2.png","width":581,"height":90,"caption":"Mais Magazine"},"image":{"@id":"http:\/\/maismagazine.pt\/#\/schema\/logo\/image\/"}},{"@type":"Person","@id":"http:\/\/maismagazine.pt\/#\/schema\/person\/c6c5bfccc886434cbd11c74e035f9646","name":"Tiago Costa","image":{"@type":"ImageObject","inLanguage":"pt-PT","@id":"http:\/\/maismagazine.pt\/#\/schema\/person\/image\/","url":"https:\/\/secure.gravatar.com\/avatar\/c599b2bce16c9870429198cbad5ee022?s=96&d=mm&r=g","contentUrl":"https:\/\/secure.gravatar.com\/avatar\/c599b2bce16c9870429198cbad5ee022?s=96&d=mm&r=g","caption":"Tiago Costa"},"url":"http:\/\/maismagazine.pt\/index.php\/author\/tiago\/"}]}},"author_meta":{"display_name":false,"author_link":"http:\/\/maismagazine.pt\/index.php\/author\/tiago\/"},"featured_img":"http:\/\/maismagazine.pt\/wp-content\/uploads\/2026\/03\/1-300x200.jpg","coauthors":[],"tax_additional":{"categories":{"linked":["<a href=\"http:\/\/maismagazine.pt\/index.php\/category\/termalismo\/\" class=\"advgb-post-tax-term\">Termalismo<\/a>","<a href=\"http:\/\/maismagazine.pt\/index.php\/category\/turismo-restaurantes\/\" class=\"advgb-post-tax-term\">Turismo | Vinhos | Gastronomia<\/a>"],"unlinked":["<span class=\"advgb-post-tax-term\">Termalismo<\/span>","<span class=\"advgb-post-tax-term\">Turismo | Vinhos | Gastronomia<\/span>"]},"tags":{"linked":["<a href=\"http:\/\/maismagazine.pt\/index.php\/category\/turismo-restaurantes\/\" class=\"advgb-post-tax-term\">CM Almeida<\/a>","<a href=\"http:\/\/maismagazine.pt\/index.php\/category\/turismo-restaurantes\/\" class=\"advgb-post-tax-term\">Termas de Almeida - Fonte Santa<\/a>"],"unlinked":["<span class=\"advgb-post-tax-term\">CM Almeida<\/span>","<span class=\"advgb-post-tax-term\">Termas de Almeida - Fonte Santa<\/span>"]}},"comment_count":"0","relative_dates":{"created":"Posted 2 meses ago","modified":"Updated 2 meses ago"},"absolute_dates":{"created":"Posted on 13 de Mar\u00e7o, 2026","modified":"Updated on 10 de Mar\u00e7o, 2026"},"absolute_dates_time":{"created":"Posted on 13 de Mar\u00e7o, 2026 7:00","modified":"Updated on 10 de Mar\u00e7o, 2026 16:23"},"featured_img_caption":"","series_order":"","_links":{"self":[{"href":"http:\/\/maismagazine.pt\/index.php\/wp-json\/wp\/v2\/posts\/13713","targetHints":{"allow":["GET"]}}],"collection":[{"href":"http:\/\/maismagazine.pt\/index.php\/wp-json\/wp\/v2\/posts"}],"about":[{"href":"http:\/\/maismagazine.pt\/index.php\/wp-json\/wp\/v2\/types\/post"}],"author":[{"embeddable":true,"href":"http:\/\/maismagazine.pt\/index.php\/wp-json\/wp\/v2\/users\/17"}],"replies":[{"embeddable":true,"href":"http:\/\/maismagazine.pt\/index.php\/wp-json\/wp\/v2\/comments?post=13713"}],"version-history":[{"count":1,"href":"http:\/\/maismagazine.pt\/index.php\/wp-json\/wp\/v2\/posts\/13713\/revisions"}],"predecessor-version":[{"id":13719,"href":"http:\/\/maismagazine.pt\/index.php\/wp-json\/wp\/v2\/posts\/13713\/revisions\/13719"}],"wp:featuredmedia":[{"embeddable":true,"href":"http:\/\/maismagazine.pt\/index.php\/wp-json\/wp\/v2\/media\/13718"}],"wp:attachment":[{"href":"http:\/\/maismagazine.pt\/index.php\/wp-json\/wp\/v2\/media?parent=13713"}],"wp:term":[{"taxonomy":"category","embeddable":true,"href":"http:\/\/maismagazine.pt\/index.php\/wp-json\/wp\/v2\/categories?post=13713"},{"taxonomy":"post_tag","embeddable":true,"href":"http:\/\/maismagazine.pt\/index.php\/wp-json\/wp\/v2\/tags?post=13713"}],"curies":[{"name":"wp","href":"https:\/\/api.w.org\/{rel}","templated":true}]}}