{"id":13703,"date":"2026-03-13T07:00:00","date_gmt":"2026-03-13T07:00:00","guid":{"rendered":"https:\/\/maismagazine.pt\/?p=13703"},"modified":"2026-03-10T16:16:55","modified_gmt":"2026-03-10T16:16:55","slug":"curia-bem-estar-tradicao-e-inovacao-num-destino-de-referencia","status":"publish","type":"post","link":"http:\/\/maismagazine.pt\/index.php\/2026\/03\/13\/curia-bem-estar-tradicao-e-inovacao-num-destino-de-referencia\/","title":{"rendered":"Curia: Bem-estar, tradi\u00e7\u00e3o e inova\u00e7\u00e3o num destino de refer\u00eancia"},"content":{"rendered":"\n<p><strong>A <a href=\"http:\/\/www.cm-anadia.pt\">Curia<\/a> afirma-se como um destino de excel\u00eancia no turismo de sa\u00fade e bem-estar, combinando a tradi\u00e7\u00e3o termal com abordagens terap\u00eauticas modernas e uma envolvente natural de grande qualidade. Com programas orientados para preven\u00e7\u00e3o, relaxamento e tratamentos espec\u00edficos, a Curia oferece uma experi\u00eancia integrada que alia benef\u00edcios cl\u00ednicos reconhecidos a momentos de descanso e equil\u00edbrio f\u00edsico e emocional. <\/strong><\/p>\n\n\n\n<p><\/p>\n\n\n\n<p>A Curia \u00e9 um destino de refer\u00eancia no turismo de sa\u00fade e bem-estar pela conjuga\u00e7\u00e3o entre tradi\u00e7\u00e3o termal, inova\u00e7\u00e3o terap\u00eautica e qualidade da zona envolvente. Disp\u00f5em de programas de preven\u00e7\u00e3o, relaxamento e bem-estar, que v\u00e3o ao encontro das novas tend\u00eancias do turismo de sa\u00fade. As termas da Curia d\u00e3o resposta a quem procura tratamentos terap\u00eauticos espec\u00edficos e a quem deseja momentos de descanso e reequil\u00edbrio f\u00edsico e emocional. A sua localiza\u00e7\u00e3o estrat\u00e9gica no concelho de Anadia refor\u00e7a tamb\u00e9m a sua atratividade enquanto destino acess\u00edvel e integrado numa oferta tur\u00edstica mais ampla. <\/p>\n\n\n\n<p><\/p>\n\n\n<div class=\"wp-block-image\">\n<figure class=\"aligncenter size-full is-resized\"><img loading=\"lazy\" decoding=\"async\" width=\"481\" height=\"721\" src=\"https:\/\/maismagazine.pt\/wp-content\/uploads\/2026\/03\/Curia_Parque_B00_4904.jpg\" alt=\"\" class=\"wp-image-13704\" style=\"width:270px;height:auto\" srcset=\"http:\/\/maismagazine.pt\/wp-content\/uploads\/2026\/03\/Curia_Parque_B00_4904.jpg 481w, http:\/\/maismagazine.pt\/wp-content\/uploads\/2026\/03\/Curia_Parque_B00_4904-200x300.jpg 200w\" sizes=\"auto, (max-width: 481px) 100vw, 481px\" \/><\/figure><\/div>\n\n\n<p><\/p>\n\n\n\n<p>Neste contexto, a experi\u00eancia termal na Curia distingue-se pela qualidade reconhecida das suas \u00e1guas, de natureza sulf\u00farea, bicarbonatada, s\u00f3dica e c\u00e1lcica, indicadas sobretudo para o tratamento de patologias do foro respirat\u00f3rio e m\u00fasculo-esquel\u00e9tico. Entre os principais benef\u00edcios destacam-se o al\u00edvio de doen\u00e7as respirat\u00f3rias cr\u00f3nicas, a melhoria de problemas reum\u00e1ticos e articulares, a a\u00e7\u00e3o anti-inflamat\u00f3ria e relaxante muscular e redu\u00e7\u00e3o do stress. Por\u00e9m, a diferencia\u00e7\u00e3o ultrapassa a componente cl\u00ednica. A Curia preserva um ambiente elegante e tranquilo, com uma forte identidade hist\u00f3rica ligada ao termalismo cl\u00e1ssico, que hoje se conjuga com abordagens modernas de spa e programas personalizados de sa\u00fade e bem-estar.  <\/p>\n\n\n\n<p><\/p>\n\n\n\n<p>A refor\u00e7ar esta proposta, a envolvente natural \u00e9 absolutamente determinante. A Curia distingue-se pelo seu patrim\u00f3nio paisag\u00edstico, com destaque para o emblem\u00e1tico Parque das Termas da Curia, que cria um cen\u00e1rio \u00fanico de serenidade e contacto com a natureza. Este enquadramento verde, aliado ao patrim\u00f3nio arquitet\u00f3nico da zona, proporciona uma experi\u00eancia integrada, onde o descanso f\u00edsico se complementa com o equil\u00edbrio emocional. Caminhadas, momentos de contempla\u00e7\u00e3o e atividades ao ar livre refor\u00e7am os efeitos terap\u00eauticos dos tratamentos termais.  <\/p>\n\n\n\n<p><\/p>\n\n\n\n<figure class=\"wp-block-gallery has-nested-images columns-default is-cropped wp-block-gallery-1 is-layout-flex wp-block-gallery-is-layout-flex\">\n<figure class=\"wp-block-image size-large\"><img loading=\"lazy\" decoding=\"async\" width=\"601\" height=\"401\" data-id=\"13706\" src=\"https:\/\/maismagazine.pt\/wp-content\/uploads\/2026\/03\/Curia_Termas_B00_8996.jpg\" alt=\"\" class=\"wp-image-13706\" srcset=\"http:\/\/maismagazine.pt\/wp-content\/uploads\/2026\/03\/Curia_Termas_B00_8996.jpg 601w, http:\/\/maismagazine.pt\/wp-content\/uploads\/2026\/03\/Curia_Termas_B00_8996-300x200.jpg 300w, http:\/\/maismagazine.pt\/wp-content\/uploads\/2026\/03\/Curia_Termas_B00_8996-150x100.jpg 150w\" sizes=\"auto, (max-width: 601px) 100vw, 601px\" \/><\/figure>\n\n\n\n<figure class=\"wp-block-image size-large\"><img loading=\"lazy\" decoding=\"async\" width=\"721\" height=\"481\" data-id=\"13705\" src=\"https:\/\/maismagazine.pt\/wp-content\/uploads\/2026\/03\/Curia_Parque_B00_1334.jpg\" alt=\"\" class=\"wp-image-13705\" srcset=\"http:\/\/maismagazine.pt\/wp-content\/uploads\/2026\/03\/Curia_Parque_B00_1334.jpg 721w, http:\/\/maismagazine.pt\/wp-content\/uploads\/2026\/03\/Curia_Parque_B00_1334-300x200.jpg 300w, http:\/\/maismagazine.pt\/wp-content\/uploads\/2026\/03\/Curia_Parque_B00_1334-150x100.jpg 150w\" sizes=\"auto, (max-width: 721px) 100vw, 721px\" \/><\/figure>\n<\/figure>\n\n\n\n<p><\/p>\n\n\n\n<p>Complementarmente, a visita \u00e0 Curia pode ser enriquecida com experi\u00eancias de car\u00e1cter enogastron\u00f3mico e cultural. Durante a estadia, destaca-se a 4.\u00aa edi\u00e7\u00e3o do Mill\u00e8sime \u2013 Encontro Nacional de Espumantes, que se realiza nos dias 21 e 22 de mar\u00e7o, entre as 15h e as 19h, no sofisticado e deslumbrante Curia Palace Hotel, que \u00e9 um marco da arquitetura termal em Portugal e est\u00e1 classificado como patrim\u00f3nio cultural. Esta iniciativa, promovida pelo Munic\u00edpio de Anadia, re\u00fane no mesmo espa\u00e7o os melhores produtores nacionais de espumantes com denomina\u00e7\u00e3o de origem. O programa do Mill\u00e8sime, um evento \u00fanico concebido para apreciadores de espumantes, inclui provas comentadas de espumante, provas de harmoniza\u00e7\u00e3o de espumantes com iguarias e momentos de anima\u00e7\u00e3o. Cada produtor presente tem um espa\u00e7o pr\u00f3prio para mostra e degusta\u00e7\u00e3o dos seus espumantes. <\/p>\n\n\n\n<p><\/p>\n\n\n<div class=\"wp-block-image\">\n<figure class=\"aligncenter size-large is-resized\"><img loading=\"lazy\" decoding=\"async\" width=\"1024\" height=\"394\" src=\"https:\/\/maismagazine.pt\/wp-content\/uploads\/2026\/03\/logo-1024x394.jpg\" alt=\"\" class=\"wp-image-13707\" style=\"width:489px;height:auto\" srcset=\"http:\/\/maismagazine.pt\/wp-content\/uploads\/2026\/03\/logo-1024x394.jpg 1024w, http:\/\/maismagazine.pt\/wp-content\/uploads\/2026\/03\/logo-300x116.jpg 300w, http:\/\/maismagazine.pt\/wp-content\/uploads\/2026\/03\/logo-768x296.jpg 768w, http:\/\/maismagazine.pt\/wp-content\/uploads\/2026\/03\/logo.jpg 1301w\" sizes=\"auto, (max-width: 1024px) 100vw, 1024px\" \/><\/figure><\/div>","protected":false},"excerpt":{"rendered":"<p>A Curia afirma-se como um destino de excel\u00eancia no turismo de sa\u00fade e bem-estar, combinando a tradi\u00e7\u00e3o termal com abordagens terap\u00eauticas modernas e uma envolvente natural de grande qualidade. Com programas orientados para preven\u00e7\u00e3o, relaxamento e tratamentos espec\u00edficos, a Curia oferece uma experi\u00eancia integrada que alia benef\u00edcios cl\u00ednicos reconhecidos a&hellip;<\/p>\n","protected":false},"author":17,"featured_media":13708,"comment_status":"closed","ping_status":"open","sticky":false,"template":"","format":"standard","meta":{"advgb_blocks_editor_width":"","advgb_blocks_columns_visual_guide":"","_monsterinsights_skip_tracking":false,"_monsterinsights_sitenote_active":false,"_monsterinsights_sitenote_note":"","_monsterinsights_sitenote_category":0,"footnotes":""},"categories":[2584,53],"tags":[2030],"class_list":["post-13703","post","type-post","status-publish","format-standard","has-post-thumbnail","hentry","category-termalismo","category-turismo-restaurantes","tag-cm-anadia"],"yoast_head":"<!-- This site is optimized with the Yoast SEO plugin v24.4 - https:\/\/yoast.com\/wordpress\/plugins\/seo\/ -->\n<title>Curia: Bem-estar, tradi\u00e7\u00e3o e inova\u00e7\u00e3o num destino de refer\u00eancia - Mais Magazine<\/title>\n<meta name=\"description\" content=\"A Curia afirma-se como um destino de excel\u00eancia no turismo de sa\u00fade e bem-estar, combinando a tradi\u00e7\u00e3o termal com abordagens terap\u00eauticas modernas e uma envolvente natural de grande qualidade. Com programas orientados para preven\u00e7\u00e3o, relaxamento e tratamentos espec\u00edficos, a Curia oferece uma experi\u00eancia integrada que alia benef\u00edcios cl\u00ednicos reconhecidos a momentos de descanso e equil\u00edbrio f\u00edsico e emocional.\" \/>\n<meta name=\"robots\" content=\"index, follow, max-snippet:-1, max-image-preview:large, max-video-preview:-1\" \/>\n<link rel=\"canonical\" href=\"https:\/\/maismagazine.pt\/index.php\/2026\/03\/13\/curia-bem-estar-tradicao-e-inovacao-num-destino-de-referencia\/\" \/>\n<meta property=\"og:locale\" content=\"pt_PT\" \/>\n<meta property=\"og:type\" content=\"article\" \/>\n<meta property=\"og:title\" content=\"Curia: Bem-estar, tradi\u00e7\u00e3o e inova\u00e7\u00e3o num destino de refer\u00eancia - Mais Magazine\" \/>\n<meta property=\"og:description\" content=\"A Curia afirma-se como um destino de excel\u00eancia no turismo de sa\u00fade e bem-estar, combinando a tradi\u00e7\u00e3o termal com abordagens terap\u00eauticas modernas e uma envolvente natural de grande qualidade. Com programas orientados para preven\u00e7\u00e3o, relaxamento e tratamentos espec\u00edficos, a Curia oferece uma experi\u00eancia integrada que alia benef\u00edcios cl\u00ednicos reconhecidos a momentos de descanso e equil\u00edbrio f\u00edsico e emocional.\" \/>\n<meta property=\"og:url\" content=\"https:\/\/maismagazine.pt\/index.php\/2026\/03\/13\/curia-bem-estar-tradicao-e-inovacao-num-destino-de-referencia\/\" \/>\n<meta property=\"og:site_name\" content=\"Mais Magazine\" \/>\n<meta property=\"article:published_time\" content=\"2026-03-13T07:00:00+00:00\" \/>\n<meta property=\"og:image\" content=\"https:\/\/maismagazine.pt\/wp-content\/uploads\/2026\/03\/Curia_Palace_ext.jpg\" \/>\n\t<meta property=\"og:image:width\" content=\"721\" \/>\n\t<meta property=\"og:image:height\" content=\"481\" \/>\n\t<meta property=\"og:image:type\" content=\"image\/jpeg\" \/>\n<meta name=\"author\" content=\"Tiago Costa\" \/>\n<meta name=\"twitter:card\" content=\"summary_large_image\" \/>\n<meta name=\"twitter:label1\" content=\"Escrito por\" \/>\n\t<meta name=\"twitter:data1\" content=\"\" \/>\n\t<meta name=\"twitter:label2\" content=\"Tempo estimado de leitura\" \/>\n\t<meta name=\"twitter:data2\" content=\"4 minutos\" \/>\n<script type=\"application\/ld+json\" class=\"yoast-schema-graph\">{\"@context\":\"https:\/\/schema.org\",\"@graph\":[{\"@type\":\"Article\",\"@id\":\"https:\/\/maismagazine.pt\/index.php\/2026\/03\/13\/curia-bem-estar-tradicao-e-inovacao-num-destino-de-referencia\/#article\",\"isPartOf\":{\"@id\":\"https:\/\/maismagazine.pt\/index.php\/2026\/03\/13\/curia-bem-estar-tradicao-e-inovacao-num-destino-de-referencia\/\"},\"author\":{\"name\":\"Tiago Costa\",\"@id\":\"https:\/\/maismagazine.pt\/#\/schema\/person\/c6c5bfccc886434cbd11c74e035f9646\"},\"headline\":\"Curia: Bem-estar, tradi\u00e7\u00e3o e inova\u00e7\u00e3o num destino de refer\u00eancia\",\"datePublished\":\"2026-03-13T07:00:00+00:00\",\"mainEntityOfPage\":{\"@id\":\"https:\/\/maismagazine.pt\/index.php\/2026\/03\/13\/curia-bem-estar-tradicao-e-inovacao-num-destino-de-referencia\/\"},\"wordCount\":547,\"publisher\":{\"@id\":\"https:\/\/maismagazine.pt\/#organization\"},\"image\":{\"@id\":\"https:\/\/maismagazine.pt\/index.php\/2026\/03\/13\/curia-bem-estar-tradicao-e-inovacao-num-destino-de-referencia\/#primaryimage\"},\"thumbnailUrl\":\"http:\/\/maismagazine.pt\/wp-content\/uploads\/2026\/03\/Curia_Palace_ext.jpg\",\"keywords\":[\"CM Anadia\"],\"articleSection\":[\"Termalismo\",\"Turismo | Vinhos | Gastronomia\"],\"inLanguage\":\"pt-PT\"},{\"@type\":\"WebPage\",\"@id\":\"https:\/\/maismagazine.pt\/index.php\/2026\/03\/13\/curia-bem-estar-tradicao-e-inovacao-num-destino-de-referencia\/\",\"url\":\"https:\/\/maismagazine.pt\/index.php\/2026\/03\/13\/curia-bem-estar-tradicao-e-inovacao-num-destino-de-referencia\/\",\"name\":\"Curia: Bem-estar, tradi\u00e7\u00e3o e inova\u00e7\u00e3o num destino de refer\u00eancia - Mais Magazine\",\"isPartOf\":{\"@id\":\"https:\/\/maismagazine.pt\/#website\"},\"primaryImageOfPage\":{\"@id\":\"https:\/\/maismagazine.pt\/index.php\/2026\/03\/13\/curia-bem-estar-tradicao-e-inovacao-num-destino-de-referencia\/#primaryimage\"},\"image\":{\"@id\":\"https:\/\/maismagazine.pt\/index.php\/2026\/03\/13\/curia-bem-estar-tradicao-e-inovacao-num-destino-de-referencia\/#primaryimage\"},\"thumbnailUrl\":\"http:\/\/maismagazine.pt\/wp-content\/uploads\/2026\/03\/Curia_Palace_ext.jpg\",\"datePublished\":\"2026-03-13T07:00:00+00:00\",\"description\":\"A Curia afirma-se como um destino de excel\u00eancia no turismo de sa\u00fade e bem-estar, combinando a tradi\u00e7\u00e3o termal com abordagens terap\u00eauticas modernas e uma envolvente natural de grande qualidade. Com programas orientados para preven\u00e7\u00e3o, relaxamento e tratamentos espec\u00edficos, a Curia oferece uma experi\u00eancia integrada que alia benef\u00edcios cl\u00ednicos reconhecidos a momentos de descanso e equil\u00edbrio f\u00edsico e emocional.\",\"breadcrumb\":{\"@id\":\"https:\/\/maismagazine.pt\/index.php\/2026\/03\/13\/curia-bem-estar-tradicao-e-inovacao-num-destino-de-referencia\/#breadcrumb\"},\"inLanguage\":\"pt-PT\",\"potentialAction\":[{\"@type\":\"ReadAction\",\"target\":[\"https:\/\/maismagazine.pt\/index.php\/2026\/03\/13\/curia-bem-estar-tradicao-e-inovacao-num-destino-de-referencia\/\"]}]},{\"@type\":\"ImageObject\",\"inLanguage\":\"pt-PT\",\"@id\":\"https:\/\/maismagazine.pt\/index.php\/2026\/03\/13\/curia-bem-estar-tradicao-e-inovacao-num-destino-de-referencia\/#primaryimage\",\"url\":\"http:\/\/maismagazine.pt\/wp-content\/uploads\/2026\/03\/Curia_Palace_ext.jpg\",\"contentUrl\":\"http:\/\/maismagazine.pt\/wp-content\/uploads\/2026\/03\/Curia_Palace_ext.jpg\",\"width\":721,\"height\":481},{\"@type\":\"BreadcrumbList\",\"@id\":\"https:\/\/maismagazine.pt\/index.php\/2026\/03\/13\/curia-bem-estar-tradicao-e-inovacao-num-destino-de-referencia\/#breadcrumb\",\"itemListElement\":[{\"@type\":\"ListItem\",\"position\":1,\"name\":\"Home\",\"item\":\"https:\/\/maismagazine.pt\/\"},{\"@type\":\"ListItem\",\"position\":2,\"name\":\"Curia: Bem-estar, tradi\u00e7\u00e3o e inova\u00e7\u00e3o num destino de refer\u00eancia\"}]},{\"@type\":\"WebSite\",\"@id\":\"https:\/\/maismagazine.pt\/#website\",\"url\":\"https:\/\/maismagazine.pt\/\",\"name\":\"Mais Magazine\",\"description\":\"\",\"publisher\":{\"@id\":\"https:\/\/maismagazine.pt\/#organization\"},\"potentialAction\":[{\"@type\":\"SearchAction\",\"target\":{\"@type\":\"EntryPoint\",\"urlTemplate\":\"https:\/\/maismagazine.pt\/?s={search_term_string}\"},\"query-input\":{\"@type\":\"PropertyValueSpecification\",\"valueRequired\":true,\"valueName\":\"search_term_string\"}}],\"inLanguage\":\"pt-PT\"},{\"@type\":\"Organization\",\"@id\":\"https:\/\/maismagazine.pt\/#organization\",\"name\":\"Mais Magazine\",\"url\":\"https:\/\/maismagazine.pt\/\",\"logo\":{\"@type\":\"ImageObject\",\"inLanguage\":\"pt-PT\",\"@id\":\"https:\/\/maismagazine.pt\/#\/schema\/logo\/image\/\",\"url\":\"http:\/\/maismagazine.pt\/wp-content\/uploads\/2020\/04\/cropped-cropped-mais-magazine-site-logo-2.png\",\"contentUrl\":\"http:\/\/maismagazine.pt\/wp-content\/uploads\/2020\/04\/cropped-cropped-mais-magazine-site-logo-2.png\",\"width\":581,\"height\":90,\"caption\":\"Mais Magazine\"},\"image\":{\"@id\":\"https:\/\/maismagazine.pt\/#\/schema\/logo\/image\/\"}},{\"@type\":\"Person\",\"@id\":\"https:\/\/maismagazine.pt\/#\/schema\/person\/c6c5bfccc886434cbd11c74e035f9646\",\"name\":\"Tiago Costa\",\"image\":{\"@type\":\"ImageObject\",\"inLanguage\":\"pt-PT\",\"@id\":\"https:\/\/maismagazine.pt\/#\/schema\/person\/image\/\",\"url\":\"https:\/\/secure.gravatar.com\/avatar\/c599b2bce16c9870429198cbad5ee022?s=96&d=mm&r=g\",\"contentUrl\":\"https:\/\/secure.gravatar.com\/avatar\/c599b2bce16c9870429198cbad5ee022?s=96&d=mm&r=g\",\"caption\":\"Tiago Costa\"},\"url\":\"http:\/\/maismagazine.pt\/index.php\/author\/tiago\/\"}]}<\/script>\n<!-- \/ Yoast SEO plugin. -->","yoast_head_json":{"title":"Curia: Bem-estar, tradi\u00e7\u00e3o e inova\u00e7\u00e3o num destino de refer\u00eancia - Mais Magazine","description":"A Curia afirma-se como um destino de excel\u00eancia no turismo de sa\u00fade e bem-estar, combinando a tradi\u00e7\u00e3o termal com abordagens terap\u00eauticas modernas e uma envolvente natural de grande qualidade. Com programas orientados para preven\u00e7\u00e3o, relaxamento e tratamentos espec\u00edficos, a Curia oferece uma experi\u00eancia integrada que alia benef\u00edcios cl\u00ednicos reconhecidos a momentos de descanso e equil\u00edbrio f\u00edsico e emocional.","robots":{"index":"index","follow":"follow","max-snippet":"max-snippet:-1","max-image-preview":"max-image-preview:large","max-video-preview":"max-video-preview:-1"},"canonical":"https:\/\/maismagazine.pt\/index.php\/2026\/03\/13\/curia-bem-estar-tradicao-e-inovacao-num-destino-de-referencia\/","og_locale":"pt_PT","og_type":"article","og_title":"Curia: Bem-estar, tradi\u00e7\u00e3o e inova\u00e7\u00e3o num destino de refer\u00eancia - Mais Magazine","og_description":"A Curia afirma-se como um destino de excel\u00eancia no turismo de sa\u00fade e bem-estar, combinando a tradi\u00e7\u00e3o termal com abordagens terap\u00eauticas modernas e uma envolvente natural de grande qualidade. Com programas orientados para preven\u00e7\u00e3o, relaxamento e tratamentos espec\u00edficos, a Curia oferece uma experi\u00eancia integrada que alia benef\u00edcios cl\u00ednicos reconhecidos a momentos de descanso e equil\u00edbrio f\u00edsico e emocional.","og_url":"https:\/\/maismagazine.pt\/index.php\/2026\/03\/13\/curia-bem-estar-tradicao-e-inovacao-num-destino-de-referencia\/","og_site_name":"Mais Magazine","article_published_time":"2026-03-13T07:00:00+00:00","og_image":[{"width":721,"height":481,"url":"https:\/\/maismagazine.pt\/wp-content\/uploads\/2026\/03\/Curia_Palace_ext.jpg","type":"image\/jpeg"}],"author":"Tiago Costa","twitter_card":"summary_large_image","twitter_misc":{"Escrito por":false,"Tempo estimado de leitura":"4 minutos"},"schema":{"@context":"https:\/\/schema.org","@graph":[{"@type":"Article","@id":"https:\/\/maismagazine.pt\/index.php\/2026\/03\/13\/curia-bem-estar-tradicao-e-inovacao-num-destino-de-referencia\/#article","isPartOf":{"@id":"https:\/\/maismagazine.pt\/index.php\/2026\/03\/13\/curia-bem-estar-tradicao-e-inovacao-num-destino-de-referencia\/"},"author":{"name":"Tiago Costa","@id":"https:\/\/maismagazine.pt\/#\/schema\/person\/c6c5bfccc886434cbd11c74e035f9646"},"headline":"Curia: Bem-estar, tradi\u00e7\u00e3o e inova\u00e7\u00e3o num destino de refer\u00eancia","datePublished":"2026-03-13T07:00:00+00:00","mainEntityOfPage":{"@id":"https:\/\/maismagazine.pt\/index.php\/2026\/03\/13\/curia-bem-estar-tradicao-e-inovacao-num-destino-de-referencia\/"},"wordCount":547,"publisher":{"@id":"https:\/\/maismagazine.pt\/#organization"},"image":{"@id":"https:\/\/maismagazine.pt\/index.php\/2026\/03\/13\/curia-bem-estar-tradicao-e-inovacao-num-destino-de-referencia\/#primaryimage"},"thumbnailUrl":"http:\/\/maismagazine.pt\/wp-content\/uploads\/2026\/03\/Curia_Palace_ext.jpg","keywords":["CM Anadia"],"articleSection":["Termalismo","Turismo | Vinhos | Gastronomia"],"inLanguage":"pt-PT"},{"@type":"WebPage","@id":"https:\/\/maismagazine.pt\/index.php\/2026\/03\/13\/curia-bem-estar-tradicao-e-inovacao-num-destino-de-referencia\/","url":"https:\/\/maismagazine.pt\/index.php\/2026\/03\/13\/curia-bem-estar-tradicao-e-inovacao-num-destino-de-referencia\/","name":"Curia: Bem-estar, tradi\u00e7\u00e3o e inova\u00e7\u00e3o num destino de refer\u00eancia - Mais Magazine","isPartOf":{"@id":"https:\/\/maismagazine.pt\/#website"},"primaryImageOfPage":{"@id":"https:\/\/maismagazine.pt\/index.php\/2026\/03\/13\/curia-bem-estar-tradicao-e-inovacao-num-destino-de-referencia\/#primaryimage"},"image":{"@id":"https:\/\/maismagazine.pt\/index.php\/2026\/03\/13\/curia-bem-estar-tradicao-e-inovacao-num-destino-de-referencia\/#primaryimage"},"thumbnailUrl":"http:\/\/maismagazine.pt\/wp-content\/uploads\/2026\/03\/Curia_Palace_ext.jpg","datePublished":"2026-03-13T07:00:00+00:00","description":"A Curia afirma-se como um destino de excel\u00eancia no turismo de sa\u00fade e bem-estar, combinando a tradi\u00e7\u00e3o termal com abordagens terap\u00eauticas modernas e uma envolvente natural de grande qualidade. Com programas orientados para preven\u00e7\u00e3o, relaxamento e tratamentos espec\u00edficos, a Curia oferece uma experi\u00eancia integrada que alia benef\u00edcios cl\u00ednicos reconhecidos a momentos de descanso e equil\u00edbrio f\u00edsico e emocional.","breadcrumb":{"@id":"https:\/\/maismagazine.pt\/index.php\/2026\/03\/13\/curia-bem-estar-tradicao-e-inovacao-num-destino-de-referencia\/#breadcrumb"},"inLanguage":"pt-PT","potentialAction":[{"@type":"ReadAction","target":["https:\/\/maismagazine.pt\/index.php\/2026\/03\/13\/curia-bem-estar-tradicao-e-inovacao-num-destino-de-referencia\/"]}]},{"@type":"ImageObject","inLanguage":"pt-PT","@id":"https:\/\/maismagazine.pt\/index.php\/2026\/03\/13\/curia-bem-estar-tradicao-e-inovacao-num-destino-de-referencia\/#primaryimage","url":"http:\/\/maismagazine.pt\/wp-content\/uploads\/2026\/03\/Curia_Palace_ext.jpg","contentUrl":"http:\/\/maismagazine.pt\/wp-content\/uploads\/2026\/03\/Curia_Palace_ext.jpg","width":721,"height":481},{"@type":"BreadcrumbList","@id":"https:\/\/maismagazine.pt\/index.php\/2026\/03\/13\/curia-bem-estar-tradicao-e-inovacao-num-destino-de-referencia\/#breadcrumb","itemListElement":[{"@type":"ListItem","position":1,"name":"Home","item":"https:\/\/maismagazine.pt\/"},{"@type":"ListItem","position":2,"name":"Curia: Bem-estar, tradi\u00e7\u00e3o e inova\u00e7\u00e3o num destino de refer\u00eancia"}]},{"@type":"WebSite","@id":"https:\/\/maismagazine.pt\/#website","url":"https:\/\/maismagazine.pt\/","name":"Mais Magazine","description":"","publisher":{"@id":"https:\/\/maismagazine.pt\/#organization"},"potentialAction":[{"@type":"SearchAction","target":{"@type":"EntryPoint","urlTemplate":"https:\/\/maismagazine.pt\/?s={search_term_string}"},"query-input":{"@type":"PropertyValueSpecification","valueRequired":true,"valueName":"search_term_string"}}],"inLanguage":"pt-PT"},{"@type":"Organization","@id":"https:\/\/maismagazine.pt\/#organization","name":"Mais Magazine","url":"https:\/\/maismagazine.pt\/","logo":{"@type":"ImageObject","inLanguage":"pt-PT","@id":"https:\/\/maismagazine.pt\/#\/schema\/logo\/image\/","url":"http:\/\/maismagazine.pt\/wp-content\/uploads\/2020\/04\/cropped-cropped-mais-magazine-site-logo-2.png","contentUrl":"http:\/\/maismagazine.pt\/wp-content\/uploads\/2020\/04\/cropped-cropped-mais-magazine-site-logo-2.png","width":581,"height":90,"caption":"Mais Magazine"},"image":{"@id":"https:\/\/maismagazine.pt\/#\/schema\/logo\/image\/"}},{"@type":"Person","@id":"https:\/\/maismagazine.pt\/#\/schema\/person\/c6c5bfccc886434cbd11c74e035f9646","name":"Tiago Costa","image":{"@type":"ImageObject","inLanguage":"pt-PT","@id":"https:\/\/maismagazine.pt\/#\/schema\/person\/image\/","url":"https:\/\/secure.gravatar.com\/avatar\/c599b2bce16c9870429198cbad5ee022?s=96&d=mm&r=g","contentUrl":"https:\/\/secure.gravatar.com\/avatar\/c599b2bce16c9870429198cbad5ee022?s=96&d=mm&r=g","caption":"Tiago Costa"},"url":"http:\/\/maismagazine.pt\/index.php\/author\/tiago\/"}]}},"author_meta":{"display_name":false,"author_link":"http:\/\/maismagazine.pt\/index.php\/author\/tiago\/"},"featured_img":"http:\/\/maismagazine.pt\/wp-content\/uploads\/2026\/03\/Curia_Palace_ext-300x200.jpg","coauthors":[],"tax_additional":{"categories":{"linked":["<a href=\"http:\/\/maismagazine.pt\/index.php\/category\/termalismo\/\" class=\"advgb-post-tax-term\">Termalismo<\/a>","<a href=\"http:\/\/maismagazine.pt\/index.php\/category\/turismo-restaurantes\/\" class=\"advgb-post-tax-term\">Turismo | Vinhos | Gastronomia<\/a>"],"unlinked":["<span class=\"advgb-post-tax-term\">Termalismo<\/span>","<span class=\"advgb-post-tax-term\">Turismo | Vinhos | Gastronomia<\/span>"]},"tags":{"linked":["<a href=\"http:\/\/maismagazine.pt\/index.php\/category\/turismo-restaurantes\/\" class=\"advgb-post-tax-term\">CM Anadia<\/a>"],"unlinked":["<span class=\"advgb-post-tax-term\">CM Anadia<\/span>"]}},"comment_count":"0","relative_dates":{"created":"Posted 2 meses ago","modified":"Updated 2 meses ago"},"absolute_dates":{"created":"Posted on 13 de Mar\u00e7o, 2026","modified":"Updated on 10 de Mar\u00e7o, 2026"},"absolute_dates_time":{"created":"Posted on 13 de Mar\u00e7o, 2026 7:00","modified":"Updated on 10 de Mar\u00e7o, 2026 16:16"},"featured_img_caption":"","series_order":"","_links":{"self":[{"href":"http:\/\/maismagazine.pt\/index.php\/wp-json\/wp\/v2\/posts\/13703","targetHints":{"allow":["GET"]}}],"collection":[{"href":"http:\/\/maismagazine.pt\/index.php\/wp-json\/wp\/v2\/posts"}],"about":[{"href":"http:\/\/maismagazine.pt\/index.php\/wp-json\/wp\/v2\/types\/post"}],"author":[{"embeddable":true,"href":"http:\/\/maismagazine.pt\/index.php\/wp-json\/wp\/v2\/users\/17"}],"replies":[{"embeddable":true,"href":"http:\/\/maismagazine.pt\/index.php\/wp-json\/wp\/v2\/comments?post=13703"}],"version-history":[{"count":3,"href":"http:\/\/maismagazine.pt\/index.php\/wp-json\/wp\/v2\/posts\/13703\/revisions"}],"predecessor-version":[{"id":13711,"href":"http:\/\/maismagazine.pt\/index.php\/wp-json\/wp\/v2\/posts\/13703\/revisions\/13711"}],"wp:featuredmedia":[{"embeddable":true,"href":"http:\/\/maismagazine.pt\/index.php\/wp-json\/wp\/v2\/media\/13708"}],"wp:attachment":[{"href":"http:\/\/maismagazine.pt\/index.php\/wp-json\/wp\/v2\/media?parent=13703"}],"wp:term":[{"taxonomy":"category","embeddable":true,"href":"http:\/\/maismagazine.pt\/index.php\/wp-json\/wp\/v2\/categories?post=13703"},{"taxonomy":"post_tag","embeddable":true,"href":"http:\/\/maismagazine.pt\/index.php\/wp-json\/wp\/v2\/tags?post=13703"}],"curies":[{"name":"wp","href":"https:\/\/api.w.org\/{rel}","templated":true}]}}