{"id":13652,"date":"2026-03-13T07:00:00","date_gmt":"2026-03-13T07:00:00","guid":{"rendered":"https:\/\/maismagazine.pt\/?p=13652"},"modified":"2026-03-10T16:38:32","modified_gmt":"2026-03-10T16:38:32","slug":"pequenos-habitos-constroem-grandes-organizacoes","status":"publish","type":"post","link":"http:\/\/maismagazine.pt\/index.php\/2026\/03\/13\/pequenos-habitos-constroem-grandes-organizacoes\/","title":{"rendered":"\u201cPequenos h\u00e1bitos constroem grandes organiza\u00e7\u00f5es&#8221;"},"content":{"rendered":"\n<p><strong>No \u00e2mbito do Especial do Dia Mundial da Sa\u00fade Oral, convers\u00e1mos com Henrique Handel, m\u00e9dico dentista e CEO da <a href=\"https:\/\/dentallight.pt\/\">Dental Light<\/a>, sobre preven\u00e7\u00e3o, literacia em sa\u00fade e o papel das organiza\u00e7\u00f5es cl\u00ednicas na constru\u00e7\u00e3o de uma cultura de responsabilidade e excel\u00eancia onde reflete sobre o impacto que pequenas decis\u00f5es di\u00e1rias podem ter na sa\u00fade das pessoas e no futuro do setor. <\/strong><\/p>\n\n\n\n<p><\/p>\n\n\n\n<p><strong>O Dia Mundial da Sa\u00fade Oral tem como tema \u201cComo Pequenos H\u00e1bitos Fazem Grande Diferen\u00e7a\u201d. Enquanto cl\u00ednico e gestor, como interpreta esta mensagem? <\/strong><\/p>\n\n\n\n<p>A mensagem \u00e9 extraordinariamente poderosa porque traduz uma verdade simples: a sa\u00fade oral constr\u00f3i-se todos os dias. N\u00e3o depende apenas de tratamentos complexos ou interven\u00e7\u00f5es sofisticadas, mas sobretudo da consist\u00eancia de comportamentos b\u00e1sicos &#8211; uma correta escovagem dos dentes, usar fio dent\u00e1rio, comparecer \u00e0s consultas de rotina. Enquanto cl\u00ednico, vejo diariamente as consequ\u00eancias acumuladas da aus\u00eancia desses pequenos h\u00e1bitos. Enquanto gestor, percebo que o nosso papel vai al\u00e9m do tratamento: \u00e9 tamb\u00e9m educar, sensibilizar e criar estruturas que facilitem escolhas mais saud\u00e1veis. Pequenos gestos, quando repetidos ao longo dos anos, t\u00eam um impacto profundo na qualidade de vida. <\/p>\n\n\n<div class=\"wp-block-image\">\n<figure class=\"aligncenter size-full is-resized\"><img loading=\"lazy\" decoding=\"async\" width=\"982\" height=\"552\" src=\"http:\/\/maismagazine.pt\/wp-content\/uploads\/2026\/03\/Dr.-Henrique_Editada.png\" alt=\"\" class=\"wp-image-13739\" style=\"width:477px;height:auto\" srcset=\"http:\/\/maismagazine.pt\/wp-content\/uploads\/2026\/03\/Dr.-Henrique_Editada.png 982w, http:\/\/maismagazine.pt\/wp-content\/uploads\/2026\/03\/Dr.-Henrique_Editada-300x169.png 300w, http:\/\/maismagazine.pt\/wp-content\/uploads\/2026\/03\/Dr.-Henrique_Editada-768x432.png 768w\" sizes=\"auto, (max-width: 982px) 100vw, 982px\" \/><figcaption class=\"wp-element-caption\">Henrique Handel, m\u00e9dico dentista e CEO da Dental Light<\/figcaption><\/figure><\/div>\n\n\n<p><\/p>\n\n\n\n<p><strong>Considera que ainda existe um d\u00e9fice de literacia em sa\u00fade oral em Portugal? <\/strong><\/p>\n\n\n\n<p>Existe margem clara para evoluir. Ao longo dos \u00faltimos anos houve progressos significativos, mas ainda encontramos muitos pacientes que recorrem ao m\u00e9dico dentista apenas em contexto de dor ou urg\u00eancia. A literacia em sa\u00fade n\u00e3o se limita ao conhecimento t\u00e9cnico; implica compreender a import\u00e2ncia da preven\u00e7\u00e3o e integr\u00e1-la na rotina. A sa\u00fade oral continua, por vezes, a ser vista como algo separado da sa\u00fade geral, quando na realidade est\u00e1 profundamente interligada com o bem-estar sist\u00e9mico. Investir em informa\u00e7\u00e3o clara, acess\u00edvel e baseada em evid\u00eancia \u00e9 uma responsabilidade coletiva das institui\u00e7\u00f5es p\u00fablicas, das ordens profissionais e tamb\u00e9m das organiza\u00e7\u00f5es privadas.   <\/p>\n\n\n\n<p><\/p>\n\n\n\n<p><strong>Qual \u00e9 o papel das organiza\u00e7\u00f5es cl\u00ednicas na promo\u00e7\u00e3o ativa da preven\u00e7\u00e3o?<\/strong><\/p>\n\n\n\n<p>As cl\u00ednicas n\u00e3o devem ser apenas locais de tratamento, mas tamb\u00e9m espa\u00e7os de educa\u00e7\u00e3o. Cada consulta \u00e9 uma oportunidade para refor\u00e7ar comportamentos preventivos. Isso implica tempo para explicar, capacidade de comunica\u00e7\u00e3o por parte das equipas e coer\u00eancia na mensagem transmitida. A preven\u00e7\u00e3o n\u00e3o pode ser um discurso pontual; tem de estar integrada na cultura organizacional. Quando uma organiza\u00e7\u00e3o assume a preven\u00e7\u00e3o como prioridade estrat\u00e9gica, passa a medir n\u00e3o s\u00f3 tratamentos realizados, mas tamb\u00e9m acompanhamento, ades\u00e3o a planos de manuten\u00e7\u00e3o e satisfa\u00e7\u00e3o de longo prazo dos pacientes. <\/p>\n\n\n\n<p><\/p>\n\n\n\n<p><strong>O Especial do Expresso conta com contributos institucionais de refer\u00eancia na \u00e1rea da sa\u00fade. Como v\u00ea esta articula\u00e7\u00e3o entre setor p\u00fablico, ordens profissionais e operadores privados? <\/strong><\/p>\n\n\n\n<p>Vejo-a como essencial. A sa\u00fade oral \u00e9 um tema de sa\u00fade p\u00fablica e exige converg\u00eancia de esfor\u00e7os. Quando diferentes entidades partilham uma mensagem alinhada sobre preven\u00e7\u00e3o e qualidade cl\u00ednica, o impacto \u00e9 exponencialmente maior. O setor privado tem capacidade de inova\u00e7\u00e3o e agilidade; o setor p\u00fablico tem escala e enquadramento estrat\u00e9gico; as ordens profissionais garantem regula\u00e7\u00e3o e padr\u00f5es \u00e9ticos. Quando estas dimens\u00f5es se complementam, o benefici\u00e1rio final \u00e9 o cidad\u00e3o. <\/p>\n\n\n\n<p><\/p>\n\n\n\n<p><strong>A confian\u00e7a continua a ser um dos pilares da medicina dent\u00e1ria. Como se constr\u00f3i essa confian\u00e7a num contexto de maior exig\u00eancia e informa\u00e7\u00e3o por parte dos pacientes? <\/strong><\/p>\n\n\n\n<p>Constr\u00f3i-se atrav\u00e9s de tr\u00eas elementos fundamentais: transpar\u00eancia, compet\u00eancia e consist\u00eancia. Transpar\u00eancia na explica\u00e7\u00e3o do diagn\u00f3stico e das op\u00e7\u00f5es de tratamento. Compet\u00eancia cl\u00ednica sustentada em forma\u00e7\u00e3o cont\u00ednua. Consist\u00eancia na experi\u00eancia desde o primeiro contacto at\u00e9 ao acompanhamento p\u00f3s-tratamento. O paciente de hoje \u00e9 mais informado e mais exigente, o que \u00e9 positivo. Isso eleva o padr\u00e3o do setor e obriga as organiza\u00e7\u00f5es a serem cada vez mais rigorosas.  <\/p>\n\n\n\n<p><\/p>\n\n\n\n<p><strong>A inova\u00e7\u00e3o tecnol\u00f3gica tem sido uma marca forte da evolu\u00e7\u00e3o da medicina dent\u00e1ria. Como equilibra tecnologia e humaniza\u00e7\u00e3o?<\/strong><\/p>\n\n\n\n<p>A tecnologia \u00e9 uma aliada poderosa, melhora diagn\u00f3sticos, aumenta precis\u00e3o e reduz desconforto. No entanto, nunca pode substituir a dimens\u00e3o humana. A rela\u00e7\u00e3o m\u00e9dico-paciente continua a ser central. Empatia, escuta ativa e proximidade s\u00e3o insubstitu\u00edveis. A tecnologia deve libertar tempo e aumentar qualidade, permitindo que o profissional se concentre ainda mais na pessoa que tem \u00e0 sua frente. <\/p>\n\n\n\n<p><\/p>\n\n\n\n<p><strong>Fala-se muito de crescimento e escala no setor. Como garantir que a expans\u00e3o n\u00e3o compromete qualidade cl\u00ednica?<\/strong><\/p>\n\n\n\n<p>O crescimento s\u00f3 \u00e9 sustent\u00e1vel quando est\u00e1 ancorado em processos s\u00f3lidos e cultura clara. Protocolos cl\u00ednicos bem definidos, forma\u00e7\u00e3o cont\u00ednua, auditorias internas e indicadores de qualidade s\u00e3o ferramentas indispens\u00e1veis. Mas existe um fator muitas vezes menos vis\u00edvel: lideran\u00e7a. \u00c9 necess\u00e1rio garantir que as equipas partilham valores e vis\u00e3o comuns. Sem alinhamento cultural, a escala pode diluir identidade. Crescer na sa\u00fade \u00e9 um exerc\u00edcio de responsabilidade. A reputa\u00e7\u00e3o constr\u00f3i-se ao longo de anos e deve ser protegida em cada decis\u00e3o estrat\u00e9gica. <\/p>\n\n\n\n<p><\/p>\n\n\n\n<p><strong>Que mensagem gostaria de deixar no \u00e2mbito deste Dia Mundial da Sa\u00fade Oral? <\/strong><\/p>\n\n\n\n<p>Que a sa\u00fade oral \u00e9 um investimento di\u00e1rio. N\u00e3o \u00e9 um luxo nem um tema secund\u00e1rio. Pequenos h\u00e1bitos consistentes transformam resultados cl\u00ednicos, autoestima e qualidade de vida. E acrescentaria que as organiza\u00e7\u00f5es de sa\u00fade t\u00eam o dever de facilitar esse caminho, atrav\u00e9s de informa\u00e7\u00e3o clara, acesso respons\u00e1vel e padr\u00f5es de excel\u00eancia. Se conseguirmos alinhar educa\u00e7\u00e3o, preven\u00e7\u00e3o e qualidade, estaremos n\u00e3o apenas a tratar dentes, mas a contribuir para uma sociedade mais saud\u00e1vel e consciente.  <\/p>\n\n\n\n<p><\/p>\n\n\n<div class=\"wp-block-image\">\n<figure class=\"aligncenter size-large is-resized\"><img loading=\"lazy\" decoding=\"async\" width=\"1024\" height=\"438\" src=\"https:\/\/maismagazine.pt\/wp-content\/uploads\/2026\/03\/logotipo_dl_fundo_branco_page_0001_111841760467810b8cdf738-1024x438.jpg\" alt=\"\" class=\"wp-image-13660\" style=\"width:519px;height:auto\" srcset=\"http:\/\/maismagazine.pt\/wp-content\/uploads\/2026\/03\/logotipo_dl_fundo_branco_page_0001_111841760467810b8cdf738-1024x438.jpg 1024w, http:\/\/maismagazine.pt\/wp-content\/uploads\/2026\/03\/logotipo_dl_fundo_branco_page_0001_111841760467810b8cdf738-300x128.jpg 300w, http:\/\/maismagazine.pt\/wp-content\/uploads\/2026\/03\/logotipo_dl_fundo_branco_page_0001_111841760467810b8cdf738-768x328.jpg 768w, http:\/\/maismagazine.pt\/wp-content\/uploads\/2026\/03\/logotipo_dl_fundo_branco_page_0001_111841760467810b8cdf738.jpg 1223w\" sizes=\"auto, (max-width: 1024px) 100vw, 1024px\" \/><\/figure><\/div>","protected":false},"excerpt":{"rendered":"<p>No \u00e2mbito do Especial do Dia Mundial da Sa\u00fade Oral, convers\u00e1mos com Henrique Handel, m\u00e9dico dentista e CEO da Dental Light, sobre preven\u00e7\u00e3o, literacia em sa\u00fade e o papel das organiza\u00e7\u00f5es cl\u00ednicas na constru\u00e7\u00e3o de uma cultura de responsabilidade e excel\u00eancia onde reflete sobre o impacto que pequenas decis\u00f5es di\u00e1rias&hellip;<\/p>\n","protected":false},"author":17,"featured_media":13661,"comment_status":"closed","ping_status":"open","sticky":false,"template":"","format":"standard","meta":{"advgb_blocks_editor_width":"","advgb_blocks_columns_visual_guide":"","_monsterinsights_skip_tracking":false,"_monsterinsights_sitenote_active":false,"_monsterinsights_sitenote_note":"","_monsterinsights_sitenote_category":0,"footnotes":""},"categories":[313],"tags":[2581],"class_list":["post-13652","post","type-post","status-publish","format-standard","has-post-thumbnail","hentry","category-saude","tag-dental-light"],"yoast_head":"<!-- This site is optimized with the Yoast SEO plugin v24.4 - https:\/\/yoast.com\/wordpress\/plugins\/seo\/ -->\n<title>\u201cPequenos h\u00e1bitos constroem grandes organiza\u00e7\u00f5es&quot; - Mais Magazine<\/title>\n<meta name=\"description\" content=\"No \u00e2mbito do Especial do Dia Mundial da Sa\u00fade Oral, convers\u00e1mos com Henrique Handel, m\u00e9dico dentista e CEO da Dental Light, sobre preven\u00e7\u00e3o, literacia em sa\u00fade e o papel das organiza\u00e7\u00f5es cl\u00ednicas na constru\u00e7\u00e3o de uma cultura de responsabilidade e excel\u00eancia onde reflete sobre o impacto que pequenas decis\u00f5es di\u00e1rias podem ter na sa\u00fade das pessoas e no futuro do setor.\" \/>\n<meta name=\"robots\" content=\"index, follow, max-snippet:-1, max-image-preview:large, max-video-preview:-1\" \/>\n<link rel=\"canonical\" href=\"https:\/\/maismagazine.pt\/index.php\/2026\/03\/13\/pequenos-habitos-constroem-grandes-organizacoes\/\" \/>\n<meta property=\"og:locale\" content=\"pt_PT\" \/>\n<meta property=\"og:type\" content=\"article\" \/>\n<meta property=\"og:title\" content=\"\u201cPequenos h\u00e1bitos constroem grandes organiza\u00e7\u00f5es&quot; - Mais Magazine\" \/>\n<meta property=\"og:description\" content=\"No \u00e2mbito do Especial do Dia Mundial da Sa\u00fade Oral, convers\u00e1mos com Henrique Handel, m\u00e9dico dentista e CEO da Dental Light, sobre preven\u00e7\u00e3o, literacia em sa\u00fade e o papel das organiza\u00e7\u00f5es cl\u00ednicas na constru\u00e7\u00e3o de uma cultura de responsabilidade e excel\u00eancia onde reflete sobre o impacto que pequenas decis\u00f5es di\u00e1rias podem ter na sa\u00fade das pessoas e no futuro do setor.\" \/>\n<meta property=\"og:url\" content=\"https:\/\/maismagazine.pt\/index.php\/2026\/03\/13\/pequenos-habitos-constroem-grandes-organizacoes\/\" \/>\n<meta property=\"og:site_name\" content=\"Mais Magazine\" \/>\n<meta property=\"article:published_time\" content=\"2026-03-13T07:00:00+00:00\" \/>\n<meta property=\"og:image\" content=\"https:\/\/maismagazine.pt\/wp-content\/uploads\/2026\/03\/Foto-DL-3-scaled.jpg\" \/>\n\t<meta property=\"og:image:width\" content=\"2560\" \/>\n\t<meta property=\"og:image:height\" content=\"1414\" \/>\n\t<meta property=\"og:image:type\" content=\"image\/jpeg\" \/>\n<meta name=\"author\" content=\"Tiago Costa\" \/>\n<meta name=\"twitter:card\" content=\"summary_large_image\" \/>\n<meta name=\"twitter:label1\" content=\"Escrito por\" \/>\n\t<meta name=\"twitter:data1\" content=\"\" \/>\n\t<meta name=\"twitter:label2\" content=\"Tempo estimado de leitura\" \/>\n\t<meta name=\"twitter:data2\" content=\"6 minutos\" \/>\n<script type=\"application\/ld+json\" class=\"yoast-schema-graph\">{\"@context\":\"https:\/\/schema.org\",\"@graph\":[{\"@type\":\"Article\",\"@id\":\"https:\/\/maismagazine.pt\/index.php\/2026\/03\/13\/pequenos-habitos-constroem-grandes-organizacoes\/#article\",\"isPartOf\":{\"@id\":\"https:\/\/maismagazine.pt\/index.php\/2026\/03\/13\/pequenos-habitos-constroem-grandes-organizacoes\/\"},\"author\":{\"name\":\"Tiago Costa\",\"@id\":\"https:\/\/maismagazine.pt\/#\/schema\/person\/c6c5bfccc886434cbd11c74e035f9646\"},\"headline\":\"\u201cPequenos h\u00e1bitos constroem grandes organiza\u00e7\u00f5es&#8221;\",\"datePublished\":\"2026-03-13T07:00:00+00:00\",\"mainEntityOfPage\":{\"@id\":\"https:\/\/maismagazine.pt\/index.php\/2026\/03\/13\/pequenos-habitos-constroem-grandes-organizacoes\/\"},\"wordCount\":1010,\"publisher\":{\"@id\":\"https:\/\/maismagazine.pt\/#organization\"},\"image\":{\"@id\":\"https:\/\/maismagazine.pt\/index.php\/2026\/03\/13\/pequenos-habitos-constroem-grandes-organizacoes\/#primaryimage\"},\"thumbnailUrl\":\"http:\/\/maismagazine.pt\/wp-content\/uploads\/2026\/03\/Foto-DL-3-scaled.jpg\",\"keywords\":[\"Dental Light\"],\"articleSection\":[\"Sa\u00fade\"],\"inLanguage\":\"pt-PT\"},{\"@type\":\"WebPage\",\"@id\":\"https:\/\/maismagazine.pt\/index.php\/2026\/03\/13\/pequenos-habitos-constroem-grandes-organizacoes\/\",\"url\":\"https:\/\/maismagazine.pt\/index.php\/2026\/03\/13\/pequenos-habitos-constroem-grandes-organizacoes\/\",\"name\":\"\u201cPequenos h\u00e1bitos constroem grandes organiza\u00e7\u00f5es\\\" - Mais Magazine\",\"isPartOf\":{\"@id\":\"https:\/\/maismagazine.pt\/#website\"},\"primaryImageOfPage\":{\"@id\":\"https:\/\/maismagazine.pt\/index.php\/2026\/03\/13\/pequenos-habitos-constroem-grandes-organizacoes\/#primaryimage\"},\"image\":{\"@id\":\"https:\/\/maismagazine.pt\/index.php\/2026\/03\/13\/pequenos-habitos-constroem-grandes-organizacoes\/#primaryimage\"},\"thumbnailUrl\":\"http:\/\/maismagazine.pt\/wp-content\/uploads\/2026\/03\/Foto-DL-3-scaled.jpg\",\"datePublished\":\"2026-03-13T07:00:00+00:00\",\"description\":\"No \u00e2mbito do Especial do Dia Mundial da Sa\u00fade Oral, convers\u00e1mos com Henrique Handel, m\u00e9dico dentista e CEO da Dental Light, sobre preven\u00e7\u00e3o, literacia em sa\u00fade e o papel das organiza\u00e7\u00f5es cl\u00ednicas na constru\u00e7\u00e3o de uma cultura de responsabilidade e excel\u00eancia onde reflete sobre o impacto que pequenas decis\u00f5es di\u00e1rias podem ter na sa\u00fade das pessoas e no futuro do setor.\",\"breadcrumb\":{\"@id\":\"https:\/\/maismagazine.pt\/index.php\/2026\/03\/13\/pequenos-habitos-constroem-grandes-organizacoes\/#breadcrumb\"},\"inLanguage\":\"pt-PT\",\"potentialAction\":[{\"@type\":\"ReadAction\",\"target\":[\"https:\/\/maismagazine.pt\/index.php\/2026\/03\/13\/pequenos-habitos-constroem-grandes-organizacoes\/\"]}]},{\"@type\":\"ImageObject\",\"inLanguage\":\"pt-PT\",\"@id\":\"https:\/\/maismagazine.pt\/index.php\/2026\/03\/13\/pequenos-habitos-constroem-grandes-organizacoes\/#primaryimage\",\"url\":\"http:\/\/maismagazine.pt\/wp-content\/uploads\/2026\/03\/Foto-DL-3-scaled.jpg\",\"contentUrl\":\"http:\/\/maismagazine.pt\/wp-content\/uploads\/2026\/03\/Foto-DL-3-scaled.jpg\",\"width\":2560,\"height\":1414},{\"@type\":\"BreadcrumbList\",\"@id\":\"https:\/\/maismagazine.pt\/index.php\/2026\/03\/13\/pequenos-habitos-constroem-grandes-organizacoes\/#breadcrumb\",\"itemListElement\":[{\"@type\":\"ListItem\",\"position\":1,\"name\":\"Home\",\"item\":\"https:\/\/maismagazine.pt\/\"},{\"@type\":\"ListItem\",\"position\":2,\"name\":\"\u201cPequenos h\u00e1bitos constroem grandes organiza\u00e7\u00f5es&#8221;\"}]},{\"@type\":\"WebSite\",\"@id\":\"https:\/\/maismagazine.pt\/#website\",\"url\":\"https:\/\/maismagazine.pt\/\",\"name\":\"Mais Magazine\",\"description\":\"\",\"publisher\":{\"@id\":\"https:\/\/maismagazine.pt\/#organization\"},\"potentialAction\":[{\"@type\":\"SearchAction\",\"target\":{\"@type\":\"EntryPoint\",\"urlTemplate\":\"https:\/\/maismagazine.pt\/?s={search_term_string}\"},\"query-input\":{\"@type\":\"PropertyValueSpecification\",\"valueRequired\":true,\"valueName\":\"search_term_string\"}}],\"inLanguage\":\"pt-PT\"},{\"@type\":\"Organization\",\"@id\":\"https:\/\/maismagazine.pt\/#organization\",\"name\":\"Mais Magazine\",\"url\":\"https:\/\/maismagazine.pt\/\",\"logo\":{\"@type\":\"ImageObject\",\"inLanguage\":\"pt-PT\",\"@id\":\"https:\/\/maismagazine.pt\/#\/schema\/logo\/image\/\",\"url\":\"http:\/\/maismagazine.pt\/wp-content\/uploads\/2020\/04\/cropped-cropped-mais-magazine-site-logo-2.png\",\"contentUrl\":\"http:\/\/maismagazine.pt\/wp-content\/uploads\/2020\/04\/cropped-cropped-mais-magazine-site-logo-2.png\",\"width\":581,\"height\":90,\"caption\":\"Mais Magazine\"},\"image\":{\"@id\":\"https:\/\/maismagazine.pt\/#\/schema\/logo\/image\/\"}},{\"@type\":\"Person\",\"@id\":\"https:\/\/maismagazine.pt\/#\/schema\/person\/c6c5bfccc886434cbd11c74e035f9646\",\"name\":\"Tiago Costa\",\"image\":{\"@type\":\"ImageObject\",\"inLanguage\":\"pt-PT\",\"@id\":\"https:\/\/maismagazine.pt\/#\/schema\/person\/image\/\",\"url\":\"https:\/\/secure.gravatar.com\/avatar\/c599b2bce16c9870429198cbad5ee022?s=96&d=mm&r=g\",\"contentUrl\":\"https:\/\/secure.gravatar.com\/avatar\/c599b2bce16c9870429198cbad5ee022?s=96&d=mm&r=g\",\"caption\":\"Tiago Costa\"},\"url\":\"http:\/\/maismagazine.pt\/index.php\/author\/tiago\/\"}]}<\/script>\n<!-- \/ Yoast SEO plugin. -->","yoast_head_json":{"title":"\u201cPequenos h\u00e1bitos constroem grandes organiza\u00e7\u00f5es\" - Mais Magazine","description":"No \u00e2mbito do Especial do Dia Mundial da Sa\u00fade Oral, convers\u00e1mos com Henrique Handel, m\u00e9dico dentista e CEO da Dental Light, sobre preven\u00e7\u00e3o, literacia em sa\u00fade e o papel das organiza\u00e7\u00f5es cl\u00ednicas na constru\u00e7\u00e3o de uma cultura de responsabilidade e excel\u00eancia onde reflete sobre o impacto que pequenas decis\u00f5es di\u00e1rias podem ter na sa\u00fade das pessoas e no futuro do setor.","robots":{"index":"index","follow":"follow","max-snippet":"max-snippet:-1","max-image-preview":"max-image-preview:large","max-video-preview":"max-video-preview:-1"},"canonical":"https:\/\/maismagazine.pt\/index.php\/2026\/03\/13\/pequenos-habitos-constroem-grandes-organizacoes\/","og_locale":"pt_PT","og_type":"article","og_title":"\u201cPequenos h\u00e1bitos constroem grandes organiza\u00e7\u00f5es\" - Mais Magazine","og_description":"No \u00e2mbito do Especial do Dia Mundial da Sa\u00fade Oral, convers\u00e1mos com Henrique Handel, m\u00e9dico dentista e CEO da Dental Light, sobre preven\u00e7\u00e3o, literacia em sa\u00fade e o papel das organiza\u00e7\u00f5es cl\u00ednicas na constru\u00e7\u00e3o de uma cultura de responsabilidade e excel\u00eancia onde reflete sobre o impacto que pequenas decis\u00f5es di\u00e1rias podem ter na sa\u00fade das pessoas e no futuro do setor.","og_url":"https:\/\/maismagazine.pt\/index.php\/2026\/03\/13\/pequenos-habitos-constroem-grandes-organizacoes\/","og_site_name":"Mais Magazine","article_published_time":"2026-03-13T07:00:00+00:00","og_image":[{"width":2560,"height":1414,"url":"https:\/\/maismagazine.pt\/wp-content\/uploads\/2026\/03\/Foto-DL-3-scaled.jpg","type":"image\/jpeg"}],"author":"Tiago Costa","twitter_card":"summary_large_image","twitter_misc":{"Escrito por":false,"Tempo estimado de leitura":"6 minutos"},"schema":{"@context":"https:\/\/schema.org","@graph":[{"@type":"Article","@id":"https:\/\/maismagazine.pt\/index.php\/2026\/03\/13\/pequenos-habitos-constroem-grandes-organizacoes\/#article","isPartOf":{"@id":"https:\/\/maismagazine.pt\/index.php\/2026\/03\/13\/pequenos-habitos-constroem-grandes-organizacoes\/"},"author":{"name":"Tiago Costa","@id":"https:\/\/maismagazine.pt\/#\/schema\/person\/c6c5bfccc886434cbd11c74e035f9646"},"headline":"\u201cPequenos h\u00e1bitos constroem grandes organiza\u00e7\u00f5es&#8221;","datePublished":"2026-03-13T07:00:00+00:00","mainEntityOfPage":{"@id":"https:\/\/maismagazine.pt\/index.php\/2026\/03\/13\/pequenos-habitos-constroem-grandes-organizacoes\/"},"wordCount":1010,"publisher":{"@id":"https:\/\/maismagazine.pt\/#organization"},"image":{"@id":"https:\/\/maismagazine.pt\/index.php\/2026\/03\/13\/pequenos-habitos-constroem-grandes-organizacoes\/#primaryimage"},"thumbnailUrl":"http:\/\/maismagazine.pt\/wp-content\/uploads\/2026\/03\/Foto-DL-3-scaled.jpg","keywords":["Dental Light"],"articleSection":["Sa\u00fade"],"inLanguage":"pt-PT"},{"@type":"WebPage","@id":"https:\/\/maismagazine.pt\/index.php\/2026\/03\/13\/pequenos-habitos-constroem-grandes-organizacoes\/","url":"https:\/\/maismagazine.pt\/index.php\/2026\/03\/13\/pequenos-habitos-constroem-grandes-organizacoes\/","name":"\u201cPequenos h\u00e1bitos constroem grandes organiza\u00e7\u00f5es\" - Mais Magazine","isPartOf":{"@id":"https:\/\/maismagazine.pt\/#website"},"primaryImageOfPage":{"@id":"https:\/\/maismagazine.pt\/index.php\/2026\/03\/13\/pequenos-habitos-constroem-grandes-organizacoes\/#primaryimage"},"image":{"@id":"https:\/\/maismagazine.pt\/index.php\/2026\/03\/13\/pequenos-habitos-constroem-grandes-organizacoes\/#primaryimage"},"thumbnailUrl":"http:\/\/maismagazine.pt\/wp-content\/uploads\/2026\/03\/Foto-DL-3-scaled.jpg","datePublished":"2026-03-13T07:00:00+00:00","description":"No \u00e2mbito do Especial do Dia Mundial da Sa\u00fade Oral, convers\u00e1mos com Henrique Handel, m\u00e9dico dentista e CEO da Dental Light, sobre preven\u00e7\u00e3o, literacia em sa\u00fade e o papel das organiza\u00e7\u00f5es cl\u00ednicas na constru\u00e7\u00e3o de uma cultura de responsabilidade e excel\u00eancia onde reflete sobre o impacto que pequenas decis\u00f5es di\u00e1rias podem ter na sa\u00fade das pessoas e no futuro do setor.","breadcrumb":{"@id":"https:\/\/maismagazine.pt\/index.php\/2026\/03\/13\/pequenos-habitos-constroem-grandes-organizacoes\/#breadcrumb"},"inLanguage":"pt-PT","potentialAction":[{"@type":"ReadAction","target":["https:\/\/maismagazine.pt\/index.php\/2026\/03\/13\/pequenos-habitos-constroem-grandes-organizacoes\/"]}]},{"@type":"ImageObject","inLanguage":"pt-PT","@id":"https:\/\/maismagazine.pt\/index.php\/2026\/03\/13\/pequenos-habitos-constroem-grandes-organizacoes\/#primaryimage","url":"http:\/\/maismagazine.pt\/wp-content\/uploads\/2026\/03\/Foto-DL-3-scaled.jpg","contentUrl":"http:\/\/maismagazine.pt\/wp-content\/uploads\/2026\/03\/Foto-DL-3-scaled.jpg","width":2560,"height":1414},{"@type":"BreadcrumbList","@id":"https:\/\/maismagazine.pt\/index.php\/2026\/03\/13\/pequenos-habitos-constroem-grandes-organizacoes\/#breadcrumb","itemListElement":[{"@type":"ListItem","position":1,"name":"Home","item":"https:\/\/maismagazine.pt\/"},{"@type":"ListItem","position":2,"name":"\u201cPequenos h\u00e1bitos constroem grandes organiza\u00e7\u00f5es&#8221;"}]},{"@type":"WebSite","@id":"https:\/\/maismagazine.pt\/#website","url":"https:\/\/maismagazine.pt\/","name":"Mais Magazine","description":"","publisher":{"@id":"https:\/\/maismagazine.pt\/#organization"},"potentialAction":[{"@type":"SearchAction","target":{"@type":"EntryPoint","urlTemplate":"https:\/\/maismagazine.pt\/?s={search_term_string}"},"query-input":{"@type":"PropertyValueSpecification","valueRequired":true,"valueName":"search_term_string"}}],"inLanguage":"pt-PT"},{"@type":"Organization","@id":"https:\/\/maismagazine.pt\/#organization","name":"Mais Magazine","url":"https:\/\/maismagazine.pt\/","logo":{"@type":"ImageObject","inLanguage":"pt-PT","@id":"https:\/\/maismagazine.pt\/#\/schema\/logo\/image\/","url":"http:\/\/maismagazine.pt\/wp-content\/uploads\/2020\/04\/cropped-cropped-mais-magazine-site-logo-2.png","contentUrl":"http:\/\/maismagazine.pt\/wp-content\/uploads\/2020\/04\/cropped-cropped-mais-magazine-site-logo-2.png","width":581,"height":90,"caption":"Mais Magazine"},"image":{"@id":"https:\/\/maismagazine.pt\/#\/schema\/logo\/image\/"}},{"@type":"Person","@id":"https:\/\/maismagazine.pt\/#\/schema\/person\/c6c5bfccc886434cbd11c74e035f9646","name":"Tiago Costa","image":{"@type":"ImageObject","inLanguage":"pt-PT","@id":"https:\/\/maismagazine.pt\/#\/schema\/person\/image\/","url":"https:\/\/secure.gravatar.com\/avatar\/c599b2bce16c9870429198cbad5ee022?s=96&d=mm&r=g","contentUrl":"https:\/\/secure.gravatar.com\/avatar\/c599b2bce16c9870429198cbad5ee022?s=96&d=mm&r=g","caption":"Tiago Costa"},"url":"http:\/\/maismagazine.pt\/index.php\/author\/tiago\/"}]}},"author_meta":{"display_name":false,"author_link":"http:\/\/maismagazine.pt\/index.php\/author\/tiago\/"},"featured_img":"http:\/\/maismagazine.pt\/wp-content\/uploads\/2026\/03\/Foto-DL-3-300x166.jpg","coauthors":[],"tax_additional":{"categories":{"linked":["<a href=\"http:\/\/maismagazine.pt\/index.php\/category\/mundo-empresarial\/saude\/\" class=\"advgb-post-tax-term\">Sa\u00fade<\/a>"],"unlinked":["<span class=\"advgb-post-tax-term\">Sa\u00fade<\/span>"]},"tags":{"linked":["<a href=\"http:\/\/maismagazine.pt\/index.php\/category\/mundo-empresarial\/saude\/\" class=\"advgb-post-tax-term\">Dental Light<\/a>"],"unlinked":["<span class=\"advgb-post-tax-term\">Dental Light<\/span>"]}},"comment_count":"0","relative_dates":{"created":"Posted 2 meses ago","modified":"Updated 2 meses ago"},"absolute_dates":{"created":"Posted on 13 de Mar\u00e7o, 2026","modified":"Updated on 10 de Mar\u00e7o, 2026"},"absolute_dates_time":{"created":"Posted on 13 de Mar\u00e7o, 2026 7:00","modified":"Updated on 10 de Mar\u00e7o, 2026 16:38"},"featured_img_caption":"","series_order":"","_links":{"self":[{"href":"http:\/\/maismagazine.pt\/index.php\/wp-json\/wp\/v2\/posts\/13652","targetHints":{"allow":["GET"]}}],"collection":[{"href":"http:\/\/maismagazine.pt\/index.php\/wp-json\/wp\/v2\/posts"}],"about":[{"href":"http:\/\/maismagazine.pt\/index.php\/wp-json\/wp\/v2\/types\/post"}],"author":[{"embeddable":true,"href":"http:\/\/maismagazine.pt\/index.php\/wp-json\/wp\/v2\/users\/17"}],"replies":[{"embeddable":true,"href":"http:\/\/maismagazine.pt\/index.php\/wp-json\/wp\/v2\/comments?post=13652"}],"version-history":[{"count":3,"href":"http:\/\/maismagazine.pt\/index.php\/wp-json\/wp\/v2\/posts\/13652\/revisions"}],"predecessor-version":[{"id":13740,"href":"http:\/\/maismagazine.pt\/index.php\/wp-json\/wp\/v2\/posts\/13652\/revisions\/13740"}],"wp:featuredmedia":[{"embeddable":true,"href":"http:\/\/maismagazine.pt\/index.php\/wp-json\/wp\/v2\/media\/13661"}],"wp:attachment":[{"href":"http:\/\/maismagazine.pt\/index.php\/wp-json\/wp\/v2\/media?parent=13652"}],"wp:term":[{"taxonomy":"category","embeddable":true,"href":"http:\/\/maismagazine.pt\/index.php\/wp-json\/wp\/v2\/categories?post=13652"},{"taxonomy":"post_tag","embeddable":true,"href":"http:\/\/maismagazine.pt\/index.php\/wp-json\/wp\/v2\/tags?post=13652"}],"curies":[{"name":"wp","href":"https:\/\/api.w.org\/{rel}","templated":true}]}}