{"id":13640,"date":"2026-03-13T07:00:00","date_gmt":"2026-03-13T07:00:00","guid":{"rendered":"https:\/\/maismagazine.pt\/?p=13640"},"modified":"2026-03-10T15:08:26","modified_gmt":"2026-03-10T15:08:26","slug":"tres-decadas-de-inovacao-em-saude-oral","status":"publish","type":"post","link":"http:\/\/maismagazine.pt\/index.php\/2026\/03\/13\/tres-decadas-de-inovacao-em-saude-oral\/","title":{"rendered":"Tr\u00eas d\u00e9cadas de inova\u00e7\u00e3o em sa\u00fade oral"},"content":{"rendered":"\n<p><strong>Susana Perdigoto, Diretora Cl\u00ednica da <a href=\"http:\/\/www.kpi.pt\">Klinica PerioImplantol\u00f3gica Rainha D. Leonor<\/a>, assinala os 30 anos da cl\u00ednica destacando uma trajet\u00f3ria de inova\u00e7\u00e3o e diferencia\u00e7\u00e3o na \u00e1rea da sa\u00fade oral. De uma pr\u00e1tica centrada exclusivamente na medicina dent\u00e1ria, a equipa evoluiu para um modelo integrado, onde a dor orofacial, as disfun\u00e7\u00f5es temporomandibulares, os dist\u00farbios do sono e a epigen\u00e9tica se cruzam com a implantologia e a periodontologia, refletindo uma vis\u00e3o que coloca a sa\u00fade global do paciente no centro dos cuidados. <\/strong><\/p>\n\n\n\n<p><\/p>\n\n\n\n<p><strong>A Klinica PerioImplantol\u00f3gica Rainha D. Leonor celebra 30 anos de exist\u00eancia. Que balan\u00e7o faz destas tr\u00eas d\u00e9cadas e como tem evolu\u00eddo a vis\u00e3o da cl\u00ednica ao longo do tempo? <\/strong><\/p>\n\n\n\n<p>Ao longo de tr\u00eas d\u00e9cadas de servi\u00e7o, a cl\u00ednica evoluiu de uma abordagem tradicional focada na medicina dent\u00e1ria de qualidade para uma perspetiva com foco em tratar o paciente de forma integrada. Reconhecemos o impacto da dor orofacial, disfun\u00e7\u00e3o temporomandibular e dist\u00farbios do sono na qualidade de vida dos pacientes sem descurar implantologia, tratamentos dent\u00e1rios, est\u00e9tica e a sa\u00fade periodontal que est\u00e1 diretamente relacionada com problemas sist\u00e9micos como apneia do sono, diabetes, doen\u00e7as cardiovasculares e Alzheimer. <\/p>\n\n\n\n<p><\/p>\n\n\n<div class=\"wp-block-image\">\n<figure class=\"aligncenter size-full is-resized\"><img loading=\"lazy\" decoding=\"async\" width=\"895\" height=\"837\" src=\"https:\/\/maismagazine.pt\/wp-content\/uploads\/2026\/03\/fotografia-cabelo-longo.jpg\" alt=\"\" class=\"wp-image-13641\" style=\"width:314px;height:auto\" srcset=\"http:\/\/maismagazine.pt\/wp-content\/uploads\/2026\/03\/fotografia-cabelo-longo.jpg 895w, http:\/\/maismagazine.pt\/wp-content\/uploads\/2026\/03\/fotografia-cabelo-longo-300x281.jpg 300w, http:\/\/maismagazine.pt\/wp-content\/uploads\/2026\/03\/fotografia-cabelo-longo-768x718.jpg 768w\" sizes=\"auto, (max-width: 895px) 100vw, 895px\" \/><figcaption class=\"wp-element-caption\">Dra. Susana Maria Perdigoto<\/figcaption><\/figure><\/div>\n\n\n<p><\/p>\n\n\n\n<p><strong>A cl\u00ednica tem-se destacado em v\u00e1rias \u00e1reas, entre elas o tratamento da dor orofacial e das disfun\u00e7\u00f5es temporomandibulares e cervicais. O que levou a esta aposta e que diferen\u00e7a faz hoje na vida dos pacientes?  <\/strong><\/p>\n\n\n\n<p>Nos \u00faltimos anos, estabelecemos uma distin\u00e7\u00e3o, no que diz respeito \u00e0 dor orofacial e \u00e0 disfun\u00e7\u00e3o temporomandibular. A aposta surge do facto que a DTM muscular \u00e9 a segunda condi\u00e7\u00e3o musculo esquel\u00e9tica que mais afeta a popula\u00e7\u00e3o mundial a seguir \u00e0 dor lombar cr\u00f3nica. As modalidades de tratamento interdisciplinares como fisioterapia, terapia miofuncional, juntamente com interven\u00e7\u00f5es minimamente invasivas como agulhamento seco e biossuplementa\u00e7\u00e3o da articula\u00e7\u00e3o temporomandibular, usando fibrina rica em plaquetas e \u00e1cido hialur\u00f3nico implicam melhorias significativas dos pacientes e facilitam a melhoria da gest\u00e3o da dor, aumento da capacidade funcional e uma maior qualidade de vida. <\/p>\n\n\n\n<p><\/p>\n\n\n\n<p><strong>A cl\u00ednica integra tamb\u00e9m uma forte componente na \u00e1rea dos dist\u00farbios do sono. Qual \u00e9 a import\u00e2ncia de olhar para o sono como parte integrante da sa\u00fade oral e da sa\u00fade global? <\/strong><\/p>\n\n\n\n<p>O reconhecimento do sono como um aspeto integrante da sa\u00fade oral e do bem-estar geral \u00e9 fundamental para uma abordagem hol\u00edstica aos cuidados de sa\u00fade. Muitos estudos estabelecem liga\u00e7\u00e3o entre perturba\u00e7\u00f5es do sono e problemas de sa\u00fade oral. Condi\u00e7\u00f5es como a apneia obstrutiva do sono est\u00e3o associadas ao bruxismo do sono, caracterizada pelo ranger ou cerrar os dentes, e este pode estar associado a desgaste dent\u00e1rio, dist\u00farbios da articula\u00e7\u00e3o temporomandibular e outras complica\u00e7\u00f5es orais. A m\u00e1 qualidade do sono tem sido associada a n\u00edveis elevados de inflama\u00e7\u00e3o, o que pode agravar a doen\u00e7a periodontal e retardar os processos de cicatriza\u00e7\u00e3o na cavidade oral e problemas de sa\u00fade sist\u00e9micos, incluindo doen\u00e7as cardiovasculares, diabetes e obesidade. A m\u00e1 qualidade e quantidade de sono podem levar a n\u00edveis elevados de stress, ansiedade e depress\u00e3o, o que pode contribuir para neglig\u00eancia da higiene oral, como a sa\u00fade geral. <\/p>\n\n\n\n<p><\/p>\n\n\n\n<p><strong>Olhando para o futuro, quais s\u00e3o os pr\u00f3ximos desafios e objetivos da cl\u00ednica, nomeadamente na consolida\u00e7\u00e3o da abordagem multidisciplinar e na integra\u00e7\u00e3o de \u00e1reas emergentes como a epigen\u00e9tica? <\/strong><\/p>\n\n\n\n<p>A epigen\u00e9tica, estudo das altera\u00e7\u00f5es heredit\u00e1rias na express\u00e3o g\u00e9nica que n\u00e3o envolvem altera\u00e7\u00f5es na sequ\u00eancia de ADN, tem potencial para personalizar tratamentos m\u00e9dicos. A minha investiga\u00e7\u00e3o de doutoramento em epigen\u00e9tica e dist\u00farbios do sono mostra a necessidade de que os fatores ambientais e as escolhas de estilo de vida podem influenciar a express\u00e3o gen\u00e9tica e, consequentemente, a sa\u00fade geral do paciente. Integramos testes gen\u00e9ticos e epigen\u00e9ticos nas nossas avalia\u00e7\u00f5es cl\u00ednicas. Isto permite o desenvolvimento de planos de tratamento individualizados onde podemos identificar fatores que impactam a sa\u00fade dos nossos pacientes e recomendar interven\u00e7\u00f5es nutricionais personalizadas e outras estrat\u00e9gias terap\u00eauticas destinadas a melhorar a qualidade de vida. <\/p>\n\n\n\n<p><\/p>\n\n\n<div class=\"wp-block-image\">\n<figure class=\"aligncenter size-full is-resized\"><img loading=\"lazy\" decoding=\"async\" width=\"290\" height=\"160\" src=\"https:\/\/maismagazine.pt\/wp-content\/uploads\/2026\/03\/images-1.png\" alt=\"\" class=\"wp-image-13644\" style=\"width:308px;height:auto\"\/><\/figure><\/div>\n\n\n<p><\/p>\n","protected":false},"excerpt":{"rendered":"<p>Susana Perdigoto, Diretora Cl\u00ednica da Klinica PerioImplantol\u00f3gica Rainha D. Leonor, assinala os 30 anos da cl\u00ednica destacando uma trajet\u00f3ria de inova\u00e7\u00e3o e diferencia\u00e7\u00e3o na \u00e1rea da sa\u00fade oral. De uma pr\u00e1tica centrada exclusivamente na medicina dent\u00e1ria, a equipa evoluiu para um modelo integrado, onde a dor orofacial, as disfun\u00e7\u00f5es temporomandibulares,&hellip;<\/p>\n","protected":false},"author":17,"featured_media":13645,"comment_status":"closed","ping_status":"open","sticky":false,"template":"","format":"standard","meta":{"advgb_blocks_editor_width":"","advgb_blocks_columns_visual_guide":"","_monsterinsights_skip_tracking":false,"_monsterinsights_sitenote_active":false,"_monsterinsights_sitenote_note":"","_monsterinsights_sitenote_category":0,"footnotes":""},"categories":[313],"tags":[2580],"class_list":["post-13640","post","type-post","status-publish","format-standard","has-post-thumbnail","hentry","category-saude","tag-klinica-perioimplantologica-rainha-d-leonor-2"],"yoast_head":"<!-- This site is optimized with the Yoast SEO plugin v24.4 - https:\/\/yoast.com\/wordpress\/plugins\/seo\/ -->\n<title>Tr\u00eas d\u00e9cadas de inova\u00e7\u00e3o em sa\u00fade oral - Mais Magazine<\/title>\n<meta name=\"description\" content=\"Susana Perdigoto, Diretora Cl\u00ednica da Klinica PerioImplantol\u00f3gica Rainha D. Leonor, assinala os 30 anos da cl\u00ednica destacando uma trajet\u00f3ria de inova\u00e7\u00e3o e diferencia\u00e7\u00e3o na \u00e1rea da sa\u00fade oral. De uma pr\u00e1tica centrada exclusivamente na medicina dent\u00e1ria, a equipa evoluiu para um modelo integrado, onde a dor orofacial, as disfun\u00e7\u00f5es temporomandibulares, os dist\u00farbios do sono e a epigen\u00e9tica se cruzam com a implantologia e a periodontologia, refletindo uma vis\u00e3o que coloca a sa\u00fade global do paciente no centro dos cuidados.\" \/>\n<meta name=\"robots\" content=\"index, follow, max-snippet:-1, max-image-preview:large, max-video-preview:-1\" \/>\n<link rel=\"canonical\" href=\"https:\/\/maismagazine.pt\/index.php\/2026\/03\/13\/tres-decadas-de-inovacao-em-saude-oral\/\" \/>\n<meta property=\"og:locale\" content=\"pt_PT\" \/>\n<meta property=\"og:type\" content=\"article\" \/>\n<meta property=\"og:title\" content=\"Tr\u00eas d\u00e9cadas de inova\u00e7\u00e3o em sa\u00fade oral - Mais Magazine\" \/>\n<meta property=\"og:description\" content=\"Susana Perdigoto, Diretora Cl\u00ednica da Klinica PerioImplantol\u00f3gica Rainha D. Leonor, assinala os 30 anos da cl\u00ednica destacando uma trajet\u00f3ria de inova\u00e7\u00e3o e diferencia\u00e7\u00e3o na \u00e1rea da sa\u00fade oral. De uma pr\u00e1tica centrada exclusivamente na medicina dent\u00e1ria, a equipa evoluiu para um modelo integrado, onde a dor orofacial, as disfun\u00e7\u00f5es temporomandibulares, os dist\u00farbios do sono e a epigen\u00e9tica se cruzam com a implantologia e a periodontologia, refletindo uma vis\u00e3o que coloca a sa\u00fade global do paciente no centro dos cuidados.\" \/>\n<meta property=\"og:url\" content=\"https:\/\/maismagazine.pt\/index.php\/2026\/03\/13\/tres-decadas-de-inovacao-em-saude-oral\/\" \/>\n<meta property=\"og:site_name\" content=\"Mais Magazine\" \/>\n<meta property=\"article:published_time\" content=\"2026-03-13T07:00:00+00:00\" \/>\n<meta property=\"og:image\" content=\"https:\/\/maismagazine.pt\/wp-content\/uploads\/2026\/03\/LINKEDIN.png\" \/>\n\t<meta property=\"og:image:width\" content=\"1314\" \/>\n\t<meta property=\"og:image:height\" content=\"323\" \/>\n\t<meta property=\"og:image:type\" content=\"image\/png\" \/>\n<meta name=\"author\" content=\"Tiago Costa\" \/>\n<meta name=\"twitter:card\" content=\"summary_large_image\" \/>\n<meta name=\"twitter:label1\" content=\"Escrito por\" \/>\n\t<meta name=\"twitter:data1\" content=\"\" \/>\n\t<meta name=\"twitter:label2\" content=\"Tempo estimado de leitura\" \/>\n\t<meta name=\"twitter:data2\" content=\"5 minutos\" \/>\n<script type=\"application\/ld+json\" class=\"yoast-schema-graph\">{\"@context\":\"https:\/\/schema.org\",\"@graph\":[{\"@type\":\"Article\",\"@id\":\"https:\/\/maismagazine.pt\/index.php\/2026\/03\/13\/tres-decadas-de-inovacao-em-saude-oral\/#article\",\"isPartOf\":{\"@id\":\"https:\/\/maismagazine.pt\/index.php\/2026\/03\/13\/tres-decadas-de-inovacao-em-saude-oral\/\"},\"author\":{\"name\":\"Tiago Costa\",\"@id\":\"https:\/\/maismagazine.pt\/#\/schema\/person\/c6c5bfccc886434cbd11c74e035f9646\"},\"headline\":\"Tr\u00eas d\u00e9cadas de inova\u00e7\u00e3o em sa\u00fade oral\",\"datePublished\":\"2026-03-13T07:00:00+00:00\",\"mainEntityOfPage\":{\"@id\":\"https:\/\/maismagazine.pt\/index.php\/2026\/03\/13\/tres-decadas-de-inovacao-em-saude-oral\/\"},\"wordCount\":740,\"publisher\":{\"@id\":\"https:\/\/maismagazine.pt\/#organization\"},\"image\":{\"@id\":\"https:\/\/maismagazine.pt\/index.php\/2026\/03\/13\/tres-decadas-de-inovacao-em-saude-oral\/#primaryimage\"},\"thumbnailUrl\":\"http:\/\/maismagazine.pt\/wp-content\/uploads\/2026\/03\/LINKEDIN.png\",\"keywords\":[\"Klinica PerioImplantol\u00f3gica Rainha D. Leonor\"],\"articleSection\":[\"Sa\u00fade\"],\"inLanguage\":\"pt-PT\"},{\"@type\":\"WebPage\",\"@id\":\"https:\/\/maismagazine.pt\/index.php\/2026\/03\/13\/tres-decadas-de-inovacao-em-saude-oral\/\",\"url\":\"https:\/\/maismagazine.pt\/index.php\/2026\/03\/13\/tres-decadas-de-inovacao-em-saude-oral\/\",\"name\":\"Tr\u00eas d\u00e9cadas de inova\u00e7\u00e3o em sa\u00fade oral - Mais Magazine\",\"isPartOf\":{\"@id\":\"https:\/\/maismagazine.pt\/#website\"},\"primaryImageOfPage\":{\"@id\":\"https:\/\/maismagazine.pt\/index.php\/2026\/03\/13\/tres-decadas-de-inovacao-em-saude-oral\/#primaryimage\"},\"image\":{\"@id\":\"https:\/\/maismagazine.pt\/index.php\/2026\/03\/13\/tres-decadas-de-inovacao-em-saude-oral\/#primaryimage\"},\"thumbnailUrl\":\"http:\/\/maismagazine.pt\/wp-content\/uploads\/2026\/03\/LINKEDIN.png\",\"datePublished\":\"2026-03-13T07:00:00+00:00\",\"description\":\"Susana Perdigoto, Diretora Cl\u00ednica da Klinica PerioImplantol\u00f3gica Rainha D. Leonor, assinala os 30 anos da cl\u00ednica destacando uma trajet\u00f3ria de inova\u00e7\u00e3o e diferencia\u00e7\u00e3o na \u00e1rea da sa\u00fade oral. De uma pr\u00e1tica centrada exclusivamente na medicina dent\u00e1ria, a equipa evoluiu para um modelo integrado, onde a dor orofacial, as disfun\u00e7\u00f5es temporomandibulares, os dist\u00farbios do sono e a epigen\u00e9tica se cruzam com a implantologia e a periodontologia, refletindo uma vis\u00e3o que coloca a sa\u00fade global do paciente no centro dos cuidados.\",\"breadcrumb\":{\"@id\":\"https:\/\/maismagazine.pt\/index.php\/2026\/03\/13\/tres-decadas-de-inovacao-em-saude-oral\/#breadcrumb\"},\"inLanguage\":\"pt-PT\",\"potentialAction\":[{\"@type\":\"ReadAction\",\"target\":[\"https:\/\/maismagazine.pt\/index.php\/2026\/03\/13\/tres-decadas-de-inovacao-em-saude-oral\/\"]}]},{\"@type\":\"ImageObject\",\"inLanguage\":\"pt-PT\",\"@id\":\"https:\/\/maismagazine.pt\/index.php\/2026\/03\/13\/tres-decadas-de-inovacao-em-saude-oral\/#primaryimage\",\"url\":\"http:\/\/maismagazine.pt\/wp-content\/uploads\/2026\/03\/LINKEDIN.png\",\"contentUrl\":\"http:\/\/maismagazine.pt\/wp-content\/uploads\/2026\/03\/LINKEDIN.png\",\"width\":1314,\"height\":323},{\"@type\":\"BreadcrumbList\",\"@id\":\"https:\/\/maismagazine.pt\/index.php\/2026\/03\/13\/tres-decadas-de-inovacao-em-saude-oral\/#breadcrumb\",\"itemListElement\":[{\"@type\":\"ListItem\",\"position\":1,\"name\":\"Home\",\"item\":\"https:\/\/maismagazine.pt\/\"},{\"@type\":\"ListItem\",\"position\":2,\"name\":\"Tr\u00eas d\u00e9cadas de inova\u00e7\u00e3o em sa\u00fade oral\"}]},{\"@type\":\"WebSite\",\"@id\":\"https:\/\/maismagazine.pt\/#website\",\"url\":\"https:\/\/maismagazine.pt\/\",\"name\":\"Mais Magazine\",\"description\":\"\",\"publisher\":{\"@id\":\"https:\/\/maismagazine.pt\/#organization\"},\"potentialAction\":[{\"@type\":\"SearchAction\",\"target\":{\"@type\":\"EntryPoint\",\"urlTemplate\":\"https:\/\/maismagazine.pt\/?s={search_term_string}\"},\"query-input\":{\"@type\":\"PropertyValueSpecification\",\"valueRequired\":true,\"valueName\":\"search_term_string\"}}],\"inLanguage\":\"pt-PT\"},{\"@type\":\"Organization\",\"@id\":\"https:\/\/maismagazine.pt\/#organization\",\"name\":\"Mais Magazine\",\"url\":\"https:\/\/maismagazine.pt\/\",\"logo\":{\"@type\":\"ImageObject\",\"inLanguage\":\"pt-PT\",\"@id\":\"https:\/\/maismagazine.pt\/#\/schema\/logo\/image\/\",\"url\":\"http:\/\/maismagazine.pt\/wp-content\/uploads\/2020\/04\/cropped-cropped-mais-magazine-site-logo-2.png\",\"contentUrl\":\"http:\/\/maismagazine.pt\/wp-content\/uploads\/2020\/04\/cropped-cropped-mais-magazine-site-logo-2.png\",\"width\":581,\"height\":90,\"caption\":\"Mais Magazine\"},\"image\":{\"@id\":\"https:\/\/maismagazine.pt\/#\/schema\/logo\/image\/\"}},{\"@type\":\"Person\",\"@id\":\"https:\/\/maismagazine.pt\/#\/schema\/person\/c6c5bfccc886434cbd11c74e035f9646\",\"name\":\"Tiago Costa\",\"image\":{\"@type\":\"ImageObject\",\"inLanguage\":\"pt-PT\",\"@id\":\"https:\/\/maismagazine.pt\/#\/schema\/person\/image\/\",\"url\":\"https:\/\/secure.gravatar.com\/avatar\/c599b2bce16c9870429198cbad5ee022?s=96&d=mm&r=g\",\"contentUrl\":\"https:\/\/secure.gravatar.com\/avatar\/c599b2bce16c9870429198cbad5ee022?s=96&d=mm&r=g\",\"caption\":\"Tiago Costa\"},\"url\":\"http:\/\/maismagazine.pt\/index.php\/author\/tiago\/\"}]}<\/script>\n<!-- \/ Yoast SEO plugin. -->","yoast_head_json":{"title":"Tr\u00eas d\u00e9cadas de inova\u00e7\u00e3o em sa\u00fade oral - Mais Magazine","description":"Susana Perdigoto, Diretora Cl\u00ednica da Klinica PerioImplantol\u00f3gica Rainha D. Leonor, assinala os 30 anos da cl\u00ednica destacando uma trajet\u00f3ria de inova\u00e7\u00e3o e diferencia\u00e7\u00e3o na \u00e1rea da sa\u00fade oral. De uma pr\u00e1tica centrada exclusivamente na medicina dent\u00e1ria, a equipa evoluiu para um modelo integrado, onde a dor orofacial, as disfun\u00e7\u00f5es temporomandibulares, os dist\u00farbios do sono e a epigen\u00e9tica se cruzam com a implantologia e a periodontologia, refletindo uma vis\u00e3o que coloca a sa\u00fade global do paciente no centro dos cuidados.","robots":{"index":"index","follow":"follow","max-snippet":"max-snippet:-1","max-image-preview":"max-image-preview:large","max-video-preview":"max-video-preview:-1"},"canonical":"https:\/\/maismagazine.pt\/index.php\/2026\/03\/13\/tres-decadas-de-inovacao-em-saude-oral\/","og_locale":"pt_PT","og_type":"article","og_title":"Tr\u00eas d\u00e9cadas de inova\u00e7\u00e3o em sa\u00fade oral - Mais Magazine","og_description":"Susana Perdigoto, Diretora Cl\u00ednica da Klinica PerioImplantol\u00f3gica Rainha D. Leonor, assinala os 30 anos da cl\u00ednica destacando uma trajet\u00f3ria de inova\u00e7\u00e3o e diferencia\u00e7\u00e3o na \u00e1rea da sa\u00fade oral. De uma pr\u00e1tica centrada exclusivamente na medicina dent\u00e1ria, a equipa evoluiu para um modelo integrado, onde a dor orofacial, as disfun\u00e7\u00f5es temporomandibulares, os dist\u00farbios do sono e a epigen\u00e9tica se cruzam com a implantologia e a periodontologia, refletindo uma vis\u00e3o que coloca a sa\u00fade global do paciente no centro dos cuidados.","og_url":"https:\/\/maismagazine.pt\/index.php\/2026\/03\/13\/tres-decadas-de-inovacao-em-saude-oral\/","og_site_name":"Mais Magazine","article_published_time":"2026-03-13T07:00:00+00:00","og_image":[{"width":1314,"height":323,"url":"https:\/\/maismagazine.pt\/wp-content\/uploads\/2026\/03\/LINKEDIN.png","type":"image\/png"}],"author":"Tiago Costa","twitter_card":"summary_large_image","twitter_misc":{"Escrito por":false,"Tempo estimado de leitura":"5 minutos"},"schema":{"@context":"https:\/\/schema.org","@graph":[{"@type":"Article","@id":"https:\/\/maismagazine.pt\/index.php\/2026\/03\/13\/tres-decadas-de-inovacao-em-saude-oral\/#article","isPartOf":{"@id":"https:\/\/maismagazine.pt\/index.php\/2026\/03\/13\/tres-decadas-de-inovacao-em-saude-oral\/"},"author":{"name":"Tiago Costa","@id":"https:\/\/maismagazine.pt\/#\/schema\/person\/c6c5bfccc886434cbd11c74e035f9646"},"headline":"Tr\u00eas d\u00e9cadas de inova\u00e7\u00e3o em sa\u00fade oral","datePublished":"2026-03-13T07:00:00+00:00","mainEntityOfPage":{"@id":"https:\/\/maismagazine.pt\/index.php\/2026\/03\/13\/tres-decadas-de-inovacao-em-saude-oral\/"},"wordCount":740,"publisher":{"@id":"https:\/\/maismagazine.pt\/#organization"},"image":{"@id":"https:\/\/maismagazine.pt\/index.php\/2026\/03\/13\/tres-decadas-de-inovacao-em-saude-oral\/#primaryimage"},"thumbnailUrl":"http:\/\/maismagazine.pt\/wp-content\/uploads\/2026\/03\/LINKEDIN.png","keywords":["Klinica PerioImplantol\u00f3gica Rainha D. Leonor"],"articleSection":["Sa\u00fade"],"inLanguage":"pt-PT"},{"@type":"WebPage","@id":"https:\/\/maismagazine.pt\/index.php\/2026\/03\/13\/tres-decadas-de-inovacao-em-saude-oral\/","url":"https:\/\/maismagazine.pt\/index.php\/2026\/03\/13\/tres-decadas-de-inovacao-em-saude-oral\/","name":"Tr\u00eas d\u00e9cadas de inova\u00e7\u00e3o em sa\u00fade oral - Mais Magazine","isPartOf":{"@id":"https:\/\/maismagazine.pt\/#website"},"primaryImageOfPage":{"@id":"https:\/\/maismagazine.pt\/index.php\/2026\/03\/13\/tres-decadas-de-inovacao-em-saude-oral\/#primaryimage"},"image":{"@id":"https:\/\/maismagazine.pt\/index.php\/2026\/03\/13\/tres-decadas-de-inovacao-em-saude-oral\/#primaryimage"},"thumbnailUrl":"http:\/\/maismagazine.pt\/wp-content\/uploads\/2026\/03\/LINKEDIN.png","datePublished":"2026-03-13T07:00:00+00:00","description":"Susana Perdigoto, Diretora Cl\u00ednica da Klinica PerioImplantol\u00f3gica Rainha D. Leonor, assinala os 30 anos da cl\u00ednica destacando uma trajet\u00f3ria de inova\u00e7\u00e3o e diferencia\u00e7\u00e3o na \u00e1rea da sa\u00fade oral. De uma pr\u00e1tica centrada exclusivamente na medicina dent\u00e1ria, a equipa evoluiu para um modelo integrado, onde a dor orofacial, as disfun\u00e7\u00f5es temporomandibulares, os dist\u00farbios do sono e a epigen\u00e9tica se cruzam com a implantologia e a periodontologia, refletindo uma vis\u00e3o que coloca a sa\u00fade global do paciente no centro dos cuidados.","breadcrumb":{"@id":"https:\/\/maismagazine.pt\/index.php\/2026\/03\/13\/tres-decadas-de-inovacao-em-saude-oral\/#breadcrumb"},"inLanguage":"pt-PT","potentialAction":[{"@type":"ReadAction","target":["https:\/\/maismagazine.pt\/index.php\/2026\/03\/13\/tres-decadas-de-inovacao-em-saude-oral\/"]}]},{"@type":"ImageObject","inLanguage":"pt-PT","@id":"https:\/\/maismagazine.pt\/index.php\/2026\/03\/13\/tres-decadas-de-inovacao-em-saude-oral\/#primaryimage","url":"http:\/\/maismagazine.pt\/wp-content\/uploads\/2026\/03\/LINKEDIN.png","contentUrl":"http:\/\/maismagazine.pt\/wp-content\/uploads\/2026\/03\/LINKEDIN.png","width":1314,"height":323},{"@type":"BreadcrumbList","@id":"https:\/\/maismagazine.pt\/index.php\/2026\/03\/13\/tres-decadas-de-inovacao-em-saude-oral\/#breadcrumb","itemListElement":[{"@type":"ListItem","position":1,"name":"Home","item":"https:\/\/maismagazine.pt\/"},{"@type":"ListItem","position":2,"name":"Tr\u00eas d\u00e9cadas de inova\u00e7\u00e3o em sa\u00fade oral"}]},{"@type":"WebSite","@id":"https:\/\/maismagazine.pt\/#website","url":"https:\/\/maismagazine.pt\/","name":"Mais Magazine","description":"","publisher":{"@id":"https:\/\/maismagazine.pt\/#organization"},"potentialAction":[{"@type":"SearchAction","target":{"@type":"EntryPoint","urlTemplate":"https:\/\/maismagazine.pt\/?s={search_term_string}"},"query-input":{"@type":"PropertyValueSpecification","valueRequired":true,"valueName":"search_term_string"}}],"inLanguage":"pt-PT"},{"@type":"Organization","@id":"https:\/\/maismagazine.pt\/#organization","name":"Mais Magazine","url":"https:\/\/maismagazine.pt\/","logo":{"@type":"ImageObject","inLanguage":"pt-PT","@id":"https:\/\/maismagazine.pt\/#\/schema\/logo\/image\/","url":"http:\/\/maismagazine.pt\/wp-content\/uploads\/2020\/04\/cropped-cropped-mais-magazine-site-logo-2.png","contentUrl":"http:\/\/maismagazine.pt\/wp-content\/uploads\/2020\/04\/cropped-cropped-mais-magazine-site-logo-2.png","width":581,"height":90,"caption":"Mais Magazine"},"image":{"@id":"https:\/\/maismagazine.pt\/#\/schema\/logo\/image\/"}},{"@type":"Person","@id":"https:\/\/maismagazine.pt\/#\/schema\/person\/c6c5bfccc886434cbd11c74e035f9646","name":"Tiago Costa","image":{"@type":"ImageObject","inLanguage":"pt-PT","@id":"https:\/\/maismagazine.pt\/#\/schema\/person\/image\/","url":"https:\/\/secure.gravatar.com\/avatar\/c599b2bce16c9870429198cbad5ee022?s=96&d=mm&r=g","contentUrl":"https:\/\/secure.gravatar.com\/avatar\/c599b2bce16c9870429198cbad5ee022?s=96&d=mm&r=g","caption":"Tiago Costa"},"url":"http:\/\/maismagazine.pt\/index.php\/author\/tiago\/"}]}},"author_meta":{"display_name":false,"author_link":"http:\/\/maismagazine.pt\/index.php\/author\/tiago\/"},"featured_img":"http:\/\/maismagazine.pt\/wp-content\/uploads\/2026\/03\/LINKEDIN-300x74.png","coauthors":[],"tax_additional":{"categories":{"linked":["<a href=\"http:\/\/maismagazine.pt\/index.php\/category\/mundo-empresarial\/saude\/\" class=\"advgb-post-tax-term\">Sa\u00fade<\/a>"],"unlinked":["<span class=\"advgb-post-tax-term\">Sa\u00fade<\/span>"]},"tags":{"linked":["<a href=\"http:\/\/maismagazine.pt\/index.php\/category\/mundo-empresarial\/saude\/\" class=\"advgb-post-tax-term\">Klinica PerioImplantol\u00f3gica Rainha D. Leonor<\/a>"],"unlinked":["<span class=\"advgb-post-tax-term\">Klinica PerioImplantol\u00f3gica Rainha D. Leonor<\/span>"]}},"comment_count":"0","relative_dates":{"created":"Posted 2 meses ago","modified":"Updated 2 meses ago"},"absolute_dates":{"created":"Posted on 13 de Mar\u00e7o, 2026","modified":"Updated on 10 de Mar\u00e7o, 2026"},"absolute_dates_time":{"created":"Posted on 13 de Mar\u00e7o, 2026 7:00","modified":"Updated on 10 de Mar\u00e7o, 2026 15:08"},"featured_img_caption":"","series_order":"","_links":{"self":[{"href":"http:\/\/maismagazine.pt\/index.php\/wp-json\/wp\/v2\/posts\/13640","targetHints":{"allow":["GET"]}}],"collection":[{"href":"http:\/\/maismagazine.pt\/index.php\/wp-json\/wp\/v2\/posts"}],"about":[{"href":"http:\/\/maismagazine.pt\/index.php\/wp-json\/wp\/v2\/types\/post"}],"author":[{"embeddable":true,"href":"http:\/\/maismagazine.pt\/index.php\/wp-json\/wp\/v2\/users\/17"}],"replies":[{"embeddable":true,"href":"http:\/\/maismagazine.pt\/index.php\/wp-json\/wp\/v2\/comments?post=13640"}],"version-history":[{"count":1,"href":"http:\/\/maismagazine.pt\/index.php\/wp-json\/wp\/v2\/posts\/13640\/revisions"}],"predecessor-version":[{"id":13646,"href":"http:\/\/maismagazine.pt\/index.php\/wp-json\/wp\/v2\/posts\/13640\/revisions\/13646"}],"wp:featuredmedia":[{"embeddable":true,"href":"http:\/\/maismagazine.pt\/index.php\/wp-json\/wp\/v2\/media\/13645"}],"wp:attachment":[{"href":"http:\/\/maismagazine.pt\/index.php\/wp-json\/wp\/v2\/media?parent=13640"}],"wp:term":[{"taxonomy":"category","embeddable":true,"href":"http:\/\/maismagazine.pt\/index.php\/wp-json\/wp\/v2\/categories?post=13640"},{"taxonomy":"post_tag","embeddable":true,"href":"http:\/\/maismagazine.pt\/index.php\/wp-json\/wp\/v2\/tags?post=13640"}],"curies":[{"name":"wp","href":"https:\/\/api.w.org\/{rel}","templated":true}]}}