{"id":13616,"date":"2026-03-13T07:00:00","date_gmt":"2026-03-13T07:00:00","guid":{"rendered":"https:\/\/maismagazine.pt\/?p=13616"},"modified":"2026-03-10T14:48:46","modified_gmt":"2026-03-10T14:48:46","slug":"educar-com-liberdade-formar-para-o-futuro","status":"publish","type":"post","link":"http:\/\/maismagazine.pt\/index.php\/2026\/03\/13\/educar-com-liberdade-formar-para-o-futuro\/","title":{"rendered":"Educar com Liberdade, Formar para o Futuro"},"content":{"rendered":"\n<p>A educa\u00e7\u00e3o, a forma\u00e7\u00e3o e o emprego constituem um tri\u00e2ngulo indissoci\u00e1vel para o desenvolvimento sustent\u00e1vel da sociedade portuguesa. Enquanto Presidente da Dire\u00e7\u00e3o da Associa\u00e7\u00e3o de Estabelecimentos de Ensino Particular e Cooperativo (AEEP), reafirmo a certeza de que o setor n\u00e3o estatal de ensino tem um papel determinante na constru\u00e7\u00e3o de respostas educativas inovadoras, diversificadas e alinhadas com as exig\u00eancias de um mundo em r\u00e1pida transforma\u00e7\u00e3o.<\/p>\n\n\n\n<p><\/p>\n\n\n\n<p>Vivemos uma era marcada pela acelera\u00e7\u00e3o tecnol\u00f3gica, pela transi\u00e7\u00e3o digital e pela necessidade de novas compet\u00eancias. Ora, o setor de ensino particular e cooperativo tem demonstrado, sobretudo nestas \u00faltimas cinco d\u00e9cadas de realidade associativa, uma capacidade singular de adapta\u00e7\u00e3o, de inova\u00e7\u00e3o pedag\u00f3gica e de inquestion\u00e1vel proximidade \u00e0s comunidades educativas. Todos contam, todos desempenham um papel no ecossistema do ensino. A autonomia de gest\u00e3o, a estabilidade do corpo docente, a lideran\u00e7a e a liberdade de projeto educativo, que \u00e9 valorizada pelas fam\u00edlias, s\u00e3o ingredientes que permitem a cria\u00e7\u00e3o de modelos formativos mais flex\u00edveis e eficazes do que aqueles que oferece a escola p\u00fablica estatal. Estes modelos, orientados para o desenvolvimento integral dos alunos, preparam-nos com compet\u00eancias e autonomia para prosseguirem estudos ou para seguirem para o mercado de trabalho. O superior n\u00e3o \u00e9 uma obrigatoriedade, o emprego n\u00e3o \u00e9 uma fatalidade. <\/p>\n\n\n\n<p><\/p>\n\n\n\n<p>A inova\u00e7\u00e3o no setor privado de ensino n\u00e3o se limita \u00e0 introdu\u00e7\u00e3o de novas tecnologias em sala de aula. Ela manifesta-se na articula\u00e7\u00e3o com empresas, com organiza\u00e7\u00f5es da sociedade civil, com programas de voluntariado, na promo\u00e7\u00e3o de percursos formativos diferenciados, na aposta em metodologias ativas de aprendizagem e na valoriza\u00e7\u00e3o da forma\u00e7\u00e3o ao longo da vida. Estas pr\u00e1ticas, que s\u00e3o m\u00faltiplas e que contribuem para uma forma\u00e7\u00e3o integral das crian\u00e7as e jovens, contribuem para uma melhor correspond\u00eancia entre educa\u00e7\u00e3o e voca\u00e7\u00e3o, entre ensino e emprego, promovendo a realiza\u00e7\u00e3o individual, mas tamb\u00e9m a empregabilidade, o empreendedorismo e a competitividade da economia nacional. <\/p>\n\n\n\n<p><\/p>\n\n\n\n<p>Defender a liberdade de educa\u00e7\u00e3o, um direito fundamental consagrado na nossa Constitui\u00e7\u00e3o, \u00e9 defender o direito das fam\u00edlias a escolherem o projeto educativo que melhor responde \u00e0s necessidades, valores e aspira\u00e7\u00f5es dos seus filhos. A pluralidade educativa fortalece o sistema de ensino como um todo, fomenta a qualidade e estimula a melhoria cont\u00ednua, em benef\u00edcio dos alunos e da sociedade. <\/p>\n\n\n\n<p><\/p>\n\n\n\n<p>A coexist\u00eancia equilibrada entre ensino p\u00fablico, privado e cooperativo n\u00e3o deve ser vista como uma oposi\u00e7\u00e3o \u2013 como muitas vezes a classe pol\u00edtica parece querer fazer acreditar por motivos ideol\u00f3gicos \u2013 mas como uma complementaridade essencial. <\/p>\n\n\n\n<p><\/p>\n\n\n\n<p>\u00c9 fundamental, nesse sentido, que as pol\u00edticas p\u00fablicas reconhe\u00e7am e valorizem o contributo do ensino particular e cooperativo, criando condi\u00e7\u00f5es de estabilidade, confian\u00e7a e coopera\u00e7\u00e3o institucional. S\u00f3 assim ser\u00e1 poss\u00edvel consolidar um sistema educativo verdadeiramente inclusivo, inovador e orientado para o futuro, capaz de formar cidad\u00e3os qualificados, respons\u00e1veis e preparados para os desafios do emprego e da cidadania ativa. <\/p>\n\n\n\n<p><\/p>\n\n\n\n<p>A educa\u00e7\u00e3o \u00e9, e continuar\u00e1 a ser, o investimento mais seguro no progresso coletivo. O setor privado e cooperativo est\u00e1 pronto para continuar a assumir esse compromisso, com responsabilidade, inova\u00e7\u00e3o e liberdade. <\/p>\n\n\n\n<p><\/p>\n\n\n\n<p>Parab\u00e9ns \u00e0 Futur\u00e1lia e \u00e0 Qualifica, projetos de iniciativa privada que prestam um verdadeiro servi\u00e7o p\u00fablico \u00e0 sociedade e economia portuguesas!<\/p>\n\n\n\n<p><\/p>\n\n\n\n<p><em>Dra. Joana Maria Cardoso Cunha Vieira, Presidente da Dire\u00e7\u00e3o da AEEP (Associa\u00e7\u00e3o de Estabelecimentos de Ensino Particular)<\/em><\/p>\n\n\n<div class=\"wp-block-image\">\n<figure class=\"aligncenter size-large is-resized\"><img loading=\"lazy\" decoding=\"async\" width=\"1024\" height=\"1024\" src=\"https:\/\/maismagazine.pt\/wp-content\/uploads\/2026\/03\/293781718_5229558863764599_2496474068067428648_n-1024x1024.jpg\" alt=\"\" class=\"wp-image-13622\" style=\"width:252px;height:auto\" srcset=\"http:\/\/maismagazine.pt\/wp-content\/uploads\/2026\/03\/293781718_5229558863764599_2496474068067428648_n-1024x1024.jpg 1024w, http:\/\/maismagazine.pt\/wp-content\/uploads\/2026\/03\/293781718_5229558863764599_2496474068067428648_n-300x300.jpg 300w, http:\/\/maismagazine.pt\/wp-content\/uploads\/2026\/03\/293781718_5229558863764599_2496474068067428648_n-150x150.jpg 150w, http:\/\/maismagazine.pt\/wp-content\/uploads\/2026\/03\/293781718_5229558863764599_2496474068067428648_n-768x768.jpg 768w, http:\/\/maismagazine.pt\/wp-content\/uploads\/2026\/03\/293781718_5229558863764599_2496474068067428648_n.jpg 1080w\" sizes=\"auto, (max-width: 1024px) 100vw, 1024px\" \/><\/figure><\/div>","protected":false},"excerpt":{"rendered":"<p>A educa\u00e7\u00e3o, a forma\u00e7\u00e3o e o emprego constituem um tri\u00e2ngulo indissoci\u00e1vel para o desenvolvimento sustent\u00e1vel da sociedade portuguesa. Enquanto Presidente da Dire\u00e7\u00e3o da Associa\u00e7\u00e3o de Estabelecimentos de Ensino Particular e Cooperativo (AEEP), reafirmo a certeza de que o setor n\u00e3o estatal de ensino tem um papel determinante na constru\u00e7\u00e3o de&hellip;<\/p>\n","protected":false},"author":18,"featured_media":13621,"comment_status":"closed","ping_status":"open","sticky":false,"template":"","format":"standard","meta":{"advgb_blocks_editor_width":"","advgb_blocks_columns_visual_guide":"","_monsterinsights_skip_tracking":false,"_monsterinsights_sitenote_active":false,"_monsterinsights_sitenote_note":"","_monsterinsights_sitenote_category":0,"footnotes":""},"categories":[52,51],"tags":[524,521],"class_list":["post-13616","post","type-post","status-publish","format-standard","has-post-thumbnail","hentry","category-destaque","category-opiniao","tag-aeep","tag-ensino"],"yoast_head":"<!-- This site is optimized with the Yoast SEO plugin v24.4 - https:\/\/yoast.com\/wordpress\/plugins\/seo\/ -->\n<title>Educar com Liberdade, Formar para o Futuro - Mais Magazine<\/title>\n<meta name=\"robots\" content=\"index, follow, max-snippet:-1, max-image-preview:large, max-video-preview:-1\" \/>\n<link rel=\"canonical\" href=\"https:\/\/maismagazine.pt\/index.php\/2026\/03\/13\/educar-com-liberdade-formar-para-o-futuro\/\" \/>\n<meta property=\"og:locale\" content=\"pt_PT\" \/>\n<meta property=\"og:type\" content=\"article\" \/>\n<meta property=\"og:title\" content=\"Educar com Liberdade, Formar para o Futuro - Mais Magazine\" \/>\n<meta property=\"og:description\" content=\"A educa\u00e7\u00e3o, a forma\u00e7\u00e3o e o emprego constituem um tri\u00e2ngulo indissoci\u00e1vel para o desenvolvimento sustent\u00e1vel da sociedade portuguesa. Enquanto Presidente da Dire\u00e7\u00e3o da Associa\u00e7\u00e3o de Estabelecimentos de Ensino Particular e Cooperativo (AEEP), reafirmo a certeza de que o setor n\u00e3o estatal de ensino tem um papel determinante na constru\u00e7\u00e3o de&hellip;\" \/>\n<meta property=\"og:url\" content=\"https:\/\/maismagazine.pt\/index.php\/2026\/03\/13\/educar-com-liberdade-formar-para-o-futuro\/\" \/>\n<meta property=\"og:site_name\" content=\"Mais Magazine\" \/>\n<meta property=\"article:published_time\" content=\"2026-03-13T07:00:00+00:00\" \/>\n<meta property=\"og:image\" content=\"https:\/\/maismagazine.pt\/wp-content\/uploads\/2026\/03\/1_35PA294779.jpg\" \/>\n\t<meta property=\"og:image:width\" content=\"404\" \/>\n\t<meta property=\"og:image:height\" content=\"539\" \/>\n\t<meta property=\"og:image:type\" content=\"image\/jpeg\" \/>\n<meta name=\"author\" content=\"Tatiana Martins\" \/>\n<meta name=\"twitter:card\" content=\"summary_large_image\" \/>\n<meta name=\"twitter:label1\" content=\"Escrito por\" \/>\n\t<meta name=\"twitter:data1\" content=\"\" \/>\n\t<meta name=\"twitter:label2\" content=\"Tempo estimado de leitura\" \/>\n\t<meta name=\"twitter:data2\" content=\"4 minutos\" \/>\n<script type=\"application\/ld+json\" class=\"yoast-schema-graph\">{\"@context\":\"https:\/\/schema.org\",\"@graph\":[{\"@type\":\"Article\",\"@id\":\"https:\/\/maismagazine.pt\/index.php\/2026\/03\/13\/educar-com-liberdade-formar-para-o-futuro\/#article\",\"isPartOf\":{\"@id\":\"https:\/\/maismagazine.pt\/index.php\/2026\/03\/13\/educar-com-liberdade-formar-para-o-futuro\/\"},\"author\":{\"name\":\"Tatiana Martins\",\"@id\":\"http:\/\/maismagazine.pt\/#\/schema\/person\/7426e2caeb8df32a1b56aa48dae778c9\"},\"headline\":\"Educar com Liberdade, Formar para o Futuro\",\"datePublished\":\"2026-03-13T07:00:00+00:00\",\"mainEntityOfPage\":{\"@id\":\"https:\/\/maismagazine.pt\/index.php\/2026\/03\/13\/educar-com-liberdade-formar-para-o-futuro\/\"},\"wordCount\":604,\"publisher\":{\"@id\":\"http:\/\/maismagazine.pt\/#organization\"},\"image\":{\"@id\":\"https:\/\/maismagazine.pt\/index.php\/2026\/03\/13\/educar-com-liberdade-formar-para-o-futuro\/#primaryimage\"},\"thumbnailUrl\":\"http:\/\/maismagazine.pt\/wp-content\/uploads\/2026\/03\/1_35PA294779.jpg\",\"keywords\":[\"AEEP\",\"Ensino\"],\"articleSection\":[\"Destaque lateral\",\"Opini\u00e3o\"],\"inLanguage\":\"pt-PT\"},{\"@type\":\"WebPage\",\"@id\":\"https:\/\/maismagazine.pt\/index.php\/2026\/03\/13\/educar-com-liberdade-formar-para-o-futuro\/\",\"url\":\"https:\/\/maismagazine.pt\/index.php\/2026\/03\/13\/educar-com-liberdade-formar-para-o-futuro\/\",\"name\":\"Educar com Liberdade, Formar para o Futuro - Mais Magazine\",\"isPartOf\":{\"@id\":\"http:\/\/maismagazine.pt\/#website\"},\"primaryImageOfPage\":{\"@id\":\"https:\/\/maismagazine.pt\/index.php\/2026\/03\/13\/educar-com-liberdade-formar-para-o-futuro\/#primaryimage\"},\"image\":{\"@id\":\"https:\/\/maismagazine.pt\/index.php\/2026\/03\/13\/educar-com-liberdade-formar-para-o-futuro\/#primaryimage\"},\"thumbnailUrl\":\"http:\/\/maismagazine.pt\/wp-content\/uploads\/2026\/03\/1_35PA294779.jpg\",\"datePublished\":\"2026-03-13T07:00:00+00:00\",\"breadcrumb\":{\"@id\":\"https:\/\/maismagazine.pt\/index.php\/2026\/03\/13\/educar-com-liberdade-formar-para-o-futuro\/#breadcrumb\"},\"inLanguage\":\"pt-PT\",\"potentialAction\":[{\"@type\":\"ReadAction\",\"target\":[\"https:\/\/maismagazine.pt\/index.php\/2026\/03\/13\/educar-com-liberdade-formar-para-o-futuro\/\"]}]},{\"@type\":\"ImageObject\",\"inLanguage\":\"pt-PT\",\"@id\":\"https:\/\/maismagazine.pt\/index.php\/2026\/03\/13\/educar-com-liberdade-formar-para-o-futuro\/#primaryimage\",\"url\":\"http:\/\/maismagazine.pt\/wp-content\/uploads\/2026\/03\/1_35PA294779.jpg\",\"contentUrl\":\"http:\/\/maismagazine.pt\/wp-content\/uploads\/2026\/03\/1_35PA294779.jpg\",\"width\":404,\"height\":539},{\"@type\":\"BreadcrumbList\",\"@id\":\"https:\/\/maismagazine.pt\/index.php\/2026\/03\/13\/educar-com-liberdade-formar-para-o-futuro\/#breadcrumb\",\"itemListElement\":[{\"@type\":\"ListItem\",\"position\":1,\"name\":\"Home\",\"item\":\"http:\/\/maismagazine.pt\/\"},{\"@type\":\"ListItem\",\"position\":2,\"name\":\"Educar com Liberdade, Formar para o Futuro\"}]},{\"@type\":\"WebSite\",\"@id\":\"http:\/\/maismagazine.pt\/#website\",\"url\":\"http:\/\/maismagazine.pt\/\",\"name\":\"Mais Magazine\",\"description\":\"\",\"publisher\":{\"@id\":\"http:\/\/maismagazine.pt\/#organization\"},\"potentialAction\":[{\"@type\":\"SearchAction\",\"target\":{\"@type\":\"EntryPoint\",\"urlTemplate\":\"http:\/\/maismagazine.pt\/?s={search_term_string}\"},\"query-input\":{\"@type\":\"PropertyValueSpecification\",\"valueRequired\":true,\"valueName\":\"search_term_string\"}}],\"inLanguage\":\"pt-PT\"},{\"@type\":\"Organization\",\"@id\":\"http:\/\/maismagazine.pt\/#organization\",\"name\":\"Mais Magazine\",\"url\":\"http:\/\/maismagazine.pt\/\",\"logo\":{\"@type\":\"ImageObject\",\"inLanguage\":\"pt-PT\",\"@id\":\"http:\/\/maismagazine.pt\/#\/schema\/logo\/image\/\",\"url\":\"http:\/\/maismagazine.pt\/wp-content\/uploads\/2020\/04\/cropped-cropped-mais-magazine-site-logo-2.png\",\"contentUrl\":\"http:\/\/maismagazine.pt\/wp-content\/uploads\/2020\/04\/cropped-cropped-mais-magazine-site-logo-2.png\",\"width\":581,\"height\":90,\"caption\":\"Mais Magazine\"},\"image\":{\"@id\":\"http:\/\/maismagazine.pt\/#\/schema\/logo\/image\/\"}},{\"@type\":\"Person\",\"@id\":\"http:\/\/maismagazine.pt\/#\/schema\/person\/7426e2caeb8df32a1b56aa48dae778c9\",\"name\":\"Tatiana Martins\",\"image\":{\"@type\":\"ImageObject\",\"inLanguage\":\"pt-PT\",\"@id\":\"http:\/\/maismagazine.pt\/#\/schema\/person\/image\/\",\"url\":\"https:\/\/secure.gravatar.com\/avatar\/4b24a57f5d0425f2eb20981c4b53244e?s=96&d=mm&r=g\",\"contentUrl\":\"https:\/\/secure.gravatar.com\/avatar\/4b24a57f5d0425f2eb20981c4b53244e?s=96&d=mm&r=g\",\"caption\":\"Tatiana Martins\"},\"url\":\"http:\/\/maismagazine.pt\/index.php\/author\/tatiana\/\"}]}<\/script>\n<!-- \/ Yoast SEO plugin. -->","yoast_head_json":{"title":"Educar com Liberdade, Formar para o Futuro - Mais Magazine","robots":{"index":"index","follow":"follow","max-snippet":"max-snippet:-1","max-image-preview":"max-image-preview:large","max-video-preview":"max-video-preview:-1"},"canonical":"https:\/\/maismagazine.pt\/index.php\/2026\/03\/13\/educar-com-liberdade-formar-para-o-futuro\/","og_locale":"pt_PT","og_type":"article","og_title":"Educar com Liberdade, Formar para o Futuro - Mais Magazine","og_description":"A educa\u00e7\u00e3o, a forma\u00e7\u00e3o e o emprego constituem um tri\u00e2ngulo indissoci\u00e1vel para o desenvolvimento sustent\u00e1vel da sociedade portuguesa. Enquanto Presidente da Dire\u00e7\u00e3o da Associa\u00e7\u00e3o de Estabelecimentos de Ensino Particular e Cooperativo (AEEP), reafirmo a certeza de que o setor n\u00e3o estatal de ensino tem um papel determinante na constru\u00e7\u00e3o de&hellip;","og_url":"https:\/\/maismagazine.pt\/index.php\/2026\/03\/13\/educar-com-liberdade-formar-para-o-futuro\/","og_site_name":"Mais Magazine","article_published_time":"2026-03-13T07:00:00+00:00","og_image":[{"width":404,"height":539,"url":"https:\/\/maismagazine.pt\/wp-content\/uploads\/2026\/03\/1_35PA294779.jpg","type":"image\/jpeg"}],"author":"Tatiana Martins","twitter_card":"summary_large_image","twitter_misc":{"Escrito por":false,"Tempo estimado de leitura":"4 minutos"},"schema":{"@context":"https:\/\/schema.org","@graph":[{"@type":"Article","@id":"https:\/\/maismagazine.pt\/index.php\/2026\/03\/13\/educar-com-liberdade-formar-para-o-futuro\/#article","isPartOf":{"@id":"https:\/\/maismagazine.pt\/index.php\/2026\/03\/13\/educar-com-liberdade-formar-para-o-futuro\/"},"author":{"name":"Tatiana Martins","@id":"http:\/\/maismagazine.pt\/#\/schema\/person\/7426e2caeb8df32a1b56aa48dae778c9"},"headline":"Educar com Liberdade, Formar para o Futuro","datePublished":"2026-03-13T07:00:00+00:00","mainEntityOfPage":{"@id":"https:\/\/maismagazine.pt\/index.php\/2026\/03\/13\/educar-com-liberdade-formar-para-o-futuro\/"},"wordCount":604,"publisher":{"@id":"http:\/\/maismagazine.pt\/#organization"},"image":{"@id":"https:\/\/maismagazine.pt\/index.php\/2026\/03\/13\/educar-com-liberdade-formar-para-o-futuro\/#primaryimage"},"thumbnailUrl":"http:\/\/maismagazine.pt\/wp-content\/uploads\/2026\/03\/1_35PA294779.jpg","keywords":["AEEP","Ensino"],"articleSection":["Destaque lateral","Opini\u00e3o"],"inLanguage":"pt-PT"},{"@type":"WebPage","@id":"https:\/\/maismagazine.pt\/index.php\/2026\/03\/13\/educar-com-liberdade-formar-para-o-futuro\/","url":"https:\/\/maismagazine.pt\/index.php\/2026\/03\/13\/educar-com-liberdade-formar-para-o-futuro\/","name":"Educar com Liberdade, Formar para o Futuro - Mais Magazine","isPartOf":{"@id":"http:\/\/maismagazine.pt\/#website"},"primaryImageOfPage":{"@id":"https:\/\/maismagazine.pt\/index.php\/2026\/03\/13\/educar-com-liberdade-formar-para-o-futuro\/#primaryimage"},"image":{"@id":"https:\/\/maismagazine.pt\/index.php\/2026\/03\/13\/educar-com-liberdade-formar-para-o-futuro\/#primaryimage"},"thumbnailUrl":"http:\/\/maismagazine.pt\/wp-content\/uploads\/2026\/03\/1_35PA294779.jpg","datePublished":"2026-03-13T07:00:00+00:00","breadcrumb":{"@id":"https:\/\/maismagazine.pt\/index.php\/2026\/03\/13\/educar-com-liberdade-formar-para-o-futuro\/#breadcrumb"},"inLanguage":"pt-PT","potentialAction":[{"@type":"ReadAction","target":["https:\/\/maismagazine.pt\/index.php\/2026\/03\/13\/educar-com-liberdade-formar-para-o-futuro\/"]}]},{"@type":"ImageObject","inLanguage":"pt-PT","@id":"https:\/\/maismagazine.pt\/index.php\/2026\/03\/13\/educar-com-liberdade-formar-para-o-futuro\/#primaryimage","url":"http:\/\/maismagazine.pt\/wp-content\/uploads\/2026\/03\/1_35PA294779.jpg","contentUrl":"http:\/\/maismagazine.pt\/wp-content\/uploads\/2026\/03\/1_35PA294779.jpg","width":404,"height":539},{"@type":"BreadcrumbList","@id":"https:\/\/maismagazine.pt\/index.php\/2026\/03\/13\/educar-com-liberdade-formar-para-o-futuro\/#breadcrumb","itemListElement":[{"@type":"ListItem","position":1,"name":"Home","item":"http:\/\/maismagazine.pt\/"},{"@type":"ListItem","position":2,"name":"Educar com Liberdade, Formar para o Futuro"}]},{"@type":"WebSite","@id":"http:\/\/maismagazine.pt\/#website","url":"http:\/\/maismagazine.pt\/","name":"Mais Magazine","description":"","publisher":{"@id":"http:\/\/maismagazine.pt\/#organization"},"potentialAction":[{"@type":"SearchAction","target":{"@type":"EntryPoint","urlTemplate":"http:\/\/maismagazine.pt\/?s={search_term_string}"},"query-input":{"@type":"PropertyValueSpecification","valueRequired":true,"valueName":"search_term_string"}}],"inLanguage":"pt-PT"},{"@type":"Organization","@id":"http:\/\/maismagazine.pt\/#organization","name":"Mais Magazine","url":"http:\/\/maismagazine.pt\/","logo":{"@type":"ImageObject","inLanguage":"pt-PT","@id":"http:\/\/maismagazine.pt\/#\/schema\/logo\/image\/","url":"http:\/\/maismagazine.pt\/wp-content\/uploads\/2020\/04\/cropped-cropped-mais-magazine-site-logo-2.png","contentUrl":"http:\/\/maismagazine.pt\/wp-content\/uploads\/2020\/04\/cropped-cropped-mais-magazine-site-logo-2.png","width":581,"height":90,"caption":"Mais Magazine"},"image":{"@id":"http:\/\/maismagazine.pt\/#\/schema\/logo\/image\/"}},{"@type":"Person","@id":"http:\/\/maismagazine.pt\/#\/schema\/person\/7426e2caeb8df32a1b56aa48dae778c9","name":"Tatiana Martins","image":{"@type":"ImageObject","inLanguage":"pt-PT","@id":"http:\/\/maismagazine.pt\/#\/schema\/person\/image\/","url":"https:\/\/secure.gravatar.com\/avatar\/4b24a57f5d0425f2eb20981c4b53244e?s=96&d=mm&r=g","contentUrl":"https:\/\/secure.gravatar.com\/avatar\/4b24a57f5d0425f2eb20981c4b53244e?s=96&d=mm&r=g","caption":"Tatiana Martins"},"url":"http:\/\/maismagazine.pt\/index.php\/author\/tatiana\/"}]}},"author_meta":{"display_name":false,"author_link":"http:\/\/maismagazine.pt\/index.php\/author\/tatiana\/"},"featured_img":"http:\/\/maismagazine.pt\/wp-content\/uploads\/2026\/03\/1_35PA294779-225x300.jpg","coauthors":[],"tax_additional":{"categories":{"linked":["<a href=\"http:\/\/maismagazine.pt\/index.php\/category\/destaque\/\" class=\"advgb-post-tax-term\">Destaque lateral<\/a>","<a href=\"http:\/\/maismagazine.pt\/index.php\/category\/noticias\/opiniao\/\" class=\"advgb-post-tax-term\">Opini\u00e3o<\/a>"],"unlinked":["<span class=\"advgb-post-tax-term\">Destaque lateral<\/span>","<span class=\"advgb-post-tax-term\">Opini\u00e3o<\/span>"]},"tags":{"linked":["<a href=\"http:\/\/maismagazine.pt\/index.php\/category\/noticias\/opiniao\/\" class=\"advgb-post-tax-term\">AEEP<\/a>","<a href=\"http:\/\/maismagazine.pt\/index.php\/category\/noticias\/opiniao\/\" class=\"advgb-post-tax-term\">Ensino<\/a>"],"unlinked":["<span class=\"advgb-post-tax-term\">AEEP<\/span>","<span class=\"advgb-post-tax-term\">Ensino<\/span>"]}},"comment_count":"0","relative_dates":{"created":"Posted 2 meses ago","modified":"Updated 2 meses ago"},"absolute_dates":{"created":"Posted on 13 de Mar\u00e7o, 2026","modified":"Updated on 10 de Mar\u00e7o, 2026"},"absolute_dates_time":{"created":"Posted on 13 de Mar\u00e7o, 2026 7:00","modified":"Updated on 10 de Mar\u00e7o, 2026 14:48"},"featured_img_caption":"","series_order":"","_links":{"self":[{"href":"http:\/\/maismagazine.pt\/index.php\/wp-json\/wp\/v2\/posts\/13616","targetHints":{"allow":["GET"]}}],"collection":[{"href":"http:\/\/maismagazine.pt\/index.php\/wp-json\/wp\/v2\/posts"}],"about":[{"href":"http:\/\/maismagazine.pt\/index.php\/wp-json\/wp\/v2\/types\/post"}],"author":[{"embeddable":true,"href":"http:\/\/maismagazine.pt\/index.php\/wp-json\/wp\/v2\/users\/18"}],"replies":[{"embeddable":true,"href":"http:\/\/maismagazine.pt\/index.php\/wp-json\/wp\/v2\/comments?post=13616"}],"version-history":[{"count":1,"href":"http:\/\/maismagazine.pt\/index.php\/wp-json\/wp\/v2\/posts\/13616\/revisions"}],"predecessor-version":[{"id":13623,"href":"http:\/\/maismagazine.pt\/index.php\/wp-json\/wp\/v2\/posts\/13616\/revisions\/13623"}],"wp:featuredmedia":[{"embeddable":true,"href":"http:\/\/maismagazine.pt\/index.php\/wp-json\/wp\/v2\/media\/13621"}],"wp:attachment":[{"href":"http:\/\/maismagazine.pt\/index.php\/wp-json\/wp\/v2\/media?parent=13616"}],"wp:term":[{"taxonomy":"category","embeddable":true,"href":"http:\/\/maismagazine.pt\/index.php\/wp-json\/wp\/v2\/categories?post=13616"},{"taxonomy":"post_tag","embeddable":true,"href":"http:\/\/maismagazine.pt\/index.php\/wp-json\/wp\/v2\/tags?post=13616"}],"curies":[{"name":"wp","href":"https:\/\/api.w.org\/{rel}","templated":true}]}}