{"id":13601,"date":"2026-03-06T16:53:11","date_gmt":"2026-03-06T16:53:11","guid":{"rendered":"https:\/\/maismagazine.pt\/?p=13601"},"modified":"2026-03-06T16:53:15","modified_gmt":"2026-03-06T16:53:15","slug":"futuralia-abre-portas-na-proxima-quarta-feira-na-fil","status":"publish","type":"post","link":"http:\/\/maismagazine.pt\/index.php\/2026\/03\/06\/futuralia-abre-portas-na-proxima-quarta-feira-na-fil\/","title":{"rendered":"Futur\u00e1lia abre portas na pr\u00f3xima quarta-feira na FIL"},"content":{"rendered":"\n<p><strong>A <a href=\"https:\/\/futuralia.fil.pt\/\">Futur\u00e1lia<\/a>, a maior feira de educa\u00e7\u00e3o, forma\u00e7\u00e3o e empregabilidade do pa\u00eds, prepara-se para abrir portas na pr\u00f3xima semana na Feira Internacional de Lisboa (FIL), no Parque das Na\u00e7\u00f5es. A inaugura\u00e7\u00e3o oficial realiza-se \u00e0s 10h00 da pr\u00f3xima quarta-feira, dia 11 de mar\u00e7o, e ser\u00e1 marcada pela presen\u00e7a do Ministro da Educa\u00e7\u00e3o, Ci\u00eancia e Inova\u00e7\u00e3o, Fernando Alexandre. Na sua 17.\u00aa edi\u00e7\u00e3o, que decorre entre 11 e 14 de mar\u00e7o, a Futur\u00e1lia expande-se com novas \u00e1reas, assinalando um crescimento significativo do evento.<\/strong><\/p>\n\n\n\n<p><\/p>\n\n\n\n<p>Dois pavilh\u00f5es de Ensino Superior, Ensino Profissional e \u201cEstudar no estrangeiro\u201d; Um pavilh\u00e3o exclusivamente dedicado a Mestrados, P\u00f3s-gradua\u00e7\u00f5es, Forma\u00e7\u00e3o executiva e Emprego e pela 1\u00aa vez, o evento TECH_EDU, dedicado \u00e0 transi\u00e7\u00e3o digital do ensino, s\u00e3o os destaques desta edi\u00e7\u00e3o.<\/p>\n\n\n\n<p><\/p>\n\n\n\n<p>Com uma forte presen\u00e7a de universidades, institutos superiores nacionais e internacionais, e entidades de forma\u00e7\u00e3o profissional, distribu\u00eddas por dois pavilh\u00f5es, esta edi\u00e7\u00e3o dedica um terceiro pavilh\u00e3o\u00e0 \u00e1rea dos <strong>Mestrados<\/strong>, <strong>P\u00f3s-gradua\u00e7\u00f5es<\/strong>, <strong>Forma\u00e7\u00e3o executiva<\/strong> e <strong>Emprego &amp; Empregabilidade<\/strong>, uma aposta que refor\u00e7a a import\u00e2ncia da atualiza\u00e7\u00e3o e diversifica\u00e7\u00e3o da oferta formativa, respondendo \u00e0s necessidades de quem procura evoluir tanto a n\u00edvel acad\u00e9mico como profissional<strong><em>.&nbsp; <\/em><\/strong>\u201c<strong><em>Ao reunir estudantes, institui\u00e7\u00f5es de ensino e agentes do mercado laboral, a Futur\u00e1lia refor\u00e7a a sua posi\u00e7\u00e3o como um dos principais espa\u00e7os de encontro para orientar escolhas acad\u00e9micas e profissionais em Portugal, sublinhando o valor da forma\u00e7\u00e3o cont\u00ednua e da adapta\u00e7\u00e3o profissional num mercado que est\u00e1 em permanente evolu\u00e7\u00e3o<\/em><\/strong>\u201d, destaca Maria Jo\u00e3o Arruda, gestora da Futur\u00e1lia.<\/p>\n\n\n\n<p>O <strong>Ensino Superior<\/strong>,no pavilh\u00e3o 2, vai reuniruniversidades, institutos polit\u00e9cnicos e escolas superiores <strong>nacionais <\/strong>e<strong> internacionais<\/strong>, apresentando uma enorme diversidade de <strong>ofertas de licenciatura<\/strong> e <strong>oportunidades de mobilidade acad\u00e9mica<\/strong> para <strong>v\u00e1rios pa\u00edses da Europa<\/strong> e <strong>diferentes continentes<\/strong>. Reino Unido, Macau, Su\u00ed\u00e7a, Fran\u00e7a e Estados Unidos, s\u00e3o alguns dos pa\u00edses que v\u00e3o estar representados com propostas de cursos completos, programas de ver\u00e3o, interc\u00e2mbios, cursos de l\u00ednguas e possibilidade de bolsas de estudo. As resid\u00eancias universit\u00e1rias tamb\u00e9m v\u00e3o marcar presen\u00e7a no espa\u00e7o do Ensino Superior.<\/p>\n\n\n\n<p><\/p>\n\n\n\n<p>O <strong>Ensino Profissional<\/strong>,situado no pavilh\u00e3o 3,assume igualmente um papel de destaque, apresentando percursos de <strong>forma\u00e7\u00e3o pr\u00e1tica<\/strong>, com <strong>elevada empregabilidade<\/strong> em diversas \u00e1reas, como inform\u00e1tica t\u00e9cnica, mecatr\u00f3nica, eletricidade, energias renov\u00e1veis, hotelaria, sa\u00fade, desporto e tecnologias. O espa\u00e7o junta escolas profissionais, escolas tecnol\u00f3gicas e centros de forma\u00e7\u00e3o, que oferecem uma prepara\u00e7\u00e3o pr\u00e1tica e contacto direto com empresas revelando-se uma escolha inteligente para quem procura um percurso r\u00e1pido, com uma entrada mais c\u00e9lere no mercado de trabalho e com futuro garantido.<\/p>\n\n\n\n<p><\/p>\n\n\n\n<p>A par com a oferta educativa, e \u00e0 semelhan\u00e7a das \u00faltimas edi\u00e7\u00f5es, a <strong>Futur\u00e1lia<\/strong> disp\u00f5e de uma <strong>programa\u00e7\u00e3o<\/strong> com diversas <strong>a\u00e7\u00f5es de orienta\u00e7\u00e3o <\/strong>e<strong> sess\u00f5es de esclarecimento<\/strong> dirigidas aos estudantes, com inscri\u00e7\u00f5es a decorrer no site do evento. <em>\u201c<strong>Escolhe o curso certo para ti em 5 passos<\/strong>\u201d<\/em>, com o coach Hugo Morais; <em>\u201c<strong>Manual de sobreviv\u00eancia para o Ensino Superior<\/strong>\u201d<\/em>, promovido pela Inspiring the Future; <em>\u201c<strong>Secund\u00e1rio: Entre Factos e Fakes<\/strong>\u201d<\/em>, da Exploring Future; e <em>\u201c<strong>O que se espera do Ensino Superior: Muito mais do que estudar<\/strong>\u201d<\/em>, da Junior Enterprises, s\u00e3o algumas das a\u00e7\u00f5es e<em>talks<\/em> dispon\u00edveis na agenda.&nbsp;<\/p>\n\n\n\n<p><\/p>\n\n\n\n<p>Por \u00faltimo, o Pavilh\u00e3o Multiusos, a funcionar nos dias <strong>13 <\/strong>e <strong>14 de mar\u00e7o<\/strong> e de <strong>entrada livre<\/strong>, conta com uma \u00e1rea dedicada a finalistas do ensino superior e adultos que pretendem progredir na carreira &#8211; a \u00e1rea dos <strong>Mestrados<\/strong>, <strong>P\u00f3s-gradua\u00e7\u00f5es<\/strong> <strong>e Forma\u00e7\u00e3o Executiva<\/strong>, que re\u00fane universidades e institutos polit\u00e9cnicos nacionais e internacionais com programas de forma\u00e7\u00e3o avan\u00e7ada. Paralelamente, o <strong>Espa\u00e7o Emprego &amp; Empregabilidade<\/strong>, apresenta oportunidades de emprego em m\u00faltiplos sectores e constitui um ponto de refer\u00eancia para jovens \u00e0 procura do primeiro emprego e para profissionais ativos interessados em novas oportunidades: est\u00e1gios, vagas de emprego e sess\u00f5es de capacita\u00e7\u00e3o.<\/p>\n\n\n\n<p><\/p>\n\n\n\n<p>De assinalar, ainda, <strong>a 1\u00aa edi\u00e7\u00e3o do<\/strong> <strong>TECH_EDU<\/strong>, o <strong>primeiro evento nacional inteiramente dedicado \u00e0 transi\u00e7\u00e3o digital do ensino em Portugal<\/strong>, que decorre em paralelo com a Futur\u00e1lia entre <strong>11 e 13 de mar\u00e7o<\/strong>. Este \u00e9 um evento profissional que se dedica \u00e0s ferramentas, metodologias e solu\u00e7\u00f5es tecnol\u00f3gicas que est\u00e3o a transformar o presente e o futuro da aprendizagem, alinhando-se com as prioridades do Plano de A\u00e7\u00e3o para a Transi\u00e7\u00e3o Digital da Educa\u00e7\u00e3o e do Digital Education Action Plan 2021\u20132027 da Comiss\u00e3o Europeia. \u201c<strong><em>O TECH_EDU complementa a miss\u00e3o da Futur\u00e1lia de valoriza\u00e7\u00e3o da educa\u00e7\u00e3o e da qualifica\u00e7\u00e3o, oferecendo um foco mais especializado e estrat\u00e9gico: a tecnologia educativa e a transforma\u00e7\u00e3o digital do ensino. Se a Futur\u00e1lia se concentra nos percursos educativos e nas oportunidades de futuro, o TECH_EDU dedica-se \u00e0s ferramentas, metodologias e solu\u00e7\u00f5es tecnol\u00f3gicas que est\u00e3o a moldar o presente e o futuro da aprendizagem<\/em><\/strong>\u201d, resume Maria Jo\u00e3o Arruda.<\/p>\n\n\n\n<p><\/p>\n\n\n\n<p>A Futur\u00e1lia reafirma\u2011se, assim, como um evento essencial para quem procura <strong>informa\u00e7\u00e3o, orienta\u00e7\u00e3o e contacto direto com institui\u00e7\u00f5es e entidades que ajudam a construir percursos acad\u00e9micos e profissionais mais conscientes<\/strong>, acompanhando as exig\u00eancias de um mercado de trabalho em constante transforma\u00e7\u00e3o.&nbsp; Com o evento <strong>TECH_EDU<\/strong>, abre as portas \u00e0 <strong>transforma\u00e7\u00e3o digital<\/strong>, tornando a <strong>educa\u00e7\u00e3o mais atual, inclusiva e preparada para os desafios do futuro<\/strong>. Mais informa\u00e7\u00f5es em <a href=\"https:\/\/futuralia.fil.pt\/\">https:\/\/futuralia.fil.pt\/<\/a>. Sobre o TECH_EDU em <a href=\"https:\/\/techedu.fil.pt\/\">https:\/\/techedu.fil.pt\/<\/a>.<\/p>\n","protected":false},"excerpt":{"rendered":"<p>A Futur\u00e1lia, a maior feira de educa\u00e7\u00e3o, forma\u00e7\u00e3o e empregabilidade do pa\u00eds, prepara-se para abrir portas na pr\u00f3xima semana na Feira Internacional de Lisboa (FIL), no Parque das Na\u00e7\u00f5es. A inaugura\u00e7\u00e3o oficial realiza-se \u00e0s 10h00 da pr\u00f3xima quarta-feira, dia 11 de mar\u00e7o, e ser\u00e1 marcada pela presen\u00e7a do Ministro da&hellip;<\/p>\n","protected":false},"author":17,"featured_media":13602,"comment_status":"closed","ping_status":"open","sticky":false,"template":"","format":"standard","meta":{"advgb_blocks_editor_width":"","advgb_blocks_columns_visual_guide":"","_monsterinsights_skip_tracking":false,"_monsterinsights_sitenote_active":false,"_monsterinsights_sitenote_note":"","_monsterinsights_sitenote_category":0,"footnotes":""},"categories":[7],"tags":[2569],"class_list":["post-13601","post","type-post","status-publish","format-standard","has-post-thumbnail","hentry","category-noticias","tag-futuralia"],"yoast_head":"<!-- This site is optimized with the Yoast SEO plugin v24.4 - https:\/\/yoast.com\/wordpress\/plugins\/seo\/ -->\n<title>Futur\u00e1lia abre portas na pr\u00f3xima quarta-feira na FIL - Mais Magazine<\/title>\n<meta name=\"description\" content=\"A Futur\u00e1lia, a maior feira de educa\u00e7\u00e3o, forma\u00e7\u00e3o e empregabilidade do pa\u00eds, prepara-se para abrir portas na pr\u00f3xima semana na Feira Internacional de Lisboa (FIL), no Parque das Na\u00e7\u00f5es. A inaugura\u00e7\u00e3o oficial realiza-se \u00e0s 10h00 da pr\u00f3xima quarta-feira, dia 11 de mar\u00e7o, e ser\u00e1 marcada pela presen\u00e7a do Ministro da Educa\u00e7\u00e3o, Ci\u00eancia e Inova\u00e7\u00e3o, Fernando Alexandre. Na sua 17.\u00aa edi\u00e7\u00e3o, que decorre entre 11 e 14 de mar\u00e7o, a Futur\u00e1lia expande-se com novas \u00e1reas, assinalando um crescimento significativo do evento.\" \/>\n<meta name=\"robots\" content=\"index, follow, max-snippet:-1, max-image-preview:large, max-video-preview:-1\" \/>\n<link rel=\"canonical\" href=\"https:\/\/maismagazine.pt\/index.php\/2026\/03\/06\/futuralia-abre-portas-na-proxima-quarta-feira-na-fil\/\" \/>\n<meta property=\"og:locale\" content=\"pt_PT\" \/>\n<meta property=\"og:type\" content=\"article\" \/>\n<meta property=\"og:title\" content=\"Futur\u00e1lia abre portas na pr\u00f3xima quarta-feira na FIL - Mais Magazine\" \/>\n<meta property=\"og:description\" content=\"A Futur\u00e1lia, a maior feira de educa\u00e7\u00e3o, forma\u00e7\u00e3o e empregabilidade do pa\u00eds, prepara-se para abrir portas na pr\u00f3xima semana na Feira Internacional de Lisboa (FIL), no Parque das Na\u00e7\u00f5es. A inaugura\u00e7\u00e3o oficial realiza-se \u00e0s 10h00 da pr\u00f3xima quarta-feira, dia 11 de mar\u00e7o, e ser\u00e1 marcada pela presen\u00e7a do Ministro da Educa\u00e7\u00e3o, Ci\u00eancia e Inova\u00e7\u00e3o, Fernando Alexandre. Na sua 17.\u00aa edi\u00e7\u00e3o, que decorre entre 11 e 14 de mar\u00e7o, a Futur\u00e1lia expande-se com novas \u00e1reas, assinalando um crescimento significativo do evento.\" \/>\n<meta property=\"og:url\" content=\"https:\/\/maismagazine.pt\/index.php\/2026\/03\/06\/futuralia-abre-portas-na-proxima-quarta-feira-na-fil\/\" \/>\n<meta property=\"og:site_name\" content=\"Mais Magazine\" \/>\n<meta property=\"article:published_time\" content=\"2026-03-06T16:53:11+00:00\" \/>\n<meta property=\"article:modified_time\" content=\"2026-03-06T16:53:15+00:00\" \/>\n<meta property=\"og:image\" content=\"https:\/\/maismagazine.pt\/wp-content\/uploads\/2026\/03\/transferir.png\" \/>\n\t<meta property=\"og:image:width\" content=\"356\" \/>\n\t<meta property=\"og:image:height\" content=\"141\" \/>\n\t<meta property=\"og:image:type\" content=\"image\/png\" \/>\n<meta name=\"author\" content=\"Tiago Costa\" \/>\n<meta name=\"twitter:card\" content=\"summary_large_image\" \/>\n<meta name=\"twitter:label1\" content=\"Escrito por\" \/>\n\t<meta name=\"twitter:data1\" content=\"\" \/>\n\t<meta name=\"twitter:label2\" content=\"Tempo estimado de leitura\" \/>\n\t<meta name=\"twitter:data2\" content=\"5 minutos\" \/>\n<script type=\"application\/ld+json\" class=\"yoast-schema-graph\">{\"@context\":\"https:\/\/schema.org\",\"@graph\":[{\"@type\":\"Article\",\"@id\":\"https:\/\/maismagazine.pt\/index.php\/2026\/03\/06\/futuralia-abre-portas-na-proxima-quarta-feira-na-fil\/#article\",\"isPartOf\":{\"@id\":\"https:\/\/maismagazine.pt\/index.php\/2026\/03\/06\/futuralia-abre-portas-na-proxima-quarta-feira-na-fil\/\"},\"author\":{\"name\":\"Tiago Costa\",\"@id\":\"https:\/\/maismagazine.pt\/#\/schema\/person\/c6c5bfccc886434cbd11c74e035f9646\"},\"headline\":\"Futur\u00e1lia abre portas na pr\u00f3xima quarta-feira na FIL\",\"datePublished\":\"2026-03-06T16:53:11+00:00\",\"dateModified\":\"2026-03-06T16:53:15+00:00\",\"mainEntityOfPage\":{\"@id\":\"https:\/\/maismagazine.pt\/index.php\/2026\/03\/06\/futuralia-abre-portas-na-proxima-quarta-feira-na-fil\/\"},\"wordCount\":973,\"publisher\":{\"@id\":\"https:\/\/maismagazine.pt\/#organization\"},\"image\":{\"@id\":\"https:\/\/maismagazine.pt\/index.php\/2026\/03\/06\/futuralia-abre-portas-na-proxima-quarta-feira-na-fil\/#primaryimage\"},\"thumbnailUrl\":\"http:\/\/maismagazine.pt\/wp-content\/uploads\/2026\/03\/transferir.png\",\"keywords\":[\"Futur\u00e1lia\"],\"articleSection\":[\"Not\u00edcias\"],\"inLanguage\":\"pt-PT\"},{\"@type\":\"WebPage\",\"@id\":\"https:\/\/maismagazine.pt\/index.php\/2026\/03\/06\/futuralia-abre-portas-na-proxima-quarta-feira-na-fil\/\",\"url\":\"https:\/\/maismagazine.pt\/index.php\/2026\/03\/06\/futuralia-abre-portas-na-proxima-quarta-feira-na-fil\/\",\"name\":\"Futur\u00e1lia abre portas na pr\u00f3xima quarta-feira na FIL - Mais Magazine\",\"isPartOf\":{\"@id\":\"https:\/\/maismagazine.pt\/#website\"},\"primaryImageOfPage\":{\"@id\":\"https:\/\/maismagazine.pt\/index.php\/2026\/03\/06\/futuralia-abre-portas-na-proxima-quarta-feira-na-fil\/#primaryimage\"},\"image\":{\"@id\":\"https:\/\/maismagazine.pt\/index.php\/2026\/03\/06\/futuralia-abre-portas-na-proxima-quarta-feira-na-fil\/#primaryimage\"},\"thumbnailUrl\":\"http:\/\/maismagazine.pt\/wp-content\/uploads\/2026\/03\/transferir.png\",\"datePublished\":\"2026-03-06T16:53:11+00:00\",\"dateModified\":\"2026-03-06T16:53:15+00:00\",\"description\":\"A Futur\u00e1lia, a maior feira de educa\u00e7\u00e3o, forma\u00e7\u00e3o e empregabilidade do pa\u00eds, prepara-se para abrir portas na pr\u00f3xima semana na Feira Internacional de Lisboa (FIL), no Parque das Na\u00e7\u00f5es. A inaugura\u00e7\u00e3o oficial realiza-se \u00e0s 10h00 da pr\u00f3xima quarta-feira, dia 11 de mar\u00e7o, e ser\u00e1 marcada pela presen\u00e7a do Ministro da Educa\u00e7\u00e3o, Ci\u00eancia e Inova\u00e7\u00e3o, Fernando Alexandre. Na sua 17.\u00aa edi\u00e7\u00e3o, que decorre entre 11 e 14 de mar\u00e7o, a Futur\u00e1lia expande-se com novas \u00e1reas, assinalando um crescimento significativo do evento.\",\"breadcrumb\":{\"@id\":\"https:\/\/maismagazine.pt\/index.php\/2026\/03\/06\/futuralia-abre-portas-na-proxima-quarta-feira-na-fil\/#breadcrumb\"},\"inLanguage\":\"pt-PT\",\"potentialAction\":[{\"@type\":\"ReadAction\",\"target\":[\"https:\/\/maismagazine.pt\/index.php\/2026\/03\/06\/futuralia-abre-portas-na-proxima-quarta-feira-na-fil\/\"]}]},{\"@type\":\"ImageObject\",\"inLanguage\":\"pt-PT\",\"@id\":\"https:\/\/maismagazine.pt\/index.php\/2026\/03\/06\/futuralia-abre-portas-na-proxima-quarta-feira-na-fil\/#primaryimage\",\"url\":\"http:\/\/maismagazine.pt\/wp-content\/uploads\/2026\/03\/transferir.png\",\"contentUrl\":\"http:\/\/maismagazine.pt\/wp-content\/uploads\/2026\/03\/transferir.png\",\"width\":356,\"height\":141},{\"@type\":\"BreadcrumbList\",\"@id\":\"https:\/\/maismagazine.pt\/index.php\/2026\/03\/06\/futuralia-abre-portas-na-proxima-quarta-feira-na-fil\/#breadcrumb\",\"itemListElement\":[{\"@type\":\"ListItem\",\"position\":1,\"name\":\"Home\",\"item\":\"https:\/\/maismagazine.pt\/\"},{\"@type\":\"ListItem\",\"position\":2,\"name\":\"Futur\u00e1lia abre portas na pr\u00f3xima quarta-feira na FIL\"}]},{\"@type\":\"WebSite\",\"@id\":\"https:\/\/maismagazine.pt\/#website\",\"url\":\"https:\/\/maismagazine.pt\/\",\"name\":\"Mais Magazine\",\"description\":\"\",\"publisher\":{\"@id\":\"https:\/\/maismagazine.pt\/#organization\"},\"potentialAction\":[{\"@type\":\"SearchAction\",\"target\":{\"@type\":\"EntryPoint\",\"urlTemplate\":\"https:\/\/maismagazine.pt\/?s={search_term_string}\"},\"query-input\":{\"@type\":\"PropertyValueSpecification\",\"valueRequired\":true,\"valueName\":\"search_term_string\"}}],\"inLanguage\":\"pt-PT\"},{\"@type\":\"Organization\",\"@id\":\"https:\/\/maismagazine.pt\/#organization\",\"name\":\"Mais Magazine\",\"url\":\"https:\/\/maismagazine.pt\/\",\"logo\":{\"@type\":\"ImageObject\",\"inLanguage\":\"pt-PT\",\"@id\":\"https:\/\/maismagazine.pt\/#\/schema\/logo\/image\/\",\"url\":\"http:\/\/maismagazine.pt\/wp-content\/uploads\/2020\/04\/cropped-cropped-mais-magazine-site-logo-2.png\",\"contentUrl\":\"http:\/\/maismagazine.pt\/wp-content\/uploads\/2020\/04\/cropped-cropped-mais-magazine-site-logo-2.png\",\"width\":581,\"height\":90,\"caption\":\"Mais Magazine\"},\"image\":{\"@id\":\"https:\/\/maismagazine.pt\/#\/schema\/logo\/image\/\"}},{\"@type\":\"Person\",\"@id\":\"https:\/\/maismagazine.pt\/#\/schema\/person\/c6c5bfccc886434cbd11c74e035f9646\",\"name\":\"Tiago Costa\",\"image\":{\"@type\":\"ImageObject\",\"inLanguage\":\"pt-PT\",\"@id\":\"https:\/\/maismagazine.pt\/#\/schema\/person\/image\/\",\"url\":\"https:\/\/secure.gravatar.com\/avatar\/c599b2bce16c9870429198cbad5ee022?s=96&d=mm&r=g\",\"contentUrl\":\"https:\/\/secure.gravatar.com\/avatar\/c599b2bce16c9870429198cbad5ee022?s=96&d=mm&r=g\",\"caption\":\"Tiago Costa\"},\"url\":\"http:\/\/maismagazine.pt\/index.php\/author\/tiago\/\"}]}<\/script>\n<!-- \/ Yoast SEO plugin. -->","yoast_head_json":{"title":"Futur\u00e1lia abre portas na pr\u00f3xima quarta-feira na FIL - Mais Magazine","description":"A Futur\u00e1lia, a maior feira de educa\u00e7\u00e3o, forma\u00e7\u00e3o e empregabilidade do pa\u00eds, prepara-se para abrir portas na pr\u00f3xima semana na Feira Internacional de Lisboa (FIL), no Parque das Na\u00e7\u00f5es. A inaugura\u00e7\u00e3o oficial realiza-se \u00e0s 10h00 da pr\u00f3xima quarta-feira, dia 11 de mar\u00e7o, e ser\u00e1 marcada pela presen\u00e7a do Ministro da Educa\u00e7\u00e3o, Ci\u00eancia e Inova\u00e7\u00e3o, Fernando Alexandre. Na sua 17.\u00aa edi\u00e7\u00e3o, que decorre entre 11 e 14 de mar\u00e7o, a Futur\u00e1lia expande-se com novas \u00e1reas, assinalando um crescimento significativo do evento.","robots":{"index":"index","follow":"follow","max-snippet":"max-snippet:-1","max-image-preview":"max-image-preview:large","max-video-preview":"max-video-preview:-1"},"canonical":"https:\/\/maismagazine.pt\/index.php\/2026\/03\/06\/futuralia-abre-portas-na-proxima-quarta-feira-na-fil\/","og_locale":"pt_PT","og_type":"article","og_title":"Futur\u00e1lia abre portas na pr\u00f3xima quarta-feira na FIL - Mais Magazine","og_description":"A Futur\u00e1lia, a maior feira de educa\u00e7\u00e3o, forma\u00e7\u00e3o e empregabilidade do pa\u00eds, prepara-se para abrir portas na pr\u00f3xima semana na Feira Internacional de Lisboa (FIL), no Parque das Na\u00e7\u00f5es. A inaugura\u00e7\u00e3o oficial realiza-se \u00e0s 10h00 da pr\u00f3xima quarta-feira, dia 11 de mar\u00e7o, e ser\u00e1 marcada pela presen\u00e7a do Ministro da Educa\u00e7\u00e3o, Ci\u00eancia e Inova\u00e7\u00e3o, Fernando Alexandre. Na sua 17.\u00aa edi\u00e7\u00e3o, que decorre entre 11 e 14 de mar\u00e7o, a Futur\u00e1lia expande-se com novas \u00e1reas, assinalando um crescimento significativo do evento.","og_url":"https:\/\/maismagazine.pt\/index.php\/2026\/03\/06\/futuralia-abre-portas-na-proxima-quarta-feira-na-fil\/","og_site_name":"Mais Magazine","article_published_time":"2026-03-06T16:53:11+00:00","article_modified_time":"2026-03-06T16:53:15+00:00","og_image":[{"width":356,"height":141,"url":"https:\/\/maismagazine.pt\/wp-content\/uploads\/2026\/03\/transferir.png","type":"image\/png"}],"author":"Tiago Costa","twitter_card":"summary_large_image","twitter_misc":{"Escrito por":false,"Tempo estimado de leitura":"5 minutos"},"schema":{"@context":"https:\/\/schema.org","@graph":[{"@type":"Article","@id":"https:\/\/maismagazine.pt\/index.php\/2026\/03\/06\/futuralia-abre-portas-na-proxima-quarta-feira-na-fil\/#article","isPartOf":{"@id":"https:\/\/maismagazine.pt\/index.php\/2026\/03\/06\/futuralia-abre-portas-na-proxima-quarta-feira-na-fil\/"},"author":{"name":"Tiago Costa","@id":"https:\/\/maismagazine.pt\/#\/schema\/person\/c6c5bfccc886434cbd11c74e035f9646"},"headline":"Futur\u00e1lia abre portas na pr\u00f3xima quarta-feira na FIL","datePublished":"2026-03-06T16:53:11+00:00","dateModified":"2026-03-06T16:53:15+00:00","mainEntityOfPage":{"@id":"https:\/\/maismagazine.pt\/index.php\/2026\/03\/06\/futuralia-abre-portas-na-proxima-quarta-feira-na-fil\/"},"wordCount":973,"publisher":{"@id":"https:\/\/maismagazine.pt\/#organization"},"image":{"@id":"https:\/\/maismagazine.pt\/index.php\/2026\/03\/06\/futuralia-abre-portas-na-proxima-quarta-feira-na-fil\/#primaryimage"},"thumbnailUrl":"http:\/\/maismagazine.pt\/wp-content\/uploads\/2026\/03\/transferir.png","keywords":["Futur\u00e1lia"],"articleSection":["Not\u00edcias"],"inLanguage":"pt-PT"},{"@type":"WebPage","@id":"https:\/\/maismagazine.pt\/index.php\/2026\/03\/06\/futuralia-abre-portas-na-proxima-quarta-feira-na-fil\/","url":"https:\/\/maismagazine.pt\/index.php\/2026\/03\/06\/futuralia-abre-portas-na-proxima-quarta-feira-na-fil\/","name":"Futur\u00e1lia abre portas na pr\u00f3xima quarta-feira na FIL - Mais Magazine","isPartOf":{"@id":"https:\/\/maismagazine.pt\/#website"},"primaryImageOfPage":{"@id":"https:\/\/maismagazine.pt\/index.php\/2026\/03\/06\/futuralia-abre-portas-na-proxima-quarta-feira-na-fil\/#primaryimage"},"image":{"@id":"https:\/\/maismagazine.pt\/index.php\/2026\/03\/06\/futuralia-abre-portas-na-proxima-quarta-feira-na-fil\/#primaryimage"},"thumbnailUrl":"http:\/\/maismagazine.pt\/wp-content\/uploads\/2026\/03\/transferir.png","datePublished":"2026-03-06T16:53:11+00:00","dateModified":"2026-03-06T16:53:15+00:00","description":"A Futur\u00e1lia, a maior feira de educa\u00e7\u00e3o, forma\u00e7\u00e3o e empregabilidade do pa\u00eds, prepara-se para abrir portas na pr\u00f3xima semana na Feira Internacional de Lisboa (FIL), no Parque das Na\u00e7\u00f5es. A inaugura\u00e7\u00e3o oficial realiza-se \u00e0s 10h00 da pr\u00f3xima quarta-feira, dia 11 de mar\u00e7o, e ser\u00e1 marcada pela presen\u00e7a do Ministro da Educa\u00e7\u00e3o, Ci\u00eancia e Inova\u00e7\u00e3o, Fernando Alexandre. Na sua 17.\u00aa edi\u00e7\u00e3o, que decorre entre 11 e 14 de mar\u00e7o, a Futur\u00e1lia expande-se com novas \u00e1reas, assinalando um crescimento significativo do evento.","breadcrumb":{"@id":"https:\/\/maismagazine.pt\/index.php\/2026\/03\/06\/futuralia-abre-portas-na-proxima-quarta-feira-na-fil\/#breadcrumb"},"inLanguage":"pt-PT","potentialAction":[{"@type":"ReadAction","target":["https:\/\/maismagazine.pt\/index.php\/2026\/03\/06\/futuralia-abre-portas-na-proxima-quarta-feira-na-fil\/"]}]},{"@type":"ImageObject","inLanguage":"pt-PT","@id":"https:\/\/maismagazine.pt\/index.php\/2026\/03\/06\/futuralia-abre-portas-na-proxima-quarta-feira-na-fil\/#primaryimage","url":"http:\/\/maismagazine.pt\/wp-content\/uploads\/2026\/03\/transferir.png","contentUrl":"http:\/\/maismagazine.pt\/wp-content\/uploads\/2026\/03\/transferir.png","width":356,"height":141},{"@type":"BreadcrumbList","@id":"https:\/\/maismagazine.pt\/index.php\/2026\/03\/06\/futuralia-abre-portas-na-proxima-quarta-feira-na-fil\/#breadcrumb","itemListElement":[{"@type":"ListItem","position":1,"name":"Home","item":"https:\/\/maismagazine.pt\/"},{"@type":"ListItem","position":2,"name":"Futur\u00e1lia abre portas na pr\u00f3xima quarta-feira na FIL"}]},{"@type":"WebSite","@id":"https:\/\/maismagazine.pt\/#website","url":"https:\/\/maismagazine.pt\/","name":"Mais Magazine","description":"","publisher":{"@id":"https:\/\/maismagazine.pt\/#organization"},"potentialAction":[{"@type":"SearchAction","target":{"@type":"EntryPoint","urlTemplate":"https:\/\/maismagazine.pt\/?s={search_term_string}"},"query-input":{"@type":"PropertyValueSpecification","valueRequired":true,"valueName":"search_term_string"}}],"inLanguage":"pt-PT"},{"@type":"Organization","@id":"https:\/\/maismagazine.pt\/#organization","name":"Mais Magazine","url":"https:\/\/maismagazine.pt\/","logo":{"@type":"ImageObject","inLanguage":"pt-PT","@id":"https:\/\/maismagazine.pt\/#\/schema\/logo\/image\/","url":"http:\/\/maismagazine.pt\/wp-content\/uploads\/2020\/04\/cropped-cropped-mais-magazine-site-logo-2.png","contentUrl":"http:\/\/maismagazine.pt\/wp-content\/uploads\/2020\/04\/cropped-cropped-mais-magazine-site-logo-2.png","width":581,"height":90,"caption":"Mais Magazine"},"image":{"@id":"https:\/\/maismagazine.pt\/#\/schema\/logo\/image\/"}},{"@type":"Person","@id":"https:\/\/maismagazine.pt\/#\/schema\/person\/c6c5bfccc886434cbd11c74e035f9646","name":"Tiago Costa","image":{"@type":"ImageObject","inLanguage":"pt-PT","@id":"https:\/\/maismagazine.pt\/#\/schema\/person\/image\/","url":"https:\/\/secure.gravatar.com\/avatar\/c599b2bce16c9870429198cbad5ee022?s=96&d=mm&r=g","contentUrl":"https:\/\/secure.gravatar.com\/avatar\/c599b2bce16c9870429198cbad5ee022?s=96&d=mm&r=g","caption":"Tiago Costa"},"url":"http:\/\/maismagazine.pt\/index.php\/author\/tiago\/"}]}},"author_meta":{"display_name":false,"author_link":"http:\/\/maismagazine.pt\/index.php\/author\/tiago\/"},"featured_img":"http:\/\/maismagazine.pt\/wp-content\/uploads\/2026\/03\/transferir-300x119.png","coauthors":[],"tax_additional":{"categories":{"linked":["<a href=\"http:\/\/maismagazine.pt\/index.php\/category\/noticias\/\" class=\"advgb-post-tax-term\">Not\u00edcias<\/a>"],"unlinked":["<span class=\"advgb-post-tax-term\">Not\u00edcias<\/span>"]},"tags":{"linked":["<a href=\"http:\/\/maismagazine.pt\/index.php\/category\/noticias\/\" class=\"advgb-post-tax-term\">Futur\u00e1lia<\/a>"],"unlinked":["<span class=\"advgb-post-tax-term\">Futur\u00e1lia<\/span>"]}},"comment_count":"0","relative_dates":{"created":"Posted 2 meses ago","modified":"Updated 2 meses ago"},"absolute_dates":{"created":"Posted on 6 de Mar\u00e7o, 2026","modified":"Updated on 6 de Mar\u00e7o, 2026"},"absolute_dates_time":{"created":"Posted on 6 de Mar\u00e7o, 2026 16:53","modified":"Updated on 6 de Mar\u00e7o, 2026 16:53"},"featured_img_caption":"","series_order":"","_links":{"self":[{"href":"http:\/\/maismagazine.pt\/index.php\/wp-json\/wp\/v2\/posts\/13601","targetHints":{"allow":["GET"]}}],"collection":[{"href":"http:\/\/maismagazine.pt\/index.php\/wp-json\/wp\/v2\/posts"}],"about":[{"href":"http:\/\/maismagazine.pt\/index.php\/wp-json\/wp\/v2\/types\/post"}],"author":[{"embeddable":true,"href":"http:\/\/maismagazine.pt\/index.php\/wp-json\/wp\/v2\/users\/17"}],"replies":[{"embeddable":true,"href":"http:\/\/maismagazine.pt\/index.php\/wp-json\/wp\/v2\/comments?post=13601"}],"version-history":[{"count":1,"href":"http:\/\/maismagazine.pt\/index.php\/wp-json\/wp\/v2\/posts\/13601\/revisions"}],"predecessor-version":[{"id":13603,"href":"http:\/\/maismagazine.pt\/index.php\/wp-json\/wp\/v2\/posts\/13601\/revisions\/13603"}],"wp:featuredmedia":[{"embeddable":true,"href":"http:\/\/maismagazine.pt\/index.php\/wp-json\/wp\/v2\/media\/13602"}],"wp:attachment":[{"href":"http:\/\/maismagazine.pt\/index.php\/wp-json\/wp\/v2\/media?parent=13601"}],"wp:term":[{"taxonomy":"category","embeddable":true,"href":"http:\/\/maismagazine.pt\/index.php\/wp-json\/wp\/v2\/categories?post=13601"},{"taxonomy":"post_tag","embeddable":true,"href":"http:\/\/maismagazine.pt\/index.php\/wp-json\/wp\/v2\/tags?post=13601"}],"curies":[{"name":"wp","href":"https:\/\/api.w.org\/{rel}","templated":true}]}}