{"id":13376,"date":"2026-01-16T11:01:07","date_gmt":"2026-01-16T11:01:07","guid":{"rendered":"https:\/\/maismagazine.pt\/?p=13376"},"modified":"2026-01-16T11:01:31","modified_gmt":"2026-01-16T11:01:31","slug":"este-estacao-teatral-apresenta-em-processo-em-castelo-branco","status":"publish","type":"post","link":"http:\/\/maismagazine.pt\/index.php\/2026\/01\/16\/este-estacao-teatral-apresenta-em-processo-em-castelo-branco\/","title":{"rendered":"ESTE \u2013 Esta\u00e7\u00e3o Teatral apresenta \u201cEM PROCESSO\u201d em Castelo Branco"},"content":{"rendered":"\n<p><strong>No dia 23 de janeiro, sexta-feira, \u00e0s 21h30, o espet\u00e1culo \u201cEM PROCESSO\u201d entra em cena no CineTeatro Avenida, em Castelo Branco, numa apresenta\u00e7\u00e3o da ESTE \u2013 Esta\u00e7\u00e3o Teatral que se afirma como uma cria\u00e7\u00e3o multidisciplinar de forte densidade conceptual e sensorial.<\/strong><\/p>\n\n\n\n<p><\/p>\n\n\n\n<p>A cria\u00e7\u00e3o parte de <em>O Processo<\/em>, romance p\u00f3stumo de Franz Kafka cuja primeira publica\u00e7\u00e3o completou, em 2025, cem anos, tomando como ponto de partida a hist\u00f3ria de Josef K., um jovem funcion\u00e1rio banc\u00e1rio que se v\u00ea subitamente implicado num processo judicial obscuro, sem acusa\u00e7\u00e3o conhecida nem fundamento identific\u00e1vel. A partir desta situa\u00e7\u00e3o de arbitrariedade e opress\u00e3o, o espet\u00e1culo convoca uma reflex\u00e3o sobre a fragilidade do indiv\u00edduo perante estruturas institucionais impessoais, abordando quest\u00f5es como o poder, a burocracia, a culpa e a eros\u00e3o do sentido da exist\u00eancia.<\/p>\n\n\n\n<p><\/p>\n\n\n\n<p>A proposta c\u00e9nica de \u201cEM PROCESSO\u201d desenvolve-se como uma coreografia de linguagens, cruzando teatro, m\u00fasica e desenho digital ao vivo numa articula\u00e7\u00e3o cont\u00ednua entre imagem, som e a\u00e7\u00e3o teatral. A presen\u00e7a em palco de um artista visual e de um m\u00fasico possibilita um di\u00e1logo em tempo real entre formas, texturas e paisagens sonoras, que se entrela\u00e7am com a interpreta\u00e7\u00e3o dos atores, ampliando a dimens\u00e3o sensorial e contempor\u00e2nea da cria\u00e7\u00e3o.<\/p>\n\n\n\n<p><\/p>\n\n\n\n<p>Com esta cria\u00e7\u00e3o, a ESTE \u2013 Esta\u00e7\u00e3o Teatral convida o p\u00fablico para uma experi\u00eancia est\u00e9tica e reflexiva, na convic\u00e7\u00e3o de que o absurdo labir\u00edntico de Kafka permanece surpreendentemente atual, ecoando de forma perturbadora no mundo e no tempo que habitamos. \u201cEM PROCESSO\u201d apresenta-se, assim, como um espa\u00e7o de questionamento e confronto, onde a cena se transforma num espelho cr\u00edtico das engrenagens invis\u00edveis que continuam a moldar e, por vezes, a esvaziar a condi\u00e7\u00e3o humana.<\/p>\n\n\n\n<p><\/p>\n\n\n\n<p>Dura\u00e7\u00e3o: 100 min.<\/p>\n\n\n\n<p>Classifica\u00e7\u00e3o Et\u00e1ria: M\/12<\/p>\n\n\n\n<p>Bilhete: 5,00\u20ac<\/p>\n","protected":false},"excerpt":{"rendered":"<p>No dia 23 de janeiro, sexta-feira, \u00e0s 21h30, o espet\u00e1culo \u201cEM PROCESSO\u201d entra em cena no CineTeatro Avenida, em Castelo Branco, numa apresenta\u00e7\u00e3o da ESTE \u2013 Esta\u00e7\u00e3o Teatral que se afirma como uma cria\u00e7\u00e3o multidisciplinar de forte densidade conceptual e sensorial. A cria\u00e7\u00e3o parte de O Processo, romance p\u00f3stumo de&hellip;<\/p>\n","protected":false},"author":17,"featured_media":13377,"comment_status":"closed","ping_status":"open","sticky":false,"template":"","format":"standard","meta":{"advgb_blocks_editor_width":"","advgb_blocks_columns_visual_guide":"","_monsterinsights_skip_tracking":false,"_monsterinsights_sitenote_active":false,"_monsterinsights_sitenote_note":"","_monsterinsights_sitenote_category":0,"footnotes":""},"categories":[7],"tags":[2546],"class_list":["post-13376","post","type-post","status-publish","format-standard","has-post-thumbnail","hentry","category-noticias","tag-este"],"yoast_head":"<!-- This site is optimized with the Yoast SEO plugin v24.4 - https:\/\/yoast.com\/wordpress\/plugins\/seo\/ -->\n<title>ESTE \u2013 Esta\u00e7\u00e3o Teatral apresenta \u201cEM PROCESSO\u201d em Castelo Branco - Mais Magazine<\/title>\n<meta name=\"description\" content=\"No dia 23 de janeiro, sexta-feira, \u00e0s 21h30, o espet\u00e1culo \u201cEM PROCESSO\u201d entra em cena no Cine-Teatro Avenida, em Castelo Branco, numa apresenta\u00e7\u00e3o da ESTE \u2013 Esta\u00e7\u00e3o Teatral que se afirma como uma cria\u00e7\u00e3o multidisciplinar de forte densidade conceptual e sensorial.\" \/>\n<meta name=\"robots\" content=\"index, follow, max-snippet:-1, max-image-preview:large, max-video-preview:-1\" \/>\n<link rel=\"canonical\" href=\"https:\/\/maismagazine.pt\/index.php\/2026\/01\/16\/este-estacao-teatral-apresenta-em-processo-em-castelo-branco\/\" \/>\n<meta property=\"og:locale\" content=\"pt_PT\" \/>\n<meta property=\"og:type\" content=\"article\" \/>\n<meta property=\"og:title\" content=\"ESTE \u2013 Esta\u00e7\u00e3o Teatral apresenta \u201cEM PROCESSO\u201d em Castelo Branco - Mais Magazine\" \/>\n<meta property=\"og:description\" content=\"No dia 23 de janeiro, sexta-feira, \u00e0s 21h30, o espet\u00e1culo \u201cEM PROCESSO\u201d entra em cena no Cine-Teatro Avenida, em Castelo Branco, numa apresenta\u00e7\u00e3o da ESTE \u2013 Esta\u00e7\u00e3o Teatral que se afirma como uma cria\u00e7\u00e3o multidisciplinar de forte densidade conceptual e sensorial.\" \/>\n<meta property=\"og:url\" content=\"https:\/\/maismagazine.pt\/index.php\/2026\/01\/16\/este-estacao-teatral-apresenta-em-processo-em-castelo-branco\/\" \/>\n<meta property=\"og:site_name\" content=\"Mais Magazine\" \/>\n<meta property=\"article:published_time\" content=\"2026-01-16T11:01:07+00:00\" \/>\n<meta property=\"article:modified_time\" content=\"2026-01-16T11:01:31+00:00\" \/>\n<meta property=\"og:image\" content=\"https:\/\/maismagazine.pt\/wp-content\/uploads\/2026\/01\/Em-Processo.png\" \/>\n\t<meta property=\"og:image:width\" content=\"1921\" \/>\n\t<meta property=\"og:image:height\" content=\"1081\" \/>\n\t<meta property=\"og:image:type\" content=\"image\/png\" \/>\n<meta name=\"author\" content=\"Tiago Costa\" \/>\n<meta name=\"twitter:card\" content=\"summary_large_image\" \/>\n<meta name=\"twitter:label1\" content=\"Escrito por\" \/>\n\t<meta name=\"twitter:data1\" content=\"\" \/>\n\t<meta name=\"twitter:label2\" content=\"Tempo estimado de leitura\" \/>\n\t<meta name=\"twitter:data2\" content=\"2 minutos\" \/>\n<script type=\"application\/ld+json\" class=\"yoast-schema-graph\">{\"@context\":\"https:\/\/schema.org\",\"@graph\":[{\"@type\":\"Article\",\"@id\":\"https:\/\/maismagazine.pt\/index.php\/2026\/01\/16\/este-estacao-teatral-apresenta-em-processo-em-castelo-branco\/#article\",\"isPartOf\":{\"@id\":\"https:\/\/maismagazine.pt\/index.php\/2026\/01\/16\/este-estacao-teatral-apresenta-em-processo-em-castelo-branco\/\"},\"author\":{\"name\":\"Tiago Costa\",\"@id\":\"https:\/\/maismagazine.pt\/#\/schema\/person\/c6c5bfccc886434cbd11c74e035f9646\"},\"headline\":\"ESTE \u2013 Esta\u00e7\u00e3o Teatral apresenta \u201cEM PROCESSO\u201d em Castelo Branco\",\"datePublished\":\"2026-01-16T11:01:07+00:00\",\"dateModified\":\"2026-01-16T11:01:31+00:00\",\"mainEntityOfPage\":{\"@id\":\"https:\/\/maismagazine.pt\/index.php\/2026\/01\/16\/este-estacao-teatral-apresenta-em-processo-em-castelo-branco\/\"},\"wordCount\":329,\"publisher\":{\"@id\":\"https:\/\/maismagazine.pt\/#organization\"},\"image\":{\"@id\":\"https:\/\/maismagazine.pt\/index.php\/2026\/01\/16\/este-estacao-teatral-apresenta-em-processo-em-castelo-branco\/#primaryimage\"},\"thumbnailUrl\":\"http:\/\/maismagazine.pt\/wp-content\/uploads\/2026\/01\/Em-Processo.png\",\"keywords\":[\"ESTE\"],\"articleSection\":[\"Not\u00edcias\"],\"inLanguage\":\"pt-PT\"},{\"@type\":\"WebPage\",\"@id\":\"https:\/\/maismagazine.pt\/index.php\/2026\/01\/16\/este-estacao-teatral-apresenta-em-processo-em-castelo-branco\/\",\"url\":\"https:\/\/maismagazine.pt\/index.php\/2026\/01\/16\/este-estacao-teatral-apresenta-em-processo-em-castelo-branco\/\",\"name\":\"ESTE \u2013 Esta\u00e7\u00e3o Teatral apresenta \u201cEM PROCESSO\u201d em Castelo Branco - Mais Magazine\",\"isPartOf\":{\"@id\":\"https:\/\/maismagazine.pt\/#website\"},\"primaryImageOfPage\":{\"@id\":\"https:\/\/maismagazine.pt\/index.php\/2026\/01\/16\/este-estacao-teatral-apresenta-em-processo-em-castelo-branco\/#primaryimage\"},\"image\":{\"@id\":\"https:\/\/maismagazine.pt\/index.php\/2026\/01\/16\/este-estacao-teatral-apresenta-em-processo-em-castelo-branco\/#primaryimage\"},\"thumbnailUrl\":\"http:\/\/maismagazine.pt\/wp-content\/uploads\/2026\/01\/Em-Processo.png\",\"datePublished\":\"2026-01-16T11:01:07+00:00\",\"dateModified\":\"2026-01-16T11:01:31+00:00\",\"description\":\"No dia 23 de janeiro, sexta-feira, \u00e0s 21h30, o espet\u00e1culo \u201cEM PROCESSO\u201d entra em cena no Cine-Teatro Avenida, em Castelo Branco, numa apresenta\u00e7\u00e3o da ESTE \u2013 Esta\u00e7\u00e3o Teatral que se afirma como uma cria\u00e7\u00e3o multidisciplinar de forte densidade conceptual e sensorial.\",\"breadcrumb\":{\"@id\":\"https:\/\/maismagazine.pt\/index.php\/2026\/01\/16\/este-estacao-teatral-apresenta-em-processo-em-castelo-branco\/#breadcrumb\"},\"inLanguage\":\"pt-PT\",\"potentialAction\":[{\"@type\":\"ReadAction\",\"target\":[\"https:\/\/maismagazine.pt\/index.php\/2026\/01\/16\/este-estacao-teatral-apresenta-em-processo-em-castelo-branco\/\"]}]},{\"@type\":\"ImageObject\",\"inLanguage\":\"pt-PT\",\"@id\":\"https:\/\/maismagazine.pt\/index.php\/2026\/01\/16\/este-estacao-teatral-apresenta-em-processo-em-castelo-branco\/#primaryimage\",\"url\":\"http:\/\/maismagazine.pt\/wp-content\/uploads\/2026\/01\/Em-Processo.png\",\"contentUrl\":\"http:\/\/maismagazine.pt\/wp-content\/uploads\/2026\/01\/Em-Processo.png\",\"width\":1921,\"height\":1081},{\"@type\":\"BreadcrumbList\",\"@id\":\"https:\/\/maismagazine.pt\/index.php\/2026\/01\/16\/este-estacao-teatral-apresenta-em-processo-em-castelo-branco\/#breadcrumb\",\"itemListElement\":[{\"@type\":\"ListItem\",\"position\":1,\"name\":\"Home\",\"item\":\"https:\/\/maismagazine.pt\/\"},{\"@type\":\"ListItem\",\"position\":2,\"name\":\"ESTE \u2013 Esta\u00e7\u00e3o Teatral apresenta \u201cEM PROCESSO\u201d em Castelo Branco\"}]},{\"@type\":\"WebSite\",\"@id\":\"https:\/\/maismagazine.pt\/#website\",\"url\":\"https:\/\/maismagazine.pt\/\",\"name\":\"Mais Magazine\",\"description\":\"\",\"publisher\":{\"@id\":\"https:\/\/maismagazine.pt\/#organization\"},\"potentialAction\":[{\"@type\":\"SearchAction\",\"target\":{\"@type\":\"EntryPoint\",\"urlTemplate\":\"https:\/\/maismagazine.pt\/?s={search_term_string}\"},\"query-input\":{\"@type\":\"PropertyValueSpecification\",\"valueRequired\":true,\"valueName\":\"search_term_string\"}}],\"inLanguage\":\"pt-PT\"},{\"@type\":\"Organization\",\"@id\":\"https:\/\/maismagazine.pt\/#organization\",\"name\":\"Mais Magazine\",\"url\":\"https:\/\/maismagazine.pt\/\",\"logo\":{\"@type\":\"ImageObject\",\"inLanguage\":\"pt-PT\",\"@id\":\"https:\/\/maismagazine.pt\/#\/schema\/logo\/image\/\",\"url\":\"http:\/\/maismagazine.pt\/wp-content\/uploads\/2020\/04\/cropped-cropped-mais-magazine-site-logo-2.png\",\"contentUrl\":\"http:\/\/maismagazine.pt\/wp-content\/uploads\/2020\/04\/cropped-cropped-mais-magazine-site-logo-2.png\",\"width\":581,\"height\":90,\"caption\":\"Mais Magazine\"},\"image\":{\"@id\":\"https:\/\/maismagazine.pt\/#\/schema\/logo\/image\/\"}},{\"@type\":\"Person\",\"@id\":\"https:\/\/maismagazine.pt\/#\/schema\/person\/c6c5bfccc886434cbd11c74e035f9646\",\"name\":\"Tiago Costa\",\"image\":{\"@type\":\"ImageObject\",\"inLanguage\":\"pt-PT\",\"@id\":\"https:\/\/maismagazine.pt\/#\/schema\/person\/image\/\",\"url\":\"https:\/\/secure.gravatar.com\/avatar\/c599b2bce16c9870429198cbad5ee022?s=96&d=mm&r=g\",\"contentUrl\":\"https:\/\/secure.gravatar.com\/avatar\/c599b2bce16c9870429198cbad5ee022?s=96&d=mm&r=g\",\"caption\":\"Tiago Costa\"},\"url\":\"http:\/\/maismagazine.pt\/index.php\/author\/tiago\/\"}]}<\/script>\n<!-- \/ Yoast SEO plugin. -->","yoast_head_json":{"title":"ESTE \u2013 Esta\u00e7\u00e3o Teatral apresenta \u201cEM PROCESSO\u201d em Castelo Branco - Mais Magazine","description":"No dia 23 de janeiro, sexta-feira, \u00e0s 21h30, o espet\u00e1culo \u201cEM PROCESSO\u201d entra em cena no Cine-Teatro Avenida, em Castelo Branco, numa apresenta\u00e7\u00e3o da ESTE \u2013 Esta\u00e7\u00e3o Teatral que se afirma como uma cria\u00e7\u00e3o multidisciplinar de forte densidade conceptual e sensorial.","robots":{"index":"index","follow":"follow","max-snippet":"max-snippet:-1","max-image-preview":"max-image-preview:large","max-video-preview":"max-video-preview:-1"},"canonical":"https:\/\/maismagazine.pt\/index.php\/2026\/01\/16\/este-estacao-teatral-apresenta-em-processo-em-castelo-branco\/","og_locale":"pt_PT","og_type":"article","og_title":"ESTE \u2013 Esta\u00e7\u00e3o Teatral apresenta \u201cEM PROCESSO\u201d em Castelo Branco - Mais Magazine","og_description":"No dia 23 de janeiro, sexta-feira, \u00e0s 21h30, o espet\u00e1culo \u201cEM PROCESSO\u201d entra em cena no Cine-Teatro Avenida, em Castelo Branco, numa apresenta\u00e7\u00e3o da ESTE \u2013 Esta\u00e7\u00e3o Teatral que se afirma como uma cria\u00e7\u00e3o multidisciplinar de forte densidade conceptual e sensorial.","og_url":"https:\/\/maismagazine.pt\/index.php\/2026\/01\/16\/este-estacao-teatral-apresenta-em-processo-em-castelo-branco\/","og_site_name":"Mais Magazine","article_published_time":"2026-01-16T11:01:07+00:00","article_modified_time":"2026-01-16T11:01:31+00:00","og_image":[{"width":1921,"height":1081,"url":"https:\/\/maismagazine.pt\/wp-content\/uploads\/2026\/01\/Em-Processo.png","type":"image\/png"}],"author":"Tiago Costa","twitter_card":"summary_large_image","twitter_misc":{"Escrito por":false,"Tempo estimado de leitura":"2 minutos"},"schema":{"@context":"https:\/\/schema.org","@graph":[{"@type":"Article","@id":"https:\/\/maismagazine.pt\/index.php\/2026\/01\/16\/este-estacao-teatral-apresenta-em-processo-em-castelo-branco\/#article","isPartOf":{"@id":"https:\/\/maismagazine.pt\/index.php\/2026\/01\/16\/este-estacao-teatral-apresenta-em-processo-em-castelo-branco\/"},"author":{"name":"Tiago Costa","@id":"https:\/\/maismagazine.pt\/#\/schema\/person\/c6c5bfccc886434cbd11c74e035f9646"},"headline":"ESTE \u2013 Esta\u00e7\u00e3o Teatral apresenta \u201cEM PROCESSO\u201d em Castelo Branco","datePublished":"2026-01-16T11:01:07+00:00","dateModified":"2026-01-16T11:01:31+00:00","mainEntityOfPage":{"@id":"https:\/\/maismagazine.pt\/index.php\/2026\/01\/16\/este-estacao-teatral-apresenta-em-processo-em-castelo-branco\/"},"wordCount":329,"publisher":{"@id":"https:\/\/maismagazine.pt\/#organization"},"image":{"@id":"https:\/\/maismagazine.pt\/index.php\/2026\/01\/16\/este-estacao-teatral-apresenta-em-processo-em-castelo-branco\/#primaryimage"},"thumbnailUrl":"http:\/\/maismagazine.pt\/wp-content\/uploads\/2026\/01\/Em-Processo.png","keywords":["ESTE"],"articleSection":["Not\u00edcias"],"inLanguage":"pt-PT"},{"@type":"WebPage","@id":"https:\/\/maismagazine.pt\/index.php\/2026\/01\/16\/este-estacao-teatral-apresenta-em-processo-em-castelo-branco\/","url":"https:\/\/maismagazine.pt\/index.php\/2026\/01\/16\/este-estacao-teatral-apresenta-em-processo-em-castelo-branco\/","name":"ESTE \u2013 Esta\u00e7\u00e3o Teatral apresenta \u201cEM PROCESSO\u201d em Castelo Branco - Mais Magazine","isPartOf":{"@id":"https:\/\/maismagazine.pt\/#website"},"primaryImageOfPage":{"@id":"https:\/\/maismagazine.pt\/index.php\/2026\/01\/16\/este-estacao-teatral-apresenta-em-processo-em-castelo-branco\/#primaryimage"},"image":{"@id":"https:\/\/maismagazine.pt\/index.php\/2026\/01\/16\/este-estacao-teatral-apresenta-em-processo-em-castelo-branco\/#primaryimage"},"thumbnailUrl":"http:\/\/maismagazine.pt\/wp-content\/uploads\/2026\/01\/Em-Processo.png","datePublished":"2026-01-16T11:01:07+00:00","dateModified":"2026-01-16T11:01:31+00:00","description":"No dia 23 de janeiro, sexta-feira, \u00e0s 21h30, o espet\u00e1culo \u201cEM PROCESSO\u201d entra em cena no Cine-Teatro Avenida, em Castelo Branco, numa apresenta\u00e7\u00e3o da ESTE \u2013 Esta\u00e7\u00e3o Teatral que se afirma como uma cria\u00e7\u00e3o multidisciplinar de forte densidade conceptual e sensorial.","breadcrumb":{"@id":"https:\/\/maismagazine.pt\/index.php\/2026\/01\/16\/este-estacao-teatral-apresenta-em-processo-em-castelo-branco\/#breadcrumb"},"inLanguage":"pt-PT","potentialAction":[{"@type":"ReadAction","target":["https:\/\/maismagazine.pt\/index.php\/2026\/01\/16\/este-estacao-teatral-apresenta-em-processo-em-castelo-branco\/"]}]},{"@type":"ImageObject","inLanguage":"pt-PT","@id":"https:\/\/maismagazine.pt\/index.php\/2026\/01\/16\/este-estacao-teatral-apresenta-em-processo-em-castelo-branco\/#primaryimage","url":"http:\/\/maismagazine.pt\/wp-content\/uploads\/2026\/01\/Em-Processo.png","contentUrl":"http:\/\/maismagazine.pt\/wp-content\/uploads\/2026\/01\/Em-Processo.png","width":1921,"height":1081},{"@type":"BreadcrumbList","@id":"https:\/\/maismagazine.pt\/index.php\/2026\/01\/16\/este-estacao-teatral-apresenta-em-processo-em-castelo-branco\/#breadcrumb","itemListElement":[{"@type":"ListItem","position":1,"name":"Home","item":"https:\/\/maismagazine.pt\/"},{"@type":"ListItem","position":2,"name":"ESTE \u2013 Esta\u00e7\u00e3o Teatral apresenta \u201cEM PROCESSO\u201d em Castelo Branco"}]},{"@type":"WebSite","@id":"https:\/\/maismagazine.pt\/#website","url":"https:\/\/maismagazine.pt\/","name":"Mais Magazine","description":"","publisher":{"@id":"https:\/\/maismagazine.pt\/#organization"},"potentialAction":[{"@type":"SearchAction","target":{"@type":"EntryPoint","urlTemplate":"https:\/\/maismagazine.pt\/?s={search_term_string}"},"query-input":{"@type":"PropertyValueSpecification","valueRequired":true,"valueName":"search_term_string"}}],"inLanguage":"pt-PT"},{"@type":"Organization","@id":"https:\/\/maismagazine.pt\/#organization","name":"Mais Magazine","url":"https:\/\/maismagazine.pt\/","logo":{"@type":"ImageObject","inLanguage":"pt-PT","@id":"https:\/\/maismagazine.pt\/#\/schema\/logo\/image\/","url":"http:\/\/maismagazine.pt\/wp-content\/uploads\/2020\/04\/cropped-cropped-mais-magazine-site-logo-2.png","contentUrl":"http:\/\/maismagazine.pt\/wp-content\/uploads\/2020\/04\/cropped-cropped-mais-magazine-site-logo-2.png","width":581,"height":90,"caption":"Mais Magazine"},"image":{"@id":"https:\/\/maismagazine.pt\/#\/schema\/logo\/image\/"}},{"@type":"Person","@id":"https:\/\/maismagazine.pt\/#\/schema\/person\/c6c5bfccc886434cbd11c74e035f9646","name":"Tiago Costa","image":{"@type":"ImageObject","inLanguage":"pt-PT","@id":"https:\/\/maismagazine.pt\/#\/schema\/person\/image\/","url":"https:\/\/secure.gravatar.com\/avatar\/c599b2bce16c9870429198cbad5ee022?s=96&d=mm&r=g","contentUrl":"https:\/\/secure.gravatar.com\/avatar\/c599b2bce16c9870429198cbad5ee022?s=96&d=mm&r=g","caption":"Tiago Costa"},"url":"http:\/\/maismagazine.pt\/index.php\/author\/tiago\/"}]}},"author_meta":{"display_name":false,"author_link":"http:\/\/maismagazine.pt\/index.php\/author\/tiago\/"},"featured_img":"http:\/\/maismagazine.pt\/wp-content\/uploads\/2026\/01\/Em-Processo-300x169.png","coauthors":[],"tax_additional":{"categories":{"linked":["<a href=\"http:\/\/maismagazine.pt\/index.php\/category\/noticias\/\" class=\"advgb-post-tax-term\">Not\u00edcias<\/a>"],"unlinked":["<span class=\"advgb-post-tax-term\">Not\u00edcias<\/span>"]},"tags":{"linked":["<a href=\"http:\/\/maismagazine.pt\/index.php\/category\/noticias\/\" class=\"advgb-post-tax-term\">ESTE<\/a>"],"unlinked":["<span class=\"advgb-post-tax-term\">ESTE<\/span>"]}},"comment_count":"0","relative_dates":{"created":"Posted 3 meses ago","modified":"Updated 3 meses ago"},"absolute_dates":{"created":"Posted on 16 de Janeiro, 2026","modified":"Updated on 16 de Janeiro, 2026"},"absolute_dates_time":{"created":"Posted on 16 de Janeiro, 2026 11:01","modified":"Updated on 16 de Janeiro, 2026 11:01"},"featured_img_caption":"","series_order":"","_links":{"self":[{"href":"http:\/\/maismagazine.pt\/index.php\/wp-json\/wp\/v2\/posts\/13376","targetHints":{"allow":["GET"]}}],"collection":[{"href":"http:\/\/maismagazine.pt\/index.php\/wp-json\/wp\/v2\/posts"}],"about":[{"href":"http:\/\/maismagazine.pt\/index.php\/wp-json\/wp\/v2\/types\/post"}],"author":[{"embeddable":true,"href":"http:\/\/maismagazine.pt\/index.php\/wp-json\/wp\/v2\/users\/17"}],"replies":[{"embeddable":true,"href":"http:\/\/maismagazine.pt\/index.php\/wp-json\/wp\/v2\/comments?post=13376"}],"version-history":[{"count":2,"href":"http:\/\/maismagazine.pt\/index.php\/wp-json\/wp\/v2\/posts\/13376\/revisions"}],"predecessor-version":[{"id":13379,"href":"http:\/\/maismagazine.pt\/index.php\/wp-json\/wp\/v2\/posts\/13376\/revisions\/13379"}],"wp:featuredmedia":[{"embeddable":true,"href":"http:\/\/maismagazine.pt\/index.php\/wp-json\/wp\/v2\/media\/13377"}],"wp:attachment":[{"href":"http:\/\/maismagazine.pt\/index.php\/wp-json\/wp\/v2\/media?parent=13376"}],"wp:term":[{"taxonomy":"category","embeddable":true,"href":"http:\/\/maismagazine.pt\/index.php\/wp-json\/wp\/v2\/categories?post=13376"},{"taxonomy":"post_tag","embeddable":true,"href":"http:\/\/maismagazine.pt\/index.php\/wp-json\/wp\/v2\/tags?post=13376"}],"curies":[{"name":"wp","href":"https:\/\/api.w.org\/{rel}","templated":true}]}}