{"id":13179,"date":"2025-12-10T09:56:40","date_gmt":"2025-12-10T09:56:40","guid":{"rendered":"https:\/\/maismagazine.pt\/?p=13179"},"modified":"2025-12-10T09:56:46","modified_gmt":"2025-12-10T09:56:46","slug":"casa-da-cultura-de-santa-comba-dao-recebe-concerto-de-beatriz-rosao-e-prepara-se-para-acolher-final-do-premio-jovens-musicos-2026","status":"publish","type":"post","link":"http:\/\/maismagazine.pt\/index.php\/2025\/12\/10\/casa-da-cultura-de-santa-comba-dao-recebe-concerto-de-beatriz-rosao-e-prepara-se-para-acolher-final-do-premio-jovens-musicos-2026\/","title":{"rendered":"Casa da Cultura de Santa Comba D\u00e3o recebe concerto de Beatriz Ros\u00e3o e prepara-se para acolher final do Pr\u00e9mio Jovens M\u00fasicos 2026"},"content":{"rendered":"\n<p><strong>O Munic\u00edpio de Santa Comba D\u00e3o e o Conservat\u00f3rio de M\u00fasica e Artes do D\u00e3o convidam-no(a) a estar presente no pr\u00f3ximo domingo, 14 de dezembro, na Casa da Cultura, para o concerto da violinista Beatriz Ros\u00e3o, vencedora do 1.\u00ba Pr\u00e9mio Jovem M\u00fasico do Ano 2025 e representante de Portugal na final do Eurovision Young Musicians 2026.<\/strong><\/p>\n\n\n\n<p><\/p>\n\n\n\n<p>A atua\u00e7\u00e3o, marcada para as 16h00, ser\u00e1 acompanhada de uma comunica\u00e7\u00e3o de grande relev\u00e2ncia: a escolha da Casa da Cultura para acolher, em julho de 2026, a final da 39.\u00aa edi\u00e7\u00e3o do Pr\u00e9mio Jovens M\u00fasicos, o mais prestigiado concurso nacional dedicado \u00e0 m\u00fasica erudita e \u00e0 promo\u00e7\u00e3o de jovens int\u00e9rpretes.<br><\/p>\n\n\n\n<p>Nuno Galopim, diretor da Antena 2, formalizar\u00e1 este an\u00fancio, que se reveste de particular significado para a Casa da Cultura e para Santa Comba D\u00e3o, enquanto centro emergente na descentraliza\u00e7\u00e3o, dinamiza\u00e7\u00e3o e valoriza\u00e7\u00e3o cultural e art\u00edstica.<\/p>\n\n\n\n<p><\/p>\n\n\n\n<p><strong>Sobre o concerto de Beatriz Ros\u00e3o \u2013 Pr\u00e9mio Jovens M\u00fasicos<\/strong><\/p>\n\n\n\n<p>Inserido na agenda da Casa da Cultura 2024-2027 | Rede de Teatros e Cineteatros Portugueses, promovida pelo Munic\u00edpio em parceria com o Conservat\u00f3rio de M\u00fasica e Artes do D\u00e3o, o concerto com Beatriz Ros\u00e3o integra a programa\u00e7\u00e3o oficial do Pr\u00e9mio Jovens M\u00fasicos, iniciativa coproduzida pela Antena 2, Casa da M\u00fasica e Funda\u00e7\u00e3o Calouste Gulbenkian.<\/p>\n","protected":false},"excerpt":{"rendered":"<p>O Munic\u00edpio de Santa Comba D\u00e3o e o Conservat\u00f3rio de M\u00fasica e Artes do D\u00e3o convidam-no(a) a estar presente no pr\u00f3ximo domingo, 14 de dezembro, na Casa da Cultura, para o concerto da violinista Beatriz Ros\u00e3o, vencedora do 1.\u00ba Pr\u00e9mio Jovem M\u00fasico do Ano 2025 e representante de Portugal na&hellip;<\/p>\n","protected":false},"author":17,"featured_media":13180,"comment_status":"closed","ping_status":"open","sticky":false,"template":"","format":"standard","meta":{"advgb_blocks_editor_width":"","advgb_blocks_columns_visual_guide":"","_monsterinsights_skip_tracking":false,"_monsterinsights_sitenote_active":false,"_monsterinsights_sitenote_note":"","_monsterinsights_sitenote_category":0,"footnotes":""},"categories":[7],"tags":[2525,2524],"class_list":["post-13179","post","type-post","status-publish","format-standard","has-post-thumbnail","hentry","category-noticias","tag-beatriz-rosao","tag-casa-da-cultura-de-santa-comba-dao"],"yoast_head":"<!-- This site is optimized with the Yoast SEO plugin v24.4 - https:\/\/yoast.com\/wordpress\/plugins\/seo\/ -->\n<title>Casa da Cultura de Santa Comba D\u00e3o recebe concerto de Beatriz Ros\u00e3o e prepara-se para acolher final do Pr\u00e9mio Jovens M\u00fasicos 2026 - Mais Magazine<\/title>\n<meta name=\"description\" content=\"O Munic\u00edpio de Santa Comba D\u00e3o e o Conservat\u00f3rio de M\u00fasica e Artes do D\u00e3o convidam-no(a) a estar presente no pr\u00f3ximo domingo, 14 de dezembro, na Casa da Cultura, para o concerto da violinista Beatriz Ros\u00e3o, vencedora do 1.\u00ba Pr\u00e9mio Jovem M\u00fasico do Ano 2025 e representante de Portugal na final do Eurovision Young Musicians 2026.\" \/>\n<meta name=\"robots\" content=\"index, follow, max-snippet:-1, max-image-preview:large, max-video-preview:-1\" \/>\n<link rel=\"canonical\" href=\"http:\/\/maismagazine.pt\/index.php\/2025\/12\/10\/casa-da-cultura-de-santa-comba-dao-recebe-concerto-de-beatriz-rosao-e-prepara-se-para-acolher-final-do-premio-jovens-musicos-2026\/\" \/>\n<meta property=\"og:locale\" content=\"pt_PT\" \/>\n<meta property=\"og:type\" content=\"article\" \/>\n<meta property=\"og:title\" content=\"Casa da Cultura de Santa Comba D\u00e3o recebe concerto de Beatriz Ros\u00e3o e prepara-se para acolher final do Pr\u00e9mio Jovens M\u00fasicos 2026 - Mais Magazine\" \/>\n<meta property=\"og:description\" content=\"O Munic\u00edpio de Santa Comba D\u00e3o e o Conservat\u00f3rio de M\u00fasica e Artes do D\u00e3o convidam-no(a) a estar presente no pr\u00f3ximo domingo, 14 de dezembro, na Casa da Cultura, para o concerto da violinista Beatriz Ros\u00e3o, vencedora do 1.\u00ba Pr\u00e9mio Jovem M\u00fasico do Ano 2025 e representante de Portugal na final do Eurovision Young Musicians 2026.\" \/>\n<meta property=\"og:url\" content=\"http:\/\/maismagazine.pt\/index.php\/2025\/12\/10\/casa-da-cultura-de-santa-comba-dao-recebe-concerto-de-beatriz-rosao-e-prepara-se-para-acolher-final-do-premio-jovens-musicos-2026\/\" \/>\n<meta property=\"og:site_name\" content=\"Mais Magazine\" \/>\n<meta property=\"article:published_time\" content=\"2025-12-10T09:56:40+00:00\" \/>\n<meta property=\"article:modified_time\" content=\"2025-12-10T09:56:46+00:00\" \/>\n<meta property=\"og:image\" content=\"http:\/\/maismagazine.pt\/wp-content\/uploads\/2025\/12\/ConcertoBeatrizRosao.jpg\" \/>\n\t<meta property=\"og:image:width\" content=\"300\" \/>\n\t<meta property=\"og:image:height\" content=\"428\" \/>\n\t<meta property=\"og:image:type\" content=\"image\/jpeg\" \/>\n<meta name=\"author\" content=\"Tiago Costa\" \/>\n<meta name=\"twitter:card\" content=\"summary_large_image\" \/>\n<meta name=\"twitter:label1\" content=\"Escrito por\" \/>\n\t<meta name=\"twitter:data1\" content=\"\" \/>\n\t<meta name=\"twitter:label2\" content=\"Tempo estimado de leitura\" \/>\n\t<meta name=\"twitter:data2\" content=\"2 minutos\" \/>\n<script type=\"application\/ld+json\" class=\"yoast-schema-graph\">{\"@context\":\"https:\/\/schema.org\",\"@graph\":[{\"@type\":\"Article\",\"@id\":\"http:\/\/maismagazine.pt\/index.php\/2025\/12\/10\/casa-da-cultura-de-santa-comba-dao-recebe-concerto-de-beatriz-rosao-e-prepara-se-para-acolher-final-do-premio-jovens-musicos-2026\/#article\",\"isPartOf\":{\"@id\":\"http:\/\/maismagazine.pt\/index.php\/2025\/12\/10\/casa-da-cultura-de-santa-comba-dao-recebe-concerto-de-beatriz-rosao-e-prepara-se-para-acolher-final-do-premio-jovens-musicos-2026\/\"},\"author\":{\"name\":\"Tiago Costa\",\"@id\":\"https:\/\/maismagazine.pt\/#\/schema\/person\/c6c5bfccc886434cbd11c74e035f9646\"},\"headline\":\"Casa da Cultura de Santa Comba D\u00e3o recebe concerto de Beatriz Ros\u00e3o e prepara-se para acolher final do Pr\u00e9mio Jovens M\u00fasicos 2026\",\"datePublished\":\"2025-12-10T09:56:40+00:00\",\"dateModified\":\"2025-12-10T09:56:46+00:00\",\"mainEntityOfPage\":{\"@id\":\"http:\/\/maismagazine.pt\/index.php\/2025\/12\/10\/casa-da-cultura-de-santa-comba-dao-recebe-concerto-de-beatriz-rosao-e-prepara-se-para-acolher-final-do-premio-jovens-musicos-2026\/\"},\"wordCount\":257,\"publisher\":{\"@id\":\"https:\/\/maismagazine.pt\/#organization\"},\"image\":{\"@id\":\"http:\/\/maismagazine.pt\/index.php\/2025\/12\/10\/casa-da-cultura-de-santa-comba-dao-recebe-concerto-de-beatriz-rosao-e-prepara-se-para-acolher-final-do-premio-jovens-musicos-2026\/#primaryimage\"},\"thumbnailUrl\":\"http:\/\/maismagazine.pt\/wp-content\/uploads\/2025\/12\/ConcertoBeatrizRosao.jpg\",\"keywords\":[\"Beatriz Ros\u00e3o\",\"Casa da Cultura de Santa Comba D\u00e3o\"],\"articleSection\":[\"Not\u00edcias\"],\"inLanguage\":\"pt-PT\"},{\"@type\":\"WebPage\",\"@id\":\"http:\/\/maismagazine.pt\/index.php\/2025\/12\/10\/casa-da-cultura-de-santa-comba-dao-recebe-concerto-de-beatriz-rosao-e-prepara-se-para-acolher-final-do-premio-jovens-musicos-2026\/\",\"url\":\"http:\/\/maismagazine.pt\/index.php\/2025\/12\/10\/casa-da-cultura-de-santa-comba-dao-recebe-concerto-de-beatriz-rosao-e-prepara-se-para-acolher-final-do-premio-jovens-musicos-2026\/\",\"name\":\"Casa da Cultura de Santa Comba D\u00e3o recebe concerto de Beatriz Ros\u00e3o e prepara-se para acolher final do Pr\u00e9mio Jovens M\u00fasicos 2026 - Mais Magazine\",\"isPartOf\":{\"@id\":\"https:\/\/maismagazine.pt\/#website\"},\"primaryImageOfPage\":{\"@id\":\"http:\/\/maismagazine.pt\/index.php\/2025\/12\/10\/casa-da-cultura-de-santa-comba-dao-recebe-concerto-de-beatriz-rosao-e-prepara-se-para-acolher-final-do-premio-jovens-musicos-2026\/#primaryimage\"},\"image\":{\"@id\":\"http:\/\/maismagazine.pt\/index.php\/2025\/12\/10\/casa-da-cultura-de-santa-comba-dao-recebe-concerto-de-beatriz-rosao-e-prepara-se-para-acolher-final-do-premio-jovens-musicos-2026\/#primaryimage\"},\"thumbnailUrl\":\"http:\/\/maismagazine.pt\/wp-content\/uploads\/2025\/12\/ConcertoBeatrizRosao.jpg\",\"datePublished\":\"2025-12-10T09:56:40+00:00\",\"dateModified\":\"2025-12-10T09:56:46+00:00\",\"description\":\"O Munic\u00edpio de Santa Comba D\u00e3o e o Conservat\u00f3rio de M\u00fasica e Artes do D\u00e3o convidam-no(a) a estar presente no pr\u00f3ximo domingo, 14 de dezembro, na Casa da Cultura, para o concerto da violinista Beatriz Ros\u00e3o, vencedora do 1.\u00ba Pr\u00e9mio Jovem M\u00fasico do Ano 2025 e representante de Portugal na final do Eurovision Young Musicians 2026.\",\"breadcrumb\":{\"@id\":\"http:\/\/maismagazine.pt\/index.php\/2025\/12\/10\/casa-da-cultura-de-santa-comba-dao-recebe-concerto-de-beatriz-rosao-e-prepara-se-para-acolher-final-do-premio-jovens-musicos-2026\/#breadcrumb\"},\"inLanguage\":\"pt-PT\",\"potentialAction\":[{\"@type\":\"ReadAction\",\"target\":[\"http:\/\/maismagazine.pt\/index.php\/2025\/12\/10\/casa-da-cultura-de-santa-comba-dao-recebe-concerto-de-beatriz-rosao-e-prepara-se-para-acolher-final-do-premio-jovens-musicos-2026\/\"]}]},{\"@type\":\"ImageObject\",\"inLanguage\":\"pt-PT\",\"@id\":\"http:\/\/maismagazine.pt\/index.php\/2025\/12\/10\/casa-da-cultura-de-santa-comba-dao-recebe-concerto-de-beatriz-rosao-e-prepara-se-para-acolher-final-do-premio-jovens-musicos-2026\/#primaryimage\",\"url\":\"http:\/\/maismagazine.pt\/wp-content\/uploads\/2025\/12\/ConcertoBeatrizRosao.jpg\",\"contentUrl\":\"http:\/\/maismagazine.pt\/wp-content\/uploads\/2025\/12\/ConcertoBeatrizRosao.jpg\",\"width\":300,\"height\":428},{\"@type\":\"BreadcrumbList\",\"@id\":\"http:\/\/maismagazine.pt\/index.php\/2025\/12\/10\/casa-da-cultura-de-santa-comba-dao-recebe-concerto-de-beatriz-rosao-e-prepara-se-para-acolher-final-do-premio-jovens-musicos-2026\/#breadcrumb\",\"itemListElement\":[{\"@type\":\"ListItem\",\"position\":1,\"name\":\"Home\",\"item\":\"https:\/\/maismagazine.pt\/\"},{\"@type\":\"ListItem\",\"position\":2,\"name\":\"Casa da Cultura de Santa Comba D\u00e3o recebe concerto de Beatriz Ros\u00e3o e prepara-se para acolher final do Pr\u00e9mio Jovens M\u00fasicos 2026\"}]},{\"@type\":\"WebSite\",\"@id\":\"https:\/\/maismagazine.pt\/#website\",\"url\":\"https:\/\/maismagazine.pt\/\",\"name\":\"Mais Magazine\",\"description\":\"\",\"publisher\":{\"@id\":\"https:\/\/maismagazine.pt\/#organization\"},\"potentialAction\":[{\"@type\":\"SearchAction\",\"target\":{\"@type\":\"EntryPoint\",\"urlTemplate\":\"https:\/\/maismagazine.pt\/?s={search_term_string}\"},\"query-input\":{\"@type\":\"PropertyValueSpecification\",\"valueRequired\":true,\"valueName\":\"search_term_string\"}}],\"inLanguage\":\"pt-PT\"},{\"@type\":\"Organization\",\"@id\":\"https:\/\/maismagazine.pt\/#organization\",\"name\":\"Mais Magazine\",\"url\":\"https:\/\/maismagazine.pt\/\",\"logo\":{\"@type\":\"ImageObject\",\"inLanguage\":\"pt-PT\",\"@id\":\"https:\/\/maismagazine.pt\/#\/schema\/logo\/image\/\",\"url\":\"http:\/\/maismagazine.pt\/wp-content\/uploads\/2020\/04\/cropped-cropped-mais-magazine-site-logo-2.png\",\"contentUrl\":\"http:\/\/maismagazine.pt\/wp-content\/uploads\/2020\/04\/cropped-cropped-mais-magazine-site-logo-2.png\",\"width\":581,\"height\":90,\"caption\":\"Mais Magazine\"},\"image\":{\"@id\":\"https:\/\/maismagazine.pt\/#\/schema\/logo\/image\/\"}},{\"@type\":\"Person\",\"@id\":\"https:\/\/maismagazine.pt\/#\/schema\/person\/c6c5bfccc886434cbd11c74e035f9646\",\"name\":\"Tiago Costa\",\"image\":{\"@type\":\"ImageObject\",\"inLanguage\":\"pt-PT\",\"@id\":\"https:\/\/maismagazine.pt\/#\/schema\/person\/image\/\",\"url\":\"https:\/\/secure.gravatar.com\/avatar\/c599b2bce16c9870429198cbad5ee022?s=96&d=mm&r=g\",\"contentUrl\":\"https:\/\/secure.gravatar.com\/avatar\/c599b2bce16c9870429198cbad5ee022?s=96&d=mm&r=g\",\"caption\":\"Tiago Costa\"},\"url\":\"http:\/\/maismagazine.pt\/index.php\/author\/tiago\/\"}]}<\/script>\n<!-- \/ Yoast SEO plugin. -->","yoast_head_json":{"title":"Casa da Cultura de Santa Comba D\u00e3o recebe concerto de Beatriz Ros\u00e3o e prepara-se para acolher final do Pr\u00e9mio Jovens M\u00fasicos 2026 - Mais Magazine","description":"O Munic\u00edpio de Santa Comba D\u00e3o e o Conservat\u00f3rio de M\u00fasica e Artes do D\u00e3o convidam-no(a) a estar presente no pr\u00f3ximo domingo, 14 de dezembro, na Casa da Cultura, para o concerto da violinista Beatriz Ros\u00e3o, vencedora do 1.\u00ba Pr\u00e9mio Jovem M\u00fasico do Ano 2025 e representante de Portugal na final do Eurovision Young Musicians 2026.","robots":{"index":"index","follow":"follow","max-snippet":"max-snippet:-1","max-image-preview":"max-image-preview:large","max-video-preview":"max-video-preview:-1"},"canonical":"http:\/\/maismagazine.pt\/index.php\/2025\/12\/10\/casa-da-cultura-de-santa-comba-dao-recebe-concerto-de-beatriz-rosao-e-prepara-se-para-acolher-final-do-premio-jovens-musicos-2026\/","og_locale":"pt_PT","og_type":"article","og_title":"Casa da Cultura de Santa Comba D\u00e3o recebe concerto de Beatriz Ros\u00e3o e prepara-se para acolher final do Pr\u00e9mio Jovens M\u00fasicos 2026 - Mais Magazine","og_description":"O Munic\u00edpio de Santa Comba D\u00e3o e o Conservat\u00f3rio de M\u00fasica e Artes do D\u00e3o convidam-no(a) a estar presente no pr\u00f3ximo domingo, 14 de dezembro, na Casa da Cultura, para o concerto da violinista Beatriz Ros\u00e3o, vencedora do 1.\u00ba Pr\u00e9mio Jovem M\u00fasico do Ano 2025 e representante de Portugal na final do Eurovision Young Musicians 2026.","og_url":"http:\/\/maismagazine.pt\/index.php\/2025\/12\/10\/casa-da-cultura-de-santa-comba-dao-recebe-concerto-de-beatriz-rosao-e-prepara-se-para-acolher-final-do-premio-jovens-musicos-2026\/","og_site_name":"Mais Magazine","article_published_time":"2025-12-10T09:56:40+00:00","article_modified_time":"2025-12-10T09:56:46+00:00","og_image":[{"width":300,"height":428,"url":"http:\/\/maismagazine.pt\/wp-content\/uploads\/2025\/12\/ConcertoBeatrizRosao.jpg","type":"image\/jpeg"}],"author":"Tiago Costa","twitter_card":"summary_large_image","twitter_misc":{"Escrito por":false,"Tempo estimado de leitura":"2 minutos"},"schema":{"@context":"https:\/\/schema.org","@graph":[{"@type":"Article","@id":"http:\/\/maismagazine.pt\/index.php\/2025\/12\/10\/casa-da-cultura-de-santa-comba-dao-recebe-concerto-de-beatriz-rosao-e-prepara-se-para-acolher-final-do-premio-jovens-musicos-2026\/#article","isPartOf":{"@id":"http:\/\/maismagazine.pt\/index.php\/2025\/12\/10\/casa-da-cultura-de-santa-comba-dao-recebe-concerto-de-beatriz-rosao-e-prepara-se-para-acolher-final-do-premio-jovens-musicos-2026\/"},"author":{"name":"Tiago Costa","@id":"https:\/\/maismagazine.pt\/#\/schema\/person\/c6c5bfccc886434cbd11c74e035f9646"},"headline":"Casa da Cultura de Santa Comba D\u00e3o recebe concerto de Beatriz Ros\u00e3o e prepara-se para acolher final do Pr\u00e9mio Jovens M\u00fasicos 2026","datePublished":"2025-12-10T09:56:40+00:00","dateModified":"2025-12-10T09:56:46+00:00","mainEntityOfPage":{"@id":"http:\/\/maismagazine.pt\/index.php\/2025\/12\/10\/casa-da-cultura-de-santa-comba-dao-recebe-concerto-de-beatriz-rosao-e-prepara-se-para-acolher-final-do-premio-jovens-musicos-2026\/"},"wordCount":257,"publisher":{"@id":"https:\/\/maismagazine.pt\/#organization"},"image":{"@id":"http:\/\/maismagazine.pt\/index.php\/2025\/12\/10\/casa-da-cultura-de-santa-comba-dao-recebe-concerto-de-beatriz-rosao-e-prepara-se-para-acolher-final-do-premio-jovens-musicos-2026\/#primaryimage"},"thumbnailUrl":"http:\/\/maismagazine.pt\/wp-content\/uploads\/2025\/12\/ConcertoBeatrizRosao.jpg","keywords":["Beatriz Ros\u00e3o","Casa da Cultura de Santa Comba D\u00e3o"],"articleSection":["Not\u00edcias"],"inLanguage":"pt-PT"},{"@type":"WebPage","@id":"http:\/\/maismagazine.pt\/index.php\/2025\/12\/10\/casa-da-cultura-de-santa-comba-dao-recebe-concerto-de-beatriz-rosao-e-prepara-se-para-acolher-final-do-premio-jovens-musicos-2026\/","url":"http:\/\/maismagazine.pt\/index.php\/2025\/12\/10\/casa-da-cultura-de-santa-comba-dao-recebe-concerto-de-beatriz-rosao-e-prepara-se-para-acolher-final-do-premio-jovens-musicos-2026\/","name":"Casa da Cultura de Santa Comba D\u00e3o recebe concerto de Beatriz Ros\u00e3o e prepara-se para acolher final do Pr\u00e9mio Jovens M\u00fasicos 2026 - Mais Magazine","isPartOf":{"@id":"https:\/\/maismagazine.pt\/#website"},"primaryImageOfPage":{"@id":"http:\/\/maismagazine.pt\/index.php\/2025\/12\/10\/casa-da-cultura-de-santa-comba-dao-recebe-concerto-de-beatriz-rosao-e-prepara-se-para-acolher-final-do-premio-jovens-musicos-2026\/#primaryimage"},"image":{"@id":"http:\/\/maismagazine.pt\/index.php\/2025\/12\/10\/casa-da-cultura-de-santa-comba-dao-recebe-concerto-de-beatriz-rosao-e-prepara-se-para-acolher-final-do-premio-jovens-musicos-2026\/#primaryimage"},"thumbnailUrl":"http:\/\/maismagazine.pt\/wp-content\/uploads\/2025\/12\/ConcertoBeatrizRosao.jpg","datePublished":"2025-12-10T09:56:40+00:00","dateModified":"2025-12-10T09:56:46+00:00","description":"O Munic\u00edpio de Santa Comba D\u00e3o e o Conservat\u00f3rio de M\u00fasica e Artes do D\u00e3o convidam-no(a) a estar presente no pr\u00f3ximo domingo, 14 de dezembro, na Casa da Cultura, para o concerto da violinista Beatriz Ros\u00e3o, vencedora do 1.\u00ba Pr\u00e9mio Jovem M\u00fasico do Ano 2025 e representante de Portugal na final do Eurovision Young Musicians 2026.","breadcrumb":{"@id":"http:\/\/maismagazine.pt\/index.php\/2025\/12\/10\/casa-da-cultura-de-santa-comba-dao-recebe-concerto-de-beatriz-rosao-e-prepara-se-para-acolher-final-do-premio-jovens-musicos-2026\/#breadcrumb"},"inLanguage":"pt-PT","potentialAction":[{"@type":"ReadAction","target":["http:\/\/maismagazine.pt\/index.php\/2025\/12\/10\/casa-da-cultura-de-santa-comba-dao-recebe-concerto-de-beatriz-rosao-e-prepara-se-para-acolher-final-do-premio-jovens-musicos-2026\/"]}]},{"@type":"ImageObject","inLanguage":"pt-PT","@id":"http:\/\/maismagazine.pt\/index.php\/2025\/12\/10\/casa-da-cultura-de-santa-comba-dao-recebe-concerto-de-beatriz-rosao-e-prepara-se-para-acolher-final-do-premio-jovens-musicos-2026\/#primaryimage","url":"http:\/\/maismagazine.pt\/wp-content\/uploads\/2025\/12\/ConcertoBeatrizRosao.jpg","contentUrl":"http:\/\/maismagazine.pt\/wp-content\/uploads\/2025\/12\/ConcertoBeatrizRosao.jpg","width":300,"height":428},{"@type":"BreadcrumbList","@id":"http:\/\/maismagazine.pt\/index.php\/2025\/12\/10\/casa-da-cultura-de-santa-comba-dao-recebe-concerto-de-beatriz-rosao-e-prepara-se-para-acolher-final-do-premio-jovens-musicos-2026\/#breadcrumb","itemListElement":[{"@type":"ListItem","position":1,"name":"Home","item":"https:\/\/maismagazine.pt\/"},{"@type":"ListItem","position":2,"name":"Casa da Cultura de Santa Comba D\u00e3o recebe concerto de Beatriz Ros\u00e3o e prepara-se para acolher final do Pr\u00e9mio Jovens M\u00fasicos 2026"}]},{"@type":"WebSite","@id":"https:\/\/maismagazine.pt\/#website","url":"https:\/\/maismagazine.pt\/","name":"Mais Magazine","description":"","publisher":{"@id":"https:\/\/maismagazine.pt\/#organization"},"potentialAction":[{"@type":"SearchAction","target":{"@type":"EntryPoint","urlTemplate":"https:\/\/maismagazine.pt\/?s={search_term_string}"},"query-input":{"@type":"PropertyValueSpecification","valueRequired":true,"valueName":"search_term_string"}}],"inLanguage":"pt-PT"},{"@type":"Organization","@id":"https:\/\/maismagazine.pt\/#organization","name":"Mais Magazine","url":"https:\/\/maismagazine.pt\/","logo":{"@type":"ImageObject","inLanguage":"pt-PT","@id":"https:\/\/maismagazine.pt\/#\/schema\/logo\/image\/","url":"http:\/\/maismagazine.pt\/wp-content\/uploads\/2020\/04\/cropped-cropped-mais-magazine-site-logo-2.png","contentUrl":"http:\/\/maismagazine.pt\/wp-content\/uploads\/2020\/04\/cropped-cropped-mais-magazine-site-logo-2.png","width":581,"height":90,"caption":"Mais Magazine"},"image":{"@id":"https:\/\/maismagazine.pt\/#\/schema\/logo\/image\/"}},{"@type":"Person","@id":"https:\/\/maismagazine.pt\/#\/schema\/person\/c6c5bfccc886434cbd11c74e035f9646","name":"Tiago Costa","image":{"@type":"ImageObject","inLanguage":"pt-PT","@id":"https:\/\/maismagazine.pt\/#\/schema\/person\/image\/","url":"https:\/\/secure.gravatar.com\/avatar\/c599b2bce16c9870429198cbad5ee022?s=96&d=mm&r=g","contentUrl":"https:\/\/secure.gravatar.com\/avatar\/c599b2bce16c9870429198cbad5ee022?s=96&d=mm&r=g","caption":"Tiago Costa"},"url":"http:\/\/maismagazine.pt\/index.php\/author\/tiago\/"}]}},"author_meta":{"display_name":false,"author_link":"http:\/\/maismagazine.pt\/index.php\/author\/tiago\/"},"featured_img":"http:\/\/maismagazine.pt\/wp-content\/uploads\/2025\/12\/ConcertoBeatrizRosao-210x300.jpg","coauthors":[],"tax_additional":{"categories":{"linked":["<a href=\"http:\/\/maismagazine.pt\/index.php\/category\/noticias\/\" class=\"advgb-post-tax-term\">Not\u00edcias<\/a>"],"unlinked":["<span class=\"advgb-post-tax-term\">Not\u00edcias<\/span>"]},"tags":{"linked":["<a href=\"http:\/\/maismagazine.pt\/index.php\/category\/noticias\/\" class=\"advgb-post-tax-term\">Beatriz Ros\u00e3o<\/a>","<a href=\"http:\/\/maismagazine.pt\/index.php\/category\/noticias\/\" class=\"advgb-post-tax-term\">Casa da Cultura de Santa Comba D\u00e3o<\/a>"],"unlinked":["<span class=\"advgb-post-tax-term\">Beatriz Ros\u00e3o<\/span>","<span class=\"advgb-post-tax-term\">Casa da Cultura de Santa Comba D\u00e3o<\/span>"]}},"comment_count":"0","relative_dates":{"created":"Posted 5 meses ago","modified":"Updated 5 meses ago"},"absolute_dates":{"created":"Posted on 10 de Dezembro, 2025","modified":"Updated on 10 de Dezembro, 2025"},"absolute_dates_time":{"created":"Posted on 10 de Dezembro, 2025 9:56","modified":"Updated on 10 de Dezembro, 2025 9:56"},"featured_img_caption":"","series_order":"","_links":{"self":[{"href":"http:\/\/maismagazine.pt\/index.php\/wp-json\/wp\/v2\/posts\/13179","targetHints":{"allow":["GET"]}}],"collection":[{"href":"http:\/\/maismagazine.pt\/index.php\/wp-json\/wp\/v2\/posts"}],"about":[{"href":"http:\/\/maismagazine.pt\/index.php\/wp-json\/wp\/v2\/types\/post"}],"author":[{"embeddable":true,"href":"http:\/\/maismagazine.pt\/index.php\/wp-json\/wp\/v2\/users\/17"}],"replies":[{"embeddable":true,"href":"http:\/\/maismagazine.pt\/index.php\/wp-json\/wp\/v2\/comments?post=13179"}],"version-history":[{"count":1,"href":"http:\/\/maismagazine.pt\/index.php\/wp-json\/wp\/v2\/posts\/13179\/revisions"}],"predecessor-version":[{"id":13181,"href":"http:\/\/maismagazine.pt\/index.php\/wp-json\/wp\/v2\/posts\/13179\/revisions\/13181"}],"wp:featuredmedia":[{"embeddable":true,"href":"http:\/\/maismagazine.pt\/index.php\/wp-json\/wp\/v2\/media\/13180"}],"wp:attachment":[{"href":"http:\/\/maismagazine.pt\/index.php\/wp-json\/wp\/v2\/media?parent=13179"}],"wp:term":[{"taxonomy":"category","embeddable":true,"href":"http:\/\/maismagazine.pt\/index.php\/wp-json\/wp\/v2\/categories?post=13179"},{"taxonomy":"post_tag","embeddable":true,"href":"http:\/\/maismagazine.pt\/index.php\/wp-json\/wp\/v2\/tags?post=13179"}],"curies":[{"name":"wp","href":"https:\/\/api.w.org\/{rel}","templated":true}]}}