{"id":13175,"date":"2025-12-10T09:52:36","date_gmt":"2025-12-10T09:52:36","guid":{"rendered":"https:\/\/maismagazine.pt\/?p=13175"},"modified":"2025-12-10T09:52:42","modified_gmt":"2025-12-10T09:52:42","slug":"universidade-europeia-e-camara-municipal-de-loures-unem-esforcos-para-impulsionar-formacao-e-empregabilidade-no-concelho","status":"publish","type":"post","link":"http:\/\/maismagazine.pt\/index.php\/2025\/12\/10\/universidade-europeia-e-camara-municipal-de-loures-unem-esforcos-para-impulsionar-formacao-e-empregabilidade-no-concelho\/","title":{"rendered":"Universidade Europeia e C\u00e2mara Municipal de Loures unem esfor\u00e7os para impulsionar forma\u00e7\u00e3o e empregabilidade no concelho"},"content":{"rendered":"\n<p><strong>A Universidade Europeia e o Munic\u00edpio de Loures estabelecem Protocolo de Coopera\u00e7\u00e3o com o objetivo de promover a qualifica\u00e7\u00e3o, o desenvolvimento profissional e a valoriza\u00e7\u00e3o de trabalhadores e residentes do concelho. Esta parceria estrat\u00e9gica vem proporcionar aos mun\u00edcipes a facilita\u00e7\u00e3o do acesso ao ensino superior, atrav\u00e9s da atribui\u00e7\u00e3o de bolsas de estudo, promover mecanismos de integra\u00e7\u00e3o profissional, e permitir o desenvolvimento de projetos conjuntos com impacto acad\u00e9mico, social e econ\u00f3mico.<\/strong><\/p>\n\n\n\n<p><\/p>\n\n\n\n<p>H\u00e9lia Gon\u00e7alves Pereira, Reitora da Universidade Europeia, sublinha que \u201ca celebra\u00e7\u00e3o deste protocolo, coloca o nosso modelo de aprendizagem, muito assente na viv\u00eancia de experi\u00eancias reais e orientado para a resolu\u00e7\u00e3o de problemas concretos, ao servi\u00e7o da comunidade local em Loures. Temos a forte convic\u00e7\u00e3o de que esta coopera\u00e7\u00e3o entre ensino superior e administra\u00e7\u00e3o local \u00e9 motor de desenvolvimento para todos, o que muito nos honra e responsabiliza\u201d.<\/p>\n\n\n\n<p><\/p>\n\n\n\n<p>J\u00e1 S\u00f3nia Paix\u00e3o, Vice-presidente da C\u00e2mara Municipal de Loures, reconhece neste acordo \u201cuma ferramenta estrat\u00e9gica para capacitar os mun\u00edcipes, promover a forma\u00e7\u00e3o ao longo da vida e estimular a ado\u00e7\u00e3o de pr\u00e1ticas inovadoras na gest\u00e3o p\u00fablica. Mais do que uma parceria institucional, \u00e9 um compromisso com o futuro do nosso concelho, ao oferecer oportunidades reais de aprendizagem, desenvolvimento profissional e integra\u00e7\u00e3o no mercado de trabalho, refor\u00e7ando a nossa ambi\u00e7\u00e3o de tornar Loures um territ\u00f3rio de conhecimento, inova\u00e7\u00e3o e oportunidades para todos\u201d.<\/p>\n\n\n\n<p><\/p>\n\n\n\n<p>Entre as iniciativas previstas em protocolo encontram-se a integra\u00e7\u00e3o de estudantes em est\u00e1gios curriculares ou profissionais nas v\u00e1rias unidades e servi\u00e7os do Munic\u00edpio de Loures; a participa\u00e7\u00e3o conjunta em projetos e estudos sobre problemas reais complexos, inova\u00e7\u00e3o p\u00fablica e novas abordagens de gest\u00e3o municipal; o desenvolvimento de iniciativas de investiga\u00e7\u00e3o e de produ\u00e7\u00e3o de conhecimento relevante para o territ\u00f3rio; ou a promo\u00e7\u00e3o de palestras.<\/p>\n\n\n\n<p><\/p>\n\n\n\n<p>Outro dos eixos centrais do protocolo \u00e9 a cria\u00e7\u00e3o da Bolsa de Estudo para colaboradores do Munic\u00edpio de Loures, com condi\u00e7\u00f5es especiais para a frequ\u00eancia nos cursos oferecidos pela Universidade Europeia. A bolsa contempla, entre outros aspectos, descontos de 25% nas propinas ou a possibilidade de atribui\u00e7\u00e3o de 50% de desconto em casos de comprovada necessidade socioecon\u00f3mica.<\/p>\n","protected":false},"excerpt":{"rendered":"<p>A Universidade Europeia e o Munic\u00edpio de Loures estabelecem Protocolo de Coopera\u00e7\u00e3o com o objetivo de promover a qualifica\u00e7\u00e3o, o desenvolvimento profissional e a valoriza\u00e7\u00e3o de trabalhadores e residentes do concelho. Esta parceria estrat\u00e9gica vem proporcionar aos mun\u00edcipes a facilita\u00e7\u00e3o do acesso ao ensino superior, atrav\u00e9s da atribui\u00e7\u00e3o de bolsas&hellip;<\/p>\n","protected":false},"author":17,"featured_media":13176,"comment_status":"closed","ping_status":"open","sticky":false,"template":"","format":"standard","meta":{"advgb_blocks_editor_width":"","advgb_blocks_columns_visual_guide":"","_monsterinsights_skip_tracking":false,"_monsterinsights_sitenote_active":false,"_monsterinsights_sitenote_note":"","_monsterinsights_sitenote_category":0,"footnotes":""},"categories":[7],"tags":[2523,2522],"class_list":["post-13175","post","type-post","status-publish","format-standard","has-post-thumbnail","hentry","category-noticias","tag-cm-loures","tag-universidade-europeia"],"yoast_head":"<!-- This site is optimized with the Yoast SEO plugin v24.4 - https:\/\/yoast.com\/wordpress\/plugins\/seo\/ -->\n<title>Universidade Europeia e C\u00e2mara Municipal de Loures unem esfor\u00e7os para impulsionar forma\u00e7\u00e3o e empregabilidade no concelho - Mais Magazine<\/title>\n<meta name=\"description\" content=\"A Universidade Europeia e o Munic\u00edpio de Loures estabelecem Protocolo de Coopera\u00e7\u00e3o com o objetivo de promover a qualifica\u00e7\u00e3o, o desenvolvimento profissional e a valoriza\u00e7\u00e3o de trabalhadores e residentes do concelho. Esta parceria estrat\u00e9gica vem proporcionar aos mun\u00edcipes a facilita\u00e7\u00e3o do acesso ao ensino superior, atrav\u00e9s da atribui\u00e7\u00e3o de bolsas de estudo, promover mecanismos de integra\u00e7\u00e3o profissional, e permitir o desenvolvimento de projetos conjuntos com impacto acad\u00e9mico, social e econ\u00f3mico.\" \/>\n<meta name=\"robots\" content=\"index, follow, max-snippet:-1, max-image-preview:large, max-video-preview:-1\" \/>\n<link rel=\"canonical\" href=\"http:\/\/maismagazine.pt\/index.php\/2025\/12\/10\/universidade-europeia-e-camara-municipal-de-loures-unem-esforcos-para-impulsionar-formacao-e-empregabilidade-no-concelho\/\" \/>\n<meta property=\"og:locale\" content=\"pt_PT\" \/>\n<meta property=\"og:type\" content=\"article\" \/>\n<meta property=\"og:title\" content=\"Universidade Europeia e C\u00e2mara Municipal de Loures unem esfor\u00e7os para impulsionar forma\u00e7\u00e3o e empregabilidade no concelho - Mais Magazine\" \/>\n<meta property=\"og:description\" content=\"A Universidade Europeia e o Munic\u00edpio de Loures estabelecem Protocolo de Coopera\u00e7\u00e3o com o objetivo de promover a qualifica\u00e7\u00e3o, o desenvolvimento profissional e a valoriza\u00e7\u00e3o de trabalhadores e residentes do concelho. Esta parceria estrat\u00e9gica vem proporcionar aos mun\u00edcipes a facilita\u00e7\u00e3o do acesso ao ensino superior, atrav\u00e9s da atribui\u00e7\u00e3o de bolsas de estudo, promover mecanismos de integra\u00e7\u00e3o profissional, e permitir o desenvolvimento de projetos conjuntos com impacto acad\u00e9mico, social e econ\u00f3mico.\" \/>\n<meta property=\"og:url\" content=\"http:\/\/maismagazine.pt\/index.php\/2025\/12\/10\/universidade-europeia-e-camara-municipal-de-loures-unem-esforcos-para-impulsionar-formacao-e-empregabilidade-no-concelho\/\" \/>\n<meta property=\"og:site_name\" content=\"Mais Magazine\" \/>\n<meta property=\"article:published_time\" content=\"2025-12-10T09:52:36+00:00\" \/>\n<meta property=\"article:modified_time\" content=\"2025-12-10T09:52:42+00:00\" \/>\n<meta property=\"og:image\" content=\"http:\/\/maismagazine.pt\/wp-content\/uploads\/2025\/12\/Imagem-WhatsApp-2025-12-09-as-11.41.24_42a1be25.jpg\" \/>\n\t<meta property=\"og:image:width\" content=\"720\" \/>\n\t<meta property=\"og:image:height\" content=\"480\" \/>\n\t<meta property=\"og:image:type\" content=\"image\/jpeg\" \/>\n<meta name=\"author\" content=\"Tiago Costa\" \/>\n<meta name=\"twitter:card\" content=\"summary_large_image\" \/>\n<meta name=\"twitter:label1\" content=\"Escrito por\" \/>\n\t<meta name=\"twitter:data1\" content=\"\" \/>\n\t<meta name=\"twitter:label2\" content=\"Tempo estimado de leitura\" \/>\n\t<meta name=\"twitter:data2\" content=\"3 minutos\" \/>\n<script type=\"application\/ld+json\" class=\"yoast-schema-graph\">{\"@context\":\"https:\/\/schema.org\",\"@graph\":[{\"@type\":\"Article\",\"@id\":\"http:\/\/maismagazine.pt\/index.php\/2025\/12\/10\/universidade-europeia-e-camara-municipal-de-loures-unem-esforcos-para-impulsionar-formacao-e-empregabilidade-no-concelho\/#article\",\"isPartOf\":{\"@id\":\"http:\/\/maismagazine.pt\/index.php\/2025\/12\/10\/universidade-europeia-e-camara-municipal-de-loures-unem-esforcos-para-impulsionar-formacao-e-empregabilidade-no-concelho\/\"},\"author\":{\"name\":\"Tiago Costa\",\"@id\":\"https:\/\/maismagazine.pt\/#\/schema\/person\/c6c5bfccc886434cbd11c74e035f9646\"},\"headline\":\"Universidade Europeia e C\u00e2mara Municipal de Loures unem esfor\u00e7os para impulsionar forma\u00e7\u00e3o e empregabilidade no concelho\",\"datePublished\":\"2025-12-10T09:52:36+00:00\",\"dateModified\":\"2025-12-10T09:52:42+00:00\",\"mainEntityOfPage\":{\"@id\":\"http:\/\/maismagazine.pt\/index.php\/2025\/12\/10\/universidade-europeia-e-camara-municipal-de-loures-unem-esforcos-para-impulsionar-formacao-e-empregabilidade-no-concelho\/\"},\"wordCount\":410,\"publisher\":{\"@id\":\"https:\/\/maismagazine.pt\/#organization\"},\"image\":{\"@id\":\"http:\/\/maismagazine.pt\/index.php\/2025\/12\/10\/universidade-europeia-e-camara-municipal-de-loures-unem-esforcos-para-impulsionar-formacao-e-empregabilidade-no-concelho\/#primaryimage\"},\"thumbnailUrl\":\"http:\/\/maismagazine.pt\/wp-content\/uploads\/2025\/12\/Imagem-WhatsApp-2025-12-09-as-11.41.24_42a1be25.jpg\",\"keywords\":[\"CM Loures\",\"Universidade Europeia\"],\"articleSection\":[\"Not\u00edcias\"],\"inLanguage\":\"pt-PT\"},{\"@type\":\"WebPage\",\"@id\":\"http:\/\/maismagazine.pt\/index.php\/2025\/12\/10\/universidade-europeia-e-camara-municipal-de-loures-unem-esforcos-para-impulsionar-formacao-e-empregabilidade-no-concelho\/\",\"url\":\"http:\/\/maismagazine.pt\/index.php\/2025\/12\/10\/universidade-europeia-e-camara-municipal-de-loures-unem-esforcos-para-impulsionar-formacao-e-empregabilidade-no-concelho\/\",\"name\":\"Universidade Europeia e C\u00e2mara Municipal de Loures unem esfor\u00e7os para impulsionar forma\u00e7\u00e3o e empregabilidade no concelho - Mais Magazine\",\"isPartOf\":{\"@id\":\"https:\/\/maismagazine.pt\/#website\"},\"primaryImageOfPage\":{\"@id\":\"http:\/\/maismagazine.pt\/index.php\/2025\/12\/10\/universidade-europeia-e-camara-municipal-de-loures-unem-esforcos-para-impulsionar-formacao-e-empregabilidade-no-concelho\/#primaryimage\"},\"image\":{\"@id\":\"http:\/\/maismagazine.pt\/index.php\/2025\/12\/10\/universidade-europeia-e-camara-municipal-de-loures-unem-esforcos-para-impulsionar-formacao-e-empregabilidade-no-concelho\/#primaryimage\"},\"thumbnailUrl\":\"http:\/\/maismagazine.pt\/wp-content\/uploads\/2025\/12\/Imagem-WhatsApp-2025-12-09-as-11.41.24_42a1be25.jpg\",\"datePublished\":\"2025-12-10T09:52:36+00:00\",\"dateModified\":\"2025-12-10T09:52:42+00:00\",\"description\":\"A Universidade Europeia e o Munic\u00edpio de Loures estabelecem Protocolo de Coopera\u00e7\u00e3o com o objetivo de promover a qualifica\u00e7\u00e3o, o desenvolvimento profissional e a valoriza\u00e7\u00e3o de trabalhadores e residentes do concelho. Esta parceria estrat\u00e9gica vem proporcionar aos mun\u00edcipes a facilita\u00e7\u00e3o do acesso ao ensino superior, atrav\u00e9s da atribui\u00e7\u00e3o de bolsas de estudo, promover mecanismos de integra\u00e7\u00e3o profissional, e permitir o desenvolvimento de projetos conjuntos com impacto acad\u00e9mico, social e econ\u00f3mico.\",\"breadcrumb\":{\"@id\":\"http:\/\/maismagazine.pt\/index.php\/2025\/12\/10\/universidade-europeia-e-camara-municipal-de-loures-unem-esforcos-para-impulsionar-formacao-e-empregabilidade-no-concelho\/#breadcrumb\"},\"inLanguage\":\"pt-PT\",\"potentialAction\":[{\"@type\":\"ReadAction\",\"target\":[\"http:\/\/maismagazine.pt\/index.php\/2025\/12\/10\/universidade-europeia-e-camara-municipal-de-loures-unem-esforcos-para-impulsionar-formacao-e-empregabilidade-no-concelho\/\"]}]},{\"@type\":\"ImageObject\",\"inLanguage\":\"pt-PT\",\"@id\":\"http:\/\/maismagazine.pt\/index.php\/2025\/12\/10\/universidade-europeia-e-camara-municipal-de-loures-unem-esforcos-para-impulsionar-formacao-e-empregabilidade-no-concelho\/#primaryimage\",\"url\":\"http:\/\/maismagazine.pt\/wp-content\/uploads\/2025\/12\/Imagem-WhatsApp-2025-12-09-as-11.41.24_42a1be25.jpg\",\"contentUrl\":\"http:\/\/maismagazine.pt\/wp-content\/uploads\/2025\/12\/Imagem-WhatsApp-2025-12-09-as-11.41.24_42a1be25.jpg\",\"width\":720,\"height\":480},{\"@type\":\"BreadcrumbList\",\"@id\":\"http:\/\/maismagazine.pt\/index.php\/2025\/12\/10\/universidade-europeia-e-camara-municipal-de-loures-unem-esforcos-para-impulsionar-formacao-e-empregabilidade-no-concelho\/#breadcrumb\",\"itemListElement\":[{\"@type\":\"ListItem\",\"position\":1,\"name\":\"Home\",\"item\":\"https:\/\/maismagazine.pt\/\"},{\"@type\":\"ListItem\",\"position\":2,\"name\":\"Universidade Europeia e C\u00e2mara Municipal de Loures unem esfor\u00e7os para impulsionar forma\u00e7\u00e3o e empregabilidade no concelho\"}]},{\"@type\":\"WebSite\",\"@id\":\"https:\/\/maismagazine.pt\/#website\",\"url\":\"https:\/\/maismagazine.pt\/\",\"name\":\"Mais Magazine\",\"description\":\"\",\"publisher\":{\"@id\":\"https:\/\/maismagazine.pt\/#organization\"},\"potentialAction\":[{\"@type\":\"SearchAction\",\"target\":{\"@type\":\"EntryPoint\",\"urlTemplate\":\"https:\/\/maismagazine.pt\/?s={search_term_string}\"},\"query-input\":{\"@type\":\"PropertyValueSpecification\",\"valueRequired\":true,\"valueName\":\"search_term_string\"}}],\"inLanguage\":\"pt-PT\"},{\"@type\":\"Organization\",\"@id\":\"https:\/\/maismagazine.pt\/#organization\",\"name\":\"Mais Magazine\",\"url\":\"https:\/\/maismagazine.pt\/\",\"logo\":{\"@type\":\"ImageObject\",\"inLanguage\":\"pt-PT\",\"@id\":\"https:\/\/maismagazine.pt\/#\/schema\/logo\/image\/\",\"url\":\"http:\/\/maismagazine.pt\/wp-content\/uploads\/2020\/04\/cropped-cropped-mais-magazine-site-logo-2.png\",\"contentUrl\":\"http:\/\/maismagazine.pt\/wp-content\/uploads\/2020\/04\/cropped-cropped-mais-magazine-site-logo-2.png\",\"width\":581,\"height\":90,\"caption\":\"Mais Magazine\"},\"image\":{\"@id\":\"https:\/\/maismagazine.pt\/#\/schema\/logo\/image\/\"}},{\"@type\":\"Person\",\"@id\":\"https:\/\/maismagazine.pt\/#\/schema\/person\/c6c5bfccc886434cbd11c74e035f9646\",\"name\":\"Tiago Costa\",\"image\":{\"@type\":\"ImageObject\",\"inLanguage\":\"pt-PT\",\"@id\":\"https:\/\/maismagazine.pt\/#\/schema\/person\/image\/\",\"url\":\"https:\/\/secure.gravatar.com\/avatar\/c599b2bce16c9870429198cbad5ee022?s=96&d=mm&r=g\",\"contentUrl\":\"https:\/\/secure.gravatar.com\/avatar\/c599b2bce16c9870429198cbad5ee022?s=96&d=mm&r=g\",\"caption\":\"Tiago Costa\"},\"url\":\"http:\/\/maismagazine.pt\/index.php\/author\/tiago\/\"}]}<\/script>\n<!-- \/ Yoast SEO plugin. -->","yoast_head_json":{"title":"Universidade Europeia e C\u00e2mara Municipal de Loures unem esfor\u00e7os para impulsionar forma\u00e7\u00e3o e empregabilidade no concelho - Mais Magazine","description":"A Universidade Europeia e o Munic\u00edpio de Loures estabelecem Protocolo de Coopera\u00e7\u00e3o com o objetivo de promover a qualifica\u00e7\u00e3o, o desenvolvimento profissional e a valoriza\u00e7\u00e3o de trabalhadores e residentes do concelho. Esta parceria estrat\u00e9gica vem proporcionar aos mun\u00edcipes a facilita\u00e7\u00e3o do acesso ao ensino superior, atrav\u00e9s da atribui\u00e7\u00e3o de bolsas de estudo, promover mecanismos de integra\u00e7\u00e3o profissional, e permitir o desenvolvimento de projetos conjuntos com impacto acad\u00e9mico, social e econ\u00f3mico.","robots":{"index":"index","follow":"follow","max-snippet":"max-snippet:-1","max-image-preview":"max-image-preview:large","max-video-preview":"max-video-preview:-1"},"canonical":"http:\/\/maismagazine.pt\/index.php\/2025\/12\/10\/universidade-europeia-e-camara-municipal-de-loures-unem-esforcos-para-impulsionar-formacao-e-empregabilidade-no-concelho\/","og_locale":"pt_PT","og_type":"article","og_title":"Universidade Europeia e C\u00e2mara Municipal de Loures unem esfor\u00e7os para impulsionar forma\u00e7\u00e3o e empregabilidade no concelho - Mais Magazine","og_description":"A Universidade Europeia e o Munic\u00edpio de Loures estabelecem Protocolo de Coopera\u00e7\u00e3o com o objetivo de promover a qualifica\u00e7\u00e3o, o desenvolvimento profissional e a valoriza\u00e7\u00e3o de trabalhadores e residentes do concelho. Esta parceria estrat\u00e9gica vem proporcionar aos mun\u00edcipes a facilita\u00e7\u00e3o do acesso ao ensino superior, atrav\u00e9s da atribui\u00e7\u00e3o de bolsas de estudo, promover mecanismos de integra\u00e7\u00e3o profissional, e permitir o desenvolvimento de projetos conjuntos com impacto acad\u00e9mico, social e econ\u00f3mico.","og_url":"http:\/\/maismagazine.pt\/index.php\/2025\/12\/10\/universidade-europeia-e-camara-municipal-de-loures-unem-esforcos-para-impulsionar-formacao-e-empregabilidade-no-concelho\/","og_site_name":"Mais Magazine","article_published_time":"2025-12-10T09:52:36+00:00","article_modified_time":"2025-12-10T09:52:42+00:00","og_image":[{"width":720,"height":480,"url":"http:\/\/maismagazine.pt\/wp-content\/uploads\/2025\/12\/Imagem-WhatsApp-2025-12-09-as-11.41.24_42a1be25.jpg","type":"image\/jpeg"}],"author":"Tiago Costa","twitter_card":"summary_large_image","twitter_misc":{"Escrito por":false,"Tempo estimado de leitura":"3 minutos"},"schema":{"@context":"https:\/\/schema.org","@graph":[{"@type":"Article","@id":"http:\/\/maismagazine.pt\/index.php\/2025\/12\/10\/universidade-europeia-e-camara-municipal-de-loures-unem-esforcos-para-impulsionar-formacao-e-empregabilidade-no-concelho\/#article","isPartOf":{"@id":"http:\/\/maismagazine.pt\/index.php\/2025\/12\/10\/universidade-europeia-e-camara-municipal-de-loures-unem-esforcos-para-impulsionar-formacao-e-empregabilidade-no-concelho\/"},"author":{"name":"Tiago Costa","@id":"https:\/\/maismagazine.pt\/#\/schema\/person\/c6c5bfccc886434cbd11c74e035f9646"},"headline":"Universidade Europeia e C\u00e2mara Municipal de Loures unem esfor\u00e7os para impulsionar forma\u00e7\u00e3o e empregabilidade no concelho","datePublished":"2025-12-10T09:52:36+00:00","dateModified":"2025-12-10T09:52:42+00:00","mainEntityOfPage":{"@id":"http:\/\/maismagazine.pt\/index.php\/2025\/12\/10\/universidade-europeia-e-camara-municipal-de-loures-unem-esforcos-para-impulsionar-formacao-e-empregabilidade-no-concelho\/"},"wordCount":410,"publisher":{"@id":"https:\/\/maismagazine.pt\/#organization"},"image":{"@id":"http:\/\/maismagazine.pt\/index.php\/2025\/12\/10\/universidade-europeia-e-camara-municipal-de-loures-unem-esforcos-para-impulsionar-formacao-e-empregabilidade-no-concelho\/#primaryimage"},"thumbnailUrl":"http:\/\/maismagazine.pt\/wp-content\/uploads\/2025\/12\/Imagem-WhatsApp-2025-12-09-as-11.41.24_42a1be25.jpg","keywords":["CM Loures","Universidade Europeia"],"articleSection":["Not\u00edcias"],"inLanguage":"pt-PT"},{"@type":"WebPage","@id":"http:\/\/maismagazine.pt\/index.php\/2025\/12\/10\/universidade-europeia-e-camara-municipal-de-loures-unem-esforcos-para-impulsionar-formacao-e-empregabilidade-no-concelho\/","url":"http:\/\/maismagazine.pt\/index.php\/2025\/12\/10\/universidade-europeia-e-camara-municipal-de-loures-unem-esforcos-para-impulsionar-formacao-e-empregabilidade-no-concelho\/","name":"Universidade Europeia e C\u00e2mara Municipal de Loures unem esfor\u00e7os para impulsionar forma\u00e7\u00e3o e empregabilidade no concelho - Mais Magazine","isPartOf":{"@id":"https:\/\/maismagazine.pt\/#website"},"primaryImageOfPage":{"@id":"http:\/\/maismagazine.pt\/index.php\/2025\/12\/10\/universidade-europeia-e-camara-municipal-de-loures-unem-esforcos-para-impulsionar-formacao-e-empregabilidade-no-concelho\/#primaryimage"},"image":{"@id":"http:\/\/maismagazine.pt\/index.php\/2025\/12\/10\/universidade-europeia-e-camara-municipal-de-loures-unem-esforcos-para-impulsionar-formacao-e-empregabilidade-no-concelho\/#primaryimage"},"thumbnailUrl":"http:\/\/maismagazine.pt\/wp-content\/uploads\/2025\/12\/Imagem-WhatsApp-2025-12-09-as-11.41.24_42a1be25.jpg","datePublished":"2025-12-10T09:52:36+00:00","dateModified":"2025-12-10T09:52:42+00:00","description":"A Universidade Europeia e o Munic\u00edpio de Loures estabelecem Protocolo de Coopera\u00e7\u00e3o com o objetivo de promover a qualifica\u00e7\u00e3o, o desenvolvimento profissional e a valoriza\u00e7\u00e3o de trabalhadores e residentes do concelho. Esta parceria estrat\u00e9gica vem proporcionar aos mun\u00edcipes a facilita\u00e7\u00e3o do acesso ao ensino superior, atrav\u00e9s da atribui\u00e7\u00e3o de bolsas de estudo, promover mecanismos de integra\u00e7\u00e3o profissional, e permitir o desenvolvimento de projetos conjuntos com impacto acad\u00e9mico, social e econ\u00f3mico.","breadcrumb":{"@id":"http:\/\/maismagazine.pt\/index.php\/2025\/12\/10\/universidade-europeia-e-camara-municipal-de-loures-unem-esforcos-para-impulsionar-formacao-e-empregabilidade-no-concelho\/#breadcrumb"},"inLanguage":"pt-PT","potentialAction":[{"@type":"ReadAction","target":["http:\/\/maismagazine.pt\/index.php\/2025\/12\/10\/universidade-europeia-e-camara-municipal-de-loures-unem-esforcos-para-impulsionar-formacao-e-empregabilidade-no-concelho\/"]}]},{"@type":"ImageObject","inLanguage":"pt-PT","@id":"http:\/\/maismagazine.pt\/index.php\/2025\/12\/10\/universidade-europeia-e-camara-municipal-de-loures-unem-esforcos-para-impulsionar-formacao-e-empregabilidade-no-concelho\/#primaryimage","url":"http:\/\/maismagazine.pt\/wp-content\/uploads\/2025\/12\/Imagem-WhatsApp-2025-12-09-as-11.41.24_42a1be25.jpg","contentUrl":"http:\/\/maismagazine.pt\/wp-content\/uploads\/2025\/12\/Imagem-WhatsApp-2025-12-09-as-11.41.24_42a1be25.jpg","width":720,"height":480},{"@type":"BreadcrumbList","@id":"http:\/\/maismagazine.pt\/index.php\/2025\/12\/10\/universidade-europeia-e-camara-municipal-de-loures-unem-esforcos-para-impulsionar-formacao-e-empregabilidade-no-concelho\/#breadcrumb","itemListElement":[{"@type":"ListItem","position":1,"name":"Home","item":"https:\/\/maismagazine.pt\/"},{"@type":"ListItem","position":2,"name":"Universidade Europeia e C\u00e2mara Municipal de Loures unem esfor\u00e7os para impulsionar forma\u00e7\u00e3o e empregabilidade no concelho"}]},{"@type":"WebSite","@id":"https:\/\/maismagazine.pt\/#website","url":"https:\/\/maismagazine.pt\/","name":"Mais Magazine","description":"","publisher":{"@id":"https:\/\/maismagazine.pt\/#organization"},"potentialAction":[{"@type":"SearchAction","target":{"@type":"EntryPoint","urlTemplate":"https:\/\/maismagazine.pt\/?s={search_term_string}"},"query-input":{"@type":"PropertyValueSpecification","valueRequired":true,"valueName":"search_term_string"}}],"inLanguage":"pt-PT"},{"@type":"Organization","@id":"https:\/\/maismagazine.pt\/#organization","name":"Mais Magazine","url":"https:\/\/maismagazine.pt\/","logo":{"@type":"ImageObject","inLanguage":"pt-PT","@id":"https:\/\/maismagazine.pt\/#\/schema\/logo\/image\/","url":"http:\/\/maismagazine.pt\/wp-content\/uploads\/2020\/04\/cropped-cropped-mais-magazine-site-logo-2.png","contentUrl":"http:\/\/maismagazine.pt\/wp-content\/uploads\/2020\/04\/cropped-cropped-mais-magazine-site-logo-2.png","width":581,"height":90,"caption":"Mais Magazine"},"image":{"@id":"https:\/\/maismagazine.pt\/#\/schema\/logo\/image\/"}},{"@type":"Person","@id":"https:\/\/maismagazine.pt\/#\/schema\/person\/c6c5bfccc886434cbd11c74e035f9646","name":"Tiago Costa","image":{"@type":"ImageObject","inLanguage":"pt-PT","@id":"https:\/\/maismagazine.pt\/#\/schema\/person\/image\/","url":"https:\/\/secure.gravatar.com\/avatar\/c599b2bce16c9870429198cbad5ee022?s=96&d=mm&r=g","contentUrl":"https:\/\/secure.gravatar.com\/avatar\/c599b2bce16c9870429198cbad5ee022?s=96&d=mm&r=g","caption":"Tiago Costa"},"url":"http:\/\/maismagazine.pt\/index.php\/author\/tiago\/"}]}},"author_meta":{"display_name":false,"author_link":"http:\/\/maismagazine.pt\/index.php\/author\/tiago\/"},"featured_img":"http:\/\/maismagazine.pt\/wp-content\/uploads\/2025\/12\/Imagem-WhatsApp-2025-12-09-as-11.41.24_42a1be25-300x200.jpg","coauthors":[],"tax_additional":{"categories":{"linked":["<a href=\"http:\/\/maismagazine.pt\/index.php\/category\/noticias\/\" class=\"advgb-post-tax-term\">Not\u00edcias<\/a>"],"unlinked":["<span class=\"advgb-post-tax-term\">Not\u00edcias<\/span>"]},"tags":{"linked":["<a href=\"http:\/\/maismagazine.pt\/index.php\/category\/noticias\/\" class=\"advgb-post-tax-term\">CM Loures<\/a>","<a href=\"http:\/\/maismagazine.pt\/index.php\/category\/noticias\/\" class=\"advgb-post-tax-term\">Universidade Europeia<\/a>"],"unlinked":["<span class=\"advgb-post-tax-term\">CM Loures<\/span>","<span class=\"advgb-post-tax-term\">Universidade Europeia<\/span>"]}},"comment_count":"0","relative_dates":{"created":"Posted 5 meses ago","modified":"Updated 5 meses ago"},"absolute_dates":{"created":"Posted on 10 de Dezembro, 2025","modified":"Updated on 10 de Dezembro, 2025"},"absolute_dates_time":{"created":"Posted on 10 de Dezembro, 2025 9:52","modified":"Updated on 10 de Dezembro, 2025 9:52"},"featured_img_caption":"","series_order":"","_links":{"self":[{"href":"http:\/\/maismagazine.pt\/index.php\/wp-json\/wp\/v2\/posts\/13175","targetHints":{"allow":["GET"]}}],"collection":[{"href":"http:\/\/maismagazine.pt\/index.php\/wp-json\/wp\/v2\/posts"}],"about":[{"href":"http:\/\/maismagazine.pt\/index.php\/wp-json\/wp\/v2\/types\/post"}],"author":[{"embeddable":true,"href":"http:\/\/maismagazine.pt\/index.php\/wp-json\/wp\/v2\/users\/17"}],"replies":[{"embeddable":true,"href":"http:\/\/maismagazine.pt\/index.php\/wp-json\/wp\/v2\/comments?post=13175"}],"version-history":[{"count":2,"href":"http:\/\/maismagazine.pt\/index.php\/wp-json\/wp\/v2\/posts\/13175\/revisions"}],"predecessor-version":[{"id":13178,"href":"http:\/\/maismagazine.pt\/index.php\/wp-json\/wp\/v2\/posts\/13175\/revisions\/13178"}],"wp:featuredmedia":[{"embeddable":true,"href":"http:\/\/maismagazine.pt\/index.php\/wp-json\/wp\/v2\/media\/13176"}],"wp:attachment":[{"href":"http:\/\/maismagazine.pt\/index.php\/wp-json\/wp\/v2\/media?parent=13175"}],"wp:term":[{"taxonomy":"category","embeddable":true,"href":"http:\/\/maismagazine.pt\/index.php\/wp-json\/wp\/v2\/categories?post=13175"},{"taxonomy":"post_tag","embeddable":true,"href":"http:\/\/maismagazine.pt\/index.php\/wp-json\/wp\/v2\/tags?post=13175"}],"curies":[{"name":"wp","href":"https:\/\/api.w.org\/{rel}","templated":true}]}}