{"id":13172,"date":"2025-12-10T11:00:00","date_gmt":"2025-12-10T11:00:00","guid":{"rendered":"https:\/\/maismagazine.pt\/?p=13172"},"modified":"2025-12-05T14:42:38","modified_gmt":"2025-12-05T14:42:38","slug":"o-irao-e-portugal-sao-duas-nacoes-ligadas-por-lacos-historicos-profundos","status":"publish","type":"post","link":"http:\/\/maismagazine.pt\/index.php\/2025\/12\/10\/o-irao-e-portugal-sao-duas-nacoes-ligadas-por-lacos-historicos-profundos\/","title":{"rendered":"\u201cO Ir\u00e3o e Portugal s\u00e3o duas na\u00e7\u00f5es ligadas por la\u00e7os hist\u00f3ricos profundos\u201d"},"content":{"rendered":"\n<p><strong>Com mais de meio mil\u00e9nio de hist\u00f3ria partilhada, Portugal e Ir\u00e3o intensificam hoje o di\u00e1logo diplom\u00e1tico, a coopera\u00e7\u00e3o econ\u00f3mica e as parcerias culturais e cient\u00edficas, abrindo portas a novas oportunidades para empresas, institui\u00e7\u00f5es e cidad\u00e3os portugueses. Da energia ao turismo, passando pela ci\u00eancia, tecnologia e interc\u00e2mbio acad\u00e9mico, Seyed Majid Tafreshi, Embaixador do Ir\u00e3o em Portugal, destaca 2026 como um ano repleto de oportunidades para aprofundar uma liga\u00e7\u00e3o que combina tradi\u00e7\u00e3o, estrat\u00e9gia e um forte potencial de coopera\u00e7\u00e3o desportiva.<\/strong><\/p>\n\n\n\n<p><\/p>\n\n\n\n<p><strong>Quais s\u00e3o os principais objetivos da Embaixada no refor\u00e7o do di\u00e1logo e da coopera\u00e7\u00e3o bilateral entre o Ir\u00e3o e Portugal?<\/strong><\/p>\n\n\n\n<p>Em conformidade com a sua pol\u00edtica de ampla coopera\u00e7\u00e3o com outros pa\u00edses \u2014 particularmente Portugal \u2014 o Ir\u00e3o n\u00e3o imp\u00f5e restri\u00e7\u00f5es ao di\u00e1logo e \u00e0 negocia\u00e7\u00e3o, considerando o envolvimento direto como o meio primordial e mais duradouro para promover o entendimento m\u00fatuo. A Embaixada da Rep\u00fablica Isl\u00e2mica do Ir\u00e3o em Portugal procura expandir as intera\u00e7\u00f5es bilaterais tanto quanto poss\u00edvel e tem cooperado ativamente com Portugal em diversas \u00e1reas.<\/p>\n\n\n\n<p>Esta rela\u00e7\u00e3o assenta num longo historial que remonta a mais de meio mil\u00e9nio, ao per\u00edodo em que se estabeleceram os primeiros contactos entre os dois pa\u00edses, durante as respetivas monarquias. Desde ent\u00e3o, a coopera\u00e7\u00e3o bilateral evoluiu atrav\u00e9s da troca de conhecimentos, bens e intera\u00e7\u00f5es culturais, formando uma base rica para uma parceria cont\u00ednua.<\/p>\n\n\n\n<p><\/p>\n\n\n\n<p><strong>Quais s\u00e3o os setores econ\u00f3micos iranianos mais promissores para captar o interesse das empresas e investidores portugueses?<\/strong><\/p>\n\n\n\n<p>Entre os setores mais promissores para os investidores portugueses est\u00e3o os das mat\u00e9rias-primas, dos produtos qu\u00edmicos e das ind\u00fastrias do petr\u00f3leo e g\u00e1s. O Ir\u00e3o \u00e9 tamb\u00e9m um dos principais produtores mundiais de frutos secos de alta qualidade, pist\u00e1cios e a\u00e7afr\u00e3o, todos com forte potencial de mercado.<\/p>\n\n\n\n<p>Al\u00e9m disso, o setor do turismo no Ir\u00e3o constitui uma oportunidade particularmente atrativa para empresas portuguesas, dada a profundidade hist\u00f3rica, a diversidade cultural e os numerosos s\u00edtios classificados como Patrim\u00f3nio Mundial da UNESCO. O Ir\u00e3o possui ainda capacidades significativas nos campos cient\u00edfico e tecnol\u00f3gico \u2014 especialmente na \u00e1rea da intelig\u00eancia artificial \u2014 que poder\u00e3o interessar a empresas portuguesas ligadas a ind\u00fastrias avan\u00e7adas, empreendedorismo e energias renov\u00e1veis. A vasta extens\u00e3o territorial e a diversidade clim\u00e1tica do pa\u00eds criam vantagens adicionais nestes dom\u00ednios.<\/p>\n\n\n\n<p><\/p>\n\n\n\n<p><strong>De que forma Portugal pode beneficiar de uma rela\u00e7\u00e3o econ\u00f3mica mais pr\u00f3xima com o Ir\u00e3o?<\/strong><\/p>\n\n\n\n<p>O Ir\u00e3o \u00e9 um pa\u00eds-chave na regi\u00e3o da \u00c1sia Ocidental, com uma posi\u00e7\u00e3o geopol\u00edtica altamente estrat\u00e9gica no Golfo P\u00e9rsico. Os seus importantes corredores mar\u00edtimos e diversas rotas de tr\u00e2nsito podem apoiar Portugal na expans\u00e3o do seu alcance econ\u00f3mico e no acesso a mercados regionais.<\/p>\n\n\n\n<p>As capacidades econ\u00f3micas do Ir\u00e3o nos setores da avia\u00e7\u00e3o, farmac\u00eautico, tur\u00edstico e do desenvolvimento urbano oferecem oportunidades substanciais de benef\u00edcio m\u00fatuo. Por exemplo, o estabelecimento de voos diretos entre Portugal e o Ir\u00e3o poderia refor\u00e7ar significativamente as trocas e estimular o turismo, fortalecendo assim os la\u00e7os econ\u00f3micos e facilitando uma coopera\u00e7\u00e3o mais ampla.<\/p>\n\n\n\n<p><\/p>\n\n\n\n<p><strong>Que iniciativas culturais tem a Embaixada promovido em Portugal, tendo em conta a rica heran\u00e7a cultural do Ir\u00e3o?<\/strong><\/p>\n\n\n\n<p>A Embaixada do Ir\u00e3o em Lisboa tem organizado anualmente uma vasta gama de programas culturais. Estes incluem exposi\u00e7\u00f5es de artesanato, concertos de m\u00fasica folcl\u00f3rica iraniana para assinalar a chegada da primavera e o Ano Novo Persa (Nowruz), celebrado a 21 de mar\u00e7o, bem como exposi\u00e7\u00f5es de documentos hist\u00f3ricos com 500 anos relacionados com as rela\u00e7\u00f5es bilaterais. Estes eventos s\u00e3o organizados em colabora\u00e7\u00e3o com institui\u00e7\u00f5es nacionais como o Arquivo da Torre do Tombo, a Funda\u00e7\u00e3o Oriente, o Centro Cultural Olga Cadaval do Munic\u00edpio de Sintra e o Munic\u00edpio de Almada, entre outros.<\/p>\n\n\n\n<p><\/p>\n\n\n\n<p><strong>Existem parcerias acad\u00e9micas ou cient\u00edficas que mere\u00e7am destaque?<\/strong><\/p>\n\n\n\n<p>A coopera\u00e7\u00e3o acad\u00e9mica e cient\u00edfica entre o Ir\u00e3o e Portugal \u00e9 uma prioridade essencial nas trocas bilaterais. Muitos iranianos residentes em Portugal vieram inicialmente para prosseguir estudos superiores e hoje contribuem para setores importantes da sociedade portuguesa.<\/p>\n\n\n\n<p>Um dos objetivos centrais da Embaixada \u00e9 refor\u00e7ar a colabora\u00e7\u00e3o cient\u00edfica atrav\u00e9s do estreitamento dos la\u00e7os com institui\u00e7\u00f5es acad\u00e9micas e da promo\u00e7\u00e3o de memorandos de entendimento conjuntos. V\u00e1rios desses acordos j\u00e1 foram assinados entre universidades e universidades m\u00e9dicas de ambos os pa\u00edses, estabelecendo as bases para uma coopera\u00e7\u00e3o mais aprofundada.<\/p>\n\n\n\n<p><\/p>\n\n\n\n<p><strong>Quais s\u00e3o as prioridades da Embaixada para 2026 no refor\u00e7o das rela\u00e7\u00f5es bilaterais?<\/strong><\/p>\n\n\n\n<p>Uma das grandes prioridades da Embaixada para 2026 \u00e9 o desenvolvimento da coopera\u00e7\u00e3o desportiva, com especial destaque para o futebol. Na \u00faltima d\u00e9cada, jogadores e treinadores iranianos e portugueses ganharam reconhecimento importante em ambos os pa\u00edses, criando condi\u00e7\u00f5es favor\u00e1veis para uma colabora\u00e7\u00e3o mais ampla.<\/p>\n\n\n\n<p>Al\u00e9m do desporto, a Embaixada pretende promover a coopera\u00e7\u00e3o entre museus e fortalecer as rela\u00e7\u00f5es parlamentares. O plano de longo prazo de Portugal para um assento n\u00e3o permanente no Conselho de Seguran\u00e7a das Na\u00e7\u00f5es Unidas, combinado com a presen\u00e7a de Ant\u00f3nio Guterres na ONU e de Ant\u00f3nio Costa na Uni\u00e3o Europeia, oferece um contexto relevante para aprofundar tanto a coopera\u00e7\u00e3o bilateral como multilateral.<\/p>\n\n\n\n<p><\/p>\n\n\n\n<p><strong>Que mensagem gostaria de deixar aos leitores portugueses, nesta edi\u00e7\u00e3o de Natal da Mais Magazine, sobre a rela\u00e7\u00e3o entre Portugal e o Ir\u00e3o?<\/strong><\/p>\n\n\n\n<p>O Ir\u00e3o e Portugal s\u00e3o duas na\u00e7\u00f5es ligadas por la\u00e7os hist\u00f3ricos profundos, alguns dos quais remontam ao per\u00edodo mitraico. A minha mensagem ao povo portugu\u00eas, nesta quadra natal\u00edcia, \u00e9 a de continuar a promover a unidade, o respeito m\u00fatuo e a conviv\u00eancia pac\u00edfica. Que possamos trabalhar juntos por um mundo livre de viol\u00eancia, celebrando a diversidade como fonte de for\u00e7a. O v\u00ednculo entre os nossos povos \u00e9 duradouro e significativo.<\/p>\n","protected":false},"excerpt":{"rendered":"<p>Com mais de meio mil\u00e9nio de hist\u00f3ria partilhada, Portugal e Ir\u00e3o intensificam hoje o di\u00e1logo diplom\u00e1tico, a coopera\u00e7\u00e3o econ\u00f3mica e as parcerias culturais e cient\u00edficas, abrindo portas a novas oportunidades para empresas, institui\u00e7\u00f5es e cidad\u00e3os portugueses. Da energia ao turismo, passando pela ci\u00eancia, tecnologia e interc\u00e2mbio acad\u00e9mico, Seyed Majid Tafreshi,&hellip;<\/p>\n","protected":false},"author":17,"featured_media":13173,"comment_status":"closed","ping_status":"open","sticky":false,"template":"","format":"standard","meta":{"advgb_blocks_editor_width":"","advgb_blocks_columns_visual_guide":"","_monsterinsights_skip_tracking":false,"_monsterinsights_sitenote_active":false,"_monsterinsights_sitenote_note":"","_monsterinsights_sitenote_category":0,"footnotes":""},"categories":[52,7],"tags":[2521],"class_list":["post-13172","post","type-post","status-publish","format-standard","has-post-thumbnail","hentry","category-destaque","category-noticias","tag-embaixador-irao"],"yoast_head":"<!-- This site is optimized with the Yoast SEO plugin v24.4 - https:\/\/yoast.com\/wordpress\/plugins\/seo\/ -->\n<title>\u201cO Ir\u00e3o e Portugal s\u00e3o duas na\u00e7\u00f5es ligadas por la\u00e7os hist\u00f3ricos profundos\u201d - Mais Magazine<\/title>\n<meta name=\"description\" content=\"Com mais de meio mil\u00e9nio de hist\u00f3ria partilhada, Portugal e Ir\u00e3o intensificam hoje o di\u00e1logo diplom\u00e1tico, a coopera\u00e7\u00e3o econ\u00f3mica e as parcerias culturais e cient\u00edficas, abrindo portas a novas oportunidades para empresas, institui\u00e7\u00f5es e cidad\u00e3os portugueses. Da energia ao turismo, passando pela ci\u00eancia, tecnologia e interc\u00e2mbio acad\u00e9mico, Seyed Majid Tafreshi, Embaixador do Ir\u00e3o em Portugal, destaca 2026 como um ano repleto de oportunidades para aprofundar uma liga\u00e7\u00e3o que combina tradi\u00e7\u00e3o, estrat\u00e9gia e um forte potencial de coopera\u00e7\u00e3o desportiva.\" \/>\n<meta name=\"robots\" content=\"index, follow, max-snippet:-1, max-image-preview:large, max-video-preview:-1\" \/>\n<link rel=\"canonical\" href=\"https:\/\/maismagazine.pt\/index.php\/2025\/12\/10\/o-irao-e-portugal-sao-duas-nacoes-ligadas-por-lacos-historicos-profundos\/\" \/>\n<meta property=\"og:locale\" content=\"pt_PT\" \/>\n<meta property=\"og:type\" content=\"article\" \/>\n<meta property=\"og:title\" content=\"\u201cO Ir\u00e3o e Portugal s\u00e3o duas na\u00e7\u00f5es ligadas por la\u00e7os hist\u00f3ricos profundos\u201d - Mais Magazine\" \/>\n<meta property=\"og:description\" content=\"Com mais de meio mil\u00e9nio de hist\u00f3ria partilhada, Portugal e Ir\u00e3o intensificam hoje o di\u00e1logo diplom\u00e1tico, a coopera\u00e7\u00e3o econ\u00f3mica e as parcerias culturais e cient\u00edficas, abrindo portas a novas oportunidades para empresas, institui\u00e7\u00f5es e cidad\u00e3os portugueses. Da energia ao turismo, passando pela ci\u00eancia, tecnologia e interc\u00e2mbio acad\u00e9mico, Seyed Majid Tafreshi, Embaixador do Ir\u00e3o em Portugal, destaca 2026 como um ano repleto de oportunidades para aprofundar uma liga\u00e7\u00e3o que combina tradi\u00e7\u00e3o, estrat\u00e9gia e um forte potencial de coopera\u00e7\u00e3o desportiva.\" \/>\n<meta property=\"og:url\" content=\"https:\/\/maismagazine.pt\/index.php\/2025\/12\/10\/o-irao-e-portugal-sao-duas-nacoes-ligadas-por-lacos-historicos-profundos\/\" \/>\n<meta property=\"og:site_name\" content=\"Mais Magazine\" \/>\n<meta property=\"article:published_time\" content=\"2025-12-10T11:00:00+00:00\" \/>\n<meta property=\"og:image\" content=\"https:\/\/maismagazine.pt\/wp-content\/uploads\/2025\/12\/g.jpg\" \/>\n\t<meta property=\"og:image:width\" content=\"640\" \/>\n\t<meta property=\"og:image:height\" content=\"518\" \/>\n\t<meta property=\"og:image:type\" content=\"image\/jpeg\" \/>\n<meta name=\"author\" content=\"Tiago Costa\" \/>\n<meta name=\"twitter:card\" content=\"summary_large_image\" \/>\n<meta name=\"twitter:label1\" content=\"Escrito por\" \/>\n\t<meta name=\"twitter:data1\" content=\"\" \/>\n\t<meta name=\"twitter:label2\" content=\"Tempo estimado de leitura\" \/>\n\t<meta name=\"twitter:data2\" content=\"6 minutos\" \/>\n<script type=\"application\/ld+json\" class=\"yoast-schema-graph\">{\"@context\":\"https:\/\/schema.org\",\"@graph\":[{\"@type\":\"Article\",\"@id\":\"https:\/\/maismagazine.pt\/index.php\/2025\/12\/10\/o-irao-e-portugal-sao-duas-nacoes-ligadas-por-lacos-historicos-profundos\/#article\",\"isPartOf\":{\"@id\":\"https:\/\/maismagazine.pt\/index.php\/2025\/12\/10\/o-irao-e-portugal-sao-duas-nacoes-ligadas-por-lacos-historicos-profundos\/\"},\"author\":{\"name\":\"Tiago Costa\",\"@id\":\"https:\/\/maismagazine.pt\/#\/schema\/person\/c6c5bfccc886434cbd11c74e035f9646\"},\"headline\":\"\u201cO Ir\u00e3o e Portugal s\u00e3o duas na\u00e7\u00f5es ligadas por la\u00e7os hist\u00f3ricos profundos\u201d\",\"datePublished\":\"2025-12-10T11:00:00+00:00\",\"mainEntityOfPage\":{\"@id\":\"https:\/\/maismagazine.pt\/index.php\/2025\/12\/10\/o-irao-e-portugal-sao-duas-nacoes-ligadas-por-lacos-historicos-profundos\/\"},\"wordCount\":1069,\"publisher\":{\"@id\":\"https:\/\/maismagazine.pt\/#organization\"},\"image\":{\"@id\":\"https:\/\/maismagazine.pt\/index.php\/2025\/12\/10\/o-irao-e-portugal-sao-duas-nacoes-ligadas-por-lacos-historicos-profundos\/#primaryimage\"},\"thumbnailUrl\":\"http:\/\/maismagazine.pt\/wp-content\/uploads\/2025\/12\/g.jpg\",\"keywords\":[\"Embaixador Ir\u00e3o\"],\"articleSection\":[\"Destaque lateral\",\"Not\u00edcias\"],\"inLanguage\":\"pt-PT\"},{\"@type\":\"WebPage\",\"@id\":\"https:\/\/maismagazine.pt\/index.php\/2025\/12\/10\/o-irao-e-portugal-sao-duas-nacoes-ligadas-por-lacos-historicos-profundos\/\",\"url\":\"https:\/\/maismagazine.pt\/index.php\/2025\/12\/10\/o-irao-e-portugal-sao-duas-nacoes-ligadas-por-lacos-historicos-profundos\/\",\"name\":\"\u201cO Ir\u00e3o e Portugal s\u00e3o duas na\u00e7\u00f5es ligadas por la\u00e7os hist\u00f3ricos profundos\u201d - Mais Magazine\",\"isPartOf\":{\"@id\":\"https:\/\/maismagazine.pt\/#website\"},\"primaryImageOfPage\":{\"@id\":\"https:\/\/maismagazine.pt\/index.php\/2025\/12\/10\/o-irao-e-portugal-sao-duas-nacoes-ligadas-por-lacos-historicos-profundos\/#primaryimage\"},\"image\":{\"@id\":\"https:\/\/maismagazine.pt\/index.php\/2025\/12\/10\/o-irao-e-portugal-sao-duas-nacoes-ligadas-por-lacos-historicos-profundos\/#primaryimage\"},\"thumbnailUrl\":\"http:\/\/maismagazine.pt\/wp-content\/uploads\/2025\/12\/g.jpg\",\"datePublished\":\"2025-12-10T11:00:00+00:00\",\"description\":\"Com mais de meio mil\u00e9nio de hist\u00f3ria partilhada, Portugal e Ir\u00e3o intensificam hoje o di\u00e1logo diplom\u00e1tico, a coopera\u00e7\u00e3o econ\u00f3mica e as parcerias culturais e cient\u00edficas, abrindo portas a novas oportunidades para empresas, institui\u00e7\u00f5es e cidad\u00e3os portugueses. Da energia ao turismo, passando pela ci\u00eancia, tecnologia e interc\u00e2mbio acad\u00e9mico, Seyed Majid Tafreshi, Embaixador do Ir\u00e3o em Portugal, destaca 2026 como um ano repleto de oportunidades para aprofundar uma liga\u00e7\u00e3o que combina tradi\u00e7\u00e3o, estrat\u00e9gia e um forte potencial de coopera\u00e7\u00e3o desportiva.\",\"breadcrumb\":{\"@id\":\"https:\/\/maismagazine.pt\/index.php\/2025\/12\/10\/o-irao-e-portugal-sao-duas-nacoes-ligadas-por-lacos-historicos-profundos\/#breadcrumb\"},\"inLanguage\":\"pt-PT\",\"potentialAction\":[{\"@type\":\"ReadAction\",\"target\":[\"https:\/\/maismagazine.pt\/index.php\/2025\/12\/10\/o-irao-e-portugal-sao-duas-nacoes-ligadas-por-lacos-historicos-profundos\/\"]}]},{\"@type\":\"ImageObject\",\"inLanguage\":\"pt-PT\",\"@id\":\"https:\/\/maismagazine.pt\/index.php\/2025\/12\/10\/o-irao-e-portugal-sao-duas-nacoes-ligadas-por-lacos-historicos-profundos\/#primaryimage\",\"url\":\"http:\/\/maismagazine.pt\/wp-content\/uploads\/2025\/12\/g.jpg\",\"contentUrl\":\"http:\/\/maismagazine.pt\/wp-content\/uploads\/2025\/12\/g.jpg\",\"width\":640,\"height\":518},{\"@type\":\"BreadcrumbList\",\"@id\":\"https:\/\/maismagazine.pt\/index.php\/2025\/12\/10\/o-irao-e-portugal-sao-duas-nacoes-ligadas-por-lacos-historicos-profundos\/#breadcrumb\",\"itemListElement\":[{\"@type\":\"ListItem\",\"position\":1,\"name\":\"Home\",\"item\":\"https:\/\/maismagazine.pt\/\"},{\"@type\":\"ListItem\",\"position\":2,\"name\":\"\u201cO Ir\u00e3o e Portugal s\u00e3o duas na\u00e7\u00f5es ligadas por la\u00e7os hist\u00f3ricos profundos\u201d\"}]},{\"@type\":\"WebSite\",\"@id\":\"https:\/\/maismagazine.pt\/#website\",\"url\":\"https:\/\/maismagazine.pt\/\",\"name\":\"Mais Magazine\",\"description\":\"\",\"publisher\":{\"@id\":\"https:\/\/maismagazine.pt\/#organization\"},\"potentialAction\":[{\"@type\":\"SearchAction\",\"target\":{\"@type\":\"EntryPoint\",\"urlTemplate\":\"https:\/\/maismagazine.pt\/?s={search_term_string}\"},\"query-input\":{\"@type\":\"PropertyValueSpecification\",\"valueRequired\":true,\"valueName\":\"search_term_string\"}}],\"inLanguage\":\"pt-PT\"},{\"@type\":\"Organization\",\"@id\":\"https:\/\/maismagazine.pt\/#organization\",\"name\":\"Mais Magazine\",\"url\":\"https:\/\/maismagazine.pt\/\",\"logo\":{\"@type\":\"ImageObject\",\"inLanguage\":\"pt-PT\",\"@id\":\"https:\/\/maismagazine.pt\/#\/schema\/logo\/image\/\",\"url\":\"http:\/\/maismagazine.pt\/wp-content\/uploads\/2020\/04\/cropped-cropped-mais-magazine-site-logo-2.png\",\"contentUrl\":\"http:\/\/maismagazine.pt\/wp-content\/uploads\/2020\/04\/cropped-cropped-mais-magazine-site-logo-2.png\",\"width\":581,\"height\":90,\"caption\":\"Mais Magazine\"},\"image\":{\"@id\":\"https:\/\/maismagazine.pt\/#\/schema\/logo\/image\/\"}},{\"@type\":\"Person\",\"@id\":\"https:\/\/maismagazine.pt\/#\/schema\/person\/c6c5bfccc886434cbd11c74e035f9646\",\"name\":\"Tiago Costa\",\"image\":{\"@type\":\"ImageObject\",\"inLanguage\":\"pt-PT\",\"@id\":\"https:\/\/maismagazine.pt\/#\/schema\/person\/image\/\",\"url\":\"https:\/\/secure.gravatar.com\/avatar\/c599b2bce16c9870429198cbad5ee022?s=96&d=mm&r=g\",\"contentUrl\":\"https:\/\/secure.gravatar.com\/avatar\/c599b2bce16c9870429198cbad5ee022?s=96&d=mm&r=g\",\"caption\":\"Tiago Costa\"},\"url\":\"http:\/\/maismagazine.pt\/index.php\/author\/tiago\/\"}]}<\/script>\n<!-- \/ Yoast SEO plugin. -->","yoast_head_json":{"title":"\u201cO Ir\u00e3o e Portugal s\u00e3o duas na\u00e7\u00f5es ligadas por la\u00e7os hist\u00f3ricos profundos\u201d - Mais Magazine","description":"Com mais de meio mil\u00e9nio de hist\u00f3ria partilhada, Portugal e Ir\u00e3o intensificam hoje o di\u00e1logo diplom\u00e1tico, a coopera\u00e7\u00e3o econ\u00f3mica e as parcerias culturais e cient\u00edficas, abrindo portas a novas oportunidades para empresas, institui\u00e7\u00f5es e cidad\u00e3os portugueses. Da energia ao turismo, passando pela ci\u00eancia, tecnologia e interc\u00e2mbio acad\u00e9mico, Seyed Majid Tafreshi, Embaixador do Ir\u00e3o em Portugal, destaca 2026 como um ano repleto de oportunidades para aprofundar uma liga\u00e7\u00e3o que combina tradi\u00e7\u00e3o, estrat\u00e9gia e um forte potencial de coopera\u00e7\u00e3o desportiva.","robots":{"index":"index","follow":"follow","max-snippet":"max-snippet:-1","max-image-preview":"max-image-preview:large","max-video-preview":"max-video-preview:-1"},"canonical":"https:\/\/maismagazine.pt\/index.php\/2025\/12\/10\/o-irao-e-portugal-sao-duas-nacoes-ligadas-por-lacos-historicos-profundos\/","og_locale":"pt_PT","og_type":"article","og_title":"\u201cO Ir\u00e3o e Portugal s\u00e3o duas na\u00e7\u00f5es ligadas por la\u00e7os hist\u00f3ricos profundos\u201d - Mais Magazine","og_description":"Com mais de meio mil\u00e9nio de hist\u00f3ria partilhada, Portugal e Ir\u00e3o intensificam hoje o di\u00e1logo diplom\u00e1tico, a coopera\u00e7\u00e3o econ\u00f3mica e as parcerias culturais e cient\u00edficas, abrindo portas a novas oportunidades para empresas, institui\u00e7\u00f5es e cidad\u00e3os portugueses. Da energia ao turismo, passando pela ci\u00eancia, tecnologia e interc\u00e2mbio acad\u00e9mico, Seyed Majid Tafreshi, Embaixador do Ir\u00e3o em Portugal, destaca 2026 como um ano repleto de oportunidades para aprofundar uma liga\u00e7\u00e3o que combina tradi\u00e7\u00e3o, estrat\u00e9gia e um forte potencial de coopera\u00e7\u00e3o desportiva.","og_url":"https:\/\/maismagazine.pt\/index.php\/2025\/12\/10\/o-irao-e-portugal-sao-duas-nacoes-ligadas-por-lacos-historicos-profundos\/","og_site_name":"Mais Magazine","article_published_time":"2025-12-10T11:00:00+00:00","og_image":[{"width":640,"height":518,"url":"https:\/\/maismagazine.pt\/wp-content\/uploads\/2025\/12\/g.jpg","type":"image\/jpeg"}],"author":"Tiago Costa","twitter_card":"summary_large_image","twitter_misc":{"Escrito por":false,"Tempo estimado de leitura":"6 minutos"},"schema":{"@context":"https:\/\/schema.org","@graph":[{"@type":"Article","@id":"https:\/\/maismagazine.pt\/index.php\/2025\/12\/10\/o-irao-e-portugal-sao-duas-nacoes-ligadas-por-lacos-historicos-profundos\/#article","isPartOf":{"@id":"https:\/\/maismagazine.pt\/index.php\/2025\/12\/10\/o-irao-e-portugal-sao-duas-nacoes-ligadas-por-lacos-historicos-profundos\/"},"author":{"name":"Tiago Costa","@id":"https:\/\/maismagazine.pt\/#\/schema\/person\/c6c5bfccc886434cbd11c74e035f9646"},"headline":"\u201cO Ir\u00e3o e Portugal s\u00e3o duas na\u00e7\u00f5es ligadas por la\u00e7os hist\u00f3ricos profundos\u201d","datePublished":"2025-12-10T11:00:00+00:00","mainEntityOfPage":{"@id":"https:\/\/maismagazine.pt\/index.php\/2025\/12\/10\/o-irao-e-portugal-sao-duas-nacoes-ligadas-por-lacos-historicos-profundos\/"},"wordCount":1069,"publisher":{"@id":"https:\/\/maismagazine.pt\/#organization"},"image":{"@id":"https:\/\/maismagazine.pt\/index.php\/2025\/12\/10\/o-irao-e-portugal-sao-duas-nacoes-ligadas-por-lacos-historicos-profundos\/#primaryimage"},"thumbnailUrl":"http:\/\/maismagazine.pt\/wp-content\/uploads\/2025\/12\/g.jpg","keywords":["Embaixador Ir\u00e3o"],"articleSection":["Destaque lateral","Not\u00edcias"],"inLanguage":"pt-PT"},{"@type":"WebPage","@id":"https:\/\/maismagazine.pt\/index.php\/2025\/12\/10\/o-irao-e-portugal-sao-duas-nacoes-ligadas-por-lacos-historicos-profundos\/","url":"https:\/\/maismagazine.pt\/index.php\/2025\/12\/10\/o-irao-e-portugal-sao-duas-nacoes-ligadas-por-lacos-historicos-profundos\/","name":"\u201cO Ir\u00e3o e Portugal s\u00e3o duas na\u00e7\u00f5es ligadas por la\u00e7os hist\u00f3ricos profundos\u201d - Mais Magazine","isPartOf":{"@id":"https:\/\/maismagazine.pt\/#website"},"primaryImageOfPage":{"@id":"https:\/\/maismagazine.pt\/index.php\/2025\/12\/10\/o-irao-e-portugal-sao-duas-nacoes-ligadas-por-lacos-historicos-profundos\/#primaryimage"},"image":{"@id":"https:\/\/maismagazine.pt\/index.php\/2025\/12\/10\/o-irao-e-portugal-sao-duas-nacoes-ligadas-por-lacos-historicos-profundos\/#primaryimage"},"thumbnailUrl":"http:\/\/maismagazine.pt\/wp-content\/uploads\/2025\/12\/g.jpg","datePublished":"2025-12-10T11:00:00+00:00","description":"Com mais de meio mil\u00e9nio de hist\u00f3ria partilhada, Portugal e Ir\u00e3o intensificam hoje o di\u00e1logo diplom\u00e1tico, a coopera\u00e7\u00e3o econ\u00f3mica e as parcerias culturais e cient\u00edficas, abrindo portas a novas oportunidades para empresas, institui\u00e7\u00f5es e cidad\u00e3os portugueses. Da energia ao turismo, passando pela ci\u00eancia, tecnologia e interc\u00e2mbio acad\u00e9mico, Seyed Majid Tafreshi, Embaixador do Ir\u00e3o em Portugal, destaca 2026 como um ano repleto de oportunidades para aprofundar uma liga\u00e7\u00e3o que combina tradi\u00e7\u00e3o, estrat\u00e9gia e um forte potencial de coopera\u00e7\u00e3o desportiva.","breadcrumb":{"@id":"https:\/\/maismagazine.pt\/index.php\/2025\/12\/10\/o-irao-e-portugal-sao-duas-nacoes-ligadas-por-lacos-historicos-profundos\/#breadcrumb"},"inLanguage":"pt-PT","potentialAction":[{"@type":"ReadAction","target":["https:\/\/maismagazine.pt\/index.php\/2025\/12\/10\/o-irao-e-portugal-sao-duas-nacoes-ligadas-por-lacos-historicos-profundos\/"]}]},{"@type":"ImageObject","inLanguage":"pt-PT","@id":"https:\/\/maismagazine.pt\/index.php\/2025\/12\/10\/o-irao-e-portugal-sao-duas-nacoes-ligadas-por-lacos-historicos-profundos\/#primaryimage","url":"http:\/\/maismagazine.pt\/wp-content\/uploads\/2025\/12\/g.jpg","contentUrl":"http:\/\/maismagazine.pt\/wp-content\/uploads\/2025\/12\/g.jpg","width":640,"height":518},{"@type":"BreadcrumbList","@id":"https:\/\/maismagazine.pt\/index.php\/2025\/12\/10\/o-irao-e-portugal-sao-duas-nacoes-ligadas-por-lacos-historicos-profundos\/#breadcrumb","itemListElement":[{"@type":"ListItem","position":1,"name":"Home","item":"https:\/\/maismagazine.pt\/"},{"@type":"ListItem","position":2,"name":"\u201cO Ir\u00e3o e Portugal s\u00e3o duas na\u00e7\u00f5es ligadas por la\u00e7os hist\u00f3ricos profundos\u201d"}]},{"@type":"WebSite","@id":"https:\/\/maismagazine.pt\/#website","url":"https:\/\/maismagazine.pt\/","name":"Mais Magazine","description":"","publisher":{"@id":"https:\/\/maismagazine.pt\/#organization"},"potentialAction":[{"@type":"SearchAction","target":{"@type":"EntryPoint","urlTemplate":"https:\/\/maismagazine.pt\/?s={search_term_string}"},"query-input":{"@type":"PropertyValueSpecification","valueRequired":true,"valueName":"search_term_string"}}],"inLanguage":"pt-PT"},{"@type":"Organization","@id":"https:\/\/maismagazine.pt\/#organization","name":"Mais Magazine","url":"https:\/\/maismagazine.pt\/","logo":{"@type":"ImageObject","inLanguage":"pt-PT","@id":"https:\/\/maismagazine.pt\/#\/schema\/logo\/image\/","url":"http:\/\/maismagazine.pt\/wp-content\/uploads\/2020\/04\/cropped-cropped-mais-magazine-site-logo-2.png","contentUrl":"http:\/\/maismagazine.pt\/wp-content\/uploads\/2020\/04\/cropped-cropped-mais-magazine-site-logo-2.png","width":581,"height":90,"caption":"Mais Magazine"},"image":{"@id":"https:\/\/maismagazine.pt\/#\/schema\/logo\/image\/"}},{"@type":"Person","@id":"https:\/\/maismagazine.pt\/#\/schema\/person\/c6c5bfccc886434cbd11c74e035f9646","name":"Tiago Costa","image":{"@type":"ImageObject","inLanguage":"pt-PT","@id":"https:\/\/maismagazine.pt\/#\/schema\/person\/image\/","url":"https:\/\/secure.gravatar.com\/avatar\/c599b2bce16c9870429198cbad5ee022?s=96&d=mm&r=g","contentUrl":"https:\/\/secure.gravatar.com\/avatar\/c599b2bce16c9870429198cbad5ee022?s=96&d=mm&r=g","caption":"Tiago Costa"},"url":"http:\/\/maismagazine.pt\/index.php\/author\/tiago\/"}]}},"author_meta":{"display_name":false,"author_link":"http:\/\/maismagazine.pt\/index.php\/author\/tiago\/"},"featured_img":"http:\/\/maismagazine.pt\/wp-content\/uploads\/2025\/12\/g-300x243.jpg","coauthors":[],"tax_additional":{"categories":{"linked":["<a href=\"http:\/\/maismagazine.pt\/index.php\/category\/destaque\/\" class=\"advgb-post-tax-term\">Destaque lateral<\/a>","<a href=\"http:\/\/maismagazine.pt\/index.php\/category\/noticias\/\" class=\"advgb-post-tax-term\">Not\u00edcias<\/a>"],"unlinked":["<span class=\"advgb-post-tax-term\">Destaque lateral<\/span>","<span class=\"advgb-post-tax-term\">Not\u00edcias<\/span>"]},"tags":{"linked":["<a href=\"http:\/\/maismagazine.pt\/index.php\/category\/noticias\/\" class=\"advgb-post-tax-term\">Embaixador Ir\u00e3o<\/a>"],"unlinked":["<span class=\"advgb-post-tax-term\">Embaixador Ir\u00e3o<\/span>"]}},"comment_count":"0","relative_dates":{"created":"Posted 5 meses ago","modified":"Updated 5 meses ago"},"absolute_dates":{"created":"Posted on 10 de Dezembro, 2025","modified":"Updated on 5 de Dezembro, 2025"},"absolute_dates_time":{"created":"Posted on 10 de Dezembro, 2025 11:00","modified":"Updated on 5 de Dezembro, 2025 14:42"},"featured_img_caption":"","series_order":"","_links":{"self":[{"href":"http:\/\/maismagazine.pt\/index.php\/wp-json\/wp\/v2\/posts\/13172","targetHints":{"allow":["GET"]}}],"collection":[{"href":"http:\/\/maismagazine.pt\/index.php\/wp-json\/wp\/v2\/posts"}],"about":[{"href":"http:\/\/maismagazine.pt\/index.php\/wp-json\/wp\/v2\/types\/post"}],"author":[{"embeddable":true,"href":"http:\/\/maismagazine.pt\/index.php\/wp-json\/wp\/v2\/users\/17"}],"replies":[{"embeddable":true,"href":"http:\/\/maismagazine.pt\/index.php\/wp-json\/wp\/v2\/comments?post=13172"}],"version-history":[{"count":1,"href":"http:\/\/maismagazine.pt\/index.php\/wp-json\/wp\/v2\/posts\/13172\/revisions"}],"predecessor-version":[{"id":13174,"href":"http:\/\/maismagazine.pt\/index.php\/wp-json\/wp\/v2\/posts\/13172\/revisions\/13174"}],"wp:featuredmedia":[{"embeddable":true,"href":"http:\/\/maismagazine.pt\/index.php\/wp-json\/wp\/v2\/media\/13173"}],"wp:attachment":[{"href":"http:\/\/maismagazine.pt\/index.php\/wp-json\/wp\/v2\/media?parent=13172"}],"wp:term":[{"taxonomy":"category","embeddable":true,"href":"http:\/\/maismagazine.pt\/index.php\/wp-json\/wp\/v2\/categories?post=13172"},{"taxonomy":"post_tag","embeddable":true,"href":"http:\/\/maismagazine.pt\/index.php\/wp-json\/wp\/v2\/tags?post=13172"}],"curies":[{"name":"wp","href":"https:\/\/api.w.org\/{rel}","templated":true}]}}