{"id":13169,"date":"2025-12-05T10:17:59","date_gmt":"2025-12-05T10:17:59","guid":{"rendered":"https:\/\/maismagazine.pt\/?p=13169"},"modified":"2025-12-05T10:18:03","modified_gmt":"2025-12-05T10:18:03","slug":"pendulo","status":"publish","type":"post","link":"http:\/\/maismagazine.pt\/index.php\/2025\/12\/05\/pendulo\/","title":{"rendered":"P\u00eandulo"},"content":{"rendered":"\n<p><strong>H\u00e1 noites em que a m\u00fasica decide reinventar-se, e a F\u00e1brica da Criatividade prepara-se para ser o lugar onde isso acontece. No pr\u00f3ximo dia 12 de dezembro, \u00e0s 21h30, o ciclo P\u00eandulo regressa com uma nova resid\u00eancia art\u00edstica que re\u00fane dois projetos de ra\u00edzes albicastrenses, MAYBEETOMORROW e Jaime\u2019s Band, numa cria\u00e7\u00e3o conjunta que nasce do encontro entre diferentes universos sonoros.<\/strong><\/p>\n\n\n\n<p><\/p>\n\n\n\n<p>Ao longo da resid\u00eancia, os m\u00fasicos mergulham num processo de explora\u00e7\u00e3o partilhada, cruzando influ\u00eancias, refer\u00eancias e formas de pensar a m\u00fasica. Desta conviv\u00eancia criativa surgem composi\u00e7\u00f5es in\u00e9ditas, preparadas especialmente para esta edi\u00e7\u00e3o e apresentadas ao p\u00fablico num concerto \u00fanico que revela o resultado deste di\u00e1logo intenso entre as duas bandas.<\/p>\n\n\n\n<p>A Jaime\u2019s Band, formada em 2021 a partir do projeto Sem Gl\u00f3ria, mant\u00e9m uma identidade rock feita de can\u00e7\u00f5es originais em portugu\u00eas escritas por Jaime Pimentel. A constru\u00e7\u00e3o das m\u00fasicas acontece de forma colaborativa, valorizando a for\u00e7a da palavra, a expressividade emocional e a energia que nasce da rela\u00e7\u00e3o entre os seus integrantes.<\/p>\n\n\n\n<p><\/p>\n\n\n\n<p>Os MAYBEETOMORROW re\u00fanem m\u00fasicos com um percurso longo e c\u00famplice, marcado por projetos anteriores como Nerva, Norton e Izumi. A sua sonoridade atravessa influ\u00eancias do grunge, indie rock e post rock, criando temas que refletem uma liga\u00e7\u00e3o profunda entre os membros e uma vis\u00e3o musical que abra\u00e7a o que foi, o que \u00e9 e o que ainda pode vir a ser.<\/p>\n\n\n\n<p><\/p>\n\n\n\n<p>O concerto final desta resid\u00eancia representa mais do que a conclus\u00e3o de um processo, afirmando a F\u00e1brica da Criatividade como um lugar onde a m\u00fasica encontra espa\u00e7o para arriscar, evoluir e surpreender. Em cada edi\u00e7\u00e3o do P\u00eandulo, renova-se a certeza de que a cria\u00e7\u00e3o art\u00edstica continua a pulsar na regi\u00e3o, abrindo caminhos para novas obras, novas colabora\u00e7\u00f5es e novas formas de imaginar o que a m\u00fasica pode ser.<\/p>\n\n\n\n<p><\/p>\n\n\n\n<p>Classifica\u00e7\u00e3o Et\u00e1ria: M\/06<\/p>\n\n\n\n<p>Bilhete: 5,00\u20ac<\/p>\n","protected":false},"excerpt":{"rendered":"<p>H\u00e1 noites em que a m\u00fasica decide reinventar-se, e a F\u00e1brica da Criatividade prepara-se para ser o lugar onde isso acontece. No pr\u00f3ximo dia 12 de dezembro, \u00e0s 21h30, o ciclo P\u00eandulo regressa com uma nova resid\u00eancia art\u00edstica que re\u00fane dois projetos de ra\u00edzes albicastrenses, MAYBEETOMORROW e Jaime\u2019s Band, numa&hellip;<\/p>\n","protected":false},"author":17,"featured_media":13170,"comment_status":"closed","ping_status":"open","sticky":false,"template":"","format":"standard","meta":{"advgb_blocks_editor_width":"","advgb_blocks_columns_visual_guide":"","_monsterinsights_skip_tracking":false,"_monsterinsights_sitenote_active":false,"_monsterinsights_sitenote_note":"","_monsterinsights_sitenote_category":0,"footnotes":""},"categories":[7],"tags":[2520],"class_list":["post-13169","post","type-post","status-publish","format-standard","has-post-thumbnail","hentry","category-noticias","tag-pendulo"],"yoast_head":"<!-- This site is optimized with the Yoast SEO plugin v24.4 - https:\/\/yoast.com\/wordpress\/plugins\/seo\/ -->\n<title>P\u00eandulo - Mais Magazine<\/title>\n<meta name=\"description\" content=\"H\u00e1 noites em que a m\u00fasica decide reinventar-se, e a F\u00e1brica da Criatividade prepara-se para ser o lugar onde isso acontece. No pr\u00f3ximo dia 12 de dezembro, \u00e0s 21h30, o ciclo P\u00eandulo regressa com uma nova resid\u00eancia art\u00edstica que re\u00fane dois projetos de ra\u00edzes albicastrenses, MAYBEETOMORROW e Jaime\u2019s Band, numa cria\u00e7\u00e3o conjunta que nasce do encontro entre diferentes universos sonoros.\" \/>\n<meta name=\"robots\" content=\"index, follow, max-snippet:-1, max-image-preview:large, max-video-preview:-1\" \/>\n<link rel=\"canonical\" href=\"http:\/\/maismagazine.pt\/index.php\/2025\/12\/05\/pendulo\/\" \/>\n<meta property=\"og:locale\" content=\"pt_PT\" \/>\n<meta property=\"og:type\" content=\"article\" \/>\n<meta property=\"og:title\" content=\"P\u00eandulo - Mais Magazine\" \/>\n<meta property=\"og:description\" content=\"H\u00e1 noites em que a m\u00fasica decide reinventar-se, e a F\u00e1brica da Criatividade prepara-se para ser o lugar onde isso acontece. No pr\u00f3ximo dia 12 de dezembro, \u00e0s 21h30, o ciclo P\u00eandulo regressa com uma nova resid\u00eancia art\u00edstica que re\u00fane dois projetos de ra\u00edzes albicastrenses, MAYBEETOMORROW e Jaime\u2019s Band, numa cria\u00e7\u00e3o conjunta que nasce do encontro entre diferentes universos sonoros.\" \/>\n<meta property=\"og:url\" content=\"http:\/\/maismagazine.pt\/index.php\/2025\/12\/05\/pendulo\/\" \/>\n<meta property=\"og:site_name\" content=\"Mais Magazine\" \/>\n<meta property=\"article:published_time\" content=\"2025-12-05T10:17:59+00:00\" \/>\n<meta property=\"article:modified_time\" content=\"2025-12-05T10:18:03+00:00\" \/>\n<meta property=\"og:image\" content=\"http:\/\/maismagazine.pt\/wp-content\/uploads\/2025\/12\/Jaimes-Band.jpg\" \/>\n\t<meta property=\"og:image:width\" content=\"480\" \/>\n\t<meta property=\"og:image:height\" content=\"640\" \/>\n\t<meta property=\"og:image:type\" content=\"image\/jpeg\" \/>\n<meta name=\"author\" content=\"Tiago Costa\" \/>\n<meta name=\"twitter:card\" content=\"summary_large_image\" \/>\n<meta name=\"twitter:label1\" content=\"Escrito por\" \/>\n\t<meta name=\"twitter:data1\" content=\"\" \/>\n\t<meta name=\"twitter:label2\" content=\"Tempo estimado de leitura\" \/>\n\t<meta name=\"twitter:data2\" content=\"2 minutos\" \/>\n<script type=\"application\/ld+json\" class=\"yoast-schema-graph\">{\"@context\":\"https:\/\/schema.org\",\"@graph\":[{\"@type\":\"Article\",\"@id\":\"http:\/\/maismagazine.pt\/index.php\/2025\/12\/05\/pendulo\/#article\",\"isPartOf\":{\"@id\":\"http:\/\/maismagazine.pt\/index.php\/2025\/12\/05\/pendulo\/\"},\"author\":{\"name\":\"Tiago Costa\",\"@id\":\"http:\/\/maismagazine.pt\/#\/schema\/person\/c6c5bfccc886434cbd11c74e035f9646\"},\"headline\":\"P\u00eandulo\",\"datePublished\":\"2025-12-05T10:17:59+00:00\",\"dateModified\":\"2025-12-05T10:18:03+00:00\",\"mainEntityOfPage\":{\"@id\":\"http:\/\/maismagazine.pt\/index.php\/2025\/12\/05\/pendulo\/\"},\"wordCount\":347,\"publisher\":{\"@id\":\"http:\/\/maismagazine.pt\/#organization\"},\"image\":{\"@id\":\"http:\/\/maismagazine.pt\/index.php\/2025\/12\/05\/pendulo\/#primaryimage\"},\"thumbnailUrl\":\"http:\/\/maismagazine.pt\/wp-content\/uploads\/2025\/12\/Jaimes-Band.jpg\",\"keywords\":[\"P\u00eandulo\"],\"articleSection\":[\"Not\u00edcias\"],\"inLanguage\":\"pt-PT\"},{\"@type\":\"WebPage\",\"@id\":\"http:\/\/maismagazine.pt\/index.php\/2025\/12\/05\/pendulo\/\",\"url\":\"http:\/\/maismagazine.pt\/index.php\/2025\/12\/05\/pendulo\/\",\"name\":\"P\u00eandulo - Mais Magazine\",\"isPartOf\":{\"@id\":\"http:\/\/maismagazine.pt\/#website\"},\"primaryImageOfPage\":{\"@id\":\"http:\/\/maismagazine.pt\/index.php\/2025\/12\/05\/pendulo\/#primaryimage\"},\"image\":{\"@id\":\"http:\/\/maismagazine.pt\/index.php\/2025\/12\/05\/pendulo\/#primaryimage\"},\"thumbnailUrl\":\"http:\/\/maismagazine.pt\/wp-content\/uploads\/2025\/12\/Jaimes-Band.jpg\",\"datePublished\":\"2025-12-05T10:17:59+00:00\",\"dateModified\":\"2025-12-05T10:18:03+00:00\",\"description\":\"H\u00e1 noites em que a m\u00fasica decide reinventar-se, e a F\u00e1brica da Criatividade prepara-se para ser o lugar onde isso acontece. No pr\u00f3ximo dia 12 de dezembro, \u00e0s 21h30, o ciclo P\u00eandulo regressa com uma nova resid\u00eancia art\u00edstica que re\u00fane dois projetos de ra\u00edzes albicastrenses, MAYBEETOMORROW e Jaime\u2019s Band, numa cria\u00e7\u00e3o conjunta que nasce do encontro entre diferentes universos sonoros.\",\"breadcrumb\":{\"@id\":\"http:\/\/maismagazine.pt\/index.php\/2025\/12\/05\/pendulo\/#breadcrumb\"},\"inLanguage\":\"pt-PT\",\"potentialAction\":[{\"@type\":\"ReadAction\",\"target\":[\"http:\/\/maismagazine.pt\/index.php\/2025\/12\/05\/pendulo\/\"]}]},{\"@type\":\"ImageObject\",\"inLanguage\":\"pt-PT\",\"@id\":\"http:\/\/maismagazine.pt\/index.php\/2025\/12\/05\/pendulo\/#primaryimage\",\"url\":\"http:\/\/maismagazine.pt\/wp-content\/uploads\/2025\/12\/Jaimes-Band.jpg\",\"contentUrl\":\"http:\/\/maismagazine.pt\/wp-content\/uploads\/2025\/12\/Jaimes-Band.jpg\",\"width\":480,\"height\":640},{\"@type\":\"BreadcrumbList\",\"@id\":\"http:\/\/maismagazine.pt\/index.php\/2025\/12\/05\/pendulo\/#breadcrumb\",\"itemListElement\":[{\"@type\":\"ListItem\",\"position\":1,\"name\":\"Home\",\"item\":\"http:\/\/maismagazine.pt\/\"},{\"@type\":\"ListItem\",\"position\":2,\"name\":\"P\u00eandulo\"}]},{\"@type\":\"WebSite\",\"@id\":\"http:\/\/maismagazine.pt\/#website\",\"url\":\"http:\/\/maismagazine.pt\/\",\"name\":\"Mais Magazine\",\"description\":\"\",\"publisher\":{\"@id\":\"http:\/\/maismagazine.pt\/#organization\"},\"potentialAction\":[{\"@type\":\"SearchAction\",\"target\":{\"@type\":\"EntryPoint\",\"urlTemplate\":\"http:\/\/maismagazine.pt\/?s={search_term_string}\"},\"query-input\":{\"@type\":\"PropertyValueSpecification\",\"valueRequired\":true,\"valueName\":\"search_term_string\"}}],\"inLanguage\":\"pt-PT\"},{\"@type\":\"Organization\",\"@id\":\"http:\/\/maismagazine.pt\/#organization\",\"name\":\"Mais Magazine\",\"url\":\"http:\/\/maismagazine.pt\/\",\"logo\":{\"@type\":\"ImageObject\",\"inLanguage\":\"pt-PT\",\"@id\":\"http:\/\/maismagazine.pt\/#\/schema\/logo\/image\/\",\"url\":\"http:\/\/maismagazine.pt\/wp-content\/uploads\/2020\/04\/cropped-cropped-mais-magazine-site-logo-2.png\",\"contentUrl\":\"http:\/\/maismagazine.pt\/wp-content\/uploads\/2020\/04\/cropped-cropped-mais-magazine-site-logo-2.png\",\"width\":581,\"height\":90,\"caption\":\"Mais Magazine\"},\"image\":{\"@id\":\"http:\/\/maismagazine.pt\/#\/schema\/logo\/image\/\"}},{\"@type\":\"Person\",\"@id\":\"http:\/\/maismagazine.pt\/#\/schema\/person\/c6c5bfccc886434cbd11c74e035f9646\",\"name\":\"Tiago Costa\",\"image\":{\"@type\":\"ImageObject\",\"inLanguage\":\"pt-PT\",\"@id\":\"http:\/\/maismagazine.pt\/#\/schema\/person\/image\/\",\"url\":\"https:\/\/secure.gravatar.com\/avatar\/c599b2bce16c9870429198cbad5ee022?s=96&d=mm&r=g\",\"contentUrl\":\"https:\/\/secure.gravatar.com\/avatar\/c599b2bce16c9870429198cbad5ee022?s=96&d=mm&r=g\",\"caption\":\"Tiago Costa\"},\"url\":\"http:\/\/maismagazine.pt\/index.php\/author\/tiago\/\"}]}<\/script>\n<!-- \/ Yoast SEO plugin. -->","yoast_head_json":{"title":"P\u00eandulo - Mais Magazine","description":"H\u00e1 noites em que a m\u00fasica decide reinventar-se, e a F\u00e1brica da Criatividade prepara-se para ser o lugar onde isso acontece. No pr\u00f3ximo dia 12 de dezembro, \u00e0s 21h30, o ciclo P\u00eandulo regressa com uma nova resid\u00eancia art\u00edstica que re\u00fane dois projetos de ra\u00edzes albicastrenses, MAYBEETOMORROW e Jaime\u2019s Band, numa cria\u00e7\u00e3o conjunta que nasce do encontro entre diferentes universos sonoros.","robots":{"index":"index","follow":"follow","max-snippet":"max-snippet:-1","max-image-preview":"max-image-preview:large","max-video-preview":"max-video-preview:-1"},"canonical":"http:\/\/maismagazine.pt\/index.php\/2025\/12\/05\/pendulo\/","og_locale":"pt_PT","og_type":"article","og_title":"P\u00eandulo - Mais Magazine","og_description":"H\u00e1 noites em que a m\u00fasica decide reinventar-se, e a F\u00e1brica da Criatividade prepara-se para ser o lugar onde isso acontece. No pr\u00f3ximo dia 12 de dezembro, \u00e0s 21h30, o ciclo P\u00eandulo regressa com uma nova resid\u00eancia art\u00edstica que re\u00fane dois projetos de ra\u00edzes albicastrenses, MAYBEETOMORROW e Jaime\u2019s Band, numa cria\u00e7\u00e3o conjunta que nasce do encontro entre diferentes universos sonoros.","og_url":"http:\/\/maismagazine.pt\/index.php\/2025\/12\/05\/pendulo\/","og_site_name":"Mais Magazine","article_published_time":"2025-12-05T10:17:59+00:00","article_modified_time":"2025-12-05T10:18:03+00:00","og_image":[{"width":480,"height":640,"url":"http:\/\/maismagazine.pt\/wp-content\/uploads\/2025\/12\/Jaimes-Band.jpg","type":"image\/jpeg"}],"author":"Tiago Costa","twitter_card":"summary_large_image","twitter_misc":{"Escrito por":false,"Tempo estimado de leitura":"2 minutos"},"schema":{"@context":"https:\/\/schema.org","@graph":[{"@type":"Article","@id":"http:\/\/maismagazine.pt\/index.php\/2025\/12\/05\/pendulo\/#article","isPartOf":{"@id":"http:\/\/maismagazine.pt\/index.php\/2025\/12\/05\/pendulo\/"},"author":{"name":"Tiago Costa","@id":"http:\/\/maismagazine.pt\/#\/schema\/person\/c6c5bfccc886434cbd11c74e035f9646"},"headline":"P\u00eandulo","datePublished":"2025-12-05T10:17:59+00:00","dateModified":"2025-12-05T10:18:03+00:00","mainEntityOfPage":{"@id":"http:\/\/maismagazine.pt\/index.php\/2025\/12\/05\/pendulo\/"},"wordCount":347,"publisher":{"@id":"http:\/\/maismagazine.pt\/#organization"},"image":{"@id":"http:\/\/maismagazine.pt\/index.php\/2025\/12\/05\/pendulo\/#primaryimage"},"thumbnailUrl":"http:\/\/maismagazine.pt\/wp-content\/uploads\/2025\/12\/Jaimes-Band.jpg","keywords":["P\u00eandulo"],"articleSection":["Not\u00edcias"],"inLanguage":"pt-PT"},{"@type":"WebPage","@id":"http:\/\/maismagazine.pt\/index.php\/2025\/12\/05\/pendulo\/","url":"http:\/\/maismagazine.pt\/index.php\/2025\/12\/05\/pendulo\/","name":"P\u00eandulo - Mais Magazine","isPartOf":{"@id":"http:\/\/maismagazine.pt\/#website"},"primaryImageOfPage":{"@id":"http:\/\/maismagazine.pt\/index.php\/2025\/12\/05\/pendulo\/#primaryimage"},"image":{"@id":"http:\/\/maismagazine.pt\/index.php\/2025\/12\/05\/pendulo\/#primaryimage"},"thumbnailUrl":"http:\/\/maismagazine.pt\/wp-content\/uploads\/2025\/12\/Jaimes-Band.jpg","datePublished":"2025-12-05T10:17:59+00:00","dateModified":"2025-12-05T10:18:03+00:00","description":"H\u00e1 noites em que a m\u00fasica decide reinventar-se, e a F\u00e1brica da Criatividade prepara-se para ser o lugar onde isso acontece. No pr\u00f3ximo dia 12 de dezembro, \u00e0s 21h30, o ciclo P\u00eandulo regressa com uma nova resid\u00eancia art\u00edstica que re\u00fane dois projetos de ra\u00edzes albicastrenses, MAYBEETOMORROW e Jaime\u2019s Band, numa cria\u00e7\u00e3o conjunta que nasce do encontro entre diferentes universos sonoros.","breadcrumb":{"@id":"http:\/\/maismagazine.pt\/index.php\/2025\/12\/05\/pendulo\/#breadcrumb"},"inLanguage":"pt-PT","potentialAction":[{"@type":"ReadAction","target":["http:\/\/maismagazine.pt\/index.php\/2025\/12\/05\/pendulo\/"]}]},{"@type":"ImageObject","inLanguage":"pt-PT","@id":"http:\/\/maismagazine.pt\/index.php\/2025\/12\/05\/pendulo\/#primaryimage","url":"http:\/\/maismagazine.pt\/wp-content\/uploads\/2025\/12\/Jaimes-Band.jpg","contentUrl":"http:\/\/maismagazine.pt\/wp-content\/uploads\/2025\/12\/Jaimes-Band.jpg","width":480,"height":640},{"@type":"BreadcrumbList","@id":"http:\/\/maismagazine.pt\/index.php\/2025\/12\/05\/pendulo\/#breadcrumb","itemListElement":[{"@type":"ListItem","position":1,"name":"Home","item":"http:\/\/maismagazine.pt\/"},{"@type":"ListItem","position":2,"name":"P\u00eandulo"}]},{"@type":"WebSite","@id":"http:\/\/maismagazine.pt\/#website","url":"http:\/\/maismagazine.pt\/","name":"Mais Magazine","description":"","publisher":{"@id":"http:\/\/maismagazine.pt\/#organization"},"potentialAction":[{"@type":"SearchAction","target":{"@type":"EntryPoint","urlTemplate":"http:\/\/maismagazine.pt\/?s={search_term_string}"},"query-input":{"@type":"PropertyValueSpecification","valueRequired":true,"valueName":"search_term_string"}}],"inLanguage":"pt-PT"},{"@type":"Organization","@id":"http:\/\/maismagazine.pt\/#organization","name":"Mais Magazine","url":"http:\/\/maismagazine.pt\/","logo":{"@type":"ImageObject","inLanguage":"pt-PT","@id":"http:\/\/maismagazine.pt\/#\/schema\/logo\/image\/","url":"http:\/\/maismagazine.pt\/wp-content\/uploads\/2020\/04\/cropped-cropped-mais-magazine-site-logo-2.png","contentUrl":"http:\/\/maismagazine.pt\/wp-content\/uploads\/2020\/04\/cropped-cropped-mais-magazine-site-logo-2.png","width":581,"height":90,"caption":"Mais Magazine"},"image":{"@id":"http:\/\/maismagazine.pt\/#\/schema\/logo\/image\/"}},{"@type":"Person","@id":"http:\/\/maismagazine.pt\/#\/schema\/person\/c6c5bfccc886434cbd11c74e035f9646","name":"Tiago Costa","image":{"@type":"ImageObject","inLanguage":"pt-PT","@id":"http:\/\/maismagazine.pt\/#\/schema\/person\/image\/","url":"https:\/\/secure.gravatar.com\/avatar\/c599b2bce16c9870429198cbad5ee022?s=96&d=mm&r=g","contentUrl":"https:\/\/secure.gravatar.com\/avatar\/c599b2bce16c9870429198cbad5ee022?s=96&d=mm&r=g","caption":"Tiago Costa"},"url":"http:\/\/maismagazine.pt\/index.php\/author\/tiago\/"}]}},"author_meta":{"display_name":false,"author_link":"http:\/\/maismagazine.pt\/index.php\/author\/tiago\/"},"featured_img":"http:\/\/maismagazine.pt\/wp-content\/uploads\/2025\/12\/Jaimes-Band-225x300.jpg","coauthors":[],"tax_additional":{"categories":{"linked":["<a href=\"http:\/\/maismagazine.pt\/index.php\/category\/noticias\/\" class=\"advgb-post-tax-term\">Not\u00edcias<\/a>"],"unlinked":["<span class=\"advgb-post-tax-term\">Not\u00edcias<\/span>"]},"tags":{"linked":["<a href=\"http:\/\/maismagazine.pt\/index.php\/category\/noticias\/\" class=\"advgb-post-tax-term\">P\u00eandulo<\/a>"],"unlinked":["<span class=\"advgb-post-tax-term\">P\u00eandulo<\/span>"]}},"comment_count":"0","relative_dates":{"created":"Posted 5 meses ago","modified":"Updated 5 meses ago"},"absolute_dates":{"created":"Posted on 5 de Dezembro, 2025","modified":"Updated on 5 de Dezembro, 2025"},"absolute_dates_time":{"created":"Posted on 5 de Dezembro, 2025 10:17","modified":"Updated on 5 de Dezembro, 2025 10:18"},"featured_img_caption":"","series_order":"","_links":{"self":[{"href":"http:\/\/maismagazine.pt\/index.php\/wp-json\/wp\/v2\/posts\/13169","targetHints":{"allow":["GET"]}}],"collection":[{"href":"http:\/\/maismagazine.pt\/index.php\/wp-json\/wp\/v2\/posts"}],"about":[{"href":"http:\/\/maismagazine.pt\/index.php\/wp-json\/wp\/v2\/types\/post"}],"author":[{"embeddable":true,"href":"http:\/\/maismagazine.pt\/index.php\/wp-json\/wp\/v2\/users\/17"}],"replies":[{"embeddable":true,"href":"http:\/\/maismagazine.pt\/index.php\/wp-json\/wp\/v2\/comments?post=13169"}],"version-history":[{"count":1,"href":"http:\/\/maismagazine.pt\/index.php\/wp-json\/wp\/v2\/posts\/13169\/revisions"}],"predecessor-version":[{"id":13171,"href":"http:\/\/maismagazine.pt\/index.php\/wp-json\/wp\/v2\/posts\/13169\/revisions\/13171"}],"wp:featuredmedia":[{"embeddable":true,"href":"http:\/\/maismagazine.pt\/index.php\/wp-json\/wp\/v2\/media\/13170"}],"wp:attachment":[{"href":"http:\/\/maismagazine.pt\/index.php\/wp-json\/wp\/v2\/media?parent=13169"}],"wp:term":[{"taxonomy":"category","embeddable":true,"href":"http:\/\/maismagazine.pt\/index.php\/wp-json\/wp\/v2\/categories?post=13169"},{"taxonomy":"post_tag","embeddable":true,"href":"http:\/\/maismagazine.pt\/index.php\/wp-json\/wp\/v2\/tags?post=13169"}],"curies":[{"name":"wp","href":"https:\/\/api.w.org\/{rel}","templated":true}]}}