{"id":13166,"date":"2025-12-05T09:46:19","date_gmt":"2025-12-05T09:46:19","guid":{"rendered":"https:\/\/maismagazine.pt\/?p=13166"},"modified":"2025-12-05T09:46:24","modified_gmt":"2025-12-05T09:46:24","slug":"novembro-azul","status":"publish","type":"post","link":"http:\/\/maismagazine.pt\/index.php\/2025\/12\/05\/novembro-azul\/","title":{"rendered":"Novembro Azul"},"content":{"rendered":"\n<p><strong>Grupo Terra Quente Sa\u00fade assegura diagn\u00f3stico e tratamento do cancro da pr\u00f3stata sem lista de espera, num percurso cl\u00ednica coordenado entre Mirandela e Santa Maria da Feira.<\/strong><\/p>\n\n\n\n<p><\/p>\n\n\n\n<p>O <strong>Grupo Terra Quente Sa\u00fade<\/strong> assinala o <strong>Novembro Azul<\/strong> com uma resposta clara: o diagn\u00f3stico e o tratamento do <strong>cancro da pr\u00f3stata<\/strong> n\u00e3o devem ser adiados. A articula\u00e7\u00e3o entre o <strong>Hospital Terra Quente<\/strong>, em Mirandela, e o <strong>Centro M\u00e9dico Avan\u00e7ado da Atrys<\/strong>, em Santa Maria da Feira, garante um percurso cl\u00ednico integrado, r\u00e1pido e cont\u00ednuo &#8211; reduzindo atrasos, incertezas e a dispers\u00e3o de etapas que tantas vezes agravam a tens\u00e3o emocional deste processo.<\/p>\n\n\n\n<p><\/p>\n\n\n\n<p><strong>Um circuito \u00fanica: Rapidez, precis\u00e3o e estabilidade<\/strong><\/p>\n\n\n\n<p>O doente \u00e9 acompanhado num sistema coordenado entre as duas unidades. Consultas, exames e tratamentos seguem uma sequ\u00eancia definida, reduzindo o desgaste associado \u00e0 procura de respostas em locais diferentes. Esta previsibilidade diminui ansiedade e permite que cada decis\u00e3o cl\u00ednica seja tomada com clareza e tempo \u00fatil. <\/p>\n\n\n\n<p><\/p>\n\n\n\n<p><strong>No Hospital Terra Quente &#8211; Mirandela<\/strong><\/p>\n\n\n\n<ul class=\"wp-block-list\">\n<li>Consultas de Oncologia M\u00e9dica<\/li>\n\n\n\n<li>Vigil\u00e2ncia ativa, quando indicada<\/li>\n\n\n\n<li>Hormonoterapia<\/li>\n\n\n\n<li>Quimioterapia<\/li>\n<\/ul>\n\n\n\n<p><\/p>\n\n\n\n<p><strong>Centro M\u00e9dico Avan\u00e7ado da Atrys &#8211; Santa Maria da Feira<\/strong><\/p>\n\n\n\n<ul class=\"wp-block-list\">\n<li>Radioterapia de precis\u00e3o<\/li>\n\n\n\n<li>Medicina Nuclear<\/li>\n\n\n\n<li>Terapias com radiof\u00e1rmacos<\/li>\n\n\n\n<li>Acesso imediato aos exames essenciais de diagn\u00f3stico e reavalia\u00e7\u00e3o<\/li>\n<\/ul>\n\n\n\n<p><\/p>\n\n\n\n<p><strong>Diagn\u00f3sticos sem lista de espera, num s\u00f3 local<\/strong><\/p>\n\n\n\n<p>O percurso come\u00e7a pelos dois exames centrais no diagn\u00f3stico e estadiamento do cancro da pr\u00f3stata, ambos dispon\u00edveis de imediato:<\/p>\n\n\n\n<p><\/p>\n\n\n\n<p><strong>Resson\u00e2ncia Magn\u00e9tica Multiparam\u00e9trica (RMmP)<\/strong><\/p>\n\n\n\n<p>Exame nuclear para:<\/p>\n\n\n\n<ul class=\"wp-block-list\">\n<li>Detetar les\u00f5es suspeitas<\/li>\n\n\n\n<li>Localizar e caracterizar tumores<\/li>\n\n\n\n<li>Orientar a realiza\u00e7\u00e3o da bi\u00f3psia<\/li>\n<\/ul>\n\n\n\n<p><\/p>\n\n\n\n<p><strong>PET-PSMA<\/strong><\/p>\n\n\n\n<p>T\u00e9cnica altamente sens\u00edvel, essencial para:<\/p>\n\n\n\n<ul class=\"wp-block-list\">\n<li>Estadiamento inicial<\/li>\n\n\n\n<li>Dete\u00e7\u00e3o de metastiza\u00e7\u00e3o \u00f3ssea, ganglionar e visceral<\/li>\n\n\n\n<li>Identifica\u00e7\u00e3o de recidiva quando o PSA volta a subir<\/li>\n<\/ul>\n\n\n\n<p><\/p>\n\n\n\n<p>A realiza\u00e7\u00e3o conjunta destes exames, sem tempos de espera, reduz a ang\u00fastia t\u00edpica da fase diagn\u00f3stica e contribui para decis\u00f5es cl\u00ednicas mais r\u00e1pidas e mais seguras.<\/p>\n\n\n\n<p><\/p>\n\n\n\n<p><strong>Radioterapia avan\u00e7ada &#8211; In\u00edcio imediato do tratamento<\/strong><\/p>\n\n\n\n<p>Com o diagn\u00f3stico confirmado, o tratamento pode come\u00e7ar sem lista de espera.<br>O Centro M\u00e9dico Avan\u00e7ado da Atrys disp\u00f5e de tecnologias de \u00faltima gera\u00e7\u00e3o:<\/p>\n\n\n\n<p><\/p>\n\n\n\n<p><strong>Braquiterapia Prost\u00e1tica<\/strong><\/p>\n\n\n\n<p>Terapia interna, realizada numa \u00fanica sess\u00e3o, com precis\u00e3o elevada e recupera\u00e7\u00e3o r\u00e1pida.<\/p>\n\n\n\n<p><\/p>\n\n\n\n<p><strong>Radioterapia Estereot\u00e1xica (SBRT)<\/strong><\/p>\n\n\n\n<p>Tratamento focalizado, conclu\u00eddo em cinco sess\u00f5es, mantendo efic\u00e1cia comprovada.<\/p>\n\n\n\n<p><\/p>\n\n\n\n<p><strong>IMRT\/VMAT<\/strong><\/p>\n\n\n\n<p>Radioterapia externa de alta precis\u00e3o, indicada na maioria dos casos.<br>Tecnologia integrada:<\/p>\n\n\n\n<ul class=\"wp-block-list\">\n<li><strong>SGRT<\/strong>: monitoriza\u00e7\u00e3o cont\u00ednua do posicionamento.<\/li>\n\n\n\n<li><strong>CBCT<\/strong>: verifica\u00e7\u00e3o anat\u00f3mica di\u00e1ria e corre\u00e7\u00f5es em tempo real.<\/li>\n<\/ul>\n\n\n\n<p><\/p>\n\n\n\n<p><strong>Medicina nuclear e terapias inovadoras<\/strong><\/p>\n\n\n\n<p>A Medicina Nuclear apoia o diagn\u00f3stico e o tratamento ao longo de todo o percurso, com:<\/p>\n\n\n\n<ul class=\"wp-block-list\">\n<li>Avalia\u00e7\u00e3o de metastiza\u00e7\u00e3o \u00f3ssea e ganglionar<\/li>\n\n\n\n<li>Identifica\u00e7\u00e3o de recidiva<\/li>\n\n\n\n<li>Theranostics (diagn\u00f3stico + terapia) em fases avan\u00e7adas, incluindo: o <strong>Ra-223<\/strong> (met\u00e1stases \u00f3sseas) e o <strong>PSMA-Lu177<\/strong> (radiof\u00e1rmaco direcionado \u00e0s c\u00e9lulas tumorais)<\/li>\n<\/ul>\n\n\n\n<p><\/p>\n\n\n\n<p>Estas abordagens permitem controlar sintomas, reduzir volume tumoral e manter qualidade de vida com menor toxicidade sist\u00e9mica.<\/p>\n\n\n\n<p><\/p>\n\n\n\n<p><strong>Preven\u00e7\u00e3o: o gesto que altera progn\u00f3sticos<\/strong><\/p>\n\n\n\n<p>O cancro da pr\u00f3stata \u00e9 o <strong>tumor mais frequente nos homens portugueses<\/strong>, representando cerca de 20% dos novos casos de cancro masculinos (Globocan, 2022).<br><\/p>\n\n\n\n<p>Com cerca de <strong>6.700 diagn\u00f3sticos anuais<\/strong>, continua a ser uma doen\u00e7a onde a det\u00e7\u00e3o precoce \u00e9 decisiva.<\/p>\n\n\n\n<p><\/p>\n\n\n\n<p><strong>O rastreio recomendado inclui:<\/strong><\/p>\n\n\n\n<ul class=\"wp-block-list\">\n<li>PSA (an\u00e1lise sangu\u00ednea)<\/li>\n\n\n\n<li>Exame digital retal<\/li>\n<\/ul>\n\n\n\n<p><\/p>\n\n\n\n<p>\u201c<em>A dete\u00e7\u00e3o numa fase inicial \u00e9 determinante para permitir um tratamento curativo, antes do aparecimento de sintomas<\/em>.\u201d &#8211; sublinha o <strong>Dr. Jo\u00e3o Cabral, m\u00e9dico urologista do grupo Terra Quente Sa\u00fade<\/strong>.<\/p>\n\n\n\n<p><\/p>\n\n\n\n<p><strong>Cancro da pr\u00f3stata: o tabu n\u00e3o salva vidas. A preven\u00e7\u00e3o sim.<\/strong><\/p>\n\n\n\n<p>Diagn\u00f3stico e tratamento imediato, no mesmo percurso cl\u00ednico.<\/p>\n","protected":false},"excerpt":{"rendered":"<p>Grupo Terra Quente Sa\u00fade assegura diagn\u00f3stico e tratamento do cancro da pr\u00f3stata sem lista de espera, num percurso cl\u00ednica coordenado entre Mirandela e Santa Maria da Feira. O Grupo Terra Quente Sa\u00fade assinala o Novembro Azul com uma resposta clara: o diagn\u00f3stico e o tratamento do cancro da pr\u00f3stata n\u00e3o&hellip;<\/p>\n","protected":false},"author":17,"featured_media":13167,"comment_status":"closed","ping_status":"open","sticky":false,"template":"","format":"standard","meta":{"advgb_blocks_editor_width":"","advgb_blocks_columns_visual_guide":"","_monsterinsights_skip_tracking":false,"_monsterinsights_sitenote_active":false,"_monsterinsights_sitenote_note":"","_monsterinsights_sitenote_category":0,"footnotes":""},"categories":[7],"tags":[2518,2519],"class_list":["post-13166","post","type-post","status-publish","format-standard","has-post-thumbnail","hentry","category-noticias","tag-grupo-terra-quente-saude","tag-novembro-azul"],"yoast_head":"<!-- This site is optimized with the Yoast SEO plugin v24.4 - https:\/\/yoast.com\/wordpress\/plugins\/seo\/ -->\n<title>Novembro Azul - Mais Magazine<\/title>\n<meta name=\"description\" content=\"Grupo Terra Quente Sa\u00fade assegura diagn\u00f3stico e tratamento do cancro da pr\u00f3stata sem lista de espera, num percurso cl\u00ednica coordenado entre Mirandela e Santa Maria da Feira.\" \/>\n<meta name=\"robots\" content=\"index, follow, max-snippet:-1, max-image-preview:large, max-video-preview:-1\" \/>\n<link rel=\"canonical\" href=\"http:\/\/maismagazine.pt\/index.php\/2025\/12\/05\/novembro-azul\/\" \/>\n<meta property=\"og:locale\" content=\"pt_PT\" \/>\n<meta property=\"og:type\" content=\"article\" \/>\n<meta property=\"og:title\" content=\"Novembro Azul - Mais Magazine\" \/>\n<meta property=\"og:description\" content=\"Grupo Terra Quente Sa\u00fade assegura diagn\u00f3stico e tratamento do cancro da pr\u00f3stata sem lista de espera, num percurso cl\u00ednica coordenado entre Mirandela e Santa Maria da Feira.\" \/>\n<meta property=\"og:url\" content=\"http:\/\/maismagazine.pt\/index.php\/2025\/12\/05\/novembro-azul\/\" \/>\n<meta property=\"og:site_name\" content=\"Mais Magazine\" \/>\n<meta property=\"article:published_time\" content=\"2025-12-05T09:46:19+00:00\" \/>\n<meta property=\"article:modified_time\" content=\"2025-12-05T09:46:24+00:00\" \/>\n<meta property=\"og:image\" content=\"http:\/\/maismagazine.pt\/wp-content\/uploads\/2025\/12\/Novembro-Azul.png\" \/>\n\t<meta property=\"og:image:width\" content=\"540\" \/>\n\t<meta property=\"og:image:height\" content=\"540\" \/>\n\t<meta property=\"og:image:type\" content=\"image\/png\" \/>\n<meta name=\"author\" content=\"Tiago Costa\" \/>\n<meta name=\"twitter:card\" content=\"summary_large_image\" \/>\n<meta name=\"twitter:label1\" content=\"Escrito por\" \/>\n\t<meta name=\"twitter:data1\" content=\"\" \/>\n\t<meta name=\"twitter:label2\" content=\"Tempo estimado de leitura\" \/>\n\t<meta name=\"twitter:data2\" content=\"4 minutos\" \/>\n<script type=\"application\/ld+json\" class=\"yoast-schema-graph\">{\"@context\":\"https:\/\/schema.org\",\"@graph\":[{\"@type\":\"Article\",\"@id\":\"http:\/\/maismagazine.pt\/index.php\/2025\/12\/05\/novembro-azul\/#article\",\"isPartOf\":{\"@id\":\"http:\/\/maismagazine.pt\/index.php\/2025\/12\/05\/novembro-azul\/\"},\"author\":{\"name\":\"Tiago Costa\",\"@id\":\"http:\/\/maismagazine.pt\/#\/schema\/person\/c6c5bfccc886434cbd11c74e035f9646\"},\"headline\":\"Novembro Azul\",\"datePublished\":\"2025-12-05T09:46:19+00:00\",\"dateModified\":\"2025-12-05T09:46:24+00:00\",\"mainEntityOfPage\":{\"@id\":\"http:\/\/maismagazine.pt\/index.php\/2025\/12\/05\/novembro-azul\/\"},\"wordCount\":646,\"publisher\":{\"@id\":\"http:\/\/maismagazine.pt\/#organization\"},\"image\":{\"@id\":\"http:\/\/maismagazine.pt\/index.php\/2025\/12\/05\/novembro-azul\/#primaryimage\"},\"thumbnailUrl\":\"http:\/\/maismagazine.pt\/wp-content\/uploads\/2025\/12\/Novembro-Azul.png\",\"keywords\":[\"Grupo Terra Quente Sa\u00fade\",\"Novembro Azul\"],\"articleSection\":[\"Not\u00edcias\"],\"inLanguage\":\"pt-PT\"},{\"@type\":\"WebPage\",\"@id\":\"http:\/\/maismagazine.pt\/index.php\/2025\/12\/05\/novembro-azul\/\",\"url\":\"http:\/\/maismagazine.pt\/index.php\/2025\/12\/05\/novembro-azul\/\",\"name\":\"Novembro Azul - Mais Magazine\",\"isPartOf\":{\"@id\":\"http:\/\/maismagazine.pt\/#website\"},\"primaryImageOfPage\":{\"@id\":\"http:\/\/maismagazine.pt\/index.php\/2025\/12\/05\/novembro-azul\/#primaryimage\"},\"image\":{\"@id\":\"http:\/\/maismagazine.pt\/index.php\/2025\/12\/05\/novembro-azul\/#primaryimage\"},\"thumbnailUrl\":\"http:\/\/maismagazine.pt\/wp-content\/uploads\/2025\/12\/Novembro-Azul.png\",\"datePublished\":\"2025-12-05T09:46:19+00:00\",\"dateModified\":\"2025-12-05T09:46:24+00:00\",\"description\":\"Grupo Terra Quente Sa\u00fade assegura diagn\u00f3stico e tratamento do cancro da pr\u00f3stata sem lista de espera, num percurso cl\u00ednica coordenado entre Mirandela e Santa Maria da Feira.\",\"breadcrumb\":{\"@id\":\"http:\/\/maismagazine.pt\/index.php\/2025\/12\/05\/novembro-azul\/#breadcrumb\"},\"inLanguage\":\"pt-PT\",\"potentialAction\":[{\"@type\":\"ReadAction\",\"target\":[\"http:\/\/maismagazine.pt\/index.php\/2025\/12\/05\/novembro-azul\/\"]}]},{\"@type\":\"ImageObject\",\"inLanguage\":\"pt-PT\",\"@id\":\"http:\/\/maismagazine.pt\/index.php\/2025\/12\/05\/novembro-azul\/#primaryimage\",\"url\":\"http:\/\/maismagazine.pt\/wp-content\/uploads\/2025\/12\/Novembro-Azul.png\",\"contentUrl\":\"http:\/\/maismagazine.pt\/wp-content\/uploads\/2025\/12\/Novembro-Azul.png\",\"width\":540,\"height\":540},{\"@type\":\"BreadcrumbList\",\"@id\":\"http:\/\/maismagazine.pt\/index.php\/2025\/12\/05\/novembro-azul\/#breadcrumb\",\"itemListElement\":[{\"@type\":\"ListItem\",\"position\":1,\"name\":\"Home\",\"item\":\"http:\/\/maismagazine.pt\/\"},{\"@type\":\"ListItem\",\"position\":2,\"name\":\"Novembro Azul\"}]},{\"@type\":\"WebSite\",\"@id\":\"http:\/\/maismagazine.pt\/#website\",\"url\":\"http:\/\/maismagazine.pt\/\",\"name\":\"Mais Magazine\",\"description\":\"\",\"publisher\":{\"@id\":\"http:\/\/maismagazine.pt\/#organization\"},\"potentialAction\":[{\"@type\":\"SearchAction\",\"target\":{\"@type\":\"EntryPoint\",\"urlTemplate\":\"http:\/\/maismagazine.pt\/?s={search_term_string}\"},\"query-input\":{\"@type\":\"PropertyValueSpecification\",\"valueRequired\":true,\"valueName\":\"search_term_string\"}}],\"inLanguage\":\"pt-PT\"},{\"@type\":\"Organization\",\"@id\":\"http:\/\/maismagazine.pt\/#organization\",\"name\":\"Mais Magazine\",\"url\":\"http:\/\/maismagazine.pt\/\",\"logo\":{\"@type\":\"ImageObject\",\"inLanguage\":\"pt-PT\",\"@id\":\"http:\/\/maismagazine.pt\/#\/schema\/logo\/image\/\",\"url\":\"http:\/\/maismagazine.pt\/wp-content\/uploads\/2020\/04\/cropped-cropped-mais-magazine-site-logo-2.png\",\"contentUrl\":\"http:\/\/maismagazine.pt\/wp-content\/uploads\/2020\/04\/cropped-cropped-mais-magazine-site-logo-2.png\",\"width\":581,\"height\":90,\"caption\":\"Mais Magazine\"},\"image\":{\"@id\":\"http:\/\/maismagazine.pt\/#\/schema\/logo\/image\/\"}},{\"@type\":\"Person\",\"@id\":\"http:\/\/maismagazine.pt\/#\/schema\/person\/c6c5bfccc886434cbd11c74e035f9646\",\"name\":\"Tiago Costa\",\"image\":{\"@type\":\"ImageObject\",\"inLanguage\":\"pt-PT\",\"@id\":\"http:\/\/maismagazine.pt\/#\/schema\/person\/image\/\",\"url\":\"https:\/\/secure.gravatar.com\/avatar\/c599b2bce16c9870429198cbad5ee022?s=96&d=mm&r=g\",\"contentUrl\":\"https:\/\/secure.gravatar.com\/avatar\/c599b2bce16c9870429198cbad5ee022?s=96&d=mm&r=g\",\"caption\":\"Tiago Costa\"},\"url\":\"http:\/\/maismagazine.pt\/index.php\/author\/tiago\/\"}]}<\/script>\n<!-- \/ Yoast SEO plugin. -->","yoast_head_json":{"title":"Novembro Azul - Mais Magazine","description":"Grupo Terra Quente Sa\u00fade assegura diagn\u00f3stico e tratamento do cancro da pr\u00f3stata sem lista de espera, num percurso cl\u00ednica coordenado entre Mirandela e Santa Maria da Feira.","robots":{"index":"index","follow":"follow","max-snippet":"max-snippet:-1","max-image-preview":"max-image-preview:large","max-video-preview":"max-video-preview:-1"},"canonical":"http:\/\/maismagazine.pt\/index.php\/2025\/12\/05\/novembro-azul\/","og_locale":"pt_PT","og_type":"article","og_title":"Novembro Azul - Mais Magazine","og_description":"Grupo Terra Quente Sa\u00fade assegura diagn\u00f3stico e tratamento do cancro da pr\u00f3stata sem lista de espera, num percurso cl\u00ednica coordenado entre Mirandela e Santa Maria da Feira.","og_url":"http:\/\/maismagazine.pt\/index.php\/2025\/12\/05\/novembro-azul\/","og_site_name":"Mais Magazine","article_published_time":"2025-12-05T09:46:19+00:00","article_modified_time":"2025-12-05T09:46:24+00:00","og_image":[{"width":540,"height":540,"url":"http:\/\/maismagazine.pt\/wp-content\/uploads\/2025\/12\/Novembro-Azul.png","type":"image\/png"}],"author":"Tiago Costa","twitter_card":"summary_large_image","twitter_misc":{"Escrito por":false,"Tempo estimado de leitura":"4 minutos"},"schema":{"@context":"https:\/\/schema.org","@graph":[{"@type":"Article","@id":"http:\/\/maismagazine.pt\/index.php\/2025\/12\/05\/novembro-azul\/#article","isPartOf":{"@id":"http:\/\/maismagazine.pt\/index.php\/2025\/12\/05\/novembro-azul\/"},"author":{"name":"Tiago Costa","@id":"http:\/\/maismagazine.pt\/#\/schema\/person\/c6c5bfccc886434cbd11c74e035f9646"},"headline":"Novembro Azul","datePublished":"2025-12-05T09:46:19+00:00","dateModified":"2025-12-05T09:46:24+00:00","mainEntityOfPage":{"@id":"http:\/\/maismagazine.pt\/index.php\/2025\/12\/05\/novembro-azul\/"},"wordCount":646,"publisher":{"@id":"http:\/\/maismagazine.pt\/#organization"},"image":{"@id":"http:\/\/maismagazine.pt\/index.php\/2025\/12\/05\/novembro-azul\/#primaryimage"},"thumbnailUrl":"http:\/\/maismagazine.pt\/wp-content\/uploads\/2025\/12\/Novembro-Azul.png","keywords":["Grupo Terra Quente Sa\u00fade","Novembro Azul"],"articleSection":["Not\u00edcias"],"inLanguage":"pt-PT"},{"@type":"WebPage","@id":"http:\/\/maismagazine.pt\/index.php\/2025\/12\/05\/novembro-azul\/","url":"http:\/\/maismagazine.pt\/index.php\/2025\/12\/05\/novembro-azul\/","name":"Novembro Azul - Mais Magazine","isPartOf":{"@id":"http:\/\/maismagazine.pt\/#website"},"primaryImageOfPage":{"@id":"http:\/\/maismagazine.pt\/index.php\/2025\/12\/05\/novembro-azul\/#primaryimage"},"image":{"@id":"http:\/\/maismagazine.pt\/index.php\/2025\/12\/05\/novembro-azul\/#primaryimage"},"thumbnailUrl":"http:\/\/maismagazine.pt\/wp-content\/uploads\/2025\/12\/Novembro-Azul.png","datePublished":"2025-12-05T09:46:19+00:00","dateModified":"2025-12-05T09:46:24+00:00","description":"Grupo Terra Quente Sa\u00fade assegura diagn\u00f3stico e tratamento do cancro da pr\u00f3stata sem lista de espera, num percurso cl\u00ednica coordenado entre Mirandela e Santa Maria da Feira.","breadcrumb":{"@id":"http:\/\/maismagazine.pt\/index.php\/2025\/12\/05\/novembro-azul\/#breadcrumb"},"inLanguage":"pt-PT","potentialAction":[{"@type":"ReadAction","target":["http:\/\/maismagazine.pt\/index.php\/2025\/12\/05\/novembro-azul\/"]}]},{"@type":"ImageObject","inLanguage":"pt-PT","@id":"http:\/\/maismagazine.pt\/index.php\/2025\/12\/05\/novembro-azul\/#primaryimage","url":"http:\/\/maismagazine.pt\/wp-content\/uploads\/2025\/12\/Novembro-Azul.png","contentUrl":"http:\/\/maismagazine.pt\/wp-content\/uploads\/2025\/12\/Novembro-Azul.png","width":540,"height":540},{"@type":"BreadcrumbList","@id":"http:\/\/maismagazine.pt\/index.php\/2025\/12\/05\/novembro-azul\/#breadcrumb","itemListElement":[{"@type":"ListItem","position":1,"name":"Home","item":"http:\/\/maismagazine.pt\/"},{"@type":"ListItem","position":2,"name":"Novembro Azul"}]},{"@type":"WebSite","@id":"http:\/\/maismagazine.pt\/#website","url":"http:\/\/maismagazine.pt\/","name":"Mais Magazine","description":"","publisher":{"@id":"http:\/\/maismagazine.pt\/#organization"},"potentialAction":[{"@type":"SearchAction","target":{"@type":"EntryPoint","urlTemplate":"http:\/\/maismagazine.pt\/?s={search_term_string}"},"query-input":{"@type":"PropertyValueSpecification","valueRequired":true,"valueName":"search_term_string"}}],"inLanguage":"pt-PT"},{"@type":"Organization","@id":"http:\/\/maismagazine.pt\/#organization","name":"Mais Magazine","url":"http:\/\/maismagazine.pt\/","logo":{"@type":"ImageObject","inLanguage":"pt-PT","@id":"http:\/\/maismagazine.pt\/#\/schema\/logo\/image\/","url":"http:\/\/maismagazine.pt\/wp-content\/uploads\/2020\/04\/cropped-cropped-mais-magazine-site-logo-2.png","contentUrl":"http:\/\/maismagazine.pt\/wp-content\/uploads\/2020\/04\/cropped-cropped-mais-magazine-site-logo-2.png","width":581,"height":90,"caption":"Mais Magazine"},"image":{"@id":"http:\/\/maismagazine.pt\/#\/schema\/logo\/image\/"}},{"@type":"Person","@id":"http:\/\/maismagazine.pt\/#\/schema\/person\/c6c5bfccc886434cbd11c74e035f9646","name":"Tiago Costa","image":{"@type":"ImageObject","inLanguage":"pt-PT","@id":"http:\/\/maismagazine.pt\/#\/schema\/person\/image\/","url":"https:\/\/secure.gravatar.com\/avatar\/c599b2bce16c9870429198cbad5ee022?s=96&d=mm&r=g","contentUrl":"https:\/\/secure.gravatar.com\/avatar\/c599b2bce16c9870429198cbad5ee022?s=96&d=mm&r=g","caption":"Tiago Costa"},"url":"http:\/\/maismagazine.pt\/index.php\/author\/tiago\/"}]}},"author_meta":{"display_name":false,"author_link":"http:\/\/maismagazine.pt\/index.php\/author\/tiago\/"},"featured_img":"http:\/\/maismagazine.pt\/wp-content\/uploads\/2025\/12\/Novembro-Azul-300x300.png","coauthors":[],"tax_additional":{"categories":{"linked":["<a href=\"http:\/\/maismagazine.pt\/index.php\/category\/noticias\/\" class=\"advgb-post-tax-term\">Not\u00edcias<\/a>"],"unlinked":["<span class=\"advgb-post-tax-term\">Not\u00edcias<\/span>"]},"tags":{"linked":["<a href=\"http:\/\/maismagazine.pt\/index.php\/category\/noticias\/\" class=\"advgb-post-tax-term\">Grupo Terra Quente Sa\u00fade<\/a>","<a href=\"http:\/\/maismagazine.pt\/index.php\/category\/noticias\/\" class=\"advgb-post-tax-term\">Novembro Azul<\/a>"],"unlinked":["<span class=\"advgb-post-tax-term\">Grupo Terra Quente Sa\u00fade<\/span>","<span class=\"advgb-post-tax-term\">Novembro Azul<\/span>"]}},"comment_count":"0","relative_dates":{"created":"Posted 5 meses ago","modified":"Updated 5 meses ago"},"absolute_dates":{"created":"Posted on 5 de Dezembro, 2025","modified":"Updated on 5 de Dezembro, 2025"},"absolute_dates_time":{"created":"Posted on 5 de Dezembro, 2025 9:46","modified":"Updated on 5 de Dezembro, 2025 9:46"},"featured_img_caption":"","series_order":"","_links":{"self":[{"href":"http:\/\/maismagazine.pt\/index.php\/wp-json\/wp\/v2\/posts\/13166","targetHints":{"allow":["GET"]}}],"collection":[{"href":"http:\/\/maismagazine.pt\/index.php\/wp-json\/wp\/v2\/posts"}],"about":[{"href":"http:\/\/maismagazine.pt\/index.php\/wp-json\/wp\/v2\/types\/post"}],"author":[{"embeddable":true,"href":"http:\/\/maismagazine.pt\/index.php\/wp-json\/wp\/v2\/users\/17"}],"replies":[{"embeddable":true,"href":"http:\/\/maismagazine.pt\/index.php\/wp-json\/wp\/v2\/comments?post=13166"}],"version-history":[{"count":1,"href":"http:\/\/maismagazine.pt\/index.php\/wp-json\/wp\/v2\/posts\/13166\/revisions"}],"predecessor-version":[{"id":13168,"href":"http:\/\/maismagazine.pt\/index.php\/wp-json\/wp\/v2\/posts\/13166\/revisions\/13168"}],"wp:featuredmedia":[{"embeddable":true,"href":"http:\/\/maismagazine.pt\/index.php\/wp-json\/wp\/v2\/media\/13167"}],"wp:attachment":[{"href":"http:\/\/maismagazine.pt\/index.php\/wp-json\/wp\/v2\/media?parent=13166"}],"wp:term":[{"taxonomy":"category","embeddable":true,"href":"http:\/\/maismagazine.pt\/index.php\/wp-json\/wp\/v2\/categories?post=13166"},{"taxonomy":"post_tag","embeddable":true,"href":"http:\/\/maismagazine.pt\/index.php\/wp-json\/wp\/v2\/tags?post=13166"}],"curies":[{"name":"wp","href":"https:\/\/api.w.org\/{rel}","templated":true}]}}