{"id":13152,"date":"2025-11-28T15:21:51","date_gmt":"2025-11-28T15:21:51","guid":{"rendered":"https:\/\/maismagazine.pt\/?p=13152"},"modified":"2025-11-28T15:21:56","modified_gmt":"2025-11-28T15:21:56","slug":"festival-rosa-do-mundo-celebra-musica-antiga-com-trio-de-sonatas-e-de-cidades","status":"publish","type":"post","link":"http:\/\/maismagazine.pt\/index.php\/2025\/11\/28\/festival-rosa-do-mundo-celebra-musica-antiga-com-trio-de-sonatas-e-de-cidades\/","title":{"rendered":"Festival Rosa do Mundo celebra m\u00fasica antiga com \u201cTrio de Sonatas e de Cidades\u201d"},"content":{"rendered":"\n<p><strong>Rosa do Mundo, \u00e9 um ciclo dedicado \u00e0 divulga\u00e7\u00e3o da m\u00fasica antiga e \u00e0 performance historicamente informada na Beira Interior, apresenta no pr\u00f3ximo dia 5 de dezembro, \u00e0s 21h30, no Centro de Cultura Contempor\u00e2nea de Castelo Branco, o concerto \u201cTrio de Sonatas e de Cidades\u201d, resultado da resid\u00eancia art\u00edstica de Outono do Concerto Ib\u00e9rico \u2013 Orquestra Barroca.<\/strong><\/p>\n\n\n\n<p><\/p>\n\n\n\n<p>O programa conduz o p\u00fablico por tr\u00eas grandes centros culturais do barroco europeu, revelando a eleg\u00e2ncia napolitana de Mancini, o brilho veneziano de Vivaldi e a sofistica\u00e7\u00e3o de Bach durante o seu per\u00edodo em K\u00f6then.<\/p>\n\n\n\n<p><\/p>\n\n\n\n<p>A interpreta\u00e7\u00e3o estar\u00e1 a cargo de um grupo de m\u00fasicos com percurso reconhecido na \u00e1rea da m\u00fasica antiga. A flautista Filipa Oliveira destaca-se como solista e docente, sendo uma das figuras mais ativas na divulga\u00e7\u00e3o da flauta de bisel e membro fundador do Concerto Ib\u00e9rico. O violinista Pavel Amilcar, formado em Barcelona, construiu uma carreira internacional marcada pelo trabalho com maestros e agrupamentos de refer\u00eancia. O violinista Adrian Pineda, formado em Madrid, integra regularmente projetos ib\u00e9ricos e europeus dedicados \u00e0 interpreta\u00e7\u00e3o hist\u00f3rica. O violoncelista Pedro Massarr\u00e3o apresenta um percurso que re\u00fane experi\u00eancia em Portugal e nos Pa\u00edses Baixos, colaborando com diversos ensembles especializados. O cravista e diretor musical Jo\u00e3o Paulo Janeiro \u00e9 fundador de agrupamentos dedicados ao patrim\u00f3nio musical portugu\u00eas e uma das figuras centrais da m\u00fasica antiga em Portugal, com atividade art\u00edstica, pedag\u00f3gica e editorial amplamente reconhecida.<\/p>\n\n\n\n<p><\/p>\n\n\n\n<p>Entre o virtuosismo dos int\u00e9rpretes e a riqueza do repert\u00f3rio, esta noite oferece ao p\u00fablico a possibilidade de sentir de perto o pulsar do barroco europeu.<\/p>\n\n\n\n<p><\/p>\n\n\n\n<p>Dura\u00e7\u00e3o: 60 min.<\/p>\n\n\n\n<p>Classifica\u00e7\u00e3o Et\u00e1ria: M\/06<\/p>\n\n\n\n<p>Bilhete: Entrada Gratuita<\/p>\n","protected":false},"excerpt":{"rendered":"<p>Rosa do Mundo, \u00e9 um ciclo dedicado \u00e0 divulga\u00e7\u00e3o da m\u00fasica antiga e \u00e0 performance historicamente informada na Beira Interior, apresenta no pr\u00f3ximo dia 5 de dezembro, \u00e0s 21h30, no Centro de Cultura Contempor\u00e2nea de Castelo Branco, o concerto \u201cTrio de Sonatas e de Cidades\u201d, resultado da resid\u00eancia art\u00edstica de&hellip;<\/p>\n","protected":false},"author":17,"featured_media":13153,"comment_status":"closed","ping_status":"open","sticky":false,"template":"","format":"standard","meta":{"advgb_blocks_editor_width":"","advgb_blocks_columns_visual_guide":"","_monsterinsights_skip_tracking":false,"_monsterinsights_sitenote_active":false,"_monsterinsights_sitenote_note":"","_monsterinsights_sitenote_category":0,"footnotes":""},"categories":[7],"tags":[2514],"class_list":["post-13152","post","type-post","status-publish","format-standard","has-post-thumbnail","hentry","category-noticias","tag-trio-de-sonatas-e-de-cidades"],"yoast_head":"<!-- This site is optimized with the Yoast SEO plugin v24.4 - https:\/\/yoast.com\/wordpress\/plugins\/seo\/ -->\n<title>Festival Rosa do Mundo celebra m\u00fasica antiga com \u201cTrio de Sonatas e de Cidades\u201d - Mais Magazine<\/title>\n<meta name=\"description\" content=\"Rosa do Mundo, \u00e9 um ciclo dedicado \u00e0 divulga\u00e7\u00e3o da m\u00fasica antiga e \u00e0 performance historicamente informada na Beira Interior, apresenta no pr\u00f3ximo dia 5 de dezembro, \u00e0s 21h30, no Centro de Cultura Contempor\u00e2nea de Castelo Branco, o concerto \u201cTrio de Sonatas e de Cidades\u201d, resultado da resid\u00eancia art\u00edstica de Outono do Concerto Ib\u00e9rico \u2013 Orquestra Barroca.\" \/>\n<meta name=\"robots\" content=\"index, follow, max-snippet:-1, max-image-preview:large, max-video-preview:-1\" \/>\n<link rel=\"canonical\" href=\"http:\/\/maismagazine.pt\/index.php\/2025\/11\/28\/festival-rosa-do-mundo-celebra-musica-antiga-com-trio-de-sonatas-e-de-cidades\/\" \/>\n<meta property=\"og:locale\" content=\"pt_PT\" \/>\n<meta property=\"og:type\" content=\"article\" \/>\n<meta property=\"og:title\" content=\"Festival Rosa do Mundo celebra m\u00fasica antiga com \u201cTrio de Sonatas e de Cidades\u201d - Mais Magazine\" \/>\n<meta property=\"og:description\" content=\"Rosa do Mundo, \u00e9 um ciclo dedicado \u00e0 divulga\u00e7\u00e3o da m\u00fasica antiga e \u00e0 performance historicamente informada na Beira Interior, apresenta no pr\u00f3ximo dia 5 de dezembro, \u00e0s 21h30, no Centro de Cultura Contempor\u00e2nea de Castelo Branco, o concerto \u201cTrio de Sonatas e de Cidades\u201d, resultado da resid\u00eancia art\u00edstica de Outono do Concerto Ib\u00e9rico \u2013 Orquestra Barroca.\" \/>\n<meta property=\"og:url\" content=\"http:\/\/maismagazine.pt\/index.php\/2025\/11\/28\/festival-rosa-do-mundo-celebra-musica-antiga-com-trio-de-sonatas-e-de-cidades\/\" \/>\n<meta property=\"og:site_name\" content=\"Mais Magazine\" \/>\n<meta property=\"article:published_time\" content=\"2025-11-28T15:21:51+00:00\" \/>\n<meta property=\"article:modified_time\" content=\"2025-11-28T15:21:56+00:00\" \/>\n<meta property=\"og:image\" content=\"http:\/\/maismagazine.pt\/wp-content\/uploads\/2025\/11\/Concerto-iberico.jpeg\" \/>\n\t<meta property=\"og:image:width\" content=\"716\" \/>\n\t<meta property=\"og:image:height\" content=\"477\" \/>\n\t<meta property=\"og:image:type\" content=\"image\/jpeg\" \/>\n<meta name=\"author\" content=\"Tiago Costa\" \/>\n<meta name=\"twitter:card\" content=\"summary_large_image\" \/>\n<meta name=\"twitter:label1\" content=\"Escrito por\" \/>\n\t<meta name=\"twitter:data1\" content=\"\" \/>\n\t<meta name=\"twitter:label2\" content=\"Tempo estimado de leitura\" \/>\n\t<meta name=\"twitter:data2\" content=\"2 minutos\" \/>\n<script type=\"application\/ld+json\" class=\"yoast-schema-graph\">{\"@context\":\"https:\/\/schema.org\",\"@graph\":[{\"@type\":\"Article\",\"@id\":\"http:\/\/maismagazine.pt\/index.php\/2025\/11\/28\/festival-rosa-do-mundo-celebra-musica-antiga-com-trio-de-sonatas-e-de-cidades\/#article\",\"isPartOf\":{\"@id\":\"http:\/\/maismagazine.pt\/index.php\/2025\/11\/28\/festival-rosa-do-mundo-celebra-musica-antiga-com-trio-de-sonatas-e-de-cidades\/\"},\"author\":{\"name\":\"Tiago Costa\",\"@id\":\"http:\/\/maismagazine.pt\/#\/schema\/person\/c6c5bfccc886434cbd11c74e035f9646\"},\"headline\":\"Festival Rosa do Mundo celebra m\u00fasica antiga com \u201cTrio de Sonatas e de Cidades\u201d\",\"datePublished\":\"2025-11-28T15:21:51+00:00\",\"dateModified\":\"2025-11-28T15:21:56+00:00\",\"mainEntityOfPage\":{\"@id\":\"http:\/\/maismagazine.pt\/index.php\/2025\/11\/28\/festival-rosa-do-mundo-celebra-musica-antiga-com-trio-de-sonatas-e-de-cidades\/\"},\"wordCount\":310,\"publisher\":{\"@id\":\"http:\/\/maismagazine.pt\/#organization\"},\"image\":{\"@id\":\"http:\/\/maismagazine.pt\/index.php\/2025\/11\/28\/festival-rosa-do-mundo-celebra-musica-antiga-com-trio-de-sonatas-e-de-cidades\/#primaryimage\"},\"thumbnailUrl\":\"http:\/\/maismagazine.pt\/wp-content\/uploads\/2025\/11\/Concerto-iberico.jpeg\",\"keywords\":[\"Trio de Sonatas e de Cidades\"],\"articleSection\":[\"Not\u00edcias\"],\"inLanguage\":\"pt-PT\"},{\"@type\":\"WebPage\",\"@id\":\"http:\/\/maismagazine.pt\/index.php\/2025\/11\/28\/festival-rosa-do-mundo-celebra-musica-antiga-com-trio-de-sonatas-e-de-cidades\/\",\"url\":\"http:\/\/maismagazine.pt\/index.php\/2025\/11\/28\/festival-rosa-do-mundo-celebra-musica-antiga-com-trio-de-sonatas-e-de-cidades\/\",\"name\":\"Festival Rosa do Mundo celebra m\u00fasica antiga com \u201cTrio de Sonatas e de Cidades\u201d - Mais Magazine\",\"isPartOf\":{\"@id\":\"http:\/\/maismagazine.pt\/#website\"},\"primaryImageOfPage\":{\"@id\":\"http:\/\/maismagazine.pt\/index.php\/2025\/11\/28\/festival-rosa-do-mundo-celebra-musica-antiga-com-trio-de-sonatas-e-de-cidades\/#primaryimage\"},\"image\":{\"@id\":\"http:\/\/maismagazine.pt\/index.php\/2025\/11\/28\/festival-rosa-do-mundo-celebra-musica-antiga-com-trio-de-sonatas-e-de-cidades\/#primaryimage\"},\"thumbnailUrl\":\"http:\/\/maismagazine.pt\/wp-content\/uploads\/2025\/11\/Concerto-iberico.jpeg\",\"datePublished\":\"2025-11-28T15:21:51+00:00\",\"dateModified\":\"2025-11-28T15:21:56+00:00\",\"description\":\"Rosa do Mundo, \u00e9 um ciclo dedicado \u00e0 divulga\u00e7\u00e3o da m\u00fasica antiga e \u00e0 performance historicamente informada na Beira Interior, apresenta no pr\u00f3ximo dia 5 de dezembro, \u00e0s 21h30, no Centro de Cultura Contempor\u00e2nea de Castelo Branco, o concerto \u201cTrio de Sonatas e de Cidades\u201d, resultado da resid\u00eancia art\u00edstica de Outono do Concerto Ib\u00e9rico \u2013 Orquestra Barroca.\",\"breadcrumb\":{\"@id\":\"http:\/\/maismagazine.pt\/index.php\/2025\/11\/28\/festival-rosa-do-mundo-celebra-musica-antiga-com-trio-de-sonatas-e-de-cidades\/#breadcrumb\"},\"inLanguage\":\"pt-PT\",\"potentialAction\":[{\"@type\":\"ReadAction\",\"target\":[\"http:\/\/maismagazine.pt\/index.php\/2025\/11\/28\/festival-rosa-do-mundo-celebra-musica-antiga-com-trio-de-sonatas-e-de-cidades\/\"]}]},{\"@type\":\"ImageObject\",\"inLanguage\":\"pt-PT\",\"@id\":\"http:\/\/maismagazine.pt\/index.php\/2025\/11\/28\/festival-rosa-do-mundo-celebra-musica-antiga-com-trio-de-sonatas-e-de-cidades\/#primaryimage\",\"url\":\"http:\/\/maismagazine.pt\/wp-content\/uploads\/2025\/11\/Concerto-iberico.jpeg\",\"contentUrl\":\"http:\/\/maismagazine.pt\/wp-content\/uploads\/2025\/11\/Concerto-iberico.jpeg\",\"width\":716,\"height\":477},{\"@type\":\"BreadcrumbList\",\"@id\":\"http:\/\/maismagazine.pt\/index.php\/2025\/11\/28\/festival-rosa-do-mundo-celebra-musica-antiga-com-trio-de-sonatas-e-de-cidades\/#breadcrumb\",\"itemListElement\":[{\"@type\":\"ListItem\",\"position\":1,\"name\":\"Home\",\"item\":\"http:\/\/maismagazine.pt\/\"},{\"@type\":\"ListItem\",\"position\":2,\"name\":\"Festival Rosa do Mundo celebra m\u00fasica antiga com \u201cTrio de Sonatas e de Cidades\u201d\"}]},{\"@type\":\"WebSite\",\"@id\":\"http:\/\/maismagazine.pt\/#website\",\"url\":\"http:\/\/maismagazine.pt\/\",\"name\":\"Mais Magazine\",\"description\":\"\",\"publisher\":{\"@id\":\"http:\/\/maismagazine.pt\/#organization\"},\"potentialAction\":[{\"@type\":\"SearchAction\",\"target\":{\"@type\":\"EntryPoint\",\"urlTemplate\":\"http:\/\/maismagazine.pt\/?s={search_term_string}\"},\"query-input\":{\"@type\":\"PropertyValueSpecification\",\"valueRequired\":true,\"valueName\":\"search_term_string\"}}],\"inLanguage\":\"pt-PT\"},{\"@type\":\"Organization\",\"@id\":\"http:\/\/maismagazine.pt\/#organization\",\"name\":\"Mais Magazine\",\"url\":\"http:\/\/maismagazine.pt\/\",\"logo\":{\"@type\":\"ImageObject\",\"inLanguage\":\"pt-PT\",\"@id\":\"http:\/\/maismagazine.pt\/#\/schema\/logo\/image\/\",\"url\":\"http:\/\/maismagazine.pt\/wp-content\/uploads\/2020\/04\/cropped-cropped-mais-magazine-site-logo-2.png\",\"contentUrl\":\"http:\/\/maismagazine.pt\/wp-content\/uploads\/2020\/04\/cropped-cropped-mais-magazine-site-logo-2.png\",\"width\":581,\"height\":90,\"caption\":\"Mais Magazine\"},\"image\":{\"@id\":\"http:\/\/maismagazine.pt\/#\/schema\/logo\/image\/\"}},{\"@type\":\"Person\",\"@id\":\"http:\/\/maismagazine.pt\/#\/schema\/person\/c6c5bfccc886434cbd11c74e035f9646\",\"name\":\"Tiago Costa\",\"image\":{\"@type\":\"ImageObject\",\"inLanguage\":\"pt-PT\",\"@id\":\"http:\/\/maismagazine.pt\/#\/schema\/person\/image\/\",\"url\":\"https:\/\/secure.gravatar.com\/avatar\/c599b2bce16c9870429198cbad5ee022?s=96&d=mm&r=g\",\"contentUrl\":\"https:\/\/secure.gravatar.com\/avatar\/c599b2bce16c9870429198cbad5ee022?s=96&d=mm&r=g\",\"caption\":\"Tiago Costa\"},\"url\":\"http:\/\/maismagazine.pt\/index.php\/author\/tiago\/\"}]}<\/script>\n<!-- \/ Yoast SEO plugin. -->","yoast_head_json":{"title":"Festival Rosa do Mundo celebra m\u00fasica antiga com \u201cTrio de Sonatas e de Cidades\u201d - Mais Magazine","description":"Rosa do Mundo, \u00e9 um ciclo dedicado \u00e0 divulga\u00e7\u00e3o da m\u00fasica antiga e \u00e0 performance historicamente informada na Beira Interior, apresenta no pr\u00f3ximo dia 5 de dezembro, \u00e0s 21h30, no Centro de Cultura Contempor\u00e2nea de Castelo Branco, o concerto \u201cTrio de Sonatas e de Cidades\u201d, resultado da resid\u00eancia art\u00edstica de Outono do Concerto Ib\u00e9rico \u2013 Orquestra Barroca.","robots":{"index":"index","follow":"follow","max-snippet":"max-snippet:-1","max-image-preview":"max-image-preview:large","max-video-preview":"max-video-preview:-1"},"canonical":"http:\/\/maismagazine.pt\/index.php\/2025\/11\/28\/festival-rosa-do-mundo-celebra-musica-antiga-com-trio-de-sonatas-e-de-cidades\/","og_locale":"pt_PT","og_type":"article","og_title":"Festival Rosa do Mundo celebra m\u00fasica antiga com \u201cTrio de Sonatas e de Cidades\u201d - Mais Magazine","og_description":"Rosa do Mundo, \u00e9 um ciclo dedicado \u00e0 divulga\u00e7\u00e3o da m\u00fasica antiga e \u00e0 performance historicamente informada na Beira Interior, apresenta no pr\u00f3ximo dia 5 de dezembro, \u00e0s 21h30, no Centro de Cultura Contempor\u00e2nea de Castelo Branco, o concerto \u201cTrio de Sonatas e de Cidades\u201d, resultado da resid\u00eancia art\u00edstica de Outono do Concerto Ib\u00e9rico \u2013 Orquestra Barroca.","og_url":"http:\/\/maismagazine.pt\/index.php\/2025\/11\/28\/festival-rosa-do-mundo-celebra-musica-antiga-com-trio-de-sonatas-e-de-cidades\/","og_site_name":"Mais Magazine","article_published_time":"2025-11-28T15:21:51+00:00","article_modified_time":"2025-11-28T15:21:56+00:00","og_image":[{"width":716,"height":477,"url":"http:\/\/maismagazine.pt\/wp-content\/uploads\/2025\/11\/Concerto-iberico.jpeg","type":"image\/jpeg"}],"author":"Tiago Costa","twitter_card":"summary_large_image","twitter_misc":{"Escrito por":false,"Tempo estimado de leitura":"2 minutos"},"schema":{"@context":"https:\/\/schema.org","@graph":[{"@type":"Article","@id":"http:\/\/maismagazine.pt\/index.php\/2025\/11\/28\/festival-rosa-do-mundo-celebra-musica-antiga-com-trio-de-sonatas-e-de-cidades\/#article","isPartOf":{"@id":"http:\/\/maismagazine.pt\/index.php\/2025\/11\/28\/festival-rosa-do-mundo-celebra-musica-antiga-com-trio-de-sonatas-e-de-cidades\/"},"author":{"name":"Tiago Costa","@id":"http:\/\/maismagazine.pt\/#\/schema\/person\/c6c5bfccc886434cbd11c74e035f9646"},"headline":"Festival Rosa do Mundo celebra m\u00fasica antiga com \u201cTrio de Sonatas e de Cidades\u201d","datePublished":"2025-11-28T15:21:51+00:00","dateModified":"2025-11-28T15:21:56+00:00","mainEntityOfPage":{"@id":"http:\/\/maismagazine.pt\/index.php\/2025\/11\/28\/festival-rosa-do-mundo-celebra-musica-antiga-com-trio-de-sonatas-e-de-cidades\/"},"wordCount":310,"publisher":{"@id":"http:\/\/maismagazine.pt\/#organization"},"image":{"@id":"http:\/\/maismagazine.pt\/index.php\/2025\/11\/28\/festival-rosa-do-mundo-celebra-musica-antiga-com-trio-de-sonatas-e-de-cidades\/#primaryimage"},"thumbnailUrl":"http:\/\/maismagazine.pt\/wp-content\/uploads\/2025\/11\/Concerto-iberico.jpeg","keywords":["Trio de Sonatas e de Cidades"],"articleSection":["Not\u00edcias"],"inLanguage":"pt-PT"},{"@type":"WebPage","@id":"http:\/\/maismagazine.pt\/index.php\/2025\/11\/28\/festival-rosa-do-mundo-celebra-musica-antiga-com-trio-de-sonatas-e-de-cidades\/","url":"http:\/\/maismagazine.pt\/index.php\/2025\/11\/28\/festival-rosa-do-mundo-celebra-musica-antiga-com-trio-de-sonatas-e-de-cidades\/","name":"Festival Rosa do Mundo celebra m\u00fasica antiga com \u201cTrio de Sonatas e de Cidades\u201d - Mais Magazine","isPartOf":{"@id":"http:\/\/maismagazine.pt\/#website"},"primaryImageOfPage":{"@id":"http:\/\/maismagazine.pt\/index.php\/2025\/11\/28\/festival-rosa-do-mundo-celebra-musica-antiga-com-trio-de-sonatas-e-de-cidades\/#primaryimage"},"image":{"@id":"http:\/\/maismagazine.pt\/index.php\/2025\/11\/28\/festival-rosa-do-mundo-celebra-musica-antiga-com-trio-de-sonatas-e-de-cidades\/#primaryimage"},"thumbnailUrl":"http:\/\/maismagazine.pt\/wp-content\/uploads\/2025\/11\/Concerto-iberico.jpeg","datePublished":"2025-11-28T15:21:51+00:00","dateModified":"2025-11-28T15:21:56+00:00","description":"Rosa do Mundo, \u00e9 um ciclo dedicado \u00e0 divulga\u00e7\u00e3o da m\u00fasica antiga e \u00e0 performance historicamente informada na Beira Interior, apresenta no pr\u00f3ximo dia 5 de dezembro, \u00e0s 21h30, no Centro de Cultura Contempor\u00e2nea de Castelo Branco, o concerto \u201cTrio de Sonatas e de Cidades\u201d, resultado da resid\u00eancia art\u00edstica de Outono do Concerto Ib\u00e9rico \u2013 Orquestra Barroca.","breadcrumb":{"@id":"http:\/\/maismagazine.pt\/index.php\/2025\/11\/28\/festival-rosa-do-mundo-celebra-musica-antiga-com-trio-de-sonatas-e-de-cidades\/#breadcrumb"},"inLanguage":"pt-PT","potentialAction":[{"@type":"ReadAction","target":["http:\/\/maismagazine.pt\/index.php\/2025\/11\/28\/festival-rosa-do-mundo-celebra-musica-antiga-com-trio-de-sonatas-e-de-cidades\/"]}]},{"@type":"ImageObject","inLanguage":"pt-PT","@id":"http:\/\/maismagazine.pt\/index.php\/2025\/11\/28\/festival-rosa-do-mundo-celebra-musica-antiga-com-trio-de-sonatas-e-de-cidades\/#primaryimage","url":"http:\/\/maismagazine.pt\/wp-content\/uploads\/2025\/11\/Concerto-iberico.jpeg","contentUrl":"http:\/\/maismagazine.pt\/wp-content\/uploads\/2025\/11\/Concerto-iberico.jpeg","width":716,"height":477},{"@type":"BreadcrumbList","@id":"http:\/\/maismagazine.pt\/index.php\/2025\/11\/28\/festival-rosa-do-mundo-celebra-musica-antiga-com-trio-de-sonatas-e-de-cidades\/#breadcrumb","itemListElement":[{"@type":"ListItem","position":1,"name":"Home","item":"http:\/\/maismagazine.pt\/"},{"@type":"ListItem","position":2,"name":"Festival Rosa do Mundo celebra m\u00fasica antiga com \u201cTrio de Sonatas e de Cidades\u201d"}]},{"@type":"WebSite","@id":"http:\/\/maismagazine.pt\/#website","url":"http:\/\/maismagazine.pt\/","name":"Mais Magazine","description":"","publisher":{"@id":"http:\/\/maismagazine.pt\/#organization"},"potentialAction":[{"@type":"SearchAction","target":{"@type":"EntryPoint","urlTemplate":"http:\/\/maismagazine.pt\/?s={search_term_string}"},"query-input":{"@type":"PropertyValueSpecification","valueRequired":true,"valueName":"search_term_string"}}],"inLanguage":"pt-PT"},{"@type":"Organization","@id":"http:\/\/maismagazine.pt\/#organization","name":"Mais Magazine","url":"http:\/\/maismagazine.pt\/","logo":{"@type":"ImageObject","inLanguage":"pt-PT","@id":"http:\/\/maismagazine.pt\/#\/schema\/logo\/image\/","url":"http:\/\/maismagazine.pt\/wp-content\/uploads\/2020\/04\/cropped-cropped-mais-magazine-site-logo-2.png","contentUrl":"http:\/\/maismagazine.pt\/wp-content\/uploads\/2020\/04\/cropped-cropped-mais-magazine-site-logo-2.png","width":581,"height":90,"caption":"Mais Magazine"},"image":{"@id":"http:\/\/maismagazine.pt\/#\/schema\/logo\/image\/"}},{"@type":"Person","@id":"http:\/\/maismagazine.pt\/#\/schema\/person\/c6c5bfccc886434cbd11c74e035f9646","name":"Tiago Costa","image":{"@type":"ImageObject","inLanguage":"pt-PT","@id":"http:\/\/maismagazine.pt\/#\/schema\/person\/image\/","url":"https:\/\/secure.gravatar.com\/avatar\/c599b2bce16c9870429198cbad5ee022?s=96&d=mm&r=g","contentUrl":"https:\/\/secure.gravatar.com\/avatar\/c599b2bce16c9870429198cbad5ee022?s=96&d=mm&r=g","caption":"Tiago Costa"},"url":"http:\/\/maismagazine.pt\/index.php\/author\/tiago\/"}]}},"author_meta":{"display_name":false,"author_link":"http:\/\/maismagazine.pt\/index.php\/author\/tiago\/"},"featured_img":"http:\/\/maismagazine.pt\/wp-content\/uploads\/2025\/11\/Concerto-iberico-300x200.jpeg","coauthors":[],"tax_additional":{"categories":{"linked":["<a href=\"http:\/\/maismagazine.pt\/index.php\/category\/noticias\/\" class=\"advgb-post-tax-term\">Not\u00edcias<\/a>"],"unlinked":["<span class=\"advgb-post-tax-term\">Not\u00edcias<\/span>"]},"tags":{"linked":["<a href=\"http:\/\/maismagazine.pt\/index.php\/category\/noticias\/\" class=\"advgb-post-tax-term\">Trio de Sonatas e de Cidades<\/a>"],"unlinked":["<span class=\"advgb-post-tax-term\">Trio de Sonatas e de Cidades<\/span>"]}},"comment_count":"0","relative_dates":{"created":"Posted 5 meses ago","modified":"Updated 5 meses ago"},"absolute_dates":{"created":"Posted on 28 de Novembro, 2025","modified":"Updated on 28 de Novembro, 2025"},"absolute_dates_time":{"created":"Posted on 28 de Novembro, 2025 15:21","modified":"Updated on 28 de Novembro, 2025 15:21"},"featured_img_caption":"","series_order":"","_links":{"self":[{"href":"http:\/\/maismagazine.pt\/index.php\/wp-json\/wp\/v2\/posts\/13152","targetHints":{"allow":["GET"]}}],"collection":[{"href":"http:\/\/maismagazine.pt\/index.php\/wp-json\/wp\/v2\/posts"}],"about":[{"href":"http:\/\/maismagazine.pt\/index.php\/wp-json\/wp\/v2\/types\/post"}],"author":[{"embeddable":true,"href":"http:\/\/maismagazine.pt\/index.php\/wp-json\/wp\/v2\/users\/17"}],"replies":[{"embeddable":true,"href":"http:\/\/maismagazine.pt\/index.php\/wp-json\/wp\/v2\/comments?post=13152"}],"version-history":[{"count":1,"href":"http:\/\/maismagazine.pt\/index.php\/wp-json\/wp\/v2\/posts\/13152\/revisions"}],"predecessor-version":[{"id":13154,"href":"http:\/\/maismagazine.pt\/index.php\/wp-json\/wp\/v2\/posts\/13152\/revisions\/13154"}],"wp:featuredmedia":[{"embeddable":true,"href":"http:\/\/maismagazine.pt\/index.php\/wp-json\/wp\/v2\/media\/13153"}],"wp:attachment":[{"href":"http:\/\/maismagazine.pt\/index.php\/wp-json\/wp\/v2\/media?parent=13152"}],"wp:term":[{"taxonomy":"category","embeddable":true,"href":"http:\/\/maismagazine.pt\/index.php\/wp-json\/wp\/v2\/categories?post=13152"},{"taxonomy":"post_tag","embeddable":true,"href":"http:\/\/maismagazine.pt\/index.php\/wp-json\/wp\/v2\/tags?post=13152"}],"curies":[{"name":"wp","href":"https:\/\/api.w.org\/{rel}","templated":true}]}}