{"id":13149,"date":"2025-11-28T09:51:49","date_gmt":"2025-11-28T09:51:49","guid":{"rendered":"https:\/\/maismagazine.pt\/?p=13149"},"modified":"2025-11-28T09:51:53","modified_gmt":"2025-11-28T09:51:53","slug":"iniciativa-escola-rio-promove-literacia-ambiental-na-fabrica-da-criatividade","status":"publish","type":"post","link":"http:\/\/maismagazine.pt\/index.php\/2025\/11\/28\/iniciativa-escola-rio-promove-literacia-ambiental-na-fabrica-da-criatividade\/","title":{"rendered":"Iniciativa Escola Rio promove literacia ambiental na F\u00e1brica da Criatividade"},"content":{"rendered":"\n<p><strong>A F\u00e1brica da Criatividade, em Castelo Branco, recebe no dia 6 de dezembro o projeto Escola Rio, integrado no programa Guarda Rios. A sess\u00e3o da manh\u00e3, marcada para as 10h00, ser\u00e1 aberta ao p\u00fablico e com entrada gratuita, proporcionando a crian\u00e7as, fam\u00edlias e \u00e0 comunidade educativa uma oportunidade singular para descobrir o universo da \u00e1gua e dos ecossistemas fluviais atrav\u00e9s de experi\u00eancias art\u00edsticas e cient\u00edficas.<\/strong><\/p>\n\n\n\n<p><\/p>\n\n\n\n<p>A Escola Rio, criada pelo coletivo Guarda Rios, convida os participantes a mergulhar num conjunto de atividades que aproximam a ci\u00eancia da cria\u00e7\u00e3o art\u00edstica. Durante a sess\u00e3o, os visitantes poder\u00e3o explorar temas ligados \u00e0 origem da \u00e1gua, \u00e0 din\u00e2mica dos rios, \u00e0 zona hiporreica e a no\u00e7\u00f5es essenciais de sedimentologia, sempre atrav\u00e9s de processos acess\u00edveis, envolventes e pensados para estimular a curiosidade.<\/p>\n\n\n\n<p><\/p>\n\n\n\n<p>As propostas incluem experi\u00eancias sensoriais, dispositivos interativos e oficinas onde se trabalha com materiais provenientes de ambientes ribeirinhos, como areias, barros e pigmentos naturais. Estes elementos permitem uma viv\u00eancia direta e pr\u00e1tica, refor\u00e7ada pelo uso de objetos inesperados, desde bolas de grandes dimens\u00f5es at\u00e9 \u00e1gua em movimento ou proje\u00e7\u00f5es em filme de 16mm, criando momentos l\u00fadicos que estimulam a imagina\u00e7\u00e3o e tornam a aprendizagem mais marcante.<\/p>\n\n\n\n<p><\/p>\n\n\n\n<p>Com esta abordagem, a Escola Rio combina ci\u00eancia, arte e experimenta\u00e7\u00e3o, promovendo uma rela\u00e7\u00e3o mais pr\u00f3xima com os rios e com o patrim\u00f3nio natural que os envolve.<\/p>\n\n\n\n<p><\/p>\n\n\n\n<p>Classifica\u00e7\u00e3o Et\u00e1ria: Livre<\/p>\n\n\n\n<p>Bilhete: Entrada Gratuita<\/p>\n","protected":false},"excerpt":{"rendered":"<p>A F\u00e1brica da Criatividade, em Castelo Branco, recebe no dia 6 de dezembro o projeto Escola Rio, integrado no programa Guarda Rios. A sess\u00e3o da manh\u00e3, marcada para as 10h00, ser\u00e1 aberta ao p\u00fablico e com entrada gratuita, proporcionando a crian\u00e7as, fam\u00edlias e \u00e0 comunidade educativa uma oportunidade singular para&hellip;<\/p>\n","protected":false},"author":17,"featured_media":13150,"comment_status":"closed","ping_status":"open","sticky":false,"template":"","format":"standard","meta":{"advgb_blocks_editor_width":"","advgb_blocks_columns_visual_guide":"","_monsterinsights_skip_tracking":false,"_monsterinsights_sitenote_active":false,"_monsterinsights_sitenote_note":"","_monsterinsights_sitenote_category":0,"footnotes":""},"categories":[7],"tags":[2513],"class_list":["post-13149","post","type-post","status-publish","format-standard","has-post-thumbnail","hentry","category-noticias","tag-escola-rio"],"yoast_head":"<!-- This site is optimized with the Yoast SEO plugin v24.4 - https:\/\/yoast.com\/wordpress\/plugins\/seo\/ -->\n<title>Iniciativa Escola Rio promove literacia ambiental na F\u00e1brica da Criatividade - Mais Magazine<\/title>\n<meta name=\"description\" content=\"A F\u00e1brica da Criatividade, em Castelo Branco, recebe no dia 6 de dezembro o projeto Escola Rio, integrado no programa Guarda Rios. A sess\u00e3o da manh\u00e3, marcada para as 10h00, ser\u00e1 aberta ao p\u00fablico e com entrada gratuita, proporcionando a crian\u00e7as, fam\u00edlias e \u00e0 comunidade educativa uma oportunidade singular para descobrir o universo da \u00e1gua e dos ecossistemas fluviais atrav\u00e9s de experi\u00eancias art\u00edsticas e cient\u00edficas.\" \/>\n<meta name=\"robots\" content=\"index, follow, max-snippet:-1, max-image-preview:large, max-video-preview:-1\" \/>\n<link rel=\"canonical\" href=\"http:\/\/maismagazine.pt\/index.php\/2025\/11\/28\/iniciativa-escola-rio-promove-literacia-ambiental-na-fabrica-da-criatividade\/\" \/>\n<meta property=\"og:locale\" content=\"pt_PT\" \/>\n<meta property=\"og:type\" content=\"article\" \/>\n<meta property=\"og:title\" content=\"Iniciativa Escola Rio promove literacia ambiental na F\u00e1brica da Criatividade - Mais Magazine\" \/>\n<meta property=\"og:description\" content=\"A F\u00e1brica da Criatividade, em Castelo Branco, recebe no dia 6 de dezembro o projeto Escola Rio, integrado no programa Guarda Rios. A sess\u00e3o da manh\u00e3, marcada para as 10h00, ser\u00e1 aberta ao p\u00fablico e com entrada gratuita, proporcionando a crian\u00e7as, fam\u00edlias e \u00e0 comunidade educativa uma oportunidade singular para descobrir o universo da \u00e1gua e dos ecossistemas fluviais atrav\u00e9s de experi\u00eancias art\u00edsticas e cient\u00edficas.\" \/>\n<meta property=\"og:url\" content=\"http:\/\/maismagazine.pt\/index.php\/2025\/11\/28\/iniciativa-escola-rio-promove-literacia-ambiental-na-fabrica-da-criatividade\/\" \/>\n<meta property=\"og:site_name\" content=\"Mais Magazine\" \/>\n<meta property=\"article:published_time\" content=\"2025-11-28T09:51:49+00:00\" \/>\n<meta property=\"article:modified_time\" content=\"2025-11-28T09:51:53+00:00\" \/>\n<meta property=\"og:image\" content=\"http:\/\/maismagazine.pt\/wp-content\/uploads\/2025\/11\/GuardaRios.jpg\" \/>\n\t<meta property=\"og:image:width\" content=\"600\" \/>\n\t<meta property=\"og:image:height\" content=\"400\" \/>\n\t<meta property=\"og:image:type\" content=\"image\/jpeg\" \/>\n<meta name=\"author\" content=\"Tiago Costa\" \/>\n<meta name=\"twitter:card\" content=\"summary_large_image\" \/>\n<meta name=\"twitter:label1\" content=\"Escrito por\" \/>\n\t<meta name=\"twitter:data1\" content=\"\" \/>\n\t<meta name=\"twitter:label2\" content=\"Tempo estimado de leitura\" \/>\n\t<meta name=\"twitter:data2\" content=\"2 minutos\" \/>\n<script type=\"application\/ld+json\" class=\"yoast-schema-graph\">{\"@context\":\"https:\/\/schema.org\",\"@graph\":[{\"@type\":\"Article\",\"@id\":\"http:\/\/maismagazine.pt\/index.php\/2025\/11\/28\/iniciativa-escola-rio-promove-literacia-ambiental-na-fabrica-da-criatividade\/#article\",\"isPartOf\":{\"@id\":\"http:\/\/maismagazine.pt\/index.php\/2025\/11\/28\/iniciativa-escola-rio-promove-literacia-ambiental-na-fabrica-da-criatividade\/\"},\"author\":{\"name\":\"Tiago Costa\",\"@id\":\"http:\/\/maismagazine.pt\/#\/schema\/person\/c6c5bfccc886434cbd11c74e035f9646\"},\"headline\":\"Iniciativa Escola Rio promove literacia ambiental na F\u00e1brica da Criatividade\",\"datePublished\":\"2025-11-28T09:51:49+00:00\",\"dateModified\":\"2025-11-28T09:51:53+00:00\",\"mainEntityOfPage\":{\"@id\":\"http:\/\/maismagazine.pt\/index.php\/2025\/11\/28\/iniciativa-escola-rio-promove-literacia-ambiental-na-fabrica-da-criatividade\/\"},\"wordCount\":265,\"publisher\":{\"@id\":\"http:\/\/maismagazine.pt\/#organization\"},\"image\":{\"@id\":\"http:\/\/maismagazine.pt\/index.php\/2025\/11\/28\/iniciativa-escola-rio-promove-literacia-ambiental-na-fabrica-da-criatividade\/#primaryimage\"},\"thumbnailUrl\":\"http:\/\/maismagazine.pt\/wp-content\/uploads\/2025\/11\/GuardaRios.jpg\",\"keywords\":[\"Escola Rio\"],\"articleSection\":[\"Not\u00edcias\"],\"inLanguage\":\"pt-PT\"},{\"@type\":\"WebPage\",\"@id\":\"http:\/\/maismagazine.pt\/index.php\/2025\/11\/28\/iniciativa-escola-rio-promove-literacia-ambiental-na-fabrica-da-criatividade\/\",\"url\":\"http:\/\/maismagazine.pt\/index.php\/2025\/11\/28\/iniciativa-escola-rio-promove-literacia-ambiental-na-fabrica-da-criatividade\/\",\"name\":\"Iniciativa Escola Rio promove literacia ambiental na F\u00e1brica da Criatividade - Mais Magazine\",\"isPartOf\":{\"@id\":\"http:\/\/maismagazine.pt\/#website\"},\"primaryImageOfPage\":{\"@id\":\"http:\/\/maismagazine.pt\/index.php\/2025\/11\/28\/iniciativa-escola-rio-promove-literacia-ambiental-na-fabrica-da-criatividade\/#primaryimage\"},\"image\":{\"@id\":\"http:\/\/maismagazine.pt\/index.php\/2025\/11\/28\/iniciativa-escola-rio-promove-literacia-ambiental-na-fabrica-da-criatividade\/#primaryimage\"},\"thumbnailUrl\":\"http:\/\/maismagazine.pt\/wp-content\/uploads\/2025\/11\/GuardaRios.jpg\",\"datePublished\":\"2025-11-28T09:51:49+00:00\",\"dateModified\":\"2025-11-28T09:51:53+00:00\",\"description\":\"A F\u00e1brica da Criatividade, em Castelo Branco, recebe no dia 6 de dezembro o projeto Escola Rio, integrado no programa Guarda Rios. A sess\u00e3o da manh\u00e3, marcada para as 10h00, ser\u00e1 aberta ao p\u00fablico e com entrada gratuita, proporcionando a crian\u00e7as, fam\u00edlias e \u00e0 comunidade educativa uma oportunidade singular para descobrir o universo da \u00e1gua e dos ecossistemas fluviais atrav\u00e9s de experi\u00eancias art\u00edsticas e cient\u00edficas.\",\"breadcrumb\":{\"@id\":\"http:\/\/maismagazine.pt\/index.php\/2025\/11\/28\/iniciativa-escola-rio-promove-literacia-ambiental-na-fabrica-da-criatividade\/#breadcrumb\"},\"inLanguage\":\"pt-PT\",\"potentialAction\":[{\"@type\":\"ReadAction\",\"target\":[\"http:\/\/maismagazine.pt\/index.php\/2025\/11\/28\/iniciativa-escola-rio-promove-literacia-ambiental-na-fabrica-da-criatividade\/\"]}]},{\"@type\":\"ImageObject\",\"inLanguage\":\"pt-PT\",\"@id\":\"http:\/\/maismagazine.pt\/index.php\/2025\/11\/28\/iniciativa-escola-rio-promove-literacia-ambiental-na-fabrica-da-criatividade\/#primaryimage\",\"url\":\"http:\/\/maismagazine.pt\/wp-content\/uploads\/2025\/11\/GuardaRios.jpg\",\"contentUrl\":\"http:\/\/maismagazine.pt\/wp-content\/uploads\/2025\/11\/GuardaRios.jpg\",\"width\":600,\"height\":400},{\"@type\":\"BreadcrumbList\",\"@id\":\"http:\/\/maismagazine.pt\/index.php\/2025\/11\/28\/iniciativa-escola-rio-promove-literacia-ambiental-na-fabrica-da-criatividade\/#breadcrumb\",\"itemListElement\":[{\"@type\":\"ListItem\",\"position\":1,\"name\":\"Home\",\"item\":\"http:\/\/maismagazine.pt\/\"},{\"@type\":\"ListItem\",\"position\":2,\"name\":\"Iniciativa Escola Rio promove literacia ambiental na F\u00e1brica da Criatividade\"}]},{\"@type\":\"WebSite\",\"@id\":\"http:\/\/maismagazine.pt\/#website\",\"url\":\"http:\/\/maismagazine.pt\/\",\"name\":\"Mais Magazine\",\"description\":\"\",\"publisher\":{\"@id\":\"http:\/\/maismagazine.pt\/#organization\"},\"potentialAction\":[{\"@type\":\"SearchAction\",\"target\":{\"@type\":\"EntryPoint\",\"urlTemplate\":\"http:\/\/maismagazine.pt\/?s={search_term_string}\"},\"query-input\":{\"@type\":\"PropertyValueSpecification\",\"valueRequired\":true,\"valueName\":\"search_term_string\"}}],\"inLanguage\":\"pt-PT\"},{\"@type\":\"Organization\",\"@id\":\"http:\/\/maismagazine.pt\/#organization\",\"name\":\"Mais Magazine\",\"url\":\"http:\/\/maismagazine.pt\/\",\"logo\":{\"@type\":\"ImageObject\",\"inLanguage\":\"pt-PT\",\"@id\":\"http:\/\/maismagazine.pt\/#\/schema\/logo\/image\/\",\"url\":\"http:\/\/maismagazine.pt\/wp-content\/uploads\/2020\/04\/cropped-cropped-mais-magazine-site-logo-2.png\",\"contentUrl\":\"http:\/\/maismagazine.pt\/wp-content\/uploads\/2020\/04\/cropped-cropped-mais-magazine-site-logo-2.png\",\"width\":581,\"height\":90,\"caption\":\"Mais Magazine\"},\"image\":{\"@id\":\"http:\/\/maismagazine.pt\/#\/schema\/logo\/image\/\"}},{\"@type\":\"Person\",\"@id\":\"http:\/\/maismagazine.pt\/#\/schema\/person\/c6c5bfccc886434cbd11c74e035f9646\",\"name\":\"Tiago Costa\",\"image\":{\"@type\":\"ImageObject\",\"inLanguage\":\"pt-PT\",\"@id\":\"http:\/\/maismagazine.pt\/#\/schema\/person\/image\/\",\"url\":\"https:\/\/secure.gravatar.com\/avatar\/c599b2bce16c9870429198cbad5ee022?s=96&d=mm&r=g\",\"contentUrl\":\"https:\/\/secure.gravatar.com\/avatar\/c599b2bce16c9870429198cbad5ee022?s=96&d=mm&r=g\",\"caption\":\"Tiago Costa\"},\"url\":\"http:\/\/maismagazine.pt\/index.php\/author\/tiago\/\"}]}<\/script>\n<!-- \/ Yoast SEO plugin. -->","yoast_head_json":{"title":"Iniciativa Escola Rio promove literacia ambiental na F\u00e1brica da Criatividade - Mais Magazine","description":"A F\u00e1brica da Criatividade, em Castelo Branco, recebe no dia 6 de dezembro o projeto Escola Rio, integrado no programa Guarda Rios. A sess\u00e3o da manh\u00e3, marcada para as 10h00, ser\u00e1 aberta ao p\u00fablico e com entrada gratuita, proporcionando a crian\u00e7as, fam\u00edlias e \u00e0 comunidade educativa uma oportunidade singular para descobrir o universo da \u00e1gua e dos ecossistemas fluviais atrav\u00e9s de experi\u00eancias art\u00edsticas e cient\u00edficas.","robots":{"index":"index","follow":"follow","max-snippet":"max-snippet:-1","max-image-preview":"max-image-preview:large","max-video-preview":"max-video-preview:-1"},"canonical":"http:\/\/maismagazine.pt\/index.php\/2025\/11\/28\/iniciativa-escola-rio-promove-literacia-ambiental-na-fabrica-da-criatividade\/","og_locale":"pt_PT","og_type":"article","og_title":"Iniciativa Escola Rio promove literacia ambiental na F\u00e1brica da Criatividade - Mais Magazine","og_description":"A F\u00e1brica da Criatividade, em Castelo Branco, recebe no dia 6 de dezembro o projeto Escola Rio, integrado no programa Guarda Rios. A sess\u00e3o da manh\u00e3, marcada para as 10h00, ser\u00e1 aberta ao p\u00fablico e com entrada gratuita, proporcionando a crian\u00e7as, fam\u00edlias e \u00e0 comunidade educativa uma oportunidade singular para descobrir o universo da \u00e1gua e dos ecossistemas fluviais atrav\u00e9s de experi\u00eancias art\u00edsticas e cient\u00edficas.","og_url":"http:\/\/maismagazine.pt\/index.php\/2025\/11\/28\/iniciativa-escola-rio-promove-literacia-ambiental-na-fabrica-da-criatividade\/","og_site_name":"Mais Magazine","article_published_time":"2025-11-28T09:51:49+00:00","article_modified_time":"2025-11-28T09:51:53+00:00","og_image":[{"width":600,"height":400,"url":"http:\/\/maismagazine.pt\/wp-content\/uploads\/2025\/11\/GuardaRios.jpg","type":"image\/jpeg"}],"author":"Tiago Costa","twitter_card":"summary_large_image","twitter_misc":{"Escrito por":false,"Tempo estimado de leitura":"2 minutos"},"schema":{"@context":"https:\/\/schema.org","@graph":[{"@type":"Article","@id":"http:\/\/maismagazine.pt\/index.php\/2025\/11\/28\/iniciativa-escola-rio-promove-literacia-ambiental-na-fabrica-da-criatividade\/#article","isPartOf":{"@id":"http:\/\/maismagazine.pt\/index.php\/2025\/11\/28\/iniciativa-escola-rio-promove-literacia-ambiental-na-fabrica-da-criatividade\/"},"author":{"name":"Tiago Costa","@id":"http:\/\/maismagazine.pt\/#\/schema\/person\/c6c5bfccc886434cbd11c74e035f9646"},"headline":"Iniciativa Escola Rio promove literacia ambiental na F\u00e1brica da Criatividade","datePublished":"2025-11-28T09:51:49+00:00","dateModified":"2025-11-28T09:51:53+00:00","mainEntityOfPage":{"@id":"http:\/\/maismagazine.pt\/index.php\/2025\/11\/28\/iniciativa-escola-rio-promove-literacia-ambiental-na-fabrica-da-criatividade\/"},"wordCount":265,"publisher":{"@id":"http:\/\/maismagazine.pt\/#organization"},"image":{"@id":"http:\/\/maismagazine.pt\/index.php\/2025\/11\/28\/iniciativa-escola-rio-promove-literacia-ambiental-na-fabrica-da-criatividade\/#primaryimage"},"thumbnailUrl":"http:\/\/maismagazine.pt\/wp-content\/uploads\/2025\/11\/GuardaRios.jpg","keywords":["Escola Rio"],"articleSection":["Not\u00edcias"],"inLanguage":"pt-PT"},{"@type":"WebPage","@id":"http:\/\/maismagazine.pt\/index.php\/2025\/11\/28\/iniciativa-escola-rio-promove-literacia-ambiental-na-fabrica-da-criatividade\/","url":"http:\/\/maismagazine.pt\/index.php\/2025\/11\/28\/iniciativa-escola-rio-promove-literacia-ambiental-na-fabrica-da-criatividade\/","name":"Iniciativa Escola Rio promove literacia ambiental na F\u00e1brica da Criatividade - Mais Magazine","isPartOf":{"@id":"http:\/\/maismagazine.pt\/#website"},"primaryImageOfPage":{"@id":"http:\/\/maismagazine.pt\/index.php\/2025\/11\/28\/iniciativa-escola-rio-promove-literacia-ambiental-na-fabrica-da-criatividade\/#primaryimage"},"image":{"@id":"http:\/\/maismagazine.pt\/index.php\/2025\/11\/28\/iniciativa-escola-rio-promove-literacia-ambiental-na-fabrica-da-criatividade\/#primaryimage"},"thumbnailUrl":"http:\/\/maismagazine.pt\/wp-content\/uploads\/2025\/11\/GuardaRios.jpg","datePublished":"2025-11-28T09:51:49+00:00","dateModified":"2025-11-28T09:51:53+00:00","description":"A F\u00e1brica da Criatividade, em Castelo Branco, recebe no dia 6 de dezembro o projeto Escola Rio, integrado no programa Guarda Rios. A sess\u00e3o da manh\u00e3, marcada para as 10h00, ser\u00e1 aberta ao p\u00fablico e com entrada gratuita, proporcionando a crian\u00e7as, fam\u00edlias e \u00e0 comunidade educativa uma oportunidade singular para descobrir o universo da \u00e1gua e dos ecossistemas fluviais atrav\u00e9s de experi\u00eancias art\u00edsticas e cient\u00edficas.","breadcrumb":{"@id":"http:\/\/maismagazine.pt\/index.php\/2025\/11\/28\/iniciativa-escola-rio-promove-literacia-ambiental-na-fabrica-da-criatividade\/#breadcrumb"},"inLanguage":"pt-PT","potentialAction":[{"@type":"ReadAction","target":["http:\/\/maismagazine.pt\/index.php\/2025\/11\/28\/iniciativa-escola-rio-promove-literacia-ambiental-na-fabrica-da-criatividade\/"]}]},{"@type":"ImageObject","inLanguage":"pt-PT","@id":"http:\/\/maismagazine.pt\/index.php\/2025\/11\/28\/iniciativa-escola-rio-promove-literacia-ambiental-na-fabrica-da-criatividade\/#primaryimage","url":"http:\/\/maismagazine.pt\/wp-content\/uploads\/2025\/11\/GuardaRios.jpg","contentUrl":"http:\/\/maismagazine.pt\/wp-content\/uploads\/2025\/11\/GuardaRios.jpg","width":600,"height":400},{"@type":"BreadcrumbList","@id":"http:\/\/maismagazine.pt\/index.php\/2025\/11\/28\/iniciativa-escola-rio-promove-literacia-ambiental-na-fabrica-da-criatividade\/#breadcrumb","itemListElement":[{"@type":"ListItem","position":1,"name":"Home","item":"http:\/\/maismagazine.pt\/"},{"@type":"ListItem","position":2,"name":"Iniciativa Escola Rio promove literacia ambiental na F\u00e1brica da Criatividade"}]},{"@type":"WebSite","@id":"http:\/\/maismagazine.pt\/#website","url":"http:\/\/maismagazine.pt\/","name":"Mais Magazine","description":"","publisher":{"@id":"http:\/\/maismagazine.pt\/#organization"},"potentialAction":[{"@type":"SearchAction","target":{"@type":"EntryPoint","urlTemplate":"http:\/\/maismagazine.pt\/?s={search_term_string}"},"query-input":{"@type":"PropertyValueSpecification","valueRequired":true,"valueName":"search_term_string"}}],"inLanguage":"pt-PT"},{"@type":"Organization","@id":"http:\/\/maismagazine.pt\/#organization","name":"Mais Magazine","url":"http:\/\/maismagazine.pt\/","logo":{"@type":"ImageObject","inLanguage":"pt-PT","@id":"http:\/\/maismagazine.pt\/#\/schema\/logo\/image\/","url":"http:\/\/maismagazine.pt\/wp-content\/uploads\/2020\/04\/cropped-cropped-mais-magazine-site-logo-2.png","contentUrl":"http:\/\/maismagazine.pt\/wp-content\/uploads\/2020\/04\/cropped-cropped-mais-magazine-site-logo-2.png","width":581,"height":90,"caption":"Mais Magazine"},"image":{"@id":"http:\/\/maismagazine.pt\/#\/schema\/logo\/image\/"}},{"@type":"Person","@id":"http:\/\/maismagazine.pt\/#\/schema\/person\/c6c5bfccc886434cbd11c74e035f9646","name":"Tiago Costa","image":{"@type":"ImageObject","inLanguage":"pt-PT","@id":"http:\/\/maismagazine.pt\/#\/schema\/person\/image\/","url":"https:\/\/secure.gravatar.com\/avatar\/c599b2bce16c9870429198cbad5ee022?s=96&d=mm&r=g","contentUrl":"https:\/\/secure.gravatar.com\/avatar\/c599b2bce16c9870429198cbad5ee022?s=96&d=mm&r=g","caption":"Tiago Costa"},"url":"http:\/\/maismagazine.pt\/index.php\/author\/tiago\/"}]}},"author_meta":{"display_name":false,"author_link":"http:\/\/maismagazine.pt\/index.php\/author\/tiago\/"},"featured_img":"http:\/\/maismagazine.pt\/wp-content\/uploads\/2025\/11\/GuardaRios-300x200.jpg","coauthors":[],"tax_additional":{"categories":{"linked":["<a href=\"http:\/\/maismagazine.pt\/index.php\/category\/noticias\/\" class=\"advgb-post-tax-term\">Not\u00edcias<\/a>"],"unlinked":["<span class=\"advgb-post-tax-term\">Not\u00edcias<\/span>"]},"tags":{"linked":["<a href=\"http:\/\/maismagazine.pt\/index.php\/category\/noticias\/\" class=\"advgb-post-tax-term\">Escola Rio<\/a>"],"unlinked":["<span class=\"advgb-post-tax-term\">Escola Rio<\/span>"]}},"comment_count":"0","relative_dates":{"created":"Posted 5 meses ago","modified":"Updated 5 meses ago"},"absolute_dates":{"created":"Posted on 28 de Novembro, 2025","modified":"Updated on 28 de Novembro, 2025"},"absolute_dates_time":{"created":"Posted on 28 de Novembro, 2025 9:51","modified":"Updated on 28 de Novembro, 2025 9:51"},"featured_img_caption":"","series_order":"","_links":{"self":[{"href":"http:\/\/maismagazine.pt\/index.php\/wp-json\/wp\/v2\/posts\/13149","targetHints":{"allow":["GET"]}}],"collection":[{"href":"http:\/\/maismagazine.pt\/index.php\/wp-json\/wp\/v2\/posts"}],"about":[{"href":"http:\/\/maismagazine.pt\/index.php\/wp-json\/wp\/v2\/types\/post"}],"author":[{"embeddable":true,"href":"http:\/\/maismagazine.pt\/index.php\/wp-json\/wp\/v2\/users\/17"}],"replies":[{"embeddable":true,"href":"http:\/\/maismagazine.pt\/index.php\/wp-json\/wp\/v2\/comments?post=13149"}],"version-history":[{"count":1,"href":"http:\/\/maismagazine.pt\/index.php\/wp-json\/wp\/v2\/posts\/13149\/revisions"}],"predecessor-version":[{"id":13151,"href":"http:\/\/maismagazine.pt\/index.php\/wp-json\/wp\/v2\/posts\/13149\/revisions\/13151"}],"wp:featuredmedia":[{"embeddable":true,"href":"http:\/\/maismagazine.pt\/index.php\/wp-json\/wp\/v2\/media\/13150"}],"wp:attachment":[{"href":"http:\/\/maismagazine.pt\/index.php\/wp-json\/wp\/v2\/media?parent=13149"}],"wp:term":[{"taxonomy":"category","embeddable":true,"href":"http:\/\/maismagazine.pt\/index.php\/wp-json\/wp\/v2\/categories?post=13149"},{"taxonomy":"post_tag","embeddable":true,"href":"http:\/\/maismagazine.pt\/index.php\/wp-json\/wp\/v2\/tags?post=13149"}],"curies":[{"name":"wp","href":"https:\/\/api.w.org\/{rel}","templated":true}]}}