{"id":13146,"date":"2025-11-28T09:48:33","date_gmt":"2025-11-28T09:48:33","guid":{"rendered":"https:\/\/maismagazine.pt\/?p=13146"},"modified":"2025-11-28T15:17:38","modified_gmt":"2025-11-28T15:17:38","slug":"mundos-imperfeitos-exposicao-de-teresa-martinho-na-fabrica-da-criatividade","status":"publish","type":"post","link":"http:\/\/maismagazine.pt\/index.php\/2025\/11\/28\/mundos-imperfeitos-exposicao-de-teresa-martinho-na-fabrica-da-criatividade\/","title":{"rendered":"\u201cMundos Imperfeitos\u201d, exposi\u00e7\u00e3o de Teresa Martinho, na F\u00e1brica da Criatividade"},"content":{"rendered":"\n<p><strong>\u00c9 no dia 5 de dezembro, \u00e0s 18h00, que a F\u00e1brica da Criatividade, em Castelo Branco, inaugura a exposi\u00e7\u00e3o \u201cMundos Imperfeitos\u201d, da artista Teresa Martinho, que ficar\u00e1 patente at\u00e9 30 de dezembro. A mostra pode ser visitada de segunda a sexta, entre as 09h00 e as 17h30, com entrada livre.<\/strong><\/p>\n\n\n\n<p><\/p>\n\n\n\n<p>Em \u201cMundos Imperfeitos\u201d, Teresa Martinho explora a rela\u00e7\u00e3o tensa e desigual entre o ser humano e o ambiente, revisitando os quatro elementos primordiais da Natureza. A artista convoca diferentes linguagens escult\u00f3ricas e variadas t\u00e9cnicas de modela\u00e7\u00e3o, queima e acabamento cer\u00e2mico para evidenciar a crescente fragilidade deste v\u00ednculo. Do equil\u00edbrio ancestral \u00e0 atual l\u00f3gica de explora\u00e7\u00e3o, a exposi\u00e7\u00e3o reflete sobre a forma como a humanidade passou a encarar a Natureza como um reservat\u00f3rio inesgot\u00e1vel de recursos, uma perce\u00e7\u00e3o que se revela cada vez mais ficcional e insustent\u00e1vel.<\/p>\n\n\n\n<p><\/p>\n\n\n\n<p>As pe\u00e7as apresentadas traduzem esta reflex\u00e3o atrav\u00e9s da mat\u00e9ria, argilas distintas, contrastes formais e superf\u00edcies transformadas pelo fogo, numa met\u00e1fora para os impactos da presen\u00e7a humana e para os ecossistemas que procuramos dominar, mas raramente compreendemos.<\/p>\n\n\n\n<p><\/p>\n\n\n\n<p>Para al\u00e9m da sua carreira como enfermeira, Teresa Martinho \u00e9 artista residente na F\u00e1brica da Criatividade desde 2023, onde desenvolve investiga\u00e7\u00e3o em cer\u00e2mica contempor\u00e2nea. Autodidata, tem vindo a consolidar um percurso regular em exposi\u00e7\u00f5es coletivas e individuais. Em 2024 apresentou a sua primeira mostra a solo, \u201cAs Mouras do Imagin\u00e1rio Popular Portugu\u00eas\u201d, no mesmo espa\u00e7o. \u00c9 autora dos trof\u00e9us do Festival Mundial da Anima\u00e7\u00e3o (2024) e da F\u00f3rmula Student (2025) e integrou, em 2025, a representa\u00e7\u00e3o do Munic\u00edpio de Castelo Branco na exposi\u00e7\u00e3o \u201cPortugal Cer\u00e2mico\u201d e na 39.\u00aa Mostra Nacional de Artesanato e Cer\u00e2mica de Barcelos, no \u00e2mbito da Rede de Cidades Criativas da UNESCO.<\/p>\n\n\n\n<p><\/p>\n\n\n\n<p>A exposi\u00e7\u00e3o \u201cMundos Imperfeitos\u201d prop\u00f5e, assim, um percurso sensorial e cr\u00edtico sobre o papel do Homem no planeta, convocando o p\u00fablico a refletir sobre um futuro que permanece em aberto.<\/p>\n","protected":false},"excerpt":{"rendered":"<p>\u00c9 no dia 5 de dezembro, \u00e0s 18h00, que a F\u00e1brica da Criatividade, em Castelo Branco, inaugura a exposi\u00e7\u00e3o \u201cMundos Imperfeitos\u201d, da artista Teresa Martinho, que ficar\u00e1 patente at\u00e9 30 de dezembro. A mostra pode ser visitada de segunda a sexta, entre as 09h00 e as 17h30, com entrada livre.&hellip;<\/p>\n","protected":false},"author":17,"featured_media":13147,"comment_status":"closed","ping_status":"open","sticky":false,"template":"","format":"standard","meta":{"advgb_blocks_editor_width":"","advgb_blocks_columns_visual_guide":"","_monsterinsights_skip_tracking":false,"_monsterinsights_sitenote_active":false,"_monsterinsights_sitenote_note":"","_monsterinsights_sitenote_category":0,"footnotes":""},"categories":[7],"tags":[2512],"class_list":["post-13146","post","type-post","status-publish","format-standard","has-post-thumbnail","hentry","category-noticias","tag-fabrica-da-criatividade"],"yoast_head":"<!-- This site is optimized with the Yoast SEO plugin v24.4 - https:\/\/yoast.com\/wordpress\/plugins\/seo\/ -->\n<title>\u201cMundos Imperfeitos\u201d, exposi\u00e7\u00e3o de Teresa Martinho, na F\u00e1brica da Criatividade - Mais Magazine<\/title>\n<meta name=\"robots\" content=\"index, follow, max-snippet:-1, max-image-preview:large, max-video-preview:-1\" \/>\n<link rel=\"canonical\" href=\"http:\/\/maismagazine.pt\/index.php\/2025\/11\/28\/mundos-imperfeitos-exposicao-de-teresa-martinho-na-fabrica-da-criatividade\/\" \/>\n<meta property=\"og:locale\" content=\"pt_PT\" \/>\n<meta property=\"og:type\" content=\"article\" \/>\n<meta property=\"og:title\" content=\"\u201cMundos Imperfeitos\u201d, exposi\u00e7\u00e3o de Teresa Martinho, na F\u00e1brica da Criatividade - Mais Magazine\" \/>\n<meta property=\"og:description\" content=\"\u00c9 no dia 5 de dezembro, \u00e0s 18h00, que a F\u00e1brica da Criatividade, em Castelo Branco, inaugura a exposi\u00e7\u00e3o \u201cMundos Imperfeitos\u201d, da artista Teresa Martinho, que ficar\u00e1 patente at\u00e9 30 de dezembro. A mostra pode ser visitada de segunda a sexta, entre as 09h00 e as 17h30, com entrada livre.&hellip;\" \/>\n<meta property=\"og:url\" content=\"http:\/\/maismagazine.pt\/index.php\/2025\/11\/28\/mundos-imperfeitos-exposicao-de-teresa-martinho-na-fabrica-da-criatividade\/\" \/>\n<meta property=\"og:site_name\" content=\"Mais Magazine\" \/>\n<meta property=\"article:published_time\" content=\"2025-11-28T09:48:33+00:00\" \/>\n<meta property=\"article:modified_time\" content=\"2025-11-28T15:17:38+00:00\" \/>\n<meta property=\"og:image\" content=\"http:\/\/maismagazine.pt\/wp-content\/uploads\/2025\/11\/EXPO_TERESA.png\" \/>\n\t<meta property=\"og:image:width\" content=\"960\" \/>\n\t<meta property=\"og:image:height\" content=\"540\" \/>\n\t<meta property=\"og:image:type\" content=\"image\/png\" \/>\n<meta name=\"author\" content=\"Tiago Costa\" \/>\n<meta name=\"twitter:card\" content=\"summary_large_image\" \/>\n<meta name=\"twitter:label1\" content=\"Escrito por\" \/>\n\t<meta name=\"twitter:data1\" content=\"\" \/>\n\t<meta name=\"twitter:label2\" content=\"Tempo estimado de leitura\" \/>\n\t<meta name=\"twitter:data2\" content=\"2 minutos\" \/>\n<script type=\"application\/ld+json\" class=\"yoast-schema-graph\">{\"@context\":\"https:\/\/schema.org\",\"@graph\":[{\"@type\":\"Article\",\"@id\":\"http:\/\/maismagazine.pt\/index.php\/2025\/11\/28\/mundos-imperfeitos-exposicao-de-teresa-martinho-na-fabrica-da-criatividade\/#article\",\"isPartOf\":{\"@id\":\"http:\/\/maismagazine.pt\/index.php\/2025\/11\/28\/mundos-imperfeitos-exposicao-de-teresa-martinho-na-fabrica-da-criatividade\/\"},\"author\":{\"name\":\"Tiago Costa\",\"@id\":\"http:\/\/maismagazine.pt\/#\/schema\/person\/c6c5bfccc886434cbd11c74e035f9646\"},\"headline\":\"\u201cMundos Imperfeitos\u201d, exposi\u00e7\u00e3o de Teresa Martinho, na F\u00e1brica da Criatividade\",\"datePublished\":\"2025-11-28T09:48:33+00:00\",\"dateModified\":\"2025-11-28T15:17:38+00:00\",\"mainEntityOfPage\":{\"@id\":\"http:\/\/maismagazine.pt\/index.php\/2025\/11\/28\/mundos-imperfeitos-exposicao-de-teresa-martinho-na-fabrica-da-criatividade\/\"},\"wordCount\":351,\"publisher\":{\"@id\":\"http:\/\/maismagazine.pt\/#organization\"},\"image\":{\"@id\":\"http:\/\/maismagazine.pt\/index.php\/2025\/11\/28\/mundos-imperfeitos-exposicao-de-teresa-martinho-na-fabrica-da-criatividade\/#primaryimage\"},\"thumbnailUrl\":\"http:\/\/maismagazine.pt\/wp-content\/uploads\/2025\/11\/EXPO_TERESA.png\",\"keywords\":[\"F\u00e1brica da Criatividade\"],\"articleSection\":[\"Not\u00edcias\"],\"inLanguage\":\"pt-PT\"},{\"@type\":\"WebPage\",\"@id\":\"http:\/\/maismagazine.pt\/index.php\/2025\/11\/28\/mundos-imperfeitos-exposicao-de-teresa-martinho-na-fabrica-da-criatividade\/\",\"url\":\"http:\/\/maismagazine.pt\/index.php\/2025\/11\/28\/mundos-imperfeitos-exposicao-de-teresa-martinho-na-fabrica-da-criatividade\/\",\"name\":\"\u201cMundos Imperfeitos\u201d, exposi\u00e7\u00e3o de Teresa Martinho, na F\u00e1brica da Criatividade - Mais Magazine\",\"isPartOf\":{\"@id\":\"http:\/\/maismagazine.pt\/#website\"},\"primaryImageOfPage\":{\"@id\":\"http:\/\/maismagazine.pt\/index.php\/2025\/11\/28\/mundos-imperfeitos-exposicao-de-teresa-martinho-na-fabrica-da-criatividade\/#primaryimage\"},\"image\":{\"@id\":\"http:\/\/maismagazine.pt\/index.php\/2025\/11\/28\/mundos-imperfeitos-exposicao-de-teresa-martinho-na-fabrica-da-criatividade\/#primaryimage\"},\"thumbnailUrl\":\"http:\/\/maismagazine.pt\/wp-content\/uploads\/2025\/11\/EXPO_TERESA.png\",\"datePublished\":\"2025-11-28T09:48:33+00:00\",\"dateModified\":\"2025-11-28T15:17:38+00:00\",\"breadcrumb\":{\"@id\":\"http:\/\/maismagazine.pt\/index.php\/2025\/11\/28\/mundos-imperfeitos-exposicao-de-teresa-martinho-na-fabrica-da-criatividade\/#breadcrumb\"},\"inLanguage\":\"pt-PT\",\"potentialAction\":[{\"@type\":\"ReadAction\",\"target\":[\"http:\/\/maismagazine.pt\/index.php\/2025\/11\/28\/mundos-imperfeitos-exposicao-de-teresa-martinho-na-fabrica-da-criatividade\/\"]}]},{\"@type\":\"ImageObject\",\"inLanguage\":\"pt-PT\",\"@id\":\"http:\/\/maismagazine.pt\/index.php\/2025\/11\/28\/mundos-imperfeitos-exposicao-de-teresa-martinho-na-fabrica-da-criatividade\/#primaryimage\",\"url\":\"http:\/\/maismagazine.pt\/wp-content\/uploads\/2025\/11\/EXPO_TERESA.png\",\"contentUrl\":\"http:\/\/maismagazine.pt\/wp-content\/uploads\/2025\/11\/EXPO_TERESA.png\",\"width\":960,\"height\":540},{\"@type\":\"BreadcrumbList\",\"@id\":\"http:\/\/maismagazine.pt\/index.php\/2025\/11\/28\/mundos-imperfeitos-exposicao-de-teresa-martinho-na-fabrica-da-criatividade\/#breadcrumb\",\"itemListElement\":[{\"@type\":\"ListItem\",\"position\":1,\"name\":\"Home\",\"item\":\"http:\/\/maismagazine.pt\/\"},{\"@type\":\"ListItem\",\"position\":2,\"name\":\"\u201cMundos Imperfeitos\u201d, exposi\u00e7\u00e3o de Teresa Martinho, na F\u00e1brica da Criatividade\"}]},{\"@type\":\"WebSite\",\"@id\":\"http:\/\/maismagazine.pt\/#website\",\"url\":\"http:\/\/maismagazine.pt\/\",\"name\":\"Mais Magazine\",\"description\":\"\",\"publisher\":{\"@id\":\"http:\/\/maismagazine.pt\/#organization\"},\"potentialAction\":[{\"@type\":\"SearchAction\",\"target\":{\"@type\":\"EntryPoint\",\"urlTemplate\":\"http:\/\/maismagazine.pt\/?s={search_term_string}\"},\"query-input\":{\"@type\":\"PropertyValueSpecification\",\"valueRequired\":true,\"valueName\":\"search_term_string\"}}],\"inLanguage\":\"pt-PT\"},{\"@type\":\"Organization\",\"@id\":\"http:\/\/maismagazine.pt\/#organization\",\"name\":\"Mais Magazine\",\"url\":\"http:\/\/maismagazine.pt\/\",\"logo\":{\"@type\":\"ImageObject\",\"inLanguage\":\"pt-PT\",\"@id\":\"http:\/\/maismagazine.pt\/#\/schema\/logo\/image\/\",\"url\":\"http:\/\/maismagazine.pt\/wp-content\/uploads\/2020\/04\/cropped-cropped-mais-magazine-site-logo-2.png\",\"contentUrl\":\"http:\/\/maismagazine.pt\/wp-content\/uploads\/2020\/04\/cropped-cropped-mais-magazine-site-logo-2.png\",\"width\":581,\"height\":90,\"caption\":\"Mais Magazine\"},\"image\":{\"@id\":\"http:\/\/maismagazine.pt\/#\/schema\/logo\/image\/\"}},{\"@type\":\"Person\",\"@id\":\"http:\/\/maismagazine.pt\/#\/schema\/person\/c6c5bfccc886434cbd11c74e035f9646\",\"name\":\"Tiago Costa\",\"image\":{\"@type\":\"ImageObject\",\"inLanguage\":\"pt-PT\",\"@id\":\"http:\/\/maismagazine.pt\/#\/schema\/person\/image\/\",\"url\":\"https:\/\/secure.gravatar.com\/avatar\/c599b2bce16c9870429198cbad5ee022?s=96&d=mm&r=g\",\"contentUrl\":\"https:\/\/secure.gravatar.com\/avatar\/c599b2bce16c9870429198cbad5ee022?s=96&d=mm&r=g\",\"caption\":\"Tiago Costa\"},\"url\":\"http:\/\/maismagazine.pt\/index.php\/author\/tiago\/\"}]}<\/script>\n<!-- \/ Yoast SEO plugin. -->","yoast_head_json":{"title":"\u201cMundos Imperfeitos\u201d, exposi\u00e7\u00e3o de Teresa Martinho, na F\u00e1brica da Criatividade - Mais Magazine","robots":{"index":"index","follow":"follow","max-snippet":"max-snippet:-1","max-image-preview":"max-image-preview:large","max-video-preview":"max-video-preview:-1"},"canonical":"http:\/\/maismagazine.pt\/index.php\/2025\/11\/28\/mundos-imperfeitos-exposicao-de-teresa-martinho-na-fabrica-da-criatividade\/","og_locale":"pt_PT","og_type":"article","og_title":"\u201cMundos Imperfeitos\u201d, exposi\u00e7\u00e3o de Teresa Martinho, na F\u00e1brica da Criatividade - Mais Magazine","og_description":"\u00c9 no dia 5 de dezembro, \u00e0s 18h00, que a F\u00e1brica da Criatividade, em Castelo Branco, inaugura a exposi\u00e7\u00e3o \u201cMundos Imperfeitos\u201d, da artista Teresa Martinho, que ficar\u00e1 patente at\u00e9 30 de dezembro. A mostra pode ser visitada de segunda a sexta, entre as 09h00 e as 17h30, com entrada livre.&hellip;","og_url":"http:\/\/maismagazine.pt\/index.php\/2025\/11\/28\/mundos-imperfeitos-exposicao-de-teresa-martinho-na-fabrica-da-criatividade\/","og_site_name":"Mais Magazine","article_published_time":"2025-11-28T09:48:33+00:00","article_modified_time":"2025-11-28T15:17:38+00:00","og_image":[{"width":960,"height":540,"url":"http:\/\/maismagazine.pt\/wp-content\/uploads\/2025\/11\/EXPO_TERESA.png","type":"image\/png"}],"author":"Tiago Costa","twitter_card":"summary_large_image","twitter_misc":{"Escrito por":false,"Tempo estimado de leitura":"2 minutos"},"schema":{"@context":"https:\/\/schema.org","@graph":[{"@type":"Article","@id":"http:\/\/maismagazine.pt\/index.php\/2025\/11\/28\/mundos-imperfeitos-exposicao-de-teresa-martinho-na-fabrica-da-criatividade\/#article","isPartOf":{"@id":"http:\/\/maismagazine.pt\/index.php\/2025\/11\/28\/mundos-imperfeitos-exposicao-de-teresa-martinho-na-fabrica-da-criatividade\/"},"author":{"name":"Tiago Costa","@id":"http:\/\/maismagazine.pt\/#\/schema\/person\/c6c5bfccc886434cbd11c74e035f9646"},"headline":"\u201cMundos Imperfeitos\u201d, exposi\u00e7\u00e3o de Teresa Martinho, na F\u00e1brica da Criatividade","datePublished":"2025-11-28T09:48:33+00:00","dateModified":"2025-11-28T15:17:38+00:00","mainEntityOfPage":{"@id":"http:\/\/maismagazine.pt\/index.php\/2025\/11\/28\/mundos-imperfeitos-exposicao-de-teresa-martinho-na-fabrica-da-criatividade\/"},"wordCount":351,"publisher":{"@id":"http:\/\/maismagazine.pt\/#organization"},"image":{"@id":"http:\/\/maismagazine.pt\/index.php\/2025\/11\/28\/mundos-imperfeitos-exposicao-de-teresa-martinho-na-fabrica-da-criatividade\/#primaryimage"},"thumbnailUrl":"http:\/\/maismagazine.pt\/wp-content\/uploads\/2025\/11\/EXPO_TERESA.png","keywords":["F\u00e1brica da Criatividade"],"articleSection":["Not\u00edcias"],"inLanguage":"pt-PT"},{"@type":"WebPage","@id":"http:\/\/maismagazine.pt\/index.php\/2025\/11\/28\/mundos-imperfeitos-exposicao-de-teresa-martinho-na-fabrica-da-criatividade\/","url":"http:\/\/maismagazine.pt\/index.php\/2025\/11\/28\/mundos-imperfeitos-exposicao-de-teresa-martinho-na-fabrica-da-criatividade\/","name":"\u201cMundos Imperfeitos\u201d, exposi\u00e7\u00e3o de Teresa Martinho, na F\u00e1brica da Criatividade - Mais Magazine","isPartOf":{"@id":"http:\/\/maismagazine.pt\/#website"},"primaryImageOfPage":{"@id":"http:\/\/maismagazine.pt\/index.php\/2025\/11\/28\/mundos-imperfeitos-exposicao-de-teresa-martinho-na-fabrica-da-criatividade\/#primaryimage"},"image":{"@id":"http:\/\/maismagazine.pt\/index.php\/2025\/11\/28\/mundos-imperfeitos-exposicao-de-teresa-martinho-na-fabrica-da-criatividade\/#primaryimage"},"thumbnailUrl":"http:\/\/maismagazine.pt\/wp-content\/uploads\/2025\/11\/EXPO_TERESA.png","datePublished":"2025-11-28T09:48:33+00:00","dateModified":"2025-11-28T15:17:38+00:00","breadcrumb":{"@id":"http:\/\/maismagazine.pt\/index.php\/2025\/11\/28\/mundos-imperfeitos-exposicao-de-teresa-martinho-na-fabrica-da-criatividade\/#breadcrumb"},"inLanguage":"pt-PT","potentialAction":[{"@type":"ReadAction","target":["http:\/\/maismagazine.pt\/index.php\/2025\/11\/28\/mundos-imperfeitos-exposicao-de-teresa-martinho-na-fabrica-da-criatividade\/"]}]},{"@type":"ImageObject","inLanguage":"pt-PT","@id":"http:\/\/maismagazine.pt\/index.php\/2025\/11\/28\/mundos-imperfeitos-exposicao-de-teresa-martinho-na-fabrica-da-criatividade\/#primaryimage","url":"http:\/\/maismagazine.pt\/wp-content\/uploads\/2025\/11\/EXPO_TERESA.png","contentUrl":"http:\/\/maismagazine.pt\/wp-content\/uploads\/2025\/11\/EXPO_TERESA.png","width":960,"height":540},{"@type":"BreadcrumbList","@id":"http:\/\/maismagazine.pt\/index.php\/2025\/11\/28\/mundos-imperfeitos-exposicao-de-teresa-martinho-na-fabrica-da-criatividade\/#breadcrumb","itemListElement":[{"@type":"ListItem","position":1,"name":"Home","item":"http:\/\/maismagazine.pt\/"},{"@type":"ListItem","position":2,"name":"\u201cMundos Imperfeitos\u201d, exposi\u00e7\u00e3o de Teresa Martinho, na F\u00e1brica da Criatividade"}]},{"@type":"WebSite","@id":"http:\/\/maismagazine.pt\/#website","url":"http:\/\/maismagazine.pt\/","name":"Mais Magazine","description":"","publisher":{"@id":"http:\/\/maismagazine.pt\/#organization"},"potentialAction":[{"@type":"SearchAction","target":{"@type":"EntryPoint","urlTemplate":"http:\/\/maismagazine.pt\/?s={search_term_string}"},"query-input":{"@type":"PropertyValueSpecification","valueRequired":true,"valueName":"search_term_string"}}],"inLanguage":"pt-PT"},{"@type":"Organization","@id":"http:\/\/maismagazine.pt\/#organization","name":"Mais Magazine","url":"http:\/\/maismagazine.pt\/","logo":{"@type":"ImageObject","inLanguage":"pt-PT","@id":"http:\/\/maismagazine.pt\/#\/schema\/logo\/image\/","url":"http:\/\/maismagazine.pt\/wp-content\/uploads\/2020\/04\/cropped-cropped-mais-magazine-site-logo-2.png","contentUrl":"http:\/\/maismagazine.pt\/wp-content\/uploads\/2020\/04\/cropped-cropped-mais-magazine-site-logo-2.png","width":581,"height":90,"caption":"Mais Magazine"},"image":{"@id":"http:\/\/maismagazine.pt\/#\/schema\/logo\/image\/"}},{"@type":"Person","@id":"http:\/\/maismagazine.pt\/#\/schema\/person\/c6c5bfccc886434cbd11c74e035f9646","name":"Tiago Costa","image":{"@type":"ImageObject","inLanguage":"pt-PT","@id":"http:\/\/maismagazine.pt\/#\/schema\/person\/image\/","url":"https:\/\/secure.gravatar.com\/avatar\/c599b2bce16c9870429198cbad5ee022?s=96&d=mm&r=g","contentUrl":"https:\/\/secure.gravatar.com\/avatar\/c599b2bce16c9870429198cbad5ee022?s=96&d=mm&r=g","caption":"Tiago Costa"},"url":"http:\/\/maismagazine.pt\/index.php\/author\/tiago\/"}]}},"author_meta":{"display_name":false,"author_link":"http:\/\/maismagazine.pt\/index.php\/author\/tiago\/"},"featured_img":"http:\/\/maismagazine.pt\/wp-content\/uploads\/2025\/11\/EXPO_TERESA-300x169.png","coauthors":[],"tax_additional":{"categories":{"linked":["<a href=\"http:\/\/maismagazine.pt\/index.php\/category\/noticias\/\" class=\"advgb-post-tax-term\">Not\u00edcias<\/a>"],"unlinked":["<span class=\"advgb-post-tax-term\">Not\u00edcias<\/span>"]},"tags":{"linked":["<a href=\"http:\/\/maismagazine.pt\/index.php\/category\/noticias\/\" class=\"advgb-post-tax-term\">F\u00e1brica da Criatividade<\/a>"],"unlinked":["<span class=\"advgb-post-tax-term\">F\u00e1brica da Criatividade<\/span>"]}},"comment_count":"0","relative_dates":{"created":"Posted 5 meses ago","modified":"Updated 5 meses ago"},"absolute_dates":{"created":"Posted on 28 de Novembro, 2025","modified":"Updated on 28 de Novembro, 2025"},"absolute_dates_time":{"created":"Posted on 28 de Novembro, 2025 9:48","modified":"Updated on 28 de Novembro, 2025 15:17"},"featured_img_caption":"","series_order":"","_links":{"self":[{"href":"http:\/\/maismagazine.pt\/index.php\/wp-json\/wp\/v2\/posts\/13146","targetHints":{"allow":["GET"]}}],"collection":[{"href":"http:\/\/maismagazine.pt\/index.php\/wp-json\/wp\/v2\/posts"}],"about":[{"href":"http:\/\/maismagazine.pt\/index.php\/wp-json\/wp\/v2\/types\/post"}],"author":[{"embeddable":true,"href":"http:\/\/maismagazine.pt\/index.php\/wp-json\/wp\/v2\/users\/17"}],"replies":[{"embeddable":true,"href":"http:\/\/maismagazine.pt\/index.php\/wp-json\/wp\/v2\/comments?post=13146"}],"version-history":[{"count":1,"href":"http:\/\/maismagazine.pt\/index.php\/wp-json\/wp\/v2\/posts\/13146\/revisions"}],"predecessor-version":[{"id":13148,"href":"http:\/\/maismagazine.pt\/index.php\/wp-json\/wp\/v2\/posts\/13146\/revisions\/13148"}],"wp:featuredmedia":[{"embeddable":true,"href":"http:\/\/maismagazine.pt\/index.php\/wp-json\/wp\/v2\/media\/13147"}],"wp:attachment":[{"href":"http:\/\/maismagazine.pt\/index.php\/wp-json\/wp\/v2\/media?parent=13146"}],"wp:term":[{"taxonomy":"category","embeddable":true,"href":"http:\/\/maismagazine.pt\/index.php\/wp-json\/wp\/v2\/categories?post=13146"},{"taxonomy":"post_tag","embeddable":true,"href":"http:\/\/maismagazine.pt\/index.php\/wp-json\/wp\/v2\/tags?post=13146"}],"curies":[{"name":"wp","href":"https:\/\/api.w.org\/{rel}","templated":true}]}}