{"id":13144,"date":"2025-11-27T09:50:26","date_gmt":"2025-11-27T09:50:26","guid":{"rendered":"https:\/\/maismagazine.pt\/?p=13144"},"modified":"2025-11-27T09:50:32","modified_gmt":"2025-11-27T09:50:32","slug":"portugal-mantem-trajetoria-positiva-mas-necessita-reforcar-areas-chave","status":"publish","type":"post","link":"http:\/\/maismagazine.pt\/index.php\/2025\/11\/27\/portugal-mantem-trajetoria-positiva-mas-necessita-reforcar-areas-chave\/","title":{"rendered":"Portugal mant\u00e9m trajet\u00f3ria positiva, mas necessita refor\u00e7ar \u00e1reas-chave"},"content":{"rendered":"\n<p><em>Relat\u00f3rio do Tribunal de Contas Europeu identifica desafios para o cumprimento das metas de res\u00edduos urbanos na UE<\/em><\/p>\n\n\n\n<p><\/p>\n\n\n\n<p><strong>O Tribunal de Contas Europeu (TCE) publicou o Relat\u00f3rio Especial 23\/2025, dedicado \u00e0 gest\u00e3o de res\u00edduos urbanos na Uni\u00e3o Europeia, no qual identifica os principais constrangimentos que t\u00eam dificultado o cumprimento das metas comunit\u00e1rias. O documento apresenta tamb\u00e9m um conjunto de recomenda\u00e7\u00f5es dirigidas \u00e0 Comiss\u00e3o Europeia, visando refor\u00e7ar o apoio aos Estados-Membros.<\/strong><\/p>\n\n\n\n<p><\/p>\n\n\n\n<p><strong>Principais recomenda\u00e7\u00f5es do Tribunal de Contas Europeu<\/strong><\/p>\n\n\n\n<p>O TCE aponta tr\u00eas eixos de atua\u00e7\u00e3o priorit\u00e1rios:<\/p>\n\n\n\n<ul class=\"wp-block-list\">\n<li>Responder aos desafios do mercado da reciclagem, promovendo a viabilidade econ\u00f3mica da economia circular e identificando barreiras \u00e0 valoriza\u00e7\u00e3o de materiais;<\/li>\n\n\n\n<li>Refor\u00e7ar os mecanismos de acompanhamento e aplica\u00e7\u00e3o da legisla\u00e7\u00e3o, garantindo a\u00e7\u00f5es por infra\u00e7\u00e3o em tempo \u00fatil, visitas t\u00e9cnicas aos Estados-Membros e avalia\u00e7\u00f5es dentro dos prazos legais;<\/li>\n\n\n\n<li>Avaliar a harmoniza\u00e7\u00e3o das taxas de deposi\u00e7\u00e3o em aterro e incinera\u00e7\u00e3o, ponderando custos, benef\u00edcios e a sua viabilidade a n\u00edvel europeu.<\/li>\n<\/ul>\n\n\n\n<p><\/p>\n\n\n\n<p><strong>Estados-Membros analisados e principais constrangimentos<\/strong><\/p>\n\n\n\n<p><\/p>\n\n\n\n<p>A auditoria abrangeu Gr\u00e9cia, Pol\u00f3nia, Portugal e Rom\u00e9nia e avaliou o cumprimento das metas europeias para 2025 durante o per\u00edodo 2010\u20132023.<\/p>\n\n\n\n<p><\/p>\n\n\n\n<p>Entre os fatores que mais contribuem para o risco de incumprimento, o TCE destaca:<\/p>\n\n\n\n<ul class=\"wp-block-list\">\n<li> aumento da produ\u00e7\u00e3o de res\u00edduos;<\/li>\n\n\n\n<li>insufici\u00eancia de infraestruturas e de financiamento;<\/li>\n\n\n\n<li>recolha seletiva ainda limitada;<\/li>\n\n\n\n<li>aplica\u00e7\u00e3o insuficiente de instrumentos econ\u00f3micos, incluindo a responsabilidade alargada do produtor;<\/li>\n\n\n\n<li>aus\u00eancia ou atraso nos sistemas de dep\u00f3sito e reembolso (SDR);<\/li>\n\n\n\n<li>atrasos na execu\u00e7\u00e3o de projetos financiados;<\/li>\n\n\n\n<li>recupera\u00e7\u00e3o incompleta dos custos da gest\u00e3o de res\u00edduos, com PAYT ainda pouco disseminado.<\/li>\n<\/ul>\n\n\n\n<p><\/p>\n\n\n\n<p><strong>Conclus\u00f5es relativas a Portugal<\/strong><\/p>\n\n\n\n<p>A auditoria decorreu em maio de 2024, envolvendo a APA, ERSAR, Sustent\u00e1vel 2030 e quatro sistemas de gest\u00e3o de res\u00edduos urbanos.<\/p>\n\n\n\n<p><\/p>\n\n\n\n<p>O relat\u00f3rio reconhece:<\/p>\n\n\n\n<ul class=\"wp-block-list\">\n<li>o progresso significativo alcan\u00e7ado por Portugal na gest\u00e3o de res\u00edduos;<\/li>\n\n\n\n<li>a implementa\u00e7\u00e3o consistente da responsabilidade alargada do produtor<\/li>\n\n\n\n<li> o refor\u00e7o do envolvimento dos munic\u00edpios e operadores na recolha seletiva;<\/li>\n\n\n\n<li>a necessidade de matura\u00e7\u00e3o das medidas recentemente adotadas.<\/li>\n<\/ul>\n\n\n\n<p><\/p>\n\n\n\n<p><\/p>\n\n\n\n<p><strong>Recolha seletiva e sensibiliza\u00e7\u00e3o<\/strong><\/p>\n\n\n\n<p>O TCE confirma que Portugal transp\u00f4s as obriga\u00e7\u00f5es europeias relativas \u00e0 recolha seletiva de multimaterial, biorres\u00edduos e t\u00eaxteis.<\/p>\n\n\n\n<p>No entanto, sublinha que o sucesso destas medidas depende da participa\u00e7\u00e3o ativa de cidad\u00e3os e empresas, destacando igualmente a campanha nacional de sensibiliza\u00e7\u00e3o prevista para o final de 2025, com enfoque nos biorres\u00edduos.<\/p>\n\n\n\n<p><\/p>\n\n\n\n<p><strong>Instrumentos econ\u00f3micos<\/strong><\/p>\n\n\n\n<p>O relat\u00f3rio evidencia:<\/p>\n\n\n\n<ul class=\"wp-block-list\">\n<li>resultados positivos em territ\u00f3rios onde existe PAYT;<\/li>\n\n\n\n<li>recupera\u00e7\u00e3o tarif\u00e1ria m\u00e9dia ainda inferior a 70%;<\/li>\n\n\n\n<li>taxa de gest\u00e3o de res\u00edduos abaixo da m\u00e9dia europeia;<\/li>\n\n\n\n<li>necessidade de refor\u00e7o dos regimes de responsabilidade alargada do produtor;<\/li>\n\n\n\n<li>entrada em funcionamento do SDR prevista para 2026.<\/li>\n<\/ul>\n\n\n\n<p><\/p>\n\n\n\n<p><strong>Execu\u00e7\u00e3o de projetos e financiamento<\/strong><\/p>\n\n\n\n<p>Apesar dos atrasos registados na execu\u00e7\u00e3o de v\u00e1rios projetos nacionais, Portugal j\u00e1 procedeu ao levantamento das necessidades do setor e disp\u00f5e de linhas de financiamento ativas, atrav\u00e9s dos PO Regionais, Fundo Ambiental, PRR e Sustent\u00e1vel 2030 \u2014 totalizando mais de 300 M\u20ac orientados para investimentos em recolha e tratamento.<\/p>\n\n\n\n<p><\/p>\n\n\n\n<p><strong>Planeamento e capacidade<\/strong><\/p>\n\n\n\n<p>Embora o relat\u00f3rio aponte poss\u00edveis subestima\u00e7\u00f5es da produ\u00e7\u00e3o nacional de res\u00edduos, os instrumentos de planeamento \u2014 PERSU 2030, PAPERSU e PAEC 2030 \u2014 incluem medidas de preven\u00e7\u00e3o e de desacoplamento, com o objetivo de estabilizar a produ\u00e7\u00e3o at\u00e9 2030.<\/p>\n\n\n\n<p><\/p>\n\n\n\n<p><strong>Conclus\u00e3o<\/strong><\/p>\n\n\n\n<p>O Relat\u00f3rio Especial 23\/2025 confirma que, apesar do percurso positivo e reconhecido de Portugal, persistem desafios estruturais que exigem continuidade e refor\u00e7o das pol\u00edticas em curso.<\/p>\n\n\n\n<p>A consolida\u00e7\u00e3o da recolha seletiva, o fortalecimento dos instrumentos econ\u00f3micos, a melhoria da execu\u00e7\u00e3o dos projetos e o refor\u00e7o da participa\u00e7\u00e3o da popula\u00e7\u00e3o ser\u00e3o determinantes para assegurar o cumprimento das metas europeias.<\/p>\n\n\n\n<p>Portugal encontra-se, assim, numa trajet\u00f3ria de progresso consistente, mas que requer acelera\u00e7\u00e3o e aprofundamento das medidas definidas, garantindo uma gest\u00e3o de res\u00edduos mais eficiente, sustent\u00e1vel e alinhada com os objetivos da Uni\u00e3o Europeia.<\/p>\n","protected":false},"excerpt":{"rendered":"<p>Relat\u00f3rio do Tribunal de Contas Europeu identifica desafios para o cumprimento das metas de res\u00edduos urbanos na UE O Tribunal de Contas Europeu (TCE) publicou o Relat\u00f3rio Especial 23\/2025, dedicado \u00e0 gest\u00e3o de res\u00edduos urbanos na Uni\u00e3o Europeia, no qual identifica os principais constrangimentos que t\u00eam dificultado o cumprimento das&hellip;<\/p>\n","protected":false},"author":17,"featured_media":11632,"comment_status":"closed","ping_status":"open","sticky":false,"template":"","format":"standard","meta":{"advgb_blocks_editor_width":"","advgb_blocks_columns_visual_guide":"","_monsterinsights_skip_tracking":false,"_monsterinsights_sitenote_active":false,"_monsterinsights_sitenote_note":"","_monsterinsights_sitenote_category":0,"footnotes":""},"categories":[7],"tags":[1921],"class_list":["post-13144","post","type-post","status-publish","format-standard","has-post-thumbnail","hentry","category-noticias","tag-apa"],"yoast_head":"<!-- This site is optimized with the Yoast SEO plugin v24.4 - https:\/\/yoast.com\/wordpress\/plugins\/seo\/ -->\n<title>Portugal mant\u00e9m trajet\u00f3ria positiva, mas necessita refor\u00e7ar \u00e1reas-chave - Mais Magazine<\/title>\n<meta name=\"description\" content=\"O Tribunal de Contas Europeu (TCE) publicou o Relat\u00f3rio Especial 23\/2025, dedicado \u00e0 gest\u00e3o de res\u00edduos urbanos na Uni\u00e3o Europeia, no qual identifica os principais constrangimentos que t\u00eam dificultado o cumprimento das metas comunit\u00e1rias. O documento apresenta tamb\u00e9m um conjunto de recomenda\u00e7\u00f5es dirigidas \u00e0 Comiss\u00e3o Europeia, visando refor\u00e7ar o apoio aos Estados-Membros.\" \/>\n<meta name=\"robots\" content=\"index, follow, max-snippet:-1, max-image-preview:large, max-video-preview:-1\" \/>\n<link rel=\"canonical\" href=\"https:\/\/maismagazine.pt\/index.php\/2025\/11\/27\/portugal-mantem-trajetoria-positiva-mas-necessita-reforcar-areas-chave\/\" \/>\n<meta property=\"og:locale\" content=\"pt_PT\" \/>\n<meta property=\"og:type\" content=\"article\" \/>\n<meta property=\"og:title\" content=\"Portugal mant\u00e9m trajet\u00f3ria positiva, mas necessita refor\u00e7ar \u00e1reas-chave - Mais Magazine\" \/>\n<meta property=\"og:description\" content=\"O Tribunal de Contas Europeu (TCE) publicou o Relat\u00f3rio Especial 23\/2025, dedicado \u00e0 gest\u00e3o de res\u00edduos urbanos na Uni\u00e3o Europeia, no qual identifica os principais constrangimentos que t\u00eam dificultado o cumprimento das metas comunit\u00e1rias. O documento apresenta tamb\u00e9m um conjunto de recomenda\u00e7\u00f5es dirigidas \u00e0 Comiss\u00e3o Europeia, visando refor\u00e7ar o apoio aos Estados-Membros.\" \/>\n<meta property=\"og:url\" content=\"https:\/\/maismagazine.pt\/index.php\/2025\/11\/27\/portugal-mantem-trajetoria-positiva-mas-necessita-reforcar-areas-chave\/\" \/>\n<meta property=\"og:site_name\" content=\"Mais Magazine\" \/>\n<meta property=\"article:published_time\" content=\"2025-11-27T09:50:26+00:00\" \/>\n<meta property=\"article:modified_time\" content=\"2025-11-27T09:50:32+00:00\" \/>\n<meta property=\"og:image\" content=\"https:\/\/maismagazine.pt\/wp-content\/uploads\/2025\/03\/logotipo-apa_principal.jpg\" \/>\n\t<meta property=\"og:image:width\" content=\"1839\" \/>\n\t<meta property=\"og:image:height\" content=\"915\" \/>\n\t<meta property=\"og:image:type\" content=\"image\/jpeg\" \/>\n<meta name=\"author\" content=\"Tiago Costa\" \/>\n<meta name=\"twitter:card\" content=\"summary_large_image\" \/>\n<meta name=\"twitter:label1\" content=\"Escrito por\" \/>\n\t<meta name=\"twitter:data1\" content=\"\" \/>\n\t<meta name=\"twitter:label2\" content=\"Tempo estimado de leitura\" \/>\n\t<meta name=\"twitter:data2\" content=\"4 minutos\" \/>\n<script type=\"application\/ld+json\" class=\"yoast-schema-graph\">{\"@context\":\"https:\/\/schema.org\",\"@graph\":[{\"@type\":\"Article\",\"@id\":\"https:\/\/maismagazine.pt\/index.php\/2025\/11\/27\/portugal-mantem-trajetoria-positiva-mas-necessita-reforcar-areas-chave\/#article\",\"isPartOf\":{\"@id\":\"https:\/\/maismagazine.pt\/index.php\/2025\/11\/27\/portugal-mantem-trajetoria-positiva-mas-necessita-reforcar-areas-chave\/\"},\"author\":{\"name\":\"Tiago Costa\",\"@id\":\"http:\/\/maismagazine.pt\/#\/schema\/person\/c6c5bfccc886434cbd11c74e035f9646\"},\"headline\":\"Portugal mant\u00e9m trajet\u00f3ria positiva, mas necessita refor\u00e7ar \u00e1reas-chave\",\"datePublished\":\"2025-11-27T09:50:26+00:00\",\"dateModified\":\"2025-11-27T09:50:32+00:00\",\"mainEntityOfPage\":{\"@id\":\"https:\/\/maismagazine.pt\/index.php\/2025\/11\/27\/portugal-mantem-trajetoria-positiva-mas-necessita-reforcar-areas-chave\/\"},\"wordCount\":698,\"publisher\":{\"@id\":\"http:\/\/maismagazine.pt\/#organization\"},\"image\":{\"@id\":\"https:\/\/maismagazine.pt\/index.php\/2025\/11\/27\/portugal-mantem-trajetoria-positiva-mas-necessita-reforcar-areas-chave\/#primaryimage\"},\"thumbnailUrl\":\"http:\/\/maismagazine.pt\/wp-content\/uploads\/2025\/03\/logotipo-apa_principal.jpg\",\"keywords\":[\"APA\"],\"articleSection\":[\"Not\u00edcias\"],\"inLanguage\":\"pt-PT\"},{\"@type\":\"WebPage\",\"@id\":\"https:\/\/maismagazine.pt\/index.php\/2025\/11\/27\/portugal-mantem-trajetoria-positiva-mas-necessita-reforcar-areas-chave\/\",\"url\":\"https:\/\/maismagazine.pt\/index.php\/2025\/11\/27\/portugal-mantem-trajetoria-positiva-mas-necessita-reforcar-areas-chave\/\",\"name\":\"Portugal mant\u00e9m trajet\u00f3ria positiva, mas necessita refor\u00e7ar \u00e1reas-chave - Mais Magazine\",\"isPartOf\":{\"@id\":\"http:\/\/maismagazine.pt\/#website\"},\"primaryImageOfPage\":{\"@id\":\"https:\/\/maismagazine.pt\/index.php\/2025\/11\/27\/portugal-mantem-trajetoria-positiva-mas-necessita-reforcar-areas-chave\/#primaryimage\"},\"image\":{\"@id\":\"https:\/\/maismagazine.pt\/index.php\/2025\/11\/27\/portugal-mantem-trajetoria-positiva-mas-necessita-reforcar-areas-chave\/#primaryimage\"},\"thumbnailUrl\":\"http:\/\/maismagazine.pt\/wp-content\/uploads\/2025\/03\/logotipo-apa_principal.jpg\",\"datePublished\":\"2025-11-27T09:50:26+00:00\",\"dateModified\":\"2025-11-27T09:50:32+00:00\",\"description\":\"O Tribunal de Contas Europeu (TCE) publicou o Relat\u00f3rio Especial 23\/2025, dedicado \u00e0 gest\u00e3o de res\u00edduos urbanos na Uni\u00e3o Europeia, no qual identifica os principais constrangimentos que t\u00eam dificultado o cumprimento das metas comunit\u00e1rias. O documento apresenta tamb\u00e9m um conjunto de recomenda\u00e7\u00f5es dirigidas \u00e0 Comiss\u00e3o Europeia, visando refor\u00e7ar o apoio aos Estados-Membros.\",\"breadcrumb\":{\"@id\":\"https:\/\/maismagazine.pt\/index.php\/2025\/11\/27\/portugal-mantem-trajetoria-positiva-mas-necessita-reforcar-areas-chave\/#breadcrumb\"},\"inLanguage\":\"pt-PT\",\"potentialAction\":[{\"@type\":\"ReadAction\",\"target\":[\"https:\/\/maismagazine.pt\/index.php\/2025\/11\/27\/portugal-mantem-trajetoria-positiva-mas-necessita-reforcar-areas-chave\/\"]}]},{\"@type\":\"ImageObject\",\"inLanguage\":\"pt-PT\",\"@id\":\"https:\/\/maismagazine.pt\/index.php\/2025\/11\/27\/portugal-mantem-trajetoria-positiva-mas-necessita-reforcar-areas-chave\/#primaryimage\",\"url\":\"http:\/\/maismagazine.pt\/wp-content\/uploads\/2025\/03\/logotipo-apa_principal.jpg\",\"contentUrl\":\"http:\/\/maismagazine.pt\/wp-content\/uploads\/2025\/03\/logotipo-apa_principal.jpg\",\"width\":1839,\"height\":915},{\"@type\":\"BreadcrumbList\",\"@id\":\"https:\/\/maismagazine.pt\/index.php\/2025\/11\/27\/portugal-mantem-trajetoria-positiva-mas-necessita-reforcar-areas-chave\/#breadcrumb\",\"itemListElement\":[{\"@type\":\"ListItem\",\"position\":1,\"name\":\"Home\",\"item\":\"http:\/\/maismagazine.pt\/\"},{\"@type\":\"ListItem\",\"position\":2,\"name\":\"Portugal mant\u00e9m trajet\u00f3ria positiva, mas necessita refor\u00e7ar \u00e1reas-chave\"}]},{\"@type\":\"WebSite\",\"@id\":\"http:\/\/maismagazine.pt\/#website\",\"url\":\"http:\/\/maismagazine.pt\/\",\"name\":\"Mais Magazine\",\"description\":\"\",\"publisher\":{\"@id\":\"http:\/\/maismagazine.pt\/#organization\"},\"potentialAction\":[{\"@type\":\"SearchAction\",\"target\":{\"@type\":\"EntryPoint\",\"urlTemplate\":\"http:\/\/maismagazine.pt\/?s={search_term_string}\"},\"query-input\":{\"@type\":\"PropertyValueSpecification\",\"valueRequired\":true,\"valueName\":\"search_term_string\"}}],\"inLanguage\":\"pt-PT\"},{\"@type\":\"Organization\",\"@id\":\"http:\/\/maismagazine.pt\/#organization\",\"name\":\"Mais Magazine\",\"url\":\"http:\/\/maismagazine.pt\/\",\"logo\":{\"@type\":\"ImageObject\",\"inLanguage\":\"pt-PT\",\"@id\":\"http:\/\/maismagazine.pt\/#\/schema\/logo\/image\/\",\"url\":\"http:\/\/maismagazine.pt\/wp-content\/uploads\/2020\/04\/cropped-cropped-mais-magazine-site-logo-2.png\",\"contentUrl\":\"http:\/\/maismagazine.pt\/wp-content\/uploads\/2020\/04\/cropped-cropped-mais-magazine-site-logo-2.png\",\"width\":581,\"height\":90,\"caption\":\"Mais Magazine\"},\"image\":{\"@id\":\"http:\/\/maismagazine.pt\/#\/schema\/logo\/image\/\"}},{\"@type\":\"Person\",\"@id\":\"http:\/\/maismagazine.pt\/#\/schema\/person\/c6c5bfccc886434cbd11c74e035f9646\",\"name\":\"Tiago Costa\",\"image\":{\"@type\":\"ImageObject\",\"inLanguage\":\"pt-PT\",\"@id\":\"http:\/\/maismagazine.pt\/#\/schema\/person\/image\/\",\"url\":\"https:\/\/secure.gravatar.com\/avatar\/c599b2bce16c9870429198cbad5ee022?s=96&d=mm&r=g\",\"contentUrl\":\"https:\/\/secure.gravatar.com\/avatar\/c599b2bce16c9870429198cbad5ee022?s=96&d=mm&r=g\",\"caption\":\"Tiago Costa\"},\"url\":\"http:\/\/maismagazine.pt\/index.php\/author\/tiago\/\"}]}<\/script>\n<!-- \/ Yoast SEO plugin. -->","yoast_head_json":{"title":"Portugal mant\u00e9m trajet\u00f3ria positiva, mas necessita refor\u00e7ar \u00e1reas-chave - Mais Magazine","description":"O Tribunal de Contas Europeu (TCE) publicou o Relat\u00f3rio Especial 23\/2025, dedicado \u00e0 gest\u00e3o de res\u00edduos urbanos na Uni\u00e3o Europeia, no qual identifica os principais constrangimentos que t\u00eam dificultado o cumprimento das metas comunit\u00e1rias. O documento apresenta tamb\u00e9m um conjunto de recomenda\u00e7\u00f5es dirigidas \u00e0 Comiss\u00e3o Europeia, visando refor\u00e7ar o apoio aos Estados-Membros.","robots":{"index":"index","follow":"follow","max-snippet":"max-snippet:-1","max-image-preview":"max-image-preview:large","max-video-preview":"max-video-preview:-1"},"canonical":"https:\/\/maismagazine.pt\/index.php\/2025\/11\/27\/portugal-mantem-trajetoria-positiva-mas-necessita-reforcar-areas-chave\/","og_locale":"pt_PT","og_type":"article","og_title":"Portugal mant\u00e9m trajet\u00f3ria positiva, mas necessita refor\u00e7ar \u00e1reas-chave - Mais Magazine","og_description":"O Tribunal de Contas Europeu (TCE) publicou o Relat\u00f3rio Especial 23\/2025, dedicado \u00e0 gest\u00e3o de res\u00edduos urbanos na Uni\u00e3o Europeia, no qual identifica os principais constrangimentos que t\u00eam dificultado o cumprimento das metas comunit\u00e1rias. O documento apresenta tamb\u00e9m um conjunto de recomenda\u00e7\u00f5es dirigidas \u00e0 Comiss\u00e3o Europeia, visando refor\u00e7ar o apoio aos Estados-Membros.","og_url":"https:\/\/maismagazine.pt\/index.php\/2025\/11\/27\/portugal-mantem-trajetoria-positiva-mas-necessita-reforcar-areas-chave\/","og_site_name":"Mais Magazine","article_published_time":"2025-11-27T09:50:26+00:00","article_modified_time":"2025-11-27T09:50:32+00:00","og_image":[{"width":1839,"height":915,"url":"https:\/\/maismagazine.pt\/wp-content\/uploads\/2025\/03\/logotipo-apa_principal.jpg","type":"image\/jpeg"}],"author":"Tiago Costa","twitter_card":"summary_large_image","twitter_misc":{"Escrito por":false,"Tempo estimado de leitura":"4 minutos"},"schema":{"@context":"https:\/\/schema.org","@graph":[{"@type":"Article","@id":"https:\/\/maismagazine.pt\/index.php\/2025\/11\/27\/portugal-mantem-trajetoria-positiva-mas-necessita-reforcar-areas-chave\/#article","isPartOf":{"@id":"https:\/\/maismagazine.pt\/index.php\/2025\/11\/27\/portugal-mantem-trajetoria-positiva-mas-necessita-reforcar-areas-chave\/"},"author":{"name":"Tiago Costa","@id":"http:\/\/maismagazine.pt\/#\/schema\/person\/c6c5bfccc886434cbd11c74e035f9646"},"headline":"Portugal mant\u00e9m trajet\u00f3ria positiva, mas necessita refor\u00e7ar \u00e1reas-chave","datePublished":"2025-11-27T09:50:26+00:00","dateModified":"2025-11-27T09:50:32+00:00","mainEntityOfPage":{"@id":"https:\/\/maismagazine.pt\/index.php\/2025\/11\/27\/portugal-mantem-trajetoria-positiva-mas-necessita-reforcar-areas-chave\/"},"wordCount":698,"publisher":{"@id":"http:\/\/maismagazine.pt\/#organization"},"image":{"@id":"https:\/\/maismagazine.pt\/index.php\/2025\/11\/27\/portugal-mantem-trajetoria-positiva-mas-necessita-reforcar-areas-chave\/#primaryimage"},"thumbnailUrl":"http:\/\/maismagazine.pt\/wp-content\/uploads\/2025\/03\/logotipo-apa_principal.jpg","keywords":["APA"],"articleSection":["Not\u00edcias"],"inLanguage":"pt-PT"},{"@type":"WebPage","@id":"https:\/\/maismagazine.pt\/index.php\/2025\/11\/27\/portugal-mantem-trajetoria-positiva-mas-necessita-reforcar-areas-chave\/","url":"https:\/\/maismagazine.pt\/index.php\/2025\/11\/27\/portugal-mantem-trajetoria-positiva-mas-necessita-reforcar-areas-chave\/","name":"Portugal mant\u00e9m trajet\u00f3ria positiva, mas necessita refor\u00e7ar \u00e1reas-chave - Mais Magazine","isPartOf":{"@id":"http:\/\/maismagazine.pt\/#website"},"primaryImageOfPage":{"@id":"https:\/\/maismagazine.pt\/index.php\/2025\/11\/27\/portugal-mantem-trajetoria-positiva-mas-necessita-reforcar-areas-chave\/#primaryimage"},"image":{"@id":"https:\/\/maismagazine.pt\/index.php\/2025\/11\/27\/portugal-mantem-trajetoria-positiva-mas-necessita-reforcar-areas-chave\/#primaryimage"},"thumbnailUrl":"http:\/\/maismagazine.pt\/wp-content\/uploads\/2025\/03\/logotipo-apa_principal.jpg","datePublished":"2025-11-27T09:50:26+00:00","dateModified":"2025-11-27T09:50:32+00:00","description":"O Tribunal de Contas Europeu (TCE) publicou o Relat\u00f3rio Especial 23\/2025, dedicado \u00e0 gest\u00e3o de res\u00edduos urbanos na Uni\u00e3o Europeia, no qual identifica os principais constrangimentos que t\u00eam dificultado o cumprimento das metas comunit\u00e1rias. O documento apresenta tamb\u00e9m um conjunto de recomenda\u00e7\u00f5es dirigidas \u00e0 Comiss\u00e3o Europeia, visando refor\u00e7ar o apoio aos Estados-Membros.","breadcrumb":{"@id":"https:\/\/maismagazine.pt\/index.php\/2025\/11\/27\/portugal-mantem-trajetoria-positiva-mas-necessita-reforcar-areas-chave\/#breadcrumb"},"inLanguage":"pt-PT","potentialAction":[{"@type":"ReadAction","target":["https:\/\/maismagazine.pt\/index.php\/2025\/11\/27\/portugal-mantem-trajetoria-positiva-mas-necessita-reforcar-areas-chave\/"]}]},{"@type":"ImageObject","inLanguage":"pt-PT","@id":"https:\/\/maismagazine.pt\/index.php\/2025\/11\/27\/portugal-mantem-trajetoria-positiva-mas-necessita-reforcar-areas-chave\/#primaryimage","url":"http:\/\/maismagazine.pt\/wp-content\/uploads\/2025\/03\/logotipo-apa_principal.jpg","contentUrl":"http:\/\/maismagazine.pt\/wp-content\/uploads\/2025\/03\/logotipo-apa_principal.jpg","width":1839,"height":915},{"@type":"BreadcrumbList","@id":"https:\/\/maismagazine.pt\/index.php\/2025\/11\/27\/portugal-mantem-trajetoria-positiva-mas-necessita-reforcar-areas-chave\/#breadcrumb","itemListElement":[{"@type":"ListItem","position":1,"name":"Home","item":"http:\/\/maismagazine.pt\/"},{"@type":"ListItem","position":2,"name":"Portugal mant\u00e9m trajet\u00f3ria positiva, mas necessita refor\u00e7ar \u00e1reas-chave"}]},{"@type":"WebSite","@id":"http:\/\/maismagazine.pt\/#website","url":"http:\/\/maismagazine.pt\/","name":"Mais Magazine","description":"","publisher":{"@id":"http:\/\/maismagazine.pt\/#organization"},"potentialAction":[{"@type":"SearchAction","target":{"@type":"EntryPoint","urlTemplate":"http:\/\/maismagazine.pt\/?s={search_term_string}"},"query-input":{"@type":"PropertyValueSpecification","valueRequired":true,"valueName":"search_term_string"}}],"inLanguage":"pt-PT"},{"@type":"Organization","@id":"http:\/\/maismagazine.pt\/#organization","name":"Mais Magazine","url":"http:\/\/maismagazine.pt\/","logo":{"@type":"ImageObject","inLanguage":"pt-PT","@id":"http:\/\/maismagazine.pt\/#\/schema\/logo\/image\/","url":"http:\/\/maismagazine.pt\/wp-content\/uploads\/2020\/04\/cropped-cropped-mais-magazine-site-logo-2.png","contentUrl":"http:\/\/maismagazine.pt\/wp-content\/uploads\/2020\/04\/cropped-cropped-mais-magazine-site-logo-2.png","width":581,"height":90,"caption":"Mais Magazine"},"image":{"@id":"http:\/\/maismagazine.pt\/#\/schema\/logo\/image\/"}},{"@type":"Person","@id":"http:\/\/maismagazine.pt\/#\/schema\/person\/c6c5bfccc886434cbd11c74e035f9646","name":"Tiago Costa","image":{"@type":"ImageObject","inLanguage":"pt-PT","@id":"http:\/\/maismagazine.pt\/#\/schema\/person\/image\/","url":"https:\/\/secure.gravatar.com\/avatar\/c599b2bce16c9870429198cbad5ee022?s=96&d=mm&r=g","contentUrl":"https:\/\/secure.gravatar.com\/avatar\/c599b2bce16c9870429198cbad5ee022?s=96&d=mm&r=g","caption":"Tiago Costa"},"url":"http:\/\/maismagazine.pt\/index.php\/author\/tiago\/"}]}},"author_meta":{"display_name":false,"author_link":"http:\/\/maismagazine.pt\/index.php\/author\/tiago\/"},"featured_img":"http:\/\/maismagazine.pt\/wp-content\/uploads\/2025\/03\/logotipo-apa_principal-300x149.jpg","coauthors":[],"tax_additional":{"categories":{"linked":["<a href=\"http:\/\/maismagazine.pt\/index.php\/category\/noticias\/\" class=\"advgb-post-tax-term\">Not\u00edcias<\/a>"],"unlinked":["<span class=\"advgb-post-tax-term\">Not\u00edcias<\/span>"]},"tags":{"linked":["<a href=\"http:\/\/maismagazine.pt\/index.php\/category\/noticias\/\" class=\"advgb-post-tax-term\">APA<\/a>"],"unlinked":["<span class=\"advgb-post-tax-term\">APA<\/span>"]}},"comment_count":"0","relative_dates":{"created":"Posted 5 meses ago","modified":"Updated 5 meses ago"},"absolute_dates":{"created":"Posted on 27 de Novembro, 2025","modified":"Updated on 27 de Novembro, 2025"},"absolute_dates_time":{"created":"Posted on 27 de Novembro, 2025 9:50","modified":"Updated on 27 de Novembro, 2025 9:50"},"featured_img_caption":"","series_order":"","_links":{"self":[{"href":"http:\/\/maismagazine.pt\/index.php\/wp-json\/wp\/v2\/posts\/13144","targetHints":{"allow":["GET"]}}],"collection":[{"href":"http:\/\/maismagazine.pt\/index.php\/wp-json\/wp\/v2\/posts"}],"about":[{"href":"http:\/\/maismagazine.pt\/index.php\/wp-json\/wp\/v2\/types\/post"}],"author":[{"embeddable":true,"href":"http:\/\/maismagazine.pt\/index.php\/wp-json\/wp\/v2\/users\/17"}],"replies":[{"embeddable":true,"href":"http:\/\/maismagazine.pt\/index.php\/wp-json\/wp\/v2\/comments?post=13144"}],"version-history":[{"count":1,"href":"http:\/\/maismagazine.pt\/index.php\/wp-json\/wp\/v2\/posts\/13144\/revisions"}],"predecessor-version":[{"id":13145,"href":"http:\/\/maismagazine.pt\/index.php\/wp-json\/wp\/v2\/posts\/13144\/revisions\/13145"}],"wp:featuredmedia":[{"embeddable":true,"href":"http:\/\/maismagazine.pt\/index.php\/wp-json\/wp\/v2\/media\/11632"}],"wp:attachment":[{"href":"http:\/\/maismagazine.pt\/index.php\/wp-json\/wp\/v2\/media?parent=13144"}],"wp:term":[{"taxonomy":"category","embeddable":true,"href":"http:\/\/maismagazine.pt\/index.php\/wp-json\/wp\/v2\/categories?post=13144"},{"taxonomy":"post_tag","embeddable":true,"href":"http:\/\/maismagazine.pt\/index.php\/wp-json\/wp\/v2\/tags?post=13144"}],"curies":[{"name":"wp","href":"https:\/\/api.w.org\/{rel}","templated":true}]}}