{"id":13075,"date":"2025-11-21T07:00:00","date_gmt":"2025-11-21T07:00:00","guid":{"rendered":"https:\/\/maismagazine.pt\/?p=13075"},"modified":"2025-11-17T11:37:51","modified_gmt":"2025-11-17T11:37:51","slug":"instituto-nunalvres-educar-com-excelencia-servir-com-proposito","status":"publish","type":"post","link":"http:\/\/maismagazine.pt\/index.php\/2025\/11\/21\/instituto-nunalvres-educar-com-excelencia-servir-com-proposito\/","title":{"rendered":"Instituto Nun\u2019Alvres: Educar com excel\u00eancia, servir com prop\u00f3sito"},"content":{"rendered":"\n<p><strong>Com quase um s\u00e9culo de hist\u00f3ria, o <a href=\"http:\/\/www.institutonunalvres.pt\">Instituto Nun\u2019Alvres<\/a>, em Santo Tirso, afirma-se como uma refer\u00eancia educativa no Vale do Ave. Inspirado na Pedagogia Inaciana, o col\u00e9gio promove um ensino que alia a excel\u00eancia acad\u00e9mica \u00e0 forma\u00e7\u00e3o humana, espiritual e social, preparando os alunos para serem cidad\u00e3os comprometidos com o mundo e com os outros.<\/strong><\/p>\n\n\n\n<p><\/p>\n\n\n\n<p>O Instituto Nun\u2019Alvres (INA), institui\u00e7\u00e3o centen\u00e1ria de ensino da Companhia de Jesus, est\u00e1 instalado desde 1932 nas Caldas da Sa\u00fade, em Santo Tirso, sendo uma refer\u00eancia na regi\u00e3o do Vale do Ave pelo seu contributo para o desenvolvimento acad\u00e9mico de qualidade. Inserido no complexo educativo do Col\u00e9gio das Caldinhas, atualmente, o INA disp\u00f5e de uma oferta formativa que abrange todo o Ensino B\u00e1sico, os Cursos Cient\u00edfico-Human\u00edsticos e o Ensino Profissional, constituindo-se assim como um polo de integra\u00e7\u00e3o no mercado de trabalho, de difus\u00e3o cultural e, naturalmente, de evangeliza\u00e7\u00e3o, num estilo de ensino que forma os seus alunos de um modo que n\u00e3o pode descurar a sua dimens\u00e3o de crescimento pessoal, espiritual e de compromisso social. <\/p>\n\n\n\n<p><\/p>\n\n\n\n<p>Este crescimento integral \u00e9 acompanhado atrav\u00e9s da Pedagogia Inaciana, uma pedagogia entendida \u00e0 luz dos Exerc\u00edcios Espirituais de Santo In\u00e1cio de Loyola, orientada para os valores humanos e inspirada pela f\u00e9. <\/p>\n\n\n\n<p><\/p>\n\n\n\n<p>Desde muito novos, os alunos s\u00e3o estimulados para o desenvolvimento do pensamento cr\u00edtico e reflexivo, para o aprofundamento da sua interioridade e para o cuidado da casa comum, atrav\u00e9s de Oficinas de Projeto multidisciplinares. <\/p>\n\n\n<div class=\"wp-block-image\">\n<figure class=\"aligncenter size-large is-resized\"><img loading=\"lazy\" decoding=\"async\" width=\"1024\" height=\"683\" src=\"https:\/\/maismagazine.pt\/wp-content\/uploads\/2025\/11\/foto2_selecao-1-1024x683.jpg\" alt=\"\" class=\"wp-image-13077\" style=\"width:348px;height:auto\" srcset=\"http:\/\/maismagazine.pt\/wp-content\/uploads\/2025\/11\/foto2_selecao-1-1024x683.jpg 1024w, http:\/\/maismagazine.pt\/wp-content\/uploads\/2025\/11\/foto2_selecao-1-300x200.jpg 300w, http:\/\/maismagazine.pt\/wp-content\/uploads\/2025\/11\/foto2_selecao-1-768x512.jpg 768w, http:\/\/maismagazine.pt\/wp-content\/uploads\/2025\/11\/foto2_selecao-1-1536x1024.jpg 1536w, http:\/\/maismagazine.pt\/wp-content\/uploads\/2025\/11\/foto2_selecao-1-150x100.jpg 150w, http:\/\/maismagazine.pt\/wp-content\/uploads\/2025\/11\/foto2_selecao-1.jpg 2048w\" sizes=\"auto, (max-width: 1024px) 100vw, 1024px\" \/><\/figure><\/div>\n\n\n<p>O ensino destaca-se pela aten\u00e7\u00e3o individual a cada aluno e tudo \u00e9 pensado com um foco: o de contribuir para o desenvolvimento o mais completo poss\u00edvel dos dons e talentos de cada um, para que se tornem pessoas descentradas de si mesmas, preparadas para o servi\u00e7o e comprometidas com o bem comum. <\/p>\n\n\n\n<p><\/p>\n\n\n\n<p>De central import\u00e2ncia, a Pastoral assume uma dimens\u00e3o transversal, procurando ser, diariamente, o cora\u00e7\u00e3o do Col\u00e9gio. Atrav\u00e9s das diversas atividades propostas ao longo do ano, dirigidas a alunos e a educadores, como as ora\u00e7\u00f5es da manh\u00e3, os dias de reflex\u00e3o ou os campos de f\u00e9rias (Campin\u00e1cios), harmoniza-se o educar nas compet\u00eancias acad\u00e9micas com o educar do cora\u00e7\u00e3o e do esp\u00edrito. Tendo por base uma matriz crist\u00e3 e Jesus como modelo de vida, a Pastoral do INA tem uma a\u00e7\u00e3o comprometida com um encontro verdadeiro e profundo com o outro, para entender e acolher cada um como \u00e9, preparando-o, enquanto cidad\u00e3o global, para a diversidade do mundo atual. <\/p>\n\n\n\n<p><\/p>\n\n\n\n<p>A comunidade educativa \u00e9 ampla e participativa. Educadores e fam\u00edlias trabalham em articula\u00e7\u00e3o estreita, partilhando o mesmo prop\u00f3sito, o de promover o bem maior dos alunos, num ambiente de colabora\u00e7\u00e3o e cuidado m\u00fatuo. <\/p>\n\n\n\n<p><\/p>\n\n\n\n<p>Tamb\u00e9m os antigos alunos continuam a ser parte viva desta comunidade, regressando com frequ\u00eancia \u00e0 escola, especialmente nas grandes celebra\u00e7\u00f5es, como o Dia de S\u00e3o Nuno de Santa Maria, padroeiro do col\u00e9gio, e o Dia de Santo In\u00e1cio de Loyola. Estes s\u00e3o momentos que re\u00fanem diferentes gera\u00e7\u00f5es num mesmo esp\u00edrito de perten\u00e7a. <\/p>\n\n\n\n<p><\/p>\n\n\n\n<p>A Festa das Fam\u00edlias, dois dias em que a escola \u00e9 de todos e para todos, \u00e9 o ponto alto desta viv\u00eancia comunit\u00e1ria. Entre teatro, m\u00fasica, ci\u00eancia, desporto e partilha de projetos, celebra-se o talento de cada um, o dom e a alegria de ser parte desta comunidade educativa inaciana, que acolhe, envolve e transforma.<\/p>\n\n\n\n<p><\/p>\n\n\n<div class=\"wp-block-image\">\n<figure class=\"aligncenter size-full\"><img loading=\"lazy\" decoding=\"async\" width=\"225\" height=\"225\" src=\"https:\/\/maismagazine.pt\/wp-content\/uploads\/2025\/11\/images-4-1.png\" alt=\"\" class=\"wp-image-13078\" srcset=\"http:\/\/maismagazine.pt\/wp-content\/uploads\/2025\/11\/images-4-1.png 225w, http:\/\/maismagazine.pt\/wp-content\/uploads\/2025\/11\/images-4-1-150x150.png 150w\" sizes=\"auto, (max-width: 225px) 100vw, 225px\" \/><\/figure><\/div>\n\n\n<p><canvas width=\"995\" height=\"1405\"><\/canvas><\/p>\n","protected":false},"excerpt":{"rendered":"<p>Com quase um s\u00e9culo de hist\u00f3ria, o Instituto Nun\u2019Alvres, em Santo Tirso, afirma-se como uma refer\u00eancia educativa no Vale do Ave. Inspirado na Pedagogia Inaciana, o col\u00e9gio promove um ensino que alia a excel\u00eancia acad\u00e9mica \u00e0 forma\u00e7\u00e3o humana, espiritual e social, preparando os alunos para serem cidad\u00e3os comprometidos com o&hellip;<\/p>\n","protected":false},"author":18,"featured_media":13076,"comment_status":"closed","ping_status":"open","sticky":false,"template":"","format":"standard","meta":{"advgb_blocks_editor_width":"","advgb_blocks_columns_visual_guide":"","_monsterinsights_skip_tracking":false,"_monsterinsights_sitenote_active":false,"_monsterinsights_sitenote_note":"","_monsterinsights_sitenote_category":0,"footnotes":""},"categories":[149],"tags":[525,521,2506],"class_list":["post-13075","post","type-post","status-publish","format-standard","has-post-thumbnail","hentry","category-educacao","tag-educacao","tag-ensino","tag-instituto-nunalvres"],"yoast_head":"<!-- This site is optimized with the Yoast SEO plugin v24.4 - https:\/\/yoast.com\/wordpress\/plugins\/seo\/ -->\n<title>Instituto Nun\u2019Alvres: Educar com excel\u00eancia, servir com prop\u00f3sito - Mais Magazine<\/title>\n<meta name=\"robots\" content=\"index, follow, max-snippet:-1, max-image-preview:large, max-video-preview:-1\" \/>\n<link rel=\"canonical\" href=\"http:\/\/maismagazine.pt\/index.php\/2025\/11\/21\/instituto-nunalvres-educar-com-excelencia-servir-com-proposito\/\" \/>\n<meta property=\"og:locale\" content=\"pt_PT\" \/>\n<meta property=\"og:type\" content=\"article\" \/>\n<meta property=\"og:title\" content=\"Instituto Nun\u2019Alvres: Educar com excel\u00eancia, servir com prop\u00f3sito - Mais Magazine\" \/>\n<meta property=\"og:description\" content=\"Com quase um s\u00e9culo de hist\u00f3ria, o Instituto Nun\u2019Alvres, em Santo Tirso, afirma-se como uma refer\u00eancia educativa no Vale do Ave. Inspirado na Pedagogia Inaciana, o col\u00e9gio promove um ensino que alia a excel\u00eancia acad\u00e9mica \u00e0 forma\u00e7\u00e3o humana, espiritual e social, preparando os alunos para serem cidad\u00e3os comprometidos com o&hellip;\" \/>\n<meta property=\"og:url\" content=\"http:\/\/maismagazine.pt\/index.php\/2025\/11\/21\/instituto-nunalvres-educar-com-excelencia-servir-com-proposito\/\" \/>\n<meta property=\"og:site_name\" content=\"Mais Magazine\" \/>\n<meta property=\"article:published_time\" content=\"2025-11-21T07:00:00+00:00\" \/>\n<meta property=\"og:image\" content=\"http:\/\/maismagazine.pt\/wp-content\/uploads\/2025\/11\/foto4_selecao-1.jpg\" \/>\n\t<meta property=\"og:image:width\" content=\"280\" \/>\n\t<meta property=\"og:image:height\" content=\"420\" \/>\n\t<meta property=\"og:image:type\" content=\"image\/jpeg\" \/>\n<meta name=\"author\" content=\"Tatiana Martins\" \/>\n<meta name=\"twitter:card\" content=\"summary_large_image\" \/>\n<meta name=\"twitter:label1\" content=\"Escrito por\" \/>\n\t<meta name=\"twitter:data1\" content=\"\" \/>\n\t<meta name=\"twitter:label2\" content=\"Tempo estimado de leitura\" \/>\n\t<meta name=\"twitter:data2\" content=\"4 minutos\" \/>\n<script type=\"application\/ld+json\" class=\"yoast-schema-graph\">{\"@context\":\"https:\/\/schema.org\",\"@graph\":[{\"@type\":\"Article\",\"@id\":\"http:\/\/maismagazine.pt\/index.php\/2025\/11\/21\/instituto-nunalvres-educar-com-excelencia-servir-com-proposito\/#article\",\"isPartOf\":{\"@id\":\"http:\/\/maismagazine.pt\/index.php\/2025\/11\/21\/instituto-nunalvres-educar-com-excelencia-servir-com-proposito\/\"},\"author\":{\"name\":\"Tatiana Martins\",\"@id\":\"http:\/\/maismagazine.pt\/#\/schema\/person\/7426e2caeb8df32a1b56aa48dae778c9\"},\"headline\":\"Instituto Nun\u2019Alvres: Educar com excel\u00eancia, servir com prop\u00f3sito\",\"datePublished\":\"2025-11-21T07:00:00+00:00\",\"mainEntityOfPage\":{\"@id\":\"http:\/\/maismagazine.pt\/index.php\/2025\/11\/21\/instituto-nunalvres-educar-com-excelencia-servir-com-proposito\/\"},\"wordCount\":606,\"publisher\":{\"@id\":\"http:\/\/maismagazine.pt\/#organization\"},\"image\":{\"@id\":\"http:\/\/maismagazine.pt\/index.php\/2025\/11\/21\/instituto-nunalvres-educar-com-excelencia-servir-com-proposito\/#primaryimage\"},\"thumbnailUrl\":\"http:\/\/maismagazine.pt\/wp-content\/uploads\/2025\/11\/foto4_selecao-1.jpg\",\"keywords\":[\"Educa\u00e7\u00e3o\",\"Ensino\",\"Instituto Nun'Alvres\"],\"articleSection\":[\"Educa\u00e7\u00e3o\"],\"inLanguage\":\"pt-PT\"},{\"@type\":\"WebPage\",\"@id\":\"http:\/\/maismagazine.pt\/index.php\/2025\/11\/21\/instituto-nunalvres-educar-com-excelencia-servir-com-proposito\/\",\"url\":\"http:\/\/maismagazine.pt\/index.php\/2025\/11\/21\/instituto-nunalvres-educar-com-excelencia-servir-com-proposito\/\",\"name\":\"Instituto Nun\u2019Alvres: Educar com excel\u00eancia, servir com prop\u00f3sito - Mais Magazine\",\"isPartOf\":{\"@id\":\"http:\/\/maismagazine.pt\/#website\"},\"primaryImageOfPage\":{\"@id\":\"http:\/\/maismagazine.pt\/index.php\/2025\/11\/21\/instituto-nunalvres-educar-com-excelencia-servir-com-proposito\/#primaryimage\"},\"image\":{\"@id\":\"http:\/\/maismagazine.pt\/index.php\/2025\/11\/21\/instituto-nunalvres-educar-com-excelencia-servir-com-proposito\/#primaryimage\"},\"thumbnailUrl\":\"http:\/\/maismagazine.pt\/wp-content\/uploads\/2025\/11\/foto4_selecao-1.jpg\",\"datePublished\":\"2025-11-21T07:00:00+00:00\",\"breadcrumb\":{\"@id\":\"http:\/\/maismagazine.pt\/index.php\/2025\/11\/21\/instituto-nunalvres-educar-com-excelencia-servir-com-proposito\/#breadcrumb\"},\"inLanguage\":\"pt-PT\",\"potentialAction\":[{\"@type\":\"ReadAction\",\"target\":[\"http:\/\/maismagazine.pt\/index.php\/2025\/11\/21\/instituto-nunalvres-educar-com-excelencia-servir-com-proposito\/\"]}]},{\"@type\":\"ImageObject\",\"inLanguage\":\"pt-PT\",\"@id\":\"http:\/\/maismagazine.pt\/index.php\/2025\/11\/21\/instituto-nunalvres-educar-com-excelencia-servir-com-proposito\/#primaryimage\",\"url\":\"http:\/\/maismagazine.pt\/wp-content\/uploads\/2025\/11\/foto4_selecao-1.jpg\",\"contentUrl\":\"http:\/\/maismagazine.pt\/wp-content\/uploads\/2025\/11\/foto4_selecao-1.jpg\",\"width\":280,\"height\":420},{\"@type\":\"BreadcrumbList\",\"@id\":\"http:\/\/maismagazine.pt\/index.php\/2025\/11\/21\/instituto-nunalvres-educar-com-excelencia-servir-com-proposito\/#breadcrumb\",\"itemListElement\":[{\"@type\":\"ListItem\",\"position\":1,\"name\":\"Home\",\"item\":\"http:\/\/maismagazine.pt\/\"},{\"@type\":\"ListItem\",\"position\":2,\"name\":\"Instituto Nun\u2019Alvres: Educar com excel\u00eancia, servir com prop\u00f3sito\"}]},{\"@type\":\"WebSite\",\"@id\":\"http:\/\/maismagazine.pt\/#website\",\"url\":\"http:\/\/maismagazine.pt\/\",\"name\":\"Mais Magazine\",\"description\":\"\",\"publisher\":{\"@id\":\"http:\/\/maismagazine.pt\/#organization\"},\"potentialAction\":[{\"@type\":\"SearchAction\",\"target\":{\"@type\":\"EntryPoint\",\"urlTemplate\":\"http:\/\/maismagazine.pt\/?s={search_term_string}\"},\"query-input\":{\"@type\":\"PropertyValueSpecification\",\"valueRequired\":true,\"valueName\":\"search_term_string\"}}],\"inLanguage\":\"pt-PT\"},{\"@type\":\"Organization\",\"@id\":\"http:\/\/maismagazine.pt\/#organization\",\"name\":\"Mais Magazine\",\"url\":\"http:\/\/maismagazine.pt\/\",\"logo\":{\"@type\":\"ImageObject\",\"inLanguage\":\"pt-PT\",\"@id\":\"http:\/\/maismagazine.pt\/#\/schema\/logo\/image\/\",\"url\":\"http:\/\/maismagazine.pt\/wp-content\/uploads\/2020\/04\/cropped-cropped-mais-magazine-site-logo-2.png\",\"contentUrl\":\"http:\/\/maismagazine.pt\/wp-content\/uploads\/2020\/04\/cropped-cropped-mais-magazine-site-logo-2.png\",\"width\":581,\"height\":90,\"caption\":\"Mais Magazine\"},\"image\":{\"@id\":\"http:\/\/maismagazine.pt\/#\/schema\/logo\/image\/\"}},{\"@type\":\"Person\",\"@id\":\"http:\/\/maismagazine.pt\/#\/schema\/person\/7426e2caeb8df32a1b56aa48dae778c9\",\"name\":\"Tatiana Martins\",\"image\":{\"@type\":\"ImageObject\",\"inLanguage\":\"pt-PT\",\"@id\":\"http:\/\/maismagazine.pt\/#\/schema\/person\/image\/\",\"url\":\"https:\/\/secure.gravatar.com\/avatar\/4b24a57f5d0425f2eb20981c4b53244e?s=96&d=mm&r=g\",\"contentUrl\":\"https:\/\/secure.gravatar.com\/avatar\/4b24a57f5d0425f2eb20981c4b53244e?s=96&d=mm&r=g\",\"caption\":\"Tatiana Martins\"},\"url\":\"http:\/\/maismagazine.pt\/index.php\/author\/tatiana\/\"}]}<\/script>\n<!-- \/ Yoast SEO plugin. -->","yoast_head_json":{"title":"Instituto Nun\u2019Alvres: Educar com excel\u00eancia, servir com prop\u00f3sito - Mais Magazine","robots":{"index":"index","follow":"follow","max-snippet":"max-snippet:-1","max-image-preview":"max-image-preview:large","max-video-preview":"max-video-preview:-1"},"canonical":"http:\/\/maismagazine.pt\/index.php\/2025\/11\/21\/instituto-nunalvres-educar-com-excelencia-servir-com-proposito\/","og_locale":"pt_PT","og_type":"article","og_title":"Instituto Nun\u2019Alvres: Educar com excel\u00eancia, servir com prop\u00f3sito - Mais Magazine","og_description":"Com quase um s\u00e9culo de hist\u00f3ria, o Instituto Nun\u2019Alvres, em Santo Tirso, afirma-se como uma refer\u00eancia educativa no Vale do Ave. Inspirado na Pedagogia Inaciana, o col\u00e9gio promove um ensino que alia a excel\u00eancia acad\u00e9mica \u00e0 forma\u00e7\u00e3o humana, espiritual e social, preparando os alunos para serem cidad\u00e3os comprometidos com o&hellip;","og_url":"http:\/\/maismagazine.pt\/index.php\/2025\/11\/21\/instituto-nunalvres-educar-com-excelencia-servir-com-proposito\/","og_site_name":"Mais Magazine","article_published_time":"2025-11-21T07:00:00+00:00","og_image":[{"width":280,"height":420,"url":"http:\/\/maismagazine.pt\/wp-content\/uploads\/2025\/11\/foto4_selecao-1.jpg","type":"image\/jpeg"}],"author":"Tatiana Martins","twitter_card":"summary_large_image","twitter_misc":{"Escrito por":false,"Tempo estimado de leitura":"4 minutos"},"schema":{"@context":"https:\/\/schema.org","@graph":[{"@type":"Article","@id":"http:\/\/maismagazine.pt\/index.php\/2025\/11\/21\/instituto-nunalvres-educar-com-excelencia-servir-com-proposito\/#article","isPartOf":{"@id":"http:\/\/maismagazine.pt\/index.php\/2025\/11\/21\/instituto-nunalvres-educar-com-excelencia-servir-com-proposito\/"},"author":{"name":"Tatiana Martins","@id":"http:\/\/maismagazine.pt\/#\/schema\/person\/7426e2caeb8df32a1b56aa48dae778c9"},"headline":"Instituto Nun\u2019Alvres: Educar com excel\u00eancia, servir com prop\u00f3sito","datePublished":"2025-11-21T07:00:00+00:00","mainEntityOfPage":{"@id":"http:\/\/maismagazine.pt\/index.php\/2025\/11\/21\/instituto-nunalvres-educar-com-excelencia-servir-com-proposito\/"},"wordCount":606,"publisher":{"@id":"http:\/\/maismagazine.pt\/#organization"},"image":{"@id":"http:\/\/maismagazine.pt\/index.php\/2025\/11\/21\/instituto-nunalvres-educar-com-excelencia-servir-com-proposito\/#primaryimage"},"thumbnailUrl":"http:\/\/maismagazine.pt\/wp-content\/uploads\/2025\/11\/foto4_selecao-1.jpg","keywords":["Educa\u00e7\u00e3o","Ensino","Instituto Nun'Alvres"],"articleSection":["Educa\u00e7\u00e3o"],"inLanguage":"pt-PT"},{"@type":"WebPage","@id":"http:\/\/maismagazine.pt\/index.php\/2025\/11\/21\/instituto-nunalvres-educar-com-excelencia-servir-com-proposito\/","url":"http:\/\/maismagazine.pt\/index.php\/2025\/11\/21\/instituto-nunalvres-educar-com-excelencia-servir-com-proposito\/","name":"Instituto Nun\u2019Alvres: Educar com excel\u00eancia, servir com prop\u00f3sito - Mais Magazine","isPartOf":{"@id":"http:\/\/maismagazine.pt\/#website"},"primaryImageOfPage":{"@id":"http:\/\/maismagazine.pt\/index.php\/2025\/11\/21\/instituto-nunalvres-educar-com-excelencia-servir-com-proposito\/#primaryimage"},"image":{"@id":"http:\/\/maismagazine.pt\/index.php\/2025\/11\/21\/instituto-nunalvres-educar-com-excelencia-servir-com-proposito\/#primaryimage"},"thumbnailUrl":"http:\/\/maismagazine.pt\/wp-content\/uploads\/2025\/11\/foto4_selecao-1.jpg","datePublished":"2025-11-21T07:00:00+00:00","breadcrumb":{"@id":"http:\/\/maismagazine.pt\/index.php\/2025\/11\/21\/instituto-nunalvres-educar-com-excelencia-servir-com-proposito\/#breadcrumb"},"inLanguage":"pt-PT","potentialAction":[{"@type":"ReadAction","target":["http:\/\/maismagazine.pt\/index.php\/2025\/11\/21\/instituto-nunalvres-educar-com-excelencia-servir-com-proposito\/"]}]},{"@type":"ImageObject","inLanguage":"pt-PT","@id":"http:\/\/maismagazine.pt\/index.php\/2025\/11\/21\/instituto-nunalvres-educar-com-excelencia-servir-com-proposito\/#primaryimage","url":"http:\/\/maismagazine.pt\/wp-content\/uploads\/2025\/11\/foto4_selecao-1.jpg","contentUrl":"http:\/\/maismagazine.pt\/wp-content\/uploads\/2025\/11\/foto4_selecao-1.jpg","width":280,"height":420},{"@type":"BreadcrumbList","@id":"http:\/\/maismagazine.pt\/index.php\/2025\/11\/21\/instituto-nunalvres-educar-com-excelencia-servir-com-proposito\/#breadcrumb","itemListElement":[{"@type":"ListItem","position":1,"name":"Home","item":"http:\/\/maismagazine.pt\/"},{"@type":"ListItem","position":2,"name":"Instituto Nun\u2019Alvres: Educar com excel\u00eancia, servir com prop\u00f3sito"}]},{"@type":"WebSite","@id":"http:\/\/maismagazine.pt\/#website","url":"http:\/\/maismagazine.pt\/","name":"Mais Magazine","description":"","publisher":{"@id":"http:\/\/maismagazine.pt\/#organization"},"potentialAction":[{"@type":"SearchAction","target":{"@type":"EntryPoint","urlTemplate":"http:\/\/maismagazine.pt\/?s={search_term_string}"},"query-input":{"@type":"PropertyValueSpecification","valueRequired":true,"valueName":"search_term_string"}}],"inLanguage":"pt-PT"},{"@type":"Organization","@id":"http:\/\/maismagazine.pt\/#organization","name":"Mais Magazine","url":"http:\/\/maismagazine.pt\/","logo":{"@type":"ImageObject","inLanguage":"pt-PT","@id":"http:\/\/maismagazine.pt\/#\/schema\/logo\/image\/","url":"http:\/\/maismagazine.pt\/wp-content\/uploads\/2020\/04\/cropped-cropped-mais-magazine-site-logo-2.png","contentUrl":"http:\/\/maismagazine.pt\/wp-content\/uploads\/2020\/04\/cropped-cropped-mais-magazine-site-logo-2.png","width":581,"height":90,"caption":"Mais Magazine"},"image":{"@id":"http:\/\/maismagazine.pt\/#\/schema\/logo\/image\/"}},{"@type":"Person","@id":"http:\/\/maismagazine.pt\/#\/schema\/person\/7426e2caeb8df32a1b56aa48dae778c9","name":"Tatiana Martins","image":{"@type":"ImageObject","inLanguage":"pt-PT","@id":"http:\/\/maismagazine.pt\/#\/schema\/person\/image\/","url":"https:\/\/secure.gravatar.com\/avatar\/4b24a57f5d0425f2eb20981c4b53244e?s=96&d=mm&r=g","contentUrl":"https:\/\/secure.gravatar.com\/avatar\/4b24a57f5d0425f2eb20981c4b53244e?s=96&d=mm&r=g","caption":"Tatiana Martins"},"url":"http:\/\/maismagazine.pt\/index.php\/author\/tatiana\/"}]}},"author_meta":{"display_name":false,"author_link":"http:\/\/maismagazine.pt\/index.php\/author\/tatiana\/"},"featured_img":"http:\/\/maismagazine.pt\/wp-content\/uploads\/2025\/11\/foto4_selecao-1-200x300.jpg","coauthors":[],"tax_additional":{"categories":{"linked":["<a href=\"http:\/\/maismagazine.pt\/index.php\/category\/educacao\/\" class=\"advgb-post-tax-term\">Educa\u00e7\u00e3o<\/a>"],"unlinked":["<span class=\"advgb-post-tax-term\">Educa\u00e7\u00e3o<\/span>"]},"tags":{"linked":["<a href=\"http:\/\/maismagazine.pt\/index.php\/category\/educacao\/\" class=\"advgb-post-tax-term\">Educa\u00e7\u00e3o<\/a>","<a href=\"http:\/\/maismagazine.pt\/index.php\/category\/educacao\/\" class=\"advgb-post-tax-term\">Ensino<\/a>","<a href=\"http:\/\/maismagazine.pt\/index.php\/category\/educacao\/\" class=\"advgb-post-tax-term\">Instituto Nun&#039;Alvres<\/a>"],"unlinked":["<span class=\"advgb-post-tax-term\">Educa\u00e7\u00e3o<\/span>","<span class=\"advgb-post-tax-term\">Ensino<\/span>","<span class=\"advgb-post-tax-term\">Instituto Nun&#039;Alvres<\/span>"]}},"comment_count":"0","relative_dates":{"created":"Posted 5 meses ago","modified":"Updated 5 meses ago"},"absolute_dates":{"created":"Posted on 21 de Novembro, 2025","modified":"Updated on 17 de Novembro, 2025"},"absolute_dates_time":{"created":"Posted on 21 de Novembro, 2025 7:00","modified":"Updated on 17 de Novembro, 2025 11:37"},"featured_img_caption":"","series_order":"","_links":{"self":[{"href":"http:\/\/maismagazine.pt\/index.php\/wp-json\/wp\/v2\/posts\/13075","targetHints":{"allow":["GET"]}}],"collection":[{"href":"http:\/\/maismagazine.pt\/index.php\/wp-json\/wp\/v2\/posts"}],"about":[{"href":"http:\/\/maismagazine.pt\/index.php\/wp-json\/wp\/v2\/types\/post"}],"author":[{"embeddable":true,"href":"http:\/\/maismagazine.pt\/index.php\/wp-json\/wp\/v2\/users\/18"}],"replies":[{"embeddable":true,"href":"http:\/\/maismagazine.pt\/index.php\/wp-json\/wp\/v2\/comments?post=13075"}],"version-history":[{"count":1,"href":"http:\/\/maismagazine.pt\/index.php\/wp-json\/wp\/v2\/posts\/13075\/revisions"}],"predecessor-version":[{"id":13079,"href":"http:\/\/maismagazine.pt\/index.php\/wp-json\/wp\/v2\/posts\/13075\/revisions\/13079"}],"wp:featuredmedia":[{"embeddable":true,"href":"http:\/\/maismagazine.pt\/index.php\/wp-json\/wp\/v2\/media\/13076"}],"wp:attachment":[{"href":"http:\/\/maismagazine.pt\/index.php\/wp-json\/wp\/v2\/media?parent=13075"}],"wp:term":[{"taxonomy":"category","embeddable":true,"href":"http:\/\/maismagazine.pt\/index.php\/wp-json\/wp\/v2\/categories?post=13075"},{"taxonomy":"post_tag","embeddable":true,"href":"http:\/\/maismagazine.pt\/index.php\/wp-json\/wp\/v2\/tags?post=13075"}],"curies":[{"name":"wp","href":"https:\/\/api.w.org\/{rel}","templated":true}]}}