{"id":1304,"date":"2021-10-30T07:00:00","date_gmt":"2021-10-30T07:00:00","guid":{"rendered":"https:\/\/maismagazine.pt\/?p=1304"},"modified":"2021-11-02T11:10:38","modified_gmt":"2021-11-02T11:10:38","slug":"dzine-interiores-com-alma","status":"publish","type":"post","link":"http:\/\/maismagazine.pt\/index.php\/2021\/10\/30\/dzine-interiores-com-alma\/","title":{"rendered":"DZINE, interiores com alma"},"content":{"rendered":"\n<p><strong><em>Uma apaixonada pelo Design, Andreia Matias \u00e9 a fundadora e for\u00e7a criativa da DZINE &amp; Co., uma incubadora de \u201cambientes com Alma\u201d Mais Magazine (MM)\u2013 A DZINE &amp; Co. distingue-se pelos seus servi\u00e7os de excel\u00eancia nas \u00e1reas de Arquitetura, Design de interiores e Decora\u00e7\u00e3o. <\/em><\/strong><\/p>\n\n\n\n<p><\/p>\n\n\n\n<p><strong>Por que decidiu apostar neste ramo e qual foi o percurso para alcan\u00e7ar a notoriedade que tem nos dias de hoje? <\/strong><\/p>\n\n\n\n<p>Andreia Matias (AM) \u2013 Sou uma adepta do \u201cBelo\u201d. Desde muito jovem senti uma forte atra\u00e7\u00e3o por todas as vertentes do Design e da Arquitetura. Fui fortemente influenciada pela cultura urbana, pela din\u00e2mica das grandes cidades. A minha juventude foi marcada por alguma rebeldia o que me levou a ser uma fervorosa adepta do \u201ccontracorrente\u201d. Apaixonei-me pelo graffiti, numa altura em que n\u00e3o se ouvia falar de Street Art, de Banksy ou de Basquiat. O design est\u00e1 presente em tudo o que fazemos no nosso quotidiano \u2013 os pratos e talheres com que comemos, as cadeiras onde nos sentamos, os carros onde viajamos, os sapatos que cal\u00e7amos \u2013 o que despertou em mim uma grande paix\u00e3o. Descobri a minha voca\u00e7\u00e3o. Com essa descoberta, surgiu tamb\u00e9m a no\u00e7\u00e3o que nem todo o Design tem a qualidade desejada, logo um grande desejo de intervir e deixar uma marca no mundo. A DZINE nasceu desse \u201cespa\u00e7o\u201d e do sonho de criar ambientes com alma. Na harmonia, na propor\u00e7\u00e3o, nos materiais, nas cores, nas texturas, e na rela\u00e7\u00e3o de todos estes elementos, sentimos o toque do \u201cdivino\u201d. O ambiente em que nos inserimos, a paisagem que escolhemos, influenciam o nosso comportamento, as nossas decis\u00f5es e at\u00e9 o nosso estado de esp\u00edrito. Encontramos o tal \u201cBelo\u201d nos s\u00edtios mais improv\u00e1veis, numa ru\u00edna, na tinta desbotada pelas intemp\u00e9ries, nas \u00e1rvores contorcidas e secas pelo sol. Talvez por isso, gosto tanto de fotografia, a \u00fanica arte capaz de captar o momento.<\/p>\n\n\n\n<div class=\"wp-block-image\"><figure class=\"aligncenter size-large\"><img loading=\"lazy\" decoding=\"async\" width=\"1024\" height=\"576\" src=\"http:\/\/maismagazine.pt\/wp-content\/uploads\/2021\/10\/C5_B_EXT_PISCINA_0103-1-1024x576.jpg\" alt=\"\" class=\"wp-image-1305\" srcset=\"http:\/\/maismagazine.pt\/wp-content\/uploads\/2021\/10\/C5_B_EXT_PISCINA_0103-1-1024x576.jpg 1024w, http:\/\/maismagazine.pt\/wp-content\/uploads\/2021\/10\/C5_B_EXT_PISCINA_0103-1-300x169.jpg 300w, http:\/\/maismagazine.pt\/wp-content\/uploads\/2021\/10\/C5_B_EXT_PISCINA_0103-1-768x432.jpg 768w, http:\/\/maismagazine.pt\/wp-content\/uploads\/2021\/10\/C5_B_EXT_PISCINA_0103-1.jpg 1500w\" sizes=\"auto, (max-width: 1024px) 100vw, 1024px\" \/><\/figure><\/div>\n\n\n\n<p>Quando inici\u00e1mos a DZINE, todos faz\u00edamos um pouco de tudo. \u00c9ramos formiguinhas (muito!) trabalhadoras e apesar de todas as dificuldades que uma jovem empresa tem de enfrentar, foi um per\u00edodo muito feliz e estimulante. Hoje, os desafios s\u00e3o outros. Manter os padr\u00f5es de qualidade a que habitu\u00e1mos os nossos clientes e parceiros, apesar do crescimento da empresa. Tratar cada projeto como \u00fanico, original e exclusivo. Criar e inovar sem nos deixarmos condicionar pelas tend\u00eancias ou f\u00f3rmulas pr\u00e9-estabelecidas, melhorando e fazendo a diferen\u00e7a na vida de quem vive os espa\u00e7os que criamos e aos quais nos dedicamos. Diria que a palavra-chave no nosso trabalho \u00e9 dedica\u00e7\u00e3o. Dedica\u00e7\u00e3o ao cliente, saber ouvi-lo, saber traduzir o seu sonho. Temos uma equipa constitu\u00edda por Arquitetos, Designers de Interiores, 3D Artists, e Gestores. Acreditamos que na diversidade de experi\u00eancias, compet\u00eancias e culturas, encontramos for\u00e7a. Os diferentes backgrounds da equipa, s\u00e3o uma enorme mais-valia para os nossos projetos: desde a cria\u00e7\u00e3o do conceito, at\u00e9 \u00e0 sua execu\u00e7\u00e3o, o cumprimento rigoroso de prazos, assim como do or\u00e7amento definido, etc. Desenvolvemos projetos chave-na-m\u00e3o de Arquitetura, de Interiores, Decora\u00e7\u00e3o, e coordenamos a execu\u00e7\u00e3o dos nossos projetos, desde a obra (executada pelos nossos parceiros de confian\u00e7a), ao fornecimento de mobili\u00e1rio, do apetrechamento e at\u00e9 ao acompanhamento do fornecimento de \u00e1gua, luz, g\u00e1s e telecomunica\u00e7\u00f5es, e de tudo o mais que seja necess\u00e1rio para garantir a conforto e a confian\u00e7a de quem nos contrata. Foi a confian\u00e7a depositada na DZINE pelos nossos clientes que possibilitou o nosso crescimento. <\/p>\n\n\n\n<p><strong>MM \u2013 Sendo a alma e o cora\u00e7\u00e3o os denominadores comuns \u00e0 decora\u00e7\u00e3o de resid\u00eancias, hot\u00e9is, escrit\u00f3rios, restaurantes e lojas, o que difere cada uma dessas \u00e1reas, na vertente decorativa? <\/strong><\/p>\n\n\n\n<p>AM \u2013 Como refere, a alma e o cora\u00e7\u00e3o s\u00e3o transversais a todas as \u00e1reas do Design. O que difere \u00e9 a funcionalidade, ou seja, os requisitos que temos de cumprir, nos diferentes projetos. Nos projetos residenciais podemos utilizar materiais e mobili\u00e1rio mais delicados do que, por exemplo, nos projetos de restaura\u00e7\u00e3o, hotelaria ou retalho onde as exig\u00eancias de resist\u00eancia ao uso, durabilidade e at\u00e9 seguran\u00e7a, s\u00e3o completamente diferentes. Os materiais escolhidos t\u00eam de cumprir crit\u00e9rios como a ignifuga\u00e7\u00e3o, a resist\u00eancia \u00e0 abras\u00e3o e ao impacto. Por outro lado, hot\u00e9is, restaurantes e lojas, proporcionam ocasionalmente a escala e, consequentemente, a oportunidade de arriscar em solu\u00e7\u00f5es criativas mais arrojadas; lobbies de hot\u00e9is de grandes dimens\u00f5es que por n\u00e3o serem locais de perman\u00eancia, ou de habita\u00e7\u00e3o, permitem o uso de cores, materiais e mobili\u00e1rio mais c\u00e9nicos, com uma linguagem mais vincada. <\/p>\n\n\n\n<div class=\"wp-block-image\"><figure class=\"aligncenter size-large\"><img loading=\"lazy\" decoding=\"async\" width=\"1024\" height=\"576\" src=\"http:\/\/maismagazine.pt\/wp-content\/uploads\/2021\/10\/C11_CHUVEIRO_107-1024x576.jpg\" alt=\"\" class=\"wp-image-1307\" srcset=\"http:\/\/maismagazine.pt\/wp-content\/uploads\/2021\/10\/C11_CHUVEIRO_107-1024x576.jpg 1024w, http:\/\/maismagazine.pt\/wp-content\/uploads\/2021\/10\/C11_CHUVEIRO_107-300x169.jpg 300w, http:\/\/maismagazine.pt\/wp-content\/uploads\/2021\/10\/C11_CHUVEIRO_107-768x432.jpg 768w, http:\/\/maismagazine.pt\/wp-content\/uploads\/2021\/10\/C11_CHUVEIRO_107.jpg 1500w\" sizes=\"auto, (max-width: 1024px) 100vw, 1024px\" \/><\/figure><\/div>\n\n\n\n<p><strong>MM \u2013 E em que medida \u00e9 que os objetivos de neg\u00f3cio dos clientes da DZINE interferem na elabora\u00e7\u00e3o dos projetos? <\/strong><\/p>\n\n\n\n<p>AM \u2013 O trabalho da DZINE \u00e9 pensado e executado em fun\u00e7\u00e3o dos objetivos dos nossos clientes. A elabora\u00e7\u00e3o de projetos dirigidos a atividades comerciais (hotelaria, com\u00e9rcio de retalho, escrit\u00f3rios, etc.) requerem um conhecimento profundo sobre o seu funcionamento, sobre a marca, os seus valores e conceito, e ao mesmo tempo a criatividade para agregar todas as necessidades funcionais, est\u00e9ticas, de seguran\u00e7a dos colaboradores e do p\u00fablico, de forma original e inovadora. Num hotel de cidade, com um modelo de neg\u00f3cio em que o core business s\u00e3o estadias curtas e em que a marca pretende oferecer previsibilidade e efici\u00eancia aos seus clientes, a tend\u00eancia \u00e9 uniformizar para criar reconhecimento e familiaridade junto dos seus h\u00f3spedes, mas tamb\u00e9m para reduzir custos e facilitar a manuten\u00e7\u00e3o. Por contrapartida, num hotel boutique onde se pretende proporcionar experi\u00eancias \u00fanicas aos clientes, a tend\u00eancia \u00e9 fazer quartos diferenciados. Mesmo neste g\u00e9nero de hot\u00e9is temos sempre presente a otimiza\u00e7\u00e3o dos custos da opera\u00e7\u00e3o, quer no investimento necess\u00e1rio para a execu\u00e7\u00e3o do projeto, quer em termos de manuten\u00e7\u00e3o. Ainda que a qualidade da experi\u00eancia do h\u00f3spede seja uma prioridade, a sustentabilidade do neg\u00f3cio tamb\u00e9m o \u00e9. <\/p>\n\n\n\n<p><strong>MM \u2013 A Andreia consegue entender as necessidades de cada cliente mas como o faz sem abdicar da sua identidade, da identidade da DZINE? Houve algum projeto que se tenha destacado nas suas prefer\u00eancias? <\/strong><\/p>\n\n\n\n<p>AM \u2013 Gosto de pensar nos projetos, como penso nos filhos. Eles est\u00e3o-nos \u201cemprestados\u201d durante o tempo em que os criamos, educamos, e lhes damos muito amor, transmitindo tudo aquilo que temos de melhor. O respeito e aceita\u00e7\u00e3o pelas suas personalidades e diferen\u00e7as, s\u00e3o pe\u00e7as fundamentais nesta equa\u00e7\u00e3o, para que um dia possam voar sozinhos. N\u00e3o h\u00e1 preferidos, s\u00e3o todos especiais. Com os projetos, passa-se o mesmo. A dedica\u00e7\u00e3o, o amor, e o respeito pelas necessidades (est\u00e9ticas e funcionais) dos nossos clientes, s\u00e3o uma constante na nossa forma de pensar os projetos. Sabemos ouvir. Os clientes esperam de n\u00f3s esta capacidade de os ouvir mas tamb\u00e9m a capacidade de criar uma linha condutora, coerente, que traduza na pr\u00e1tica a sua vis\u00e3o. \u00c9 a\u00ed que se faz sentir o tra\u00e7o da DZINE. <\/p>\n\n\n\n<div class=\"wp-block-image\"><figure class=\"aligncenter size-large\"><img loading=\"lazy\" decoding=\"async\" width=\"1024\" height=\"1024\" src=\"http:\/\/maismagazine.pt\/wp-content\/uploads\/2021\/10\/C010_IS_MASTERSUITE_065-1-1024x1024.jpg\" alt=\"\" class=\"wp-image-1306\" srcset=\"http:\/\/maismagazine.pt\/wp-content\/uploads\/2021\/10\/C010_IS_MASTERSUITE_065-1-1024x1024.jpg 1024w, http:\/\/maismagazine.pt\/wp-content\/uploads\/2021\/10\/C010_IS_MASTERSUITE_065-1-300x300.jpg 300w, http:\/\/maismagazine.pt\/wp-content\/uploads\/2021\/10\/C010_IS_MASTERSUITE_065-1-150x150.jpg 150w, http:\/\/maismagazine.pt\/wp-content\/uploads\/2021\/10\/C010_IS_MASTERSUITE_065-1-768x768.jpg 768w, http:\/\/maismagazine.pt\/wp-content\/uploads\/2021\/10\/C010_IS_MASTERSUITE_065-1.jpg 1500w\" sizes=\"auto, (max-width: 1024px) 100vw, 1024px\" \/><\/figure><\/div>\n\n\n\n<p><\/p>\n\n\n\n<p><strong>MM \u2013 A DZINE utiliza a sua p\u00e1gina do Instagram para partilhar alguns projetos e dicas de decora\u00e7\u00e3o. Quando o faz, que feedback espera obter? <\/strong><\/p>\n\n\n\n<p>AM \u2013 A DZINE tem ainda muito para crescer no marketing digital e na gest\u00e3o da sua presen\u00e7a nas redes sociais. A verdade \u00e9 que a grande maioria dos nossos clientes chega at\u00e9 n\u00f3s pela recomenda\u00e7\u00e3o de outros clientes, o que tem constitu\u00eddo a nossa melhor publicidade mas tem tido o efeito perverso de n\u00e3o termos ainda sentido a necessidade de uma aposta clara no digital. Tendo dito isto, temos mantido uma presen\u00e7a regular nas plataformas digitais que nos parecem mais relevantes para o desenvolvimento do nosso neg\u00f3cio. Atrav\u00e9s dessa presen\u00e7a, testamos conceitos e tend\u00eancias e, claro, divulgamos os nossos trabalhos. A presen\u00e7a nos canais digitais \u00e9 essencial para servir a nossa base de clientes, maioritariamente internacional. Tendo dito isto, orgulhamo-nos das nossas origens e da nossa \u201ccondi\u00e7\u00e3o lusitana\u201d que, acreditamos, transparece nos nossos trabalhos. Gosto muito da velha m\u00e1xima \u201cThink Global, Act Local\u201d.<\/p>\n\n\n\n<p>O futuro<\/p>\n\n\n\n<p><strong>MM \u2013 O que espera alcan\u00e7ar no futuro e quais os pr\u00f3ximos passos que pretende seguir? <\/strong><\/p>\n\n\n\n<p>AM \u2013 Estamos a desenvolver um projeto de imobili\u00e1rio highend, mas ainda estamos na fase de defini\u00e7\u00e3o do conceito. Trata-se de um im\u00f3vel de tra\u00e7a hist\u00f3rica do princ\u00edpio do s\u00e9culo XX, com 7 apartamentos, na zona hist\u00f3rica de Caxias. Pr\u00f3ximo da praia, tem vista de mar e para o Convento da Cartuxa. Os apartamentos dos pisos inferiores ter\u00e3o um magnifico jardim privado com piscina. A otimiza\u00e7\u00e3o dos res\u00edduos da obra, a reciclagem, a utiliza\u00e7\u00e3o de materiais ecol\u00f3gicos e o respeito pelo ambiente, s\u00e3o as bases deste projeto. Nos jardins, projetamos utilizar um sistema de capta\u00e7\u00e3o e reutiliza\u00e7\u00e3o das \u00e1guas pluviais para a respetiva rega. Estou muito entusiasmada porque acredito que ser\u00e1 um projeto de refer\u00eancia em Portugal, quer pela qualidade da arquitetura e design de interiores, quer pela preocupa\u00e7\u00e3o com a sustentabilidade ambiental.<\/p>\n\n\n\n<p><\/p>\n\n\n\n<div class=\"wp-block-image\"><figure class=\"aligncenter size-large\"><img loading=\"lazy\" decoding=\"async\" width=\"1024\" height=\"1024\" src=\"http:\/\/maismagazine.pt\/wp-content\/uploads\/2021\/10\/C002_SALA_020_02-1-1024x1024.jpg\" alt=\"\" class=\"wp-image-1308\" srcset=\"http:\/\/maismagazine.pt\/wp-content\/uploads\/2021\/10\/C002_SALA_020_02-1-1024x1024.jpg 1024w, http:\/\/maismagazine.pt\/wp-content\/uploads\/2021\/10\/C002_SALA_020_02-1-300x300.jpg 300w, http:\/\/maismagazine.pt\/wp-content\/uploads\/2021\/10\/C002_SALA_020_02-1-150x150.jpg 150w, http:\/\/maismagazine.pt\/wp-content\/uploads\/2021\/10\/C002_SALA_020_02-1-768x768.jpg 768w, http:\/\/maismagazine.pt\/wp-content\/uploads\/2021\/10\/C002_SALA_020_02-1.jpg 1500w\" sizes=\"auto, (max-width: 1024px) 100vw, 1024px\" \/><\/figure><\/div>\n","protected":false},"excerpt":{"rendered":"<p>Uma apaixonada pelo Design, Andreia Matias \u00e9 a fundadora e for\u00e7a criativa da DZINE &amp; Co., uma incubadora de \u201cambientes com Alma\u201d Mais Magazine (MM)\u2013 A DZINE &amp; Co. distingue-se pelos seus servi\u00e7os de excel\u00eancia nas \u00e1reas de Arquitetura, Design de interiores e Decora\u00e7\u00e3o. Por que decidiu apostar neste ramo&hellip;<\/p>\n","protected":false},"author":7,"featured_media":1529,"comment_status":"open","ping_status":"open","sticky":false,"template":"","format":"standard","meta":{"advgb_blocks_editor_width":"","advgb_blocks_columns_visual_guide":"","_monsterinsights_skip_tracking":false,"_monsterinsights_sitenote_active":false,"_monsterinsights_sitenote_note":"","_monsterinsights_sitenote_category":0,"footnotes":""},"categories":[1,50],"tags":[],"class_list":["post-1304","post","type-post","status-publish","format-standard","has-post-thumbnail","hentry","category-atualidade","category-destaques"],"yoast_head":"<!-- This site is optimized with the Yoast SEO plugin v24.4 - https:\/\/yoast.com\/wordpress\/plugins\/seo\/ -->\n<title>DZINE, interiores com alma - Mais Magazine<\/title>\n<meta name=\"description\" content=\"Uma apaixonada pelo Design, Andreia Matias \u00e9 a fundadora e for\u00e7a criativa da DZINE &amp; Co., uma incubadora de \u201cambientes com Alma\u201d Mais Magazine (MM)\u2013 A DZINE &amp; Co. distingue-se pelos seus servi\u00e7os de excel\u00eancia nas \u00e1reas de Arquitetura, Design de interiores e Decora\u00e7\u00e3o.\" \/>\n<meta name=\"robots\" content=\"index, follow, max-snippet:-1, max-image-preview:large, max-video-preview:-1\" \/>\n<link rel=\"canonical\" href=\"https:\/\/maismagazine.pt\/index.php\/2021\/10\/30\/dzine-interiores-com-alma\/\" \/>\n<meta property=\"og:locale\" content=\"pt_PT\" \/>\n<meta property=\"og:type\" content=\"article\" \/>\n<meta property=\"og:title\" content=\"DZINE, interiores com alma - Mais Magazine\" \/>\n<meta property=\"og:description\" content=\"Uma apaixonada pelo Design, Andreia Matias \u00e9 a fundadora e for\u00e7a criativa da DZINE &amp; Co., uma incubadora de \u201cambientes com Alma\u201d Mais Magazine (MM)\u2013 A DZINE &amp; Co. distingue-se pelos seus servi\u00e7os de excel\u00eancia nas \u00e1reas de Arquitetura, Design de interiores e Decora\u00e7\u00e3o.\" \/>\n<meta property=\"og:url\" content=\"https:\/\/maismagazine.pt\/index.php\/2021\/10\/30\/dzine-interiores-com-alma\/\" \/>\n<meta property=\"og:site_name\" content=\"Mais Magazine\" \/>\n<meta property=\"article:published_time\" content=\"2021-10-30T07:00:00+00:00\" \/>\n<meta property=\"article:modified_time\" content=\"2021-11-02T11:10:38+00:00\" \/>\n<meta property=\"og:image\" content=\"https:\/\/maismagazine.pt\/wp-content\/uploads\/2021\/10\/Dzine-Poster-alterado_page-0001.jpg\" \/>\n\t<meta property=\"og:image:width\" content=\"2422\" \/>\n\t<meta property=\"og:image:height\" content=\"1754\" \/>\n\t<meta property=\"og:image:type\" content=\"image\/jpeg\" \/>\n<meta name=\"author\" content=\"Jo\u00e3o Malainho\" \/>\n<meta name=\"twitter:card\" content=\"summary_large_image\" \/>\n<meta name=\"twitter:label1\" content=\"Escrito por\" \/>\n\t<meta name=\"twitter:data1\" content=\"\" \/>\n\t<meta name=\"twitter:label2\" content=\"Tempo estimado de leitura\" \/>\n\t<meta name=\"twitter:data2\" content=\"7 minutos\" \/>\n<script type=\"application\/ld+json\" class=\"yoast-schema-graph\">{\"@context\":\"https:\/\/schema.org\",\"@graph\":[{\"@type\":\"Article\",\"@id\":\"https:\/\/maismagazine.pt\/index.php\/2021\/10\/30\/dzine-interiores-com-alma\/#article\",\"isPartOf\":{\"@id\":\"https:\/\/maismagazine.pt\/index.php\/2021\/10\/30\/dzine-interiores-com-alma\/\"},\"author\":{\"name\":\"Jo\u00e3o Malainho\",\"@id\":\"https:\/\/maismagazine.pt\/#\/schema\/person\/999bd426f894ff56d397ec12ebd21ebb\"},\"headline\":\"DZINE, interiores com alma\",\"datePublished\":\"2021-10-30T07:00:00+00:00\",\"dateModified\":\"2021-11-02T11:10:38+00:00\",\"mainEntityOfPage\":{\"@id\":\"https:\/\/maismagazine.pt\/index.php\/2021\/10\/30\/dzine-interiores-com-alma\/\"},\"wordCount\":1559,\"commentCount\":0,\"publisher\":{\"@id\":\"https:\/\/maismagazine.pt\/#organization\"},\"image\":{\"@id\":\"https:\/\/maismagazine.pt\/index.php\/2021\/10\/30\/dzine-interiores-com-alma\/#primaryimage\"},\"thumbnailUrl\":\"http:\/\/maismagazine.pt\/wp-content\/uploads\/2021\/10\/Dzine-Poster-alterado_page-0001.jpg\",\"articleSection\":[\"Atualidade\",\"Destaques\"],\"inLanguage\":\"pt-PT\",\"potentialAction\":[{\"@type\":\"CommentAction\",\"name\":\"Comment\",\"target\":[\"https:\/\/maismagazine.pt\/index.php\/2021\/10\/30\/dzine-interiores-com-alma\/#respond\"]}]},{\"@type\":\"WebPage\",\"@id\":\"https:\/\/maismagazine.pt\/index.php\/2021\/10\/30\/dzine-interiores-com-alma\/\",\"url\":\"https:\/\/maismagazine.pt\/index.php\/2021\/10\/30\/dzine-interiores-com-alma\/\",\"name\":\"DZINE, interiores com alma - Mais Magazine\",\"isPartOf\":{\"@id\":\"https:\/\/maismagazine.pt\/#website\"},\"primaryImageOfPage\":{\"@id\":\"https:\/\/maismagazine.pt\/index.php\/2021\/10\/30\/dzine-interiores-com-alma\/#primaryimage\"},\"image\":{\"@id\":\"https:\/\/maismagazine.pt\/index.php\/2021\/10\/30\/dzine-interiores-com-alma\/#primaryimage\"},\"thumbnailUrl\":\"http:\/\/maismagazine.pt\/wp-content\/uploads\/2021\/10\/Dzine-Poster-alterado_page-0001.jpg\",\"datePublished\":\"2021-10-30T07:00:00+00:00\",\"dateModified\":\"2021-11-02T11:10:38+00:00\",\"description\":\"Uma apaixonada pelo Design, Andreia Matias \u00e9 a fundadora e for\u00e7a criativa da DZINE & Co., uma incubadora de \u201cambientes com Alma\u201d Mais Magazine (MM)\u2013 A DZINE & Co. distingue-se pelos seus servi\u00e7os de excel\u00eancia nas \u00e1reas de Arquitetura, Design de interiores e Decora\u00e7\u00e3o.\",\"breadcrumb\":{\"@id\":\"https:\/\/maismagazine.pt\/index.php\/2021\/10\/30\/dzine-interiores-com-alma\/#breadcrumb\"},\"inLanguage\":\"pt-PT\",\"potentialAction\":[{\"@type\":\"ReadAction\",\"target\":[\"https:\/\/maismagazine.pt\/index.php\/2021\/10\/30\/dzine-interiores-com-alma\/\"]}]},{\"@type\":\"ImageObject\",\"inLanguage\":\"pt-PT\",\"@id\":\"https:\/\/maismagazine.pt\/index.php\/2021\/10\/30\/dzine-interiores-com-alma\/#primaryimage\",\"url\":\"http:\/\/maismagazine.pt\/wp-content\/uploads\/2021\/10\/Dzine-Poster-alterado_page-0001.jpg\",\"contentUrl\":\"http:\/\/maismagazine.pt\/wp-content\/uploads\/2021\/10\/Dzine-Poster-alterado_page-0001.jpg\",\"width\":2422,\"height\":1754},{\"@type\":\"BreadcrumbList\",\"@id\":\"https:\/\/maismagazine.pt\/index.php\/2021\/10\/30\/dzine-interiores-com-alma\/#breadcrumb\",\"itemListElement\":[{\"@type\":\"ListItem\",\"position\":1,\"name\":\"Home\",\"item\":\"https:\/\/maismagazine.pt\/\"},{\"@type\":\"ListItem\",\"position\":2,\"name\":\"DZINE, interiores com alma\"}]},{\"@type\":\"WebSite\",\"@id\":\"https:\/\/maismagazine.pt\/#website\",\"url\":\"https:\/\/maismagazine.pt\/\",\"name\":\"Mais Magazine\",\"description\":\"\",\"publisher\":{\"@id\":\"https:\/\/maismagazine.pt\/#organization\"},\"potentialAction\":[{\"@type\":\"SearchAction\",\"target\":{\"@type\":\"EntryPoint\",\"urlTemplate\":\"https:\/\/maismagazine.pt\/?s={search_term_string}\"},\"query-input\":{\"@type\":\"PropertyValueSpecification\",\"valueRequired\":true,\"valueName\":\"search_term_string\"}}],\"inLanguage\":\"pt-PT\"},{\"@type\":\"Organization\",\"@id\":\"https:\/\/maismagazine.pt\/#organization\",\"name\":\"Mais Magazine\",\"url\":\"https:\/\/maismagazine.pt\/\",\"logo\":{\"@type\":\"ImageObject\",\"inLanguage\":\"pt-PT\",\"@id\":\"https:\/\/maismagazine.pt\/#\/schema\/logo\/image\/\",\"url\":\"http:\/\/maismagazine.pt\/wp-content\/uploads\/2020\/04\/cropped-cropped-mais-magazine-site-logo-2.png\",\"contentUrl\":\"http:\/\/maismagazine.pt\/wp-content\/uploads\/2020\/04\/cropped-cropped-mais-magazine-site-logo-2.png\",\"width\":581,\"height\":90,\"caption\":\"Mais Magazine\"},\"image\":{\"@id\":\"https:\/\/maismagazine.pt\/#\/schema\/logo\/image\/\"}},{\"@type\":\"Person\",\"@id\":\"https:\/\/maismagazine.pt\/#\/schema\/person\/999bd426f894ff56d397ec12ebd21ebb\",\"name\":\"Jo\u00e3o Malainho\",\"image\":{\"@type\":\"ImageObject\",\"inLanguage\":\"pt-PT\",\"@id\":\"https:\/\/maismagazine.pt\/#\/schema\/person\/image\/\",\"url\":\"https:\/\/secure.gravatar.com\/avatar\/ff03c2f38edf60b2a827aa4f74878491?s=96&d=mm&r=g\",\"contentUrl\":\"https:\/\/secure.gravatar.com\/avatar\/ff03c2f38edf60b2a827aa4f74878491?s=96&d=mm&r=g\",\"caption\":\"Jo\u00e3o Malainho\"},\"url\":\"http:\/\/maismagazine.pt\/index.php\/author\/maismagazine\/\"}]}<\/script>\n<!-- \/ Yoast SEO plugin. -->","yoast_head_json":{"title":"DZINE, interiores com alma - Mais Magazine","description":"Uma apaixonada pelo Design, Andreia Matias \u00e9 a fundadora e for\u00e7a criativa da DZINE & Co., uma incubadora de \u201cambientes com Alma\u201d Mais Magazine (MM)\u2013 A DZINE & Co. distingue-se pelos seus servi\u00e7os de excel\u00eancia nas \u00e1reas de Arquitetura, Design de interiores e Decora\u00e7\u00e3o.","robots":{"index":"index","follow":"follow","max-snippet":"max-snippet:-1","max-image-preview":"max-image-preview:large","max-video-preview":"max-video-preview:-1"},"canonical":"https:\/\/maismagazine.pt\/index.php\/2021\/10\/30\/dzine-interiores-com-alma\/","og_locale":"pt_PT","og_type":"article","og_title":"DZINE, interiores com alma - Mais Magazine","og_description":"Uma apaixonada pelo Design, Andreia Matias \u00e9 a fundadora e for\u00e7a criativa da DZINE & Co., uma incubadora de \u201cambientes com Alma\u201d Mais Magazine (MM)\u2013 A DZINE & Co. distingue-se pelos seus servi\u00e7os de excel\u00eancia nas \u00e1reas de Arquitetura, Design de interiores e Decora\u00e7\u00e3o.","og_url":"https:\/\/maismagazine.pt\/index.php\/2021\/10\/30\/dzine-interiores-com-alma\/","og_site_name":"Mais Magazine","article_published_time":"2021-10-30T07:00:00+00:00","article_modified_time":"2021-11-02T11:10:38+00:00","og_image":[{"width":2422,"height":1754,"url":"https:\/\/maismagazine.pt\/wp-content\/uploads\/2021\/10\/Dzine-Poster-alterado_page-0001.jpg","type":"image\/jpeg"}],"author":"Jo\u00e3o Malainho","twitter_card":"summary_large_image","twitter_misc":{"Escrito por":false,"Tempo estimado de leitura":"7 minutos"},"schema":{"@context":"https:\/\/schema.org","@graph":[{"@type":"Article","@id":"https:\/\/maismagazine.pt\/index.php\/2021\/10\/30\/dzine-interiores-com-alma\/#article","isPartOf":{"@id":"https:\/\/maismagazine.pt\/index.php\/2021\/10\/30\/dzine-interiores-com-alma\/"},"author":{"name":"Jo\u00e3o Malainho","@id":"https:\/\/maismagazine.pt\/#\/schema\/person\/999bd426f894ff56d397ec12ebd21ebb"},"headline":"DZINE, interiores com alma","datePublished":"2021-10-30T07:00:00+00:00","dateModified":"2021-11-02T11:10:38+00:00","mainEntityOfPage":{"@id":"https:\/\/maismagazine.pt\/index.php\/2021\/10\/30\/dzine-interiores-com-alma\/"},"wordCount":1559,"commentCount":0,"publisher":{"@id":"https:\/\/maismagazine.pt\/#organization"},"image":{"@id":"https:\/\/maismagazine.pt\/index.php\/2021\/10\/30\/dzine-interiores-com-alma\/#primaryimage"},"thumbnailUrl":"http:\/\/maismagazine.pt\/wp-content\/uploads\/2021\/10\/Dzine-Poster-alterado_page-0001.jpg","articleSection":["Atualidade","Destaques"],"inLanguage":"pt-PT","potentialAction":[{"@type":"CommentAction","name":"Comment","target":["https:\/\/maismagazine.pt\/index.php\/2021\/10\/30\/dzine-interiores-com-alma\/#respond"]}]},{"@type":"WebPage","@id":"https:\/\/maismagazine.pt\/index.php\/2021\/10\/30\/dzine-interiores-com-alma\/","url":"https:\/\/maismagazine.pt\/index.php\/2021\/10\/30\/dzine-interiores-com-alma\/","name":"DZINE, interiores com alma - Mais Magazine","isPartOf":{"@id":"https:\/\/maismagazine.pt\/#website"},"primaryImageOfPage":{"@id":"https:\/\/maismagazine.pt\/index.php\/2021\/10\/30\/dzine-interiores-com-alma\/#primaryimage"},"image":{"@id":"https:\/\/maismagazine.pt\/index.php\/2021\/10\/30\/dzine-interiores-com-alma\/#primaryimage"},"thumbnailUrl":"http:\/\/maismagazine.pt\/wp-content\/uploads\/2021\/10\/Dzine-Poster-alterado_page-0001.jpg","datePublished":"2021-10-30T07:00:00+00:00","dateModified":"2021-11-02T11:10:38+00:00","description":"Uma apaixonada pelo Design, Andreia Matias \u00e9 a fundadora e for\u00e7a criativa da DZINE & Co., uma incubadora de \u201cambientes com Alma\u201d Mais Magazine (MM)\u2013 A DZINE & Co. distingue-se pelos seus servi\u00e7os de excel\u00eancia nas \u00e1reas de Arquitetura, Design de interiores e Decora\u00e7\u00e3o.","breadcrumb":{"@id":"https:\/\/maismagazine.pt\/index.php\/2021\/10\/30\/dzine-interiores-com-alma\/#breadcrumb"},"inLanguage":"pt-PT","potentialAction":[{"@type":"ReadAction","target":["https:\/\/maismagazine.pt\/index.php\/2021\/10\/30\/dzine-interiores-com-alma\/"]}]},{"@type":"ImageObject","inLanguage":"pt-PT","@id":"https:\/\/maismagazine.pt\/index.php\/2021\/10\/30\/dzine-interiores-com-alma\/#primaryimage","url":"http:\/\/maismagazine.pt\/wp-content\/uploads\/2021\/10\/Dzine-Poster-alterado_page-0001.jpg","contentUrl":"http:\/\/maismagazine.pt\/wp-content\/uploads\/2021\/10\/Dzine-Poster-alterado_page-0001.jpg","width":2422,"height":1754},{"@type":"BreadcrumbList","@id":"https:\/\/maismagazine.pt\/index.php\/2021\/10\/30\/dzine-interiores-com-alma\/#breadcrumb","itemListElement":[{"@type":"ListItem","position":1,"name":"Home","item":"https:\/\/maismagazine.pt\/"},{"@type":"ListItem","position":2,"name":"DZINE, interiores com alma"}]},{"@type":"WebSite","@id":"https:\/\/maismagazine.pt\/#website","url":"https:\/\/maismagazine.pt\/","name":"Mais Magazine","description":"","publisher":{"@id":"https:\/\/maismagazine.pt\/#organization"},"potentialAction":[{"@type":"SearchAction","target":{"@type":"EntryPoint","urlTemplate":"https:\/\/maismagazine.pt\/?s={search_term_string}"},"query-input":{"@type":"PropertyValueSpecification","valueRequired":true,"valueName":"search_term_string"}}],"inLanguage":"pt-PT"},{"@type":"Organization","@id":"https:\/\/maismagazine.pt\/#organization","name":"Mais Magazine","url":"https:\/\/maismagazine.pt\/","logo":{"@type":"ImageObject","inLanguage":"pt-PT","@id":"https:\/\/maismagazine.pt\/#\/schema\/logo\/image\/","url":"http:\/\/maismagazine.pt\/wp-content\/uploads\/2020\/04\/cropped-cropped-mais-magazine-site-logo-2.png","contentUrl":"http:\/\/maismagazine.pt\/wp-content\/uploads\/2020\/04\/cropped-cropped-mais-magazine-site-logo-2.png","width":581,"height":90,"caption":"Mais Magazine"},"image":{"@id":"https:\/\/maismagazine.pt\/#\/schema\/logo\/image\/"}},{"@type":"Person","@id":"https:\/\/maismagazine.pt\/#\/schema\/person\/999bd426f894ff56d397ec12ebd21ebb","name":"Jo\u00e3o Malainho","image":{"@type":"ImageObject","inLanguage":"pt-PT","@id":"https:\/\/maismagazine.pt\/#\/schema\/person\/image\/","url":"https:\/\/secure.gravatar.com\/avatar\/ff03c2f38edf60b2a827aa4f74878491?s=96&d=mm&r=g","contentUrl":"https:\/\/secure.gravatar.com\/avatar\/ff03c2f38edf60b2a827aa4f74878491?s=96&d=mm&r=g","caption":"Jo\u00e3o Malainho"},"url":"http:\/\/maismagazine.pt\/index.php\/author\/maismagazine\/"}]}},"author_meta":{"display_name":false,"author_link":"http:\/\/maismagazine.pt\/index.php\/author\/maismagazine\/"},"featured_img":"http:\/\/maismagazine.pt\/wp-content\/uploads\/2021\/10\/Dzine-Poster-alterado_page-0001-300x217.jpg","coauthors":[],"tax_additional":{"categories":{"linked":["<a href=\"http:\/\/maismagazine.pt\/index.php\/category\/atualidade\/\" class=\"advgb-post-tax-term\">Atualidade<\/a>","<a href=\"http:\/\/maismagazine.pt\/index.php\/category\/destaques\/\" class=\"advgb-post-tax-term\">Destaques<\/a>"],"unlinked":["<span class=\"advgb-post-tax-term\">Atualidade<\/span>","<span class=\"advgb-post-tax-term\">Destaques<\/span>"]}},"comment_count":"0","relative_dates":{"created":"Posted 5 anos ago","modified":"Updated 4 anos ago"},"absolute_dates":{"created":"Posted on 30 de Outubro, 2021","modified":"Updated on 2 de Novembro, 2021"},"absolute_dates_time":{"created":"Posted on 30 de Outubro, 2021 7:00","modified":"Updated on 2 de Novembro, 2021 11:10"},"featured_img_caption":"","series_order":"","_links":{"self":[{"href":"http:\/\/maismagazine.pt\/index.php\/wp-json\/wp\/v2\/posts\/1304","targetHints":{"allow":["GET"]}}],"collection":[{"href":"http:\/\/maismagazine.pt\/index.php\/wp-json\/wp\/v2\/posts"}],"about":[{"href":"http:\/\/maismagazine.pt\/index.php\/wp-json\/wp\/v2\/types\/post"}],"author":[{"embeddable":true,"href":"http:\/\/maismagazine.pt\/index.php\/wp-json\/wp\/v2\/users\/7"}],"replies":[{"embeddable":true,"href":"http:\/\/maismagazine.pt\/index.php\/wp-json\/wp\/v2\/comments?post=1304"}],"version-history":[{"count":3,"href":"http:\/\/maismagazine.pt\/index.php\/wp-json\/wp\/v2\/posts\/1304\/revisions"}],"predecessor-version":[{"id":1545,"href":"http:\/\/maismagazine.pt\/index.php\/wp-json\/wp\/v2\/posts\/1304\/revisions\/1545"}],"wp:featuredmedia":[{"embeddable":true,"href":"http:\/\/maismagazine.pt\/index.php\/wp-json\/wp\/v2\/media\/1529"}],"wp:attachment":[{"href":"http:\/\/maismagazine.pt\/index.php\/wp-json\/wp\/v2\/media?parent=1304"}],"wp:term":[{"taxonomy":"category","embeddable":true,"href":"http:\/\/maismagazine.pt\/index.php\/wp-json\/wp\/v2\/categories?post=1304"},{"taxonomy":"post_tag","embeddable":true,"href":"http:\/\/maismagazine.pt\/index.php\/wp-json\/wp\/v2\/tags?post=1304"}],"curies":[{"name":"wp","href":"https:\/\/api.w.org\/{rel}","templated":true}]}}