{"id":13039,"date":"2025-11-21T07:00:00","date_gmt":"2025-11-21T07:00:00","guid":{"rendered":"https:\/\/maismagazine.pt\/?p=13039"},"modified":"2025-11-17T10:16:17","modified_gmt":"2025-11-17T10:16:17","slug":"reconstrucao-de-vidas-atraves-da-justica","status":"publish","type":"post","link":"http:\/\/maismagazine.pt\/index.php\/2025\/11\/21\/reconstrucao-de-vidas-atraves-da-justica\/","title":{"rendered":"Reconstru\u00e7\u00e3o de Vidas atrav\u00e9s da Justi\u00e7a"},"content":{"rendered":"\n<p><strong>Lu\u00edsa Teixeira, Advogada e Fundadora do <a href=\"http:\/\/www.gabinetejuridicolt.com\">Gabinete Jur\u00eddico LT<\/a>, dedica h\u00e1 21 anos a sua carreira a defender Mulheres v\u00edtimas de viol\u00eancia dom\u00e9stica. Com uma abordagem que une t\u00e9cnica, empatia e coragem, a Advogada acompanha cada caso como uma miss\u00e3o de vida, ajudando as suas clientes a reconquistarem a seguran\u00e7a, dignidade e a esperan\u00e7a de uma nova vida.<\/strong><\/p>\n\n\n\n<p><\/p>\n\n\n\n<p>Desde cedo, Lu\u00edsa Teixeira tra\u00e7ou o rumo da sua vida profissional com a clareza de quem sabe o que quer: ser Advogada. A paix\u00e3o pelo Direito, aliada a uma vis\u00e3o moderna e ambiciosa da Advocacia, levou-a a concretizar um sonho \u2014 fundar o seu pr\u00f3prio Escrit\u00f3rio de Advogados, o Gabinete Jur\u00eddico LT. <\/p>\n\n\n<div class=\"wp-block-image\">\n<figure class=\"alignright size-full is-resized\"><img loading=\"lazy\" decoding=\"async\" width=\"476\" height=\"715\" src=\"https:\/\/maismagazine.pt\/wp-content\/uploads\/2025\/11\/069-2.jpg\" alt=\"\" class=\"wp-image-13041\" style=\"width:306px;height:auto\" srcset=\"http:\/\/maismagazine.pt\/wp-content\/uploads\/2025\/11\/069-2.jpg 476w, http:\/\/maismagazine.pt\/wp-content\/uploads\/2025\/11\/069-2-200x300.jpg 200w\" sizes=\"auto, (max-width: 476px) 100vw, 476px\" \/><\/figure><\/div>\n\n\n<p>Localizado no cora\u00e7\u00e3o da cidade da Maia, a poucos passos da C\u00e2mara Municipal e do Tribunal, o Gabinete distingue-se pelo rigor, pela aten\u00e7\u00e3o ao detalhe e pela forma como conjuga tradi\u00e7\u00e3o e inova\u00e7\u00e3o. Cada elemento do espa\u00e7o \u2014 da est\u00e9tica ao atendimento \u2014 foi pensado para refletir o profissionalismo e a proximidade que caracterizam o trabalho de Lu\u00edsa Teixeira. \u201cRespeitando e valorizando a seriedade, honestidade e profissionalismo inerentes ao exerc\u00edcio do Direito, este Gabinete pauta-se pela inova\u00e7\u00e3o que pretende impor neste meio, onde novas ferramentas e m\u00e9todos de trabalho se exigem. Tudo com um \u00fanico objetivo: a satisfa\u00e7\u00e3o do Cliente\u201d, afirma a Advogada. <\/p>\n\n\n\n<p><\/p>\n\n\n\n<p>Mais do que um espa\u00e7o de pr\u00e1tica jur\u00eddica, o Gabinete Jur\u00eddico LT reflete uma forma de estar no Direito \u2014 comprometida, humana e profundamente consciente do impacto social da Advocacia. Essa vis\u00e3o ganha um significado especial no Dia Internacional para a Elimina\u00e7\u00e3o da Viol\u00eancia contra a Mulher, data que sublinha uma das causas que mais marcam o percurso de Lu\u00edsa Teixeira. <\/p>\n\n\n\n<p><\/p>\n\n\n\n<p>Com 21 anos de carreira pautada pela experi\u00eancia, coragem e entrega total \u00e0 causa da Justi\u00e7a, a Advogada tornou-se uma refer\u00eancia na defesa de V\u00edtimas de viol\u00eancia dom\u00e9stica, contando com uma elevada taxa de sucesso nestes casos. Ao seu Escrit\u00f3rio chegam Mulheres em momentos de total fragilidade. \u201cOs Processos de viol\u00eancia dom\u00e9stica foram surgindo no \u00e2mbito de Processos de Div\u00f3rcio, em rela\u00e7\u00f5es que est\u00e3o para terminar ou que j\u00e1 terminaram e as Mulheres sentem-se perdidas.\u201d <\/p>\n\n\n\n<p><\/p>\n\n\n\n<p>Lu\u00edsa Teixeira conhece de perto o retrato social deste problema. Explica que muitas destas Mulheres \u201cvivem rela\u00e7\u00f5es de 20 e 30 anos\u201d e que, quando finalmente pedem ajuda, \u201cest\u00e3o j\u00e1 numa fase de querer p\u00f4r fim \u00e0 sua vida\u201d. O medo do agressor, a vergonha social, a depend\u00eancia econ\u00f3mica e o receio de prejudicar os Filhos s\u00e3o barreiras que se repetem em quase todos os casos. \u201cAs M\u00e3es veem os Filhos como motivo para n\u00e3o fazer den\u00fancia: \u2018\u00e9 o Pai dos meus Filhos\u2019, dizem. N\u00e3o percebem que um mau Marido \u00e9 tamb\u00e9m um mau Pai\u201d, reflete a Advogada. <\/p>\n\n\n\n<p><\/p>\n\n\n\n<p>Lu\u00edsa Teixeira aproveita ainda para alertar para a dimens\u00e3o transversal da viol\u00eancia dom\u00e9stica: n\u00e3o afeta apenas as Mulheres, mas tamb\u00e9m as crian\u00e7as. Quando h\u00e1 menores envolvidos, \u201cautomaticamente ficam referenciados pela CPCJ\u201d, \u00e9-lhes atribu\u00eddo o Estatuto de V\u00edtima e passam a ter acompanhamento social e psicol\u00f3gico. \u201cAs Crian\u00e7as que vivem este terror, normalmente, t\u00eam pouco aproveitamento escolar e comportamentos desviantes\u201d, sublinha. Por isso, insiste: \u201cQuando se falam de V\u00edtimas, n\u00e3o \u00e9 s\u00f3 as Mulheres, tamb\u00e9m os Filhos.\u201d  <\/p>\n\n\n<div class=\"wp-block-image\">\n<figure class=\"aligncenter size-full is-resized\"><img loading=\"lazy\" decoding=\"async\" width=\"750\" height=\"500\" src=\"https:\/\/maismagazine.pt\/wp-content\/uploads\/2025\/11\/117-1.jpg\" alt=\"\" class=\"wp-image-13042\" style=\"width:489px;height:auto\" srcset=\"http:\/\/maismagazine.pt\/wp-content\/uploads\/2025\/11\/117-1.jpg 750w, http:\/\/maismagazine.pt\/wp-content\/uploads\/2025\/11\/117-1-300x200.jpg 300w, http:\/\/maismagazine.pt\/wp-content\/uploads\/2025\/11\/117-1-150x100.jpg 150w\" sizes=\"auto, (max-width: 750px) 100vw, 750px\" \/><\/figure><\/div>\n\n\n<p>Mas lidar com estes processos exige muito mais do que compet\u00eancia t\u00e9cnica. Exige empatia, presen\u00e7a e coragem. Lu\u00edsa n\u00e3o se limita ao papel jur\u00eddico tradicional \u2014 assume cada caso como \u201cum processo-miss\u00e3o\u201d. \u201cQuando nos \u00e9 passada esta situa\u00e7\u00e3o e a pessoa pede ajuda, o Advogado tem de ter uma entrega total. Pelo menos \u00e9 assim comigo. Acompanho a pessoa desde a desloca\u00e7\u00e3o ao \u00d3rg\u00e3o de Pol\u00edcia Criminal para fazer a den\u00fancia \u2013 recorrendo sempre a Gabinetes de Apoio \u00e0 V\u00edtima muito bem preparados para receber estas queixas \u2013 at\u00e9 que seja aplicada uma Medida de Coa\u00e7\u00e3o de proibi\u00e7\u00e3o de contactos com a V\u00edtima ou de frequentarem os mesmos locais, por exemplo. At\u00e9 a\u00ed eu n\u00e3o abandono a pessoa. Desgasta-me muito enquanto Advogada, mas \u00e9 assim que eu fa\u00e7o! A entrega que eu fa\u00e7o \u00e9 esta!\u201d, afirma Lu\u00edsa. <\/p>\n\n\n<div class=\"wp-block-image\">\n<figure class=\"alignleft size-full is-resized\"><img loading=\"lazy\" decoding=\"async\" width=\"500\" height=\"750\" src=\"https:\/\/maismagazine.pt\/wp-content\/uploads\/2025\/11\/231-1.jpg\" alt=\"\" class=\"wp-image-13043\" style=\"width:299px;height:auto\" srcset=\"http:\/\/maismagazine.pt\/wp-content\/uploads\/2025\/11\/231-1.jpg 500w, http:\/\/maismagazine.pt\/wp-content\/uploads\/2025\/11\/231-1-200x300.jpg 200w\" sizes=\"auto, (max-width: 500px) 100vw, 500px\" \/><\/figure><\/div>\n\n\n<p>Determinada e convicta, Lu\u00edsa Teixeira recusa a passividade. \u201cQuando n\u00e3o s\u00e3o aplicadas as Medidas de Coa\u00e7\u00e3o certas, o Advogado tem de recorrer. N\u00e3o podemos ser passivos, mas proativos.\u201d E refor\u00e7a: \u201cTem de ser sempre uma medida que permita \u00e0 v\u00edtima estar segura.\u201d <\/p>\n\n\n\n<p><\/p>\n\n\n\n<p>Esta entrega tem dado frutos. A Advogada orgulha-se da sua \u201celevada taxa de sucesso\u201d e da correta aplica\u00e7\u00e3o das Medidas de Coa\u00e7\u00e3o. \u201cO mais gratificante \u00e9 que a taxa de sucesso existe e as Medidas de Coa\u00e7\u00e3o s\u00e3o bem aplicadas, porque h\u00e1 trabalho!\u201d<\/p>\n\n\n\n<p><\/p>\n\n\n\n<p>A complexidade destes Processos \u00e9 enorme \u2014 muitas vezes, a viol\u00eancia ocorre \u201cdentro de quatro paredes\u201d, sem testemunhas ou provas, e as v\u00edtimas resistem em procurar ajuda m\u00e9dica. A Advogada destaca que \u201c\u00e0s vezes as agress\u00f5es n\u00e3o s\u00e3o f\u00edsicas, mas sim psicol\u00f3gicas, envolvendo o medo ou a priva\u00e7\u00e3o de dinheiro.\u201d Por isso, aconselha todas as v\u00edtimas a registarem qualquer epis\u00f3dio: \u201cMesmo que seja apenas um estalo, deve registar-se! Escrever um di\u00e1rio ou um email e relatar na primeira pessoa o que viveu nestes anos todos.\u201d <\/p>\n\n\n\n<p><\/p>\n\n\n\n<p>Por isso mesmo, a Advogada insiste que os sinais de alerta n\u00e3o devem ser ignorados \u2014 \u201cchamar nomes, humilhar, privar de dinheiro\u201d s\u00e3o formas de viol\u00eancia. Sublinha ainda que o problema n\u00e3o se limita a um estrato social: \u201cN\u00e3o acontece s\u00f3 em fam\u00edlias humildes. H\u00e1 muitos casos de pessoas que vivem muito bem, mas que t\u00eam relacionamentos completamente t\u00f3xicos.\u201d <\/p>\n\n\n\n<p><\/p>\n\n\n\n<p>Assumir um Processo de viol\u00eancia dom\u00e9stica \u00e9 sempre um procedimento bastante solit\u00e1rio, sendo n\u00e3o raras as vezes em que surgem desafios acrescidos. \u201cDo outro lado, h\u00e1 sempre um agressor e um ou uma Colega que o defende. Muitas vezes sou vista como inimiga. J\u00e1 sofri amea\u00e7as, mas nunca tive medo, nem me verguei em circunst\u00e2ncia alguma.\u201d <\/p>\n\n\n<div class=\"wp-block-image\">\n<figure class=\"alignright size-full is-resized\"><img loading=\"lazy\" decoding=\"async\" width=\"500\" height=\"750\" src=\"https:\/\/maismagazine.pt\/wp-content\/uploads\/2025\/11\/126-1.jpg\" alt=\"\" class=\"wp-image-13044\" style=\"width:251px;height:auto\" srcset=\"http:\/\/maismagazine.pt\/wp-content\/uploads\/2025\/11\/126-1.jpg 500w, http:\/\/maismagazine.pt\/wp-content\/uploads\/2025\/11\/126-1-200x300.jpg 200w\" sizes=\"auto, (max-width: 500px) 100vw, 500px\" \/><\/figure><\/div>\n\n\n<p>Apesar de tudo, o retorno \u00e9 incompar\u00e1vel, refor\u00e7ando o papel fundamental do Advogado para transformar estas hist\u00f3rias. As suas clientes reconhecem frequentemente a import\u00e2ncia do apoio recebido: \u201cDizem-me: \u2018foi o anjo que me salvou a mim e aos meus Filhos\u2019. \u00c9 um trabalho de entrega extrema e n\u00e3o \u00e9 para qualquer pessoa, mas que no fim se torna muito gratificante\u201d, confessa Lu\u00edsa. <\/p>\n\n\n\n<p><\/p>\n\n\n\n<p>A for\u00e7a de Lu\u00edsa Teixeira traduz-se nos resultados, relatando casos em que mulheres que chegaram ao escrit\u00f3rio \u201ccom vontade de p\u00f4r fim \u00e0 vida\u201d hoje est\u00e3o \u201cempoderadas, com bom emprego, bons Filhos e a tratar do div\u00f3rcio.\u201d A sua miss\u00e3o vai al\u00e9m do Tribunal: \u00e9 tamb\u00e9m sobre reconstruir pessoas. \u201cTem de se tratar uma pessoa como pessoa, todas s\u00e3o diferentes, \u00e9 isso que me move, ver que o tribunal aplicou uma boa Medida de Coa\u00e7\u00e3o.\u201d <\/p>\n\n\n\n<p><\/p>\n\n\n\n<p>A Advogada maiata recomenda uma estrat\u00e9gia de tr\u00eas passos para quem se encontra nesta situa\u00e7\u00e3o: consci\u00eancia, rede de apoio e orienta\u00e7\u00e3o profissional. \u201cA primeira coisa \u00e9 tomar a decis\u00e3o de que est\u00e1 a ser v\u00edtima e quer sair daquele cen\u00e1rio. Depois partilhar com uma boa rede de apoio o que est\u00e1 a viver e procurar algu\u00e9m a n\u00edvel profissional que esteja disposto a ajud\u00e1-la.\u201d<\/p>\n\n\n\n<p><\/p>\n\n\n\n<p>A mensagem que deixa \u00e9 de coragem e esperan\u00e7a. \u201cA Mulher tem de perceber que h\u00e1 solu\u00e7\u00f5es para estas situa\u00e7\u00f5es extremas e saber que \u00e9 dona da sua vida. N\u00e3o \u00e9 por ter Filhos que se deve sujeitar a isto.\u201d Lu\u00edsa compara o processo de liberta\u00e7\u00e3o a atravessar um t\u00fanel escuro. \u201cEst\u00e3o dentro do t\u00fanel, tudo escuro, mas para verem a luz, t\u00eam de caminhar e ter coragem de passar por este processo. \u00c9 um renascer, porque t\u00eam direito de reconstruir a sua vida enquanto Mulheres e Seres Humanos. N\u00e3o \u00e9 uma utopia, o final ser\u00e1 gratificante.\u201d <\/p>\n\n\n\n<p><\/p>\n\n\n\n<p>A atua\u00e7\u00e3o de Lu\u00edsa Teixeira \u00e9, assim, o espelho de uma Advocacia que alia t\u00e9cnica e empatia, rigor e sensibilidade, fazendo do Direito n\u00e3o apenas uma profiss\u00e3o, mas uma miss\u00e3o de defesa da dignidade humana. <\/p>\n\n\n<div class=\"wp-block-image\">\n<figure class=\"aligncenter size-full is-resized\"><img loading=\"lazy\" decoding=\"async\" width=\"477\" height=\"715\" src=\"https:\/\/maismagazine.pt\/wp-content\/uploads\/2025\/11\/097.jpg\" alt=\"\" class=\"wp-image-13045\" style=\"width:306px;height:auto\" srcset=\"http:\/\/maismagazine.pt\/wp-content\/uploads\/2025\/11\/097.jpg 477w, http:\/\/maismagazine.pt\/wp-content\/uploads\/2025\/11\/097-200x300.jpg 200w\" sizes=\"auto, (max-width: 477px) 100vw, 477px\" \/><\/figure><\/div>\n\n\n<p>Em cada palavra, Lu\u00edsa revela-se n\u00e3o apenas uma profissional do Direito, como tamb\u00e9m uma Mulher que faz do seu of\u00edcio uma miss\u00e3o de vida. Com coragem, empatia e uma entrega rara, a Advogada transforma dor em justi\u00e7a, medo em liberdade e sil\u00eancio em voz. E \u00e9 justamente essa voz \u2014 firme, emp\u00e1tica e incans\u00e1vel \u2014 que tantas M\u00e3es e Filhos hoje reconhecem como o come\u00e7o da sua segunda oportunidade.<\/p>\n\n\n\n<p><\/p>\n\n\n<div class=\"wp-block-image\">\n<figure class=\"aligncenter size-large is-resized\"><img loading=\"lazy\" decoding=\"async\" width=\"1024\" height=\"411\" src=\"https:\/\/maismagazine.pt\/wp-content\/uploads\/2025\/11\/Logo-01-1024x411.png\" alt=\"\" class=\"wp-image-13046\" style=\"width:316px;height:auto\" srcset=\"http:\/\/maismagazine.pt\/wp-content\/uploads\/2025\/11\/Logo-01-1024x411.png 1024w, http:\/\/maismagazine.pt\/wp-content\/uploads\/2025\/11\/Logo-01-300x120.png 300w, http:\/\/maismagazine.pt\/wp-content\/uploads\/2025\/11\/Logo-01-768x308.png 768w, http:\/\/maismagazine.pt\/wp-content\/uploads\/2025\/11\/Logo-01.png 1182w\" sizes=\"auto, (max-width: 1024px) 100vw, 1024px\" \/><\/figure><\/div>\n\n\n<p><canvas width=\"995\" height=\"1405\"><\/canvas><\/p>\n\n\n\n<p><canvas width=\"995\" height=\"1405\"><\/canvas><\/p>\n","protected":false},"excerpt":{"rendered":"<p>Lu\u00edsa Teixeira, Advogada e Fundadora do Gabinete Jur\u00eddico LT, dedica h\u00e1 21 anos a sua carreira a defender Mulheres v\u00edtimas de viol\u00eancia dom\u00e9stica. Com uma abordagem que une t\u00e9cnica, empatia e coragem, a Advogada acompanha cada caso como uma miss\u00e3o de vida, ajudando as suas clientes a reconquistarem a seguran\u00e7a,&hellip;<\/p>\n","protected":false},"author":18,"featured_media":13040,"comment_status":"closed","ping_status":"open","sticky":false,"template":"","format":"standard","meta":{"advgb_blocks_editor_width":"","advgb_blocks_columns_visual_guide":"","_monsterinsights_skip_tracking":false,"_monsterinsights_sitenote_active":false,"_monsterinsights_sitenote_note":"","_monsterinsights_sitenote_category":0,"footnotes":""},"categories":[50],"tags":[2501,1911,2327,125],"class_list":["post-13039","post","type-post","status-publish","format-standard","has-post-thumbnail","hentry","category-destaques","tag-advogada","tag-gabinete-juridico-lt","tag-justica","tag-mulheres"],"yoast_head":"<!-- This site is optimized with the Yoast SEO plugin v24.4 - https:\/\/yoast.com\/wordpress\/plugins\/seo\/ -->\n<title>Reconstru\u00e7\u00e3o de Vidas atrav\u00e9s da Justi\u00e7a - Mais Magazine<\/title>\n<meta name=\"robots\" content=\"index, follow, max-snippet:-1, max-image-preview:large, max-video-preview:-1\" \/>\n<link rel=\"canonical\" href=\"http:\/\/maismagazine.pt\/index.php\/2025\/11\/21\/reconstrucao-de-vidas-atraves-da-justica\/\" \/>\n<meta property=\"og:locale\" content=\"pt_PT\" \/>\n<meta property=\"og:type\" content=\"article\" \/>\n<meta property=\"og:title\" content=\"Reconstru\u00e7\u00e3o de Vidas atrav\u00e9s da Justi\u00e7a - Mais Magazine\" \/>\n<meta property=\"og:description\" content=\"Lu\u00edsa Teixeira, Advogada e Fundadora do Gabinete Jur\u00eddico LT, dedica h\u00e1 21 anos a sua carreira a defender Mulheres v\u00edtimas de viol\u00eancia dom\u00e9stica. Com uma abordagem que une t\u00e9cnica, empatia e coragem, a Advogada acompanha cada caso como uma miss\u00e3o de vida, ajudando as suas clientes a reconquistarem a seguran\u00e7a,&hellip;\" \/>\n<meta property=\"og:url\" content=\"http:\/\/maismagazine.pt\/index.php\/2025\/11\/21\/reconstrucao-de-vidas-atraves-da-justica\/\" \/>\n<meta property=\"og:site_name\" content=\"Mais Magazine\" \/>\n<meta property=\"article:published_time\" content=\"2025-11-21T07:00:00+00:00\" \/>\n<meta property=\"og:image\" content=\"http:\/\/maismagazine.pt\/wp-content\/uploads\/2025\/11\/035-1.jpg\" \/>\n\t<meta property=\"og:image:width\" content=\"511\" \/>\n\t<meta property=\"og:image:height\" content=\"757\" \/>\n\t<meta property=\"og:image:type\" content=\"image\/jpeg\" \/>\n<meta name=\"author\" content=\"Tatiana Martins\" \/>\n<meta name=\"twitter:card\" content=\"summary_large_image\" \/>\n<meta name=\"twitter:label1\" content=\"Escrito por\" \/>\n\t<meta name=\"twitter:data1\" content=\"\" \/>\n\t<meta name=\"twitter:label2\" content=\"Tempo estimado de leitura\" \/>\n\t<meta name=\"twitter:data2\" content=\"9 minutos\" \/>\n<script type=\"application\/ld+json\" class=\"yoast-schema-graph\">{\"@context\":\"https:\/\/schema.org\",\"@graph\":[{\"@type\":\"Article\",\"@id\":\"http:\/\/maismagazine.pt\/index.php\/2025\/11\/21\/reconstrucao-de-vidas-atraves-da-justica\/#article\",\"isPartOf\":{\"@id\":\"http:\/\/maismagazine.pt\/index.php\/2025\/11\/21\/reconstrucao-de-vidas-atraves-da-justica\/\"},\"author\":{\"name\":\"Tatiana Martins\",\"@id\":\"https:\/\/maismagazine.pt\/#\/schema\/person\/7426e2caeb8df32a1b56aa48dae778c9\"},\"headline\":\"Reconstru\u00e7\u00e3o de Vidas atrav\u00e9s da Justi\u00e7a\",\"datePublished\":\"2025-11-21T07:00:00+00:00\",\"mainEntityOfPage\":{\"@id\":\"http:\/\/maismagazine.pt\/index.php\/2025\/11\/21\/reconstrucao-de-vidas-atraves-da-justica\/\"},\"wordCount\":1502,\"publisher\":{\"@id\":\"https:\/\/maismagazine.pt\/#organization\"},\"image\":{\"@id\":\"http:\/\/maismagazine.pt\/index.php\/2025\/11\/21\/reconstrucao-de-vidas-atraves-da-justica\/#primaryimage\"},\"thumbnailUrl\":\"http:\/\/maismagazine.pt\/wp-content\/uploads\/2025\/11\/035-1.jpg\",\"keywords\":[\"Advogada\",\"Gabinete Jur\u00eddico LT\",\"Justi\u00e7a\",\"mulheres\"],\"articleSection\":[\"Destaques\"],\"inLanguage\":\"pt-PT\"},{\"@type\":\"WebPage\",\"@id\":\"http:\/\/maismagazine.pt\/index.php\/2025\/11\/21\/reconstrucao-de-vidas-atraves-da-justica\/\",\"url\":\"http:\/\/maismagazine.pt\/index.php\/2025\/11\/21\/reconstrucao-de-vidas-atraves-da-justica\/\",\"name\":\"Reconstru\u00e7\u00e3o de Vidas atrav\u00e9s da Justi\u00e7a - Mais Magazine\",\"isPartOf\":{\"@id\":\"https:\/\/maismagazine.pt\/#website\"},\"primaryImageOfPage\":{\"@id\":\"http:\/\/maismagazine.pt\/index.php\/2025\/11\/21\/reconstrucao-de-vidas-atraves-da-justica\/#primaryimage\"},\"image\":{\"@id\":\"http:\/\/maismagazine.pt\/index.php\/2025\/11\/21\/reconstrucao-de-vidas-atraves-da-justica\/#primaryimage\"},\"thumbnailUrl\":\"http:\/\/maismagazine.pt\/wp-content\/uploads\/2025\/11\/035-1.jpg\",\"datePublished\":\"2025-11-21T07:00:00+00:00\",\"breadcrumb\":{\"@id\":\"http:\/\/maismagazine.pt\/index.php\/2025\/11\/21\/reconstrucao-de-vidas-atraves-da-justica\/#breadcrumb\"},\"inLanguage\":\"pt-PT\",\"potentialAction\":[{\"@type\":\"ReadAction\",\"target\":[\"http:\/\/maismagazine.pt\/index.php\/2025\/11\/21\/reconstrucao-de-vidas-atraves-da-justica\/\"]}]},{\"@type\":\"ImageObject\",\"inLanguage\":\"pt-PT\",\"@id\":\"http:\/\/maismagazine.pt\/index.php\/2025\/11\/21\/reconstrucao-de-vidas-atraves-da-justica\/#primaryimage\",\"url\":\"http:\/\/maismagazine.pt\/wp-content\/uploads\/2025\/11\/035-1.jpg\",\"contentUrl\":\"http:\/\/maismagazine.pt\/wp-content\/uploads\/2025\/11\/035-1.jpg\",\"width\":511,\"height\":757,\"caption\":\"Evoto\"},{\"@type\":\"BreadcrumbList\",\"@id\":\"http:\/\/maismagazine.pt\/index.php\/2025\/11\/21\/reconstrucao-de-vidas-atraves-da-justica\/#breadcrumb\",\"itemListElement\":[{\"@type\":\"ListItem\",\"position\":1,\"name\":\"Home\",\"item\":\"https:\/\/maismagazine.pt\/\"},{\"@type\":\"ListItem\",\"position\":2,\"name\":\"Reconstru\u00e7\u00e3o de Vidas atrav\u00e9s da Justi\u00e7a\"}]},{\"@type\":\"WebSite\",\"@id\":\"https:\/\/maismagazine.pt\/#website\",\"url\":\"https:\/\/maismagazine.pt\/\",\"name\":\"Mais Magazine\",\"description\":\"\",\"publisher\":{\"@id\":\"https:\/\/maismagazine.pt\/#organization\"},\"potentialAction\":[{\"@type\":\"SearchAction\",\"target\":{\"@type\":\"EntryPoint\",\"urlTemplate\":\"https:\/\/maismagazine.pt\/?s={search_term_string}\"},\"query-input\":{\"@type\":\"PropertyValueSpecification\",\"valueRequired\":true,\"valueName\":\"search_term_string\"}}],\"inLanguage\":\"pt-PT\"},{\"@type\":\"Organization\",\"@id\":\"https:\/\/maismagazine.pt\/#organization\",\"name\":\"Mais Magazine\",\"url\":\"https:\/\/maismagazine.pt\/\",\"logo\":{\"@type\":\"ImageObject\",\"inLanguage\":\"pt-PT\",\"@id\":\"https:\/\/maismagazine.pt\/#\/schema\/logo\/image\/\",\"url\":\"http:\/\/maismagazine.pt\/wp-content\/uploads\/2020\/04\/cropped-cropped-mais-magazine-site-logo-2.png\",\"contentUrl\":\"http:\/\/maismagazine.pt\/wp-content\/uploads\/2020\/04\/cropped-cropped-mais-magazine-site-logo-2.png\",\"width\":581,\"height\":90,\"caption\":\"Mais Magazine\"},\"image\":{\"@id\":\"https:\/\/maismagazine.pt\/#\/schema\/logo\/image\/\"}},{\"@type\":\"Person\",\"@id\":\"https:\/\/maismagazine.pt\/#\/schema\/person\/7426e2caeb8df32a1b56aa48dae778c9\",\"name\":\"Tatiana Martins\",\"image\":{\"@type\":\"ImageObject\",\"inLanguage\":\"pt-PT\",\"@id\":\"https:\/\/maismagazine.pt\/#\/schema\/person\/image\/\",\"url\":\"https:\/\/secure.gravatar.com\/avatar\/4b24a57f5d0425f2eb20981c4b53244e?s=96&d=mm&r=g\",\"contentUrl\":\"https:\/\/secure.gravatar.com\/avatar\/4b24a57f5d0425f2eb20981c4b53244e?s=96&d=mm&r=g\",\"caption\":\"Tatiana Martins\"},\"url\":\"http:\/\/maismagazine.pt\/index.php\/author\/tatiana\/\"}]}<\/script>\n<!-- \/ Yoast SEO plugin. -->","yoast_head_json":{"title":"Reconstru\u00e7\u00e3o de Vidas atrav\u00e9s da Justi\u00e7a - Mais Magazine","robots":{"index":"index","follow":"follow","max-snippet":"max-snippet:-1","max-image-preview":"max-image-preview:large","max-video-preview":"max-video-preview:-1"},"canonical":"http:\/\/maismagazine.pt\/index.php\/2025\/11\/21\/reconstrucao-de-vidas-atraves-da-justica\/","og_locale":"pt_PT","og_type":"article","og_title":"Reconstru\u00e7\u00e3o de Vidas atrav\u00e9s da Justi\u00e7a - Mais Magazine","og_description":"Lu\u00edsa Teixeira, Advogada e Fundadora do Gabinete Jur\u00eddico LT, dedica h\u00e1 21 anos a sua carreira a defender Mulheres v\u00edtimas de viol\u00eancia dom\u00e9stica. Com uma abordagem que une t\u00e9cnica, empatia e coragem, a Advogada acompanha cada caso como uma miss\u00e3o de vida, ajudando as suas clientes a reconquistarem a seguran\u00e7a,&hellip;","og_url":"http:\/\/maismagazine.pt\/index.php\/2025\/11\/21\/reconstrucao-de-vidas-atraves-da-justica\/","og_site_name":"Mais Magazine","article_published_time":"2025-11-21T07:00:00+00:00","og_image":[{"width":511,"height":757,"url":"http:\/\/maismagazine.pt\/wp-content\/uploads\/2025\/11\/035-1.jpg","type":"image\/jpeg"}],"author":"Tatiana Martins","twitter_card":"summary_large_image","twitter_misc":{"Escrito por":false,"Tempo estimado de leitura":"9 minutos"},"schema":{"@context":"https:\/\/schema.org","@graph":[{"@type":"Article","@id":"http:\/\/maismagazine.pt\/index.php\/2025\/11\/21\/reconstrucao-de-vidas-atraves-da-justica\/#article","isPartOf":{"@id":"http:\/\/maismagazine.pt\/index.php\/2025\/11\/21\/reconstrucao-de-vidas-atraves-da-justica\/"},"author":{"name":"Tatiana Martins","@id":"https:\/\/maismagazine.pt\/#\/schema\/person\/7426e2caeb8df32a1b56aa48dae778c9"},"headline":"Reconstru\u00e7\u00e3o de Vidas atrav\u00e9s da Justi\u00e7a","datePublished":"2025-11-21T07:00:00+00:00","mainEntityOfPage":{"@id":"http:\/\/maismagazine.pt\/index.php\/2025\/11\/21\/reconstrucao-de-vidas-atraves-da-justica\/"},"wordCount":1502,"publisher":{"@id":"https:\/\/maismagazine.pt\/#organization"},"image":{"@id":"http:\/\/maismagazine.pt\/index.php\/2025\/11\/21\/reconstrucao-de-vidas-atraves-da-justica\/#primaryimage"},"thumbnailUrl":"http:\/\/maismagazine.pt\/wp-content\/uploads\/2025\/11\/035-1.jpg","keywords":["Advogada","Gabinete Jur\u00eddico LT","Justi\u00e7a","mulheres"],"articleSection":["Destaques"],"inLanguage":"pt-PT"},{"@type":"WebPage","@id":"http:\/\/maismagazine.pt\/index.php\/2025\/11\/21\/reconstrucao-de-vidas-atraves-da-justica\/","url":"http:\/\/maismagazine.pt\/index.php\/2025\/11\/21\/reconstrucao-de-vidas-atraves-da-justica\/","name":"Reconstru\u00e7\u00e3o de Vidas atrav\u00e9s da Justi\u00e7a - Mais Magazine","isPartOf":{"@id":"https:\/\/maismagazine.pt\/#website"},"primaryImageOfPage":{"@id":"http:\/\/maismagazine.pt\/index.php\/2025\/11\/21\/reconstrucao-de-vidas-atraves-da-justica\/#primaryimage"},"image":{"@id":"http:\/\/maismagazine.pt\/index.php\/2025\/11\/21\/reconstrucao-de-vidas-atraves-da-justica\/#primaryimage"},"thumbnailUrl":"http:\/\/maismagazine.pt\/wp-content\/uploads\/2025\/11\/035-1.jpg","datePublished":"2025-11-21T07:00:00+00:00","breadcrumb":{"@id":"http:\/\/maismagazine.pt\/index.php\/2025\/11\/21\/reconstrucao-de-vidas-atraves-da-justica\/#breadcrumb"},"inLanguage":"pt-PT","potentialAction":[{"@type":"ReadAction","target":["http:\/\/maismagazine.pt\/index.php\/2025\/11\/21\/reconstrucao-de-vidas-atraves-da-justica\/"]}]},{"@type":"ImageObject","inLanguage":"pt-PT","@id":"http:\/\/maismagazine.pt\/index.php\/2025\/11\/21\/reconstrucao-de-vidas-atraves-da-justica\/#primaryimage","url":"http:\/\/maismagazine.pt\/wp-content\/uploads\/2025\/11\/035-1.jpg","contentUrl":"http:\/\/maismagazine.pt\/wp-content\/uploads\/2025\/11\/035-1.jpg","width":511,"height":757,"caption":"Evoto"},{"@type":"BreadcrumbList","@id":"http:\/\/maismagazine.pt\/index.php\/2025\/11\/21\/reconstrucao-de-vidas-atraves-da-justica\/#breadcrumb","itemListElement":[{"@type":"ListItem","position":1,"name":"Home","item":"https:\/\/maismagazine.pt\/"},{"@type":"ListItem","position":2,"name":"Reconstru\u00e7\u00e3o de Vidas atrav\u00e9s da Justi\u00e7a"}]},{"@type":"WebSite","@id":"https:\/\/maismagazine.pt\/#website","url":"https:\/\/maismagazine.pt\/","name":"Mais Magazine","description":"","publisher":{"@id":"https:\/\/maismagazine.pt\/#organization"},"potentialAction":[{"@type":"SearchAction","target":{"@type":"EntryPoint","urlTemplate":"https:\/\/maismagazine.pt\/?s={search_term_string}"},"query-input":{"@type":"PropertyValueSpecification","valueRequired":true,"valueName":"search_term_string"}}],"inLanguage":"pt-PT"},{"@type":"Organization","@id":"https:\/\/maismagazine.pt\/#organization","name":"Mais Magazine","url":"https:\/\/maismagazine.pt\/","logo":{"@type":"ImageObject","inLanguage":"pt-PT","@id":"https:\/\/maismagazine.pt\/#\/schema\/logo\/image\/","url":"http:\/\/maismagazine.pt\/wp-content\/uploads\/2020\/04\/cropped-cropped-mais-magazine-site-logo-2.png","contentUrl":"http:\/\/maismagazine.pt\/wp-content\/uploads\/2020\/04\/cropped-cropped-mais-magazine-site-logo-2.png","width":581,"height":90,"caption":"Mais Magazine"},"image":{"@id":"https:\/\/maismagazine.pt\/#\/schema\/logo\/image\/"}},{"@type":"Person","@id":"https:\/\/maismagazine.pt\/#\/schema\/person\/7426e2caeb8df32a1b56aa48dae778c9","name":"Tatiana Martins","image":{"@type":"ImageObject","inLanguage":"pt-PT","@id":"https:\/\/maismagazine.pt\/#\/schema\/person\/image\/","url":"https:\/\/secure.gravatar.com\/avatar\/4b24a57f5d0425f2eb20981c4b53244e?s=96&d=mm&r=g","contentUrl":"https:\/\/secure.gravatar.com\/avatar\/4b24a57f5d0425f2eb20981c4b53244e?s=96&d=mm&r=g","caption":"Tatiana Martins"},"url":"http:\/\/maismagazine.pt\/index.php\/author\/tatiana\/"}]}},"author_meta":{"display_name":false,"author_link":"http:\/\/maismagazine.pt\/index.php\/author\/tatiana\/"},"featured_img":"http:\/\/maismagazine.pt\/wp-content\/uploads\/2025\/11\/035-1-203x300.jpg","coauthors":[],"tax_additional":{"categories":{"linked":["<a href=\"http:\/\/maismagazine.pt\/index.php\/category\/destaques\/\" class=\"advgb-post-tax-term\">Destaques<\/a>"],"unlinked":["<span class=\"advgb-post-tax-term\">Destaques<\/span>"]},"tags":{"linked":["<a href=\"http:\/\/maismagazine.pt\/index.php\/category\/destaques\/\" class=\"advgb-post-tax-term\">Advogada<\/a>","<a href=\"http:\/\/maismagazine.pt\/index.php\/category\/destaques\/\" class=\"advgb-post-tax-term\">Gabinete Jur\u00eddico LT<\/a>","<a href=\"http:\/\/maismagazine.pt\/index.php\/category\/destaques\/\" class=\"advgb-post-tax-term\">Justi\u00e7a<\/a>","<a href=\"http:\/\/maismagazine.pt\/index.php\/category\/destaques\/\" class=\"advgb-post-tax-term\">mulheres<\/a>"],"unlinked":["<span class=\"advgb-post-tax-term\">Advogada<\/span>","<span class=\"advgb-post-tax-term\">Gabinete Jur\u00eddico LT<\/span>","<span class=\"advgb-post-tax-term\">Justi\u00e7a<\/span>","<span class=\"advgb-post-tax-term\">mulheres<\/span>"]}},"comment_count":"0","relative_dates":{"created":"Posted 5 meses ago","modified":"Updated 5 meses ago"},"absolute_dates":{"created":"Posted on 21 de Novembro, 2025","modified":"Updated on 17 de Novembro, 2025"},"absolute_dates_time":{"created":"Posted on 21 de Novembro, 2025 7:00","modified":"Updated on 17 de Novembro, 2025 10:16"},"featured_img_caption":"Evoto","series_order":"","_links":{"self":[{"href":"http:\/\/maismagazine.pt\/index.php\/wp-json\/wp\/v2\/posts\/13039","targetHints":{"allow":["GET"]}}],"collection":[{"href":"http:\/\/maismagazine.pt\/index.php\/wp-json\/wp\/v2\/posts"}],"about":[{"href":"http:\/\/maismagazine.pt\/index.php\/wp-json\/wp\/v2\/types\/post"}],"author":[{"embeddable":true,"href":"http:\/\/maismagazine.pt\/index.php\/wp-json\/wp\/v2\/users\/18"}],"replies":[{"embeddable":true,"href":"http:\/\/maismagazine.pt\/index.php\/wp-json\/wp\/v2\/comments?post=13039"}],"version-history":[{"count":1,"href":"http:\/\/maismagazine.pt\/index.php\/wp-json\/wp\/v2\/posts\/13039\/revisions"}],"predecessor-version":[{"id":13047,"href":"http:\/\/maismagazine.pt\/index.php\/wp-json\/wp\/v2\/posts\/13039\/revisions\/13047"}],"wp:featuredmedia":[{"embeddable":true,"href":"http:\/\/maismagazine.pt\/index.php\/wp-json\/wp\/v2\/media\/13040"}],"wp:attachment":[{"href":"http:\/\/maismagazine.pt\/index.php\/wp-json\/wp\/v2\/media?parent=13039"}],"wp:term":[{"taxonomy":"category","embeddable":true,"href":"http:\/\/maismagazine.pt\/index.php\/wp-json\/wp\/v2\/categories?post=13039"},{"taxonomy":"post_tag","embeddable":true,"href":"http:\/\/maismagazine.pt\/index.php\/wp-json\/wp\/v2\/tags?post=13039"}],"curies":[{"name":"wp","href":"https:\/\/api.w.org\/{rel}","templated":true}]}}