{"id":13012,"date":"2025-10-24T07:00:00","date_gmt":"2025-10-24T06:00:00","guid":{"rendered":"https:\/\/maismagazine.pt\/?p=13012"},"modified":"2025-10-22T15:20:04","modified_gmt":"2025-10-22T14:20:04","slug":"valorizar-quem-cuida-e-um-investimento-com-retorno","status":"publish","type":"post","link":"http:\/\/maismagazine.pt\/index.php\/2025\/10\/24\/valorizar-quem-cuida-e-um-investimento-com-retorno\/","title":{"rendered":"Valorizar quem cuida \u00e9 um investimento com retorno"},"content":{"rendered":"\n<p>As miseric\u00f3rdias, as estruturas residenciais para pessoas idosas (ERPI), as unidades de cuidados continuados e as equipas de apoio domicili\u00e1rio garantem cuidados di\u00e1rios a milhares de cidad\u00e3os com depend\u00eancia, doen\u00e7a cr\u00f3nica ou fragilidade social.<\/p>\n\n\n\n<p>No centro destas respostas est\u00e3o os enfermeiros, profissionais que asseguram a continuidade, a seguran\u00e7a e a qualidade dos cuidados. A sua presen\u00e7a \u00e9 determinante para prevenir complica\u00e7\u00f5es, promover autonomia e melhorar a qualidade de vida das pessoas. Apesar disso, o setor social continua a enfrentar um d\u00e9fice grave de enfermeiros. Existem institui\u00e7\u00f5es em que um \u00fanico profissional \u00e9 respons\u00e1vel por dezenas de utentes, o que compromete a seguran\u00e7a dos cuidados e aumenta o risco de erro. Estas fragilidades t\u00eam impacto direto na sustentabilidade das institui\u00e7\u00f5es. Sem equipas est\u00e1veis e qualificadas, o setor perde capacidade para responder \u00e0 crescente procura e v\u00ea comprometida a sua miss\u00e3o social. Valorizar os enfermeiros \u00e9, portanto, uma condi\u00e7\u00e3o essencial para garantir a continuidade e a credibilidade destas respostas.<\/p>\n\n\n\n<p>\u00c9 indispens\u00e1vel promover tamb\u00e9m uma integra\u00e7\u00e3o efetiva entre o setor social e o sistema de sa\u00fade. A articula\u00e7\u00e3o entre ambos permitir\u00e1 respostas mais coordenadas, otimiza\u00e7\u00e3o de recursos e continuidade de cuidados, especialmente nas transi\u00e7\u00f5es entre hospital, domic\u00edlio e estruturas residenciais.<\/p>\n\n\n\n<p>Investir na coopera\u00e7\u00e3o entre os dois sistemas \u00e9 investir na efici\u00eancia e na sustentabilidade do modelo de cuidados. A cria\u00e7\u00e3o de circuitos partilhados, a defini\u00e7\u00e3o de referencia\u00e7\u00f5es claras e o refor\u00e7o do papel dos enfermeiros na gest\u00e3o de casos s\u00e3o medidas que influenciam positivamente a qualidade dos servi\u00e7os e a satisfa\u00e7\u00e3o das pessoas cuidadas.<\/p>\n\n\n\n<p>Cuidar de quem cuida \u00e9 o primeiro passo para garantir a dignidade de quem \u00e9 cuidado. Valorizar os enfermeiros e promover uma integra\u00e7\u00e3o entre o setor social e o sistema de sa\u00fade \u00e9 assegurar um futuro mais humano e sustent\u00e1vel para todos. <\/p>\n\n\n\n<p><\/p>\n\n\n\n<p><em>Lu\u00eds Filipe Barreira, Baston\u00e1rio da Ordem dos Enfermeiros<\/em><\/p>\n\n\n<div class=\"wp-block-image\">\n<figure class=\"aligncenter size-full is-resized\"><img loading=\"lazy\" decoding=\"async\" width=\"500\" height=\"216\" src=\"https:\/\/maismagazine.pt\/wp-content\/uploads\/2025\/10\/logo_oe-02.png\" alt=\"\" class=\"wp-image-13016\" style=\"width:347px;height:auto\" srcset=\"http:\/\/maismagazine.pt\/wp-content\/uploads\/2025\/10\/logo_oe-02.png 500w, http:\/\/maismagazine.pt\/wp-content\/uploads\/2025\/10\/logo_oe-02-300x130.png 300w\" sizes=\"auto, (max-width: 500px) 100vw, 500px\" \/><\/figure><\/div>\n\n\n<p><\/p>\n","protected":false},"excerpt":{"rendered":"<p>As miseric\u00f3rdias, as estruturas residenciais para pessoas idosas (ERPI), as unidades de cuidados continuados e as equipas de apoio domicili\u00e1rio garantem cuidados di\u00e1rios a milhares de cidad\u00e3os com depend\u00eancia, doen\u00e7a cr\u00f3nica ou fragilidade social. No centro destas respostas est\u00e3o os enfermeiros, profissionais que asseguram a continuidade, a seguran\u00e7a e a&hellip;<\/p>\n","protected":false},"author":18,"featured_media":13014,"comment_status":"closed","ping_status":"open","sticky":false,"template":"","format":"standard","meta":{"advgb_blocks_editor_width":"","advgb_blocks_columns_visual_guide":"","_monsterinsights_skip_tracking":false,"_monsterinsights_sitenote_active":false,"_monsterinsights_sitenote_note":"","_monsterinsights_sitenote_category":0,"footnotes":""},"categories":[52],"tags":[2495,2496],"class_list":["post-13012","post","type-post","status-publish","format-standard","has-post-thumbnail","hentry","category-destaque","tag-misericordias","tag-ordem-dos-enfermeiros"],"yoast_head":"<!-- This site is optimized with the Yoast SEO plugin v24.4 - https:\/\/yoast.com\/wordpress\/plugins\/seo\/ -->\n<title>Valorizar quem cuida \u00e9 um investimento com retorno - Mais Magazine<\/title>\n<meta name=\"robots\" content=\"index, follow, max-snippet:-1, max-image-preview:large, max-video-preview:-1\" \/>\n<link rel=\"canonical\" href=\"https:\/\/maismagazine.pt\/index.php\/2025\/10\/24\/valorizar-quem-cuida-e-um-investimento-com-retorno\/\" \/>\n<meta property=\"og:locale\" content=\"pt_PT\" \/>\n<meta property=\"og:type\" content=\"article\" \/>\n<meta property=\"og:title\" content=\"Valorizar quem cuida \u00e9 um investimento com retorno - Mais Magazine\" \/>\n<meta property=\"og:description\" content=\"As miseric\u00f3rdias, as estruturas residenciais para pessoas idosas (ERPI), as unidades de cuidados continuados e as equipas de apoio domicili\u00e1rio garantem cuidados di\u00e1rios a milhares de cidad\u00e3os com depend\u00eancia, doen\u00e7a cr\u00f3nica ou fragilidade social. No centro destas respostas est\u00e3o os enfermeiros, profissionais que asseguram a continuidade, a seguran\u00e7a e a&hellip;\" \/>\n<meta property=\"og:url\" content=\"https:\/\/maismagazine.pt\/index.php\/2025\/10\/24\/valorizar-quem-cuida-e-um-investimento-com-retorno\/\" \/>\n<meta property=\"og:site_name\" content=\"Mais Magazine\" \/>\n<meta property=\"article:published_time\" content=\"2025-10-24T06:00:00+00:00\" \/>\n<meta property=\"og:image\" content=\"https:\/\/maismagazine.pt\/wp-content\/uploads\/2025\/10\/Bastonario_1_vf-1.png\" \/>\n\t<meta property=\"og:image:width\" content=\"1120\" \/>\n\t<meta property=\"og:image:height\" content=\"1101\" \/>\n\t<meta property=\"og:image:type\" content=\"image\/png\" \/>\n<meta name=\"author\" content=\"Tatiana Martins\" \/>\n<meta name=\"twitter:card\" content=\"summary_large_image\" \/>\n<meta name=\"twitter:label1\" content=\"Escrito por\" \/>\n\t<meta name=\"twitter:data1\" content=\"\" \/>\n\t<meta name=\"twitter:label2\" content=\"Tempo estimado de leitura\" \/>\n\t<meta name=\"twitter:data2\" content=\"3 minutos\" \/>\n<script type=\"application\/ld+json\" class=\"yoast-schema-graph\">{\"@context\":\"https:\/\/schema.org\",\"@graph\":[{\"@type\":\"Article\",\"@id\":\"https:\/\/maismagazine.pt\/index.php\/2025\/10\/24\/valorizar-quem-cuida-e-um-investimento-com-retorno\/#article\",\"isPartOf\":{\"@id\":\"https:\/\/maismagazine.pt\/index.php\/2025\/10\/24\/valorizar-quem-cuida-e-um-investimento-com-retorno\/\"},\"author\":{\"name\":\"Tatiana Martins\",\"@id\":\"https:\/\/maismagazine.pt\/#\/schema\/person\/7426e2caeb8df32a1b56aa48dae778c9\"},\"headline\":\"Valorizar quem cuida \u00e9 um investimento com retorno\",\"datePublished\":\"2025-10-24T06:00:00+00:00\",\"mainEntityOfPage\":{\"@id\":\"https:\/\/maismagazine.pt\/index.php\/2025\/10\/24\/valorizar-quem-cuida-e-um-investimento-com-retorno\/\"},\"wordCount\":342,\"publisher\":{\"@id\":\"https:\/\/maismagazine.pt\/#organization\"},\"image\":{\"@id\":\"https:\/\/maismagazine.pt\/index.php\/2025\/10\/24\/valorizar-quem-cuida-e-um-investimento-com-retorno\/#primaryimage\"},\"thumbnailUrl\":\"http:\/\/maismagazine.pt\/wp-content\/uploads\/2025\/10\/Bastonario_1_vf-1.png\",\"keywords\":[\"Miseric\u00f3rdias\",\"Ordem dos Enfermeiros\"],\"articleSection\":[\"Destaque lateral\"],\"inLanguage\":\"pt-PT\"},{\"@type\":\"WebPage\",\"@id\":\"https:\/\/maismagazine.pt\/index.php\/2025\/10\/24\/valorizar-quem-cuida-e-um-investimento-com-retorno\/\",\"url\":\"https:\/\/maismagazine.pt\/index.php\/2025\/10\/24\/valorizar-quem-cuida-e-um-investimento-com-retorno\/\",\"name\":\"Valorizar quem cuida \u00e9 um investimento com retorno - Mais Magazine\",\"isPartOf\":{\"@id\":\"https:\/\/maismagazine.pt\/#website\"},\"primaryImageOfPage\":{\"@id\":\"https:\/\/maismagazine.pt\/index.php\/2025\/10\/24\/valorizar-quem-cuida-e-um-investimento-com-retorno\/#primaryimage\"},\"image\":{\"@id\":\"https:\/\/maismagazine.pt\/index.php\/2025\/10\/24\/valorizar-quem-cuida-e-um-investimento-com-retorno\/#primaryimage\"},\"thumbnailUrl\":\"http:\/\/maismagazine.pt\/wp-content\/uploads\/2025\/10\/Bastonario_1_vf-1.png\",\"datePublished\":\"2025-10-24T06:00:00+00:00\",\"breadcrumb\":{\"@id\":\"https:\/\/maismagazine.pt\/index.php\/2025\/10\/24\/valorizar-quem-cuida-e-um-investimento-com-retorno\/#breadcrumb\"},\"inLanguage\":\"pt-PT\",\"potentialAction\":[{\"@type\":\"ReadAction\",\"target\":[\"https:\/\/maismagazine.pt\/index.php\/2025\/10\/24\/valorizar-quem-cuida-e-um-investimento-com-retorno\/\"]}]},{\"@type\":\"ImageObject\",\"inLanguage\":\"pt-PT\",\"@id\":\"https:\/\/maismagazine.pt\/index.php\/2025\/10\/24\/valorizar-quem-cuida-e-um-investimento-com-retorno\/#primaryimage\",\"url\":\"http:\/\/maismagazine.pt\/wp-content\/uploads\/2025\/10\/Bastonario_1_vf-1.png\",\"contentUrl\":\"http:\/\/maismagazine.pt\/wp-content\/uploads\/2025\/10\/Bastonario_1_vf-1.png\",\"width\":1120,\"height\":1101},{\"@type\":\"BreadcrumbList\",\"@id\":\"https:\/\/maismagazine.pt\/index.php\/2025\/10\/24\/valorizar-quem-cuida-e-um-investimento-com-retorno\/#breadcrumb\",\"itemListElement\":[{\"@type\":\"ListItem\",\"position\":1,\"name\":\"Home\",\"item\":\"https:\/\/maismagazine.pt\/\"},{\"@type\":\"ListItem\",\"position\":2,\"name\":\"Valorizar quem cuida \u00e9 um investimento com retorno\"}]},{\"@type\":\"WebSite\",\"@id\":\"https:\/\/maismagazine.pt\/#website\",\"url\":\"https:\/\/maismagazine.pt\/\",\"name\":\"Mais Magazine\",\"description\":\"\",\"publisher\":{\"@id\":\"https:\/\/maismagazine.pt\/#organization\"},\"potentialAction\":[{\"@type\":\"SearchAction\",\"target\":{\"@type\":\"EntryPoint\",\"urlTemplate\":\"https:\/\/maismagazine.pt\/?s={search_term_string}\"},\"query-input\":{\"@type\":\"PropertyValueSpecification\",\"valueRequired\":true,\"valueName\":\"search_term_string\"}}],\"inLanguage\":\"pt-PT\"},{\"@type\":\"Organization\",\"@id\":\"https:\/\/maismagazine.pt\/#organization\",\"name\":\"Mais Magazine\",\"url\":\"https:\/\/maismagazine.pt\/\",\"logo\":{\"@type\":\"ImageObject\",\"inLanguage\":\"pt-PT\",\"@id\":\"https:\/\/maismagazine.pt\/#\/schema\/logo\/image\/\",\"url\":\"http:\/\/maismagazine.pt\/wp-content\/uploads\/2020\/04\/cropped-cropped-mais-magazine-site-logo-2.png\",\"contentUrl\":\"http:\/\/maismagazine.pt\/wp-content\/uploads\/2020\/04\/cropped-cropped-mais-magazine-site-logo-2.png\",\"width\":581,\"height\":90,\"caption\":\"Mais Magazine\"},\"image\":{\"@id\":\"https:\/\/maismagazine.pt\/#\/schema\/logo\/image\/\"}},{\"@type\":\"Person\",\"@id\":\"https:\/\/maismagazine.pt\/#\/schema\/person\/7426e2caeb8df32a1b56aa48dae778c9\",\"name\":\"Tatiana Martins\",\"image\":{\"@type\":\"ImageObject\",\"inLanguage\":\"pt-PT\",\"@id\":\"https:\/\/maismagazine.pt\/#\/schema\/person\/image\/\",\"url\":\"https:\/\/secure.gravatar.com\/avatar\/4b24a57f5d0425f2eb20981c4b53244e?s=96&d=mm&r=g\",\"contentUrl\":\"https:\/\/secure.gravatar.com\/avatar\/4b24a57f5d0425f2eb20981c4b53244e?s=96&d=mm&r=g\",\"caption\":\"Tatiana Martins\"},\"url\":\"http:\/\/maismagazine.pt\/index.php\/author\/tatiana\/\"}]}<\/script>\n<!-- \/ Yoast SEO plugin. -->","yoast_head_json":{"title":"Valorizar quem cuida \u00e9 um investimento com retorno - Mais Magazine","robots":{"index":"index","follow":"follow","max-snippet":"max-snippet:-1","max-image-preview":"max-image-preview:large","max-video-preview":"max-video-preview:-1"},"canonical":"https:\/\/maismagazine.pt\/index.php\/2025\/10\/24\/valorizar-quem-cuida-e-um-investimento-com-retorno\/","og_locale":"pt_PT","og_type":"article","og_title":"Valorizar quem cuida \u00e9 um investimento com retorno - Mais Magazine","og_description":"As miseric\u00f3rdias, as estruturas residenciais para pessoas idosas (ERPI), as unidades de cuidados continuados e as equipas de apoio domicili\u00e1rio garantem cuidados di\u00e1rios a milhares de cidad\u00e3os com depend\u00eancia, doen\u00e7a cr\u00f3nica ou fragilidade social. No centro destas respostas est\u00e3o os enfermeiros, profissionais que asseguram a continuidade, a seguran\u00e7a e a&hellip;","og_url":"https:\/\/maismagazine.pt\/index.php\/2025\/10\/24\/valorizar-quem-cuida-e-um-investimento-com-retorno\/","og_site_name":"Mais Magazine","article_published_time":"2025-10-24T06:00:00+00:00","og_image":[{"width":1120,"height":1101,"url":"https:\/\/maismagazine.pt\/wp-content\/uploads\/2025\/10\/Bastonario_1_vf-1.png","type":"image\/png"}],"author":"Tatiana Martins","twitter_card":"summary_large_image","twitter_misc":{"Escrito por":false,"Tempo estimado de leitura":"3 minutos"},"schema":{"@context":"https:\/\/schema.org","@graph":[{"@type":"Article","@id":"https:\/\/maismagazine.pt\/index.php\/2025\/10\/24\/valorizar-quem-cuida-e-um-investimento-com-retorno\/#article","isPartOf":{"@id":"https:\/\/maismagazine.pt\/index.php\/2025\/10\/24\/valorizar-quem-cuida-e-um-investimento-com-retorno\/"},"author":{"name":"Tatiana Martins","@id":"https:\/\/maismagazine.pt\/#\/schema\/person\/7426e2caeb8df32a1b56aa48dae778c9"},"headline":"Valorizar quem cuida \u00e9 um investimento com retorno","datePublished":"2025-10-24T06:00:00+00:00","mainEntityOfPage":{"@id":"https:\/\/maismagazine.pt\/index.php\/2025\/10\/24\/valorizar-quem-cuida-e-um-investimento-com-retorno\/"},"wordCount":342,"publisher":{"@id":"https:\/\/maismagazine.pt\/#organization"},"image":{"@id":"https:\/\/maismagazine.pt\/index.php\/2025\/10\/24\/valorizar-quem-cuida-e-um-investimento-com-retorno\/#primaryimage"},"thumbnailUrl":"http:\/\/maismagazine.pt\/wp-content\/uploads\/2025\/10\/Bastonario_1_vf-1.png","keywords":["Miseric\u00f3rdias","Ordem dos Enfermeiros"],"articleSection":["Destaque lateral"],"inLanguage":"pt-PT"},{"@type":"WebPage","@id":"https:\/\/maismagazine.pt\/index.php\/2025\/10\/24\/valorizar-quem-cuida-e-um-investimento-com-retorno\/","url":"https:\/\/maismagazine.pt\/index.php\/2025\/10\/24\/valorizar-quem-cuida-e-um-investimento-com-retorno\/","name":"Valorizar quem cuida \u00e9 um investimento com retorno - Mais Magazine","isPartOf":{"@id":"https:\/\/maismagazine.pt\/#website"},"primaryImageOfPage":{"@id":"https:\/\/maismagazine.pt\/index.php\/2025\/10\/24\/valorizar-quem-cuida-e-um-investimento-com-retorno\/#primaryimage"},"image":{"@id":"https:\/\/maismagazine.pt\/index.php\/2025\/10\/24\/valorizar-quem-cuida-e-um-investimento-com-retorno\/#primaryimage"},"thumbnailUrl":"http:\/\/maismagazine.pt\/wp-content\/uploads\/2025\/10\/Bastonario_1_vf-1.png","datePublished":"2025-10-24T06:00:00+00:00","breadcrumb":{"@id":"https:\/\/maismagazine.pt\/index.php\/2025\/10\/24\/valorizar-quem-cuida-e-um-investimento-com-retorno\/#breadcrumb"},"inLanguage":"pt-PT","potentialAction":[{"@type":"ReadAction","target":["https:\/\/maismagazine.pt\/index.php\/2025\/10\/24\/valorizar-quem-cuida-e-um-investimento-com-retorno\/"]}]},{"@type":"ImageObject","inLanguage":"pt-PT","@id":"https:\/\/maismagazine.pt\/index.php\/2025\/10\/24\/valorizar-quem-cuida-e-um-investimento-com-retorno\/#primaryimage","url":"http:\/\/maismagazine.pt\/wp-content\/uploads\/2025\/10\/Bastonario_1_vf-1.png","contentUrl":"http:\/\/maismagazine.pt\/wp-content\/uploads\/2025\/10\/Bastonario_1_vf-1.png","width":1120,"height":1101},{"@type":"BreadcrumbList","@id":"https:\/\/maismagazine.pt\/index.php\/2025\/10\/24\/valorizar-quem-cuida-e-um-investimento-com-retorno\/#breadcrumb","itemListElement":[{"@type":"ListItem","position":1,"name":"Home","item":"https:\/\/maismagazine.pt\/"},{"@type":"ListItem","position":2,"name":"Valorizar quem cuida \u00e9 um investimento com retorno"}]},{"@type":"WebSite","@id":"https:\/\/maismagazine.pt\/#website","url":"https:\/\/maismagazine.pt\/","name":"Mais Magazine","description":"","publisher":{"@id":"https:\/\/maismagazine.pt\/#organization"},"potentialAction":[{"@type":"SearchAction","target":{"@type":"EntryPoint","urlTemplate":"https:\/\/maismagazine.pt\/?s={search_term_string}"},"query-input":{"@type":"PropertyValueSpecification","valueRequired":true,"valueName":"search_term_string"}}],"inLanguage":"pt-PT"},{"@type":"Organization","@id":"https:\/\/maismagazine.pt\/#organization","name":"Mais Magazine","url":"https:\/\/maismagazine.pt\/","logo":{"@type":"ImageObject","inLanguage":"pt-PT","@id":"https:\/\/maismagazine.pt\/#\/schema\/logo\/image\/","url":"http:\/\/maismagazine.pt\/wp-content\/uploads\/2020\/04\/cropped-cropped-mais-magazine-site-logo-2.png","contentUrl":"http:\/\/maismagazine.pt\/wp-content\/uploads\/2020\/04\/cropped-cropped-mais-magazine-site-logo-2.png","width":581,"height":90,"caption":"Mais Magazine"},"image":{"@id":"https:\/\/maismagazine.pt\/#\/schema\/logo\/image\/"}},{"@type":"Person","@id":"https:\/\/maismagazine.pt\/#\/schema\/person\/7426e2caeb8df32a1b56aa48dae778c9","name":"Tatiana Martins","image":{"@type":"ImageObject","inLanguage":"pt-PT","@id":"https:\/\/maismagazine.pt\/#\/schema\/person\/image\/","url":"https:\/\/secure.gravatar.com\/avatar\/4b24a57f5d0425f2eb20981c4b53244e?s=96&d=mm&r=g","contentUrl":"https:\/\/secure.gravatar.com\/avatar\/4b24a57f5d0425f2eb20981c4b53244e?s=96&d=mm&r=g","caption":"Tatiana Martins"},"url":"http:\/\/maismagazine.pt\/index.php\/author\/tatiana\/"}]}},"author_meta":{"display_name":false,"author_link":"http:\/\/maismagazine.pt\/index.php\/author\/tatiana\/"},"featured_img":"http:\/\/maismagazine.pt\/wp-content\/uploads\/2025\/10\/Bastonario_1_vf-1-300x295.png","coauthors":[],"tax_additional":{"categories":{"linked":["<a href=\"http:\/\/maismagazine.pt\/index.php\/category\/destaque\/\" class=\"advgb-post-tax-term\">Destaque lateral<\/a>"],"unlinked":["<span class=\"advgb-post-tax-term\">Destaque lateral<\/span>"]},"tags":{"linked":["<a href=\"http:\/\/maismagazine.pt\/index.php\/category\/destaque\/\" class=\"advgb-post-tax-term\">Miseric\u00f3rdias<\/a>","<a href=\"http:\/\/maismagazine.pt\/index.php\/category\/destaque\/\" class=\"advgb-post-tax-term\">Ordem dos Enfermeiros<\/a>"],"unlinked":["<span class=\"advgb-post-tax-term\">Miseric\u00f3rdias<\/span>","<span class=\"advgb-post-tax-term\">Ordem dos Enfermeiros<\/span>"]}},"comment_count":"0","relative_dates":{"created":"Posted 6 meses ago","modified":"Updated 6 meses ago"},"absolute_dates":{"created":"Posted on 24 de Outubro, 2025","modified":"Updated on 22 de Outubro, 2025"},"absolute_dates_time":{"created":"Posted on 24 de Outubro, 2025 7:00","modified":"Updated on 22 de Outubro, 2025 15:20"},"featured_img_caption":"","series_order":"","_links":{"self":[{"href":"http:\/\/maismagazine.pt\/index.php\/wp-json\/wp\/v2\/posts\/13012","targetHints":{"allow":["GET"]}}],"collection":[{"href":"http:\/\/maismagazine.pt\/index.php\/wp-json\/wp\/v2\/posts"}],"about":[{"href":"http:\/\/maismagazine.pt\/index.php\/wp-json\/wp\/v2\/types\/post"}],"author":[{"embeddable":true,"href":"http:\/\/maismagazine.pt\/index.php\/wp-json\/wp\/v2\/users\/18"}],"replies":[{"embeddable":true,"href":"http:\/\/maismagazine.pt\/index.php\/wp-json\/wp\/v2\/comments?post=13012"}],"version-history":[{"count":1,"href":"http:\/\/maismagazine.pt\/index.php\/wp-json\/wp\/v2\/posts\/13012\/revisions"}],"predecessor-version":[{"id":13017,"href":"http:\/\/maismagazine.pt\/index.php\/wp-json\/wp\/v2\/posts\/13012\/revisions\/13017"}],"wp:featuredmedia":[{"embeddable":true,"href":"http:\/\/maismagazine.pt\/index.php\/wp-json\/wp\/v2\/media\/13014"}],"wp:attachment":[{"href":"http:\/\/maismagazine.pt\/index.php\/wp-json\/wp\/v2\/media?parent=13012"}],"wp:term":[{"taxonomy":"category","embeddable":true,"href":"http:\/\/maismagazine.pt\/index.php\/wp-json\/wp\/v2\/categories?post=13012"},{"taxonomy":"post_tag","embeddable":true,"href":"http:\/\/maismagazine.pt\/index.php\/wp-json\/wp\/v2\/tags?post=13012"}],"curies":[{"name":"wp","href":"https:\/\/api.w.org\/{rel}","templated":true}]}}