{"id":13001,"date":"2025-10-24T07:00:00","date_gmt":"2025-10-24T06:00:00","guid":{"rendered":"https:\/\/maismagazine.pt\/?p=13001"},"modified":"2025-10-22T15:15:50","modified_gmt":"2025-10-22T14:15:50","slug":"cooperacao-e-humanismo-para-fortalecer-a-saude","status":"publish","type":"post","link":"http:\/\/maismagazine.pt\/index.php\/2025\/10\/24\/cooperacao-e-humanismo-para-fortalecer-a-saude\/","title":{"rendered":"Coopera\u00e7\u00e3o e humanismo para fortalecer a sa\u00fade"},"content":{"rendered":"\n<p>Criadas nas comunidades, pelas comunidades as Santas Casas da Miseric\u00f3rdia, ao longo de mais de cinco s\u00e9culos, afirmaram-se como presen\u00e7a ativa e imprescind\u00edvel na vida portuguesa e da sua di\u00e1spora.<\/p>\n\n\n\n<p>Desde a sua funda\u00e7\u00e3o, em 1498, t\u00eam assumido a miss\u00e3o de cuidar de quem mais precisa. O cuidar e o tratar, plasmadas numa das Obras de Miseric\u00f3rdia, s\u00e3o desde o princ\u00edpio a sua marca de \u00e1gua e ao longo dos s\u00e9culos foram a refer\u00eancia de sa\u00fade no pa\u00eds, sendo que o SNS p\u00fablico foi criado por via da nacionaliza\u00e7\u00e3o da rede das Miseric\u00f3rdias.<\/p>\n\n\n\n<p>A verdade \u00e9 que logo ap\u00f3s a nacionaliza\u00e7\u00e3o, as Miseric\u00f3rdias voltaram ao cumprimento da sua Miss\u00e3o na \u00e1rea da sa\u00fade e como entidades a quem o Estado Portugu\u00eas reconhece interesse e utilidade p\u00fablica, recome\u00e7aram a fazer o que sabem fazer; ou seja, cuidar das pessoas, sobretudo das mais necessitadas, prestando-lhes todo o tipo de cuidados, inclusive os de sa\u00fade.<\/p>\n\n\n\n<p>E perante o descalabro do SNS p\u00fablico, e o imobilismo das solu\u00e7\u00f5es porque ancoradas em pressupostos ideol\u00f3gicos ultrapassados, o SNS SOCIAL, as Miseric\u00f3rdias recome\u00e7aram assumir-se outra vez como pilares fundamentais para garantir em proximidade, cuidados de sa\u00fade, complementando o Servi\u00e7o Nacional de Sa\u00fade publico (SNS) e assegurando que nenhum cidad\u00e3o \u00e9 deixado para tr\u00e1s.<\/p>\n\n\n\n<p>N\u00e3o deixa de ser interessante registar que muitos decisores, pol\u00edticos, analistas, etc. t\u00eam tentado por todos meios desvalorizar e menorizar esta realidade, num \u201cfaz de conta\u201d muito portugu\u00eas.<\/p>\n\n\n\n<p>Esta \u00e9 a ess\u00eancia do protocolo de coopera\u00e7\u00e3o gen\u00e9rico firmado h\u00e1 menos de um ano com o Minist\u00e9rio da Sa\u00fade sob a \u00e9gide do Senhor Primeiro Ministro. O documento representa um marco hist\u00f3rico na nossa trajet\u00f3ria porque refor\u00e7a uma colabora\u00e7\u00e3o que j\u00e1 existe e cria condi\u00e7\u00f5es para que as Miseric\u00f3rdias possam contribuir ainda mais na resposta \u00e0s necessidades da sa\u00fade da popula\u00e7\u00e3o.<\/p>\n\n\n\n<p>De facto, dos Hospitais aos Cuidados Continuados, passando pelos Cuidados de Sa\u00fade Prim\u00e1rios o Estado reconhece que as Miseric\u00f3rdias t\u00eam larga experi\u00eancia na \u00e1rea da sa\u00fade e s\u00e3o incontorn\u00e1veis para que o Servi\u00e7o Nacional de Sa\u00fade (quer a parte p\u00fablica, quer a parte social, quer eventualmente a parte privada) ainda que em complementaridade continue a ser uma refer\u00eancia do Estado social em Portugal. E n\u00e3o estou a confundir Servi\u00e7o Nacional de Sa\u00fade com Sistema Nacional de Sa\u00fade, mas apenas acentuar que o preceito constitucional que regula a mat\u00e9ria designa o Servi\u00e7o que o Estado assegura aos cidad\u00e3os \u00e9 \u201cNacional\u201d e n\u00e3o meramente \u201cp\u00fablico\u201d.<\/p>\n\n\n\n<p>As Miseric\u00f3rdias s\u00e3o hoje e ser\u00e3o ainda cada vez mais, um player incontorn\u00e1vel no setor da sa\u00fade porque est\u00e3o sempre, mas sempre do lado da solu\u00e7\u00e3o e o seu compromisso \u00e9 claro: ajudar a reduzir listas de espera de consultas e cirurgias, garantir que mais portugueses tenham acesso a m\u00e9dico assistente e assegurar que diagn\u00f3sticos e tratamentos sejam feitos em tempo \u00fatil, com qualidade e com os afetos e ternura que todos os doentes necessitam.<\/p>\n\n\n\n<p>Mas importa tamb\u00e9m ter presente que na ess\u00eancia da nossa Miss\u00e3o est\u00e1 precisamente o mesmo impulso que leva tamb\u00e9m a percorrer os novos caminhos quer na organiza\u00e7\u00e3o dos servi\u00e7os de sa\u00fade, quer na presta\u00e7\u00e3o de cuidados de sa\u00fade aos cidad\u00e3os, quer na hospitaliza\u00e7\u00e3o domicili\u00e1ria, quer na di\u00e1lise em proximidade, quer no registo de dados da Sa\u00fade (espa\u00e7o europeu de dados de Sa\u00fade), quer no Servi\u00e7o de Apoio Domicili\u00e1rio Medicalizado, quer nas Dem\u00eancias, quer na Sa\u00fade mental, quer nas altas hospitalares, etc.<\/p>\n\n\n\n<p>Acresce que a nossa presen\u00e7a nesta \u00e1rea representa muito mais do que cuidados de sa\u00fade. As nossas Unidades de Sa\u00fade tamb\u00e9m s\u00e3o motores de desenvolvimento, geradores de emprego e s\u00edmbolos de esperan\u00e7a, sobretudo nos territ\u00f3rios de baixa densidade.<\/p>\n\n\n\n<p>Acreditamos que este caminho conjunto com o Estado permitir\u00e1 dar mais vida ao Servi\u00e7o Nacional de Sa\u00fade, aliviando a press\u00e3o sobre as grandes unidades hospitalares e garantindo que os cidad\u00e3os encontrem nas Miseric\u00f3rdias uma resposta pr\u00f3xima, eficaz e humana. \u00c9 esta a nossa miss\u00e3o e \u00e9 esta a nossa responsabilidade: continuar a servir Portugal e os portugueses, com a mesma dedica\u00e7\u00e3o e esp\u00edrito solid\u00e1rio que nos acompanha desde a origem em todo o territ\u00f3rio nacional.<\/p>\n\n\n\n<p>Renovamos assim o nosso compromisso com a sa\u00fade, com a proximidade e com a dignidade das pessoas. O futuro constr\u00f3i-se com coopera\u00e7\u00e3o, com sustentabilidade e com humaniza\u00e7\u00e3o. \u00c9 nesse caminho que as Miseric\u00f3rdias querem continuar a estar. <\/p>\n\n\n\n<p><\/p>\n\n\n\n<p><em>Manuel de Lemos, Presidente da Uni\u00e3o das Miseric\u00f3rdias Portuguesas<\/em><\/p>\n\n\n\n<p><\/p>\n\n\n<div class=\"wp-block-image\">\n<figure class=\"aligncenter size-full is-resized\"><img loading=\"lazy\" decoding=\"async\" width=\"485\" height=\"416\" src=\"https:\/\/maismagazine.pt\/wp-content\/uploads\/2025\/10\/misericordias-1.jpg\" alt=\"\" class=\"wp-image-13005\" style=\"width:252px;height:auto\" srcset=\"http:\/\/maismagazine.pt\/wp-content\/uploads\/2025\/10\/misericordias-1.jpg 485w, http:\/\/maismagazine.pt\/wp-content\/uploads\/2025\/10\/misericordias-1-300x257.jpg 300w\" sizes=\"auto, (max-width: 485px) 100vw, 485px\" \/><\/figure><\/div>","protected":false},"excerpt":{"rendered":"<p>Criadas nas comunidades, pelas comunidades as Santas Casas da Miseric\u00f3rdia, ao longo de mais de cinco s\u00e9culos, afirmaram-se como presen\u00e7a ativa e imprescind\u00edvel na vida portuguesa e da sua di\u00e1spora. Desde a sua funda\u00e7\u00e3o, em 1498, t\u00eam assumido a miss\u00e3o de cuidar de quem mais precisa. O cuidar e o&hellip;<\/p>\n","protected":false},"author":18,"featured_media":13007,"comment_status":"closed","ping_status":"open","sticky":false,"template":"","format":"standard","meta":{"advgb_blocks_editor_width":"","advgb_blocks_columns_visual_guide":"","_monsterinsights_skip_tracking":false,"_monsterinsights_sitenote_active":false,"_monsterinsights_sitenote_note":"","_monsterinsights_sitenote_category":0,"footnotes":""},"categories":[52],"tags":[2495,2494],"class_list":["post-13001","post","type-post","status-publish","format-standard","has-post-thumbnail","hentry","category-destaque","tag-misericordias","tag-uniao-das-misericordias-portuguesas"],"yoast_head":"<!-- This site is optimized with the Yoast SEO plugin v24.4 - https:\/\/yoast.com\/wordpress\/plugins\/seo\/ -->\n<title>Coopera\u00e7\u00e3o e humanismo para fortalecer a sa\u00fade - Mais Magazine<\/title>\n<meta name=\"robots\" content=\"index, follow, max-snippet:-1, max-image-preview:large, max-video-preview:-1\" \/>\n<link rel=\"canonical\" href=\"http:\/\/maismagazine.pt\/index.php\/2025\/10\/24\/cooperacao-e-humanismo-para-fortalecer-a-saude\/\" \/>\n<meta property=\"og:locale\" content=\"pt_PT\" \/>\n<meta property=\"og:type\" content=\"article\" \/>\n<meta property=\"og:title\" content=\"Coopera\u00e7\u00e3o e humanismo para fortalecer a sa\u00fade - Mais Magazine\" \/>\n<meta property=\"og:description\" content=\"Criadas nas comunidades, pelas comunidades as Santas Casas da Miseric\u00f3rdia, ao longo de mais de cinco s\u00e9culos, afirmaram-se como presen\u00e7a ativa e imprescind\u00edvel na vida portuguesa e da sua di\u00e1spora. Desde a sua funda\u00e7\u00e3o, em 1498, t\u00eam assumido a miss\u00e3o de cuidar de quem mais precisa. O cuidar e o&hellip;\" \/>\n<meta property=\"og:url\" content=\"http:\/\/maismagazine.pt\/index.php\/2025\/10\/24\/cooperacao-e-humanismo-para-fortalecer-a-saude\/\" \/>\n<meta property=\"og:site_name\" content=\"Mais Magazine\" \/>\n<meta property=\"article:published_time\" content=\"2025-10-24T06:00:00+00:00\" \/>\n<meta property=\"og:image\" content=\"http:\/\/maismagazine.pt\/wp-content\/uploads\/2025\/10\/Manuel-de-Lemos_UMP-1.jpg\" \/>\n\t<meta property=\"og:image:width\" content=\"1500\" \/>\n\t<meta property=\"og:image:height\" content=\"2000\" \/>\n\t<meta property=\"og:image:type\" content=\"image\/jpeg\" \/>\n<meta name=\"author\" content=\"Tatiana Martins\" \/>\n<meta name=\"twitter:card\" content=\"summary_large_image\" \/>\n<meta name=\"twitter:label1\" content=\"Escrito por\" \/>\n\t<meta name=\"twitter:data1\" content=\"\" \/>\n\t<meta name=\"twitter:label2\" content=\"Tempo estimado de leitura\" \/>\n\t<meta name=\"twitter:data2\" content=\"5 minutos\" \/>\n<script type=\"application\/ld+json\" class=\"yoast-schema-graph\">{\"@context\":\"https:\/\/schema.org\",\"@graph\":[{\"@type\":\"Article\",\"@id\":\"http:\/\/maismagazine.pt\/index.php\/2025\/10\/24\/cooperacao-e-humanismo-para-fortalecer-a-saude\/#article\",\"isPartOf\":{\"@id\":\"http:\/\/maismagazine.pt\/index.php\/2025\/10\/24\/cooperacao-e-humanismo-para-fortalecer-a-saude\/\"},\"author\":{\"name\":\"Tatiana Martins\",\"@id\":\"https:\/\/maismagazine.pt\/#\/schema\/person\/7426e2caeb8df32a1b56aa48dae778c9\"},\"headline\":\"Coopera\u00e7\u00e3o e humanismo para fortalecer a sa\u00fade\",\"datePublished\":\"2025-10-24T06:00:00+00:00\",\"mainEntityOfPage\":{\"@id\":\"http:\/\/maismagazine.pt\/index.php\/2025\/10\/24\/cooperacao-e-humanismo-para-fortalecer-a-saude\/\"},\"wordCount\":844,\"publisher\":{\"@id\":\"https:\/\/maismagazine.pt\/#organization\"},\"image\":{\"@id\":\"http:\/\/maismagazine.pt\/index.php\/2025\/10\/24\/cooperacao-e-humanismo-para-fortalecer-a-saude\/#primaryimage\"},\"thumbnailUrl\":\"http:\/\/maismagazine.pt\/wp-content\/uploads\/2025\/10\/Manuel-de-Lemos_UMP-1.jpg\",\"keywords\":[\"Miseric\u00f3rdias\",\"Uni\u00e3o das Miseric\u00f3rdias Portuguesas\"],\"articleSection\":[\"Destaque lateral\"],\"inLanguage\":\"pt-PT\"},{\"@type\":\"WebPage\",\"@id\":\"http:\/\/maismagazine.pt\/index.php\/2025\/10\/24\/cooperacao-e-humanismo-para-fortalecer-a-saude\/\",\"url\":\"http:\/\/maismagazine.pt\/index.php\/2025\/10\/24\/cooperacao-e-humanismo-para-fortalecer-a-saude\/\",\"name\":\"Coopera\u00e7\u00e3o e humanismo para fortalecer a sa\u00fade - Mais Magazine\",\"isPartOf\":{\"@id\":\"https:\/\/maismagazine.pt\/#website\"},\"primaryImageOfPage\":{\"@id\":\"http:\/\/maismagazine.pt\/index.php\/2025\/10\/24\/cooperacao-e-humanismo-para-fortalecer-a-saude\/#primaryimage\"},\"image\":{\"@id\":\"http:\/\/maismagazine.pt\/index.php\/2025\/10\/24\/cooperacao-e-humanismo-para-fortalecer-a-saude\/#primaryimage\"},\"thumbnailUrl\":\"http:\/\/maismagazine.pt\/wp-content\/uploads\/2025\/10\/Manuel-de-Lemos_UMP-1.jpg\",\"datePublished\":\"2025-10-24T06:00:00+00:00\",\"breadcrumb\":{\"@id\":\"http:\/\/maismagazine.pt\/index.php\/2025\/10\/24\/cooperacao-e-humanismo-para-fortalecer-a-saude\/#breadcrumb\"},\"inLanguage\":\"pt-PT\",\"potentialAction\":[{\"@type\":\"ReadAction\",\"target\":[\"http:\/\/maismagazine.pt\/index.php\/2025\/10\/24\/cooperacao-e-humanismo-para-fortalecer-a-saude\/\"]}]},{\"@type\":\"ImageObject\",\"inLanguage\":\"pt-PT\",\"@id\":\"http:\/\/maismagazine.pt\/index.php\/2025\/10\/24\/cooperacao-e-humanismo-para-fortalecer-a-saude\/#primaryimage\",\"url\":\"http:\/\/maismagazine.pt\/wp-content\/uploads\/2025\/10\/Manuel-de-Lemos_UMP-1.jpg\",\"contentUrl\":\"http:\/\/maismagazine.pt\/wp-content\/uploads\/2025\/10\/Manuel-de-Lemos_UMP-1.jpg\",\"width\":1500,\"height\":2000},{\"@type\":\"BreadcrumbList\",\"@id\":\"http:\/\/maismagazine.pt\/index.php\/2025\/10\/24\/cooperacao-e-humanismo-para-fortalecer-a-saude\/#breadcrumb\",\"itemListElement\":[{\"@type\":\"ListItem\",\"position\":1,\"name\":\"Home\",\"item\":\"https:\/\/maismagazine.pt\/\"},{\"@type\":\"ListItem\",\"position\":2,\"name\":\"Coopera\u00e7\u00e3o e humanismo para fortalecer a sa\u00fade\"}]},{\"@type\":\"WebSite\",\"@id\":\"https:\/\/maismagazine.pt\/#website\",\"url\":\"https:\/\/maismagazine.pt\/\",\"name\":\"Mais Magazine\",\"description\":\"\",\"publisher\":{\"@id\":\"https:\/\/maismagazine.pt\/#organization\"},\"potentialAction\":[{\"@type\":\"SearchAction\",\"target\":{\"@type\":\"EntryPoint\",\"urlTemplate\":\"https:\/\/maismagazine.pt\/?s={search_term_string}\"},\"query-input\":{\"@type\":\"PropertyValueSpecification\",\"valueRequired\":true,\"valueName\":\"search_term_string\"}}],\"inLanguage\":\"pt-PT\"},{\"@type\":\"Organization\",\"@id\":\"https:\/\/maismagazine.pt\/#organization\",\"name\":\"Mais Magazine\",\"url\":\"https:\/\/maismagazine.pt\/\",\"logo\":{\"@type\":\"ImageObject\",\"inLanguage\":\"pt-PT\",\"@id\":\"https:\/\/maismagazine.pt\/#\/schema\/logo\/image\/\",\"url\":\"http:\/\/maismagazine.pt\/wp-content\/uploads\/2020\/04\/cropped-cropped-mais-magazine-site-logo-2.png\",\"contentUrl\":\"http:\/\/maismagazine.pt\/wp-content\/uploads\/2020\/04\/cropped-cropped-mais-magazine-site-logo-2.png\",\"width\":581,\"height\":90,\"caption\":\"Mais Magazine\"},\"image\":{\"@id\":\"https:\/\/maismagazine.pt\/#\/schema\/logo\/image\/\"}},{\"@type\":\"Person\",\"@id\":\"https:\/\/maismagazine.pt\/#\/schema\/person\/7426e2caeb8df32a1b56aa48dae778c9\",\"name\":\"Tatiana Martins\",\"image\":{\"@type\":\"ImageObject\",\"inLanguage\":\"pt-PT\",\"@id\":\"https:\/\/maismagazine.pt\/#\/schema\/person\/image\/\",\"url\":\"https:\/\/secure.gravatar.com\/avatar\/4b24a57f5d0425f2eb20981c4b53244e?s=96&d=mm&r=g\",\"contentUrl\":\"https:\/\/secure.gravatar.com\/avatar\/4b24a57f5d0425f2eb20981c4b53244e?s=96&d=mm&r=g\",\"caption\":\"Tatiana Martins\"},\"url\":\"http:\/\/maismagazine.pt\/index.php\/author\/tatiana\/\"}]}<\/script>\n<!-- \/ Yoast SEO plugin. -->","yoast_head_json":{"title":"Coopera\u00e7\u00e3o e humanismo para fortalecer a sa\u00fade - Mais Magazine","robots":{"index":"index","follow":"follow","max-snippet":"max-snippet:-1","max-image-preview":"max-image-preview:large","max-video-preview":"max-video-preview:-1"},"canonical":"http:\/\/maismagazine.pt\/index.php\/2025\/10\/24\/cooperacao-e-humanismo-para-fortalecer-a-saude\/","og_locale":"pt_PT","og_type":"article","og_title":"Coopera\u00e7\u00e3o e humanismo para fortalecer a sa\u00fade - Mais Magazine","og_description":"Criadas nas comunidades, pelas comunidades as Santas Casas da Miseric\u00f3rdia, ao longo de mais de cinco s\u00e9culos, afirmaram-se como presen\u00e7a ativa e imprescind\u00edvel na vida portuguesa e da sua di\u00e1spora. Desde a sua funda\u00e7\u00e3o, em 1498, t\u00eam assumido a miss\u00e3o de cuidar de quem mais precisa. O cuidar e o&hellip;","og_url":"http:\/\/maismagazine.pt\/index.php\/2025\/10\/24\/cooperacao-e-humanismo-para-fortalecer-a-saude\/","og_site_name":"Mais Magazine","article_published_time":"2025-10-24T06:00:00+00:00","og_image":[{"width":1500,"height":2000,"url":"http:\/\/maismagazine.pt\/wp-content\/uploads\/2025\/10\/Manuel-de-Lemos_UMP-1.jpg","type":"image\/jpeg"}],"author":"Tatiana Martins","twitter_card":"summary_large_image","twitter_misc":{"Escrito por":false,"Tempo estimado de leitura":"5 minutos"},"schema":{"@context":"https:\/\/schema.org","@graph":[{"@type":"Article","@id":"http:\/\/maismagazine.pt\/index.php\/2025\/10\/24\/cooperacao-e-humanismo-para-fortalecer-a-saude\/#article","isPartOf":{"@id":"http:\/\/maismagazine.pt\/index.php\/2025\/10\/24\/cooperacao-e-humanismo-para-fortalecer-a-saude\/"},"author":{"name":"Tatiana Martins","@id":"https:\/\/maismagazine.pt\/#\/schema\/person\/7426e2caeb8df32a1b56aa48dae778c9"},"headline":"Coopera\u00e7\u00e3o e humanismo para fortalecer a sa\u00fade","datePublished":"2025-10-24T06:00:00+00:00","mainEntityOfPage":{"@id":"http:\/\/maismagazine.pt\/index.php\/2025\/10\/24\/cooperacao-e-humanismo-para-fortalecer-a-saude\/"},"wordCount":844,"publisher":{"@id":"https:\/\/maismagazine.pt\/#organization"},"image":{"@id":"http:\/\/maismagazine.pt\/index.php\/2025\/10\/24\/cooperacao-e-humanismo-para-fortalecer-a-saude\/#primaryimage"},"thumbnailUrl":"http:\/\/maismagazine.pt\/wp-content\/uploads\/2025\/10\/Manuel-de-Lemos_UMP-1.jpg","keywords":["Miseric\u00f3rdias","Uni\u00e3o das Miseric\u00f3rdias Portuguesas"],"articleSection":["Destaque lateral"],"inLanguage":"pt-PT"},{"@type":"WebPage","@id":"http:\/\/maismagazine.pt\/index.php\/2025\/10\/24\/cooperacao-e-humanismo-para-fortalecer-a-saude\/","url":"http:\/\/maismagazine.pt\/index.php\/2025\/10\/24\/cooperacao-e-humanismo-para-fortalecer-a-saude\/","name":"Coopera\u00e7\u00e3o e humanismo para fortalecer a sa\u00fade - Mais Magazine","isPartOf":{"@id":"https:\/\/maismagazine.pt\/#website"},"primaryImageOfPage":{"@id":"http:\/\/maismagazine.pt\/index.php\/2025\/10\/24\/cooperacao-e-humanismo-para-fortalecer-a-saude\/#primaryimage"},"image":{"@id":"http:\/\/maismagazine.pt\/index.php\/2025\/10\/24\/cooperacao-e-humanismo-para-fortalecer-a-saude\/#primaryimage"},"thumbnailUrl":"http:\/\/maismagazine.pt\/wp-content\/uploads\/2025\/10\/Manuel-de-Lemos_UMP-1.jpg","datePublished":"2025-10-24T06:00:00+00:00","breadcrumb":{"@id":"http:\/\/maismagazine.pt\/index.php\/2025\/10\/24\/cooperacao-e-humanismo-para-fortalecer-a-saude\/#breadcrumb"},"inLanguage":"pt-PT","potentialAction":[{"@type":"ReadAction","target":["http:\/\/maismagazine.pt\/index.php\/2025\/10\/24\/cooperacao-e-humanismo-para-fortalecer-a-saude\/"]}]},{"@type":"ImageObject","inLanguage":"pt-PT","@id":"http:\/\/maismagazine.pt\/index.php\/2025\/10\/24\/cooperacao-e-humanismo-para-fortalecer-a-saude\/#primaryimage","url":"http:\/\/maismagazine.pt\/wp-content\/uploads\/2025\/10\/Manuel-de-Lemos_UMP-1.jpg","contentUrl":"http:\/\/maismagazine.pt\/wp-content\/uploads\/2025\/10\/Manuel-de-Lemos_UMP-1.jpg","width":1500,"height":2000},{"@type":"BreadcrumbList","@id":"http:\/\/maismagazine.pt\/index.php\/2025\/10\/24\/cooperacao-e-humanismo-para-fortalecer-a-saude\/#breadcrumb","itemListElement":[{"@type":"ListItem","position":1,"name":"Home","item":"https:\/\/maismagazine.pt\/"},{"@type":"ListItem","position":2,"name":"Coopera\u00e7\u00e3o e humanismo para fortalecer a sa\u00fade"}]},{"@type":"WebSite","@id":"https:\/\/maismagazine.pt\/#website","url":"https:\/\/maismagazine.pt\/","name":"Mais Magazine","description":"","publisher":{"@id":"https:\/\/maismagazine.pt\/#organization"},"potentialAction":[{"@type":"SearchAction","target":{"@type":"EntryPoint","urlTemplate":"https:\/\/maismagazine.pt\/?s={search_term_string}"},"query-input":{"@type":"PropertyValueSpecification","valueRequired":true,"valueName":"search_term_string"}}],"inLanguage":"pt-PT"},{"@type":"Organization","@id":"https:\/\/maismagazine.pt\/#organization","name":"Mais Magazine","url":"https:\/\/maismagazine.pt\/","logo":{"@type":"ImageObject","inLanguage":"pt-PT","@id":"https:\/\/maismagazine.pt\/#\/schema\/logo\/image\/","url":"http:\/\/maismagazine.pt\/wp-content\/uploads\/2020\/04\/cropped-cropped-mais-magazine-site-logo-2.png","contentUrl":"http:\/\/maismagazine.pt\/wp-content\/uploads\/2020\/04\/cropped-cropped-mais-magazine-site-logo-2.png","width":581,"height":90,"caption":"Mais Magazine"},"image":{"@id":"https:\/\/maismagazine.pt\/#\/schema\/logo\/image\/"}},{"@type":"Person","@id":"https:\/\/maismagazine.pt\/#\/schema\/person\/7426e2caeb8df32a1b56aa48dae778c9","name":"Tatiana Martins","image":{"@type":"ImageObject","inLanguage":"pt-PT","@id":"https:\/\/maismagazine.pt\/#\/schema\/person\/image\/","url":"https:\/\/secure.gravatar.com\/avatar\/4b24a57f5d0425f2eb20981c4b53244e?s=96&d=mm&r=g","contentUrl":"https:\/\/secure.gravatar.com\/avatar\/4b24a57f5d0425f2eb20981c4b53244e?s=96&d=mm&r=g","caption":"Tatiana Martins"},"url":"http:\/\/maismagazine.pt\/index.php\/author\/tatiana\/"}]}},"author_meta":{"display_name":false,"author_link":"http:\/\/maismagazine.pt\/index.php\/author\/tatiana\/"},"featured_img":"http:\/\/maismagazine.pt\/wp-content\/uploads\/2025\/10\/Manuel-de-Lemos_UMP-1-225x300.jpg","coauthors":[],"tax_additional":{"categories":{"linked":["<a href=\"http:\/\/maismagazine.pt\/index.php\/category\/destaque\/\" class=\"advgb-post-tax-term\">Destaque lateral<\/a>"],"unlinked":["<span class=\"advgb-post-tax-term\">Destaque lateral<\/span>"]},"tags":{"linked":["<a href=\"http:\/\/maismagazine.pt\/index.php\/category\/destaque\/\" class=\"advgb-post-tax-term\">Miseric\u00f3rdias<\/a>","<a href=\"http:\/\/maismagazine.pt\/index.php\/category\/destaque\/\" class=\"advgb-post-tax-term\">Uni\u00e3o das Miseric\u00f3rdias Portuguesas<\/a>"],"unlinked":["<span class=\"advgb-post-tax-term\">Miseric\u00f3rdias<\/span>","<span class=\"advgb-post-tax-term\">Uni\u00e3o das Miseric\u00f3rdias Portuguesas<\/span>"]}},"comment_count":"0","relative_dates":{"created":"Posted 6 meses ago","modified":"Updated 6 meses ago"},"absolute_dates":{"created":"Posted on 24 de Outubro, 2025","modified":"Updated on 22 de Outubro, 2025"},"absolute_dates_time":{"created":"Posted on 24 de Outubro, 2025 7:00","modified":"Updated on 22 de Outubro, 2025 15:15"},"featured_img_caption":"","series_order":"","_links":{"self":[{"href":"http:\/\/maismagazine.pt\/index.php\/wp-json\/wp\/v2\/posts\/13001","targetHints":{"allow":["GET"]}}],"collection":[{"href":"http:\/\/maismagazine.pt\/index.php\/wp-json\/wp\/v2\/posts"}],"about":[{"href":"http:\/\/maismagazine.pt\/index.php\/wp-json\/wp\/v2\/types\/post"}],"author":[{"embeddable":true,"href":"http:\/\/maismagazine.pt\/index.php\/wp-json\/wp\/v2\/users\/18"}],"replies":[{"embeddable":true,"href":"http:\/\/maismagazine.pt\/index.php\/wp-json\/wp\/v2\/comments?post=13001"}],"version-history":[{"count":1,"href":"http:\/\/maismagazine.pt\/index.php\/wp-json\/wp\/v2\/posts\/13001\/revisions"}],"predecessor-version":[{"id":13008,"href":"http:\/\/maismagazine.pt\/index.php\/wp-json\/wp\/v2\/posts\/13001\/revisions\/13008"}],"wp:featuredmedia":[{"embeddable":true,"href":"http:\/\/maismagazine.pt\/index.php\/wp-json\/wp\/v2\/media\/13007"}],"wp:attachment":[{"href":"http:\/\/maismagazine.pt\/index.php\/wp-json\/wp\/v2\/media?parent=13001"}],"wp:term":[{"taxonomy":"category","embeddable":true,"href":"http:\/\/maismagazine.pt\/index.php\/wp-json\/wp\/v2\/categories?post=13001"},{"taxonomy":"post_tag","embeddable":true,"href":"http:\/\/maismagazine.pt\/index.php\/wp-json\/wp\/v2\/tags?post=13001"}],"curies":[{"name":"wp","href":"https:\/\/api.w.org\/{rel}","templated":true}]}}