{"id":12993,"date":"2025-10-24T07:00:00","date_gmt":"2025-10-24T06:00:00","guid":{"rendered":"https:\/\/maismagazine.pt\/?p=12993"},"modified":"2025-10-22T15:16:33","modified_gmt":"2025-10-22T14:16:33","slug":"o-instituto-de-anatomia-patologica-e-patologia-molecular-historia-inovacao-e-futuro","status":"publish","type":"post","link":"http:\/\/maismagazine.pt\/index.php\/2025\/10\/24\/o-instituto-de-anatomia-patologica-e-patologia-molecular-historia-inovacao-e-futuro\/","title":{"rendered":"O Instituto de Anatomia Patol\u00f3gica e Patologia Molecular &#8211; Hist\u00f3ria, Inova\u00e7\u00e3o e Futuro"},"content":{"rendered":"\n<p><strong>O Instituto de Anatomia Patol\u00f3gica e Patologia Molecular (<a href=\"iap@fmed.uc.pt\">IAP-PM<\/a>), sediado na Faculdade de Medicina da Universidade de Coimbra (FMUC) desde 1956, possui uma hist\u00f3ria muito rica que contou com a contribui\u00e7\u00e3o de muitos colaboradores e parceiros sob a dire\u00e7\u00e3o de v\u00e1rios professores da FMUC, tendo, desde sempre, um compromisso com a inova\u00e7\u00e3o e presta\u00e7\u00e3o de servi\u00e7os diferenciados e de alta qualidade. <\/strong><\/p>\n\n\n\n<p><\/p>\n\n\n\n<p>O IAP-PM diferencia-se dos demais pela dedica\u00e7\u00e3o da equipa, pela combina\u00e7\u00e3o do rigor cient\u00edfico, proximidade com a comunidade m\u00e9dica e aposta constante na inova\u00e7\u00e3o, de modo a acompanhar a evolu\u00e7\u00e3o tecnol\u00f3gica. Uma das premissas deste Instituto \u00e9 a valoriza\u00e7\u00e3o da qualidade, \u00e9tica e coopera\u00e7\u00e3o, acreditando que \u00e9 atrav\u00e9s de um trabalho conjunto e transparente que se poder\u00e1 alcan\u00e7ar resultados capazes de fazerem a diferen\u00e7a. Tem como principais des\u00edgnios o ensino pr\u00e9 e p\u00f3s-graduado de Anatomia Patol\u00f3gica, englobando v\u00e1rios laborat\u00f3rios que prestam servi\u00e7os em diagn\u00f3stico an\u00e1tomo-patol\u00f3gico e de patologia molecular \u00e0 comunidade geral e cient\u00edfica e um museu. Anatomia Patol\u00f3gica \u00e9 a ci\u00eancia que estuda e faz o diagn\u00f3stico das doen\u00e7as permitindo a sua classifica\u00e7\u00e3o com implica\u00e7\u00f5es progn\u00f3sticas, na defini\u00e7\u00e3o da estrat\u00e9gia de monotoriza\u00e7\u00e3o dos doentes, bem como na decis\u00e3o terap\u00eautica. O diagn\u00f3stico baseia-se em estudos macrosc\u00f3picos, microsc\u00f3picos, ultramicrosc\u00f3picos e em v\u00e1rias t\u00e9cnicas de patologia molecular. <\/p>\n\n\n\n<p><\/p>\n\n\n\n<p>Ao longo dos anos, tem sido feito um investimento consider\u00e1vel na \u00e1rea da Patologia Molecular, uma vez que esta tem demonstrado especial relev\u00e2ncia na concretiza\u00e7\u00e3o do des\u00edgnio da Medicina de Precis\u00e3o. Sendo assim, nos dias de hoje, disponibiliza diferentes t\u00e9cnicas de patologia molecular com impacto cl\u00ednico, na investiga\u00e7\u00e3o e inova\u00e7\u00e3o em ci\u00eancia, como biomarcadores com import\u00e2ncia diagn\u00f3stica e progn\u00f3stica, com recurso a t\u00e9cnicas de sequencia\u00e7\u00e3o de nova gera\u00e7\u00e3o (NGS), PCR em tempo real e FISH. <\/p>\n\n\n\n<p><\/p>\n\n\n\n<figure class=\"wp-block-gallery has-nested-images columns-default is-cropped wp-block-gallery-1 is-layout-flex wp-block-gallery-is-layout-flex\">\n<figure class=\"wp-block-image size-large\"><img loading=\"lazy\" decoding=\"async\" width=\"693\" height=\"520\" data-id=\"12997\" src=\"https:\/\/maismagazine.pt\/wp-content\/uploads\/2025\/10\/20240122_112844.jpg\" alt=\"\" class=\"wp-image-12997\" srcset=\"http:\/\/maismagazine.pt\/wp-content\/uploads\/2025\/10\/20240122_112844.jpg 693w, http:\/\/maismagazine.pt\/wp-content\/uploads\/2025\/10\/20240122_112844-300x225.jpg 300w\" sizes=\"auto, (max-width: 693px) 100vw, 693px\" \/><figcaption class=\"wp-element-caption\">Colaboradores do IAP-PM da FMUC<\/figcaption><\/figure>\n\n\n\n<figure class=\"wp-block-image size-large\"><img loading=\"lazy\" decoding=\"async\" width=\"1024\" height=\"683\" data-id=\"12996\" src=\"https:\/\/maismagazine.pt\/wp-content\/uploads\/2025\/10\/Imagem4-1024x683.jpg\" alt=\"\" class=\"wp-image-12996\" srcset=\"http:\/\/maismagazine.pt\/wp-content\/uploads\/2025\/10\/Imagem4-1024x683.jpg 1024w, http:\/\/maismagazine.pt\/wp-content\/uploads\/2025\/10\/Imagem4-300x200.jpg 300w, http:\/\/maismagazine.pt\/wp-content\/uploads\/2025\/10\/Imagem4-768x512.jpg 768w, http:\/\/maismagazine.pt\/wp-content\/uploads\/2025\/10\/Imagem4-150x100.jpg 150w, http:\/\/maismagazine.pt\/wp-content\/uploads\/2025\/10\/Imagem4.jpg 1299w\" sizes=\"auto, (max-width: 1024px) 100vw, 1024px\" \/><figcaption class=\"wp-element-caption\">Colaboradores do IAP-PM da FMUC<\/figcaption><\/figure>\n<\/figure>\n\n\n\n<p><\/p>\n\n\n\n<p>Atualmente, o IAP-PM tem foco especial na oncologia com enf\u00e2se no cancro do pulm\u00e3o, cancro da mama e cancro da bexiga, tr\u00eas das neoplasias mais frequentemente diagnosticadas e com impacto socioecon\u00f3mico relevante, mantendo o foco na miss\u00e3o de criar impacto positivo atrav\u00e9s da investiga\u00e7\u00e3o, forma\u00e7\u00e3o e do servi\u00e7o \u00e0 comunidade. O Museu \u00e9 um espa\u00e7o fascinante que salvaguarda uma importante cole\u00e7\u00e3o de esp\u00e9cimes anatomopatol\u00f3gicos ligados ao estudo da Anatomia Patol\u00f3gica, alguns embebidos em l\u00edquido de preserva\u00e7\u00e3o, outros desidratados e uma rara e \u00edmpar cole\u00e7\u00e3o de modelos de cera criados por artistas pl\u00e1sticos da escola de Paris, em meados do s\u00e9culo XIX. A g\u00e9nese e o crescimento do Museu de Anatomia Patol\u00f3gica remonta \u00e0 necessidade de acompanhar o estudo e forma\u00e7\u00e3o m\u00e9dica, tendo sempre como princ\u00edpio o desenvolvimento do conhecimento cient\u00edfico aplicado ao ensino em diferentes \u00e1reas do conhecimento das quais destacamos Medicina, Arquitetura, Artes, Antropologia, etc., para o qual contribu\u00edram figuras proeminentes da Medicina em Portugal, tais como, os Professores Bissaya Barreto, Daniel de Matos, \u00c2ngelo da Fonseca, entre outros. O Museu permanece um testemunho vivo da Hist\u00f3ria da Medicina em Coimbra, guardando s\u00e9culos de Ci\u00eancia e conhecimento, trata-se de um patrim\u00f3nio que exige agora novos meios para ser preservado e partilhado com as gera\u00e7\u00f5es futuras. Neste sentido, est\u00e1 em curso um processo de reabilita\u00e7\u00e3o e moderniza\u00e7\u00e3o tecnol\u00f3gica e expositiva do Museu, atrav\u00e9s de uma inventaria\u00e7\u00e3o extensa e de um estudo hist\u00f3rico, assim como atividades de conserva\u00e7\u00e3o preventiva. <\/p>\n\n\n\n<p><\/p>\n\n\n\n<figure class=\"wp-block-gallery has-nested-images columns-default is-cropped wp-block-gallery-2 is-layout-flex wp-block-gallery-is-layout-flex\">\n<figure class=\"wp-block-image size-large\"><img loading=\"lazy\" decoding=\"async\" width=\"1024\" height=\"683\" data-id=\"13006\" src=\"http:\/\/maismagazine.pt\/wp-content\/uploads\/2025\/10\/Imagem2-1024x683.jpg\" alt=\"\" class=\"wp-image-13006\" srcset=\"http:\/\/maismagazine.pt\/wp-content\/uploads\/2025\/10\/Imagem2-1024x683.jpg 1024w, http:\/\/maismagazine.pt\/wp-content\/uploads\/2025\/10\/Imagem2-300x200.jpg 300w, http:\/\/maismagazine.pt\/wp-content\/uploads\/2025\/10\/Imagem2-768x512.jpg 768w, http:\/\/maismagazine.pt\/wp-content\/uploads\/2025\/10\/Imagem2-150x100.jpg 150w, http:\/\/maismagazine.pt\/wp-content\/uploads\/2025\/10\/Imagem2.jpg 1299w\" sizes=\"auto, (max-width: 1024px) 100vw, 1024px\" \/><figcaption class=\"wp-element-caption\">Museu de Anatomia Patol\u00f3gica do IAP-PM da FMUC<\/figcaption><\/figure>\n\n\n\n<figure class=\"wp-block-image size-large\"><img loading=\"lazy\" decoding=\"async\" width=\"1024\" height=\"645\" data-id=\"13003\" src=\"https:\/\/maismagazine.pt\/wp-content\/uploads\/2025\/10\/Imagem3-1024x645.png\" alt=\"\" class=\"wp-image-13003\" srcset=\"http:\/\/maismagazine.pt\/wp-content\/uploads\/2025\/10\/Imagem3-1024x645.png 1024w, http:\/\/maismagazine.pt\/wp-content\/uploads\/2025\/10\/Imagem3-300x189.png 300w, http:\/\/maismagazine.pt\/wp-content\/uploads\/2025\/10\/Imagem3-768x484.png 768w, http:\/\/maismagazine.pt\/wp-content\/uploads\/2025\/10\/Imagem3.png 1299w\" sizes=\"auto, (max-width: 1024px) 100vw, 1024px\" \/><figcaption class=\"wp-element-caption\">Maquete digital do Museu Virtual<\/figcaption><\/figure>\n<\/figure>\n\n\n\n<p><\/p>\n\n\n\n<p>Projetando o futuro e assumindo a ambi\u00e7\u00e3o de acompanhar as grandes mudan\u00e7as tecnol\u00f3gicas com que hoje nos deparamos, dando resposta \u00e0s necessidades cl\u00ednicas emergentes e \u00e0 investiga\u00e7\u00e3o, a equipa tem desenvolvido novos projetos que integram ci\u00eancia e tecnologia mantendo o rigor cient\u00edfico, aliando a inova\u00e7\u00e3o \u00e0 Hist\u00f3ria. Neste contexto, o IAP-PM conduz atualmente projetos que demonstram a aptid\u00e3o para a inova\u00e7\u00e3o, promovendo a moderniza\u00e7\u00e3o do Instituto em conjunto com diversas Universidades e empresas de tecnologia de informa\u00e7\u00e3o. Entre eles, destacam-se tr\u00eas projetos com financiamento europeu (impulsionado pela agenda HfPT (Health from Portugal) &#8211; PRR), nomeadamente, o desenvolvimento e implementa\u00e7\u00e3o da plataforma Pathobox, um arquivo centralizado de imagens digitais de anatomia patol\u00f3gica, 100 % baseado na web, de f\u00e1cil acesso, de baixo custo e requisitos m\u00ednimos que visa a transi\u00e7\u00e3o digital com recurso a ferramentas digitais apoiadas em vis\u00e3o e Intelig\u00eancia Artificial. Outro projeto relevante \u00e9 o desenvolvimento de um simulador virtual de macroscopia com impacto pedag\u00f3gico no ensino pr\u00e9 e p\u00f3s-graduado. Por fim, o projeto visa dinamizar ainda o Museu de Anatomia Patol\u00f3gica do IAP-PM, atrav\u00e9s da cria\u00e7\u00e3o de conte\u00fados digitais interativos, bem como a digitaliza\u00e7\u00e3o 3D das pe\u00e7as museol\u00f3gicas no contexto do desenvolvimento de um Museu Virtual que possibilite visitas imersivas ao seu esp\u00f3lio. Assim continuamos a miss\u00e3o de manter a vitalidade e inova\u00e7\u00e3o no Museu a par com o IAP-PM. Com um compromisso cont\u00ednuo com a inova\u00e7\u00e3o e a preserva\u00e7\u00e3o do seu legado hist\u00f3rico, o IAP-PM continua a desempenhar um papel fundamental na evolu\u00e7\u00e3o da Medicina, unindo ci\u00eancia, tecnologia e ensino em benef\u00edcio da sa\u00fade e da sociedade. O futuro do Instituto est\u00e1, assim, alinhado com a miss\u00e3o de transformar e aprimorar a pr\u00e1tica m\u00e9dica atrav\u00e9s da excel\u00eancia e da colabora\u00e7\u00e3o interdisciplinar. <\/p>\n\n\n\n<p><\/p>\n\n\n<div class=\"wp-block-image\">\n<figure class=\"aligncenter size-full is-resized\"><img loading=\"lazy\" decoding=\"async\" width=\"517\" height=\"157\" src=\"https:\/\/maismagazine.pt\/wp-content\/uploads\/2025\/10\/image-3.png\" alt=\"\" class=\"wp-image-13004\" style=\"width:412px;height:auto\" srcset=\"http:\/\/maismagazine.pt\/wp-content\/uploads\/2025\/10\/image-3.png 517w, http:\/\/maismagazine.pt\/wp-content\/uploads\/2025\/10\/image-3-300x91.png 300w\" sizes=\"auto, (max-width: 517px) 100vw, 517px\" \/><\/figure><\/div>","protected":false},"excerpt":{"rendered":"<p>O Instituto de Anatomia Patol\u00f3gica e Patologia Molecular (IAP-PM), sediado na Faculdade de Medicina da Universidade de Coimbra (FMUC) desde 1956, possui uma hist\u00f3ria muito rica que contou com a contribui\u00e7\u00e3o de muitos colaboradores e parceiros sob a dire\u00e7\u00e3o de v\u00e1rios professores da FMUC, tendo, desde sempre, um compromisso com&hellip;<\/p>\n","protected":false},"author":17,"featured_media":13009,"comment_status":"closed","ping_status":"open","sticky":false,"template":"","format":"standard","meta":{"advgb_blocks_editor_width":"","advgb_blocks_columns_visual_guide":"","_monsterinsights_skip_tracking":false,"_monsterinsights_sitenote_active":false,"_monsterinsights_sitenote_note":"","_monsterinsights_sitenote_category":0,"footnotes":""},"categories":[313],"tags":[1844],"class_list":["post-12993","post","type-post","status-publish","format-standard","has-post-thumbnail","hentry","category-saude","tag-iap-pm"],"yoast_head":"<!-- This site is optimized with the Yoast SEO plugin v24.4 - https:\/\/yoast.com\/wordpress\/plugins\/seo\/ -->\n<title>O Instituto de Anatomia Patol\u00f3gica e Patologia Molecular - Hist\u00f3ria, Inova\u00e7\u00e3o e Futuro - Mais Magazine<\/title>\n<meta name=\"description\" content=\"O Instituto de Anatomia Patol\u00f3gica e Patologia Molecular (IAP-PM), sediado na Faculdade de Medicina da Universidade de Coimbra (FMUC) desde 1956, possui uma hist\u00f3ria muito rica que contou com a contribui\u00e7\u00e3o de muitos colaboradores e parceiros sob a dire\u00e7\u00e3o de v\u00e1rios professores da FMUC, tendo, desde sempre, um compromisso com a inova\u00e7\u00e3o e presta\u00e7\u00e3o de servi\u00e7os diferenciados e de alta qualidade.\" \/>\n<meta name=\"robots\" content=\"index, follow, max-snippet:-1, max-image-preview:large, max-video-preview:-1\" \/>\n<link rel=\"canonical\" href=\"https:\/\/maismagazine.pt\/index.php\/2025\/10\/24\/o-instituto-de-anatomia-patologica-e-patologia-molecular-historia-inovacao-e-futuro\/\" \/>\n<meta property=\"og:locale\" content=\"pt_PT\" \/>\n<meta property=\"og:type\" content=\"article\" \/>\n<meta property=\"og:title\" content=\"O Instituto de Anatomia Patol\u00f3gica e Patologia Molecular - Hist\u00f3ria, Inova\u00e7\u00e3o e Futuro - Mais Magazine\" \/>\n<meta property=\"og:description\" content=\"O Instituto de Anatomia Patol\u00f3gica e Patologia Molecular (IAP-PM), sediado na Faculdade de Medicina da Universidade de Coimbra (FMUC) desde 1956, possui uma hist\u00f3ria muito rica que contou com a contribui\u00e7\u00e3o de muitos colaboradores e parceiros sob a dire\u00e7\u00e3o de v\u00e1rios professores da FMUC, tendo, desde sempre, um compromisso com a inova\u00e7\u00e3o e presta\u00e7\u00e3o de servi\u00e7os diferenciados e de alta qualidade.\" \/>\n<meta property=\"og:url\" content=\"https:\/\/maismagazine.pt\/index.php\/2025\/10\/24\/o-instituto-de-anatomia-patologica-e-patologia-molecular-historia-inovacao-e-futuro\/\" \/>\n<meta property=\"og:site_name\" content=\"Mais Magazine\" \/>\n<meta property=\"article:published_time\" content=\"2025-10-24T06:00:00+00:00\" \/>\n<meta property=\"og:image\" content=\"https:\/\/maismagazine.pt\/wp-content\/uploads\/2025\/10\/Imagem1-1.jpg\" \/>\n\t<meta property=\"og:image:width\" content=\"1299\" \/>\n\t<meta property=\"og:image:height\" content=\"866\" \/>\n\t<meta property=\"og:image:type\" content=\"image\/jpeg\" \/>\n<meta name=\"author\" content=\"Tiago Costa\" \/>\n<meta name=\"twitter:card\" content=\"summary_large_image\" \/>\n<meta name=\"twitter:label1\" content=\"Escrito por\" \/>\n\t<meta name=\"twitter:data1\" content=\"\" \/>\n\t<meta name=\"twitter:label2\" content=\"Tempo estimado de leitura\" \/>\n\t<meta name=\"twitter:data2\" content=\"6 minutos\" \/>\n<script type=\"application\/ld+json\" class=\"yoast-schema-graph\">{\"@context\":\"https:\/\/schema.org\",\"@graph\":[{\"@type\":\"Article\",\"@id\":\"https:\/\/maismagazine.pt\/index.php\/2025\/10\/24\/o-instituto-de-anatomia-patologica-e-patologia-molecular-historia-inovacao-e-futuro\/#article\",\"isPartOf\":{\"@id\":\"https:\/\/maismagazine.pt\/index.php\/2025\/10\/24\/o-instituto-de-anatomia-patologica-e-patologia-molecular-historia-inovacao-e-futuro\/\"},\"author\":{\"name\":\"Tiago Costa\",\"@id\":\"https:\/\/maismagazine.pt\/#\/schema\/person\/c6c5bfccc886434cbd11c74e035f9646\"},\"headline\":\"O Instituto de Anatomia Patol\u00f3gica e Patologia Molecular &#8211; Hist\u00f3ria, Inova\u00e7\u00e3o e Futuro\",\"datePublished\":\"2025-10-24T06:00:00+00:00\",\"mainEntityOfPage\":{\"@id\":\"https:\/\/maismagazine.pt\/index.php\/2025\/10\/24\/o-instituto-de-anatomia-patologica-e-patologia-molecular-historia-inovacao-e-futuro\/\"},\"wordCount\":979,\"publisher\":{\"@id\":\"https:\/\/maismagazine.pt\/#organization\"},\"image\":{\"@id\":\"https:\/\/maismagazine.pt\/index.php\/2025\/10\/24\/o-instituto-de-anatomia-patologica-e-patologia-molecular-historia-inovacao-e-futuro\/#primaryimage\"},\"thumbnailUrl\":\"http:\/\/maismagazine.pt\/wp-content\/uploads\/2025\/10\/Imagem1-1.jpg\",\"keywords\":[\"IAP-PM\"],\"articleSection\":[\"Sa\u00fade\"],\"inLanguage\":\"pt-PT\"},{\"@type\":\"WebPage\",\"@id\":\"https:\/\/maismagazine.pt\/index.php\/2025\/10\/24\/o-instituto-de-anatomia-patologica-e-patologia-molecular-historia-inovacao-e-futuro\/\",\"url\":\"https:\/\/maismagazine.pt\/index.php\/2025\/10\/24\/o-instituto-de-anatomia-patologica-e-patologia-molecular-historia-inovacao-e-futuro\/\",\"name\":\"O Instituto de Anatomia Patol\u00f3gica e Patologia Molecular - Hist\u00f3ria, Inova\u00e7\u00e3o e Futuro - Mais Magazine\",\"isPartOf\":{\"@id\":\"https:\/\/maismagazine.pt\/#website\"},\"primaryImageOfPage\":{\"@id\":\"https:\/\/maismagazine.pt\/index.php\/2025\/10\/24\/o-instituto-de-anatomia-patologica-e-patologia-molecular-historia-inovacao-e-futuro\/#primaryimage\"},\"image\":{\"@id\":\"https:\/\/maismagazine.pt\/index.php\/2025\/10\/24\/o-instituto-de-anatomia-patologica-e-patologia-molecular-historia-inovacao-e-futuro\/#primaryimage\"},\"thumbnailUrl\":\"http:\/\/maismagazine.pt\/wp-content\/uploads\/2025\/10\/Imagem1-1.jpg\",\"datePublished\":\"2025-10-24T06:00:00+00:00\",\"description\":\"O Instituto de Anatomia Patol\u00f3gica e Patologia Molecular (IAP-PM), sediado na Faculdade de Medicina da Universidade de Coimbra (FMUC) desde 1956, possui uma hist\u00f3ria muito rica que contou com a contribui\u00e7\u00e3o de muitos colaboradores e parceiros sob a dire\u00e7\u00e3o de v\u00e1rios professores da FMUC, tendo, desde sempre, um compromisso com a inova\u00e7\u00e3o e presta\u00e7\u00e3o de servi\u00e7os diferenciados e de alta qualidade.\",\"breadcrumb\":{\"@id\":\"https:\/\/maismagazine.pt\/index.php\/2025\/10\/24\/o-instituto-de-anatomia-patologica-e-patologia-molecular-historia-inovacao-e-futuro\/#breadcrumb\"},\"inLanguage\":\"pt-PT\",\"potentialAction\":[{\"@type\":\"ReadAction\",\"target\":[\"https:\/\/maismagazine.pt\/index.php\/2025\/10\/24\/o-instituto-de-anatomia-patologica-e-patologia-molecular-historia-inovacao-e-futuro\/\"]}]},{\"@type\":\"ImageObject\",\"inLanguage\":\"pt-PT\",\"@id\":\"https:\/\/maismagazine.pt\/index.php\/2025\/10\/24\/o-instituto-de-anatomia-patologica-e-patologia-molecular-historia-inovacao-e-futuro\/#primaryimage\",\"url\":\"http:\/\/maismagazine.pt\/wp-content\/uploads\/2025\/10\/Imagem1-1.jpg\",\"contentUrl\":\"http:\/\/maismagazine.pt\/wp-content\/uploads\/2025\/10\/Imagem1-1.jpg\",\"width\":1299,\"height\":866},{\"@type\":\"BreadcrumbList\",\"@id\":\"https:\/\/maismagazine.pt\/index.php\/2025\/10\/24\/o-instituto-de-anatomia-patologica-e-patologia-molecular-historia-inovacao-e-futuro\/#breadcrumb\",\"itemListElement\":[{\"@type\":\"ListItem\",\"position\":1,\"name\":\"Home\",\"item\":\"https:\/\/maismagazine.pt\/\"},{\"@type\":\"ListItem\",\"position\":2,\"name\":\"O Instituto de Anatomia Patol\u00f3gica e Patologia Molecular &#8211; Hist\u00f3ria, Inova\u00e7\u00e3o e Futuro\"}]},{\"@type\":\"WebSite\",\"@id\":\"https:\/\/maismagazine.pt\/#website\",\"url\":\"https:\/\/maismagazine.pt\/\",\"name\":\"Mais Magazine\",\"description\":\"\",\"publisher\":{\"@id\":\"https:\/\/maismagazine.pt\/#organization\"},\"potentialAction\":[{\"@type\":\"SearchAction\",\"target\":{\"@type\":\"EntryPoint\",\"urlTemplate\":\"https:\/\/maismagazine.pt\/?s={search_term_string}\"},\"query-input\":{\"@type\":\"PropertyValueSpecification\",\"valueRequired\":true,\"valueName\":\"search_term_string\"}}],\"inLanguage\":\"pt-PT\"},{\"@type\":\"Organization\",\"@id\":\"https:\/\/maismagazine.pt\/#organization\",\"name\":\"Mais Magazine\",\"url\":\"https:\/\/maismagazine.pt\/\",\"logo\":{\"@type\":\"ImageObject\",\"inLanguage\":\"pt-PT\",\"@id\":\"https:\/\/maismagazine.pt\/#\/schema\/logo\/image\/\",\"url\":\"http:\/\/maismagazine.pt\/wp-content\/uploads\/2020\/04\/cropped-cropped-mais-magazine-site-logo-2.png\",\"contentUrl\":\"http:\/\/maismagazine.pt\/wp-content\/uploads\/2020\/04\/cropped-cropped-mais-magazine-site-logo-2.png\",\"width\":581,\"height\":90,\"caption\":\"Mais Magazine\"},\"image\":{\"@id\":\"https:\/\/maismagazine.pt\/#\/schema\/logo\/image\/\"}},{\"@type\":\"Person\",\"@id\":\"https:\/\/maismagazine.pt\/#\/schema\/person\/c6c5bfccc886434cbd11c74e035f9646\",\"name\":\"Tiago Costa\",\"image\":{\"@type\":\"ImageObject\",\"inLanguage\":\"pt-PT\",\"@id\":\"https:\/\/maismagazine.pt\/#\/schema\/person\/image\/\",\"url\":\"https:\/\/secure.gravatar.com\/avatar\/c599b2bce16c9870429198cbad5ee022?s=96&d=mm&r=g\",\"contentUrl\":\"https:\/\/secure.gravatar.com\/avatar\/c599b2bce16c9870429198cbad5ee022?s=96&d=mm&r=g\",\"caption\":\"Tiago Costa\"},\"url\":\"http:\/\/maismagazine.pt\/index.php\/author\/tiago\/\"}]}<\/script>\n<!-- \/ Yoast SEO plugin. -->","yoast_head_json":{"title":"O Instituto de Anatomia Patol\u00f3gica e Patologia Molecular - Hist\u00f3ria, Inova\u00e7\u00e3o e Futuro - Mais Magazine","description":"O Instituto de Anatomia Patol\u00f3gica e Patologia Molecular (IAP-PM), sediado na Faculdade de Medicina da Universidade de Coimbra (FMUC) desde 1956, possui uma hist\u00f3ria muito rica que contou com a contribui\u00e7\u00e3o de muitos colaboradores e parceiros sob a dire\u00e7\u00e3o de v\u00e1rios professores da FMUC, tendo, desde sempre, um compromisso com a inova\u00e7\u00e3o e presta\u00e7\u00e3o de servi\u00e7os diferenciados e de alta qualidade.","robots":{"index":"index","follow":"follow","max-snippet":"max-snippet:-1","max-image-preview":"max-image-preview:large","max-video-preview":"max-video-preview:-1"},"canonical":"https:\/\/maismagazine.pt\/index.php\/2025\/10\/24\/o-instituto-de-anatomia-patologica-e-patologia-molecular-historia-inovacao-e-futuro\/","og_locale":"pt_PT","og_type":"article","og_title":"O Instituto de Anatomia Patol\u00f3gica e Patologia Molecular - Hist\u00f3ria, Inova\u00e7\u00e3o e Futuro - Mais Magazine","og_description":"O Instituto de Anatomia Patol\u00f3gica e Patologia Molecular (IAP-PM), sediado na Faculdade de Medicina da Universidade de Coimbra (FMUC) desde 1956, possui uma hist\u00f3ria muito rica que contou com a contribui\u00e7\u00e3o de muitos colaboradores e parceiros sob a dire\u00e7\u00e3o de v\u00e1rios professores da FMUC, tendo, desde sempre, um compromisso com a inova\u00e7\u00e3o e presta\u00e7\u00e3o de servi\u00e7os diferenciados e de alta qualidade.","og_url":"https:\/\/maismagazine.pt\/index.php\/2025\/10\/24\/o-instituto-de-anatomia-patologica-e-patologia-molecular-historia-inovacao-e-futuro\/","og_site_name":"Mais Magazine","article_published_time":"2025-10-24T06:00:00+00:00","og_image":[{"width":1299,"height":866,"url":"https:\/\/maismagazine.pt\/wp-content\/uploads\/2025\/10\/Imagem1-1.jpg","type":"image\/jpeg"}],"author":"Tiago Costa","twitter_card":"summary_large_image","twitter_misc":{"Escrito por":false,"Tempo estimado de leitura":"6 minutos"},"schema":{"@context":"https:\/\/schema.org","@graph":[{"@type":"Article","@id":"https:\/\/maismagazine.pt\/index.php\/2025\/10\/24\/o-instituto-de-anatomia-patologica-e-patologia-molecular-historia-inovacao-e-futuro\/#article","isPartOf":{"@id":"https:\/\/maismagazine.pt\/index.php\/2025\/10\/24\/o-instituto-de-anatomia-patologica-e-patologia-molecular-historia-inovacao-e-futuro\/"},"author":{"name":"Tiago Costa","@id":"https:\/\/maismagazine.pt\/#\/schema\/person\/c6c5bfccc886434cbd11c74e035f9646"},"headline":"O Instituto de Anatomia Patol\u00f3gica e Patologia Molecular &#8211; Hist\u00f3ria, Inova\u00e7\u00e3o e Futuro","datePublished":"2025-10-24T06:00:00+00:00","mainEntityOfPage":{"@id":"https:\/\/maismagazine.pt\/index.php\/2025\/10\/24\/o-instituto-de-anatomia-patologica-e-patologia-molecular-historia-inovacao-e-futuro\/"},"wordCount":979,"publisher":{"@id":"https:\/\/maismagazine.pt\/#organization"},"image":{"@id":"https:\/\/maismagazine.pt\/index.php\/2025\/10\/24\/o-instituto-de-anatomia-patologica-e-patologia-molecular-historia-inovacao-e-futuro\/#primaryimage"},"thumbnailUrl":"http:\/\/maismagazine.pt\/wp-content\/uploads\/2025\/10\/Imagem1-1.jpg","keywords":["IAP-PM"],"articleSection":["Sa\u00fade"],"inLanguage":"pt-PT"},{"@type":"WebPage","@id":"https:\/\/maismagazine.pt\/index.php\/2025\/10\/24\/o-instituto-de-anatomia-patologica-e-patologia-molecular-historia-inovacao-e-futuro\/","url":"https:\/\/maismagazine.pt\/index.php\/2025\/10\/24\/o-instituto-de-anatomia-patologica-e-patologia-molecular-historia-inovacao-e-futuro\/","name":"O Instituto de Anatomia Patol\u00f3gica e Patologia Molecular - Hist\u00f3ria, Inova\u00e7\u00e3o e Futuro - Mais Magazine","isPartOf":{"@id":"https:\/\/maismagazine.pt\/#website"},"primaryImageOfPage":{"@id":"https:\/\/maismagazine.pt\/index.php\/2025\/10\/24\/o-instituto-de-anatomia-patologica-e-patologia-molecular-historia-inovacao-e-futuro\/#primaryimage"},"image":{"@id":"https:\/\/maismagazine.pt\/index.php\/2025\/10\/24\/o-instituto-de-anatomia-patologica-e-patologia-molecular-historia-inovacao-e-futuro\/#primaryimage"},"thumbnailUrl":"http:\/\/maismagazine.pt\/wp-content\/uploads\/2025\/10\/Imagem1-1.jpg","datePublished":"2025-10-24T06:00:00+00:00","description":"O Instituto de Anatomia Patol\u00f3gica e Patologia Molecular (IAP-PM), sediado na Faculdade de Medicina da Universidade de Coimbra (FMUC) desde 1956, possui uma hist\u00f3ria muito rica que contou com a contribui\u00e7\u00e3o de muitos colaboradores e parceiros sob a dire\u00e7\u00e3o de v\u00e1rios professores da FMUC, tendo, desde sempre, um compromisso com a inova\u00e7\u00e3o e presta\u00e7\u00e3o de servi\u00e7os diferenciados e de alta qualidade.","breadcrumb":{"@id":"https:\/\/maismagazine.pt\/index.php\/2025\/10\/24\/o-instituto-de-anatomia-patologica-e-patologia-molecular-historia-inovacao-e-futuro\/#breadcrumb"},"inLanguage":"pt-PT","potentialAction":[{"@type":"ReadAction","target":["https:\/\/maismagazine.pt\/index.php\/2025\/10\/24\/o-instituto-de-anatomia-patologica-e-patologia-molecular-historia-inovacao-e-futuro\/"]}]},{"@type":"ImageObject","inLanguage":"pt-PT","@id":"https:\/\/maismagazine.pt\/index.php\/2025\/10\/24\/o-instituto-de-anatomia-patologica-e-patologia-molecular-historia-inovacao-e-futuro\/#primaryimage","url":"http:\/\/maismagazine.pt\/wp-content\/uploads\/2025\/10\/Imagem1-1.jpg","contentUrl":"http:\/\/maismagazine.pt\/wp-content\/uploads\/2025\/10\/Imagem1-1.jpg","width":1299,"height":866},{"@type":"BreadcrumbList","@id":"https:\/\/maismagazine.pt\/index.php\/2025\/10\/24\/o-instituto-de-anatomia-patologica-e-patologia-molecular-historia-inovacao-e-futuro\/#breadcrumb","itemListElement":[{"@type":"ListItem","position":1,"name":"Home","item":"https:\/\/maismagazine.pt\/"},{"@type":"ListItem","position":2,"name":"O Instituto de Anatomia Patol\u00f3gica e Patologia Molecular &#8211; Hist\u00f3ria, Inova\u00e7\u00e3o e Futuro"}]},{"@type":"WebSite","@id":"https:\/\/maismagazine.pt\/#website","url":"https:\/\/maismagazine.pt\/","name":"Mais Magazine","description":"","publisher":{"@id":"https:\/\/maismagazine.pt\/#organization"},"potentialAction":[{"@type":"SearchAction","target":{"@type":"EntryPoint","urlTemplate":"https:\/\/maismagazine.pt\/?s={search_term_string}"},"query-input":{"@type":"PropertyValueSpecification","valueRequired":true,"valueName":"search_term_string"}}],"inLanguage":"pt-PT"},{"@type":"Organization","@id":"https:\/\/maismagazine.pt\/#organization","name":"Mais Magazine","url":"https:\/\/maismagazine.pt\/","logo":{"@type":"ImageObject","inLanguage":"pt-PT","@id":"https:\/\/maismagazine.pt\/#\/schema\/logo\/image\/","url":"http:\/\/maismagazine.pt\/wp-content\/uploads\/2020\/04\/cropped-cropped-mais-magazine-site-logo-2.png","contentUrl":"http:\/\/maismagazine.pt\/wp-content\/uploads\/2020\/04\/cropped-cropped-mais-magazine-site-logo-2.png","width":581,"height":90,"caption":"Mais Magazine"},"image":{"@id":"https:\/\/maismagazine.pt\/#\/schema\/logo\/image\/"}},{"@type":"Person","@id":"https:\/\/maismagazine.pt\/#\/schema\/person\/c6c5bfccc886434cbd11c74e035f9646","name":"Tiago Costa","image":{"@type":"ImageObject","inLanguage":"pt-PT","@id":"https:\/\/maismagazine.pt\/#\/schema\/person\/image\/","url":"https:\/\/secure.gravatar.com\/avatar\/c599b2bce16c9870429198cbad5ee022?s=96&d=mm&r=g","contentUrl":"https:\/\/secure.gravatar.com\/avatar\/c599b2bce16c9870429198cbad5ee022?s=96&d=mm&r=g","caption":"Tiago Costa"},"url":"http:\/\/maismagazine.pt\/index.php\/author\/tiago\/"}]}},"author_meta":{"display_name":false,"author_link":"http:\/\/maismagazine.pt\/index.php\/author\/tiago\/"},"featured_img":"http:\/\/maismagazine.pt\/wp-content\/uploads\/2025\/10\/Imagem1-1-300x200.jpg","coauthors":[],"tax_additional":{"categories":{"linked":["<a href=\"http:\/\/maismagazine.pt\/index.php\/category\/mundo-empresarial\/saude\/\" class=\"advgb-post-tax-term\">Sa\u00fade<\/a>"],"unlinked":["<span class=\"advgb-post-tax-term\">Sa\u00fade<\/span>"]},"tags":{"linked":["<a href=\"http:\/\/maismagazine.pt\/index.php\/category\/mundo-empresarial\/saude\/\" class=\"advgb-post-tax-term\">IAP-PM<\/a>"],"unlinked":["<span class=\"advgb-post-tax-term\">IAP-PM<\/span>"]}},"comment_count":"0","relative_dates":{"created":"Posted 6 meses ago","modified":"Updated 6 meses ago"},"absolute_dates":{"created":"Posted on 24 de Outubro, 2025","modified":"Updated on 22 de Outubro, 2025"},"absolute_dates_time":{"created":"Posted on 24 de Outubro, 2025 7:00","modified":"Updated on 22 de Outubro, 2025 15:16"},"featured_img_caption":"","series_order":"","_links":{"self":[{"href":"http:\/\/maismagazine.pt\/index.php\/wp-json\/wp\/v2\/posts\/12993","targetHints":{"allow":["GET"]}}],"collection":[{"href":"http:\/\/maismagazine.pt\/index.php\/wp-json\/wp\/v2\/posts"}],"about":[{"href":"http:\/\/maismagazine.pt\/index.php\/wp-json\/wp\/v2\/types\/post"}],"author":[{"embeddable":true,"href":"http:\/\/maismagazine.pt\/index.php\/wp-json\/wp\/v2\/users\/17"}],"replies":[{"embeddable":true,"href":"http:\/\/maismagazine.pt\/index.php\/wp-json\/wp\/v2\/comments?post=12993"}],"version-history":[{"count":2,"href":"http:\/\/maismagazine.pt\/index.php\/wp-json\/wp\/v2\/posts\/12993\/revisions"}],"predecessor-version":[{"id":13011,"href":"http:\/\/maismagazine.pt\/index.php\/wp-json\/wp\/v2\/posts\/12993\/revisions\/13011"}],"wp:featuredmedia":[{"embeddable":true,"href":"http:\/\/maismagazine.pt\/index.php\/wp-json\/wp\/v2\/media\/13009"}],"wp:attachment":[{"href":"http:\/\/maismagazine.pt\/index.php\/wp-json\/wp\/v2\/media?parent=12993"}],"wp:term":[{"taxonomy":"category","embeddable":true,"href":"http:\/\/maismagazine.pt\/index.php\/wp-json\/wp\/v2\/categories?post=12993"},{"taxonomy":"post_tag","embeddable":true,"href":"http:\/\/maismagazine.pt\/index.php\/wp-json\/wp\/v2\/tags?post=12993"}],"curies":[{"name":"wp","href":"https:\/\/api.w.org\/{rel}","templated":true}]}}