{"id":12965,"date":"2025-10-24T07:00:00","date_gmt":"2025-10-24T06:00:00","guid":{"rendered":"https:\/\/maismagazine.pt\/?p=12965"},"modified":"2025-10-22T14:50:25","modified_gmt":"2025-10-22T13:50:25","slug":"a-marca-escola-catolica-e-muito-forte-e-nos-queremos-afirma-la-cada-vez-mais","status":"publish","type":"post","link":"http:\/\/maismagazine.pt\/index.php\/2025\/10\/24\/a-marca-escola-catolica-e-muito-forte-e-nos-queremos-afirma-la-cada-vez-mais\/","title":{"rendered":"&#8220;A marca \u0301escola cat\u00f3lica \u0301 \u00e9 muito forte e n\u00f3s queremos afirm\u00e1-la cada vez mais&#8221;"},"content":{"rendered":"\n<p><strong>\u00c0 frente da Associa\u00e7\u00e3o Portuguesa de Escolas Cat\u00f3licas, Fernando Magalh\u00e3es destaca o compromisso da APEC em refor\u00e7ar a identidade das escolas cat\u00f3licas, promover a excel\u00eancia educativa e responder com esperan\u00e7a e inova\u00e7\u00e3o aos desafios atuais do sistema de ensino.<\/strong><\/p>\n\n\n\n<p><\/p>\n\n\n\n<p><strong>De que forma a APEC apoia concretamente as escolas associadas na defesa da sua identidade cat\u00f3lica e na qualidade pedag\u00f3gica?<\/strong><\/p>\n\n\n\n<p>A miss\u00e3o da APEC \u00e9 a de congregar as escolas cat\u00f3licas em Portugal em torno da sua miss\u00e3o, das suas \u00e1reas de atua\u00e7\u00e3o comuns e dos desafios que lhes s\u00e3o colocados. Nesse sentido, promove um conjunto de a\u00e7\u00f5es muito diversificadas que, sob a forma de debate, forma\u00e7\u00e3o, informa\u00e7\u00e3o, celebra\u00e7\u00e3o, encontros (de alunos, de educadores docentes e n\u00e3o docentes, de fam\u00edlias, de dire\u00e7\u00f5es, de equipas pastorais, etc.) refor\u00e7am nas escolas cat\u00f3licas a raz\u00e3o principal pela qual a APEC foi fundada: o cuidado muito especial com a identidade pr\u00f3pria das escolas cat\u00f3licas.<\/p>\n\n\n\n<p><\/p>\n\n\n\n<p><strong>Que papel v\u00ea para as escolas cat\u00f3licas no futuro do sistema educativo portugu\u00eas, especialmente no que diz respeito \u00e0 inclus\u00e3o, inova\u00e7\u00e3o pedag\u00f3gica e forma\u00e7\u00e3o integral dos alunos?<\/strong><\/p>\n\n\n\n<p>As escolas cat\u00f3licas t\u00eam um papel determinante h\u00e1 muito tempo em Portugal, que n\u00e3o \u00e9 de agora, que se confunde at\u00e9 com a origem da nossa nacionalidade. As escolas cat\u00f3licas estiveram sempre na dianteira, seja como \u00fanica resposta de ensino que, em determinadas \u00e9pocas ou contextos, foram, seja como projetos de ponta e de excel\u00eancia como se apresentaram e apresentam em \u00e1reas diversas. Acreditamos que o futuro \u00e9 o da continuidade e renova\u00e7\u00e3o desta matriz: a forma\u00e7\u00e3o integral da pessoa, com base na vis\u00e3o crist\u00e3 do homem e do mundo e dos valores da\u00ed decorrentes; e, al\u00e9m disso, a qualidade e excel\u00eancia dos projetos educativos levados a cabo, muitas vezes, como diz\u00edamos, antecipando tend\u00eancias que depois se validam, reconhecem e at\u00e9 se generalizam, para vantagem de todos.<\/p>\n\n\n\n<p><\/p>\n\n\n\n<p><strong>Quais s\u00e3o atualmente os maiores desafios que as escolas cat\u00f3licas enfrentam no contexto educativo portugu\u00eas?<\/strong><\/p>\n\n\n\n<p>Sem d\u00favida que, para que ocorra tudo o que se disse atr\u00e1s, \u00e9 essencial a liberdade de educa\u00e7\u00e3o. Ela n\u00e3o se concretiza s\u00f3 no livre exerc\u00edcio de ensinar. Ela concretiza-se tamb\u00e9m na livre escolha por parte das fam\u00edlias \u2013 algo que ainda est\u00e1 verdadeiramente por cumprir \u2013 do lugar onde querem que os seus filhos aprendam. Al\u00e9m disso, devemos tomar como especiais desafios tamb\u00e9m, por um lado, o multiculturalismo crescente nas nossas sociedades, que nos obriga a criar di\u00e1logos fraternos sem perda de identidade e, por outro, o da conhecida car\u00eancia de professores no tecido educativo, que nos ir\u00e1 obrigar a ser muito criativos e inovadores, como tantas vezes j\u00e1 fomos no passado. Por falar em criatividade, n\u00e3o podemos ignorar os desenvolvimentos tecnol\u00f3gicos, designadamente os inerentes \u00e0 Intelig\u00eancia Artificial. Importa dizer que vemos tudo isto com um sentido de muita esperan\u00e7a.<\/p>\n\n\n\n<p><\/p>\n\n\n\n<p><strong>Que prioridades estrat\u00e9gicas a APEC definiu para os pr\u00f3ximos anos no sentido de fortalecer a rede de escolas cat\u00f3licas e o seu contributo para a educa\u00e7\u00e3o em Portugal?<\/strong><\/p>\n\n\n\n<p>Sem preju\u00edzo de outros desafios de ordem interna, os nossos prop\u00f3sitos para o pr\u00f3ximo tri\u00e9nio ilustram bem as nossas prioridades. Por um lado, refor\u00e7ar a identidade das escolas cat\u00f3licas, mostrando qu\u00e3o importante e \u00fanica \u00e9 a sua proposta educativa. A marca \u201cescola cat\u00f3lica\u201d \u00e9 muito forte e n\u00f3s queremos afirm\u00e1-la cada vez mais. Outros dois pontos muito importantes s\u00e3o o fortalecimento da comunh\u00e3o entre escolas e o da realiza\u00e7\u00e3o da nossa miss\u00e3o em di\u00e1logo ou, como nos convidou o Papa Francisco, \u201cem pacto\u201d, envolvendo todos aqueles que se ocupam da educa\u00e7\u00e3o, direta ou indiretamente. Mas renovo o que disse h\u00e1 pouco: tudo isto fazemos com muita esperan\u00e7a e com muita alegria. <\/p>\n\n\n\n<p><\/p>\n\n\n<div class=\"wp-block-image\">\n<figure class=\"aligncenter size-large is-resized\"><img loading=\"lazy\" decoding=\"async\" width=\"1024\" height=\"1024\" src=\"https:\/\/maismagazine.pt\/wp-content\/uploads\/2025\/10\/326718421_896611191590270_5642617135605195491_n-1024x1024.png\" alt=\"\" class=\"wp-image-12971\" style=\"width:248px;height:auto\" srcset=\"http:\/\/maismagazine.pt\/wp-content\/uploads\/2025\/10\/326718421_896611191590270_5642617135605195491_n-1024x1024.png 1024w, http:\/\/maismagazine.pt\/wp-content\/uploads\/2025\/10\/326718421_896611191590270_5642617135605195491_n-300x300.png 300w, http:\/\/maismagazine.pt\/wp-content\/uploads\/2025\/10\/326718421_896611191590270_5642617135605195491_n-150x150.png 150w, http:\/\/maismagazine.pt\/wp-content\/uploads\/2025\/10\/326718421_896611191590270_5642617135605195491_n-768x768.png 768w, http:\/\/maismagazine.pt\/wp-content\/uploads\/2025\/10\/326718421_896611191590270_5642617135605195491_n.png 1241w\" sizes=\"auto, (max-width: 1024px) 100vw, 1024px\" \/><\/figure><\/div>\n\n\n<p><\/p>\n","protected":false},"excerpt":{"rendered":"<p>\u00c0 frente da Associa\u00e7\u00e3o Portuguesa de Escolas Cat\u00f3licas, Fernando Magalh\u00e3es destaca o compromisso da APEC em refor\u00e7ar a identidade das escolas cat\u00f3licas, promover a excel\u00eancia educativa e responder com esperan\u00e7a e inova\u00e7\u00e3o aos desafios atuais do sistema de ensino. De que forma a APEC apoia concretamente as escolas associadas na&hellip;<\/p>\n","protected":false},"author":18,"featured_media":12972,"comment_status":"closed","ping_status":"open","sticky":false,"template":"","format":"standard","meta":{"advgb_blocks_editor_width":"","advgb_blocks_columns_visual_guide":"","_monsterinsights_skip_tracking":false,"_monsterinsights_sitenote_active":false,"_monsterinsights_sitenote_note":"","_monsterinsights_sitenote_category":0,"footnotes":""},"categories":[52],"tags":[2488,2484],"class_list":["post-12965","post","type-post","status-publish","format-standard","has-post-thumbnail","hentry","category-destaque","tag-apec","tag-ensino-catolico"],"yoast_head":"<!-- This site is optimized with the Yoast SEO plugin v24.4 - https:\/\/yoast.com\/wordpress\/plugins\/seo\/ -->\n<title>&quot;A marca \u0301escola cat\u00f3lica \u0301 \u00e9 muito forte e n\u00f3s queremos afirm\u00e1-la cada vez mais&quot; - Mais Magazine<\/title>\n<meta name=\"robots\" content=\"index, follow, max-snippet:-1, max-image-preview:large, max-video-preview:-1\" \/>\n<link rel=\"canonical\" href=\"https:\/\/maismagazine.pt\/index.php\/2025\/10\/24\/a-marca-escola-catolica-e-muito-forte-e-nos-queremos-afirma-la-cada-vez-mais\/\" \/>\n<meta property=\"og:locale\" content=\"pt_PT\" \/>\n<meta property=\"og:type\" content=\"article\" \/>\n<meta property=\"og:title\" content=\"&quot;A marca \u0301escola cat\u00f3lica \u0301 \u00e9 muito forte e n\u00f3s queremos afirm\u00e1-la cada vez mais&quot; - Mais Magazine\" \/>\n<meta property=\"og:description\" content=\"\u00c0 frente da Associa\u00e7\u00e3o Portuguesa de Escolas Cat\u00f3licas, Fernando Magalh\u00e3es destaca o compromisso da APEC em refor\u00e7ar a identidade das escolas cat\u00f3licas, promover a excel\u00eancia educativa e responder com esperan\u00e7a e inova\u00e7\u00e3o aos desafios atuais do sistema de ensino. De que forma a APEC apoia concretamente as escolas associadas na&hellip;\" \/>\n<meta property=\"og:url\" content=\"https:\/\/maismagazine.pt\/index.php\/2025\/10\/24\/a-marca-escola-catolica-e-muito-forte-e-nos-queremos-afirma-la-cada-vez-mais\/\" \/>\n<meta property=\"og:site_name\" content=\"Mais Magazine\" \/>\n<meta property=\"article:published_time\" content=\"2025-10-24T06:00:00+00:00\" \/>\n<meta property=\"og:image\" content=\"https:\/\/maismagazine.pt\/wp-content\/uploads\/2025\/10\/fernando_magalhes-1.jpg\" \/>\n\t<meta property=\"og:image:width\" content=\"633\" \/>\n\t<meta property=\"og:image:height\" content=\"601\" \/>\n\t<meta property=\"og:image:type\" content=\"image\/jpeg\" \/>\n<meta name=\"author\" content=\"Tatiana Martins\" \/>\n<meta name=\"twitter:card\" content=\"summary_large_image\" \/>\n<meta name=\"twitter:label1\" content=\"Escrito por\" \/>\n\t<meta name=\"twitter:data1\" content=\"\" \/>\n\t<meta name=\"twitter:label2\" content=\"Tempo estimado de leitura\" \/>\n\t<meta name=\"twitter:data2\" content=\"4 minutos\" \/>\n<script type=\"application\/ld+json\" class=\"yoast-schema-graph\">{\"@context\":\"https:\/\/schema.org\",\"@graph\":[{\"@type\":\"Article\",\"@id\":\"https:\/\/maismagazine.pt\/index.php\/2025\/10\/24\/a-marca-escola-catolica-e-muito-forte-e-nos-queremos-afirma-la-cada-vez-mais\/#article\",\"isPartOf\":{\"@id\":\"https:\/\/maismagazine.pt\/index.php\/2025\/10\/24\/a-marca-escola-catolica-e-muito-forte-e-nos-queremos-afirma-la-cada-vez-mais\/\"},\"author\":{\"name\":\"Tatiana Martins\",\"@id\":\"https:\/\/maismagazine.pt\/#\/schema\/person\/7426e2caeb8df32a1b56aa48dae778c9\"},\"headline\":\"&#8220;A marca \u0301escola cat\u00f3lica \u0301 \u00e9 muito forte e n\u00f3s queremos afirm\u00e1-la cada vez mais&#8221;\",\"datePublished\":\"2025-10-24T06:00:00+00:00\",\"mainEntityOfPage\":{\"@id\":\"https:\/\/maismagazine.pt\/index.php\/2025\/10\/24\/a-marca-escola-catolica-e-muito-forte-e-nos-queremos-afirma-la-cada-vez-mais\/\"},\"wordCount\":687,\"publisher\":{\"@id\":\"https:\/\/maismagazine.pt\/#organization\"},\"image\":{\"@id\":\"https:\/\/maismagazine.pt\/index.php\/2025\/10\/24\/a-marca-escola-catolica-e-muito-forte-e-nos-queremos-afirma-la-cada-vez-mais\/#primaryimage\"},\"thumbnailUrl\":\"http:\/\/maismagazine.pt\/wp-content\/uploads\/2025\/10\/fernando_magalhes-1.jpg\",\"keywords\":[\"APEC\",\"Ensino Cat\u00f3lico\"],\"articleSection\":[\"Destaque lateral\"],\"inLanguage\":\"pt-PT\"},{\"@type\":\"WebPage\",\"@id\":\"https:\/\/maismagazine.pt\/index.php\/2025\/10\/24\/a-marca-escola-catolica-e-muito-forte-e-nos-queremos-afirma-la-cada-vez-mais\/\",\"url\":\"https:\/\/maismagazine.pt\/index.php\/2025\/10\/24\/a-marca-escola-catolica-e-muito-forte-e-nos-queremos-afirma-la-cada-vez-mais\/\",\"name\":\"\\\"A marca \u0301escola cat\u00f3lica \u0301 \u00e9 muito forte e n\u00f3s queremos afirm\u00e1-la cada vez mais\\\" - Mais Magazine\",\"isPartOf\":{\"@id\":\"https:\/\/maismagazine.pt\/#website\"},\"primaryImageOfPage\":{\"@id\":\"https:\/\/maismagazine.pt\/index.php\/2025\/10\/24\/a-marca-escola-catolica-e-muito-forte-e-nos-queremos-afirma-la-cada-vez-mais\/#primaryimage\"},\"image\":{\"@id\":\"https:\/\/maismagazine.pt\/index.php\/2025\/10\/24\/a-marca-escola-catolica-e-muito-forte-e-nos-queremos-afirma-la-cada-vez-mais\/#primaryimage\"},\"thumbnailUrl\":\"http:\/\/maismagazine.pt\/wp-content\/uploads\/2025\/10\/fernando_magalhes-1.jpg\",\"datePublished\":\"2025-10-24T06:00:00+00:00\",\"breadcrumb\":{\"@id\":\"https:\/\/maismagazine.pt\/index.php\/2025\/10\/24\/a-marca-escola-catolica-e-muito-forte-e-nos-queremos-afirma-la-cada-vez-mais\/#breadcrumb\"},\"inLanguage\":\"pt-PT\",\"potentialAction\":[{\"@type\":\"ReadAction\",\"target\":[\"https:\/\/maismagazine.pt\/index.php\/2025\/10\/24\/a-marca-escola-catolica-e-muito-forte-e-nos-queremos-afirma-la-cada-vez-mais\/\"]}]},{\"@type\":\"ImageObject\",\"inLanguage\":\"pt-PT\",\"@id\":\"https:\/\/maismagazine.pt\/index.php\/2025\/10\/24\/a-marca-escola-catolica-e-muito-forte-e-nos-queremos-afirma-la-cada-vez-mais\/#primaryimage\",\"url\":\"http:\/\/maismagazine.pt\/wp-content\/uploads\/2025\/10\/fernando_magalhes-1.jpg\",\"contentUrl\":\"http:\/\/maismagazine.pt\/wp-content\/uploads\/2025\/10\/fernando_magalhes-1.jpg\",\"width\":633,\"height\":601,\"caption\":\"Fernando Magalh\u00e3es, Presidente da Associa\u00e7\u00e3o Portuguesa de Escolas Cat\u00f3licas\"},{\"@type\":\"BreadcrumbList\",\"@id\":\"https:\/\/maismagazine.pt\/index.php\/2025\/10\/24\/a-marca-escola-catolica-e-muito-forte-e-nos-queremos-afirma-la-cada-vez-mais\/#breadcrumb\",\"itemListElement\":[{\"@type\":\"ListItem\",\"position\":1,\"name\":\"Home\",\"item\":\"https:\/\/maismagazine.pt\/\"},{\"@type\":\"ListItem\",\"position\":2,\"name\":\"&#8220;A marca \u0301escola cat\u00f3lica \u0301 \u00e9 muito forte e n\u00f3s queremos afirm\u00e1-la cada vez mais&#8221;\"}]},{\"@type\":\"WebSite\",\"@id\":\"https:\/\/maismagazine.pt\/#website\",\"url\":\"https:\/\/maismagazine.pt\/\",\"name\":\"Mais Magazine\",\"description\":\"\",\"publisher\":{\"@id\":\"https:\/\/maismagazine.pt\/#organization\"},\"potentialAction\":[{\"@type\":\"SearchAction\",\"target\":{\"@type\":\"EntryPoint\",\"urlTemplate\":\"https:\/\/maismagazine.pt\/?s={search_term_string}\"},\"query-input\":{\"@type\":\"PropertyValueSpecification\",\"valueRequired\":true,\"valueName\":\"search_term_string\"}}],\"inLanguage\":\"pt-PT\"},{\"@type\":\"Organization\",\"@id\":\"https:\/\/maismagazine.pt\/#organization\",\"name\":\"Mais Magazine\",\"url\":\"https:\/\/maismagazine.pt\/\",\"logo\":{\"@type\":\"ImageObject\",\"inLanguage\":\"pt-PT\",\"@id\":\"https:\/\/maismagazine.pt\/#\/schema\/logo\/image\/\",\"url\":\"http:\/\/maismagazine.pt\/wp-content\/uploads\/2020\/04\/cropped-cropped-mais-magazine-site-logo-2.png\",\"contentUrl\":\"http:\/\/maismagazine.pt\/wp-content\/uploads\/2020\/04\/cropped-cropped-mais-magazine-site-logo-2.png\",\"width\":581,\"height\":90,\"caption\":\"Mais Magazine\"},\"image\":{\"@id\":\"https:\/\/maismagazine.pt\/#\/schema\/logo\/image\/\"}},{\"@type\":\"Person\",\"@id\":\"https:\/\/maismagazine.pt\/#\/schema\/person\/7426e2caeb8df32a1b56aa48dae778c9\",\"name\":\"Tatiana Martins\",\"image\":{\"@type\":\"ImageObject\",\"inLanguage\":\"pt-PT\",\"@id\":\"https:\/\/maismagazine.pt\/#\/schema\/person\/image\/\",\"url\":\"https:\/\/secure.gravatar.com\/avatar\/4b24a57f5d0425f2eb20981c4b53244e?s=96&d=mm&r=g\",\"contentUrl\":\"https:\/\/secure.gravatar.com\/avatar\/4b24a57f5d0425f2eb20981c4b53244e?s=96&d=mm&r=g\",\"caption\":\"Tatiana Martins\"},\"url\":\"http:\/\/maismagazine.pt\/index.php\/author\/tatiana\/\"}]}<\/script>\n<!-- \/ Yoast SEO plugin. -->","yoast_head_json":{"title":"\"A marca \u0301escola cat\u00f3lica \u0301 \u00e9 muito forte e n\u00f3s queremos afirm\u00e1-la cada vez mais\" - Mais Magazine","robots":{"index":"index","follow":"follow","max-snippet":"max-snippet:-1","max-image-preview":"max-image-preview:large","max-video-preview":"max-video-preview:-1"},"canonical":"https:\/\/maismagazine.pt\/index.php\/2025\/10\/24\/a-marca-escola-catolica-e-muito-forte-e-nos-queremos-afirma-la-cada-vez-mais\/","og_locale":"pt_PT","og_type":"article","og_title":"\"A marca \u0301escola cat\u00f3lica \u0301 \u00e9 muito forte e n\u00f3s queremos afirm\u00e1-la cada vez mais\" - Mais Magazine","og_description":"\u00c0 frente da Associa\u00e7\u00e3o Portuguesa de Escolas Cat\u00f3licas, Fernando Magalh\u00e3es destaca o compromisso da APEC em refor\u00e7ar a identidade das escolas cat\u00f3licas, promover a excel\u00eancia educativa e responder com esperan\u00e7a e inova\u00e7\u00e3o aos desafios atuais do sistema de ensino. De que forma a APEC apoia concretamente as escolas associadas na&hellip;","og_url":"https:\/\/maismagazine.pt\/index.php\/2025\/10\/24\/a-marca-escola-catolica-e-muito-forte-e-nos-queremos-afirma-la-cada-vez-mais\/","og_site_name":"Mais Magazine","article_published_time":"2025-10-24T06:00:00+00:00","og_image":[{"width":633,"height":601,"url":"https:\/\/maismagazine.pt\/wp-content\/uploads\/2025\/10\/fernando_magalhes-1.jpg","type":"image\/jpeg"}],"author":"Tatiana Martins","twitter_card":"summary_large_image","twitter_misc":{"Escrito por":false,"Tempo estimado de leitura":"4 minutos"},"schema":{"@context":"https:\/\/schema.org","@graph":[{"@type":"Article","@id":"https:\/\/maismagazine.pt\/index.php\/2025\/10\/24\/a-marca-escola-catolica-e-muito-forte-e-nos-queremos-afirma-la-cada-vez-mais\/#article","isPartOf":{"@id":"https:\/\/maismagazine.pt\/index.php\/2025\/10\/24\/a-marca-escola-catolica-e-muito-forte-e-nos-queremos-afirma-la-cada-vez-mais\/"},"author":{"name":"Tatiana Martins","@id":"https:\/\/maismagazine.pt\/#\/schema\/person\/7426e2caeb8df32a1b56aa48dae778c9"},"headline":"&#8220;A marca \u0301escola cat\u00f3lica \u0301 \u00e9 muito forte e n\u00f3s queremos afirm\u00e1-la cada vez mais&#8221;","datePublished":"2025-10-24T06:00:00+00:00","mainEntityOfPage":{"@id":"https:\/\/maismagazine.pt\/index.php\/2025\/10\/24\/a-marca-escola-catolica-e-muito-forte-e-nos-queremos-afirma-la-cada-vez-mais\/"},"wordCount":687,"publisher":{"@id":"https:\/\/maismagazine.pt\/#organization"},"image":{"@id":"https:\/\/maismagazine.pt\/index.php\/2025\/10\/24\/a-marca-escola-catolica-e-muito-forte-e-nos-queremos-afirma-la-cada-vez-mais\/#primaryimage"},"thumbnailUrl":"http:\/\/maismagazine.pt\/wp-content\/uploads\/2025\/10\/fernando_magalhes-1.jpg","keywords":["APEC","Ensino Cat\u00f3lico"],"articleSection":["Destaque lateral"],"inLanguage":"pt-PT"},{"@type":"WebPage","@id":"https:\/\/maismagazine.pt\/index.php\/2025\/10\/24\/a-marca-escola-catolica-e-muito-forte-e-nos-queremos-afirma-la-cada-vez-mais\/","url":"https:\/\/maismagazine.pt\/index.php\/2025\/10\/24\/a-marca-escola-catolica-e-muito-forte-e-nos-queremos-afirma-la-cada-vez-mais\/","name":"\"A marca \u0301escola cat\u00f3lica \u0301 \u00e9 muito forte e n\u00f3s queremos afirm\u00e1-la cada vez mais\" - Mais Magazine","isPartOf":{"@id":"https:\/\/maismagazine.pt\/#website"},"primaryImageOfPage":{"@id":"https:\/\/maismagazine.pt\/index.php\/2025\/10\/24\/a-marca-escola-catolica-e-muito-forte-e-nos-queremos-afirma-la-cada-vez-mais\/#primaryimage"},"image":{"@id":"https:\/\/maismagazine.pt\/index.php\/2025\/10\/24\/a-marca-escola-catolica-e-muito-forte-e-nos-queremos-afirma-la-cada-vez-mais\/#primaryimage"},"thumbnailUrl":"http:\/\/maismagazine.pt\/wp-content\/uploads\/2025\/10\/fernando_magalhes-1.jpg","datePublished":"2025-10-24T06:00:00+00:00","breadcrumb":{"@id":"https:\/\/maismagazine.pt\/index.php\/2025\/10\/24\/a-marca-escola-catolica-e-muito-forte-e-nos-queremos-afirma-la-cada-vez-mais\/#breadcrumb"},"inLanguage":"pt-PT","potentialAction":[{"@type":"ReadAction","target":["https:\/\/maismagazine.pt\/index.php\/2025\/10\/24\/a-marca-escola-catolica-e-muito-forte-e-nos-queremos-afirma-la-cada-vez-mais\/"]}]},{"@type":"ImageObject","inLanguage":"pt-PT","@id":"https:\/\/maismagazine.pt\/index.php\/2025\/10\/24\/a-marca-escola-catolica-e-muito-forte-e-nos-queremos-afirma-la-cada-vez-mais\/#primaryimage","url":"http:\/\/maismagazine.pt\/wp-content\/uploads\/2025\/10\/fernando_magalhes-1.jpg","contentUrl":"http:\/\/maismagazine.pt\/wp-content\/uploads\/2025\/10\/fernando_magalhes-1.jpg","width":633,"height":601,"caption":"Fernando Magalh\u00e3es, Presidente da Associa\u00e7\u00e3o Portuguesa de Escolas Cat\u00f3licas"},{"@type":"BreadcrumbList","@id":"https:\/\/maismagazine.pt\/index.php\/2025\/10\/24\/a-marca-escola-catolica-e-muito-forte-e-nos-queremos-afirma-la-cada-vez-mais\/#breadcrumb","itemListElement":[{"@type":"ListItem","position":1,"name":"Home","item":"https:\/\/maismagazine.pt\/"},{"@type":"ListItem","position":2,"name":"&#8220;A marca \u0301escola cat\u00f3lica \u0301 \u00e9 muito forte e n\u00f3s queremos afirm\u00e1-la cada vez mais&#8221;"}]},{"@type":"WebSite","@id":"https:\/\/maismagazine.pt\/#website","url":"https:\/\/maismagazine.pt\/","name":"Mais Magazine","description":"","publisher":{"@id":"https:\/\/maismagazine.pt\/#organization"},"potentialAction":[{"@type":"SearchAction","target":{"@type":"EntryPoint","urlTemplate":"https:\/\/maismagazine.pt\/?s={search_term_string}"},"query-input":{"@type":"PropertyValueSpecification","valueRequired":true,"valueName":"search_term_string"}}],"inLanguage":"pt-PT"},{"@type":"Organization","@id":"https:\/\/maismagazine.pt\/#organization","name":"Mais Magazine","url":"https:\/\/maismagazine.pt\/","logo":{"@type":"ImageObject","inLanguage":"pt-PT","@id":"https:\/\/maismagazine.pt\/#\/schema\/logo\/image\/","url":"http:\/\/maismagazine.pt\/wp-content\/uploads\/2020\/04\/cropped-cropped-mais-magazine-site-logo-2.png","contentUrl":"http:\/\/maismagazine.pt\/wp-content\/uploads\/2020\/04\/cropped-cropped-mais-magazine-site-logo-2.png","width":581,"height":90,"caption":"Mais Magazine"},"image":{"@id":"https:\/\/maismagazine.pt\/#\/schema\/logo\/image\/"}},{"@type":"Person","@id":"https:\/\/maismagazine.pt\/#\/schema\/person\/7426e2caeb8df32a1b56aa48dae778c9","name":"Tatiana Martins","image":{"@type":"ImageObject","inLanguage":"pt-PT","@id":"https:\/\/maismagazine.pt\/#\/schema\/person\/image\/","url":"https:\/\/secure.gravatar.com\/avatar\/4b24a57f5d0425f2eb20981c4b53244e?s=96&d=mm&r=g","contentUrl":"https:\/\/secure.gravatar.com\/avatar\/4b24a57f5d0425f2eb20981c4b53244e?s=96&d=mm&r=g","caption":"Tatiana Martins"},"url":"http:\/\/maismagazine.pt\/index.php\/author\/tatiana\/"}]}},"author_meta":{"display_name":false,"author_link":"http:\/\/maismagazine.pt\/index.php\/author\/tatiana\/"},"featured_img":"http:\/\/maismagazine.pt\/wp-content\/uploads\/2025\/10\/fernando_magalhes-1-300x285.jpg","coauthors":[],"tax_additional":{"categories":{"linked":["<a href=\"http:\/\/maismagazine.pt\/index.php\/category\/destaque\/\" class=\"advgb-post-tax-term\">Destaque lateral<\/a>"],"unlinked":["<span class=\"advgb-post-tax-term\">Destaque lateral<\/span>"]},"tags":{"linked":["<a href=\"http:\/\/maismagazine.pt\/index.php\/category\/destaque\/\" class=\"advgb-post-tax-term\">APEC<\/a>","<a href=\"http:\/\/maismagazine.pt\/index.php\/category\/destaque\/\" class=\"advgb-post-tax-term\">Ensino Cat\u00f3lico<\/a>"],"unlinked":["<span class=\"advgb-post-tax-term\">APEC<\/span>","<span class=\"advgb-post-tax-term\">Ensino Cat\u00f3lico<\/span>"]}},"comment_count":"0","relative_dates":{"created":"Posted 6 meses ago","modified":"Updated 6 meses ago"},"absolute_dates":{"created":"Posted on 24 de Outubro, 2025","modified":"Updated on 22 de Outubro, 2025"},"absolute_dates_time":{"created":"Posted on 24 de Outubro, 2025 7:00","modified":"Updated on 22 de Outubro, 2025 14:50"},"featured_img_caption":"Fernando Magalh\u00e3es, Presidente da Associa\u00e7\u00e3o Portuguesa de Escolas Cat\u00f3licas\n","series_order":"","_links":{"self":[{"href":"http:\/\/maismagazine.pt\/index.php\/wp-json\/wp\/v2\/posts\/12965","targetHints":{"allow":["GET"]}}],"collection":[{"href":"http:\/\/maismagazine.pt\/index.php\/wp-json\/wp\/v2\/posts"}],"about":[{"href":"http:\/\/maismagazine.pt\/index.php\/wp-json\/wp\/v2\/types\/post"}],"author":[{"embeddable":true,"href":"http:\/\/maismagazine.pt\/index.php\/wp-json\/wp\/v2\/users\/18"}],"replies":[{"embeddable":true,"href":"http:\/\/maismagazine.pt\/index.php\/wp-json\/wp\/v2\/comments?post=12965"}],"version-history":[{"count":1,"href":"http:\/\/maismagazine.pt\/index.php\/wp-json\/wp\/v2\/posts\/12965\/revisions"}],"predecessor-version":[{"id":12973,"href":"http:\/\/maismagazine.pt\/index.php\/wp-json\/wp\/v2\/posts\/12965\/revisions\/12973"}],"wp:featuredmedia":[{"embeddable":true,"href":"http:\/\/maismagazine.pt\/index.php\/wp-json\/wp\/v2\/media\/12972"}],"wp:attachment":[{"href":"http:\/\/maismagazine.pt\/index.php\/wp-json\/wp\/v2\/media?parent=12965"}],"wp:term":[{"taxonomy":"category","embeddable":true,"href":"http:\/\/maismagazine.pt\/index.php\/wp-json\/wp\/v2\/categories?post=12965"},{"taxonomy":"post_tag","embeddable":true,"href":"http:\/\/maismagazine.pt\/index.php\/wp-json\/wp\/v2\/tags?post=12965"}],"curies":[{"name":"wp","href":"https:\/\/api.w.org\/{rel}","templated":true}]}}