{"id":12954,"date":"2025-10-24T07:00:00","date_gmt":"2025-10-24T06:00:00","guid":{"rendered":"https:\/\/maismagazine.pt\/?p=12954"},"modified":"2025-10-22T14:47:02","modified_gmt":"2025-10-22T13:47:02","slug":"colegio-joao-paulo-ii-excelencia-valores-e-educacao-para-o-mundo","status":"publish","type":"post","link":"http:\/\/maismagazine.pt\/index.php\/2025\/10\/24\/colegio-joao-paulo-ii-excelencia-valores-e-educacao-para-o-mundo\/","title":{"rendered":"Col\u00e9gio Jo\u00e3o Paulo II: Excel\u00eancia, valores e educa\u00e7\u00e3o para o mundo"},"content":{"rendered":"\n<p><strong>Em conversa com a Mais Magazine, Fernando Fidalgo, diretor do <a href=\"http:\/\/www.cjp.com.pt\">Col\u00e9gio Jo\u00e3o Paulo II<\/a>, explica como a escola tem vindo a combinar excel\u00eancia acad\u00e9mica, forma\u00e7\u00e3o integral e valores cat\u00f3licos desde a sua funda\u00e7\u00e3o, preparando os alunos para os desafios do s\u00e9culo XXI e, em breve, para a dimens\u00e3o internacional com o novo curr\u00edculo do International Baccalaureate.<\/strong><\/p>\n\n\n\n<p><\/p>\n\n\n\n<p><strong>De que forma surgiu o Col\u00e9gio Jo\u00e3o Paulo II e que miss\u00e3o tem guiado o seu percurso at\u00e9 hoje?<\/strong><\/p>\n\n\n\n<p>O Col\u00e9gio Jo\u00e3o Paulo II foi fundado em 2006, fruto da vontade de criar um projeto educativo capaz de responder \u00e0s necessidades das fam\u00edlias e da sociedade. Desde o in\u00edcio, assumimos o compromisso de promover uma forma\u00e7\u00e3o completa que conjuga excel\u00eancia acad\u00e9mica, desenvolvimento humano, social e espiritual. A nossa miss\u00e3o centra-se em formar cidad\u00e3os respons\u00e1veis, \u00edntegros e solid\u00e1rios, preparados para dar resposta aos desafios de um mundo em constante transforma\u00e7\u00e3o.<\/p>\n\n\n\n<p><\/p>\n\n\n\n<p><strong>Que princ\u00edpios e valores s\u00e3o essenciais no vosso projeto educativo?<\/strong><\/p>\n\n\n\n<p>A nossa a\u00e7\u00e3o educativa baseia-se em princ\u00edpios que estruturam a vida da comunidade escolar: a centralidade da pessoa, a liberdade e a responsabilidade, a exig\u00eancia e a excel\u00eancia, o sentido de comunidade, o servi\u00e7o e a solidariedade, assim como a alegria e a esperan\u00e7a. Estes valores, de origem cat\u00f3lica, vivem-se diariamente no Col\u00e9gio, seja no rigor acad\u00e9mico, no acompanhamento pr\u00f3ximo dos alunos ou em iniciativas, como projetos de voluntariado e campanhas solid\u00e1rias, que permitem \u00e0s crian\u00e7as e jovens desenvolver o sentido de responsabilidade social e a aten\u00e7\u00e3o ao outro. <\/p>\n\n\n\n<p><\/p>\n\n\n\n<p><strong>Que oferta educativa disponibilizam, atualmente, e de que forma procuram responder \u00e0s expetativas das fam\u00edlias que vos escolhem?<\/strong><\/p>\n\n\n\n<p>O Col\u00e9gio Jo\u00e3o Paulo II oferece uma proposta educativa completa, que acompanha o aluno desde a creche at\u00e9 ao ensino secund\u00e1rio, localizando-se em tr\u00eas campus: em Braga (7 Fontes e Dume) e em Vila Real. Procuramos proporcionar uma educa\u00e7\u00e3o de excel\u00eancia, estimulando criatividade, autonomia, responsabilidade e respeito. O nosso projeto educativo combina rigor acad\u00e9mico com aten\u00e7\u00e3o ao desenvolvimento integral do aluno, garantindo que cada crian\u00e7a e jovem possa explorar plenamente os seus talentos e construir um percurso pessoal e, consequentemente, profissional s\u00f3lido. <\/p>\n\n\n\n<p><\/p>\n\n\n\n<p><strong>No pr\u00f3ximo ano letivo, o Col\u00e9gio passar\u00e1 a oferecer o curr\u00edculo do International Baccalaureate (IB), juntando-se a um grupo restrito de escolas em Portugal. O que representa este passo para a institui\u00e7\u00e3o e que mais-valias trar\u00e1 aos alunos?<\/strong><\/p>\n\n\n\n<p>A cria\u00e7\u00e3o do Jo\u00e3o Paulo II International School, com a ado\u00e7\u00e3o do curr\u00edculo do International Baccalaureate a partir do ano letivo 2026\/27, representa um marco hist\u00f3rico, n\u00e3o s\u00f3 a n\u00edvel regional como nacional. Seremos primeira escola em Braga a disponibilizar este curr\u00edculo internacional, em paralelo com o nacional, oferecendo \u00e0s fam\u00edlias a possibilidade de escolha. O IB distingue-se pela exig\u00eancia acad\u00e9mica, pelo incentivo ao pensamento cr\u00edtico, pela valoriza\u00e7\u00e3o da autonomia e pelo desenvolvimento de compet\u00eancias interculturais. Para os alunos, significa a possibilidade de aceder a universidades de refer\u00eancia em Portugal e no estrangeiro e de adquirir uma vis\u00e3o global, aberta ao mundo. Este projeto refor\u00e7a tamb\u00e9m a miss\u00e3o cat\u00f3lica do Col\u00e9gio: preparar jovens que, com base em valores humanos e crist\u00e3os, sejam capazes de dialogar com diferentes culturas e de intervir de forma respons\u00e1vel numa sociedade global. <\/p>\n\n\n<div class=\"wp-block-image\">\n<figure class=\"aligncenter size-large is-resized\"><img loading=\"lazy\" decoding=\"async\" width=\"1024\" height=\"769\" src=\"https:\/\/maismagazine.pt\/wp-content\/uploads\/2025\/10\/Alunos-CJPII-1-1024x769.jpg\" alt=\"\" class=\"wp-image-12961\" style=\"width:366px;height:auto\" srcset=\"http:\/\/maismagazine.pt\/wp-content\/uploads\/2025\/10\/Alunos-CJPII-1-1024x769.jpg 1024w, http:\/\/maismagazine.pt\/wp-content\/uploads\/2025\/10\/Alunos-CJPII-1-300x225.jpg 300w, http:\/\/maismagazine.pt\/wp-content\/uploads\/2025\/10\/Alunos-CJPII-1-768x577.jpg 768w, http:\/\/maismagazine.pt\/wp-content\/uploads\/2025\/10\/Alunos-CJPII-1-1536x1154.jpg 1536w, http:\/\/maismagazine.pt\/wp-content\/uploads\/2025\/10\/Alunos-CJPII-1.jpg 1600w\" sizes=\"auto, (max-width: 1024px) 100vw, 1024px\" \/><\/figure><\/div>\n\n\n<p><strong>Que aspetos tornam o Col\u00e9gio Jo\u00e3o Paulo II uma refer\u00eancia no panorama educativo nacional?<\/strong><\/p>\n\n\n\n<p>O Col\u00e9gio Jo\u00e3o Paulo II distingue-se pela conjuga\u00e7\u00e3o de excel\u00eancia acad\u00e9mica, proximidade humana e inova\u00e7\u00e3o pedag\u00f3gica cont\u00ednua. O nosso corpo docente associa conhecimentos s\u00f3lidos a vasta experi\u00eancia profissional e diversidade de estrat\u00e9gias educativas, sempre atentos \u00e0s necessidades individuais dos alunos. Mais do que transmitir conhecimento, procuramos formar jovens aut\u00f3nomos, cr\u00edticos, \u00e9ticos e respons\u00e1veis, capazes de agir com sentido de servi\u00e7o e de solidariedade. \u00c9 esta combina\u00e7\u00e3o de rigor, humanismo, espiritualidade e aten\u00e7\u00e3o individualizada que nos torna uma refer\u00eancia no ensino em Portugal. <\/p>\n\n\n\n<p><\/p>\n\n\n\n<p><strong>De que forma articulam a inova\u00e7\u00e3o pedag\u00f3gica com a forma\u00e7\u00e3o integral dos alunos e o envolvimento da comunidade educativa?<\/strong><\/p>\n\n\n\n<p>A inova\u00e7\u00e3o pedag\u00f3gica articula-se de forma natural com a nossa miss\u00e3o de formar pessoas \u00edntegras. Investimos em metodologias ativas, integra\u00e7\u00e3o de tecnologias educativas e projetos internacionais, enquanto cultivamos os valores, a \u00e9tica e o sentido de responsabilidade social. Todos os elementos da nossa comunidade educativa (alunos, fam\u00edlias, docentes e n\u00e3o docentes) s\u00e3o parte integrante deste processo. Acreditamos que a educa\u00e7\u00e3o n\u00e3o se limita \u00e0 sala de aula e que se constr\u00f3i na rela\u00e7\u00e3o, no di\u00e1logo e no envolvimento de cada um com o pr\u00f3ximo.<\/p>\n\n\n\n<p><\/p>\n\n\n\n<p><strong>Que papel consideram que o ensino cat\u00f3lico deve desempenhar atualmente, face aos desafios educativos e culturais que enfrentamos?<\/strong><\/p>\n\n\n\n<p>O ensino cat\u00f3lico tem um papel fundamental na forma\u00e7\u00e3o de cidad\u00e3os livres e respons\u00e1veis. Num tempo marcado pela rapidez das mudan\u00e7as e pela fragmenta\u00e7\u00e3o dos valores, as escolas cat\u00f3licas devem ser lugares de coer\u00eancia, de humanismo e de esperan\u00e7a. Devem afirmar-se como espa\u00e7os onde o saber e a f\u00e9 dialogam e onde se educa para o respeito, a solidariedade e o servi\u00e7o comunit\u00e1rio.<\/p>\n\n\n\n<p><\/p>\n\n\n\n<p><strong>O Col\u00e9gio Jo\u00e3o Paulo II integra o portef\u00f3lio da IR-Capital, fundo que investe no ensino cat\u00f3lico em Portugal. Como tem sido esta parceria e de que forma o investimento da IR-Capital tem contribu\u00eddo para o crescimento do Col\u00e9gio?<\/strong><\/p>\n\n\n\n<p>A parceria com a IR-Capital tem sido determinante para consolidar o crescimento e a sustentabilidade do Col\u00e9gio Jo\u00e3o Paulo II, permitindo refor\u00e7ar a qualidade da nossa oferta educativa e acelerar projetos estrat\u00e9gicos, como a cria\u00e7\u00e3o do Jo\u00e3o Paulo II International School. Trata-se de uma colabora\u00e7\u00e3o que respeita plenamente a nossa identidade e miss\u00e3o cat\u00f3lica, valorizando o nosso papel enquanto agentes de transforma\u00e7\u00e3o social. O apoio da IR-Capital tem-nos permitido investir em infraestruturas, tecnologia e inova\u00e7\u00e3o pedag\u00f3gica, garantindo que o Col\u00e9gio continua a responder \u00e0s exig\u00eancias do presente e do futuro, sem nunca abdicar da sua ess\u00eancia.<\/p>\n\n\n\n<p><\/p>\n\n\n\n<p><strong>Que vis\u00e3o t\u00eam para o futuro do Col\u00e9gio Jo\u00e3o Paulo II?<\/strong><\/p>\n\n\n\n<p>O futuro passa por consolidar a nossa posi\u00e7\u00e3o de refer\u00eancia educativa em Portugal e pela internacionaliza\u00e7\u00e3o do ensino, com a abertura do Jo\u00e3o Paulo II International School. Pretendemos continuar a formar jovens preparados para os desafios do s\u00e9culo XXI, combinando tradi\u00e7\u00e3o e inova\u00e7\u00e3o, excel\u00eancia acad\u00e9mica e valores s\u00f3lidos. Ambicionamos ser uma ponte entre o ensino cat\u00f3lico em Portugal e uma educa\u00e7\u00e3o global, contribuindo para formar cidad\u00e3os \u00edntegros, aut\u00f3nomos e respons\u00e1veis.<\/p>\n\n\n\n<p><\/p>\n\n\n<div class=\"wp-block-image\">\n<figure class=\"aligncenter size-full is-resized\"><img loading=\"lazy\" decoding=\"async\" width=\"541\" height=\"245\" src=\"https:\/\/maismagazine.pt\/wp-content\/uploads\/2025\/10\/LOGO-1.png\" alt=\"\" class=\"wp-image-12959\" style=\"width:364px;height:auto\" srcset=\"http:\/\/maismagazine.pt\/wp-content\/uploads\/2025\/10\/LOGO-1.png 541w, http:\/\/maismagazine.pt\/wp-content\/uploads\/2025\/10\/LOGO-1-300x136.png 300w\" sizes=\"auto, (max-width: 541px) 100vw, 541px\" \/><\/figure><\/div>","protected":false},"excerpt":{"rendered":"<p>Em conversa com a Mais Magazine, Fernando Fidalgo, diretor do Col\u00e9gio Jo\u00e3o Paulo II, explica como a escola tem vindo a combinar excel\u00eancia acad\u00e9mica, forma\u00e7\u00e3o integral e valores cat\u00f3licos desde a sua funda\u00e7\u00e3o, preparando os alunos para os desafios do s\u00e9culo XXI e, em breve, para a dimens\u00e3o internacional com&hellip;<\/p>\n","protected":false},"author":18,"featured_media":12963,"comment_status":"closed","ping_status":"open","sticky":false,"template":"","format":"standard","meta":{"advgb_blocks_editor_width":"","advgb_blocks_columns_visual_guide":"","_monsterinsights_skip_tracking":false,"_monsterinsights_sitenote_active":false,"_monsterinsights_sitenote_note":"","_monsterinsights_sitenote_category":0,"footnotes":""},"categories":[149],"tags":[2487,2484],"class_list":["post-12954","post","type-post","status-publish","format-standard","has-post-thumbnail","hentry","category-educacao","tag-colegio-joao-paulo-ii","tag-ensino-catolico"],"yoast_head":"<!-- This site is optimized with the Yoast SEO plugin v24.4 - https:\/\/yoast.com\/wordpress\/plugins\/seo\/ -->\n<title>Col\u00e9gio Jo\u00e3o Paulo II: Excel\u00eancia, valores e educa\u00e7\u00e3o para o mundo - Mais Magazine<\/title>\n<meta name=\"robots\" content=\"index, follow, max-snippet:-1, max-image-preview:large, max-video-preview:-1\" \/>\n<link rel=\"canonical\" href=\"http:\/\/maismagazine.pt\/index.php\/2025\/10\/24\/colegio-joao-paulo-ii-excelencia-valores-e-educacao-para-o-mundo\/\" \/>\n<meta property=\"og:locale\" content=\"pt_PT\" \/>\n<meta property=\"og:type\" content=\"article\" \/>\n<meta property=\"og:title\" content=\"Col\u00e9gio Jo\u00e3o Paulo II: Excel\u00eancia, valores e educa\u00e7\u00e3o para o mundo - Mais Magazine\" \/>\n<meta property=\"og:description\" content=\"Em conversa com a Mais Magazine, Fernando Fidalgo, diretor do Col\u00e9gio Jo\u00e3o Paulo II, explica como a escola tem vindo a combinar excel\u00eancia acad\u00e9mica, forma\u00e7\u00e3o integral e valores cat\u00f3licos desde a sua funda\u00e7\u00e3o, preparando os alunos para os desafios do s\u00e9culo XXI e, em breve, para a dimens\u00e3o internacional com&hellip;\" \/>\n<meta property=\"og:url\" content=\"http:\/\/maismagazine.pt\/index.php\/2025\/10\/24\/colegio-joao-paulo-ii-excelencia-valores-e-educacao-para-o-mundo\/\" \/>\n<meta property=\"og:site_name\" content=\"Mais Magazine\" \/>\n<meta property=\"article:published_time\" content=\"2025-10-24T06:00:00+00:00\" \/>\n<meta property=\"og:image\" content=\"http:\/\/maismagazine.pt\/wp-content\/uploads\/2025\/10\/JPll-20.jpg\" \/>\n\t<meta property=\"og:image:width\" content=\"840\" \/>\n\t<meta property=\"og:image:height\" content=\"560\" \/>\n\t<meta property=\"og:image:type\" content=\"image\/jpeg\" \/>\n<meta name=\"author\" content=\"Tatiana Martins\" \/>\n<meta name=\"twitter:card\" content=\"summary_large_image\" \/>\n<meta name=\"twitter:label1\" content=\"Escrito por\" \/>\n\t<meta name=\"twitter:data1\" content=\"\" \/>\n\t<meta name=\"twitter:label2\" content=\"Tempo estimado de leitura\" \/>\n\t<meta name=\"twitter:data2\" content=\"7 minutos\" \/>\n<script type=\"application\/ld+json\" class=\"yoast-schema-graph\">{\"@context\":\"https:\/\/schema.org\",\"@graph\":[{\"@type\":\"Article\",\"@id\":\"http:\/\/maismagazine.pt\/index.php\/2025\/10\/24\/colegio-joao-paulo-ii-excelencia-valores-e-educacao-para-o-mundo\/#article\",\"isPartOf\":{\"@id\":\"http:\/\/maismagazine.pt\/index.php\/2025\/10\/24\/colegio-joao-paulo-ii-excelencia-valores-e-educacao-para-o-mundo\/\"},\"author\":{\"name\":\"Tatiana Martins\",\"@id\":\"https:\/\/maismagazine.pt\/#\/schema\/person\/7426e2caeb8df32a1b56aa48dae778c9\"},\"headline\":\"Col\u00e9gio Jo\u00e3o Paulo II: Excel\u00eancia, valores e educa\u00e7\u00e3o para o mundo\",\"datePublished\":\"2025-10-24T06:00:00+00:00\",\"mainEntityOfPage\":{\"@id\":\"http:\/\/maismagazine.pt\/index.php\/2025\/10\/24\/colegio-joao-paulo-ii-excelencia-valores-e-educacao-para-o-mundo\/\"},\"wordCount\":1192,\"publisher\":{\"@id\":\"https:\/\/maismagazine.pt\/#organization\"},\"image\":{\"@id\":\"http:\/\/maismagazine.pt\/index.php\/2025\/10\/24\/colegio-joao-paulo-ii-excelencia-valores-e-educacao-para-o-mundo\/#primaryimage\"},\"thumbnailUrl\":\"http:\/\/maismagazine.pt\/wp-content\/uploads\/2025\/10\/JPll-20.jpg\",\"keywords\":[\"Col\u00e9gio Jo\u00e3o Paulo II\",\"Ensino Cat\u00f3lico\"],\"articleSection\":[\"Educa\u00e7\u00e3o\"],\"inLanguage\":\"pt-PT\"},{\"@type\":\"WebPage\",\"@id\":\"http:\/\/maismagazine.pt\/index.php\/2025\/10\/24\/colegio-joao-paulo-ii-excelencia-valores-e-educacao-para-o-mundo\/\",\"url\":\"http:\/\/maismagazine.pt\/index.php\/2025\/10\/24\/colegio-joao-paulo-ii-excelencia-valores-e-educacao-para-o-mundo\/\",\"name\":\"Col\u00e9gio Jo\u00e3o Paulo II: Excel\u00eancia, valores e educa\u00e7\u00e3o para o mundo - Mais Magazine\",\"isPartOf\":{\"@id\":\"https:\/\/maismagazine.pt\/#website\"},\"primaryImageOfPage\":{\"@id\":\"http:\/\/maismagazine.pt\/index.php\/2025\/10\/24\/colegio-joao-paulo-ii-excelencia-valores-e-educacao-para-o-mundo\/#primaryimage\"},\"image\":{\"@id\":\"http:\/\/maismagazine.pt\/index.php\/2025\/10\/24\/colegio-joao-paulo-ii-excelencia-valores-e-educacao-para-o-mundo\/#primaryimage\"},\"thumbnailUrl\":\"http:\/\/maismagazine.pt\/wp-content\/uploads\/2025\/10\/JPll-20.jpg\",\"datePublished\":\"2025-10-24T06:00:00+00:00\",\"breadcrumb\":{\"@id\":\"http:\/\/maismagazine.pt\/index.php\/2025\/10\/24\/colegio-joao-paulo-ii-excelencia-valores-e-educacao-para-o-mundo\/#breadcrumb\"},\"inLanguage\":\"pt-PT\",\"potentialAction\":[{\"@type\":\"ReadAction\",\"target\":[\"http:\/\/maismagazine.pt\/index.php\/2025\/10\/24\/colegio-joao-paulo-ii-excelencia-valores-e-educacao-para-o-mundo\/\"]}]},{\"@type\":\"ImageObject\",\"inLanguage\":\"pt-PT\",\"@id\":\"http:\/\/maismagazine.pt\/index.php\/2025\/10\/24\/colegio-joao-paulo-ii-excelencia-valores-e-educacao-para-o-mundo\/#primaryimage\",\"url\":\"http:\/\/maismagazine.pt\/wp-content\/uploads\/2025\/10\/JPll-20.jpg\",\"contentUrl\":\"http:\/\/maismagazine.pt\/wp-content\/uploads\/2025\/10\/JPll-20.jpg\",\"width\":840,\"height\":560},{\"@type\":\"BreadcrumbList\",\"@id\":\"http:\/\/maismagazine.pt\/index.php\/2025\/10\/24\/colegio-joao-paulo-ii-excelencia-valores-e-educacao-para-o-mundo\/#breadcrumb\",\"itemListElement\":[{\"@type\":\"ListItem\",\"position\":1,\"name\":\"Home\",\"item\":\"https:\/\/maismagazine.pt\/\"},{\"@type\":\"ListItem\",\"position\":2,\"name\":\"Col\u00e9gio Jo\u00e3o Paulo II: Excel\u00eancia, valores e educa\u00e7\u00e3o para o mundo\"}]},{\"@type\":\"WebSite\",\"@id\":\"https:\/\/maismagazine.pt\/#website\",\"url\":\"https:\/\/maismagazine.pt\/\",\"name\":\"Mais Magazine\",\"description\":\"\",\"publisher\":{\"@id\":\"https:\/\/maismagazine.pt\/#organization\"},\"potentialAction\":[{\"@type\":\"SearchAction\",\"target\":{\"@type\":\"EntryPoint\",\"urlTemplate\":\"https:\/\/maismagazine.pt\/?s={search_term_string}\"},\"query-input\":{\"@type\":\"PropertyValueSpecification\",\"valueRequired\":true,\"valueName\":\"search_term_string\"}}],\"inLanguage\":\"pt-PT\"},{\"@type\":\"Organization\",\"@id\":\"https:\/\/maismagazine.pt\/#organization\",\"name\":\"Mais Magazine\",\"url\":\"https:\/\/maismagazine.pt\/\",\"logo\":{\"@type\":\"ImageObject\",\"inLanguage\":\"pt-PT\",\"@id\":\"https:\/\/maismagazine.pt\/#\/schema\/logo\/image\/\",\"url\":\"http:\/\/maismagazine.pt\/wp-content\/uploads\/2020\/04\/cropped-cropped-mais-magazine-site-logo-2.png\",\"contentUrl\":\"http:\/\/maismagazine.pt\/wp-content\/uploads\/2020\/04\/cropped-cropped-mais-magazine-site-logo-2.png\",\"width\":581,\"height\":90,\"caption\":\"Mais Magazine\"},\"image\":{\"@id\":\"https:\/\/maismagazine.pt\/#\/schema\/logo\/image\/\"}},{\"@type\":\"Person\",\"@id\":\"https:\/\/maismagazine.pt\/#\/schema\/person\/7426e2caeb8df32a1b56aa48dae778c9\",\"name\":\"Tatiana Martins\",\"image\":{\"@type\":\"ImageObject\",\"inLanguage\":\"pt-PT\",\"@id\":\"https:\/\/maismagazine.pt\/#\/schema\/person\/image\/\",\"url\":\"https:\/\/secure.gravatar.com\/avatar\/4b24a57f5d0425f2eb20981c4b53244e?s=96&d=mm&r=g\",\"contentUrl\":\"https:\/\/secure.gravatar.com\/avatar\/4b24a57f5d0425f2eb20981c4b53244e?s=96&d=mm&r=g\",\"caption\":\"Tatiana Martins\"},\"url\":\"http:\/\/maismagazine.pt\/index.php\/author\/tatiana\/\"}]}<\/script>\n<!-- \/ Yoast SEO plugin. -->","yoast_head_json":{"title":"Col\u00e9gio Jo\u00e3o Paulo II: Excel\u00eancia, valores e educa\u00e7\u00e3o para o mundo - Mais Magazine","robots":{"index":"index","follow":"follow","max-snippet":"max-snippet:-1","max-image-preview":"max-image-preview:large","max-video-preview":"max-video-preview:-1"},"canonical":"http:\/\/maismagazine.pt\/index.php\/2025\/10\/24\/colegio-joao-paulo-ii-excelencia-valores-e-educacao-para-o-mundo\/","og_locale":"pt_PT","og_type":"article","og_title":"Col\u00e9gio Jo\u00e3o Paulo II: Excel\u00eancia, valores e educa\u00e7\u00e3o para o mundo - Mais Magazine","og_description":"Em conversa com a Mais Magazine, Fernando Fidalgo, diretor do Col\u00e9gio Jo\u00e3o Paulo II, explica como a escola tem vindo a combinar excel\u00eancia acad\u00e9mica, forma\u00e7\u00e3o integral e valores cat\u00f3licos desde a sua funda\u00e7\u00e3o, preparando os alunos para os desafios do s\u00e9culo XXI e, em breve, para a dimens\u00e3o internacional com&hellip;","og_url":"http:\/\/maismagazine.pt\/index.php\/2025\/10\/24\/colegio-joao-paulo-ii-excelencia-valores-e-educacao-para-o-mundo\/","og_site_name":"Mais Magazine","article_published_time":"2025-10-24T06:00:00+00:00","og_image":[{"width":840,"height":560,"url":"http:\/\/maismagazine.pt\/wp-content\/uploads\/2025\/10\/JPll-20.jpg","type":"image\/jpeg"}],"author":"Tatiana Martins","twitter_card":"summary_large_image","twitter_misc":{"Escrito por":false,"Tempo estimado de leitura":"7 minutos"},"schema":{"@context":"https:\/\/schema.org","@graph":[{"@type":"Article","@id":"http:\/\/maismagazine.pt\/index.php\/2025\/10\/24\/colegio-joao-paulo-ii-excelencia-valores-e-educacao-para-o-mundo\/#article","isPartOf":{"@id":"http:\/\/maismagazine.pt\/index.php\/2025\/10\/24\/colegio-joao-paulo-ii-excelencia-valores-e-educacao-para-o-mundo\/"},"author":{"name":"Tatiana Martins","@id":"https:\/\/maismagazine.pt\/#\/schema\/person\/7426e2caeb8df32a1b56aa48dae778c9"},"headline":"Col\u00e9gio Jo\u00e3o Paulo II: Excel\u00eancia, valores e educa\u00e7\u00e3o para o mundo","datePublished":"2025-10-24T06:00:00+00:00","mainEntityOfPage":{"@id":"http:\/\/maismagazine.pt\/index.php\/2025\/10\/24\/colegio-joao-paulo-ii-excelencia-valores-e-educacao-para-o-mundo\/"},"wordCount":1192,"publisher":{"@id":"https:\/\/maismagazine.pt\/#organization"},"image":{"@id":"http:\/\/maismagazine.pt\/index.php\/2025\/10\/24\/colegio-joao-paulo-ii-excelencia-valores-e-educacao-para-o-mundo\/#primaryimage"},"thumbnailUrl":"http:\/\/maismagazine.pt\/wp-content\/uploads\/2025\/10\/JPll-20.jpg","keywords":["Col\u00e9gio Jo\u00e3o Paulo II","Ensino Cat\u00f3lico"],"articleSection":["Educa\u00e7\u00e3o"],"inLanguage":"pt-PT"},{"@type":"WebPage","@id":"http:\/\/maismagazine.pt\/index.php\/2025\/10\/24\/colegio-joao-paulo-ii-excelencia-valores-e-educacao-para-o-mundo\/","url":"http:\/\/maismagazine.pt\/index.php\/2025\/10\/24\/colegio-joao-paulo-ii-excelencia-valores-e-educacao-para-o-mundo\/","name":"Col\u00e9gio Jo\u00e3o Paulo II: Excel\u00eancia, valores e educa\u00e7\u00e3o para o mundo - Mais Magazine","isPartOf":{"@id":"https:\/\/maismagazine.pt\/#website"},"primaryImageOfPage":{"@id":"http:\/\/maismagazine.pt\/index.php\/2025\/10\/24\/colegio-joao-paulo-ii-excelencia-valores-e-educacao-para-o-mundo\/#primaryimage"},"image":{"@id":"http:\/\/maismagazine.pt\/index.php\/2025\/10\/24\/colegio-joao-paulo-ii-excelencia-valores-e-educacao-para-o-mundo\/#primaryimage"},"thumbnailUrl":"http:\/\/maismagazine.pt\/wp-content\/uploads\/2025\/10\/JPll-20.jpg","datePublished":"2025-10-24T06:00:00+00:00","breadcrumb":{"@id":"http:\/\/maismagazine.pt\/index.php\/2025\/10\/24\/colegio-joao-paulo-ii-excelencia-valores-e-educacao-para-o-mundo\/#breadcrumb"},"inLanguage":"pt-PT","potentialAction":[{"@type":"ReadAction","target":["http:\/\/maismagazine.pt\/index.php\/2025\/10\/24\/colegio-joao-paulo-ii-excelencia-valores-e-educacao-para-o-mundo\/"]}]},{"@type":"ImageObject","inLanguage":"pt-PT","@id":"http:\/\/maismagazine.pt\/index.php\/2025\/10\/24\/colegio-joao-paulo-ii-excelencia-valores-e-educacao-para-o-mundo\/#primaryimage","url":"http:\/\/maismagazine.pt\/wp-content\/uploads\/2025\/10\/JPll-20.jpg","contentUrl":"http:\/\/maismagazine.pt\/wp-content\/uploads\/2025\/10\/JPll-20.jpg","width":840,"height":560},{"@type":"BreadcrumbList","@id":"http:\/\/maismagazine.pt\/index.php\/2025\/10\/24\/colegio-joao-paulo-ii-excelencia-valores-e-educacao-para-o-mundo\/#breadcrumb","itemListElement":[{"@type":"ListItem","position":1,"name":"Home","item":"https:\/\/maismagazine.pt\/"},{"@type":"ListItem","position":2,"name":"Col\u00e9gio Jo\u00e3o Paulo II: Excel\u00eancia, valores e educa\u00e7\u00e3o para o mundo"}]},{"@type":"WebSite","@id":"https:\/\/maismagazine.pt\/#website","url":"https:\/\/maismagazine.pt\/","name":"Mais Magazine","description":"","publisher":{"@id":"https:\/\/maismagazine.pt\/#organization"},"potentialAction":[{"@type":"SearchAction","target":{"@type":"EntryPoint","urlTemplate":"https:\/\/maismagazine.pt\/?s={search_term_string}"},"query-input":{"@type":"PropertyValueSpecification","valueRequired":true,"valueName":"search_term_string"}}],"inLanguage":"pt-PT"},{"@type":"Organization","@id":"https:\/\/maismagazine.pt\/#organization","name":"Mais Magazine","url":"https:\/\/maismagazine.pt\/","logo":{"@type":"ImageObject","inLanguage":"pt-PT","@id":"https:\/\/maismagazine.pt\/#\/schema\/logo\/image\/","url":"http:\/\/maismagazine.pt\/wp-content\/uploads\/2020\/04\/cropped-cropped-mais-magazine-site-logo-2.png","contentUrl":"http:\/\/maismagazine.pt\/wp-content\/uploads\/2020\/04\/cropped-cropped-mais-magazine-site-logo-2.png","width":581,"height":90,"caption":"Mais Magazine"},"image":{"@id":"https:\/\/maismagazine.pt\/#\/schema\/logo\/image\/"}},{"@type":"Person","@id":"https:\/\/maismagazine.pt\/#\/schema\/person\/7426e2caeb8df32a1b56aa48dae778c9","name":"Tatiana Martins","image":{"@type":"ImageObject","inLanguage":"pt-PT","@id":"https:\/\/maismagazine.pt\/#\/schema\/person\/image\/","url":"https:\/\/secure.gravatar.com\/avatar\/4b24a57f5d0425f2eb20981c4b53244e?s=96&d=mm&r=g","contentUrl":"https:\/\/secure.gravatar.com\/avatar\/4b24a57f5d0425f2eb20981c4b53244e?s=96&d=mm&r=g","caption":"Tatiana Martins"},"url":"http:\/\/maismagazine.pt\/index.php\/author\/tatiana\/"}]}},"author_meta":{"display_name":false,"author_link":"http:\/\/maismagazine.pt\/index.php\/author\/tatiana\/"},"featured_img":"http:\/\/maismagazine.pt\/wp-content\/uploads\/2025\/10\/JPll-20-300x200.jpg","coauthors":[],"tax_additional":{"categories":{"linked":["<a href=\"http:\/\/maismagazine.pt\/index.php\/category\/educacao\/\" class=\"advgb-post-tax-term\">Educa\u00e7\u00e3o<\/a>"],"unlinked":["<span class=\"advgb-post-tax-term\">Educa\u00e7\u00e3o<\/span>"]},"tags":{"linked":["<a href=\"http:\/\/maismagazine.pt\/index.php\/category\/educacao\/\" class=\"advgb-post-tax-term\">Col\u00e9gio Jo\u00e3o Paulo II<\/a>","<a href=\"http:\/\/maismagazine.pt\/index.php\/category\/educacao\/\" class=\"advgb-post-tax-term\">Ensino Cat\u00f3lico<\/a>"],"unlinked":["<span class=\"advgb-post-tax-term\">Col\u00e9gio Jo\u00e3o Paulo II<\/span>","<span class=\"advgb-post-tax-term\">Ensino Cat\u00f3lico<\/span>"]}},"comment_count":"0","relative_dates":{"created":"Posted 6 meses ago","modified":"Updated 6 meses ago"},"absolute_dates":{"created":"Posted on 24 de Outubro, 2025","modified":"Updated on 22 de Outubro, 2025"},"absolute_dates_time":{"created":"Posted on 24 de Outubro, 2025 7:00","modified":"Updated on 22 de Outubro, 2025 14:47"},"featured_img_caption":"","series_order":"","_links":{"self":[{"href":"http:\/\/maismagazine.pt\/index.php\/wp-json\/wp\/v2\/posts\/12954","targetHints":{"allow":["GET"]}}],"collection":[{"href":"http:\/\/maismagazine.pt\/index.php\/wp-json\/wp\/v2\/posts"}],"about":[{"href":"http:\/\/maismagazine.pt\/index.php\/wp-json\/wp\/v2\/types\/post"}],"author":[{"embeddable":true,"href":"http:\/\/maismagazine.pt\/index.php\/wp-json\/wp\/v2\/users\/18"}],"replies":[{"embeddable":true,"href":"http:\/\/maismagazine.pt\/index.php\/wp-json\/wp\/v2\/comments?post=12954"}],"version-history":[{"count":1,"href":"http:\/\/maismagazine.pt\/index.php\/wp-json\/wp\/v2\/posts\/12954\/revisions"}],"predecessor-version":[{"id":12964,"href":"http:\/\/maismagazine.pt\/index.php\/wp-json\/wp\/v2\/posts\/12954\/revisions\/12964"}],"wp:featuredmedia":[{"embeddable":true,"href":"http:\/\/maismagazine.pt\/index.php\/wp-json\/wp\/v2\/media\/12963"}],"wp:attachment":[{"href":"http:\/\/maismagazine.pt\/index.php\/wp-json\/wp\/v2\/media?parent=12954"}],"wp:term":[{"taxonomy":"category","embeddable":true,"href":"http:\/\/maismagazine.pt\/index.php\/wp-json\/wp\/v2\/categories?post=12954"},{"taxonomy":"post_tag","embeddable":true,"href":"http:\/\/maismagazine.pt\/index.php\/wp-json\/wp\/v2\/tags?post=12954"}],"curies":[{"name":"wp","href":"https:\/\/api.w.org\/{rel}","templated":true}]}}