{"id":12945,"date":"2025-10-24T07:00:00","date_gmt":"2025-10-24T06:00:00","guid":{"rendered":"https:\/\/maismagazine.pt\/?p=12945"},"modified":"2025-10-22T14:37:45","modified_gmt":"2025-10-22T13:37:45","slug":"colegio-do-minho-ha-83-anos-a-educar-com-responsabilidade-e-exigencia","status":"publish","type":"post","link":"http:\/\/maismagazine.pt\/index.php\/2025\/10\/24\/colegio-do-minho-ha-83-anos-a-educar-com-responsabilidade-e-exigencia\/","title":{"rendered":"Col\u00e9gio do Minho: H\u00e1 83 anos a educar com responsabilidade e exig\u00eancia"},"content":{"rendered":"\n<p><strong>Ricardo Sousa, diretor do <a href=\"http:\/\/www.colegiodominho.com\">Col\u00e9gio do Minho<\/a>, celebra os 83 anos da institui\u00e7\u00e3o, destacando como o Col\u00e9gio tem sabido aliar os valores que sempre o definiram \u00e0 inova\u00e7\u00e3o pedag\u00f3gica. Fundado em 1942 num per\u00edodo de grandes desafios sociais e educativos, o Col\u00e9gio do Minho mant\u00e9m-se fiel \u00e0 sua miss\u00e3o de educar com responsabilidade e exig\u00eancia, formando alunos n\u00e3o apenas no conhecimento acad\u00e9mico, mas tamb\u00e9m no desenvolvimento de atitudes e valores. Ao longo de mais de oito d\u00e9cadas, a escola consolidou-se como uma refer\u00eancia no panorama educativo portugu\u00eas, combinando tradi\u00e7\u00e3o, excel\u00eancia acad\u00e9mica e abertura \u00e0s novas exig\u00eancias do ensino do s\u00e9culo XXI.<\/strong><\/p>\n\n\n\n<p><\/p>\n\n\n\n<p><strong>O Col\u00e9gio do Minho celebrou recentemente o seu 83.\u00ba anivers\u00e1rio. Como descreveria o percurso da institui\u00e7\u00e3o ao longo destas mais de oito d\u00e9cadas? Que balan\u00e7o faz deste caminho?<\/strong><\/p>\n\n\n\n<p>O nosso Col\u00e9gio nasceu em 1942, num per\u00edodo marcante da nossa hist\u00f3ria e num contexto social particularmente exigente. Est\u00e1vamos nos anos 40, numa sociedade e num mundo que enfrentavam enormes desafios. Nesse cen\u00e1rio, a educa\u00e7\u00e3o ganhou especial relev\u00e2ncia. Foi precisamente para responder a essas necessidades que surgiu o Col\u00e9gio do Minho. Ali\u00e1s, ao longo destas mais de oito d\u00e9cadas, mantivemos esse compromisso: enfrentar com responsabilidade os diferentes contextos e exig\u00eancias que foram surgindo, sempre com uma atitude construtiva. Fa\u00e7o, por isso, um balan\u00e7o muito positivo. Quando uma institui\u00e7\u00e3o se abre ao mundo, permanece atenta \u00e0 realidade e procura dar respostas adequadas, isso revela vitalidade e coer\u00eancia. Importa, no entanto, sublinhar que nunca nos afast\u00e1mos do nosso ide\u00e1rio educativo. Os princ\u00edpios que nos orientam continuam presentes nos nossos projetos e no quotidiano da nossa a\u00e7\u00e3o. <\/p>\n\n\n<div class=\"wp-block-image\">\n<figure class=\"alignleft size-large is-resized\"><img loading=\"lazy\" decoding=\"async\" width=\"683\" height=\"1024\" src=\"https:\/\/maismagazine.pt\/wp-content\/uploads\/2025\/10\/WhatsApp-Image-2025-10-22-at-14.35.08-683x1024.jpeg\" alt=\"\" class=\"wp-image-12949\" style=\"width:254px;height:auto\" srcset=\"http:\/\/maismagazine.pt\/wp-content\/uploads\/2025\/10\/WhatsApp-Image-2025-10-22-at-14.35.08-683x1024.jpeg 683w, http:\/\/maismagazine.pt\/wp-content\/uploads\/2025\/10\/WhatsApp-Image-2025-10-22-at-14.35.08-200x300.jpeg 200w, http:\/\/maismagazine.pt\/wp-content\/uploads\/2025\/10\/WhatsApp-Image-2025-10-22-at-14.35.08-768x1152.jpeg 768w, http:\/\/maismagazine.pt\/wp-content\/uploads\/2025\/10\/WhatsApp-Image-2025-10-22-at-14.35.08-1024x1536.jpeg 1024w, http:\/\/maismagazine.pt\/wp-content\/uploads\/2025\/10\/WhatsApp-Image-2025-10-22-at-14.35.08.jpeg 1066w\" sizes=\"auto, (max-width: 683px) 100vw, 683px\" \/><figcaption class=\"wp-element-caption\">Ricardo Sousa, Diretor do Col\u00e9gio do Minho<\/figcaption><\/figure><\/div>\n\n\n<p><strong>No que concerne \u00e0 oferta formativa, que cursos e projetos disponibilizam atualmente a quem procura o Col\u00e9gio do Minho?<\/strong><\/p>\n\n\n\n<p>Atualmente, o Col\u00e9gio oferece o Ensino B\u00e1sico regular, do 1.\u00ba ao 9.\u00ba ano, e mant\u00e9m protocolos com Academias que possibilitam o ensino articulado, nomeadamente na \u00e1rea da M\u00fasica. No Ensino Secund\u00e1rio, disponibiliza quatro Cursos Cient\u00edfico-Human\u00edsticos: Ci\u00eancias e Tecnologias, L\u00ednguas e Humanidades, Ci\u00eancias Socioecon\u00f3micas e Artes Visuais. Al\u00e9m disso, os alunos t\u00eam a possibilidade de permutar disciplinas de acordo com as suas prefer\u00eancias e objetivos, o que enriquece e diversifica ainda mais os nossos curr\u00edculos.<\/p>\n\n\n\n<p><\/p>\n\n\n\n<p><strong>Quais s\u00e3o, na sua perspetiva, as principais caracter\u00edsticas que distinguem o Col\u00e9gio do Minho e o tornam uma refer\u00eancia no panorama educativo portugu\u00eas?<\/strong><\/p>\n\n\n\n<p>O Col\u00e9gio do Minho tem como miss\u00e3o educar com responsabilidade e exig\u00eancia \u2014 princ\u00edpios que constituem o nosso lema. Ser respons\u00e1vel e exigente nas compet\u00eancias acad\u00e9micas \u00e9 essencial, pois procuramos que os nossos alunos alcancem a excel\u00eancia no dom\u00ednio do conhecimento. Contudo, valorizamos igualmente o desenvolvimento das atitudes e dos valores. Consideramos imprescind\u00edvel trabalhar estas duas dimens\u00f5es, que se interligam e se complementam, formando os pilares fundamentais da nossa a\u00e7\u00e3o educativa. Educar, hoje, \u00e9 um desafio de grande complexidade, e, por isso, procuramos que os nossos alunos n\u00e3o se distingam apenas pelo saber acad\u00e9mico, mas tamb\u00e9m pelo saber ser e estar. A sociedade necessita de pessoas bem formadas em todas as vertentes \u2014 e esse \u00e9 o nosso ide\u00e1rio educativo. <\/p>\n\n\n\n<p><\/p>\n\n\n\n<p><strong>O Col\u00e9gio do Minho mant\u00e9m-se consistentemente no topo do ranking distrital, com uma das melhores m\u00e9dias nos exames nacionais. Considera que este resultado reflete o empenho conjunto de alunos, professores e de toda a comunidade educativa?<\/strong><\/p>\n\n\n\n<p>Sem d\u00favida. O ranking \u00e9 apenas um dos indicadores do muito que se faz em cada sala de aula e em cada espa\u00e7o do Col\u00e9gio. No entanto, o nosso trabalho \u2014 de alunos e professores \u2014 vai muito al\u00e9m das fronteiras f\u00edsicas da escola. O empenho, a dedica\u00e7\u00e3o e o compromisso de todos refletem-se naturalmente nos resultados obtidos, mas sabemos que h\u00e1 dimens\u00f5es do nosso trabalho que n\u00e3o podem ser traduzidas em n\u00fameros ou posi\u00e7\u00f5es num ranking. O verdadeiro valor da nossa miss\u00e3o educativa vai muito al\u00e9m do que \u00e9 mensur\u00e1vel. <\/p>\n\n\n<div class=\"wp-block-image\">\n<figure class=\"aligncenter size-large is-resized\"><img loading=\"lazy\" decoding=\"async\" width=\"1024\" height=\"768\" src=\"https:\/\/maismagazine.pt\/wp-content\/uploads\/2025\/10\/WhatsApp-Image-2025-10-14-at-19.42.55-1024x768.jpeg\" alt=\"\" class=\"wp-image-12950\" style=\"width:385px;height:auto\" srcset=\"http:\/\/maismagazine.pt\/wp-content\/uploads\/2025\/10\/WhatsApp-Image-2025-10-14-at-19.42.55-1024x768.jpeg 1024w, http:\/\/maismagazine.pt\/wp-content\/uploads\/2025\/10\/WhatsApp-Image-2025-10-14-at-19.42.55-300x225.jpeg 300w, http:\/\/maismagazine.pt\/wp-content\/uploads\/2025\/10\/WhatsApp-Image-2025-10-14-at-19.42.55-768x576.jpeg 768w, http:\/\/maismagazine.pt\/wp-content\/uploads\/2025\/10\/WhatsApp-Image-2025-10-14-at-19.42.55-1536x1152.jpeg 1536w, http:\/\/maismagazine.pt\/wp-content\/uploads\/2025\/10\/WhatsApp-Image-2025-10-14-at-19.42.55.jpeg 1600w\" sizes=\"auto, (max-width: 1024px) 100vw, 1024px\" \/><\/figure><\/div>\n\n\n<p><strong>Num contexto educativo em constante transforma\u00e7\u00e3o, de que forma o Col\u00e9gio do Minho se prepara para responder aos desafios da inova\u00e7\u00e3o tecnol\u00f3gica e \u00e0s novas exig\u00eancias do ensino no s\u00e9culo XXI?<\/strong><\/p>\n\n\n\n<p>Ao longo dos nossos 83 anos de hist\u00f3ria, o Col\u00e9gio do Minho tem procurado responder, com determina\u00e7\u00e3o e vis\u00e3o, aos desafios colocados pela sociedade e pelo sistema educativo. O ensino em Portugal transformou-se profundamente ao longo destas oito d\u00e9cadas, e o Col\u00e9gio tem sabido acompanhar essas mudan\u00e7as, mantendo-se na vanguarda da inova\u00e7\u00e3o pedag\u00f3gica. \u00c9, sem d\u00favida, um grande desafio \u2014 mas estamos convictos de que saberemos dar uma resposta muito positiva \u00e0s transforma\u00e7\u00f5es que se avizinham. Esta nova realidade n\u00e3o nos assusta: j\u00e1 enfrent\u00e1mos outros per\u00edodos de grande mudan\u00e7a e adapta\u00e7\u00e3o, e sempre conseguimos responder com sucesso e confian\u00e7a aos desafios que o tempo nos foi impondo. <\/p>\n\n\n<div class=\"wp-block-image\">\n<figure class=\"alignright size-large is-resized\"><img loading=\"lazy\" decoding=\"async\" width=\"682\" height=\"1024\" src=\"https:\/\/maismagazine.pt\/wp-content\/uploads\/2025\/10\/WhatsApp-Image-2025-10-22-at-14.37.05-682x1024.jpeg\" alt=\"\" class=\"wp-image-12952\" style=\"width:240px;height:auto\" srcset=\"http:\/\/maismagazine.pt\/wp-content\/uploads\/2025\/10\/WhatsApp-Image-2025-10-22-at-14.37.05-682x1024.jpeg 682w, http:\/\/maismagazine.pt\/wp-content\/uploads\/2025\/10\/WhatsApp-Image-2025-10-22-at-14.37.05-200x300.jpeg 200w, http:\/\/maismagazine.pt\/wp-content\/uploads\/2025\/10\/WhatsApp-Image-2025-10-22-at-14.37.05-768x1153.jpeg 768w, http:\/\/maismagazine.pt\/wp-content\/uploads\/2025\/10\/WhatsApp-Image-2025-10-22-at-14.37.05-1023x1536.jpeg 1023w, http:\/\/maismagazine.pt\/wp-content\/uploads\/2025\/10\/WhatsApp-Image-2025-10-22-at-14.37.05.jpeg 1066w\" sizes=\"auto, (max-width: 682px) 100vw, 682px\" \/><\/figure><\/div>\n\n\n<p><strong>Como imagina o futuro do Col\u00e9gio do Minho? Que objetivos e prioridades orientam a vossa vis\u00e3o para os pr\u00f3ximos anos?<\/strong><\/p>\n\n\n\n<p>Dizem que o futuro a Deus pertence, mas eu e a minha equipa continuaremos, como sempre, a procurar dar resposta a todas as solicita\u00e7\u00f5es que nos s\u00e3o colocadas. Assim tem sido desde a primeira hora, e acredito que esse \u00e9 o verdadeiro desafio: manter a capacidade de responder com dedica\u00e7\u00e3o, resili\u00eancia e compromisso. Estou certo de que estaremos \u00e0 altura das exig\u00eancias do futuro. <\/p>\n\n\n\n<p><\/p>\n\n\n<div class=\"wp-block-image\">\n<figure class=\"aligncenter size-large is-resized\"><img loading=\"lazy\" decoding=\"async\" width=\"1024\" height=\"1024\" src=\"https:\/\/maismagazine.pt\/wp-content\/uploads\/2025\/10\/WhatsApp-Image-2025-10-14-at-17.01.10-1024x1024.jpeg\" alt=\"\" class=\"wp-image-12946\" style=\"width:240px;height:auto\" srcset=\"http:\/\/maismagazine.pt\/wp-content\/uploads\/2025\/10\/WhatsApp-Image-2025-10-14-at-17.01.10-1024x1024.jpeg 1024w, http:\/\/maismagazine.pt\/wp-content\/uploads\/2025\/10\/WhatsApp-Image-2025-10-14-at-17.01.10-300x300.jpeg 300w, http:\/\/maismagazine.pt\/wp-content\/uploads\/2025\/10\/WhatsApp-Image-2025-10-14-at-17.01.10-150x150.jpeg 150w, http:\/\/maismagazine.pt\/wp-content\/uploads\/2025\/10\/WhatsApp-Image-2025-10-14-at-17.01.10-768x768.jpeg 768w, http:\/\/maismagazine.pt\/wp-content\/uploads\/2025\/10\/WhatsApp-Image-2025-10-14-at-17.01.10-1536x1536.jpeg 1536w, http:\/\/maismagazine.pt\/wp-content\/uploads\/2025\/10\/WhatsApp-Image-2025-10-14-at-17.01.10.jpeg 1599w\" sizes=\"auto, (max-width: 1024px) 100vw, 1024px\" \/><\/figure><\/div>","protected":false},"excerpt":{"rendered":"<p>Ricardo Sousa, diretor do Col\u00e9gio do Minho, celebra os 83 anos da institui\u00e7\u00e3o, destacando como o Col\u00e9gio tem sabido aliar os valores que sempre o definiram \u00e0 inova\u00e7\u00e3o pedag\u00f3gica. Fundado em 1942 num per\u00edodo de grandes desafios sociais e educativos, o Col\u00e9gio do Minho mant\u00e9m-se fiel \u00e0 sua miss\u00e3o de&hellip;<\/p>\n","protected":false},"author":18,"featured_media":12947,"comment_status":"closed","ping_status":"open","sticky":false,"template":"","format":"standard","meta":{"advgb_blocks_editor_width":"","advgb_blocks_columns_visual_guide":"","_monsterinsights_skip_tracking":false,"_monsterinsights_sitenote_active":false,"_monsterinsights_sitenote_note":"","_monsterinsights_sitenote_category":0,"footnotes":""},"categories":[149],"tags":[2486,2484],"class_list":["post-12945","post","type-post","status-publish","format-standard","has-post-thumbnail","hentry","category-educacao","tag-colegio-do-minho","tag-ensino-catolico"],"yoast_head":"<!-- This site is optimized with the Yoast SEO plugin v24.4 - https:\/\/yoast.com\/wordpress\/plugins\/seo\/ -->\n<title>Col\u00e9gio do Minho: H\u00e1 83 anos a educar com responsabilidade e exig\u00eancia - Mais Magazine<\/title>\n<meta name=\"robots\" content=\"index, follow, max-snippet:-1, max-image-preview:large, max-video-preview:-1\" \/>\n<link rel=\"canonical\" href=\"https:\/\/maismagazine.pt\/index.php\/2025\/10\/24\/colegio-do-minho-ha-83-anos-a-educar-com-responsabilidade-e-exigencia\/\" \/>\n<meta property=\"og:locale\" content=\"pt_PT\" \/>\n<meta property=\"og:type\" content=\"article\" \/>\n<meta property=\"og:title\" content=\"Col\u00e9gio do Minho: H\u00e1 83 anos a educar com responsabilidade e exig\u00eancia - Mais Magazine\" \/>\n<meta property=\"og:description\" content=\"Ricardo Sousa, diretor do Col\u00e9gio do Minho, celebra os 83 anos da institui\u00e7\u00e3o, destacando como o Col\u00e9gio tem sabido aliar os valores que sempre o definiram \u00e0 inova\u00e7\u00e3o pedag\u00f3gica. Fundado em 1942 num per\u00edodo de grandes desafios sociais e educativos, o Col\u00e9gio do Minho mant\u00e9m-se fiel \u00e0 sua miss\u00e3o de&hellip;\" \/>\n<meta property=\"og:url\" content=\"https:\/\/maismagazine.pt\/index.php\/2025\/10\/24\/colegio-do-minho-ha-83-anos-a-educar-com-responsabilidade-e-exigencia\/\" \/>\n<meta property=\"og:site_name\" content=\"Mais Magazine\" \/>\n<meta property=\"article:published_time\" content=\"2025-10-24T06:00:00+00:00\" \/>\n<meta property=\"og:image\" content=\"https:\/\/maismagazine.pt\/wp-content\/uploads\/2025\/10\/WhatsApp-Image-2025-10-14-at-19.42.55-1.jpeg\" \/>\n\t<meta property=\"og:image:width\" content=\"1600\" \/>\n\t<meta property=\"og:image:height\" content=\"1200\" \/>\n\t<meta property=\"og:image:type\" content=\"image\/jpeg\" \/>\n<meta name=\"author\" content=\"Tatiana Martins\" \/>\n<meta name=\"twitter:card\" content=\"summary_large_image\" \/>\n<meta name=\"twitter:label1\" content=\"Escrito por\" \/>\n\t<meta name=\"twitter:data1\" content=\"\" \/>\n\t<meta name=\"twitter:label2\" content=\"Tempo estimado de leitura\" \/>\n\t<meta name=\"twitter:data2\" content=\"6 minutos\" \/>\n<script type=\"application\/ld+json\" class=\"yoast-schema-graph\">{\"@context\":\"https:\/\/schema.org\",\"@graph\":[{\"@type\":\"Article\",\"@id\":\"https:\/\/maismagazine.pt\/index.php\/2025\/10\/24\/colegio-do-minho-ha-83-anos-a-educar-com-responsabilidade-e-exigencia\/#article\",\"isPartOf\":{\"@id\":\"https:\/\/maismagazine.pt\/index.php\/2025\/10\/24\/colegio-do-minho-ha-83-anos-a-educar-com-responsabilidade-e-exigencia\/\"},\"author\":{\"name\":\"Tatiana Martins\",\"@id\":\"https:\/\/maismagazine.pt\/#\/schema\/person\/7426e2caeb8df32a1b56aa48dae778c9\"},\"headline\":\"Col\u00e9gio do Minho: H\u00e1 83 anos a educar com responsabilidade e exig\u00eancia\",\"datePublished\":\"2025-10-24T06:00:00+00:00\",\"mainEntityOfPage\":{\"@id\":\"https:\/\/maismagazine.pt\/index.php\/2025\/10\/24\/colegio-do-minho-ha-83-anos-a-educar-com-responsabilidade-e-exigencia\/\"},\"wordCount\":973,\"publisher\":{\"@id\":\"https:\/\/maismagazine.pt\/#organization\"},\"image\":{\"@id\":\"https:\/\/maismagazine.pt\/index.php\/2025\/10\/24\/colegio-do-minho-ha-83-anos-a-educar-com-responsabilidade-e-exigencia\/#primaryimage\"},\"thumbnailUrl\":\"http:\/\/maismagazine.pt\/wp-content\/uploads\/2025\/10\/WhatsApp-Image-2025-10-14-at-19.42.55-1.jpeg\",\"keywords\":[\"Col\u00e9gio do Minho\",\"Ensino Cat\u00f3lico\"],\"articleSection\":[\"Educa\u00e7\u00e3o\"],\"inLanguage\":\"pt-PT\"},{\"@type\":\"WebPage\",\"@id\":\"https:\/\/maismagazine.pt\/index.php\/2025\/10\/24\/colegio-do-minho-ha-83-anos-a-educar-com-responsabilidade-e-exigencia\/\",\"url\":\"https:\/\/maismagazine.pt\/index.php\/2025\/10\/24\/colegio-do-minho-ha-83-anos-a-educar-com-responsabilidade-e-exigencia\/\",\"name\":\"Col\u00e9gio do Minho: H\u00e1 83 anos a educar com responsabilidade e exig\u00eancia - Mais Magazine\",\"isPartOf\":{\"@id\":\"https:\/\/maismagazine.pt\/#website\"},\"primaryImageOfPage\":{\"@id\":\"https:\/\/maismagazine.pt\/index.php\/2025\/10\/24\/colegio-do-minho-ha-83-anos-a-educar-com-responsabilidade-e-exigencia\/#primaryimage\"},\"image\":{\"@id\":\"https:\/\/maismagazine.pt\/index.php\/2025\/10\/24\/colegio-do-minho-ha-83-anos-a-educar-com-responsabilidade-e-exigencia\/#primaryimage\"},\"thumbnailUrl\":\"http:\/\/maismagazine.pt\/wp-content\/uploads\/2025\/10\/WhatsApp-Image-2025-10-14-at-19.42.55-1.jpeg\",\"datePublished\":\"2025-10-24T06:00:00+00:00\",\"breadcrumb\":{\"@id\":\"https:\/\/maismagazine.pt\/index.php\/2025\/10\/24\/colegio-do-minho-ha-83-anos-a-educar-com-responsabilidade-e-exigencia\/#breadcrumb\"},\"inLanguage\":\"pt-PT\",\"potentialAction\":[{\"@type\":\"ReadAction\",\"target\":[\"https:\/\/maismagazine.pt\/index.php\/2025\/10\/24\/colegio-do-minho-ha-83-anos-a-educar-com-responsabilidade-e-exigencia\/\"]}]},{\"@type\":\"ImageObject\",\"inLanguage\":\"pt-PT\",\"@id\":\"https:\/\/maismagazine.pt\/index.php\/2025\/10\/24\/colegio-do-minho-ha-83-anos-a-educar-com-responsabilidade-e-exigencia\/#primaryimage\",\"url\":\"http:\/\/maismagazine.pt\/wp-content\/uploads\/2025\/10\/WhatsApp-Image-2025-10-14-at-19.42.55-1.jpeg\",\"contentUrl\":\"http:\/\/maismagazine.pt\/wp-content\/uploads\/2025\/10\/WhatsApp-Image-2025-10-14-at-19.42.55-1.jpeg\",\"width\":1600,\"height\":1200},{\"@type\":\"BreadcrumbList\",\"@id\":\"https:\/\/maismagazine.pt\/index.php\/2025\/10\/24\/colegio-do-minho-ha-83-anos-a-educar-com-responsabilidade-e-exigencia\/#breadcrumb\",\"itemListElement\":[{\"@type\":\"ListItem\",\"position\":1,\"name\":\"Home\",\"item\":\"https:\/\/maismagazine.pt\/\"},{\"@type\":\"ListItem\",\"position\":2,\"name\":\"Col\u00e9gio do Minho: H\u00e1 83 anos a educar com responsabilidade e exig\u00eancia\"}]},{\"@type\":\"WebSite\",\"@id\":\"https:\/\/maismagazine.pt\/#website\",\"url\":\"https:\/\/maismagazine.pt\/\",\"name\":\"Mais Magazine\",\"description\":\"\",\"publisher\":{\"@id\":\"https:\/\/maismagazine.pt\/#organization\"},\"potentialAction\":[{\"@type\":\"SearchAction\",\"target\":{\"@type\":\"EntryPoint\",\"urlTemplate\":\"https:\/\/maismagazine.pt\/?s={search_term_string}\"},\"query-input\":{\"@type\":\"PropertyValueSpecification\",\"valueRequired\":true,\"valueName\":\"search_term_string\"}}],\"inLanguage\":\"pt-PT\"},{\"@type\":\"Organization\",\"@id\":\"https:\/\/maismagazine.pt\/#organization\",\"name\":\"Mais Magazine\",\"url\":\"https:\/\/maismagazine.pt\/\",\"logo\":{\"@type\":\"ImageObject\",\"inLanguage\":\"pt-PT\",\"@id\":\"https:\/\/maismagazine.pt\/#\/schema\/logo\/image\/\",\"url\":\"http:\/\/maismagazine.pt\/wp-content\/uploads\/2020\/04\/cropped-cropped-mais-magazine-site-logo-2.png\",\"contentUrl\":\"http:\/\/maismagazine.pt\/wp-content\/uploads\/2020\/04\/cropped-cropped-mais-magazine-site-logo-2.png\",\"width\":581,\"height\":90,\"caption\":\"Mais Magazine\"},\"image\":{\"@id\":\"https:\/\/maismagazine.pt\/#\/schema\/logo\/image\/\"}},{\"@type\":\"Person\",\"@id\":\"https:\/\/maismagazine.pt\/#\/schema\/person\/7426e2caeb8df32a1b56aa48dae778c9\",\"name\":\"Tatiana Martins\",\"image\":{\"@type\":\"ImageObject\",\"inLanguage\":\"pt-PT\",\"@id\":\"https:\/\/maismagazine.pt\/#\/schema\/person\/image\/\",\"url\":\"https:\/\/secure.gravatar.com\/avatar\/4b24a57f5d0425f2eb20981c4b53244e?s=96&d=mm&r=g\",\"contentUrl\":\"https:\/\/secure.gravatar.com\/avatar\/4b24a57f5d0425f2eb20981c4b53244e?s=96&d=mm&r=g\",\"caption\":\"Tatiana Martins\"},\"url\":\"http:\/\/maismagazine.pt\/index.php\/author\/tatiana\/\"}]}<\/script>\n<!-- \/ Yoast SEO plugin. -->","yoast_head_json":{"title":"Col\u00e9gio do Minho: H\u00e1 83 anos a educar com responsabilidade e exig\u00eancia - Mais Magazine","robots":{"index":"index","follow":"follow","max-snippet":"max-snippet:-1","max-image-preview":"max-image-preview:large","max-video-preview":"max-video-preview:-1"},"canonical":"https:\/\/maismagazine.pt\/index.php\/2025\/10\/24\/colegio-do-minho-ha-83-anos-a-educar-com-responsabilidade-e-exigencia\/","og_locale":"pt_PT","og_type":"article","og_title":"Col\u00e9gio do Minho: H\u00e1 83 anos a educar com responsabilidade e exig\u00eancia - Mais Magazine","og_description":"Ricardo Sousa, diretor do Col\u00e9gio do Minho, celebra os 83 anos da institui\u00e7\u00e3o, destacando como o Col\u00e9gio tem sabido aliar os valores que sempre o definiram \u00e0 inova\u00e7\u00e3o pedag\u00f3gica. Fundado em 1942 num per\u00edodo de grandes desafios sociais e educativos, o Col\u00e9gio do Minho mant\u00e9m-se fiel \u00e0 sua miss\u00e3o de&hellip;","og_url":"https:\/\/maismagazine.pt\/index.php\/2025\/10\/24\/colegio-do-minho-ha-83-anos-a-educar-com-responsabilidade-e-exigencia\/","og_site_name":"Mais Magazine","article_published_time":"2025-10-24T06:00:00+00:00","og_image":[{"width":1600,"height":1200,"url":"https:\/\/maismagazine.pt\/wp-content\/uploads\/2025\/10\/WhatsApp-Image-2025-10-14-at-19.42.55-1.jpeg","type":"image\/jpeg"}],"author":"Tatiana Martins","twitter_card":"summary_large_image","twitter_misc":{"Escrito por":false,"Tempo estimado de leitura":"6 minutos"},"schema":{"@context":"https:\/\/schema.org","@graph":[{"@type":"Article","@id":"https:\/\/maismagazine.pt\/index.php\/2025\/10\/24\/colegio-do-minho-ha-83-anos-a-educar-com-responsabilidade-e-exigencia\/#article","isPartOf":{"@id":"https:\/\/maismagazine.pt\/index.php\/2025\/10\/24\/colegio-do-minho-ha-83-anos-a-educar-com-responsabilidade-e-exigencia\/"},"author":{"name":"Tatiana Martins","@id":"https:\/\/maismagazine.pt\/#\/schema\/person\/7426e2caeb8df32a1b56aa48dae778c9"},"headline":"Col\u00e9gio do Minho: H\u00e1 83 anos a educar com responsabilidade e exig\u00eancia","datePublished":"2025-10-24T06:00:00+00:00","mainEntityOfPage":{"@id":"https:\/\/maismagazine.pt\/index.php\/2025\/10\/24\/colegio-do-minho-ha-83-anos-a-educar-com-responsabilidade-e-exigencia\/"},"wordCount":973,"publisher":{"@id":"https:\/\/maismagazine.pt\/#organization"},"image":{"@id":"https:\/\/maismagazine.pt\/index.php\/2025\/10\/24\/colegio-do-minho-ha-83-anos-a-educar-com-responsabilidade-e-exigencia\/#primaryimage"},"thumbnailUrl":"http:\/\/maismagazine.pt\/wp-content\/uploads\/2025\/10\/WhatsApp-Image-2025-10-14-at-19.42.55-1.jpeg","keywords":["Col\u00e9gio do Minho","Ensino Cat\u00f3lico"],"articleSection":["Educa\u00e7\u00e3o"],"inLanguage":"pt-PT"},{"@type":"WebPage","@id":"https:\/\/maismagazine.pt\/index.php\/2025\/10\/24\/colegio-do-minho-ha-83-anos-a-educar-com-responsabilidade-e-exigencia\/","url":"https:\/\/maismagazine.pt\/index.php\/2025\/10\/24\/colegio-do-minho-ha-83-anos-a-educar-com-responsabilidade-e-exigencia\/","name":"Col\u00e9gio do Minho: H\u00e1 83 anos a educar com responsabilidade e exig\u00eancia - Mais Magazine","isPartOf":{"@id":"https:\/\/maismagazine.pt\/#website"},"primaryImageOfPage":{"@id":"https:\/\/maismagazine.pt\/index.php\/2025\/10\/24\/colegio-do-minho-ha-83-anos-a-educar-com-responsabilidade-e-exigencia\/#primaryimage"},"image":{"@id":"https:\/\/maismagazine.pt\/index.php\/2025\/10\/24\/colegio-do-minho-ha-83-anos-a-educar-com-responsabilidade-e-exigencia\/#primaryimage"},"thumbnailUrl":"http:\/\/maismagazine.pt\/wp-content\/uploads\/2025\/10\/WhatsApp-Image-2025-10-14-at-19.42.55-1.jpeg","datePublished":"2025-10-24T06:00:00+00:00","breadcrumb":{"@id":"https:\/\/maismagazine.pt\/index.php\/2025\/10\/24\/colegio-do-minho-ha-83-anos-a-educar-com-responsabilidade-e-exigencia\/#breadcrumb"},"inLanguage":"pt-PT","potentialAction":[{"@type":"ReadAction","target":["https:\/\/maismagazine.pt\/index.php\/2025\/10\/24\/colegio-do-minho-ha-83-anos-a-educar-com-responsabilidade-e-exigencia\/"]}]},{"@type":"ImageObject","inLanguage":"pt-PT","@id":"https:\/\/maismagazine.pt\/index.php\/2025\/10\/24\/colegio-do-minho-ha-83-anos-a-educar-com-responsabilidade-e-exigencia\/#primaryimage","url":"http:\/\/maismagazine.pt\/wp-content\/uploads\/2025\/10\/WhatsApp-Image-2025-10-14-at-19.42.55-1.jpeg","contentUrl":"http:\/\/maismagazine.pt\/wp-content\/uploads\/2025\/10\/WhatsApp-Image-2025-10-14-at-19.42.55-1.jpeg","width":1600,"height":1200},{"@type":"BreadcrumbList","@id":"https:\/\/maismagazine.pt\/index.php\/2025\/10\/24\/colegio-do-minho-ha-83-anos-a-educar-com-responsabilidade-e-exigencia\/#breadcrumb","itemListElement":[{"@type":"ListItem","position":1,"name":"Home","item":"https:\/\/maismagazine.pt\/"},{"@type":"ListItem","position":2,"name":"Col\u00e9gio do Minho: H\u00e1 83 anos a educar com responsabilidade e exig\u00eancia"}]},{"@type":"WebSite","@id":"https:\/\/maismagazine.pt\/#website","url":"https:\/\/maismagazine.pt\/","name":"Mais Magazine","description":"","publisher":{"@id":"https:\/\/maismagazine.pt\/#organization"},"potentialAction":[{"@type":"SearchAction","target":{"@type":"EntryPoint","urlTemplate":"https:\/\/maismagazine.pt\/?s={search_term_string}"},"query-input":{"@type":"PropertyValueSpecification","valueRequired":true,"valueName":"search_term_string"}}],"inLanguage":"pt-PT"},{"@type":"Organization","@id":"https:\/\/maismagazine.pt\/#organization","name":"Mais Magazine","url":"https:\/\/maismagazine.pt\/","logo":{"@type":"ImageObject","inLanguage":"pt-PT","@id":"https:\/\/maismagazine.pt\/#\/schema\/logo\/image\/","url":"http:\/\/maismagazine.pt\/wp-content\/uploads\/2020\/04\/cropped-cropped-mais-magazine-site-logo-2.png","contentUrl":"http:\/\/maismagazine.pt\/wp-content\/uploads\/2020\/04\/cropped-cropped-mais-magazine-site-logo-2.png","width":581,"height":90,"caption":"Mais Magazine"},"image":{"@id":"https:\/\/maismagazine.pt\/#\/schema\/logo\/image\/"}},{"@type":"Person","@id":"https:\/\/maismagazine.pt\/#\/schema\/person\/7426e2caeb8df32a1b56aa48dae778c9","name":"Tatiana Martins","image":{"@type":"ImageObject","inLanguage":"pt-PT","@id":"https:\/\/maismagazine.pt\/#\/schema\/person\/image\/","url":"https:\/\/secure.gravatar.com\/avatar\/4b24a57f5d0425f2eb20981c4b53244e?s=96&d=mm&r=g","contentUrl":"https:\/\/secure.gravatar.com\/avatar\/4b24a57f5d0425f2eb20981c4b53244e?s=96&d=mm&r=g","caption":"Tatiana Martins"},"url":"http:\/\/maismagazine.pt\/index.php\/author\/tatiana\/"}]}},"author_meta":{"display_name":false,"author_link":"http:\/\/maismagazine.pt\/index.php\/author\/tatiana\/"},"featured_img":"http:\/\/maismagazine.pt\/wp-content\/uploads\/2025\/10\/WhatsApp-Image-2025-10-14-at-19.42.55-1-300x225.jpeg","coauthors":[],"tax_additional":{"categories":{"linked":["<a href=\"http:\/\/maismagazine.pt\/index.php\/category\/educacao\/\" class=\"advgb-post-tax-term\">Educa\u00e7\u00e3o<\/a>"],"unlinked":["<span class=\"advgb-post-tax-term\">Educa\u00e7\u00e3o<\/span>"]},"tags":{"linked":["<a href=\"http:\/\/maismagazine.pt\/index.php\/category\/educacao\/\" class=\"advgb-post-tax-term\">Col\u00e9gio do Minho<\/a>","<a href=\"http:\/\/maismagazine.pt\/index.php\/category\/educacao\/\" class=\"advgb-post-tax-term\">Ensino Cat\u00f3lico<\/a>"],"unlinked":["<span class=\"advgb-post-tax-term\">Col\u00e9gio do Minho<\/span>","<span class=\"advgb-post-tax-term\">Ensino Cat\u00f3lico<\/span>"]}},"comment_count":"0","relative_dates":{"created":"Posted 6 meses ago","modified":"Updated 6 meses ago"},"absolute_dates":{"created":"Posted on 24 de Outubro, 2025","modified":"Updated on 22 de Outubro, 2025"},"absolute_dates_time":{"created":"Posted on 24 de Outubro, 2025 7:00","modified":"Updated on 22 de Outubro, 2025 14:37"},"featured_img_caption":"","series_order":"","_links":{"self":[{"href":"http:\/\/maismagazine.pt\/index.php\/wp-json\/wp\/v2\/posts\/12945","targetHints":{"allow":["GET"]}}],"collection":[{"href":"http:\/\/maismagazine.pt\/index.php\/wp-json\/wp\/v2\/posts"}],"about":[{"href":"http:\/\/maismagazine.pt\/index.php\/wp-json\/wp\/v2\/types\/post"}],"author":[{"embeddable":true,"href":"http:\/\/maismagazine.pt\/index.php\/wp-json\/wp\/v2\/users\/18"}],"replies":[{"embeddable":true,"href":"http:\/\/maismagazine.pt\/index.php\/wp-json\/wp\/v2\/comments?post=12945"}],"version-history":[{"count":1,"href":"http:\/\/maismagazine.pt\/index.php\/wp-json\/wp\/v2\/posts\/12945\/revisions"}],"predecessor-version":[{"id":12953,"href":"http:\/\/maismagazine.pt\/index.php\/wp-json\/wp\/v2\/posts\/12945\/revisions\/12953"}],"wp:featuredmedia":[{"embeddable":true,"href":"http:\/\/maismagazine.pt\/index.php\/wp-json\/wp\/v2\/media\/12947"}],"wp:attachment":[{"href":"http:\/\/maismagazine.pt\/index.php\/wp-json\/wp\/v2\/media?parent=12945"}],"wp:term":[{"taxonomy":"category","embeddable":true,"href":"http:\/\/maismagazine.pt\/index.php\/wp-json\/wp\/v2\/categories?post=12945"},{"taxonomy":"post_tag","embeddable":true,"href":"http:\/\/maismagazine.pt\/index.php\/wp-json\/wp\/v2\/tags?post=12945"}],"curies":[{"name":"wp","href":"https:\/\/api.w.org\/{rel}","templated":true}]}}