{"id":12938,"date":"2025-10-24T07:00:00","date_gmt":"2025-10-24T06:00:00","guid":{"rendered":"https:\/\/maismagazine.pt\/?p=12938"},"modified":"2025-10-21T16:07:59","modified_gmt":"2025-10-21T15:07:59","slug":"a-peculiar-escola-monsenhor-jose-galamba-de-oliveira","status":"publish","type":"post","link":"http:\/\/maismagazine.pt\/index.php\/2025\/10\/24\/a-peculiar-escola-monsenhor-jose-galamba-de-oliveira\/","title":{"rendered":"A peculiar Escola Monsenhor Jos\u00e9 Galamba de Oliveira"},"content":{"rendered":"\n<p><strong>Situada nos Marrazes, concelho de Leiria, a <a href=\"http:\/\/www.emjgo.com\">Escola Secund\u00e1ria Monsenhor Jos\u00e9 Galamba de Oliveira<\/a> inspira-se na figura insigne do seu patrono, cuja vida e obra s\u00e3o retratadas no livro de Pedro Moniz, \u201cMonsenhor Jos\u00e9 Galamba de Oliveira &#8211; Um Homem \u00e0 Frente do Seu Tempo\u201d. Este homem not\u00e1vel foi um modelo de abnega\u00e7\u00e3o e vis\u00e3o, acreditando na for\u00e7a transformadora da educa\u00e7\u00e3o &#8211; valores que continuam a ser o farol da escola.<\/strong><\/p>\n\n\n\n<p><\/p>\n\n\n\n<p>A institui\u00e7\u00e3o abriu portas em 1956 com o nome de Escola de Forma\u00e7\u00e3o Social e Rural de Leiria e transferiu-se definitivamente, em 1964, para a Quinta do Amparo.<\/p>\n\n\n\n<p><\/p>\n\n\n\n<p>A sua miss\u00e3o \u00e9 formar cidad\u00e3os conscientes, solid\u00e1rios e capazes de contribuir para uma sociedade mais justa e emp\u00e1tica. Aqui, educar \u00e9 tamb\u00e9m cuidar, orientar e renovar. O trabalho di\u00e1rio visa que os educandos cres\u00e7am n\u00e3o s\u00f3 em idade, gra\u00e7a e sabedoria, mas tamb\u00e9m se tornem pessoas dotadas de valores humanos e \u00e9ticos, preparadas para a vida em sociedade.<\/p>\n\n\n<div class=\"wp-block-image\">\n<figure class=\"alignleft size-full is-resized\"><img loading=\"lazy\" decoding=\"async\" width=\"489\" height=\"748\" src=\"https:\/\/maismagazine.pt\/wp-content\/uploads\/2025\/10\/EMJGO-Monsenhor.jpg\" alt=\"\" class=\"wp-image-12940\" style=\"width:231px;height:auto\" srcset=\"http:\/\/maismagazine.pt\/wp-content\/uploads\/2025\/10\/EMJGO-Monsenhor.jpg 489w, http:\/\/maismagazine.pt\/wp-content\/uploads\/2025\/10\/EMJGO-Monsenhor-196x300.jpg 196w\" sizes=\"auto, (max-width: 489px) 100vw, 489px\" \/><\/figure><\/div>\n\n\n<p>A Escola Monsenhor Jos\u00e9 Galamba de Oliveira oferece, neste momento (est\u00e3o em aprova\u00e7\u00e3o outros) um \u00fanico curso: o Curso com Plano Pr\u00f3prio de Educa\u00e7\u00e3o Social. Trata-se de uma institui\u00e7\u00e3o de Ensino Particular e Cooperativo que ministra um curso de dupla certifica\u00e7\u00e3o, conferindo um Certificado Profissional de N\u00edvel IV &#8211; 12.\u00ba ano, de acordo com o Quadro Nacional de Qualifica\u00e7\u00f5es (QNQ).Esta \u00e9 uma oferta formativa singular, que reflete a identidade e o compromisso da Escola com a inclus\u00e3o, a solidariedade e o desenvolvimento integral. O seu lema \u00e9: \u201cUma hist\u00f3ria com pessoas\u201d. Em Portugal, somente em Lamego existiu uma experi\u00eancia semelhante, entretanto encerrada em 2021.O curso harmoniza forma\u00e7\u00e3o te\u00f3rica e pr\u00e1tica, proporcionando experi\u00eancias reais de integra\u00e7\u00e3o comunit\u00e1ria. Assim, os alunos aprendem a intervir em contextos sociais e educativos, adquirindo compet\u00eancias essenciais para atuar com empatia, responsabilidade e sentido de miss\u00e3o.O que distingue esta escola \u00e9 a capacidade de unir rigor e afeto, tradi\u00e7\u00e3o e inova\u00e7\u00e3o, ensino e compromisso social, acreditando que cada aluno \u00e9 \u00fanico e merece um acompanhamento personalizado, num ambiente de confian\u00e7a, colabora\u00e7\u00e3o e partilha.<\/p>\n\n\n\n<p><\/p>\n\n\n\n<p>A Escola Monsenhor Jos\u00e9 Galamba de Oliveira promove um modelo educativo que valoriza tanto o conhecimento acad\u00e9mico como o crescimento pessoal. Aqui, aprende-se a \u201csaber ser\u201d e \u201csaber estar\u201d formando jovens com valores s\u00f3lidos, prontos para enfrentar os desafios da vida e servir a comunidade.<\/p>\n\n\n<div class=\"wp-block-image\">\n<figure class=\"aligncenter size-full is-resized\"><img loading=\"lazy\" decoding=\"async\" width=\"335\" height=\"503\" src=\"https:\/\/maismagazine.pt\/wp-content\/uploads\/2025\/10\/Capelinha-NSAmparo.jpg\" alt=\"\" class=\"wp-image-12941\" style=\"width:268px;height:auto\" srcset=\"http:\/\/maismagazine.pt\/wp-content\/uploads\/2025\/10\/Capelinha-NSAmparo.jpg 335w, http:\/\/maismagazine.pt\/wp-content\/uploads\/2025\/10\/Capelinha-NSAmparo-200x300.jpg 200w\" sizes=\"auto, (max-width: 335px) 100vw, 335px\" \/><\/figure><\/div>\n\n\n<p>Al\u00e9m disso, pretende continuar a afirmar-se como uma escola de refer\u00eancia na inclus\u00e3o e na forma\u00e7\u00e3o humana, fiel ao legado do nosso patrono. Ambiciona ainda refor\u00e7ar a liga\u00e7\u00e3o \u00e0 comunidade e apostar em projetos que promovam a solidariedade, a sustentabilidade e o sucesso educativo.<\/p>\n\n\n\n<p><\/p>\n\n\n\n<p>Com esperan\u00e7a e dedica\u00e7\u00e3o, esta escola deseja continuar a ser para \u201ctodos, todos, todos\u201d, onde o conhecimento, o respeito e a humanidade caminham lado a lado &#8211; na certeza de que a educa\u00e7\u00e3o \u00e9 a via mais segura para uma sociedade mais fraterna.<\/p>\n\n\n\n<p><\/p>\n\n\n\n<p>Deus quer, Monsenhor sonhou e a obra prosseguir\u00e1.<\/p>\n\n\n\n<p><\/p>\n\n\n<div class=\"wp-block-image\">\n<figure class=\"aligncenter size-large is-resized\"><img loading=\"lazy\" decoding=\"async\" width=\"1024\" height=\"246\" src=\"https:\/\/maismagazine.pt\/wp-content\/uploads\/2025\/10\/Logotipo_2025_EMJGO-1024x246.png\" alt=\"\" class=\"wp-image-12942\" style=\"width:483px;height:auto\" srcset=\"http:\/\/maismagazine.pt\/wp-content\/uploads\/2025\/10\/Logotipo_2025_EMJGO-1024x246.png 1024w, http:\/\/maismagazine.pt\/wp-content\/uploads\/2025\/10\/Logotipo_2025_EMJGO-300x72.png 300w, http:\/\/maismagazine.pt\/wp-content\/uploads\/2025\/10\/Logotipo_2025_EMJGO-768x184.png 768w, http:\/\/maismagazine.pt\/wp-content\/uploads\/2025\/10\/Logotipo_2025_EMJGO-1536x369.png 1536w, http:\/\/maismagazine.pt\/wp-content\/uploads\/2025\/10\/Logotipo_2025_EMJGO-2048x492.png 2048w\" sizes=\"auto, (max-width: 1024px) 100vw, 1024px\" \/><\/figure><\/div>\n\n\n<p><\/p>\n","protected":false},"excerpt":{"rendered":"<p>Situada nos Marrazes, concelho de Leiria, a Escola Secund\u00e1ria Monsenhor Jos\u00e9 Galamba de Oliveira inspira-se na figura insigne do seu patrono, cuja vida e obra s\u00e3o retratadas no livro de Pedro Moniz, \u201cMonsenhor Jos\u00e9 Galamba de Oliveira &#8211; Um Homem \u00e0 Frente do Seu Tempo\u201d. Este homem not\u00e1vel foi um&hellip;<\/p>\n","protected":false},"author":18,"featured_media":12939,"comment_status":"closed","ping_status":"open","sticky":false,"template":"","format":"standard","meta":{"advgb_blocks_editor_width":"","advgb_blocks_columns_visual_guide":"","_monsterinsights_skip_tracking":false,"_monsterinsights_sitenote_active":false,"_monsterinsights_sitenote_note":"","_monsterinsights_sitenote_category":0,"footnotes":""},"categories":[149],"tags":[2484,2485],"class_list":["post-12938","post","type-post","status-publish","format-standard","has-post-thumbnail","hentry","category-educacao","tag-ensino-catolico","tag-escola-secundaria-monsenhor-jose-galamba-de-oliveira"],"yoast_head":"<!-- This site is optimized with the Yoast SEO plugin v24.4 - https:\/\/yoast.com\/wordpress\/plugins\/seo\/ -->\n<title>A peculiar Escola Monsenhor Jos\u00e9 Galamba de Oliveira - Mais Magazine<\/title>\n<meta name=\"robots\" content=\"index, follow, max-snippet:-1, max-image-preview:large, max-video-preview:-1\" \/>\n<link rel=\"canonical\" href=\"http:\/\/maismagazine.pt\/index.php\/2025\/10\/24\/a-peculiar-escola-monsenhor-jose-galamba-de-oliveira\/\" \/>\n<meta property=\"og:locale\" content=\"pt_PT\" \/>\n<meta property=\"og:type\" content=\"article\" \/>\n<meta property=\"og:title\" content=\"A peculiar Escola Monsenhor Jos\u00e9 Galamba de Oliveira - Mais Magazine\" \/>\n<meta property=\"og:description\" content=\"Situada nos Marrazes, concelho de Leiria, a Escola Secund\u00e1ria Monsenhor Jos\u00e9 Galamba de Oliveira inspira-se na figura insigne do seu patrono, cuja vida e obra s\u00e3o retratadas no livro de Pedro Moniz, \u201cMonsenhor Jos\u00e9 Galamba de Oliveira &#8211; Um Homem \u00e0 Frente do Seu Tempo\u201d. Este homem not\u00e1vel foi um&hellip;\" \/>\n<meta property=\"og:url\" content=\"http:\/\/maismagazine.pt\/index.php\/2025\/10\/24\/a-peculiar-escola-monsenhor-jose-galamba-de-oliveira\/\" \/>\n<meta property=\"og:site_name\" content=\"Mais Magazine\" \/>\n<meta property=\"article:published_time\" content=\"2025-10-24T06:00:00+00:00\" \/>\n<meta property=\"og:image\" content=\"http:\/\/maismagazine.pt\/wp-content\/uploads\/2025\/10\/EMJGO-Imagem-Principal.jpg\" \/>\n\t<meta property=\"og:image:width\" content=\"914\" \/>\n\t<meta property=\"og:image:height\" content=\"503\" \/>\n\t<meta property=\"og:image:type\" content=\"image\/jpeg\" \/>\n<meta name=\"author\" content=\"Tatiana Martins\" \/>\n<meta name=\"twitter:card\" content=\"summary_large_image\" \/>\n<meta name=\"twitter:label1\" content=\"Escrito por\" \/>\n\t<meta name=\"twitter:data1\" content=\"\" \/>\n\t<meta name=\"twitter:label2\" content=\"Tempo estimado de leitura\" \/>\n\t<meta name=\"twitter:data2\" content=\"4 minutos\" \/>\n<script type=\"application\/ld+json\" class=\"yoast-schema-graph\">{\"@context\":\"https:\/\/schema.org\",\"@graph\":[{\"@type\":\"Article\",\"@id\":\"http:\/\/maismagazine.pt\/index.php\/2025\/10\/24\/a-peculiar-escola-monsenhor-jose-galamba-de-oliveira\/#article\",\"isPartOf\":{\"@id\":\"http:\/\/maismagazine.pt\/index.php\/2025\/10\/24\/a-peculiar-escola-monsenhor-jose-galamba-de-oliveira\/\"},\"author\":{\"name\":\"Tatiana Martins\",\"@id\":\"https:\/\/maismagazine.pt\/#\/schema\/person\/7426e2caeb8df32a1b56aa48dae778c9\"},\"headline\":\"A peculiar Escola Monsenhor Jos\u00e9 Galamba de Oliveira\",\"datePublished\":\"2025-10-24T06:00:00+00:00\",\"mainEntityOfPage\":{\"@id\":\"http:\/\/maismagazine.pt\/index.php\/2025\/10\/24\/a-peculiar-escola-monsenhor-jose-galamba-de-oliveira\/\"},\"wordCount\":525,\"publisher\":{\"@id\":\"https:\/\/maismagazine.pt\/#organization\"},\"image\":{\"@id\":\"http:\/\/maismagazine.pt\/index.php\/2025\/10\/24\/a-peculiar-escola-monsenhor-jose-galamba-de-oliveira\/#primaryimage\"},\"thumbnailUrl\":\"http:\/\/maismagazine.pt\/wp-content\/uploads\/2025\/10\/EMJGO-Imagem-Principal.jpg\",\"keywords\":[\"Ensino Cat\u00f3lico\",\"Escola Secund\u00e1ria Monsenhor Jos\u00e9 Galamba de Oliveira\"],\"articleSection\":[\"Educa\u00e7\u00e3o\"],\"inLanguage\":\"pt-PT\"},{\"@type\":\"WebPage\",\"@id\":\"http:\/\/maismagazine.pt\/index.php\/2025\/10\/24\/a-peculiar-escola-monsenhor-jose-galamba-de-oliveira\/\",\"url\":\"http:\/\/maismagazine.pt\/index.php\/2025\/10\/24\/a-peculiar-escola-monsenhor-jose-galamba-de-oliveira\/\",\"name\":\"A peculiar Escola Monsenhor Jos\u00e9 Galamba de Oliveira - Mais Magazine\",\"isPartOf\":{\"@id\":\"https:\/\/maismagazine.pt\/#website\"},\"primaryImageOfPage\":{\"@id\":\"http:\/\/maismagazine.pt\/index.php\/2025\/10\/24\/a-peculiar-escola-monsenhor-jose-galamba-de-oliveira\/#primaryimage\"},\"image\":{\"@id\":\"http:\/\/maismagazine.pt\/index.php\/2025\/10\/24\/a-peculiar-escola-monsenhor-jose-galamba-de-oliveira\/#primaryimage\"},\"thumbnailUrl\":\"http:\/\/maismagazine.pt\/wp-content\/uploads\/2025\/10\/EMJGO-Imagem-Principal.jpg\",\"datePublished\":\"2025-10-24T06:00:00+00:00\",\"breadcrumb\":{\"@id\":\"http:\/\/maismagazine.pt\/index.php\/2025\/10\/24\/a-peculiar-escola-monsenhor-jose-galamba-de-oliveira\/#breadcrumb\"},\"inLanguage\":\"pt-PT\",\"potentialAction\":[{\"@type\":\"ReadAction\",\"target\":[\"http:\/\/maismagazine.pt\/index.php\/2025\/10\/24\/a-peculiar-escola-monsenhor-jose-galamba-de-oliveira\/\"]}]},{\"@type\":\"ImageObject\",\"inLanguage\":\"pt-PT\",\"@id\":\"http:\/\/maismagazine.pt\/index.php\/2025\/10\/24\/a-peculiar-escola-monsenhor-jose-galamba-de-oliveira\/#primaryimage\",\"url\":\"http:\/\/maismagazine.pt\/wp-content\/uploads\/2025\/10\/EMJGO-Imagem-Principal.jpg\",\"contentUrl\":\"http:\/\/maismagazine.pt\/wp-content\/uploads\/2025\/10\/EMJGO-Imagem-Principal.jpg\",\"width\":914,\"height\":503},{\"@type\":\"BreadcrumbList\",\"@id\":\"http:\/\/maismagazine.pt\/index.php\/2025\/10\/24\/a-peculiar-escola-monsenhor-jose-galamba-de-oliveira\/#breadcrumb\",\"itemListElement\":[{\"@type\":\"ListItem\",\"position\":1,\"name\":\"Home\",\"item\":\"https:\/\/maismagazine.pt\/\"},{\"@type\":\"ListItem\",\"position\":2,\"name\":\"A peculiar Escola Monsenhor Jos\u00e9 Galamba de Oliveira\"}]},{\"@type\":\"WebSite\",\"@id\":\"https:\/\/maismagazine.pt\/#website\",\"url\":\"https:\/\/maismagazine.pt\/\",\"name\":\"Mais Magazine\",\"description\":\"\",\"publisher\":{\"@id\":\"https:\/\/maismagazine.pt\/#organization\"},\"potentialAction\":[{\"@type\":\"SearchAction\",\"target\":{\"@type\":\"EntryPoint\",\"urlTemplate\":\"https:\/\/maismagazine.pt\/?s={search_term_string}\"},\"query-input\":{\"@type\":\"PropertyValueSpecification\",\"valueRequired\":true,\"valueName\":\"search_term_string\"}}],\"inLanguage\":\"pt-PT\"},{\"@type\":\"Organization\",\"@id\":\"https:\/\/maismagazine.pt\/#organization\",\"name\":\"Mais Magazine\",\"url\":\"https:\/\/maismagazine.pt\/\",\"logo\":{\"@type\":\"ImageObject\",\"inLanguage\":\"pt-PT\",\"@id\":\"https:\/\/maismagazine.pt\/#\/schema\/logo\/image\/\",\"url\":\"http:\/\/maismagazine.pt\/wp-content\/uploads\/2020\/04\/cropped-cropped-mais-magazine-site-logo-2.png\",\"contentUrl\":\"http:\/\/maismagazine.pt\/wp-content\/uploads\/2020\/04\/cropped-cropped-mais-magazine-site-logo-2.png\",\"width\":581,\"height\":90,\"caption\":\"Mais Magazine\"},\"image\":{\"@id\":\"https:\/\/maismagazine.pt\/#\/schema\/logo\/image\/\"}},{\"@type\":\"Person\",\"@id\":\"https:\/\/maismagazine.pt\/#\/schema\/person\/7426e2caeb8df32a1b56aa48dae778c9\",\"name\":\"Tatiana Martins\",\"image\":{\"@type\":\"ImageObject\",\"inLanguage\":\"pt-PT\",\"@id\":\"https:\/\/maismagazine.pt\/#\/schema\/person\/image\/\",\"url\":\"https:\/\/secure.gravatar.com\/avatar\/4b24a57f5d0425f2eb20981c4b53244e?s=96&d=mm&r=g\",\"contentUrl\":\"https:\/\/secure.gravatar.com\/avatar\/4b24a57f5d0425f2eb20981c4b53244e?s=96&d=mm&r=g\",\"caption\":\"Tatiana Martins\"},\"url\":\"http:\/\/maismagazine.pt\/index.php\/author\/tatiana\/\"}]}<\/script>\n<!-- \/ Yoast SEO plugin. -->","yoast_head_json":{"title":"A peculiar Escola Monsenhor Jos\u00e9 Galamba de Oliveira - Mais Magazine","robots":{"index":"index","follow":"follow","max-snippet":"max-snippet:-1","max-image-preview":"max-image-preview:large","max-video-preview":"max-video-preview:-1"},"canonical":"http:\/\/maismagazine.pt\/index.php\/2025\/10\/24\/a-peculiar-escola-monsenhor-jose-galamba-de-oliveira\/","og_locale":"pt_PT","og_type":"article","og_title":"A peculiar Escola Monsenhor Jos\u00e9 Galamba de Oliveira - Mais Magazine","og_description":"Situada nos Marrazes, concelho de Leiria, a Escola Secund\u00e1ria Monsenhor Jos\u00e9 Galamba de Oliveira inspira-se na figura insigne do seu patrono, cuja vida e obra s\u00e3o retratadas no livro de Pedro Moniz, \u201cMonsenhor Jos\u00e9 Galamba de Oliveira &#8211; Um Homem \u00e0 Frente do Seu Tempo\u201d. Este homem not\u00e1vel foi um&hellip;","og_url":"http:\/\/maismagazine.pt\/index.php\/2025\/10\/24\/a-peculiar-escola-monsenhor-jose-galamba-de-oliveira\/","og_site_name":"Mais Magazine","article_published_time":"2025-10-24T06:00:00+00:00","og_image":[{"width":914,"height":503,"url":"http:\/\/maismagazine.pt\/wp-content\/uploads\/2025\/10\/EMJGO-Imagem-Principal.jpg","type":"image\/jpeg"}],"author":"Tatiana Martins","twitter_card":"summary_large_image","twitter_misc":{"Escrito por":false,"Tempo estimado de leitura":"4 minutos"},"schema":{"@context":"https:\/\/schema.org","@graph":[{"@type":"Article","@id":"http:\/\/maismagazine.pt\/index.php\/2025\/10\/24\/a-peculiar-escola-monsenhor-jose-galamba-de-oliveira\/#article","isPartOf":{"@id":"http:\/\/maismagazine.pt\/index.php\/2025\/10\/24\/a-peculiar-escola-monsenhor-jose-galamba-de-oliveira\/"},"author":{"name":"Tatiana Martins","@id":"https:\/\/maismagazine.pt\/#\/schema\/person\/7426e2caeb8df32a1b56aa48dae778c9"},"headline":"A peculiar Escola Monsenhor Jos\u00e9 Galamba de Oliveira","datePublished":"2025-10-24T06:00:00+00:00","mainEntityOfPage":{"@id":"http:\/\/maismagazine.pt\/index.php\/2025\/10\/24\/a-peculiar-escola-monsenhor-jose-galamba-de-oliveira\/"},"wordCount":525,"publisher":{"@id":"https:\/\/maismagazine.pt\/#organization"},"image":{"@id":"http:\/\/maismagazine.pt\/index.php\/2025\/10\/24\/a-peculiar-escola-monsenhor-jose-galamba-de-oliveira\/#primaryimage"},"thumbnailUrl":"http:\/\/maismagazine.pt\/wp-content\/uploads\/2025\/10\/EMJGO-Imagem-Principal.jpg","keywords":["Ensino Cat\u00f3lico","Escola Secund\u00e1ria Monsenhor Jos\u00e9 Galamba de Oliveira"],"articleSection":["Educa\u00e7\u00e3o"],"inLanguage":"pt-PT"},{"@type":"WebPage","@id":"http:\/\/maismagazine.pt\/index.php\/2025\/10\/24\/a-peculiar-escola-monsenhor-jose-galamba-de-oliveira\/","url":"http:\/\/maismagazine.pt\/index.php\/2025\/10\/24\/a-peculiar-escola-monsenhor-jose-galamba-de-oliveira\/","name":"A peculiar Escola Monsenhor Jos\u00e9 Galamba de Oliveira - Mais Magazine","isPartOf":{"@id":"https:\/\/maismagazine.pt\/#website"},"primaryImageOfPage":{"@id":"http:\/\/maismagazine.pt\/index.php\/2025\/10\/24\/a-peculiar-escola-monsenhor-jose-galamba-de-oliveira\/#primaryimage"},"image":{"@id":"http:\/\/maismagazine.pt\/index.php\/2025\/10\/24\/a-peculiar-escola-monsenhor-jose-galamba-de-oliveira\/#primaryimage"},"thumbnailUrl":"http:\/\/maismagazine.pt\/wp-content\/uploads\/2025\/10\/EMJGO-Imagem-Principal.jpg","datePublished":"2025-10-24T06:00:00+00:00","breadcrumb":{"@id":"http:\/\/maismagazine.pt\/index.php\/2025\/10\/24\/a-peculiar-escola-monsenhor-jose-galamba-de-oliveira\/#breadcrumb"},"inLanguage":"pt-PT","potentialAction":[{"@type":"ReadAction","target":["http:\/\/maismagazine.pt\/index.php\/2025\/10\/24\/a-peculiar-escola-monsenhor-jose-galamba-de-oliveira\/"]}]},{"@type":"ImageObject","inLanguage":"pt-PT","@id":"http:\/\/maismagazine.pt\/index.php\/2025\/10\/24\/a-peculiar-escola-monsenhor-jose-galamba-de-oliveira\/#primaryimage","url":"http:\/\/maismagazine.pt\/wp-content\/uploads\/2025\/10\/EMJGO-Imagem-Principal.jpg","contentUrl":"http:\/\/maismagazine.pt\/wp-content\/uploads\/2025\/10\/EMJGO-Imagem-Principal.jpg","width":914,"height":503},{"@type":"BreadcrumbList","@id":"http:\/\/maismagazine.pt\/index.php\/2025\/10\/24\/a-peculiar-escola-monsenhor-jose-galamba-de-oliveira\/#breadcrumb","itemListElement":[{"@type":"ListItem","position":1,"name":"Home","item":"https:\/\/maismagazine.pt\/"},{"@type":"ListItem","position":2,"name":"A peculiar Escola Monsenhor Jos\u00e9 Galamba de Oliveira"}]},{"@type":"WebSite","@id":"https:\/\/maismagazine.pt\/#website","url":"https:\/\/maismagazine.pt\/","name":"Mais Magazine","description":"","publisher":{"@id":"https:\/\/maismagazine.pt\/#organization"},"potentialAction":[{"@type":"SearchAction","target":{"@type":"EntryPoint","urlTemplate":"https:\/\/maismagazine.pt\/?s={search_term_string}"},"query-input":{"@type":"PropertyValueSpecification","valueRequired":true,"valueName":"search_term_string"}}],"inLanguage":"pt-PT"},{"@type":"Organization","@id":"https:\/\/maismagazine.pt\/#organization","name":"Mais Magazine","url":"https:\/\/maismagazine.pt\/","logo":{"@type":"ImageObject","inLanguage":"pt-PT","@id":"https:\/\/maismagazine.pt\/#\/schema\/logo\/image\/","url":"http:\/\/maismagazine.pt\/wp-content\/uploads\/2020\/04\/cropped-cropped-mais-magazine-site-logo-2.png","contentUrl":"http:\/\/maismagazine.pt\/wp-content\/uploads\/2020\/04\/cropped-cropped-mais-magazine-site-logo-2.png","width":581,"height":90,"caption":"Mais Magazine"},"image":{"@id":"https:\/\/maismagazine.pt\/#\/schema\/logo\/image\/"}},{"@type":"Person","@id":"https:\/\/maismagazine.pt\/#\/schema\/person\/7426e2caeb8df32a1b56aa48dae778c9","name":"Tatiana Martins","image":{"@type":"ImageObject","inLanguage":"pt-PT","@id":"https:\/\/maismagazine.pt\/#\/schema\/person\/image\/","url":"https:\/\/secure.gravatar.com\/avatar\/4b24a57f5d0425f2eb20981c4b53244e?s=96&d=mm&r=g","contentUrl":"https:\/\/secure.gravatar.com\/avatar\/4b24a57f5d0425f2eb20981c4b53244e?s=96&d=mm&r=g","caption":"Tatiana Martins"},"url":"http:\/\/maismagazine.pt\/index.php\/author\/tatiana\/"}]}},"author_meta":{"display_name":false,"author_link":"http:\/\/maismagazine.pt\/index.php\/author\/tatiana\/"},"featured_img":"http:\/\/maismagazine.pt\/wp-content\/uploads\/2025\/10\/EMJGO-Imagem-Principal-300x165.jpg","coauthors":[],"tax_additional":{"categories":{"linked":["<a href=\"http:\/\/maismagazine.pt\/index.php\/category\/educacao\/\" class=\"advgb-post-tax-term\">Educa\u00e7\u00e3o<\/a>"],"unlinked":["<span class=\"advgb-post-tax-term\">Educa\u00e7\u00e3o<\/span>"]},"tags":{"linked":["<a href=\"http:\/\/maismagazine.pt\/index.php\/category\/educacao\/\" class=\"advgb-post-tax-term\">Ensino Cat\u00f3lico<\/a>","<a href=\"http:\/\/maismagazine.pt\/index.php\/category\/educacao\/\" class=\"advgb-post-tax-term\">Escola Secund\u00e1ria Monsenhor Jos\u00e9 Galamba de Oliveira<\/a>"],"unlinked":["<span class=\"advgb-post-tax-term\">Ensino Cat\u00f3lico<\/span>","<span class=\"advgb-post-tax-term\">Escola Secund\u00e1ria Monsenhor Jos\u00e9 Galamba de Oliveira<\/span>"]}},"comment_count":"0","relative_dates":{"created":"Posted 6 meses ago","modified":"Updated 6 meses ago"},"absolute_dates":{"created":"Posted on 24 de Outubro, 2025","modified":"Updated on 21 de Outubro, 2025"},"absolute_dates_time":{"created":"Posted on 24 de Outubro, 2025 7:00","modified":"Updated on 21 de Outubro, 2025 16:07"},"featured_img_caption":"","series_order":"","_links":{"self":[{"href":"http:\/\/maismagazine.pt\/index.php\/wp-json\/wp\/v2\/posts\/12938","targetHints":{"allow":["GET"]}}],"collection":[{"href":"http:\/\/maismagazine.pt\/index.php\/wp-json\/wp\/v2\/posts"}],"about":[{"href":"http:\/\/maismagazine.pt\/index.php\/wp-json\/wp\/v2\/types\/post"}],"author":[{"embeddable":true,"href":"http:\/\/maismagazine.pt\/index.php\/wp-json\/wp\/v2\/users\/18"}],"replies":[{"embeddable":true,"href":"http:\/\/maismagazine.pt\/index.php\/wp-json\/wp\/v2\/comments?post=12938"}],"version-history":[{"count":1,"href":"http:\/\/maismagazine.pt\/index.php\/wp-json\/wp\/v2\/posts\/12938\/revisions"}],"predecessor-version":[{"id":12943,"href":"http:\/\/maismagazine.pt\/index.php\/wp-json\/wp\/v2\/posts\/12938\/revisions\/12943"}],"wp:featuredmedia":[{"embeddable":true,"href":"http:\/\/maismagazine.pt\/index.php\/wp-json\/wp\/v2\/media\/12939"}],"wp:attachment":[{"href":"http:\/\/maismagazine.pt\/index.php\/wp-json\/wp\/v2\/media?parent=12938"}],"wp:term":[{"taxonomy":"category","embeddable":true,"href":"http:\/\/maismagazine.pt\/index.php\/wp-json\/wp\/v2\/categories?post=12938"},{"taxonomy":"post_tag","embeddable":true,"href":"http:\/\/maismagazine.pt\/index.php\/wp-json\/wp\/v2\/tags?post=12938"}],"curies":[{"name":"wp","href":"https:\/\/api.w.org\/{rel}","templated":true}]}}