{"id":12933,"date":"2025-10-24T07:00:00","date_gmt":"2025-10-24T06:00:00","guid":{"rendered":"https:\/\/maismagazine.pt\/?p=12933"},"modified":"2025-10-21T16:01:52","modified_gmt":"2025-10-21T15:01:52","slug":"no-colegio-senhora-da-boa-nova-educamos-criancas-formamos-pessoas-o-ensino-catolico-ao-servico-da-pessoa-e-do-bem-comum","status":"publish","type":"post","link":"http:\/\/maismagazine.pt\/index.php\/2025\/10\/24\/no-colegio-senhora-da-boa-nova-educamos-criancas-formamos-pessoas-o-ensino-catolico-ao-servico-da-pessoa-e-do-bem-comum\/","title":{"rendered":"No Col\u00e9gio Senhora da Boa Nova Educamos Crian\u00e7as, Formamos Pessoas: O Ensino Cat\u00f3lico ao Servi\u00e7o da Pessoa e do Bem Comum"},"content":{"rendered":"\n<p><strong>Numa \u00e9poca marcada por incertezas, desigualdades e desafios globais, o ensino cat\u00f3lico reafirma a sua miss\u00e3o essencial: formar pessoas inteiras, com valores s\u00f3lidos, esp\u00edrito cr\u00edtico e um profundo sentido de servi\u00e7o ao pr\u00f3ximo. O <a href=\"http:\/\/www.cpestoril.pt\/colegio\">Col\u00e9gio Senhora da Boa Nova<\/a>, \u00e9 um Col\u00e9gio da Par\u00f3quia do Estoril, inserido na sua IPSS \u2013 Centro Paroquial do Estoril. Esta miss\u00e3o ganha um sentido ainda mais concreto e urgente: educar ao lado dos mais vulner\u00e1veis, promovendo uma cultura de solidariedade, esperan\u00e7a, fraternidade e intergeracionalidade.<\/strong><\/p>\n\n\n\n<p><\/p>\n\n\n\n<p><strong>Solidariedade que transforma<\/strong><\/p>\n\n\n\n<p>Num col\u00e9gio ligado a uma institui\u00e7\u00e3o de solidariedade social, a aprendizagem da solidariedade n\u00e3o \u00e9 te\u00f3rica \u2014 \u00e9 vivida. Os nossos alunos crescem lado a lado com realidades humanas desafiantes, aprendem desde cedo o valor da empatia, do cuidado e do compromisso com os outros. Este contacto direto com os mais fr\u00e1geis transforma a sua forma de ver o mundo e refor\u00e7a a consci\u00eancia de que \u201cningu\u00e9m se salva sozinho\u201d (Papa Francisco, Fratelli Tutti, 2020).<\/p>\n\n\n\n<p>Aqui, <strong>a solidariedade n\u00e3o \u00e9 apenas um valor<\/strong>, \u00e9 uma virtude crist\u00e3 \u2013 a Caridade -que atravessa todas as dimens\u00f5es do quotidiano escolar: em campanhas de apoio social, em atividades intergeracionais, em projetos de voluntariado, mas tamb\u00e9m nos pequenos gestos de cada dia. <\/p>\n\n\n\n<p><\/p>\n\n\n\n<p><strong>Ora\u00e7\u00e3o e interioridade no centro da vida escolar<\/strong><\/p>\n\n\n\n<p>Outro pilar da identidade do Col\u00e9gio Senhora da Boa Nova, localizado no Estoril, \u00e9 a viv\u00eancia da <strong>f\u00e9 e da espiritualidade<\/strong>. Em cada manh\u00e3, a comunidade escolar \u00e9 convidada ao sil\u00eancio, \u00e0 escuta e \u00e0 ora\u00e7\u00e3o.<\/p>\n\n\n\n<p>Este momento di\u00e1rio de recolhimento oferece um espa\u00e7o de encontro consigo mesmo, com os outros e com Deus \u2014 um tempo sagrado num mundo que raramente para. <\/p>\n\n\n<div class=\"wp-block-image\">\n<figure class=\"aligncenter size-large is-resized\"><img loading=\"lazy\" decoding=\"async\" width=\"1024\" height=\"768\" src=\"https:\/\/maismagazine.pt\/wp-content\/uploads\/2025\/10\/Colegio_imagem2-1-1024x768.jpeg\" alt=\"\" class=\"wp-image-12936\" style=\"width:447px;height:auto\" srcset=\"http:\/\/maismagazine.pt\/wp-content\/uploads\/2025\/10\/Colegio_imagem2-1-1024x768.jpeg 1024w, http:\/\/maismagazine.pt\/wp-content\/uploads\/2025\/10\/Colegio_imagem2-1-300x225.jpeg 300w, http:\/\/maismagazine.pt\/wp-content\/uploads\/2025\/10\/Colegio_imagem2-1-768x576.jpeg 768w, http:\/\/maismagazine.pt\/wp-content\/uploads\/2025\/10\/Colegio_imagem2-1-1536x1152.jpeg 1536w, http:\/\/maismagazine.pt\/wp-content\/uploads\/2025\/10\/Colegio_imagem2-1.jpeg 1600w\" sizes=\"auto, (max-width: 1024px) 100vw, 1024px\" \/><\/figure><\/div>\n\n\n<p><strong>Excel\u00eancia acad\u00e9mica com sentido humano<\/strong><\/p>\n\n\n\n<p>Ser uma escola cat\u00f3lica tamb\u00e9m significa <strong>buscar a excel\u00eancia acad\u00e9mica<\/strong>, mas entendida como mais do que desempenho ou resultados. Trata-se de promover uma <strong>forma\u00e7\u00e3o integral<\/strong>, onde o Saber anda de m\u00e3os dadas com o Ser. Incentivamos o pensamento cr\u00edtico, a criatividade, o rigor e o gosto pelo conhecimento \u2014 mas sempre com a consci\u00eancia de que o saber deve estar ao servi\u00e7o da justi\u00e7a, da paz e da dignidade humana.<\/p>\n\n\n\n<p>Acreditamos que cada aluno \u00e9 \u00fanico, com dons pr\u00f3prios e uma miss\u00e3o no mundo. Por isso, acompanhamos cada percurso com exig\u00eancia, aten\u00e7\u00e3o e cuidado, com metas claras, mas tamb\u00e9m com o cora\u00e7\u00e3o aberto ao que cada jovem pode e quer ser. <\/p>\n\n\n\n<p><\/p>\n\n\n\n<p><strong>Uma escola com Alma e Miss\u00e3o<\/strong><\/p>\n\n\n\n<p>O ensino cat\u00f3lico \u00e9 um verdadeiro <strong>laborat\u00f3rio de humanidade<\/strong>. No Col\u00e9gio Senhora da Boa Nova educa-se para a vida, para o outro, para Deus. Educa-se com exig\u00eancia, mas tamb\u00e9m com ternura. Com firmeza, mas com esperan\u00e7a. <\/p>\n\n\n\n<p>Estamos comprometidos com o apelo do Papa Francisco: construir uma \u201caldeia da educa\u00e7\u00e3o\u201d, onde fam\u00edlias e educadores caminham juntos, de m\u00e3os dadas, ao servi\u00e7o das crian\u00e7as, para que nenhum talento se desperdice e para que cada pessoa possa crescer. <\/p>\n\n\n<div class=\"wp-block-image\">\n<figure class=\"aligncenter size-full is-resized\"><img loading=\"lazy\" decoding=\"async\" width=\"535\" height=\"535\" src=\"https:\/\/maismagazine.pt\/wp-content\/uploads\/2025\/10\/294557477_485060416952352_6174902503815955925_n-1.png\" alt=\"\" class=\"wp-image-12934\" style=\"width:261px;height:auto\" srcset=\"http:\/\/maismagazine.pt\/wp-content\/uploads\/2025\/10\/294557477_485060416952352_6174902503815955925_n-1.png 535w, http:\/\/maismagazine.pt\/wp-content\/uploads\/2025\/10\/294557477_485060416952352_6174902503815955925_n-1-300x300.png 300w, http:\/\/maismagazine.pt\/wp-content\/uploads\/2025\/10\/294557477_485060416952352_6174902503815955925_n-1-150x150.png 150w\" sizes=\"auto, (max-width: 535px) 100vw, 535px\" \/><\/figure><\/div>\n\n\n<p><\/p>\n","protected":false},"excerpt":{"rendered":"<p>Numa \u00e9poca marcada por incertezas, desigualdades e desafios globais, o ensino cat\u00f3lico reafirma a sua miss\u00e3o essencial: formar pessoas inteiras, com valores s\u00f3lidos, esp\u00edrito cr\u00edtico e um profundo sentido de servi\u00e7o ao pr\u00f3ximo. O Col\u00e9gio Senhora da Boa Nova, \u00e9 um Col\u00e9gio da Par\u00f3quia do Estoril, inserido na sua IPSS&hellip;<\/p>\n","protected":false},"author":18,"featured_media":12935,"comment_status":"closed","ping_status":"open","sticky":false,"template":"","format":"standard","meta":{"advgb_blocks_editor_width":"","advgb_blocks_columns_visual_guide":"","_monsterinsights_skip_tracking":false,"_monsterinsights_sitenote_active":false,"_monsterinsights_sitenote_note":"","_monsterinsights_sitenote_category":0,"footnotes":""},"categories":[149],"tags":[2483,2484,1932],"class_list":["post-12933","post","type-post","status-publish","format-standard","has-post-thumbnail","hentry","category-educacao","tag-colegio-senhora-da-boa-nova","tag-ensino-catolico","tag-estoril"],"yoast_head":"<!-- This site is optimized with the Yoast SEO plugin v24.4 - https:\/\/yoast.com\/wordpress\/plugins\/seo\/ -->\n<title>No Col\u00e9gio Senhora da Boa Nova Educamos Crian\u00e7as, Formamos Pessoas: O Ensino Cat\u00f3lico ao Servi\u00e7o da Pessoa e do Bem Comum - Mais Magazine<\/title>\n<meta name=\"robots\" content=\"index, follow, max-snippet:-1, max-image-preview:large, max-video-preview:-1\" \/>\n<link rel=\"canonical\" href=\"https:\/\/maismagazine.pt\/index.php\/2025\/10\/24\/no-colegio-senhora-da-boa-nova-educamos-criancas-formamos-pessoas-o-ensino-catolico-ao-servico-da-pessoa-e-do-bem-comum\/\" \/>\n<meta property=\"og:locale\" content=\"pt_PT\" \/>\n<meta property=\"og:type\" content=\"article\" \/>\n<meta property=\"og:title\" content=\"No Col\u00e9gio Senhora da Boa Nova Educamos Crian\u00e7as, Formamos Pessoas: O Ensino Cat\u00f3lico ao Servi\u00e7o da Pessoa e do Bem Comum - Mais Magazine\" \/>\n<meta property=\"og:description\" content=\"Numa \u00e9poca marcada por incertezas, desigualdades e desafios globais, o ensino cat\u00f3lico reafirma a sua miss\u00e3o essencial: formar pessoas inteiras, com valores s\u00f3lidos, esp\u00edrito cr\u00edtico e um profundo sentido de servi\u00e7o ao pr\u00f3ximo. O Col\u00e9gio Senhora da Boa Nova, \u00e9 um Col\u00e9gio da Par\u00f3quia do Estoril, inserido na sua IPSS&hellip;\" \/>\n<meta property=\"og:url\" content=\"https:\/\/maismagazine.pt\/index.php\/2025\/10\/24\/no-colegio-senhora-da-boa-nova-educamos-criancas-formamos-pessoas-o-ensino-catolico-ao-servico-da-pessoa-e-do-bem-comum\/\" \/>\n<meta property=\"og:site_name\" content=\"Mais Magazine\" \/>\n<meta property=\"article:published_time\" content=\"2025-10-24T06:00:00+00:00\" \/>\n<meta property=\"og:image\" content=\"https:\/\/maismagazine.pt\/wp-content\/uploads\/2025\/10\/Colegio_imagem1-1.jpg\" \/>\n\t<meta property=\"og:image:width\" content=\"1920\" \/>\n\t<meta property=\"og:image:height\" content=\"1080\" \/>\n\t<meta property=\"og:image:type\" content=\"image\/jpeg\" \/>\n<meta name=\"author\" content=\"Tatiana Martins\" \/>\n<meta name=\"twitter:card\" content=\"summary_large_image\" \/>\n<meta name=\"twitter:label1\" content=\"Escrito por\" \/>\n\t<meta name=\"twitter:data1\" content=\"\" \/>\n\t<meta name=\"twitter:label2\" content=\"Tempo estimado de leitura\" \/>\n\t<meta name=\"twitter:data2\" content=\"4 minutos\" \/>\n<script type=\"application\/ld+json\" class=\"yoast-schema-graph\">{\"@context\":\"https:\/\/schema.org\",\"@graph\":[{\"@type\":\"Article\",\"@id\":\"https:\/\/maismagazine.pt\/index.php\/2025\/10\/24\/no-colegio-senhora-da-boa-nova-educamos-criancas-formamos-pessoas-o-ensino-catolico-ao-servico-da-pessoa-e-do-bem-comum\/#article\",\"isPartOf\":{\"@id\":\"https:\/\/maismagazine.pt\/index.php\/2025\/10\/24\/no-colegio-senhora-da-boa-nova-educamos-criancas-formamos-pessoas-o-ensino-catolico-ao-servico-da-pessoa-e-do-bem-comum\/\"},\"author\":{\"name\":\"Tatiana Martins\",\"@id\":\"https:\/\/maismagazine.pt\/#\/schema\/person\/7426e2caeb8df32a1b56aa48dae778c9\"},\"headline\":\"No Col\u00e9gio Senhora da Boa Nova Educamos Crian\u00e7as, Formamos Pessoas: O Ensino Cat\u00f3lico ao Servi\u00e7o da Pessoa e do Bem Comum\",\"datePublished\":\"2025-10-24T06:00:00+00:00\",\"mainEntityOfPage\":{\"@id\":\"https:\/\/maismagazine.pt\/index.php\/2025\/10\/24\/no-colegio-senhora-da-boa-nova-educamos-criancas-formamos-pessoas-o-ensino-catolico-ao-servico-da-pessoa-e-do-bem-comum\/\"},\"wordCount\":538,\"publisher\":{\"@id\":\"https:\/\/maismagazine.pt\/#organization\"},\"image\":{\"@id\":\"https:\/\/maismagazine.pt\/index.php\/2025\/10\/24\/no-colegio-senhora-da-boa-nova-educamos-criancas-formamos-pessoas-o-ensino-catolico-ao-servico-da-pessoa-e-do-bem-comum\/#primaryimage\"},\"thumbnailUrl\":\"http:\/\/maismagazine.pt\/wp-content\/uploads\/2025\/10\/Colegio_imagem1-1.jpg\",\"keywords\":[\"Col\u00e9gio Senhora da Boa Nova\",\"Ensino Cat\u00f3lico\",\"Estoril\"],\"articleSection\":[\"Educa\u00e7\u00e3o\"],\"inLanguage\":\"pt-PT\"},{\"@type\":\"WebPage\",\"@id\":\"https:\/\/maismagazine.pt\/index.php\/2025\/10\/24\/no-colegio-senhora-da-boa-nova-educamos-criancas-formamos-pessoas-o-ensino-catolico-ao-servico-da-pessoa-e-do-bem-comum\/\",\"url\":\"https:\/\/maismagazine.pt\/index.php\/2025\/10\/24\/no-colegio-senhora-da-boa-nova-educamos-criancas-formamos-pessoas-o-ensino-catolico-ao-servico-da-pessoa-e-do-bem-comum\/\",\"name\":\"No Col\u00e9gio Senhora da Boa Nova Educamos Crian\u00e7as, Formamos Pessoas: O Ensino Cat\u00f3lico ao Servi\u00e7o da Pessoa e do Bem Comum - Mais Magazine\",\"isPartOf\":{\"@id\":\"https:\/\/maismagazine.pt\/#website\"},\"primaryImageOfPage\":{\"@id\":\"https:\/\/maismagazine.pt\/index.php\/2025\/10\/24\/no-colegio-senhora-da-boa-nova-educamos-criancas-formamos-pessoas-o-ensino-catolico-ao-servico-da-pessoa-e-do-bem-comum\/#primaryimage\"},\"image\":{\"@id\":\"https:\/\/maismagazine.pt\/index.php\/2025\/10\/24\/no-colegio-senhora-da-boa-nova-educamos-criancas-formamos-pessoas-o-ensino-catolico-ao-servico-da-pessoa-e-do-bem-comum\/#primaryimage\"},\"thumbnailUrl\":\"http:\/\/maismagazine.pt\/wp-content\/uploads\/2025\/10\/Colegio_imagem1-1.jpg\",\"datePublished\":\"2025-10-24T06:00:00+00:00\",\"breadcrumb\":{\"@id\":\"https:\/\/maismagazine.pt\/index.php\/2025\/10\/24\/no-colegio-senhora-da-boa-nova-educamos-criancas-formamos-pessoas-o-ensino-catolico-ao-servico-da-pessoa-e-do-bem-comum\/#breadcrumb\"},\"inLanguage\":\"pt-PT\",\"potentialAction\":[{\"@type\":\"ReadAction\",\"target\":[\"https:\/\/maismagazine.pt\/index.php\/2025\/10\/24\/no-colegio-senhora-da-boa-nova-educamos-criancas-formamos-pessoas-o-ensino-catolico-ao-servico-da-pessoa-e-do-bem-comum\/\"]}]},{\"@type\":\"ImageObject\",\"inLanguage\":\"pt-PT\",\"@id\":\"https:\/\/maismagazine.pt\/index.php\/2025\/10\/24\/no-colegio-senhora-da-boa-nova-educamos-criancas-formamos-pessoas-o-ensino-catolico-ao-servico-da-pessoa-e-do-bem-comum\/#primaryimage\",\"url\":\"http:\/\/maismagazine.pt\/wp-content\/uploads\/2025\/10\/Colegio_imagem1-1.jpg\",\"contentUrl\":\"http:\/\/maismagazine.pt\/wp-content\/uploads\/2025\/10\/Colegio_imagem1-1.jpg\",\"width\":1920,\"height\":1080},{\"@type\":\"BreadcrumbList\",\"@id\":\"https:\/\/maismagazine.pt\/index.php\/2025\/10\/24\/no-colegio-senhora-da-boa-nova-educamos-criancas-formamos-pessoas-o-ensino-catolico-ao-servico-da-pessoa-e-do-bem-comum\/#breadcrumb\",\"itemListElement\":[{\"@type\":\"ListItem\",\"position\":1,\"name\":\"Home\",\"item\":\"https:\/\/maismagazine.pt\/\"},{\"@type\":\"ListItem\",\"position\":2,\"name\":\"No Col\u00e9gio Senhora da Boa Nova Educamos Crian\u00e7as, Formamos Pessoas: O Ensino Cat\u00f3lico ao Servi\u00e7o da Pessoa e do Bem Comum\"}]},{\"@type\":\"WebSite\",\"@id\":\"https:\/\/maismagazine.pt\/#website\",\"url\":\"https:\/\/maismagazine.pt\/\",\"name\":\"Mais Magazine\",\"description\":\"\",\"publisher\":{\"@id\":\"https:\/\/maismagazine.pt\/#organization\"},\"potentialAction\":[{\"@type\":\"SearchAction\",\"target\":{\"@type\":\"EntryPoint\",\"urlTemplate\":\"https:\/\/maismagazine.pt\/?s={search_term_string}\"},\"query-input\":{\"@type\":\"PropertyValueSpecification\",\"valueRequired\":true,\"valueName\":\"search_term_string\"}}],\"inLanguage\":\"pt-PT\"},{\"@type\":\"Organization\",\"@id\":\"https:\/\/maismagazine.pt\/#organization\",\"name\":\"Mais Magazine\",\"url\":\"https:\/\/maismagazine.pt\/\",\"logo\":{\"@type\":\"ImageObject\",\"inLanguage\":\"pt-PT\",\"@id\":\"https:\/\/maismagazine.pt\/#\/schema\/logo\/image\/\",\"url\":\"http:\/\/maismagazine.pt\/wp-content\/uploads\/2020\/04\/cropped-cropped-mais-magazine-site-logo-2.png\",\"contentUrl\":\"http:\/\/maismagazine.pt\/wp-content\/uploads\/2020\/04\/cropped-cropped-mais-magazine-site-logo-2.png\",\"width\":581,\"height\":90,\"caption\":\"Mais Magazine\"},\"image\":{\"@id\":\"https:\/\/maismagazine.pt\/#\/schema\/logo\/image\/\"}},{\"@type\":\"Person\",\"@id\":\"https:\/\/maismagazine.pt\/#\/schema\/person\/7426e2caeb8df32a1b56aa48dae778c9\",\"name\":\"Tatiana Martins\",\"image\":{\"@type\":\"ImageObject\",\"inLanguage\":\"pt-PT\",\"@id\":\"https:\/\/maismagazine.pt\/#\/schema\/person\/image\/\",\"url\":\"https:\/\/secure.gravatar.com\/avatar\/4b24a57f5d0425f2eb20981c4b53244e?s=96&d=mm&r=g\",\"contentUrl\":\"https:\/\/secure.gravatar.com\/avatar\/4b24a57f5d0425f2eb20981c4b53244e?s=96&d=mm&r=g\",\"caption\":\"Tatiana Martins\"},\"url\":\"http:\/\/maismagazine.pt\/index.php\/author\/tatiana\/\"}]}<\/script>\n<!-- \/ Yoast SEO plugin. -->","yoast_head_json":{"title":"No Col\u00e9gio Senhora da Boa Nova Educamos Crian\u00e7as, Formamos Pessoas: O Ensino Cat\u00f3lico ao Servi\u00e7o da Pessoa e do Bem Comum - Mais Magazine","robots":{"index":"index","follow":"follow","max-snippet":"max-snippet:-1","max-image-preview":"max-image-preview:large","max-video-preview":"max-video-preview:-1"},"canonical":"https:\/\/maismagazine.pt\/index.php\/2025\/10\/24\/no-colegio-senhora-da-boa-nova-educamos-criancas-formamos-pessoas-o-ensino-catolico-ao-servico-da-pessoa-e-do-bem-comum\/","og_locale":"pt_PT","og_type":"article","og_title":"No Col\u00e9gio Senhora da Boa Nova Educamos Crian\u00e7as, Formamos Pessoas: O Ensino Cat\u00f3lico ao Servi\u00e7o da Pessoa e do Bem Comum - Mais Magazine","og_description":"Numa \u00e9poca marcada por incertezas, desigualdades e desafios globais, o ensino cat\u00f3lico reafirma a sua miss\u00e3o essencial: formar pessoas inteiras, com valores s\u00f3lidos, esp\u00edrito cr\u00edtico e um profundo sentido de servi\u00e7o ao pr\u00f3ximo. O Col\u00e9gio Senhora da Boa Nova, \u00e9 um Col\u00e9gio da Par\u00f3quia do Estoril, inserido na sua IPSS&hellip;","og_url":"https:\/\/maismagazine.pt\/index.php\/2025\/10\/24\/no-colegio-senhora-da-boa-nova-educamos-criancas-formamos-pessoas-o-ensino-catolico-ao-servico-da-pessoa-e-do-bem-comum\/","og_site_name":"Mais Magazine","article_published_time":"2025-10-24T06:00:00+00:00","og_image":[{"width":1920,"height":1080,"url":"https:\/\/maismagazine.pt\/wp-content\/uploads\/2025\/10\/Colegio_imagem1-1.jpg","type":"image\/jpeg"}],"author":"Tatiana Martins","twitter_card":"summary_large_image","twitter_misc":{"Escrito por":false,"Tempo estimado de leitura":"4 minutos"},"schema":{"@context":"https:\/\/schema.org","@graph":[{"@type":"Article","@id":"https:\/\/maismagazine.pt\/index.php\/2025\/10\/24\/no-colegio-senhora-da-boa-nova-educamos-criancas-formamos-pessoas-o-ensino-catolico-ao-servico-da-pessoa-e-do-bem-comum\/#article","isPartOf":{"@id":"https:\/\/maismagazine.pt\/index.php\/2025\/10\/24\/no-colegio-senhora-da-boa-nova-educamos-criancas-formamos-pessoas-o-ensino-catolico-ao-servico-da-pessoa-e-do-bem-comum\/"},"author":{"name":"Tatiana Martins","@id":"https:\/\/maismagazine.pt\/#\/schema\/person\/7426e2caeb8df32a1b56aa48dae778c9"},"headline":"No Col\u00e9gio Senhora da Boa Nova Educamos Crian\u00e7as, Formamos Pessoas: O Ensino Cat\u00f3lico ao Servi\u00e7o da Pessoa e do Bem Comum","datePublished":"2025-10-24T06:00:00+00:00","mainEntityOfPage":{"@id":"https:\/\/maismagazine.pt\/index.php\/2025\/10\/24\/no-colegio-senhora-da-boa-nova-educamos-criancas-formamos-pessoas-o-ensino-catolico-ao-servico-da-pessoa-e-do-bem-comum\/"},"wordCount":538,"publisher":{"@id":"https:\/\/maismagazine.pt\/#organization"},"image":{"@id":"https:\/\/maismagazine.pt\/index.php\/2025\/10\/24\/no-colegio-senhora-da-boa-nova-educamos-criancas-formamos-pessoas-o-ensino-catolico-ao-servico-da-pessoa-e-do-bem-comum\/#primaryimage"},"thumbnailUrl":"http:\/\/maismagazine.pt\/wp-content\/uploads\/2025\/10\/Colegio_imagem1-1.jpg","keywords":["Col\u00e9gio Senhora da Boa Nova","Ensino Cat\u00f3lico","Estoril"],"articleSection":["Educa\u00e7\u00e3o"],"inLanguage":"pt-PT"},{"@type":"WebPage","@id":"https:\/\/maismagazine.pt\/index.php\/2025\/10\/24\/no-colegio-senhora-da-boa-nova-educamos-criancas-formamos-pessoas-o-ensino-catolico-ao-servico-da-pessoa-e-do-bem-comum\/","url":"https:\/\/maismagazine.pt\/index.php\/2025\/10\/24\/no-colegio-senhora-da-boa-nova-educamos-criancas-formamos-pessoas-o-ensino-catolico-ao-servico-da-pessoa-e-do-bem-comum\/","name":"No Col\u00e9gio Senhora da Boa Nova Educamos Crian\u00e7as, Formamos Pessoas: O Ensino Cat\u00f3lico ao Servi\u00e7o da Pessoa e do Bem Comum - Mais Magazine","isPartOf":{"@id":"https:\/\/maismagazine.pt\/#website"},"primaryImageOfPage":{"@id":"https:\/\/maismagazine.pt\/index.php\/2025\/10\/24\/no-colegio-senhora-da-boa-nova-educamos-criancas-formamos-pessoas-o-ensino-catolico-ao-servico-da-pessoa-e-do-bem-comum\/#primaryimage"},"image":{"@id":"https:\/\/maismagazine.pt\/index.php\/2025\/10\/24\/no-colegio-senhora-da-boa-nova-educamos-criancas-formamos-pessoas-o-ensino-catolico-ao-servico-da-pessoa-e-do-bem-comum\/#primaryimage"},"thumbnailUrl":"http:\/\/maismagazine.pt\/wp-content\/uploads\/2025\/10\/Colegio_imagem1-1.jpg","datePublished":"2025-10-24T06:00:00+00:00","breadcrumb":{"@id":"https:\/\/maismagazine.pt\/index.php\/2025\/10\/24\/no-colegio-senhora-da-boa-nova-educamos-criancas-formamos-pessoas-o-ensino-catolico-ao-servico-da-pessoa-e-do-bem-comum\/#breadcrumb"},"inLanguage":"pt-PT","potentialAction":[{"@type":"ReadAction","target":["https:\/\/maismagazine.pt\/index.php\/2025\/10\/24\/no-colegio-senhora-da-boa-nova-educamos-criancas-formamos-pessoas-o-ensino-catolico-ao-servico-da-pessoa-e-do-bem-comum\/"]}]},{"@type":"ImageObject","inLanguage":"pt-PT","@id":"https:\/\/maismagazine.pt\/index.php\/2025\/10\/24\/no-colegio-senhora-da-boa-nova-educamos-criancas-formamos-pessoas-o-ensino-catolico-ao-servico-da-pessoa-e-do-bem-comum\/#primaryimage","url":"http:\/\/maismagazine.pt\/wp-content\/uploads\/2025\/10\/Colegio_imagem1-1.jpg","contentUrl":"http:\/\/maismagazine.pt\/wp-content\/uploads\/2025\/10\/Colegio_imagem1-1.jpg","width":1920,"height":1080},{"@type":"BreadcrumbList","@id":"https:\/\/maismagazine.pt\/index.php\/2025\/10\/24\/no-colegio-senhora-da-boa-nova-educamos-criancas-formamos-pessoas-o-ensino-catolico-ao-servico-da-pessoa-e-do-bem-comum\/#breadcrumb","itemListElement":[{"@type":"ListItem","position":1,"name":"Home","item":"https:\/\/maismagazine.pt\/"},{"@type":"ListItem","position":2,"name":"No Col\u00e9gio Senhora da Boa Nova Educamos Crian\u00e7as, Formamos Pessoas: O Ensino Cat\u00f3lico ao Servi\u00e7o da Pessoa e do Bem Comum"}]},{"@type":"WebSite","@id":"https:\/\/maismagazine.pt\/#website","url":"https:\/\/maismagazine.pt\/","name":"Mais Magazine","description":"","publisher":{"@id":"https:\/\/maismagazine.pt\/#organization"},"potentialAction":[{"@type":"SearchAction","target":{"@type":"EntryPoint","urlTemplate":"https:\/\/maismagazine.pt\/?s={search_term_string}"},"query-input":{"@type":"PropertyValueSpecification","valueRequired":true,"valueName":"search_term_string"}}],"inLanguage":"pt-PT"},{"@type":"Organization","@id":"https:\/\/maismagazine.pt\/#organization","name":"Mais Magazine","url":"https:\/\/maismagazine.pt\/","logo":{"@type":"ImageObject","inLanguage":"pt-PT","@id":"https:\/\/maismagazine.pt\/#\/schema\/logo\/image\/","url":"http:\/\/maismagazine.pt\/wp-content\/uploads\/2020\/04\/cropped-cropped-mais-magazine-site-logo-2.png","contentUrl":"http:\/\/maismagazine.pt\/wp-content\/uploads\/2020\/04\/cropped-cropped-mais-magazine-site-logo-2.png","width":581,"height":90,"caption":"Mais Magazine"},"image":{"@id":"https:\/\/maismagazine.pt\/#\/schema\/logo\/image\/"}},{"@type":"Person","@id":"https:\/\/maismagazine.pt\/#\/schema\/person\/7426e2caeb8df32a1b56aa48dae778c9","name":"Tatiana Martins","image":{"@type":"ImageObject","inLanguage":"pt-PT","@id":"https:\/\/maismagazine.pt\/#\/schema\/person\/image\/","url":"https:\/\/secure.gravatar.com\/avatar\/4b24a57f5d0425f2eb20981c4b53244e?s=96&d=mm&r=g","contentUrl":"https:\/\/secure.gravatar.com\/avatar\/4b24a57f5d0425f2eb20981c4b53244e?s=96&d=mm&r=g","caption":"Tatiana Martins"},"url":"http:\/\/maismagazine.pt\/index.php\/author\/tatiana\/"}]}},"author_meta":{"display_name":false,"author_link":"http:\/\/maismagazine.pt\/index.php\/author\/tatiana\/"},"featured_img":"http:\/\/maismagazine.pt\/wp-content\/uploads\/2025\/10\/Colegio_imagem1-1-300x169.jpg","coauthors":[],"tax_additional":{"categories":{"linked":["<a href=\"http:\/\/maismagazine.pt\/index.php\/category\/educacao\/\" class=\"advgb-post-tax-term\">Educa\u00e7\u00e3o<\/a>"],"unlinked":["<span class=\"advgb-post-tax-term\">Educa\u00e7\u00e3o<\/span>"]},"tags":{"linked":["<a href=\"http:\/\/maismagazine.pt\/index.php\/category\/educacao\/\" class=\"advgb-post-tax-term\">Col\u00e9gio Senhora da Boa Nova<\/a>","<a href=\"http:\/\/maismagazine.pt\/index.php\/category\/educacao\/\" class=\"advgb-post-tax-term\">Ensino Cat\u00f3lico<\/a>","<a href=\"http:\/\/maismagazine.pt\/index.php\/category\/educacao\/\" class=\"advgb-post-tax-term\">Estoril<\/a>"],"unlinked":["<span class=\"advgb-post-tax-term\">Col\u00e9gio Senhora da Boa Nova<\/span>","<span class=\"advgb-post-tax-term\">Ensino Cat\u00f3lico<\/span>","<span class=\"advgb-post-tax-term\">Estoril<\/span>"]}},"comment_count":"0","relative_dates":{"created":"Posted 6 meses ago","modified":"Updated 6 meses ago"},"absolute_dates":{"created":"Posted on 24 de Outubro, 2025","modified":"Updated on 21 de Outubro, 2025"},"absolute_dates_time":{"created":"Posted on 24 de Outubro, 2025 7:00","modified":"Updated on 21 de Outubro, 2025 16:01"},"featured_img_caption":"","series_order":"","_links":{"self":[{"href":"http:\/\/maismagazine.pt\/index.php\/wp-json\/wp\/v2\/posts\/12933","targetHints":{"allow":["GET"]}}],"collection":[{"href":"http:\/\/maismagazine.pt\/index.php\/wp-json\/wp\/v2\/posts"}],"about":[{"href":"http:\/\/maismagazine.pt\/index.php\/wp-json\/wp\/v2\/types\/post"}],"author":[{"embeddable":true,"href":"http:\/\/maismagazine.pt\/index.php\/wp-json\/wp\/v2\/users\/18"}],"replies":[{"embeddable":true,"href":"http:\/\/maismagazine.pt\/index.php\/wp-json\/wp\/v2\/comments?post=12933"}],"version-history":[{"count":1,"href":"http:\/\/maismagazine.pt\/index.php\/wp-json\/wp\/v2\/posts\/12933\/revisions"}],"predecessor-version":[{"id":12937,"href":"http:\/\/maismagazine.pt\/index.php\/wp-json\/wp\/v2\/posts\/12933\/revisions\/12937"}],"wp:featuredmedia":[{"embeddable":true,"href":"http:\/\/maismagazine.pt\/index.php\/wp-json\/wp\/v2\/media\/12935"}],"wp:attachment":[{"href":"http:\/\/maismagazine.pt\/index.php\/wp-json\/wp\/v2\/media?parent=12933"}],"wp:term":[{"taxonomy":"category","embeddable":true,"href":"http:\/\/maismagazine.pt\/index.php\/wp-json\/wp\/v2\/categories?post=12933"},{"taxonomy":"post_tag","embeddable":true,"href":"http:\/\/maismagazine.pt\/index.php\/wp-json\/wp\/v2\/tags?post=12933"}],"curies":[{"name":"wp","href":"https:\/\/api.w.org\/{rel}","templated":true}]}}