{"id":12917,"date":"2025-10-24T07:00:00","date_gmt":"2025-10-24T06:00:00","guid":{"rendered":"https:\/\/maismagazine.pt\/?p=12917"},"modified":"2025-10-21T15:55:56","modified_gmt":"2025-10-21T14:55:56","slug":"uma-visao-arquitetonica-entre-o-interior-e-o-exterior","status":"publish","type":"post","link":"http:\/\/maismagazine.pt\/index.php\/2025\/10\/24\/uma-visao-arquitetonica-entre-o-interior-e-o-exterior\/","title":{"rendered":"Uma vis\u00e3o arquitet\u00f3nica entre o interior e o exterior"},"content":{"rendered":"\n<p><strong><a href=\"http:\/\/www.vascovieiraarquitectos.com\">Vasco Vieira<\/a> \u00e9 um arquiteto de refer\u00eancia no mercado de luxo portugu\u00eas, reconhecido pela sua capacidade de unir eleg\u00e2ncia, funcionalidade e sustentabilidade. Com mais de duas d\u00e9cadas de experi\u00eancia, tem desenvolvido obras ic\u00f3nicas que se destacam pela integra\u00e7\u00e3o harmoniosa entre interior e exterior, respondendo aos mais exigentes padr\u00f5es de qualidade e sofistica\u00e7\u00e3o internacional.<\/strong><\/p>\n\n\n\n<p><\/p>\n\n\n\n<p>Nascido em Joanesburgo, na \u00c1frica do Sul, em 1969, desde cedo Vasco Vieira mostrou uma grande aptid\u00e3o e interesse pela \u00e1rea da arquitetura, o que o levou a que, durante os fins de semana e as f\u00e9rias acad\u00e9micas, frequentasse e trabalhasse em ateliers de arquitetura. Por isso mesmo, desde tenra idade conseguiu n\u00e3o s\u00f3 ganhar experi\u00eancia neste ramo, adquirindo compet\u00eancias fulcrais na \u00e1rea, como tamb\u00e9m possibilitou que, com apenas 21 anos, tivesse j\u00e1 conclu\u00eddas v\u00e1rias obras de projetos desenhados e acompanhados por si. <\/p>\n\n\n<div class=\"wp-block-image\">\n<figure class=\"alignright size-large is-resized\"><img loading=\"lazy\" decoding=\"async\" width=\"683\" height=\"1024\" src=\"https:\/\/maismagazine.pt\/wp-content\/uploads\/2025\/10\/IMG-20251007-WA0054-683x1024.jpg\" alt=\"\" class=\"wp-image-12923\" style=\"width:283px;height:auto\" srcset=\"http:\/\/maismagazine.pt\/wp-content\/uploads\/2025\/10\/IMG-20251007-WA0054-683x1024.jpg 683w, http:\/\/maismagazine.pt\/wp-content\/uploads\/2025\/10\/IMG-20251007-WA0054-200x300.jpg 200w, http:\/\/maismagazine.pt\/wp-content\/uploads\/2025\/10\/IMG-20251007-WA0054-768x1152.jpg 768w, http:\/\/maismagazine.pt\/wp-content\/uploads\/2025\/10\/IMG-20251007-WA0054-1024x1536.jpg 1024w, http:\/\/maismagazine.pt\/wp-content\/uploads\/2025\/10\/IMG-20251007-WA0054.jpg 1067w\" sizes=\"auto, (max-width: 683px) 100vw, 683px\" \/><figcaption class=\"wp-element-caption\">Vasco Vieira, Arquiteto<\/figcaption><\/figure><\/div>\n\n\n<p>Em 1994, d\u00e1-se a sua mudan\u00e7a para Portugal, fixando-se na regi\u00e3o do Algarve, integrando a equipa do Resort de Vale do Lobo no Algarve como arquiteto durante dez anos, algo que acabou por ser uma transi\u00e7\u00e3o de ambiente suave e ben\u00e9fica, dada a exist\u00eancia de muitos aspetos semelhantes entre as duas regi\u00f5es. \u201cOs meus pais sempre ambicionaram voltar a Portugal, ent\u00e3o logo que terminei o curso vim para Portugal. Na \u00c1frica do Sul, o clima era muito semelhante ao clima no Algarve e os espa\u00e7os exteriores eram uma parte fundamental da viv\u00eancia. Foi essa liga\u00e7\u00e3o interior e exterior que destacou os meus primeiros projetos no Algarve de muitos outros arquitetos\u201d, comenta Vasco Vieira. <\/p>\n\n\n\n<p>A primeira experi\u00eancia do arquiteto em Portugal acabou por se tornar fundamental na evolu\u00e7\u00e3o da sua carreira, tendo aprendido \u201ca lidar com clientes de todas as nacionalidades, a maioria deles muito exigentes que procuravam qualidade\u201d. Uma etapa que acabou por se fornecer as bases necess\u00e1rias para uma carreira de sucesso. \u201cComo nesse per\u00edodo fui tanto o arquiteto chefe do empreendimento como diretor de constru\u00e7\u00e3o, aprendi a conjugar a arquitetura com a arte de bem construir, conhecimentos essenciais para o meu futuro percurso\u201d, afirma Vasco. <\/p>\n\n\n\n<p>Fruto da experi\u00eancia j\u00e1 acumulada e da ambi\u00e7\u00e3o de poder ter o seu pr\u00f3prio espa\u00e7o onde pudesse colocar em pr\u00e1tica toda a sua veia arquitet\u00f3nica, em 2003 Vasco Vieira abriu o seu pr\u00f3prio atelier de arquitetura, primeiro sob o nome de Arqui+ Lda e, hoje, Vasco Vieira Arquitectos. \u201cDecidi abrir o meu pr\u00f3prio atelier para ter a liberdade para explorar e desenvolver uma linguagem arquitet\u00f3nica minha sem as limita\u00e7\u00f5es e restri\u00e7\u00f5es de estar a trabalhar para uma empresa. Os mestres do modernismo do virar do s\u00e9culo XX que estudei e sempre admirei como o Mies van der Rohe, Le Corbusier e Frank Lloyd-Wright serviram de inspira\u00e7\u00e3o neste percurso de descoberta e explora\u00e7\u00e3o de uma linguagem arquitet\u00f3nica pr\u00f3pria que se distingue da arquitetura dos outros arquitetos\u201d, confessa o arquiteto. <\/p>\n\n\n\n<p><\/p>\n\n\n\n<p><strong>Estilo, reconhecimento e futuro<\/strong><\/p>\n\n\n\n<p>Sem d\u00favida que, influenciado pelos ares sul-africanos, a forte liga\u00e7\u00e3o entre o interior e o exterior de um projeto \u00e9 uma pe\u00e7a-chave na sua arquitetura e um dos fatores de diferencia\u00e7\u00e3o da sua empresa no mercado portugu\u00eas, utilizando o conceito de \u201cform follows function\u201d como lema. \u201cEm Portugal, tive ent\u00e3o a oportunidade de explorar e desenvolver ainda mais essa liga\u00e7\u00e3o interior-exterior e trabalhar os espa\u00e7os exteriores como uma extens\u00e3o natural do interior. Penso que essa simples e quase impercet\u00edvel transi\u00e7\u00e3o do interior para o exterior \u00e9 um dos principais aspetos que distingue o nosso trabalho de muitos outros arquitetos portugueses da atualidade\u201d, confessa o arquiteto. Paralelamente, o arquiteto salienta ainda \u201ca linguagem arquitet\u00f3nica \u00fanica do atelier\u201d, bem como \u201ca experi\u00eancia e conhecimento abrangente de todo o processo, com especial destaque para o conhecimento do processo construtivo, o que permite conceber projetos exequ\u00edveis em obra e ajustados a determinados or\u00e7amentos quando necess\u00e1rio\u201d. <\/p>\n\n\n<div class=\"wp-block-image\">\n<figure class=\"aligncenter size-large is-resized\"><img loading=\"lazy\" decoding=\"async\" width=\"1024\" height=\"1024\" src=\"https:\/\/maismagazine.pt\/wp-content\/uploads\/2025\/10\/IMG-20251007-WA0036-1024x1024.jpg\" alt=\"\" class=\"wp-image-12926\" style=\"width:418px;height:auto\" srcset=\"http:\/\/maismagazine.pt\/wp-content\/uploads\/2025\/10\/IMG-20251007-WA0036-1024x1024.jpg 1024w, http:\/\/maismagazine.pt\/wp-content\/uploads\/2025\/10\/IMG-20251007-WA0036-300x300.jpg 300w, http:\/\/maismagazine.pt\/wp-content\/uploads\/2025\/10\/IMG-20251007-WA0036-150x150.jpg 150w, http:\/\/maismagazine.pt\/wp-content\/uploads\/2025\/10\/IMG-20251007-WA0036-768x768.jpg 768w, http:\/\/maismagazine.pt\/wp-content\/uploads\/2025\/10\/IMG-20251007-WA0036.jpg 1280w\" sizes=\"auto, (max-width: 1024px) 100vw, 1024px\" \/><\/figure><\/div>\n\n\n<p>Conhecedor desde muito cedo do setor do luxo, tanto a n\u00edvel da habita\u00e7\u00e3o como da hotelaria, Vasco Vieira n\u00e3o hesita em afirmar que o mercado luxuoso portugu\u00eas n\u00e3o fica em nada atr\u00e1s dos mercados de luxo mais procurados em todo o mundo. \u201cFui convidado a desenvolver projetos em quase todo o mundo em mercados supostamente mais luxuosos do que o mercado portugu\u00eas na \u00e9poca, e foi nessas viagens que percebi que Portugal, e os empreendimentos de luxo do Algarve, em particular, eram superiores em todos os aspetos. Era apenas uma quest\u00e3o de tempo para o mercado internacional perceber todas as qualidades que o nosso pa\u00eds tinha para oferecer, que agora \u00e9 mais que evidente, tornando Portugal um dos destinos mais procurados pelo comprador de imobili\u00e1ria de luxo\u201d, confessa. <\/p>\n\n\n\n<p>Neste sentido, o portf\u00f3lio de trabalhos desenvolvidos pela empresa do arquiteto portugu\u00eas \u00e9 muito vasto e com grande incid\u00eancia no segmento de moradias de luxo. Para al\u00e9m disso, o atelier esteve j\u00e1 presente na proje\u00e7\u00e3o de v\u00e1rios hot\u00e9is e resorts de luxo em Portugal, muitos deles com uma forte componente ecol\u00f3gica. Ali\u00e1s, a Vasco Vieira Arquitectos \u00e9 respons\u00e1vel pelos desenhos de um dos primeiros hot\u00e9is ecol\u00f3gicos em Portugal, \u201cAreias do Seixo\u201d, um empreendimento que j\u00e1 foi premiado v\u00e1rias vezes pela qualidade e sustentabilidade do hotel e das moradias. <\/p>\n\n\n<div class=\"wp-block-image\">\n<figure class=\"aligncenter size-large is-resized\"><img loading=\"lazy\" decoding=\"async\" width=\"1024\" height=\"1024\" src=\"https:\/\/maismagazine.pt\/wp-content\/uploads\/2025\/10\/IMG-20251007-WA0039-1024x1024.jpg\" alt=\"\" class=\"wp-image-12929\" style=\"width:374px;height:auto\" srcset=\"http:\/\/maismagazine.pt\/wp-content\/uploads\/2025\/10\/IMG-20251007-WA0039-1024x1024.jpg 1024w, http:\/\/maismagazine.pt\/wp-content\/uploads\/2025\/10\/IMG-20251007-WA0039-300x300.jpg 300w, http:\/\/maismagazine.pt\/wp-content\/uploads\/2025\/10\/IMG-20251007-WA0039-150x150.jpg 150w, http:\/\/maismagazine.pt\/wp-content\/uploads\/2025\/10\/IMG-20251007-WA0039-768x768.jpg 768w, http:\/\/maismagazine.pt\/wp-content\/uploads\/2025\/10\/IMG-20251007-WA0039.jpg 1280w\" sizes=\"auto, (max-width: 1024px) 100vw, 1024px\" \/><\/figure><\/div>\n\n\n<p>Questionado sobre os projetos que mais prazer trouxeram, Vasco Vieira confessa que guarda um grande sentimento de orgulho por todos eles. Ainda assim, afirma que as conce\u00e7\u00f5es em que deposita maior carinho s\u00e3o os \u201cprojetos verdes\u201d, nomeadamente a j\u00e1 referenciada \u201cAreias do Seixo\u201d e ainda uma moradia em particular. \u201cTenho v\u00e1rios projetos que se destacam, mas os que me d\u00e3o mais gozo s\u00e3o aqueles onde a sustentabilidade \u00e9 o conceito principal, onde a natureza e arquitetura est\u00e3o em perfeita harmonia, como, por exemplo, Hotel Areias do Seixo (pioneiro na hotelaria ecol\u00f3gica em Portugal) e a Moradia \u201cLa Moraleja\u201d (Madrid). Esta \u00faltima tinha centenas de \u00e1rvores que necessitavam de ser preservadas, o que acabou por ditar a forma da moradia, quase como uma \u2018tree house\u2019 no meio das \u00e1rvores, criando um di\u00e1logo e uma harmonia perfeita entre a obra constru\u00edda e a natureza, com os propriet\u00e1rios em constante contacto direto, tanto f\u00edsico, como visual com a envolvente\u201d, comenta o arquiteto portugu\u00eas, conta Vasco. <\/p>\n\n\n<div class=\"wp-block-image\">\n<figure class=\"alignright size-large is-resized\"><img loading=\"lazy\" decoding=\"async\" width=\"1024\" height=\"1024\" src=\"https:\/\/maismagazine.pt\/wp-content\/uploads\/2025\/10\/IMG-20251007-WA0058-1024x1024.jpg\" alt=\"\" class=\"wp-image-12930\" style=\"width:346px;height:auto\" srcset=\"http:\/\/maismagazine.pt\/wp-content\/uploads\/2025\/10\/IMG-20251007-WA0058-1024x1024.jpg 1024w, http:\/\/maismagazine.pt\/wp-content\/uploads\/2025\/10\/IMG-20251007-WA0058-300x300.jpg 300w, http:\/\/maismagazine.pt\/wp-content\/uploads\/2025\/10\/IMG-20251007-WA0058-150x150.jpg 150w, http:\/\/maismagazine.pt\/wp-content\/uploads\/2025\/10\/IMG-20251007-WA0058-768x768.jpg 768w, http:\/\/maismagazine.pt\/wp-content\/uploads\/2025\/10\/IMG-20251007-WA0058-1536x1536.jpg 1536w, http:\/\/maismagazine.pt\/wp-content\/uploads\/2025\/10\/IMG-20251007-WA0058-2048x2048.jpg 2048w\" sizes=\"auto, (max-width: 1024px) 100vw, 1024px\" \/><\/figure><\/div>\n\n\n<p>O grau de sucesso que a Vasco Vieira Arquitectos atingiu est\u00e1 tamb\u00e9m refletido na larga lista de pr\u00e9mios que o atelier algarvio j\u00e1 arrecadou, quer de \u00e2mbito nacional, quer no dom\u00ednio internacional. Naturalmente, todas estas distin\u00e7\u00f5es s\u00e3o um marco importantes para a empresa por validar o seu trabalho, ainda que Vasco Vieira refira que a sua maior motiva\u00e7\u00e3o \u00e9 a satisfa\u00e7\u00e3o do cliente. \u201c\u00c9 sempre um orgulho e uma honra ser reconhecido, tanto ao n\u00edvel nacional, como ao n\u00edvel internacional, porque \u00e9 uma valida\u00e7\u00e3o de todo o nosso esfor\u00e7o e trabalho, mas n\u00e3o \u00e9 algo que procuro ou que me motiva. Para mim, a minha maior motiva\u00e7\u00e3o \u00e9 ter um cliente feliz e orgulhoso da obra que n\u00f3s ajudamos criar para eles, tornando os seus sonhos uma realidade. Fico muito contente quando conclu\u00edmos uma obra e o cliente comenta que a casa dele deve ser o melhor projeto que j\u00e1 fiz at\u00e9 \u00e0 data, porque isso mostra que conseguimos entender o nosso cliente e que a sua alma est\u00e1 refletida no projeto\u201d, confessa o arquiteto. <\/p>\n\n\n<div class=\"wp-block-image\">\n<figure class=\"alignleft size-large is-resized\"><img loading=\"lazy\" decoding=\"async\" width=\"1024\" height=\"1024\" src=\"https:\/\/maismagazine.pt\/wp-content\/uploads\/2025\/10\/IMG-20251007-WA0049-1024x1024.jpg\" alt=\"\" class=\"wp-image-12928\" style=\"width:410px;height:auto\" srcset=\"http:\/\/maismagazine.pt\/wp-content\/uploads\/2025\/10\/IMG-20251007-WA0049-1024x1024.jpg 1024w, http:\/\/maismagazine.pt\/wp-content\/uploads\/2025\/10\/IMG-20251007-WA0049-300x300.jpg 300w, http:\/\/maismagazine.pt\/wp-content\/uploads\/2025\/10\/IMG-20251007-WA0049-150x150.jpg 150w, http:\/\/maismagazine.pt\/wp-content\/uploads\/2025\/10\/IMG-20251007-WA0049-768x768.jpg 768w, http:\/\/maismagazine.pt\/wp-content\/uploads\/2025\/10\/IMG-20251007-WA0049-1536x1536.jpg 1536w, http:\/\/maismagazine.pt\/wp-content\/uploads\/2025\/10\/IMG-20251007-WA0049-2048x2048.jpg 2048w\" sizes=\"auto, (max-width: 1024px) 100vw, 1024px\" \/><\/figure><\/div>\n\n\n<p>O sucesso alcan\u00e7ado ao longo de mais de duas d\u00e9cadas em Portugal deve-se igualmente \u00e0 equipa que comp\u00f5e o atelier. O facto de se tratar de uma equipa de pequena dimens\u00e3o facilita a comunica\u00e7\u00e3o entre todos e a resolu\u00e7\u00e3o de problemas de forma mais c\u00e9lere. A estrutura\u00e7\u00e3o da equipa e a divis\u00e3o clara de tarefas s\u00e3o fundamentais para garantir o sucesso do produto final, tal como afirma Vasco Vieira. \u201cCada membro da equipa \u00e9 respons\u00e1vel por fases espec\u00edficas dos projetos, de acordo com a sua especializa\u00e7\u00e3o. Assim, cada etapa \u00e9 desenvolvida por diferentes elementos e, posteriormente, passada para os seguintes, assegurando uma continuidade e coer\u00eancia no processo. Todas as fases s\u00e3o supervisionadas diretamente por mim, garantindo a integridade do design ao longo de todo o desenvolvimento do projeto\u201d.<\/p>\n\n\n\n<p>S\u00e3o 22 anos a transformar o sonho dos clientes em realidade, fruto do \u201ctrabalho e esfor\u00e7o di\u00e1rio\u201d de toda a equipa. Por isso mesmo, o arquiteto sente-se um privilegiado por poder \u201cexercer uma profiss\u00e3o que adora, num pa\u00eds e num local que tamb\u00e9m adora\u201d, salientando ainda que o facto de ter sido convidado a fazer parte de projetos em v\u00e1rios pa\u00edses foi um passo importante para crescer enquanto arquiteto, visto que lhe permitiu \u201centender diferentes culturas, m\u00e9todos de constru\u00e7\u00e3o e formas de trabalhar, mas acima de tudo ajudou a perceber a beleza e a qualidade do pa\u00eds onde vivemos\u201d. Com os olhos postos j\u00e1 no futuro, Vasco Vieira promete continuar na busca incessante pela melhoria da qualidade dos seus servi\u00e7os, pretendendo focar-se cada vez mais em \u201cprojetos hol\u00edsticos, onde os interiores sejam um reflexo dos exteriores, criando uma linguagem e conceito uniforme em todo o projeto\u201d.<\/p>\n\n\n\n<p><\/p>\n\n\n<div class=\"wp-block-image\">\n<figure class=\"aligncenter size-full is-resized\"><img loading=\"lazy\" decoding=\"async\" width=\"600\" height=\"600\" src=\"https:\/\/maismagazine.pt\/wp-content\/uploads\/2025\/10\/326798402_867831581160921_6286103595422555672_n.png\" alt=\"\" class=\"wp-image-12931\" style=\"width:304px;height:auto\" srcset=\"http:\/\/maismagazine.pt\/wp-content\/uploads\/2025\/10\/326798402_867831581160921_6286103595422555672_n.png 600w, http:\/\/maismagazine.pt\/wp-content\/uploads\/2025\/10\/326798402_867831581160921_6286103595422555672_n-300x300.png 300w, http:\/\/maismagazine.pt\/wp-content\/uploads\/2025\/10\/326798402_867831581160921_6286103595422555672_n-150x150.png 150w\" sizes=\"auto, (max-width: 600px) 100vw, 600px\" \/><\/figure><\/div>\n\n\n<p><\/p>\n\n\n\n<p><\/p>\n\n\n\n<p><canvas width=\"1245\" height=\"1755\"><\/canvas><\/p>\n","protected":false},"excerpt":{"rendered":"<p>Vasco Vieira \u00e9 um arquiteto de refer\u00eancia no mercado de luxo portugu\u00eas, reconhecido pela sua capacidade de unir eleg\u00e2ncia, funcionalidade e sustentabilidade. Com mais de duas d\u00e9cadas de experi\u00eancia, tem desenvolvido obras ic\u00f3nicas que se destacam pela integra\u00e7\u00e3o harmoniosa entre interior e exterior, respondendo aos mais exigentes padr\u00f5es de qualidade&hellip;<\/p>\n","protected":false},"author":18,"featured_media":12922,"comment_status":"closed","ping_status":"open","sticky":false,"template":"","format":"standard","meta":{"advgb_blocks_editor_width":"","advgb_blocks_columns_visual_guide":"","_monsterinsights_skip_tracking":false,"_monsterinsights_sitenote_active":false,"_monsterinsights_sitenote_note":"","_monsterinsights_sitenote_category":0,"footnotes":""},"categories":[50],"tags":[93,2458,1896],"class_list":["post-12917","post","type-post","status-publish","format-standard","has-post-thumbnail","hentry","category-destaques","tag-arquitetura","tag-luxury-lifestyle","tag-vasco-vieira-arquitectos"],"yoast_head":"<!-- This site is optimized with the Yoast SEO plugin v24.4 - https:\/\/yoast.com\/wordpress\/plugins\/seo\/ -->\n<title>Uma vis\u00e3o arquitet\u00f3nica entre o interior e o exterior - Mais Magazine<\/title>\n<meta name=\"robots\" content=\"index, follow, max-snippet:-1, max-image-preview:large, max-video-preview:-1\" \/>\n<link rel=\"canonical\" href=\"http:\/\/maismagazine.pt\/index.php\/2025\/10\/24\/uma-visao-arquitetonica-entre-o-interior-e-o-exterior\/\" \/>\n<meta property=\"og:locale\" content=\"pt_PT\" \/>\n<meta property=\"og:type\" content=\"article\" \/>\n<meta property=\"og:title\" content=\"Uma vis\u00e3o arquitet\u00f3nica entre o interior e o exterior - Mais Magazine\" \/>\n<meta property=\"og:description\" content=\"Vasco Vieira \u00e9 um arquiteto de refer\u00eancia no mercado de luxo portugu\u00eas, reconhecido pela sua capacidade de unir eleg\u00e2ncia, funcionalidade e sustentabilidade. Com mais de duas d\u00e9cadas de experi\u00eancia, tem desenvolvido obras ic\u00f3nicas que se destacam pela integra\u00e7\u00e3o harmoniosa entre interior e exterior, respondendo aos mais exigentes padr\u00f5es de qualidade&hellip;\" \/>\n<meta property=\"og:url\" content=\"http:\/\/maismagazine.pt\/index.php\/2025\/10\/24\/uma-visao-arquitetonica-entre-o-interior-e-o-exterior\/\" \/>\n<meta property=\"og:site_name\" content=\"Mais Magazine\" \/>\n<meta property=\"article:published_time\" content=\"2025-10-24T06:00:00+00:00\" \/>\n<meta property=\"og:image\" content=\"http:\/\/maismagazine.pt\/wp-content\/uploads\/2025\/10\/IMG-20251007-WA0055-scaled.jpg\" \/>\n\t<meta property=\"og:image:width\" content=\"2560\" \/>\n\t<meta property=\"og:image:height\" content=\"2560\" \/>\n\t<meta property=\"og:image:type\" content=\"image\/jpeg\" \/>\n<meta name=\"author\" content=\"Tatiana Martins\" \/>\n<meta name=\"twitter:card\" content=\"summary_large_image\" \/>\n<meta name=\"twitter:label1\" content=\"Escrito por\" \/>\n\t<meta name=\"twitter:data1\" content=\"\" \/>\n\t<meta name=\"twitter:label2\" content=\"Tempo estimado de leitura\" \/>\n\t<meta name=\"twitter:data2\" content=\"10 minutos\" \/>\n<script type=\"application\/ld+json\" class=\"yoast-schema-graph\">{\"@context\":\"https:\/\/schema.org\",\"@graph\":[{\"@type\":\"Article\",\"@id\":\"http:\/\/maismagazine.pt\/index.php\/2025\/10\/24\/uma-visao-arquitetonica-entre-o-interior-e-o-exterior\/#article\",\"isPartOf\":{\"@id\":\"http:\/\/maismagazine.pt\/index.php\/2025\/10\/24\/uma-visao-arquitetonica-entre-o-interior-e-o-exterior\/\"},\"author\":{\"name\":\"Tatiana Martins\",\"@id\":\"https:\/\/maismagazine.pt\/#\/schema\/person\/7426e2caeb8df32a1b56aa48dae778c9\"},\"headline\":\"Uma vis\u00e3o arquitet\u00f3nica entre o interior e o exterior\",\"datePublished\":\"2025-10-24T06:00:00+00:00\",\"mainEntityOfPage\":{\"@id\":\"http:\/\/maismagazine.pt\/index.php\/2025\/10\/24\/uma-visao-arquitetonica-entre-o-interior-e-o-exterior\/\"},\"wordCount\":1580,\"publisher\":{\"@id\":\"https:\/\/maismagazine.pt\/#organization\"},\"image\":{\"@id\":\"http:\/\/maismagazine.pt\/index.php\/2025\/10\/24\/uma-visao-arquitetonica-entre-o-interior-e-o-exterior\/#primaryimage\"},\"thumbnailUrl\":\"http:\/\/maismagazine.pt\/wp-content\/uploads\/2025\/10\/IMG-20251007-WA0055-scaled.jpg\",\"keywords\":[\"Arquitetura\",\"Luxury lifestyle\",\"Vasco Vieira Arquitectos\"],\"articleSection\":[\"Destaques\"],\"inLanguage\":\"pt-PT\"},{\"@type\":\"WebPage\",\"@id\":\"http:\/\/maismagazine.pt\/index.php\/2025\/10\/24\/uma-visao-arquitetonica-entre-o-interior-e-o-exterior\/\",\"url\":\"http:\/\/maismagazine.pt\/index.php\/2025\/10\/24\/uma-visao-arquitetonica-entre-o-interior-e-o-exterior\/\",\"name\":\"Uma vis\u00e3o arquitet\u00f3nica entre o interior e o exterior - Mais Magazine\",\"isPartOf\":{\"@id\":\"https:\/\/maismagazine.pt\/#website\"},\"primaryImageOfPage\":{\"@id\":\"http:\/\/maismagazine.pt\/index.php\/2025\/10\/24\/uma-visao-arquitetonica-entre-o-interior-e-o-exterior\/#primaryimage\"},\"image\":{\"@id\":\"http:\/\/maismagazine.pt\/index.php\/2025\/10\/24\/uma-visao-arquitetonica-entre-o-interior-e-o-exterior\/#primaryimage\"},\"thumbnailUrl\":\"http:\/\/maismagazine.pt\/wp-content\/uploads\/2025\/10\/IMG-20251007-WA0055-scaled.jpg\",\"datePublished\":\"2025-10-24T06:00:00+00:00\",\"breadcrumb\":{\"@id\":\"http:\/\/maismagazine.pt\/index.php\/2025\/10\/24\/uma-visao-arquitetonica-entre-o-interior-e-o-exterior\/#breadcrumb\"},\"inLanguage\":\"pt-PT\",\"potentialAction\":[{\"@type\":\"ReadAction\",\"target\":[\"http:\/\/maismagazine.pt\/index.php\/2025\/10\/24\/uma-visao-arquitetonica-entre-o-interior-e-o-exterior\/\"]}]},{\"@type\":\"ImageObject\",\"inLanguage\":\"pt-PT\",\"@id\":\"http:\/\/maismagazine.pt\/index.php\/2025\/10\/24\/uma-visao-arquitetonica-entre-o-interior-e-o-exterior\/#primaryimage\",\"url\":\"http:\/\/maismagazine.pt\/wp-content\/uploads\/2025\/10\/IMG-20251007-WA0055-scaled.jpg\",\"contentUrl\":\"http:\/\/maismagazine.pt\/wp-content\/uploads\/2025\/10\/IMG-20251007-WA0055-scaled.jpg\",\"width\":2560,\"height\":2560},{\"@type\":\"BreadcrumbList\",\"@id\":\"http:\/\/maismagazine.pt\/index.php\/2025\/10\/24\/uma-visao-arquitetonica-entre-o-interior-e-o-exterior\/#breadcrumb\",\"itemListElement\":[{\"@type\":\"ListItem\",\"position\":1,\"name\":\"Home\",\"item\":\"https:\/\/maismagazine.pt\/\"},{\"@type\":\"ListItem\",\"position\":2,\"name\":\"Uma vis\u00e3o arquitet\u00f3nica entre o interior e o exterior\"}]},{\"@type\":\"WebSite\",\"@id\":\"https:\/\/maismagazine.pt\/#website\",\"url\":\"https:\/\/maismagazine.pt\/\",\"name\":\"Mais Magazine\",\"description\":\"\",\"publisher\":{\"@id\":\"https:\/\/maismagazine.pt\/#organization\"},\"potentialAction\":[{\"@type\":\"SearchAction\",\"target\":{\"@type\":\"EntryPoint\",\"urlTemplate\":\"https:\/\/maismagazine.pt\/?s={search_term_string}\"},\"query-input\":{\"@type\":\"PropertyValueSpecification\",\"valueRequired\":true,\"valueName\":\"search_term_string\"}}],\"inLanguage\":\"pt-PT\"},{\"@type\":\"Organization\",\"@id\":\"https:\/\/maismagazine.pt\/#organization\",\"name\":\"Mais Magazine\",\"url\":\"https:\/\/maismagazine.pt\/\",\"logo\":{\"@type\":\"ImageObject\",\"inLanguage\":\"pt-PT\",\"@id\":\"https:\/\/maismagazine.pt\/#\/schema\/logo\/image\/\",\"url\":\"http:\/\/maismagazine.pt\/wp-content\/uploads\/2020\/04\/cropped-cropped-mais-magazine-site-logo-2.png\",\"contentUrl\":\"http:\/\/maismagazine.pt\/wp-content\/uploads\/2020\/04\/cropped-cropped-mais-magazine-site-logo-2.png\",\"width\":581,\"height\":90,\"caption\":\"Mais Magazine\"},\"image\":{\"@id\":\"https:\/\/maismagazine.pt\/#\/schema\/logo\/image\/\"}},{\"@type\":\"Person\",\"@id\":\"https:\/\/maismagazine.pt\/#\/schema\/person\/7426e2caeb8df32a1b56aa48dae778c9\",\"name\":\"Tatiana Martins\",\"image\":{\"@type\":\"ImageObject\",\"inLanguage\":\"pt-PT\",\"@id\":\"https:\/\/maismagazine.pt\/#\/schema\/person\/image\/\",\"url\":\"https:\/\/secure.gravatar.com\/avatar\/4b24a57f5d0425f2eb20981c4b53244e?s=96&d=mm&r=g\",\"contentUrl\":\"https:\/\/secure.gravatar.com\/avatar\/4b24a57f5d0425f2eb20981c4b53244e?s=96&d=mm&r=g\",\"caption\":\"Tatiana Martins\"},\"url\":\"http:\/\/maismagazine.pt\/index.php\/author\/tatiana\/\"}]}<\/script>\n<!-- \/ Yoast SEO plugin. -->","yoast_head_json":{"title":"Uma vis\u00e3o arquitet\u00f3nica entre o interior e o exterior - Mais Magazine","robots":{"index":"index","follow":"follow","max-snippet":"max-snippet:-1","max-image-preview":"max-image-preview:large","max-video-preview":"max-video-preview:-1"},"canonical":"http:\/\/maismagazine.pt\/index.php\/2025\/10\/24\/uma-visao-arquitetonica-entre-o-interior-e-o-exterior\/","og_locale":"pt_PT","og_type":"article","og_title":"Uma vis\u00e3o arquitet\u00f3nica entre o interior e o exterior - Mais Magazine","og_description":"Vasco Vieira \u00e9 um arquiteto de refer\u00eancia no mercado de luxo portugu\u00eas, reconhecido pela sua capacidade de unir eleg\u00e2ncia, funcionalidade e sustentabilidade. Com mais de duas d\u00e9cadas de experi\u00eancia, tem desenvolvido obras ic\u00f3nicas que se destacam pela integra\u00e7\u00e3o harmoniosa entre interior e exterior, respondendo aos mais exigentes padr\u00f5es de qualidade&hellip;","og_url":"http:\/\/maismagazine.pt\/index.php\/2025\/10\/24\/uma-visao-arquitetonica-entre-o-interior-e-o-exterior\/","og_site_name":"Mais Magazine","article_published_time":"2025-10-24T06:00:00+00:00","og_image":[{"width":2560,"height":2560,"url":"http:\/\/maismagazine.pt\/wp-content\/uploads\/2025\/10\/IMG-20251007-WA0055-scaled.jpg","type":"image\/jpeg"}],"author":"Tatiana Martins","twitter_card":"summary_large_image","twitter_misc":{"Escrito por":false,"Tempo estimado de leitura":"10 minutos"},"schema":{"@context":"https:\/\/schema.org","@graph":[{"@type":"Article","@id":"http:\/\/maismagazine.pt\/index.php\/2025\/10\/24\/uma-visao-arquitetonica-entre-o-interior-e-o-exterior\/#article","isPartOf":{"@id":"http:\/\/maismagazine.pt\/index.php\/2025\/10\/24\/uma-visao-arquitetonica-entre-o-interior-e-o-exterior\/"},"author":{"name":"Tatiana Martins","@id":"https:\/\/maismagazine.pt\/#\/schema\/person\/7426e2caeb8df32a1b56aa48dae778c9"},"headline":"Uma vis\u00e3o arquitet\u00f3nica entre o interior e o exterior","datePublished":"2025-10-24T06:00:00+00:00","mainEntityOfPage":{"@id":"http:\/\/maismagazine.pt\/index.php\/2025\/10\/24\/uma-visao-arquitetonica-entre-o-interior-e-o-exterior\/"},"wordCount":1580,"publisher":{"@id":"https:\/\/maismagazine.pt\/#organization"},"image":{"@id":"http:\/\/maismagazine.pt\/index.php\/2025\/10\/24\/uma-visao-arquitetonica-entre-o-interior-e-o-exterior\/#primaryimage"},"thumbnailUrl":"http:\/\/maismagazine.pt\/wp-content\/uploads\/2025\/10\/IMG-20251007-WA0055-scaled.jpg","keywords":["Arquitetura","Luxury lifestyle","Vasco Vieira Arquitectos"],"articleSection":["Destaques"],"inLanguage":"pt-PT"},{"@type":"WebPage","@id":"http:\/\/maismagazine.pt\/index.php\/2025\/10\/24\/uma-visao-arquitetonica-entre-o-interior-e-o-exterior\/","url":"http:\/\/maismagazine.pt\/index.php\/2025\/10\/24\/uma-visao-arquitetonica-entre-o-interior-e-o-exterior\/","name":"Uma vis\u00e3o arquitet\u00f3nica entre o interior e o exterior - Mais Magazine","isPartOf":{"@id":"https:\/\/maismagazine.pt\/#website"},"primaryImageOfPage":{"@id":"http:\/\/maismagazine.pt\/index.php\/2025\/10\/24\/uma-visao-arquitetonica-entre-o-interior-e-o-exterior\/#primaryimage"},"image":{"@id":"http:\/\/maismagazine.pt\/index.php\/2025\/10\/24\/uma-visao-arquitetonica-entre-o-interior-e-o-exterior\/#primaryimage"},"thumbnailUrl":"http:\/\/maismagazine.pt\/wp-content\/uploads\/2025\/10\/IMG-20251007-WA0055-scaled.jpg","datePublished":"2025-10-24T06:00:00+00:00","breadcrumb":{"@id":"http:\/\/maismagazine.pt\/index.php\/2025\/10\/24\/uma-visao-arquitetonica-entre-o-interior-e-o-exterior\/#breadcrumb"},"inLanguage":"pt-PT","potentialAction":[{"@type":"ReadAction","target":["http:\/\/maismagazine.pt\/index.php\/2025\/10\/24\/uma-visao-arquitetonica-entre-o-interior-e-o-exterior\/"]}]},{"@type":"ImageObject","inLanguage":"pt-PT","@id":"http:\/\/maismagazine.pt\/index.php\/2025\/10\/24\/uma-visao-arquitetonica-entre-o-interior-e-o-exterior\/#primaryimage","url":"http:\/\/maismagazine.pt\/wp-content\/uploads\/2025\/10\/IMG-20251007-WA0055-scaled.jpg","contentUrl":"http:\/\/maismagazine.pt\/wp-content\/uploads\/2025\/10\/IMG-20251007-WA0055-scaled.jpg","width":2560,"height":2560},{"@type":"BreadcrumbList","@id":"http:\/\/maismagazine.pt\/index.php\/2025\/10\/24\/uma-visao-arquitetonica-entre-o-interior-e-o-exterior\/#breadcrumb","itemListElement":[{"@type":"ListItem","position":1,"name":"Home","item":"https:\/\/maismagazine.pt\/"},{"@type":"ListItem","position":2,"name":"Uma vis\u00e3o arquitet\u00f3nica entre o interior e o exterior"}]},{"@type":"WebSite","@id":"https:\/\/maismagazine.pt\/#website","url":"https:\/\/maismagazine.pt\/","name":"Mais Magazine","description":"","publisher":{"@id":"https:\/\/maismagazine.pt\/#organization"},"potentialAction":[{"@type":"SearchAction","target":{"@type":"EntryPoint","urlTemplate":"https:\/\/maismagazine.pt\/?s={search_term_string}"},"query-input":{"@type":"PropertyValueSpecification","valueRequired":true,"valueName":"search_term_string"}}],"inLanguage":"pt-PT"},{"@type":"Organization","@id":"https:\/\/maismagazine.pt\/#organization","name":"Mais Magazine","url":"https:\/\/maismagazine.pt\/","logo":{"@type":"ImageObject","inLanguage":"pt-PT","@id":"https:\/\/maismagazine.pt\/#\/schema\/logo\/image\/","url":"http:\/\/maismagazine.pt\/wp-content\/uploads\/2020\/04\/cropped-cropped-mais-magazine-site-logo-2.png","contentUrl":"http:\/\/maismagazine.pt\/wp-content\/uploads\/2020\/04\/cropped-cropped-mais-magazine-site-logo-2.png","width":581,"height":90,"caption":"Mais Magazine"},"image":{"@id":"https:\/\/maismagazine.pt\/#\/schema\/logo\/image\/"}},{"@type":"Person","@id":"https:\/\/maismagazine.pt\/#\/schema\/person\/7426e2caeb8df32a1b56aa48dae778c9","name":"Tatiana Martins","image":{"@type":"ImageObject","inLanguage":"pt-PT","@id":"https:\/\/maismagazine.pt\/#\/schema\/person\/image\/","url":"https:\/\/secure.gravatar.com\/avatar\/4b24a57f5d0425f2eb20981c4b53244e?s=96&d=mm&r=g","contentUrl":"https:\/\/secure.gravatar.com\/avatar\/4b24a57f5d0425f2eb20981c4b53244e?s=96&d=mm&r=g","caption":"Tatiana Martins"},"url":"http:\/\/maismagazine.pt\/index.php\/author\/tatiana\/"}]}},"author_meta":{"display_name":false,"author_link":"http:\/\/maismagazine.pt\/index.php\/author\/tatiana\/"},"featured_img":"http:\/\/maismagazine.pt\/wp-content\/uploads\/2025\/10\/IMG-20251007-WA0055-300x300.jpg","coauthors":[],"tax_additional":{"categories":{"linked":["<a href=\"http:\/\/maismagazine.pt\/index.php\/category\/destaques\/\" class=\"advgb-post-tax-term\">Destaques<\/a>"],"unlinked":["<span class=\"advgb-post-tax-term\">Destaques<\/span>"]},"tags":{"linked":["<a href=\"http:\/\/maismagazine.pt\/index.php\/category\/destaques\/\" class=\"advgb-post-tax-term\">Arquitetura<\/a>","<a href=\"http:\/\/maismagazine.pt\/index.php\/category\/destaques\/\" class=\"advgb-post-tax-term\">Luxury lifestyle<\/a>","<a href=\"http:\/\/maismagazine.pt\/index.php\/category\/destaques\/\" class=\"advgb-post-tax-term\">Vasco Vieira Arquitectos<\/a>"],"unlinked":["<span class=\"advgb-post-tax-term\">Arquitetura<\/span>","<span class=\"advgb-post-tax-term\">Luxury lifestyle<\/span>","<span class=\"advgb-post-tax-term\">Vasco Vieira Arquitectos<\/span>"]}},"comment_count":"0","relative_dates":{"created":"Posted 6 meses ago","modified":"Updated 6 meses ago"},"absolute_dates":{"created":"Posted on 24 de Outubro, 2025","modified":"Updated on 21 de Outubro, 2025"},"absolute_dates_time":{"created":"Posted on 24 de Outubro, 2025 7:00","modified":"Updated on 21 de Outubro, 2025 15:55"},"featured_img_caption":"","series_order":"","_links":{"self":[{"href":"http:\/\/maismagazine.pt\/index.php\/wp-json\/wp\/v2\/posts\/12917","targetHints":{"allow":["GET"]}}],"collection":[{"href":"http:\/\/maismagazine.pt\/index.php\/wp-json\/wp\/v2\/posts"}],"about":[{"href":"http:\/\/maismagazine.pt\/index.php\/wp-json\/wp\/v2\/types\/post"}],"author":[{"embeddable":true,"href":"http:\/\/maismagazine.pt\/index.php\/wp-json\/wp\/v2\/users\/18"}],"replies":[{"embeddable":true,"href":"http:\/\/maismagazine.pt\/index.php\/wp-json\/wp\/v2\/comments?post=12917"}],"version-history":[{"count":1,"href":"http:\/\/maismagazine.pt\/index.php\/wp-json\/wp\/v2\/posts\/12917\/revisions"}],"predecessor-version":[{"id":12932,"href":"http:\/\/maismagazine.pt\/index.php\/wp-json\/wp\/v2\/posts\/12917\/revisions\/12932"}],"wp:featuredmedia":[{"embeddable":true,"href":"http:\/\/maismagazine.pt\/index.php\/wp-json\/wp\/v2\/media\/12922"}],"wp:attachment":[{"href":"http:\/\/maismagazine.pt\/index.php\/wp-json\/wp\/v2\/media?parent=12917"}],"wp:term":[{"taxonomy":"category","embeddable":true,"href":"http:\/\/maismagazine.pt\/index.php\/wp-json\/wp\/v2\/categories?post=12917"},{"taxonomy":"post_tag","embeddable":true,"href":"http:\/\/maismagazine.pt\/index.php\/wp-json\/wp\/v2\/tags?post=12917"}],"curies":[{"name":"wp","href":"https:\/\/api.w.org\/{rel}","templated":true}]}}