{"id":12899,"date":"2025-10-24T07:00:00","date_gmt":"2025-10-24T06:00:00","guid":{"rendered":"https:\/\/maismagazine.pt\/?p=12899"},"modified":"2025-10-21T15:44:28","modified_gmt":"2025-10-21T14:44:28","slug":"audi-portugal-onde-tecnologia-design-sofisticacao-e-sustentabilidade-se-encontram-no-segmento-premium","status":"publish","type":"post","link":"http:\/\/maismagazine.pt\/index.php\/2025\/10\/24\/audi-portugal-onde-tecnologia-design-sofisticacao-e-sustentabilidade-se-encontram-no-segmento-premium\/","title":{"rendered":"Audi Portugal: onde tecnologia, design, sofistica\u00e7\u00e3o e sustentabilidade se encontram no segmento premium"},"content":{"rendered":"\n<p><strong>A Mais Magazine esteve \u00e0 conversa com Nuno Mendon\u00e7a, Diretor-Geral da <a href=\"http:\/\/www.audi.pt\">Audi Portugal<\/a>, que refor\u00e7a o posicionamento da marca como refer\u00eancia no segmento premium, onde design, tecnologia e exclusividade se unem para criar uma experi\u00eancia verdadeiramente distinta. Mais do que fabricar autom\u00f3veis, a Audi prop\u00f5e um luxury lifestyle contempor\u00e2neo, assente na inova\u00e7\u00e3o, na sustentabilidade e na personaliza\u00e7\u00e3o, convidando cada cliente a viver uma rela\u00e7\u00e3o emocional e sofisticada com a marca.<\/strong><\/p>\n\n\n\n<p><\/p>\n\n\n\n<p><strong>Como a Audi Portugal se posiciona no mercado de luxo e quais s\u00e3o os valores que pretende transmitir atrav\u00e9s da sua gama de ve\u00edculos?<\/strong><\/p>\n\n\n\n<p>A Audi afirma-se como uma Marca premium contempor\u00e2nea que combina desempenho, inova\u00e7\u00e3o e um design emocional. Os valores centrais que pretende transmitir s\u00e3o qualidade t\u00e9cnica, design progressivo, conectividade inteligente e sustentabilidade sofisticada. A Marca expressa estes princ\u00edpios atrav\u00e9s de produtos que equilibram tecnologia avan\u00e7ada com materiais e acabamentos de alta qualidade, traduzindo uma vis\u00e3o moderna de sofistica\u00e7\u00e3o. <\/p>\n\n\n<div class=\"wp-block-image\">\n<figure class=\"aligncenter size-full is-resized\"><img loading=\"lazy\" decoding=\"async\" width=\"876\" height=\"584\" src=\"https:\/\/maismagazine.pt\/wp-content\/uploads\/2025\/10\/1PV00283.jpg\" alt=\"\" class=\"wp-image-12910\" style=\"width:420px;height:auto\" srcset=\"http:\/\/maismagazine.pt\/wp-content\/uploads\/2025\/10\/1PV00283.jpg 876w, http:\/\/maismagazine.pt\/wp-content\/uploads\/2025\/10\/1PV00283-300x200.jpg 300w, http:\/\/maismagazine.pt\/wp-content\/uploads\/2025\/10\/1PV00283-768x512.jpg 768w, http:\/\/maismagazine.pt\/wp-content\/uploads\/2025\/10\/1PV00283-150x100.jpg 150w\" sizes=\"auto, (max-width: 876px) 100vw, 876px\" \/><\/figure><\/div>\n\n\n<p><strong>De que forma a marca Audi consegue unir design, tecnologia e exclusividade para oferecer uma experi\u00eancia premium aos seus clientes?<\/strong><\/p>\n\n\n\n<p>Na Audi tudo o que fazemos tem de ser relevante para a experi\u00eancia dos nossos Clientes. Procuramos, sempre, encontrar solu\u00e7\u00f5es inteligentes que melhorem a vida de quem utiliza os nossos produtos. Design, tecnologia e exclusividade s\u00e3o carater\u00edsticas que diferenciam os produtos da Audi. Utilizamos o design como forma de linguagem emocional que concretiza, atrav\u00e9s do autom\u00f3vel, a nossa promessa tecnol\u00f3gica. A tecnologia \u00e9 integrada de forma intuitiva nas caracter\u00edsticas dos nossos autom\u00f3veis, transformando funcionalidades complexas em experi\u00eancias de condu\u00e7\u00e3o do cliente. A exclusividade resulta da combina\u00e7\u00e3o entre personaliza\u00e7\u00e3o, edi\u00e7\u00f5es limitadas, qualidade dos materiais e acabamentos, servi\u00e7os diferenciados, entre outros, que tornam o nosso produto mais premium e mais exclusivo. <\/p>\n\n\n<div class=\"wp-block-image\">\n<figure class=\"alignleft size-full is-resized\"><img loading=\"lazy\" decoding=\"async\" width=\"876\" height=\"584\" src=\"https:\/\/maismagazine.pt\/wp-content\/uploads\/2025\/10\/1PV00243.jpg\" alt=\"\" class=\"wp-image-12911\" style=\"width:423px;height:auto\" srcset=\"http:\/\/maismagazine.pt\/wp-content\/uploads\/2025\/10\/1PV00243.jpg 876w, http:\/\/maismagazine.pt\/wp-content\/uploads\/2025\/10\/1PV00243-300x200.jpg 300w, http:\/\/maismagazine.pt\/wp-content\/uploads\/2025\/10\/1PV00243-768x512.jpg 768w, http:\/\/maismagazine.pt\/wp-content\/uploads\/2025\/10\/1PV00243-150x100.jpg 150w\" sizes=\"auto, (max-width: 876px) 100vw, 876px\" \/><\/figure><\/div>\n\n\n<p><strong>Como a Audi se relaciona com o conceito de luxury lifestyle, criando experi\u00eancias que v\u00e3o al\u00e9m do autom\u00f3vel?<\/strong><\/p>\n\n\n\n<p>A Audi entende o luxury lifestyle como uma experi\u00eancia hol\u00edstica que envolve mobilidade, ambiente e experi\u00eancia. A Marca, atrav\u00e9s da comunica\u00e7\u00e3o, cria narrativas de estilo de vida que ligam o autom\u00f3vel a contextos como design, viagens, arte, tecnologia, entre outros. Estas narrativas t\u00eam de ser coerentes com o espa\u00e7o onde recebemos os nossos Clientes, motivo pelo qual estamos a renovar todos os showrooms da Marca em Portugal com o novo conceito Audi Progressive Retail. A intera\u00e7\u00e3o dos Clientes com as nossas equipas comerciais e de ap\u00f3s-venda \u00e9, tamb\u00e9m, um ponto cr\u00edtico desta experi\u00eancia, motivo pelo qual apostamos na forma\u00e7\u00e3o como uma ferramenta crucial para o refor\u00e7o do conceito luxury lifestyle. Mas existem outras vari\u00e1veis essenciais neste caminho: a intera\u00e7\u00e3o digital dentro e fora (com destaque para a app MyAudi) da viatura; o ambiente a bordo; a performance sustent\u00e1vel dos nossos modelos e-tron e e-hybrid. O objetivo da Audi \u00e9 transformar cada intera\u00e7\u00e3o com a Marca, numa l\u00f3gica de 360\u00ba, numa extens\u00e3o do estilo de vida do cliente. <\/p>\n\n\n\n<p><\/p>\n\n\n\n<p><strong>Que iniciativas ou parcerias refletem o compromisso da Audi Portugal com o estilo de vida de luxo e a sofistica\u00e7\u00e3o?<\/strong><\/p>\n\n\n\n<p>As iniciativas onde \u00e9 mais evidente os compromissos da Marca com o seu posicionamento assentam, sobretudo, ao n\u00edvel dos eventos e patroc\u00ednios da Marca: a nossa presen\u00e7a em eventos de Moda, o nosso Torneio de Golfe Audi quattro Cup, cujos vencedores t\u00eam acesso a um programa, na final internacional, muto exclusivo; os eventos locais exclusivos promovidos pela nossa Rede de Concession\u00e1rios s\u00e3o alguns desses exemplos. Naturalmente que tamb\u00e9m o compromisso claro da Marca com a sustentabilidade \u00e9 muito importante para dar um patamar superior de sofistica\u00e7\u00e3o \u00e0 nossa comunica\u00e7\u00e3o, tornando evidente que a ado\u00e7\u00e3o de uma forma de mobilidade eletrificada contribui para um estilo de vida mais premium. <\/p>\n\n\n<div class=\"wp-block-image\">\n<figure class=\"alignright size-full is-resized\"><img loading=\"lazy\" decoding=\"async\" width=\"876\" height=\"584\" src=\"https:\/\/maismagazine.pt\/wp-content\/uploads\/2025\/10\/1PV00237.jpg\" alt=\"\" class=\"wp-image-12914\" style=\"width:432px;height:auto\" srcset=\"http:\/\/maismagazine.pt\/wp-content\/uploads\/2025\/10\/1PV00237.jpg 876w, http:\/\/maismagazine.pt\/wp-content\/uploads\/2025\/10\/1PV00237-300x200.jpg 300w, http:\/\/maismagazine.pt\/wp-content\/uploads\/2025\/10\/1PV00237-768x512.jpg 768w, http:\/\/maismagazine.pt\/wp-content\/uploads\/2025\/10\/1PV00237-150x100.jpg 150w\" sizes=\"auto, (max-width: 876px) 100vw, 876px\" \/><\/figure><\/div>\n\n\n<p><strong>O que torna a Audi City Lisboa um espa\u00e7o \u00fanico e inovador no universo do luxury lifestyle autom\u00f3vel?<\/strong><\/p>\n\n\n\n<p>A Audi City Lisboa foi o primeiro showroom da Marca a integrar o conceito Audi Progressive Retail, concebido para oferecer aos nossos Clientes uma experi\u00eancia de compra mais personalizada, digital e premium. Mais do que um simples showroom, \u00e9 um espa\u00e7o tecnol\u00f3gico e imersivo, marcado por um ambiente acolhedor onde o design e a sofistica\u00e7\u00e3o assumem o protagonismo. Na Audi City Lisboa, o Cliente \u00e9 convidado a configurar de forma individualizada a viatura que mais o inspira, recorrendo a plataformas digitais avan\u00e7adas que tornam a experi\u00eancia envolvente e intuitiva. O conceito de luxury lifestyle est\u00e1 presente em cada detalhe: na ilumina\u00e7\u00e3o cuidadosamente desenhada, na decora\u00e7\u00e3o e nas cores, na qualidade dos materiais sustent\u00e1veis que utilizamos e no design do mobili\u00e1rio, criando um ambiente sereno, elegante e contempor\u00e2neo. Tudo foi pensado para acolher os Clientes Audi com conforto, tranquilidade e uma sensa\u00e7\u00e3o genu\u00edna de exclusividade. <\/p>\n\n\n\n<p><\/p>\n\n\n\n<p><strong>Como a experi\u00eancia na Audi City Lisbon reflete os valores de exclusividade e sofistica\u00e7\u00e3o da marca?<\/strong><\/p>\n\n\n\n<p>Este novo conceito, apresentado na Audi City Lisboa, traduz de forma exemplar a estrat\u00e9gia global da Audi para o retalho premium, materializando-se numa experi\u00eancia de Cliente exclusiva, sofisticada e centrada na personaliza\u00e7\u00e3o.<\/p>\n\n\n\n<p>Estes valores refletem-se na forma como proporcionamos conte\u00fados exclusivos e configura\u00e7\u00f5es \u00fanicas, permitindo que cada Cliente viva uma rela\u00e7\u00e3o mais pr\u00f3xima e emocional com a Marca. Tudo isto num formato compacto, urbano e altamente tecnol\u00f3gico, pensado para um p\u00fablico exclusivo.<\/p>\n\n\n\n<p>O resultado \u00e9 uma perce\u00e7\u00e3o clara de que as nossas Audi City showrooms n\u00e3o se limitam a vender autom\u00f3veis, oferecem uma experi\u00eancia de compra distintiva, onde a inova\u00e7\u00e3o, o design e a emo\u00e7\u00e3o se encontram para redefinir o verdadeiro significado de premium. <\/p>\n\n\n<div class=\"wp-block-image\">\n<figure class=\"aligncenter size-full is-resized\"><img loading=\"lazy\" decoding=\"async\" width=\"180\" height=\"180\" src=\"https:\/\/maismagazine.pt\/wp-content\/uploads\/2025\/10\/312464545_482115293941103_6121477335943935149_n.png\" alt=\"\" class=\"wp-image-12913\" style=\"width:232px;height:auto\" srcset=\"http:\/\/maismagazine.pt\/wp-content\/uploads\/2025\/10\/312464545_482115293941103_6121477335943935149_n.png 180w, http:\/\/maismagazine.pt\/wp-content\/uploads\/2025\/10\/312464545_482115293941103_6121477335943935149_n-150x150.png 150w\" sizes=\"auto, (max-width: 180px) 100vw, 180px\" \/><\/figure><\/div>","protected":false},"excerpt":{"rendered":"<p>A Mais Magazine esteve \u00e0 conversa com Nuno Mendon\u00e7a, Diretor-Geral da Audi Portugal, que refor\u00e7a o posicionamento da marca como refer\u00eancia no segmento premium, onde design, tecnologia e exclusividade se unem para criar uma experi\u00eancia verdadeiramente distinta. Mais do que fabricar autom\u00f3veis, a Audi prop\u00f5e um luxury lifestyle contempor\u00e2neo, assente&hellip;<\/p>\n","protected":false},"author":18,"featured_media":12907,"comment_status":"closed","ping_status":"open","sticky":false,"template":"","format":"standard","meta":{"advgb_blocks_editor_width":"","advgb_blocks_columns_visual_guide":"","_monsterinsights_skip_tracking":false,"_monsterinsights_sitenote_active":false,"_monsterinsights_sitenote_note":"","_monsterinsights_sitenote_category":0,"footnotes":""},"categories":[50],"tags":[2480,2458],"class_list":["post-12899","post","type-post","status-publish","format-standard","has-post-thumbnail","hentry","category-destaques","tag-audi-portugal","tag-luxury-lifestyle"],"yoast_head":"<!-- This site is optimized with the Yoast SEO plugin v24.4 - https:\/\/yoast.com\/wordpress\/plugins\/seo\/ -->\n<title>Audi Portugal: onde tecnologia, design, sofistica\u00e7\u00e3o e sustentabilidade se encontram no segmento premium - Mais Magazine<\/title>\n<meta name=\"robots\" content=\"index, follow, max-snippet:-1, max-image-preview:large, max-video-preview:-1\" \/>\n<link rel=\"canonical\" href=\"http:\/\/maismagazine.pt\/index.php\/2025\/10\/24\/audi-portugal-onde-tecnologia-design-sofisticacao-e-sustentabilidade-se-encontram-no-segmento-premium\/\" \/>\n<meta property=\"og:locale\" content=\"pt_PT\" \/>\n<meta property=\"og:type\" content=\"article\" \/>\n<meta property=\"og:title\" content=\"Audi Portugal: onde tecnologia, design, sofistica\u00e7\u00e3o e sustentabilidade se encontram no segmento premium - Mais Magazine\" \/>\n<meta property=\"og:description\" content=\"A Mais Magazine esteve \u00e0 conversa com Nuno Mendon\u00e7a, Diretor-Geral da Audi Portugal, que refor\u00e7a o posicionamento da marca como refer\u00eancia no segmento premium, onde design, tecnologia e exclusividade se unem para criar uma experi\u00eancia verdadeiramente distinta. Mais do que fabricar autom\u00f3veis, a Audi prop\u00f5e um luxury lifestyle contempor\u00e2neo, assente&hellip;\" \/>\n<meta property=\"og:url\" content=\"http:\/\/maismagazine.pt\/index.php\/2025\/10\/24\/audi-portugal-onde-tecnologia-design-sofisticacao-e-sustentabilidade-se-encontram-no-segmento-premium\/\" \/>\n<meta property=\"og:site_name\" content=\"Mais Magazine\" \/>\n<meta property=\"article:published_time\" content=\"2025-10-24T06:00:00+00:00\" \/>\n<meta property=\"og:image\" content=\"http:\/\/maismagazine.pt\/wp-content\/uploads\/2025\/10\/PDNS0403-Enhanced-NR-Edit.jpg\" \/>\n\t<meta property=\"og:image:width\" content=\"672\" \/>\n\t<meta property=\"og:image:height\" content=\"448\" \/>\n\t<meta property=\"og:image:type\" content=\"image\/jpeg\" \/>\n<meta name=\"author\" content=\"Tatiana Martins\" \/>\n<meta name=\"twitter:card\" content=\"summary_large_image\" \/>\n<meta name=\"twitter:label1\" content=\"Escrito por\" \/>\n\t<meta name=\"twitter:data1\" content=\"\" \/>\n\t<meta name=\"twitter:label2\" content=\"Tempo estimado de leitura\" \/>\n\t<meta name=\"twitter:data2\" content=\"6 minutos\" \/>\n<script type=\"application\/ld+json\" class=\"yoast-schema-graph\">{\"@context\":\"https:\/\/schema.org\",\"@graph\":[{\"@type\":\"Article\",\"@id\":\"http:\/\/maismagazine.pt\/index.php\/2025\/10\/24\/audi-portugal-onde-tecnologia-design-sofisticacao-e-sustentabilidade-se-encontram-no-segmento-premium\/#article\",\"isPartOf\":{\"@id\":\"http:\/\/maismagazine.pt\/index.php\/2025\/10\/24\/audi-portugal-onde-tecnologia-design-sofisticacao-e-sustentabilidade-se-encontram-no-segmento-premium\/\"},\"author\":{\"name\":\"Tatiana Martins\",\"@id\":\"http:\/\/maismagazine.pt\/#\/schema\/person\/7426e2caeb8df32a1b56aa48dae778c9\"},\"headline\":\"Audi Portugal: onde tecnologia, design, sofistica\u00e7\u00e3o e sustentabilidade se encontram no segmento premium\",\"datePublished\":\"2025-10-24T06:00:00+00:00\",\"mainEntityOfPage\":{\"@id\":\"http:\/\/maismagazine.pt\/index.php\/2025\/10\/24\/audi-portugal-onde-tecnologia-design-sofisticacao-e-sustentabilidade-se-encontram-no-segmento-premium\/\"},\"wordCount\":994,\"publisher\":{\"@id\":\"http:\/\/maismagazine.pt\/#organization\"},\"image\":{\"@id\":\"http:\/\/maismagazine.pt\/index.php\/2025\/10\/24\/audi-portugal-onde-tecnologia-design-sofisticacao-e-sustentabilidade-se-encontram-no-segmento-premium\/#primaryimage\"},\"thumbnailUrl\":\"http:\/\/maismagazine.pt\/wp-content\/uploads\/2025\/10\/PDNS0403-Enhanced-NR-Edit.jpg\",\"keywords\":[\"Audi Portugal\",\"Luxury lifestyle\"],\"articleSection\":[\"Destaques\"],\"inLanguage\":\"pt-PT\"},{\"@type\":\"WebPage\",\"@id\":\"http:\/\/maismagazine.pt\/index.php\/2025\/10\/24\/audi-portugal-onde-tecnologia-design-sofisticacao-e-sustentabilidade-se-encontram-no-segmento-premium\/\",\"url\":\"http:\/\/maismagazine.pt\/index.php\/2025\/10\/24\/audi-portugal-onde-tecnologia-design-sofisticacao-e-sustentabilidade-se-encontram-no-segmento-premium\/\",\"name\":\"Audi Portugal: onde tecnologia, design, sofistica\u00e7\u00e3o e sustentabilidade se encontram no segmento premium - Mais Magazine\",\"isPartOf\":{\"@id\":\"http:\/\/maismagazine.pt\/#website\"},\"primaryImageOfPage\":{\"@id\":\"http:\/\/maismagazine.pt\/index.php\/2025\/10\/24\/audi-portugal-onde-tecnologia-design-sofisticacao-e-sustentabilidade-se-encontram-no-segmento-premium\/#primaryimage\"},\"image\":{\"@id\":\"http:\/\/maismagazine.pt\/index.php\/2025\/10\/24\/audi-portugal-onde-tecnologia-design-sofisticacao-e-sustentabilidade-se-encontram-no-segmento-premium\/#primaryimage\"},\"thumbnailUrl\":\"http:\/\/maismagazine.pt\/wp-content\/uploads\/2025\/10\/PDNS0403-Enhanced-NR-Edit.jpg\",\"datePublished\":\"2025-10-24T06:00:00+00:00\",\"breadcrumb\":{\"@id\":\"http:\/\/maismagazine.pt\/index.php\/2025\/10\/24\/audi-portugal-onde-tecnologia-design-sofisticacao-e-sustentabilidade-se-encontram-no-segmento-premium\/#breadcrumb\"},\"inLanguage\":\"pt-PT\",\"potentialAction\":[{\"@type\":\"ReadAction\",\"target\":[\"http:\/\/maismagazine.pt\/index.php\/2025\/10\/24\/audi-portugal-onde-tecnologia-design-sofisticacao-e-sustentabilidade-se-encontram-no-segmento-premium\/\"]}]},{\"@type\":\"ImageObject\",\"inLanguage\":\"pt-PT\",\"@id\":\"http:\/\/maismagazine.pt\/index.php\/2025\/10\/24\/audi-portugal-onde-tecnologia-design-sofisticacao-e-sustentabilidade-se-encontram-no-segmento-premium\/#primaryimage\",\"url\":\"http:\/\/maismagazine.pt\/wp-content\/uploads\/2025\/10\/PDNS0403-Enhanced-NR-Edit.jpg\",\"contentUrl\":\"http:\/\/maismagazine.pt\/wp-content\/uploads\/2025\/10\/PDNS0403-Enhanced-NR-Edit.jpg\",\"width\":672,\"height\":448,\"caption\":\"Nuno Mendon\u00e7a, Diretor-Geral da Audi Portugal\"},{\"@type\":\"BreadcrumbList\",\"@id\":\"http:\/\/maismagazine.pt\/index.php\/2025\/10\/24\/audi-portugal-onde-tecnologia-design-sofisticacao-e-sustentabilidade-se-encontram-no-segmento-premium\/#breadcrumb\",\"itemListElement\":[{\"@type\":\"ListItem\",\"position\":1,\"name\":\"Home\",\"item\":\"http:\/\/maismagazine.pt\/\"},{\"@type\":\"ListItem\",\"position\":2,\"name\":\"Audi Portugal: onde tecnologia, design, sofistica\u00e7\u00e3o e sustentabilidade se encontram no segmento premium\"}]},{\"@type\":\"WebSite\",\"@id\":\"http:\/\/maismagazine.pt\/#website\",\"url\":\"http:\/\/maismagazine.pt\/\",\"name\":\"Mais Magazine\",\"description\":\"\",\"publisher\":{\"@id\":\"http:\/\/maismagazine.pt\/#organization\"},\"potentialAction\":[{\"@type\":\"SearchAction\",\"target\":{\"@type\":\"EntryPoint\",\"urlTemplate\":\"http:\/\/maismagazine.pt\/?s={search_term_string}\"},\"query-input\":{\"@type\":\"PropertyValueSpecification\",\"valueRequired\":true,\"valueName\":\"search_term_string\"}}],\"inLanguage\":\"pt-PT\"},{\"@type\":\"Organization\",\"@id\":\"http:\/\/maismagazine.pt\/#organization\",\"name\":\"Mais Magazine\",\"url\":\"http:\/\/maismagazine.pt\/\",\"logo\":{\"@type\":\"ImageObject\",\"inLanguage\":\"pt-PT\",\"@id\":\"http:\/\/maismagazine.pt\/#\/schema\/logo\/image\/\",\"url\":\"http:\/\/maismagazine.pt\/wp-content\/uploads\/2020\/04\/cropped-cropped-mais-magazine-site-logo-2.png\",\"contentUrl\":\"http:\/\/maismagazine.pt\/wp-content\/uploads\/2020\/04\/cropped-cropped-mais-magazine-site-logo-2.png\",\"width\":581,\"height\":90,\"caption\":\"Mais Magazine\"},\"image\":{\"@id\":\"http:\/\/maismagazine.pt\/#\/schema\/logo\/image\/\"}},{\"@type\":\"Person\",\"@id\":\"http:\/\/maismagazine.pt\/#\/schema\/person\/7426e2caeb8df32a1b56aa48dae778c9\",\"name\":\"Tatiana Martins\",\"image\":{\"@type\":\"ImageObject\",\"inLanguage\":\"pt-PT\",\"@id\":\"http:\/\/maismagazine.pt\/#\/schema\/person\/image\/\",\"url\":\"https:\/\/secure.gravatar.com\/avatar\/4b24a57f5d0425f2eb20981c4b53244e?s=96&d=mm&r=g\",\"contentUrl\":\"https:\/\/secure.gravatar.com\/avatar\/4b24a57f5d0425f2eb20981c4b53244e?s=96&d=mm&r=g\",\"caption\":\"Tatiana Martins\"},\"url\":\"http:\/\/maismagazine.pt\/index.php\/author\/tatiana\/\"}]}<\/script>\n<!-- \/ Yoast SEO plugin. -->","yoast_head_json":{"title":"Audi Portugal: onde tecnologia, design, sofistica\u00e7\u00e3o e sustentabilidade se encontram no segmento premium - Mais Magazine","robots":{"index":"index","follow":"follow","max-snippet":"max-snippet:-1","max-image-preview":"max-image-preview:large","max-video-preview":"max-video-preview:-1"},"canonical":"http:\/\/maismagazine.pt\/index.php\/2025\/10\/24\/audi-portugal-onde-tecnologia-design-sofisticacao-e-sustentabilidade-se-encontram-no-segmento-premium\/","og_locale":"pt_PT","og_type":"article","og_title":"Audi Portugal: onde tecnologia, design, sofistica\u00e7\u00e3o e sustentabilidade se encontram no segmento premium - Mais Magazine","og_description":"A Mais Magazine esteve \u00e0 conversa com Nuno Mendon\u00e7a, Diretor-Geral da Audi Portugal, que refor\u00e7a o posicionamento da marca como refer\u00eancia no segmento premium, onde design, tecnologia e exclusividade se unem para criar uma experi\u00eancia verdadeiramente distinta. Mais do que fabricar autom\u00f3veis, a Audi prop\u00f5e um luxury lifestyle contempor\u00e2neo, assente&hellip;","og_url":"http:\/\/maismagazine.pt\/index.php\/2025\/10\/24\/audi-portugal-onde-tecnologia-design-sofisticacao-e-sustentabilidade-se-encontram-no-segmento-premium\/","og_site_name":"Mais Magazine","article_published_time":"2025-10-24T06:00:00+00:00","og_image":[{"width":672,"height":448,"url":"http:\/\/maismagazine.pt\/wp-content\/uploads\/2025\/10\/PDNS0403-Enhanced-NR-Edit.jpg","type":"image\/jpeg"}],"author":"Tatiana Martins","twitter_card":"summary_large_image","twitter_misc":{"Escrito por":false,"Tempo estimado de leitura":"6 minutos"},"schema":{"@context":"https:\/\/schema.org","@graph":[{"@type":"Article","@id":"http:\/\/maismagazine.pt\/index.php\/2025\/10\/24\/audi-portugal-onde-tecnologia-design-sofisticacao-e-sustentabilidade-se-encontram-no-segmento-premium\/#article","isPartOf":{"@id":"http:\/\/maismagazine.pt\/index.php\/2025\/10\/24\/audi-portugal-onde-tecnologia-design-sofisticacao-e-sustentabilidade-se-encontram-no-segmento-premium\/"},"author":{"name":"Tatiana Martins","@id":"http:\/\/maismagazine.pt\/#\/schema\/person\/7426e2caeb8df32a1b56aa48dae778c9"},"headline":"Audi Portugal: onde tecnologia, design, sofistica\u00e7\u00e3o e sustentabilidade se encontram no segmento premium","datePublished":"2025-10-24T06:00:00+00:00","mainEntityOfPage":{"@id":"http:\/\/maismagazine.pt\/index.php\/2025\/10\/24\/audi-portugal-onde-tecnologia-design-sofisticacao-e-sustentabilidade-se-encontram-no-segmento-premium\/"},"wordCount":994,"publisher":{"@id":"http:\/\/maismagazine.pt\/#organization"},"image":{"@id":"http:\/\/maismagazine.pt\/index.php\/2025\/10\/24\/audi-portugal-onde-tecnologia-design-sofisticacao-e-sustentabilidade-se-encontram-no-segmento-premium\/#primaryimage"},"thumbnailUrl":"http:\/\/maismagazine.pt\/wp-content\/uploads\/2025\/10\/PDNS0403-Enhanced-NR-Edit.jpg","keywords":["Audi Portugal","Luxury lifestyle"],"articleSection":["Destaques"],"inLanguage":"pt-PT"},{"@type":"WebPage","@id":"http:\/\/maismagazine.pt\/index.php\/2025\/10\/24\/audi-portugal-onde-tecnologia-design-sofisticacao-e-sustentabilidade-se-encontram-no-segmento-premium\/","url":"http:\/\/maismagazine.pt\/index.php\/2025\/10\/24\/audi-portugal-onde-tecnologia-design-sofisticacao-e-sustentabilidade-se-encontram-no-segmento-premium\/","name":"Audi Portugal: onde tecnologia, design, sofistica\u00e7\u00e3o e sustentabilidade se encontram no segmento premium - Mais Magazine","isPartOf":{"@id":"http:\/\/maismagazine.pt\/#website"},"primaryImageOfPage":{"@id":"http:\/\/maismagazine.pt\/index.php\/2025\/10\/24\/audi-portugal-onde-tecnologia-design-sofisticacao-e-sustentabilidade-se-encontram-no-segmento-premium\/#primaryimage"},"image":{"@id":"http:\/\/maismagazine.pt\/index.php\/2025\/10\/24\/audi-portugal-onde-tecnologia-design-sofisticacao-e-sustentabilidade-se-encontram-no-segmento-premium\/#primaryimage"},"thumbnailUrl":"http:\/\/maismagazine.pt\/wp-content\/uploads\/2025\/10\/PDNS0403-Enhanced-NR-Edit.jpg","datePublished":"2025-10-24T06:00:00+00:00","breadcrumb":{"@id":"http:\/\/maismagazine.pt\/index.php\/2025\/10\/24\/audi-portugal-onde-tecnologia-design-sofisticacao-e-sustentabilidade-se-encontram-no-segmento-premium\/#breadcrumb"},"inLanguage":"pt-PT","potentialAction":[{"@type":"ReadAction","target":["http:\/\/maismagazine.pt\/index.php\/2025\/10\/24\/audi-portugal-onde-tecnologia-design-sofisticacao-e-sustentabilidade-se-encontram-no-segmento-premium\/"]}]},{"@type":"ImageObject","inLanguage":"pt-PT","@id":"http:\/\/maismagazine.pt\/index.php\/2025\/10\/24\/audi-portugal-onde-tecnologia-design-sofisticacao-e-sustentabilidade-se-encontram-no-segmento-premium\/#primaryimage","url":"http:\/\/maismagazine.pt\/wp-content\/uploads\/2025\/10\/PDNS0403-Enhanced-NR-Edit.jpg","contentUrl":"http:\/\/maismagazine.pt\/wp-content\/uploads\/2025\/10\/PDNS0403-Enhanced-NR-Edit.jpg","width":672,"height":448,"caption":"Nuno Mendon\u00e7a, Diretor-Geral da Audi Portugal"},{"@type":"BreadcrumbList","@id":"http:\/\/maismagazine.pt\/index.php\/2025\/10\/24\/audi-portugal-onde-tecnologia-design-sofisticacao-e-sustentabilidade-se-encontram-no-segmento-premium\/#breadcrumb","itemListElement":[{"@type":"ListItem","position":1,"name":"Home","item":"http:\/\/maismagazine.pt\/"},{"@type":"ListItem","position":2,"name":"Audi Portugal: onde tecnologia, design, sofistica\u00e7\u00e3o e sustentabilidade se encontram no segmento premium"}]},{"@type":"WebSite","@id":"http:\/\/maismagazine.pt\/#website","url":"http:\/\/maismagazine.pt\/","name":"Mais Magazine","description":"","publisher":{"@id":"http:\/\/maismagazine.pt\/#organization"},"potentialAction":[{"@type":"SearchAction","target":{"@type":"EntryPoint","urlTemplate":"http:\/\/maismagazine.pt\/?s={search_term_string}"},"query-input":{"@type":"PropertyValueSpecification","valueRequired":true,"valueName":"search_term_string"}}],"inLanguage":"pt-PT"},{"@type":"Organization","@id":"http:\/\/maismagazine.pt\/#organization","name":"Mais Magazine","url":"http:\/\/maismagazine.pt\/","logo":{"@type":"ImageObject","inLanguage":"pt-PT","@id":"http:\/\/maismagazine.pt\/#\/schema\/logo\/image\/","url":"http:\/\/maismagazine.pt\/wp-content\/uploads\/2020\/04\/cropped-cropped-mais-magazine-site-logo-2.png","contentUrl":"http:\/\/maismagazine.pt\/wp-content\/uploads\/2020\/04\/cropped-cropped-mais-magazine-site-logo-2.png","width":581,"height":90,"caption":"Mais Magazine"},"image":{"@id":"http:\/\/maismagazine.pt\/#\/schema\/logo\/image\/"}},{"@type":"Person","@id":"http:\/\/maismagazine.pt\/#\/schema\/person\/7426e2caeb8df32a1b56aa48dae778c9","name":"Tatiana Martins","image":{"@type":"ImageObject","inLanguage":"pt-PT","@id":"http:\/\/maismagazine.pt\/#\/schema\/person\/image\/","url":"https:\/\/secure.gravatar.com\/avatar\/4b24a57f5d0425f2eb20981c4b53244e?s=96&d=mm&r=g","contentUrl":"https:\/\/secure.gravatar.com\/avatar\/4b24a57f5d0425f2eb20981c4b53244e?s=96&d=mm&r=g","caption":"Tatiana Martins"},"url":"http:\/\/maismagazine.pt\/index.php\/author\/tatiana\/"}]}},"author_meta":{"display_name":false,"author_link":"http:\/\/maismagazine.pt\/index.php\/author\/tatiana\/"},"featured_img":"http:\/\/maismagazine.pt\/wp-content\/uploads\/2025\/10\/PDNS0403-Enhanced-NR-Edit-300x200.jpg","coauthors":[],"tax_additional":{"categories":{"linked":["<a href=\"http:\/\/maismagazine.pt\/index.php\/category\/destaques\/\" class=\"advgb-post-tax-term\">Destaques<\/a>"],"unlinked":["<span class=\"advgb-post-tax-term\">Destaques<\/span>"]},"tags":{"linked":["<a href=\"http:\/\/maismagazine.pt\/index.php\/category\/destaques\/\" class=\"advgb-post-tax-term\">Audi Portugal<\/a>","<a href=\"http:\/\/maismagazine.pt\/index.php\/category\/destaques\/\" class=\"advgb-post-tax-term\">Luxury lifestyle<\/a>"],"unlinked":["<span class=\"advgb-post-tax-term\">Audi Portugal<\/span>","<span class=\"advgb-post-tax-term\">Luxury lifestyle<\/span>"]}},"comment_count":"0","relative_dates":{"created":"Posted 6 meses ago","modified":"Updated 6 meses ago"},"absolute_dates":{"created":"Posted on 24 de Outubro, 2025","modified":"Updated on 21 de Outubro, 2025"},"absolute_dates_time":{"created":"Posted on 24 de Outubro, 2025 7:00","modified":"Updated on 21 de Outubro, 2025 15:44"},"featured_img_caption":"Nuno Mendon\u00e7a, Diretor-Geral da Audi Portugal","series_order":"","_links":{"self":[{"href":"http:\/\/maismagazine.pt\/index.php\/wp-json\/wp\/v2\/posts\/12899","targetHints":{"allow":["GET"]}}],"collection":[{"href":"http:\/\/maismagazine.pt\/index.php\/wp-json\/wp\/v2\/posts"}],"about":[{"href":"http:\/\/maismagazine.pt\/index.php\/wp-json\/wp\/v2\/types\/post"}],"author":[{"embeddable":true,"href":"http:\/\/maismagazine.pt\/index.php\/wp-json\/wp\/v2\/users\/18"}],"replies":[{"embeddable":true,"href":"http:\/\/maismagazine.pt\/index.php\/wp-json\/wp\/v2\/comments?post=12899"}],"version-history":[{"count":1,"href":"http:\/\/maismagazine.pt\/index.php\/wp-json\/wp\/v2\/posts\/12899\/revisions"}],"predecessor-version":[{"id":12915,"href":"http:\/\/maismagazine.pt\/index.php\/wp-json\/wp\/v2\/posts\/12899\/revisions\/12915"}],"wp:featuredmedia":[{"embeddable":true,"href":"http:\/\/maismagazine.pt\/index.php\/wp-json\/wp\/v2\/media\/12907"}],"wp:attachment":[{"href":"http:\/\/maismagazine.pt\/index.php\/wp-json\/wp\/v2\/media?parent=12899"}],"wp:term":[{"taxonomy":"category","embeddable":true,"href":"http:\/\/maismagazine.pt\/index.php\/wp-json\/wp\/v2\/categories?post=12899"},{"taxonomy":"post_tag","embeddable":true,"href":"http:\/\/maismagazine.pt\/index.php\/wp-json\/wp\/v2\/tags?post=12899"}],"curies":[{"name":"wp","href":"https:\/\/api.w.org\/{rel}","templated":true}]}}