{"id":12886,"date":"2025-10-24T07:00:00","date_gmt":"2025-10-24T06:00:00","guid":{"rendered":"https:\/\/maismagazine.pt\/?p=12886"},"modified":"2025-10-21T15:42:20","modified_gmt":"2025-10-21T14:42:20","slug":"associacao-portuguesa-para-a-promocao-da-seguranca-da-informacao-ap2si","status":"publish","type":"post","link":"http:\/\/maismagazine.pt\/index.php\/2025\/10\/24\/associacao-portuguesa-para-a-promocao-da-seguranca-da-informacao-ap2si\/","title":{"rendered":"Associa\u00e7\u00e3o Portuguesa para a Promo\u00e7\u00e3o da Seguran\u00e7a da Informa\u00e7\u00e3o (AP2SI)"},"content":{"rendered":"\n<p>Vivemos numa era em que a digitaliza\u00e7\u00e3o deixou de ser uma op\u00e7\u00e3o, \u00e9 hoje uma condi\u00e7\u00e3o de sobreviv\u00eancia empresarial. A pandemia acelerou a transi\u00e7\u00e3o, a cloud tornou-se inevit\u00e1vel e a intelig\u00eancia artificial ganhou relev\u00e2ncia. No entanto, torna-se importante ressalvar, o mesmo movimento exponencial, que abre hoje novas avenidas de inova\u00e7\u00e3o e competitividade, tamb\u00e9m exp\u00f5e vulnerabilidades in\u00e9ditas. \u00c9 neste contexto que surgem as preocupa\u00e7\u00f5es relacionadas com a ciberseguran\u00e7a, um tema t\u00e3o atual quanto complexo, mas absolutamente vital para a continuidade das empresas portuguesas. Durante demasiado tempo, muitos l\u00edderes entendiam a seguran\u00e7a digital como uma preocupa\u00e7\u00e3o exclusivamente t\u00e9cnica, demasiadas vezes vista como um capricho, era considerada um custo, sendo ano ap\u00f3s ano constantemente adiada. Actualmente, esse pensamento \u00e9, um claro risco existencial para qualquer organiza\u00e7\u00e3o. Sabe-se que um ataque pode nascer de um comportamento negligente, de uma credencial exposta, por quem n\u00e3o tem a no\u00e7\u00e3o do risco, ou pela fragilidade de uma entidade parte integrante da cadeia de fornecedores, de uma organiza\u00e7\u00e3o mais complexa. Come\u00e7a a surgir uma consci\u00eancia coletiva incitando uma mudan\u00e7a, claramente j\u00e1 em curso, na nossa sociedade, onde a ciberseguran\u00e7a j\u00e1 surge como parte integrante da estrat\u00e9gia de in\u00fameras organiza\u00e7\u00f5es.   <\/p>\n\n\n\n<p><\/p>\n\n\n\n<p>\u00c9, no entanto, importante alinhar expetativas, uma estrat\u00e9gia de ciberseguran\u00e7a constr\u00f3i-se com tempo, vis\u00e3o e cultura. Cultura de ciberseguran\u00e7a desde a origem, onde os processos nascem j\u00e1 protegidos. Cultura de responsabilidade partilhada, em que cada colaborador sabe que tamb\u00e9m \u00e9 guardi\u00e3o da informa\u00e7\u00e3o. Cultura de lideran\u00e7a, em que o CEO e a administra\u00e7\u00e3o entendem que a ciberseguran\u00e7a n\u00e3o \u00e9 um custo, mas um investimento estrutural. Tamb\u00e9m o Estado tem aqui uma fun\u00e7\u00e3o cr\u00edtica: criar pol\u00edticas eficazes, incentivar a adop\u00e7\u00e3o de boas pr\u00e1ticas, apoiar especialmente as PME e garantir um ecossistema de coopera\u00e7\u00e3o e partilha. S\u00f3 assim Portugal poder\u00e1 refor\u00e7ar a sua resili\u00eancia colectiva, num mundo onde a interdepend\u00eancia \u00e9 t\u00e3o perigosa quanto inevit\u00e1vel. <\/p>\n\n\n\n<p><\/p>\n\n\n\n<p>\u00c9 hoje entendido que, em poucas horas, uma organiza\u00e7\u00e3o atacada pode perder o seu ativo mais valioso a sua reputa\u00e7\u00e3o e, em casos extremos, a pr\u00f3pria viabilidade do neg\u00f3cio. Nesse sentido, n\u00e3o nos poderemos esquecer que a ciberseguran\u00e7a n\u00e3o \u00e9 um luxo, nem um extra; \u00e9 o chap\u00e9u de uma infraestrutura invis\u00edvel que sustenta a confian\u00e7a, a inova\u00e7\u00e3o e o futuro da nossa sociedade.     <\/p>\n\n\n\n<p><\/p>\n\n\n\n<p class=\"has-text-align-right\"><em>Miguel Gon\u00e7alves, Presidente da Associa\u00e7\u00e3o Portuguesa para a Promo\u00e7\u00e3o da Seguran\u00e7a da Informa\u00e7\u00e3o (AP2SI)<\/em><\/p>\n\n\n\n<p><\/p>\n\n\n\n<p class=\"has-text-align-right\"><em> <\/em><\/p>\n\n\n<div class=\"wp-block-image\">\n<figure class=\"aligncenter size-full is-resized\"><img loading=\"lazy\" decoding=\"async\" width=\"1000\" height=\"288\" src=\"https:\/\/maismagazine.pt\/wp-content\/uploads\/2025\/10\/cropped-ap2si-logo-1000x2881-1.png\" alt=\"\" class=\"wp-image-12889\" style=\"width:472px;height:auto\" srcset=\"http:\/\/maismagazine.pt\/wp-content\/uploads\/2025\/10\/cropped-ap2si-logo-1000x2881-1.png 1000w, http:\/\/maismagazine.pt\/wp-content\/uploads\/2025\/10\/cropped-ap2si-logo-1000x2881-1-300x86.png 300w, http:\/\/maismagazine.pt\/wp-content\/uploads\/2025\/10\/cropped-ap2si-logo-1000x2881-1-768x221.png 768w\" sizes=\"auto, (max-width: 1000px) 100vw, 1000px\" \/><\/figure><\/div>","protected":false},"excerpt":{"rendered":"<p>Vivemos numa era em que a digitaliza\u00e7\u00e3o deixou de ser uma op\u00e7\u00e3o, \u00e9 hoje uma condi\u00e7\u00e3o de sobreviv\u00eancia empresarial. A pandemia acelerou a transi\u00e7\u00e3o, a cloud tornou-se inevit\u00e1vel e a intelig\u00eancia artificial ganhou relev\u00e2ncia. No entanto, torna-se importante ressalvar, o mesmo movimento exponencial, que abre hoje novas avenidas de inova\u00e7\u00e3o&hellip;<\/p>\n","protected":false},"author":17,"featured_media":12892,"comment_status":"closed","ping_status":"open","sticky":false,"template":"","format":"standard","meta":{"advgb_blocks_editor_width":"","advgb_blocks_columns_visual_guide":"","_monsterinsights_skip_tracking":false,"_monsterinsights_sitenote_active":false,"_monsterinsights_sitenote_note":"","_monsterinsights_sitenote_category":0,"footnotes":""},"categories":[52,51],"tags":[2477],"class_list":["post-12886","post","type-post","status-publish","format-standard","has-post-thumbnail","hentry","category-destaque","category-opiniao","tag-apsi"],"yoast_head":"<!-- This site is optimized with the Yoast SEO plugin v24.4 - https:\/\/yoast.com\/wordpress\/plugins\/seo\/ -->\n<title>Associa\u00e7\u00e3o Portuguesa para a Promo\u00e7\u00e3o da Seguran\u00e7a da Informa\u00e7\u00e3o (AP2SI) - Mais Magazine<\/title>\n<meta name=\"description\" content=\"Vivemos numa era em que a digitaliza\u00e7\u00e3o deixou de ser uma op\u00e7\u00e3o, \u00e9 hoje uma condi\u00e7\u00e3o de sobreviv\u00eancia empresarial. A pandemia acelerou a transi\u00e7\u00e3o, a cloud tornou-se inevit\u00e1vel e a intelig\u00eancia artificial ganhou relev\u00e2ncia. No entanto, torna-se importante ressalvar, o mesmo movimento exponencial, que abre hoje novas avenidas de inova\u00e7\u00e3o e competitividade, tamb\u00e9m exp\u00f5e vulnerabilidades in\u00e9ditas\" \/>\n<meta name=\"robots\" content=\"index, follow, max-snippet:-1, max-image-preview:large, max-video-preview:-1\" \/>\n<link rel=\"canonical\" href=\"https:\/\/maismagazine.pt\/index.php\/2025\/10\/24\/associacao-portuguesa-para-a-promocao-da-seguranca-da-informacao-ap2si\/\" \/>\n<meta property=\"og:locale\" content=\"pt_PT\" \/>\n<meta property=\"og:type\" content=\"article\" \/>\n<meta property=\"og:title\" content=\"Associa\u00e7\u00e3o Portuguesa para a Promo\u00e7\u00e3o da Seguran\u00e7a da Informa\u00e7\u00e3o (AP2SI) - Mais Magazine\" \/>\n<meta property=\"og:description\" content=\"Vivemos numa era em que a digitaliza\u00e7\u00e3o deixou de ser uma op\u00e7\u00e3o, \u00e9 hoje uma condi\u00e7\u00e3o de sobreviv\u00eancia empresarial. A pandemia acelerou a transi\u00e7\u00e3o, a cloud tornou-se inevit\u00e1vel e a intelig\u00eancia artificial ganhou relev\u00e2ncia. No entanto, torna-se importante ressalvar, o mesmo movimento exponencial, que abre hoje novas avenidas de inova\u00e7\u00e3o e competitividade, tamb\u00e9m exp\u00f5e vulnerabilidades in\u00e9ditas\" \/>\n<meta property=\"og:url\" content=\"https:\/\/maismagazine.pt\/index.php\/2025\/10\/24\/associacao-portuguesa-para-a-promocao-da-seguranca-da-informacao-ap2si\/\" \/>\n<meta property=\"og:site_name\" content=\"Mais Magazine\" \/>\n<meta property=\"article:published_time\" content=\"2025-10-24T06:00:00+00:00\" \/>\n<meta property=\"og:image\" content=\"https:\/\/maismagazine.pt\/wp-content\/uploads\/2025\/10\/Miguel_Goncalves.jpg\" \/>\n\t<meta property=\"og:image:width\" content=\"560\" \/>\n\t<meta property=\"og:image:height\" content=\"560\" \/>\n\t<meta property=\"og:image:type\" content=\"image\/jpeg\" \/>\n<meta name=\"author\" content=\"Tiago Costa\" \/>\n<meta name=\"twitter:card\" content=\"summary_large_image\" \/>\n<meta name=\"twitter:label1\" content=\"Escrito por\" \/>\n\t<meta name=\"twitter:data1\" content=\"\" \/>\n\t<meta name=\"twitter:label2\" content=\"Tempo estimado de leitura\" \/>\n\t<meta name=\"twitter:data2\" content=\"3 minutos\" \/>\n<script type=\"application\/ld+json\" class=\"yoast-schema-graph\">{\"@context\":\"https:\/\/schema.org\",\"@graph\":[{\"@type\":\"Article\",\"@id\":\"https:\/\/maismagazine.pt\/index.php\/2025\/10\/24\/associacao-portuguesa-para-a-promocao-da-seguranca-da-informacao-ap2si\/#article\",\"isPartOf\":{\"@id\":\"https:\/\/maismagazine.pt\/index.php\/2025\/10\/24\/associacao-portuguesa-para-a-promocao-da-seguranca-da-informacao-ap2si\/\"},\"author\":{\"name\":\"Tiago Costa\",\"@id\":\"https:\/\/maismagazine.pt\/#\/schema\/person\/c6c5bfccc886434cbd11c74e035f9646\"},\"headline\":\"Associa\u00e7\u00e3o Portuguesa para a Promo\u00e7\u00e3o da Seguran\u00e7a da Informa\u00e7\u00e3o (AP2SI)\",\"datePublished\":\"2025-10-24T06:00:00+00:00\",\"mainEntityOfPage\":{\"@id\":\"https:\/\/maismagazine.pt\/index.php\/2025\/10\/24\/associacao-portuguesa-para-a-promocao-da-seguranca-da-informacao-ap2si\/\"},\"wordCount\":459,\"publisher\":{\"@id\":\"https:\/\/maismagazine.pt\/#organization\"},\"image\":{\"@id\":\"https:\/\/maismagazine.pt\/index.php\/2025\/10\/24\/associacao-portuguesa-para-a-promocao-da-seguranca-da-informacao-ap2si\/#primaryimage\"},\"thumbnailUrl\":\"http:\/\/maismagazine.pt\/wp-content\/uploads\/2025\/10\/Miguel_Goncalves.jpg\",\"keywords\":[\"APSI\"],\"articleSection\":[\"Destaque lateral\",\"Opini\u00e3o\"],\"inLanguage\":\"pt-PT\"},{\"@type\":\"WebPage\",\"@id\":\"https:\/\/maismagazine.pt\/index.php\/2025\/10\/24\/associacao-portuguesa-para-a-promocao-da-seguranca-da-informacao-ap2si\/\",\"url\":\"https:\/\/maismagazine.pt\/index.php\/2025\/10\/24\/associacao-portuguesa-para-a-promocao-da-seguranca-da-informacao-ap2si\/\",\"name\":\"Associa\u00e7\u00e3o Portuguesa para a Promo\u00e7\u00e3o da Seguran\u00e7a da Informa\u00e7\u00e3o (AP2SI) - Mais Magazine\",\"isPartOf\":{\"@id\":\"https:\/\/maismagazine.pt\/#website\"},\"primaryImageOfPage\":{\"@id\":\"https:\/\/maismagazine.pt\/index.php\/2025\/10\/24\/associacao-portuguesa-para-a-promocao-da-seguranca-da-informacao-ap2si\/#primaryimage\"},\"image\":{\"@id\":\"https:\/\/maismagazine.pt\/index.php\/2025\/10\/24\/associacao-portuguesa-para-a-promocao-da-seguranca-da-informacao-ap2si\/#primaryimage\"},\"thumbnailUrl\":\"http:\/\/maismagazine.pt\/wp-content\/uploads\/2025\/10\/Miguel_Goncalves.jpg\",\"datePublished\":\"2025-10-24T06:00:00+00:00\",\"description\":\"Vivemos numa era em que a digitaliza\u00e7\u00e3o deixou de ser uma op\u00e7\u00e3o, \u00e9 hoje uma condi\u00e7\u00e3o de sobreviv\u00eancia empresarial. A pandemia acelerou a transi\u00e7\u00e3o, a cloud tornou-se inevit\u00e1vel e a intelig\u00eancia artificial ganhou relev\u00e2ncia. No entanto, torna-se importante ressalvar, o mesmo movimento exponencial, que abre hoje novas avenidas de inova\u00e7\u00e3o e competitividade, tamb\u00e9m exp\u00f5e vulnerabilidades in\u00e9ditas\",\"breadcrumb\":{\"@id\":\"https:\/\/maismagazine.pt\/index.php\/2025\/10\/24\/associacao-portuguesa-para-a-promocao-da-seguranca-da-informacao-ap2si\/#breadcrumb\"},\"inLanguage\":\"pt-PT\",\"potentialAction\":[{\"@type\":\"ReadAction\",\"target\":[\"https:\/\/maismagazine.pt\/index.php\/2025\/10\/24\/associacao-portuguesa-para-a-promocao-da-seguranca-da-informacao-ap2si\/\"]}]},{\"@type\":\"ImageObject\",\"inLanguage\":\"pt-PT\",\"@id\":\"https:\/\/maismagazine.pt\/index.php\/2025\/10\/24\/associacao-portuguesa-para-a-promocao-da-seguranca-da-informacao-ap2si\/#primaryimage\",\"url\":\"http:\/\/maismagazine.pt\/wp-content\/uploads\/2025\/10\/Miguel_Goncalves.jpg\",\"contentUrl\":\"http:\/\/maismagazine.pt\/wp-content\/uploads\/2025\/10\/Miguel_Goncalves.jpg\",\"width\":560,\"height\":560},{\"@type\":\"BreadcrumbList\",\"@id\":\"https:\/\/maismagazine.pt\/index.php\/2025\/10\/24\/associacao-portuguesa-para-a-promocao-da-seguranca-da-informacao-ap2si\/#breadcrumb\",\"itemListElement\":[{\"@type\":\"ListItem\",\"position\":1,\"name\":\"Home\",\"item\":\"https:\/\/maismagazine.pt\/\"},{\"@type\":\"ListItem\",\"position\":2,\"name\":\"Associa\u00e7\u00e3o Portuguesa para a Promo\u00e7\u00e3o da Seguran\u00e7a da Informa\u00e7\u00e3o (AP2SI)\"}]},{\"@type\":\"WebSite\",\"@id\":\"https:\/\/maismagazine.pt\/#website\",\"url\":\"https:\/\/maismagazine.pt\/\",\"name\":\"Mais Magazine\",\"description\":\"\",\"publisher\":{\"@id\":\"https:\/\/maismagazine.pt\/#organization\"},\"potentialAction\":[{\"@type\":\"SearchAction\",\"target\":{\"@type\":\"EntryPoint\",\"urlTemplate\":\"https:\/\/maismagazine.pt\/?s={search_term_string}\"},\"query-input\":{\"@type\":\"PropertyValueSpecification\",\"valueRequired\":true,\"valueName\":\"search_term_string\"}}],\"inLanguage\":\"pt-PT\"},{\"@type\":\"Organization\",\"@id\":\"https:\/\/maismagazine.pt\/#organization\",\"name\":\"Mais Magazine\",\"url\":\"https:\/\/maismagazine.pt\/\",\"logo\":{\"@type\":\"ImageObject\",\"inLanguage\":\"pt-PT\",\"@id\":\"https:\/\/maismagazine.pt\/#\/schema\/logo\/image\/\",\"url\":\"http:\/\/maismagazine.pt\/wp-content\/uploads\/2020\/04\/cropped-cropped-mais-magazine-site-logo-2.png\",\"contentUrl\":\"http:\/\/maismagazine.pt\/wp-content\/uploads\/2020\/04\/cropped-cropped-mais-magazine-site-logo-2.png\",\"width\":581,\"height\":90,\"caption\":\"Mais Magazine\"},\"image\":{\"@id\":\"https:\/\/maismagazine.pt\/#\/schema\/logo\/image\/\"}},{\"@type\":\"Person\",\"@id\":\"https:\/\/maismagazine.pt\/#\/schema\/person\/c6c5bfccc886434cbd11c74e035f9646\",\"name\":\"Tiago Costa\",\"image\":{\"@type\":\"ImageObject\",\"inLanguage\":\"pt-PT\",\"@id\":\"https:\/\/maismagazine.pt\/#\/schema\/person\/image\/\",\"url\":\"https:\/\/secure.gravatar.com\/avatar\/c599b2bce16c9870429198cbad5ee022?s=96&d=mm&r=g\",\"contentUrl\":\"https:\/\/secure.gravatar.com\/avatar\/c599b2bce16c9870429198cbad5ee022?s=96&d=mm&r=g\",\"caption\":\"Tiago Costa\"},\"url\":\"http:\/\/maismagazine.pt\/index.php\/author\/tiago\/\"}]}<\/script>\n<!-- \/ Yoast SEO plugin. -->","yoast_head_json":{"title":"Associa\u00e7\u00e3o Portuguesa para a Promo\u00e7\u00e3o da Seguran\u00e7a da Informa\u00e7\u00e3o (AP2SI) - Mais Magazine","description":"Vivemos numa era em que a digitaliza\u00e7\u00e3o deixou de ser uma op\u00e7\u00e3o, \u00e9 hoje uma condi\u00e7\u00e3o de sobreviv\u00eancia empresarial. A pandemia acelerou a transi\u00e7\u00e3o, a cloud tornou-se inevit\u00e1vel e a intelig\u00eancia artificial ganhou relev\u00e2ncia. No entanto, torna-se importante ressalvar, o mesmo movimento exponencial, que abre hoje novas avenidas de inova\u00e7\u00e3o e competitividade, tamb\u00e9m exp\u00f5e vulnerabilidades in\u00e9ditas","robots":{"index":"index","follow":"follow","max-snippet":"max-snippet:-1","max-image-preview":"max-image-preview:large","max-video-preview":"max-video-preview:-1"},"canonical":"https:\/\/maismagazine.pt\/index.php\/2025\/10\/24\/associacao-portuguesa-para-a-promocao-da-seguranca-da-informacao-ap2si\/","og_locale":"pt_PT","og_type":"article","og_title":"Associa\u00e7\u00e3o Portuguesa para a Promo\u00e7\u00e3o da Seguran\u00e7a da Informa\u00e7\u00e3o (AP2SI) - Mais Magazine","og_description":"Vivemos numa era em que a digitaliza\u00e7\u00e3o deixou de ser uma op\u00e7\u00e3o, \u00e9 hoje uma condi\u00e7\u00e3o de sobreviv\u00eancia empresarial. A pandemia acelerou a transi\u00e7\u00e3o, a cloud tornou-se inevit\u00e1vel e a intelig\u00eancia artificial ganhou relev\u00e2ncia. No entanto, torna-se importante ressalvar, o mesmo movimento exponencial, que abre hoje novas avenidas de inova\u00e7\u00e3o e competitividade, tamb\u00e9m exp\u00f5e vulnerabilidades in\u00e9ditas","og_url":"https:\/\/maismagazine.pt\/index.php\/2025\/10\/24\/associacao-portuguesa-para-a-promocao-da-seguranca-da-informacao-ap2si\/","og_site_name":"Mais Magazine","article_published_time":"2025-10-24T06:00:00+00:00","og_image":[{"width":560,"height":560,"url":"https:\/\/maismagazine.pt\/wp-content\/uploads\/2025\/10\/Miguel_Goncalves.jpg","type":"image\/jpeg"}],"author":"Tiago Costa","twitter_card":"summary_large_image","twitter_misc":{"Escrito por":false,"Tempo estimado de leitura":"3 minutos"},"schema":{"@context":"https:\/\/schema.org","@graph":[{"@type":"Article","@id":"https:\/\/maismagazine.pt\/index.php\/2025\/10\/24\/associacao-portuguesa-para-a-promocao-da-seguranca-da-informacao-ap2si\/#article","isPartOf":{"@id":"https:\/\/maismagazine.pt\/index.php\/2025\/10\/24\/associacao-portuguesa-para-a-promocao-da-seguranca-da-informacao-ap2si\/"},"author":{"name":"Tiago Costa","@id":"https:\/\/maismagazine.pt\/#\/schema\/person\/c6c5bfccc886434cbd11c74e035f9646"},"headline":"Associa\u00e7\u00e3o Portuguesa para a Promo\u00e7\u00e3o da Seguran\u00e7a da Informa\u00e7\u00e3o (AP2SI)","datePublished":"2025-10-24T06:00:00+00:00","mainEntityOfPage":{"@id":"https:\/\/maismagazine.pt\/index.php\/2025\/10\/24\/associacao-portuguesa-para-a-promocao-da-seguranca-da-informacao-ap2si\/"},"wordCount":459,"publisher":{"@id":"https:\/\/maismagazine.pt\/#organization"},"image":{"@id":"https:\/\/maismagazine.pt\/index.php\/2025\/10\/24\/associacao-portuguesa-para-a-promocao-da-seguranca-da-informacao-ap2si\/#primaryimage"},"thumbnailUrl":"http:\/\/maismagazine.pt\/wp-content\/uploads\/2025\/10\/Miguel_Goncalves.jpg","keywords":["APSI"],"articleSection":["Destaque lateral","Opini\u00e3o"],"inLanguage":"pt-PT"},{"@type":"WebPage","@id":"https:\/\/maismagazine.pt\/index.php\/2025\/10\/24\/associacao-portuguesa-para-a-promocao-da-seguranca-da-informacao-ap2si\/","url":"https:\/\/maismagazine.pt\/index.php\/2025\/10\/24\/associacao-portuguesa-para-a-promocao-da-seguranca-da-informacao-ap2si\/","name":"Associa\u00e7\u00e3o Portuguesa para a Promo\u00e7\u00e3o da Seguran\u00e7a da Informa\u00e7\u00e3o (AP2SI) - Mais Magazine","isPartOf":{"@id":"https:\/\/maismagazine.pt\/#website"},"primaryImageOfPage":{"@id":"https:\/\/maismagazine.pt\/index.php\/2025\/10\/24\/associacao-portuguesa-para-a-promocao-da-seguranca-da-informacao-ap2si\/#primaryimage"},"image":{"@id":"https:\/\/maismagazine.pt\/index.php\/2025\/10\/24\/associacao-portuguesa-para-a-promocao-da-seguranca-da-informacao-ap2si\/#primaryimage"},"thumbnailUrl":"http:\/\/maismagazine.pt\/wp-content\/uploads\/2025\/10\/Miguel_Goncalves.jpg","datePublished":"2025-10-24T06:00:00+00:00","description":"Vivemos numa era em que a digitaliza\u00e7\u00e3o deixou de ser uma op\u00e7\u00e3o, \u00e9 hoje uma condi\u00e7\u00e3o de sobreviv\u00eancia empresarial. A pandemia acelerou a transi\u00e7\u00e3o, a cloud tornou-se inevit\u00e1vel e a intelig\u00eancia artificial ganhou relev\u00e2ncia. No entanto, torna-se importante ressalvar, o mesmo movimento exponencial, que abre hoje novas avenidas de inova\u00e7\u00e3o e competitividade, tamb\u00e9m exp\u00f5e vulnerabilidades in\u00e9ditas","breadcrumb":{"@id":"https:\/\/maismagazine.pt\/index.php\/2025\/10\/24\/associacao-portuguesa-para-a-promocao-da-seguranca-da-informacao-ap2si\/#breadcrumb"},"inLanguage":"pt-PT","potentialAction":[{"@type":"ReadAction","target":["https:\/\/maismagazine.pt\/index.php\/2025\/10\/24\/associacao-portuguesa-para-a-promocao-da-seguranca-da-informacao-ap2si\/"]}]},{"@type":"ImageObject","inLanguage":"pt-PT","@id":"https:\/\/maismagazine.pt\/index.php\/2025\/10\/24\/associacao-portuguesa-para-a-promocao-da-seguranca-da-informacao-ap2si\/#primaryimage","url":"http:\/\/maismagazine.pt\/wp-content\/uploads\/2025\/10\/Miguel_Goncalves.jpg","contentUrl":"http:\/\/maismagazine.pt\/wp-content\/uploads\/2025\/10\/Miguel_Goncalves.jpg","width":560,"height":560},{"@type":"BreadcrumbList","@id":"https:\/\/maismagazine.pt\/index.php\/2025\/10\/24\/associacao-portuguesa-para-a-promocao-da-seguranca-da-informacao-ap2si\/#breadcrumb","itemListElement":[{"@type":"ListItem","position":1,"name":"Home","item":"https:\/\/maismagazine.pt\/"},{"@type":"ListItem","position":2,"name":"Associa\u00e7\u00e3o Portuguesa para a Promo\u00e7\u00e3o da Seguran\u00e7a da Informa\u00e7\u00e3o (AP2SI)"}]},{"@type":"WebSite","@id":"https:\/\/maismagazine.pt\/#website","url":"https:\/\/maismagazine.pt\/","name":"Mais Magazine","description":"","publisher":{"@id":"https:\/\/maismagazine.pt\/#organization"},"potentialAction":[{"@type":"SearchAction","target":{"@type":"EntryPoint","urlTemplate":"https:\/\/maismagazine.pt\/?s={search_term_string}"},"query-input":{"@type":"PropertyValueSpecification","valueRequired":true,"valueName":"search_term_string"}}],"inLanguage":"pt-PT"},{"@type":"Organization","@id":"https:\/\/maismagazine.pt\/#organization","name":"Mais Magazine","url":"https:\/\/maismagazine.pt\/","logo":{"@type":"ImageObject","inLanguage":"pt-PT","@id":"https:\/\/maismagazine.pt\/#\/schema\/logo\/image\/","url":"http:\/\/maismagazine.pt\/wp-content\/uploads\/2020\/04\/cropped-cropped-mais-magazine-site-logo-2.png","contentUrl":"http:\/\/maismagazine.pt\/wp-content\/uploads\/2020\/04\/cropped-cropped-mais-magazine-site-logo-2.png","width":581,"height":90,"caption":"Mais Magazine"},"image":{"@id":"https:\/\/maismagazine.pt\/#\/schema\/logo\/image\/"}},{"@type":"Person","@id":"https:\/\/maismagazine.pt\/#\/schema\/person\/c6c5bfccc886434cbd11c74e035f9646","name":"Tiago Costa","image":{"@type":"ImageObject","inLanguage":"pt-PT","@id":"https:\/\/maismagazine.pt\/#\/schema\/person\/image\/","url":"https:\/\/secure.gravatar.com\/avatar\/c599b2bce16c9870429198cbad5ee022?s=96&d=mm&r=g","contentUrl":"https:\/\/secure.gravatar.com\/avatar\/c599b2bce16c9870429198cbad5ee022?s=96&d=mm&r=g","caption":"Tiago Costa"},"url":"http:\/\/maismagazine.pt\/index.php\/author\/tiago\/"}]}},"author_meta":{"display_name":false,"author_link":"http:\/\/maismagazine.pt\/index.php\/author\/tiago\/"},"featured_img":"http:\/\/maismagazine.pt\/wp-content\/uploads\/2025\/10\/Miguel_Goncalves-300x300.jpg","coauthors":[],"tax_additional":{"categories":{"linked":["<a href=\"http:\/\/maismagazine.pt\/index.php\/category\/destaque\/\" class=\"advgb-post-tax-term\">Destaque lateral<\/a>","<a href=\"http:\/\/maismagazine.pt\/index.php\/category\/noticias\/opiniao\/\" class=\"advgb-post-tax-term\">Opini\u00e3o<\/a>"],"unlinked":["<span class=\"advgb-post-tax-term\">Destaque lateral<\/span>","<span class=\"advgb-post-tax-term\">Opini\u00e3o<\/span>"]},"tags":{"linked":["<a href=\"http:\/\/maismagazine.pt\/index.php\/category\/noticias\/opiniao\/\" class=\"advgb-post-tax-term\">APSI<\/a>"],"unlinked":["<span class=\"advgb-post-tax-term\">APSI<\/span>"]}},"comment_count":"0","relative_dates":{"created":"Posted 6 meses ago","modified":"Updated 6 meses ago"},"absolute_dates":{"created":"Posted on 24 de Outubro, 2025","modified":"Updated on 21 de Outubro, 2025"},"absolute_dates_time":{"created":"Posted on 24 de Outubro, 2025 7:00","modified":"Updated on 21 de Outubro, 2025 15:42"},"featured_img_caption":"","series_order":"","_links":{"self":[{"href":"http:\/\/maismagazine.pt\/index.php\/wp-json\/wp\/v2\/posts\/12886","targetHints":{"allow":["GET"]}}],"collection":[{"href":"http:\/\/maismagazine.pt\/index.php\/wp-json\/wp\/v2\/posts"}],"about":[{"href":"http:\/\/maismagazine.pt\/index.php\/wp-json\/wp\/v2\/types\/post"}],"author":[{"embeddable":true,"href":"http:\/\/maismagazine.pt\/index.php\/wp-json\/wp\/v2\/users\/17"}],"replies":[{"embeddable":true,"href":"http:\/\/maismagazine.pt\/index.php\/wp-json\/wp\/v2\/comments?post=12886"}],"version-history":[{"count":2,"href":"http:\/\/maismagazine.pt\/index.php\/wp-json\/wp\/v2\/posts\/12886\/revisions"}],"predecessor-version":[{"id":12895,"href":"http:\/\/maismagazine.pt\/index.php\/wp-json\/wp\/v2\/posts\/12886\/revisions\/12895"}],"wp:featuredmedia":[{"embeddable":true,"href":"http:\/\/maismagazine.pt\/index.php\/wp-json\/wp\/v2\/media\/12892"}],"wp:attachment":[{"href":"http:\/\/maismagazine.pt\/index.php\/wp-json\/wp\/v2\/media?parent=12886"}],"wp:term":[{"taxonomy":"category","embeddable":true,"href":"http:\/\/maismagazine.pt\/index.php\/wp-json\/wp\/v2\/categories?post=12886"},{"taxonomy":"post_tag","embeddable":true,"href":"http:\/\/maismagazine.pt\/index.php\/wp-json\/wp\/v2\/tags?post=12886"}],"curies":[{"name":"wp","href":"https:\/\/api.w.org\/{rel}","templated":true}]}}