{"id":12855,"date":"2025-10-24T07:00:00","date_gmt":"2025-10-24T06:00:00","guid":{"rendered":"https:\/\/maismagazine.pt\/?p=12855"},"modified":"2025-10-21T15:23:47","modified_gmt":"2025-10-21T14:23:47","slug":"a-verdadeira-arquitetura-nunca-e-cenario","status":"publish","type":"post","link":"http:\/\/maismagazine.pt\/index.php\/2025\/10\/24\/a-verdadeira-arquitetura-nunca-e-cenario\/","title":{"rendered":"\u201cA verdadeira arquitetura nunca \u00e9 cen\u00e1rio\u201d"},"content":{"rendered":"\n<p><strong>A Mais Magazine foi falar com a <a href=\"http:\/\/www.rvdm.pt\">RVdM<\/a>, arquitetos em Aveiro, para tentar perceber como trabalha este atelier liderado por Ricardo Vieira de Melo, doutorado em arquitetura e tamb\u00e9m mestre em design de equipamento. Para este arquiteto a arquitetura \u00e9 um meio privilegiado para melhorar a qualidade de vida e o conforto humano, no respeito pela mem\u00f3ria, a biodiversidade e o ambiente. Sendo professor universit\u00e1rio de arquitetura no Porto, foi tamb\u00e9m professor convidado do curso superior de design da Universidade de Aveiro e entende que o desenho projetual \u00e9 um instrumento pol\u00edtico poderoso para propor, organizar e antecipar.<\/strong><\/p>\n\n\n\n<p><\/p>\n\n\n\n<p><strong>O que entende que possam ser os principais aspetos diferenciadores da pr\u00e1tica profissional da RVDM na arquitetura?<\/strong><\/p>\n\n\n\n<p>Tentamos sempre acrescentar valor aos programas e desejos dos clientes, sejam eles p\u00fablicos ou privados. Julgo que essa \u00e9 a nossa responsabilidade enquanto especialistas. Em alguns casos temos conseguido fazer mais com menos, transformando os espa\u00e7os e os lugares em ambientes atrativos e confort\u00e1veis. (&#8230;) a publicidade tem-se conseguido com os clientes satisfeitos. <\/p>\n\n\n<div class=\"wp-block-image\">\n<figure class=\"alignleft size-large is-resized\"><img loading=\"lazy\" decoding=\"async\" width=\"683\" height=\"1024\" src=\"https:\/\/maismagazine.pt\/wp-content\/uploads\/2025\/10\/RVDM-Casa-Aveiro-foto-Ivo-Tavares-683x1024.jpg\" alt=\"\" class=\"wp-image-12864\" style=\"width:324px;height:auto\" srcset=\"http:\/\/maismagazine.pt\/wp-content\/uploads\/2025\/10\/RVDM-Casa-Aveiro-foto-Ivo-Tavares-683x1024.jpg 683w, http:\/\/maismagazine.pt\/wp-content\/uploads\/2025\/10\/RVDM-Casa-Aveiro-foto-Ivo-Tavares-200x300.jpg 200w, http:\/\/maismagazine.pt\/wp-content\/uploads\/2025\/10\/RVDM-Casa-Aveiro-foto-Ivo-Tavares-768x1151.jpg 768w, http:\/\/maismagazine.pt\/wp-content\/uploads\/2025\/10\/RVDM-Casa-Aveiro-foto-Ivo-Tavares-1025x1536.jpg 1025w, http:\/\/maismagazine.pt\/wp-content\/uploads\/2025\/10\/RVDM-Casa-Aveiro-foto-Ivo-Tavares-1366x2048.jpg 1366w, http:\/\/maismagazine.pt\/wp-content\/uploads\/2025\/10\/RVDM-Casa-Aveiro-foto-Ivo-Tavares-scaled.jpg 1708w\" sizes=\"auto, (max-width: 683px) 100vw, 683px\" \/><figcaption class=\"wp-element-caption\">\u00a9Ivo Tavares Studio<\/figcaption><\/figure><\/div>\n\n\n<p><strong>De que forma introduz a sofistica\u00e7\u00e3o, o conforto e a exclusividade que distingue os seus projetos?<\/strong><\/p>\n\n\n\n<p>A organiza\u00e7\u00e3o do espa\u00e7o \u00e9 a matriz essencial sem a qual nada do que a acompanha se pode valorizar. N\u00e3o vale a pena utilizar materiais caros ou mais expressivos para mascarar algum descontrolo espacial. Afinal de contas, a arquitetura \u00e9 sobre o modo como se define o vazio \u2013 o espa\u00e7o. Para rentabilizar e qualificar os espa\u00e7os e os lugares \u00e9 importante atender ao conjunto que os constr\u00f3i e organiza. Tamb\u00e9m a arquitetura \u00e9 conforme as circunst\u00e2ncias que a rodeiam. Se bem utilizada e respeitada (hoje o respeito pela arquitetura nem sempre acontece&#8230;), ela responde satisfatoriamente, com qualidade e requinte, controlando um amplo n\u00famero de vari\u00e1veis \u2013 a ilumina\u00e7\u00e3o natural, o conforto, a economia, a inser\u00e7\u00e3o na paisagem, entre outras. J\u00e1 desde o in\u00edcio do s\u00e9c. XX se afirmava que era necess\u00e1rio desenhar \u2018da colher \u00e0 cidade\u2019. Esse controlo do projeto n\u00e3o significa imposi\u00e7\u00e3o ou \u2018totalitarismo\u2019, mas garante coer\u00eancia. Nas atuais pr\u00e1ticas de projeto, incentiva-se um processo mais participativo e plural. Mas tal n\u00e3o significa que se tenham de acolher todas e quaisquer ideias e vontades. Ser\u00e1 sempre necess\u00e1rio hierarquizar e escolher. O interesse p\u00fablico n\u00e3o deve ser prejudicado por desejos privados. O projeto \u00e9 uma escolha informada. <\/p>\n\n\n\n<p><\/p>\n\n\n\n<p><strong>Que tipo de experi\u00eancia o cliente pode esperar ao escolher o RVDM para transformar o seu espa\u00e7o?<\/strong><\/p>\n\n\n\n<p>Como dizia, \u00e9 um trabalho de \u2018equipa\u2019. O cliente tem de ser inclu\u00eddo no processo, sempre! Frequentemente os clientes v\u00e3o ganhando entusiasmo durante essa experi\u00eancia. Explicamos cada decis\u00e3o tomada. A escolha de uma cor ou um material, uma forma ou uma disposi\u00e7\u00e3o espacial t\u00eam de se explicar. E \u00e0 medida que estas escolhas v\u00e3o sendo partilhadas os clientes v\u00e3o aderindo cada vez mais nas solu\u00e7\u00f5es que apresentamos. <\/p>\n\n\n\n<p>H\u00e1 desafios muito interessantes quando surge um projeto que nos obriga a sair da nossa perspetiva e entrar na vis\u00e3o do outro. Esse exerc\u00edcio, essa troca de interesses, quando equilibrados, costuma resultar em boa resposta espacial e ambiental. O desconhecido entusiasma a Arquitetura. Apela \u00e0 novidade e \u00e0 descoberta. O projeto \u00e9 essa procura e, frequentemente, \u00e9 muito gratificante. <\/p>\n\n\n<div class=\"wp-block-image\">\n<figure class=\"aligncenter size-full is-resized\"><img loading=\"lazy\" decoding=\"async\" width=\"564\" height=\"450\" src=\"https:\/\/maismagazine.pt\/wp-content\/uploads\/2025\/10\/RVDM-Luminea-int-MaroStudio.png\" alt=\"\" class=\"wp-image-12872\" style=\"width:419px;height:auto\" srcset=\"http:\/\/maismagazine.pt\/wp-content\/uploads\/2025\/10\/RVDM-Luminea-int-MaroStudio.png 564w, http:\/\/maismagazine.pt\/wp-content\/uploads\/2025\/10\/RVDM-Luminea-int-MaroStudio-300x239.png 300w\" sizes=\"auto, (max-width: 564px) 100vw, 564px\" \/><figcaption class=\"wp-element-caption\">\u00a9Maro Studio<\/figcaption><\/figure><\/div>\n\n<div class=\"wp-block-image\">\n<figure class=\"alignright size-large is-resized\"><img loading=\"lazy\" decoding=\"async\" width=\"752\" height=\"1024\" src=\"http:\/\/maismagazine.pt\/wp-content\/uploads\/2025\/10\/RVDM-Canal-Aveiro-foto-RVDM-752x1024.jpg\" alt=\"\" class=\"wp-image-12873\" style=\"width:310px;height:auto\" srcset=\"http:\/\/maismagazine.pt\/wp-content\/uploads\/2025\/10\/RVDM-Canal-Aveiro-foto-RVDM-752x1024.jpg 752w, http:\/\/maismagazine.pt\/wp-content\/uploads\/2025\/10\/RVDM-Canal-Aveiro-foto-RVDM-220x300.jpg 220w, http:\/\/maismagazine.pt\/wp-content\/uploads\/2025\/10\/RVDM-Canal-Aveiro-foto-RVDM-768x1046.jpg 768w, http:\/\/maismagazine.pt\/wp-content\/uploads\/2025\/10\/RVDM-Canal-Aveiro-foto-RVDM-1127x1536.jpg 1127w, http:\/\/maismagazine.pt\/wp-content\/uploads\/2025\/10\/RVDM-Canal-Aveiro-foto-RVDM-1503x2048.jpg 1503w, http:\/\/maismagazine.pt\/wp-content\/uploads\/2025\/10\/RVDM-Canal-Aveiro-foto-RVDM-scaled.jpg 1879w\" sizes=\"auto, (max-width: 752px) 100vw, 752px\" \/><figcaption class=\"wp-element-caption\">\u00a9RVDM<\/figcaption><\/figure><\/div>\n\n\n<p><strong>Muito do seu trabalho gravita em torno da habita\u00e7\u00e3o, e a sua \u00e1rea de investiga\u00e7\u00e3o tem sido, desde o doutoramento, os espa\u00e7os dom\u00e9sticos. O que nos pode revelar da sua experi\u00eancia nesse campo?<\/strong><\/p>\n\n\n\n<p>A casa ser\u00e1 sempre um programa muito solicitado. H\u00e1 100 anos o mundo ficou dividido entre a casa e a cidade, como em 1800 tinha ficado dividido entre a cidade e o campo. Hoje, quando se fala da crise de habita\u00e7\u00e3o n\u00e3o se pode falar s\u00f3 das casas ou do ambiente dom\u00e9stico. A \u2018casa\u2019 j\u00e1 n\u00e3o \u00e9 um espa\u00e7o isolado, hoje a casa \u00e9 um dos ramos do nosso habitar. Habitam-se muitos espa\u00e7os e lugares.A casa j\u00e1 foi muito polivalente, antes de 1900, para passar a ser muito especializada quando apareceram as m\u00e1quinas. Sobretudo no mundo ocidental, muito associado \u00e0 revolu\u00e7\u00e3o industrial, as casas e os apartamentos passaram a ter compartimentos especializados &#8211; a lavandaria, o escrit\u00f3rio, a biblioteca, ou at\u00e9 a \u2018sala de costura\u2019. Na realidade, a casa urbana e burguesa come\u00e7ou desde cedo a transformar-se numa \u2018m\u00e1quina de habitar\u2019, como se cada compartimento fosse uma pe\u00e7a de um motor uniformizador. O modernismo, manifestou veementemente essa \u2018necessidade\u2019 de ordem, regra e especializa\u00e7\u00e3o. Mas a evolu\u00e7\u00e3o dos modelos familiares e a democratiza\u00e7\u00e3o da cidade, t\u00eam alterado a forma como atualmente se habitam as casas e se beneficia da cidade. <\/p>\n\n\n\n<p><\/p>\n\n\n\n<p><strong>Parece-lhe ent\u00e3o que na arquitetura e no design, eventualmente no urbanismo j\u00e1 existem novos padr\u00f5es?<\/strong><\/p>\n\n\n\n<p>Claro que sim, a sociedade altera-se, as prioridades tamb\u00e9m. Na governa\u00e7\u00e3o das cidades atentas ao seu tempo e ao futuro, os novos referenciais j\u00e1 n\u00e3o s\u00e3o nem as catedrais, nem os centros comerciais, \u00e9, de novo, a natureza. Esse \u00e9 o novo \u2018luxo\u2019. Parques e frentes aqu\u00e1ticas s\u00e3o cada vez mais valorizadas e introduzidas nos projetos. O espa\u00e7o p\u00fablico nunca pode ser o que \u2018sobra\u2019 do privado. A casa como a cidade come\u00e7am lentamente a deixar de ser espa\u00e7os \u2018mec\u00e2nicos\u2019 e est\u00e9reis para serem interfaces com a natureza. Afinal de contas \u00e9 ela que comanda o nosso bem-estar. A nossa sustentabilidade, desde a biol\u00f3gica \u00e0 ecol\u00f3gica, da econ\u00f3mica \u00e0 social passa por ajustar solu\u00e7\u00f5es naturais \u00e0s artificiais. Apesar de estarmos numa \u00e9poca do instant\u00e2neo e do \u2018aparentemente f\u00e1cil\u2019, a arquitetura s\u00f3 \u00e9 \u2018simples\u2019 para quem a domina, com o tempo necess\u00e1rio para otimizar processos e resultados. A verdadeira arquitetura nunca \u00e9 cen\u00e1rio! <\/p>\n\n\n\n<p><\/p>\n\n\n<div class=\"wp-block-image\">\n<figure class=\"aligncenter size-full\"><img loading=\"lazy\" decoding=\"async\" width=\"400\" height=\"150\" src=\"https:\/\/maismagazine.pt\/wp-content\/uploads\/2025\/10\/rvdm-logo-1.png\" alt=\"\" class=\"wp-image-12878\" srcset=\"http:\/\/maismagazine.pt\/wp-content\/uploads\/2025\/10\/rvdm-logo-1.png 400w, http:\/\/maismagazine.pt\/wp-content\/uploads\/2025\/10\/rvdm-logo-1-300x113.png 300w\" sizes=\"auto, (max-width: 400px) 100vw, 400px\" \/><\/figure><\/div>","protected":false},"excerpt":{"rendered":"<p>A Mais Magazine foi falar com a RVdM, arquitetos em Aveiro, para tentar perceber como trabalha este atelier liderado por Ricardo Vieira de Melo, doutorado em arquitetura e tamb\u00e9m mestre em design de equipamento. Para este arquiteto a arquitetura \u00e9 um meio privilegiado para melhorar a qualidade de vida e&hellip;<\/p>\n","protected":false},"author":18,"featured_media":12863,"comment_status":"closed","ping_status":"open","sticky":false,"template":"","format":"standard","meta":{"advgb_blocks_editor_width":"","advgb_blocks_columns_visual_guide":"","_monsterinsights_skip_tracking":false,"_monsterinsights_sitenote_active":false,"_monsterinsights_sitenote_note":"","_monsterinsights_sitenote_category":0,"footnotes":""},"categories":[77],"tags":[93,2458,2475],"class_list":["post-12855","post","type-post","status-publish","format-standard","has-post-thumbnail","hentry","category-arquitetura-e-construcao","tag-arquitetura","tag-luxury-lifestyle","tag-rvdm"],"yoast_head":"<!-- This site is optimized with the Yoast SEO plugin v24.4 - https:\/\/yoast.com\/wordpress\/plugins\/seo\/ -->\n<title>\u201cA verdadeira arquitetura nunca \u00e9 cen\u00e1rio\u201d - Mais Magazine<\/title>\n<meta name=\"robots\" content=\"index, follow, max-snippet:-1, max-image-preview:large, max-video-preview:-1\" \/>\n<link rel=\"canonical\" href=\"http:\/\/maismagazine.pt\/index.php\/2025\/10\/24\/a-verdadeira-arquitetura-nunca-e-cenario\/\" \/>\n<meta property=\"og:locale\" content=\"pt_PT\" \/>\n<meta property=\"og:type\" content=\"article\" \/>\n<meta property=\"og:title\" content=\"\u201cA verdadeira arquitetura nunca \u00e9 cen\u00e1rio\u201d - Mais Magazine\" \/>\n<meta property=\"og:description\" content=\"A Mais Magazine foi falar com a RVdM, arquitetos em Aveiro, para tentar perceber como trabalha este atelier liderado por Ricardo Vieira de Melo, doutorado em arquitetura e tamb\u00e9m mestre em design de equipamento. Para este arquiteto a arquitetura \u00e9 um meio privilegiado para melhorar a qualidade de vida e&hellip;\" \/>\n<meta property=\"og:url\" content=\"http:\/\/maismagazine.pt\/index.php\/2025\/10\/24\/a-verdadeira-arquitetura-nunca-e-cenario\/\" \/>\n<meta property=\"og:site_name\" content=\"Mais Magazine\" \/>\n<meta property=\"article:published_time\" content=\"2025-10-24T06:00:00+00:00\" \/>\n<meta property=\"og:image\" content=\"http:\/\/maismagazine.pt\/wp-content\/uploads\/2025\/10\/novo-RVDM-Luminea-MaroStudio-1024x930.jpg\" \/>\n\t<meta property=\"og:image:width\" content=\"1024\" \/>\n\t<meta property=\"og:image:height\" content=\"930\" \/>\n\t<meta property=\"og:image:type\" content=\"image\/jpeg\" \/>\n<meta name=\"author\" content=\"Tatiana Martins\" \/>\n<meta name=\"twitter:card\" content=\"summary_large_image\" \/>\n<meta name=\"twitter:label1\" content=\"Escrito por\" \/>\n\t<meta name=\"twitter:data1\" content=\"\" \/>\n\t<meta name=\"twitter:label2\" content=\"Tempo estimado de leitura\" \/>\n\t<meta name=\"twitter:data2\" content=\"7 minutos\" \/>\n<script type=\"application\/ld+json\" class=\"yoast-schema-graph\">{\"@context\":\"https:\/\/schema.org\",\"@graph\":[{\"@type\":\"Article\",\"@id\":\"http:\/\/maismagazine.pt\/index.php\/2025\/10\/24\/a-verdadeira-arquitetura-nunca-e-cenario\/#article\",\"isPartOf\":{\"@id\":\"http:\/\/maismagazine.pt\/index.php\/2025\/10\/24\/a-verdadeira-arquitetura-nunca-e-cenario\/\"},\"author\":{\"name\":\"Tatiana Martins\",\"@id\":\"http:\/\/maismagazine.pt\/#\/schema\/person\/7426e2caeb8df32a1b56aa48dae778c9\"},\"headline\":\"\u201cA verdadeira arquitetura nunca \u00e9 cen\u00e1rio\u201d\",\"datePublished\":\"2025-10-24T06:00:00+00:00\",\"mainEntityOfPage\":{\"@id\":\"http:\/\/maismagazine.pt\/index.php\/2025\/10\/24\/a-verdadeira-arquitetura-nunca-e-cenario\/\"},\"wordCount\":985,\"publisher\":{\"@id\":\"http:\/\/maismagazine.pt\/#organization\"},\"image\":{\"@id\":\"http:\/\/maismagazine.pt\/index.php\/2025\/10\/24\/a-verdadeira-arquitetura-nunca-e-cenario\/#primaryimage\"},\"thumbnailUrl\":\"http:\/\/maismagazine.pt\/wp-content\/uploads\/2025\/10\/novo-RVDM-Luminea-MaroStudio.jpg\",\"keywords\":[\"Arquitetura\",\"Luxury lifestyle\",\"RVDM\"],\"articleSection\":[\"Arquitetura e Constru\u00e7\u00e3o\"],\"inLanguage\":\"pt-PT\"},{\"@type\":\"WebPage\",\"@id\":\"http:\/\/maismagazine.pt\/index.php\/2025\/10\/24\/a-verdadeira-arquitetura-nunca-e-cenario\/\",\"url\":\"http:\/\/maismagazine.pt\/index.php\/2025\/10\/24\/a-verdadeira-arquitetura-nunca-e-cenario\/\",\"name\":\"\u201cA verdadeira arquitetura nunca \u00e9 cen\u00e1rio\u201d - Mais Magazine\",\"isPartOf\":{\"@id\":\"http:\/\/maismagazine.pt\/#website\"},\"primaryImageOfPage\":{\"@id\":\"http:\/\/maismagazine.pt\/index.php\/2025\/10\/24\/a-verdadeira-arquitetura-nunca-e-cenario\/#primaryimage\"},\"image\":{\"@id\":\"http:\/\/maismagazine.pt\/index.php\/2025\/10\/24\/a-verdadeira-arquitetura-nunca-e-cenario\/#primaryimage\"},\"thumbnailUrl\":\"http:\/\/maismagazine.pt\/wp-content\/uploads\/2025\/10\/novo-RVDM-Luminea-MaroStudio.jpg\",\"datePublished\":\"2025-10-24T06:00:00+00:00\",\"breadcrumb\":{\"@id\":\"http:\/\/maismagazine.pt\/index.php\/2025\/10\/24\/a-verdadeira-arquitetura-nunca-e-cenario\/#breadcrumb\"},\"inLanguage\":\"pt-PT\",\"potentialAction\":[{\"@type\":\"ReadAction\",\"target\":[\"http:\/\/maismagazine.pt\/index.php\/2025\/10\/24\/a-verdadeira-arquitetura-nunca-e-cenario\/\"]}]},{\"@type\":\"ImageObject\",\"inLanguage\":\"pt-PT\",\"@id\":\"http:\/\/maismagazine.pt\/index.php\/2025\/10\/24\/a-verdadeira-arquitetura-nunca-e-cenario\/#primaryimage\",\"url\":\"http:\/\/maismagazine.pt\/wp-content\/uploads\/2025\/10\/novo-RVDM-Luminea-MaroStudio.jpg\",\"contentUrl\":\"http:\/\/maismagazine.pt\/wp-content\/uploads\/2025\/10\/novo-RVDM-Luminea-MaroStudio.jpg\",\"width\":2091,\"height\":1899,\"caption\":\"\u00a9Maro Studio\"},{\"@type\":\"BreadcrumbList\",\"@id\":\"http:\/\/maismagazine.pt\/index.php\/2025\/10\/24\/a-verdadeira-arquitetura-nunca-e-cenario\/#breadcrumb\",\"itemListElement\":[{\"@type\":\"ListItem\",\"position\":1,\"name\":\"Home\",\"item\":\"http:\/\/maismagazine.pt\/\"},{\"@type\":\"ListItem\",\"position\":2,\"name\":\"\u201cA verdadeira arquitetura nunca \u00e9 cen\u00e1rio\u201d\"}]},{\"@type\":\"WebSite\",\"@id\":\"http:\/\/maismagazine.pt\/#website\",\"url\":\"http:\/\/maismagazine.pt\/\",\"name\":\"Mais Magazine\",\"description\":\"\",\"publisher\":{\"@id\":\"http:\/\/maismagazine.pt\/#organization\"},\"potentialAction\":[{\"@type\":\"SearchAction\",\"target\":{\"@type\":\"EntryPoint\",\"urlTemplate\":\"http:\/\/maismagazine.pt\/?s={search_term_string}\"},\"query-input\":{\"@type\":\"PropertyValueSpecification\",\"valueRequired\":true,\"valueName\":\"search_term_string\"}}],\"inLanguage\":\"pt-PT\"},{\"@type\":\"Organization\",\"@id\":\"http:\/\/maismagazine.pt\/#organization\",\"name\":\"Mais Magazine\",\"url\":\"http:\/\/maismagazine.pt\/\",\"logo\":{\"@type\":\"ImageObject\",\"inLanguage\":\"pt-PT\",\"@id\":\"http:\/\/maismagazine.pt\/#\/schema\/logo\/image\/\",\"url\":\"http:\/\/maismagazine.pt\/wp-content\/uploads\/2020\/04\/cropped-cropped-mais-magazine-site-logo-2.png\",\"contentUrl\":\"http:\/\/maismagazine.pt\/wp-content\/uploads\/2020\/04\/cropped-cropped-mais-magazine-site-logo-2.png\",\"width\":581,\"height\":90,\"caption\":\"Mais Magazine\"},\"image\":{\"@id\":\"http:\/\/maismagazine.pt\/#\/schema\/logo\/image\/\"}},{\"@type\":\"Person\",\"@id\":\"http:\/\/maismagazine.pt\/#\/schema\/person\/7426e2caeb8df32a1b56aa48dae778c9\",\"name\":\"Tatiana Martins\",\"image\":{\"@type\":\"ImageObject\",\"inLanguage\":\"pt-PT\",\"@id\":\"http:\/\/maismagazine.pt\/#\/schema\/person\/image\/\",\"url\":\"https:\/\/secure.gravatar.com\/avatar\/4b24a57f5d0425f2eb20981c4b53244e?s=96&d=mm&r=g\",\"contentUrl\":\"https:\/\/secure.gravatar.com\/avatar\/4b24a57f5d0425f2eb20981c4b53244e?s=96&d=mm&r=g\",\"caption\":\"Tatiana Martins\"},\"url\":\"http:\/\/maismagazine.pt\/index.php\/author\/tatiana\/\"}]}<\/script>\n<!-- \/ Yoast SEO plugin. -->","yoast_head_json":{"title":"\u201cA verdadeira arquitetura nunca \u00e9 cen\u00e1rio\u201d - Mais Magazine","robots":{"index":"index","follow":"follow","max-snippet":"max-snippet:-1","max-image-preview":"max-image-preview:large","max-video-preview":"max-video-preview:-1"},"canonical":"http:\/\/maismagazine.pt\/index.php\/2025\/10\/24\/a-verdadeira-arquitetura-nunca-e-cenario\/","og_locale":"pt_PT","og_type":"article","og_title":"\u201cA verdadeira arquitetura nunca \u00e9 cen\u00e1rio\u201d - Mais Magazine","og_description":"A Mais Magazine foi falar com a RVdM, arquitetos em Aveiro, para tentar perceber como trabalha este atelier liderado por Ricardo Vieira de Melo, doutorado em arquitetura e tamb\u00e9m mestre em design de equipamento. Para este arquiteto a arquitetura \u00e9 um meio privilegiado para melhorar a qualidade de vida e&hellip;","og_url":"http:\/\/maismagazine.pt\/index.php\/2025\/10\/24\/a-verdadeira-arquitetura-nunca-e-cenario\/","og_site_name":"Mais Magazine","article_published_time":"2025-10-24T06:00:00+00:00","og_image":[{"width":1024,"height":930,"url":"http:\/\/maismagazine.pt\/wp-content\/uploads\/2025\/10\/novo-RVDM-Luminea-MaroStudio-1024x930.jpg","type":"image\/jpeg"}],"author":"Tatiana Martins","twitter_card":"summary_large_image","twitter_misc":{"Escrito por":false,"Tempo estimado de leitura":"7 minutos"},"schema":{"@context":"https:\/\/schema.org","@graph":[{"@type":"Article","@id":"http:\/\/maismagazine.pt\/index.php\/2025\/10\/24\/a-verdadeira-arquitetura-nunca-e-cenario\/#article","isPartOf":{"@id":"http:\/\/maismagazine.pt\/index.php\/2025\/10\/24\/a-verdadeira-arquitetura-nunca-e-cenario\/"},"author":{"name":"Tatiana Martins","@id":"http:\/\/maismagazine.pt\/#\/schema\/person\/7426e2caeb8df32a1b56aa48dae778c9"},"headline":"\u201cA verdadeira arquitetura nunca \u00e9 cen\u00e1rio\u201d","datePublished":"2025-10-24T06:00:00+00:00","mainEntityOfPage":{"@id":"http:\/\/maismagazine.pt\/index.php\/2025\/10\/24\/a-verdadeira-arquitetura-nunca-e-cenario\/"},"wordCount":985,"publisher":{"@id":"http:\/\/maismagazine.pt\/#organization"},"image":{"@id":"http:\/\/maismagazine.pt\/index.php\/2025\/10\/24\/a-verdadeira-arquitetura-nunca-e-cenario\/#primaryimage"},"thumbnailUrl":"http:\/\/maismagazine.pt\/wp-content\/uploads\/2025\/10\/novo-RVDM-Luminea-MaroStudio.jpg","keywords":["Arquitetura","Luxury lifestyle","RVDM"],"articleSection":["Arquitetura e Constru\u00e7\u00e3o"],"inLanguage":"pt-PT"},{"@type":"WebPage","@id":"http:\/\/maismagazine.pt\/index.php\/2025\/10\/24\/a-verdadeira-arquitetura-nunca-e-cenario\/","url":"http:\/\/maismagazine.pt\/index.php\/2025\/10\/24\/a-verdadeira-arquitetura-nunca-e-cenario\/","name":"\u201cA verdadeira arquitetura nunca \u00e9 cen\u00e1rio\u201d - Mais Magazine","isPartOf":{"@id":"http:\/\/maismagazine.pt\/#website"},"primaryImageOfPage":{"@id":"http:\/\/maismagazine.pt\/index.php\/2025\/10\/24\/a-verdadeira-arquitetura-nunca-e-cenario\/#primaryimage"},"image":{"@id":"http:\/\/maismagazine.pt\/index.php\/2025\/10\/24\/a-verdadeira-arquitetura-nunca-e-cenario\/#primaryimage"},"thumbnailUrl":"http:\/\/maismagazine.pt\/wp-content\/uploads\/2025\/10\/novo-RVDM-Luminea-MaroStudio.jpg","datePublished":"2025-10-24T06:00:00+00:00","breadcrumb":{"@id":"http:\/\/maismagazine.pt\/index.php\/2025\/10\/24\/a-verdadeira-arquitetura-nunca-e-cenario\/#breadcrumb"},"inLanguage":"pt-PT","potentialAction":[{"@type":"ReadAction","target":["http:\/\/maismagazine.pt\/index.php\/2025\/10\/24\/a-verdadeira-arquitetura-nunca-e-cenario\/"]}]},{"@type":"ImageObject","inLanguage":"pt-PT","@id":"http:\/\/maismagazine.pt\/index.php\/2025\/10\/24\/a-verdadeira-arquitetura-nunca-e-cenario\/#primaryimage","url":"http:\/\/maismagazine.pt\/wp-content\/uploads\/2025\/10\/novo-RVDM-Luminea-MaroStudio.jpg","contentUrl":"http:\/\/maismagazine.pt\/wp-content\/uploads\/2025\/10\/novo-RVDM-Luminea-MaroStudio.jpg","width":2091,"height":1899,"caption":"\u00a9Maro Studio"},{"@type":"BreadcrumbList","@id":"http:\/\/maismagazine.pt\/index.php\/2025\/10\/24\/a-verdadeira-arquitetura-nunca-e-cenario\/#breadcrumb","itemListElement":[{"@type":"ListItem","position":1,"name":"Home","item":"http:\/\/maismagazine.pt\/"},{"@type":"ListItem","position":2,"name":"\u201cA verdadeira arquitetura nunca \u00e9 cen\u00e1rio\u201d"}]},{"@type":"WebSite","@id":"http:\/\/maismagazine.pt\/#website","url":"http:\/\/maismagazine.pt\/","name":"Mais Magazine","description":"","publisher":{"@id":"http:\/\/maismagazine.pt\/#organization"},"potentialAction":[{"@type":"SearchAction","target":{"@type":"EntryPoint","urlTemplate":"http:\/\/maismagazine.pt\/?s={search_term_string}"},"query-input":{"@type":"PropertyValueSpecification","valueRequired":true,"valueName":"search_term_string"}}],"inLanguage":"pt-PT"},{"@type":"Organization","@id":"http:\/\/maismagazine.pt\/#organization","name":"Mais Magazine","url":"http:\/\/maismagazine.pt\/","logo":{"@type":"ImageObject","inLanguage":"pt-PT","@id":"http:\/\/maismagazine.pt\/#\/schema\/logo\/image\/","url":"http:\/\/maismagazine.pt\/wp-content\/uploads\/2020\/04\/cropped-cropped-mais-magazine-site-logo-2.png","contentUrl":"http:\/\/maismagazine.pt\/wp-content\/uploads\/2020\/04\/cropped-cropped-mais-magazine-site-logo-2.png","width":581,"height":90,"caption":"Mais Magazine"},"image":{"@id":"http:\/\/maismagazine.pt\/#\/schema\/logo\/image\/"}},{"@type":"Person","@id":"http:\/\/maismagazine.pt\/#\/schema\/person\/7426e2caeb8df32a1b56aa48dae778c9","name":"Tatiana Martins","image":{"@type":"ImageObject","inLanguage":"pt-PT","@id":"http:\/\/maismagazine.pt\/#\/schema\/person\/image\/","url":"https:\/\/secure.gravatar.com\/avatar\/4b24a57f5d0425f2eb20981c4b53244e?s=96&d=mm&r=g","contentUrl":"https:\/\/secure.gravatar.com\/avatar\/4b24a57f5d0425f2eb20981c4b53244e?s=96&d=mm&r=g","caption":"Tatiana Martins"},"url":"http:\/\/maismagazine.pt\/index.php\/author\/tatiana\/"}]}},"author_meta":{"display_name":false,"author_link":"http:\/\/maismagazine.pt\/index.php\/author\/tatiana\/"},"featured_img":"http:\/\/maismagazine.pt\/wp-content\/uploads\/2025\/10\/novo-RVDM-Luminea-MaroStudio-300x272.jpg","coauthors":[],"tax_additional":{"categories":{"linked":["<a href=\"http:\/\/maismagazine.pt\/index.php\/category\/empreendedorismo\/arquitetura-e-construcao\/\" class=\"advgb-post-tax-term\">Arquitetura e Constru\u00e7\u00e3o<\/a>"],"unlinked":["<span class=\"advgb-post-tax-term\">Arquitetura e Constru\u00e7\u00e3o<\/span>"]},"tags":{"linked":["<a href=\"http:\/\/maismagazine.pt\/index.php\/category\/empreendedorismo\/arquitetura-e-construcao\/\" class=\"advgb-post-tax-term\">Arquitetura<\/a>","<a href=\"http:\/\/maismagazine.pt\/index.php\/category\/empreendedorismo\/arquitetura-e-construcao\/\" class=\"advgb-post-tax-term\">Luxury lifestyle<\/a>","<a href=\"http:\/\/maismagazine.pt\/index.php\/category\/empreendedorismo\/arquitetura-e-construcao\/\" class=\"advgb-post-tax-term\">RVDM<\/a>"],"unlinked":["<span class=\"advgb-post-tax-term\">Arquitetura<\/span>","<span class=\"advgb-post-tax-term\">Luxury lifestyle<\/span>","<span class=\"advgb-post-tax-term\">RVDM<\/span>"]}},"comment_count":"0","relative_dates":{"created":"Posted 6 meses ago","modified":"Updated 6 meses ago"},"absolute_dates":{"created":"Posted on 24 de Outubro, 2025","modified":"Updated on 21 de Outubro, 2025"},"absolute_dates_time":{"created":"Posted on 24 de Outubro, 2025 7:00","modified":"Updated on 21 de Outubro, 2025 15:23"},"featured_img_caption":"\u00a9Maro Studio","series_order":"","_links":{"self":[{"href":"http:\/\/maismagazine.pt\/index.php\/wp-json\/wp\/v2\/posts\/12855","targetHints":{"allow":["GET"]}}],"collection":[{"href":"http:\/\/maismagazine.pt\/index.php\/wp-json\/wp\/v2\/posts"}],"about":[{"href":"http:\/\/maismagazine.pt\/index.php\/wp-json\/wp\/v2\/types\/post"}],"author":[{"embeddable":true,"href":"http:\/\/maismagazine.pt\/index.php\/wp-json\/wp\/v2\/users\/18"}],"replies":[{"embeddable":true,"href":"http:\/\/maismagazine.pt\/index.php\/wp-json\/wp\/v2\/comments?post=12855"}],"version-history":[{"count":1,"href":"http:\/\/maismagazine.pt\/index.php\/wp-json\/wp\/v2\/posts\/12855\/revisions"}],"predecessor-version":[{"id":12880,"href":"http:\/\/maismagazine.pt\/index.php\/wp-json\/wp\/v2\/posts\/12855\/revisions\/12880"}],"wp:featuredmedia":[{"embeddable":true,"href":"http:\/\/maismagazine.pt\/index.php\/wp-json\/wp\/v2\/media\/12863"}],"wp:attachment":[{"href":"http:\/\/maismagazine.pt\/index.php\/wp-json\/wp\/v2\/media?parent=12855"}],"wp:term":[{"taxonomy":"category","embeddable":true,"href":"http:\/\/maismagazine.pt\/index.php\/wp-json\/wp\/v2\/categories?post=12855"},{"taxonomy":"post_tag","embeddable":true,"href":"http:\/\/maismagazine.pt\/index.php\/wp-json\/wp\/v2\/tags?post=12855"}],"curies":[{"name":"wp","href":"https:\/\/api.w.org\/{rel}","templated":true}]}}