{"id":12835,"date":"2025-10-24T07:00:00","date_gmt":"2025-10-24T06:00:00","guid":{"rendered":"https:\/\/maismagazine.pt\/?p=12835"},"modified":"2025-10-21T15:10:43","modified_gmt":"2025-10-21T14:10:43","slug":"construir-o-futuro-sobre-carris-o-compromisso-global-da-steconfer","status":"publish","type":"post","link":"http:\/\/maismagazine.pt\/index.php\/2025\/10\/24\/construir-o-futuro-sobre-carris-o-compromisso-global-da-steconfer\/","title":{"rendered":"Construir o futuro sobre carris: O compromisso global da Steconfer"},"content":{"rendered":"\n<p><strong>Da constru\u00e7\u00e3o e manuten\u00e7\u00e3o de infraestruturas ferrovi\u00e1rias em Portugal \u00e0 execu\u00e7\u00e3o de projetos internacionais de alta complexidade, a <a href=\"http:\/\/www.steconfer.com\">Steconfer<\/a> alia excel\u00eancia t\u00e9cnica, inova\u00e7\u00e3o e responsabilidade \u00e9tica, contribuindo para uma mobilidade mais segura e sustent\u00e1vel em todo o mundo. <\/strong><\/p>\n\n\n\n<p><\/p>\n\n\n\n<p>A Steconfer desenvolve a sua atividade nas \u00e1reas de constru\u00e7\u00e3o, renova\u00e7\u00e3o e manuten\u00e7\u00e3o de infraestruturas ferrovi\u00e1rias, tanto em Portugal como em diversos mercados internacionais, bem como na instala\u00e7\u00e3o de sistemas de sinaliza\u00e7\u00e3o, eletrifica\u00e7\u00e3o e plataformas de seguran\u00e7a (Platform Screen Doors). A empresa tem vindo a refor\u00e7ar a sua presen\u00e7a internacional com projetos na Su\u00e9cia, Irlanda, Israel e Panam\u00e1, demonstrando uma s\u00f3lida capacidade t\u00e9cnica e uma not\u00e1vel adaptabilidade a contextos distintos. Estas opera\u00e7\u00f5es, muitas delas em mercados de elevado rigor t\u00e9cnico e regulamentar, refletem a confian\u00e7a conquistada junto de parceiros p\u00fablicos e privados. Em cada pa\u00eds, a Steconfer adapta as suas solu\u00e7\u00f5es \u00e0s exig\u00eancias locais sem abdicar dos seus padr\u00f5es de qualidade e \u00e9tica, consolidando a reputa\u00e7\u00e3o de um parceiro fi\u00e1vel, inovador e comprometido com o desenvolvimento sustent\u00e1vel das infraestruturas ferrovi\u00e1rias. Cada projeto internacional \u00e9 conduzido em conformidade com os regulamentos locais e as melhores pr\u00e1ticas internacionais, assegurando seguran\u00e7a, integridade e uma atua\u00e7\u00e3o respons\u00e1vel. Este compromisso \u00e9tico e t\u00e9cnico \u00e9 transversal a todos os mercados, refletindo o prop\u00f3sito da empresa de contribuir para uma mobilidade mais segura, eficiente e inclusiva. A Steconfer acredita que o verdadeiro progresso acontece quando a engenharia serve o bem comum &#8211; e \u00e9 esse o prop\u00f3sito que guia a empresa em todos os mercados onde marca presen\u00e7a. A atua\u00e7\u00e3o internacional da Steconfer baseia-se num conjunto de princ\u00edpios s\u00f3lidos que asseguram coer\u00eancia e integridade em todos os mercados: \u00e9tica, transpar\u00eancia e respeito pelas pessoas. Independentemente do contexto pol\u00edtico, social ou econ\u00f3mico, a empresa mant\u00e9m uma postura neutra e respons\u00e1vel, conduzindo as suas atividades segundo padr\u00f5es internacionais de integridade, direitos humanos e responsabilidade social. A empresa cumpre rigorosamente as leis e regulamentos locais, respeita as culturas e tradi\u00e7\u00f5es de cada pa\u00eds e promove uma rela\u00e7\u00e3o pr\u00f3xima e de confian\u00e7a com as comunidades. \u00c9 dessa coer\u00eancia entre princ\u00edpios e pr\u00e1tica que nasce a credibilidade global da Steconfer, e \u00e9 essa consist\u00eancia que define o seu compromisso com um crescimento sustent\u00e1vel e respons\u00e1vel. <\/p>\n\n\n\n<p><\/p>\n\n\n<div class=\"wp-block-image\">\n<figure class=\"aligncenter size-large is-resized\"><img loading=\"lazy\" decoding=\"async\" width=\"1024\" height=\"478\" src=\"https:\/\/maismagazine.pt\/wp-content\/uploads\/2025\/10\/Trabalhos-de-manutencao-Bergen-Noruega-1024x478.jpeg\" alt=\"\" class=\"wp-image-12837\" style=\"width:499px;height:auto\" srcset=\"http:\/\/maismagazine.pt\/wp-content\/uploads\/2025\/10\/Trabalhos-de-manutencao-Bergen-Noruega-1024x478.jpeg 1024w, http:\/\/maismagazine.pt\/wp-content\/uploads\/2025\/10\/Trabalhos-de-manutencao-Bergen-Noruega-300x140.jpeg 300w, http:\/\/maismagazine.pt\/wp-content\/uploads\/2025\/10\/Trabalhos-de-manutencao-Bergen-Noruega-768x358.jpeg 768w, http:\/\/maismagazine.pt\/wp-content\/uploads\/2025\/10\/Trabalhos-de-manutencao-Bergen-Noruega.jpeg 1280w\" sizes=\"auto, (max-width: 1024px) 100vw, 1024px\" \/><figcaption class=\"wp-element-caption\">Trabalhos de manuten\u00e7\u00e3o, Bergen, Noruega<\/figcaption><\/figure><\/div>\n\n\n<p><\/p>\n\n\n\n<p><strong>Seguran\u00e7a, sustentabilidade e qualidade em cada projeto ferrovi\u00e1rio<\/strong><\/p>\n\n\n\n<p>A miss\u00e3o da Steconfer \u00e9 fornecer solu\u00e7\u00f5es integradas e de excel\u00eancia no setor ferrovi\u00e1rio, promovendo seguran\u00e7a, inova\u00e7\u00e3o e sustentabilidade em todas as fases dos projetos. A vis\u00e3o da empresa \u00e9 ser reconhecida globalmente como uma refer\u00eancia em engenharia ferrovi\u00e1ria, unindo rigor t\u00e9cnico, \u00e9tica e criatividade. Estes princ\u00edpios orientam diariamente o trabalho e traduzem-se num compromisso firme com a qualidade, a transpar\u00eancia e o respeito pelas pessoas e pelos territ\u00f3rios onde opera. A inova\u00e7\u00e3o \u00e9 um dos pilares do crescimento da Steconfer, atrav\u00e9s do investimento cont\u00ednuo em ferramentas digitais de planeamento e controlo, automa\u00e7\u00e3o de processos e monitoriza\u00e7\u00e3o em tempo real, potenciando uma gest\u00e3o mais \u00e1gil e transparente das obras. A aplica\u00e7\u00e3o de metodologias construtivas avan\u00e7adas &#8211; como a instala\u00e7\u00e3o modular de plataformas e a integra\u00e7\u00e3o de sistemas inteligentes de sinaliza\u00e7\u00e3o &#8211; permite aumentar a efici\u00eancia e reduzir o impacto ambiental. A aposta em tecnologia \u00e9 acompanhada por uma cultura de aprendizagem cont\u00ednua, que capacita as equipas para enfrentar novos desafios e desenvolver solu\u00e7\u00f5es cada vez mais sustent\u00e1veis e seguras.<\/p>\n\n\n\n<p><\/p>\n\n\n\n<p>Al\u00e9m disso, a Steconfer pauta a sua atua\u00e7\u00e3o por elevados padr\u00f5es de seguran\u00e7a, qualidade e sustentabilidade, suportados por certifica\u00e7\u00f5es internacionais como ISO 9001 (Qualidade), ISO 45001 (Seguran\u00e7a e Sa\u00fade no Trabalho) e ISO 14001 (Ambiente). Estes referenciais traduzem o compromisso com a melhoria cont\u00ednua e a gest\u00e3o respons\u00e1vel de todos os processos. Atrav\u00e9s de auditorias regulares, programas de forma\u00e7\u00e3o e uma cultura de seguran\u00e7a ativa, \u00e9 garantida a conformidade com as normas internacionais e s\u00e3o assegurados ambientes de trabalho seguros. O modelo de gest\u00e3o privilegia a efici\u00eancia, a rastreabilidade e a responsabilidade em todas as fases do projeto &#8211; fatores que permitem entregar resultados consistentes, independentemente da dimens\u00e3o ou da geografia. <\/p>\n\n\n\n<p><\/p>\n\n\n<div class=\"wp-block-image\">\n<figure class=\"aligncenter size-full is-resized\"><img loading=\"lazy\" decoding=\"async\" width=\"614\" height=\"346\" src=\"https:\/\/maismagazine.pt\/wp-content\/uploads\/2025\/10\/MRT-7-Depot-Facilities-Manila-Filipinas.jpg\" alt=\"\" class=\"wp-image-12839\" style=\"width:454px;height:auto\" srcset=\"http:\/\/maismagazine.pt\/wp-content\/uploads\/2025\/10\/MRT-7-Depot-Facilities-Manila-Filipinas.jpg 614w, http:\/\/maismagazine.pt\/wp-content\/uploads\/2025\/10\/MRT-7-Depot-Facilities-Manila-Filipinas-300x169.jpg 300w\" sizes=\"auto, (max-width: 614px) 100vw, 614px\" \/><figcaption class=\"wp-element-caption\">MRT-7 &#8211; Depot Facilities, Manila, Filipinas<\/figcaption><\/figure><\/div>\n\n\n<p><\/p>\n\n\n\n<p>Aliada a toda a vertente t\u00e9cnica, a sustentabilidade \u00e9 um compromisso transversal \u00e0 estrat\u00e9gia da Steconfer. Os recursos s\u00e3o geridos de forma eficiente, os materiais de baixo impacto s\u00e3o privilegiados e foram adotadas medidas para reduzir as emiss\u00f5es de carbono associadas \u00e0s obras. Mas a sustentabilidade vai al\u00e9m do ambiente. Inclui tamb\u00e9m a responsabilidade social, a valoriza\u00e7\u00e3o dos colaboradores e a cria\u00e7\u00e3o de benef\u00edcios para as comunidades locais. Em cada pa\u00eds, a Steconfer gera impacto positivo e duradouro, promovendo pr\u00e1ticas justas e contribuindo para o desenvolvimento econ\u00f3mico e social de forma equilibrada e \u00e9tica. Pensando no futuro, a Steconfer pretende continuar a expandir a sua presen\u00e7a internacional, com foco em mercados estrat\u00e9gicos da Europa e Am\u00e9rica Latina, e refor\u00e7ar a sua posi\u00e7\u00e3o como especialista global em solu\u00e7\u00f5es ferrovi\u00e1rias sustent\u00e1veis. Os pr\u00f3ximos anos ser\u00e3o marcados por investimento em inova\u00e7\u00e3o tecnol\u00f3gica, forma\u00e7\u00e3o cont\u00ednua e pr\u00e1ticas ESG, consolidando a reputa\u00e7\u00e3o da Steconfer como uma empresa \u00e9tica, transparente e comprometida com um futuro mais seguro e sustent\u00e1vel para o setor ferrovi\u00e1rio. <\/p>\n\n\n\n<p><\/p>\n\n\n<div class=\"wp-block-image\">\n<figure class=\"aligncenter size-full is-resized\"><img loading=\"lazy\" decoding=\"async\" width=\"423\" height=\"358\" src=\"https:\/\/maismagazine.pt\/wp-content\/uploads\/2025\/10\/image-1.png\" alt=\"\" class=\"wp-image-12841\" style=\"width:246px;height:auto\" srcset=\"http:\/\/maismagazine.pt\/wp-content\/uploads\/2025\/10\/image-1.png 423w, http:\/\/maismagazine.pt\/wp-content\/uploads\/2025\/10\/image-1-300x254.png 300w\" sizes=\"auto, (max-width: 423px) 100vw, 423px\" \/><\/figure><\/div>","protected":false},"excerpt":{"rendered":"<p>Da constru\u00e7\u00e3o e manuten\u00e7\u00e3o de infraestruturas ferrovi\u00e1rias em Portugal \u00e0 execu\u00e7\u00e3o de projetos internacionais de alta complexidade, a Steconfer alia excel\u00eancia t\u00e9cnica, inova\u00e7\u00e3o e responsabilidade \u00e9tica, contribuindo para uma mobilidade mais segura e sustent\u00e1vel em todo o mundo. A Steconfer desenvolve a sua atividade nas \u00e1reas de constru\u00e7\u00e3o, renova\u00e7\u00e3o e&hellip;<\/p>\n","protected":false},"author":17,"featured_media":12844,"comment_status":"closed","ping_status":"open","sticky":false,"template":"","format":"standard","meta":{"advgb_blocks_editor_width":"","advgb_blocks_columns_visual_guide":"","_monsterinsights_skip_tracking":false,"_monsterinsights_sitenote_active":false,"_monsterinsights_sitenote_note":"","_monsterinsights_sitenote_category":0,"footnotes":""},"categories":[78,77,6,161],"tags":[1237],"class_list":["post-12835","post","type-post","status-publish","format-standard","has-post-thumbnail","hentry","category-ambiente-e-sustentabilidade","category-arquitetura-e-construcao","category-empreendedorismo","category-mundo-empresarial","tag-steconfer"],"yoast_head":"<!-- This site is optimized with the Yoast SEO plugin v24.4 - https:\/\/yoast.com\/wordpress\/plugins\/seo\/ -->\n<title>Construir o futuro sobre carris: O compromisso global da Steconfer - Mais Magazine<\/title>\n<meta name=\"description\" content=\"Da constru\u00e7\u00e3o e manuten\u00e7\u00e3o de infraestruturas ferrovi\u00e1rias em Portugal \u00e0 execu\u00e7\u00e3o de projetos internacionais de alta complexidade, a Steconfer alia excel\u00eancia t\u00e9cnica, inova\u00e7\u00e3o e responsabilidade \u00e9tica, contribuindo para uma mobilidade mais segura e sustent\u00e1vel em todo o mundo.\" \/>\n<meta name=\"robots\" content=\"index, follow, max-snippet:-1, max-image-preview:large, max-video-preview:-1\" \/>\n<link rel=\"canonical\" href=\"https:\/\/maismagazine.pt\/index.php\/2025\/10\/24\/construir-o-futuro-sobre-carris-o-compromisso-global-da-steconfer\/\" \/>\n<meta property=\"og:locale\" content=\"pt_PT\" \/>\n<meta property=\"og:type\" content=\"article\" \/>\n<meta property=\"og:title\" content=\"Construir o futuro sobre carris: O compromisso global da Steconfer - Mais Magazine\" \/>\n<meta property=\"og:description\" content=\"Da constru\u00e7\u00e3o e manuten\u00e7\u00e3o de infraestruturas ferrovi\u00e1rias em Portugal \u00e0 execu\u00e7\u00e3o de projetos internacionais de alta complexidade, a Steconfer alia excel\u00eancia t\u00e9cnica, inova\u00e7\u00e3o e responsabilidade \u00e9tica, contribuindo para uma mobilidade mais segura e sustent\u00e1vel em todo o mundo.\" \/>\n<meta property=\"og:url\" content=\"https:\/\/maismagazine.pt\/index.php\/2025\/10\/24\/construir-o-futuro-sobre-carris-o-compromisso-global-da-steconfer\/\" \/>\n<meta property=\"og:site_name\" content=\"Mais Magazine\" \/>\n<meta property=\"article:published_time\" content=\"2025-10-24T06:00:00+00:00\" \/>\n<meta property=\"og:image\" content=\"https:\/\/maismagazine.pt\/wp-content\/uploads\/2025\/10\/Sem-titulo.jpg\" \/>\n\t<meta property=\"og:image:width\" content=\"784\" \/>\n\t<meta property=\"og:image:height\" content=\"581\" \/>\n\t<meta property=\"og:image:type\" content=\"image\/jpeg\" \/>\n<meta name=\"author\" content=\"Tiago Costa\" \/>\n<meta name=\"twitter:card\" content=\"summary_large_image\" \/>\n<meta name=\"twitter:label1\" content=\"Escrito por\" \/>\n\t<meta name=\"twitter:data1\" content=\"\" \/>\n\t<meta name=\"twitter:label2\" content=\"Tempo estimado de leitura\" \/>\n\t<meta name=\"twitter:data2\" content=\"6 minutos\" \/>\n<script type=\"application\/ld+json\" class=\"yoast-schema-graph\">{\"@context\":\"https:\/\/schema.org\",\"@graph\":[{\"@type\":\"Article\",\"@id\":\"https:\/\/maismagazine.pt\/index.php\/2025\/10\/24\/construir-o-futuro-sobre-carris-o-compromisso-global-da-steconfer\/#article\",\"isPartOf\":{\"@id\":\"https:\/\/maismagazine.pt\/index.php\/2025\/10\/24\/construir-o-futuro-sobre-carris-o-compromisso-global-da-steconfer\/\"},\"author\":{\"name\":\"Tiago Costa\",\"@id\":\"https:\/\/maismagazine.pt\/#\/schema\/person\/c6c5bfccc886434cbd11c74e035f9646\"},\"headline\":\"Construir o futuro sobre carris: O compromisso global da Steconfer\",\"datePublished\":\"2025-10-24T06:00:00+00:00\",\"mainEntityOfPage\":{\"@id\":\"https:\/\/maismagazine.pt\/index.php\/2025\/10\/24\/construir-o-futuro-sobre-carris-o-compromisso-global-da-steconfer\/\"},\"wordCount\":963,\"publisher\":{\"@id\":\"https:\/\/maismagazine.pt\/#organization\"},\"image\":{\"@id\":\"https:\/\/maismagazine.pt\/index.php\/2025\/10\/24\/construir-o-futuro-sobre-carris-o-compromisso-global-da-steconfer\/#primaryimage\"},\"thumbnailUrl\":\"http:\/\/maismagazine.pt\/wp-content\/uploads\/2025\/10\/Sem-titulo.jpg\",\"keywords\":[\"Steconfer\"],\"articleSection\":[\"Ambiente e Sustentabilidade\",\"Arquitetura e Constru\u00e7\u00e3o\",\"Empreendedorismo\",\"Mundo Empresarial\"],\"inLanguage\":\"pt-PT\"},{\"@type\":\"WebPage\",\"@id\":\"https:\/\/maismagazine.pt\/index.php\/2025\/10\/24\/construir-o-futuro-sobre-carris-o-compromisso-global-da-steconfer\/\",\"url\":\"https:\/\/maismagazine.pt\/index.php\/2025\/10\/24\/construir-o-futuro-sobre-carris-o-compromisso-global-da-steconfer\/\",\"name\":\"Construir o futuro sobre carris: O compromisso global da Steconfer - Mais Magazine\",\"isPartOf\":{\"@id\":\"https:\/\/maismagazine.pt\/#website\"},\"primaryImageOfPage\":{\"@id\":\"https:\/\/maismagazine.pt\/index.php\/2025\/10\/24\/construir-o-futuro-sobre-carris-o-compromisso-global-da-steconfer\/#primaryimage\"},\"image\":{\"@id\":\"https:\/\/maismagazine.pt\/index.php\/2025\/10\/24\/construir-o-futuro-sobre-carris-o-compromisso-global-da-steconfer\/#primaryimage\"},\"thumbnailUrl\":\"http:\/\/maismagazine.pt\/wp-content\/uploads\/2025\/10\/Sem-titulo.jpg\",\"datePublished\":\"2025-10-24T06:00:00+00:00\",\"description\":\"Da constru\u00e7\u00e3o e manuten\u00e7\u00e3o de infraestruturas ferrovi\u00e1rias em Portugal \u00e0 execu\u00e7\u00e3o de projetos internacionais de alta complexidade, a Steconfer alia excel\u00eancia t\u00e9cnica, inova\u00e7\u00e3o e responsabilidade \u00e9tica, contribuindo para uma mobilidade mais segura e sustent\u00e1vel em todo o mundo.\",\"breadcrumb\":{\"@id\":\"https:\/\/maismagazine.pt\/index.php\/2025\/10\/24\/construir-o-futuro-sobre-carris-o-compromisso-global-da-steconfer\/#breadcrumb\"},\"inLanguage\":\"pt-PT\",\"potentialAction\":[{\"@type\":\"ReadAction\",\"target\":[\"https:\/\/maismagazine.pt\/index.php\/2025\/10\/24\/construir-o-futuro-sobre-carris-o-compromisso-global-da-steconfer\/\"]}]},{\"@type\":\"ImageObject\",\"inLanguage\":\"pt-PT\",\"@id\":\"https:\/\/maismagazine.pt\/index.php\/2025\/10\/24\/construir-o-futuro-sobre-carris-o-compromisso-global-da-steconfer\/#primaryimage\",\"url\":\"http:\/\/maismagazine.pt\/wp-content\/uploads\/2025\/10\/Sem-titulo.jpg\",\"contentUrl\":\"http:\/\/maismagazine.pt\/wp-content\/uploads\/2025\/10\/Sem-titulo.jpg\",\"width\":784,\"height\":581},{\"@type\":\"BreadcrumbList\",\"@id\":\"https:\/\/maismagazine.pt\/index.php\/2025\/10\/24\/construir-o-futuro-sobre-carris-o-compromisso-global-da-steconfer\/#breadcrumb\",\"itemListElement\":[{\"@type\":\"ListItem\",\"position\":1,\"name\":\"Home\",\"item\":\"https:\/\/maismagazine.pt\/\"},{\"@type\":\"ListItem\",\"position\":2,\"name\":\"Construir o futuro sobre carris: O compromisso global da Steconfer\"}]},{\"@type\":\"WebSite\",\"@id\":\"https:\/\/maismagazine.pt\/#website\",\"url\":\"https:\/\/maismagazine.pt\/\",\"name\":\"Mais Magazine\",\"description\":\"\",\"publisher\":{\"@id\":\"https:\/\/maismagazine.pt\/#organization\"},\"potentialAction\":[{\"@type\":\"SearchAction\",\"target\":{\"@type\":\"EntryPoint\",\"urlTemplate\":\"https:\/\/maismagazine.pt\/?s={search_term_string}\"},\"query-input\":{\"@type\":\"PropertyValueSpecification\",\"valueRequired\":true,\"valueName\":\"search_term_string\"}}],\"inLanguage\":\"pt-PT\"},{\"@type\":\"Organization\",\"@id\":\"https:\/\/maismagazine.pt\/#organization\",\"name\":\"Mais Magazine\",\"url\":\"https:\/\/maismagazine.pt\/\",\"logo\":{\"@type\":\"ImageObject\",\"inLanguage\":\"pt-PT\",\"@id\":\"https:\/\/maismagazine.pt\/#\/schema\/logo\/image\/\",\"url\":\"http:\/\/maismagazine.pt\/wp-content\/uploads\/2020\/04\/cropped-cropped-mais-magazine-site-logo-2.png\",\"contentUrl\":\"http:\/\/maismagazine.pt\/wp-content\/uploads\/2020\/04\/cropped-cropped-mais-magazine-site-logo-2.png\",\"width\":581,\"height\":90,\"caption\":\"Mais Magazine\"},\"image\":{\"@id\":\"https:\/\/maismagazine.pt\/#\/schema\/logo\/image\/\"}},{\"@type\":\"Person\",\"@id\":\"https:\/\/maismagazine.pt\/#\/schema\/person\/c6c5bfccc886434cbd11c74e035f9646\",\"name\":\"Tiago Costa\",\"image\":{\"@type\":\"ImageObject\",\"inLanguage\":\"pt-PT\",\"@id\":\"https:\/\/maismagazine.pt\/#\/schema\/person\/image\/\",\"url\":\"https:\/\/secure.gravatar.com\/avatar\/c599b2bce16c9870429198cbad5ee022?s=96&d=mm&r=g\",\"contentUrl\":\"https:\/\/secure.gravatar.com\/avatar\/c599b2bce16c9870429198cbad5ee022?s=96&d=mm&r=g\",\"caption\":\"Tiago Costa\"},\"url\":\"http:\/\/maismagazine.pt\/index.php\/author\/tiago\/\"}]}<\/script>\n<!-- \/ Yoast SEO plugin. -->","yoast_head_json":{"title":"Construir o futuro sobre carris: O compromisso global da Steconfer - Mais Magazine","description":"Da constru\u00e7\u00e3o e manuten\u00e7\u00e3o de infraestruturas ferrovi\u00e1rias em Portugal \u00e0 execu\u00e7\u00e3o de projetos internacionais de alta complexidade, a Steconfer alia excel\u00eancia t\u00e9cnica, inova\u00e7\u00e3o e responsabilidade \u00e9tica, contribuindo para uma mobilidade mais segura e sustent\u00e1vel em todo o mundo.","robots":{"index":"index","follow":"follow","max-snippet":"max-snippet:-1","max-image-preview":"max-image-preview:large","max-video-preview":"max-video-preview:-1"},"canonical":"https:\/\/maismagazine.pt\/index.php\/2025\/10\/24\/construir-o-futuro-sobre-carris-o-compromisso-global-da-steconfer\/","og_locale":"pt_PT","og_type":"article","og_title":"Construir o futuro sobre carris: O compromisso global da Steconfer - Mais Magazine","og_description":"Da constru\u00e7\u00e3o e manuten\u00e7\u00e3o de infraestruturas ferrovi\u00e1rias em Portugal \u00e0 execu\u00e7\u00e3o de projetos internacionais de alta complexidade, a Steconfer alia excel\u00eancia t\u00e9cnica, inova\u00e7\u00e3o e responsabilidade \u00e9tica, contribuindo para uma mobilidade mais segura e sustent\u00e1vel em todo o mundo.","og_url":"https:\/\/maismagazine.pt\/index.php\/2025\/10\/24\/construir-o-futuro-sobre-carris-o-compromisso-global-da-steconfer\/","og_site_name":"Mais Magazine","article_published_time":"2025-10-24T06:00:00+00:00","og_image":[{"width":784,"height":581,"url":"https:\/\/maismagazine.pt\/wp-content\/uploads\/2025\/10\/Sem-titulo.jpg","type":"image\/jpeg"}],"author":"Tiago Costa","twitter_card":"summary_large_image","twitter_misc":{"Escrito por":false,"Tempo estimado de leitura":"6 minutos"},"schema":{"@context":"https:\/\/schema.org","@graph":[{"@type":"Article","@id":"https:\/\/maismagazine.pt\/index.php\/2025\/10\/24\/construir-o-futuro-sobre-carris-o-compromisso-global-da-steconfer\/#article","isPartOf":{"@id":"https:\/\/maismagazine.pt\/index.php\/2025\/10\/24\/construir-o-futuro-sobre-carris-o-compromisso-global-da-steconfer\/"},"author":{"name":"Tiago Costa","@id":"https:\/\/maismagazine.pt\/#\/schema\/person\/c6c5bfccc886434cbd11c74e035f9646"},"headline":"Construir o futuro sobre carris: O compromisso global da Steconfer","datePublished":"2025-10-24T06:00:00+00:00","mainEntityOfPage":{"@id":"https:\/\/maismagazine.pt\/index.php\/2025\/10\/24\/construir-o-futuro-sobre-carris-o-compromisso-global-da-steconfer\/"},"wordCount":963,"publisher":{"@id":"https:\/\/maismagazine.pt\/#organization"},"image":{"@id":"https:\/\/maismagazine.pt\/index.php\/2025\/10\/24\/construir-o-futuro-sobre-carris-o-compromisso-global-da-steconfer\/#primaryimage"},"thumbnailUrl":"http:\/\/maismagazine.pt\/wp-content\/uploads\/2025\/10\/Sem-titulo.jpg","keywords":["Steconfer"],"articleSection":["Ambiente e Sustentabilidade","Arquitetura e Constru\u00e7\u00e3o","Empreendedorismo","Mundo Empresarial"],"inLanguage":"pt-PT"},{"@type":"WebPage","@id":"https:\/\/maismagazine.pt\/index.php\/2025\/10\/24\/construir-o-futuro-sobre-carris-o-compromisso-global-da-steconfer\/","url":"https:\/\/maismagazine.pt\/index.php\/2025\/10\/24\/construir-o-futuro-sobre-carris-o-compromisso-global-da-steconfer\/","name":"Construir o futuro sobre carris: O compromisso global da Steconfer - Mais Magazine","isPartOf":{"@id":"https:\/\/maismagazine.pt\/#website"},"primaryImageOfPage":{"@id":"https:\/\/maismagazine.pt\/index.php\/2025\/10\/24\/construir-o-futuro-sobre-carris-o-compromisso-global-da-steconfer\/#primaryimage"},"image":{"@id":"https:\/\/maismagazine.pt\/index.php\/2025\/10\/24\/construir-o-futuro-sobre-carris-o-compromisso-global-da-steconfer\/#primaryimage"},"thumbnailUrl":"http:\/\/maismagazine.pt\/wp-content\/uploads\/2025\/10\/Sem-titulo.jpg","datePublished":"2025-10-24T06:00:00+00:00","description":"Da constru\u00e7\u00e3o e manuten\u00e7\u00e3o de infraestruturas ferrovi\u00e1rias em Portugal \u00e0 execu\u00e7\u00e3o de projetos internacionais de alta complexidade, a Steconfer alia excel\u00eancia t\u00e9cnica, inova\u00e7\u00e3o e responsabilidade \u00e9tica, contribuindo para uma mobilidade mais segura e sustent\u00e1vel em todo o mundo.","breadcrumb":{"@id":"https:\/\/maismagazine.pt\/index.php\/2025\/10\/24\/construir-o-futuro-sobre-carris-o-compromisso-global-da-steconfer\/#breadcrumb"},"inLanguage":"pt-PT","potentialAction":[{"@type":"ReadAction","target":["https:\/\/maismagazine.pt\/index.php\/2025\/10\/24\/construir-o-futuro-sobre-carris-o-compromisso-global-da-steconfer\/"]}]},{"@type":"ImageObject","inLanguage":"pt-PT","@id":"https:\/\/maismagazine.pt\/index.php\/2025\/10\/24\/construir-o-futuro-sobre-carris-o-compromisso-global-da-steconfer\/#primaryimage","url":"http:\/\/maismagazine.pt\/wp-content\/uploads\/2025\/10\/Sem-titulo.jpg","contentUrl":"http:\/\/maismagazine.pt\/wp-content\/uploads\/2025\/10\/Sem-titulo.jpg","width":784,"height":581},{"@type":"BreadcrumbList","@id":"https:\/\/maismagazine.pt\/index.php\/2025\/10\/24\/construir-o-futuro-sobre-carris-o-compromisso-global-da-steconfer\/#breadcrumb","itemListElement":[{"@type":"ListItem","position":1,"name":"Home","item":"https:\/\/maismagazine.pt\/"},{"@type":"ListItem","position":2,"name":"Construir o futuro sobre carris: O compromisso global da Steconfer"}]},{"@type":"WebSite","@id":"https:\/\/maismagazine.pt\/#website","url":"https:\/\/maismagazine.pt\/","name":"Mais Magazine","description":"","publisher":{"@id":"https:\/\/maismagazine.pt\/#organization"},"potentialAction":[{"@type":"SearchAction","target":{"@type":"EntryPoint","urlTemplate":"https:\/\/maismagazine.pt\/?s={search_term_string}"},"query-input":{"@type":"PropertyValueSpecification","valueRequired":true,"valueName":"search_term_string"}}],"inLanguage":"pt-PT"},{"@type":"Organization","@id":"https:\/\/maismagazine.pt\/#organization","name":"Mais Magazine","url":"https:\/\/maismagazine.pt\/","logo":{"@type":"ImageObject","inLanguage":"pt-PT","@id":"https:\/\/maismagazine.pt\/#\/schema\/logo\/image\/","url":"http:\/\/maismagazine.pt\/wp-content\/uploads\/2020\/04\/cropped-cropped-mais-magazine-site-logo-2.png","contentUrl":"http:\/\/maismagazine.pt\/wp-content\/uploads\/2020\/04\/cropped-cropped-mais-magazine-site-logo-2.png","width":581,"height":90,"caption":"Mais Magazine"},"image":{"@id":"https:\/\/maismagazine.pt\/#\/schema\/logo\/image\/"}},{"@type":"Person","@id":"https:\/\/maismagazine.pt\/#\/schema\/person\/c6c5bfccc886434cbd11c74e035f9646","name":"Tiago Costa","image":{"@type":"ImageObject","inLanguage":"pt-PT","@id":"https:\/\/maismagazine.pt\/#\/schema\/person\/image\/","url":"https:\/\/secure.gravatar.com\/avatar\/c599b2bce16c9870429198cbad5ee022?s=96&d=mm&r=g","contentUrl":"https:\/\/secure.gravatar.com\/avatar\/c599b2bce16c9870429198cbad5ee022?s=96&d=mm&r=g","caption":"Tiago Costa"},"url":"http:\/\/maismagazine.pt\/index.php\/author\/tiago\/"}]}},"author_meta":{"display_name":false,"author_link":"http:\/\/maismagazine.pt\/index.php\/author\/tiago\/"},"featured_img":"http:\/\/maismagazine.pt\/wp-content\/uploads\/2025\/10\/Sem-titulo-300x222.jpg","coauthors":[],"tax_additional":{"categories":{"linked":["<a href=\"http:\/\/maismagazine.pt\/index.php\/category\/empreendedorismo\/ambiente-e-sustentabilidade\/\" class=\"advgb-post-tax-term\">Ambiente e Sustentabilidade<\/a>","<a href=\"http:\/\/maismagazine.pt\/index.php\/category\/empreendedorismo\/arquitetura-e-construcao\/\" class=\"advgb-post-tax-term\">Arquitetura e Constru\u00e7\u00e3o<\/a>","<a href=\"http:\/\/maismagazine.pt\/index.php\/category\/empreendedorismo\/\" class=\"advgb-post-tax-term\">Empreendedorismo<\/a>","<a href=\"http:\/\/maismagazine.pt\/index.php\/category\/mundo-empresarial\/\" class=\"advgb-post-tax-term\">Mundo Empresarial<\/a>"],"unlinked":["<span class=\"advgb-post-tax-term\">Ambiente e Sustentabilidade<\/span>","<span class=\"advgb-post-tax-term\">Arquitetura e Constru\u00e7\u00e3o<\/span>","<span class=\"advgb-post-tax-term\">Empreendedorismo<\/span>","<span class=\"advgb-post-tax-term\">Mundo Empresarial<\/span>"]},"tags":{"linked":["<a href=\"http:\/\/maismagazine.pt\/index.php\/category\/mundo-empresarial\/\" class=\"advgb-post-tax-term\">Steconfer<\/a>"],"unlinked":["<span class=\"advgb-post-tax-term\">Steconfer<\/span>"]}},"comment_count":"0","relative_dates":{"created":"Posted 6 meses ago","modified":"Updated 6 meses ago"},"absolute_dates":{"created":"Posted on 24 de Outubro, 2025","modified":"Updated on 21 de Outubro, 2025"},"absolute_dates_time":{"created":"Posted on 24 de Outubro, 2025 7:00","modified":"Updated on 21 de Outubro, 2025 15:10"},"featured_img_caption":"","series_order":"","_links":{"self":[{"href":"http:\/\/maismagazine.pt\/index.php\/wp-json\/wp\/v2\/posts\/12835","targetHints":{"allow":["GET"]}}],"collection":[{"href":"http:\/\/maismagazine.pt\/index.php\/wp-json\/wp\/v2\/posts"}],"about":[{"href":"http:\/\/maismagazine.pt\/index.php\/wp-json\/wp\/v2\/types\/post"}],"author":[{"embeddable":true,"href":"http:\/\/maismagazine.pt\/index.php\/wp-json\/wp\/v2\/users\/17"}],"replies":[{"embeddable":true,"href":"http:\/\/maismagazine.pt\/index.php\/wp-json\/wp\/v2\/comments?post=12835"}],"version-history":[{"count":2,"href":"http:\/\/maismagazine.pt\/index.php\/wp-json\/wp\/v2\/posts\/12835\/revisions"}],"predecessor-version":[{"id":12846,"href":"http:\/\/maismagazine.pt\/index.php\/wp-json\/wp\/v2\/posts\/12835\/revisions\/12846"}],"wp:featuredmedia":[{"embeddable":true,"href":"http:\/\/maismagazine.pt\/index.php\/wp-json\/wp\/v2\/media\/12844"}],"wp:attachment":[{"href":"http:\/\/maismagazine.pt\/index.php\/wp-json\/wp\/v2\/media?parent=12835"}],"wp:term":[{"taxonomy":"category","embeddable":true,"href":"http:\/\/maismagazine.pt\/index.php\/wp-json\/wp\/v2\/categories?post=12835"},{"taxonomy":"post_tag","embeddable":true,"href":"http:\/\/maismagazine.pt\/index.php\/wp-json\/wp\/v2\/tags?post=12835"}],"curies":[{"name":"wp","href":"https:\/\/api.w.org\/{rel}","templated":true}]}}