{"id":12827,"date":"2025-10-24T07:00:00","date_gmt":"2025-10-24T06:00:00","guid":{"rendered":"https:\/\/maismagazine.pt\/?p=12827"},"modified":"2025-10-21T15:14:03","modified_gmt":"2025-10-21T14:14:03","slug":"o-novo-olhar-sobre-o-luxo-na-arquitetura-portuguesa","status":"publish","type":"post","link":"http:\/\/maismagazine.pt\/index.php\/2025\/10\/24\/o-novo-olhar-sobre-o-luxo-na-arquitetura-portuguesa\/","title":{"rendered":"O novo olhar sobre o luxo na arquitetura portuguesa"},"content":{"rendered":"\n<p><strong>Em entrevista \u00e0 Mais Magazine, o <a href=\"http:\/\/www.nunoladeiro.com\">arquiteto Nuno Ladeiro<\/a> fala sobre as particularidades de dois projetos desenvolvidos em coautoria com a arquiteta Carmo Branco \u2014 a Casa RP e o Edif\u00edcio Flor do Tejo. Ambas as obras s\u00e3o da responsabilidade da empresa <a href=\"http:\/\/www.vomera.pt\">Vomera Building Solutions<\/a>, fundada em 2019 por Delphine Gerardo e S\u00e9rgio Santos, com sede em Santar\u00e9m, que se dedica a projetos residenciais, industriais e p\u00fablicos, oferecendo solu\u00e7\u00f5es \u201cchave na m\u00e3o\u201d com enfoque na qualidade, inova\u00e7\u00e3o e sustentabilidade.<\/strong><\/p>\n\n\n\n<p><\/p>\n\n\n\n<p><strong>O que o levou a seguir arquitetura e como nasceu o seu atelier? Que princ\u00edpios orientam o trabalho que desenvolve?<\/strong><\/p>\n\n\n\n<p>Desde muito cedo percebi que a arquitetura era uma forma de unir a criatividade \u00e0 funcionalidade e ao esp\u00edrito do lugar. Estudei arquitetura e posteriormente aprofundei os estudos em design na Domus Academy em It\u00e1lia, o que me permitiu ver cada projeto n\u00e3o s\u00f3 como uma constru\u00e7\u00e3o, mas tamb\u00e9m como uma experi\u00eancia de habitar. O atelier nasceu desse desejo: de projetar espa\u00e7os que fa\u00e7am sentido para quem os vive, que integrem as vari\u00e1veis do entorno natural e urban\u00edstico, e que sejam sustent\u00e1veis, duradouros e esteticamente equilibrados.<\/p>\n\n\n\n<p>Os nossos princ\u00edpios orientadores s\u00e3o a simplicidade formal, clareza no desenho arquitet\u00f3nico, integra\u00e7\u00e3o com o ambiente, uso de materiais simples e que envelhe\u00e7am bem, adapta\u00e7\u00e3o solar e t\u00e9rmica e espa\u00e7os fluidos (interiores\/exteriores). <\/p>\n\n\n<div class=\"wp-block-image\">\n<figure class=\"aligncenter size-full is-resized\"><img loading=\"lazy\" decoding=\"async\" width=\"536\" height=\"356\" src=\"https:\/\/maismagazine.pt\/wp-content\/uploads\/2025\/10\/IMG_2201.jpg\" alt=\"\" class=\"wp-image-12838\" style=\"width:422px;height:auto\" srcset=\"http:\/\/maismagazine.pt\/wp-content\/uploads\/2025\/10\/IMG_2201.jpg 536w, http:\/\/maismagazine.pt\/wp-content\/uploads\/2025\/10\/IMG_2201-300x199.jpg 300w, http:\/\/maismagazine.pt\/wp-content\/uploads\/2025\/10\/IMG_2201-150x100.jpg 150w\" sizes=\"auto, (max-width: 536px) 100vw, 536px\" \/><\/figure><\/div>\n\n\n<p><strong>Um dos projetos em que trabalhou este ano em coautoria com a Arquiteta Carmo Branco foi a Casa RP, no Oeiras Golfe &amp; Residence. O que mais o atraiu neste contexto e que marca pessoal quis deixar neste projeto?<\/strong><\/p>\n\n\n\n<p>O que mais me atraiu neste contexto foi a envolvente: o lote tem uma paisagem j\u00e1 estruturada, com o campo de golfe, a natureza e harmonia com a urbaniza\u00e7\u00e3o existente. Este tipo de contexto proporcionou um projeto interessante de equil\u00edbrio entre responder \u00e0s normas \u2014 morfologia, c\u00e9rceas e alinhamentos \u2014 e inserir uma arquitetura que tem car\u00e1cter pr\u00f3prio, mas sem destoar com a envolvente.<\/p>\n\n\n\n<p>A minha marca pessoal neste projeto foi deixar claro que a casa vive com as esta\u00e7\u00f5es do ano, com o sol, com o vento; criamos uma arquitetura fluida, que permite aos propriet\u00e1rios usufruir do interior\/exterior, das varia\u00e7\u00f5es de luz, da vegeta\u00e7\u00e3o e dos espa\u00e7os de lazer, proporcionando um di\u00e1logo constante com a envolvente. N\u00e3o se trata apenas uma casa para habitar, mas sim para viver, relaxar e contemplar. <\/p>\n\n\n\n<p><\/p>\n\n\n\n<p><strong>A Casa RP transmite serenidade e harmonia com a natureza. Que ideias guiaram a cria\u00e7\u00e3o deste espa\u00e7o entre conforto e sofistica\u00e7\u00e3o?<\/strong><\/p>\n\n\n\n<p>As ideias centrais foram: orienta\u00e7\u00e3o solar (posi\u00e7\u00e3o em L para proteger a casa dos ventos predominantes do quadrante norte; maximizar a incid\u00eancia do sol a sul), envidra\u00e7ados amplos para criar forte conex\u00e3o visual com a paisagem, varia\u00e7\u00f5es de plano para que haja transi\u00e7\u00f5es suaves entre o interior e o exterior (salas, terra\u00e7os, decks, piscina e espa\u00e7os de p\u00e1tio).A sofistica\u00e7\u00e3o surge da simplicidade: materiais simples, superf\u00edcies brancas, pain\u00e9is de revestimento nas fachadas a simular madeira natural, mas sem qualquer manuten\u00e7\u00e3o; linhas retas; palas de sombreamento, e aten\u00e7\u00e3o aos acabamentos. O conforto foi um requisito fundamental na conce\u00e7\u00e3o da volumetria que protege o espa\u00e7o da piscina do vento, do controle solar atrav\u00e9s de palas de ensombramento e varandas que provocam sombra sobre as superf\u00edcies envidra\u00e7adas.<\/p>\n\n\n<div class=\"wp-block-image\">\n<figure class=\"aligncenter size-large is-resized\"><img loading=\"lazy\" decoding=\"async\" width=\"1024\" height=\"576\" src=\"http:\/\/maismagazine.pt\/wp-content\/uploads\/2025\/10\/IMAGEM-4-FINAL-1024x576.jpg\" alt=\"\" class=\"wp-image-12840\" style=\"width:539px;height:auto\" srcset=\"http:\/\/maismagazine.pt\/wp-content\/uploads\/2025\/10\/IMAGEM-4-FINAL-1024x576.jpg 1024w, http:\/\/maismagazine.pt\/wp-content\/uploads\/2025\/10\/IMAGEM-4-FINAL-300x169.jpg 300w, http:\/\/maismagazine.pt\/wp-content\/uploads\/2025\/10\/IMAGEM-4-FINAL-768x432.jpg 768w, http:\/\/maismagazine.pt\/wp-content\/uploads\/2025\/10\/IMAGEM-4-FINAL-1536x864.jpg 1536w, http:\/\/maismagazine.pt\/wp-content\/uploads\/2025\/10\/IMAGEM-4-FINAL-2048x1152.jpg 2048w\" sizes=\"auto, (max-width: 1024px) 100vw, 1024px\" \/><figcaption class=\"wp-element-caption\">Edif\u00edcio Flor do Tejo<\/figcaption><\/figure><\/div>\n\n\n<p><strong>J\u00e1 no projeto do Edif\u00edcio Flor do Tejo, realizado em coautoria com a arquiteta Carmo Branco e o arquiteto Jo\u00e3o Rocheteau, que atualmente se encontra em constru\u00e7\u00e3o em Santar\u00e9m, ergue-se entre a cidade e a paisagem da Lez\u00edria. Que conceito de \u201cviver com vista\u201d procuraram refletir neste projeto?<\/strong><\/p>\n\n\n\n<p>No edif\u00edcio Flor do Tejo procurou-se capturar o di\u00e1logo entre a cidade e a paisagem da Lez\u00edria do Tejo. \u201cViver com vista\u201d, ou seja, desenhar os espa\u00e7os de modo que essa vista seja parte integrante da experi\u00eancia di\u00e1ria, atrav\u00e9s de varandas amplas, fachadas recortadas, espa\u00e7os comuns que aproveitam a paisagem, logradouros privados e uma orienta\u00e7\u00e3o predominantemente para sul (vistas sobre a Lez\u00edria).<\/p>\n\n\n\n<p><\/p>\n\n\n\n<p><strong>Este edif\u00edcio introduz uma linguagem contempor\u00e2nea num contexto urbano tradicional. Como equilibraram inova\u00e7\u00e3o e respeito pela identidade local?<\/strong><\/p>\n\n\n\n<p>Introduzir uma linguagem contempor\u00e2nea num contexto urbano tradicional exige sempre o respeito pela envolvente, atrav\u00e9s do alinhamento de c\u00e9rceas, ritmo das fachadas com as constru\u00e7\u00f5es circundantes, cores e materiais dominantes; mas tamb\u00e9m modernidade atrav\u00e9s da introdu\u00e7\u00e3o de uma volumetria audaz, marcada pelas fachadas din\u00e2micas e varandas recortadas, pelos materiais contrastantes e intera\u00e7\u00e3o com a luz. <\/p>\n\n\n\n<p><\/p>\n\n\n\n<p><strong>Tanto o Flor do Tejo como a Casa RP partilham uma vis\u00e3o de luxo discreto. O que significa para si o \u201cluxo contempor\u00e2neo\u201d na arquitetura?<\/strong><\/p>\n\n\n\n<p>Para mim, luxo contempor\u00e2neo n\u00e3o \u00e9 necessariamente ostenta\u00e7\u00e3o, mas sim qualidade: de espa\u00e7o, luz, conforto, detalhe, durabilidade dos materiais e integra\u00e7\u00e3o com a envolvente. Significa prestar aten\u00e7\u00e3o \u00e0s necessidades reais das pessoas como a privacidade, vistas, conforto t\u00e9rmico e ac\u00fastico e sustentabilidade, mas tamb\u00e9m est\u00e9tica refinada. \u00c9 um luxo discreto. <\/p>\n\n\n\n<p><\/p>\n\n\n\n<p><strong>E olhando para o futuro, que caminhos acredita que a arquitetura portuguesa dever\u00e1 seguir para continuar a unir beleza, sustentabilidade e bem-estar?<\/strong><\/p>\n\n\n\n<p>Para o futuro, acredito que os caminhos mais promissores passam pela sustentabilidade real, n\u00e3o s\u00f3 certifica\u00e7\u00f5es, mas pr\u00e1ticas de efici\u00eancia energ\u00e9tica, uso de materiais resistentes, aproveitamento das \u00e1guas pluviais e energia solar. A Arquitetura dever\u00e1 responder \u00e0s altera\u00e7\u00f5es de clima, \u00e0 temperatura excessiva, \u00e0 necessidade de ventila\u00e7\u00e3o, sombra e conforto sem depend\u00eancia de ar condicionado intenso. Valorizar a paisagem e a natureza e integrar a constru\u00e7\u00e3o nas \u00e1reas verdes.<\/p>\n\n\n\n<p>Introduzir tecnologia, mas com modera\u00e7\u00e3o \u2013 smart homes, dom\u00f3tica, mas sempre ao servi\u00e7o dos utilizadores.<\/p>\n\n\n\n<p>Considerar a cultura local \/a identidade do lugar \u2013 resgatar elementos de refer\u00eancia local, n\u00e3o necessariamente estil\u00edsticos, mas de escala, materiais, luz e modo de viver. <\/p>\n\n\n\n<p><\/p>\n\n\n<div class=\"wp-block-image\">\n<figure class=\"aligncenter size-large is-resized\"><img loading=\"lazy\" decoding=\"async\" width=\"1024\" height=\"191\" src=\"https:\/\/maismagazine.pt\/wp-content\/uploads\/2025\/10\/Logo-NunoLadeiro-Final-1024x191.jpg\" alt=\"\" class=\"wp-image-12849\" style=\"width:391px;height:auto\" srcset=\"http:\/\/maismagazine.pt\/wp-content\/uploads\/2025\/10\/Logo-NunoLadeiro-Final-1024x191.jpg 1024w, http:\/\/maismagazine.pt\/wp-content\/uploads\/2025\/10\/Logo-NunoLadeiro-Final-300x56.jpg 300w, http:\/\/maismagazine.pt\/wp-content\/uploads\/2025\/10\/Logo-NunoLadeiro-Final-768x143.jpg 768w, http:\/\/maismagazine.pt\/wp-content\/uploads\/2025\/10\/Logo-NunoLadeiro-Final-1536x287.jpg 1536w, http:\/\/maismagazine.pt\/wp-content\/uploads\/2025\/10\/Logo-NunoLadeiro-Final.jpg 1678w\" sizes=\"auto, (max-width: 1024px) 100vw, 1024px\" \/><\/figure><\/div>\n\n<div class=\"wp-block-image\">\n<figure class=\"aligncenter size-full\"><img loading=\"lazy\" decoding=\"async\" width=\"388\" height=\"54\" src=\"https:\/\/maismagazine.pt\/wp-content\/uploads\/2025\/10\/image001.png\" alt=\"\" class=\"wp-image-12850\" srcset=\"http:\/\/maismagazine.pt\/wp-content\/uploads\/2025\/10\/image001.png 388w, http:\/\/maismagazine.pt\/wp-content\/uploads\/2025\/10\/image001-300x42.png 300w\" sizes=\"auto, (max-width: 388px) 100vw, 388px\" \/><\/figure><\/div>\n\n\n<p><\/p>\n","protected":false},"excerpt":{"rendered":"<p>Em entrevista \u00e0 Mais Magazine, o arquiteto Nuno Ladeiro fala sobre as particularidades de dois projetos desenvolvidos em coautoria com a arquiteta Carmo Branco \u2014 a Casa RP e o Edif\u00edcio Flor do Tejo. Ambas as obras s\u00e3o da responsabilidade da empresa Vomera Building Solutions, fundada em 2019 por Delphine&hellip;<\/p>\n","protected":false},"author":18,"featured_media":12836,"comment_status":"closed","ping_status":"open","sticky":false,"template":"","format":"standard","meta":{"advgb_blocks_editor_width":"","advgb_blocks_columns_visual_guide":"","_monsterinsights_skip_tracking":false,"_monsterinsights_sitenote_active":false,"_monsterinsights_sitenote_note":"","_monsterinsights_sitenote_category":0,"footnotes":""},"categories":[77],"tags":[2473,93,2458,2474],"class_list":["post-12827","post","type-post","status-publish","format-standard","has-post-thumbnail","hentry","category-arquitetura-e-construcao","tag-arquiteto-nuno-ladeiro","tag-arquitetura","tag-luxury-lifestyle","tag-vomera-building-solutions"],"yoast_head":"<!-- This site is optimized with the Yoast SEO plugin v24.4 - https:\/\/yoast.com\/wordpress\/plugins\/seo\/ -->\n<title>O novo olhar sobre o luxo na arquitetura portuguesa - Mais Magazine<\/title>\n<meta name=\"robots\" content=\"index, follow, max-snippet:-1, max-image-preview:large, max-video-preview:-1\" \/>\n<link rel=\"canonical\" href=\"http:\/\/maismagazine.pt\/index.php\/2025\/10\/24\/o-novo-olhar-sobre-o-luxo-na-arquitetura-portuguesa\/\" \/>\n<meta property=\"og:locale\" content=\"pt_PT\" \/>\n<meta property=\"og:type\" content=\"article\" \/>\n<meta property=\"og:title\" content=\"O novo olhar sobre o luxo na arquitetura portuguesa - Mais Magazine\" \/>\n<meta property=\"og:description\" content=\"Em entrevista \u00e0 Mais Magazine, o arquiteto Nuno Ladeiro fala sobre as particularidades de dois projetos desenvolvidos em coautoria com a arquiteta Carmo Branco \u2014 a Casa RP e o Edif\u00edcio Flor do Tejo. Ambas as obras s\u00e3o da responsabilidade da empresa Vomera Building Solutions, fundada em 2019 por Delphine&hellip;\" \/>\n<meta property=\"og:url\" content=\"http:\/\/maismagazine.pt\/index.php\/2025\/10\/24\/o-novo-olhar-sobre-o-luxo-na-arquitetura-portuguesa\/\" \/>\n<meta property=\"og:site_name\" content=\"Mais Magazine\" \/>\n<meta property=\"article:published_time\" content=\"2025-10-24T06:00:00+00:00\" \/>\n<meta property=\"og:image\" content=\"http:\/\/maismagazine.pt\/wp-content\/uploads\/2025\/10\/IMG_2178-scaled.jpg\" \/>\n\t<meta property=\"og:image:width\" content=\"2560\" \/>\n\t<meta property=\"og:image:height\" content=\"1557\" \/>\n\t<meta property=\"og:image:type\" content=\"image\/jpeg\" \/>\n<meta name=\"author\" content=\"Tatiana Martins\" \/>\n<meta name=\"twitter:card\" content=\"summary_large_image\" \/>\n<meta name=\"twitter:label1\" content=\"Escrito por\" \/>\n\t<meta name=\"twitter:data1\" content=\"\" \/>\n\t<meta name=\"twitter:label2\" content=\"Tempo estimado de leitura\" \/>\n\t<meta name=\"twitter:data2\" content=\"7 minutos\" \/>\n<script type=\"application\/ld+json\" class=\"yoast-schema-graph\">{\"@context\":\"https:\/\/schema.org\",\"@graph\":[{\"@type\":\"Article\",\"@id\":\"http:\/\/maismagazine.pt\/index.php\/2025\/10\/24\/o-novo-olhar-sobre-o-luxo-na-arquitetura-portuguesa\/#article\",\"isPartOf\":{\"@id\":\"http:\/\/maismagazine.pt\/index.php\/2025\/10\/24\/o-novo-olhar-sobre-o-luxo-na-arquitetura-portuguesa\/\"},\"author\":{\"name\":\"Tatiana Martins\",\"@id\":\"http:\/\/maismagazine.pt\/#\/schema\/person\/7426e2caeb8df32a1b56aa48dae778c9\"},\"headline\":\"O novo olhar sobre o luxo na arquitetura portuguesa\",\"datePublished\":\"2025-10-24T06:00:00+00:00\",\"mainEntityOfPage\":{\"@id\":\"http:\/\/maismagazine.pt\/index.php\/2025\/10\/24\/o-novo-olhar-sobre-o-luxo-na-arquitetura-portuguesa\/\"},\"wordCount\":1044,\"publisher\":{\"@id\":\"http:\/\/maismagazine.pt\/#organization\"},\"image\":{\"@id\":\"http:\/\/maismagazine.pt\/index.php\/2025\/10\/24\/o-novo-olhar-sobre-o-luxo-na-arquitetura-portuguesa\/#primaryimage\"},\"thumbnailUrl\":\"http:\/\/maismagazine.pt\/wp-content\/uploads\/2025\/10\/IMG_2178-scaled.jpg\",\"keywords\":[\"Arquiteto Nuno Ladeiro\",\"Arquitetura\",\"Luxury lifestyle\",\"Vomera Building Solutions\"],\"articleSection\":[\"Arquitetura e Constru\u00e7\u00e3o\"],\"inLanguage\":\"pt-PT\"},{\"@type\":\"WebPage\",\"@id\":\"http:\/\/maismagazine.pt\/index.php\/2025\/10\/24\/o-novo-olhar-sobre-o-luxo-na-arquitetura-portuguesa\/\",\"url\":\"http:\/\/maismagazine.pt\/index.php\/2025\/10\/24\/o-novo-olhar-sobre-o-luxo-na-arquitetura-portuguesa\/\",\"name\":\"O novo olhar sobre o luxo na arquitetura portuguesa - Mais Magazine\",\"isPartOf\":{\"@id\":\"http:\/\/maismagazine.pt\/#website\"},\"primaryImageOfPage\":{\"@id\":\"http:\/\/maismagazine.pt\/index.php\/2025\/10\/24\/o-novo-olhar-sobre-o-luxo-na-arquitetura-portuguesa\/#primaryimage\"},\"image\":{\"@id\":\"http:\/\/maismagazine.pt\/index.php\/2025\/10\/24\/o-novo-olhar-sobre-o-luxo-na-arquitetura-portuguesa\/#primaryimage\"},\"thumbnailUrl\":\"http:\/\/maismagazine.pt\/wp-content\/uploads\/2025\/10\/IMG_2178-scaled.jpg\",\"datePublished\":\"2025-10-24T06:00:00+00:00\",\"breadcrumb\":{\"@id\":\"http:\/\/maismagazine.pt\/index.php\/2025\/10\/24\/o-novo-olhar-sobre-o-luxo-na-arquitetura-portuguesa\/#breadcrumb\"},\"inLanguage\":\"pt-PT\",\"potentialAction\":[{\"@type\":\"ReadAction\",\"target\":[\"http:\/\/maismagazine.pt\/index.php\/2025\/10\/24\/o-novo-olhar-sobre-o-luxo-na-arquitetura-portuguesa\/\"]}]},{\"@type\":\"ImageObject\",\"inLanguage\":\"pt-PT\",\"@id\":\"http:\/\/maismagazine.pt\/index.php\/2025\/10\/24\/o-novo-olhar-sobre-o-luxo-na-arquitetura-portuguesa\/#primaryimage\",\"url\":\"http:\/\/maismagazine.pt\/wp-content\/uploads\/2025\/10\/IMG_2178-scaled.jpg\",\"contentUrl\":\"http:\/\/maismagazine.pt\/wp-content\/uploads\/2025\/10\/IMG_2178-scaled.jpg\",\"width\":2560,\"height\":1557,\"caption\":\"Casa RP\"},{\"@type\":\"BreadcrumbList\",\"@id\":\"http:\/\/maismagazine.pt\/index.php\/2025\/10\/24\/o-novo-olhar-sobre-o-luxo-na-arquitetura-portuguesa\/#breadcrumb\",\"itemListElement\":[{\"@type\":\"ListItem\",\"position\":1,\"name\":\"Home\",\"item\":\"http:\/\/maismagazine.pt\/\"},{\"@type\":\"ListItem\",\"position\":2,\"name\":\"O novo olhar sobre o luxo na arquitetura portuguesa\"}]},{\"@type\":\"WebSite\",\"@id\":\"http:\/\/maismagazine.pt\/#website\",\"url\":\"http:\/\/maismagazine.pt\/\",\"name\":\"Mais Magazine\",\"description\":\"\",\"publisher\":{\"@id\":\"http:\/\/maismagazine.pt\/#organization\"},\"potentialAction\":[{\"@type\":\"SearchAction\",\"target\":{\"@type\":\"EntryPoint\",\"urlTemplate\":\"http:\/\/maismagazine.pt\/?s={search_term_string}\"},\"query-input\":{\"@type\":\"PropertyValueSpecification\",\"valueRequired\":true,\"valueName\":\"search_term_string\"}}],\"inLanguage\":\"pt-PT\"},{\"@type\":\"Organization\",\"@id\":\"http:\/\/maismagazine.pt\/#organization\",\"name\":\"Mais Magazine\",\"url\":\"http:\/\/maismagazine.pt\/\",\"logo\":{\"@type\":\"ImageObject\",\"inLanguage\":\"pt-PT\",\"@id\":\"http:\/\/maismagazine.pt\/#\/schema\/logo\/image\/\",\"url\":\"http:\/\/maismagazine.pt\/wp-content\/uploads\/2020\/04\/cropped-cropped-mais-magazine-site-logo-2.png\",\"contentUrl\":\"http:\/\/maismagazine.pt\/wp-content\/uploads\/2020\/04\/cropped-cropped-mais-magazine-site-logo-2.png\",\"width\":581,\"height\":90,\"caption\":\"Mais Magazine\"},\"image\":{\"@id\":\"http:\/\/maismagazine.pt\/#\/schema\/logo\/image\/\"}},{\"@type\":\"Person\",\"@id\":\"http:\/\/maismagazine.pt\/#\/schema\/person\/7426e2caeb8df32a1b56aa48dae778c9\",\"name\":\"Tatiana Martins\",\"image\":{\"@type\":\"ImageObject\",\"inLanguage\":\"pt-PT\",\"@id\":\"http:\/\/maismagazine.pt\/#\/schema\/person\/image\/\",\"url\":\"https:\/\/secure.gravatar.com\/avatar\/4b24a57f5d0425f2eb20981c4b53244e?s=96&d=mm&r=g\",\"contentUrl\":\"https:\/\/secure.gravatar.com\/avatar\/4b24a57f5d0425f2eb20981c4b53244e?s=96&d=mm&r=g\",\"caption\":\"Tatiana Martins\"},\"url\":\"http:\/\/maismagazine.pt\/index.php\/author\/tatiana\/\"}]}<\/script>\n<!-- \/ Yoast SEO plugin. -->","yoast_head_json":{"title":"O novo olhar sobre o luxo na arquitetura portuguesa - Mais Magazine","robots":{"index":"index","follow":"follow","max-snippet":"max-snippet:-1","max-image-preview":"max-image-preview:large","max-video-preview":"max-video-preview:-1"},"canonical":"http:\/\/maismagazine.pt\/index.php\/2025\/10\/24\/o-novo-olhar-sobre-o-luxo-na-arquitetura-portuguesa\/","og_locale":"pt_PT","og_type":"article","og_title":"O novo olhar sobre o luxo na arquitetura portuguesa - Mais Magazine","og_description":"Em entrevista \u00e0 Mais Magazine, o arquiteto Nuno Ladeiro fala sobre as particularidades de dois projetos desenvolvidos em coautoria com a arquiteta Carmo Branco \u2014 a Casa RP e o Edif\u00edcio Flor do Tejo. Ambas as obras s\u00e3o da responsabilidade da empresa Vomera Building Solutions, fundada em 2019 por Delphine&hellip;","og_url":"http:\/\/maismagazine.pt\/index.php\/2025\/10\/24\/o-novo-olhar-sobre-o-luxo-na-arquitetura-portuguesa\/","og_site_name":"Mais Magazine","article_published_time":"2025-10-24T06:00:00+00:00","og_image":[{"width":2560,"height":1557,"url":"http:\/\/maismagazine.pt\/wp-content\/uploads\/2025\/10\/IMG_2178-scaled.jpg","type":"image\/jpeg"}],"author":"Tatiana Martins","twitter_card":"summary_large_image","twitter_misc":{"Escrito por":false,"Tempo estimado de leitura":"7 minutos"},"schema":{"@context":"https:\/\/schema.org","@graph":[{"@type":"Article","@id":"http:\/\/maismagazine.pt\/index.php\/2025\/10\/24\/o-novo-olhar-sobre-o-luxo-na-arquitetura-portuguesa\/#article","isPartOf":{"@id":"http:\/\/maismagazine.pt\/index.php\/2025\/10\/24\/o-novo-olhar-sobre-o-luxo-na-arquitetura-portuguesa\/"},"author":{"name":"Tatiana Martins","@id":"http:\/\/maismagazine.pt\/#\/schema\/person\/7426e2caeb8df32a1b56aa48dae778c9"},"headline":"O novo olhar sobre o luxo na arquitetura portuguesa","datePublished":"2025-10-24T06:00:00+00:00","mainEntityOfPage":{"@id":"http:\/\/maismagazine.pt\/index.php\/2025\/10\/24\/o-novo-olhar-sobre-o-luxo-na-arquitetura-portuguesa\/"},"wordCount":1044,"publisher":{"@id":"http:\/\/maismagazine.pt\/#organization"},"image":{"@id":"http:\/\/maismagazine.pt\/index.php\/2025\/10\/24\/o-novo-olhar-sobre-o-luxo-na-arquitetura-portuguesa\/#primaryimage"},"thumbnailUrl":"http:\/\/maismagazine.pt\/wp-content\/uploads\/2025\/10\/IMG_2178-scaled.jpg","keywords":["Arquiteto Nuno Ladeiro","Arquitetura","Luxury lifestyle","Vomera Building Solutions"],"articleSection":["Arquitetura e Constru\u00e7\u00e3o"],"inLanguage":"pt-PT"},{"@type":"WebPage","@id":"http:\/\/maismagazine.pt\/index.php\/2025\/10\/24\/o-novo-olhar-sobre-o-luxo-na-arquitetura-portuguesa\/","url":"http:\/\/maismagazine.pt\/index.php\/2025\/10\/24\/o-novo-olhar-sobre-o-luxo-na-arquitetura-portuguesa\/","name":"O novo olhar sobre o luxo na arquitetura portuguesa - Mais Magazine","isPartOf":{"@id":"http:\/\/maismagazine.pt\/#website"},"primaryImageOfPage":{"@id":"http:\/\/maismagazine.pt\/index.php\/2025\/10\/24\/o-novo-olhar-sobre-o-luxo-na-arquitetura-portuguesa\/#primaryimage"},"image":{"@id":"http:\/\/maismagazine.pt\/index.php\/2025\/10\/24\/o-novo-olhar-sobre-o-luxo-na-arquitetura-portuguesa\/#primaryimage"},"thumbnailUrl":"http:\/\/maismagazine.pt\/wp-content\/uploads\/2025\/10\/IMG_2178-scaled.jpg","datePublished":"2025-10-24T06:00:00+00:00","breadcrumb":{"@id":"http:\/\/maismagazine.pt\/index.php\/2025\/10\/24\/o-novo-olhar-sobre-o-luxo-na-arquitetura-portuguesa\/#breadcrumb"},"inLanguage":"pt-PT","potentialAction":[{"@type":"ReadAction","target":["http:\/\/maismagazine.pt\/index.php\/2025\/10\/24\/o-novo-olhar-sobre-o-luxo-na-arquitetura-portuguesa\/"]}]},{"@type":"ImageObject","inLanguage":"pt-PT","@id":"http:\/\/maismagazine.pt\/index.php\/2025\/10\/24\/o-novo-olhar-sobre-o-luxo-na-arquitetura-portuguesa\/#primaryimage","url":"http:\/\/maismagazine.pt\/wp-content\/uploads\/2025\/10\/IMG_2178-scaled.jpg","contentUrl":"http:\/\/maismagazine.pt\/wp-content\/uploads\/2025\/10\/IMG_2178-scaled.jpg","width":2560,"height":1557,"caption":"Casa RP"},{"@type":"BreadcrumbList","@id":"http:\/\/maismagazine.pt\/index.php\/2025\/10\/24\/o-novo-olhar-sobre-o-luxo-na-arquitetura-portuguesa\/#breadcrumb","itemListElement":[{"@type":"ListItem","position":1,"name":"Home","item":"http:\/\/maismagazine.pt\/"},{"@type":"ListItem","position":2,"name":"O novo olhar sobre o luxo na arquitetura portuguesa"}]},{"@type":"WebSite","@id":"http:\/\/maismagazine.pt\/#website","url":"http:\/\/maismagazine.pt\/","name":"Mais Magazine","description":"","publisher":{"@id":"http:\/\/maismagazine.pt\/#organization"},"potentialAction":[{"@type":"SearchAction","target":{"@type":"EntryPoint","urlTemplate":"http:\/\/maismagazine.pt\/?s={search_term_string}"},"query-input":{"@type":"PropertyValueSpecification","valueRequired":true,"valueName":"search_term_string"}}],"inLanguage":"pt-PT"},{"@type":"Organization","@id":"http:\/\/maismagazine.pt\/#organization","name":"Mais Magazine","url":"http:\/\/maismagazine.pt\/","logo":{"@type":"ImageObject","inLanguage":"pt-PT","@id":"http:\/\/maismagazine.pt\/#\/schema\/logo\/image\/","url":"http:\/\/maismagazine.pt\/wp-content\/uploads\/2020\/04\/cropped-cropped-mais-magazine-site-logo-2.png","contentUrl":"http:\/\/maismagazine.pt\/wp-content\/uploads\/2020\/04\/cropped-cropped-mais-magazine-site-logo-2.png","width":581,"height":90,"caption":"Mais Magazine"},"image":{"@id":"http:\/\/maismagazine.pt\/#\/schema\/logo\/image\/"}},{"@type":"Person","@id":"http:\/\/maismagazine.pt\/#\/schema\/person\/7426e2caeb8df32a1b56aa48dae778c9","name":"Tatiana Martins","image":{"@type":"ImageObject","inLanguage":"pt-PT","@id":"http:\/\/maismagazine.pt\/#\/schema\/person\/image\/","url":"https:\/\/secure.gravatar.com\/avatar\/4b24a57f5d0425f2eb20981c4b53244e?s=96&d=mm&r=g","contentUrl":"https:\/\/secure.gravatar.com\/avatar\/4b24a57f5d0425f2eb20981c4b53244e?s=96&d=mm&r=g","caption":"Tatiana Martins"},"url":"http:\/\/maismagazine.pt\/index.php\/author\/tatiana\/"}]}},"author_meta":{"display_name":false,"author_link":"http:\/\/maismagazine.pt\/index.php\/author\/tatiana\/"},"featured_img":"http:\/\/maismagazine.pt\/wp-content\/uploads\/2025\/10\/IMG_2178-300x182.jpg","coauthors":[],"tax_additional":{"categories":{"linked":["<a href=\"http:\/\/maismagazine.pt\/index.php\/category\/empreendedorismo\/arquitetura-e-construcao\/\" class=\"advgb-post-tax-term\">Arquitetura e Constru\u00e7\u00e3o<\/a>"],"unlinked":["<span class=\"advgb-post-tax-term\">Arquitetura e Constru\u00e7\u00e3o<\/span>"]},"tags":{"linked":["<a href=\"http:\/\/maismagazine.pt\/index.php\/category\/empreendedorismo\/arquitetura-e-construcao\/\" class=\"advgb-post-tax-term\">Arquiteto Nuno Ladeiro<\/a>","<a href=\"http:\/\/maismagazine.pt\/index.php\/category\/empreendedorismo\/arquitetura-e-construcao\/\" class=\"advgb-post-tax-term\">Arquitetura<\/a>","<a href=\"http:\/\/maismagazine.pt\/index.php\/category\/empreendedorismo\/arquitetura-e-construcao\/\" class=\"advgb-post-tax-term\">Luxury lifestyle<\/a>","<a href=\"http:\/\/maismagazine.pt\/index.php\/category\/empreendedorismo\/arquitetura-e-construcao\/\" class=\"advgb-post-tax-term\">Vomera Building Solutions<\/a>"],"unlinked":["<span class=\"advgb-post-tax-term\">Arquiteto Nuno Ladeiro<\/span>","<span class=\"advgb-post-tax-term\">Arquitetura<\/span>","<span class=\"advgb-post-tax-term\">Luxury lifestyle<\/span>","<span class=\"advgb-post-tax-term\">Vomera Building Solutions<\/span>"]}},"comment_count":"0","relative_dates":{"created":"Posted 6 meses ago","modified":"Updated 6 meses ago"},"absolute_dates":{"created":"Posted on 24 de Outubro, 2025","modified":"Updated on 21 de Outubro, 2025"},"absolute_dates_time":{"created":"Posted on 24 de Outubro, 2025 7:00","modified":"Updated on 21 de Outubro, 2025 15:14"},"featured_img_caption":"Casa RP","series_order":"","_links":{"self":[{"href":"http:\/\/maismagazine.pt\/index.php\/wp-json\/wp\/v2\/posts\/12827","targetHints":{"allow":["GET"]}}],"collection":[{"href":"http:\/\/maismagazine.pt\/index.php\/wp-json\/wp\/v2\/posts"}],"about":[{"href":"http:\/\/maismagazine.pt\/index.php\/wp-json\/wp\/v2\/types\/post"}],"author":[{"embeddable":true,"href":"http:\/\/maismagazine.pt\/index.php\/wp-json\/wp\/v2\/users\/18"}],"replies":[{"embeddable":true,"href":"http:\/\/maismagazine.pt\/index.php\/wp-json\/wp\/v2\/comments?post=12827"}],"version-history":[{"count":1,"href":"http:\/\/maismagazine.pt\/index.php\/wp-json\/wp\/v2\/posts\/12827\/revisions"}],"predecessor-version":[{"id":12854,"href":"http:\/\/maismagazine.pt\/index.php\/wp-json\/wp\/v2\/posts\/12827\/revisions\/12854"}],"wp:featuredmedia":[{"embeddable":true,"href":"http:\/\/maismagazine.pt\/index.php\/wp-json\/wp\/v2\/media\/12836"}],"wp:attachment":[{"href":"http:\/\/maismagazine.pt\/index.php\/wp-json\/wp\/v2\/media?parent=12827"}],"wp:term":[{"taxonomy":"category","embeddable":true,"href":"http:\/\/maismagazine.pt\/index.php\/wp-json\/wp\/v2\/categories?post=12827"},{"taxonomy":"post_tag","embeddable":true,"href":"http:\/\/maismagazine.pt\/index.php\/wp-json\/wp\/v2\/tags?post=12827"}],"curies":[{"name":"wp","href":"https:\/\/api.w.org\/{rel}","templated":true}]}}