{"id":12806,"date":"2025-10-24T07:00:00","date_gmt":"2025-10-24T06:00:00","guid":{"rendered":"https:\/\/maismagazine.pt\/?p=12806"},"modified":"2025-10-21T14:50:47","modified_gmt":"2025-10-21T13:50:47","slug":"a-delicadeza-e-a-precisao-ao-servico-da-rinoplastia","status":"publish","type":"post","link":"http:\/\/maismagazine.pt\/index.php\/2025\/10\/24\/a-delicadeza-e-a-precisao-ao-servico-da-rinoplastia\/","title":{"rendered":"A delicadeza e a precis\u00e3o ao servi\u00e7o da rinoplastia"},"content":{"rendered":"\n<p><strong>Sara Martins Pereira, m\u00e9dica otorrinolaringologista do Hospital Lus\u00edadas Braga, confessa que nunca se imaginou noutra profiss\u00e3o. Com uma voca\u00e7\u00e3o que nasceu em fam\u00edlia, encontrou na rinoplastia \u2014 uma \u00e1rea que alia precis\u00e3o cir\u00fargica e sensibilidade est\u00e9tica \u2014 a sua maior paix\u00e3o profissional. Entre conquistas e desafios, partilha o impacto da tecnologia na cirurgia, a import\u00e2ncia de equilibrar a vida pessoal com a carreira e os planos para o futuro.<\/strong><\/p>\n\n\n\n<p><\/p>\n\n\n\n<p><strong>O que a motivou a seguir a carreira de medicina e a optar pela especialidade de otorrinolaringologia?<\/strong><\/p>\n\n\n\n<p>Sempre soube que queria ser m\u00e9dica. Os meus pais s\u00e3o m\u00e9dicos, bem como a minha madrinha com quem tinha um contacto muito regular na inf\u00e2ncia e cresci nesse meio.<\/p>\n\n\n\n<p>Nunca pensei ter outra profiss\u00e3o, ent\u00e3o acho que foi algo natural.<\/p>\n\n\n\n<p>Quanto \u00e0 otorrinolaringologia, eu queria uma especialidade cir\u00fargica, sabia bem o que n\u00e3o queria, mas n\u00e3o sabia bem o que seguir. O meu pai motivou-me um bocadinho para Otorrino e hoje agrade\u00e7o-lhe por isso. Estou, sem d\u00favida, na especialidade certa!<\/p>\n\n\n\n<p><\/p>\n\n\n\n<p><strong>Ao longo da sua trajet\u00f3ria profissional, quais t\u00eam sido os principais desafios e conquistas? <\/strong><\/p>\n\n\n\n<p>A principal conquista \u00e9 poder trabalhar naquilo que gosto. Sei que \u00e9 um privil\u00e9gio poder dizer isso, e ser cada vez mais reconhecida na \u00e1rea que me tenho dedicado e preenche-me muito por ser que a que eu mais gosto &#8211; a rinoplastia; desafios: conjugar vida pessoal\/familiar, sobretudo, desde que sou m\u00e3e com um trabalho que me absorve tanto. <\/p>\n\n\n<div class=\"wp-block-image\">\n<figure class=\"aligncenter size-full is-resized\"><img loading=\"lazy\" decoding=\"async\" width=\"640\" height=\"428\" src=\"https:\/\/maismagazine.pt\/wp-content\/uploads\/2025\/10\/Dra-Sara-Martins-Pereira-6-1.jpg\" alt=\"\" class=\"wp-image-12812\" style=\"width:416px;height:auto\" srcset=\"http:\/\/maismagazine.pt\/wp-content\/uploads\/2025\/10\/Dra-Sara-Martins-Pereira-6-1.jpg 640w, http:\/\/maismagazine.pt\/wp-content\/uploads\/2025\/10\/Dra-Sara-Martins-Pereira-6-1-300x201.jpg 300w, http:\/\/maismagazine.pt\/wp-content\/uploads\/2025\/10\/Dra-Sara-Martins-Pereira-6-1-150x100.jpg 150w\" sizes=\"auto, (max-width: 640px) 100vw, 640px\" \/><\/figure><\/div>\n\n\n<p><strong>Atualmente integra o corpo cl\u00ednico do Hospital Lus\u00edadas de Braga. Como tem sido esta experi\u00eancia?<\/strong><\/p>\n\n\n\n<p>Fant\u00e1stica! Estou no hospital desde novembro de 2023 e sinto que essa mudan\u00e7a contribuiu imenso para o meu crescimento profissional e adoro trabalhar num ambiente que valoriza a inova\u00e7\u00e3o, o trabalho em equipa e o profissional com as suas motiva\u00e7\u00f5es e necessidades. <\/p>\n\n\n\n<p><\/p>\n\n\n\n<p><strong>A rinoplastia n\u00e3o se limita apenas \u00e0 est\u00e9tica. Que benef\u00edcios funcionais pode trazer aos pacientes?<\/strong><\/p>\n\n\n\n<p>Sem d\u00favida que n\u00e3o. A rinoplastia melhora a respira\u00e7\u00e3o ao alterar\/corrigir estruturas anat\u00f3micas como o septo nasal e os cornetos. E isso traduz- se em melhor qualidade de vida: melhoria das dores de cabe\u00e7a, resolu\u00e7\u00e3o\/diminui\u00e7\u00e3o do ronco e apneia do sono, melhor desempenho no treino e at\u00e9 em atividades b\u00e1sicas do dia a dia como subir escadas ou caminhar.<\/p>\n\n\n\n<p><\/p>\n\n\n\n<p><strong>Num mundo cada vez mais marcado pelos avan\u00e7os tecnol\u00f3gicos, de que forma a tecnologia tem influenciado ou transformado a pr\u00e1tica da rinoplastia?<\/strong><\/p>\n\n\n\n<p>A rinoplastia \u00e9 uma cirurgia\/\u00e1rea em constante evolu\u00e7\u00e3o. H\u00e1 sempre novas t\u00e9cnicas e o objetivo atualmente \u00e9 que seja uma cirurgia menos invasiva, com menos sintomas p\u00f3s-operat\u00f3rios e com resultados mais naturais. O Piezo contribuiu muito para estes avan\u00e7os, pois permite cortar o osso sem danificar os tecidos envolventes, o que garante um trabalho mais preciso e delicado. Desta forma, abandonamos o martelo que tanto assusta os pacientes. \u00c9 um instrumento que tenho \u00e0 disposi\u00e7\u00e3o no Hospital Lus\u00edadas, em Braga. <\/p>\n\n\n\n<p><\/p>\n\n\n\n<p><strong>Olhando para o futuro, que planos ou projetos profissionais ambiciona desenvolver nos pr\u00f3ximos anos? <\/strong><\/p>\n\n\n\n<p>H\u00e1 outras \u00e1reas de otorrino que gosto muito e, neste momento, ainda n\u00e3o me dedico em exclusivo \u00e0 rinoplastia. O meu objetivo \u00e9 continuar e evoluir nesta \u00e1rea t\u00e3o desafiante da rinoplastia atingindo o m\u00e1ximo de perfei\u00e7\u00e3o que me for poss\u00edvel e agradando cada vez mais aos meus pacientes.<\/p>\n\n\n\n<p><\/p>\n\n\n\n<p><a href=\"http:\/\/www.instagram.com\/drasaramartinspereira\">www.instagram.com\/drasaramartinspereira<\/a><\/p>\n\n\n\n<p><\/p>\n\n\n\n<p><a href=\"http:\/\/www.lusiadas.pt\">www.lusiadas.pt<\/a><\/p>\n\n\n\n<p><\/p>\n\n\n\n<p><canvas width=\"1245\" height=\"1755\"><\/canvas><\/p>\n","protected":false},"excerpt":{"rendered":"<p>Sara Martins Pereira, m\u00e9dica otorrinolaringologista do Hospital Lus\u00edadas Braga, confessa que nunca se imaginou noutra profiss\u00e3o. Com uma voca\u00e7\u00e3o que nasceu em fam\u00edlia, encontrou na rinoplastia \u2014 uma \u00e1rea que alia precis\u00e3o cir\u00fargica e sensibilidade est\u00e9tica \u2014 a sua maior paix\u00e3o profissional. Entre conquistas e desafios, partilha o impacto da&hellip;<\/p>\n","protected":false},"author":18,"featured_media":12811,"comment_status":"closed","ping_status":"open","sticky":false,"template":"","format":"standard","meta":{"advgb_blocks_editor_width":"","advgb_blocks_columns_visual_guide":"","_monsterinsights_skip_tracking":false,"_monsterinsights_sitenote_active":false,"_monsterinsights_sitenote_note":"","_monsterinsights_sitenote_category":0,"footnotes":""},"categories":[54],"tags":[2468,2458,2466,457],"class_list":["post-12806","post","type-post","status-publish","format-standard","has-post-thumbnail","hentry","category-lifestyle","tag-hospital-lusiadas","tag-luxury-lifestyle","tag-rinoplastia","tag-saude"],"yoast_head":"<!-- This site is optimized with the Yoast SEO plugin v24.4 - https:\/\/yoast.com\/wordpress\/plugins\/seo\/ -->\n<title>A delicadeza e a precis\u00e3o ao servi\u00e7o da rinoplastia - Mais Magazine<\/title>\n<meta name=\"robots\" content=\"index, follow, max-snippet:-1, max-image-preview:large, max-video-preview:-1\" \/>\n<link rel=\"canonical\" href=\"http:\/\/maismagazine.pt\/index.php\/2025\/10\/24\/a-delicadeza-e-a-precisao-ao-servico-da-rinoplastia\/\" \/>\n<meta property=\"og:locale\" content=\"pt_PT\" \/>\n<meta property=\"og:type\" content=\"article\" \/>\n<meta property=\"og:title\" content=\"A delicadeza e a precis\u00e3o ao servi\u00e7o da rinoplastia - Mais Magazine\" \/>\n<meta property=\"og:description\" content=\"Sara Martins Pereira, m\u00e9dica otorrinolaringologista do Hospital Lus\u00edadas Braga, confessa que nunca se imaginou noutra profiss\u00e3o. Com uma voca\u00e7\u00e3o que nasceu em fam\u00edlia, encontrou na rinoplastia \u2014 uma \u00e1rea que alia precis\u00e3o cir\u00fargica e sensibilidade est\u00e9tica \u2014 a sua maior paix\u00e3o profissional. Entre conquistas e desafios, partilha o impacto da&hellip;\" \/>\n<meta property=\"og:url\" content=\"http:\/\/maismagazine.pt\/index.php\/2025\/10\/24\/a-delicadeza-e-a-precisao-ao-servico-da-rinoplastia\/\" \/>\n<meta property=\"og:site_name\" content=\"Mais Magazine\" \/>\n<meta property=\"article:published_time\" content=\"2025-10-24T06:00:00+00:00\" \/>\n<meta property=\"og:image\" content=\"http:\/\/maismagazine.pt\/wp-content\/uploads\/2025\/10\/Dra-Sara-Martins-Pereira-24-1.jpg\" \/>\n\t<meta property=\"og:image:width\" content=\"427\" \/>\n\t<meta property=\"og:image:height\" content=\"640\" \/>\n\t<meta property=\"og:image:type\" content=\"image\/jpeg\" \/>\n<meta name=\"author\" content=\"Tatiana Martins\" \/>\n<meta name=\"twitter:card\" content=\"summary_large_image\" \/>\n<meta name=\"twitter:label1\" content=\"Escrito por\" \/>\n\t<meta name=\"twitter:data1\" content=\"\" \/>\n\t<meta name=\"twitter:label2\" content=\"Tempo estimado de leitura\" \/>\n\t<meta name=\"twitter:data2\" content=\"4 minutos\" \/>\n<script type=\"application\/ld+json\" class=\"yoast-schema-graph\">{\"@context\":\"https:\/\/schema.org\",\"@graph\":[{\"@type\":\"Article\",\"@id\":\"http:\/\/maismagazine.pt\/index.php\/2025\/10\/24\/a-delicadeza-e-a-precisao-ao-servico-da-rinoplastia\/#article\",\"isPartOf\":{\"@id\":\"http:\/\/maismagazine.pt\/index.php\/2025\/10\/24\/a-delicadeza-e-a-precisao-ao-servico-da-rinoplastia\/\"},\"author\":{\"name\":\"Tatiana Martins\",\"@id\":\"https:\/\/maismagazine.pt\/#\/schema\/person\/7426e2caeb8df32a1b56aa48dae778c9\"},\"headline\":\"A delicadeza e a precis\u00e3o ao servi\u00e7o da rinoplastia\",\"datePublished\":\"2025-10-24T06:00:00+00:00\",\"mainEntityOfPage\":{\"@id\":\"http:\/\/maismagazine.pt\/index.php\/2025\/10\/24\/a-delicadeza-e-a-precisao-ao-servico-da-rinoplastia\/\"},\"wordCount\":603,\"publisher\":{\"@id\":\"https:\/\/maismagazine.pt\/#organization\"},\"image\":{\"@id\":\"http:\/\/maismagazine.pt\/index.php\/2025\/10\/24\/a-delicadeza-e-a-precisao-ao-servico-da-rinoplastia\/#primaryimage\"},\"thumbnailUrl\":\"http:\/\/maismagazine.pt\/wp-content\/uploads\/2025\/10\/Dra-Sara-Martins-Pereira-24-1.jpg\",\"keywords\":[\"Hospital Lus\u00edadas\",\"Luxury lifestyle\",\"Rinoplastia\",\"sa\u00fade\"],\"articleSection\":[\"LifeStyle\"],\"inLanguage\":\"pt-PT\"},{\"@type\":\"WebPage\",\"@id\":\"http:\/\/maismagazine.pt\/index.php\/2025\/10\/24\/a-delicadeza-e-a-precisao-ao-servico-da-rinoplastia\/\",\"url\":\"http:\/\/maismagazine.pt\/index.php\/2025\/10\/24\/a-delicadeza-e-a-precisao-ao-servico-da-rinoplastia\/\",\"name\":\"A delicadeza e a precis\u00e3o ao servi\u00e7o da rinoplastia - Mais Magazine\",\"isPartOf\":{\"@id\":\"https:\/\/maismagazine.pt\/#website\"},\"primaryImageOfPage\":{\"@id\":\"http:\/\/maismagazine.pt\/index.php\/2025\/10\/24\/a-delicadeza-e-a-precisao-ao-servico-da-rinoplastia\/#primaryimage\"},\"image\":{\"@id\":\"http:\/\/maismagazine.pt\/index.php\/2025\/10\/24\/a-delicadeza-e-a-precisao-ao-servico-da-rinoplastia\/#primaryimage\"},\"thumbnailUrl\":\"http:\/\/maismagazine.pt\/wp-content\/uploads\/2025\/10\/Dra-Sara-Martins-Pereira-24-1.jpg\",\"datePublished\":\"2025-10-24T06:00:00+00:00\",\"breadcrumb\":{\"@id\":\"http:\/\/maismagazine.pt\/index.php\/2025\/10\/24\/a-delicadeza-e-a-precisao-ao-servico-da-rinoplastia\/#breadcrumb\"},\"inLanguage\":\"pt-PT\",\"potentialAction\":[{\"@type\":\"ReadAction\",\"target\":[\"http:\/\/maismagazine.pt\/index.php\/2025\/10\/24\/a-delicadeza-e-a-precisao-ao-servico-da-rinoplastia\/\"]}]},{\"@type\":\"ImageObject\",\"inLanguage\":\"pt-PT\",\"@id\":\"http:\/\/maismagazine.pt\/index.php\/2025\/10\/24\/a-delicadeza-e-a-precisao-ao-servico-da-rinoplastia\/#primaryimage\",\"url\":\"http:\/\/maismagazine.pt\/wp-content\/uploads\/2025\/10\/Dra-Sara-Martins-Pereira-24-1.jpg\",\"contentUrl\":\"http:\/\/maismagazine.pt\/wp-content\/uploads\/2025\/10\/Dra-Sara-Martins-Pereira-24-1.jpg\",\"width\":427,\"height\":640,\"caption\":\"Sara Martins Pereira, Otorrinolaringologista no Hospital Lus\u00edadas, em Braga\"},{\"@type\":\"BreadcrumbList\",\"@id\":\"http:\/\/maismagazine.pt\/index.php\/2025\/10\/24\/a-delicadeza-e-a-precisao-ao-servico-da-rinoplastia\/#breadcrumb\",\"itemListElement\":[{\"@type\":\"ListItem\",\"position\":1,\"name\":\"Home\",\"item\":\"https:\/\/maismagazine.pt\/\"},{\"@type\":\"ListItem\",\"position\":2,\"name\":\"A delicadeza e a precis\u00e3o ao servi\u00e7o da rinoplastia\"}]},{\"@type\":\"WebSite\",\"@id\":\"https:\/\/maismagazine.pt\/#website\",\"url\":\"https:\/\/maismagazine.pt\/\",\"name\":\"Mais Magazine\",\"description\":\"\",\"publisher\":{\"@id\":\"https:\/\/maismagazine.pt\/#organization\"},\"potentialAction\":[{\"@type\":\"SearchAction\",\"target\":{\"@type\":\"EntryPoint\",\"urlTemplate\":\"https:\/\/maismagazine.pt\/?s={search_term_string}\"},\"query-input\":{\"@type\":\"PropertyValueSpecification\",\"valueRequired\":true,\"valueName\":\"search_term_string\"}}],\"inLanguage\":\"pt-PT\"},{\"@type\":\"Organization\",\"@id\":\"https:\/\/maismagazine.pt\/#organization\",\"name\":\"Mais Magazine\",\"url\":\"https:\/\/maismagazine.pt\/\",\"logo\":{\"@type\":\"ImageObject\",\"inLanguage\":\"pt-PT\",\"@id\":\"https:\/\/maismagazine.pt\/#\/schema\/logo\/image\/\",\"url\":\"http:\/\/maismagazine.pt\/wp-content\/uploads\/2020\/04\/cropped-cropped-mais-magazine-site-logo-2.png\",\"contentUrl\":\"http:\/\/maismagazine.pt\/wp-content\/uploads\/2020\/04\/cropped-cropped-mais-magazine-site-logo-2.png\",\"width\":581,\"height\":90,\"caption\":\"Mais Magazine\"},\"image\":{\"@id\":\"https:\/\/maismagazine.pt\/#\/schema\/logo\/image\/\"}},{\"@type\":\"Person\",\"@id\":\"https:\/\/maismagazine.pt\/#\/schema\/person\/7426e2caeb8df32a1b56aa48dae778c9\",\"name\":\"Tatiana Martins\",\"image\":{\"@type\":\"ImageObject\",\"inLanguage\":\"pt-PT\",\"@id\":\"https:\/\/maismagazine.pt\/#\/schema\/person\/image\/\",\"url\":\"https:\/\/secure.gravatar.com\/avatar\/4b24a57f5d0425f2eb20981c4b53244e?s=96&d=mm&r=g\",\"contentUrl\":\"https:\/\/secure.gravatar.com\/avatar\/4b24a57f5d0425f2eb20981c4b53244e?s=96&d=mm&r=g\",\"caption\":\"Tatiana Martins\"},\"url\":\"http:\/\/maismagazine.pt\/index.php\/author\/tatiana\/\"}]}<\/script>\n<!-- \/ Yoast SEO plugin. -->","yoast_head_json":{"title":"A delicadeza e a precis\u00e3o ao servi\u00e7o da rinoplastia - Mais Magazine","robots":{"index":"index","follow":"follow","max-snippet":"max-snippet:-1","max-image-preview":"max-image-preview:large","max-video-preview":"max-video-preview:-1"},"canonical":"http:\/\/maismagazine.pt\/index.php\/2025\/10\/24\/a-delicadeza-e-a-precisao-ao-servico-da-rinoplastia\/","og_locale":"pt_PT","og_type":"article","og_title":"A delicadeza e a precis\u00e3o ao servi\u00e7o da rinoplastia - Mais Magazine","og_description":"Sara Martins Pereira, m\u00e9dica otorrinolaringologista do Hospital Lus\u00edadas Braga, confessa que nunca se imaginou noutra profiss\u00e3o. Com uma voca\u00e7\u00e3o que nasceu em fam\u00edlia, encontrou na rinoplastia \u2014 uma \u00e1rea que alia precis\u00e3o cir\u00fargica e sensibilidade est\u00e9tica \u2014 a sua maior paix\u00e3o profissional. Entre conquistas e desafios, partilha o impacto da&hellip;","og_url":"http:\/\/maismagazine.pt\/index.php\/2025\/10\/24\/a-delicadeza-e-a-precisao-ao-servico-da-rinoplastia\/","og_site_name":"Mais Magazine","article_published_time":"2025-10-24T06:00:00+00:00","og_image":[{"width":427,"height":640,"url":"http:\/\/maismagazine.pt\/wp-content\/uploads\/2025\/10\/Dra-Sara-Martins-Pereira-24-1.jpg","type":"image\/jpeg"}],"author":"Tatiana Martins","twitter_card":"summary_large_image","twitter_misc":{"Escrito por":false,"Tempo estimado de leitura":"4 minutos"},"schema":{"@context":"https:\/\/schema.org","@graph":[{"@type":"Article","@id":"http:\/\/maismagazine.pt\/index.php\/2025\/10\/24\/a-delicadeza-e-a-precisao-ao-servico-da-rinoplastia\/#article","isPartOf":{"@id":"http:\/\/maismagazine.pt\/index.php\/2025\/10\/24\/a-delicadeza-e-a-precisao-ao-servico-da-rinoplastia\/"},"author":{"name":"Tatiana Martins","@id":"https:\/\/maismagazine.pt\/#\/schema\/person\/7426e2caeb8df32a1b56aa48dae778c9"},"headline":"A delicadeza e a precis\u00e3o ao servi\u00e7o da rinoplastia","datePublished":"2025-10-24T06:00:00+00:00","mainEntityOfPage":{"@id":"http:\/\/maismagazine.pt\/index.php\/2025\/10\/24\/a-delicadeza-e-a-precisao-ao-servico-da-rinoplastia\/"},"wordCount":603,"publisher":{"@id":"https:\/\/maismagazine.pt\/#organization"},"image":{"@id":"http:\/\/maismagazine.pt\/index.php\/2025\/10\/24\/a-delicadeza-e-a-precisao-ao-servico-da-rinoplastia\/#primaryimage"},"thumbnailUrl":"http:\/\/maismagazine.pt\/wp-content\/uploads\/2025\/10\/Dra-Sara-Martins-Pereira-24-1.jpg","keywords":["Hospital Lus\u00edadas","Luxury lifestyle","Rinoplastia","sa\u00fade"],"articleSection":["LifeStyle"],"inLanguage":"pt-PT"},{"@type":"WebPage","@id":"http:\/\/maismagazine.pt\/index.php\/2025\/10\/24\/a-delicadeza-e-a-precisao-ao-servico-da-rinoplastia\/","url":"http:\/\/maismagazine.pt\/index.php\/2025\/10\/24\/a-delicadeza-e-a-precisao-ao-servico-da-rinoplastia\/","name":"A delicadeza e a precis\u00e3o ao servi\u00e7o da rinoplastia - Mais Magazine","isPartOf":{"@id":"https:\/\/maismagazine.pt\/#website"},"primaryImageOfPage":{"@id":"http:\/\/maismagazine.pt\/index.php\/2025\/10\/24\/a-delicadeza-e-a-precisao-ao-servico-da-rinoplastia\/#primaryimage"},"image":{"@id":"http:\/\/maismagazine.pt\/index.php\/2025\/10\/24\/a-delicadeza-e-a-precisao-ao-servico-da-rinoplastia\/#primaryimage"},"thumbnailUrl":"http:\/\/maismagazine.pt\/wp-content\/uploads\/2025\/10\/Dra-Sara-Martins-Pereira-24-1.jpg","datePublished":"2025-10-24T06:00:00+00:00","breadcrumb":{"@id":"http:\/\/maismagazine.pt\/index.php\/2025\/10\/24\/a-delicadeza-e-a-precisao-ao-servico-da-rinoplastia\/#breadcrumb"},"inLanguage":"pt-PT","potentialAction":[{"@type":"ReadAction","target":["http:\/\/maismagazine.pt\/index.php\/2025\/10\/24\/a-delicadeza-e-a-precisao-ao-servico-da-rinoplastia\/"]}]},{"@type":"ImageObject","inLanguage":"pt-PT","@id":"http:\/\/maismagazine.pt\/index.php\/2025\/10\/24\/a-delicadeza-e-a-precisao-ao-servico-da-rinoplastia\/#primaryimage","url":"http:\/\/maismagazine.pt\/wp-content\/uploads\/2025\/10\/Dra-Sara-Martins-Pereira-24-1.jpg","contentUrl":"http:\/\/maismagazine.pt\/wp-content\/uploads\/2025\/10\/Dra-Sara-Martins-Pereira-24-1.jpg","width":427,"height":640,"caption":"Sara Martins Pereira, Otorrinolaringologista no Hospital Lus\u00edadas, em Braga"},{"@type":"BreadcrumbList","@id":"http:\/\/maismagazine.pt\/index.php\/2025\/10\/24\/a-delicadeza-e-a-precisao-ao-servico-da-rinoplastia\/#breadcrumb","itemListElement":[{"@type":"ListItem","position":1,"name":"Home","item":"https:\/\/maismagazine.pt\/"},{"@type":"ListItem","position":2,"name":"A delicadeza e a precis\u00e3o ao servi\u00e7o da rinoplastia"}]},{"@type":"WebSite","@id":"https:\/\/maismagazine.pt\/#website","url":"https:\/\/maismagazine.pt\/","name":"Mais Magazine","description":"","publisher":{"@id":"https:\/\/maismagazine.pt\/#organization"},"potentialAction":[{"@type":"SearchAction","target":{"@type":"EntryPoint","urlTemplate":"https:\/\/maismagazine.pt\/?s={search_term_string}"},"query-input":{"@type":"PropertyValueSpecification","valueRequired":true,"valueName":"search_term_string"}}],"inLanguage":"pt-PT"},{"@type":"Organization","@id":"https:\/\/maismagazine.pt\/#organization","name":"Mais Magazine","url":"https:\/\/maismagazine.pt\/","logo":{"@type":"ImageObject","inLanguage":"pt-PT","@id":"https:\/\/maismagazine.pt\/#\/schema\/logo\/image\/","url":"http:\/\/maismagazine.pt\/wp-content\/uploads\/2020\/04\/cropped-cropped-mais-magazine-site-logo-2.png","contentUrl":"http:\/\/maismagazine.pt\/wp-content\/uploads\/2020\/04\/cropped-cropped-mais-magazine-site-logo-2.png","width":581,"height":90,"caption":"Mais Magazine"},"image":{"@id":"https:\/\/maismagazine.pt\/#\/schema\/logo\/image\/"}},{"@type":"Person","@id":"https:\/\/maismagazine.pt\/#\/schema\/person\/7426e2caeb8df32a1b56aa48dae778c9","name":"Tatiana Martins","image":{"@type":"ImageObject","inLanguage":"pt-PT","@id":"https:\/\/maismagazine.pt\/#\/schema\/person\/image\/","url":"https:\/\/secure.gravatar.com\/avatar\/4b24a57f5d0425f2eb20981c4b53244e?s=96&d=mm&r=g","contentUrl":"https:\/\/secure.gravatar.com\/avatar\/4b24a57f5d0425f2eb20981c4b53244e?s=96&d=mm&r=g","caption":"Tatiana Martins"},"url":"http:\/\/maismagazine.pt\/index.php\/author\/tatiana\/"}]}},"author_meta":{"display_name":false,"author_link":"http:\/\/maismagazine.pt\/index.php\/author\/tatiana\/"},"featured_img":"http:\/\/maismagazine.pt\/wp-content\/uploads\/2025\/10\/Dra-Sara-Martins-Pereira-24-1-200x300.jpg","coauthors":[],"tax_additional":{"categories":{"linked":["<a href=\"http:\/\/maismagazine.pt\/index.php\/category\/lifestyle\/\" class=\"advgb-post-tax-term\">LifeStyle<\/a>"],"unlinked":["<span class=\"advgb-post-tax-term\">LifeStyle<\/span>"]},"tags":{"linked":["<a href=\"http:\/\/maismagazine.pt\/index.php\/category\/lifestyle\/\" class=\"advgb-post-tax-term\">Hospital Lus\u00edadas<\/a>","<a href=\"http:\/\/maismagazine.pt\/index.php\/category\/lifestyle\/\" class=\"advgb-post-tax-term\">Luxury lifestyle<\/a>","<a href=\"http:\/\/maismagazine.pt\/index.php\/category\/lifestyle\/\" class=\"advgb-post-tax-term\">Rinoplastia<\/a>","<a href=\"http:\/\/maismagazine.pt\/index.php\/category\/lifestyle\/\" class=\"advgb-post-tax-term\">sa\u00fade<\/a>"],"unlinked":["<span class=\"advgb-post-tax-term\">Hospital Lus\u00edadas<\/span>","<span class=\"advgb-post-tax-term\">Luxury lifestyle<\/span>","<span class=\"advgb-post-tax-term\">Rinoplastia<\/span>","<span class=\"advgb-post-tax-term\">sa\u00fade<\/span>"]}},"comment_count":"0","relative_dates":{"created":"Posted 6 meses ago","modified":"Updated 6 meses ago"},"absolute_dates":{"created":"Posted on 24 de Outubro, 2025","modified":"Updated on 21 de Outubro, 2025"},"absolute_dates_time":{"created":"Posted on 24 de Outubro, 2025 7:00","modified":"Updated on 21 de Outubro, 2025 14:50"},"featured_img_caption":"Sara Martins Pereira, Otorrinolaringologista no Hospital Lus\u00edadas, em Braga","series_order":"","_links":{"self":[{"href":"http:\/\/maismagazine.pt\/index.php\/wp-json\/wp\/v2\/posts\/12806","targetHints":{"allow":["GET"]}}],"collection":[{"href":"http:\/\/maismagazine.pt\/index.php\/wp-json\/wp\/v2\/posts"}],"about":[{"href":"http:\/\/maismagazine.pt\/index.php\/wp-json\/wp\/v2\/types\/post"}],"author":[{"embeddable":true,"href":"http:\/\/maismagazine.pt\/index.php\/wp-json\/wp\/v2\/users\/18"}],"replies":[{"embeddable":true,"href":"http:\/\/maismagazine.pt\/index.php\/wp-json\/wp\/v2\/comments?post=12806"}],"version-history":[{"count":1,"href":"http:\/\/maismagazine.pt\/index.php\/wp-json\/wp\/v2\/posts\/12806\/revisions"}],"predecessor-version":[{"id":12813,"href":"http:\/\/maismagazine.pt\/index.php\/wp-json\/wp\/v2\/posts\/12806\/revisions\/12813"}],"wp:featuredmedia":[{"embeddable":true,"href":"http:\/\/maismagazine.pt\/index.php\/wp-json\/wp\/v2\/media\/12811"}],"wp:attachment":[{"href":"http:\/\/maismagazine.pt\/index.php\/wp-json\/wp\/v2\/media?parent=12806"}],"wp:term":[{"taxonomy":"category","embeddable":true,"href":"http:\/\/maismagazine.pt\/index.php\/wp-json\/wp\/v2\/categories?post=12806"},{"taxonomy":"post_tag","embeddable":true,"href":"http:\/\/maismagazine.pt\/index.php\/wp-json\/wp\/v2\/tags?post=12806"}],"curies":[{"name":"wp","href":"https:\/\/api.w.org\/{rel}","templated":true}]}}