{"id":12799,"date":"2025-10-24T07:00:00","date_gmt":"2025-10-24T06:00:00","guid":{"rendered":"https:\/\/maismagazine.pt\/?p=12799"},"modified":"2025-10-21T14:44:13","modified_gmt":"2025-10-21T13:44:13","slug":"dar-voz-as-mulheres-na-arquitetura","status":"publish","type":"post","link":"http:\/\/maismagazine.pt\/index.php\/2025\/10\/24\/dar-voz-as-mulheres-na-arquitetura\/","title":{"rendered":"Dar voz \u00e0s mulheres na arquitetura"},"content":{"rendered":"\n<p><strong>A Mais Magazine falou com Patr\u00edcia Pedrosa, fundadora do projeto W@ARCH.PT e co-fundadora e presidente da Associa\u00e7\u00e3o Mulheres na Arquitetura, sobre o papel das jovens arquitetas na defesa dos seus direitos e na valoriza\u00e7\u00e3o social da profiss\u00e3o. <\/strong><\/p>\n\n\n\n<p><\/p>\n\n\n\n<p><strong>O que a motivou a criar o W@ARCH.pt e como o projeto ajudou a dar visibilidade \u00e0s mulheres na arquitetura?<\/strong><\/p>\n\n\n\n<p>Sendo arquiteta e tendo estudado e investigado no contexto da hist\u00f3ria da arquitetura, causava-me alguma estranheza a aus\u00eancia de mulheres \u2014 pensava que talvez n\u00e3o soub\u00e9ssemos delas porque n\u00e3o existiam. Mais tarde, quando comecei a perceber que, de facto, existiam, interroguei-me sobre qual o processo que faz com que n\u00e3o sejam consideradas importantes e que a hist\u00f3ria da arquitetura portuguesa seja, essencialmente, um relato sobre algumas participa\u00e7\u00f5es.<\/p>\n\n\n\n<p>Foi neste contexto que, anos mais tarde, iniciei o meu primeiro projeto de investiga\u00e7\u00e3o. Deparei-me ent\u00e3o com a realidade de que ainda estava praticamente tudo por fazer, sendo muito dif\u00edcil at\u00e9 escrever pequenos textos sobre o contexto portugu\u00eas e as mulheres arquitetas. Ou seja, era necess\u00e1rio desenvolver um projeto de investiga\u00e7\u00e3o que, com recursos e tempo, permitisse realizar um levantamento mais sistem\u00e1tico e exaustivo sobre quem eram estas mulheres.<\/p>\n\n\n\n<p>Ap\u00f3s uma primeira tentativa falhada de obten\u00e7\u00e3o de financiamento, conseguimos aprovar a segunda candidatura \u2014 e assim nasceu o W@ARCH.pt, com o objetivo de identificar, dar visibilidade e ouvir as hist\u00f3rias das mulheres arquitetas em Portugal at\u00e9 \u00e0 entrada do pa\u00eds na Uni\u00e3o Europeia.  <\/p>\n\n\n\n<p><\/p>\n\n\n\n<p><strong>Que desafios enfrentou ao criar a Associa\u00e7\u00e3o Mulheres na Arquitetura e que impacto teve no debate sobre igualdade de g\u00e9nero?<\/strong><\/p>\n\n\n\n<p>A Associa\u00e7\u00e3o Mulheres na Arquitetura nasce em 2017 e resulta das inquieta\u00e7\u00f5es a que j\u00e1 me referi anteriormente. N\u00f3s, fundadoras \u2014 enquanto arquitetas, profissionais liberais e docentes universit\u00e1rias nos cursos de arquitetura \u2014 fomo-nos apercebendo de que essas quest\u00f5es estavam presentes no nosso quotidiano. Ao mesmo tempo, come\u00e7\u00e1mos a estranhar o facto de n\u00e3o vermos mulheres representadas em pr\u00e9mios, j\u00faris, exposi\u00e7\u00f5es, confer\u00eancias, entre outros contextos. Creio que a situa\u00e7\u00e3o tem vindo a melhorar, mas esse era o panorama h\u00e1 cerca de dez anos.<\/p>\n\n\n\n<p>Al\u00e9m disso, temos assistido a um aumento do n\u00famero de jovens mulheres a ingressar nos cursos de arquitetura. H\u00e1, portanto, uma feminiza\u00e7\u00e3o evidente da profiss\u00e3o. Mas como \u00e9 que estas mulheres se constroem enquanto arquitetas se n\u00e3o encontram refer\u00eancias femininas nas bibliografias, nos exemplos apresentados ou nas figuras de destaque a que assistem?<\/p>\n\n\n\n<p>Segundo dados do Sindicato dos Trabalhadores em Arquitetura, as mulheres ainda ganham, em m\u00e9dia, cerca de 12% menos do que os homens a desempenhar as mesmas fun\u00e7\u00f5es. \u00c9 tamb\u00e9m de conhecimento geral a exist\u00eancia de situa\u00e7\u00f5es em que mulheres a recibos verdes s\u00e3o despedidas quando engravidam. Importa ainda alertar para os casos de ass\u00e9dio sexual na profiss\u00e3o \u2014 uma realidade com a qual a Ordem dos Arquitetos e n\u00f3s, enquanto classe profissional, ainda n\u00e3o nos confront\u00e1mos de forma estruturada, mas que existe e tem como alvos preferenciais as jovens arquitetas e estagi\u00e1rias de arquitetura.<\/p>\n\n\n\n<p>Portanto, \u00e9 desta encruzilhada de preocupa\u00e7\u00f5es e da consci\u00eancia de que era necess\u00e1rio lutar em v\u00e1rias frentes que surge a Associa\u00e7\u00e3o Mulheres na Arquitetura. <\/p>\n\n\n\n<p><\/p>\n\n\n\n<p><strong>Que mensagem deixaria \u00e0s jovens arquitetas que querem afirmar-se e promover maior representatividade na profiss\u00e3o?<\/strong><\/p>\n\n\n\n<p>Diria para se organizarem e lutarem, porque, aparentemente, est\u00e1 fora de moda a ideia de organiza\u00e7\u00e3o coletiva e de exig\u00eancia de direitos \u2014 e a igualdade \u00e9 um direito constitucional.<\/p>\n\n\n\n<p>Acredito que as jovens arquitetas podem trazer uma mudan\u00e7a muito significativa, porque em breve ser\u00e3o a maioria na profiss\u00e3o. Ao lutarem pelos seus direitos, estar\u00e3o tamb\u00e9m a melhorar a pr\u00f3pria pr\u00e1tica profissional, promovendo a diversidade, o respeito, a igualdade e a multiplicidade de vozes na arquitetura. <\/p>\n\n\n\n<p><\/p>\n\n\n<div class=\"wp-block-image\">\n<figure class=\"aligncenter size-full\"><img loading=\"lazy\" decoding=\"async\" width=\"225\" height=\"225\" src=\"https:\/\/maismagazine.pt\/wp-content\/uploads\/2025\/10\/images-2-1.png\" alt=\"\" class=\"wp-image-12803\" srcset=\"http:\/\/maismagazine.pt\/wp-content\/uploads\/2025\/10\/images-2-1.png 225w, http:\/\/maismagazine.pt\/wp-content\/uploads\/2025\/10\/images-2-1-150x150.png 150w\" sizes=\"auto, (max-width: 225px) 100vw, 225px\" \/><\/figure><\/div>\n\n<div class=\"wp-block-image\">\n<figure class=\"aligncenter size-full is-resized\"><img loading=\"lazy\" decoding=\"async\" width=\"362\" height=\"101\" src=\"https:\/\/maismagazine.pt\/wp-content\/uploads\/2025\/10\/warch-retina-1.png\" alt=\"\" class=\"wp-image-12804\" style=\"width:297px;height:auto\" srcset=\"http:\/\/maismagazine.pt\/wp-content\/uploads\/2025\/10\/warch-retina-1.png 362w, http:\/\/maismagazine.pt\/wp-content\/uploads\/2025\/10\/warch-retina-1-300x84.png 300w\" sizes=\"auto, (max-width: 362px) 100vw, 362px\" \/><\/figure><\/div>\n\n\n<p><\/p>\n","protected":false},"excerpt":{"rendered":"<p>A Mais Magazine falou com Patr\u00edcia Pedrosa, fundadora do projeto W@ARCH.PT e co-fundadora e presidente da Associa\u00e7\u00e3o Mulheres na Arquitetura, sobre o papel das jovens arquitetas na defesa dos seus direitos e na valoriza\u00e7\u00e3o social da profiss\u00e3o. O que a motivou a criar o W@ARCH.pt e como o projeto ajudou&hellip;<\/p>\n","protected":false},"author":18,"featured_media":12802,"comment_status":"closed","ping_status":"open","sticky":false,"template":"","format":"standard","meta":{"advgb_blocks_editor_width":"","advgb_blocks_columns_visual_guide":"","_monsterinsights_skip_tracking":false,"_monsterinsights_sitenote_active":false,"_monsterinsights_sitenote_note":"","_monsterinsights_sitenote_category":0,"footnotes":""},"categories":[52],"tags":[93,2463,2458,2464],"class_list":["post-12799","post","type-post","status-publish","format-standard","has-post-thumbnail","hentry","category-destaque","tag-arquitetura","tag-associacao-mulheres-na-arquitetura","tag-luxury-lifestyle","tag-warch-pt"],"yoast_head":"<!-- This site is optimized with the Yoast SEO plugin v24.4 - https:\/\/yoast.com\/wordpress\/plugins\/seo\/ -->\n<title>Dar voz \u00e0s mulheres na arquitetura - Mais Magazine<\/title>\n<meta name=\"robots\" content=\"index, follow, max-snippet:-1, max-image-preview:large, max-video-preview:-1\" \/>\n<link rel=\"canonical\" href=\"http:\/\/maismagazine.pt\/index.php\/2025\/10\/24\/dar-voz-as-mulheres-na-arquitetura\/\" \/>\n<meta property=\"og:locale\" content=\"pt_PT\" \/>\n<meta property=\"og:type\" content=\"article\" \/>\n<meta property=\"og:title\" content=\"Dar voz \u00e0s mulheres na arquitetura - Mais Magazine\" \/>\n<meta property=\"og:description\" content=\"A Mais Magazine falou com Patr\u00edcia Pedrosa, fundadora do projeto W@ARCH.PT e co-fundadora e presidente da Associa\u00e7\u00e3o Mulheres na Arquitetura, sobre o papel das jovens arquitetas na defesa dos seus direitos e na valoriza\u00e7\u00e3o social da profiss\u00e3o. O que a motivou a criar o W@ARCH.pt e como o projeto ajudou&hellip;\" \/>\n<meta property=\"og:url\" content=\"http:\/\/maismagazine.pt\/index.php\/2025\/10\/24\/dar-voz-as-mulheres-na-arquitetura\/\" \/>\n<meta property=\"og:site_name\" content=\"Mais Magazine\" \/>\n<meta property=\"article:published_time\" content=\"2025-10-24T06:00:00+00:00\" \/>\n<meta property=\"og:image\" content=\"http:\/\/maismagazine.pt\/wp-content\/uploads\/2025\/10\/2023_PedrosaPS_PB-1.png\" \/>\n\t<meta property=\"og:image:width\" content=\"1426\" \/>\n\t<meta property=\"og:image:height\" content=\"1783\" \/>\n\t<meta property=\"og:image:type\" content=\"image\/png\" \/>\n<meta name=\"author\" content=\"Tatiana Martins\" \/>\n<meta name=\"twitter:card\" content=\"summary_large_image\" \/>\n<meta name=\"twitter:label1\" content=\"Escrito por\" \/>\n\t<meta name=\"twitter:data1\" content=\"\" \/>\n\t<meta name=\"twitter:label2\" content=\"Tempo estimado de leitura\" \/>\n\t<meta name=\"twitter:data2\" content=\"4 minutos\" \/>\n<script type=\"application\/ld+json\" class=\"yoast-schema-graph\">{\"@context\":\"https:\/\/schema.org\",\"@graph\":[{\"@type\":\"Article\",\"@id\":\"http:\/\/maismagazine.pt\/index.php\/2025\/10\/24\/dar-voz-as-mulheres-na-arquitetura\/#article\",\"isPartOf\":{\"@id\":\"http:\/\/maismagazine.pt\/index.php\/2025\/10\/24\/dar-voz-as-mulheres-na-arquitetura\/\"},\"author\":{\"name\":\"Tatiana Martins\",\"@id\":\"http:\/\/maismagazine.pt\/#\/schema\/person\/7426e2caeb8df32a1b56aa48dae778c9\"},\"headline\":\"Dar voz \u00e0s mulheres na arquitetura\",\"datePublished\":\"2025-10-24T06:00:00+00:00\",\"mainEntityOfPage\":{\"@id\":\"http:\/\/maismagazine.pt\/index.php\/2025\/10\/24\/dar-voz-as-mulheres-na-arquitetura\/\"},\"wordCount\":672,\"publisher\":{\"@id\":\"http:\/\/maismagazine.pt\/#organization\"},\"image\":{\"@id\":\"http:\/\/maismagazine.pt\/index.php\/2025\/10\/24\/dar-voz-as-mulheres-na-arquitetura\/#primaryimage\"},\"thumbnailUrl\":\"http:\/\/maismagazine.pt\/wp-content\/uploads\/2025\/10\/2023_PedrosaPS_PB-1.png\",\"keywords\":[\"Arquitetura\",\"Associa\u00e7\u00e3o Mulheres na Arquitetura\",\"Luxury lifestyle\",\"W@ARCH.PT\"],\"articleSection\":[\"Destaque lateral\"],\"inLanguage\":\"pt-PT\"},{\"@type\":\"WebPage\",\"@id\":\"http:\/\/maismagazine.pt\/index.php\/2025\/10\/24\/dar-voz-as-mulheres-na-arquitetura\/\",\"url\":\"http:\/\/maismagazine.pt\/index.php\/2025\/10\/24\/dar-voz-as-mulheres-na-arquitetura\/\",\"name\":\"Dar voz \u00e0s mulheres na arquitetura - Mais Magazine\",\"isPartOf\":{\"@id\":\"http:\/\/maismagazine.pt\/#website\"},\"primaryImageOfPage\":{\"@id\":\"http:\/\/maismagazine.pt\/index.php\/2025\/10\/24\/dar-voz-as-mulheres-na-arquitetura\/#primaryimage\"},\"image\":{\"@id\":\"http:\/\/maismagazine.pt\/index.php\/2025\/10\/24\/dar-voz-as-mulheres-na-arquitetura\/#primaryimage\"},\"thumbnailUrl\":\"http:\/\/maismagazine.pt\/wp-content\/uploads\/2025\/10\/2023_PedrosaPS_PB-1.png\",\"datePublished\":\"2025-10-24T06:00:00+00:00\",\"breadcrumb\":{\"@id\":\"http:\/\/maismagazine.pt\/index.php\/2025\/10\/24\/dar-voz-as-mulheres-na-arquitetura\/#breadcrumb\"},\"inLanguage\":\"pt-PT\",\"potentialAction\":[{\"@type\":\"ReadAction\",\"target\":[\"http:\/\/maismagazine.pt\/index.php\/2025\/10\/24\/dar-voz-as-mulheres-na-arquitetura\/\"]}]},{\"@type\":\"ImageObject\",\"inLanguage\":\"pt-PT\",\"@id\":\"http:\/\/maismagazine.pt\/index.php\/2025\/10\/24\/dar-voz-as-mulheres-na-arquitetura\/#primaryimage\",\"url\":\"http:\/\/maismagazine.pt\/wp-content\/uploads\/2025\/10\/2023_PedrosaPS_PB-1.png\",\"contentUrl\":\"http:\/\/maismagazine.pt\/wp-content\/uploads\/2025\/10\/2023_PedrosaPS_PB-1.png\",\"width\":1426,\"height\":1783},{\"@type\":\"BreadcrumbList\",\"@id\":\"http:\/\/maismagazine.pt\/index.php\/2025\/10\/24\/dar-voz-as-mulheres-na-arquitetura\/#breadcrumb\",\"itemListElement\":[{\"@type\":\"ListItem\",\"position\":1,\"name\":\"Home\",\"item\":\"http:\/\/maismagazine.pt\/\"},{\"@type\":\"ListItem\",\"position\":2,\"name\":\"Dar voz \u00e0s mulheres na arquitetura\"}]},{\"@type\":\"WebSite\",\"@id\":\"http:\/\/maismagazine.pt\/#website\",\"url\":\"http:\/\/maismagazine.pt\/\",\"name\":\"Mais Magazine\",\"description\":\"\",\"publisher\":{\"@id\":\"http:\/\/maismagazine.pt\/#organization\"},\"potentialAction\":[{\"@type\":\"SearchAction\",\"target\":{\"@type\":\"EntryPoint\",\"urlTemplate\":\"http:\/\/maismagazine.pt\/?s={search_term_string}\"},\"query-input\":{\"@type\":\"PropertyValueSpecification\",\"valueRequired\":true,\"valueName\":\"search_term_string\"}}],\"inLanguage\":\"pt-PT\"},{\"@type\":\"Organization\",\"@id\":\"http:\/\/maismagazine.pt\/#organization\",\"name\":\"Mais Magazine\",\"url\":\"http:\/\/maismagazine.pt\/\",\"logo\":{\"@type\":\"ImageObject\",\"inLanguage\":\"pt-PT\",\"@id\":\"http:\/\/maismagazine.pt\/#\/schema\/logo\/image\/\",\"url\":\"http:\/\/maismagazine.pt\/wp-content\/uploads\/2020\/04\/cropped-cropped-mais-magazine-site-logo-2.png\",\"contentUrl\":\"http:\/\/maismagazine.pt\/wp-content\/uploads\/2020\/04\/cropped-cropped-mais-magazine-site-logo-2.png\",\"width\":581,\"height\":90,\"caption\":\"Mais Magazine\"},\"image\":{\"@id\":\"http:\/\/maismagazine.pt\/#\/schema\/logo\/image\/\"}},{\"@type\":\"Person\",\"@id\":\"http:\/\/maismagazine.pt\/#\/schema\/person\/7426e2caeb8df32a1b56aa48dae778c9\",\"name\":\"Tatiana Martins\",\"image\":{\"@type\":\"ImageObject\",\"inLanguage\":\"pt-PT\",\"@id\":\"http:\/\/maismagazine.pt\/#\/schema\/person\/image\/\",\"url\":\"https:\/\/secure.gravatar.com\/avatar\/4b24a57f5d0425f2eb20981c4b53244e?s=96&d=mm&r=g\",\"contentUrl\":\"https:\/\/secure.gravatar.com\/avatar\/4b24a57f5d0425f2eb20981c4b53244e?s=96&d=mm&r=g\",\"caption\":\"Tatiana Martins\"},\"url\":\"http:\/\/maismagazine.pt\/index.php\/author\/tatiana\/\"}]}<\/script>\n<!-- \/ Yoast SEO plugin. -->","yoast_head_json":{"title":"Dar voz \u00e0s mulheres na arquitetura - Mais Magazine","robots":{"index":"index","follow":"follow","max-snippet":"max-snippet:-1","max-image-preview":"max-image-preview:large","max-video-preview":"max-video-preview:-1"},"canonical":"http:\/\/maismagazine.pt\/index.php\/2025\/10\/24\/dar-voz-as-mulheres-na-arquitetura\/","og_locale":"pt_PT","og_type":"article","og_title":"Dar voz \u00e0s mulheres na arquitetura - Mais Magazine","og_description":"A Mais Magazine falou com Patr\u00edcia Pedrosa, fundadora do projeto W@ARCH.PT e co-fundadora e presidente da Associa\u00e7\u00e3o Mulheres na Arquitetura, sobre o papel das jovens arquitetas na defesa dos seus direitos e na valoriza\u00e7\u00e3o social da profiss\u00e3o. O que a motivou a criar o W@ARCH.pt e como o projeto ajudou&hellip;","og_url":"http:\/\/maismagazine.pt\/index.php\/2025\/10\/24\/dar-voz-as-mulheres-na-arquitetura\/","og_site_name":"Mais Magazine","article_published_time":"2025-10-24T06:00:00+00:00","og_image":[{"width":1426,"height":1783,"url":"http:\/\/maismagazine.pt\/wp-content\/uploads\/2025\/10\/2023_PedrosaPS_PB-1.png","type":"image\/png"}],"author":"Tatiana Martins","twitter_card":"summary_large_image","twitter_misc":{"Escrito por":false,"Tempo estimado de leitura":"4 minutos"},"schema":{"@context":"https:\/\/schema.org","@graph":[{"@type":"Article","@id":"http:\/\/maismagazine.pt\/index.php\/2025\/10\/24\/dar-voz-as-mulheres-na-arquitetura\/#article","isPartOf":{"@id":"http:\/\/maismagazine.pt\/index.php\/2025\/10\/24\/dar-voz-as-mulheres-na-arquitetura\/"},"author":{"name":"Tatiana Martins","@id":"http:\/\/maismagazine.pt\/#\/schema\/person\/7426e2caeb8df32a1b56aa48dae778c9"},"headline":"Dar voz \u00e0s mulheres na arquitetura","datePublished":"2025-10-24T06:00:00+00:00","mainEntityOfPage":{"@id":"http:\/\/maismagazine.pt\/index.php\/2025\/10\/24\/dar-voz-as-mulheres-na-arquitetura\/"},"wordCount":672,"publisher":{"@id":"http:\/\/maismagazine.pt\/#organization"},"image":{"@id":"http:\/\/maismagazine.pt\/index.php\/2025\/10\/24\/dar-voz-as-mulheres-na-arquitetura\/#primaryimage"},"thumbnailUrl":"http:\/\/maismagazine.pt\/wp-content\/uploads\/2025\/10\/2023_PedrosaPS_PB-1.png","keywords":["Arquitetura","Associa\u00e7\u00e3o Mulheres na Arquitetura","Luxury lifestyle","W@ARCH.PT"],"articleSection":["Destaque lateral"],"inLanguage":"pt-PT"},{"@type":"WebPage","@id":"http:\/\/maismagazine.pt\/index.php\/2025\/10\/24\/dar-voz-as-mulheres-na-arquitetura\/","url":"http:\/\/maismagazine.pt\/index.php\/2025\/10\/24\/dar-voz-as-mulheres-na-arquitetura\/","name":"Dar voz \u00e0s mulheres na arquitetura - Mais Magazine","isPartOf":{"@id":"http:\/\/maismagazine.pt\/#website"},"primaryImageOfPage":{"@id":"http:\/\/maismagazine.pt\/index.php\/2025\/10\/24\/dar-voz-as-mulheres-na-arquitetura\/#primaryimage"},"image":{"@id":"http:\/\/maismagazine.pt\/index.php\/2025\/10\/24\/dar-voz-as-mulheres-na-arquitetura\/#primaryimage"},"thumbnailUrl":"http:\/\/maismagazine.pt\/wp-content\/uploads\/2025\/10\/2023_PedrosaPS_PB-1.png","datePublished":"2025-10-24T06:00:00+00:00","breadcrumb":{"@id":"http:\/\/maismagazine.pt\/index.php\/2025\/10\/24\/dar-voz-as-mulheres-na-arquitetura\/#breadcrumb"},"inLanguage":"pt-PT","potentialAction":[{"@type":"ReadAction","target":["http:\/\/maismagazine.pt\/index.php\/2025\/10\/24\/dar-voz-as-mulheres-na-arquitetura\/"]}]},{"@type":"ImageObject","inLanguage":"pt-PT","@id":"http:\/\/maismagazine.pt\/index.php\/2025\/10\/24\/dar-voz-as-mulheres-na-arquitetura\/#primaryimage","url":"http:\/\/maismagazine.pt\/wp-content\/uploads\/2025\/10\/2023_PedrosaPS_PB-1.png","contentUrl":"http:\/\/maismagazine.pt\/wp-content\/uploads\/2025\/10\/2023_PedrosaPS_PB-1.png","width":1426,"height":1783},{"@type":"BreadcrumbList","@id":"http:\/\/maismagazine.pt\/index.php\/2025\/10\/24\/dar-voz-as-mulheres-na-arquitetura\/#breadcrumb","itemListElement":[{"@type":"ListItem","position":1,"name":"Home","item":"http:\/\/maismagazine.pt\/"},{"@type":"ListItem","position":2,"name":"Dar voz \u00e0s mulheres na arquitetura"}]},{"@type":"WebSite","@id":"http:\/\/maismagazine.pt\/#website","url":"http:\/\/maismagazine.pt\/","name":"Mais Magazine","description":"","publisher":{"@id":"http:\/\/maismagazine.pt\/#organization"},"potentialAction":[{"@type":"SearchAction","target":{"@type":"EntryPoint","urlTemplate":"http:\/\/maismagazine.pt\/?s={search_term_string}"},"query-input":{"@type":"PropertyValueSpecification","valueRequired":true,"valueName":"search_term_string"}}],"inLanguage":"pt-PT"},{"@type":"Organization","@id":"http:\/\/maismagazine.pt\/#organization","name":"Mais Magazine","url":"http:\/\/maismagazine.pt\/","logo":{"@type":"ImageObject","inLanguage":"pt-PT","@id":"http:\/\/maismagazine.pt\/#\/schema\/logo\/image\/","url":"http:\/\/maismagazine.pt\/wp-content\/uploads\/2020\/04\/cropped-cropped-mais-magazine-site-logo-2.png","contentUrl":"http:\/\/maismagazine.pt\/wp-content\/uploads\/2020\/04\/cropped-cropped-mais-magazine-site-logo-2.png","width":581,"height":90,"caption":"Mais Magazine"},"image":{"@id":"http:\/\/maismagazine.pt\/#\/schema\/logo\/image\/"}},{"@type":"Person","@id":"http:\/\/maismagazine.pt\/#\/schema\/person\/7426e2caeb8df32a1b56aa48dae778c9","name":"Tatiana Martins","image":{"@type":"ImageObject","inLanguage":"pt-PT","@id":"http:\/\/maismagazine.pt\/#\/schema\/person\/image\/","url":"https:\/\/secure.gravatar.com\/avatar\/4b24a57f5d0425f2eb20981c4b53244e?s=96&d=mm&r=g","contentUrl":"https:\/\/secure.gravatar.com\/avatar\/4b24a57f5d0425f2eb20981c4b53244e?s=96&d=mm&r=g","caption":"Tatiana Martins"},"url":"http:\/\/maismagazine.pt\/index.php\/author\/tatiana\/"}]}},"author_meta":{"display_name":false,"author_link":"http:\/\/maismagazine.pt\/index.php\/author\/tatiana\/"},"featured_img":"http:\/\/maismagazine.pt\/wp-content\/uploads\/2025\/10\/2023_PedrosaPS_PB-1-240x300.png","coauthors":[],"tax_additional":{"categories":{"linked":["<a href=\"http:\/\/maismagazine.pt\/index.php\/category\/destaque\/\" class=\"advgb-post-tax-term\">Destaque lateral<\/a>"],"unlinked":["<span class=\"advgb-post-tax-term\">Destaque lateral<\/span>"]},"tags":{"linked":["<a href=\"http:\/\/maismagazine.pt\/index.php\/category\/destaque\/\" class=\"advgb-post-tax-term\">Arquitetura<\/a>","<a href=\"http:\/\/maismagazine.pt\/index.php\/category\/destaque\/\" class=\"advgb-post-tax-term\">Associa\u00e7\u00e3o Mulheres na Arquitetura<\/a>","<a href=\"http:\/\/maismagazine.pt\/index.php\/category\/destaque\/\" class=\"advgb-post-tax-term\">Luxury lifestyle<\/a>","<a href=\"http:\/\/maismagazine.pt\/index.php\/category\/destaque\/\" class=\"advgb-post-tax-term\">W@ARCH.PT<\/a>"],"unlinked":["<span class=\"advgb-post-tax-term\">Arquitetura<\/span>","<span class=\"advgb-post-tax-term\">Associa\u00e7\u00e3o Mulheres na Arquitetura<\/span>","<span class=\"advgb-post-tax-term\">Luxury lifestyle<\/span>","<span class=\"advgb-post-tax-term\">W@ARCH.PT<\/span>"]}},"comment_count":"0","relative_dates":{"created":"Posted 6 meses ago","modified":"Updated 6 meses ago"},"absolute_dates":{"created":"Posted on 24 de Outubro, 2025","modified":"Updated on 21 de Outubro, 2025"},"absolute_dates_time":{"created":"Posted on 24 de Outubro, 2025 7:00","modified":"Updated on 21 de Outubro, 2025 14:44"},"featured_img_caption":"","series_order":"","_links":{"self":[{"href":"http:\/\/maismagazine.pt\/index.php\/wp-json\/wp\/v2\/posts\/12799","targetHints":{"allow":["GET"]}}],"collection":[{"href":"http:\/\/maismagazine.pt\/index.php\/wp-json\/wp\/v2\/posts"}],"about":[{"href":"http:\/\/maismagazine.pt\/index.php\/wp-json\/wp\/v2\/types\/post"}],"author":[{"embeddable":true,"href":"http:\/\/maismagazine.pt\/index.php\/wp-json\/wp\/v2\/users\/18"}],"replies":[{"embeddable":true,"href":"http:\/\/maismagazine.pt\/index.php\/wp-json\/wp\/v2\/comments?post=12799"}],"version-history":[{"count":1,"href":"http:\/\/maismagazine.pt\/index.php\/wp-json\/wp\/v2\/posts\/12799\/revisions"}],"predecessor-version":[{"id":12805,"href":"http:\/\/maismagazine.pt\/index.php\/wp-json\/wp\/v2\/posts\/12799\/revisions\/12805"}],"wp:featuredmedia":[{"embeddable":true,"href":"http:\/\/maismagazine.pt\/index.php\/wp-json\/wp\/v2\/media\/12802"}],"wp:attachment":[{"href":"http:\/\/maismagazine.pt\/index.php\/wp-json\/wp\/v2\/media?parent=12799"}],"wp:term":[{"taxonomy":"category","embeddable":true,"href":"http:\/\/maismagazine.pt\/index.php\/wp-json\/wp\/v2\/categories?post=12799"},{"taxonomy":"post_tag","embeddable":true,"href":"http:\/\/maismagazine.pt\/index.php\/wp-json\/wp\/v2\/tags?post=12799"}],"curies":[{"name":"wp","href":"https:\/\/api.w.org\/{rel}","templated":true}]}}