{"id":12784,"date":"2025-10-24T07:00:00","date_gmt":"2025-10-24T06:00:00","guid":{"rendered":"https:\/\/maismagazine.pt\/?p=12784"},"modified":"2025-10-21T14:33:25","modified_gmt":"2025-10-21T13:33:25","slug":"a-melhor-arquitetura-nasce-do-dialogo-e-da-partilha","status":"publish","type":"post","link":"http:\/\/maismagazine.pt\/index.php\/2025\/10\/24\/a-melhor-arquitetura-nasce-do-dialogo-e-da-partilha\/","title":{"rendered":"\u201cA melhor arquitetura nasce do di\u00e1logo e da partilha\u201d"},"content":{"rendered":"\n<p><strong>Apaixonada pela arquitetura desde crian\u00e7a, Lu\u00edsa Teixeira, s\u00f3cia fundadora da <a href=\"http:\/\/www.criamais.com\">Cria+ Arquitectos<\/a>, transformou o sonho de projetar espa\u00e7os numa carreira marcada por inova\u00e7\u00e3o, diversidade de projetos e valoriza\u00e7\u00e3o da colabora\u00e7\u00e3o \u2014 sempre com o prop\u00f3sito de criar valor para clientes, comunidade e equipa, tal como conta \u00e0 Mais Magazine.<\/strong><\/p>\n\n\n\n<p><\/p>\n\n\n\n<p><strong>Como nasce a sua liga\u00e7\u00e3o \u00e0 arquitetura. Sempre foi uma \u00e1rea apaixonante e desafiante para si?<\/strong><\/p>\n\n\n\n<p>J\u00e1 em crian\u00e7a o meu sonho sempre foi ser arquiteta. Sonhava em dar forma \u00e0s minhas ideias onde um dia as pessoas iriam viver. Quando chegou a hora de ir para a Universidade eu n\u00e3o tinha qualquer d\u00favida que seria esta a profiss\u00e3o que me preencheria e que eu queria abarcar, ainda que a informa\u00e7\u00e3o que t\u00ednhamos ao nosso dispor fosse escassa, se comparada com o que os jovens hoje t\u00eam. Poderia ter-me enganado redondamente.<\/p>\n\n\n\n<p><\/p>\n\n\n\n<p><strong>Como surgiu a oportunidade de abrir portas \u00e0 Cria +? Quais as raz\u00f5es, objetivos e ambi\u00e7\u00f5es que levaram \u00e0 sua abertura?<\/strong><\/p>\n\n\n\n<p>Quando me formei o que mais queria era aprender, ganhar experi\u00eancia aprendendo com os mais velhos e foi o que fiz. N\u00e3o tinha nessa altura pretens\u00f5es de abrir o meu escrit\u00f3rio. A vida, contudo, levou a que, 6 anos depois, j\u00e1 com alguma experi\u00eancia adquirida, achasse que devia come\u00e7ar o meu pr\u00f3prio caminho. Sendo filha de empres\u00e1rios n\u00e3o foi uma decis\u00e3o estranha dado que cresci nesse meio. Est\u00e1vamos numa \u00e9poca em que os escrit\u00f3rios de arquitetura ainda eram ateliers com poucas pessoas e geridos de uma forma muito amadora. Eu queria mais. Levou o seu tempo, mas hoje, olhando para tr\u00e1s, tenho muito orgulho do meu percurso. <\/p>\n\n\n\n<p><\/p>\n\n\n\n<p><strong>Que tipo de projetos a sua empresa realiza? Entre todos os trabalhos do seu portef\u00f3lio, existe algum em que deposita maior carinho e orgulho?<\/strong><\/p>\n\n\n\n<p>Na Cria+ temos tido a oportunidade, ao longo dos \u00faltimos 18 anos, de desenvolver projetos muito diversos, tendo sido alguns deles premiados \u2014 desde moradias unifamiliares, edif\u00edcios de habita\u00e7\u00e3o coletiva, resid\u00eancias, cl\u00ednicas m\u00e9dicas (incluindo cir\u00fargicas), hot\u00e9is, unidades de alojamento local, SPA\u2019s e at\u00e9 cremat\u00f3rios. Cada projeto \u00e9 sempre concebido em estreita colabora\u00e7\u00e3o com o cliente, porque acreditamos que a melhor arquitetura nasce do di\u00e1logo e da partilha.<\/p>\n\n\n\n<p>Quando me perguntam qual \u00e9 o projeto de que mais gosto, \u00e9 sempre dif\u00edcil escolher apenas um. A verdade \u00e9 que o projeto a que dedico maior carinho \u00e9 a pr\u00f3pria Cria+. Foi ela que nasceu h\u00e1 18 anos com a ambi\u00e7\u00e3o de fazer a diferen\u00e7a \u2014 n\u00e3o apenas na vida dos clientes, mas tamb\u00e9m na vida de todos os que trabalham connosco. Esse \u00e9, para mim, o nosso maior projeto. <\/p>\n\n\n<div class=\"wp-block-image\">\n<figure class=\"aligncenter size-full is-resized\"><img loading=\"lazy\" decoding=\"async\" width=\"883\" height=\"588\" src=\"http:\/\/maismagazine.pt\/wp-content\/uploads\/2025\/10\/Edificio-Palma-Lofts_Lisboa.jpg\" alt=\"\" class=\"wp-image-12790\" style=\"width:472px;height:auto\" srcset=\"http:\/\/maismagazine.pt\/wp-content\/uploads\/2025\/10\/Edificio-Palma-Lofts_Lisboa.jpg 883w, http:\/\/maismagazine.pt\/wp-content\/uploads\/2025\/10\/Edificio-Palma-Lofts_Lisboa-300x200.jpg 300w, http:\/\/maismagazine.pt\/wp-content\/uploads\/2025\/10\/Edificio-Palma-Lofts_Lisboa-768x511.jpg 768w, http:\/\/maismagazine.pt\/wp-content\/uploads\/2025\/10\/Edificio-Palma-Lofts_Lisboa-150x100.jpg 150w\" sizes=\"auto, (max-width: 883px) 100vw, 883px\" \/><\/figure><\/div>\n\n\n<p><strong>Quais as carater\u00edsticas que tornam a sua empresa e equipa diferenciadas no mercado? De que forma inovam nos vossos projetos?<\/strong><\/p>\n\n\n\n<p>O que nos diferencia \u00e9 a forma como encaramos cada projeto como uma oportunidade \u00fanica de criar valor para o cliente e para a comunidade. Na Cria+ n\u00e3o seguimos solu\u00e7\u00f5es padronizadas: cada proposta \u00e9 personalizada, unindo sensibilidade arquitet\u00f3nica, rigor t\u00e9cnico e escuta ativa. <\/p>\n\n\n\n<p>Contamos com uma equipa multidisciplinar, coesa e motivada, onde a colabora\u00e7\u00e3o \u00e9 potenciada porque acreditamos que as melhores solu\u00e7\u00f5es surgem do cruzamento de ideias.<\/p>\n\n\n\n<p>Destacamo-nos tamb\u00e9m pela utiliza\u00e7\u00e3o de tecnologia BIM h\u00e1 mais de uma d\u00e9cada, que assegura efici\u00eancia, precis\u00e3o e sustentabilidade. Para al\u00e9m da tecnologia, inovamos na rela\u00e7\u00e3o com os clientes, promovendo processos participativos, transparentes e colaborativos que garantem resultados alinhados com as suas expectativas.<\/p>\n\n\n\n<p><\/p>\n\n\n\n<p><strong>Como \u00e9 ser uma mulher arquiteta de sucesso? Sente que existe maior participa\u00e7\u00e3o do sexo feminino na \u00e1rea? Ainda sente que existe disparidade de direitos e oportunidade entre g\u00e9neros na \u00e1rea? Que caminho falta percorrer?<\/strong><\/p>\n\n\n\n<p>Ser mulher arquiteta de sucesso \u00e9 uma enorme satisfa\u00e7\u00e3o, n\u00e3o apenas pelo reconhecimento profissional, mas sobretudo pelo caminho que representa. Ao longo destes anos tenho sentido cada vez mais a presen\u00e7a feminina na arquitetura, o que considero um sinal muito positivo: h\u00e1 hoje mais mulheres a liderar, a criar e a deixar a sua marca no sector.<\/p>\n\n\n\n<p>\u00c9 verdade que ainda existe uma disparidade, sobretudo em cargos de lideran\u00e7a, onde os homens continuam a ser maioria. No entanto, j\u00e1 n\u00e3o sinto que haja barreiras intranspon\u00edveis \u2014 sinto, sim, que estamos num processo de transforma\u00e7\u00e3o.<\/p>\n\n\n\n<p>O caminho que falta percorrer passa por continuarmos a promover igualdade de oportunidades, refor\u00e7ar a visibilidade de mulheres em posi\u00e7\u00f5es de destaque e, acima de tudo, valorizar o talento sem r\u00f3tulos de g\u00e9nero. Acredito que quanto mais diversidade trouxermos para a arquitetura, mais rica e inovadora ela ser\u00e1.<\/p>\n\n\n\n<p><\/p>\n\n\n<div class=\"wp-block-image\">\n<figure class=\"aligncenter size-large is-resized\"><img loading=\"lazy\" decoding=\"async\" width=\"1024\" height=\"1024\" src=\"https:\/\/maismagazine.pt\/wp-content\/uploads\/2025\/10\/430312078_122096041238245233_6263484571547422906_n-1024x1024.jpg\" alt=\"\" class=\"wp-image-12786\" style=\"width:226px;height:auto\" srcset=\"http:\/\/maismagazine.pt\/wp-content\/uploads\/2025\/10\/430312078_122096041238245233_6263484571547422906_n-1024x1024.jpg 1024w, http:\/\/maismagazine.pt\/wp-content\/uploads\/2025\/10\/430312078_122096041238245233_6263484571547422906_n-300x300.jpg 300w, http:\/\/maismagazine.pt\/wp-content\/uploads\/2025\/10\/430312078_122096041238245233_6263484571547422906_n-150x150.jpg 150w, http:\/\/maismagazine.pt\/wp-content\/uploads\/2025\/10\/430312078_122096041238245233_6263484571547422906_n-768x769.jpg 768w, http:\/\/maismagazine.pt\/wp-content\/uploads\/2025\/10\/430312078_122096041238245233_6263484571547422906_n-1534x1536.jpg 1534w, http:\/\/maismagazine.pt\/wp-content\/uploads\/2025\/10\/430312078_122096041238245233_6263484571547422906_n.jpg 1762w\" sizes=\"auto, (max-width: 1024px) 100vw, 1024px\" \/><\/figure><\/div>\n\n\n<p><\/p>\n","protected":false},"excerpt":{"rendered":"<p>Apaixonada pela arquitetura desde crian\u00e7a, Lu\u00edsa Teixeira, s\u00f3cia fundadora da Cria+ Arquitectos, transformou o sonho de projetar espa\u00e7os numa carreira marcada por inova\u00e7\u00e3o, diversidade de projetos e valoriza\u00e7\u00e3o da colabora\u00e7\u00e3o \u2014 sempre com o prop\u00f3sito de criar valor para clientes, comunidade e equipa, tal como conta \u00e0 Mais Magazine. Como&hellip;<\/p>\n","protected":false},"author":18,"featured_media":12788,"comment_status":"closed","ping_status":"open","sticky":false,"template":"","format":"standard","meta":{"advgb_blocks_editor_width":"","advgb_blocks_columns_visual_guide":"","_monsterinsights_skip_tracking":false,"_monsterinsights_sitenote_active":false,"_monsterinsights_sitenote_note":"","_monsterinsights_sitenote_category":0,"footnotes":""},"categories":[77],"tags":[93,2460,2458],"class_list":["post-12784","post","type-post","status-publish","format-standard","has-post-thumbnail","hentry","category-arquitetura-e-construcao","tag-arquitetura","tag-cria","tag-luxury-lifestyle"],"yoast_head":"<!-- This site is optimized with the Yoast SEO plugin v24.4 - https:\/\/yoast.com\/wordpress\/plugins\/seo\/ -->\n<title>\u201cA melhor arquitetura nasce do di\u00e1logo e da partilha\u201d - Mais Magazine<\/title>\n<meta name=\"robots\" content=\"index, follow, max-snippet:-1, max-image-preview:large, max-video-preview:-1\" \/>\n<link rel=\"canonical\" href=\"http:\/\/maismagazine.pt\/index.php\/2025\/10\/24\/a-melhor-arquitetura-nasce-do-dialogo-e-da-partilha\/\" \/>\n<meta property=\"og:locale\" content=\"pt_PT\" \/>\n<meta property=\"og:type\" content=\"article\" \/>\n<meta property=\"og:title\" content=\"\u201cA melhor arquitetura nasce do di\u00e1logo e da partilha\u201d - Mais Magazine\" \/>\n<meta property=\"og:description\" content=\"Apaixonada pela arquitetura desde crian\u00e7a, Lu\u00edsa Teixeira, s\u00f3cia fundadora da Cria+ Arquitectos, transformou o sonho de projetar espa\u00e7os numa carreira marcada por inova\u00e7\u00e3o, diversidade de projetos e valoriza\u00e7\u00e3o da colabora\u00e7\u00e3o \u2014 sempre com o prop\u00f3sito de criar valor para clientes, comunidade e equipa, tal como conta \u00e0 Mais Magazine. Como&hellip;\" \/>\n<meta property=\"og:url\" content=\"http:\/\/maismagazine.pt\/index.php\/2025\/10\/24\/a-melhor-arquitetura-nasce-do-dialogo-e-da-partilha\/\" \/>\n<meta property=\"og:site_name\" content=\"Mais Magazine\" \/>\n<meta property=\"article:published_time\" content=\"2025-10-24T06:00:00+00:00\" \/>\n<meta property=\"og:image\" content=\"http:\/\/maismagazine.pt\/wp-content\/uploads\/2025\/10\/036-CRIA-MAIS-PH_LT_.jpg\" \/>\n\t<meta property=\"og:image:width\" content=\"502\" \/>\n\t<meta property=\"og:image:height\" content=\"752\" \/>\n\t<meta property=\"og:image:type\" content=\"image\/jpeg\" \/>\n<meta name=\"author\" content=\"Tatiana Martins\" \/>\n<meta name=\"twitter:card\" content=\"summary_large_image\" \/>\n<meta name=\"twitter:label1\" content=\"Escrito por\" \/>\n\t<meta name=\"twitter:data1\" content=\"\" \/>\n\t<meta name=\"twitter:label2\" content=\"Tempo estimado de leitura\" \/>\n\t<meta name=\"twitter:data2\" content=\"5 minutos\" \/>\n<script type=\"application\/ld+json\" class=\"yoast-schema-graph\">{\"@context\":\"https:\/\/schema.org\",\"@graph\":[{\"@type\":\"Article\",\"@id\":\"http:\/\/maismagazine.pt\/index.php\/2025\/10\/24\/a-melhor-arquitetura-nasce-do-dialogo-e-da-partilha\/#article\",\"isPartOf\":{\"@id\":\"http:\/\/maismagazine.pt\/index.php\/2025\/10\/24\/a-melhor-arquitetura-nasce-do-dialogo-e-da-partilha\/\"},\"author\":{\"name\":\"Tatiana Martins\",\"@id\":\"http:\/\/maismagazine.pt\/#\/schema\/person\/7426e2caeb8df32a1b56aa48dae778c9\"},\"headline\":\"\u201cA melhor arquitetura nasce do di\u00e1logo e da partilha\u201d\",\"datePublished\":\"2025-10-24T06:00:00+00:00\",\"mainEntityOfPage\":{\"@id\":\"http:\/\/maismagazine.pt\/index.php\/2025\/10\/24\/a-melhor-arquitetura-nasce-do-dialogo-e-da-partilha\/\"},\"wordCount\":798,\"publisher\":{\"@id\":\"http:\/\/maismagazine.pt\/#organization\"},\"image\":{\"@id\":\"http:\/\/maismagazine.pt\/index.php\/2025\/10\/24\/a-melhor-arquitetura-nasce-do-dialogo-e-da-partilha\/#primaryimage\"},\"thumbnailUrl\":\"http:\/\/maismagazine.pt\/wp-content\/uploads\/2025\/10\/036-CRIA-MAIS-PH_LT_.jpg\",\"keywords\":[\"Arquitetura\",\"Cria+\",\"Luxury lifestyle\"],\"articleSection\":[\"Arquitetura e Constru\u00e7\u00e3o\"],\"inLanguage\":\"pt-PT\"},{\"@type\":\"WebPage\",\"@id\":\"http:\/\/maismagazine.pt\/index.php\/2025\/10\/24\/a-melhor-arquitetura-nasce-do-dialogo-e-da-partilha\/\",\"url\":\"http:\/\/maismagazine.pt\/index.php\/2025\/10\/24\/a-melhor-arquitetura-nasce-do-dialogo-e-da-partilha\/\",\"name\":\"\u201cA melhor arquitetura nasce do di\u00e1logo e da partilha\u201d - Mais Magazine\",\"isPartOf\":{\"@id\":\"http:\/\/maismagazine.pt\/#website\"},\"primaryImageOfPage\":{\"@id\":\"http:\/\/maismagazine.pt\/index.php\/2025\/10\/24\/a-melhor-arquitetura-nasce-do-dialogo-e-da-partilha\/#primaryimage\"},\"image\":{\"@id\":\"http:\/\/maismagazine.pt\/index.php\/2025\/10\/24\/a-melhor-arquitetura-nasce-do-dialogo-e-da-partilha\/#primaryimage\"},\"thumbnailUrl\":\"http:\/\/maismagazine.pt\/wp-content\/uploads\/2025\/10\/036-CRIA-MAIS-PH_LT_.jpg\",\"datePublished\":\"2025-10-24T06:00:00+00:00\",\"breadcrumb\":{\"@id\":\"http:\/\/maismagazine.pt\/index.php\/2025\/10\/24\/a-melhor-arquitetura-nasce-do-dialogo-e-da-partilha\/#breadcrumb\"},\"inLanguage\":\"pt-PT\",\"potentialAction\":[{\"@type\":\"ReadAction\",\"target\":[\"http:\/\/maismagazine.pt\/index.php\/2025\/10\/24\/a-melhor-arquitetura-nasce-do-dialogo-e-da-partilha\/\"]}]},{\"@type\":\"ImageObject\",\"inLanguage\":\"pt-PT\",\"@id\":\"http:\/\/maismagazine.pt\/index.php\/2025\/10\/24\/a-melhor-arquitetura-nasce-do-dialogo-e-da-partilha\/#primaryimage\",\"url\":\"http:\/\/maismagazine.pt\/wp-content\/uploads\/2025\/10\/036-CRIA-MAIS-PH_LT_.jpg\",\"contentUrl\":\"http:\/\/maismagazine.pt\/wp-content\/uploads\/2025\/10\/036-CRIA-MAIS-PH_LT_.jpg\",\"width\":502,\"height\":752,\"caption\":\"Lu\u00edsa Teixeira, S\u00f3cia Fundadora da Cria+ Arquitectos\"},{\"@type\":\"BreadcrumbList\",\"@id\":\"http:\/\/maismagazine.pt\/index.php\/2025\/10\/24\/a-melhor-arquitetura-nasce-do-dialogo-e-da-partilha\/#breadcrumb\",\"itemListElement\":[{\"@type\":\"ListItem\",\"position\":1,\"name\":\"Home\",\"item\":\"http:\/\/maismagazine.pt\/\"},{\"@type\":\"ListItem\",\"position\":2,\"name\":\"\u201cA melhor arquitetura nasce do di\u00e1logo e da partilha\u201d\"}]},{\"@type\":\"WebSite\",\"@id\":\"http:\/\/maismagazine.pt\/#website\",\"url\":\"http:\/\/maismagazine.pt\/\",\"name\":\"Mais Magazine\",\"description\":\"\",\"publisher\":{\"@id\":\"http:\/\/maismagazine.pt\/#organization\"},\"potentialAction\":[{\"@type\":\"SearchAction\",\"target\":{\"@type\":\"EntryPoint\",\"urlTemplate\":\"http:\/\/maismagazine.pt\/?s={search_term_string}\"},\"query-input\":{\"@type\":\"PropertyValueSpecification\",\"valueRequired\":true,\"valueName\":\"search_term_string\"}}],\"inLanguage\":\"pt-PT\"},{\"@type\":\"Organization\",\"@id\":\"http:\/\/maismagazine.pt\/#organization\",\"name\":\"Mais Magazine\",\"url\":\"http:\/\/maismagazine.pt\/\",\"logo\":{\"@type\":\"ImageObject\",\"inLanguage\":\"pt-PT\",\"@id\":\"http:\/\/maismagazine.pt\/#\/schema\/logo\/image\/\",\"url\":\"http:\/\/maismagazine.pt\/wp-content\/uploads\/2020\/04\/cropped-cropped-mais-magazine-site-logo-2.png\",\"contentUrl\":\"http:\/\/maismagazine.pt\/wp-content\/uploads\/2020\/04\/cropped-cropped-mais-magazine-site-logo-2.png\",\"width\":581,\"height\":90,\"caption\":\"Mais Magazine\"},\"image\":{\"@id\":\"http:\/\/maismagazine.pt\/#\/schema\/logo\/image\/\"}},{\"@type\":\"Person\",\"@id\":\"http:\/\/maismagazine.pt\/#\/schema\/person\/7426e2caeb8df32a1b56aa48dae778c9\",\"name\":\"Tatiana Martins\",\"image\":{\"@type\":\"ImageObject\",\"inLanguage\":\"pt-PT\",\"@id\":\"http:\/\/maismagazine.pt\/#\/schema\/person\/image\/\",\"url\":\"https:\/\/secure.gravatar.com\/avatar\/4b24a57f5d0425f2eb20981c4b53244e?s=96&d=mm&r=g\",\"contentUrl\":\"https:\/\/secure.gravatar.com\/avatar\/4b24a57f5d0425f2eb20981c4b53244e?s=96&d=mm&r=g\",\"caption\":\"Tatiana Martins\"},\"url\":\"http:\/\/maismagazine.pt\/index.php\/author\/tatiana\/\"}]}<\/script>\n<!-- \/ Yoast SEO plugin. -->","yoast_head_json":{"title":"\u201cA melhor arquitetura nasce do di\u00e1logo e da partilha\u201d - Mais Magazine","robots":{"index":"index","follow":"follow","max-snippet":"max-snippet:-1","max-image-preview":"max-image-preview:large","max-video-preview":"max-video-preview:-1"},"canonical":"http:\/\/maismagazine.pt\/index.php\/2025\/10\/24\/a-melhor-arquitetura-nasce-do-dialogo-e-da-partilha\/","og_locale":"pt_PT","og_type":"article","og_title":"\u201cA melhor arquitetura nasce do di\u00e1logo e da partilha\u201d - Mais Magazine","og_description":"Apaixonada pela arquitetura desde crian\u00e7a, Lu\u00edsa Teixeira, s\u00f3cia fundadora da Cria+ Arquitectos, transformou o sonho de projetar espa\u00e7os numa carreira marcada por inova\u00e7\u00e3o, diversidade de projetos e valoriza\u00e7\u00e3o da colabora\u00e7\u00e3o \u2014 sempre com o prop\u00f3sito de criar valor para clientes, comunidade e equipa, tal como conta \u00e0 Mais Magazine. Como&hellip;","og_url":"http:\/\/maismagazine.pt\/index.php\/2025\/10\/24\/a-melhor-arquitetura-nasce-do-dialogo-e-da-partilha\/","og_site_name":"Mais Magazine","article_published_time":"2025-10-24T06:00:00+00:00","og_image":[{"width":502,"height":752,"url":"http:\/\/maismagazine.pt\/wp-content\/uploads\/2025\/10\/036-CRIA-MAIS-PH_LT_.jpg","type":"image\/jpeg"}],"author":"Tatiana Martins","twitter_card":"summary_large_image","twitter_misc":{"Escrito por":false,"Tempo estimado de leitura":"5 minutos"},"schema":{"@context":"https:\/\/schema.org","@graph":[{"@type":"Article","@id":"http:\/\/maismagazine.pt\/index.php\/2025\/10\/24\/a-melhor-arquitetura-nasce-do-dialogo-e-da-partilha\/#article","isPartOf":{"@id":"http:\/\/maismagazine.pt\/index.php\/2025\/10\/24\/a-melhor-arquitetura-nasce-do-dialogo-e-da-partilha\/"},"author":{"name":"Tatiana Martins","@id":"http:\/\/maismagazine.pt\/#\/schema\/person\/7426e2caeb8df32a1b56aa48dae778c9"},"headline":"\u201cA melhor arquitetura nasce do di\u00e1logo e da partilha\u201d","datePublished":"2025-10-24T06:00:00+00:00","mainEntityOfPage":{"@id":"http:\/\/maismagazine.pt\/index.php\/2025\/10\/24\/a-melhor-arquitetura-nasce-do-dialogo-e-da-partilha\/"},"wordCount":798,"publisher":{"@id":"http:\/\/maismagazine.pt\/#organization"},"image":{"@id":"http:\/\/maismagazine.pt\/index.php\/2025\/10\/24\/a-melhor-arquitetura-nasce-do-dialogo-e-da-partilha\/#primaryimage"},"thumbnailUrl":"http:\/\/maismagazine.pt\/wp-content\/uploads\/2025\/10\/036-CRIA-MAIS-PH_LT_.jpg","keywords":["Arquitetura","Cria+","Luxury lifestyle"],"articleSection":["Arquitetura e Constru\u00e7\u00e3o"],"inLanguage":"pt-PT"},{"@type":"WebPage","@id":"http:\/\/maismagazine.pt\/index.php\/2025\/10\/24\/a-melhor-arquitetura-nasce-do-dialogo-e-da-partilha\/","url":"http:\/\/maismagazine.pt\/index.php\/2025\/10\/24\/a-melhor-arquitetura-nasce-do-dialogo-e-da-partilha\/","name":"\u201cA melhor arquitetura nasce do di\u00e1logo e da partilha\u201d - Mais Magazine","isPartOf":{"@id":"http:\/\/maismagazine.pt\/#website"},"primaryImageOfPage":{"@id":"http:\/\/maismagazine.pt\/index.php\/2025\/10\/24\/a-melhor-arquitetura-nasce-do-dialogo-e-da-partilha\/#primaryimage"},"image":{"@id":"http:\/\/maismagazine.pt\/index.php\/2025\/10\/24\/a-melhor-arquitetura-nasce-do-dialogo-e-da-partilha\/#primaryimage"},"thumbnailUrl":"http:\/\/maismagazine.pt\/wp-content\/uploads\/2025\/10\/036-CRIA-MAIS-PH_LT_.jpg","datePublished":"2025-10-24T06:00:00+00:00","breadcrumb":{"@id":"http:\/\/maismagazine.pt\/index.php\/2025\/10\/24\/a-melhor-arquitetura-nasce-do-dialogo-e-da-partilha\/#breadcrumb"},"inLanguage":"pt-PT","potentialAction":[{"@type":"ReadAction","target":["http:\/\/maismagazine.pt\/index.php\/2025\/10\/24\/a-melhor-arquitetura-nasce-do-dialogo-e-da-partilha\/"]}]},{"@type":"ImageObject","inLanguage":"pt-PT","@id":"http:\/\/maismagazine.pt\/index.php\/2025\/10\/24\/a-melhor-arquitetura-nasce-do-dialogo-e-da-partilha\/#primaryimage","url":"http:\/\/maismagazine.pt\/wp-content\/uploads\/2025\/10\/036-CRIA-MAIS-PH_LT_.jpg","contentUrl":"http:\/\/maismagazine.pt\/wp-content\/uploads\/2025\/10\/036-CRIA-MAIS-PH_LT_.jpg","width":502,"height":752,"caption":"Lu\u00edsa Teixeira, S\u00f3cia Fundadora da Cria+ Arquitectos"},{"@type":"BreadcrumbList","@id":"http:\/\/maismagazine.pt\/index.php\/2025\/10\/24\/a-melhor-arquitetura-nasce-do-dialogo-e-da-partilha\/#breadcrumb","itemListElement":[{"@type":"ListItem","position":1,"name":"Home","item":"http:\/\/maismagazine.pt\/"},{"@type":"ListItem","position":2,"name":"\u201cA melhor arquitetura nasce do di\u00e1logo e da partilha\u201d"}]},{"@type":"WebSite","@id":"http:\/\/maismagazine.pt\/#website","url":"http:\/\/maismagazine.pt\/","name":"Mais Magazine","description":"","publisher":{"@id":"http:\/\/maismagazine.pt\/#organization"},"potentialAction":[{"@type":"SearchAction","target":{"@type":"EntryPoint","urlTemplate":"http:\/\/maismagazine.pt\/?s={search_term_string}"},"query-input":{"@type":"PropertyValueSpecification","valueRequired":true,"valueName":"search_term_string"}}],"inLanguage":"pt-PT"},{"@type":"Organization","@id":"http:\/\/maismagazine.pt\/#organization","name":"Mais Magazine","url":"http:\/\/maismagazine.pt\/","logo":{"@type":"ImageObject","inLanguage":"pt-PT","@id":"http:\/\/maismagazine.pt\/#\/schema\/logo\/image\/","url":"http:\/\/maismagazine.pt\/wp-content\/uploads\/2020\/04\/cropped-cropped-mais-magazine-site-logo-2.png","contentUrl":"http:\/\/maismagazine.pt\/wp-content\/uploads\/2020\/04\/cropped-cropped-mais-magazine-site-logo-2.png","width":581,"height":90,"caption":"Mais Magazine"},"image":{"@id":"http:\/\/maismagazine.pt\/#\/schema\/logo\/image\/"}},{"@type":"Person","@id":"http:\/\/maismagazine.pt\/#\/schema\/person\/7426e2caeb8df32a1b56aa48dae778c9","name":"Tatiana Martins","image":{"@type":"ImageObject","inLanguage":"pt-PT","@id":"http:\/\/maismagazine.pt\/#\/schema\/person\/image\/","url":"https:\/\/secure.gravatar.com\/avatar\/4b24a57f5d0425f2eb20981c4b53244e?s=96&d=mm&r=g","contentUrl":"https:\/\/secure.gravatar.com\/avatar\/4b24a57f5d0425f2eb20981c4b53244e?s=96&d=mm&r=g","caption":"Tatiana Martins"},"url":"http:\/\/maismagazine.pt\/index.php\/author\/tatiana\/"}]}},"author_meta":{"display_name":false,"author_link":"http:\/\/maismagazine.pt\/index.php\/author\/tatiana\/"},"featured_img":"http:\/\/maismagazine.pt\/wp-content\/uploads\/2025\/10\/036-CRIA-MAIS-PH_LT_-200x300.jpg","coauthors":[],"tax_additional":{"categories":{"linked":["<a href=\"http:\/\/maismagazine.pt\/index.php\/category\/empreendedorismo\/arquitetura-e-construcao\/\" class=\"advgb-post-tax-term\">Arquitetura e Constru\u00e7\u00e3o<\/a>"],"unlinked":["<span class=\"advgb-post-tax-term\">Arquitetura e Constru\u00e7\u00e3o<\/span>"]},"tags":{"linked":["<a href=\"http:\/\/maismagazine.pt\/index.php\/category\/empreendedorismo\/arquitetura-e-construcao\/\" class=\"advgb-post-tax-term\">Arquitetura<\/a>","<a href=\"http:\/\/maismagazine.pt\/index.php\/category\/empreendedorismo\/arquitetura-e-construcao\/\" class=\"advgb-post-tax-term\">Cria+<\/a>","<a href=\"http:\/\/maismagazine.pt\/index.php\/category\/empreendedorismo\/arquitetura-e-construcao\/\" class=\"advgb-post-tax-term\">Luxury lifestyle<\/a>"],"unlinked":["<span class=\"advgb-post-tax-term\">Arquitetura<\/span>","<span class=\"advgb-post-tax-term\">Cria+<\/span>","<span class=\"advgb-post-tax-term\">Luxury lifestyle<\/span>"]}},"comment_count":"0","relative_dates":{"created":"Posted 6 meses ago","modified":"Updated 6 meses ago"},"absolute_dates":{"created":"Posted on 24 de Outubro, 2025","modified":"Updated on 21 de Outubro, 2025"},"absolute_dates_time":{"created":"Posted on 24 de Outubro, 2025 7:00","modified":"Updated on 21 de Outubro, 2025 14:33"},"featured_img_caption":"Lu\u00edsa Teixeira, S\u00f3cia Fundadora da Cria+ Arquitectos","series_order":"","_links":{"self":[{"href":"http:\/\/maismagazine.pt\/index.php\/wp-json\/wp\/v2\/posts\/12784","targetHints":{"allow":["GET"]}}],"collection":[{"href":"http:\/\/maismagazine.pt\/index.php\/wp-json\/wp\/v2\/posts"}],"about":[{"href":"http:\/\/maismagazine.pt\/index.php\/wp-json\/wp\/v2\/types\/post"}],"author":[{"embeddable":true,"href":"http:\/\/maismagazine.pt\/index.php\/wp-json\/wp\/v2\/users\/18"}],"replies":[{"embeddable":true,"href":"http:\/\/maismagazine.pt\/index.php\/wp-json\/wp\/v2\/comments?post=12784"}],"version-history":[{"count":1,"href":"http:\/\/maismagazine.pt\/index.php\/wp-json\/wp\/v2\/posts\/12784\/revisions"}],"predecessor-version":[{"id":12791,"href":"http:\/\/maismagazine.pt\/index.php\/wp-json\/wp\/v2\/posts\/12784\/revisions\/12791"}],"wp:featuredmedia":[{"embeddable":true,"href":"http:\/\/maismagazine.pt\/index.php\/wp-json\/wp\/v2\/media\/12788"}],"wp:attachment":[{"href":"http:\/\/maismagazine.pt\/index.php\/wp-json\/wp\/v2\/media?parent=12784"}],"wp:term":[{"taxonomy":"category","embeddable":true,"href":"http:\/\/maismagazine.pt\/index.php\/wp-json\/wp\/v2\/categories?post=12784"},{"taxonomy":"post_tag","embeddable":true,"href":"http:\/\/maismagazine.pt\/index.php\/wp-json\/wp\/v2\/tags?post=12784"}],"curies":[{"name":"wp","href":"https:\/\/api.w.org\/{rel}","templated":true}]}}