{"id":12744,"date":"2025-09-26T07:00:00","date_gmt":"2025-09-26T06:00:00","guid":{"rendered":"https:\/\/maismagazine.pt\/?p=12744"},"modified":"2025-09-25T10:12:07","modified_gmt":"2025-09-25T09:12:07","slug":"polo-em-destaque-no-mapa-mundial-da-optica","status":"publish","type":"post","link":"http:\/\/maismagazine.pt\/index.php\/2025\/09\/26\/polo-em-destaque-no-mapa-mundial-da-optica\/","title":{"rendered":"POLO em destaque no mapa mundial da \u00f3ptica"},"content":{"rendered":"\n<p><strong>Marta Correia, respons\u00e1vel de marketing da <a href=\"http:\/\/www.polo.pt\">POLO<\/a>, sublinha que a identidade 100% portuguesa, a aposta na inova\u00e7\u00e3o tecnol\u00f3gica e a valoriza\u00e7\u00e3o da proximidade humana constituem tr\u00eas pilares fundamentais da empresa, hoje reconhecida como uma refer\u00eancia no setor da \u00f3tica. <\/strong><\/p>\n\n\n\n<p><\/p>\n\n\n\n<p><strong>Fundada em 1965, a POLO tornou-se uma empresa de refer\u00eancia no mundo da \u00f3ptica. Podem partilhar connosco como nasceu a empresa e quais foram os primeiros passos desta hist\u00f3ria? <\/strong><\/p>\n\n\n\n<p>A <strong>POLO-Produtos \u00d3pticos<\/strong> nasceu da vis\u00e3o empreendedora de Jo\u00e3o Empis, que soube identificar uma oportunidade decisiva num mercado marcado pela escassez de solu\u00e7\u00f5es oft\u00e1lmicas nacionais e pela grande depend\u00eancia de fornecedores estrangeiros. Nos anos 60, em Portugal, os cuidados de sa\u00fade visual eram frequentemente negligenciados \u2013 muitos n\u00e3o compreendiam a necessidade de usar \u00f3culos corretivos ou de fazer rastreios visuais regulares. Jo\u00e3o Empis percebeu essa lacuna e lan\u00e7ou as bases para uma resposta nacional de qualidade. Os primeiros anos foram dedicados a construir uma base s\u00f3lida de conhecimento t\u00e9cnico e a estabelecer um contacto pr\u00f3ximo com os parceiros \u00f3pticos. A decis\u00e3o de instalar a f\u00e1brica em Vila Real revelou-se estrat\u00e9gica, n\u00e3o apenas pelo compromisso de contribuir para o desenvolvimento do interior, mas tamb\u00e9m por uma localiza\u00e7\u00e3o que facilitava a rece\u00e7\u00e3o de mat\u00e9rias-primas e a exporta\u00e7\u00e3o das lentes para toda a Europa. Desde o in\u00edcio, a POLO assumiu uma filosofia clara: produzir lentes oft\u00e1lmicas com rigor t\u00e9cnico, elevada qualidade e um olhar atento \u00e0s necessidades reais das pessoas. <\/p>\n\n\n\n<p><\/p>\n\n\n\n<p><strong>Que tipo de produtos e solu\u00e7\u00f5es disponibilizam a quem vos procura? Quais s\u00e3o as principais \u00e1reas em que est\u00e3o presentes? <\/strong><\/p>\n\n\n\n<p>O nosso portf\u00f3lio abrange uma gama completa de solu\u00e7\u00f5es oft\u00e1lmicas, desde as lentes unifocais at\u00e9 \u00e0s lentes progressivas, que representam a \u00e1rea de maior sofistica\u00e7\u00e3o t\u00e9cnica e onde temos investido fortemente em inova\u00e7\u00e3o, especializando-nos em lentes progressivas de alta performance. Neste segmento, a nossa solu\u00e7\u00e3o <strong>POLO<\/strong>TECH representa uma nova gera\u00e7\u00e3o de lentes progressivas, um produto que reinventa as geometrias das lentes, apresentando o equil\u00edbrio ideal entre precis\u00e3o, est\u00e9tica e conforto, respondendo de forma personalizada \u00e0s necessidades de cada utilizador. Desenvolvemos solu\u00e7\u00f5es com tratamentos espec\u00edficos, como a prote\u00e7\u00e3o contra a luz azul, revestimentos como o Safirauv, que aumentam a durabilidade das lentes e o conforto visual. Disponibilizamos ainda lentes coloridas em diversas colora\u00e7\u00f5es, incluindo a possibilidade de reproduzir tonalidades personalizadas a partir de amostras, bem como lentes fotocrom\u00e1ticas de \u00faltima gera\u00e7\u00e3o. Acrescentamos a este portef\u00f3lio solu\u00e7\u00f5es direcionadas para necessidades espec\u00edficas, como as lentes ocupacionais (office), concebidas para maior conforto visual em ambientes de trabalho digital; lentes para condu\u00e7\u00e3o; lentes desenvolvidas para o controlo da progress\u00e3o da miopia infantil, bem como op\u00e7\u00f5es adaptadas a condi\u00e7\u00f5es espec\u00edficas, como a diabetes. Atualmente, exportamos para mais de 25 pa\u00edses, reflexo da confian\u00e7a internacional na qualidade dos nossos produtos.<\/p>\n\n\n\n<p>Um dos nossos pontos diferenciadores passa por sermos o \u00fanico produtor europeu de lentes minerais bifocais, um nicho t\u00e9cnico que exige conhecimento especializado. J\u00e1 nos anos 80, a <strong>POLO<\/strong> havia conquistado a lideran\u00e7a europeia no fabrico de lentes minerais de vidro, um marco que projetou Vila Real e Portugal para o mapa mundial da \u00f3ptica.  <\/p>\n\n\n\n<p><\/p>\n\n\n<div class=\"wp-block-image\">\n<figure class=\"aligncenter size-full is-resized\"><img loading=\"lazy\" decoding=\"async\" width=\"931\" height=\"620\" src=\"https:\/\/maismagazine.pt\/wp-content\/uploads\/2025\/09\/POLO-1.jpg\" alt=\"\" class=\"wp-image-12747\" style=\"width:470px;height:auto\" srcset=\"http:\/\/maismagazine.pt\/wp-content\/uploads\/2025\/09\/POLO-1.jpg 931w, http:\/\/maismagazine.pt\/wp-content\/uploads\/2025\/09\/POLO-1-300x200.jpg 300w, http:\/\/maismagazine.pt\/wp-content\/uploads\/2025\/09\/POLO-1-768x511.jpg 768w, http:\/\/maismagazine.pt\/wp-content\/uploads\/2025\/09\/POLO-1-150x100.jpg 150w\" sizes=\"auto, (max-width: 931px) 100vw, 931px\" \/><\/figure><\/div>\n\n\n<p><\/p>\n\n\n\n<p><strong>O que torna a POLO diferente das restantes empresas do setor? Que caracter\u00edsticas ou valores consideram essenciais para que os clientes vos escolham? <\/strong><\/p>\n\n\n\n<div class=\"wp-block-group is-nowrap is-layout-flex wp-container-core-group-is-layout-1 wp-block-group-is-layout-flex\">\n<p>A nossa proposta de valor reside na combina\u00e7\u00e3o \u00fanica entre produ\u00e7\u00e3o 100% portuguesa, inova\u00e7\u00e3o tecnol\u00f3gica e proximidade humana. Enquanto grandes multinacionais trabalham com processos padronizados e massificados, orientados para a efici\u00eancia e maximiza\u00e7\u00e3o de ganhos, n\u00f3s conseguimos oferecer solu\u00e7\u00f5es verdadeiramente personalizadas e orientadas para a satisfa\u00e7\u00e3o m\u00e1xima do cliente, aliadas a designs e materiais de \u00faltima gera\u00e7\u00e3o. Recentemente investimos na melhoria da ferramenta que analisa m\u00faltiplas caracter\u00edsticas visuais para criar desenhos otimizados para cada perfil visual, atrav\u00e9s da introdu\u00e7\u00e3o de intelig\u00eancia artificial no algoritmo base. Os nossos produtos s\u00e3o desenvolvidos em linha com os contributos que os nossos parceiros \u00f3pticos nos d\u00e3o diariamente, com vista a incorporar melhorias no desenho e processo de produ\u00e7\u00e3o, que permita o m\u00e1ximo de personaliza\u00e7\u00e3o \u00e0s necessidades do cliente final. <\/p>\n<\/div>\n\n\n\n<p>Este posicionamento estrat\u00e9gico e central no ADN da <strong>POLO<\/strong>, aliado a d\u00e9cadas de experi\u00eancia e a um investimento constante em investiga\u00e7\u00e3o e desenvolvimento, permite-nos colocar no mercado uma proposta de valor dif\u00edcil de igualar. A confian\u00e7a que constru\u00edmos ao longo de seis d\u00e9cadas traduz-se numa rela\u00e7\u00e3o de parceria e verdadeira proximidade com as nossas \u00f3pticas &#8211; os nossos parceiros de sucesso. A POLO assegura um acompanhamento cont\u00ednuo aos seus parceiros \u00f3pticos, disponibilizando materiais t\u00e9cnicos e de apoio \u00e0 venda, bem como um servi\u00e7o de p\u00f3s-venda atento e eficaz. A proximidade das nossas equipas comerciais e de apoio ao cliente permitem-nos responder com agilidade \u00e0s necessidades do dia a dia e desenvolver solu\u00e7\u00f5es espec\u00edficas sempre que os clientes assim o exigem. Essa flexibilidade e capacidade de adapta\u00e7\u00e3o refor\u00e7am a confian\u00e7a que h\u00e1 d\u00e9cadas sustenta a nossa rela\u00e7\u00e3o com o mercado. <\/p>\n\n\n\n<p><\/p>\n\n\n\n<p><strong>Com quase seis d\u00e9cadas de hist\u00f3ria, que balan\u00e7o fazem deste trajeto? Quais foram os momentos mais marcantes ou decisivos ao longo do caminho? <\/strong><\/p>\n\n\n\n<p>Estes 60 anos representam uma jornada de crescimento sustentado, cont\u00ednuo e de adapta\u00e7\u00e3o constante aos desafios em cada fase. Um dos momentos mais significativos foi a consolida\u00e7\u00e3o da exporta\u00e7\u00e3o nos anos 80, que projetou internacionalmente a compet\u00eancia da POLO e validou a qualidade dos nossos produtos em mercados exigentes. A resist\u00eancia e reinven\u00e7\u00e3o em per\u00edodos de crise econ\u00f3mica e a resposta \u00e1gil \u00e0 pandemia de Covid-19, mantendo a proximidade com os clientes em circunst\u00e2ncias desafiantes foram tamb\u00e9m momentos marcantes. Outro marco essencial foi a aposta no digital, que transformou a forma como comunicamos e nos aproximamos do consumidor final, algo impens\u00e1vel nas primeiras d\u00e9cadas. Mais recentemente, do ponto de vista da nossa imagem p\u00fablica, a parceria que estabelecemos, desde 2022, com o ator Paulo Pires como embaixador da marca, representou uma mudan\u00e7a de paradigma na nossa comunica\u00e7\u00e3o, humanizando a marca e criando uma identifica\u00e7\u00e3o emocional mais forte com o consumidor. Acima de tudo, o grande legado \u00e9 a continuidade da vis\u00e3o de Jo\u00e3o Empis: inovar com rigor e cuidar da vis\u00e3o das pessoas. Celebrar 60 anos \u00e9 olhar para tr\u00e1s com orgulho e para a frente com ambi\u00e7\u00e3o, porque a nossa miss\u00e3o n\u00e3o termina com o tempo \u2014 apenas cresce. <\/p>\n\n\n\n<p><\/p>\n\n\n<div class=\"wp-block-image\">\n<figure class=\"aligncenter size-large is-resized\"><img loading=\"lazy\" decoding=\"async\" width=\"1024\" height=\"373\" src=\"https:\/\/maismagazine.pt\/wp-content\/uploads\/2025\/09\/POLO_LOGOTIPO-1-1024x373.png\" alt=\"\" class=\"wp-image-12749\" style=\"width:500px;height:auto\" srcset=\"http:\/\/maismagazine.pt\/wp-content\/uploads\/2025\/09\/POLO_LOGOTIPO-1-1024x373.png 1024w, http:\/\/maismagazine.pt\/wp-content\/uploads\/2025\/09\/POLO_LOGOTIPO-1-300x109.png 300w, http:\/\/maismagazine.pt\/wp-content\/uploads\/2025\/09\/POLO_LOGOTIPO-1-768x280.png 768w, http:\/\/maismagazine.pt\/wp-content\/uploads\/2025\/09\/POLO_LOGOTIPO-1.png 1131w\" sizes=\"auto, (max-width: 1024px) 100vw, 1024px\" \/><\/figure><\/div>","protected":false},"excerpt":{"rendered":"<p>Marta Correia, respons\u00e1vel de marketing da POLO, sublinha que a identidade 100% portuguesa, a aposta na inova\u00e7\u00e3o tecnol\u00f3gica e a valoriza\u00e7\u00e3o da proximidade humana constituem tr\u00eas pilares fundamentais da empresa, hoje reconhecida como uma refer\u00eancia no setor da \u00f3tica. Fundada em 1965, a POLO tornou-se uma empresa de refer\u00eancia no&hellip;<\/p>\n","protected":false},"author":17,"featured_media":12750,"comment_status":"closed","ping_status":"open","sticky":false,"template":"","format":"standard","meta":{"advgb_blocks_editor_width":"","advgb_blocks_columns_visual_guide":"","_monsterinsights_skip_tracking":false,"_monsterinsights_sitenote_active":false,"_monsterinsights_sitenote_note":"","_monsterinsights_sitenote_category":0,"footnotes":""},"categories":[161,313],"tags":[2453],"class_list":["post-12744","post","type-post","status-publish","format-standard","has-post-thumbnail","hentry","category-mundo-empresarial","category-saude","tag-polo"],"yoast_head":"<!-- This site is optimized with the Yoast SEO plugin v24.4 - https:\/\/yoast.com\/wordpress\/plugins\/seo\/ -->\n<title>POLO em destaque no mapa mundial da \u00f3ptica - Mais Magazine<\/title>\n<meta name=\"description\" content=\"Marta Correia, respons\u00e1vel de marketing da POLO, sublinha que a identidade 100% portuguesa, a aposta na inova\u00e7\u00e3o tecnol\u00f3gica e a valoriza\u00e7\u00e3o da proximidade humana constituem tr\u00eas pilares fundamentais da empresa, hoje reconhecida como uma refer\u00eancia no setor da \u00f3tica.\" \/>\n<meta name=\"robots\" content=\"index, follow, max-snippet:-1, max-image-preview:large, max-video-preview:-1\" \/>\n<link rel=\"canonical\" href=\"http:\/\/maismagazine.pt\/index.php\/2025\/09\/26\/polo-em-destaque-no-mapa-mundial-da-optica\/\" \/>\n<meta property=\"og:locale\" content=\"pt_PT\" \/>\n<meta property=\"og:type\" content=\"article\" \/>\n<meta property=\"og:title\" content=\"POLO em destaque no mapa mundial da \u00f3ptica - Mais Magazine\" \/>\n<meta property=\"og:description\" content=\"Marta Correia, respons\u00e1vel de marketing da POLO, sublinha que a identidade 100% portuguesa, a aposta na inova\u00e7\u00e3o tecnol\u00f3gica e a valoriza\u00e7\u00e3o da proximidade humana constituem tr\u00eas pilares fundamentais da empresa, hoje reconhecida como uma refer\u00eancia no setor da \u00f3tica.\" \/>\n<meta property=\"og:url\" content=\"http:\/\/maismagazine.pt\/index.php\/2025\/09\/26\/polo-em-destaque-no-mapa-mundial-da-optica\/\" \/>\n<meta property=\"og:site_name\" content=\"Mais Magazine\" \/>\n<meta property=\"article:published_time\" content=\"2025-09-26T06:00:00+00:00\" \/>\n<meta property=\"og:image\" content=\"http:\/\/maismagazine.pt\/wp-content\/uploads\/2025\/09\/POLO-Equipa.jpg\" \/>\n\t<meta property=\"og:image:width\" content=\"768\" \/>\n\t<meta property=\"og:image:height\" content=\"432\" \/>\n\t<meta property=\"og:image:type\" content=\"image\/jpeg\" \/>\n<meta name=\"author\" content=\"Tiago Costa\" \/>\n<meta name=\"twitter:card\" content=\"summary_large_image\" \/>\n<meta name=\"twitter:label1\" content=\"Escrito por\" \/>\n\t<meta name=\"twitter:data1\" content=\"\" \/>\n\t<meta name=\"twitter:label2\" content=\"Tempo estimado de leitura\" \/>\n\t<meta name=\"twitter:data2\" content=\"7 minutos\" \/>\n<script type=\"application\/ld+json\" class=\"yoast-schema-graph\">{\"@context\":\"https:\/\/schema.org\",\"@graph\":[{\"@type\":\"Article\",\"@id\":\"http:\/\/maismagazine.pt\/index.php\/2025\/09\/26\/polo-em-destaque-no-mapa-mundial-da-optica\/#article\",\"isPartOf\":{\"@id\":\"http:\/\/maismagazine.pt\/index.php\/2025\/09\/26\/polo-em-destaque-no-mapa-mundial-da-optica\/\"},\"author\":{\"name\":\"Tiago Costa\",\"@id\":\"https:\/\/maismagazine.pt\/#\/schema\/person\/c6c5bfccc886434cbd11c74e035f9646\"},\"headline\":\"POLO em destaque no mapa mundial da \u00f3ptica\",\"datePublished\":\"2025-09-26T06:00:00+00:00\",\"mainEntityOfPage\":{\"@id\":\"http:\/\/maismagazine.pt\/index.php\/2025\/09\/26\/polo-em-destaque-no-mapa-mundial-da-optica\/\"},\"wordCount\":1138,\"publisher\":{\"@id\":\"https:\/\/maismagazine.pt\/#organization\"},\"image\":{\"@id\":\"http:\/\/maismagazine.pt\/index.php\/2025\/09\/26\/polo-em-destaque-no-mapa-mundial-da-optica\/#primaryimage\"},\"thumbnailUrl\":\"http:\/\/maismagazine.pt\/wp-content\/uploads\/2025\/09\/POLO-Equipa.jpg\",\"keywords\":[\"POLO\"],\"articleSection\":[\"Mundo Empresarial\",\"Sa\u00fade\"],\"inLanguage\":\"pt-PT\"},{\"@type\":\"WebPage\",\"@id\":\"http:\/\/maismagazine.pt\/index.php\/2025\/09\/26\/polo-em-destaque-no-mapa-mundial-da-optica\/\",\"url\":\"http:\/\/maismagazine.pt\/index.php\/2025\/09\/26\/polo-em-destaque-no-mapa-mundial-da-optica\/\",\"name\":\"POLO em destaque no mapa mundial da \u00f3ptica - Mais Magazine\",\"isPartOf\":{\"@id\":\"https:\/\/maismagazine.pt\/#website\"},\"primaryImageOfPage\":{\"@id\":\"http:\/\/maismagazine.pt\/index.php\/2025\/09\/26\/polo-em-destaque-no-mapa-mundial-da-optica\/#primaryimage\"},\"image\":{\"@id\":\"http:\/\/maismagazine.pt\/index.php\/2025\/09\/26\/polo-em-destaque-no-mapa-mundial-da-optica\/#primaryimage\"},\"thumbnailUrl\":\"http:\/\/maismagazine.pt\/wp-content\/uploads\/2025\/09\/POLO-Equipa.jpg\",\"datePublished\":\"2025-09-26T06:00:00+00:00\",\"description\":\"Marta Correia, respons\u00e1vel de marketing da POLO, sublinha que a identidade 100% portuguesa, a aposta na inova\u00e7\u00e3o tecnol\u00f3gica e a valoriza\u00e7\u00e3o da proximidade humana constituem tr\u00eas pilares fundamentais da empresa, hoje reconhecida como uma refer\u00eancia no setor da \u00f3tica.\",\"breadcrumb\":{\"@id\":\"http:\/\/maismagazine.pt\/index.php\/2025\/09\/26\/polo-em-destaque-no-mapa-mundial-da-optica\/#breadcrumb\"},\"inLanguage\":\"pt-PT\",\"potentialAction\":[{\"@type\":\"ReadAction\",\"target\":[\"http:\/\/maismagazine.pt\/index.php\/2025\/09\/26\/polo-em-destaque-no-mapa-mundial-da-optica\/\"]}]},{\"@type\":\"ImageObject\",\"inLanguage\":\"pt-PT\",\"@id\":\"http:\/\/maismagazine.pt\/index.php\/2025\/09\/26\/polo-em-destaque-no-mapa-mundial-da-optica\/#primaryimage\",\"url\":\"http:\/\/maismagazine.pt\/wp-content\/uploads\/2025\/09\/POLO-Equipa.jpg\",\"contentUrl\":\"http:\/\/maismagazine.pt\/wp-content\/uploads\/2025\/09\/POLO-Equipa.jpg\",\"width\":768,\"height\":432},{\"@type\":\"BreadcrumbList\",\"@id\":\"http:\/\/maismagazine.pt\/index.php\/2025\/09\/26\/polo-em-destaque-no-mapa-mundial-da-optica\/#breadcrumb\",\"itemListElement\":[{\"@type\":\"ListItem\",\"position\":1,\"name\":\"Home\",\"item\":\"https:\/\/maismagazine.pt\/\"},{\"@type\":\"ListItem\",\"position\":2,\"name\":\"POLO em destaque no mapa mundial da \u00f3ptica\"}]},{\"@type\":\"WebSite\",\"@id\":\"https:\/\/maismagazine.pt\/#website\",\"url\":\"https:\/\/maismagazine.pt\/\",\"name\":\"Mais Magazine\",\"description\":\"\",\"publisher\":{\"@id\":\"https:\/\/maismagazine.pt\/#organization\"},\"potentialAction\":[{\"@type\":\"SearchAction\",\"target\":{\"@type\":\"EntryPoint\",\"urlTemplate\":\"https:\/\/maismagazine.pt\/?s={search_term_string}\"},\"query-input\":{\"@type\":\"PropertyValueSpecification\",\"valueRequired\":true,\"valueName\":\"search_term_string\"}}],\"inLanguage\":\"pt-PT\"},{\"@type\":\"Organization\",\"@id\":\"https:\/\/maismagazine.pt\/#organization\",\"name\":\"Mais Magazine\",\"url\":\"https:\/\/maismagazine.pt\/\",\"logo\":{\"@type\":\"ImageObject\",\"inLanguage\":\"pt-PT\",\"@id\":\"https:\/\/maismagazine.pt\/#\/schema\/logo\/image\/\",\"url\":\"http:\/\/maismagazine.pt\/wp-content\/uploads\/2020\/04\/cropped-cropped-mais-magazine-site-logo-2.png\",\"contentUrl\":\"http:\/\/maismagazine.pt\/wp-content\/uploads\/2020\/04\/cropped-cropped-mais-magazine-site-logo-2.png\",\"width\":581,\"height\":90,\"caption\":\"Mais Magazine\"},\"image\":{\"@id\":\"https:\/\/maismagazine.pt\/#\/schema\/logo\/image\/\"}},{\"@type\":\"Person\",\"@id\":\"https:\/\/maismagazine.pt\/#\/schema\/person\/c6c5bfccc886434cbd11c74e035f9646\",\"name\":\"Tiago Costa\",\"image\":{\"@type\":\"ImageObject\",\"inLanguage\":\"pt-PT\",\"@id\":\"https:\/\/maismagazine.pt\/#\/schema\/person\/image\/\",\"url\":\"https:\/\/secure.gravatar.com\/avatar\/c599b2bce16c9870429198cbad5ee022?s=96&d=mm&r=g\",\"contentUrl\":\"https:\/\/secure.gravatar.com\/avatar\/c599b2bce16c9870429198cbad5ee022?s=96&d=mm&r=g\",\"caption\":\"Tiago Costa\"},\"url\":\"http:\/\/maismagazine.pt\/index.php\/author\/tiago\/\"}]}<\/script>\n<!-- \/ Yoast SEO plugin. -->","yoast_head_json":{"title":"POLO em destaque no mapa mundial da \u00f3ptica - Mais Magazine","description":"Marta Correia, respons\u00e1vel de marketing da POLO, sublinha que a identidade 100% portuguesa, a aposta na inova\u00e7\u00e3o tecnol\u00f3gica e a valoriza\u00e7\u00e3o da proximidade humana constituem tr\u00eas pilares fundamentais da empresa, hoje reconhecida como uma refer\u00eancia no setor da \u00f3tica.","robots":{"index":"index","follow":"follow","max-snippet":"max-snippet:-1","max-image-preview":"max-image-preview:large","max-video-preview":"max-video-preview:-1"},"canonical":"http:\/\/maismagazine.pt\/index.php\/2025\/09\/26\/polo-em-destaque-no-mapa-mundial-da-optica\/","og_locale":"pt_PT","og_type":"article","og_title":"POLO em destaque no mapa mundial da \u00f3ptica - Mais Magazine","og_description":"Marta Correia, respons\u00e1vel de marketing da POLO, sublinha que a identidade 100% portuguesa, a aposta na inova\u00e7\u00e3o tecnol\u00f3gica e a valoriza\u00e7\u00e3o da proximidade humana constituem tr\u00eas pilares fundamentais da empresa, hoje reconhecida como uma refer\u00eancia no setor da \u00f3tica.","og_url":"http:\/\/maismagazine.pt\/index.php\/2025\/09\/26\/polo-em-destaque-no-mapa-mundial-da-optica\/","og_site_name":"Mais Magazine","article_published_time":"2025-09-26T06:00:00+00:00","og_image":[{"width":768,"height":432,"url":"http:\/\/maismagazine.pt\/wp-content\/uploads\/2025\/09\/POLO-Equipa.jpg","type":"image\/jpeg"}],"author":"Tiago Costa","twitter_card":"summary_large_image","twitter_misc":{"Escrito por":false,"Tempo estimado de leitura":"7 minutos"},"schema":{"@context":"https:\/\/schema.org","@graph":[{"@type":"Article","@id":"http:\/\/maismagazine.pt\/index.php\/2025\/09\/26\/polo-em-destaque-no-mapa-mundial-da-optica\/#article","isPartOf":{"@id":"http:\/\/maismagazine.pt\/index.php\/2025\/09\/26\/polo-em-destaque-no-mapa-mundial-da-optica\/"},"author":{"name":"Tiago Costa","@id":"https:\/\/maismagazine.pt\/#\/schema\/person\/c6c5bfccc886434cbd11c74e035f9646"},"headline":"POLO em destaque no mapa mundial da \u00f3ptica","datePublished":"2025-09-26T06:00:00+00:00","mainEntityOfPage":{"@id":"http:\/\/maismagazine.pt\/index.php\/2025\/09\/26\/polo-em-destaque-no-mapa-mundial-da-optica\/"},"wordCount":1138,"publisher":{"@id":"https:\/\/maismagazine.pt\/#organization"},"image":{"@id":"http:\/\/maismagazine.pt\/index.php\/2025\/09\/26\/polo-em-destaque-no-mapa-mundial-da-optica\/#primaryimage"},"thumbnailUrl":"http:\/\/maismagazine.pt\/wp-content\/uploads\/2025\/09\/POLO-Equipa.jpg","keywords":["POLO"],"articleSection":["Mundo Empresarial","Sa\u00fade"],"inLanguage":"pt-PT"},{"@type":"WebPage","@id":"http:\/\/maismagazine.pt\/index.php\/2025\/09\/26\/polo-em-destaque-no-mapa-mundial-da-optica\/","url":"http:\/\/maismagazine.pt\/index.php\/2025\/09\/26\/polo-em-destaque-no-mapa-mundial-da-optica\/","name":"POLO em destaque no mapa mundial da \u00f3ptica - Mais Magazine","isPartOf":{"@id":"https:\/\/maismagazine.pt\/#website"},"primaryImageOfPage":{"@id":"http:\/\/maismagazine.pt\/index.php\/2025\/09\/26\/polo-em-destaque-no-mapa-mundial-da-optica\/#primaryimage"},"image":{"@id":"http:\/\/maismagazine.pt\/index.php\/2025\/09\/26\/polo-em-destaque-no-mapa-mundial-da-optica\/#primaryimage"},"thumbnailUrl":"http:\/\/maismagazine.pt\/wp-content\/uploads\/2025\/09\/POLO-Equipa.jpg","datePublished":"2025-09-26T06:00:00+00:00","description":"Marta Correia, respons\u00e1vel de marketing da POLO, sublinha que a identidade 100% portuguesa, a aposta na inova\u00e7\u00e3o tecnol\u00f3gica e a valoriza\u00e7\u00e3o da proximidade humana constituem tr\u00eas pilares fundamentais da empresa, hoje reconhecida como uma refer\u00eancia no setor da \u00f3tica.","breadcrumb":{"@id":"http:\/\/maismagazine.pt\/index.php\/2025\/09\/26\/polo-em-destaque-no-mapa-mundial-da-optica\/#breadcrumb"},"inLanguage":"pt-PT","potentialAction":[{"@type":"ReadAction","target":["http:\/\/maismagazine.pt\/index.php\/2025\/09\/26\/polo-em-destaque-no-mapa-mundial-da-optica\/"]}]},{"@type":"ImageObject","inLanguage":"pt-PT","@id":"http:\/\/maismagazine.pt\/index.php\/2025\/09\/26\/polo-em-destaque-no-mapa-mundial-da-optica\/#primaryimage","url":"http:\/\/maismagazine.pt\/wp-content\/uploads\/2025\/09\/POLO-Equipa.jpg","contentUrl":"http:\/\/maismagazine.pt\/wp-content\/uploads\/2025\/09\/POLO-Equipa.jpg","width":768,"height":432},{"@type":"BreadcrumbList","@id":"http:\/\/maismagazine.pt\/index.php\/2025\/09\/26\/polo-em-destaque-no-mapa-mundial-da-optica\/#breadcrumb","itemListElement":[{"@type":"ListItem","position":1,"name":"Home","item":"https:\/\/maismagazine.pt\/"},{"@type":"ListItem","position":2,"name":"POLO em destaque no mapa mundial da \u00f3ptica"}]},{"@type":"WebSite","@id":"https:\/\/maismagazine.pt\/#website","url":"https:\/\/maismagazine.pt\/","name":"Mais Magazine","description":"","publisher":{"@id":"https:\/\/maismagazine.pt\/#organization"},"potentialAction":[{"@type":"SearchAction","target":{"@type":"EntryPoint","urlTemplate":"https:\/\/maismagazine.pt\/?s={search_term_string}"},"query-input":{"@type":"PropertyValueSpecification","valueRequired":true,"valueName":"search_term_string"}}],"inLanguage":"pt-PT"},{"@type":"Organization","@id":"https:\/\/maismagazine.pt\/#organization","name":"Mais Magazine","url":"https:\/\/maismagazine.pt\/","logo":{"@type":"ImageObject","inLanguage":"pt-PT","@id":"https:\/\/maismagazine.pt\/#\/schema\/logo\/image\/","url":"http:\/\/maismagazine.pt\/wp-content\/uploads\/2020\/04\/cropped-cropped-mais-magazine-site-logo-2.png","contentUrl":"http:\/\/maismagazine.pt\/wp-content\/uploads\/2020\/04\/cropped-cropped-mais-magazine-site-logo-2.png","width":581,"height":90,"caption":"Mais Magazine"},"image":{"@id":"https:\/\/maismagazine.pt\/#\/schema\/logo\/image\/"}},{"@type":"Person","@id":"https:\/\/maismagazine.pt\/#\/schema\/person\/c6c5bfccc886434cbd11c74e035f9646","name":"Tiago Costa","image":{"@type":"ImageObject","inLanguage":"pt-PT","@id":"https:\/\/maismagazine.pt\/#\/schema\/person\/image\/","url":"https:\/\/secure.gravatar.com\/avatar\/c599b2bce16c9870429198cbad5ee022?s=96&d=mm&r=g","contentUrl":"https:\/\/secure.gravatar.com\/avatar\/c599b2bce16c9870429198cbad5ee022?s=96&d=mm&r=g","caption":"Tiago Costa"},"url":"http:\/\/maismagazine.pt\/index.php\/author\/tiago\/"}]}},"author_meta":{"display_name":false,"author_link":"http:\/\/maismagazine.pt\/index.php\/author\/tiago\/"},"featured_img":"http:\/\/maismagazine.pt\/wp-content\/uploads\/2025\/09\/POLO-Equipa-300x169.jpg","coauthors":[],"tax_additional":{"categories":{"linked":["<a href=\"http:\/\/maismagazine.pt\/index.php\/category\/mundo-empresarial\/\" class=\"advgb-post-tax-term\">Mundo Empresarial<\/a>","<a href=\"http:\/\/maismagazine.pt\/index.php\/category\/mundo-empresarial\/saude\/\" class=\"advgb-post-tax-term\">Sa\u00fade<\/a>"],"unlinked":["<span class=\"advgb-post-tax-term\">Mundo Empresarial<\/span>","<span class=\"advgb-post-tax-term\">Sa\u00fade<\/span>"]},"tags":{"linked":["<a href=\"http:\/\/maismagazine.pt\/index.php\/category\/mundo-empresarial\/saude\/\" class=\"advgb-post-tax-term\">POLO<\/a>"],"unlinked":["<span class=\"advgb-post-tax-term\">POLO<\/span>"]}},"comment_count":"0","relative_dates":{"created":"Posted 7 meses ago","modified":"Updated 7 meses ago"},"absolute_dates":{"created":"Posted on 26 de Setembro, 2025","modified":"Updated on 25 de Setembro, 2025"},"absolute_dates_time":{"created":"Posted on 26 de Setembro, 2025 7:00","modified":"Updated on 25 de Setembro, 2025 10:12"},"featured_img_caption":"","series_order":"","_links":{"self":[{"href":"http:\/\/maismagazine.pt\/index.php\/wp-json\/wp\/v2\/posts\/12744","targetHints":{"allow":["GET"]}}],"collection":[{"href":"http:\/\/maismagazine.pt\/index.php\/wp-json\/wp\/v2\/posts"}],"about":[{"href":"http:\/\/maismagazine.pt\/index.php\/wp-json\/wp\/v2\/types\/post"}],"author":[{"embeddable":true,"href":"http:\/\/maismagazine.pt\/index.php\/wp-json\/wp\/v2\/users\/17"}],"replies":[{"embeddable":true,"href":"http:\/\/maismagazine.pt\/index.php\/wp-json\/wp\/v2\/comments?post=12744"}],"version-history":[{"count":2,"href":"http:\/\/maismagazine.pt\/index.php\/wp-json\/wp\/v2\/posts\/12744\/revisions"}],"predecessor-version":[{"id":12752,"href":"http:\/\/maismagazine.pt\/index.php\/wp-json\/wp\/v2\/posts\/12744\/revisions\/12752"}],"wp:featuredmedia":[{"embeddable":true,"href":"http:\/\/maismagazine.pt\/index.php\/wp-json\/wp\/v2\/media\/12750"}],"wp:attachment":[{"href":"http:\/\/maismagazine.pt\/index.php\/wp-json\/wp\/v2\/media?parent=12744"}],"wp:term":[{"taxonomy":"category","embeddable":true,"href":"http:\/\/maismagazine.pt\/index.php\/wp-json\/wp\/v2\/categories?post=12744"},{"taxonomy":"post_tag","embeddable":true,"href":"http:\/\/maismagazine.pt\/index.php\/wp-json\/wp\/v2\/tags?post=12744"}],"curies":[{"name":"wp","href":"https:\/\/api.w.org\/{rel}","templated":true}]}}