{"id":12735,"date":"2025-09-26T07:00:00","date_gmt":"2025-09-26T06:00:00","guid":{"rendered":"https:\/\/maismagazine.pt\/?p=12735"},"modified":"2025-09-24T10:26:33","modified_gmt":"2025-09-24T09:26:33","slug":"a-importancia-de-uma-optica-de-confianca-para-a-saude-visual","status":"publish","type":"post","link":"http:\/\/maismagazine.pt\/index.php\/2025\/09\/26\/a-importancia-de-uma-optica-de-confianca-para-a-saude-visual\/","title":{"rendered":"A import\u00e2ncia de uma \u00f3ptica de confian\u00e7a para a sa\u00fade visual"},"content":{"rendered":"\n<p>A vis\u00e3o \u00e9 o nosso principal elo com o mundo: cerca de 80% das informa\u00e7\u00f5es que recebemos v\u00eam atrav\u00e9s da vis\u00e3o. Por isso, o que parece ser uma simples escolha de \u00f3culos ou lentes exige um cuidado extremo. Com a aproxima\u00e7\u00e3o da celebra\u00e7\u00e3o do Dia Mundial da Vis\u00e3o \u2013 que se comemora a 9 de outubro \u2013 \u00e9 essencial que perceba a import\u00e2ncia da qualidade dos produtos \u00f3ticos para uma boa sa\u00fade visual.  <\/p>\n\n\n\n<p><\/p>\n\n\n\n<p>Entende-se que, atualmente, a conveni\u00eancia de comprar online e a pre\u00e7os baixos \u00e9 sedutora, mas tal n\u00e3o se pode sobrepor \u00e0 seguran\u00e7a e ao profissionalismo que as \u00f3pticas oferecem. <\/p>\n\n\n\n<p><\/p>\n\n\n\n<p>Sublinho que os \u00f3culos, constitu\u00eddos por arma\u00e7\u00e3o e lentes oft\u00e1lmicas, representam a adapta\u00e7\u00e3o de tr\u00eas dispositivos m\u00e9dicos que, como tal, s\u00e3o fabricados em laborat\u00f3rios especializados e indicados para uma adapta\u00e7\u00e3o individualizada, de acordo com uma prescri\u00e7\u00e3o optom\u00e9trica\/oftalmol\u00f3gica, respeitando as prefer\u00eancias, exig\u00eancias e as necessidades do utente. E \u00e9 aqui que entra a import\u00e2ncia de relevar as quatro principais val\u00eancias de uma \u00d3ptica, em especial dos estabelecimentos \u00d3PT \u2013 \u00d3pticos Portugueses, lojas associadas da Associa\u00e7\u00e3o Nacional dos \u00d3pticos (ANO): confian\u00e7a, forma\u00e7\u00e3o t\u00e9cnica, tecnologia e acompanhamento especializado.  <\/p>\n\n\n\n<p><\/p>\n\n\n\n<p>Optar por uma \u00d3ptica de confian\u00e7a \u00e9 ter a certeza que conta com os profissionais mais qualificados, a tecnologia mais avan\u00e7ada e que tem a garantia de que todas as normas est\u00e3o a ser cumpridas para potenciar n\u00e3o s\u00f3 um servi\u00e7o comercial como um ato de sa\u00fade. <\/p>\n\n\n\n<p><\/p>\n\n\n\n<p>Al\u00e9m disso, os estabelecimentos \u00d3PT disp\u00f5em ainda de servi\u00e7os de aconselhamento t\u00e9cnico e est\u00e9tico, bem como de atendimento personalizado e assist\u00eancia p\u00f3s-venda. Este \u00faltimo ponto \u00e9 de extrema import\u00e2ncia para o consumidor final, n\u00e3o s\u00f3 pela garantia do produto, mas pelo necess\u00e1rio acompanhamento profissional e t\u00e9cnico t\u00e3o necess\u00e1rios nas \u00e1reas da \u00d3ptica e da sa\u00fade da vis\u00e3o. <\/p>\n\n\n\n<p><\/p>\n\n\n\n<p>E n\u00e3o \u00e9 s\u00f3 nas lentes oft\u00e1lmicas que \u00e9 importante pensar na qualidade. Falemos nos \u00f3culos de sol. Aposto que j\u00e1 viu estes artigos \u00e0 venda em bombas de gasolina, livrarias, lojas de roupa, bijuteria e at\u00e9 na rua. Pense comigo: acha que s\u00e3o locais indicados para vender um equipamento de prote\u00e7\u00e3o individual (EPI)? Os \u00f3culos de sol vendidos fora do canal da \u00d3ptica raramente respeitam as normas de certifica\u00e7\u00e3o da Uni\u00e3o Europeia. Apresentam, muitas vezes, defeitos de fabrico, aberra\u00e7\u00f5es \u00f3pticas e materiais de m\u00e1 qualidade. As consequ\u00eancias mais comuns e imediatas sentidas por algu\u00e9m que use uns \u00f3culos com m\u00e1 qualidade s\u00e3o: dores de cabe\u00e7a, tonturas, sensa\u00e7\u00e3o de vis\u00e3o alterada e at\u00e9 desconforto facial. A longo prazo, as consequ\u00eancias poder\u00e3o ser bem mais graves, como desenvolvimento precoce de cataratas, degenera\u00e7\u00e3o macular relacionada com a idade (DMRI), e at\u00e9 cegueira, em casos extremos. Isto porque as lentes sem prote\u00e7\u00e3o s\u00e3o piores do que n\u00e3o usar qualquer filtro. O escurecimento da lente sem prote\u00e7\u00e3o provoca a dilata\u00e7\u00e3o da pupila, permitindo uma maior penetra\u00e7\u00e3o de radia\u00e7\u00e3o nos olhos, originando danos no cristalino e na retina. <\/p>\n\n\n\n<p><\/p>\n\n\n\n<p>Adquira artigos de sa\u00fade visual apenas em \u00d3pticas porque&#8230; a import\u00e2ncia de uma \u00f3ptica de confian\u00e7a v\u00ea-se nos seus olhos!  <\/p>\n\n\n\n<p><\/p>\n\n\n\n<p class=\"has-text-align-right\"><em>Jos\u00e9 Carlos Cardoso, Presidente da Direc\u00e7\u00e3o da Associa\u00e7\u00e3o Nacional dos \u00d3pticos (ANO)<\/em><\/p>\n\n\n\n<p class=\"has-text-align-right\"><\/p>\n\n\n<div class=\"wp-block-image\">\n<figure class=\"aligncenter size-full is-resized\"><img loading=\"lazy\" decoding=\"async\" width=\"720\" height=\"720\" src=\"https:\/\/maismagazine.pt\/wp-content\/uploads\/2025\/09\/443840884_827923322705612_969089556566177575_n.jpg\" alt=\"\" class=\"wp-image-12736\" style=\"width:222px;height:auto\" srcset=\"http:\/\/maismagazine.pt\/wp-content\/uploads\/2025\/09\/443840884_827923322705612_969089556566177575_n.jpg 720w, http:\/\/maismagazine.pt\/wp-content\/uploads\/2025\/09\/443840884_827923322705612_969089556566177575_n-300x300.jpg 300w, http:\/\/maismagazine.pt\/wp-content\/uploads\/2025\/09\/443840884_827923322705612_969089556566177575_n-150x150.jpg 150w\" sizes=\"auto, (max-width: 720px) 100vw, 720px\" \/><\/figure><\/div>","protected":false},"excerpt":{"rendered":"<p>A vis\u00e3o \u00e9 o nosso principal elo com o mundo: cerca de 80% das informa\u00e7\u00f5es que recebemos v\u00eam atrav\u00e9s da vis\u00e3o. Por isso, o que parece ser uma simples escolha de \u00f3culos ou lentes exige um cuidado extremo. Com a aproxima\u00e7\u00e3o da celebra\u00e7\u00e3o do Dia Mundial da Vis\u00e3o \u2013 que&hellip;<\/p>\n","protected":false},"author":17,"featured_media":12737,"comment_status":"closed","ping_status":"open","sticky":false,"template":"","format":"standard","meta":{"advgb_blocks_editor_width":"","advgb_blocks_columns_visual_guide":"","_monsterinsights_skip_tracking":false,"_monsterinsights_sitenote_active":false,"_monsterinsights_sitenote_note":"","_monsterinsights_sitenote_category":0,"footnotes":""},"categories":[52,51,313],"tags":[2450],"class_list":["post-12735","post","type-post","status-publish","format-standard","has-post-thumbnail","hentry","category-destaque","category-opiniao","category-saude","tag-ano"],"yoast_head":"<!-- This site is optimized with the Yoast SEO plugin v24.4 - https:\/\/yoast.com\/wordpress\/plugins\/seo\/ -->\n<title>A import\u00e2ncia de uma \u00f3ptica de confian\u00e7a para a sa\u00fade visual - Mais Magazine<\/title>\n<meta name=\"description\" content=\"A vis\u00e3o \u00e9 o nosso principal elo com o mundo: cerca de 80% das informa\u00e7\u00f5es que recebemos v\u00eam atrav\u00e9s da vis\u00e3o. Por isso, o que parece ser uma simples escolha de \u00f3culos ou lentes exige um cuidado extremo. Com a aproxima\u00e7\u00e3o da celebra\u00e7\u00e3o do Dia Mundial da Vis\u00e3o \u2013 que se comemora a 9 de outubro \u2013 \u00e9 essencial que perceba a import\u00e2ncia da qualidade dos produtos \u00f3ticos para uma boa sa\u00fade visual.\" \/>\n<meta name=\"robots\" content=\"index, follow, max-snippet:-1, max-image-preview:large, max-video-preview:-1\" \/>\n<link rel=\"canonical\" href=\"http:\/\/maismagazine.pt\/index.php\/2025\/09\/26\/a-importancia-de-uma-optica-de-confianca-para-a-saude-visual\/\" \/>\n<meta property=\"og:locale\" content=\"pt_PT\" \/>\n<meta property=\"og:type\" content=\"article\" \/>\n<meta property=\"og:title\" content=\"A import\u00e2ncia de uma \u00f3ptica de confian\u00e7a para a sa\u00fade visual - Mais Magazine\" \/>\n<meta property=\"og:description\" content=\"A vis\u00e3o \u00e9 o nosso principal elo com o mundo: cerca de 80% das informa\u00e7\u00f5es que recebemos v\u00eam atrav\u00e9s da vis\u00e3o. Por isso, o que parece ser uma simples escolha de \u00f3culos ou lentes exige um cuidado extremo. Com a aproxima\u00e7\u00e3o da celebra\u00e7\u00e3o do Dia Mundial da Vis\u00e3o \u2013 que se comemora a 9 de outubro \u2013 \u00e9 essencial que perceba a import\u00e2ncia da qualidade dos produtos \u00f3ticos para uma boa sa\u00fade visual.\" \/>\n<meta property=\"og:url\" content=\"http:\/\/maismagazine.pt\/index.php\/2025\/09\/26\/a-importancia-de-uma-optica-de-confianca-para-a-saude-visual\/\" \/>\n<meta property=\"og:site_name\" content=\"Mais Magazine\" \/>\n<meta property=\"article:published_time\" content=\"2025-09-26T06:00:00+00:00\" \/>\n<meta property=\"og:image\" content=\"http:\/\/maismagazine.pt\/wp-content\/uploads\/2025\/09\/Jose-Carlos-Cardoso-Presidente-Direccao-ANO.jpg\" \/>\n\t<meta property=\"og:image:width\" content=\"518\" \/>\n\t<meta property=\"og:image:height\" content=\"562\" \/>\n\t<meta property=\"og:image:type\" content=\"image\/jpeg\" \/>\n<meta name=\"author\" content=\"Tiago Costa\" \/>\n<meta name=\"twitter:card\" content=\"summary_large_image\" \/>\n<meta name=\"twitter:label1\" content=\"Escrito por\" \/>\n\t<meta name=\"twitter:data1\" content=\"\" \/>\n\t<meta name=\"twitter:label2\" content=\"Tempo estimado de leitura\" \/>\n\t<meta name=\"twitter:data2\" content=\"4 minutos\" \/>\n<script type=\"application\/ld+json\" class=\"yoast-schema-graph\">{\"@context\":\"https:\/\/schema.org\",\"@graph\":[{\"@type\":\"Article\",\"@id\":\"http:\/\/maismagazine.pt\/index.php\/2025\/09\/26\/a-importancia-de-uma-optica-de-confianca-para-a-saude-visual\/#article\",\"isPartOf\":{\"@id\":\"http:\/\/maismagazine.pt\/index.php\/2025\/09\/26\/a-importancia-de-uma-optica-de-confianca-para-a-saude-visual\/\"},\"author\":{\"name\":\"Tiago Costa\",\"@id\":\"https:\/\/maismagazine.pt\/#\/schema\/person\/c6c5bfccc886434cbd11c74e035f9646\"},\"headline\":\"A import\u00e2ncia de uma \u00f3ptica de confian\u00e7a para a sa\u00fade visual\",\"datePublished\":\"2025-09-26T06:00:00+00:00\",\"mainEntityOfPage\":{\"@id\":\"http:\/\/maismagazine.pt\/index.php\/2025\/09\/26\/a-importancia-de-uma-optica-de-confianca-para-a-saude-visual\/\"},\"wordCount\":590,\"publisher\":{\"@id\":\"https:\/\/maismagazine.pt\/#organization\"},\"image\":{\"@id\":\"http:\/\/maismagazine.pt\/index.php\/2025\/09\/26\/a-importancia-de-uma-optica-de-confianca-para-a-saude-visual\/#primaryimage\"},\"thumbnailUrl\":\"http:\/\/maismagazine.pt\/wp-content\/uploads\/2025\/09\/Jose-Carlos-Cardoso-Presidente-Direccao-ANO.jpg\",\"keywords\":[\"ANO\"],\"articleSection\":[\"Destaque lateral\",\"Opini\u00e3o\",\"Sa\u00fade\"],\"inLanguage\":\"pt-PT\"},{\"@type\":\"WebPage\",\"@id\":\"http:\/\/maismagazine.pt\/index.php\/2025\/09\/26\/a-importancia-de-uma-optica-de-confianca-para-a-saude-visual\/\",\"url\":\"http:\/\/maismagazine.pt\/index.php\/2025\/09\/26\/a-importancia-de-uma-optica-de-confianca-para-a-saude-visual\/\",\"name\":\"A import\u00e2ncia de uma \u00f3ptica de confian\u00e7a para a sa\u00fade visual - Mais Magazine\",\"isPartOf\":{\"@id\":\"https:\/\/maismagazine.pt\/#website\"},\"primaryImageOfPage\":{\"@id\":\"http:\/\/maismagazine.pt\/index.php\/2025\/09\/26\/a-importancia-de-uma-optica-de-confianca-para-a-saude-visual\/#primaryimage\"},\"image\":{\"@id\":\"http:\/\/maismagazine.pt\/index.php\/2025\/09\/26\/a-importancia-de-uma-optica-de-confianca-para-a-saude-visual\/#primaryimage\"},\"thumbnailUrl\":\"http:\/\/maismagazine.pt\/wp-content\/uploads\/2025\/09\/Jose-Carlos-Cardoso-Presidente-Direccao-ANO.jpg\",\"datePublished\":\"2025-09-26T06:00:00+00:00\",\"description\":\"A vis\u00e3o \u00e9 o nosso principal elo com o mundo: cerca de 80% das informa\u00e7\u00f5es que recebemos v\u00eam atrav\u00e9s da vis\u00e3o. Por isso, o que parece ser uma simples escolha de \u00f3culos ou lentes exige um cuidado extremo. Com a aproxima\u00e7\u00e3o da celebra\u00e7\u00e3o do Dia Mundial da Vis\u00e3o \u2013 que se comemora a 9 de outubro \u2013 \u00e9 essencial que perceba a import\u00e2ncia da qualidade dos produtos \u00f3ticos para uma boa sa\u00fade visual.\",\"breadcrumb\":{\"@id\":\"http:\/\/maismagazine.pt\/index.php\/2025\/09\/26\/a-importancia-de-uma-optica-de-confianca-para-a-saude-visual\/#breadcrumb\"},\"inLanguage\":\"pt-PT\",\"potentialAction\":[{\"@type\":\"ReadAction\",\"target\":[\"http:\/\/maismagazine.pt\/index.php\/2025\/09\/26\/a-importancia-de-uma-optica-de-confianca-para-a-saude-visual\/\"]}]},{\"@type\":\"ImageObject\",\"inLanguage\":\"pt-PT\",\"@id\":\"http:\/\/maismagazine.pt\/index.php\/2025\/09\/26\/a-importancia-de-uma-optica-de-confianca-para-a-saude-visual\/#primaryimage\",\"url\":\"http:\/\/maismagazine.pt\/wp-content\/uploads\/2025\/09\/Jose-Carlos-Cardoso-Presidente-Direccao-ANO.jpg\",\"contentUrl\":\"http:\/\/maismagazine.pt\/wp-content\/uploads\/2025\/09\/Jose-Carlos-Cardoso-Presidente-Direccao-ANO.jpg\",\"width\":518,\"height\":562},{\"@type\":\"BreadcrumbList\",\"@id\":\"http:\/\/maismagazine.pt\/index.php\/2025\/09\/26\/a-importancia-de-uma-optica-de-confianca-para-a-saude-visual\/#breadcrumb\",\"itemListElement\":[{\"@type\":\"ListItem\",\"position\":1,\"name\":\"Home\",\"item\":\"https:\/\/maismagazine.pt\/\"},{\"@type\":\"ListItem\",\"position\":2,\"name\":\"A import\u00e2ncia de uma \u00f3ptica de confian\u00e7a para a sa\u00fade visual\"}]},{\"@type\":\"WebSite\",\"@id\":\"https:\/\/maismagazine.pt\/#website\",\"url\":\"https:\/\/maismagazine.pt\/\",\"name\":\"Mais Magazine\",\"description\":\"\",\"publisher\":{\"@id\":\"https:\/\/maismagazine.pt\/#organization\"},\"potentialAction\":[{\"@type\":\"SearchAction\",\"target\":{\"@type\":\"EntryPoint\",\"urlTemplate\":\"https:\/\/maismagazine.pt\/?s={search_term_string}\"},\"query-input\":{\"@type\":\"PropertyValueSpecification\",\"valueRequired\":true,\"valueName\":\"search_term_string\"}}],\"inLanguage\":\"pt-PT\"},{\"@type\":\"Organization\",\"@id\":\"https:\/\/maismagazine.pt\/#organization\",\"name\":\"Mais Magazine\",\"url\":\"https:\/\/maismagazine.pt\/\",\"logo\":{\"@type\":\"ImageObject\",\"inLanguage\":\"pt-PT\",\"@id\":\"https:\/\/maismagazine.pt\/#\/schema\/logo\/image\/\",\"url\":\"http:\/\/maismagazine.pt\/wp-content\/uploads\/2020\/04\/cropped-cropped-mais-magazine-site-logo-2.png\",\"contentUrl\":\"http:\/\/maismagazine.pt\/wp-content\/uploads\/2020\/04\/cropped-cropped-mais-magazine-site-logo-2.png\",\"width\":581,\"height\":90,\"caption\":\"Mais Magazine\"},\"image\":{\"@id\":\"https:\/\/maismagazine.pt\/#\/schema\/logo\/image\/\"}},{\"@type\":\"Person\",\"@id\":\"https:\/\/maismagazine.pt\/#\/schema\/person\/c6c5bfccc886434cbd11c74e035f9646\",\"name\":\"Tiago Costa\",\"image\":{\"@type\":\"ImageObject\",\"inLanguage\":\"pt-PT\",\"@id\":\"https:\/\/maismagazine.pt\/#\/schema\/person\/image\/\",\"url\":\"https:\/\/secure.gravatar.com\/avatar\/c599b2bce16c9870429198cbad5ee022?s=96&d=mm&r=g\",\"contentUrl\":\"https:\/\/secure.gravatar.com\/avatar\/c599b2bce16c9870429198cbad5ee022?s=96&d=mm&r=g\",\"caption\":\"Tiago Costa\"},\"url\":\"http:\/\/maismagazine.pt\/index.php\/author\/tiago\/\"}]}<\/script>\n<!-- \/ Yoast SEO plugin. -->","yoast_head_json":{"title":"A import\u00e2ncia de uma \u00f3ptica de confian\u00e7a para a sa\u00fade visual - Mais Magazine","description":"A vis\u00e3o \u00e9 o nosso principal elo com o mundo: cerca de 80% das informa\u00e7\u00f5es que recebemos v\u00eam atrav\u00e9s da vis\u00e3o. Por isso, o que parece ser uma simples escolha de \u00f3culos ou lentes exige um cuidado extremo. Com a aproxima\u00e7\u00e3o da celebra\u00e7\u00e3o do Dia Mundial da Vis\u00e3o \u2013 que se comemora a 9 de outubro \u2013 \u00e9 essencial que perceba a import\u00e2ncia da qualidade dos produtos \u00f3ticos para uma boa sa\u00fade visual.","robots":{"index":"index","follow":"follow","max-snippet":"max-snippet:-1","max-image-preview":"max-image-preview:large","max-video-preview":"max-video-preview:-1"},"canonical":"http:\/\/maismagazine.pt\/index.php\/2025\/09\/26\/a-importancia-de-uma-optica-de-confianca-para-a-saude-visual\/","og_locale":"pt_PT","og_type":"article","og_title":"A import\u00e2ncia de uma \u00f3ptica de confian\u00e7a para a sa\u00fade visual - Mais Magazine","og_description":"A vis\u00e3o \u00e9 o nosso principal elo com o mundo: cerca de 80% das informa\u00e7\u00f5es que recebemos v\u00eam atrav\u00e9s da vis\u00e3o. Por isso, o que parece ser uma simples escolha de \u00f3culos ou lentes exige um cuidado extremo. Com a aproxima\u00e7\u00e3o da celebra\u00e7\u00e3o do Dia Mundial da Vis\u00e3o \u2013 que se comemora a 9 de outubro \u2013 \u00e9 essencial que perceba a import\u00e2ncia da qualidade dos produtos \u00f3ticos para uma boa sa\u00fade visual.","og_url":"http:\/\/maismagazine.pt\/index.php\/2025\/09\/26\/a-importancia-de-uma-optica-de-confianca-para-a-saude-visual\/","og_site_name":"Mais Magazine","article_published_time":"2025-09-26T06:00:00+00:00","og_image":[{"width":518,"height":562,"url":"http:\/\/maismagazine.pt\/wp-content\/uploads\/2025\/09\/Jose-Carlos-Cardoso-Presidente-Direccao-ANO.jpg","type":"image\/jpeg"}],"author":"Tiago Costa","twitter_card":"summary_large_image","twitter_misc":{"Escrito por":false,"Tempo estimado de leitura":"4 minutos"},"schema":{"@context":"https:\/\/schema.org","@graph":[{"@type":"Article","@id":"http:\/\/maismagazine.pt\/index.php\/2025\/09\/26\/a-importancia-de-uma-optica-de-confianca-para-a-saude-visual\/#article","isPartOf":{"@id":"http:\/\/maismagazine.pt\/index.php\/2025\/09\/26\/a-importancia-de-uma-optica-de-confianca-para-a-saude-visual\/"},"author":{"name":"Tiago Costa","@id":"https:\/\/maismagazine.pt\/#\/schema\/person\/c6c5bfccc886434cbd11c74e035f9646"},"headline":"A import\u00e2ncia de uma \u00f3ptica de confian\u00e7a para a sa\u00fade visual","datePublished":"2025-09-26T06:00:00+00:00","mainEntityOfPage":{"@id":"http:\/\/maismagazine.pt\/index.php\/2025\/09\/26\/a-importancia-de-uma-optica-de-confianca-para-a-saude-visual\/"},"wordCount":590,"publisher":{"@id":"https:\/\/maismagazine.pt\/#organization"},"image":{"@id":"http:\/\/maismagazine.pt\/index.php\/2025\/09\/26\/a-importancia-de-uma-optica-de-confianca-para-a-saude-visual\/#primaryimage"},"thumbnailUrl":"http:\/\/maismagazine.pt\/wp-content\/uploads\/2025\/09\/Jose-Carlos-Cardoso-Presidente-Direccao-ANO.jpg","keywords":["ANO"],"articleSection":["Destaque lateral","Opini\u00e3o","Sa\u00fade"],"inLanguage":"pt-PT"},{"@type":"WebPage","@id":"http:\/\/maismagazine.pt\/index.php\/2025\/09\/26\/a-importancia-de-uma-optica-de-confianca-para-a-saude-visual\/","url":"http:\/\/maismagazine.pt\/index.php\/2025\/09\/26\/a-importancia-de-uma-optica-de-confianca-para-a-saude-visual\/","name":"A import\u00e2ncia de uma \u00f3ptica de confian\u00e7a para a sa\u00fade visual - Mais Magazine","isPartOf":{"@id":"https:\/\/maismagazine.pt\/#website"},"primaryImageOfPage":{"@id":"http:\/\/maismagazine.pt\/index.php\/2025\/09\/26\/a-importancia-de-uma-optica-de-confianca-para-a-saude-visual\/#primaryimage"},"image":{"@id":"http:\/\/maismagazine.pt\/index.php\/2025\/09\/26\/a-importancia-de-uma-optica-de-confianca-para-a-saude-visual\/#primaryimage"},"thumbnailUrl":"http:\/\/maismagazine.pt\/wp-content\/uploads\/2025\/09\/Jose-Carlos-Cardoso-Presidente-Direccao-ANO.jpg","datePublished":"2025-09-26T06:00:00+00:00","description":"A vis\u00e3o \u00e9 o nosso principal elo com o mundo: cerca de 80% das informa\u00e7\u00f5es que recebemos v\u00eam atrav\u00e9s da vis\u00e3o. Por isso, o que parece ser uma simples escolha de \u00f3culos ou lentes exige um cuidado extremo. Com a aproxima\u00e7\u00e3o da celebra\u00e7\u00e3o do Dia Mundial da Vis\u00e3o \u2013 que se comemora a 9 de outubro \u2013 \u00e9 essencial que perceba a import\u00e2ncia da qualidade dos produtos \u00f3ticos para uma boa sa\u00fade visual.","breadcrumb":{"@id":"http:\/\/maismagazine.pt\/index.php\/2025\/09\/26\/a-importancia-de-uma-optica-de-confianca-para-a-saude-visual\/#breadcrumb"},"inLanguage":"pt-PT","potentialAction":[{"@type":"ReadAction","target":["http:\/\/maismagazine.pt\/index.php\/2025\/09\/26\/a-importancia-de-uma-optica-de-confianca-para-a-saude-visual\/"]}]},{"@type":"ImageObject","inLanguage":"pt-PT","@id":"http:\/\/maismagazine.pt\/index.php\/2025\/09\/26\/a-importancia-de-uma-optica-de-confianca-para-a-saude-visual\/#primaryimage","url":"http:\/\/maismagazine.pt\/wp-content\/uploads\/2025\/09\/Jose-Carlos-Cardoso-Presidente-Direccao-ANO.jpg","contentUrl":"http:\/\/maismagazine.pt\/wp-content\/uploads\/2025\/09\/Jose-Carlos-Cardoso-Presidente-Direccao-ANO.jpg","width":518,"height":562},{"@type":"BreadcrumbList","@id":"http:\/\/maismagazine.pt\/index.php\/2025\/09\/26\/a-importancia-de-uma-optica-de-confianca-para-a-saude-visual\/#breadcrumb","itemListElement":[{"@type":"ListItem","position":1,"name":"Home","item":"https:\/\/maismagazine.pt\/"},{"@type":"ListItem","position":2,"name":"A import\u00e2ncia de uma \u00f3ptica de confian\u00e7a para a sa\u00fade visual"}]},{"@type":"WebSite","@id":"https:\/\/maismagazine.pt\/#website","url":"https:\/\/maismagazine.pt\/","name":"Mais Magazine","description":"","publisher":{"@id":"https:\/\/maismagazine.pt\/#organization"},"potentialAction":[{"@type":"SearchAction","target":{"@type":"EntryPoint","urlTemplate":"https:\/\/maismagazine.pt\/?s={search_term_string}"},"query-input":{"@type":"PropertyValueSpecification","valueRequired":true,"valueName":"search_term_string"}}],"inLanguage":"pt-PT"},{"@type":"Organization","@id":"https:\/\/maismagazine.pt\/#organization","name":"Mais Magazine","url":"https:\/\/maismagazine.pt\/","logo":{"@type":"ImageObject","inLanguage":"pt-PT","@id":"https:\/\/maismagazine.pt\/#\/schema\/logo\/image\/","url":"http:\/\/maismagazine.pt\/wp-content\/uploads\/2020\/04\/cropped-cropped-mais-magazine-site-logo-2.png","contentUrl":"http:\/\/maismagazine.pt\/wp-content\/uploads\/2020\/04\/cropped-cropped-mais-magazine-site-logo-2.png","width":581,"height":90,"caption":"Mais Magazine"},"image":{"@id":"https:\/\/maismagazine.pt\/#\/schema\/logo\/image\/"}},{"@type":"Person","@id":"https:\/\/maismagazine.pt\/#\/schema\/person\/c6c5bfccc886434cbd11c74e035f9646","name":"Tiago Costa","image":{"@type":"ImageObject","inLanguage":"pt-PT","@id":"https:\/\/maismagazine.pt\/#\/schema\/person\/image\/","url":"https:\/\/secure.gravatar.com\/avatar\/c599b2bce16c9870429198cbad5ee022?s=96&d=mm&r=g","contentUrl":"https:\/\/secure.gravatar.com\/avatar\/c599b2bce16c9870429198cbad5ee022?s=96&d=mm&r=g","caption":"Tiago Costa"},"url":"http:\/\/maismagazine.pt\/index.php\/author\/tiago\/"}]}},"author_meta":{"display_name":false,"author_link":"http:\/\/maismagazine.pt\/index.php\/author\/tiago\/"},"featured_img":"http:\/\/maismagazine.pt\/wp-content\/uploads\/2025\/09\/Jose-Carlos-Cardoso-Presidente-Direccao-ANO-277x300.jpg","coauthors":[],"tax_additional":{"categories":{"linked":["<a href=\"http:\/\/maismagazine.pt\/index.php\/category\/destaque\/\" class=\"advgb-post-tax-term\">Destaque lateral<\/a>","<a href=\"http:\/\/maismagazine.pt\/index.php\/category\/noticias\/opiniao\/\" class=\"advgb-post-tax-term\">Opini\u00e3o<\/a>","<a href=\"http:\/\/maismagazine.pt\/index.php\/category\/mundo-empresarial\/saude\/\" class=\"advgb-post-tax-term\">Sa\u00fade<\/a>"],"unlinked":["<span class=\"advgb-post-tax-term\">Destaque lateral<\/span>","<span class=\"advgb-post-tax-term\">Opini\u00e3o<\/span>","<span class=\"advgb-post-tax-term\">Sa\u00fade<\/span>"]},"tags":{"linked":["<a href=\"http:\/\/maismagazine.pt\/index.php\/category\/mundo-empresarial\/saude\/\" class=\"advgb-post-tax-term\">ANO<\/a>"],"unlinked":["<span class=\"advgb-post-tax-term\">ANO<\/span>"]}},"comment_count":"0","relative_dates":{"created":"Posted 7 meses ago","modified":"Updated 7 meses ago"},"absolute_dates":{"created":"Posted on 26 de Setembro, 2025","modified":"Updated on 24 de Setembro, 2025"},"absolute_dates_time":{"created":"Posted on 26 de Setembro, 2025 7:00","modified":"Updated on 24 de Setembro, 2025 10:26"},"featured_img_caption":"","series_order":"","_links":{"self":[{"href":"http:\/\/maismagazine.pt\/index.php\/wp-json\/wp\/v2\/posts\/12735","targetHints":{"allow":["GET"]}}],"collection":[{"href":"http:\/\/maismagazine.pt\/index.php\/wp-json\/wp\/v2\/posts"}],"about":[{"href":"http:\/\/maismagazine.pt\/index.php\/wp-json\/wp\/v2\/types\/post"}],"author":[{"embeddable":true,"href":"http:\/\/maismagazine.pt\/index.php\/wp-json\/wp\/v2\/users\/17"}],"replies":[{"embeddable":true,"href":"http:\/\/maismagazine.pt\/index.php\/wp-json\/wp\/v2\/comments?post=12735"}],"version-history":[{"count":1,"href":"http:\/\/maismagazine.pt\/index.php\/wp-json\/wp\/v2\/posts\/12735\/revisions"}],"predecessor-version":[{"id":12738,"href":"http:\/\/maismagazine.pt\/index.php\/wp-json\/wp\/v2\/posts\/12735\/revisions\/12738"}],"wp:featuredmedia":[{"embeddable":true,"href":"http:\/\/maismagazine.pt\/index.php\/wp-json\/wp\/v2\/media\/12737"}],"wp:attachment":[{"href":"http:\/\/maismagazine.pt\/index.php\/wp-json\/wp\/v2\/media?parent=12735"}],"wp:term":[{"taxonomy":"category","embeddable":true,"href":"http:\/\/maismagazine.pt\/index.php\/wp-json\/wp\/v2\/categories?post=12735"},{"taxonomy":"post_tag","embeddable":true,"href":"http:\/\/maismagazine.pt\/index.php\/wp-json\/wp\/v2\/tags?post=12735"}],"curies":[{"name":"wp","href":"https:\/\/api.w.org\/{rel}","templated":true}]}}