{"id":12729,"date":"2025-09-26T07:00:00","date_gmt":"2025-09-26T06:00:00","guid":{"rendered":"https:\/\/maismagazine.pt\/?p=12729"},"modified":"2025-09-24T10:21:14","modified_gmt":"2025-09-24T09:21:14","slug":"o-cantinho-dos-amigos-educar-para-a-vida-transformar-o-futuro","status":"publish","type":"post","link":"http:\/\/maismagazine.pt\/index.php\/2025\/09\/26\/o-cantinho-dos-amigos-educar-para-a-vida-transformar-o-futuro\/","title":{"rendered":"O Cantinho dos Amigos: educar para a vida, transformar o futuro"},"content":{"rendered":"\n<p><strong>H\u00e1 cinco anos integrado na Rede das Escolas Associadas da UNESCO, <a href=\"http:\/\/www.ocantinhodosamigos.com\">o Cantinho dos Amigos<\/a> \u00e9 um col\u00e9gio onde aprender vai muito al\u00e9m dos livros. Aqui, cada crian\u00e7a \u00e9 acolhida como um ser \u00fanico, criativo e ativo na constru\u00e7\u00e3o do seu pr\u00f3prio caminho, sempre em liga\u00e7\u00e3o com a comunidade e com o mundo. <\/strong><\/p>\n\n\n\n<p><\/p>\n\n\n\n<p><strong>Um modelo pedag\u00f3gico centrado em valores<\/strong><\/p>\n\n\n\n<p>No Cantinho, educar \u00e9 formar cidad\u00e3os conscientes, cr\u00edticos e solid\u00e1rios. O projeto pedag\u00f3gico inspira-se nos valores da coopera\u00e7\u00e3o, da paz, da sustentabilidade e da diversidade, que se vivem no dia a dia atrav\u00e9s de um compromisso que se reflete nas rotinas di\u00e1rias e nas atividades dinamizadas com as crian\u00e7as. <\/p>\n\n\n\n<figure class=\"wp-block-pullquote\"><blockquote><p>Aqui fa\u00e7o parte da comunidade <br>Aqui sinto-me bem <br>Aqui valorizo o meio ambiente <br>Aqui sou feliz <br>Aqui sinto-me seguro <br>Aqui aprendo a explorar<\/p><\/blockquote><\/figure>\n\n\n\n<p><\/p>\n\n\n\n<p>Estes princ\u00edpios n\u00e3o s\u00e3o apenas palavras: refletem-se em pr\u00e1ticas concretas. Os alunos s\u00e3o ouvidos, participam nas decis\u00f5es e assumem responsabilidades, desenvolvendo uma postura cr\u00edtica e construtiva. Assim, crescem como indiv\u00edduos capazes de melhorar o mundo atrav\u00e9s de h\u00e1bitos sustent\u00e1veis e de uma consci\u00eancia global: porque todos somos cidad\u00e3os do mundo. Todas as turmas d\u00e3o express\u00e3o a esta vis\u00e3o atrav\u00e9s de exposi\u00e7\u00f5es, visitas de estudo, projetos de interven\u00e7\u00e3o e semanas tem\u00e1ticas, partilhadas n\u00e3o s\u00f3 nas paredes da escola, mas sobretudo com a comunidade, num esfor\u00e7o de disseminar valores, transformar atitudes e contribuir para os Objetivos de Desenvolvimento Sustent\u00e1vel.  <\/p>\n\n\n\n<p><\/p>\n\n\n<div class=\"wp-block-image\">\n<figure class=\"aligncenter size-large is-resized\"><img loading=\"lazy\" decoding=\"async\" width=\"1024\" height=\"682\" src=\"https:\/\/maismagazine.pt\/wp-content\/uploads\/2025\/09\/P1018403-1024x682.jpg\" alt=\"\" class=\"wp-image-12730\" style=\"width:527px;height:auto\" srcset=\"http:\/\/maismagazine.pt\/wp-content\/uploads\/2025\/09\/P1018403-1024x682.jpg 1024w, http:\/\/maismagazine.pt\/wp-content\/uploads\/2025\/09\/P1018403-300x200.jpg 300w, http:\/\/maismagazine.pt\/wp-content\/uploads\/2025\/09\/P1018403-768x511.jpg 768w, http:\/\/maismagazine.pt\/wp-content\/uploads\/2025\/09\/P1018403-150x100.jpg 150w, http:\/\/maismagazine.pt\/wp-content\/uploads\/2025\/09\/P1018403.jpg 1200w\" sizes=\"auto, (max-width: 1024px) 100vw, 1024px\" \/><\/figure><\/div>\n\n\n<p><\/p>\n\n\n\n<p><strong>Aprender em comunidade<\/strong><\/p>\n\n\n\n<p>O Cantinho dos Amigos acredita que a educa\u00e7\u00e3o ganha for\u00e7a quando \u00e9 feita em conjunto. Por isso, estabelece parcerias que unem gera\u00e7\u00f5es e realidades diferentes, como as atividades desenvolvidas com a APCAS \u2013 Associa\u00e7\u00e3o de Paralisia Cerebral de Almada e Seixal, a Associa\u00e7\u00e3o Humanit\u00e1ria \u201cD\u00e1-me a tua m\u00e3o\u201d e a ARIFA \u2013 Associa\u00e7\u00e3o de Reformados e Idosos da Freguesia de Amora. <\/p>\n\n\n\n<p><\/p>\n\n\n\n<p>Todos os anos, em parceria com o Instituto Portugu\u00eas de Sangue e Transplanta\u00e7\u00e3o, o col\u00e9gio organiza uma campanha de d\u00e1diva de sangue, envolvendo fam\u00edlias e comunidade educativa num gesto de altru\u00edsmo e cuidado pelo outro. Abertos ao mundo, recebemos tamb\u00e9m professores de outros pa\u00edses da europa no \u00e2mbito do projeto Erasmus+, encontros que se tornam momentos \u00fanicos de di\u00e1logo intercultural e partilha de boas pr\u00e1ticas. Mais recentemente, o col\u00e9gio foi selecionado pela Ag\u00eancia Europeia English Matters como uma das escolas portuguesas de refer\u00eancia para receber docentes interessados em conhecer o sistema educativo nacional. <\/p>\n\n\n\n<p><\/p>\n\n\n\n<p><strong>Compromisso e futuro<\/strong><\/p>\n\n\n\n<p>Olhamos para o futuro com o mesmo entusiasmo com que, todos os dias, abrimos as portas aos nossos alunos. As metas a curto e m\u00e9dio prazo passam por refor\u00e7ar a educa\u00e7\u00e3o para a sustentabilidade, ampliar projetos de cidadania ativa e valorizar a diversidade cultural como riqueza. \u00c9 nesse esp\u00edrito que surge a amplia\u00e7\u00e3o das instala\u00e7\u00f5es do col\u00e9gio, um investimento que vai al\u00e9m da constru\u00e7\u00e3o f\u00edsica: Novas salas de creche e de 1.\u00ba ciclo, para acolher mais crian\u00e7as e responder melhor \u00e0s necessidades das fam\u00edlias; Uma ampla biblioteca escolar, que ser\u00e1 um espa\u00e7o vivo de leitura, investiga\u00e7\u00e3o e descoberta; Salas de apoio vers\u00e1teis, concebidas para acolher diferentes din\u00e2micas; desde projetos colaborativos at\u00e9 momentos de refor\u00e7o educativo. Um parque de estacionamento maior e mais seguro, para o conforto da comunidade educativa. Este crescimento representa muito mais do que novas paredes: \u00e9 um investimento no futuro da educa\u00e7\u00e3o, que permitir\u00e1 oferecer mais recursos, melhores condi\u00e7\u00f5es e oportunidades mais ricas a todas as crian\u00e7as. Mais do que um col\u00e9gio, o Cantinho dos Amigos \u00e9 uma escola para todos, onde imperam os valores da coopera\u00e7\u00e3o, da partilha e da solidariedade. Aqui, cada crian\u00e7a desenvolve as ferramentas para crescer enquanto cidad\u00e3 do mundo, preparada para agir com consci\u00eancia, esp\u00edrito cr\u00edtico, respeito e esperan\u00e7a.  <\/p>\n\n\n\n<p><\/p>\n\n\n\n<p><\/p>\n\n\n<div class=\"wp-block-image\">\n<figure class=\"aligncenter size-large is-resized\"><img loading=\"lazy\" decoding=\"async\" width=\"1024\" height=\"1024\" src=\"https:\/\/maismagazine.pt\/wp-content\/uploads\/2025\/09\/image-9-1024x1024.png\" alt=\"\" class=\"wp-image-12732\" style=\"width:339px;height:auto\" srcset=\"http:\/\/maismagazine.pt\/wp-content\/uploads\/2025\/09\/image-9-1024x1024.png 1024w, http:\/\/maismagazine.pt\/wp-content\/uploads\/2025\/09\/image-9-300x300.png 300w, http:\/\/maismagazine.pt\/wp-content\/uploads\/2025\/09\/image-9-150x150.png 150w, http:\/\/maismagazine.pt\/wp-content\/uploads\/2025\/09\/image-9-768x768.png 768w, http:\/\/maismagazine.pt\/wp-content\/uploads\/2025\/09\/image-9.png 1043w\" sizes=\"auto, (max-width: 1024px) 100vw, 1024px\" \/><\/figure><\/div>","protected":false},"excerpt":{"rendered":"<p>H\u00e1 cinco anos integrado na Rede das Escolas Associadas da UNESCO, o Cantinho dos Amigos \u00e9 um col\u00e9gio onde aprender vai muito al\u00e9m dos livros. Aqui, cada crian\u00e7a \u00e9 acolhida como um ser \u00fanico, criativo e ativo na constru\u00e7\u00e3o do seu pr\u00f3prio caminho, sempre em liga\u00e7\u00e3o com a comunidade e&hellip;<\/p>\n","protected":false},"author":17,"featured_media":12731,"comment_status":"closed","ping_status":"open","sticky":false,"template":"","format":"standard","meta":{"advgb_blocks_editor_width":"","advgb_blocks_columns_visual_guide":"","_monsterinsights_skip_tracking":false,"_monsterinsights_sitenote_active":false,"_monsterinsights_sitenote_note":"","_monsterinsights_sitenote_category":0,"footnotes":""},"categories":[149],"tags":[2449],"class_list":["post-12729","post","type-post","status-publish","format-standard","has-post-thumbnail","hentry","category-educacao","tag-o-cantinho-dos-amigos"],"yoast_head":"<!-- This site is optimized with the Yoast SEO plugin v24.4 - https:\/\/yoast.com\/wordpress\/plugins\/seo\/ -->\n<title>O Cantinho dos Amigos: educar para a vida, transformar o futuro - Mais Magazine<\/title>\n<meta name=\"description\" content=\"H\u00e1 cinco anos integrado na Rede das Escolas Associadas da UNESCO, o Cantinho dos Amigos \u00e9 um col\u00e9gio onde aprender vai muito al\u00e9m dos livros. Aqui, cada crian\u00e7a \u00e9 acolhida como um ser \u00fanico, criativo e ativo na constru\u00e7\u00e3o do seu pr\u00f3prio caminho, sempre em liga\u00e7\u00e3o com a comunidade e com o mundo.\" \/>\n<meta name=\"robots\" content=\"index, follow, max-snippet:-1, max-image-preview:large, max-video-preview:-1\" \/>\n<link rel=\"canonical\" href=\"https:\/\/maismagazine.pt\/index.php\/2025\/09\/26\/o-cantinho-dos-amigos-educar-para-a-vida-transformar-o-futuro\/\" \/>\n<meta property=\"og:locale\" content=\"pt_PT\" \/>\n<meta property=\"og:type\" content=\"article\" \/>\n<meta property=\"og:title\" content=\"O Cantinho dos Amigos: educar para a vida, transformar o futuro - Mais Magazine\" \/>\n<meta property=\"og:description\" content=\"H\u00e1 cinco anos integrado na Rede das Escolas Associadas da UNESCO, o Cantinho dos Amigos \u00e9 um col\u00e9gio onde aprender vai muito al\u00e9m dos livros. Aqui, cada crian\u00e7a \u00e9 acolhida como um ser \u00fanico, criativo e ativo na constru\u00e7\u00e3o do seu pr\u00f3prio caminho, sempre em liga\u00e7\u00e3o com a comunidade e com o mundo.\" \/>\n<meta property=\"og:url\" content=\"https:\/\/maismagazine.pt\/index.php\/2025\/09\/26\/o-cantinho-dos-amigos-educar-para-a-vida-transformar-o-futuro\/\" \/>\n<meta property=\"og:site_name\" content=\"Mais Magazine\" \/>\n<meta property=\"article:published_time\" content=\"2025-09-26T06:00:00+00:00\" \/>\n<meta property=\"og:image\" content=\"https:\/\/maismagazine.pt\/wp-content\/uploads\/2025\/09\/2551.jpg\" \/>\n\t<meta property=\"og:image:width\" content=\"774\" \/>\n\t<meta property=\"og:image:height\" content=\"516\" \/>\n\t<meta property=\"og:image:type\" content=\"image\/jpeg\" \/>\n<meta name=\"author\" content=\"Tiago Costa\" \/>\n<meta name=\"twitter:card\" content=\"summary_large_image\" \/>\n<meta name=\"twitter:label1\" content=\"Escrito por\" \/>\n\t<meta name=\"twitter:data1\" content=\"\" \/>\n\t<meta name=\"twitter:label2\" content=\"Tempo estimado de leitura\" \/>\n\t<meta name=\"twitter:data2\" content=\"4 minutos\" \/>\n<script type=\"application\/ld+json\" class=\"yoast-schema-graph\">{\"@context\":\"https:\/\/schema.org\",\"@graph\":[{\"@type\":\"Article\",\"@id\":\"https:\/\/maismagazine.pt\/index.php\/2025\/09\/26\/o-cantinho-dos-amigos-educar-para-a-vida-transformar-o-futuro\/#article\",\"isPartOf\":{\"@id\":\"https:\/\/maismagazine.pt\/index.php\/2025\/09\/26\/o-cantinho-dos-amigos-educar-para-a-vida-transformar-o-futuro\/\"},\"author\":{\"name\":\"Tiago Costa\",\"@id\":\"http:\/\/maismagazine.pt\/#\/schema\/person\/c6c5bfccc886434cbd11c74e035f9646\"},\"headline\":\"O Cantinho dos Amigos: educar para a vida, transformar o futuro\",\"datePublished\":\"2025-09-26T06:00:00+00:00\",\"mainEntityOfPage\":{\"@id\":\"https:\/\/maismagazine.pt\/index.php\/2025\/09\/26\/o-cantinho-dos-amigos-educar-para-a-vida-transformar-o-futuro\/\"},\"wordCount\":684,\"publisher\":{\"@id\":\"http:\/\/maismagazine.pt\/#organization\"},\"image\":{\"@id\":\"https:\/\/maismagazine.pt\/index.php\/2025\/09\/26\/o-cantinho-dos-amigos-educar-para-a-vida-transformar-o-futuro\/#primaryimage\"},\"thumbnailUrl\":\"http:\/\/maismagazine.pt\/wp-content\/uploads\/2025\/09\/2551.jpg\",\"keywords\":[\"O Cantinho dos Amigos\"],\"articleSection\":[\"Educa\u00e7\u00e3o\"],\"inLanguage\":\"pt-PT\"},{\"@type\":\"WebPage\",\"@id\":\"https:\/\/maismagazine.pt\/index.php\/2025\/09\/26\/o-cantinho-dos-amigos-educar-para-a-vida-transformar-o-futuro\/\",\"url\":\"https:\/\/maismagazine.pt\/index.php\/2025\/09\/26\/o-cantinho-dos-amigos-educar-para-a-vida-transformar-o-futuro\/\",\"name\":\"O Cantinho dos Amigos: educar para a vida, transformar o futuro - Mais Magazine\",\"isPartOf\":{\"@id\":\"http:\/\/maismagazine.pt\/#website\"},\"primaryImageOfPage\":{\"@id\":\"https:\/\/maismagazine.pt\/index.php\/2025\/09\/26\/o-cantinho-dos-amigos-educar-para-a-vida-transformar-o-futuro\/#primaryimage\"},\"image\":{\"@id\":\"https:\/\/maismagazine.pt\/index.php\/2025\/09\/26\/o-cantinho-dos-amigos-educar-para-a-vida-transformar-o-futuro\/#primaryimage\"},\"thumbnailUrl\":\"http:\/\/maismagazine.pt\/wp-content\/uploads\/2025\/09\/2551.jpg\",\"datePublished\":\"2025-09-26T06:00:00+00:00\",\"description\":\"H\u00e1 cinco anos integrado na Rede das Escolas Associadas da UNESCO, o Cantinho dos Amigos \u00e9 um col\u00e9gio onde aprender vai muito al\u00e9m dos livros. Aqui, cada crian\u00e7a \u00e9 acolhida como um ser \u00fanico, criativo e ativo na constru\u00e7\u00e3o do seu pr\u00f3prio caminho, sempre em liga\u00e7\u00e3o com a comunidade e com o mundo.\",\"breadcrumb\":{\"@id\":\"https:\/\/maismagazine.pt\/index.php\/2025\/09\/26\/o-cantinho-dos-amigos-educar-para-a-vida-transformar-o-futuro\/#breadcrumb\"},\"inLanguage\":\"pt-PT\",\"potentialAction\":[{\"@type\":\"ReadAction\",\"target\":[\"https:\/\/maismagazine.pt\/index.php\/2025\/09\/26\/o-cantinho-dos-amigos-educar-para-a-vida-transformar-o-futuro\/\"]}]},{\"@type\":\"ImageObject\",\"inLanguage\":\"pt-PT\",\"@id\":\"https:\/\/maismagazine.pt\/index.php\/2025\/09\/26\/o-cantinho-dos-amigos-educar-para-a-vida-transformar-o-futuro\/#primaryimage\",\"url\":\"http:\/\/maismagazine.pt\/wp-content\/uploads\/2025\/09\/2551.jpg\",\"contentUrl\":\"http:\/\/maismagazine.pt\/wp-content\/uploads\/2025\/09\/2551.jpg\",\"width\":774,\"height\":516},{\"@type\":\"BreadcrumbList\",\"@id\":\"https:\/\/maismagazine.pt\/index.php\/2025\/09\/26\/o-cantinho-dos-amigos-educar-para-a-vida-transformar-o-futuro\/#breadcrumb\",\"itemListElement\":[{\"@type\":\"ListItem\",\"position\":1,\"name\":\"Home\",\"item\":\"http:\/\/maismagazine.pt\/\"},{\"@type\":\"ListItem\",\"position\":2,\"name\":\"O Cantinho dos Amigos: educar para a vida, transformar o futuro\"}]},{\"@type\":\"WebSite\",\"@id\":\"http:\/\/maismagazine.pt\/#website\",\"url\":\"http:\/\/maismagazine.pt\/\",\"name\":\"Mais Magazine\",\"description\":\"\",\"publisher\":{\"@id\":\"http:\/\/maismagazine.pt\/#organization\"},\"potentialAction\":[{\"@type\":\"SearchAction\",\"target\":{\"@type\":\"EntryPoint\",\"urlTemplate\":\"http:\/\/maismagazine.pt\/?s={search_term_string}\"},\"query-input\":{\"@type\":\"PropertyValueSpecification\",\"valueRequired\":true,\"valueName\":\"search_term_string\"}}],\"inLanguage\":\"pt-PT\"},{\"@type\":\"Organization\",\"@id\":\"http:\/\/maismagazine.pt\/#organization\",\"name\":\"Mais Magazine\",\"url\":\"http:\/\/maismagazine.pt\/\",\"logo\":{\"@type\":\"ImageObject\",\"inLanguage\":\"pt-PT\",\"@id\":\"http:\/\/maismagazine.pt\/#\/schema\/logo\/image\/\",\"url\":\"http:\/\/maismagazine.pt\/wp-content\/uploads\/2020\/04\/cropped-cropped-mais-magazine-site-logo-2.png\",\"contentUrl\":\"http:\/\/maismagazine.pt\/wp-content\/uploads\/2020\/04\/cropped-cropped-mais-magazine-site-logo-2.png\",\"width\":581,\"height\":90,\"caption\":\"Mais Magazine\"},\"image\":{\"@id\":\"http:\/\/maismagazine.pt\/#\/schema\/logo\/image\/\"}},{\"@type\":\"Person\",\"@id\":\"http:\/\/maismagazine.pt\/#\/schema\/person\/c6c5bfccc886434cbd11c74e035f9646\",\"name\":\"Tiago Costa\",\"image\":{\"@type\":\"ImageObject\",\"inLanguage\":\"pt-PT\",\"@id\":\"http:\/\/maismagazine.pt\/#\/schema\/person\/image\/\",\"url\":\"https:\/\/secure.gravatar.com\/avatar\/c599b2bce16c9870429198cbad5ee022?s=96&d=mm&r=g\",\"contentUrl\":\"https:\/\/secure.gravatar.com\/avatar\/c599b2bce16c9870429198cbad5ee022?s=96&d=mm&r=g\",\"caption\":\"Tiago Costa\"},\"url\":\"http:\/\/maismagazine.pt\/index.php\/author\/tiago\/\"}]}<\/script>\n<!-- \/ Yoast SEO plugin. -->","yoast_head_json":{"title":"O Cantinho dos Amigos: educar para a vida, transformar o futuro - Mais Magazine","description":"H\u00e1 cinco anos integrado na Rede das Escolas Associadas da UNESCO, o Cantinho dos Amigos \u00e9 um col\u00e9gio onde aprender vai muito al\u00e9m dos livros. Aqui, cada crian\u00e7a \u00e9 acolhida como um ser \u00fanico, criativo e ativo na constru\u00e7\u00e3o do seu pr\u00f3prio caminho, sempre em liga\u00e7\u00e3o com a comunidade e com o mundo.","robots":{"index":"index","follow":"follow","max-snippet":"max-snippet:-1","max-image-preview":"max-image-preview:large","max-video-preview":"max-video-preview:-1"},"canonical":"https:\/\/maismagazine.pt\/index.php\/2025\/09\/26\/o-cantinho-dos-amigos-educar-para-a-vida-transformar-o-futuro\/","og_locale":"pt_PT","og_type":"article","og_title":"O Cantinho dos Amigos: educar para a vida, transformar o futuro - Mais Magazine","og_description":"H\u00e1 cinco anos integrado na Rede das Escolas Associadas da UNESCO, o Cantinho dos Amigos \u00e9 um col\u00e9gio onde aprender vai muito al\u00e9m dos livros. Aqui, cada crian\u00e7a \u00e9 acolhida como um ser \u00fanico, criativo e ativo na constru\u00e7\u00e3o do seu pr\u00f3prio caminho, sempre em liga\u00e7\u00e3o com a comunidade e com o mundo.","og_url":"https:\/\/maismagazine.pt\/index.php\/2025\/09\/26\/o-cantinho-dos-amigos-educar-para-a-vida-transformar-o-futuro\/","og_site_name":"Mais Magazine","article_published_time":"2025-09-26T06:00:00+00:00","og_image":[{"width":774,"height":516,"url":"https:\/\/maismagazine.pt\/wp-content\/uploads\/2025\/09\/2551.jpg","type":"image\/jpeg"}],"author":"Tiago Costa","twitter_card":"summary_large_image","twitter_misc":{"Escrito por":false,"Tempo estimado de leitura":"4 minutos"},"schema":{"@context":"https:\/\/schema.org","@graph":[{"@type":"Article","@id":"https:\/\/maismagazine.pt\/index.php\/2025\/09\/26\/o-cantinho-dos-amigos-educar-para-a-vida-transformar-o-futuro\/#article","isPartOf":{"@id":"https:\/\/maismagazine.pt\/index.php\/2025\/09\/26\/o-cantinho-dos-amigos-educar-para-a-vida-transformar-o-futuro\/"},"author":{"name":"Tiago Costa","@id":"http:\/\/maismagazine.pt\/#\/schema\/person\/c6c5bfccc886434cbd11c74e035f9646"},"headline":"O Cantinho dos Amigos: educar para a vida, transformar o futuro","datePublished":"2025-09-26T06:00:00+00:00","mainEntityOfPage":{"@id":"https:\/\/maismagazine.pt\/index.php\/2025\/09\/26\/o-cantinho-dos-amigos-educar-para-a-vida-transformar-o-futuro\/"},"wordCount":684,"publisher":{"@id":"http:\/\/maismagazine.pt\/#organization"},"image":{"@id":"https:\/\/maismagazine.pt\/index.php\/2025\/09\/26\/o-cantinho-dos-amigos-educar-para-a-vida-transformar-o-futuro\/#primaryimage"},"thumbnailUrl":"http:\/\/maismagazine.pt\/wp-content\/uploads\/2025\/09\/2551.jpg","keywords":["O Cantinho dos Amigos"],"articleSection":["Educa\u00e7\u00e3o"],"inLanguage":"pt-PT"},{"@type":"WebPage","@id":"https:\/\/maismagazine.pt\/index.php\/2025\/09\/26\/o-cantinho-dos-amigos-educar-para-a-vida-transformar-o-futuro\/","url":"https:\/\/maismagazine.pt\/index.php\/2025\/09\/26\/o-cantinho-dos-amigos-educar-para-a-vida-transformar-o-futuro\/","name":"O Cantinho dos Amigos: educar para a vida, transformar o futuro - Mais Magazine","isPartOf":{"@id":"http:\/\/maismagazine.pt\/#website"},"primaryImageOfPage":{"@id":"https:\/\/maismagazine.pt\/index.php\/2025\/09\/26\/o-cantinho-dos-amigos-educar-para-a-vida-transformar-o-futuro\/#primaryimage"},"image":{"@id":"https:\/\/maismagazine.pt\/index.php\/2025\/09\/26\/o-cantinho-dos-amigos-educar-para-a-vida-transformar-o-futuro\/#primaryimage"},"thumbnailUrl":"http:\/\/maismagazine.pt\/wp-content\/uploads\/2025\/09\/2551.jpg","datePublished":"2025-09-26T06:00:00+00:00","description":"H\u00e1 cinco anos integrado na Rede das Escolas Associadas da UNESCO, o Cantinho dos Amigos \u00e9 um col\u00e9gio onde aprender vai muito al\u00e9m dos livros. Aqui, cada crian\u00e7a \u00e9 acolhida como um ser \u00fanico, criativo e ativo na constru\u00e7\u00e3o do seu pr\u00f3prio caminho, sempre em liga\u00e7\u00e3o com a comunidade e com o mundo.","breadcrumb":{"@id":"https:\/\/maismagazine.pt\/index.php\/2025\/09\/26\/o-cantinho-dos-amigos-educar-para-a-vida-transformar-o-futuro\/#breadcrumb"},"inLanguage":"pt-PT","potentialAction":[{"@type":"ReadAction","target":["https:\/\/maismagazine.pt\/index.php\/2025\/09\/26\/o-cantinho-dos-amigos-educar-para-a-vida-transformar-o-futuro\/"]}]},{"@type":"ImageObject","inLanguage":"pt-PT","@id":"https:\/\/maismagazine.pt\/index.php\/2025\/09\/26\/o-cantinho-dos-amigos-educar-para-a-vida-transformar-o-futuro\/#primaryimage","url":"http:\/\/maismagazine.pt\/wp-content\/uploads\/2025\/09\/2551.jpg","contentUrl":"http:\/\/maismagazine.pt\/wp-content\/uploads\/2025\/09\/2551.jpg","width":774,"height":516},{"@type":"BreadcrumbList","@id":"https:\/\/maismagazine.pt\/index.php\/2025\/09\/26\/o-cantinho-dos-amigos-educar-para-a-vida-transformar-o-futuro\/#breadcrumb","itemListElement":[{"@type":"ListItem","position":1,"name":"Home","item":"http:\/\/maismagazine.pt\/"},{"@type":"ListItem","position":2,"name":"O Cantinho dos Amigos: educar para a vida, transformar o futuro"}]},{"@type":"WebSite","@id":"http:\/\/maismagazine.pt\/#website","url":"http:\/\/maismagazine.pt\/","name":"Mais Magazine","description":"","publisher":{"@id":"http:\/\/maismagazine.pt\/#organization"},"potentialAction":[{"@type":"SearchAction","target":{"@type":"EntryPoint","urlTemplate":"http:\/\/maismagazine.pt\/?s={search_term_string}"},"query-input":{"@type":"PropertyValueSpecification","valueRequired":true,"valueName":"search_term_string"}}],"inLanguage":"pt-PT"},{"@type":"Organization","@id":"http:\/\/maismagazine.pt\/#organization","name":"Mais Magazine","url":"http:\/\/maismagazine.pt\/","logo":{"@type":"ImageObject","inLanguage":"pt-PT","@id":"http:\/\/maismagazine.pt\/#\/schema\/logo\/image\/","url":"http:\/\/maismagazine.pt\/wp-content\/uploads\/2020\/04\/cropped-cropped-mais-magazine-site-logo-2.png","contentUrl":"http:\/\/maismagazine.pt\/wp-content\/uploads\/2020\/04\/cropped-cropped-mais-magazine-site-logo-2.png","width":581,"height":90,"caption":"Mais Magazine"},"image":{"@id":"http:\/\/maismagazine.pt\/#\/schema\/logo\/image\/"}},{"@type":"Person","@id":"http:\/\/maismagazine.pt\/#\/schema\/person\/c6c5bfccc886434cbd11c74e035f9646","name":"Tiago Costa","image":{"@type":"ImageObject","inLanguage":"pt-PT","@id":"http:\/\/maismagazine.pt\/#\/schema\/person\/image\/","url":"https:\/\/secure.gravatar.com\/avatar\/c599b2bce16c9870429198cbad5ee022?s=96&d=mm&r=g","contentUrl":"https:\/\/secure.gravatar.com\/avatar\/c599b2bce16c9870429198cbad5ee022?s=96&d=mm&r=g","caption":"Tiago Costa"},"url":"http:\/\/maismagazine.pt\/index.php\/author\/tiago\/"}]}},"author_meta":{"display_name":false,"author_link":"http:\/\/maismagazine.pt\/index.php\/author\/tiago\/"},"featured_img":"http:\/\/maismagazine.pt\/wp-content\/uploads\/2025\/09\/2551-300x200.jpg","coauthors":[],"tax_additional":{"categories":{"linked":["<a href=\"http:\/\/maismagazine.pt\/index.php\/category\/educacao\/\" class=\"advgb-post-tax-term\">Educa\u00e7\u00e3o<\/a>"],"unlinked":["<span class=\"advgb-post-tax-term\">Educa\u00e7\u00e3o<\/span>"]},"tags":{"linked":["<a href=\"http:\/\/maismagazine.pt\/index.php\/category\/educacao\/\" class=\"advgb-post-tax-term\">O Cantinho dos Amigos<\/a>"],"unlinked":["<span class=\"advgb-post-tax-term\">O Cantinho dos Amigos<\/span>"]}},"comment_count":"0","relative_dates":{"created":"Posted 7 meses ago","modified":"Updated 7 meses ago"},"absolute_dates":{"created":"Posted on 26 de Setembro, 2025","modified":"Updated on 24 de Setembro, 2025"},"absolute_dates_time":{"created":"Posted on 26 de Setembro, 2025 7:00","modified":"Updated on 24 de Setembro, 2025 10:21"},"featured_img_caption":"","series_order":"","_links":{"self":[{"href":"http:\/\/maismagazine.pt\/index.php\/wp-json\/wp\/v2\/posts\/12729","targetHints":{"allow":["GET"]}}],"collection":[{"href":"http:\/\/maismagazine.pt\/index.php\/wp-json\/wp\/v2\/posts"}],"about":[{"href":"http:\/\/maismagazine.pt\/index.php\/wp-json\/wp\/v2\/types\/post"}],"author":[{"embeddable":true,"href":"http:\/\/maismagazine.pt\/index.php\/wp-json\/wp\/v2\/users\/17"}],"replies":[{"embeddable":true,"href":"http:\/\/maismagazine.pt\/index.php\/wp-json\/wp\/v2\/comments?post=12729"}],"version-history":[{"count":2,"href":"http:\/\/maismagazine.pt\/index.php\/wp-json\/wp\/v2\/posts\/12729\/revisions"}],"predecessor-version":[{"id":12734,"href":"http:\/\/maismagazine.pt\/index.php\/wp-json\/wp\/v2\/posts\/12729\/revisions\/12734"}],"wp:featuredmedia":[{"embeddable":true,"href":"http:\/\/maismagazine.pt\/index.php\/wp-json\/wp\/v2\/media\/12731"}],"wp:attachment":[{"href":"http:\/\/maismagazine.pt\/index.php\/wp-json\/wp\/v2\/media?parent=12729"}],"wp:term":[{"taxonomy":"category","embeddable":true,"href":"http:\/\/maismagazine.pt\/index.php\/wp-json\/wp\/v2\/categories?post=12729"},{"taxonomy":"post_tag","embeddable":true,"href":"http:\/\/maismagazine.pt\/index.php\/wp-json\/wp\/v2\/tags?post=12729"}],"curies":[{"name":"wp","href":"https:\/\/api.w.org\/{rel}","templated":true}]}}