{"id":12717,"date":"2025-09-26T07:00:00","date_gmt":"2025-09-26T06:00:00","guid":{"rendered":"https:\/\/maismagazine.pt\/?p=12717"},"modified":"2025-09-24T09:57:46","modified_gmt":"2025-09-24T08:57:46","slug":"cuidados-paliativos-dignidade-ate-ao-fim","status":"publish","type":"post","link":"http:\/\/maismagazine.pt\/index.php\/2025\/09\/26\/cuidados-paliativos-dignidade-ate-ao-fim\/","title":{"rendered":"Cuidados Paliativos: dignidade at\u00e9 ao fim"},"content":{"rendered":"\n<p>Os sistemas de sa\u00fade enfrentam hoje desafios estruturais que exigem respostas inovadoras e sustent\u00e1veis. O Servi\u00e7o Nacional de Sa\u00fade (SNS) n\u00e3o \u00e9 exce\u00e7\u00e3o. O envelhecimento da popula\u00e7\u00e3o, a crescente preval\u00eancia de doen\u00e7as cr\u00f3nicas, a maior sobreviv\u00eancia em situa\u00e7\u00f5es de doen\u00e7a grave e, em paralelo, as expectativas cada vez mais exigentes dos cidad\u00e3os quanto \u00e0 qualidade, proximidade e integra\u00e7\u00e3o dos cuidados, tornam os cuidados paliativos um eixo central na promo\u00e7\u00e3o de uma resposta humanizada.<\/p>\n\n\n\n<p><\/p>\n\n\n\n<p>Mais do que o controlo sintom\u00e1tico, os cuidados paliativos procuram identificar precocemente o sofrimento, prevenir complica\u00e7\u00f5es, aliviar a dor e oferecer apoio emocional e social, promovendo autonomia, conforto, dignidade e qualidade de vida. S\u00e3o uma resposta essencial em situa\u00e7\u00f5es de doen\u00e7a avan\u00e7ada ou terminal, assegurada por equipas multidisciplinares que acompanham n\u00e3o s\u00f3 a pessoa doente, mas tamb\u00e9m a sua fam\u00edlia. Pela sua natureza centrada no cuidar, constituem um pilar insubstitu\u00edvel do sistema de sa\u00fade.<\/p>\n\n\n\n<p><\/p>\n\n\n\n<p>Em Portugal, apesar dos progressos alcan\u00e7ados, persistem desafios como a necessidade de reduzir assimetrias territoriais, refor\u00e7ar a forma\u00e7\u00e3o de profissionais especializados e aprofundar a integra\u00e7\u00e3o entre os diferentes n\u00edveis de cuidados. Estes aspetos s\u00e3o ainda fatores a ter em conta para a plena concretiza\u00e7\u00e3o do potencial da Rede Nacional de Cuidados Paliativos e para uma resposta cada vez mais adequada \u00e0s necessidades identificadas em relat\u00f3rios nacionais e internacionais.<\/p>\n\n\n\n<p><\/p>\n\n\n\n<p>Estamos empenhados em refor\u00e7ar a cobertura nacional e integrar os cuidados paliativos em todos os contextos: no domic\u00edlio, nas Estruturas Residenciais para Pessoas Idosas, nas Unidades de Cuidados Continuados Integrados, nos hospitais e nos cuidados de sa\u00fade prim\u00e1rios. O objetivo \u00e9 garantir um funcionamento efetivo em rede, capaz de responder \u00e0s necessidades das pessoas no seu contexto de vida.<\/p>\n\n\n\n<p><\/p>\n\n\n\n<p>Neste quadro, a Dire\u00e7\u00e3o Executiva do SNS tem trabalhado em estreita articula\u00e7\u00e3o com parceiros p\u00fablicos, privados e do setor social, para superar as dificuldades ainda existentes. O Plano de Recupera\u00e7\u00e3o e Resili\u00eancia (PRR) tem permitido refor\u00e7ar a rede atrav\u00e9s da abertura de novos lugares em Unidades de Cuidados Paliativos e da cria\u00e7\u00e3o de novas Equipas Comunit\u00e1rias de Suporte em Cuidados Paliativos, que asseguram acompanhamento domicili\u00e1rio, aconselhamento diferenciado e forma\u00e7\u00e3o de outros profissionais. Estas equipas, constitu\u00eddas por profissionais altamente qualificados e com forma\u00e7\u00e3o especializada, prestam cuidados personalizados \u00e0s pessoas e \u00e0s suas fam\u00edlias, acompanhando-as em cada etapa do percurso de vida.<\/p>\n\n\n\n<p><\/p>\n\n\n\n<p>Percorremos, determinados, o longo caminho no sentido de alcan\u00e7ar que nos conduz uma rede de excel\u00eancia, integrada, inovadora e sustent\u00e1vel, capaz de garantir equidade e qualidade em todo o pa\u00eds.<\/p>\n\n\n\n<p><\/p>\n\n\n\n<p>O Dia Mundial dos Cuidados Paliativos recorda-nos que esta \u00e9 uma \u00e1rea que ultrapassa a dimens\u00e3o cl\u00ednica, afirmando-se como verdadeiro indicador da maturidade de um sistema de sa\u00fade. Mais do que prolongar a vida, trata-se de assegurar que cada cidad\u00e3o disp\u00f5e de uma resposta organizada, acess\u00edvel e digna na sua fase final. \u00c9 estar presente, aliviar, confortar, respeitar e dignificar a vida humana. \u00c9 garantir que nenhuma fam\u00edlia percorre este caminho sozinha. \u00c9, em suma, humanizar a resposta em sa\u00fade at\u00e9 ao \u00faltimo momento da vida.<\/p>\n\n\n\n<p><\/p>\n\n\n\n<p class=\"has-text-align-right\"><em>Professor \u00c1lvaro Santos Almeida, Diretor Executivo do SNS<\/em><\/p>\n\n\n\n<p><\/p>\n\n\n<div class=\"wp-block-image\">\n<figure class=\"aligncenter size-large is-resized\"><img loading=\"lazy\" decoding=\"async\" width=\"1024\" height=\"175\" src=\"https:\/\/maismagazine.pt\/wp-content\/uploads\/2025\/09\/Simbolo_do_SNS-1024x175.png\" alt=\"\" class=\"wp-image-12718\" style=\"width:486px;height:auto\" srcset=\"http:\/\/maismagazine.pt\/wp-content\/uploads\/2025\/09\/Simbolo_do_SNS-1024x175.png 1024w, http:\/\/maismagazine.pt\/wp-content\/uploads\/2025\/09\/Simbolo_do_SNS-300x51.png 300w, http:\/\/maismagazine.pt\/wp-content\/uploads\/2025\/09\/Simbolo_do_SNS-768x131.png 768w, http:\/\/maismagazine.pt\/wp-content\/uploads\/2025\/09\/Simbolo_do_SNS-1536x262.png 1536w, http:\/\/maismagazine.pt\/wp-content\/uploads\/2025\/09\/Simbolo_do_SNS-2048x349.png 2048w\" sizes=\"auto, (max-width: 1024px) 100vw, 1024px\" \/><\/figure><\/div>","protected":false},"excerpt":{"rendered":"<p>Os sistemas de sa\u00fade enfrentam hoje desafios estruturais que exigem respostas inovadoras e sustent\u00e1veis. O Servi\u00e7o Nacional de Sa\u00fade (SNS) n\u00e3o \u00e9 exce\u00e7\u00e3o. O envelhecimento da popula\u00e7\u00e3o, a crescente preval\u00eancia de doen\u00e7as cr\u00f3nicas, a maior sobreviv\u00eancia em situa\u00e7\u00f5es de doen\u00e7a grave e, em paralelo, as expectativas cada vez mais exigentes&hellip;<\/p>\n","protected":false},"author":17,"featured_media":12719,"comment_status":"closed","ping_status":"open","sticky":false,"template":"","format":"standard","meta":{"advgb_blocks_editor_width":"","advgb_blocks_columns_visual_guide":"","_monsterinsights_skip_tracking":false,"_monsterinsights_sitenote_active":false,"_monsterinsights_sitenote_note":"","_monsterinsights_sitenote_category":0,"footnotes":""},"categories":[52,7,313],"tags":[2014],"class_list":["post-12717","post","type-post","status-publish","format-standard","has-post-thumbnail","hentry","category-destaque","category-noticias","category-saude","tag-sns"],"yoast_head":"<!-- This site is optimized with the Yoast SEO plugin v24.4 - https:\/\/yoast.com\/wordpress\/plugins\/seo\/ -->\n<title>Cuidados Paliativos: dignidade at\u00e9 ao fim - Mais Magazine<\/title>\n<meta name=\"description\" content=\"Os sistemas de sa\u00fade enfrentam hoje desafios estruturais que exigem respostas inovadoras e sustent\u00e1veis. O Servi\u00e7o Nacional de Sa\u00fade (SNS) n\u00e3o \u00e9 exce\u00e7\u00e3o. O envelhecimento da popula\u00e7\u00e3o, a crescente preval\u00eancia de doen\u00e7as cr\u00f3nicas, a maior sobreviv\u00eancia em situa\u00e7\u00f5es de doen\u00e7a grave e, em paralelo, as expectativas cada vez mais exigentes dos cidad\u00e3os quanto \u00e0 qualidade, proximidade e integra\u00e7\u00e3o dos cuidados, tornam os cuidados paliativos um eixo central na promo\u00e7\u00e3o de uma resposta humanizada.\" \/>\n<meta name=\"robots\" content=\"index, follow, max-snippet:-1, max-image-preview:large, max-video-preview:-1\" \/>\n<link rel=\"canonical\" href=\"http:\/\/maismagazine.pt\/index.php\/2025\/09\/26\/cuidados-paliativos-dignidade-ate-ao-fim\/\" \/>\n<meta property=\"og:locale\" content=\"pt_PT\" \/>\n<meta property=\"og:type\" content=\"article\" \/>\n<meta property=\"og:title\" content=\"Cuidados Paliativos: dignidade at\u00e9 ao fim - Mais Magazine\" \/>\n<meta property=\"og:description\" content=\"Os sistemas de sa\u00fade enfrentam hoje desafios estruturais que exigem respostas inovadoras e sustent\u00e1veis. O Servi\u00e7o Nacional de Sa\u00fade (SNS) n\u00e3o \u00e9 exce\u00e7\u00e3o. O envelhecimento da popula\u00e7\u00e3o, a crescente preval\u00eancia de doen\u00e7as cr\u00f3nicas, a maior sobreviv\u00eancia em situa\u00e7\u00f5es de doen\u00e7a grave e, em paralelo, as expectativas cada vez mais exigentes dos cidad\u00e3os quanto \u00e0 qualidade, proximidade e integra\u00e7\u00e3o dos cuidados, tornam os cuidados paliativos um eixo central na promo\u00e7\u00e3o de uma resposta humanizada.\" \/>\n<meta property=\"og:url\" content=\"http:\/\/maismagazine.pt\/index.php\/2025\/09\/26\/cuidados-paliativos-dignidade-ate-ao-fim\/\" \/>\n<meta property=\"og:site_name\" content=\"Mais Magazine\" \/>\n<meta property=\"article:published_time\" content=\"2025-09-26T06:00:00+00:00\" \/>\n<meta property=\"og:image\" content=\"http:\/\/maismagazine.pt\/wp-content\/uploads\/2025\/09\/2025_Foto_Alvaro-Santos-Almeida.jpg\" \/>\n\t<meta property=\"og:image:width\" content=\"448\" \/>\n\t<meta property=\"og:image:height\" content=\"560\" \/>\n\t<meta property=\"og:image:type\" content=\"image\/jpeg\" \/>\n<meta name=\"author\" content=\"Tiago Costa\" \/>\n<meta name=\"twitter:card\" content=\"summary_large_image\" \/>\n<meta name=\"twitter:label1\" content=\"Escrito por\" \/>\n\t<meta name=\"twitter:data1\" content=\"\" \/>\n\t<meta name=\"twitter:label2\" content=\"Tempo estimado de leitura\" \/>\n\t<meta name=\"twitter:data2\" content=\"4 minutos\" \/>\n<script type=\"application\/ld+json\" class=\"yoast-schema-graph\">{\"@context\":\"https:\/\/schema.org\",\"@graph\":[{\"@type\":\"Article\",\"@id\":\"http:\/\/maismagazine.pt\/index.php\/2025\/09\/26\/cuidados-paliativos-dignidade-ate-ao-fim\/#article\",\"isPartOf\":{\"@id\":\"http:\/\/maismagazine.pt\/index.php\/2025\/09\/26\/cuidados-paliativos-dignidade-ate-ao-fim\/\"},\"author\":{\"name\":\"Tiago Costa\",\"@id\":\"https:\/\/maismagazine.pt\/#\/schema\/person\/c6c5bfccc886434cbd11c74e035f9646\"},\"headline\":\"Cuidados Paliativos: dignidade at\u00e9 ao fim\",\"datePublished\":\"2025-09-26T06:00:00+00:00\",\"mainEntityOfPage\":{\"@id\":\"http:\/\/maismagazine.pt\/index.php\/2025\/09\/26\/cuidados-paliativos-dignidade-ate-ao-fim\/\"},\"wordCount\":562,\"publisher\":{\"@id\":\"https:\/\/maismagazine.pt\/#organization\"},\"image\":{\"@id\":\"http:\/\/maismagazine.pt\/index.php\/2025\/09\/26\/cuidados-paliativos-dignidade-ate-ao-fim\/#primaryimage\"},\"thumbnailUrl\":\"http:\/\/maismagazine.pt\/wp-content\/uploads\/2025\/09\/2025_Foto_Alvaro-Santos-Almeida.jpg\",\"keywords\":[\"SNS\"],\"articleSection\":[\"Destaque lateral\",\"Not\u00edcias\",\"Sa\u00fade\"],\"inLanguage\":\"pt-PT\"},{\"@type\":\"WebPage\",\"@id\":\"http:\/\/maismagazine.pt\/index.php\/2025\/09\/26\/cuidados-paliativos-dignidade-ate-ao-fim\/\",\"url\":\"http:\/\/maismagazine.pt\/index.php\/2025\/09\/26\/cuidados-paliativos-dignidade-ate-ao-fim\/\",\"name\":\"Cuidados Paliativos: dignidade at\u00e9 ao fim - Mais Magazine\",\"isPartOf\":{\"@id\":\"https:\/\/maismagazine.pt\/#website\"},\"primaryImageOfPage\":{\"@id\":\"http:\/\/maismagazine.pt\/index.php\/2025\/09\/26\/cuidados-paliativos-dignidade-ate-ao-fim\/#primaryimage\"},\"image\":{\"@id\":\"http:\/\/maismagazine.pt\/index.php\/2025\/09\/26\/cuidados-paliativos-dignidade-ate-ao-fim\/#primaryimage\"},\"thumbnailUrl\":\"http:\/\/maismagazine.pt\/wp-content\/uploads\/2025\/09\/2025_Foto_Alvaro-Santos-Almeida.jpg\",\"datePublished\":\"2025-09-26T06:00:00+00:00\",\"description\":\"Os sistemas de sa\u00fade enfrentam hoje desafios estruturais que exigem respostas inovadoras e sustent\u00e1veis. O Servi\u00e7o Nacional de Sa\u00fade (SNS) n\u00e3o \u00e9 exce\u00e7\u00e3o. O envelhecimento da popula\u00e7\u00e3o, a crescente preval\u00eancia de doen\u00e7as cr\u00f3nicas, a maior sobreviv\u00eancia em situa\u00e7\u00f5es de doen\u00e7a grave e, em paralelo, as expectativas cada vez mais exigentes dos cidad\u00e3os quanto \u00e0 qualidade, proximidade e integra\u00e7\u00e3o dos cuidados, tornam os cuidados paliativos um eixo central na promo\u00e7\u00e3o de uma resposta humanizada.\",\"breadcrumb\":{\"@id\":\"http:\/\/maismagazine.pt\/index.php\/2025\/09\/26\/cuidados-paliativos-dignidade-ate-ao-fim\/#breadcrumb\"},\"inLanguage\":\"pt-PT\",\"potentialAction\":[{\"@type\":\"ReadAction\",\"target\":[\"http:\/\/maismagazine.pt\/index.php\/2025\/09\/26\/cuidados-paliativos-dignidade-ate-ao-fim\/\"]}]},{\"@type\":\"ImageObject\",\"inLanguage\":\"pt-PT\",\"@id\":\"http:\/\/maismagazine.pt\/index.php\/2025\/09\/26\/cuidados-paliativos-dignidade-ate-ao-fim\/#primaryimage\",\"url\":\"http:\/\/maismagazine.pt\/wp-content\/uploads\/2025\/09\/2025_Foto_Alvaro-Santos-Almeida.jpg\",\"contentUrl\":\"http:\/\/maismagazine.pt\/wp-content\/uploads\/2025\/09\/2025_Foto_Alvaro-Santos-Almeida.jpg\",\"width\":448,\"height\":560},{\"@type\":\"BreadcrumbList\",\"@id\":\"http:\/\/maismagazine.pt\/index.php\/2025\/09\/26\/cuidados-paliativos-dignidade-ate-ao-fim\/#breadcrumb\",\"itemListElement\":[{\"@type\":\"ListItem\",\"position\":1,\"name\":\"Home\",\"item\":\"https:\/\/maismagazine.pt\/\"},{\"@type\":\"ListItem\",\"position\":2,\"name\":\"Cuidados Paliativos: dignidade at\u00e9 ao fim\"}]},{\"@type\":\"WebSite\",\"@id\":\"https:\/\/maismagazine.pt\/#website\",\"url\":\"https:\/\/maismagazine.pt\/\",\"name\":\"Mais Magazine\",\"description\":\"\",\"publisher\":{\"@id\":\"https:\/\/maismagazine.pt\/#organization\"},\"potentialAction\":[{\"@type\":\"SearchAction\",\"target\":{\"@type\":\"EntryPoint\",\"urlTemplate\":\"https:\/\/maismagazine.pt\/?s={search_term_string}\"},\"query-input\":{\"@type\":\"PropertyValueSpecification\",\"valueRequired\":true,\"valueName\":\"search_term_string\"}}],\"inLanguage\":\"pt-PT\"},{\"@type\":\"Organization\",\"@id\":\"https:\/\/maismagazine.pt\/#organization\",\"name\":\"Mais Magazine\",\"url\":\"https:\/\/maismagazine.pt\/\",\"logo\":{\"@type\":\"ImageObject\",\"inLanguage\":\"pt-PT\",\"@id\":\"https:\/\/maismagazine.pt\/#\/schema\/logo\/image\/\",\"url\":\"http:\/\/maismagazine.pt\/wp-content\/uploads\/2020\/04\/cropped-cropped-mais-magazine-site-logo-2.png\",\"contentUrl\":\"http:\/\/maismagazine.pt\/wp-content\/uploads\/2020\/04\/cropped-cropped-mais-magazine-site-logo-2.png\",\"width\":581,\"height\":90,\"caption\":\"Mais Magazine\"},\"image\":{\"@id\":\"https:\/\/maismagazine.pt\/#\/schema\/logo\/image\/\"}},{\"@type\":\"Person\",\"@id\":\"https:\/\/maismagazine.pt\/#\/schema\/person\/c6c5bfccc886434cbd11c74e035f9646\",\"name\":\"Tiago Costa\",\"image\":{\"@type\":\"ImageObject\",\"inLanguage\":\"pt-PT\",\"@id\":\"https:\/\/maismagazine.pt\/#\/schema\/person\/image\/\",\"url\":\"https:\/\/secure.gravatar.com\/avatar\/c599b2bce16c9870429198cbad5ee022?s=96&d=mm&r=g\",\"contentUrl\":\"https:\/\/secure.gravatar.com\/avatar\/c599b2bce16c9870429198cbad5ee022?s=96&d=mm&r=g\",\"caption\":\"Tiago Costa\"},\"url\":\"http:\/\/maismagazine.pt\/index.php\/author\/tiago\/\"}]}<\/script>\n<!-- \/ Yoast SEO plugin. -->","yoast_head_json":{"title":"Cuidados Paliativos: dignidade at\u00e9 ao fim - Mais Magazine","description":"Os sistemas de sa\u00fade enfrentam hoje desafios estruturais que exigem respostas inovadoras e sustent\u00e1veis. O Servi\u00e7o Nacional de Sa\u00fade (SNS) n\u00e3o \u00e9 exce\u00e7\u00e3o. O envelhecimento da popula\u00e7\u00e3o, a crescente preval\u00eancia de doen\u00e7as cr\u00f3nicas, a maior sobreviv\u00eancia em situa\u00e7\u00f5es de doen\u00e7a grave e, em paralelo, as expectativas cada vez mais exigentes dos cidad\u00e3os quanto \u00e0 qualidade, proximidade e integra\u00e7\u00e3o dos cuidados, tornam os cuidados paliativos um eixo central na promo\u00e7\u00e3o de uma resposta humanizada.","robots":{"index":"index","follow":"follow","max-snippet":"max-snippet:-1","max-image-preview":"max-image-preview:large","max-video-preview":"max-video-preview:-1"},"canonical":"http:\/\/maismagazine.pt\/index.php\/2025\/09\/26\/cuidados-paliativos-dignidade-ate-ao-fim\/","og_locale":"pt_PT","og_type":"article","og_title":"Cuidados Paliativos: dignidade at\u00e9 ao fim - Mais Magazine","og_description":"Os sistemas de sa\u00fade enfrentam hoje desafios estruturais que exigem respostas inovadoras e sustent\u00e1veis. O Servi\u00e7o Nacional de Sa\u00fade (SNS) n\u00e3o \u00e9 exce\u00e7\u00e3o. O envelhecimento da popula\u00e7\u00e3o, a crescente preval\u00eancia de doen\u00e7as cr\u00f3nicas, a maior sobreviv\u00eancia em situa\u00e7\u00f5es de doen\u00e7a grave e, em paralelo, as expectativas cada vez mais exigentes dos cidad\u00e3os quanto \u00e0 qualidade, proximidade e integra\u00e7\u00e3o dos cuidados, tornam os cuidados paliativos um eixo central na promo\u00e7\u00e3o de uma resposta humanizada.","og_url":"http:\/\/maismagazine.pt\/index.php\/2025\/09\/26\/cuidados-paliativos-dignidade-ate-ao-fim\/","og_site_name":"Mais Magazine","article_published_time":"2025-09-26T06:00:00+00:00","og_image":[{"width":448,"height":560,"url":"http:\/\/maismagazine.pt\/wp-content\/uploads\/2025\/09\/2025_Foto_Alvaro-Santos-Almeida.jpg","type":"image\/jpeg"}],"author":"Tiago Costa","twitter_card":"summary_large_image","twitter_misc":{"Escrito por":false,"Tempo estimado de leitura":"4 minutos"},"schema":{"@context":"https:\/\/schema.org","@graph":[{"@type":"Article","@id":"http:\/\/maismagazine.pt\/index.php\/2025\/09\/26\/cuidados-paliativos-dignidade-ate-ao-fim\/#article","isPartOf":{"@id":"http:\/\/maismagazine.pt\/index.php\/2025\/09\/26\/cuidados-paliativos-dignidade-ate-ao-fim\/"},"author":{"name":"Tiago Costa","@id":"https:\/\/maismagazine.pt\/#\/schema\/person\/c6c5bfccc886434cbd11c74e035f9646"},"headline":"Cuidados Paliativos: dignidade at\u00e9 ao fim","datePublished":"2025-09-26T06:00:00+00:00","mainEntityOfPage":{"@id":"http:\/\/maismagazine.pt\/index.php\/2025\/09\/26\/cuidados-paliativos-dignidade-ate-ao-fim\/"},"wordCount":562,"publisher":{"@id":"https:\/\/maismagazine.pt\/#organization"},"image":{"@id":"http:\/\/maismagazine.pt\/index.php\/2025\/09\/26\/cuidados-paliativos-dignidade-ate-ao-fim\/#primaryimage"},"thumbnailUrl":"http:\/\/maismagazine.pt\/wp-content\/uploads\/2025\/09\/2025_Foto_Alvaro-Santos-Almeida.jpg","keywords":["SNS"],"articleSection":["Destaque lateral","Not\u00edcias","Sa\u00fade"],"inLanguage":"pt-PT"},{"@type":"WebPage","@id":"http:\/\/maismagazine.pt\/index.php\/2025\/09\/26\/cuidados-paliativos-dignidade-ate-ao-fim\/","url":"http:\/\/maismagazine.pt\/index.php\/2025\/09\/26\/cuidados-paliativos-dignidade-ate-ao-fim\/","name":"Cuidados Paliativos: dignidade at\u00e9 ao fim - Mais Magazine","isPartOf":{"@id":"https:\/\/maismagazine.pt\/#website"},"primaryImageOfPage":{"@id":"http:\/\/maismagazine.pt\/index.php\/2025\/09\/26\/cuidados-paliativos-dignidade-ate-ao-fim\/#primaryimage"},"image":{"@id":"http:\/\/maismagazine.pt\/index.php\/2025\/09\/26\/cuidados-paliativos-dignidade-ate-ao-fim\/#primaryimage"},"thumbnailUrl":"http:\/\/maismagazine.pt\/wp-content\/uploads\/2025\/09\/2025_Foto_Alvaro-Santos-Almeida.jpg","datePublished":"2025-09-26T06:00:00+00:00","description":"Os sistemas de sa\u00fade enfrentam hoje desafios estruturais que exigem respostas inovadoras e sustent\u00e1veis. O Servi\u00e7o Nacional de Sa\u00fade (SNS) n\u00e3o \u00e9 exce\u00e7\u00e3o. O envelhecimento da popula\u00e7\u00e3o, a crescente preval\u00eancia de doen\u00e7as cr\u00f3nicas, a maior sobreviv\u00eancia em situa\u00e7\u00f5es de doen\u00e7a grave e, em paralelo, as expectativas cada vez mais exigentes dos cidad\u00e3os quanto \u00e0 qualidade, proximidade e integra\u00e7\u00e3o dos cuidados, tornam os cuidados paliativos um eixo central na promo\u00e7\u00e3o de uma resposta humanizada.","breadcrumb":{"@id":"http:\/\/maismagazine.pt\/index.php\/2025\/09\/26\/cuidados-paliativos-dignidade-ate-ao-fim\/#breadcrumb"},"inLanguage":"pt-PT","potentialAction":[{"@type":"ReadAction","target":["http:\/\/maismagazine.pt\/index.php\/2025\/09\/26\/cuidados-paliativos-dignidade-ate-ao-fim\/"]}]},{"@type":"ImageObject","inLanguage":"pt-PT","@id":"http:\/\/maismagazine.pt\/index.php\/2025\/09\/26\/cuidados-paliativos-dignidade-ate-ao-fim\/#primaryimage","url":"http:\/\/maismagazine.pt\/wp-content\/uploads\/2025\/09\/2025_Foto_Alvaro-Santos-Almeida.jpg","contentUrl":"http:\/\/maismagazine.pt\/wp-content\/uploads\/2025\/09\/2025_Foto_Alvaro-Santos-Almeida.jpg","width":448,"height":560},{"@type":"BreadcrumbList","@id":"http:\/\/maismagazine.pt\/index.php\/2025\/09\/26\/cuidados-paliativos-dignidade-ate-ao-fim\/#breadcrumb","itemListElement":[{"@type":"ListItem","position":1,"name":"Home","item":"https:\/\/maismagazine.pt\/"},{"@type":"ListItem","position":2,"name":"Cuidados Paliativos: dignidade at\u00e9 ao fim"}]},{"@type":"WebSite","@id":"https:\/\/maismagazine.pt\/#website","url":"https:\/\/maismagazine.pt\/","name":"Mais Magazine","description":"","publisher":{"@id":"https:\/\/maismagazine.pt\/#organization"},"potentialAction":[{"@type":"SearchAction","target":{"@type":"EntryPoint","urlTemplate":"https:\/\/maismagazine.pt\/?s={search_term_string}"},"query-input":{"@type":"PropertyValueSpecification","valueRequired":true,"valueName":"search_term_string"}}],"inLanguage":"pt-PT"},{"@type":"Organization","@id":"https:\/\/maismagazine.pt\/#organization","name":"Mais Magazine","url":"https:\/\/maismagazine.pt\/","logo":{"@type":"ImageObject","inLanguage":"pt-PT","@id":"https:\/\/maismagazine.pt\/#\/schema\/logo\/image\/","url":"http:\/\/maismagazine.pt\/wp-content\/uploads\/2020\/04\/cropped-cropped-mais-magazine-site-logo-2.png","contentUrl":"http:\/\/maismagazine.pt\/wp-content\/uploads\/2020\/04\/cropped-cropped-mais-magazine-site-logo-2.png","width":581,"height":90,"caption":"Mais Magazine"},"image":{"@id":"https:\/\/maismagazine.pt\/#\/schema\/logo\/image\/"}},{"@type":"Person","@id":"https:\/\/maismagazine.pt\/#\/schema\/person\/c6c5bfccc886434cbd11c74e035f9646","name":"Tiago Costa","image":{"@type":"ImageObject","inLanguage":"pt-PT","@id":"https:\/\/maismagazine.pt\/#\/schema\/person\/image\/","url":"https:\/\/secure.gravatar.com\/avatar\/c599b2bce16c9870429198cbad5ee022?s=96&d=mm&r=g","contentUrl":"https:\/\/secure.gravatar.com\/avatar\/c599b2bce16c9870429198cbad5ee022?s=96&d=mm&r=g","caption":"Tiago Costa"},"url":"http:\/\/maismagazine.pt\/index.php\/author\/tiago\/"}]}},"author_meta":{"display_name":false,"author_link":"http:\/\/maismagazine.pt\/index.php\/author\/tiago\/"},"featured_img":"http:\/\/maismagazine.pt\/wp-content\/uploads\/2025\/09\/2025_Foto_Alvaro-Santos-Almeida-240x300.jpg","coauthors":[],"tax_additional":{"categories":{"linked":["<a href=\"http:\/\/maismagazine.pt\/index.php\/category\/destaque\/\" class=\"advgb-post-tax-term\">Destaque lateral<\/a>","<a href=\"http:\/\/maismagazine.pt\/index.php\/category\/noticias\/\" class=\"advgb-post-tax-term\">Not\u00edcias<\/a>","<a href=\"http:\/\/maismagazine.pt\/index.php\/category\/mundo-empresarial\/saude\/\" class=\"advgb-post-tax-term\">Sa\u00fade<\/a>"],"unlinked":["<span class=\"advgb-post-tax-term\">Destaque lateral<\/span>","<span class=\"advgb-post-tax-term\">Not\u00edcias<\/span>","<span class=\"advgb-post-tax-term\">Sa\u00fade<\/span>"]},"tags":{"linked":["<a href=\"http:\/\/maismagazine.pt\/index.php\/category\/mundo-empresarial\/saude\/\" class=\"advgb-post-tax-term\">SNS<\/a>"],"unlinked":["<span class=\"advgb-post-tax-term\">SNS<\/span>"]}},"comment_count":"0","relative_dates":{"created":"Posted 7 meses ago","modified":"Updated 7 meses ago"},"absolute_dates":{"created":"Posted on 26 de Setembro, 2025","modified":"Updated on 24 de Setembro, 2025"},"absolute_dates_time":{"created":"Posted on 26 de Setembro, 2025 7:00","modified":"Updated on 24 de Setembro, 2025 9:57"},"featured_img_caption":"","series_order":"","_links":{"self":[{"href":"http:\/\/maismagazine.pt\/index.php\/wp-json\/wp\/v2\/posts\/12717","targetHints":{"allow":["GET"]}}],"collection":[{"href":"http:\/\/maismagazine.pt\/index.php\/wp-json\/wp\/v2\/posts"}],"about":[{"href":"http:\/\/maismagazine.pt\/index.php\/wp-json\/wp\/v2\/types\/post"}],"author":[{"embeddable":true,"href":"http:\/\/maismagazine.pt\/index.php\/wp-json\/wp\/v2\/users\/17"}],"replies":[{"embeddable":true,"href":"http:\/\/maismagazine.pt\/index.php\/wp-json\/wp\/v2\/comments?post=12717"}],"version-history":[{"count":1,"href":"http:\/\/maismagazine.pt\/index.php\/wp-json\/wp\/v2\/posts\/12717\/revisions"}],"predecessor-version":[{"id":12720,"href":"http:\/\/maismagazine.pt\/index.php\/wp-json\/wp\/v2\/posts\/12717\/revisions\/12720"}],"wp:featuredmedia":[{"embeddable":true,"href":"http:\/\/maismagazine.pt\/index.php\/wp-json\/wp\/v2\/media\/12719"}],"wp:attachment":[{"href":"http:\/\/maismagazine.pt\/index.php\/wp-json\/wp\/v2\/media?parent=12717"}],"wp:term":[{"taxonomy":"category","embeddable":true,"href":"http:\/\/maismagazine.pt\/index.php\/wp-json\/wp\/v2\/categories?post=12717"},{"taxonomy":"post_tag","embeddable":true,"href":"http:\/\/maismagazine.pt\/index.php\/wp-json\/wp\/v2\/tags?post=12717"}],"curies":[{"name":"wp","href":"https:\/\/api.w.org\/{rel}","templated":true}]}}