{"id":12692,"date":"2025-09-26T07:00:00","date_gmt":"2025-09-26T06:00:00","guid":{"rendered":"https:\/\/maismagazine.pt\/?p=12692"},"modified":"2025-09-23T12:14:27","modified_gmt":"2025-09-23T11:14:27","slug":"santa-casa-assume-se-como-um-importante-parceiro-na-prestacao-de-cuidados-continuados","status":"publish","type":"post","link":"http:\/\/maismagazine.pt\/index.php\/2025\/09\/26\/santa-casa-assume-se-como-um-importante-parceiro-na-prestacao-de-cuidados-continuados\/","title":{"rendered":"Santa Casa assume-se como um importante parceiro na presta\u00e7\u00e3o de cuidados continuados"},"content":{"rendered":"\n<p><strong>Os cuidados continuados integrados t\u00eam sido uma prioridade para a <a href=\"http:\/\/www.scml.pt\">Santa Casa da Miseric\u00f3rdia de Lisboa (SCML<\/a>). Atualmente, 90% das 218 camas de internamento que a Institui\u00e7\u00e3o disp\u00f5e est\u00e3o afetas \u00e0 Rede Nacional de Cuidados Continuados Integrados (RNCCI), \u00e0 qual a SCML se associou em 2016. <\/strong><\/p>\n\n\n\n<p><\/p>\n\n\n\n<p>Portugal ocupa atualmente o 4.\u00ba lugar na lista dos pa\u00edses mais envelhecidos do mundo \u2013 com todos os desafios sociais e de sa\u00fade que esta realidade acarreta \u2013 sendo que a garantia de respostas adequadas face \u00e0 longevidade da popula\u00e7\u00e3o exige institui\u00e7\u00f5es s\u00f3lidas, com experi\u00eancia e capacidade de adapta\u00e7\u00e3o. Com 527 anos de hist\u00f3ria, a SCML encaixa neste perfil. Mantendo-se fiel \u00e0 sua miss\u00e3o de promover o bem-estar dos cidad\u00e3os, em especial dos mais desprotegidos, esta Institui\u00e7\u00e3o tem sabido evoluir com os tempos. No dom\u00ednio dos cuidados continuados integrados, e ciente de que o envelhecimento da popula\u00e7\u00e3o determina, e continuar\u00e1 a determinar, o crescimento da procura por este tipo de cuidados, a SCML tem vindo a refor\u00e7ar o investimento nesta \u00e1rea, aumentando a capacidade das suas tr\u00eas unidades de internamento: a UCCI Rainha D. Leonor disp\u00f5e atualmente de 91 camas, a UCCI S. Roque oferece 44 camas, e a UCCI M\u00aa Jos\u00e9 Nogueira Pinto disponibiliza 83 camas. As duas primeiras encontram-se em Lisboa e a \u00faltima em Cascais. Estas unidades representam 50% da oferta da RNCCI na cidade de Lisboa e 10% na regi\u00e3o de Lisboa e Vale do Tejo. No total, entre 2016 e 2024, trataram de 1.910 utentes nas tr\u00eas tipologias gerais da RNCCI. <\/p>\n\n\n\n<p><\/p>\n\n\n\n<p>Refira-se que na UCCI M\u00aa Jos\u00e9 Nogueira Pinto a SCML disp\u00f5e, tamb\u00e9m, de internamento em regime privado, onde foram atendidos 560 doentes desde a sua abertura, em 2012, at\u00e9 ao final de 2024.Nas UCCI da Santa Casa o foco da interven\u00e7\u00e3o \u00e9 a recupera\u00e7\u00e3o global da pessoa em situa\u00e7\u00e3o de depend\u00eancia, promovendo a sua reabilita\u00e7\u00e3o, readapta\u00e7\u00e3o e reintegra\u00e7\u00e3o. A concretiza\u00e7\u00e3o destes objetivos implica a interven\u00e7\u00e3o de uma equipa multidisciplinar, composta por profissionais de \u00e1reas distintas, mas complementares: m\u00e9dicos, enfermeiros, psic\u00f3logos, assistentes sociais, terapeutas, animadores, nutricionistas, farmac\u00eauticos. Trata-se de um modelo inovador de interven\u00e7\u00e3o criado pela RNCCI, ao qual, como explica \u00c2ngela Guerra, administradora com o pelouro da Dire\u00e7\u00e3o de Cuidados Continuados Integrados da Institui\u00e7\u00e3o, \u201ca Santa Casa tem procurado responder com a fidelidade poss\u00edvel e uma pr\u00e1tica di\u00e1ria orientada para a melhoria cont\u00ednua, com vista ao bem-estar das pessoas para quem trabalha\u201d. Acreditando que s\u00f3 com uma aposta clara nas dimens\u00f5es da qualidade e da inova\u00e7\u00e3o \u00e9 poss\u00edvel continuar esta trajet\u00f3ria de melhoria cont\u00ednua, a SCML promove forma\u00e7\u00e3o, capacita\u00e7\u00e3o e qualifica\u00e7\u00e3o especializada das suas equipas e fomenta a dinamiza\u00e7\u00e3o de parcerias com institui\u00e7\u00f5es acad\u00e9micas, quer nacionais quer internacionais, para a divulga\u00e7\u00e3o e partilha do conhecimento e das melhores pr\u00e1ticas nesta \u00e1rea. O objetivo \u00e9 claro: garantir a melhor presta\u00e7\u00e3o de cuidados aos utentes e um ambiente institucional de motiva\u00e7\u00e3o e valoriza\u00e7\u00e3o de todos aqueles que prestam estes cuidados. <\/p>\n\n\n\n<p><\/p>\n\n\n<div class=\"wp-block-image\">\n<figure class=\"aligncenter size-large is-resized\"><img loading=\"lazy\" decoding=\"async\" width=\"1024\" height=\"683\" src=\"https:\/\/maismagazine.pt\/wp-content\/uploads\/2025\/09\/1-1024x683.jpg\" alt=\"\" class=\"wp-image-12693\" style=\"width:423px;height:auto\" srcset=\"http:\/\/maismagazine.pt\/wp-content\/uploads\/2025\/09\/1-1024x683.jpg 1024w, http:\/\/maismagazine.pt\/wp-content\/uploads\/2025\/09\/1-300x200.jpg 300w, http:\/\/maismagazine.pt\/wp-content\/uploads\/2025\/09\/1-768x512.jpg 768w, http:\/\/maismagazine.pt\/wp-content\/uploads\/2025\/09\/1-1536x1024.jpg 1536w, http:\/\/maismagazine.pt\/wp-content\/uploads\/2025\/09\/1-150x100.jpg 150w, http:\/\/maismagazine.pt\/wp-content\/uploads\/2025\/09\/1.jpg 1920w\" sizes=\"auto, (max-width: 1024px) 100vw, 1024px\" \/><\/figure><\/div>\n\n\n<p><\/p>\n\n\n\n<p>E porque a presta\u00e7\u00e3o de cuidados continuados integrados assenta numa rela\u00e7\u00e3o de colabora\u00e7\u00e3o e participa\u00e7\u00e3o ativa do utente e seus familiares, est\u00e3o implementados pela Dire\u00e7\u00e3o de Cuidados Continuados Integrados da SCML processos formais de recolha de feedback, atrav\u00e9s de inqu\u00e9ritos de satisfa\u00e7\u00e3o e da an\u00e1lise sistem\u00e1tica dessas avalia\u00e7\u00f5es, que s\u00e3o consideradas um fator fundamental para a avalia\u00e7\u00e3o da qualidade da presta\u00e7\u00e3o de cuidados nas UCCI da Institui\u00e7\u00e3o. Para o futuro, a Institui\u00e7\u00e3o pretende continuar a tra\u00e7ar um caminho inovador nesta \u00e1rea, tendo prevista a abertura da primeira unidade de cuidados continuados integrados de ambulat\u00f3rio. Desta forma, a Santa Casa volta a evidenciar-se como pilar incontorn\u00e1vel na \u00e1rea dos cuidados continuados integrados e a contribuir ativamente para um modelo essencial para a coes\u00e3o social e para a dignidade dos cidad\u00e3os. <\/p>\n\n\n\n<p><\/p>\n\n\n<div class=\"wp-block-image\">\n<figure class=\"aligncenter size-full is-resized\"><img loading=\"lazy\" decoding=\"async\" width=\"860\" height=\"860\" src=\"https:\/\/maismagazine.pt\/wp-content\/uploads\/2025\/09\/58004060_2094793727256128_6412881262398144512_n.png\" alt=\"\" class=\"wp-image-12694\" style=\"width:249px;height:auto\" srcset=\"http:\/\/maismagazine.pt\/wp-content\/uploads\/2025\/09\/58004060_2094793727256128_6412881262398144512_n.png 860w, http:\/\/maismagazine.pt\/wp-content\/uploads\/2025\/09\/58004060_2094793727256128_6412881262398144512_n-300x300.png 300w, http:\/\/maismagazine.pt\/wp-content\/uploads\/2025\/09\/58004060_2094793727256128_6412881262398144512_n-150x150.png 150w, http:\/\/maismagazine.pt\/wp-content\/uploads\/2025\/09\/58004060_2094793727256128_6412881262398144512_n-768x768.png 768w\" sizes=\"auto, (max-width: 860px) 100vw, 860px\" \/><\/figure><\/div>","protected":false},"excerpt":{"rendered":"<p>Os cuidados continuados integrados t\u00eam sido uma prioridade para a Santa Casa da Miseric\u00f3rdia de Lisboa (SCML). Atualmente, 90% das 218 camas de internamento que a Institui\u00e7\u00e3o disp\u00f5e est\u00e3o afetas \u00e0 Rede Nacional de Cuidados Continuados Integrados (RNCCI), \u00e0 qual a SCML se associou em 2016. Portugal ocupa atualmente o&hellip;<\/p>\n","protected":false},"author":17,"featured_media":12696,"comment_status":"closed","ping_status":"open","sticky":false,"template":"","format":"standard","meta":{"advgb_blocks_editor_width":"","advgb_blocks_columns_visual_guide":"","_monsterinsights_skip_tracking":false,"_monsterinsights_sitenote_active":false,"_monsterinsights_sitenote_note":"","_monsterinsights_sitenote_category":0,"footnotes":""},"categories":[313],"tags":[2444],"class_list":["post-12692","post","type-post","status-publish","format-standard","has-post-thumbnail","hentry","category-saude","tag-santa-casa-misericordia-de-lisboa"],"yoast_head":"<!-- This site is optimized with the Yoast SEO plugin v24.4 - https:\/\/yoast.com\/wordpress\/plugins\/seo\/ -->\n<title>Santa Casa assume-se como um importante parceiro na presta\u00e7\u00e3o de cuidados continuados - Mais Magazine<\/title>\n<meta name=\"description\" content=\"Os cuidados continuados integrados t\u00eam sido uma prioridade para a Santa Casa da Miseric\u00f3rdia de Lisboa (SCML). Atualmente, 90% das 218 camas de internamento que a Institui\u00e7\u00e3o disp\u00f5e est\u00e3o afetas \u00e0 Rede Nacional de Cuidados Continuados Integrados (RNCCI), \u00e0 qual a SCML se associou em 2016.\" \/>\n<meta name=\"robots\" content=\"index, follow, max-snippet:-1, max-image-preview:large, max-video-preview:-1\" \/>\n<link rel=\"canonical\" href=\"http:\/\/maismagazine.pt\/index.php\/2025\/09\/26\/santa-casa-assume-se-como-um-importante-parceiro-na-prestacao-de-cuidados-continuados\/\" \/>\n<meta property=\"og:locale\" content=\"pt_PT\" \/>\n<meta property=\"og:type\" content=\"article\" \/>\n<meta property=\"og:title\" content=\"Santa Casa assume-se como um importante parceiro na presta\u00e7\u00e3o de cuidados continuados - Mais Magazine\" \/>\n<meta property=\"og:description\" content=\"Os cuidados continuados integrados t\u00eam sido uma prioridade para a Santa Casa da Miseric\u00f3rdia de Lisboa (SCML). Atualmente, 90% das 218 camas de internamento que a Institui\u00e7\u00e3o disp\u00f5e est\u00e3o afetas \u00e0 Rede Nacional de Cuidados Continuados Integrados (RNCCI), \u00e0 qual a SCML se associou em 2016.\" \/>\n<meta property=\"og:url\" content=\"http:\/\/maismagazine.pt\/index.php\/2025\/09\/26\/santa-casa-assume-se-como-um-importante-parceiro-na-prestacao-de-cuidados-continuados\/\" \/>\n<meta property=\"og:site_name\" content=\"Mais Magazine\" \/>\n<meta property=\"article:published_time\" content=\"2025-09-26T06:00:00+00:00\" \/>\n<meta property=\"og:image\" content=\"http:\/\/maismagazine.pt\/wp-content\/uploads\/2025\/09\/2-1.jpg\" \/>\n\t<meta property=\"og:image:width\" content=\"568\" \/>\n\t<meta property=\"og:image:height\" content=\"379\" \/>\n\t<meta property=\"og:image:type\" content=\"image\/jpeg\" \/>\n<meta name=\"author\" content=\"Tiago Costa\" \/>\n<meta name=\"twitter:card\" content=\"summary_large_image\" \/>\n<meta name=\"twitter:label1\" content=\"Escrito por\" \/>\n\t<meta name=\"twitter:data1\" content=\"\" \/>\n\t<meta name=\"twitter:label2\" content=\"Tempo estimado de leitura\" \/>\n\t<meta name=\"twitter:data2\" content=\"4 minutos\" \/>\n<script type=\"application\/ld+json\" class=\"yoast-schema-graph\">{\"@context\":\"https:\/\/schema.org\",\"@graph\":[{\"@type\":\"Article\",\"@id\":\"http:\/\/maismagazine.pt\/index.php\/2025\/09\/26\/santa-casa-assume-se-como-um-importante-parceiro-na-prestacao-de-cuidados-continuados\/#article\",\"isPartOf\":{\"@id\":\"http:\/\/maismagazine.pt\/index.php\/2025\/09\/26\/santa-casa-assume-se-como-um-importante-parceiro-na-prestacao-de-cuidados-continuados\/\"},\"author\":{\"name\":\"Tiago Costa\",\"@id\":\"http:\/\/maismagazine.pt\/#\/schema\/person\/c6c5bfccc886434cbd11c74e035f9646\"},\"headline\":\"Santa Casa assume-se como um importante parceiro na presta\u00e7\u00e3o de cuidados continuados\",\"datePublished\":\"2025-09-26T06:00:00+00:00\",\"mainEntityOfPage\":{\"@id\":\"http:\/\/maismagazine.pt\/index.php\/2025\/09\/26\/santa-casa-assume-se-como-um-importante-parceiro-na-prestacao-de-cuidados-continuados\/\"},\"wordCount\":680,\"publisher\":{\"@id\":\"http:\/\/maismagazine.pt\/#organization\"},\"image\":{\"@id\":\"http:\/\/maismagazine.pt\/index.php\/2025\/09\/26\/santa-casa-assume-se-como-um-importante-parceiro-na-prestacao-de-cuidados-continuados\/#primaryimage\"},\"thumbnailUrl\":\"http:\/\/maismagazine.pt\/wp-content\/uploads\/2025\/09\/2-1.jpg\",\"keywords\":[\"Santa Casa Miseric\u00f3rdia de Lisboa\"],\"articleSection\":[\"Sa\u00fade\"],\"inLanguage\":\"pt-PT\"},{\"@type\":\"WebPage\",\"@id\":\"http:\/\/maismagazine.pt\/index.php\/2025\/09\/26\/santa-casa-assume-se-como-um-importante-parceiro-na-prestacao-de-cuidados-continuados\/\",\"url\":\"http:\/\/maismagazine.pt\/index.php\/2025\/09\/26\/santa-casa-assume-se-como-um-importante-parceiro-na-prestacao-de-cuidados-continuados\/\",\"name\":\"Santa Casa assume-se como um importante parceiro na presta\u00e7\u00e3o de cuidados continuados - Mais Magazine\",\"isPartOf\":{\"@id\":\"http:\/\/maismagazine.pt\/#website\"},\"primaryImageOfPage\":{\"@id\":\"http:\/\/maismagazine.pt\/index.php\/2025\/09\/26\/santa-casa-assume-se-como-um-importante-parceiro-na-prestacao-de-cuidados-continuados\/#primaryimage\"},\"image\":{\"@id\":\"http:\/\/maismagazine.pt\/index.php\/2025\/09\/26\/santa-casa-assume-se-como-um-importante-parceiro-na-prestacao-de-cuidados-continuados\/#primaryimage\"},\"thumbnailUrl\":\"http:\/\/maismagazine.pt\/wp-content\/uploads\/2025\/09\/2-1.jpg\",\"datePublished\":\"2025-09-26T06:00:00+00:00\",\"description\":\"Os cuidados continuados integrados t\u00eam sido uma prioridade para a Santa Casa da Miseric\u00f3rdia de Lisboa (SCML). Atualmente, 90% das 218 camas de internamento que a Institui\u00e7\u00e3o disp\u00f5e est\u00e3o afetas \u00e0 Rede Nacional de Cuidados Continuados Integrados (RNCCI), \u00e0 qual a SCML se associou em 2016.\",\"breadcrumb\":{\"@id\":\"http:\/\/maismagazine.pt\/index.php\/2025\/09\/26\/santa-casa-assume-se-como-um-importante-parceiro-na-prestacao-de-cuidados-continuados\/#breadcrumb\"},\"inLanguage\":\"pt-PT\",\"potentialAction\":[{\"@type\":\"ReadAction\",\"target\":[\"http:\/\/maismagazine.pt\/index.php\/2025\/09\/26\/santa-casa-assume-se-como-um-importante-parceiro-na-prestacao-de-cuidados-continuados\/\"]}]},{\"@type\":\"ImageObject\",\"inLanguage\":\"pt-PT\",\"@id\":\"http:\/\/maismagazine.pt\/index.php\/2025\/09\/26\/santa-casa-assume-se-como-um-importante-parceiro-na-prestacao-de-cuidados-continuados\/#primaryimage\",\"url\":\"http:\/\/maismagazine.pt\/wp-content\/uploads\/2025\/09\/2-1.jpg\",\"contentUrl\":\"http:\/\/maismagazine.pt\/wp-content\/uploads\/2025\/09\/2-1.jpg\",\"width\":568,\"height\":379},{\"@type\":\"BreadcrumbList\",\"@id\":\"http:\/\/maismagazine.pt\/index.php\/2025\/09\/26\/santa-casa-assume-se-como-um-importante-parceiro-na-prestacao-de-cuidados-continuados\/#breadcrumb\",\"itemListElement\":[{\"@type\":\"ListItem\",\"position\":1,\"name\":\"Home\",\"item\":\"http:\/\/maismagazine.pt\/\"},{\"@type\":\"ListItem\",\"position\":2,\"name\":\"Santa Casa assume-se como um importante parceiro na presta\u00e7\u00e3o de cuidados continuados\"}]},{\"@type\":\"WebSite\",\"@id\":\"http:\/\/maismagazine.pt\/#website\",\"url\":\"http:\/\/maismagazine.pt\/\",\"name\":\"Mais Magazine\",\"description\":\"\",\"publisher\":{\"@id\":\"http:\/\/maismagazine.pt\/#organization\"},\"potentialAction\":[{\"@type\":\"SearchAction\",\"target\":{\"@type\":\"EntryPoint\",\"urlTemplate\":\"http:\/\/maismagazine.pt\/?s={search_term_string}\"},\"query-input\":{\"@type\":\"PropertyValueSpecification\",\"valueRequired\":true,\"valueName\":\"search_term_string\"}}],\"inLanguage\":\"pt-PT\"},{\"@type\":\"Organization\",\"@id\":\"http:\/\/maismagazine.pt\/#organization\",\"name\":\"Mais Magazine\",\"url\":\"http:\/\/maismagazine.pt\/\",\"logo\":{\"@type\":\"ImageObject\",\"inLanguage\":\"pt-PT\",\"@id\":\"http:\/\/maismagazine.pt\/#\/schema\/logo\/image\/\",\"url\":\"http:\/\/maismagazine.pt\/wp-content\/uploads\/2020\/04\/cropped-cropped-mais-magazine-site-logo-2.png\",\"contentUrl\":\"http:\/\/maismagazine.pt\/wp-content\/uploads\/2020\/04\/cropped-cropped-mais-magazine-site-logo-2.png\",\"width\":581,\"height\":90,\"caption\":\"Mais Magazine\"},\"image\":{\"@id\":\"http:\/\/maismagazine.pt\/#\/schema\/logo\/image\/\"}},{\"@type\":\"Person\",\"@id\":\"http:\/\/maismagazine.pt\/#\/schema\/person\/c6c5bfccc886434cbd11c74e035f9646\",\"name\":\"Tiago Costa\",\"image\":{\"@type\":\"ImageObject\",\"inLanguage\":\"pt-PT\",\"@id\":\"http:\/\/maismagazine.pt\/#\/schema\/person\/image\/\",\"url\":\"https:\/\/secure.gravatar.com\/avatar\/c599b2bce16c9870429198cbad5ee022?s=96&d=mm&r=g\",\"contentUrl\":\"https:\/\/secure.gravatar.com\/avatar\/c599b2bce16c9870429198cbad5ee022?s=96&d=mm&r=g\",\"caption\":\"Tiago Costa\"},\"url\":\"http:\/\/maismagazine.pt\/index.php\/author\/tiago\/\"}]}<\/script>\n<!-- \/ Yoast SEO plugin. -->","yoast_head_json":{"title":"Santa Casa assume-se como um importante parceiro na presta\u00e7\u00e3o de cuidados continuados - Mais Magazine","description":"Os cuidados continuados integrados t\u00eam sido uma prioridade para a Santa Casa da Miseric\u00f3rdia de Lisboa (SCML). Atualmente, 90% das 218 camas de internamento que a Institui\u00e7\u00e3o disp\u00f5e est\u00e3o afetas \u00e0 Rede Nacional de Cuidados Continuados Integrados (RNCCI), \u00e0 qual a SCML se associou em 2016.","robots":{"index":"index","follow":"follow","max-snippet":"max-snippet:-1","max-image-preview":"max-image-preview:large","max-video-preview":"max-video-preview:-1"},"canonical":"http:\/\/maismagazine.pt\/index.php\/2025\/09\/26\/santa-casa-assume-se-como-um-importante-parceiro-na-prestacao-de-cuidados-continuados\/","og_locale":"pt_PT","og_type":"article","og_title":"Santa Casa assume-se como um importante parceiro na presta\u00e7\u00e3o de cuidados continuados - Mais Magazine","og_description":"Os cuidados continuados integrados t\u00eam sido uma prioridade para a Santa Casa da Miseric\u00f3rdia de Lisboa (SCML). Atualmente, 90% das 218 camas de internamento que a Institui\u00e7\u00e3o disp\u00f5e est\u00e3o afetas \u00e0 Rede Nacional de Cuidados Continuados Integrados (RNCCI), \u00e0 qual a SCML se associou em 2016.","og_url":"http:\/\/maismagazine.pt\/index.php\/2025\/09\/26\/santa-casa-assume-se-como-um-importante-parceiro-na-prestacao-de-cuidados-continuados\/","og_site_name":"Mais Magazine","article_published_time":"2025-09-26T06:00:00+00:00","og_image":[{"width":568,"height":379,"url":"http:\/\/maismagazine.pt\/wp-content\/uploads\/2025\/09\/2-1.jpg","type":"image\/jpeg"}],"author":"Tiago Costa","twitter_card":"summary_large_image","twitter_misc":{"Escrito por":false,"Tempo estimado de leitura":"4 minutos"},"schema":{"@context":"https:\/\/schema.org","@graph":[{"@type":"Article","@id":"http:\/\/maismagazine.pt\/index.php\/2025\/09\/26\/santa-casa-assume-se-como-um-importante-parceiro-na-prestacao-de-cuidados-continuados\/#article","isPartOf":{"@id":"http:\/\/maismagazine.pt\/index.php\/2025\/09\/26\/santa-casa-assume-se-como-um-importante-parceiro-na-prestacao-de-cuidados-continuados\/"},"author":{"name":"Tiago Costa","@id":"http:\/\/maismagazine.pt\/#\/schema\/person\/c6c5bfccc886434cbd11c74e035f9646"},"headline":"Santa Casa assume-se como um importante parceiro na presta\u00e7\u00e3o de cuidados continuados","datePublished":"2025-09-26T06:00:00+00:00","mainEntityOfPage":{"@id":"http:\/\/maismagazine.pt\/index.php\/2025\/09\/26\/santa-casa-assume-se-como-um-importante-parceiro-na-prestacao-de-cuidados-continuados\/"},"wordCount":680,"publisher":{"@id":"http:\/\/maismagazine.pt\/#organization"},"image":{"@id":"http:\/\/maismagazine.pt\/index.php\/2025\/09\/26\/santa-casa-assume-se-como-um-importante-parceiro-na-prestacao-de-cuidados-continuados\/#primaryimage"},"thumbnailUrl":"http:\/\/maismagazine.pt\/wp-content\/uploads\/2025\/09\/2-1.jpg","keywords":["Santa Casa Miseric\u00f3rdia de Lisboa"],"articleSection":["Sa\u00fade"],"inLanguage":"pt-PT"},{"@type":"WebPage","@id":"http:\/\/maismagazine.pt\/index.php\/2025\/09\/26\/santa-casa-assume-se-como-um-importante-parceiro-na-prestacao-de-cuidados-continuados\/","url":"http:\/\/maismagazine.pt\/index.php\/2025\/09\/26\/santa-casa-assume-se-como-um-importante-parceiro-na-prestacao-de-cuidados-continuados\/","name":"Santa Casa assume-se como um importante parceiro na presta\u00e7\u00e3o de cuidados continuados - Mais Magazine","isPartOf":{"@id":"http:\/\/maismagazine.pt\/#website"},"primaryImageOfPage":{"@id":"http:\/\/maismagazine.pt\/index.php\/2025\/09\/26\/santa-casa-assume-se-como-um-importante-parceiro-na-prestacao-de-cuidados-continuados\/#primaryimage"},"image":{"@id":"http:\/\/maismagazine.pt\/index.php\/2025\/09\/26\/santa-casa-assume-se-como-um-importante-parceiro-na-prestacao-de-cuidados-continuados\/#primaryimage"},"thumbnailUrl":"http:\/\/maismagazine.pt\/wp-content\/uploads\/2025\/09\/2-1.jpg","datePublished":"2025-09-26T06:00:00+00:00","description":"Os cuidados continuados integrados t\u00eam sido uma prioridade para a Santa Casa da Miseric\u00f3rdia de Lisboa (SCML). Atualmente, 90% das 218 camas de internamento que a Institui\u00e7\u00e3o disp\u00f5e est\u00e3o afetas \u00e0 Rede Nacional de Cuidados Continuados Integrados (RNCCI), \u00e0 qual a SCML se associou em 2016.","breadcrumb":{"@id":"http:\/\/maismagazine.pt\/index.php\/2025\/09\/26\/santa-casa-assume-se-como-um-importante-parceiro-na-prestacao-de-cuidados-continuados\/#breadcrumb"},"inLanguage":"pt-PT","potentialAction":[{"@type":"ReadAction","target":["http:\/\/maismagazine.pt\/index.php\/2025\/09\/26\/santa-casa-assume-se-como-um-importante-parceiro-na-prestacao-de-cuidados-continuados\/"]}]},{"@type":"ImageObject","inLanguage":"pt-PT","@id":"http:\/\/maismagazine.pt\/index.php\/2025\/09\/26\/santa-casa-assume-se-como-um-importante-parceiro-na-prestacao-de-cuidados-continuados\/#primaryimage","url":"http:\/\/maismagazine.pt\/wp-content\/uploads\/2025\/09\/2-1.jpg","contentUrl":"http:\/\/maismagazine.pt\/wp-content\/uploads\/2025\/09\/2-1.jpg","width":568,"height":379},{"@type":"BreadcrumbList","@id":"http:\/\/maismagazine.pt\/index.php\/2025\/09\/26\/santa-casa-assume-se-como-um-importante-parceiro-na-prestacao-de-cuidados-continuados\/#breadcrumb","itemListElement":[{"@type":"ListItem","position":1,"name":"Home","item":"http:\/\/maismagazine.pt\/"},{"@type":"ListItem","position":2,"name":"Santa Casa assume-se como um importante parceiro na presta\u00e7\u00e3o de cuidados continuados"}]},{"@type":"WebSite","@id":"http:\/\/maismagazine.pt\/#website","url":"http:\/\/maismagazine.pt\/","name":"Mais Magazine","description":"","publisher":{"@id":"http:\/\/maismagazine.pt\/#organization"},"potentialAction":[{"@type":"SearchAction","target":{"@type":"EntryPoint","urlTemplate":"http:\/\/maismagazine.pt\/?s={search_term_string}"},"query-input":{"@type":"PropertyValueSpecification","valueRequired":true,"valueName":"search_term_string"}}],"inLanguage":"pt-PT"},{"@type":"Organization","@id":"http:\/\/maismagazine.pt\/#organization","name":"Mais Magazine","url":"http:\/\/maismagazine.pt\/","logo":{"@type":"ImageObject","inLanguage":"pt-PT","@id":"http:\/\/maismagazine.pt\/#\/schema\/logo\/image\/","url":"http:\/\/maismagazine.pt\/wp-content\/uploads\/2020\/04\/cropped-cropped-mais-magazine-site-logo-2.png","contentUrl":"http:\/\/maismagazine.pt\/wp-content\/uploads\/2020\/04\/cropped-cropped-mais-magazine-site-logo-2.png","width":581,"height":90,"caption":"Mais Magazine"},"image":{"@id":"http:\/\/maismagazine.pt\/#\/schema\/logo\/image\/"}},{"@type":"Person","@id":"http:\/\/maismagazine.pt\/#\/schema\/person\/c6c5bfccc886434cbd11c74e035f9646","name":"Tiago Costa","image":{"@type":"ImageObject","inLanguage":"pt-PT","@id":"http:\/\/maismagazine.pt\/#\/schema\/person\/image\/","url":"https:\/\/secure.gravatar.com\/avatar\/c599b2bce16c9870429198cbad5ee022?s=96&d=mm&r=g","contentUrl":"https:\/\/secure.gravatar.com\/avatar\/c599b2bce16c9870429198cbad5ee022?s=96&d=mm&r=g","caption":"Tiago Costa"},"url":"http:\/\/maismagazine.pt\/index.php\/author\/tiago\/"}]}},"author_meta":{"display_name":false,"author_link":"http:\/\/maismagazine.pt\/index.php\/author\/tiago\/"},"featured_img":"http:\/\/maismagazine.pt\/wp-content\/uploads\/2025\/09\/2-1-300x200.jpg","coauthors":[],"tax_additional":{"categories":{"linked":["<a href=\"http:\/\/maismagazine.pt\/index.php\/category\/mundo-empresarial\/saude\/\" class=\"advgb-post-tax-term\">Sa\u00fade<\/a>"],"unlinked":["<span class=\"advgb-post-tax-term\">Sa\u00fade<\/span>"]},"tags":{"linked":["<a href=\"http:\/\/maismagazine.pt\/index.php\/category\/mundo-empresarial\/saude\/\" class=\"advgb-post-tax-term\">Santa Casa Miseric\u00f3rdia de Lisboa<\/a>"],"unlinked":["<span class=\"advgb-post-tax-term\">Santa Casa Miseric\u00f3rdia de Lisboa<\/span>"]}},"comment_count":"0","relative_dates":{"created":"Posted 7 meses ago","modified":"Updated 7 meses ago"},"absolute_dates":{"created":"Posted on 26 de Setembro, 2025","modified":"Updated on 23 de Setembro, 2025"},"absolute_dates_time":{"created":"Posted on 26 de Setembro, 2025 7:00","modified":"Updated on 23 de Setembro, 2025 12:14"},"featured_img_caption":"","series_order":"","_links":{"self":[{"href":"http:\/\/maismagazine.pt\/index.php\/wp-json\/wp\/v2\/posts\/12692","targetHints":{"allow":["GET"]}}],"collection":[{"href":"http:\/\/maismagazine.pt\/index.php\/wp-json\/wp\/v2\/posts"}],"about":[{"href":"http:\/\/maismagazine.pt\/index.php\/wp-json\/wp\/v2\/types\/post"}],"author":[{"embeddable":true,"href":"http:\/\/maismagazine.pt\/index.php\/wp-json\/wp\/v2\/users\/17"}],"replies":[{"embeddable":true,"href":"http:\/\/maismagazine.pt\/index.php\/wp-json\/wp\/v2\/comments?post=12692"}],"version-history":[{"count":1,"href":"http:\/\/maismagazine.pt\/index.php\/wp-json\/wp\/v2\/posts\/12692\/revisions"}],"predecessor-version":[{"id":12697,"href":"http:\/\/maismagazine.pt\/index.php\/wp-json\/wp\/v2\/posts\/12692\/revisions\/12697"}],"wp:featuredmedia":[{"embeddable":true,"href":"http:\/\/maismagazine.pt\/index.php\/wp-json\/wp\/v2\/media\/12696"}],"wp:attachment":[{"href":"http:\/\/maismagazine.pt\/index.php\/wp-json\/wp\/v2\/media?parent=12692"}],"wp:term":[{"taxonomy":"category","embeddable":true,"href":"http:\/\/maismagazine.pt\/index.php\/wp-json\/wp\/v2\/categories?post=12692"},{"taxonomy":"post_tag","embeddable":true,"href":"http:\/\/maismagazine.pt\/index.php\/wp-json\/wp\/v2\/tags?post=12692"}],"curies":[{"name":"wp","href":"https:\/\/api.w.org\/{rel}","templated":true}]}}