{"id":12679,"date":"2025-09-26T07:00:00","date_gmt":"2025-09-26T06:00:00","guid":{"rendered":"https:\/\/maismagazine.pt\/?p=12679"},"modified":"2025-09-23T12:07:22","modified_gmt":"2025-09-23T11:07:22","slug":"142-anos-de-inovacao-e-excelencia-em-saude-mental","status":"publish","type":"post","link":"http:\/\/maismagazine.pt\/index.php\/2025\/09\/26\/142-anos-de-inovacao-e-excelencia-em-saude-mental\/","title":{"rendered":"142 anos de inova\u00e7\u00e3o e excel\u00eancia em sa\u00fade mental"},"content":{"rendered":"\n<p><strong>Fundado em 1883 como o primeiro hospital em Portugal dedicado \u00e0 Psiquiatria, o <a href=\"http:\/\/www.scmp.pt\/pt-pt\/saude\/chcf\">Centro Hospitalar Conde de Ferreira<\/a> continua a ser uma refer\u00eancia nacional na promo\u00e7\u00e3o da sa\u00fade mental. Com uma oferta integrada de cuidados em ambulat\u00f3rio, internamento e apoio domicili\u00e1rio, aposta na investiga\u00e7\u00e3o, na inova\u00e7\u00e3o terap\u00eautica e numa abordagem humanizada que valoriza cada pessoa e refor\u00e7a a inclus\u00e3o na comunidade. <\/strong><\/p>\n\n\n\n<p><\/p>\n\n\n\n<p><strong>Introdu\u00e7\u00e3o hist\u00f3rica do CHCF<\/strong><\/p>\n\n\n\n<p>O Hospital Conde de Ferreira, inaugurado a 24 de mar\u00e7o de 1883, foi a primeira unidade de sa\u00fade constru\u00edda de raiz em Portugal para o tratamento de patologias do foro psiqui\u00e1trico. Representou, assim, uma mudan\u00e7a de paradigma na abordagem destas doen\u00e7as, que careciam de procedimentos alicer\u00e7ados em cientificidade e humanidade. Seguindo os princ\u00edpios higienistas defendidos na \u00e9poca, todas as enfermarias eram arejadas, bem iluminadas e com \u00e1rea suficiente para o acolhimento dos enfermos, independentemente do seu estatuto social. Em 1883, o hospital j\u00e1 acolhia 248 doentes; em 1900, o n\u00famero de internados ascendia a 415.O not\u00e1vel edif\u00edcio do Hospital Conde de Ferreira conserva, ainda hoje, um espa\u00e7o de grande interesse hist\u00f3rico, a Biblioteca, organicamente integrada no edif\u00edcio inaugurado em 1883. A sua constitui\u00e7\u00e3o e organiza\u00e7\u00e3o enquanto biblioteca verificou-se em 1909, sob a \u00e9gide e dilig\u00eancia do ent\u00e3o diretor cl\u00ednico, o eminente Dr. J\u00falio de Matos. Com a funda\u00e7\u00e3o da Faculdade de Medicina do Porto, em 1911, este espa\u00e7o erudito passou a ser palco de palestras semanais dedicadas a mat\u00e9rias da especialidade m\u00e9dica, constituindo-se como lugar de encontro do saber e de difus\u00e3o cient\u00edfica. Por este hospital pioneiro passaram grandes nomes da Psiquiatria em Portugal, designadamente Ant\u00f3nio Maria de Sena e Magalh\u00e3es Lemos, que abriram novos caminhos, quer na vertente cient\u00edfica, quer na vertente humana. \u00c9 tamb\u00e9m este legado \u00edmpar que impele a prossecu\u00e7\u00e3o do imperativo da excel\u00eancia. <\/p>\n\n\n\n<p><\/p>\n\n\n\n<figure class=\"wp-block-gallery has-nested-images columns-default is-cropped wp-block-gallery-1 is-layout-flex wp-block-gallery-is-layout-flex\">\n<figure class=\"wp-block-image size-large\"><img loading=\"lazy\" decoding=\"async\" width=\"992\" height=\"555\" data-id=\"12680\" src=\"https:\/\/maismagazine.pt\/wp-content\/uploads\/2025\/09\/Captura-de-ecra-2025-09-12-160820.png\" alt=\"\" class=\"wp-image-12680\" srcset=\"http:\/\/maismagazine.pt\/wp-content\/uploads\/2025\/09\/Captura-de-ecra-2025-09-12-160820.png 992w, http:\/\/maismagazine.pt\/wp-content\/uploads\/2025\/09\/Captura-de-ecra-2025-09-12-160820-300x168.png 300w, http:\/\/maismagazine.pt\/wp-content\/uploads\/2025\/09\/Captura-de-ecra-2025-09-12-160820-768x430.png 768w\" sizes=\"auto, (max-width: 992px) 100vw, 992px\" \/><\/figure>\n\n\n\n<figure class=\"wp-block-image size-large\"><img loading=\"lazy\" decoding=\"async\" width=\"840\" height=\"630\" data-id=\"12682\" src=\"https:\/\/maismagazine.pt\/wp-content\/uploads\/2025\/09\/Captura-de-ecra-2025-09-12-160841.png\" alt=\"\" class=\"wp-image-12682\" srcset=\"http:\/\/maismagazine.pt\/wp-content\/uploads\/2025\/09\/Captura-de-ecra-2025-09-12-160841.png 840w, http:\/\/maismagazine.pt\/wp-content\/uploads\/2025\/09\/Captura-de-ecra-2025-09-12-160841-300x225.png 300w, http:\/\/maismagazine.pt\/wp-content\/uploads\/2025\/09\/Captura-de-ecra-2025-09-12-160841-768x576.png 768w\" sizes=\"auto, (max-width: 840px) 100vw, 840px\" \/><\/figure>\n\n\n\n<figure class=\"wp-block-image size-large\"><img loading=\"lazy\" decoding=\"async\" width=\"834\" height=\"559\" data-id=\"12681\" src=\"https:\/\/maismagazine.pt\/wp-content\/uploads\/2025\/09\/Captura-de-ecra-2025-09-12-160854.png\" alt=\"\" class=\"wp-image-12681\" srcset=\"http:\/\/maismagazine.pt\/wp-content\/uploads\/2025\/09\/Captura-de-ecra-2025-09-12-160854.png 834w, http:\/\/maismagazine.pt\/wp-content\/uploads\/2025\/09\/Captura-de-ecra-2025-09-12-160854-300x201.png 300w, http:\/\/maismagazine.pt\/wp-content\/uploads\/2025\/09\/Captura-de-ecra-2025-09-12-160854-768x515.png 768w, http:\/\/maismagazine.pt\/wp-content\/uploads\/2025\/09\/Captura-de-ecra-2025-09-12-160854-150x100.png 150w\" sizes=\"auto, (max-width: 834px) 100vw, 834px\" \/><\/figure>\n<\/figure>\n\n\n\n<p><\/p>\n\n\n\n<p><\/p>\n\n\n\n<p><strong>Servi\u00e7os dispon\u00edveis no CHCF<\/strong><\/p>\n\n\n\n<p>O Centro Hospitalar Conde de Ferreira \u00e9 uma unidade de sa\u00fade mental com mais de 142 anos de experi\u00eancia e, atualmente, desenvolve a sua atividade cl\u00ednica em regime de ambulat\u00f3rio, internamento e domic\u00edlio. Disponibiliza servi\u00e7os aos seguintes n\u00edveis:<\/p>\n\n\n\n<p><\/p>\n\n\n\n<p><strong>&#8211; Ambulat\u00f3rio:<\/strong><\/p>\n\n\n\n<ul class=\"wp-block-list\">\n<li>Consulta Externa (consultas especializadas em Psiquiatria, Psicologia e Nutri\u00e7\u00e3o).<\/li>\n\n\n\n<li>Centro de Tratamento da Depress\u00e3o, utilizando a Estimula\u00e7\u00e3o Magn\u00e9tica Transcraniana, com equipa multidisciplinar diferenciada.<\/li>\n\n\n\n<li>Centro de Dia para pessoas com diagn\u00f3stico de doen\u00e7a de Alzheimer ou outras dem\u00eancias.<\/li>\n\n\n\n<li>Hospital de dia.<\/li>\n\n\n\n<li>Servi\u00e7o de Terapia Ocupacional.<\/li>\n\n\n\n<li>Equipa de Apoio Domicili\u00e1rio de sa\u00fade mental .<\/li>\n<\/ul>\n\n\n\n<p><\/p>\n\n\n\n<p><strong>-Internamento:<\/strong><\/p>\n\n\n\n<ul class=\"wp-block-list\">\n<li>Unidade de Recupera\u00e7\u00e3o de curta\/ m\u00e9dia dura\u00e7\u00e3o.<\/li>\n\n\n\n<li>Resid\u00eancia de Apoio M\u00e1ximo (RAMa) inserida na Rede Nacional de Cuidados Continuados Integrados de Sa\u00fade Mental (RNCCISM).<\/li>\n\n\n\n<li>Internamento de doentes cr\u00f3nicos e\/ou internamento de longa dura\u00e7\u00e3o<\/li>\n<\/ul>\n\n\n\n<p><\/p>\n\n\n\n<p>Esta oferta permite reunir, no mesmo espa\u00e7o, uma diversidade de servi\u00e7os complementares que proporcionam uma abordagem multidisciplinar, c\u00e9lere e diferenciadora, ajustada ao plano individual. <\/p>\n\n\n\n<p><\/p>\n\n\n\n<p><strong>O Posicionamento e o prop\u00f3sito do CHCF, visam:<\/strong><\/p>\n\n\n\n<ul class=\"wp-block-list\">\n<li>Garantir a equidade e integra\u00e7\u00e3o de todos os que nos procuram;<\/li>\n\n\n\n<li>Contribuir para a transforma\u00e7\u00e3o das vidas e condi\u00e7\u00f5es econ\u00f3micas e sociais da popula\u00e7\u00e3o, promovendo a sa\u00fade mental e o bem-estar;<\/li>\n\n\n\n<li>Assegurar a cria\u00e7\u00e3o de ambiente seguro e de promo\u00e7\u00e3o da sa\u00fade;<\/li>\n\n\n\n<li>Contribuir para o aumento da literacia em sa\u00fade;<\/li>\n\n\n\n<li>Aumentar a disponibilidade da oferta;<\/li>\n\n\n\n<li>Abordar e trabalhar as principais determinantes\/vari\u00e1veis sociais dos doentes;<\/li>\n\n\n\n<li>Refor\u00e7ar o acompanhamento e a monitoriza\u00e7\u00e3o, dos indicadores chave definidos no \u00e2mbito de planos e programas de a\u00e7\u00e3o que, visam a preven\u00e7\u00e3o, a promo\u00e7\u00e3o e o controlo da sa\u00fade mental. <\/li>\n<\/ul>\n\n\n\n<p><\/p>\n\n\n\n<p>Simultaneamente, o CHCF tem como pilar estrat\u00e9gico, o trabalho em rede com todos os agentes do Sistema de Sa\u00fade. Tal realidade materializa-se atrav\u00e9s da Academia, dos Setores de Atividade, da Ind\u00fastria Farmac\u00eautica, das Funda\u00e7\u00f5es e dos Investigadores. Esta realidade visa a constante atualiza\u00e7\u00e3o e participa\u00e7\u00e3o das nossas equipas multidisciplinares, nos f\u00f3runs e grupos de conhecimento, cujo corol\u00e1rio \u00e9 o valor acrescentado e efetividade da presta\u00e7\u00e3o de cuidados de sa\u00fade junto da comunidade. O conhecimento, a investiga\u00e7\u00e3o, a inova\u00e7\u00e3o, e a ado\u00e7\u00e3o das melhores pr\u00e1ticas no modelo cl\u00ednico do CHCF s\u00e3o um fator cr\u00edtico e distintivo do seu posicionamento. <\/p>\n\n\n\n<p><\/p>\n\n\n\n<figure class=\"wp-block-gallery has-nested-images columns-default is-cropped wp-block-gallery-2 is-layout-flex wp-block-gallery-is-layout-flex\">\n<figure class=\"wp-block-image size-large\"><img loading=\"lazy\" decoding=\"async\" width=\"914\" height=\"474\" data-id=\"12684\" src=\"https:\/\/maismagazine.pt\/wp-content\/uploads\/2025\/09\/Captura-de-ecra-2025-09-12-160940.png\" alt=\"\" class=\"wp-image-12684\" srcset=\"http:\/\/maismagazine.pt\/wp-content\/uploads\/2025\/09\/Captura-de-ecra-2025-09-12-160940.png 914w, http:\/\/maismagazine.pt\/wp-content\/uploads\/2025\/09\/Captura-de-ecra-2025-09-12-160940-300x156.png 300w, http:\/\/maismagazine.pt\/wp-content\/uploads\/2025\/09\/Captura-de-ecra-2025-09-12-160940-768x398.png 768w\" sizes=\"auto, (max-width: 914px) 100vw, 914px\" \/><\/figure>\n\n\n\n<figure class=\"wp-block-image size-large\"><img loading=\"lazy\" decoding=\"async\" width=\"926\" height=\"487\" data-id=\"12685\" src=\"https:\/\/maismagazine.pt\/wp-content\/uploads\/2025\/09\/Captura-de-ecra-2025-09-12-160950.png\" alt=\"\" class=\"wp-image-12685\" srcset=\"http:\/\/maismagazine.pt\/wp-content\/uploads\/2025\/09\/Captura-de-ecra-2025-09-12-160950.png 926w, http:\/\/maismagazine.pt\/wp-content\/uploads\/2025\/09\/Captura-de-ecra-2025-09-12-160950-300x158.png 300w, http:\/\/maismagazine.pt\/wp-content\/uploads\/2025\/09\/Captura-de-ecra-2025-09-12-160950-768x404.png 768w\" sizes=\"auto, (max-width: 926px) 100vw, 926px\" \/><\/figure>\n<\/figure>\n\n\n\n<p><\/p>\n\n\n\n<p><\/p>\n\n\n\n<p><strong>A Rede de Acordos\/Parcerias do Cen-tro Hospitalar Conde de Ferreira \u00e9 uma janela aberta \u00e0 comunidade<\/strong><\/p>\n\n\n\n<p>O Centro Hospitalar Conde de Ferreira (CHCF), unidade de sa\u00fade mental gerida pela Santa Casa da Miseric\u00f3rdia do Porto, tem vindo a refor\u00e7ar a sua integra\u00e7\u00e3o com o setor segurador, garantindo maior acessibilidade aos seus servi\u00e7os especializados. Estes acordos permitem aos utentes o acesso facilitado a consultas de Psiquiatria, Psicologia, Nutri\u00e7\u00e3o, Terapia Ocupacional, ao Centro de Dia de Alzheimer, ao Centro de Tratamento da Depress\u00e3o e ao Internamento, promovendo uma abordagem integrada e humanizada \u00e0 sa\u00fade mental. A diversidade de conven\u00e7\u00f5es reflete o compromisso do CHCF em democratizar o acesso aos cuidados, respeitando diferentes perfis socioecon\u00f3micos e redes de prote\u00e7\u00e3o, designadamente a recente conven\u00e7\u00e3o contratualizada com o Instituto de Prote\u00e7\u00e3o e Assist\u00eancia na Doen\u00e7a da Administra\u00e7\u00e3o P\u00fablica (ADSE), para todas as linhas de atividade. <\/p>\n\n\n\n<p><\/p>\n\n\n\n<p><strong>A Psiquiatria e as Subespecialidades<\/strong><\/p>\n\n\n\n<p>No CHCF uma modalidade de interven\u00e7\u00e3o essencial da especialidade m\u00e9dica de Psiquiatria \u00e9 a sess\u00e3o de consulta. A partir da constru\u00e7\u00e3o de uma especial rela\u00e7\u00e3o m\u00e9dico-paciente, o psiquiatra analisa o relato apresentado pela pessoa e outros par\u00e2metros biol\u00f3gicos para estabelecer um diagn\u00f3stico m\u00e9dico e um plano de op\u00e7\u00f5es de tratamento. Estas englobam o aconselhamento, a prescri\u00e7\u00e3o de terapias psicol\u00f3gicas espec\u00edficas, terapias f\u00edsicas de estimula\u00e7\u00e3o cerebral (por meio da eletricidade ou magnetismo, por exemplo) e medicamentos inovadores, selecionados de forma personalizada e com base em evid\u00eancia cient\u00edfica fidedigna. Sendo fulcral a vis\u00e3o global da pessoa, o trabalho em rede multidisciplinar conta frequentemente com as \u00e1reas cl\u00ednicas da Psicologia, Enfermagem, Nutri\u00e7\u00e3o e Terapia Ocupacional. Por outro lado, a vis\u00e3o de aspetos mais particulares da sa\u00fade e com rela\u00e7\u00e3o a outras \u00e1reas da medicina forma a interven\u00e7\u00e3o de subespecialidade, por profissionais com compet\u00eancias espec\u00edficas, nomeadamente em Psicogeriatria, Sexologia, Sonologia, Depress\u00e3o e Psicoses Resistentes.  <\/p>\n\n\n\n<p><\/p>\n\n\n\n<p><strong>A inova\u00e7\u00e3o do Centro de Tratamento da Depress\u00e3o &#8211; Estimula\u00e7\u00e3o Magn\u00e9tica Transcraniana<\/strong><\/p>\n\n\n\n<p>O CHCF disponibiliza a t\u00e9cnica de estimula\u00e7\u00e3o cerebral n\u00e3o-invasiva por meio de equipamentos de eletromagnetismo, designada Estimula\u00e7\u00e3o Magn\u00e9tica Transcraniana (EMT), tem mostrado atualmente resultados impressionantes no tratamento da Depress\u00e3o e dados promissores em Perturba\u00e7\u00f5es Obsessivo-Compulsiva, Stress P\u00f3s-Traum\u00e1tico e outras, no futuro pr\u00f3ximo. <\/p>\n\n\n\n<p><\/p>\n\n\n\n<p><strong>A Unidade de Recupera\u00e7\u00e3o<\/strong><\/p>\n\n\n\n<p>No ano 2024, o CHCF deu um passo significativo na amplia\u00e7\u00e3o da sua resposta assistencial com a abertura da Unidade de Recupera\u00e7\u00e3o. Esta unidade, com capacidade para acolher 10 utentes, em quartos individuais ou duplos, destina-se a utentes em regime privado e\/ou cobertos por seguradoras, sendo maioritariamente referenciados pela consulta externa. A admiss\u00e3o na Unidade de Recupera\u00e7\u00e3o \u00e9 precedida por uma avalia\u00e7\u00e3o multidisciplinar, essencial para determinar a adequabilidade do utente ao servi\u00e7o e para a defini\u00e7\u00e3o do Plano Individual de Interven\u00e7\u00e3o (PII). Este plano \u00e9 estruturado de acordo com as necessidades espec\u00edficas de cada utente, promovendo uma abordagem integrada e centrada na reabilita\u00e7\u00e3o e recupera\u00e7\u00e3o. Para al\u00e9m do acompanhamento aos utentes, a unidade presta tamb\u00e9m apoio aos cuidadores, garantindo-lhes orienta\u00e7\u00e3o ao longo de todo o processo. Ap\u00f3s a alta, \u00e9 assegurado o encaminhamento para o regime de ambulat\u00f3rio, promovendo a continuidade dos cuidados e a reintegra\u00e7\u00e3o do utente no seu meio habitual com o suporte necess\u00e1rio. A cria\u00e7\u00e3o desta nova resposta representa um marco significativo no compromisso da Institui\u00e7\u00e3o em oferecer cuidados especializados de sa\u00fade mental e ajustados \u00e0s necessidades da popula\u00e7\u00e3o, contribuindo para uma abordagem mais abrangente e eficaz nesta \u00e1rea de atua\u00e7\u00e3o. <\/p>\n\n\n\n<p><\/p>\n\n\n<div class=\"wp-block-image\">\n<figure class=\"aligncenter size-full is-resized\"><img loading=\"lazy\" decoding=\"async\" width=\"845\" height=\"570\" src=\"https:\/\/maismagazine.pt\/wp-content\/uploads\/2025\/09\/Captura-de-ecra-2025-09-12-161020-1.png\" alt=\"\" class=\"wp-image-12687\" style=\"width:474px;height:auto\" srcset=\"http:\/\/maismagazine.pt\/wp-content\/uploads\/2025\/09\/Captura-de-ecra-2025-09-12-161020-1.png 845w, http:\/\/maismagazine.pt\/wp-content\/uploads\/2025\/09\/Captura-de-ecra-2025-09-12-161020-1-300x202.png 300w, http:\/\/maismagazine.pt\/wp-content\/uploads\/2025\/09\/Captura-de-ecra-2025-09-12-161020-1-768x518.png 768w, http:\/\/maismagazine.pt\/wp-content\/uploads\/2025\/09\/Captura-de-ecra-2025-09-12-161020-1-150x100.png 150w\" sizes=\"auto, (max-width: 845px) 100vw, 845px\" \/><\/figure><\/div>\n\n\n<p><\/p>\n\n\n\n<p><strong>No futuro pr\u00f3ximo o CHCF pretende:<\/strong><\/p>\n\n\n\n<ul class=\"wp-block-list\">\n<li>Normalizar \/customizar o recurso \u00e0s especialidades de psiquiatria e psicologia.<\/li>\n\n\n\n<li>Trabalhar na preven\u00e7\u00e3o, refor\u00e7ando o equil\u00edbrio, o bem-estar e a sa\u00fade da comunidade<\/li>\n<\/ul>\n\n\n\n<p><\/p>\n\n\n\n<p>Nesse sentido, no presente m\u00eas, o Centro Hospitalar Conde Ferreira d\u00e1 in\u00edcio \u00e0 atividade da Equipa de Apoio Domicili\u00e1rio de Sa\u00fade Mental (EADSM), integrada na Rede Nacional de Cuidados Continuados Integrados de Sa\u00fade Mental. Esta resposta inovadora, prevista na Portaria n.\u00ba 311\/2021, de 20 de dezembro, tem como objetivo intervir junto de pessoas com doen\u00e7a mental grave, clinicamente estabilizadas, que necessitem de um programa adaptado ao seu grau de incapacidade psicossocial. A interven\u00e7\u00e3o da EADSM centra-se na proximidade e na individualiza\u00e7\u00e3o do cuidado, procurando maximizar o grau de funcionalidade da pessoa, reduzir os internamentos hospitalares, apoiar os cuidadores informais e refor\u00e7ar a integra\u00e7\u00e3o na comunidade. Atrav\u00e9s de uma equipa multidisciplinar especializada, presta acompanhamento cl\u00ednico, apoio psicossocial e interven\u00e7\u00f5es terap\u00eauticas ajustadas \u00e0s necessidades de cada pessoa. Adicionalmente, as respostas em implementa\u00e7\u00e3o Centro Integrado Terap\u00eautico (CIT) e a Unidade do Saber, visam intervir em regime de ambulat\u00f3rio, atrav\u00e9s de uma equipa multidisciplinar, em diferentes segmentos, designadamente os estudantes, os jovens adultos, os Quadros e Gestores de Empresas e todos os indiv\u00edduos com mais de 65 anos. <\/p>\n\n\n\n<p><\/p>\n\n\n\n<p><strong>O prop\u00f3sito destas respostas \u00e9 a manuten\u00e7\u00e3o da sa\u00fade, prevenindo o desgaste e a doen\u00e7a, atuando sobre: <\/strong><\/p>\n\n\n\n<ul class=\"wp-block-list\">\n<li>As determinantes de sa\u00fade <\/li>\n\n\n\n<li>Os estilos de vida <\/li>\n\n\n\n<li>As rotinas dos diferentes segmentos de clientes, de saberes e t\u00e9cnicas que, os tornem mais aptos, mais resilientes e mais informados, proporcionando-lhes uma vida mais saud\u00e1vel e equilibrada. Sempre, num ambiente seguro que, respeita as especificidades de cada um. <\/li>\n<\/ul>\n\n\n\n<p><\/p>\n\n\n\n<p>Assim, o CHCF inova e incorpora uma nova \u00e1rea de atividade, na sua cadeia de valor. A mesma assenta na partilha do conhecimento, na prepara\u00e7\u00e3o e no trabalho sobre as determinantes de sa\u00fade dos cidad\u00e3os da comunidade, no sentido de os manter saud\u00e1veis, produtivos e felizes. A preven\u00e7\u00e3o e a prepara\u00e7\u00e3o dos clientes s\u00e3o as novas fun\u00e7\u00f5es do modelo cl\u00ednico do CHCF, sendo diferenciadoras e cruciais para a manuten\u00e7\u00e3o da sa\u00fade e qualidade de vida da comunidade. Simultaneamente, asseguramos a interven\u00e7\u00e3o em consulta externa e se necess\u00e1rio, internamentos de recupera\u00e7\u00e3o, abrangendo todo o ciclo assistencial. Com estas respostas, o Centro Hospitalar Conde Ferreira, pretende refor\u00e7ar o compromisso da Institui\u00e7\u00e3o em valorizar a sa\u00fade mental, promover a inclus\u00e3o e garantir que o cuidado chega a todos e a cada um.  <\/p>\n\n\n\n<p><\/p>\n\n\n<div class=\"wp-block-image\">\n<figure class=\"aligncenter size-large is-resized\"><img loading=\"lazy\" decoding=\"async\" width=\"1024\" height=\"821\" src=\"https:\/\/maismagazine.pt\/wp-content\/uploads\/2025\/09\/AF_CHCF-novo-logo-versao-principal_cores-1024x821.png\" alt=\"\" class=\"wp-image-12688\" style=\"width:359px;height:auto\" srcset=\"http:\/\/maismagazine.pt\/wp-content\/uploads\/2025\/09\/AF_CHCF-novo-logo-versao-principal_cores-1024x821.png 1024w, http:\/\/maismagazine.pt\/wp-content\/uploads\/2025\/09\/AF_CHCF-novo-logo-versao-principal_cores-300x241.png 300w, http:\/\/maismagazine.pt\/wp-content\/uploads\/2025\/09\/AF_CHCF-novo-logo-versao-principal_cores-768x616.png 768w, http:\/\/maismagazine.pt\/wp-content\/uploads\/2025\/09\/AF_CHCF-novo-logo-versao-principal_cores-1536x1232.png 1536w, http:\/\/maismagazine.pt\/wp-content\/uploads\/2025\/09\/AF_CHCF-novo-logo-versao-principal_cores.png 1896w\" sizes=\"auto, (max-width: 1024px) 100vw, 1024px\" \/><\/figure><\/div>","protected":false},"excerpt":{"rendered":"<p>Fundado em 1883 como o primeiro hospital em Portugal dedicado \u00e0 Psiquiatria, o Centro Hospitalar Conde de Ferreira continua a ser uma refer\u00eancia nacional na promo\u00e7\u00e3o da sa\u00fade mental. Com uma oferta integrada de cuidados em ambulat\u00f3rio, internamento e apoio domicili\u00e1rio, aposta na investiga\u00e7\u00e3o, na inova\u00e7\u00e3o terap\u00eautica e numa abordagem&hellip;<\/p>\n","protected":false},"author":17,"featured_media":12689,"comment_status":"closed","ping_status":"open","sticky":false,"template":"","format":"standard","meta":{"advgb_blocks_editor_width":"","advgb_blocks_columns_visual_guide":"","_monsterinsights_skip_tracking":false,"_monsterinsights_sitenote_active":false,"_monsterinsights_sitenote_note":"","_monsterinsights_sitenote_category":0,"footnotes":""},"categories":[50,313],"tags":[2443],"class_list":["post-12679","post","type-post","status-publish","format-standard","has-post-thumbnail","hentry","category-destaques","category-saude","tag-centro-hospitalar-conde-de-ferreira"],"yoast_head":"<!-- This site is optimized with the Yoast SEO plugin v24.4 - https:\/\/yoast.com\/wordpress\/plugins\/seo\/ -->\n<title>142 anos de inova\u00e7\u00e3o e excel\u00eancia em sa\u00fade mental - Mais Magazine<\/title>\n<meta name=\"description\" content=\"Fundado em 1883 como o primeiro hospital em Portugal dedicado \u00e0 Psiquiatria, o Centro Hospitalar Conde de Ferreira continua a ser uma refer\u00eancia nacional na promo\u00e7\u00e3o da sa\u00fade mental. Com uma oferta integrada de cuidados em ambulat\u00f3rio, internamento e apoio domicili\u00e1rio, aposta na investiga\u00e7\u00e3o, na inova\u00e7\u00e3o terap\u00eautica e numa abordagem humanizada que valoriza cada pessoa e refor\u00e7a a inclus\u00e3o na comunidade.\" \/>\n<meta name=\"robots\" content=\"index, follow, max-snippet:-1, max-image-preview:large, max-video-preview:-1\" \/>\n<link rel=\"canonical\" href=\"https:\/\/maismagazine.pt\/index.php\/2025\/09\/26\/142-anos-de-inovacao-e-excelencia-em-saude-mental\/\" \/>\n<meta property=\"og:locale\" content=\"pt_PT\" \/>\n<meta property=\"og:type\" content=\"article\" \/>\n<meta property=\"og:title\" content=\"142 anos de inova\u00e7\u00e3o e excel\u00eancia em sa\u00fade mental - Mais Magazine\" \/>\n<meta property=\"og:description\" content=\"Fundado em 1883 como o primeiro hospital em Portugal dedicado \u00e0 Psiquiatria, o Centro Hospitalar Conde de Ferreira continua a ser uma refer\u00eancia nacional na promo\u00e7\u00e3o da sa\u00fade mental. Com uma oferta integrada de cuidados em ambulat\u00f3rio, internamento e apoio domicili\u00e1rio, aposta na investiga\u00e7\u00e3o, na inova\u00e7\u00e3o terap\u00eautica e numa abordagem humanizada que valoriza cada pessoa e refor\u00e7a a inclus\u00e3o na comunidade.\" \/>\n<meta property=\"og:url\" content=\"https:\/\/maismagazine.pt\/index.php\/2025\/09\/26\/142-anos-de-inovacao-e-excelencia-em-saude-mental\/\" \/>\n<meta property=\"og:site_name\" content=\"Mais Magazine\" \/>\n<meta property=\"article:published_time\" content=\"2025-09-26T06:00:00+00:00\" \/>\n<meta property=\"og:image\" content=\"https:\/\/maismagazine.pt\/wp-content\/uploads\/2025\/09\/Captura-de-ecra-2025-09-12-161009.png\" \/>\n\t<meta property=\"og:image:width\" content=\"850\" \/>\n\t<meta property=\"og:image:height\" content=\"497\" \/>\n\t<meta property=\"og:image:type\" content=\"image\/png\" \/>\n<meta name=\"author\" content=\"Tiago Costa\" \/>\n<meta name=\"twitter:card\" content=\"summary_large_image\" \/>\n<meta name=\"twitter:label1\" content=\"Escrito por\" \/>\n\t<meta name=\"twitter:data1\" content=\"\" \/>\n\t<meta name=\"twitter:label2\" content=\"Tempo estimado de leitura\" \/>\n\t<meta name=\"twitter:data2\" content=\"11 minutos\" \/>\n<script type=\"application\/ld+json\" class=\"yoast-schema-graph\">{\"@context\":\"https:\/\/schema.org\",\"@graph\":[{\"@type\":\"Article\",\"@id\":\"https:\/\/maismagazine.pt\/index.php\/2025\/09\/26\/142-anos-de-inovacao-e-excelencia-em-saude-mental\/#article\",\"isPartOf\":{\"@id\":\"https:\/\/maismagazine.pt\/index.php\/2025\/09\/26\/142-anos-de-inovacao-e-excelencia-em-saude-mental\/\"},\"author\":{\"name\":\"Tiago Costa\",\"@id\":\"https:\/\/maismagazine.pt\/#\/schema\/person\/c6c5bfccc886434cbd11c74e035f9646\"},\"headline\":\"142 anos de inova\u00e7\u00e3o e excel\u00eancia em sa\u00fade mental\",\"datePublished\":\"2025-09-26T06:00:00+00:00\",\"mainEntityOfPage\":{\"@id\":\"https:\/\/maismagazine.pt\/index.php\/2025\/09\/26\/142-anos-de-inovacao-e-excelencia-em-saude-mental\/\"},\"wordCount\":1819,\"publisher\":{\"@id\":\"https:\/\/maismagazine.pt\/#organization\"},\"image\":{\"@id\":\"https:\/\/maismagazine.pt\/index.php\/2025\/09\/26\/142-anos-de-inovacao-e-excelencia-em-saude-mental\/#primaryimage\"},\"thumbnailUrl\":\"http:\/\/maismagazine.pt\/wp-content\/uploads\/2025\/09\/Captura-de-ecra-2025-09-12-161009.png\",\"keywords\":[\"Centro Hospitalar Conde de Ferreira\"],\"articleSection\":[\"Destaques\",\"Sa\u00fade\"],\"inLanguage\":\"pt-PT\"},{\"@type\":\"WebPage\",\"@id\":\"https:\/\/maismagazine.pt\/index.php\/2025\/09\/26\/142-anos-de-inovacao-e-excelencia-em-saude-mental\/\",\"url\":\"https:\/\/maismagazine.pt\/index.php\/2025\/09\/26\/142-anos-de-inovacao-e-excelencia-em-saude-mental\/\",\"name\":\"142 anos de inova\u00e7\u00e3o e excel\u00eancia em sa\u00fade mental - Mais Magazine\",\"isPartOf\":{\"@id\":\"https:\/\/maismagazine.pt\/#website\"},\"primaryImageOfPage\":{\"@id\":\"https:\/\/maismagazine.pt\/index.php\/2025\/09\/26\/142-anos-de-inovacao-e-excelencia-em-saude-mental\/#primaryimage\"},\"image\":{\"@id\":\"https:\/\/maismagazine.pt\/index.php\/2025\/09\/26\/142-anos-de-inovacao-e-excelencia-em-saude-mental\/#primaryimage\"},\"thumbnailUrl\":\"http:\/\/maismagazine.pt\/wp-content\/uploads\/2025\/09\/Captura-de-ecra-2025-09-12-161009.png\",\"datePublished\":\"2025-09-26T06:00:00+00:00\",\"description\":\"Fundado em 1883 como o primeiro hospital em Portugal dedicado \u00e0 Psiquiatria, o Centro Hospitalar Conde de Ferreira continua a ser uma refer\u00eancia nacional na promo\u00e7\u00e3o da sa\u00fade mental. Com uma oferta integrada de cuidados em ambulat\u00f3rio, internamento e apoio domicili\u00e1rio, aposta na investiga\u00e7\u00e3o, na inova\u00e7\u00e3o terap\u00eautica e numa abordagem humanizada que valoriza cada pessoa e refor\u00e7a a inclus\u00e3o na comunidade.\",\"breadcrumb\":{\"@id\":\"https:\/\/maismagazine.pt\/index.php\/2025\/09\/26\/142-anos-de-inovacao-e-excelencia-em-saude-mental\/#breadcrumb\"},\"inLanguage\":\"pt-PT\",\"potentialAction\":[{\"@type\":\"ReadAction\",\"target\":[\"https:\/\/maismagazine.pt\/index.php\/2025\/09\/26\/142-anos-de-inovacao-e-excelencia-em-saude-mental\/\"]}]},{\"@type\":\"ImageObject\",\"inLanguage\":\"pt-PT\",\"@id\":\"https:\/\/maismagazine.pt\/index.php\/2025\/09\/26\/142-anos-de-inovacao-e-excelencia-em-saude-mental\/#primaryimage\",\"url\":\"http:\/\/maismagazine.pt\/wp-content\/uploads\/2025\/09\/Captura-de-ecra-2025-09-12-161009.png\",\"contentUrl\":\"http:\/\/maismagazine.pt\/wp-content\/uploads\/2025\/09\/Captura-de-ecra-2025-09-12-161009.png\",\"width\":850,\"height\":497},{\"@type\":\"BreadcrumbList\",\"@id\":\"https:\/\/maismagazine.pt\/index.php\/2025\/09\/26\/142-anos-de-inovacao-e-excelencia-em-saude-mental\/#breadcrumb\",\"itemListElement\":[{\"@type\":\"ListItem\",\"position\":1,\"name\":\"Home\",\"item\":\"https:\/\/maismagazine.pt\/\"},{\"@type\":\"ListItem\",\"position\":2,\"name\":\"142 anos de inova\u00e7\u00e3o e excel\u00eancia em sa\u00fade mental\"}]},{\"@type\":\"WebSite\",\"@id\":\"https:\/\/maismagazine.pt\/#website\",\"url\":\"https:\/\/maismagazine.pt\/\",\"name\":\"Mais Magazine\",\"description\":\"\",\"publisher\":{\"@id\":\"https:\/\/maismagazine.pt\/#organization\"},\"potentialAction\":[{\"@type\":\"SearchAction\",\"target\":{\"@type\":\"EntryPoint\",\"urlTemplate\":\"https:\/\/maismagazine.pt\/?s={search_term_string}\"},\"query-input\":{\"@type\":\"PropertyValueSpecification\",\"valueRequired\":true,\"valueName\":\"search_term_string\"}}],\"inLanguage\":\"pt-PT\"},{\"@type\":\"Organization\",\"@id\":\"https:\/\/maismagazine.pt\/#organization\",\"name\":\"Mais Magazine\",\"url\":\"https:\/\/maismagazine.pt\/\",\"logo\":{\"@type\":\"ImageObject\",\"inLanguage\":\"pt-PT\",\"@id\":\"https:\/\/maismagazine.pt\/#\/schema\/logo\/image\/\",\"url\":\"http:\/\/maismagazine.pt\/wp-content\/uploads\/2020\/04\/cropped-cropped-mais-magazine-site-logo-2.png\",\"contentUrl\":\"http:\/\/maismagazine.pt\/wp-content\/uploads\/2020\/04\/cropped-cropped-mais-magazine-site-logo-2.png\",\"width\":581,\"height\":90,\"caption\":\"Mais Magazine\"},\"image\":{\"@id\":\"https:\/\/maismagazine.pt\/#\/schema\/logo\/image\/\"}},{\"@type\":\"Person\",\"@id\":\"https:\/\/maismagazine.pt\/#\/schema\/person\/c6c5bfccc886434cbd11c74e035f9646\",\"name\":\"Tiago Costa\",\"image\":{\"@type\":\"ImageObject\",\"inLanguage\":\"pt-PT\",\"@id\":\"https:\/\/maismagazine.pt\/#\/schema\/person\/image\/\",\"url\":\"https:\/\/secure.gravatar.com\/avatar\/c599b2bce16c9870429198cbad5ee022?s=96&d=mm&r=g\",\"contentUrl\":\"https:\/\/secure.gravatar.com\/avatar\/c599b2bce16c9870429198cbad5ee022?s=96&d=mm&r=g\",\"caption\":\"Tiago Costa\"},\"url\":\"http:\/\/maismagazine.pt\/index.php\/author\/tiago\/\"}]}<\/script>\n<!-- \/ Yoast SEO plugin. -->","yoast_head_json":{"title":"142 anos de inova\u00e7\u00e3o e excel\u00eancia em sa\u00fade mental - Mais Magazine","description":"Fundado em 1883 como o primeiro hospital em Portugal dedicado \u00e0 Psiquiatria, o Centro Hospitalar Conde de Ferreira continua a ser uma refer\u00eancia nacional na promo\u00e7\u00e3o da sa\u00fade mental. Com uma oferta integrada de cuidados em ambulat\u00f3rio, internamento e apoio domicili\u00e1rio, aposta na investiga\u00e7\u00e3o, na inova\u00e7\u00e3o terap\u00eautica e numa abordagem humanizada que valoriza cada pessoa e refor\u00e7a a inclus\u00e3o na comunidade.","robots":{"index":"index","follow":"follow","max-snippet":"max-snippet:-1","max-image-preview":"max-image-preview:large","max-video-preview":"max-video-preview:-1"},"canonical":"https:\/\/maismagazine.pt\/index.php\/2025\/09\/26\/142-anos-de-inovacao-e-excelencia-em-saude-mental\/","og_locale":"pt_PT","og_type":"article","og_title":"142 anos de inova\u00e7\u00e3o e excel\u00eancia em sa\u00fade mental - Mais Magazine","og_description":"Fundado em 1883 como o primeiro hospital em Portugal dedicado \u00e0 Psiquiatria, o Centro Hospitalar Conde de Ferreira continua a ser uma refer\u00eancia nacional na promo\u00e7\u00e3o da sa\u00fade mental. Com uma oferta integrada de cuidados em ambulat\u00f3rio, internamento e apoio domicili\u00e1rio, aposta na investiga\u00e7\u00e3o, na inova\u00e7\u00e3o terap\u00eautica e numa abordagem humanizada que valoriza cada pessoa e refor\u00e7a a inclus\u00e3o na comunidade.","og_url":"https:\/\/maismagazine.pt\/index.php\/2025\/09\/26\/142-anos-de-inovacao-e-excelencia-em-saude-mental\/","og_site_name":"Mais Magazine","article_published_time":"2025-09-26T06:00:00+00:00","og_image":[{"width":850,"height":497,"url":"https:\/\/maismagazine.pt\/wp-content\/uploads\/2025\/09\/Captura-de-ecra-2025-09-12-161009.png","type":"image\/png"}],"author":"Tiago Costa","twitter_card":"summary_large_image","twitter_misc":{"Escrito por":false,"Tempo estimado de leitura":"11 minutos"},"schema":{"@context":"https:\/\/schema.org","@graph":[{"@type":"Article","@id":"https:\/\/maismagazine.pt\/index.php\/2025\/09\/26\/142-anos-de-inovacao-e-excelencia-em-saude-mental\/#article","isPartOf":{"@id":"https:\/\/maismagazine.pt\/index.php\/2025\/09\/26\/142-anos-de-inovacao-e-excelencia-em-saude-mental\/"},"author":{"name":"Tiago Costa","@id":"https:\/\/maismagazine.pt\/#\/schema\/person\/c6c5bfccc886434cbd11c74e035f9646"},"headline":"142 anos de inova\u00e7\u00e3o e excel\u00eancia em sa\u00fade mental","datePublished":"2025-09-26T06:00:00+00:00","mainEntityOfPage":{"@id":"https:\/\/maismagazine.pt\/index.php\/2025\/09\/26\/142-anos-de-inovacao-e-excelencia-em-saude-mental\/"},"wordCount":1819,"publisher":{"@id":"https:\/\/maismagazine.pt\/#organization"},"image":{"@id":"https:\/\/maismagazine.pt\/index.php\/2025\/09\/26\/142-anos-de-inovacao-e-excelencia-em-saude-mental\/#primaryimage"},"thumbnailUrl":"http:\/\/maismagazine.pt\/wp-content\/uploads\/2025\/09\/Captura-de-ecra-2025-09-12-161009.png","keywords":["Centro Hospitalar Conde de Ferreira"],"articleSection":["Destaques","Sa\u00fade"],"inLanguage":"pt-PT"},{"@type":"WebPage","@id":"https:\/\/maismagazine.pt\/index.php\/2025\/09\/26\/142-anos-de-inovacao-e-excelencia-em-saude-mental\/","url":"https:\/\/maismagazine.pt\/index.php\/2025\/09\/26\/142-anos-de-inovacao-e-excelencia-em-saude-mental\/","name":"142 anos de inova\u00e7\u00e3o e excel\u00eancia em sa\u00fade mental - Mais Magazine","isPartOf":{"@id":"https:\/\/maismagazine.pt\/#website"},"primaryImageOfPage":{"@id":"https:\/\/maismagazine.pt\/index.php\/2025\/09\/26\/142-anos-de-inovacao-e-excelencia-em-saude-mental\/#primaryimage"},"image":{"@id":"https:\/\/maismagazine.pt\/index.php\/2025\/09\/26\/142-anos-de-inovacao-e-excelencia-em-saude-mental\/#primaryimage"},"thumbnailUrl":"http:\/\/maismagazine.pt\/wp-content\/uploads\/2025\/09\/Captura-de-ecra-2025-09-12-161009.png","datePublished":"2025-09-26T06:00:00+00:00","description":"Fundado em 1883 como o primeiro hospital em Portugal dedicado \u00e0 Psiquiatria, o Centro Hospitalar Conde de Ferreira continua a ser uma refer\u00eancia nacional na promo\u00e7\u00e3o da sa\u00fade mental. Com uma oferta integrada de cuidados em ambulat\u00f3rio, internamento e apoio domicili\u00e1rio, aposta na investiga\u00e7\u00e3o, na inova\u00e7\u00e3o terap\u00eautica e numa abordagem humanizada que valoriza cada pessoa e refor\u00e7a a inclus\u00e3o na comunidade.","breadcrumb":{"@id":"https:\/\/maismagazine.pt\/index.php\/2025\/09\/26\/142-anos-de-inovacao-e-excelencia-em-saude-mental\/#breadcrumb"},"inLanguage":"pt-PT","potentialAction":[{"@type":"ReadAction","target":["https:\/\/maismagazine.pt\/index.php\/2025\/09\/26\/142-anos-de-inovacao-e-excelencia-em-saude-mental\/"]}]},{"@type":"ImageObject","inLanguage":"pt-PT","@id":"https:\/\/maismagazine.pt\/index.php\/2025\/09\/26\/142-anos-de-inovacao-e-excelencia-em-saude-mental\/#primaryimage","url":"http:\/\/maismagazine.pt\/wp-content\/uploads\/2025\/09\/Captura-de-ecra-2025-09-12-161009.png","contentUrl":"http:\/\/maismagazine.pt\/wp-content\/uploads\/2025\/09\/Captura-de-ecra-2025-09-12-161009.png","width":850,"height":497},{"@type":"BreadcrumbList","@id":"https:\/\/maismagazine.pt\/index.php\/2025\/09\/26\/142-anos-de-inovacao-e-excelencia-em-saude-mental\/#breadcrumb","itemListElement":[{"@type":"ListItem","position":1,"name":"Home","item":"https:\/\/maismagazine.pt\/"},{"@type":"ListItem","position":2,"name":"142 anos de inova\u00e7\u00e3o e excel\u00eancia em sa\u00fade mental"}]},{"@type":"WebSite","@id":"https:\/\/maismagazine.pt\/#website","url":"https:\/\/maismagazine.pt\/","name":"Mais Magazine","description":"","publisher":{"@id":"https:\/\/maismagazine.pt\/#organization"},"potentialAction":[{"@type":"SearchAction","target":{"@type":"EntryPoint","urlTemplate":"https:\/\/maismagazine.pt\/?s={search_term_string}"},"query-input":{"@type":"PropertyValueSpecification","valueRequired":true,"valueName":"search_term_string"}}],"inLanguage":"pt-PT"},{"@type":"Organization","@id":"https:\/\/maismagazine.pt\/#organization","name":"Mais Magazine","url":"https:\/\/maismagazine.pt\/","logo":{"@type":"ImageObject","inLanguage":"pt-PT","@id":"https:\/\/maismagazine.pt\/#\/schema\/logo\/image\/","url":"http:\/\/maismagazine.pt\/wp-content\/uploads\/2020\/04\/cropped-cropped-mais-magazine-site-logo-2.png","contentUrl":"http:\/\/maismagazine.pt\/wp-content\/uploads\/2020\/04\/cropped-cropped-mais-magazine-site-logo-2.png","width":581,"height":90,"caption":"Mais Magazine"},"image":{"@id":"https:\/\/maismagazine.pt\/#\/schema\/logo\/image\/"}},{"@type":"Person","@id":"https:\/\/maismagazine.pt\/#\/schema\/person\/c6c5bfccc886434cbd11c74e035f9646","name":"Tiago Costa","image":{"@type":"ImageObject","inLanguage":"pt-PT","@id":"https:\/\/maismagazine.pt\/#\/schema\/person\/image\/","url":"https:\/\/secure.gravatar.com\/avatar\/c599b2bce16c9870429198cbad5ee022?s=96&d=mm&r=g","contentUrl":"https:\/\/secure.gravatar.com\/avatar\/c599b2bce16c9870429198cbad5ee022?s=96&d=mm&r=g","caption":"Tiago Costa"},"url":"http:\/\/maismagazine.pt\/index.php\/author\/tiago\/"}]}},"author_meta":{"display_name":false,"author_link":"http:\/\/maismagazine.pt\/index.php\/author\/tiago\/"},"featured_img":"http:\/\/maismagazine.pt\/wp-content\/uploads\/2025\/09\/Captura-de-ecra-2025-09-12-161009-300x175.png","coauthors":[],"tax_additional":{"categories":{"linked":["<a href=\"http:\/\/maismagazine.pt\/index.php\/category\/destaques\/\" class=\"advgb-post-tax-term\">Destaques<\/a>","<a href=\"http:\/\/maismagazine.pt\/index.php\/category\/mundo-empresarial\/saude\/\" class=\"advgb-post-tax-term\">Sa\u00fade<\/a>"],"unlinked":["<span class=\"advgb-post-tax-term\">Destaques<\/span>","<span class=\"advgb-post-tax-term\">Sa\u00fade<\/span>"]},"tags":{"linked":["<a href=\"http:\/\/maismagazine.pt\/index.php\/category\/mundo-empresarial\/saude\/\" class=\"advgb-post-tax-term\">Centro Hospitalar Conde de Ferreira<\/a>"],"unlinked":["<span class=\"advgb-post-tax-term\">Centro Hospitalar Conde de Ferreira<\/span>"]}},"comment_count":"0","relative_dates":{"created":"Posted 7 meses ago","modified":"Updated 7 meses ago"},"absolute_dates":{"created":"Posted on 26 de Setembro, 2025","modified":"Updated on 23 de Setembro, 2025"},"absolute_dates_time":{"created":"Posted on 26 de Setembro, 2025 7:00","modified":"Updated on 23 de Setembro, 2025 12:07"},"featured_img_caption":"","series_order":"","_links":{"self":[{"href":"http:\/\/maismagazine.pt\/index.php\/wp-json\/wp\/v2\/posts\/12679","targetHints":{"allow":["GET"]}}],"collection":[{"href":"http:\/\/maismagazine.pt\/index.php\/wp-json\/wp\/v2\/posts"}],"about":[{"href":"http:\/\/maismagazine.pt\/index.php\/wp-json\/wp\/v2\/types\/post"}],"author":[{"embeddable":true,"href":"http:\/\/maismagazine.pt\/index.php\/wp-json\/wp\/v2\/users\/17"}],"replies":[{"embeddable":true,"href":"http:\/\/maismagazine.pt\/index.php\/wp-json\/wp\/v2\/comments?post=12679"}],"version-history":[{"count":2,"href":"http:\/\/maismagazine.pt\/index.php\/wp-json\/wp\/v2\/posts\/12679\/revisions"}],"predecessor-version":[{"id":12691,"href":"http:\/\/maismagazine.pt\/index.php\/wp-json\/wp\/v2\/posts\/12679\/revisions\/12691"}],"wp:featuredmedia":[{"embeddable":true,"href":"http:\/\/maismagazine.pt\/index.php\/wp-json\/wp\/v2\/media\/12689"}],"wp:attachment":[{"href":"http:\/\/maismagazine.pt\/index.php\/wp-json\/wp\/v2\/media?parent=12679"}],"wp:term":[{"taxonomy":"category","embeddable":true,"href":"http:\/\/maismagazine.pt\/index.php\/wp-json\/wp\/v2\/categories?post=12679"},{"taxonomy":"post_tag","embeddable":true,"href":"http:\/\/maismagazine.pt\/index.php\/wp-json\/wp\/v2\/tags?post=12679"}],"curies":[{"name":"wp","href":"https:\/\/api.w.org\/{rel}","templated":true}]}}