{"id":12671,"date":"2025-09-26T07:00:00","date_gmt":"2025-09-26T06:00:00","guid":{"rendered":"https:\/\/maismagazine.pt\/?p=12671"},"modified":"2025-09-23T11:54:43","modified_gmt":"2025-09-23T10:54:43","slug":"loule-onde-a-tradicao-e-a-modernidade-se-encontram","status":"publish","type":"post","link":"http:\/\/maismagazine.pt\/index.php\/2025\/09\/26\/loule-onde-a-tradicao-e-a-modernidade-se-encontram\/","title":{"rendered":"Loul\u00e9: Onde a tradi\u00e7\u00e3o e a modernidade se encontram"},"content":{"rendered":"\n<p><strong>A Mais Magazine esteve \u00e0 conversa com V\u00edtor Aleixo, presidente da <a href=\"http:\/\/www.cm-loule.pt\">C\u00e2mara Municipal de Loul\u00e9<\/a>, que destacou a singularidade do concelho \u2013 o maior e mais populoso do Algarve \u2013 marcado pela diversidade paisag\u00edstica, cultural e socioecon\u00f3mica. Um territ\u00f3rio de excel\u00eancia, que se afirma como refer\u00eancia no turismo, na cultura e na qualidade de vida no sul do pa\u00eds. <\/strong><\/p>\n\n\n\n<p><\/p>\n\n\n\n<p><strong>Que iniciativas tem a C\u00e2mara Municipal vindo a desenvolver para refor\u00e7ar a promo\u00e7\u00e3o de Loul\u00e9 como destino tur\u00edstico? <\/strong><\/p>\n\n\n\n<p>Temos atuado em diversas \u00e1reas e trabalhado em parceria com os agentes econ\u00f3micos, nomeadamente os do setor do turismo, para refor\u00e7armos a promo\u00e7\u00e3o de Loul\u00e9 como destino tur\u00edstico. Come\u00e7aria por referir a sustentabilidade, que constitui atualmente um fator de diferencia\u00e7\u00e3o fulcral para os destinos tur\u00edsticos, e que tem acompanhado aquela que tem sido toda a pol\u00edtica do Munic\u00edpio de Loul\u00e9. Mas a par das iniciativas da Autarquia, tamb\u00e9m o tecido empresarial, como o da hotelaria, tem acompanhado esta preocupa\u00e7\u00e3o. Outra das apostas tem sido a realiza\u00e7\u00e3o de eventos que trazem notoriedade e atraem visitantes ao concelho, sejam estes de car\u00e1cter cultural, como o Festival MED, o Carnaval, a M\u00e3e Soberana ou a Noite Branca, ou desportivos como o Masters de Golfe, o Triatlo Internacional de Quarteira ou o Torneio Internacional de Vela do Carnaval. <\/p>\n\n\n\n<p><\/p>\n\n\n\n<p>H\u00e1 ainda a referir a preocupa\u00e7\u00e3o com a requalifica\u00e7\u00e3o do espa\u00e7o p\u00fablico e a valoriza\u00e7\u00e3o do patrim\u00f3nio. Os Banhos Isl\u00e2micos e Casa Senhorial dos Barreto, recentemente classificados como &#8216;Monumento Nacional&#8217;, s\u00e3o um excelente exemplo disso mesmo. Desde que lev\u00e1mos a cabo o projeto de musealiza\u00e7\u00e3o que esta tem sido a joia da coroa da nossa cidade e um ponto obrigat\u00f3rio de passagem para quem nos visita. E depois temos o nosso ex-l\u00edbris, o Mercado Municipal, edif\u00edcio ic\u00f3nico que atrai milhares de visitantes pela sua arquitetura e tradi\u00e7\u00e3o. Note-se tamb\u00e9m a presen\u00e7a de Loul\u00e9 nos mais importantes certames nacionais e internacionais ligados ao turismo, com destaque para a BTL, o maior evento do g\u00e9nero em Portugal, onde estamos presentes, ano ap\u00f3s ano, com um stand promocional inovador e diversos materiais informativos. Esta tem sido uma verdadeira montra promocional do nosso concelho. <\/p>\n\n\n\n<p><\/p>\n\n\n\n<p><strong>O Algarve \u00e9 muitas vezes associado sobretudo \u00e0s praias. Que estrat\u00e9gias est\u00e3o a ser implementadas para atrair visitantes tamb\u00e9m ao interior do concelho? <\/strong><\/p>\n\n\n\n<p>Atrair mais visitantes ao interior tem sido um objetivo dos sucessivos executivos municipais de Loul\u00e9 ao longo das \u00faltimas d\u00e9cadas, com a\u00e7\u00f5es com maior ou menor impacto, estando neste momento em curso aquele que acreditamos ser\u00e1 um projeto marcante que ir\u00e1 alavancar a atividade econ\u00f3mica local de forma significativa, em particular do turismo neste territ\u00f3rio. Loul\u00e9, Silves e Albufeira deram as m\u00e3os para elaborar a candidatura do Geoparque Algarvensis a geoparque mundial da UNES-CO e, no passado dia 5 de setembro, na 11\u00aa Confer\u00eancia Internacional de Geoparques Mundiais da UNESCO, realizada no Chile, o Conselho dos Geoparques Mundiais da UNESCO decidiu atribuir a classifica\u00e7\u00e3o de &#8216;Accepted&#8217;\/aceite a esta candidatura para aderir \u00e0 Rede Mundial de Geoparques. <\/p>\n\n\n\n<p><\/p>\n\n\n\n<p>Este projeto, que incide numa \u00e1rea territorial com limites bem definidos, em pleno cora\u00e7\u00e3o do Algarve e abarcando os tr\u00eas munic\u00edpios, possuindo um patrim\u00f3nio geol\u00f3gico de grande relevo a n\u00edvel nacional e internacional, alia uma estrat\u00e9gia de geo-conserva\u00e7\u00e3o e um conjunto de pol\u00edticas de educa\u00e7\u00e3o e sensibiliza\u00e7\u00e3o ambiental, \u00e0 promo\u00e7\u00e3o de um desenvolvimento socioecon\u00f3mico sustent\u00e1vel baseado em atividades de geoturismo, envolvendo as comunidades locais, contribuindo para a valoriza\u00e7\u00e3o e promo\u00e7\u00e3o dos produtos locais e dos recursos end\u00f3genos. Certamente que ser\u00e1 decisivo para desenvolver o turismo de interior. Por outro lado, o projeto Loul\u00e9 Criativo, que promove um turismo baseado nas artes e of\u00edcios tradicionais, preservando t\u00e9cnicas ancestrais e estimulando a economia local, tem sido tamb\u00e9m importante para esse desiderato. Com o apoio de uma rede de parceiros, temos proporcionado experi\u00eancias \u00fanicas e aprendizagens enriquecedoras aos turistas, que mant\u00eam um conv\u00edvio com os habitantes deste territ\u00f3rio, atrav\u00e9s da realiza\u00e7\u00e3o de workshops, cursos, fins de semana tem\u00e1ticos e uma s\u00e9rie de atividades inspiradas na arte, no artesanato, na gastronomia ou no patrim\u00f3nio deste territ\u00f3rio. Cada vez s\u00e3o mais os turistas que procuram o turismo de natureza e, nesse \u00e2mbito, temos criado infraestruturas de apoio a esta atividade, como os parques de autocaravanas do Ameixial e de Salir, que oferecem as condi\u00e7\u00f5es ideais para a pr\u00e1tica deste tipo de turismo ao longo de todo o ano. <\/p>\n\n\n\n<p><\/p>\n\n\n\n<figure class=\"wp-block-gallery has-nested-images columns-default is-cropped wp-block-gallery-1 is-layout-flex wp-block-gallery-is-layout-flex\">\n<figure class=\"wp-block-image size-large\"><img loading=\"lazy\" decoding=\"async\" width=\"405\" height=\"600\" data-id=\"12672\" src=\"https:\/\/maismagazine.pt\/wp-content\/uploads\/2025\/09\/1-Banhos-Islamicos.jpg\" alt=\"\" class=\"wp-image-12672\" srcset=\"http:\/\/maismagazine.pt\/wp-content\/uploads\/2025\/09\/1-Banhos-Islamicos.jpg 405w, http:\/\/maismagazine.pt\/wp-content\/uploads\/2025\/09\/1-Banhos-Islamicos-203x300.jpg 203w\" sizes=\"auto, (max-width: 405px) 100vw, 405px\" \/><figcaption class=\"wp-element-caption\">Banhos Isl\u00e2micos<\/figcaption><\/figure>\n\n\n\n<figure class=\"wp-block-image size-large\"><img loading=\"lazy\" decoding=\"async\" width=\"421\" height=\"600\" data-id=\"12673\" src=\"https:\/\/maismagazine.pt\/wp-content\/uploads\/2025\/09\/2-Mercado-Municipal.jpg\" alt=\"\" class=\"wp-image-12673\" srcset=\"http:\/\/maismagazine.pt\/wp-content\/uploads\/2025\/09\/2-Mercado-Municipal.jpg 421w, http:\/\/maismagazine.pt\/wp-content\/uploads\/2025\/09\/2-Mercado-Municipal-211x300.jpg 211w\" sizes=\"auto, (max-width: 421px) 100vw, 421px\" \/><figcaption class=\"wp-element-caption\">Mercado Municipal de Loul\u00e9<\/figcaption><\/figure>\n\n\n\n<figure class=\"wp-block-image size-large\"><img loading=\"lazy\" decoding=\"async\" width=\"398\" height=\"600\" data-id=\"12674\" src=\"https:\/\/maismagazine.pt\/wp-content\/uploads\/2025\/09\/4-Fonte-da-Benemola.jpg\" alt=\"\" class=\"wp-image-12674\" srcset=\"http:\/\/maismagazine.pt\/wp-content\/uploads\/2025\/09\/4-Fonte-da-Benemola.jpg 398w, http:\/\/maismagazine.pt\/wp-content\/uploads\/2025\/09\/4-Fonte-da-Benemola-199x300.jpg 199w\" sizes=\"auto, (max-width: 398px) 100vw, 398px\" \/><figcaption class=\"wp-element-caption\">Fonte Ben\u00e9mola<\/figcaption><\/figure>\n<\/figure>\n\n\n\n<p><\/p>\n\n\n\n<p><\/p>\n\n\n\n<p><strong>O turismo em Loul\u00e9 continua a crescer. Que medidas est\u00e3o a ser tomadas para que esse crescimento seja sustent\u00e1vel e equilibrado?<\/strong><\/p>\n\n\n\n<p>O olhar atento do Munic\u00edpio de Loul\u00e9 para com a sustentabilidade estende-se \u00e0 atividade tur\u00edstica. Queremos que o desenvolvimento do turismo neste territ\u00f3rio seja feito de forma equilibrada e prima pela sustentabilidade. Loul\u00e9 foi a primeira autarquia do pa\u00eds a ter aprovado o seu Plano Municipal de A\u00e7\u00e3o Clim\u00e1tica, onde est\u00e3o plasmadas a\u00e7\u00f5es que tamb\u00e9m respeitam direta ou indiretamente ao turismo. Essa preocupa\u00e7\u00e3o para com a sustentabilidade valeu ao Munic\u00edpio de Loul\u00e9 a atribui\u00e7\u00e3o do selo de \u201cGreen Destination\u201d, certificado baseado na auditoria a um conjunto de crit\u00e9rios nas \u00e1reas de Gest\u00e3o do Destino, Natureza e Paisagens, Ambiente e Clima, Cultura e Tradi\u00e7\u00e3o, Bem-Estar Social, Empresas e Comunica\u00e7\u00e3o. Para os milh\u00f5es de turistas que visitam anualmente o concelho, este selo \u00e9 a garantia de que se encontram num territ\u00f3rio que prima pelas boas pr\u00e1ticas de sustentabilidade e, como tal, fator decisivo na atratividade de mais visitantes. <\/p>\n\n\n\n<p><\/p>\n\n\n\n<p>Por outro lado, a cria\u00e7\u00e3o de \u00e1reas protegidas que promovem a biodiversidade, como \u00e9 o caso da recente Reserva Natural Local da Foz do Almargem e do Trafal, ou os processos de classifica\u00e7\u00e3o em curso da Reserva Natural Local da Nave do Bar\u00e3o e do Monumento Natural Local da Gruta de Vale Telheiro, contribuem para travar o crescimento urban\u00edstico desenfreado em zonas sens\u00edveis, a especula\u00e7\u00e3o imobili\u00e1ria e o turismo massificado (que nunca \u00e9 compat\u00edvel com a sustentabilidade), promovendo os valores naturais como ponto de interesse para os visitantes. Tamb\u00e9m o projeto Loul\u00e9 Criativo, que promove um turismo baseado nas artes e of\u00edcios tradicionais, preservando t\u00e9cnicas ancestrais estimulando a economia local, ou o envolvimento na candidatura \u00e0 UNESCO do Geoparque Algarvensis, que valoriza um desenvolvimento socioecon\u00f3mico sustent\u00e1vel baseado em atividades de geoturismo, fazem de Loul\u00e9 um territ\u00f3rio que prima por um crescimento tur\u00edstico equilibrado. <\/p>\n\n\n\n<p><\/p>\n\n\n\n<p><strong>H\u00e1 algum evento previsto para o final de setembro que gostaria de destacar?  <\/strong><\/p>\n\n\n\n<p>Naturalmente que destacaria as celebra\u00e7\u00f5es do Dia Mundial do Turismo, a 27 de setembro, que \u00e9 sempre uma data especial para um concelho com a voca\u00e7\u00e3o para esta atividade como Loul\u00e9. Neste dia teremos um programa especial de iniciativas integradas no projeto Loul\u00e9 Criativo, dirigidas sobretudo aos nossos visitantes. Al\u00e9m disso, como \u00e9 habitual, nos postos de turismo, os turistas ser\u00e3o recebidos com produtos regionais e a simpatia dos nossos t\u00e9cnicos. Antecipando um ano, gostaria de anunciar que, de 31 de julho a 2 de agosto de 2026, Vilamoura ir\u00e1 acolher um novo evento \u2013 o Portugal Invitational, que traz golfe de classe mundial a Portugal. O concelho de Loul\u00e9 ser\u00e1 o anfitri\u00e3o de um marco hist\u00f3rico no mundo do golfe: o PGA TOUR Champions chega, pela primeira vez, a solo portugu\u00eas. <\/p>\n\n\n\n<p><\/p>\n\n\n\n<p><strong>Na sua opini\u00e3o, quais s\u00e3o atualmente os maiores desafios do setor do turismo em Loul\u00e9 e que prioridades est\u00e3o definidas para os pr\u00f3ximos anos? <\/strong><\/p>\n\n\n\n<p>A prioridade passa necessariamente pela aposta na sustentabilidade, na diferencia\u00e7\u00e3o e na diversifica\u00e7\u00e3o da nossa oferta tur\u00edstica e n\u00e3o pela massifica\u00e7\u00e3o que tem sido respons\u00e1vel pelo decl\u00ednio de muitos destinos por esse mundo fora. A f\u00f3rmula que nos parece ser a mais correta ter\u00e1 de passar por uma fus\u00e3o entre o turismo de &#8216;sol e praia&#8217; associado ao litoral, onde o golfe tem tamb\u00e9m um papel preponderante, e outras experi\u00eancias, que passam necessariamente pelas tradi\u00e7\u00f5es e a autenticidade que se encontra no interior. Por outro lado, \u00e9 fundamental levarmos a cabo a elabora\u00e7\u00e3o do Plano Estrat\u00e9gico para o Turismo do Concelho de Loul\u00e9 que possa constituir-se como um documento orientador para toda a atividade, envolvendo o Munic\u00edpio e os diferentes stakeholders, desde as entidades p\u00fablicas a agentes do setor privado.  <\/p>\n\n\n\n<p><\/p>\n\n\n<div class=\"wp-block-image\">\n<figure class=\"aligncenter size-full is-resized\"><img loading=\"lazy\" decoding=\"async\" width=\"225\" height=\"225\" src=\"https:\/\/maismagazine.pt\/wp-content\/uploads\/2025\/09\/images.png\" alt=\"\" class=\"wp-image-12675\" style=\"width:297px;height:auto\" srcset=\"http:\/\/maismagazine.pt\/wp-content\/uploads\/2025\/09\/images.png 225w, http:\/\/maismagazine.pt\/wp-content\/uploads\/2025\/09\/images-150x150.png 150w\" sizes=\"auto, (max-width: 225px) 100vw, 225px\" \/><\/figure><\/div>","protected":false},"excerpt":{"rendered":"<p>A Mais Magazine esteve \u00e0 conversa com V\u00edtor Aleixo, presidente da C\u00e2mara Municipal de Loul\u00e9, que destacou a singularidade do concelho \u2013 o maior e mais populoso do Algarve \u2013 marcado pela diversidade paisag\u00edstica, cultural e socioecon\u00f3mica. Um territ\u00f3rio de excel\u00eancia, que se afirma como refer\u00eancia no turismo, na cultura&hellip;<\/p>\n","protected":false},"author":17,"featured_media":12676,"comment_status":"closed","ping_status":"open","sticky":false,"template":"","format":"standard","meta":{"advgb_blocks_editor_width":"","advgb_blocks_columns_visual_guide":"","_monsterinsights_skip_tracking":false,"_monsterinsights_sitenote_active":false,"_monsterinsights_sitenote_note":"","_monsterinsights_sitenote_category":0,"footnotes":""},"categories":[50,53],"tags":[2442],"class_list":["post-12671","post","type-post","status-publish","format-standard","has-post-thumbnail","hentry","category-destaques","category-turismo-restaurantes","tag-cm-loule"],"yoast_head":"<!-- This site is optimized with the Yoast SEO plugin v24.4 - https:\/\/yoast.com\/wordpress\/plugins\/seo\/ -->\n<title>Loul\u00e9: Onde a tradi\u00e7\u00e3o e a modernidade se encontram - Mais Magazine<\/title>\n<meta name=\"description\" content=\"A Mais Magazine esteve \u00e0 conversa com V\u00edtor Aleixo, presidente da C\u00e2mara Municipal de Loul\u00e9, que destacou a singularidade do concelho \u2013 o maior e mais populoso do Algarve \u2013 marcado pela diversidade paisag\u00edstica, cultural e socioecon\u00f3mica. Um territ\u00f3rio de excel\u00eancia, que se afirma como refer\u00eancia no turismo, na cultura e na qualidade de vida no sul do pa\u00eds.\" \/>\n<meta name=\"robots\" content=\"index, follow, max-snippet:-1, max-image-preview:large, max-video-preview:-1\" \/>\n<link rel=\"canonical\" href=\"http:\/\/maismagazine.pt\/index.php\/2025\/09\/26\/loule-onde-a-tradicao-e-a-modernidade-se-encontram\/\" \/>\n<meta property=\"og:locale\" content=\"pt_PT\" \/>\n<meta property=\"og:type\" content=\"article\" \/>\n<meta property=\"og:title\" content=\"Loul\u00e9: Onde a tradi\u00e7\u00e3o e a modernidade se encontram - Mais Magazine\" \/>\n<meta property=\"og:description\" content=\"A Mais Magazine esteve \u00e0 conversa com V\u00edtor Aleixo, presidente da C\u00e2mara Municipal de Loul\u00e9, que destacou a singularidade do concelho \u2013 o maior e mais populoso do Algarve \u2013 marcado pela diversidade paisag\u00edstica, cultural e socioecon\u00f3mica. Um territ\u00f3rio de excel\u00eancia, que se afirma como refer\u00eancia no turismo, na cultura e na qualidade de vida no sul do pa\u00eds.\" \/>\n<meta property=\"og:url\" content=\"http:\/\/maismagazine.pt\/index.php\/2025\/09\/26\/loule-onde-a-tradicao-e-a-modernidade-se-encontram\/\" \/>\n<meta property=\"og:site_name\" content=\"Mais Magazine\" \/>\n<meta property=\"article:published_time\" content=\"2025-09-26T06:00:00+00:00\" \/>\n<meta property=\"og:image\" content=\"http:\/\/maismagazine.pt\/wp-content\/uploads\/2025\/09\/3-Queda-do-Vigario.jpg\" \/>\n\t<meta property=\"og:image:width\" content=\"372\" \/>\n\t<meta property=\"og:image:height\" content=\"560\" \/>\n\t<meta property=\"og:image:type\" content=\"image\/jpeg\" \/>\n<meta name=\"author\" content=\"Tiago Costa\" \/>\n<meta name=\"twitter:card\" content=\"summary_large_image\" \/>\n<meta name=\"twitter:label1\" content=\"Escrito por\" \/>\n\t<meta name=\"twitter:data1\" content=\"\" \/>\n\t<meta name=\"twitter:label2\" content=\"Tempo estimado de leitura\" \/>\n\t<meta name=\"twitter:data2\" content=\"9 minutos\" \/>\n<script type=\"application\/ld+json\" class=\"yoast-schema-graph\">{\"@context\":\"https:\/\/schema.org\",\"@graph\":[{\"@type\":\"Article\",\"@id\":\"http:\/\/maismagazine.pt\/index.php\/2025\/09\/26\/loule-onde-a-tradicao-e-a-modernidade-se-encontram\/#article\",\"isPartOf\":{\"@id\":\"http:\/\/maismagazine.pt\/index.php\/2025\/09\/26\/loule-onde-a-tradicao-e-a-modernidade-se-encontram\/\"},\"author\":{\"name\":\"Tiago Costa\",\"@id\":\"https:\/\/maismagazine.pt\/#\/schema\/person\/c6c5bfccc886434cbd11c74e035f9646\"},\"headline\":\"Loul\u00e9: Onde a tradi\u00e7\u00e3o e a modernidade se encontram\",\"datePublished\":\"2025-09-26T06:00:00+00:00\",\"mainEntityOfPage\":{\"@id\":\"http:\/\/maismagazine.pt\/index.php\/2025\/09\/26\/loule-onde-a-tradicao-e-a-modernidade-se-encontram\/\"},\"wordCount\":1474,\"publisher\":{\"@id\":\"https:\/\/maismagazine.pt\/#organization\"},\"image\":{\"@id\":\"http:\/\/maismagazine.pt\/index.php\/2025\/09\/26\/loule-onde-a-tradicao-e-a-modernidade-se-encontram\/#primaryimage\"},\"thumbnailUrl\":\"http:\/\/maismagazine.pt\/wp-content\/uploads\/2025\/09\/3-Queda-do-Vigario.jpg\",\"keywords\":[\"CM Loul\u00e9\"],\"articleSection\":[\"Destaques\",\"Turismo | Vinhos | Gastronomia\"],\"inLanguage\":\"pt-PT\"},{\"@type\":\"WebPage\",\"@id\":\"http:\/\/maismagazine.pt\/index.php\/2025\/09\/26\/loule-onde-a-tradicao-e-a-modernidade-se-encontram\/\",\"url\":\"http:\/\/maismagazine.pt\/index.php\/2025\/09\/26\/loule-onde-a-tradicao-e-a-modernidade-se-encontram\/\",\"name\":\"Loul\u00e9: Onde a tradi\u00e7\u00e3o e a modernidade se encontram - Mais Magazine\",\"isPartOf\":{\"@id\":\"https:\/\/maismagazine.pt\/#website\"},\"primaryImageOfPage\":{\"@id\":\"http:\/\/maismagazine.pt\/index.php\/2025\/09\/26\/loule-onde-a-tradicao-e-a-modernidade-se-encontram\/#primaryimage\"},\"image\":{\"@id\":\"http:\/\/maismagazine.pt\/index.php\/2025\/09\/26\/loule-onde-a-tradicao-e-a-modernidade-se-encontram\/#primaryimage\"},\"thumbnailUrl\":\"http:\/\/maismagazine.pt\/wp-content\/uploads\/2025\/09\/3-Queda-do-Vigario.jpg\",\"datePublished\":\"2025-09-26T06:00:00+00:00\",\"description\":\"A Mais Magazine esteve \u00e0 conversa com V\u00edtor Aleixo, presidente da C\u00e2mara Municipal de Loul\u00e9, que destacou a singularidade do concelho \u2013 o maior e mais populoso do Algarve \u2013 marcado pela diversidade paisag\u00edstica, cultural e socioecon\u00f3mica. Um territ\u00f3rio de excel\u00eancia, que se afirma como refer\u00eancia no turismo, na cultura e na qualidade de vida no sul do pa\u00eds.\",\"breadcrumb\":{\"@id\":\"http:\/\/maismagazine.pt\/index.php\/2025\/09\/26\/loule-onde-a-tradicao-e-a-modernidade-se-encontram\/#breadcrumb\"},\"inLanguage\":\"pt-PT\",\"potentialAction\":[{\"@type\":\"ReadAction\",\"target\":[\"http:\/\/maismagazine.pt\/index.php\/2025\/09\/26\/loule-onde-a-tradicao-e-a-modernidade-se-encontram\/\"]}]},{\"@type\":\"ImageObject\",\"inLanguage\":\"pt-PT\",\"@id\":\"http:\/\/maismagazine.pt\/index.php\/2025\/09\/26\/loule-onde-a-tradicao-e-a-modernidade-se-encontram\/#primaryimage\",\"url\":\"http:\/\/maismagazine.pt\/wp-content\/uploads\/2025\/09\/3-Queda-do-Vigario.jpg\",\"contentUrl\":\"http:\/\/maismagazine.pt\/wp-content\/uploads\/2025\/09\/3-Queda-do-Vigario.jpg\",\"width\":372,\"height\":560,\"caption\":\"QUEDA DO VIGARIO. Visit Loul\u00e9. Alte 21 Fevereiro 2024. FOTO: VASCO C\u00c9LIO\"},{\"@type\":\"BreadcrumbList\",\"@id\":\"http:\/\/maismagazine.pt\/index.php\/2025\/09\/26\/loule-onde-a-tradicao-e-a-modernidade-se-encontram\/#breadcrumb\",\"itemListElement\":[{\"@type\":\"ListItem\",\"position\":1,\"name\":\"Home\",\"item\":\"https:\/\/maismagazine.pt\/\"},{\"@type\":\"ListItem\",\"position\":2,\"name\":\"Loul\u00e9: Onde a tradi\u00e7\u00e3o e a modernidade se encontram\"}]},{\"@type\":\"WebSite\",\"@id\":\"https:\/\/maismagazine.pt\/#website\",\"url\":\"https:\/\/maismagazine.pt\/\",\"name\":\"Mais Magazine\",\"description\":\"\",\"publisher\":{\"@id\":\"https:\/\/maismagazine.pt\/#organization\"},\"potentialAction\":[{\"@type\":\"SearchAction\",\"target\":{\"@type\":\"EntryPoint\",\"urlTemplate\":\"https:\/\/maismagazine.pt\/?s={search_term_string}\"},\"query-input\":{\"@type\":\"PropertyValueSpecification\",\"valueRequired\":true,\"valueName\":\"search_term_string\"}}],\"inLanguage\":\"pt-PT\"},{\"@type\":\"Organization\",\"@id\":\"https:\/\/maismagazine.pt\/#organization\",\"name\":\"Mais Magazine\",\"url\":\"https:\/\/maismagazine.pt\/\",\"logo\":{\"@type\":\"ImageObject\",\"inLanguage\":\"pt-PT\",\"@id\":\"https:\/\/maismagazine.pt\/#\/schema\/logo\/image\/\",\"url\":\"http:\/\/maismagazine.pt\/wp-content\/uploads\/2020\/04\/cropped-cropped-mais-magazine-site-logo-2.png\",\"contentUrl\":\"http:\/\/maismagazine.pt\/wp-content\/uploads\/2020\/04\/cropped-cropped-mais-magazine-site-logo-2.png\",\"width\":581,\"height\":90,\"caption\":\"Mais Magazine\"},\"image\":{\"@id\":\"https:\/\/maismagazine.pt\/#\/schema\/logo\/image\/\"}},{\"@type\":\"Person\",\"@id\":\"https:\/\/maismagazine.pt\/#\/schema\/person\/c6c5bfccc886434cbd11c74e035f9646\",\"name\":\"Tiago Costa\",\"image\":{\"@type\":\"ImageObject\",\"inLanguage\":\"pt-PT\",\"@id\":\"https:\/\/maismagazine.pt\/#\/schema\/person\/image\/\",\"url\":\"https:\/\/secure.gravatar.com\/avatar\/c599b2bce16c9870429198cbad5ee022?s=96&d=mm&r=g\",\"contentUrl\":\"https:\/\/secure.gravatar.com\/avatar\/c599b2bce16c9870429198cbad5ee022?s=96&d=mm&r=g\",\"caption\":\"Tiago Costa\"},\"url\":\"http:\/\/maismagazine.pt\/index.php\/author\/tiago\/\"}]}<\/script>\n<!-- \/ Yoast SEO plugin. -->","yoast_head_json":{"title":"Loul\u00e9: Onde a tradi\u00e7\u00e3o e a modernidade se encontram - Mais Magazine","description":"A Mais Magazine esteve \u00e0 conversa com V\u00edtor Aleixo, presidente da C\u00e2mara Municipal de Loul\u00e9, que destacou a singularidade do concelho \u2013 o maior e mais populoso do Algarve \u2013 marcado pela diversidade paisag\u00edstica, cultural e socioecon\u00f3mica. Um territ\u00f3rio de excel\u00eancia, que se afirma como refer\u00eancia no turismo, na cultura e na qualidade de vida no sul do pa\u00eds.","robots":{"index":"index","follow":"follow","max-snippet":"max-snippet:-1","max-image-preview":"max-image-preview:large","max-video-preview":"max-video-preview:-1"},"canonical":"http:\/\/maismagazine.pt\/index.php\/2025\/09\/26\/loule-onde-a-tradicao-e-a-modernidade-se-encontram\/","og_locale":"pt_PT","og_type":"article","og_title":"Loul\u00e9: Onde a tradi\u00e7\u00e3o e a modernidade se encontram - Mais Magazine","og_description":"A Mais Magazine esteve \u00e0 conversa com V\u00edtor Aleixo, presidente da C\u00e2mara Municipal de Loul\u00e9, que destacou a singularidade do concelho \u2013 o maior e mais populoso do Algarve \u2013 marcado pela diversidade paisag\u00edstica, cultural e socioecon\u00f3mica. Um territ\u00f3rio de excel\u00eancia, que se afirma como refer\u00eancia no turismo, na cultura e na qualidade de vida no sul do pa\u00eds.","og_url":"http:\/\/maismagazine.pt\/index.php\/2025\/09\/26\/loule-onde-a-tradicao-e-a-modernidade-se-encontram\/","og_site_name":"Mais Magazine","article_published_time":"2025-09-26T06:00:00+00:00","og_image":[{"width":372,"height":560,"url":"http:\/\/maismagazine.pt\/wp-content\/uploads\/2025\/09\/3-Queda-do-Vigario.jpg","type":"image\/jpeg"}],"author":"Tiago Costa","twitter_card":"summary_large_image","twitter_misc":{"Escrito por":false,"Tempo estimado de leitura":"9 minutos"},"schema":{"@context":"https:\/\/schema.org","@graph":[{"@type":"Article","@id":"http:\/\/maismagazine.pt\/index.php\/2025\/09\/26\/loule-onde-a-tradicao-e-a-modernidade-se-encontram\/#article","isPartOf":{"@id":"http:\/\/maismagazine.pt\/index.php\/2025\/09\/26\/loule-onde-a-tradicao-e-a-modernidade-se-encontram\/"},"author":{"name":"Tiago Costa","@id":"https:\/\/maismagazine.pt\/#\/schema\/person\/c6c5bfccc886434cbd11c74e035f9646"},"headline":"Loul\u00e9: Onde a tradi\u00e7\u00e3o e a modernidade se encontram","datePublished":"2025-09-26T06:00:00+00:00","mainEntityOfPage":{"@id":"http:\/\/maismagazine.pt\/index.php\/2025\/09\/26\/loule-onde-a-tradicao-e-a-modernidade-se-encontram\/"},"wordCount":1474,"publisher":{"@id":"https:\/\/maismagazine.pt\/#organization"},"image":{"@id":"http:\/\/maismagazine.pt\/index.php\/2025\/09\/26\/loule-onde-a-tradicao-e-a-modernidade-se-encontram\/#primaryimage"},"thumbnailUrl":"http:\/\/maismagazine.pt\/wp-content\/uploads\/2025\/09\/3-Queda-do-Vigario.jpg","keywords":["CM Loul\u00e9"],"articleSection":["Destaques","Turismo | Vinhos | Gastronomia"],"inLanguage":"pt-PT"},{"@type":"WebPage","@id":"http:\/\/maismagazine.pt\/index.php\/2025\/09\/26\/loule-onde-a-tradicao-e-a-modernidade-se-encontram\/","url":"http:\/\/maismagazine.pt\/index.php\/2025\/09\/26\/loule-onde-a-tradicao-e-a-modernidade-se-encontram\/","name":"Loul\u00e9: Onde a tradi\u00e7\u00e3o e a modernidade se encontram - Mais Magazine","isPartOf":{"@id":"https:\/\/maismagazine.pt\/#website"},"primaryImageOfPage":{"@id":"http:\/\/maismagazine.pt\/index.php\/2025\/09\/26\/loule-onde-a-tradicao-e-a-modernidade-se-encontram\/#primaryimage"},"image":{"@id":"http:\/\/maismagazine.pt\/index.php\/2025\/09\/26\/loule-onde-a-tradicao-e-a-modernidade-se-encontram\/#primaryimage"},"thumbnailUrl":"http:\/\/maismagazine.pt\/wp-content\/uploads\/2025\/09\/3-Queda-do-Vigario.jpg","datePublished":"2025-09-26T06:00:00+00:00","description":"A Mais Magazine esteve \u00e0 conversa com V\u00edtor Aleixo, presidente da C\u00e2mara Municipal de Loul\u00e9, que destacou a singularidade do concelho \u2013 o maior e mais populoso do Algarve \u2013 marcado pela diversidade paisag\u00edstica, cultural e socioecon\u00f3mica. Um territ\u00f3rio de excel\u00eancia, que se afirma como refer\u00eancia no turismo, na cultura e na qualidade de vida no sul do pa\u00eds.","breadcrumb":{"@id":"http:\/\/maismagazine.pt\/index.php\/2025\/09\/26\/loule-onde-a-tradicao-e-a-modernidade-se-encontram\/#breadcrumb"},"inLanguage":"pt-PT","potentialAction":[{"@type":"ReadAction","target":["http:\/\/maismagazine.pt\/index.php\/2025\/09\/26\/loule-onde-a-tradicao-e-a-modernidade-se-encontram\/"]}]},{"@type":"ImageObject","inLanguage":"pt-PT","@id":"http:\/\/maismagazine.pt\/index.php\/2025\/09\/26\/loule-onde-a-tradicao-e-a-modernidade-se-encontram\/#primaryimage","url":"http:\/\/maismagazine.pt\/wp-content\/uploads\/2025\/09\/3-Queda-do-Vigario.jpg","contentUrl":"http:\/\/maismagazine.pt\/wp-content\/uploads\/2025\/09\/3-Queda-do-Vigario.jpg","width":372,"height":560,"caption":"QUEDA DO VIGARIO. Visit Loul\u00e9. Alte 21 Fevereiro 2024. FOTO: VASCO C\u00c9LIO"},{"@type":"BreadcrumbList","@id":"http:\/\/maismagazine.pt\/index.php\/2025\/09\/26\/loule-onde-a-tradicao-e-a-modernidade-se-encontram\/#breadcrumb","itemListElement":[{"@type":"ListItem","position":1,"name":"Home","item":"https:\/\/maismagazine.pt\/"},{"@type":"ListItem","position":2,"name":"Loul\u00e9: Onde a tradi\u00e7\u00e3o e a modernidade se encontram"}]},{"@type":"WebSite","@id":"https:\/\/maismagazine.pt\/#website","url":"https:\/\/maismagazine.pt\/","name":"Mais Magazine","description":"","publisher":{"@id":"https:\/\/maismagazine.pt\/#organization"},"potentialAction":[{"@type":"SearchAction","target":{"@type":"EntryPoint","urlTemplate":"https:\/\/maismagazine.pt\/?s={search_term_string}"},"query-input":{"@type":"PropertyValueSpecification","valueRequired":true,"valueName":"search_term_string"}}],"inLanguage":"pt-PT"},{"@type":"Organization","@id":"https:\/\/maismagazine.pt\/#organization","name":"Mais Magazine","url":"https:\/\/maismagazine.pt\/","logo":{"@type":"ImageObject","inLanguage":"pt-PT","@id":"https:\/\/maismagazine.pt\/#\/schema\/logo\/image\/","url":"http:\/\/maismagazine.pt\/wp-content\/uploads\/2020\/04\/cropped-cropped-mais-magazine-site-logo-2.png","contentUrl":"http:\/\/maismagazine.pt\/wp-content\/uploads\/2020\/04\/cropped-cropped-mais-magazine-site-logo-2.png","width":581,"height":90,"caption":"Mais Magazine"},"image":{"@id":"https:\/\/maismagazine.pt\/#\/schema\/logo\/image\/"}},{"@type":"Person","@id":"https:\/\/maismagazine.pt\/#\/schema\/person\/c6c5bfccc886434cbd11c74e035f9646","name":"Tiago Costa","image":{"@type":"ImageObject","inLanguage":"pt-PT","@id":"https:\/\/maismagazine.pt\/#\/schema\/person\/image\/","url":"https:\/\/secure.gravatar.com\/avatar\/c599b2bce16c9870429198cbad5ee022?s=96&d=mm&r=g","contentUrl":"https:\/\/secure.gravatar.com\/avatar\/c599b2bce16c9870429198cbad5ee022?s=96&d=mm&r=g","caption":"Tiago Costa"},"url":"http:\/\/maismagazine.pt\/index.php\/author\/tiago\/"}]}},"author_meta":{"display_name":false,"author_link":"http:\/\/maismagazine.pt\/index.php\/author\/tiago\/"},"featured_img":"http:\/\/maismagazine.pt\/wp-content\/uploads\/2025\/09\/3-Queda-do-Vigario-199x300.jpg","coauthors":[],"tax_additional":{"categories":{"linked":["<a href=\"http:\/\/maismagazine.pt\/index.php\/category\/destaques\/\" class=\"advgb-post-tax-term\">Destaques<\/a>","<a href=\"http:\/\/maismagazine.pt\/index.php\/category\/turismo-restaurantes\/\" class=\"advgb-post-tax-term\">Turismo | Vinhos | Gastronomia<\/a>"],"unlinked":["<span class=\"advgb-post-tax-term\">Destaques<\/span>","<span class=\"advgb-post-tax-term\">Turismo | Vinhos | Gastronomia<\/span>"]},"tags":{"linked":["<a href=\"http:\/\/maismagazine.pt\/index.php\/category\/turismo-restaurantes\/\" class=\"advgb-post-tax-term\">CM Loul\u00e9<\/a>"],"unlinked":["<span class=\"advgb-post-tax-term\">CM Loul\u00e9<\/span>"]}},"comment_count":"0","relative_dates":{"created":"Posted 7 meses ago","modified":"Updated 7 meses ago"},"absolute_dates":{"created":"Posted on 26 de Setembro, 2025","modified":"Updated on 23 de Setembro, 2025"},"absolute_dates_time":{"created":"Posted on 26 de Setembro, 2025 7:00","modified":"Updated on 23 de Setembro, 2025 11:54"},"featured_img_caption":"QUEDA DO VIGARIO. Visit Loul\u00e9. Alte 21 Fevereiro 2024. FOTO: VASCO C\u00c9LIO","series_order":"","_links":{"self":[{"href":"http:\/\/maismagazine.pt\/index.php\/wp-json\/wp\/v2\/posts\/12671","targetHints":{"allow":["GET"]}}],"collection":[{"href":"http:\/\/maismagazine.pt\/index.php\/wp-json\/wp\/v2\/posts"}],"about":[{"href":"http:\/\/maismagazine.pt\/index.php\/wp-json\/wp\/v2\/types\/post"}],"author":[{"embeddable":true,"href":"http:\/\/maismagazine.pt\/index.php\/wp-json\/wp\/v2\/users\/17"}],"replies":[{"embeddable":true,"href":"http:\/\/maismagazine.pt\/index.php\/wp-json\/wp\/v2\/comments?post=12671"}],"version-history":[{"count":2,"href":"http:\/\/maismagazine.pt\/index.php\/wp-json\/wp\/v2\/posts\/12671\/revisions"}],"predecessor-version":[{"id":12678,"href":"http:\/\/maismagazine.pt\/index.php\/wp-json\/wp\/v2\/posts\/12671\/revisions\/12678"}],"wp:featuredmedia":[{"embeddable":true,"href":"http:\/\/maismagazine.pt\/index.php\/wp-json\/wp\/v2\/media\/12676"}],"wp:attachment":[{"href":"http:\/\/maismagazine.pt\/index.php\/wp-json\/wp\/v2\/media?parent=12671"}],"wp:term":[{"taxonomy":"category","embeddable":true,"href":"http:\/\/maismagazine.pt\/index.php\/wp-json\/wp\/v2\/categories?post=12671"},{"taxonomy":"post_tag","embeddable":true,"href":"http:\/\/maismagazine.pt\/index.php\/wp-json\/wp\/v2\/tags?post=12671"}],"curies":[{"name":"wp","href":"https:\/\/api.w.org\/{rel}","templated":true}]}}