{"id":12660,"date":"2025-09-26T07:00:00","date_gmt":"2025-09-26T06:00:00","guid":{"rendered":"https:\/\/maismagazine.pt\/?p=12660"},"modified":"2025-09-23T11:06:03","modified_gmt":"2025-09-23T10:06:03","slug":"a-missao-de-concretizar-sonhos","status":"publish","type":"post","link":"http:\/\/maismagazine.pt\/index.php\/2025\/09\/26\/a-missao-de-concretizar-sonhos\/","title":{"rendered":"A miss\u00e3o de concretizar sonhos"},"content":{"rendered":"\n<p><strong>Para Salom\u00e9 Campos, trabalhar no setor imobili\u00e1rio \u00e9 muito mais do que intermediar neg\u00f3cios. \u00c9 escutar, compreender e acompanhar pessoas num dos momentos mais importantes das suas vidas: a escolha de um espa\u00e7o para viver, investir ou realizar um sonho. Hoje, coloca a sua experi\u00eancia e dedica\u00e7\u00e3o ao servi\u00e7o de quem procura n\u00e3o s\u00f3 uma casa, mas um lugar onde possa criar mem\u00f3rias, alcan\u00e7ar objetivos e concretizar sonhos. <\/strong><\/p>\n\n\n\n<p><\/p>\n\n\n\n<p>Apaixonada pelo mundo das artes desde que se lembra, Salom\u00e9 Campos cedo sentiu a necessidade de desenvolver essa voca\u00e7\u00e3o de forma pr\u00e1tica e criativa. Nesse sentido, \u201ca arquitetura surgiu como uma \u00e1rea capaz de unir est\u00e9tica, funcionalidade e impacto direto na vida das pessoas\u201d, come\u00e7a por dizer. A forma\u00e7\u00e3o na Escola Superior Art\u00edstica do Porto muniu-a de ferramentas como a vis\u00e3o est\u00e9tica, o sentido cr\u00edtico e a sensibilidade para os detalhes, que hoje aplica no seu dia a dia no ramo imobili\u00e1rio. \u201cAtualmente, consigo olhar para um im\u00f3vel n\u00e3o apenas como um produto de mercado, mas como um espa\u00e7o com identidade e potencial\u201d, revela. Esta mudan\u00e7a de percurso aconteceu em 2023, numa altura em que Salom\u00e9 acompanhava alguns clientes na procura de im\u00f3veis para investir na cidade do Porto. Foi ent\u00e3o que se apercebeu de que poderia aplicar o seu lado criativo e comunicativo a um contexto mais din\u00e2mico e pr\u00f3ximo das pessoas. O imobili\u00e1rio revelou-se, assim, o espa\u00e7o ideal para essa realiza\u00e7\u00e3o. <\/p>\n\n\n\n<p><\/p>\n\n\n\n<p>Hoje, ao servi\u00e7o da Remax Maia, os seus dias s\u00e3o pautados pela proximidade com os clientes, pelas visitas a im\u00f3veis e pelas negocia\u00e7\u00f5es. Profissionalismo, transpar\u00eancia e dedica\u00e7\u00e3o s\u00e3o alguns dos princ\u00edpios dos quais n\u00e3o abdica, pois acredita que a confian\u00e7a \u00e9 a base de qualquer rela\u00e7\u00e3o no setor. Para Salom\u00e9 Campos, \u201c\u00e9 fundamental compreender as reais necessidades dos clientes e apresentar solu\u00e7\u00f5es adequadas\u201d. E acrescenta: \u201cMais do que n\u00fameros, considero uma conquista cada cliente satisfeito que v\u00ea no im\u00f3vel adquirido ou vendido a concretiza\u00e7\u00e3o de um objetivo ou a realiza\u00e7\u00e3o de um sonho.\u201d  <\/p>\n\n\n\n<p><\/p>\n\n\n\n<p>Quando questionada sobre a sua vis\u00e3o para o futuro do mercado imobili\u00e1rio, a profissional acredita num setor din\u00e2mico, em constante evolu\u00e7\u00e3o, cada vez mais atento \u00e0 sustentabilidade e \u00e0s novas formas de habitar. J\u00e1 em termos pessoais, ambiciona continuar a evoluir profissionalmente e a consolidar a sua posi\u00e7\u00e3o como refer\u00eancia no mercado imobili\u00e1rio. \u201cSou verdadeiramente apaixonada pelo que fa\u00e7o e acredito que essa paix\u00e3o \u00e9 o que me motiva a superar desafios e a procurar, todos os dias, ser melhor no que ofere\u00e7o a cada cliente\u201d, conclui.  <\/p>\n\n\n<div class=\"wp-block-image\">\n<figure class=\"aligncenter size-full is-resized\"><img loading=\"lazy\" decoding=\"async\" width=\"150\" height=\"79\" src=\"https:\/\/maismagazine.pt\/wp-content\/uploads\/2025\/09\/image-6.png\" alt=\"\" class=\"wp-image-12662\" style=\"width:207px;height:auto\"\/><\/figure><\/div>","protected":false},"excerpt":{"rendered":"<p>Para Salom\u00e9 Campos, trabalhar no setor imobili\u00e1rio \u00e9 muito mais do que intermediar neg\u00f3cios. \u00c9 escutar, compreender e acompanhar pessoas num dos momentos mais importantes das suas vidas: a escolha de um espa\u00e7o para viver, investir ou realizar um sonho. Hoje, coloca a sua experi\u00eancia e dedica\u00e7\u00e3o ao servi\u00e7o de&hellip;<\/p>\n","protected":false},"author":17,"featured_media":12663,"comment_status":"closed","ping_status":"open","sticky":false,"template":"","format":"standard","meta":{"advgb_blocks_editor_width":"","advgb_blocks_columns_visual_guide":"","_monsterinsights_skip_tracking":false,"_monsterinsights_sitenote_active":false,"_monsterinsights_sitenote_note":"","_monsterinsights_sitenote_category":0,"footnotes":""},"categories":[6,137],"tags":[2440],"class_list":["post-12660","post","type-post","status-publish","format-standard","has-post-thumbnail","hentry","category-empreendedorismo","category-imobiliario","tag-salome-campos"],"yoast_head":"<!-- This site is optimized with the Yoast SEO plugin v24.4 - https:\/\/yoast.com\/wordpress\/plugins\/seo\/ -->\n<title>A miss\u00e3o de concretizar sonhos - Mais Magazine<\/title>\n<meta name=\"description\" content=\"Para Salom\u00e9 Campos, trabalhar no setor imobili\u00e1rio \u00e9 muito mais do que intermediar neg\u00f3cios. \u00c9 escutar, compreender e acompanhar pessoas num dos momentos mais importantes das suas vidas: a escolha de um espa\u00e7o para viver, investir ou realizar um sonho. Hoje, coloca a sua experi\u00eancia e dedica\u00e7\u00e3o ao servi\u00e7o de quem procura n\u00e3o s\u00f3 uma casa, mas um lugar onde possa criar mem\u00f3rias, alcan\u00e7ar objetivos e concretizar sonhos.\" \/>\n<meta name=\"robots\" content=\"index, follow, max-snippet:-1, max-image-preview:large, max-video-preview:-1\" \/>\n<link rel=\"canonical\" href=\"http:\/\/maismagazine.pt\/index.php\/2025\/09\/26\/a-missao-de-concretizar-sonhos\/\" \/>\n<meta property=\"og:locale\" content=\"pt_PT\" \/>\n<meta property=\"og:type\" content=\"article\" \/>\n<meta property=\"og:title\" content=\"A miss\u00e3o de concretizar sonhos - Mais Magazine\" \/>\n<meta property=\"og:description\" content=\"Para Salom\u00e9 Campos, trabalhar no setor imobili\u00e1rio \u00e9 muito mais do que intermediar neg\u00f3cios. \u00c9 escutar, compreender e acompanhar pessoas num dos momentos mais importantes das suas vidas: a escolha de um espa\u00e7o para viver, investir ou realizar um sonho. Hoje, coloca a sua experi\u00eancia e dedica\u00e7\u00e3o ao servi\u00e7o de quem procura n\u00e3o s\u00f3 uma casa, mas um lugar onde possa criar mem\u00f3rias, alcan\u00e7ar objetivos e concretizar sonhos.\" \/>\n<meta property=\"og:url\" content=\"http:\/\/maismagazine.pt\/index.php\/2025\/09\/26\/a-missao-de-concretizar-sonhos\/\" \/>\n<meta property=\"og:site_name\" content=\"Mais Magazine\" \/>\n<meta property=\"article:published_time\" content=\"2025-09-26T06:00:00+00:00\" \/>\n<meta property=\"og:image\" content=\"http:\/\/maismagazine.pt\/wp-content\/uploads\/2025\/09\/s00013.jpg\" \/>\n\t<meta property=\"og:image:width\" content=\"305\" \/>\n\t<meta property=\"og:image:height\" content=\"458\" \/>\n\t<meta property=\"og:image:type\" content=\"image\/jpeg\" \/>\n<meta name=\"author\" content=\"Tiago Costa\" \/>\n<meta name=\"twitter:card\" content=\"summary_large_image\" \/>\n<meta name=\"twitter:label1\" content=\"Escrito por\" \/>\n\t<meta name=\"twitter:data1\" content=\"\" \/>\n\t<meta name=\"twitter:label2\" content=\"Tempo estimado de leitura\" \/>\n\t<meta name=\"twitter:data2\" content=\"3 minutos\" \/>\n<script type=\"application\/ld+json\" class=\"yoast-schema-graph\">{\"@context\":\"https:\/\/schema.org\",\"@graph\":[{\"@type\":\"Article\",\"@id\":\"http:\/\/maismagazine.pt\/index.php\/2025\/09\/26\/a-missao-de-concretizar-sonhos\/#article\",\"isPartOf\":{\"@id\":\"http:\/\/maismagazine.pt\/index.php\/2025\/09\/26\/a-missao-de-concretizar-sonhos\/\"},\"author\":{\"name\":\"Tiago Costa\",\"@id\":\"https:\/\/maismagazine.pt\/#\/schema\/person\/c6c5bfccc886434cbd11c74e035f9646\"},\"headline\":\"A miss\u00e3o de concretizar sonhos\",\"datePublished\":\"2025-09-26T06:00:00+00:00\",\"mainEntityOfPage\":{\"@id\":\"http:\/\/maismagazine.pt\/index.php\/2025\/09\/26\/a-missao-de-concretizar-sonhos\/\"},\"wordCount\":466,\"publisher\":{\"@id\":\"https:\/\/maismagazine.pt\/#organization\"},\"image\":{\"@id\":\"http:\/\/maismagazine.pt\/index.php\/2025\/09\/26\/a-missao-de-concretizar-sonhos\/#primaryimage\"},\"thumbnailUrl\":\"http:\/\/maismagazine.pt\/wp-content\/uploads\/2025\/09\/s00013.jpg\",\"keywords\":[\"Salom\u00e9 Campos\"],\"articleSection\":[\"Empreendedorismo\",\"Imobili\u00e1rio\"],\"inLanguage\":\"pt-PT\"},{\"@type\":\"WebPage\",\"@id\":\"http:\/\/maismagazine.pt\/index.php\/2025\/09\/26\/a-missao-de-concretizar-sonhos\/\",\"url\":\"http:\/\/maismagazine.pt\/index.php\/2025\/09\/26\/a-missao-de-concretizar-sonhos\/\",\"name\":\"A miss\u00e3o de concretizar sonhos - Mais Magazine\",\"isPartOf\":{\"@id\":\"https:\/\/maismagazine.pt\/#website\"},\"primaryImageOfPage\":{\"@id\":\"http:\/\/maismagazine.pt\/index.php\/2025\/09\/26\/a-missao-de-concretizar-sonhos\/#primaryimage\"},\"image\":{\"@id\":\"http:\/\/maismagazine.pt\/index.php\/2025\/09\/26\/a-missao-de-concretizar-sonhos\/#primaryimage\"},\"thumbnailUrl\":\"http:\/\/maismagazine.pt\/wp-content\/uploads\/2025\/09\/s00013.jpg\",\"datePublished\":\"2025-09-26T06:00:00+00:00\",\"description\":\"Para Salom\u00e9 Campos, trabalhar no setor imobili\u00e1rio \u00e9 muito mais do que intermediar neg\u00f3cios. \u00c9 escutar, compreender e acompanhar pessoas num dos momentos mais importantes das suas vidas: a escolha de um espa\u00e7o para viver, investir ou realizar um sonho. Hoje, coloca a sua experi\u00eancia e dedica\u00e7\u00e3o ao servi\u00e7o de quem procura n\u00e3o s\u00f3 uma casa, mas um lugar onde possa criar mem\u00f3rias, alcan\u00e7ar objetivos e concretizar sonhos.\",\"breadcrumb\":{\"@id\":\"http:\/\/maismagazine.pt\/index.php\/2025\/09\/26\/a-missao-de-concretizar-sonhos\/#breadcrumb\"},\"inLanguage\":\"pt-PT\",\"potentialAction\":[{\"@type\":\"ReadAction\",\"target\":[\"http:\/\/maismagazine.pt\/index.php\/2025\/09\/26\/a-missao-de-concretizar-sonhos\/\"]}]},{\"@type\":\"ImageObject\",\"inLanguage\":\"pt-PT\",\"@id\":\"http:\/\/maismagazine.pt\/index.php\/2025\/09\/26\/a-missao-de-concretizar-sonhos\/#primaryimage\",\"url\":\"http:\/\/maismagazine.pt\/wp-content\/uploads\/2025\/09\/s00013.jpg\",\"contentUrl\":\"http:\/\/maismagazine.pt\/wp-content\/uploads\/2025\/09\/s00013.jpg\",\"width\":305,\"height\":458},{\"@type\":\"BreadcrumbList\",\"@id\":\"http:\/\/maismagazine.pt\/index.php\/2025\/09\/26\/a-missao-de-concretizar-sonhos\/#breadcrumb\",\"itemListElement\":[{\"@type\":\"ListItem\",\"position\":1,\"name\":\"Home\",\"item\":\"https:\/\/maismagazine.pt\/\"},{\"@type\":\"ListItem\",\"position\":2,\"name\":\"A miss\u00e3o de concretizar sonhos\"}]},{\"@type\":\"WebSite\",\"@id\":\"https:\/\/maismagazine.pt\/#website\",\"url\":\"https:\/\/maismagazine.pt\/\",\"name\":\"Mais Magazine\",\"description\":\"\",\"publisher\":{\"@id\":\"https:\/\/maismagazine.pt\/#organization\"},\"potentialAction\":[{\"@type\":\"SearchAction\",\"target\":{\"@type\":\"EntryPoint\",\"urlTemplate\":\"https:\/\/maismagazine.pt\/?s={search_term_string}\"},\"query-input\":{\"@type\":\"PropertyValueSpecification\",\"valueRequired\":true,\"valueName\":\"search_term_string\"}}],\"inLanguage\":\"pt-PT\"},{\"@type\":\"Organization\",\"@id\":\"https:\/\/maismagazine.pt\/#organization\",\"name\":\"Mais Magazine\",\"url\":\"https:\/\/maismagazine.pt\/\",\"logo\":{\"@type\":\"ImageObject\",\"inLanguage\":\"pt-PT\",\"@id\":\"https:\/\/maismagazine.pt\/#\/schema\/logo\/image\/\",\"url\":\"http:\/\/maismagazine.pt\/wp-content\/uploads\/2020\/04\/cropped-cropped-mais-magazine-site-logo-2.png\",\"contentUrl\":\"http:\/\/maismagazine.pt\/wp-content\/uploads\/2020\/04\/cropped-cropped-mais-magazine-site-logo-2.png\",\"width\":581,\"height\":90,\"caption\":\"Mais Magazine\"},\"image\":{\"@id\":\"https:\/\/maismagazine.pt\/#\/schema\/logo\/image\/\"}},{\"@type\":\"Person\",\"@id\":\"https:\/\/maismagazine.pt\/#\/schema\/person\/c6c5bfccc886434cbd11c74e035f9646\",\"name\":\"Tiago Costa\",\"image\":{\"@type\":\"ImageObject\",\"inLanguage\":\"pt-PT\",\"@id\":\"https:\/\/maismagazine.pt\/#\/schema\/person\/image\/\",\"url\":\"https:\/\/secure.gravatar.com\/avatar\/c599b2bce16c9870429198cbad5ee022?s=96&d=mm&r=g\",\"contentUrl\":\"https:\/\/secure.gravatar.com\/avatar\/c599b2bce16c9870429198cbad5ee022?s=96&d=mm&r=g\",\"caption\":\"Tiago Costa\"},\"url\":\"http:\/\/maismagazine.pt\/index.php\/author\/tiago\/\"}]}<\/script>\n<!-- \/ Yoast SEO plugin. -->","yoast_head_json":{"title":"A miss\u00e3o de concretizar sonhos - Mais Magazine","description":"Para Salom\u00e9 Campos, trabalhar no setor imobili\u00e1rio \u00e9 muito mais do que intermediar neg\u00f3cios. \u00c9 escutar, compreender e acompanhar pessoas num dos momentos mais importantes das suas vidas: a escolha de um espa\u00e7o para viver, investir ou realizar um sonho. Hoje, coloca a sua experi\u00eancia e dedica\u00e7\u00e3o ao servi\u00e7o de quem procura n\u00e3o s\u00f3 uma casa, mas um lugar onde possa criar mem\u00f3rias, alcan\u00e7ar objetivos e concretizar sonhos.","robots":{"index":"index","follow":"follow","max-snippet":"max-snippet:-1","max-image-preview":"max-image-preview:large","max-video-preview":"max-video-preview:-1"},"canonical":"http:\/\/maismagazine.pt\/index.php\/2025\/09\/26\/a-missao-de-concretizar-sonhos\/","og_locale":"pt_PT","og_type":"article","og_title":"A miss\u00e3o de concretizar sonhos - Mais Magazine","og_description":"Para Salom\u00e9 Campos, trabalhar no setor imobili\u00e1rio \u00e9 muito mais do que intermediar neg\u00f3cios. \u00c9 escutar, compreender e acompanhar pessoas num dos momentos mais importantes das suas vidas: a escolha de um espa\u00e7o para viver, investir ou realizar um sonho. Hoje, coloca a sua experi\u00eancia e dedica\u00e7\u00e3o ao servi\u00e7o de quem procura n\u00e3o s\u00f3 uma casa, mas um lugar onde possa criar mem\u00f3rias, alcan\u00e7ar objetivos e concretizar sonhos.","og_url":"http:\/\/maismagazine.pt\/index.php\/2025\/09\/26\/a-missao-de-concretizar-sonhos\/","og_site_name":"Mais Magazine","article_published_time":"2025-09-26T06:00:00+00:00","og_image":[{"width":305,"height":458,"url":"http:\/\/maismagazine.pt\/wp-content\/uploads\/2025\/09\/s00013.jpg","type":"image\/jpeg"}],"author":"Tiago Costa","twitter_card":"summary_large_image","twitter_misc":{"Escrito por":false,"Tempo estimado de leitura":"3 minutos"},"schema":{"@context":"https:\/\/schema.org","@graph":[{"@type":"Article","@id":"http:\/\/maismagazine.pt\/index.php\/2025\/09\/26\/a-missao-de-concretizar-sonhos\/#article","isPartOf":{"@id":"http:\/\/maismagazine.pt\/index.php\/2025\/09\/26\/a-missao-de-concretizar-sonhos\/"},"author":{"name":"Tiago Costa","@id":"https:\/\/maismagazine.pt\/#\/schema\/person\/c6c5bfccc886434cbd11c74e035f9646"},"headline":"A miss\u00e3o de concretizar sonhos","datePublished":"2025-09-26T06:00:00+00:00","mainEntityOfPage":{"@id":"http:\/\/maismagazine.pt\/index.php\/2025\/09\/26\/a-missao-de-concretizar-sonhos\/"},"wordCount":466,"publisher":{"@id":"https:\/\/maismagazine.pt\/#organization"},"image":{"@id":"http:\/\/maismagazine.pt\/index.php\/2025\/09\/26\/a-missao-de-concretizar-sonhos\/#primaryimage"},"thumbnailUrl":"http:\/\/maismagazine.pt\/wp-content\/uploads\/2025\/09\/s00013.jpg","keywords":["Salom\u00e9 Campos"],"articleSection":["Empreendedorismo","Imobili\u00e1rio"],"inLanguage":"pt-PT"},{"@type":"WebPage","@id":"http:\/\/maismagazine.pt\/index.php\/2025\/09\/26\/a-missao-de-concretizar-sonhos\/","url":"http:\/\/maismagazine.pt\/index.php\/2025\/09\/26\/a-missao-de-concretizar-sonhos\/","name":"A miss\u00e3o de concretizar sonhos - Mais Magazine","isPartOf":{"@id":"https:\/\/maismagazine.pt\/#website"},"primaryImageOfPage":{"@id":"http:\/\/maismagazine.pt\/index.php\/2025\/09\/26\/a-missao-de-concretizar-sonhos\/#primaryimage"},"image":{"@id":"http:\/\/maismagazine.pt\/index.php\/2025\/09\/26\/a-missao-de-concretizar-sonhos\/#primaryimage"},"thumbnailUrl":"http:\/\/maismagazine.pt\/wp-content\/uploads\/2025\/09\/s00013.jpg","datePublished":"2025-09-26T06:00:00+00:00","description":"Para Salom\u00e9 Campos, trabalhar no setor imobili\u00e1rio \u00e9 muito mais do que intermediar neg\u00f3cios. \u00c9 escutar, compreender e acompanhar pessoas num dos momentos mais importantes das suas vidas: a escolha de um espa\u00e7o para viver, investir ou realizar um sonho. Hoje, coloca a sua experi\u00eancia e dedica\u00e7\u00e3o ao servi\u00e7o de quem procura n\u00e3o s\u00f3 uma casa, mas um lugar onde possa criar mem\u00f3rias, alcan\u00e7ar objetivos e concretizar sonhos.","breadcrumb":{"@id":"http:\/\/maismagazine.pt\/index.php\/2025\/09\/26\/a-missao-de-concretizar-sonhos\/#breadcrumb"},"inLanguage":"pt-PT","potentialAction":[{"@type":"ReadAction","target":["http:\/\/maismagazine.pt\/index.php\/2025\/09\/26\/a-missao-de-concretizar-sonhos\/"]}]},{"@type":"ImageObject","inLanguage":"pt-PT","@id":"http:\/\/maismagazine.pt\/index.php\/2025\/09\/26\/a-missao-de-concretizar-sonhos\/#primaryimage","url":"http:\/\/maismagazine.pt\/wp-content\/uploads\/2025\/09\/s00013.jpg","contentUrl":"http:\/\/maismagazine.pt\/wp-content\/uploads\/2025\/09\/s00013.jpg","width":305,"height":458},{"@type":"BreadcrumbList","@id":"http:\/\/maismagazine.pt\/index.php\/2025\/09\/26\/a-missao-de-concretizar-sonhos\/#breadcrumb","itemListElement":[{"@type":"ListItem","position":1,"name":"Home","item":"https:\/\/maismagazine.pt\/"},{"@type":"ListItem","position":2,"name":"A miss\u00e3o de concretizar sonhos"}]},{"@type":"WebSite","@id":"https:\/\/maismagazine.pt\/#website","url":"https:\/\/maismagazine.pt\/","name":"Mais Magazine","description":"","publisher":{"@id":"https:\/\/maismagazine.pt\/#organization"},"potentialAction":[{"@type":"SearchAction","target":{"@type":"EntryPoint","urlTemplate":"https:\/\/maismagazine.pt\/?s={search_term_string}"},"query-input":{"@type":"PropertyValueSpecification","valueRequired":true,"valueName":"search_term_string"}}],"inLanguage":"pt-PT"},{"@type":"Organization","@id":"https:\/\/maismagazine.pt\/#organization","name":"Mais Magazine","url":"https:\/\/maismagazine.pt\/","logo":{"@type":"ImageObject","inLanguage":"pt-PT","@id":"https:\/\/maismagazine.pt\/#\/schema\/logo\/image\/","url":"http:\/\/maismagazine.pt\/wp-content\/uploads\/2020\/04\/cropped-cropped-mais-magazine-site-logo-2.png","contentUrl":"http:\/\/maismagazine.pt\/wp-content\/uploads\/2020\/04\/cropped-cropped-mais-magazine-site-logo-2.png","width":581,"height":90,"caption":"Mais Magazine"},"image":{"@id":"https:\/\/maismagazine.pt\/#\/schema\/logo\/image\/"}},{"@type":"Person","@id":"https:\/\/maismagazine.pt\/#\/schema\/person\/c6c5bfccc886434cbd11c74e035f9646","name":"Tiago Costa","image":{"@type":"ImageObject","inLanguage":"pt-PT","@id":"https:\/\/maismagazine.pt\/#\/schema\/person\/image\/","url":"https:\/\/secure.gravatar.com\/avatar\/c599b2bce16c9870429198cbad5ee022?s=96&d=mm&r=g","contentUrl":"https:\/\/secure.gravatar.com\/avatar\/c599b2bce16c9870429198cbad5ee022?s=96&d=mm&r=g","caption":"Tiago Costa"},"url":"http:\/\/maismagazine.pt\/index.php\/author\/tiago\/"}]}},"author_meta":{"display_name":false,"author_link":"http:\/\/maismagazine.pt\/index.php\/author\/tiago\/"},"featured_img":"http:\/\/maismagazine.pt\/wp-content\/uploads\/2025\/09\/s00013-200x300.jpg","coauthors":[],"tax_additional":{"categories":{"linked":["<a href=\"http:\/\/maismagazine.pt\/index.php\/category\/empreendedorismo\/\" class=\"advgb-post-tax-term\">Empreendedorismo<\/a>","<a href=\"http:\/\/maismagazine.pt\/index.php\/category\/empreendedorismo\/imobiliario\/\" class=\"advgb-post-tax-term\">Imobili\u00e1rio<\/a>"],"unlinked":["<span class=\"advgb-post-tax-term\">Empreendedorismo<\/span>","<span class=\"advgb-post-tax-term\">Imobili\u00e1rio<\/span>"]},"tags":{"linked":["<a href=\"http:\/\/maismagazine.pt\/index.php\/category\/empreendedorismo\/imobiliario\/\" class=\"advgb-post-tax-term\">Salom\u00e9 Campos<\/a>"],"unlinked":["<span class=\"advgb-post-tax-term\">Salom\u00e9 Campos<\/span>"]}},"comment_count":"0","relative_dates":{"created":"Posted 7 meses ago","modified":"Updated 7 meses ago"},"absolute_dates":{"created":"Posted on 26 de Setembro, 2025","modified":"Updated on 23 de Setembro, 2025"},"absolute_dates_time":{"created":"Posted on 26 de Setembro, 2025 7:00","modified":"Updated on 23 de Setembro, 2025 11:06"},"featured_img_caption":"","series_order":"","_links":{"self":[{"href":"http:\/\/maismagazine.pt\/index.php\/wp-json\/wp\/v2\/posts\/12660","targetHints":{"allow":["GET"]}}],"collection":[{"href":"http:\/\/maismagazine.pt\/index.php\/wp-json\/wp\/v2\/posts"}],"about":[{"href":"http:\/\/maismagazine.pt\/index.php\/wp-json\/wp\/v2\/types\/post"}],"author":[{"embeddable":true,"href":"http:\/\/maismagazine.pt\/index.php\/wp-json\/wp\/v2\/users\/17"}],"replies":[{"embeddable":true,"href":"http:\/\/maismagazine.pt\/index.php\/wp-json\/wp\/v2\/comments?post=12660"}],"version-history":[{"count":1,"href":"http:\/\/maismagazine.pt\/index.php\/wp-json\/wp\/v2\/posts\/12660\/revisions"}],"predecessor-version":[{"id":12664,"href":"http:\/\/maismagazine.pt\/index.php\/wp-json\/wp\/v2\/posts\/12660\/revisions\/12664"}],"wp:featuredmedia":[{"embeddable":true,"href":"http:\/\/maismagazine.pt\/index.php\/wp-json\/wp\/v2\/media\/12663"}],"wp:attachment":[{"href":"http:\/\/maismagazine.pt\/index.php\/wp-json\/wp\/v2\/media?parent=12660"}],"wp:term":[{"taxonomy":"category","embeddable":true,"href":"http:\/\/maismagazine.pt\/index.php\/wp-json\/wp\/v2\/categories?post=12660"},{"taxonomy":"post_tag","embeddable":true,"href":"http:\/\/maismagazine.pt\/index.php\/wp-json\/wp\/v2\/tags?post=12660"}],"curies":[{"name":"wp","href":"https:\/\/api.w.org\/{rel}","templated":true}]}}