{"id":12635,"date":"2025-09-26T07:00:00","date_gmt":"2025-09-26T06:00:00","guid":{"rendered":"https:\/\/maismagazine.pt\/?p=12635"},"modified":"2025-09-23T11:14:29","modified_gmt":"2025-09-23T10:14:29","slug":"o-imobiliario-vai-muito-alem-da-compra-e-venda-de-casas-trata-se-de-pessoas-sonhos-e-confianca","status":"publish","type":"post","link":"http:\/\/maismagazine.pt\/index.php\/2025\/09\/26\/o-imobiliario-vai-muito-alem-da-compra-e-venda-de-casas-trata-se-de-pessoas-sonhos-e-confianca\/","title":{"rendered":"&#8220;O imobili\u00e1rio vai muito al\u00e9m da compra e venda de casas: trata-se de pessoas, sonhos e confian\u00e7a&#8221;"},"content":{"rendered":"\n<p><strong>Lisiane Martins, Consultora Imobili\u00e1ria da <a href=\"http:\/\/www.remax.pt\/pt\/agencia\/remax-costa-do-sol\">RE\/MAX Costa do Sol<\/a>, conta \u00e0 Mais Magazine o seu percurso at\u00e9 chegar ao setor imobili\u00e1rio, onde encontrou o espa\u00e7o ideal para alinhar a sua voca\u00e7\u00e3o com profissionalismo e excel\u00eancia. <\/strong><\/p>\n\n\n\n<p><\/p>\n\n\n\n<p><strong>Como foi o seu caminho at\u00e9 chegar ao setor imobili\u00e1rio? E de que modo acon-teceu a sua liga\u00e7\u00e3o \u00e0 RE\/MAX Collection Costa do Sol?<\/strong><\/p>\n\n\n\n<p>Estive afastada do mercado de trabalho durante tr\u00eas anos, dedicando-me 100% \u00e0 minha fam\u00edlia devido a um per\u00edodo mais delicado e a necessidades pessoais. Na altura, precisava orientar-me financeiramente e, sem uma rede de apoio, era fundamental gerir bem o meu tempo em fun\u00e7\u00e3o da rotina escolar dos meus filhos, que tinham 3 e 10 anos. Antes disso, o meu percurso profissional sempre esteve ligado \u00e0 gest\u00e3o de equipas, ao atendimento e \u00e0 gest\u00e3o comercial. Foram anos de aprendizagem sobre a import\u00e2ncia de ouvir com aten\u00e7\u00e3o, de ser emp\u00e1tica e resiliente. Nunca imaginei que seguiria para o imobili\u00e1rio, mas a vida mostrou-me que esse seria o meu caminho. Ap\u00f3s esses tr\u00eas anos afastada, decidi regressar ao mercado de trabalho e entrei no setor imobili\u00e1rio em 2017, percebendo rapidamente que tinha encontrado a minha verdadeira voca\u00e7\u00e3o. A liga\u00e7\u00e3o \u00e0 RE\/MAX Collection Costa do Sol surgiu nesse momento de retorno. Avaliei v\u00e1rios projetos, mas este foi aquele com o qual mais me identifiquei pela seriedade, pela qualidade das pessoas e pelo alinhamento com a minha forma de trabalhar. Aqui encontrei uma rede global e ferramentas que me permitem atuar com profissionalismo, seja no segmento de luxo ou noutras \u00e1reas, oferecendo sempre um servi\u00e7o de excel\u00eancia aos clientes. <\/p>\n\n\n\n<p><\/p>\n\n\n\n<p><strong>De que forma avalia a presen\u00e7a feminina neste setor? Considera que ainda existem desafios relacionados com a igualdade de g\u00e9nero? Que tipos de barreiras acredita que as mulheres encontram mais frequentemente no ramo imobili\u00e1rio? <\/strong><\/p>\n\n\n\n<p>A presen\u00e7a feminina no setor imobili\u00e1rio tem crescido de forma muito positiva, especialmente em posi\u00e7\u00f5es de destaque, e isso \u00e9 inspirador. No entanto, ainda existem desafios significativos: muitas vezes precisamos provar mais para sermos reconhecidas, lidar com estere\u00f3tipos e equilibrar carreira e responsabilidades familiares continua a ser uma dificuldade. Ainda se percebem preconceitos em rela\u00e7\u00e3o \u00e0 mulher que alcan\u00e7a sucesso, e algumas barreiras invis\u00edveis podem limitar oportunidades ou gerar julgamentos injustos. Apesar disso, acredito que as mulheres trazem uma grande mais-valia para o setor: conseguimos perceber as necessidades dos clientes, gerir m\u00faltiplas tarefas com organiza\u00e7\u00e3o e contribuir para um ambiente profissional mais inclusivo e equilibrado. Com cada vez mais mulheres em cargos de lideran\u00e7a, o setor tende a tornar-se mais justo e forte para todos. <\/p>\n\n\n\n<p><\/p>\n\n\n\n<p><\/p>\n\n\n<div class=\"wp-block-image\">\n<figure class=\"aligncenter size-full is-resized\"><img loading=\"lazy\" decoding=\"async\" width=\"408\" height=\"612\" src=\"https:\/\/maismagazine.pt\/wp-content\/uploads\/2025\/09\/7900C7E7-B88B-4A52-8127-2B5475AF63EB.jpg\" alt=\"\" class=\"wp-image-12636\" style=\"width:226px;height:auto\" srcset=\"http:\/\/maismagazine.pt\/wp-content\/uploads\/2025\/09\/7900C7E7-B88B-4A52-8127-2B5475AF63EB.jpg 408w, http:\/\/maismagazine.pt\/wp-content\/uploads\/2025\/09\/7900C7E7-B88B-4A52-8127-2B5475AF63EB-200x300.jpg 200w\" sizes=\"auto, (max-width: 408px) 100vw, 408px\" \/><figcaption class=\"wp-element-caption\">Lisiane Martins, Consultora Imobili\u00e1ria da RE\/MAX Costa do Sol<\/figcaption><\/figure><\/div>\n\n\n<p><\/p>\n\n\n\n<p><strong>Na sua opini\u00e3o, que compet\u00eancias e caracter\u00edsticas pessoais s\u00e3o essenciais para algu\u00e9m que pretende construir uma carreira s\u00f3lida e bem-sucedida no mercado imobili\u00e1rio? <\/strong><\/p>\n\n\n\n<p>O imobili\u00e1rio vai muito al\u00e9m da compra e venda de casas: trata-se de pessoas, sonhos e confian\u00e7a. Por isso, compet\u00eancias como empatia, boa escuta, capacidade de criar rela\u00e7\u00f5es genu\u00ednas e boa capacidade de resolu\u00e7\u00e3o de problemas s\u00e3o essenciais. Disciplina, resili\u00eancia e \u00e9tica tamb\u00e9m s\u00e3o indispens\u00e1veis, pois o mercado exige consist\u00eancia e integridade. Comunicar de forma clara e adaptar-se a diferentes perfis de clientes faz toda a diferen\u00e7a. E acredito que a aprendizagem constante, seja sobre ferramentas digitais ou tend\u00eancias de mercado, \u00e9 o que garante uma carreira duradoura e bem-sucedida. <\/p>\n\n\n\n<p><\/p>\n\n\n\n<p><strong>Quais s\u00e3o as metas e projetos que definiu para a sua trajet\u00f3ria profissional nos pr\u00f3ximos anos? J\u00e1 tem planos concretos a curto ou m\u00e9dio prazo?<\/strong><\/p>\n\n\n\n<p>A curto prazo, quero consolidar ainda mais a minha presen\u00e7a digital e expandir a carteira de clientes, mantendo sempre um servi\u00e7o personalizado e de excel\u00eancia. A m\u00e9dio prazo, pretendo refor\u00e7ar parcerias estrat\u00e9gicas e explorar novos mercados, mantendo o foco no segmento de luxo, mas tamb\u00e9m trazendo inova\u00e7\u00e3o em \u00e1reas como sustentabilidade e qualidade de vida. O meu grande objetivo \u00e9 claro: crescer de forma s\u00f3lida e consistente, ajudando cada vez mais fam\u00edlias e investidores a concretizar projetos que transformam vidas. <\/p>\n\n\n\n<p><\/p>\n\n\n<div class=\"wp-block-image\">\n<figure class=\"aligncenter size-full is-resized\"><img loading=\"lazy\" decoding=\"async\" width=\"750\" height=\"750\" src=\"https:\/\/maismagazine.pt\/wp-content\/uploads\/2025\/09\/400940688_914744843527233_7687124219468732456_n.jpg\" alt=\"\" class=\"wp-image-12637\" style=\"width:230px;height:auto\" srcset=\"http:\/\/maismagazine.pt\/wp-content\/uploads\/2025\/09\/400940688_914744843527233_7687124219468732456_n.jpg 750w, http:\/\/maismagazine.pt\/wp-content\/uploads\/2025\/09\/400940688_914744843527233_7687124219468732456_n-300x300.jpg 300w, http:\/\/maismagazine.pt\/wp-content\/uploads\/2025\/09\/400940688_914744843527233_7687124219468732456_n-150x150.jpg 150w\" sizes=\"auto, (max-width: 750px) 100vw, 750px\" \/><\/figure><\/div>","protected":false},"excerpt":{"rendered":"<p>Lisiane Martins, Consultora Imobili\u00e1ria da RE\/MAX Costa do Sol, conta \u00e0 Mais Magazine o seu percurso at\u00e9 chegar ao setor imobili\u00e1rio, onde encontrou o espa\u00e7o ideal para alinhar a sua voca\u00e7\u00e3o com profissionalismo e excel\u00eancia. Como foi o seu caminho at\u00e9 chegar ao setor imobili\u00e1rio? E de que modo acon-teceu&hellip;<\/p>\n","protected":false},"author":17,"featured_media":12638,"comment_status":"closed","ping_status":"open","sticky":false,"template":"","format":"standard","meta":{"advgb_blocks_editor_width":"","advgb_blocks_columns_visual_guide":"","_monsterinsights_skip_tracking":false,"_monsterinsights_sitenote_active":false,"_monsterinsights_sitenote_note":"","_monsterinsights_sitenote_category":0,"footnotes":""},"categories":[6,137],"tags":[2436],"class_list":["post-12635","post","type-post","status-publish","format-standard","has-post-thumbnail","hentry","category-empreendedorismo","category-imobiliario","tag-lisiane-martins"],"yoast_head":"<!-- This site is optimized with the Yoast SEO plugin v24.4 - https:\/\/yoast.com\/wordpress\/plugins\/seo\/ -->\n<title>&quot;O imobili\u00e1rio vai muito al\u00e9m da compra e venda de casas: trata-se de pessoas, sonhos e confian\u00e7a&quot; - Mais Magazine<\/title>\n<meta name=\"description\" content=\"Lisiane Martins, Consultora Imobili\u00e1ria da RE\/MAX Costa do Sol, conta \u00e0 Mais Magazine o seu percurso at\u00e9 chegar ao setor imobili\u00e1rio, onde encontrou o espa\u00e7o ideal para alinhar a sua voca\u00e7\u00e3o com profissionalismo e excel\u00eancia.\" \/>\n<meta name=\"robots\" content=\"index, follow, max-snippet:-1, max-image-preview:large, max-video-preview:-1\" \/>\n<link rel=\"canonical\" href=\"http:\/\/maismagazine.pt\/index.php\/2025\/09\/26\/o-imobiliario-vai-muito-alem-da-compra-e-venda-de-casas-trata-se-de-pessoas-sonhos-e-confianca\/\" \/>\n<meta property=\"og:locale\" content=\"pt_PT\" \/>\n<meta property=\"og:type\" content=\"article\" \/>\n<meta property=\"og:title\" content=\"&quot;O imobili\u00e1rio vai muito al\u00e9m da compra e venda de casas: trata-se de pessoas, sonhos e confian\u00e7a&quot; - Mais Magazine\" \/>\n<meta property=\"og:description\" content=\"Lisiane Martins, Consultora Imobili\u00e1ria da RE\/MAX Costa do Sol, conta \u00e0 Mais Magazine o seu percurso at\u00e9 chegar ao setor imobili\u00e1rio, onde encontrou o espa\u00e7o ideal para alinhar a sua voca\u00e7\u00e3o com profissionalismo e excel\u00eancia.\" \/>\n<meta property=\"og:url\" content=\"http:\/\/maismagazine.pt\/index.php\/2025\/09\/26\/o-imobiliario-vai-muito-alem-da-compra-e-venda-de-casas-trata-se-de-pessoas-sonhos-e-confianca\/\" \/>\n<meta property=\"og:site_name\" content=\"Mais Magazine\" \/>\n<meta property=\"article:published_time\" content=\"2025-09-26T06:00:00+00:00\" \/>\n<meta property=\"og:image\" content=\"http:\/\/maismagazine.pt\/wp-content\/uploads\/2025\/09\/365749D5-1B54-481B-945D-E9F5797B3ADC.jpg\" \/>\n\t<meta property=\"og:image:width\" content=\"323\" \/>\n\t<meta property=\"og:image:height\" content=\"485\" \/>\n\t<meta property=\"og:image:type\" content=\"image\/jpeg\" \/>\n<meta name=\"author\" content=\"Tiago Costa\" \/>\n<meta name=\"twitter:card\" content=\"summary_large_image\" \/>\n<meta name=\"twitter:label1\" content=\"Escrito por\" \/>\n\t<meta name=\"twitter:data1\" content=\"\" \/>\n\t<meta name=\"twitter:label2\" content=\"Tempo estimado de leitura\" \/>\n\t<meta name=\"twitter:data2\" content=\"5 minutos\" \/>\n<script type=\"application\/ld+json\" class=\"yoast-schema-graph\">{\"@context\":\"https:\/\/schema.org\",\"@graph\":[{\"@type\":\"Article\",\"@id\":\"http:\/\/maismagazine.pt\/index.php\/2025\/09\/26\/o-imobiliario-vai-muito-alem-da-compra-e-venda-de-casas-trata-se-de-pessoas-sonhos-e-confianca\/#article\",\"isPartOf\":{\"@id\":\"http:\/\/maismagazine.pt\/index.php\/2025\/09\/26\/o-imobiliario-vai-muito-alem-da-compra-e-venda-de-casas-trata-se-de-pessoas-sonhos-e-confianca\/\"},\"author\":{\"name\":\"Tiago Costa\",\"@id\":\"https:\/\/maismagazine.pt\/#\/schema\/person\/c6c5bfccc886434cbd11c74e035f9646\"},\"headline\":\"&#8220;O imobili\u00e1rio vai muito al\u00e9m da compra e venda de casas: trata-se de pessoas, sonhos e confian\u00e7a&#8221;\",\"datePublished\":\"2025-09-26T06:00:00+00:00\",\"mainEntityOfPage\":{\"@id\":\"http:\/\/maismagazine.pt\/index.php\/2025\/09\/26\/o-imobiliario-vai-muito-alem-da-compra-e-venda-de-casas-trata-se-de-pessoas-sonhos-e-confianca\/\"},\"wordCount\":735,\"publisher\":{\"@id\":\"https:\/\/maismagazine.pt\/#organization\"},\"image\":{\"@id\":\"http:\/\/maismagazine.pt\/index.php\/2025\/09\/26\/o-imobiliario-vai-muito-alem-da-compra-e-venda-de-casas-trata-se-de-pessoas-sonhos-e-confianca\/#primaryimage\"},\"thumbnailUrl\":\"http:\/\/maismagazine.pt\/wp-content\/uploads\/2025\/09\/365749D5-1B54-481B-945D-E9F5797B3ADC.jpg\",\"keywords\":[\"Lisiane Martins\"],\"articleSection\":[\"Empreendedorismo\",\"Imobili\u00e1rio\"],\"inLanguage\":\"pt-PT\"},{\"@type\":\"WebPage\",\"@id\":\"http:\/\/maismagazine.pt\/index.php\/2025\/09\/26\/o-imobiliario-vai-muito-alem-da-compra-e-venda-de-casas-trata-se-de-pessoas-sonhos-e-confianca\/\",\"url\":\"http:\/\/maismagazine.pt\/index.php\/2025\/09\/26\/o-imobiliario-vai-muito-alem-da-compra-e-venda-de-casas-trata-se-de-pessoas-sonhos-e-confianca\/\",\"name\":\"\\\"O imobili\u00e1rio vai muito al\u00e9m da compra e venda de casas: trata-se de pessoas, sonhos e confian\u00e7a\\\" - Mais Magazine\",\"isPartOf\":{\"@id\":\"https:\/\/maismagazine.pt\/#website\"},\"primaryImageOfPage\":{\"@id\":\"http:\/\/maismagazine.pt\/index.php\/2025\/09\/26\/o-imobiliario-vai-muito-alem-da-compra-e-venda-de-casas-trata-se-de-pessoas-sonhos-e-confianca\/#primaryimage\"},\"image\":{\"@id\":\"http:\/\/maismagazine.pt\/index.php\/2025\/09\/26\/o-imobiliario-vai-muito-alem-da-compra-e-venda-de-casas-trata-se-de-pessoas-sonhos-e-confianca\/#primaryimage\"},\"thumbnailUrl\":\"http:\/\/maismagazine.pt\/wp-content\/uploads\/2025\/09\/365749D5-1B54-481B-945D-E9F5797B3ADC.jpg\",\"datePublished\":\"2025-09-26T06:00:00+00:00\",\"description\":\"Lisiane Martins, Consultora Imobili\u00e1ria da RE\/MAX Costa do Sol, conta \u00e0 Mais Magazine o seu percurso at\u00e9 chegar ao setor imobili\u00e1rio, onde encontrou o espa\u00e7o ideal para alinhar a sua voca\u00e7\u00e3o com profissionalismo e excel\u00eancia.\",\"breadcrumb\":{\"@id\":\"http:\/\/maismagazine.pt\/index.php\/2025\/09\/26\/o-imobiliario-vai-muito-alem-da-compra-e-venda-de-casas-trata-se-de-pessoas-sonhos-e-confianca\/#breadcrumb\"},\"inLanguage\":\"pt-PT\",\"potentialAction\":[{\"@type\":\"ReadAction\",\"target\":[\"http:\/\/maismagazine.pt\/index.php\/2025\/09\/26\/o-imobiliario-vai-muito-alem-da-compra-e-venda-de-casas-trata-se-de-pessoas-sonhos-e-confianca\/\"]}]},{\"@type\":\"ImageObject\",\"inLanguage\":\"pt-PT\",\"@id\":\"http:\/\/maismagazine.pt\/index.php\/2025\/09\/26\/o-imobiliario-vai-muito-alem-da-compra-e-venda-de-casas-trata-se-de-pessoas-sonhos-e-confianca\/#primaryimage\",\"url\":\"http:\/\/maismagazine.pt\/wp-content\/uploads\/2025\/09\/365749D5-1B54-481B-945D-E9F5797B3ADC.jpg\",\"contentUrl\":\"http:\/\/maismagazine.pt\/wp-content\/uploads\/2025\/09\/365749D5-1B54-481B-945D-E9F5797B3ADC.jpg\",\"width\":323,\"height\":485},{\"@type\":\"BreadcrumbList\",\"@id\":\"http:\/\/maismagazine.pt\/index.php\/2025\/09\/26\/o-imobiliario-vai-muito-alem-da-compra-e-venda-de-casas-trata-se-de-pessoas-sonhos-e-confianca\/#breadcrumb\",\"itemListElement\":[{\"@type\":\"ListItem\",\"position\":1,\"name\":\"Home\",\"item\":\"https:\/\/maismagazine.pt\/\"},{\"@type\":\"ListItem\",\"position\":2,\"name\":\"&#8220;O imobili\u00e1rio vai muito al\u00e9m da compra e venda de casas: trata-se de pessoas, sonhos e confian\u00e7a&#8221;\"}]},{\"@type\":\"WebSite\",\"@id\":\"https:\/\/maismagazine.pt\/#website\",\"url\":\"https:\/\/maismagazine.pt\/\",\"name\":\"Mais Magazine\",\"description\":\"\",\"publisher\":{\"@id\":\"https:\/\/maismagazine.pt\/#organization\"},\"potentialAction\":[{\"@type\":\"SearchAction\",\"target\":{\"@type\":\"EntryPoint\",\"urlTemplate\":\"https:\/\/maismagazine.pt\/?s={search_term_string}\"},\"query-input\":{\"@type\":\"PropertyValueSpecification\",\"valueRequired\":true,\"valueName\":\"search_term_string\"}}],\"inLanguage\":\"pt-PT\"},{\"@type\":\"Organization\",\"@id\":\"https:\/\/maismagazine.pt\/#organization\",\"name\":\"Mais Magazine\",\"url\":\"https:\/\/maismagazine.pt\/\",\"logo\":{\"@type\":\"ImageObject\",\"inLanguage\":\"pt-PT\",\"@id\":\"https:\/\/maismagazine.pt\/#\/schema\/logo\/image\/\",\"url\":\"http:\/\/maismagazine.pt\/wp-content\/uploads\/2020\/04\/cropped-cropped-mais-magazine-site-logo-2.png\",\"contentUrl\":\"http:\/\/maismagazine.pt\/wp-content\/uploads\/2020\/04\/cropped-cropped-mais-magazine-site-logo-2.png\",\"width\":581,\"height\":90,\"caption\":\"Mais Magazine\"},\"image\":{\"@id\":\"https:\/\/maismagazine.pt\/#\/schema\/logo\/image\/\"}},{\"@type\":\"Person\",\"@id\":\"https:\/\/maismagazine.pt\/#\/schema\/person\/c6c5bfccc886434cbd11c74e035f9646\",\"name\":\"Tiago Costa\",\"image\":{\"@type\":\"ImageObject\",\"inLanguage\":\"pt-PT\",\"@id\":\"https:\/\/maismagazine.pt\/#\/schema\/person\/image\/\",\"url\":\"https:\/\/secure.gravatar.com\/avatar\/c599b2bce16c9870429198cbad5ee022?s=96&d=mm&r=g\",\"contentUrl\":\"https:\/\/secure.gravatar.com\/avatar\/c599b2bce16c9870429198cbad5ee022?s=96&d=mm&r=g\",\"caption\":\"Tiago Costa\"},\"url\":\"http:\/\/maismagazine.pt\/index.php\/author\/tiago\/\"}]}<\/script>\n<!-- \/ Yoast SEO plugin. -->","yoast_head_json":{"title":"\"O imobili\u00e1rio vai muito al\u00e9m da compra e venda de casas: trata-se de pessoas, sonhos e confian\u00e7a\" - Mais Magazine","description":"Lisiane Martins, Consultora Imobili\u00e1ria da RE\/MAX Costa do Sol, conta \u00e0 Mais Magazine o seu percurso at\u00e9 chegar ao setor imobili\u00e1rio, onde encontrou o espa\u00e7o ideal para alinhar a sua voca\u00e7\u00e3o com profissionalismo e excel\u00eancia.","robots":{"index":"index","follow":"follow","max-snippet":"max-snippet:-1","max-image-preview":"max-image-preview:large","max-video-preview":"max-video-preview:-1"},"canonical":"http:\/\/maismagazine.pt\/index.php\/2025\/09\/26\/o-imobiliario-vai-muito-alem-da-compra-e-venda-de-casas-trata-se-de-pessoas-sonhos-e-confianca\/","og_locale":"pt_PT","og_type":"article","og_title":"\"O imobili\u00e1rio vai muito al\u00e9m da compra e venda de casas: trata-se de pessoas, sonhos e confian\u00e7a\" - Mais Magazine","og_description":"Lisiane Martins, Consultora Imobili\u00e1ria da RE\/MAX Costa do Sol, conta \u00e0 Mais Magazine o seu percurso at\u00e9 chegar ao setor imobili\u00e1rio, onde encontrou o espa\u00e7o ideal para alinhar a sua voca\u00e7\u00e3o com profissionalismo e excel\u00eancia.","og_url":"http:\/\/maismagazine.pt\/index.php\/2025\/09\/26\/o-imobiliario-vai-muito-alem-da-compra-e-venda-de-casas-trata-se-de-pessoas-sonhos-e-confianca\/","og_site_name":"Mais Magazine","article_published_time":"2025-09-26T06:00:00+00:00","og_image":[{"width":323,"height":485,"url":"http:\/\/maismagazine.pt\/wp-content\/uploads\/2025\/09\/365749D5-1B54-481B-945D-E9F5797B3ADC.jpg","type":"image\/jpeg"}],"author":"Tiago Costa","twitter_card":"summary_large_image","twitter_misc":{"Escrito por":false,"Tempo estimado de leitura":"5 minutos"},"schema":{"@context":"https:\/\/schema.org","@graph":[{"@type":"Article","@id":"http:\/\/maismagazine.pt\/index.php\/2025\/09\/26\/o-imobiliario-vai-muito-alem-da-compra-e-venda-de-casas-trata-se-de-pessoas-sonhos-e-confianca\/#article","isPartOf":{"@id":"http:\/\/maismagazine.pt\/index.php\/2025\/09\/26\/o-imobiliario-vai-muito-alem-da-compra-e-venda-de-casas-trata-se-de-pessoas-sonhos-e-confianca\/"},"author":{"name":"Tiago Costa","@id":"https:\/\/maismagazine.pt\/#\/schema\/person\/c6c5bfccc886434cbd11c74e035f9646"},"headline":"&#8220;O imobili\u00e1rio vai muito al\u00e9m da compra e venda de casas: trata-se de pessoas, sonhos e confian\u00e7a&#8221;","datePublished":"2025-09-26T06:00:00+00:00","mainEntityOfPage":{"@id":"http:\/\/maismagazine.pt\/index.php\/2025\/09\/26\/o-imobiliario-vai-muito-alem-da-compra-e-venda-de-casas-trata-se-de-pessoas-sonhos-e-confianca\/"},"wordCount":735,"publisher":{"@id":"https:\/\/maismagazine.pt\/#organization"},"image":{"@id":"http:\/\/maismagazine.pt\/index.php\/2025\/09\/26\/o-imobiliario-vai-muito-alem-da-compra-e-venda-de-casas-trata-se-de-pessoas-sonhos-e-confianca\/#primaryimage"},"thumbnailUrl":"http:\/\/maismagazine.pt\/wp-content\/uploads\/2025\/09\/365749D5-1B54-481B-945D-E9F5797B3ADC.jpg","keywords":["Lisiane Martins"],"articleSection":["Empreendedorismo","Imobili\u00e1rio"],"inLanguage":"pt-PT"},{"@type":"WebPage","@id":"http:\/\/maismagazine.pt\/index.php\/2025\/09\/26\/o-imobiliario-vai-muito-alem-da-compra-e-venda-de-casas-trata-se-de-pessoas-sonhos-e-confianca\/","url":"http:\/\/maismagazine.pt\/index.php\/2025\/09\/26\/o-imobiliario-vai-muito-alem-da-compra-e-venda-de-casas-trata-se-de-pessoas-sonhos-e-confianca\/","name":"\"O imobili\u00e1rio vai muito al\u00e9m da compra e venda de casas: trata-se de pessoas, sonhos e confian\u00e7a\" - Mais Magazine","isPartOf":{"@id":"https:\/\/maismagazine.pt\/#website"},"primaryImageOfPage":{"@id":"http:\/\/maismagazine.pt\/index.php\/2025\/09\/26\/o-imobiliario-vai-muito-alem-da-compra-e-venda-de-casas-trata-se-de-pessoas-sonhos-e-confianca\/#primaryimage"},"image":{"@id":"http:\/\/maismagazine.pt\/index.php\/2025\/09\/26\/o-imobiliario-vai-muito-alem-da-compra-e-venda-de-casas-trata-se-de-pessoas-sonhos-e-confianca\/#primaryimage"},"thumbnailUrl":"http:\/\/maismagazine.pt\/wp-content\/uploads\/2025\/09\/365749D5-1B54-481B-945D-E9F5797B3ADC.jpg","datePublished":"2025-09-26T06:00:00+00:00","description":"Lisiane Martins, Consultora Imobili\u00e1ria da RE\/MAX Costa do Sol, conta \u00e0 Mais Magazine o seu percurso at\u00e9 chegar ao setor imobili\u00e1rio, onde encontrou o espa\u00e7o ideal para alinhar a sua voca\u00e7\u00e3o com profissionalismo e excel\u00eancia.","breadcrumb":{"@id":"http:\/\/maismagazine.pt\/index.php\/2025\/09\/26\/o-imobiliario-vai-muito-alem-da-compra-e-venda-de-casas-trata-se-de-pessoas-sonhos-e-confianca\/#breadcrumb"},"inLanguage":"pt-PT","potentialAction":[{"@type":"ReadAction","target":["http:\/\/maismagazine.pt\/index.php\/2025\/09\/26\/o-imobiliario-vai-muito-alem-da-compra-e-venda-de-casas-trata-se-de-pessoas-sonhos-e-confianca\/"]}]},{"@type":"ImageObject","inLanguage":"pt-PT","@id":"http:\/\/maismagazine.pt\/index.php\/2025\/09\/26\/o-imobiliario-vai-muito-alem-da-compra-e-venda-de-casas-trata-se-de-pessoas-sonhos-e-confianca\/#primaryimage","url":"http:\/\/maismagazine.pt\/wp-content\/uploads\/2025\/09\/365749D5-1B54-481B-945D-E9F5797B3ADC.jpg","contentUrl":"http:\/\/maismagazine.pt\/wp-content\/uploads\/2025\/09\/365749D5-1B54-481B-945D-E9F5797B3ADC.jpg","width":323,"height":485},{"@type":"BreadcrumbList","@id":"http:\/\/maismagazine.pt\/index.php\/2025\/09\/26\/o-imobiliario-vai-muito-alem-da-compra-e-venda-de-casas-trata-se-de-pessoas-sonhos-e-confianca\/#breadcrumb","itemListElement":[{"@type":"ListItem","position":1,"name":"Home","item":"https:\/\/maismagazine.pt\/"},{"@type":"ListItem","position":2,"name":"&#8220;O imobili\u00e1rio vai muito al\u00e9m da compra e venda de casas: trata-se de pessoas, sonhos e confian\u00e7a&#8221;"}]},{"@type":"WebSite","@id":"https:\/\/maismagazine.pt\/#website","url":"https:\/\/maismagazine.pt\/","name":"Mais Magazine","description":"","publisher":{"@id":"https:\/\/maismagazine.pt\/#organization"},"potentialAction":[{"@type":"SearchAction","target":{"@type":"EntryPoint","urlTemplate":"https:\/\/maismagazine.pt\/?s={search_term_string}"},"query-input":{"@type":"PropertyValueSpecification","valueRequired":true,"valueName":"search_term_string"}}],"inLanguage":"pt-PT"},{"@type":"Organization","@id":"https:\/\/maismagazine.pt\/#organization","name":"Mais Magazine","url":"https:\/\/maismagazine.pt\/","logo":{"@type":"ImageObject","inLanguage":"pt-PT","@id":"https:\/\/maismagazine.pt\/#\/schema\/logo\/image\/","url":"http:\/\/maismagazine.pt\/wp-content\/uploads\/2020\/04\/cropped-cropped-mais-magazine-site-logo-2.png","contentUrl":"http:\/\/maismagazine.pt\/wp-content\/uploads\/2020\/04\/cropped-cropped-mais-magazine-site-logo-2.png","width":581,"height":90,"caption":"Mais Magazine"},"image":{"@id":"https:\/\/maismagazine.pt\/#\/schema\/logo\/image\/"}},{"@type":"Person","@id":"https:\/\/maismagazine.pt\/#\/schema\/person\/c6c5bfccc886434cbd11c74e035f9646","name":"Tiago Costa","image":{"@type":"ImageObject","inLanguage":"pt-PT","@id":"https:\/\/maismagazine.pt\/#\/schema\/person\/image\/","url":"https:\/\/secure.gravatar.com\/avatar\/c599b2bce16c9870429198cbad5ee022?s=96&d=mm&r=g","contentUrl":"https:\/\/secure.gravatar.com\/avatar\/c599b2bce16c9870429198cbad5ee022?s=96&d=mm&r=g","caption":"Tiago Costa"},"url":"http:\/\/maismagazine.pt\/index.php\/author\/tiago\/"}]}},"author_meta":{"display_name":false,"author_link":"http:\/\/maismagazine.pt\/index.php\/author\/tiago\/"},"featured_img":"http:\/\/maismagazine.pt\/wp-content\/uploads\/2025\/09\/365749D5-1B54-481B-945D-E9F5797B3ADC-200x300.jpg","coauthors":[],"tax_additional":{"categories":{"linked":["<a href=\"http:\/\/maismagazine.pt\/index.php\/category\/empreendedorismo\/\" class=\"advgb-post-tax-term\">Empreendedorismo<\/a>","<a href=\"http:\/\/maismagazine.pt\/index.php\/category\/empreendedorismo\/imobiliario\/\" class=\"advgb-post-tax-term\">Imobili\u00e1rio<\/a>"],"unlinked":["<span class=\"advgb-post-tax-term\">Empreendedorismo<\/span>","<span class=\"advgb-post-tax-term\">Imobili\u00e1rio<\/span>"]},"tags":{"linked":["<a href=\"http:\/\/maismagazine.pt\/index.php\/category\/empreendedorismo\/imobiliario\/\" class=\"advgb-post-tax-term\">Lisiane Martins<\/a>"],"unlinked":["<span class=\"advgb-post-tax-term\">Lisiane Martins<\/span>"]}},"comment_count":"0","relative_dates":{"created":"Posted 7 meses ago","modified":"Updated 7 meses ago"},"absolute_dates":{"created":"Posted on 26 de Setembro, 2025","modified":"Updated on 23 de Setembro, 2025"},"absolute_dates_time":{"created":"Posted on 26 de Setembro, 2025 7:00","modified":"Updated on 23 de Setembro, 2025 11:14"},"featured_img_caption":"","series_order":"","_links":{"self":[{"href":"http:\/\/maismagazine.pt\/index.php\/wp-json\/wp\/v2\/posts\/12635","targetHints":{"allow":["GET"]}}],"collection":[{"href":"http:\/\/maismagazine.pt\/index.php\/wp-json\/wp\/v2\/posts"}],"about":[{"href":"http:\/\/maismagazine.pt\/index.php\/wp-json\/wp\/v2\/types\/post"}],"author":[{"embeddable":true,"href":"http:\/\/maismagazine.pt\/index.php\/wp-json\/wp\/v2\/users\/17"}],"replies":[{"embeddable":true,"href":"http:\/\/maismagazine.pt\/index.php\/wp-json\/wp\/v2\/comments?post=12635"}],"version-history":[{"count":1,"href":"http:\/\/maismagazine.pt\/index.php\/wp-json\/wp\/v2\/posts\/12635\/revisions"}],"predecessor-version":[{"id":12639,"href":"http:\/\/maismagazine.pt\/index.php\/wp-json\/wp\/v2\/posts\/12635\/revisions\/12639"}],"wp:featuredmedia":[{"embeddable":true,"href":"http:\/\/maismagazine.pt\/index.php\/wp-json\/wp\/v2\/media\/12638"}],"wp:attachment":[{"href":"http:\/\/maismagazine.pt\/index.php\/wp-json\/wp\/v2\/media?parent=12635"}],"wp:term":[{"taxonomy":"category","embeddable":true,"href":"http:\/\/maismagazine.pt\/index.php\/wp-json\/wp\/v2\/categories?post=12635"},{"taxonomy":"post_tag","embeddable":true,"href":"http:\/\/maismagazine.pt\/index.php\/wp-json\/wp\/v2\/tags?post=12635"}],"curies":[{"name":"wp","href":"https:\/\/api.w.org\/{rel}","templated":true}]}}