{"id":1263,"date":"2021-10-14T13:39:23","date_gmt":"2021-10-14T13:39:23","guid":{"rendered":"https:\/\/maismagazine.pt\/?p=1263"},"modified":"2021-12-16T15:19:23","modified_gmt":"2021-12-16T15:19:23","slug":"numero-de-hospedes-cresce-356-em-agosto-mais-esta-abaixo-de-2019","status":"publish","type":"post","link":"http:\/\/maismagazine.pt\/index.php\/2021\/10\/14\/numero-de-hospedes-cresce-356-em-agosto-mais-esta-abaixo-de-2019\/","title":{"rendered":"N\u00famero de h\u00f3spedes cresce 35,6% em agosto, mas est\u00e1 abaixo de 2019"},"content":{"rendered":"\n<p><em>O mercado interno contribuiu com 4,2 milh\u00f5es de dormidas, o valor mensal mais elevado desde que h\u00e1 registos, e aumentou 24,2%.<\/em><\/p>\n\n\n\n<p>O&nbsp;setor do alojamento tur\u00edstico&nbsp;registou 2,5 milh\u00f5es de h\u00f3spedes e 7,5 milh\u00f5es de dormidas em agosto de 2021, o que representou&nbsp;crescimentos de 35,6% e 47,6%, respetivamente (+60,4% e +73,0% em julho, pela mesma ordem). Os dados foram revelados pelo INE e indica ainda que&nbsp;n\u00edveis atingidos em agosto de 2021 foram, no entanto, inferiores aos observados em agosto de 2019, tendo diminu\u00eddo o n\u00famero de h\u00f3spedes e de dormidas, 23,6% e 22,1%, respetivamente.<\/p>\n\n\n\n<p>Em agosto, o mercado interno contribuiu com 4,2 milh\u00f5es de dormidas, o valor mensal mais elevado desde que h\u00e1 registos, e aumentou 24,2%. Os mercados externos cresceram 94,5% e totalizaram 3,3 milh\u00f5es de dormidas. Comparando com agosto de 2019, observa-se um crescimento de 22,6% nas dormidas de residentes e um decr\u00e9scimo de 46,9% nas dormidas de n\u00e3o residentes.<\/p>\n\n\n\n<p>Os proveitos registados nos estabelecimentos de alojamento tur\u00edstico atingiram 515,8 milh\u00f5es de euros no total e 410,2 milh\u00f5es de euros relativamente a aposento. Comparando com agosto de 2019, os proveitos totais diminu\u00edram 19,2% e os relativos a aposento decresceram 19,3%. O rendimento m\u00e9dio por quarto dispon\u00edvel (RevPAR) situou-se em 71,4 euros em agosto (40,2 euros em julho). O rendimento m\u00e9dio por quarto ocupado (ADR) atingiu 115,8 euros em agosto (98,7 euros em julho).<\/p>\n\n\n\n<p>Em agosto de 2019, o RevPAR e o ADR foram 84,4 euros e 116,2 euros, respetivamente.<\/p>\n\n\n\n<p>Neste m\u00eas, a taxa de ocupa\u00e7\u00e3o-quarto foi 61,6%, mais 15,0 p.p. que o observado em agosto de 2020, mas 11,0 p.p. abaixo do r\u00e1cio registado em agosto de 2019 (72,6%).<\/p>\n\n\n\n<p>Nos&nbsp;primeiros oito meses do ano, verificaram-se aumentos de 25% nos proveitos totais e de 27,2% nos relativos a aposento. Comparando com o mesmo per\u00edodo de 2019, registaram-se varia\u00e7\u00f5es de&nbsp;-57,1% e&nbsp;-56,7%, respetivamente.<\/p>\n\n\n\n<p>Entre janeiro e agosto de 2021, considerando a&nbsp;generalidade dos meios de alojamento&nbsp;(estabelecimentos de alojamento tur\u00edstico, campismo e col\u00f3nias de f\u00e9rias e pousadas da juventude), registaram-se 8,8 milh\u00f5es de h\u00f3spedes e 23,9 milh\u00f5es de dormidas, correspondendo a crescimentos de 8,1% e 11,8%, respetivamente.<\/p>\n","protected":false},"excerpt":{"rendered":"<p>O mercado interno contribuiu com 4,2 milh\u00f5es de dormidas, o valor mensal mais elevado desde que h\u00e1 registos, e aumentou 24,2%. O&nbsp;setor do alojamento tur\u00edstico&nbsp;registou 2,5 milh\u00f5es de h\u00f3spedes e 7,5 milh\u00f5es de dormidas em agosto de 2021, o que representou&nbsp;crescimentos de 35,6% e 47,6%, respetivamente (+60,4% e +73,0% em&hellip;<\/p>\n","protected":false},"author":7,"featured_media":1264,"comment_status":"open","ping_status":"open","sticky":false,"template":"","format":"standard","meta":{"advgb_blocks_editor_width":"","advgb_blocks_columns_visual_guide":"","_monsterinsights_skip_tracking":false,"_monsterinsights_sitenote_active":false,"_monsterinsights_sitenote_note":"","_monsterinsights_sitenote_category":0,"footnotes":""},"categories":[53],"tags":[64],"class_list":["post-1263","post","type-post","status-publish","format-standard","has-post-thumbnail","hentry","category-turismo-restaurantes","tag-turismo"],"yoast_head":"<!-- This site is optimized with the Yoast SEO plugin v24.4 - https:\/\/yoast.com\/wordpress\/plugins\/seo\/ -->\n<title>N\u00famero de h\u00f3spedes cresce 35,6% em agosto, mas est\u00e1 abaixo de 2019 - Mais Magazine<\/title>\n<meta name=\"description\" content=\"O mercado interno contribuiu com 4,2 milh\u00f5es de dormidas, o valor mensal mais elevado desde que h\u00e1 registos, e aumentou 24,2%.\" \/>\n<meta name=\"robots\" content=\"index, follow, max-snippet:-1, max-image-preview:large, max-video-preview:-1\" \/>\n<link rel=\"canonical\" href=\"https:\/\/maismagazine.pt\/index.php\/2021\/10\/14\/numero-de-hospedes-cresce-356-em-agosto-mais-esta-abaixo-de-2019\/\" \/>\n<meta property=\"og:locale\" content=\"pt_PT\" \/>\n<meta property=\"og:type\" content=\"article\" \/>\n<meta property=\"og:title\" content=\"N\u00famero de h\u00f3spedes cresce 35,6% em agosto, mas est\u00e1 abaixo de 2019 - Mais Magazine\" \/>\n<meta property=\"og:description\" content=\"O mercado interno contribuiu com 4,2 milh\u00f5es de dormidas, o valor mensal mais elevado desde que h\u00e1 registos, e aumentou 24,2%.\" \/>\n<meta property=\"og:url\" content=\"https:\/\/maismagazine.pt\/index.php\/2021\/10\/14\/numero-de-hospedes-cresce-356-em-agosto-mais-esta-abaixo-de-2019\/\" \/>\n<meta property=\"og:site_name\" content=\"Mais Magazine\" \/>\n<meta property=\"article:published_time\" content=\"2021-10-14T13:39:23+00:00\" \/>\n<meta property=\"article:modified_time\" content=\"2021-12-16T15:19:23+00:00\" \/>\n<meta property=\"og:image\" content=\"https:\/\/maismagazine.pt\/wp-content\/uploads\/2021\/10\/porto.jpg\" \/>\n\t<meta property=\"og:image:width\" content=\"1152\" \/>\n\t<meta property=\"og:image:height\" content=\"768\" \/>\n\t<meta property=\"og:image:type\" content=\"image\/jpeg\" \/>\n<meta name=\"author\" content=\"Jo\u00e3o Malainho\" \/>\n<meta name=\"twitter:card\" content=\"summary_large_image\" \/>\n<meta name=\"twitter:label1\" content=\"Escrito por\" \/>\n\t<meta name=\"twitter:data1\" content=\"\" \/>\n\t<meta name=\"twitter:label2\" content=\"Tempo estimado de leitura\" \/>\n\t<meta name=\"twitter:data2\" content=\"2 minutos\" \/>\n<script type=\"application\/ld+json\" class=\"yoast-schema-graph\">{\"@context\":\"https:\/\/schema.org\",\"@graph\":[{\"@type\":\"Article\",\"@id\":\"https:\/\/maismagazine.pt\/index.php\/2021\/10\/14\/numero-de-hospedes-cresce-356-em-agosto-mais-esta-abaixo-de-2019\/#article\",\"isPartOf\":{\"@id\":\"https:\/\/maismagazine.pt\/index.php\/2021\/10\/14\/numero-de-hospedes-cresce-356-em-agosto-mais-esta-abaixo-de-2019\/\"},\"author\":{\"name\":\"Jo\u00e3o Malainho\",\"@id\":\"https:\/\/maismagazine.pt\/#\/schema\/person\/999bd426f894ff56d397ec12ebd21ebb\"},\"headline\":\"N\u00famero de h\u00f3spedes cresce 35,6% em agosto, mas est\u00e1 abaixo de 2019\",\"datePublished\":\"2021-10-14T13:39:23+00:00\",\"dateModified\":\"2021-12-16T15:19:23+00:00\",\"mainEntityOfPage\":{\"@id\":\"https:\/\/maismagazine.pt\/index.php\/2021\/10\/14\/numero-de-hospedes-cresce-356-em-agosto-mais-esta-abaixo-de-2019\/\"},\"wordCount\":359,\"commentCount\":0,\"publisher\":{\"@id\":\"https:\/\/maismagazine.pt\/#organization\"},\"image\":{\"@id\":\"https:\/\/maismagazine.pt\/index.php\/2021\/10\/14\/numero-de-hospedes-cresce-356-em-agosto-mais-esta-abaixo-de-2019\/#primaryimage\"},\"thumbnailUrl\":\"http:\/\/maismagazine.pt\/wp-content\/uploads\/2021\/10\/porto.jpg\",\"keywords\":[\"Turismo\"],\"articleSection\":[\"Turismo | Vinhos | Gastronomia\"],\"inLanguage\":\"pt-PT\",\"potentialAction\":[{\"@type\":\"CommentAction\",\"name\":\"Comment\",\"target\":[\"https:\/\/maismagazine.pt\/index.php\/2021\/10\/14\/numero-de-hospedes-cresce-356-em-agosto-mais-esta-abaixo-de-2019\/#respond\"]}]},{\"@type\":\"WebPage\",\"@id\":\"https:\/\/maismagazine.pt\/index.php\/2021\/10\/14\/numero-de-hospedes-cresce-356-em-agosto-mais-esta-abaixo-de-2019\/\",\"url\":\"https:\/\/maismagazine.pt\/index.php\/2021\/10\/14\/numero-de-hospedes-cresce-356-em-agosto-mais-esta-abaixo-de-2019\/\",\"name\":\"N\u00famero de h\u00f3spedes cresce 35,6% em agosto, mas est\u00e1 abaixo de 2019 - Mais Magazine\",\"isPartOf\":{\"@id\":\"https:\/\/maismagazine.pt\/#website\"},\"primaryImageOfPage\":{\"@id\":\"https:\/\/maismagazine.pt\/index.php\/2021\/10\/14\/numero-de-hospedes-cresce-356-em-agosto-mais-esta-abaixo-de-2019\/#primaryimage\"},\"image\":{\"@id\":\"https:\/\/maismagazine.pt\/index.php\/2021\/10\/14\/numero-de-hospedes-cresce-356-em-agosto-mais-esta-abaixo-de-2019\/#primaryimage\"},\"thumbnailUrl\":\"http:\/\/maismagazine.pt\/wp-content\/uploads\/2021\/10\/porto.jpg\",\"datePublished\":\"2021-10-14T13:39:23+00:00\",\"dateModified\":\"2021-12-16T15:19:23+00:00\",\"description\":\"O mercado interno contribuiu com 4,2 milh\u00f5es de dormidas, o valor mensal mais elevado desde que h\u00e1 registos, e aumentou 24,2%.\",\"breadcrumb\":{\"@id\":\"https:\/\/maismagazine.pt\/index.php\/2021\/10\/14\/numero-de-hospedes-cresce-356-em-agosto-mais-esta-abaixo-de-2019\/#breadcrumb\"},\"inLanguage\":\"pt-PT\",\"potentialAction\":[{\"@type\":\"ReadAction\",\"target\":[\"https:\/\/maismagazine.pt\/index.php\/2021\/10\/14\/numero-de-hospedes-cresce-356-em-agosto-mais-esta-abaixo-de-2019\/\"]}]},{\"@type\":\"ImageObject\",\"inLanguage\":\"pt-PT\",\"@id\":\"https:\/\/maismagazine.pt\/index.php\/2021\/10\/14\/numero-de-hospedes-cresce-356-em-agosto-mais-esta-abaixo-de-2019\/#primaryimage\",\"url\":\"http:\/\/maismagazine.pt\/wp-content\/uploads\/2021\/10\/porto.jpg\",\"contentUrl\":\"http:\/\/maismagazine.pt\/wp-content\/uploads\/2021\/10\/porto.jpg\",\"width\":1152,\"height\":768},{\"@type\":\"BreadcrumbList\",\"@id\":\"https:\/\/maismagazine.pt\/index.php\/2021\/10\/14\/numero-de-hospedes-cresce-356-em-agosto-mais-esta-abaixo-de-2019\/#breadcrumb\",\"itemListElement\":[{\"@type\":\"ListItem\",\"position\":1,\"name\":\"Home\",\"item\":\"https:\/\/maismagazine.pt\/\"},{\"@type\":\"ListItem\",\"position\":2,\"name\":\"N\u00famero de h\u00f3spedes cresce 35,6% em agosto, mas est\u00e1 abaixo de 2019\"}]},{\"@type\":\"WebSite\",\"@id\":\"https:\/\/maismagazine.pt\/#website\",\"url\":\"https:\/\/maismagazine.pt\/\",\"name\":\"Mais Magazine\",\"description\":\"\",\"publisher\":{\"@id\":\"https:\/\/maismagazine.pt\/#organization\"},\"potentialAction\":[{\"@type\":\"SearchAction\",\"target\":{\"@type\":\"EntryPoint\",\"urlTemplate\":\"https:\/\/maismagazine.pt\/?s={search_term_string}\"},\"query-input\":{\"@type\":\"PropertyValueSpecification\",\"valueRequired\":true,\"valueName\":\"search_term_string\"}}],\"inLanguage\":\"pt-PT\"},{\"@type\":\"Organization\",\"@id\":\"https:\/\/maismagazine.pt\/#organization\",\"name\":\"Mais Magazine\",\"url\":\"https:\/\/maismagazine.pt\/\",\"logo\":{\"@type\":\"ImageObject\",\"inLanguage\":\"pt-PT\",\"@id\":\"https:\/\/maismagazine.pt\/#\/schema\/logo\/image\/\",\"url\":\"http:\/\/maismagazine.pt\/wp-content\/uploads\/2020\/04\/cropped-cropped-mais-magazine-site-logo-2.png\",\"contentUrl\":\"http:\/\/maismagazine.pt\/wp-content\/uploads\/2020\/04\/cropped-cropped-mais-magazine-site-logo-2.png\",\"width\":581,\"height\":90,\"caption\":\"Mais Magazine\"},\"image\":{\"@id\":\"https:\/\/maismagazine.pt\/#\/schema\/logo\/image\/\"}},{\"@type\":\"Person\",\"@id\":\"https:\/\/maismagazine.pt\/#\/schema\/person\/999bd426f894ff56d397ec12ebd21ebb\",\"name\":\"Jo\u00e3o Malainho\",\"image\":{\"@type\":\"ImageObject\",\"inLanguage\":\"pt-PT\",\"@id\":\"https:\/\/maismagazine.pt\/#\/schema\/person\/image\/\",\"url\":\"https:\/\/secure.gravatar.com\/avatar\/ff03c2f38edf60b2a827aa4f74878491?s=96&d=mm&r=g\",\"contentUrl\":\"https:\/\/secure.gravatar.com\/avatar\/ff03c2f38edf60b2a827aa4f74878491?s=96&d=mm&r=g\",\"caption\":\"Jo\u00e3o Malainho\"},\"url\":\"http:\/\/maismagazine.pt\/index.php\/author\/maismagazine\/\"}]}<\/script>\n<!-- \/ Yoast SEO plugin. -->","yoast_head_json":{"title":"N\u00famero de h\u00f3spedes cresce 35,6% em agosto, mas est\u00e1 abaixo de 2019 - Mais Magazine","description":"O mercado interno contribuiu com 4,2 milh\u00f5es de dormidas, o valor mensal mais elevado desde que h\u00e1 registos, e aumentou 24,2%.","robots":{"index":"index","follow":"follow","max-snippet":"max-snippet:-1","max-image-preview":"max-image-preview:large","max-video-preview":"max-video-preview:-1"},"canonical":"https:\/\/maismagazine.pt\/index.php\/2021\/10\/14\/numero-de-hospedes-cresce-356-em-agosto-mais-esta-abaixo-de-2019\/","og_locale":"pt_PT","og_type":"article","og_title":"N\u00famero de h\u00f3spedes cresce 35,6% em agosto, mas est\u00e1 abaixo de 2019 - Mais Magazine","og_description":"O mercado interno contribuiu com 4,2 milh\u00f5es de dormidas, o valor mensal mais elevado desde que h\u00e1 registos, e aumentou 24,2%.","og_url":"https:\/\/maismagazine.pt\/index.php\/2021\/10\/14\/numero-de-hospedes-cresce-356-em-agosto-mais-esta-abaixo-de-2019\/","og_site_name":"Mais Magazine","article_published_time":"2021-10-14T13:39:23+00:00","article_modified_time":"2021-12-16T15:19:23+00:00","og_image":[{"width":1152,"height":768,"url":"https:\/\/maismagazine.pt\/wp-content\/uploads\/2021\/10\/porto.jpg","type":"image\/jpeg"}],"author":"Jo\u00e3o Malainho","twitter_card":"summary_large_image","twitter_misc":{"Escrito por":false,"Tempo estimado de leitura":"2 minutos"},"schema":{"@context":"https:\/\/schema.org","@graph":[{"@type":"Article","@id":"https:\/\/maismagazine.pt\/index.php\/2021\/10\/14\/numero-de-hospedes-cresce-356-em-agosto-mais-esta-abaixo-de-2019\/#article","isPartOf":{"@id":"https:\/\/maismagazine.pt\/index.php\/2021\/10\/14\/numero-de-hospedes-cresce-356-em-agosto-mais-esta-abaixo-de-2019\/"},"author":{"name":"Jo\u00e3o Malainho","@id":"https:\/\/maismagazine.pt\/#\/schema\/person\/999bd426f894ff56d397ec12ebd21ebb"},"headline":"N\u00famero de h\u00f3spedes cresce 35,6% em agosto, mas est\u00e1 abaixo de 2019","datePublished":"2021-10-14T13:39:23+00:00","dateModified":"2021-12-16T15:19:23+00:00","mainEntityOfPage":{"@id":"https:\/\/maismagazine.pt\/index.php\/2021\/10\/14\/numero-de-hospedes-cresce-356-em-agosto-mais-esta-abaixo-de-2019\/"},"wordCount":359,"commentCount":0,"publisher":{"@id":"https:\/\/maismagazine.pt\/#organization"},"image":{"@id":"https:\/\/maismagazine.pt\/index.php\/2021\/10\/14\/numero-de-hospedes-cresce-356-em-agosto-mais-esta-abaixo-de-2019\/#primaryimage"},"thumbnailUrl":"http:\/\/maismagazine.pt\/wp-content\/uploads\/2021\/10\/porto.jpg","keywords":["Turismo"],"articleSection":["Turismo | Vinhos | Gastronomia"],"inLanguage":"pt-PT","potentialAction":[{"@type":"CommentAction","name":"Comment","target":["https:\/\/maismagazine.pt\/index.php\/2021\/10\/14\/numero-de-hospedes-cresce-356-em-agosto-mais-esta-abaixo-de-2019\/#respond"]}]},{"@type":"WebPage","@id":"https:\/\/maismagazine.pt\/index.php\/2021\/10\/14\/numero-de-hospedes-cresce-356-em-agosto-mais-esta-abaixo-de-2019\/","url":"https:\/\/maismagazine.pt\/index.php\/2021\/10\/14\/numero-de-hospedes-cresce-356-em-agosto-mais-esta-abaixo-de-2019\/","name":"N\u00famero de h\u00f3spedes cresce 35,6% em agosto, mas est\u00e1 abaixo de 2019 - Mais Magazine","isPartOf":{"@id":"https:\/\/maismagazine.pt\/#website"},"primaryImageOfPage":{"@id":"https:\/\/maismagazine.pt\/index.php\/2021\/10\/14\/numero-de-hospedes-cresce-356-em-agosto-mais-esta-abaixo-de-2019\/#primaryimage"},"image":{"@id":"https:\/\/maismagazine.pt\/index.php\/2021\/10\/14\/numero-de-hospedes-cresce-356-em-agosto-mais-esta-abaixo-de-2019\/#primaryimage"},"thumbnailUrl":"http:\/\/maismagazine.pt\/wp-content\/uploads\/2021\/10\/porto.jpg","datePublished":"2021-10-14T13:39:23+00:00","dateModified":"2021-12-16T15:19:23+00:00","description":"O mercado interno contribuiu com 4,2 milh\u00f5es de dormidas, o valor mensal mais elevado desde que h\u00e1 registos, e aumentou 24,2%.","breadcrumb":{"@id":"https:\/\/maismagazine.pt\/index.php\/2021\/10\/14\/numero-de-hospedes-cresce-356-em-agosto-mais-esta-abaixo-de-2019\/#breadcrumb"},"inLanguage":"pt-PT","potentialAction":[{"@type":"ReadAction","target":["https:\/\/maismagazine.pt\/index.php\/2021\/10\/14\/numero-de-hospedes-cresce-356-em-agosto-mais-esta-abaixo-de-2019\/"]}]},{"@type":"ImageObject","inLanguage":"pt-PT","@id":"https:\/\/maismagazine.pt\/index.php\/2021\/10\/14\/numero-de-hospedes-cresce-356-em-agosto-mais-esta-abaixo-de-2019\/#primaryimage","url":"http:\/\/maismagazine.pt\/wp-content\/uploads\/2021\/10\/porto.jpg","contentUrl":"http:\/\/maismagazine.pt\/wp-content\/uploads\/2021\/10\/porto.jpg","width":1152,"height":768},{"@type":"BreadcrumbList","@id":"https:\/\/maismagazine.pt\/index.php\/2021\/10\/14\/numero-de-hospedes-cresce-356-em-agosto-mais-esta-abaixo-de-2019\/#breadcrumb","itemListElement":[{"@type":"ListItem","position":1,"name":"Home","item":"https:\/\/maismagazine.pt\/"},{"@type":"ListItem","position":2,"name":"N\u00famero de h\u00f3spedes cresce 35,6% em agosto, mas est\u00e1 abaixo de 2019"}]},{"@type":"WebSite","@id":"https:\/\/maismagazine.pt\/#website","url":"https:\/\/maismagazine.pt\/","name":"Mais Magazine","description":"","publisher":{"@id":"https:\/\/maismagazine.pt\/#organization"},"potentialAction":[{"@type":"SearchAction","target":{"@type":"EntryPoint","urlTemplate":"https:\/\/maismagazine.pt\/?s={search_term_string}"},"query-input":{"@type":"PropertyValueSpecification","valueRequired":true,"valueName":"search_term_string"}}],"inLanguage":"pt-PT"},{"@type":"Organization","@id":"https:\/\/maismagazine.pt\/#organization","name":"Mais Magazine","url":"https:\/\/maismagazine.pt\/","logo":{"@type":"ImageObject","inLanguage":"pt-PT","@id":"https:\/\/maismagazine.pt\/#\/schema\/logo\/image\/","url":"http:\/\/maismagazine.pt\/wp-content\/uploads\/2020\/04\/cropped-cropped-mais-magazine-site-logo-2.png","contentUrl":"http:\/\/maismagazine.pt\/wp-content\/uploads\/2020\/04\/cropped-cropped-mais-magazine-site-logo-2.png","width":581,"height":90,"caption":"Mais Magazine"},"image":{"@id":"https:\/\/maismagazine.pt\/#\/schema\/logo\/image\/"}},{"@type":"Person","@id":"https:\/\/maismagazine.pt\/#\/schema\/person\/999bd426f894ff56d397ec12ebd21ebb","name":"Jo\u00e3o Malainho","image":{"@type":"ImageObject","inLanguage":"pt-PT","@id":"https:\/\/maismagazine.pt\/#\/schema\/person\/image\/","url":"https:\/\/secure.gravatar.com\/avatar\/ff03c2f38edf60b2a827aa4f74878491?s=96&d=mm&r=g","contentUrl":"https:\/\/secure.gravatar.com\/avatar\/ff03c2f38edf60b2a827aa4f74878491?s=96&d=mm&r=g","caption":"Jo\u00e3o Malainho"},"url":"http:\/\/maismagazine.pt\/index.php\/author\/maismagazine\/"}]}},"author_meta":{"display_name":false,"author_link":"http:\/\/maismagazine.pt\/index.php\/author\/maismagazine\/"},"featured_img":"http:\/\/maismagazine.pt\/wp-content\/uploads\/2021\/10\/porto-300x200.jpg","coauthors":[],"tax_additional":{"categories":{"linked":["<a href=\"http:\/\/maismagazine.pt\/index.php\/category\/turismo-restaurantes\/\" class=\"advgb-post-tax-term\">Turismo | Vinhos | Gastronomia<\/a>"],"unlinked":["<span class=\"advgb-post-tax-term\">Turismo | Vinhos | Gastronomia<\/span>"]},"tags":{"linked":["<a href=\"http:\/\/maismagazine.pt\/index.php\/category\/turismo-restaurantes\/\" class=\"advgb-post-tax-term\">Turismo<\/a>"],"unlinked":["<span class=\"advgb-post-tax-term\">Turismo<\/span>"]}},"comment_count":"0","relative_dates":{"created":"Posted 5 anos ago","modified":"Updated 4 anos ago"},"absolute_dates":{"created":"Posted on 14 de Outubro, 2021","modified":"Updated on 16 de Dezembro, 2021"},"absolute_dates_time":{"created":"Posted on 14 de Outubro, 2021 13:39","modified":"Updated on 16 de Dezembro, 2021 15:19"},"featured_img_caption":"","series_order":"","_links":{"self":[{"href":"http:\/\/maismagazine.pt\/index.php\/wp-json\/wp\/v2\/posts\/1263","targetHints":{"allow":["GET"]}}],"collection":[{"href":"http:\/\/maismagazine.pt\/index.php\/wp-json\/wp\/v2\/posts"}],"about":[{"href":"http:\/\/maismagazine.pt\/index.php\/wp-json\/wp\/v2\/types\/post"}],"author":[{"embeddable":true,"href":"http:\/\/maismagazine.pt\/index.php\/wp-json\/wp\/v2\/users\/7"}],"replies":[{"embeddable":true,"href":"http:\/\/maismagazine.pt\/index.php\/wp-json\/wp\/v2\/comments?post=1263"}],"version-history":[{"count":2,"href":"http:\/\/maismagazine.pt\/index.php\/wp-json\/wp\/v2\/posts\/1263\/revisions"}],"predecessor-version":[{"id":1996,"href":"http:\/\/maismagazine.pt\/index.php\/wp-json\/wp\/v2\/posts\/1263\/revisions\/1996"}],"wp:featuredmedia":[{"embeddable":true,"href":"http:\/\/maismagazine.pt\/index.php\/wp-json\/wp\/v2\/media\/1264"}],"wp:attachment":[{"href":"http:\/\/maismagazine.pt\/index.php\/wp-json\/wp\/v2\/media?parent=1263"}],"wp:term":[{"taxonomy":"category","embeddable":true,"href":"http:\/\/maismagazine.pt\/index.php\/wp-json\/wp\/v2\/categories?post=1263"},{"taxonomy":"post_tag","embeddable":true,"href":"http:\/\/maismagazine.pt\/index.php\/wp-json\/wp\/v2\/tags?post=1263"}],"curies":[{"name":"wp","href":"https:\/\/api.w.org\/{rel}","templated":true}]}}