{"id":12629,"date":"2025-09-26T07:00:00","date_gmt":"2025-09-26T06:00:00","guid":{"rendered":"https:\/\/maismagazine.pt\/?p=12629"},"modified":"2025-09-23T11:14:57","modified_gmt":"2025-09-23T10:14:57","slug":"somos-um-verdadeiro-parceiro-legal-estrategico-capaz-de-transformar-desafios-em-oportunidades-de-crescimento","status":"publish","type":"post","link":"http:\/\/maismagazine.pt\/index.php\/2025\/09\/26\/somos-um-verdadeiro-parceiro-legal-estrategico-capaz-de-transformar-desafios-em-oportunidades-de-crescimento\/","title":{"rendered":"\u201cSomos um verdadeiro parceiro legal estrat\u00e9gico, capaz de transformar desafios em oportunidades de crescimento\u201d"},"content":{"rendered":"\n<p><strong>Determinada a transformar desafios em oportunidades, a advogada Marlise Guerreiro construiu uma carreira marcada pela paix\u00e3o pelo imobili\u00e1rio e pela vis\u00e3o estrat\u00e9gica no setor. Fundadora da <a href=\"https:\/\/www.facebook.com\/p\/Imolawyersadvogados-61556577105932\/\">ImoLawyers<\/a>, alia mais de uma d\u00e9cada de experi\u00eancia em Direito e investimento \u00e0 paix\u00e3o por neg\u00f3cios, ajudando \u201cinvestidores e propriet\u00e1rios de alto valor que procuram solu\u00e7\u00f5es jur\u00eddicas completas\u201d. <\/strong><\/p>\n\n\n\n<p><\/p>\n\n\n\n<p><strong>Pode come\u00e7ar por partilhar um pouco do seu percurso profissional? O que a levou a escolher a advocacia e quando percebeu que esta seria a sua verdadeira paix\u00e3o? <\/strong><\/p>\n\n\n\n<p>Nasci no Baixo Alentejo, numa fam\u00edlia humilde onde o percurso acad\u00e9mico nunca tinha sido trilhado. Sou a primeira da minha fam\u00edlia a concluir o ensino superior, o que refor\u00e7ou a minha determina\u00e7\u00e3o em criar impacto atrav\u00e9s do meu trabalho. Mudei-me para Lisboa ainda jovem e, desde cedo, tomei todas as decis\u00f5es da minha vida com um \u00fanico prop\u00f3sito: construir uma carreira s\u00f3lida na advocacia e no investimento imobili\u00e1rio. Sempre tive uma paix\u00e3o especial por casas, pelo seu potencial de transforma\u00e7\u00e3o e cria\u00e7\u00e3o de valor, o que me levou a unir o conhecimento jur\u00eddico ao olhar estrat\u00e9gico sobre neg\u00f3cios. Hoje, com mais de 10 anos de experi\u00eancia, j\u00e1 acompanhei centenas de clientes em opera\u00e7\u00f5es de investimento que ultrapassam os 30 milh\u00f5es de euros em Portugal, Cabo Verde e Brasil, ajudando-os a proteger e multiplicar o seu patrim\u00f3nio com clareza e confian\u00e7a. <\/p>\n\n\n\n<p><\/p>\n\n\n\n<p><strong>De que forma surgiu a oportunidade de fundar a ImoLawyers? Em que medida a sua experi\u00eancia e vis\u00e3o estrat\u00e9gica contribu\u00edram para criar um modelo de assessoria jur\u00eddica distinto? <\/strong><\/p>\n\n\n\n<p>A ImoLawyers nasceu para unir as minhas tr\u00eas paix\u00f5es \u2014 a advocacia, o imobili\u00e1rio e os neg\u00f3cios \u2014 e transformar a forma como investidores olham para o Direito Imobili\u00e1rio. Desde o in\u00edcio, o objetivo foi ir al\u00e9m da simples presta\u00e7\u00e3o de servi\u00e7os jur\u00eddicos e criar uma estrutura de confian\u00e7a: somos um verdadeiro parceiro legal estrat\u00e9gico, capaz de transformar desafios em oportunidades de crescimento. Esta experi\u00eancia, aliada ao meu percurso como advogada e investidora, deu origem a um modelo de assessoria que alia rigor jur\u00eddico, vis\u00e3o estrat\u00e9gica e solu\u00e7\u00f5es \u00e0 medida de quem investe com vis\u00e3o. <\/p>\n\n\n\n<p><\/p>\n\n\n<div class=\"wp-block-image\">\n<figure class=\"aligncenter size-full is-resized\"><img loading=\"lazy\" decoding=\"async\" width=\"569\" height=\"711\" src=\"https:\/\/maismagazine.pt\/wp-content\/uploads\/2025\/09\/2R3A4932-1.jpg\" alt=\"\" class=\"wp-image-12630\" style=\"width:291px;height:auto\" srcset=\"http:\/\/maismagazine.pt\/wp-content\/uploads\/2025\/09\/2R3A4932-1.jpg 569w, http:\/\/maismagazine.pt\/wp-content\/uploads\/2025\/09\/2R3A4932-1-240x300.jpg 240w\" sizes=\"auto, (max-width: 569px) 100vw, 569px\" \/><figcaption class=\"wp-element-caption\">Marlise Guerreiro, CEO Imolawyers<\/figcaption><\/figure><\/div>\n\n\n<p><\/p>\n\n\n\n<p><strong>Quais s\u00e3o os servi\u00e7os principais que a ImoLawyers disponibiliza aos seus clientes? <\/strong><\/p>\n\n\n\n<p>Atendemos investidores e propriet\u00e1rios de alto valor que procuram solu\u00e7\u00f5es jur\u00eddicas completas. Acompanhamos todas as fases de um investimento ou gest\u00e3o patrimonial, com servi\u00e7os como: consultoria estrat\u00e9gica; regulariza\u00e7\u00e3o de im\u00f3veis; licenciamento; promo\u00e7\u00e3o e constru\u00e7\u00e3o; projetos de reabilita\u00e7\u00e3o; partilhas de bens por heran\u00e7a ou div\u00f3rcio. Cri\u00e1mos servi\u00e7os exclusivos como o Plano Legal Anti-Ocupas e o PLR \u2013 Plano Legal de Reabilita\u00e7\u00e3o, focados em proteger e valorizar im\u00f3veis devolutos, al\u00e9m do IML Portugal Prime, dedicado a investidores estrangeiros que querem expandir os seus neg\u00f3cios em Portugal. Mantemos tamb\u00e9m uma forte atua\u00e7\u00e3o em a\u00e7\u00f5es judiciais ligadas ao direito imobili\u00e1rio, fam\u00edlia, patrim\u00f3nio e \u00e1reas adjacentes, oferecendo uma abordagem completa e personalizada para quem investe ou gere ativos imobili\u00e1rios. <\/p>\n\n\n\n<p><\/p>\n\n\n\n<p><strong>O setor imobili\u00e1rio envolve diversas quest\u00f5es jur\u00eddicas que requerem acompanhamento especializado. Na sua perspetiva, quais s\u00e3o os maiores desafios e situa\u00e7\u00f5es mais sens\u00edveis que enfrenta neste segmento?  <\/strong><\/p>\n\n\n\n<p>O mercado imobili\u00e1rio portugu\u00eas apresenta in\u00fameros desafios: im\u00f3veis com licenciamento irregular, contratos fr\u00e1geis, legisla\u00e7\u00e3o complexa e burocracia excessiva. O nosso papel \u00e9 oferecer estrat\u00e9gia, clareza e confian\u00e7a para que cada decis\u00e3o seja segura e eficiente. <\/p>\n\n\n\n<p><\/p>\n\n\n\n<p><strong>Quais s\u00e3o os pr\u00f3ximos objetivos para a ImoLawyers e de que forma pretende continuar a inovar no mercado jur\u00eddico? <\/strong><\/p>\n\n\n\n<p>Olhando para o futuro, o objetivo \u00e9 claro: continuar a inovar e a posicionar a ImoLawyers como refer\u00eancia para investidores e propriet\u00e1rios que valorizam rigor e vis\u00e3o estrat\u00e9gica. Queremos expandir a nossa presen\u00e7a internacional e criar solu\u00e7\u00f5es cada vez mais inteligentes, demonstrando que a advocacia n\u00e3o \u00e9 um mal necess\u00e1rio, mas sim uma verdadeira alavanca de crescimento para quem investe com vis\u00e3o de longo prazo. <\/p>\n\n\n\n<p><\/p>\n\n\n<div class=\"wp-block-image\">\n<figure class=\"aligncenter size-large is-resized\"><img loading=\"lazy\" decoding=\"async\" width=\"1024\" height=\"1024\" src=\"https:\/\/maismagazine.pt\/wp-content\/uploads\/2025\/09\/430700425_122108291816223040_8048935699925783429_n-1024x1024.jpg\" alt=\"\" class=\"wp-image-12631\" style=\"width:217px;height:auto\" srcset=\"http:\/\/maismagazine.pt\/wp-content\/uploads\/2025\/09\/430700425_122108291816223040_8048935699925783429_n-1024x1024.jpg 1024w, http:\/\/maismagazine.pt\/wp-content\/uploads\/2025\/09\/430700425_122108291816223040_8048935699925783429_n-300x300.jpg 300w, http:\/\/maismagazine.pt\/wp-content\/uploads\/2025\/09\/430700425_122108291816223040_8048935699925783429_n-150x150.jpg 150w, http:\/\/maismagazine.pt\/wp-content\/uploads\/2025\/09\/430700425_122108291816223040_8048935699925783429_n-768x768.jpg 768w, http:\/\/maismagazine.pt\/wp-content\/uploads\/2025\/09\/430700425_122108291816223040_8048935699925783429_n.jpg 1080w\" sizes=\"auto, (max-width: 1024px) 100vw, 1024px\" \/><\/figure><\/div>","protected":false},"excerpt":{"rendered":"<p>Determinada a transformar desafios em oportunidades, a advogada Marlise Guerreiro construiu uma carreira marcada pela paix\u00e3o pelo imobili\u00e1rio e pela vis\u00e3o estrat\u00e9gica no setor. Fundadora da ImoLawyers, alia mais de uma d\u00e9cada de experi\u00eancia em Direito e investimento \u00e0 paix\u00e3o por neg\u00f3cios, ajudando \u201cinvestidores e propriet\u00e1rios de alto valor que&hellip;<\/p>\n","protected":false},"author":17,"featured_media":12632,"comment_status":"closed","ping_status":"open","sticky":false,"template":"","format":"standard","meta":{"advgb_blocks_editor_width":"","advgb_blocks_columns_visual_guide":"","_monsterinsights_skip_tracking":false,"_monsterinsights_sitenote_active":false,"_monsterinsights_sitenote_note":"","_monsterinsights_sitenote_category":0,"footnotes":""},"categories":[6,137],"tags":[2435],"class_list":["post-12629","post","type-post","status-publish","format-standard","has-post-thumbnail","hentry","category-empreendedorismo","category-imobiliario","tag-imolawyers"],"yoast_head":"<!-- This site is optimized with the Yoast SEO plugin v24.4 - https:\/\/yoast.com\/wordpress\/plugins\/seo\/ -->\n<title>\u201cSomos um verdadeiro parceiro legal estrat\u00e9gico, capaz de transformar desafios em oportunidades de crescimento\u201d - Mais Magazine<\/title>\n<meta name=\"description\" content=\"Determinada a transformar desafios em oportunidades, a advogada Marlise Guerreiro construiu uma carreira marcada pela paix\u00e3o pelo imobili\u00e1rio e pela vis\u00e3o estrat\u00e9gica no setor. Fundadora da ImoLawyers, alia mais de uma d\u00e9cada de experi\u00eancia em Direito e investimento \u00e0 paix\u00e3o por neg\u00f3cios, ajudando \u201cinvestidores e propriet\u00e1rios de alto valor que procuram solu\u00e7\u00f5es jur\u00eddicas completas\u201d.\" \/>\n<meta name=\"robots\" content=\"index, follow, max-snippet:-1, max-image-preview:large, max-video-preview:-1\" \/>\n<link rel=\"canonical\" href=\"http:\/\/maismagazine.pt\/index.php\/2025\/09\/26\/somos-um-verdadeiro-parceiro-legal-estrategico-capaz-de-transformar-desafios-em-oportunidades-de-crescimento\/\" \/>\n<meta property=\"og:locale\" content=\"pt_PT\" \/>\n<meta property=\"og:type\" content=\"article\" \/>\n<meta property=\"og:title\" content=\"\u201cSomos um verdadeiro parceiro legal estrat\u00e9gico, capaz de transformar desafios em oportunidades de crescimento\u201d - Mais Magazine\" \/>\n<meta property=\"og:description\" content=\"Determinada a transformar desafios em oportunidades, a advogada Marlise Guerreiro construiu uma carreira marcada pela paix\u00e3o pelo imobili\u00e1rio e pela vis\u00e3o estrat\u00e9gica no setor. Fundadora da ImoLawyers, alia mais de uma d\u00e9cada de experi\u00eancia em Direito e investimento \u00e0 paix\u00e3o por neg\u00f3cios, ajudando \u201cinvestidores e propriet\u00e1rios de alto valor que procuram solu\u00e7\u00f5es jur\u00eddicas completas\u201d.\" \/>\n<meta property=\"og:url\" content=\"http:\/\/maismagazine.pt\/index.php\/2025\/09\/26\/somos-um-verdadeiro-parceiro-legal-estrategico-capaz-de-transformar-desafios-em-oportunidades-de-crescimento\/\" \/>\n<meta property=\"og:site_name\" content=\"Mais Magazine\" \/>\n<meta property=\"article:published_time\" content=\"2025-09-26T06:00:00+00:00\" \/>\n<meta property=\"og:image\" content=\"http:\/\/maismagazine.pt\/wp-content\/uploads\/2025\/09\/2R3A4819.jpg\" \/>\n\t<meta property=\"og:image:width\" content=\"388\" \/>\n\t<meta property=\"og:image:height\" content=\"485\" \/>\n\t<meta property=\"og:image:type\" content=\"image\/jpeg\" \/>\n<meta name=\"author\" content=\"Tiago Costa\" \/>\n<meta name=\"twitter:card\" content=\"summary_large_image\" \/>\n<meta name=\"twitter:label1\" content=\"Escrito por\" \/>\n\t<meta name=\"twitter:data1\" content=\"\" \/>\n\t<meta name=\"twitter:label2\" content=\"Tempo estimado de leitura\" \/>\n\t<meta name=\"twitter:data2\" content=\"5 minutos\" \/>\n<script type=\"application\/ld+json\" class=\"yoast-schema-graph\">{\"@context\":\"https:\/\/schema.org\",\"@graph\":[{\"@type\":\"Article\",\"@id\":\"http:\/\/maismagazine.pt\/index.php\/2025\/09\/26\/somos-um-verdadeiro-parceiro-legal-estrategico-capaz-de-transformar-desafios-em-oportunidades-de-crescimento\/#article\",\"isPartOf\":{\"@id\":\"http:\/\/maismagazine.pt\/index.php\/2025\/09\/26\/somos-um-verdadeiro-parceiro-legal-estrategico-capaz-de-transformar-desafios-em-oportunidades-de-crescimento\/\"},\"author\":{\"name\":\"Tiago Costa\",\"@id\":\"https:\/\/maismagazine.pt\/#\/schema\/person\/c6c5bfccc886434cbd11c74e035f9646\"},\"headline\":\"\u201cSomos um verdadeiro parceiro legal estrat\u00e9gico, capaz de transformar desafios em oportunidades de crescimento\u201d\",\"datePublished\":\"2025-09-26T06:00:00+00:00\",\"mainEntityOfPage\":{\"@id\":\"http:\/\/maismagazine.pt\/index.php\/2025\/09\/26\/somos-um-verdadeiro-parceiro-legal-estrategico-capaz-de-transformar-desafios-em-oportunidades-de-crescimento\/\"},\"wordCount\":738,\"publisher\":{\"@id\":\"https:\/\/maismagazine.pt\/#organization\"},\"image\":{\"@id\":\"http:\/\/maismagazine.pt\/index.php\/2025\/09\/26\/somos-um-verdadeiro-parceiro-legal-estrategico-capaz-de-transformar-desafios-em-oportunidades-de-crescimento\/#primaryimage\"},\"thumbnailUrl\":\"http:\/\/maismagazine.pt\/wp-content\/uploads\/2025\/09\/2R3A4819.jpg\",\"keywords\":[\"ImoLawyers\"],\"articleSection\":[\"Empreendedorismo\",\"Imobili\u00e1rio\"],\"inLanguage\":\"pt-PT\"},{\"@type\":\"WebPage\",\"@id\":\"http:\/\/maismagazine.pt\/index.php\/2025\/09\/26\/somos-um-verdadeiro-parceiro-legal-estrategico-capaz-de-transformar-desafios-em-oportunidades-de-crescimento\/\",\"url\":\"http:\/\/maismagazine.pt\/index.php\/2025\/09\/26\/somos-um-verdadeiro-parceiro-legal-estrategico-capaz-de-transformar-desafios-em-oportunidades-de-crescimento\/\",\"name\":\"\u201cSomos um verdadeiro parceiro legal estrat\u00e9gico, capaz de transformar desafios em oportunidades de crescimento\u201d - Mais Magazine\",\"isPartOf\":{\"@id\":\"https:\/\/maismagazine.pt\/#website\"},\"primaryImageOfPage\":{\"@id\":\"http:\/\/maismagazine.pt\/index.php\/2025\/09\/26\/somos-um-verdadeiro-parceiro-legal-estrategico-capaz-de-transformar-desafios-em-oportunidades-de-crescimento\/#primaryimage\"},\"image\":{\"@id\":\"http:\/\/maismagazine.pt\/index.php\/2025\/09\/26\/somos-um-verdadeiro-parceiro-legal-estrategico-capaz-de-transformar-desafios-em-oportunidades-de-crescimento\/#primaryimage\"},\"thumbnailUrl\":\"http:\/\/maismagazine.pt\/wp-content\/uploads\/2025\/09\/2R3A4819.jpg\",\"datePublished\":\"2025-09-26T06:00:00+00:00\",\"description\":\"Determinada a transformar desafios em oportunidades, a advogada Marlise Guerreiro construiu uma carreira marcada pela paix\u00e3o pelo imobili\u00e1rio e pela vis\u00e3o estrat\u00e9gica no setor. Fundadora da ImoLawyers, alia mais de uma d\u00e9cada de experi\u00eancia em Direito e investimento \u00e0 paix\u00e3o por neg\u00f3cios, ajudando \u201cinvestidores e propriet\u00e1rios de alto valor que procuram solu\u00e7\u00f5es jur\u00eddicas completas\u201d.\",\"breadcrumb\":{\"@id\":\"http:\/\/maismagazine.pt\/index.php\/2025\/09\/26\/somos-um-verdadeiro-parceiro-legal-estrategico-capaz-de-transformar-desafios-em-oportunidades-de-crescimento\/#breadcrumb\"},\"inLanguage\":\"pt-PT\",\"potentialAction\":[{\"@type\":\"ReadAction\",\"target\":[\"http:\/\/maismagazine.pt\/index.php\/2025\/09\/26\/somos-um-verdadeiro-parceiro-legal-estrategico-capaz-de-transformar-desafios-em-oportunidades-de-crescimento\/\"]}]},{\"@type\":\"ImageObject\",\"inLanguage\":\"pt-PT\",\"@id\":\"http:\/\/maismagazine.pt\/index.php\/2025\/09\/26\/somos-um-verdadeiro-parceiro-legal-estrategico-capaz-de-transformar-desafios-em-oportunidades-de-crescimento\/#primaryimage\",\"url\":\"http:\/\/maismagazine.pt\/wp-content\/uploads\/2025\/09\/2R3A4819.jpg\",\"contentUrl\":\"http:\/\/maismagazine.pt\/wp-content\/uploads\/2025\/09\/2R3A4819.jpg\",\"width\":388,\"height\":485,\"caption\":\"Evoto\"},{\"@type\":\"BreadcrumbList\",\"@id\":\"http:\/\/maismagazine.pt\/index.php\/2025\/09\/26\/somos-um-verdadeiro-parceiro-legal-estrategico-capaz-de-transformar-desafios-em-oportunidades-de-crescimento\/#breadcrumb\",\"itemListElement\":[{\"@type\":\"ListItem\",\"position\":1,\"name\":\"Home\",\"item\":\"https:\/\/maismagazine.pt\/\"},{\"@type\":\"ListItem\",\"position\":2,\"name\":\"\u201cSomos um verdadeiro parceiro legal estrat\u00e9gico, capaz de transformar desafios em oportunidades de crescimento\u201d\"}]},{\"@type\":\"WebSite\",\"@id\":\"https:\/\/maismagazine.pt\/#website\",\"url\":\"https:\/\/maismagazine.pt\/\",\"name\":\"Mais Magazine\",\"description\":\"\",\"publisher\":{\"@id\":\"https:\/\/maismagazine.pt\/#organization\"},\"potentialAction\":[{\"@type\":\"SearchAction\",\"target\":{\"@type\":\"EntryPoint\",\"urlTemplate\":\"https:\/\/maismagazine.pt\/?s={search_term_string}\"},\"query-input\":{\"@type\":\"PropertyValueSpecification\",\"valueRequired\":true,\"valueName\":\"search_term_string\"}}],\"inLanguage\":\"pt-PT\"},{\"@type\":\"Organization\",\"@id\":\"https:\/\/maismagazine.pt\/#organization\",\"name\":\"Mais Magazine\",\"url\":\"https:\/\/maismagazine.pt\/\",\"logo\":{\"@type\":\"ImageObject\",\"inLanguage\":\"pt-PT\",\"@id\":\"https:\/\/maismagazine.pt\/#\/schema\/logo\/image\/\",\"url\":\"http:\/\/maismagazine.pt\/wp-content\/uploads\/2020\/04\/cropped-cropped-mais-magazine-site-logo-2.png\",\"contentUrl\":\"http:\/\/maismagazine.pt\/wp-content\/uploads\/2020\/04\/cropped-cropped-mais-magazine-site-logo-2.png\",\"width\":581,\"height\":90,\"caption\":\"Mais Magazine\"},\"image\":{\"@id\":\"https:\/\/maismagazine.pt\/#\/schema\/logo\/image\/\"}},{\"@type\":\"Person\",\"@id\":\"https:\/\/maismagazine.pt\/#\/schema\/person\/c6c5bfccc886434cbd11c74e035f9646\",\"name\":\"Tiago Costa\",\"image\":{\"@type\":\"ImageObject\",\"inLanguage\":\"pt-PT\",\"@id\":\"https:\/\/maismagazine.pt\/#\/schema\/person\/image\/\",\"url\":\"https:\/\/secure.gravatar.com\/avatar\/c599b2bce16c9870429198cbad5ee022?s=96&d=mm&r=g\",\"contentUrl\":\"https:\/\/secure.gravatar.com\/avatar\/c599b2bce16c9870429198cbad5ee022?s=96&d=mm&r=g\",\"caption\":\"Tiago Costa\"},\"url\":\"http:\/\/maismagazine.pt\/index.php\/author\/tiago\/\"}]}<\/script>\n<!-- \/ Yoast SEO plugin. -->","yoast_head_json":{"title":"\u201cSomos um verdadeiro parceiro legal estrat\u00e9gico, capaz de transformar desafios em oportunidades de crescimento\u201d - Mais Magazine","description":"Determinada a transformar desafios em oportunidades, a advogada Marlise Guerreiro construiu uma carreira marcada pela paix\u00e3o pelo imobili\u00e1rio e pela vis\u00e3o estrat\u00e9gica no setor. Fundadora da ImoLawyers, alia mais de uma d\u00e9cada de experi\u00eancia em Direito e investimento \u00e0 paix\u00e3o por neg\u00f3cios, ajudando \u201cinvestidores e propriet\u00e1rios de alto valor que procuram solu\u00e7\u00f5es jur\u00eddicas completas\u201d.","robots":{"index":"index","follow":"follow","max-snippet":"max-snippet:-1","max-image-preview":"max-image-preview:large","max-video-preview":"max-video-preview:-1"},"canonical":"http:\/\/maismagazine.pt\/index.php\/2025\/09\/26\/somos-um-verdadeiro-parceiro-legal-estrategico-capaz-de-transformar-desafios-em-oportunidades-de-crescimento\/","og_locale":"pt_PT","og_type":"article","og_title":"\u201cSomos um verdadeiro parceiro legal estrat\u00e9gico, capaz de transformar desafios em oportunidades de crescimento\u201d - Mais Magazine","og_description":"Determinada a transformar desafios em oportunidades, a advogada Marlise Guerreiro construiu uma carreira marcada pela paix\u00e3o pelo imobili\u00e1rio e pela vis\u00e3o estrat\u00e9gica no setor. Fundadora da ImoLawyers, alia mais de uma d\u00e9cada de experi\u00eancia em Direito e investimento \u00e0 paix\u00e3o por neg\u00f3cios, ajudando \u201cinvestidores e propriet\u00e1rios de alto valor que procuram solu\u00e7\u00f5es jur\u00eddicas completas\u201d.","og_url":"http:\/\/maismagazine.pt\/index.php\/2025\/09\/26\/somos-um-verdadeiro-parceiro-legal-estrategico-capaz-de-transformar-desafios-em-oportunidades-de-crescimento\/","og_site_name":"Mais Magazine","article_published_time":"2025-09-26T06:00:00+00:00","og_image":[{"width":388,"height":485,"url":"http:\/\/maismagazine.pt\/wp-content\/uploads\/2025\/09\/2R3A4819.jpg","type":"image\/jpeg"}],"author":"Tiago Costa","twitter_card":"summary_large_image","twitter_misc":{"Escrito por":false,"Tempo estimado de leitura":"5 minutos"},"schema":{"@context":"https:\/\/schema.org","@graph":[{"@type":"Article","@id":"http:\/\/maismagazine.pt\/index.php\/2025\/09\/26\/somos-um-verdadeiro-parceiro-legal-estrategico-capaz-de-transformar-desafios-em-oportunidades-de-crescimento\/#article","isPartOf":{"@id":"http:\/\/maismagazine.pt\/index.php\/2025\/09\/26\/somos-um-verdadeiro-parceiro-legal-estrategico-capaz-de-transformar-desafios-em-oportunidades-de-crescimento\/"},"author":{"name":"Tiago Costa","@id":"https:\/\/maismagazine.pt\/#\/schema\/person\/c6c5bfccc886434cbd11c74e035f9646"},"headline":"\u201cSomos um verdadeiro parceiro legal estrat\u00e9gico, capaz de transformar desafios em oportunidades de crescimento\u201d","datePublished":"2025-09-26T06:00:00+00:00","mainEntityOfPage":{"@id":"http:\/\/maismagazine.pt\/index.php\/2025\/09\/26\/somos-um-verdadeiro-parceiro-legal-estrategico-capaz-de-transformar-desafios-em-oportunidades-de-crescimento\/"},"wordCount":738,"publisher":{"@id":"https:\/\/maismagazine.pt\/#organization"},"image":{"@id":"http:\/\/maismagazine.pt\/index.php\/2025\/09\/26\/somos-um-verdadeiro-parceiro-legal-estrategico-capaz-de-transformar-desafios-em-oportunidades-de-crescimento\/#primaryimage"},"thumbnailUrl":"http:\/\/maismagazine.pt\/wp-content\/uploads\/2025\/09\/2R3A4819.jpg","keywords":["ImoLawyers"],"articleSection":["Empreendedorismo","Imobili\u00e1rio"],"inLanguage":"pt-PT"},{"@type":"WebPage","@id":"http:\/\/maismagazine.pt\/index.php\/2025\/09\/26\/somos-um-verdadeiro-parceiro-legal-estrategico-capaz-de-transformar-desafios-em-oportunidades-de-crescimento\/","url":"http:\/\/maismagazine.pt\/index.php\/2025\/09\/26\/somos-um-verdadeiro-parceiro-legal-estrategico-capaz-de-transformar-desafios-em-oportunidades-de-crescimento\/","name":"\u201cSomos um verdadeiro parceiro legal estrat\u00e9gico, capaz de transformar desafios em oportunidades de crescimento\u201d - Mais Magazine","isPartOf":{"@id":"https:\/\/maismagazine.pt\/#website"},"primaryImageOfPage":{"@id":"http:\/\/maismagazine.pt\/index.php\/2025\/09\/26\/somos-um-verdadeiro-parceiro-legal-estrategico-capaz-de-transformar-desafios-em-oportunidades-de-crescimento\/#primaryimage"},"image":{"@id":"http:\/\/maismagazine.pt\/index.php\/2025\/09\/26\/somos-um-verdadeiro-parceiro-legal-estrategico-capaz-de-transformar-desafios-em-oportunidades-de-crescimento\/#primaryimage"},"thumbnailUrl":"http:\/\/maismagazine.pt\/wp-content\/uploads\/2025\/09\/2R3A4819.jpg","datePublished":"2025-09-26T06:00:00+00:00","description":"Determinada a transformar desafios em oportunidades, a advogada Marlise Guerreiro construiu uma carreira marcada pela paix\u00e3o pelo imobili\u00e1rio e pela vis\u00e3o estrat\u00e9gica no setor. Fundadora da ImoLawyers, alia mais de uma d\u00e9cada de experi\u00eancia em Direito e investimento \u00e0 paix\u00e3o por neg\u00f3cios, ajudando \u201cinvestidores e propriet\u00e1rios de alto valor que procuram solu\u00e7\u00f5es jur\u00eddicas completas\u201d.","breadcrumb":{"@id":"http:\/\/maismagazine.pt\/index.php\/2025\/09\/26\/somos-um-verdadeiro-parceiro-legal-estrategico-capaz-de-transformar-desafios-em-oportunidades-de-crescimento\/#breadcrumb"},"inLanguage":"pt-PT","potentialAction":[{"@type":"ReadAction","target":["http:\/\/maismagazine.pt\/index.php\/2025\/09\/26\/somos-um-verdadeiro-parceiro-legal-estrategico-capaz-de-transformar-desafios-em-oportunidades-de-crescimento\/"]}]},{"@type":"ImageObject","inLanguage":"pt-PT","@id":"http:\/\/maismagazine.pt\/index.php\/2025\/09\/26\/somos-um-verdadeiro-parceiro-legal-estrategico-capaz-de-transformar-desafios-em-oportunidades-de-crescimento\/#primaryimage","url":"http:\/\/maismagazine.pt\/wp-content\/uploads\/2025\/09\/2R3A4819.jpg","contentUrl":"http:\/\/maismagazine.pt\/wp-content\/uploads\/2025\/09\/2R3A4819.jpg","width":388,"height":485,"caption":"Evoto"},{"@type":"BreadcrumbList","@id":"http:\/\/maismagazine.pt\/index.php\/2025\/09\/26\/somos-um-verdadeiro-parceiro-legal-estrategico-capaz-de-transformar-desafios-em-oportunidades-de-crescimento\/#breadcrumb","itemListElement":[{"@type":"ListItem","position":1,"name":"Home","item":"https:\/\/maismagazine.pt\/"},{"@type":"ListItem","position":2,"name":"\u201cSomos um verdadeiro parceiro legal estrat\u00e9gico, capaz de transformar desafios em oportunidades de crescimento\u201d"}]},{"@type":"WebSite","@id":"https:\/\/maismagazine.pt\/#website","url":"https:\/\/maismagazine.pt\/","name":"Mais Magazine","description":"","publisher":{"@id":"https:\/\/maismagazine.pt\/#organization"},"potentialAction":[{"@type":"SearchAction","target":{"@type":"EntryPoint","urlTemplate":"https:\/\/maismagazine.pt\/?s={search_term_string}"},"query-input":{"@type":"PropertyValueSpecification","valueRequired":true,"valueName":"search_term_string"}}],"inLanguage":"pt-PT"},{"@type":"Organization","@id":"https:\/\/maismagazine.pt\/#organization","name":"Mais Magazine","url":"https:\/\/maismagazine.pt\/","logo":{"@type":"ImageObject","inLanguage":"pt-PT","@id":"https:\/\/maismagazine.pt\/#\/schema\/logo\/image\/","url":"http:\/\/maismagazine.pt\/wp-content\/uploads\/2020\/04\/cropped-cropped-mais-magazine-site-logo-2.png","contentUrl":"http:\/\/maismagazine.pt\/wp-content\/uploads\/2020\/04\/cropped-cropped-mais-magazine-site-logo-2.png","width":581,"height":90,"caption":"Mais Magazine"},"image":{"@id":"https:\/\/maismagazine.pt\/#\/schema\/logo\/image\/"}},{"@type":"Person","@id":"https:\/\/maismagazine.pt\/#\/schema\/person\/c6c5bfccc886434cbd11c74e035f9646","name":"Tiago Costa","image":{"@type":"ImageObject","inLanguage":"pt-PT","@id":"https:\/\/maismagazine.pt\/#\/schema\/person\/image\/","url":"https:\/\/secure.gravatar.com\/avatar\/c599b2bce16c9870429198cbad5ee022?s=96&d=mm&r=g","contentUrl":"https:\/\/secure.gravatar.com\/avatar\/c599b2bce16c9870429198cbad5ee022?s=96&d=mm&r=g","caption":"Tiago Costa"},"url":"http:\/\/maismagazine.pt\/index.php\/author\/tiago\/"}]}},"author_meta":{"display_name":false,"author_link":"http:\/\/maismagazine.pt\/index.php\/author\/tiago\/"},"featured_img":"http:\/\/maismagazine.pt\/wp-content\/uploads\/2025\/09\/2R3A4819-240x300.jpg","coauthors":[],"tax_additional":{"categories":{"linked":["<a href=\"http:\/\/maismagazine.pt\/index.php\/category\/empreendedorismo\/\" class=\"advgb-post-tax-term\">Empreendedorismo<\/a>","<a href=\"http:\/\/maismagazine.pt\/index.php\/category\/empreendedorismo\/imobiliario\/\" class=\"advgb-post-tax-term\">Imobili\u00e1rio<\/a>"],"unlinked":["<span class=\"advgb-post-tax-term\">Empreendedorismo<\/span>","<span class=\"advgb-post-tax-term\">Imobili\u00e1rio<\/span>"]},"tags":{"linked":["<a href=\"http:\/\/maismagazine.pt\/index.php\/category\/empreendedorismo\/imobiliario\/\" class=\"advgb-post-tax-term\">ImoLawyers<\/a>"],"unlinked":["<span class=\"advgb-post-tax-term\">ImoLawyers<\/span>"]}},"comment_count":"0","relative_dates":{"created":"Posted 7 meses ago","modified":"Updated 7 meses ago"},"absolute_dates":{"created":"Posted on 26 de Setembro, 2025","modified":"Updated on 23 de Setembro, 2025"},"absolute_dates_time":{"created":"Posted on 26 de Setembro, 2025 7:00","modified":"Updated on 23 de Setembro, 2025 11:14"},"featured_img_caption":"Evoto","series_order":"","_links":{"self":[{"href":"http:\/\/maismagazine.pt\/index.php\/wp-json\/wp\/v2\/posts\/12629","targetHints":{"allow":["GET"]}}],"collection":[{"href":"http:\/\/maismagazine.pt\/index.php\/wp-json\/wp\/v2\/posts"}],"about":[{"href":"http:\/\/maismagazine.pt\/index.php\/wp-json\/wp\/v2\/types\/post"}],"author":[{"embeddable":true,"href":"http:\/\/maismagazine.pt\/index.php\/wp-json\/wp\/v2\/users\/17"}],"replies":[{"embeddable":true,"href":"http:\/\/maismagazine.pt\/index.php\/wp-json\/wp\/v2\/comments?post=12629"}],"version-history":[{"count":2,"href":"http:\/\/maismagazine.pt\/index.php\/wp-json\/wp\/v2\/posts\/12629\/revisions"}],"predecessor-version":[{"id":12634,"href":"http:\/\/maismagazine.pt\/index.php\/wp-json\/wp\/v2\/posts\/12629\/revisions\/12634"}],"wp:featuredmedia":[{"embeddable":true,"href":"http:\/\/maismagazine.pt\/index.php\/wp-json\/wp\/v2\/media\/12632"}],"wp:attachment":[{"href":"http:\/\/maismagazine.pt\/index.php\/wp-json\/wp\/v2\/media?parent=12629"}],"wp:term":[{"taxonomy":"category","embeddable":true,"href":"http:\/\/maismagazine.pt\/index.php\/wp-json\/wp\/v2\/categories?post=12629"},{"taxonomy":"post_tag","embeddable":true,"href":"http:\/\/maismagazine.pt\/index.php\/wp-json\/wp\/v2\/tags?post=12629"}],"curies":[{"name":"wp","href":"https:\/\/api.w.org\/{rel}","templated":true}]}}