{"id":12623,"date":"2025-09-26T07:00:00","date_gmt":"2025-09-26T06:00:00","guid":{"rendered":"https:\/\/maismagazine.pt\/?p=12623"},"modified":"2025-09-23T11:15:22","modified_gmt":"2025-09-23T10:15:22","slug":"mais-do-que-um-cargo-um-proposito","status":"publish","type":"post","link":"http:\/\/maismagazine.pt\/index.php\/2025\/09\/26\/mais-do-que-um-cargo-um-proposito\/","title":{"rendered":"Mais do que um cargo, um prop\u00f3sito"},"content":{"rendered":"\n<p><strong>Margarida d\u2019Orey Cabral, Director of Development &amp; Planning da <a href=\"http:\/\/www.amora-vida.com\">Amora Vida<\/a>, fala-nos sobre este projeto que alia regenera\u00e7\u00e3o urbana sustent\u00e1vel, inova\u00e7\u00e3o e impacto positivo na Margem Sul. <\/strong><\/p>\n\n\n\n<p><\/p>\n\n\n\n<p><strong>Porque escolheu seguir Arquitetura?  <\/strong><\/p>\n\n\n\n<p>O que me atraiu na Arquitetura foi a possibilidade de poder transformar um simples esbo\u00e7o em algo concreto. Esse equil\u00edbrio entre sonhar e realizar fez com que a decis\u00e3o surgisse naturalmente. Desde cedo tive curiosidade em perceber como as cidades e os edif\u00edcios moldam a forma como vivemos, e a Arquitetura fascinou-me pela sua capacidade de atuar em v\u00e1rias escalas, integrar diferentes layers &#8211; f\u00edsicas, sociais, culturais e ambientais &#8211; e a devida articula\u00e7\u00e3o na transforma\u00e7\u00e3o urbana. <\/p>\n\n\n\n<p><\/p>\n\n\n\n<p><strong>Pode falar-nos sobre o projeto da Amora Vida e os principais desafios que enfrenta no dia a dia? <\/strong><\/p>\n\n\n\n<p>A Amora Vida, em parceria com a Surpora, est\u00e1 a liderar um investimento imobili\u00e1rio de refer\u00eancia na Quinta do Pa\u00e7o do Infante, uma propriedade com 19 hectares situada na Amora, Seixal. Trata-se de um projeto estruturante suportado por investimento internacional. O masterplan contempla cerca de 20.000 m\u00b2 de \u00e1rea bruta de constru\u00e7\u00e3o para habita\u00e7\u00e3o e servi\u00e7os, complementados por aproximadamente 5.000 m\u00b2 destinados a usos tur\u00edsticos. Este programa diversificado posiciona o projeto como um novo polo urbano de excel\u00eancia na \u00c1rea Metropolitana de Lisboa. Com capacidade para mais de 120 unidades residenciais, a par de servi\u00e7os e equipamentos tur\u00edsticos, trata-se de um dos \u00faltimos grandes ativos ribeirinhos dispon\u00edveis t\u00e3o pr\u00f3ximos da capital. A apenas 18 minutos do centro da cidade de Lisboa, \u00e9 servido por uma rede consolidada de acessibilidades rodovi\u00e1rias e de transportes p\u00fablicos. A rela\u00e7\u00e3o entre localiza\u00e7\u00e3o estrat\u00e9gica, dimens\u00e3o e escassez de oferta confere-lhe uma competitividade excecional no mercado metropolitano. Este projeto vem dar resposta a uma evid\u00eancia estrutural: o mercado habitacional no centro de Lisboa est\u00e1 hoje sobretudo orientado para investidores internacionais com elevado poder de compra, com valores que ultrapassam os 10.000 \u20ac\/m\u00b2 e afastam grande parte da procura nacional. Enquanto Lisboa j\u00e1 ultrapassou este patamar, a Margem Sul afirma-se como uma alternativa competitiva, com os novos empreendimentos a registarem pre\u00e7os m\u00e9dios em torno dos 3.600 \u20ac\/m\u00b2, de acordo com dados apurados pela nossa equipa de market research. Quadros m\u00e9dios e superiores, jovens profissionais qualificados e fam\u00edlias veem-se crescentemente exclu\u00eddos dos seus bairros de origem. O Seixal surge, assim, como uma alternativa natural e diferenciadora, oferecendo acessibilidade, qualidade de vida e elevado potencial de valoriza\u00e7\u00e3o.  <\/p>\n\n\n\n<p><\/p>\n\n\n\n<p>A estrat\u00e9gia da Amora Vida \u00e9 clara: desenvolver um produto distintivo para o segmento m\u00e9dio e m\u00e9dio\/alto, com uma oferta residencial premium marcada pela qualidade construtiva, efici\u00eancia energ\u00e9tica, conforto e sustentabilidade. O projeto valoriza a excel\u00eancia arquitet\u00f3nica e paisag\u00edstica, com o objetivo de afirmar uma nova refer\u00eancia urbana e dinamizar a regenera\u00e7\u00e3o qualificada de uma \u00e1rea at\u00e9 agora subaproveitada. Em paralelo, o projeto pretende integrar sistemas construtivos industrializados \u2013 como componentes pr\u00e9-fabricados e bet\u00e3o pr\u00e9-moldado \u2013 que visam assegurar rapidez de execu\u00e7\u00e3o, maior previsibilidade de custos e total conformidade com os crit\u00e9rios ESG.O desafio central reside na atual fase inicial do ciclo de vida do projeto: garantir o alinhamento com as entidades p\u00fablicas, gerir um enquadramento legal e regulamentar complexo e coordenar m\u00faltiplas equipas t\u00e9cnicas multidisciplinares. Este processo, embora exigente, \u00e9 precisamente o que permite mitigar riscos, assegurar robustez financeira e conferir a credibilidade necess\u00e1ria a um investimento imobili\u00e1rio de excel\u00eancia.  <\/p>\n\n\n\n<p><\/p>\n\n\n\n<p>Mais do que um desenvolvimento imobili\u00e1rio, a Amora Vida posiciona-se como um case study de regenera\u00e7\u00e3o urbana sustent\u00e1vel, alinhado com as melhores pr\u00e1ticas internacionais em placemaking. Representa uma oportunidade \u00fanica de gerar valor econ\u00f3mico, social e territorial, enquanto responde \u00e0 procura real e crescente por novas centralidades residenciais qualificadas na \u00c1rea Metropolitana de Lisboa. Este ativo estrat\u00e9gico, posicionado no cora\u00e7\u00e3o do pr\u00f3ximo corredor de crescimento de Lisboa, constitui uma oportunidade exclusiva de investimento para parceiros estrat\u00e9gicos que partilhem a nossa vis\u00e3o, seja no seu co-desenvolvimento ou na sua aquisi\u00e7\u00e3o.  <\/p>\n\n\n\n<p><\/p>\n\n\n\n<figure class=\"wp-block-gallery has-nested-images columns-default is-cropped wp-block-gallery-1 is-layout-flex wp-block-gallery-is-layout-flex\">\n<figure class=\"wp-block-image size-large\"><img loading=\"lazy\" decoding=\"async\" width=\"569\" height=\"318\" data-id=\"12624\" src=\"https:\/\/maismagazine.pt\/wp-content\/uploads\/2025\/09\/Captura-de-ecra-2024-10-22-as-18.33.28.png\" alt=\"\" class=\"wp-image-12624\" srcset=\"http:\/\/maismagazine.pt\/wp-content\/uploads\/2025\/09\/Captura-de-ecra-2024-10-22-as-18.33.28.png 569w, http:\/\/maismagazine.pt\/wp-content\/uploads\/2025\/09\/Captura-de-ecra-2024-10-22-as-18.33.28-300x168.png 300w\" sizes=\"auto, (max-width: 569px) 100vw, 569px\" \/><\/figure>\n\n\n\n<figure class=\"wp-block-image size-large\"><img loading=\"lazy\" decoding=\"async\" width=\"889\" height=\"497\" data-id=\"12625\" src=\"https:\/\/maismagazine.pt\/wp-content\/uploads\/2025\/09\/Captura-de-ecra-2024-10-22-as-18.34.17.png\" alt=\"\" class=\"wp-image-12625\" srcset=\"http:\/\/maismagazine.pt\/wp-content\/uploads\/2025\/09\/Captura-de-ecra-2024-10-22-as-18.34.17.png 889w, http:\/\/maismagazine.pt\/wp-content\/uploads\/2025\/09\/Captura-de-ecra-2024-10-22-as-18.34.17-300x168.png 300w, http:\/\/maismagazine.pt\/wp-content\/uploads\/2025\/09\/Captura-de-ecra-2024-10-22-as-18.34.17-768x429.png 768w\" sizes=\"auto, (max-width: 889px) 100vw, 889px\" \/><\/figure>\n<\/figure>\n\n\n\n<p><\/p>\n\n\n\n<p><\/p>\n\n\n\n<p><strong>\u00c9 tamb\u00e9m mentora e membro ativo da Wire Portugal \u2013 Women in Real Estate. Na sua perspetiva, que qualidades considera essenciais para que as mulheres consigam construir uma carreira de sucesso no setor imobili\u00e1rio?  <\/strong><\/p>\n\n\n\n<p>No setor imobili\u00e1rio, acredito que o sucesso das mulheres passa cada vez mais por compet\u00eancias que v\u00e3o al\u00e9m do conhecimento t\u00e9cnico. \u00c9 fundamental ter resili\u00eancia para navegar num mercado em constante transforma\u00e7\u00e3o, vis\u00e3o estrat\u00e9gica para antecipar ciclos e shifts urbanos, e lideran\u00e7a colaborativa capaz de alinhar m\u00faltiplos stakeholders. Mas o verdadeiro game changer est\u00e1 no capital social: redes de confian\u00e7a, mentoring estruturado e comunidades colaborativas que n\u00e3o s\u00f3 aceleram carreiras, como abrem portas a oportunidades \u00fanicas de crescimento pessoal e profissional. \u00c9 esta cultura de allyship e sponsorship que a Wire Portugal pretende promover e afirmar no mercado portugu\u00eas, colocando o talento feminino no centro da inova\u00e7\u00e3o e da sustentabilidade do setor. <\/p>\n\n\n\n<p><\/p>\n\n\n\n<p><strong>Onde se imagina dentro de cinco anos e quais os seus principais objetivos profissionais?  <\/strong><\/p>\n\n\n\n<p>Daqui a cinco anos, gostava sobretudo de ver concretizado este projeto ambicioso da Amora Vida, podendo contribuir assim ativamente para uma verdadeira regenera\u00e7\u00e3o urbana na Margem Sul. Para mim, seria a confirma\u00e7\u00e3o de que todo o trabalho desenvolvido at\u00e9 hoje &#8211; no planeamento, na articula\u00e7\u00e3o t\u00e9cnica e na vis\u00e3o estrat\u00e9gica &#8211; resultou numa transforma\u00e7\u00e3o real do territ\u00f3rio e da vida das pessoas. Mais do que um cargo ou um t\u00edtulo, o que ambiciono \u00e9 continuar a liderar projetos que me desafiem, que tragam inova\u00e7\u00e3o e impacto positivo. Se daqui a cinco anos puder olhar para este projeto realizado, sabendo que ajudei a criar uma nova centralidade residencial de qualidade e que consegui mobilizar equipas, investidores e entidades em torno de uma vis\u00e3o comum, vou sentir que cumpri o meu objetivo profissional. <\/p>\n\n\n\n<p><\/p>\n\n\n<div class=\"wp-block-image\">\n<figure class=\"aligncenter size-full is-resized\"><img loading=\"lazy\" decoding=\"async\" width=\"685\" height=\"103\" src=\"https:\/\/maismagazine.pt\/wp-content\/uploads\/2025\/09\/image-3.png\" alt=\"\" class=\"wp-image-12626\" style=\"width:738px;height:auto\" srcset=\"http:\/\/maismagazine.pt\/wp-content\/uploads\/2025\/09\/image-3.png 685w, http:\/\/maismagazine.pt\/wp-content\/uploads\/2025\/09\/image-3-300x45.png 300w\" sizes=\"auto, (max-width: 685px) 100vw, 685px\" \/><\/figure><\/div>","protected":false},"excerpt":{"rendered":"<p>Margarida d\u2019Orey Cabral, Director of Development &amp; Planning da Amora Vida, fala-nos sobre este projeto que alia regenera\u00e7\u00e3o urbana sustent\u00e1vel, inova\u00e7\u00e3o e impacto positivo na Margem Sul. Porque escolheu seguir Arquitetura? O que me atraiu na Arquitetura foi a possibilidade de poder transformar um simples esbo\u00e7o em algo concreto. Esse&hellip;<\/p>\n","protected":false},"author":17,"featured_media":12627,"comment_status":"closed","ping_status":"open","sticky":false,"template":"","format":"standard","meta":{"advgb_blocks_editor_width":"","advgb_blocks_columns_visual_guide":"","_monsterinsights_skip_tracking":false,"_monsterinsights_sitenote_active":false,"_monsterinsights_sitenote_note":"","_monsterinsights_sitenote_category":0,"footnotes":""},"categories":[6,137],"tags":[2434],"class_list":["post-12623","post","type-post","status-publish","format-standard","has-post-thumbnail","hentry","category-empreendedorismo","category-imobiliario","tag-amora-vida"],"yoast_head":"<!-- This site is optimized with the Yoast SEO plugin v24.4 - https:\/\/yoast.com\/wordpress\/plugins\/seo\/ -->\n<title>Mais do que um cargo, um prop\u00f3sito - Mais Magazine<\/title>\n<meta name=\"description\" content=\"Margarida d\u2019Orey Cabral, Director of Development &amp; Planning da Amora Vida, fala-nos sobre este projeto que alia regenera\u00e7\u00e3o urbana sustent\u00e1vel, inova\u00e7\u00e3o e impacto positivo na Margem Sul.\" \/>\n<meta name=\"robots\" content=\"index, follow, max-snippet:-1, max-image-preview:large, max-video-preview:-1\" \/>\n<link rel=\"canonical\" href=\"https:\/\/maismagazine.pt\/index.php\/2025\/09\/26\/mais-do-que-um-cargo-um-proposito\/\" \/>\n<meta property=\"og:locale\" content=\"pt_PT\" \/>\n<meta property=\"og:type\" content=\"article\" \/>\n<meta property=\"og:title\" content=\"Mais do que um cargo, um prop\u00f3sito - Mais Magazine\" \/>\n<meta property=\"og:description\" content=\"Margarida d\u2019Orey Cabral, Director of Development &amp; Planning da Amora Vida, fala-nos sobre este projeto que alia regenera\u00e7\u00e3o urbana sustent\u00e1vel, inova\u00e7\u00e3o e impacto positivo na Margem Sul.\" \/>\n<meta property=\"og:url\" content=\"https:\/\/maismagazine.pt\/index.php\/2025\/09\/26\/mais-do-que-um-cargo-um-proposito\/\" \/>\n<meta property=\"og:site_name\" content=\"Mais Magazine\" \/>\n<meta property=\"article:published_time\" content=\"2025-09-26T06:00:00+00:00\" \/>\n<meta property=\"og:image\" content=\"https:\/\/maismagazine.pt\/wp-content\/uploads\/2025\/09\/MC-02-1.jpg\" \/>\n\t<meta property=\"og:image:width\" content=\"409\" \/>\n\t<meta property=\"og:image:height\" content=\"614\" \/>\n\t<meta property=\"og:image:type\" content=\"image\/jpeg\" \/>\n<meta name=\"author\" content=\"Tiago Costa\" \/>\n<meta name=\"twitter:card\" content=\"summary_large_image\" \/>\n<meta name=\"twitter:label1\" content=\"Escrito por\" \/>\n\t<meta name=\"twitter:data1\" content=\"\" \/>\n\t<meta name=\"twitter:label2\" content=\"Tempo estimado de leitura\" \/>\n\t<meta name=\"twitter:data2\" content=\"6 minutos\" \/>\n<script type=\"application\/ld+json\" class=\"yoast-schema-graph\">{\"@context\":\"https:\/\/schema.org\",\"@graph\":[{\"@type\":\"Article\",\"@id\":\"https:\/\/maismagazine.pt\/index.php\/2025\/09\/26\/mais-do-que-um-cargo-um-proposito\/#article\",\"isPartOf\":{\"@id\":\"https:\/\/maismagazine.pt\/index.php\/2025\/09\/26\/mais-do-que-um-cargo-um-proposito\/\"},\"author\":{\"name\":\"Tiago Costa\",\"@id\":\"https:\/\/maismagazine.pt\/#\/schema\/person\/c6c5bfccc886434cbd11c74e035f9646\"},\"headline\":\"Mais do que um cargo, um prop\u00f3sito\",\"datePublished\":\"2025-09-26T06:00:00+00:00\",\"mainEntityOfPage\":{\"@id\":\"https:\/\/maismagazine.pt\/index.php\/2025\/09\/26\/mais-do-que-um-cargo-um-proposito\/\"},\"wordCount\":1015,\"publisher\":{\"@id\":\"https:\/\/maismagazine.pt\/#organization\"},\"image\":{\"@id\":\"https:\/\/maismagazine.pt\/index.php\/2025\/09\/26\/mais-do-que-um-cargo-um-proposito\/#primaryimage\"},\"thumbnailUrl\":\"http:\/\/maismagazine.pt\/wp-content\/uploads\/2025\/09\/MC-02-1.jpg\",\"keywords\":[\"Amora Vida\"],\"articleSection\":[\"Empreendedorismo\",\"Imobili\u00e1rio\"],\"inLanguage\":\"pt-PT\"},{\"@type\":\"WebPage\",\"@id\":\"https:\/\/maismagazine.pt\/index.php\/2025\/09\/26\/mais-do-que-um-cargo-um-proposito\/\",\"url\":\"https:\/\/maismagazine.pt\/index.php\/2025\/09\/26\/mais-do-que-um-cargo-um-proposito\/\",\"name\":\"Mais do que um cargo, um prop\u00f3sito - Mais Magazine\",\"isPartOf\":{\"@id\":\"https:\/\/maismagazine.pt\/#website\"},\"primaryImageOfPage\":{\"@id\":\"https:\/\/maismagazine.pt\/index.php\/2025\/09\/26\/mais-do-que-um-cargo-um-proposito\/#primaryimage\"},\"image\":{\"@id\":\"https:\/\/maismagazine.pt\/index.php\/2025\/09\/26\/mais-do-que-um-cargo-um-proposito\/#primaryimage\"},\"thumbnailUrl\":\"http:\/\/maismagazine.pt\/wp-content\/uploads\/2025\/09\/MC-02-1.jpg\",\"datePublished\":\"2025-09-26T06:00:00+00:00\",\"description\":\"Margarida d\u2019Orey Cabral, Director of Development & Planning da Amora Vida, fala-nos sobre este projeto que alia regenera\u00e7\u00e3o urbana sustent\u00e1vel, inova\u00e7\u00e3o e impacto positivo na Margem Sul.\",\"breadcrumb\":{\"@id\":\"https:\/\/maismagazine.pt\/index.php\/2025\/09\/26\/mais-do-que-um-cargo-um-proposito\/#breadcrumb\"},\"inLanguage\":\"pt-PT\",\"potentialAction\":[{\"@type\":\"ReadAction\",\"target\":[\"https:\/\/maismagazine.pt\/index.php\/2025\/09\/26\/mais-do-que-um-cargo-um-proposito\/\"]}]},{\"@type\":\"ImageObject\",\"inLanguage\":\"pt-PT\",\"@id\":\"https:\/\/maismagazine.pt\/index.php\/2025\/09\/26\/mais-do-que-um-cargo-um-proposito\/#primaryimage\",\"url\":\"http:\/\/maismagazine.pt\/wp-content\/uploads\/2025\/09\/MC-02-1.jpg\",\"contentUrl\":\"http:\/\/maismagazine.pt\/wp-content\/uploads\/2025\/09\/MC-02-1.jpg\",\"width\":409,\"height\":614},{\"@type\":\"BreadcrumbList\",\"@id\":\"https:\/\/maismagazine.pt\/index.php\/2025\/09\/26\/mais-do-que-um-cargo-um-proposito\/#breadcrumb\",\"itemListElement\":[{\"@type\":\"ListItem\",\"position\":1,\"name\":\"Home\",\"item\":\"https:\/\/maismagazine.pt\/\"},{\"@type\":\"ListItem\",\"position\":2,\"name\":\"Mais do que um cargo, um prop\u00f3sito\"}]},{\"@type\":\"WebSite\",\"@id\":\"https:\/\/maismagazine.pt\/#website\",\"url\":\"https:\/\/maismagazine.pt\/\",\"name\":\"Mais Magazine\",\"description\":\"\",\"publisher\":{\"@id\":\"https:\/\/maismagazine.pt\/#organization\"},\"potentialAction\":[{\"@type\":\"SearchAction\",\"target\":{\"@type\":\"EntryPoint\",\"urlTemplate\":\"https:\/\/maismagazine.pt\/?s={search_term_string}\"},\"query-input\":{\"@type\":\"PropertyValueSpecification\",\"valueRequired\":true,\"valueName\":\"search_term_string\"}}],\"inLanguage\":\"pt-PT\"},{\"@type\":\"Organization\",\"@id\":\"https:\/\/maismagazine.pt\/#organization\",\"name\":\"Mais Magazine\",\"url\":\"https:\/\/maismagazine.pt\/\",\"logo\":{\"@type\":\"ImageObject\",\"inLanguage\":\"pt-PT\",\"@id\":\"https:\/\/maismagazine.pt\/#\/schema\/logo\/image\/\",\"url\":\"http:\/\/maismagazine.pt\/wp-content\/uploads\/2020\/04\/cropped-cropped-mais-magazine-site-logo-2.png\",\"contentUrl\":\"http:\/\/maismagazine.pt\/wp-content\/uploads\/2020\/04\/cropped-cropped-mais-magazine-site-logo-2.png\",\"width\":581,\"height\":90,\"caption\":\"Mais Magazine\"},\"image\":{\"@id\":\"https:\/\/maismagazine.pt\/#\/schema\/logo\/image\/\"}},{\"@type\":\"Person\",\"@id\":\"https:\/\/maismagazine.pt\/#\/schema\/person\/c6c5bfccc886434cbd11c74e035f9646\",\"name\":\"Tiago Costa\",\"image\":{\"@type\":\"ImageObject\",\"inLanguage\":\"pt-PT\",\"@id\":\"https:\/\/maismagazine.pt\/#\/schema\/person\/image\/\",\"url\":\"https:\/\/secure.gravatar.com\/avatar\/c599b2bce16c9870429198cbad5ee022?s=96&d=mm&r=g\",\"contentUrl\":\"https:\/\/secure.gravatar.com\/avatar\/c599b2bce16c9870429198cbad5ee022?s=96&d=mm&r=g\",\"caption\":\"Tiago Costa\"},\"url\":\"http:\/\/maismagazine.pt\/index.php\/author\/tiago\/\"}]}<\/script>\n<!-- \/ Yoast SEO plugin. -->","yoast_head_json":{"title":"Mais do que um cargo, um prop\u00f3sito - Mais Magazine","description":"Margarida d\u2019Orey Cabral, Director of Development & Planning da Amora Vida, fala-nos sobre este projeto que alia regenera\u00e7\u00e3o urbana sustent\u00e1vel, inova\u00e7\u00e3o e impacto positivo na Margem Sul.","robots":{"index":"index","follow":"follow","max-snippet":"max-snippet:-1","max-image-preview":"max-image-preview:large","max-video-preview":"max-video-preview:-1"},"canonical":"https:\/\/maismagazine.pt\/index.php\/2025\/09\/26\/mais-do-que-um-cargo-um-proposito\/","og_locale":"pt_PT","og_type":"article","og_title":"Mais do que um cargo, um prop\u00f3sito - Mais Magazine","og_description":"Margarida d\u2019Orey Cabral, Director of Development & Planning da Amora Vida, fala-nos sobre este projeto que alia regenera\u00e7\u00e3o urbana sustent\u00e1vel, inova\u00e7\u00e3o e impacto positivo na Margem Sul.","og_url":"https:\/\/maismagazine.pt\/index.php\/2025\/09\/26\/mais-do-que-um-cargo-um-proposito\/","og_site_name":"Mais Magazine","article_published_time":"2025-09-26T06:00:00+00:00","og_image":[{"width":409,"height":614,"url":"https:\/\/maismagazine.pt\/wp-content\/uploads\/2025\/09\/MC-02-1.jpg","type":"image\/jpeg"}],"author":"Tiago Costa","twitter_card":"summary_large_image","twitter_misc":{"Escrito por":false,"Tempo estimado de leitura":"6 minutos"},"schema":{"@context":"https:\/\/schema.org","@graph":[{"@type":"Article","@id":"https:\/\/maismagazine.pt\/index.php\/2025\/09\/26\/mais-do-que-um-cargo-um-proposito\/#article","isPartOf":{"@id":"https:\/\/maismagazine.pt\/index.php\/2025\/09\/26\/mais-do-que-um-cargo-um-proposito\/"},"author":{"name":"Tiago Costa","@id":"https:\/\/maismagazine.pt\/#\/schema\/person\/c6c5bfccc886434cbd11c74e035f9646"},"headline":"Mais do que um cargo, um prop\u00f3sito","datePublished":"2025-09-26T06:00:00+00:00","mainEntityOfPage":{"@id":"https:\/\/maismagazine.pt\/index.php\/2025\/09\/26\/mais-do-que-um-cargo-um-proposito\/"},"wordCount":1015,"publisher":{"@id":"https:\/\/maismagazine.pt\/#organization"},"image":{"@id":"https:\/\/maismagazine.pt\/index.php\/2025\/09\/26\/mais-do-que-um-cargo-um-proposito\/#primaryimage"},"thumbnailUrl":"http:\/\/maismagazine.pt\/wp-content\/uploads\/2025\/09\/MC-02-1.jpg","keywords":["Amora Vida"],"articleSection":["Empreendedorismo","Imobili\u00e1rio"],"inLanguage":"pt-PT"},{"@type":"WebPage","@id":"https:\/\/maismagazine.pt\/index.php\/2025\/09\/26\/mais-do-que-um-cargo-um-proposito\/","url":"https:\/\/maismagazine.pt\/index.php\/2025\/09\/26\/mais-do-que-um-cargo-um-proposito\/","name":"Mais do que um cargo, um prop\u00f3sito - Mais Magazine","isPartOf":{"@id":"https:\/\/maismagazine.pt\/#website"},"primaryImageOfPage":{"@id":"https:\/\/maismagazine.pt\/index.php\/2025\/09\/26\/mais-do-que-um-cargo-um-proposito\/#primaryimage"},"image":{"@id":"https:\/\/maismagazine.pt\/index.php\/2025\/09\/26\/mais-do-que-um-cargo-um-proposito\/#primaryimage"},"thumbnailUrl":"http:\/\/maismagazine.pt\/wp-content\/uploads\/2025\/09\/MC-02-1.jpg","datePublished":"2025-09-26T06:00:00+00:00","description":"Margarida d\u2019Orey Cabral, Director of Development & Planning da Amora Vida, fala-nos sobre este projeto que alia regenera\u00e7\u00e3o urbana sustent\u00e1vel, inova\u00e7\u00e3o e impacto positivo na Margem Sul.","breadcrumb":{"@id":"https:\/\/maismagazine.pt\/index.php\/2025\/09\/26\/mais-do-que-um-cargo-um-proposito\/#breadcrumb"},"inLanguage":"pt-PT","potentialAction":[{"@type":"ReadAction","target":["https:\/\/maismagazine.pt\/index.php\/2025\/09\/26\/mais-do-que-um-cargo-um-proposito\/"]}]},{"@type":"ImageObject","inLanguage":"pt-PT","@id":"https:\/\/maismagazine.pt\/index.php\/2025\/09\/26\/mais-do-que-um-cargo-um-proposito\/#primaryimage","url":"http:\/\/maismagazine.pt\/wp-content\/uploads\/2025\/09\/MC-02-1.jpg","contentUrl":"http:\/\/maismagazine.pt\/wp-content\/uploads\/2025\/09\/MC-02-1.jpg","width":409,"height":614},{"@type":"BreadcrumbList","@id":"https:\/\/maismagazine.pt\/index.php\/2025\/09\/26\/mais-do-que-um-cargo-um-proposito\/#breadcrumb","itemListElement":[{"@type":"ListItem","position":1,"name":"Home","item":"https:\/\/maismagazine.pt\/"},{"@type":"ListItem","position":2,"name":"Mais do que um cargo, um prop\u00f3sito"}]},{"@type":"WebSite","@id":"https:\/\/maismagazine.pt\/#website","url":"https:\/\/maismagazine.pt\/","name":"Mais Magazine","description":"","publisher":{"@id":"https:\/\/maismagazine.pt\/#organization"},"potentialAction":[{"@type":"SearchAction","target":{"@type":"EntryPoint","urlTemplate":"https:\/\/maismagazine.pt\/?s={search_term_string}"},"query-input":{"@type":"PropertyValueSpecification","valueRequired":true,"valueName":"search_term_string"}}],"inLanguage":"pt-PT"},{"@type":"Organization","@id":"https:\/\/maismagazine.pt\/#organization","name":"Mais Magazine","url":"https:\/\/maismagazine.pt\/","logo":{"@type":"ImageObject","inLanguage":"pt-PT","@id":"https:\/\/maismagazine.pt\/#\/schema\/logo\/image\/","url":"http:\/\/maismagazine.pt\/wp-content\/uploads\/2020\/04\/cropped-cropped-mais-magazine-site-logo-2.png","contentUrl":"http:\/\/maismagazine.pt\/wp-content\/uploads\/2020\/04\/cropped-cropped-mais-magazine-site-logo-2.png","width":581,"height":90,"caption":"Mais Magazine"},"image":{"@id":"https:\/\/maismagazine.pt\/#\/schema\/logo\/image\/"}},{"@type":"Person","@id":"https:\/\/maismagazine.pt\/#\/schema\/person\/c6c5bfccc886434cbd11c74e035f9646","name":"Tiago Costa","image":{"@type":"ImageObject","inLanguage":"pt-PT","@id":"https:\/\/maismagazine.pt\/#\/schema\/person\/image\/","url":"https:\/\/secure.gravatar.com\/avatar\/c599b2bce16c9870429198cbad5ee022?s=96&d=mm&r=g","contentUrl":"https:\/\/secure.gravatar.com\/avatar\/c599b2bce16c9870429198cbad5ee022?s=96&d=mm&r=g","caption":"Tiago Costa"},"url":"http:\/\/maismagazine.pt\/index.php\/author\/tiago\/"}]}},"author_meta":{"display_name":false,"author_link":"http:\/\/maismagazine.pt\/index.php\/author\/tiago\/"},"featured_img":"http:\/\/maismagazine.pt\/wp-content\/uploads\/2025\/09\/MC-02-1-200x300.jpg","coauthors":[],"tax_additional":{"categories":{"linked":["<a href=\"http:\/\/maismagazine.pt\/index.php\/category\/empreendedorismo\/\" class=\"advgb-post-tax-term\">Empreendedorismo<\/a>","<a href=\"http:\/\/maismagazine.pt\/index.php\/category\/empreendedorismo\/imobiliario\/\" class=\"advgb-post-tax-term\">Imobili\u00e1rio<\/a>"],"unlinked":["<span class=\"advgb-post-tax-term\">Empreendedorismo<\/span>","<span class=\"advgb-post-tax-term\">Imobili\u00e1rio<\/span>"]},"tags":{"linked":["<a href=\"http:\/\/maismagazine.pt\/index.php\/category\/empreendedorismo\/imobiliario\/\" class=\"advgb-post-tax-term\">Amora Vida<\/a>"],"unlinked":["<span class=\"advgb-post-tax-term\">Amora Vida<\/span>"]}},"comment_count":"0","relative_dates":{"created":"Posted 7 meses ago","modified":"Updated 7 meses ago"},"absolute_dates":{"created":"Posted on 26 de Setembro, 2025","modified":"Updated on 23 de Setembro, 2025"},"absolute_dates_time":{"created":"Posted on 26 de Setembro, 2025 7:00","modified":"Updated on 23 de Setembro, 2025 11:15"},"featured_img_caption":"","series_order":"","_links":{"self":[{"href":"http:\/\/maismagazine.pt\/index.php\/wp-json\/wp\/v2\/posts\/12623","targetHints":{"allow":["GET"]}}],"collection":[{"href":"http:\/\/maismagazine.pt\/index.php\/wp-json\/wp\/v2\/posts"}],"about":[{"href":"http:\/\/maismagazine.pt\/index.php\/wp-json\/wp\/v2\/types\/post"}],"author":[{"embeddable":true,"href":"http:\/\/maismagazine.pt\/index.php\/wp-json\/wp\/v2\/users\/17"}],"replies":[{"embeddable":true,"href":"http:\/\/maismagazine.pt\/index.php\/wp-json\/wp\/v2\/comments?post=12623"}],"version-history":[{"count":1,"href":"http:\/\/maismagazine.pt\/index.php\/wp-json\/wp\/v2\/posts\/12623\/revisions"}],"predecessor-version":[{"id":12628,"href":"http:\/\/maismagazine.pt\/index.php\/wp-json\/wp\/v2\/posts\/12623\/revisions\/12628"}],"wp:featuredmedia":[{"embeddable":true,"href":"http:\/\/maismagazine.pt\/index.php\/wp-json\/wp\/v2\/media\/12627"}],"wp:attachment":[{"href":"http:\/\/maismagazine.pt\/index.php\/wp-json\/wp\/v2\/media?parent=12623"}],"wp:term":[{"taxonomy":"category","embeddable":true,"href":"http:\/\/maismagazine.pt\/index.php\/wp-json\/wp\/v2\/categories?post=12623"},{"taxonomy":"post_tag","embeddable":true,"href":"http:\/\/maismagazine.pt\/index.php\/wp-json\/wp\/v2\/tags?post=12623"}],"curies":[{"name":"wp","href":"https:\/\/api.w.org\/{rel}","templated":true}]}}