{"id":12576,"date":"2025-09-26T07:00:00","date_gmt":"2025-09-26T06:00:00","guid":{"rendered":"https:\/\/maismagazine.pt\/?p=12576"},"modified":"2025-09-23T11:11:43","modified_gmt":"2025-09-23T10:11:43","slug":"mulheres-no-imobiliario","status":"publish","type":"post","link":"http:\/\/maismagazine.pt\/index.php\/2025\/09\/26\/mulheres-no-imobiliario\/","title":{"rendered":"Mulheres no imobili\u00e1rio"},"content":{"rendered":"\n<p>A <a href=\"\/www.wireportugal.com\">Associa\u00e7\u00e3o Women in Real Estate Portugal (WIRE) <\/a>foi constitu\u00edda na sede da APPII, no dia 23 de fevereiro de 2022, por um grupo de dezanove mulheres de v\u00e1rias \u00e1reas do imobili\u00e1rio. Hoje somos noventa e oito, um crescimento not\u00e1vel! A WIRE \u00e9 uma associa\u00e7\u00e3o que tem como objetivo aumentar a visibilidade das mulheres no setor do imobili\u00e1rio e da constru\u00e7\u00e3o, impulsionando a sua representatividade e defesa dos seus interesses, posicionando-as como participantes ativas e de refer\u00eancia nestes setores. Importa salientar que todas as associadas da WIRE tem cargos de Dire\u00e7\u00e3o e C level em todas as \u00e1reas do imobili\u00e1rio e constru\u00e7\u00e3o, s\u00e3o profissionais de excel\u00eancia, do melhor que Portugal tem. N\u00e3o somos a favor de quotas, mas a favor do m\u00e9rito em igualdade de circunst\u00e2ncias. Apesar da crescente participa\u00e7\u00e3o das mulheres em cargos de decis\u00e3o, n\u00e3o h\u00e1 d\u00favidas que ainda \u00e9 inferior \u00e0 dos homens. A grande maioria dos cargos de CEO e administra\u00e7\u00e3o s\u00e3o ocupadas por homens e n\u00e3o por mulheres.  <\/p>\n\n\n\n<p><\/p>\n\n\n\n<p>Por outro lado, qualquer destas atividades exigem disponibilidade e flexibilidade, o que \u00e9 sem d\u00favida um desafio para as mulheres que querem tamb\u00e9m ter disponibilidade para os seus filhos. Existem ainda muitas empresas que n\u00e3o est\u00e3o dispon\u00edveis para criar a flexibilidade necess\u00e1ria para as mulheres conseguirem coordenar a sua vida familiar com a sua vida profissional e atingir o auge na sua carreira profissional. Por isso, cada vez mais mulheres criam os seus pr\u00f3prios neg\u00f3cios, assumindo elas pr\u00f3prias o risco inerente e prescindindo de carreiras de sucesso em grandes empresas.     <\/p>\n\n\n\n<p><\/p>\n\n\n\n<p>O mercado imobili\u00e1rio est\u00e1 em grande transforma\u00e7\u00e3o digital e s\u00e3o muitas as mulheres que se t\u00eam destacado nesta \u00e1rea adotando novas tecnologias e inova\u00e7\u00e3o, para melhorar a sua capacidade de trabalho e otimizar os processos que t\u00eam em m\u00e3os em benef\u00edcio dos clientes. A sustentabilidade dos projetos imobili\u00e1rios \u00e9 cada vez mais uma realidade que faz parte integrante deste setor e h\u00e1 sem d\u00favida muitas mulheres interessadas na sustentabilidade do imobili\u00e1rio e que est\u00e3o a liderar este movimento. O mesmo acontece no mercado de luxo e bem-estar, uma \u00e1rea tamb\u00e9m cada vez mais importante e tamb\u00e9m liderada na grande maioria por mulheres. A verdade \u00e9 que as mulheres t\u00eam uma capacidade e intui\u00e7\u00e3o nesta \u00e1rea que os homens n\u00e3o t\u00eam.  <\/p>\n\n\n\n<p><\/p>\n\n\n\n<p>N\u00e3o tenho d\u00favidas que a lideran\u00e7a das mulheres est\u00e1 em ascens\u00e3o, mas h\u00e1 ainda um longo caminho a percorrer. A WIRE existe para isso mesmo: ajudar as mulheres a terem cada vez mais confian\u00e7a nelas pr\u00f3prias, aprenderem a liderar sem receio, darem livremente as suas opini\u00f5es, serem ouvidas pela administra\u00e7\u00e3o central e local em tudo que diga respeito ao setor imobili\u00e1rio e da constru\u00e7\u00e3o. N\u00e3o queremos ver pain\u00e9is s\u00f3 de homens a falarem entre eles, a opini\u00e3o das mulheres \u00e9 muitas vezes diferente e faz falta. S\u00f3 assim, vamos conseguir a mudan\u00e7a que todos queremos.  <\/p>\n\n\n\n<p><\/p>\n\n\n\n<p>A WIRE faz tamb\u00e9m um trabalho muito importante de mentoring com o objetivo de acelerar o desenvolvimento profissional destas mulheres jovens, proporcionando-lhes uma orienta\u00e7\u00e3o especializada para superar desafios espec\u00edficos do setor, fomentar capacidade de lideran\u00e7a, fortalecer a sua confian\u00e7a, promovendo a igualdade de oportunidades.  <\/p>\n\n\n\n<p> <\/p>\n\n\n\n<p>H\u00e1 muito a fazer, mas \u00e9 preciso coragem e foco nos principais problemas do pa\u00eds. A WIRE tem feito a sua parte.  <\/p>\n\n\n\n<p> <\/p>\n\n\n\n<p class=\"has-text-align-right\"><em>Filipa Arantes Pedroso, Presidente da WIRE Portugal<\/em><\/p>\n\n\n\n<p class=\"has-text-align-right\"><\/p>\n\n\n<div class=\"wp-block-image\">\n<figure class=\"aligncenter size-large is-resized\"><img loading=\"lazy\" decoding=\"async\" width=\"842\" height=\"1024\" src=\"https:\/\/maismagazine.pt\/wp-content\/uploads\/2025\/09\/WIRE-842x1024.png\" alt=\"\" class=\"wp-image-12578\" style=\"width:174px;height:auto\" srcset=\"http:\/\/maismagazine.pt\/wp-content\/uploads\/2025\/09\/WIRE-842x1024.png 842w, http:\/\/maismagazine.pt\/wp-content\/uploads\/2025\/09\/WIRE-247x300.png 247w, http:\/\/maismagazine.pt\/wp-content\/uploads\/2025\/09\/WIRE-768x934.png 768w, http:\/\/maismagazine.pt\/wp-content\/uploads\/2025\/09\/WIRE-1264x1536.png 1264w, http:\/\/maismagazine.pt\/wp-content\/uploads\/2025\/09\/WIRE-1685x2048.png 1685w\" sizes=\"auto, (max-width: 842px) 100vw, 842px\" \/><\/figure><\/div>","protected":false},"excerpt":{"rendered":"<p>A Associa\u00e7\u00e3o Women in Real Estate Portugal (WIRE) foi constitu\u00edda na sede da APPII, no dia 23 de fevereiro de 2022, por um grupo de dezanove mulheres de v\u00e1rias \u00e1reas do imobili\u00e1rio. Hoje somos noventa e oito, um crescimento not\u00e1vel! A WIRE \u00e9 uma associa\u00e7\u00e3o que tem como objetivo aumentar&hellip;<\/p>\n","protected":false},"author":17,"featured_media":12580,"comment_status":"closed","ping_status":"open","sticky":false,"template":"","format":"standard","meta":{"advgb_blocks_editor_width":"","advgb_blocks_columns_visual_guide":"","_monsterinsights_skip_tracking":false,"_monsterinsights_sitenote_active":false,"_monsterinsights_sitenote_note":"","_monsterinsights_sitenote_category":0,"footnotes":""},"categories":[52,137,51],"tags":[2430],"class_list":["post-12576","post","type-post","status-publish","format-standard","has-post-thumbnail","hentry","category-destaque","category-imobiliario","category-opiniao","tag-wire"],"yoast_head":"<!-- This site is optimized with the Yoast SEO plugin v24.4 - https:\/\/yoast.com\/wordpress\/plugins\/seo\/ -->\n<title>Mulheres no imobili\u00e1rio - Mais Magazine<\/title>\n<meta name=\"description\" content=\"A Associa\u00e7\u00e3o Women in Real Estate Portugal (WIRE) foi constitu\u00edda na sede da APPII, no dia 23 de fevereiro de 2022, por um grupo de dezanove mulheres de v\u00e1rias \u00e1reas do imobili\u00e1rio. Hoje somos noventa e oito, um crescimento not\u00e1vel! A WIRE \u00e9 uma associa\u00e7\u00e3o que tem como objetivo aumentar a visibilidade das mulheres no setor do imobili\u00e1rio e da constru\u00e7\u00e3o, impulsionando a sua representatividade e defesa dos seus interesses, posicionando-as como participantes ativas e de refer\u00eancia nestes setores. Importa salientar que todas as associadas da WIRE tem cargos de Dire\u00e7\u00e3o e C level em todas as \u00e1reas do imobili\u00e1rio e constru\u00e7\u00e3o, s\u00e3o profissionais de excel\u00eancia, do melhor que Portugal tem. N\u00e3o somos a favor de quotas, mas a favor do m\u00e9rito em igualdade de circunst\u00e2ncias. Apesar da crescente participa\u00e7\u00e3o das mulheres em cargos de decis\u00e3o, n\u00e3o h\u00e1 d\u00favidas que ainda \u00e9 inferior \u00e0 dos homens. A grande maioria dos cargos de CEO e administra\u00e7\u00e3o s\u00e3o ocupadas por homens e n\u00e3o por mulheres.\" \/>\n<meta name=\"robots\" content=\"index, follow, max-snippet:-1, max-image-preview:large, max-video-preview:-1\" \/>\n<link rel=\"canonical\" href=\"http:\/\/maismagazine.pt\/index.php\/2025\/09\/26\/mulheres-no-imobiliario\/\" \/>\n<meta property=\"og:locale\" content=\"pt_PT\" \/>\n<meta property=\"og:type\" content=\"article\" \/>\n<meta property=\"og:title\" content=\"Mulheres no imobili\u00e1rio - Mais Magazine\" \/>\n<meta property=\"og:description\" content=\"A Associa\u00e7\u00e3o Women in Real Estate Portugal (WIRE) foi constitu\u00edda na sede da APPII, no dia 23 de fevereiro de 2022, por um grupo de dezanove mulheres de v\u00e1rias \u00e1reas do imobili\u00e1rio. Hoje somos noventa e oito, um crescimento not\u00e1vel! A WIRE \u00e9 uma associa\u00e7\u00e3o que tem como objetivo aumentar a visibilidade das mulheres no setor do imobili\u00e1rio e da constru\u00e7\u00e3o, impulsionando a sua representatividade e defesa dos seus interesses, posicionando-as como participantes ativas e de refer\u00eancia nestes setores. Importa salientar que todas as associadas da WIRE tem cargos de Dire\u00e7\u00e3o e C level em todas as \u00e1reas do imobili\u00e1rio e constru\u00e7\u00e3o, s\u00e3o profissionais de excel\u00eancia, do melhor que Portugal tem. N\u00e3o somos a favor de quotas, mas a favor do m\u00e9rito em igualdade de circunst\u00e2ncias. Apesar da crescente participa\u00e7\u00e3o das mulheres em cargos de decis\u00e3o, n\u00e3o h\u00e1 d\u00favidas que ainda \u00e9 inferior \u00e0 dos homens. A grande maioria dos cargos de CEO e administra\u00e7\u00e3o s\u00e3o ocupadas por homens e n\u00e3o por mulheres.\" \/>\n<meta property=\"og:url\" content=\"http:\/\/maismagazine.pt\/index.php\/2025\/09\/26\/mulheres-no-imobiliario\/\" \/>\n<meta property=\"og:site_name\" content=\"Mais Magazine\" \/>\n<meta property=\"article:published_time\" content=\"2025-09-26T06:00:00+00:00\" \/>\n<meta property=\"og:image\" content=\"http:\/\/maismagazine.pt\/wp-content\/uploads\/2025\/09\/JLegal_FilipaArantesPedroso_187-1.jpg\" \/>\n\t<meta property=\"og:image:width\" content=\"382\" \/>\n\t<meta property=\"og:image:height\" content=\"546\" \/>\n\t<meta property=\"og:image:type\" content=\"image\/jpeg\" \/>\n<meta name=\"author\" content=\"Tiago Costa\" \/>\n<meta name=\"twitter:card\" content=\"summary_large_image\" \/>\n<meta name=\"twitter:label1\" content=\"Escrito por\" \/>\n\t<meta name=\"twitter:data1\" content=\"\" \/>\n\t<meta name=\"twitter:label2\" content=\"Tempo estimado de leitura\" \/>\n\t<meta name=\"twitter:data2\" content=\"4 minutos\" \/>\n<script type=\"application\/ld+json\" class=\"yoast-schema-graph\">{\"@context\":\"https:\/\/schema.org\",\"@graph\":[{\"@type\":\"Article\",\"@id\":\"http:\/\/maismagazine.pt\/index.php\/2025\/09\/26\/mulheres-no-imobiliario\/#article\",\"isPartOf\":{\"@id\":\"http:\/\/maismagazine.pt\/index.php\/2025\/09\/26\/mulheres-no-imobiliario\/\"},\"author\":{\"name\":\"Tiago Costa\",\"@id\":\"http:\/\/maismagazine.pt\/#\/schema\/person\/c6c5bfccc886434cbd11c74e035f9646\"},\"headline\":\"Mulheres no imobili\u00e1rio\",\"datePublished\":\"2025-09-26T06:00:00+00:00\",\"mainEntityOfPage\":{\"@id\":\"http:\/\/maismagazine.pt\/index.php\/2025\/09\/26\/mulheres-no-imobiliario\/\"},\"wordCount\":606,\"publisher\":{\"@id\":\"http:\/\/maismagazine.pt\/#organization\"},\"image\":{\"@id\":\"http:\/\/maismagazine.pt\/index.php\/2025\/09\/26\/mulheres-no-imobiliario\/#primaryimage\"},\"thumbnailUrl\":\"http:\/\/maismagazine.pt\/wp-content\/uploads\/2025\/09\/JLegal_FilipaArantesPedroso_187-1.jpg\",\"keywords\":[\"WIRE\"],\"articleSection\":[\"Destaque lateral\",\"Imobili\u00e1rio\",\"Opini\u00e3o\"],\"inLanguage\":\"pt-PT\"},{\"@type\":\"WebPage\",\"@id\":\"http:\/\/maismagazine.pt\/index.php\/2025\/09\/26\/mulheres-no-imobiliario\/\",\"url\":\"http:\/\/maismagazine.pt\/index.php\/2025\/09\/26\/mulheres-no-imobiliario\/\",\"name\":\"Mulheres no imobili\u00e1rio - Mais Magazine\",\"isPartOf\":{\"@id\":\"http:\/\/maismagazine.pt\/#website\"},\"primaryImageOfPage\":{\"@id\":\"http:\/\/maismagazine.pt\/index.php\/2025\/09\/26\/mulheres-no-imobiliario\/#primaryimage\"},\"image\":{\"@id\":\"http:\/\/maismagazine.pt\/index.php\/2025\/09\/26\/mulheres-no-imobiliario\/#primaryimage\"},\"thumbnailUrl\":\"http:\/\/maismagazine.pt\/wp-content\/uploads\/2025\/09\/JLegal_FilipaArantesPedroso_187-1.jpg\",\"datePublished\":\"2025-09-26T06:00:00+00:00\",\"description\":\"A Associa\u00e7\u00e3o Women in Real Estate Portugal (WIRE) foi constitu\u00edda na sede da APPII, no dia 23 de fevereiro de 2022, por um grupo de dezanove mulheres de v\u00e1rias \u00e1reas do imobili\u00e1rio. Hoje somos noventa e oito, um crescimento not\u00e1vel! A WIRE \u00e9 uma associa\u00e7\u00e3o que tem como objetivo aumentar a visibilidade das mulheres no setor do imobili\u00e1rio e da constru\u00e7\u00e3o, impulsionando a sua representatividade e defesa dos seus interesses, posicionando-as como participantes ativas e de refer\u00eancia nestes setores. Importa salientar que todas as associadas da WIRE tem cargos de Dire\u00e7\u00e3o e C level em todas as \u00e1reas do imobili\u00e1rio e constru\u00e7\u00e3o, s\u00e3o profissionais de excel\u00eancia, do melhor que Portugal tem. N\u00e3o somos a favor de quotas, mas a favor do m\u00e9rito em igualdade de circunst\u00e2ncias. Apesar da crescente participa\u00e7\u00e3o das mulheres em cargos de decis\u00e3o, n\u00e3o h\u00e1 d\u00favidas que ainda \u00e9 inferior \u00e0 dos homens. A grande maioria dos cargos de CEO e administra\u00e7\u00e3o s\u00e3o ocupadas por homens e n\u00e3o por mulheres.\",\"breadcrumb\":{\"@id\":\"http:\/\/maismagazine.pt\/index.php\/2025\/09\/26\/mulheres-no-imobiliario\/#breadcrumb\"},\"inLanguage\":\"pt-PT\",\"potentialAction\":[{\"@type\":\"ReadAction\",\"target\":[\"http:\/\/maismagazine.pt\/index.php\/2025\/09\/26\/mulheres-no-imobiliario\/\"]}]},{\"@type\":\"ImageObject\",\"inLanguage\":\"pt-PT\",\"@id\":\"http:\/\/maismagazine.pt\/index.php\/2025\/09\/26\/mulheres-no-imobiliario\/#primaryimage\",\"url\":\"http:\/\/maismagazine.pt\/wp-content\/uploads\/2025\/09\/JLegal_FilipaArantesPedroso_187-1.jpg\",\"contentUrl\":\"http:\/\/maismagazine.pt\/wp-content\/uploads\/2025\/09\/JLegal_FilipaArantesPedroso_187-1.jpg\",\"width\":382,\"height\":546},{\"@type\":\"BreadcrumbList\",\"@id\":\"http:\/\/maismagazine.pt\/index.php\/2025\/09\/26\/mulheres-no-imobiliario\/#breadcrumb\",\"itemListElement\":[{\"@type\":\"ListItem\",\"position\":1,\"name\":\"Home\",\"item\":\"http:\/\/maismagazine.pt\/\"},{\"@type\":\"ListItem\",\"position\":2,\"name\":\"Mulheres no imobili\u00e1rio\"}]},{\"@type\":\"WebSite\",\"@id\":\"http:\/\/maismagazine.pt\/#website\",\"url\":\"http:\/\/maismagazine.pt\/\",\"name\":\"Mais Magazine\",\"description\":\"\",\"publisher\":{\"@id\":\"http:\/\/maismagazine.pt\/#organization\"},\"potentialAction\":[{\"@type\":\"SearchAction\",\"target\":{\"@type\":\"EntryPoint\",\"urlTemplate\":\"http:\/\/maismagazine.pt\/?s={search_term_string}\"},\"query-input\":{\"@type\":\"PropertyValueSpecification\",\"valueRequired\":true,\"valueName\":\"search_term_string\"}}],\"inLanguage\":\"pt-PT\"},{\"@type\":\"Organization\",\"@id\":\"http:\/\/maismagazine.pt\/#organization\",\"name\":\"Mais Magazine\",\"url\":\"http:\/\/maismagazine.pt\/\",\"logo\":{\"@type\":\"ImageObject\",\"inLanguage\":\"pt-PT\",\"@id\":\"http:\/\/maismagazine.pt\/#\/schema\/logo\/image\/\",\"url\":\"http:\/\/maismagazine.pt\/wp-content\/uploads\/2020\/04\/cropped-cropped-mais-magazine-site-logo-2.png\",\"contentUrl\":\"http:\/\/maismagazine.pt\/wp-content\/uploads\/2020\/04\/cropped-cropped-mais-magazine-site-logo-2.png\",\"width\":581,\"height\":90,\"caption\":\"Mais Magazine\"},\"image\":{\"@id\":\"http:\/\/maismagazine.pt\/#\/schema\/logo\/image\/\"}},{\"@type\":\"Person\",\"@id\":\"http:\/\/maismagazine.pt\/#\/schema\/person\/c6c5bfccc886434cbd11c74e035f9646\",\"name\":\"Tiago Costa\",\"image\":{\"@type\":\"ImageObject\",\"inLanguage\":\"pt-PT\",\"@id\":\"http:\/\/maismagazine.pt\/#\/schema\/person\/image\/\",\"url\":\"https:\/\/secure.gravatar.com\/avatar\/c599b2bce16c9870429198cbad5ee022?s=96&d=mm&r=g\",\"contentUrl\":\"https:\/\/secure.gravatar.com\/avatar\/c599b2bce16c9870429198cbad5ee022?s=96&d=mm&r=g\",\"caption\":\"Tiago Costa\"},\"url\":\"http:\/\/maismagazine.pt\/index.php\/author\/tiago\/\"}]}<\/script>\n<!-- \/ Yoast SEO plugin. -->","yoast_head_json":{"title":"Mulheres no imobili\u00e1rio - Mais Magazine","description":"A Associa\u00e7\u00e3o Women in Real Estate Portugal (WIRE) foi constitu\u00edda na sede da APPII, no dia 23 de fevereiro de 2022, por um grupo de dezanove mulheres de v\u00e1rias \u00e1reas do imobili\u00e1rio. Hoje somos noventa e oito, um crescimento not\u00e1vel! A WIRE \u00e9 uma associa\u00e7\u00e3o que tem como objetivo aumentar a visibilidade das mulheres no setor do imobili\u00e1rio e da constru\u00e7\u00e3o, impulsionando a sua representatividade e defesa dos seus interesses, posicionando-as como participantes ativas e de refer\u00eancia nestes setores. Importa salientar que todas as associadas da WIRE tem cargos de Dire\u00e7\u00e3o e C level em todas as \u00e1reas do imobili\u00e1rio e constru\u00e7\u00e3o, s\u00e3o profissionais de excel\u00eancia, do melhor que Portugal tem. N\u00e3o somos a favor de quotas, mas a favor do m\u00e9rito em igualdade de circunst\u00e2ncias. Apesar da crescente participa\u00e7\u00e3o das mulheres em cargos de decis\u00e3o, n\u00e3o h\u00e1 d\u00favidas que ainda \u00e9 inferior \u00e0 dos homens. A grande maioria dos cargos de CEO e administra\u00e7\u00e3o s\u00e3o ocupadas por homens e n\u00e3o por mulheres.","robots":{"index":"index","follow":"follow","max-snippet":"max-snippet:-1","max-image-preview":"max-image-preview:large","max-video-preview":"max-video-preview:-1"},"canonical":"http:\/\/maismagazine.pt\/index.php\/2025\/09\/26\/mulheres-no-imobiliario\/","og_locale":"pt_PT","og_type":"article","og_title":"Mulheres no imobili\u00e1rio - Mais Magazine","og_description":"A Associa\u00e7\u00e3o Women in Real Estate Portugal (WIRE) foi constitu\u00edda na sede da APPII, no dia 23 de fevereiro de 2022, por um grupo de dezanove mulheres de v\u00e1rias \u00e1reas do imobili\u00e1rio. Hoje somos noventa e oito, um crescimento not\u00e1vel! A WIRE \u00e9 uma associa\u00e7\u00e3o que tem como objetivo aumentar a visibilidade das mulheres no setor do imobili\u00e1rio e da constru\u00e7\u00e3o, impulsionando a sua representatividade e defesa dos seus interesses, posicionando-as como participantes ativas e de refer\u00eancia nestes setores. Importa salientar que todas as associadas da WIRE tem cargos de Dire\u00e7\u00e3o e C level em todas as \u00e1reas do imobili\u00e1rio e constru\u00e7\u00e3o, s\u00e3o profissionais de excel\u00eancia, do melhor que Portugal tem. N\u00e3o somos a favor de quotas, mas a favor do m\u00e9rito em igualdade de circunst\u00e2ncias. Apesar da crescente participa\u00e7\u00e3o das mulheres em cargos de decis\u00e3o, n\u00e3o h\u00e1 d\u00favidas que ainda \u00e9 inferior \u00e0 dos homens. A grande maioria dos cargos de CEO e administra\u00e7\u00e3o s\u00e3o ocupadas por homens e n\u00e3o por mulheres.","og_url":"http:\/\/maismagazine.pt\/index.php\/2025\/09\/26\/mulheres-no-imobiliario\/","og_site_name":"Mais Magazine","article_published_time":"2025-09-26T06:00:00+00:00","og_image":[{"width":382,"height":546,"url":"http:\/\/maismagazine.pt\/wp-content\/uploads\/2025\/09\/JLegal_FilipaArantesPedroso_187-1.jpg","type":"image\/jpeg"}],"author":"Tiago Costa","twitter_card":"summary_large_image","twitter_misc":{"Escrito por":false,"Tempo estimado de leitura":"4 minutos"},"schema":{"@context":"https:\/\/schema.org","@graph":[{"@type":"Article","@id":"http:\/\/maismagazine.pt\/index.php\/2025\/09\/26\/mulheres-no-imobiliario\/#article","isPartOf":{"@id":"http:\/\/maismagazine.pt\/index.php\/2025\/09\/26\/mulheres-no-imobiliario\/"},"author":{"name":"Tiago Costa","@id":"http:\/\/maismagazine.pt\/#\/schema\/person\/c6c5bfccc886434cbd11c74e035f9646"},"headline":"Mulheres no imobili\u00e1rio","datePublished":"2025-09-26T06:00:00+00:00","mainEntityOfPage":{"@id":"http:\/\/maismagazine.pt\/index.php\/2025\/09\/26\/mulheres-no-imobiliario\/"},"wordCount":606,"publisher":{"@id":"http:\/\/maismagazine.pt\/#organization"},"image":{"@id":"http:\/\/maismagazine.pt\/index.php\/2025\/09\/26\/mulheres-no-imobiliario\/#primaryimage"},"thumbnailUrl":"http:\/\/maismagazine.pt\/wp-content\/uploads\/2025\/09\/JLegal_FilipaArantesPedroso_187-1.jpg","keywords":["WIRE"],"articleSection":["Destaque lateral","Imobili\u00e1rio","Opini\u00e3o"],"inLanguage":"pt-PT"},{"@type":"WebPage","@id":"http:\/\/maismagazine.pt\/index.php\/2025\/09\/26\/mulheres-no-imobiliario\/","url":"http:\/\/maismagazine.pt\/index.php\/2025\/09\/26\/mulheres-no-imobiliario\/","name":"Mulheres no imobili\u00e1rio - Mais Magazine","isPartOf":{"@id":"http:\/\/maismagazine.pt\/#website"},"primaryImageOfPage":{"@id":"http:\/\/maismagazine.pt\/index.php\/2025\/09\/26\/mulheres-no-imobiliario\/#primaryimage"},"image":{"@id":"http:\/\/maismagazine.pt\/index.php\/2025\/09\/26\/mulheres-no-imobiliario\/#primaryimage"},"thumbnailUrl":"http:\/\/maismagazine.pt\/wp-content\/uploads\/2025\/09\/JLegal_FilipaArantesPedroso_187-1.jpg","datePublished":"2025-09-26T06:00:00+00:00","description":"A Associa\u00e7\u00e3o Women in Real Estate Portugal (WIRE) foi constitu\u00edda na sede da APPII, no dia 23 de fevereiro de 2022, por um grupo de dezanove mulheres de v\u00e1rias \u00e1reas do imobili\u00e1rio. Hoje somos noventa e oito, um crescimento not\u00e1vel! A WIRE \u00e9 uma associa\u00e7\u00e3o que tem como objetivo aumentar a visibilidade das mulheres no setor do imobili\u00e1rio e da constru\u00e7\u00e3o, impulsionando a sua representatividade e defesa dos seus interesses, posicionando-as como participantes ativas e de refer\u00eancia nestes setores. Importa salientar que todas as associadas da WIRE tem cargos de Dire\u00e7\u00e3o e C level em todas as \u00e1reas do imobili\u00e1rio e constru\u00e7\u00e3o, s\u00e3o profissionais de excel\u00eancia, do melhor que Portugal tem. N\u00e3o somos a favor de quotas, mas a favor do m\u00e9rito em igualdade de circunst\u00e2ncias. Apesar da crescente participa\u00e7\u00e3o das mulheres em cargos de decis\u00e3o, n\u00e3o h\u00e1 d\u00favidas que ainda \u00e9 inferior \u00e0 dos homens. A grande maioria dos cargos de CEO e administra\u00e7\u00e3o s\u00e3o ocupadas por homens e n\u00e3o por mulheres.","breadcrumb":{"@id":"http:\/\/maismagazine.pt\/index.php\/2025\/09\/26\/mulheres-no-imobiliario\/#breadcrumb"},"inLanguage":"pt-PT","potentialAction":[{"@type":"ReadAction","target":["http:\/\/maismagazine.pt\/index.php\/2025\/09\/26\/mulheres-no-imobiliario\/"]}]},{"@type":"ImageObject","inLanguage":"pt-PT","@id":"http:\/\/maismagazine.pt\/index.php\/2025\/09\/26\/mulheres-no-imobiliario\/#primaryimage","url":"http:\/\/maismagazine.pt\/wp-content\/uploads\/2025\/09\/JLegal_FilipaArantesPedroso_187-1.jpg","contentUrl":"http:\/\/maismagazine.pt\/wp-content\/uploads\/2025\/09\/JLegal_FilipaArantesPedroso_187-1.jpg","width":382,"height":546},{"@type":"BreadcrumbList","@id":"http:\/\/maismagazine.pt\/index.php\/2025\/09\/26\/mulheres-no-imobiliario\/#breadcrumb","itemListElement":[{"@type":"ListItem","position":1,"name":"Home","item":"http:\/\/maismagazine.pt\/"},{"@type":"ListItem","position":2,"name":"Mulheres no imobili\u00e1rio"}]},{"@type":"WebSite","@id":"http:\/\/maismagazine.pt\/#website","url":"http:\/\/maismagazine.pt\/","name":"Mais Magazine","description":"","publisher":{"@id":"http:\/\/maismagazine.pt\/#organization"},"potentialAction":[{"@type":"SearchAction","target":{"@type":"EntryPoint","urlTemplate":"http:\/\/maismagazine.pt\/?s={search_term_string}"},"query-input":{"@type":"PropertyValueSpecification","valueRequired":true,"valueName":"search_term_string"}}],"inLanguage":"pt-PT"},{"@type":"Organization","@id":"http:\/\/maismagazine.pt\/#organization","name":"Mais Magazine","url":"http:\/\/maismagazine.pt\/","logo":{"@type":"ImageObject","inLanguage":"pt-PT","@id":"http:\/\/maismagazine.pt\/#\/schema\/logo\/image\/","url":"http:\/\/maismagazine.pt\/wp-content\/uploads\/2020\/04\/cropped-cropped-mais-magazine-site-logo-2.png","contentUrl":"http:\/\/maismagazine.pt\/wp-content\/uploads\/2020\/04\/cropped-cropped-mais-magazine-site-logo-2.png","width":581,"height":90,"caption":"Mais Magazine"},"image":{"@id":"http:\/\/maismagazine.pt\/#\/schema\/logo\/image\/"}},{"@type":"Person","@id":"http:\/\/maismagazine.pt\/#\/schema\/person\/c6c5bfccc886434cbd11c74e035f9646","name":"Tiago Costa","image":{"@type":"ImageObject","inLanguage":"pt-PT","@id":"http:\/\/maismagazine.pt\/#\/schema\/person\/image\/","url":"https:\/\/secure.gravatar.com\/avatar\/c599b2bce16c9870429198cbad5ee022?s=96&d=mm&r=g","contentUrl":"https:\/\/secure.gravatar.com\/avatar\/c599b2bce16c9870429198cbad5ee022?s=96&d=mm&r=g","caption":"Tiago Costa"},"url":"http:\/\/maismagazine.pt\/index.php\/author\/tiago\/"}]}},"author_meta":{"display_name":false,"author_link":"http:\/\/maismagazine.pt\/index.php\/author\/tiago\/"},"featured_img":"http:\/\/maismagazine.pt\/wp-content\/uploads\/2025\/09\/JLegal_FilipaArantesPedroso_187-1-210x300.jpg","coauthors":[],"tax_additional":{"categories":{"linked":["<a href=\"http:\/\/maismagazine.pt\/index.php\/category\/destaque\/\" class=\"advgb-post-tax-term\">Destaque lateral<\/a>","<a href=\"http:\/\/maismagazine.pt\/index.php\/category\/empreendedorismo\/imobiliario\/\" class=\"advgb-post-tax-term\">Imobili\u00e1rio<\/a>","<a href=\"http:\/\/maismagazine.pt\/index.php\/category\/noticias\/opiniao\/\" class=\"advgb-post-tax-term\">Opini\u00e3o<\/a>"],"unlinked":["<span class=\"advgb-post-tax-term\">Destaque lateral<\/span>","<span class=\"advgb-post-tax-term\">Imobili\u00e1rio<\/span>","<span class=\"advgb-post-tax-term\">Opini\u00e3o<\/span>"]},"tags":{"linked":["<a href=\"http:\/\/maismagazine.pt\/index.php\/category\/noticias\/opiniao\/\" class=\"advgb-post-tax-term\">WIRE<\/a>"],"unlinked":["<span class=\"advgb-post-tax-term\">WIRE<\/span>"]}},"comment_count":"0","relative_dates":{"created":"Posted 7 meses ago","modified":"Updated 7 meses ago"},"absolute_dates":{"created":"Posted on 26 de Setembro, 2025","modified":"Updated on 23 de Setembro, 2025"},"absolute_dates_time":{"created":"Posted on 26 de Setembro, 2025 7:00","modified":"Updated on 23 de Setembro, 2025 11:11"},"featured_img_caption":"","series_order":"","_links":{"self":[{"href":"http:\/\/maismagazine.pt\/index.php\/wp-json\/wp\/v2\/posts\/12576","targetHints":{"allow":["GET"]}}],"collection":[{"href":"http:\/\/maismagazine.pt\/index.php\/wp-json\/wp\/v2\/posts"}],"about":[{"href":"http:\/\/maismagazine.pt\/index.php\/wp-json\/wp\/v2\/types\/post"}],"author":[{"embeddable":true,"href":"http:\/\/maismagazine.pt\/index.php\/wp-json\/wp\/v2\/users\/17"}],"replies":[{"embeddable":true,"href":"http:\/\/maismagazine.pt\/index.php\/wp-json\/wp\/v2\/comments?post=12576"}],"version-history":[{"count":2,"href":"http:\/\/maismagazine.pt\/index.php\/wp-json\/wp\/v2\/posts\/12576\/revisions"}],"predecessor-version":[{"id":12581,"href":"http:\/\/maismagazine.pt\/index.php\/wp-json\/wp\/v2\/posts\/12576\/revisions\/12581"}],"wp:featuredmedia":[{"embeddable":true,"href":"http:\/\/maismagazine.pt\/index.php\/wp-json\/wp\/v2\/media\/12580"}],"wp:attachment":[{"href":"http:\/\/maismagazine.pt\/index.php\/wp-json\/wp\/v2\/media?parent=12576"}],"wp:term":[{"taxonomy":"category","embeddable":true,"href":"http:\/\/maismagazine.pt\/index.php\/wp-json\/wp\/v2\/categories?post=12576"},{"taxonomy":"post_tag","embeddable":true,"href":"http:\/\/maismagazine.pt\/index.php\/wp-json\/wp\/v2\/tags?post=12576"}],"curies":[{"name":"wp","href":"https:\/\/api.w.org\/{rel}","templated":true}]}}