{"id":12492,"date":"2025-08-01T07:00:00","date_gmt":"2025-08-01T06:00:00","guid":{"rendered":"https:\/\/maismagazine.pt\/?p=12492"},"modified":"2025-07-29T15:44:43","modified_gmt":"2025-07-29T14:44:43","slug":"perpetuate-quando-a-despedida-se-torna-um-ato-de-amor","status":"publish","type":"post","link":"http:\/\/maismagazine.pt\/index.php\/2025\/08\/01\/perpetuate-quando-a-despedida-se-torna-um-ato-de-amor\/","title":{"rendered":"PerPETuate: Quando a despedida se torna um ato de amor"},"content":{"rendered":"\n<p><strong>Nuno Gon\u00e7alves, um dos fundadores da <a href=\"http:\/\/www.perpetuate.pt\">PerPETuate<\/a>, explica \u00e0 Mais Magazine o conceito deste projeto portugu\u00eas que eterniza a liga\u00e7\u00e3o entre as pessoas e os seus animais de estima\u00e7\u00e3o atrav\u00e9s de solu\u00e7\u00f5es ecol\u00f3gicas e profundamente humanas.<\/strong><\/p>\n\n\n\n<p><\/p>\n\n\n\n<p>Quando, em 2016, Nuno e Raquel, a sua esposa, decidiram criar a PerPETuate, a ideia nasceu tanto de uma paix\u00e3o pessoal como de um sentido apurado de miss\u00e3o. N\u00e3o foi apenas um neg\u00f3cio que fundaram. Foi uma resposta emocional, \u00e9tica e consciente a uma lacuna no mercado e, acima de tudo, a uma experi\u00eancia pessoal que lhes deixou marcas profundas. <\/p>\n\n\n\n<p>\u201cEu tinha um c\u00e3o com quem tinha uma liga\u00e7\u00e3o fort\u00edssima. Quando ele faleceu, deparei-me com uma realidade que me custou imenso aceitar: entregar o meu c\u00e3o \u00e0 cl\u00ednica veterin\u00e1ria, num processo frio, distante, quase mec\u00e2nico. N\u00e3o havia emo\u00e7\u00e3o, n\u00e3o havia humanidade. Isso marcou-me para sempre\u201d, recorda Nuno. <\/p>\n\n\n\n<p>Antes da PerPETuate, Nuno e Raquel j\u00e1 tinham tra\u00e7ado caminho num setor curioso e pouco comum: desenvolveram caix\u00f5es biodegrad\u00e1veis para o setor funer\u00e1rio humano e at\u00e9 criaram um parque natural na zona de Sintra-Cascais, onde as cinzas eram depositadas de forma ecol\u00f3gica. A preocupa\u00e7\u00e3o com a sustentabilidade estava, desde sempre, no centro do seu trabalho. Mas a falta de ades\u00e3o das funer\u00e1rias tradicionais e dos cremat\u00f3rios levou-os a repensar tudo. <\/p>\n\n\n\n<p>\u201cPercebemos que no setor humano havia demasiadas barreiras. Ao mesmo tempo, v\u00edamos que o mercado dos animais de estima\u00e7\u00e3o precisava de uma abordagem diferente. Precisava de algu\u00e9m que entendesse que aqueles seres fazem parte das fam\u00edlias, das nossas hist\u00f3rias de vida, e merecem uma despedida \u00e0 altura do amor que nos deram\u201d, explica Nuno. <\/p>\n\n\n\n<p>Foi assim que nasceu a PerPETuate, com um nome pensado ao pormenor e que reflete a miss\u00e3o da marca: perpetuar a mem\u00f3ria dos animais de estima\u00e7\u00e3o de forma bonita, humana e amiga do ambiente. <\/p>\n\n\n<div class=\"wp-block-image\">\n<figure class=\"aligncenter size-large is-resized\"><img loading=\"lazy\" decoding=\"async\" width=\"1024\" height=\"724\" src=\"https:\/\/maismagazine.pt\/wp-content\/uploads\/2025\/07\/WhatsApp-Image-2025-07-21-at-09.19.47-1024x724.jpeg\" alt=\"\" class=\"wp-image-12495\" style=\"width:396px;height:auto\" srcset=\"http:\/\/maismagazine.pt\/wp-content\/uploads\/2025\/07\/WhatsApp-Image-2025-07-21-at-09.19.47-1024x724.jpeg 1024w, http:\/\/maismagazine.pt\/wp-content\/uploads\/2025\/07\/WhatsApp-Image-2025-07-21-at-09.19.47-300x212.jpeg 300w, http:\/\/maismagazine.pt\/wp-content\/uploads\/2025\/07\/WhatsApp-Image-2025-07-21-at-09.19.47-768x543.jpeg 768w, http:\/\/maismagazine.pt\/wp-content\/uploads\/2025\/07\/WhatsApp-Image-2025-07-21-at-09.19.47-1536x1086.jpeg 1536w, http:\/\/maismagazine.pt\/wp-content\/uploads\/2025\/07\/WhatsApp-Image-2025-07-21-at-09.19.47-2048x1448.jpeg 2048w\" sizes=\"auto, (max-width: 1024px) 100vw, 1024px\" \/><\/figure><\/div>\n\n\n<p><strong>Uma ideia simples, um conceito revolucion\u00e1rio<\/strong><\/p>\n\n\n\n<p>A base da PerPETuate \u00e9 simples, mas profundamente transformadora: oferecer produtos e servi\u00e7os funer\u00e1rios ecol\u00f3gicos e personalizados para animais de estima\u00e7\u00e3o. Tudo come\u00e7ou com as urnas biodegrad\u00e1veis, criadas com materiais naturais, que permitem dar uma nova vida \u00e0s cinzas atrav\u00e9s do crescimento de uma \u00e1rvore. Um gesto simb\u00f3lico e reconfortante para quem perdeu recentemente um amigo de quatro patas. <\/p>\n\n\n<div class=\"wp-block-image\">\n<figure class=\"alignright size-large is-resized\"><img loading=\"lazy\" decoding=\"async\" width=\"1024\" height=\"762\" src=\"https:\/\/maismagazine.pt\/wp-content\/uploads\/2025\/07\/WhatsApp-Image-2025-07-21-at-09.20.47-1024x762.jpeg\" alt=\"\" class=\"wp-image-12497\" style=\"width:427px;height:auto\" srcset=\"http:\/\/maismagazine.pt\/wp-content\/uploads\/2025\/07\/WhatsApp-Image-2025-07-21-at-09.20.47-1024x762.jpeg 1024w, http:\/\/maismagazine.pt\/wp-content\/uploads\/2025\/07\/WhatsApp-Image-2025-07-21-at-09.20.47-300x223.jpeg 300w, http:\/\/maismagazine.pt\/wp-content\/uploads\/2025\/07\/WhatsApp-Image-2025-07-21-at-09.20.47-768x572.jpeg 768w, http:\/\/maismagazine.pt\/wp-content\/uploads\/2025\/07\/WhatsApp-Image-2025-07-21-at-09.20.47-1536x1143.jpeg 1536w, http:\/\/maismagazine.pt\/wp-content\/uploads\/2025\/07\/WhatsApp-Image-2025-07-21-at-09.20.47-2048x1525.jpeg 2048w\" sizes=\"auto, (max-width: 1024px) 100vw, 1024px\" \/><\/figure><\/div>\n\n\n<p>\u201cA BioTree trata-se de uma urna totalmente biodegrad\u00e1vel, feita com fibras naturais de bamboo e outros materiais amigos do ambiente, que pode ser entregue com uma semente ou com uma \u00e1rvore j\u00e1 germinada. \u00c9 um processo bonito, emocional, que perpetua a mem\u00f3ria daquele animal atrav\u00e9s da vida\u201d, conta Nuno. <\/p>\n\n\n\n<p>Este conceito inovador rapidamente captou a aten\u00e7\u00e3o n\u00e3o s\u00f3 dos donos de animais, mas tamb\u00e9m dos media. Reportagens em televis\u00e3o, r\u00e1dio e revistas multiplicaram-se e ajudaram a consolidar a imagem da PerPETuate como refer\u00eancia europeia neste segmento. A procura cresceu e, em 2019, a empresa lan\u00e7ou o seu modelo de franchising \u2013 \u00fanico na Europa neste setor \u2013, que impulsionou ainda mais a sua expans\u00e3o. <\/p>\n\n\n\n<p>Apesar do crescimento, a PerPETuate nunca perdeu o foco: personaliza\u00e7\u00e3o, cuidado e dedica\u00e7\u00e3o. Cada servi\u00e7o \u00e9 pensado ao detalhe, como se fosse para um dos pr\u00f3prios animais de Nuno e Raquel. <\/p>\n\n\n\n<p>\u201cCada urna, cada servi\u00e7o, \u00e9 preparado como se fosse para o nosso pr\u00f3prio animal de estima\u00e7\u00e3o\u201d, sublinha Nuno. <\/p>\n\n\n\n<p>As urnas variam entre as mais simples, como as urnas Bamboo, feitas \u00e0 m\u00e3o e inclu\u00eddas no servi\u00e7o base, at\u00e9 \u00e0s urnas Classic, tamb\u00e9m produzidas artesanalmente em madeira, que permitem personaliza\u00e7\u00e3o atrav\u00e9s de grava\u00e7\u00e3o a laser com nome ou mesmo pequenos desenhos. Este cuidado no detalhe \u00e9 parte do que diferencia a PerPETuate no mercado. <\/p>\n\n\n\n<p>\u201cAs pessoas procuram cada vez mais servi\u00e7os personalizados, e n\u00f3s tentamos adaptarmo-nos da melhor forma poss\u00edvel\u201d, refor\u00e7a Nuno. <\/p>\n\n\n<div class=\"wp-block-image\">\n<figure class=\"alignleft size-large is-resized\"><img loading=\"lazy\" decoding=\"async\" width=\"1024\" height=\"683\" src=\"https:\/\/maismagazine.pt\/wp-content\/uploads\/2025\/07\/WhatsApp-Image-2025-07-21-at-09.20.37-1024x683.jpeg\" alt=\"\" class=\"wp-image-12496\" style=\"width:436px;height:auto\" srcset=\"http:\/\/maismagazine.pt\/wp-content\/uploads\/2025\/07\/WhatsApp-Image-2025-07-21-at-09.20.37-1024x683.jpeg 1024w, http:\/\/maismagazine.pt\/wp-content\/uploads\/2025\/07\/WhatsApp-Image-2025-07-21-at-09.20.37-300x200.jpeg 300w, http:\/\/maismagazine.pt\/wp-content\/uploads\/2025\/07\/WhatsApp-Image-2025-07-21-at-09.20.37-768x512.jpeg 768w, http:\/\/maismagazine.pt\/wp-content\/uploads\/2025\/07\/WhatsApp-Image-2025-07-21-at-09.20.37-1536x1024.jpeg 1536w, http:\/\/maismagazine.pt\/wp-content\/uploads\/2025\/07\/WhatsApp-Image-2025-07-21-at-09.20.37-2048x1365.jpeg 2048w, http:\/\/maismagazine.pt\/wp-content\/uploads\/2025\/07\/WhatsApp-Image-2025-07-21-at-09.20.37-150x100.jpeg 150w\" sizes=\"auto, (max-width: 1024px) 100vw, 1024px\" \/><\/figure><\/div>\n\n\n<p><strong>O respeito pela natureza<\/strong><\/p>\n\n\n\n<p>Por detr\u00e1s de todos os produtos da PerPETuate est\u00e1 uma preocupa\u00e7\u00e3o constante com o impacto ambiental. Desde o primeiro dia que a sustentabilidade n\u00e3o \u00e9 apenas um valor da marca \u2013 \u00e9 uma exig\u00eancia. Todos os materiais s\u00e3o biodegrad\u00e1veis, ecol\u00f3gicos e cuidadosamente selecionados para garantirem que, mesmo no momento da despedida, h\u00e1 um contributo positivo para o planeta. <\/p>\n\n\n\n<p>\u201cQuer\u00edamos que cada a\u00e7\u00e3o tivesse um impacto m\u00ednimo no ambiente. Esta consci\u00eancia ecol\u00f3gica est\u00e1 presente em tudo o que fazemos\u201d, afirma Nuno. <\/p>\n\n\n\n<p>Hoje, a PerPETuate \u00e9 uma marca consolidada, reconhecida e respeitada no setor funer\u00e1rio animal. Conta com uma rede de parceiros, cl\u00ednicas veterin\u00e1rias e franchisados que partilham da mesma vis\u00e3o: respeitar os animais e oferecer \u00e0s fam\u00edlias um servi\u00e7o digno, afetuoso e inovador. <\/p>\n\n\n\n<p>\u201cContinuamos a tratar cada animal como se fosse nosso, e acredito que \u00e9 isso que faz com que cada vez mais pessoas confiem em n\u00f3s.\u201d <\/p>\n\n\n\n<p><\/p>\n\n\n\n<p><strong>O cora\u00e7\u00e3o no lugar certo<\/strong><\/p>\n\n\n\n<p>A hist\u00f3ria da PerPETuate \u00e9 a prova de que os neg\u00f3cios mais bem-sucedidos nascem, muitas vezes, das experi\u00eancias mais humanas e emocionais. \u00c9 tamb\u00e9m a prova de que \u00e9 poss\u00edvel conciliar sustentabilidade, inova\u00e7\u00e3o e cuidado num setor t\u00e3o delicado como este. <\/p>\n\n\n\n<p>\u201cA ades\u00e3o tem sido incr\u00edvel porque, felizmente, h\u00e1 cada vez mais pessoas que entendem que os nossos animais merecem uma despedida com amor, com respeito e com significado\u201d, conclui Nuno. <\/p>\n\n\n\n<p>No fundo, a PerPETuate perpetua mem\u00f3rias, amor e vida. E \u00e9 por isso que continua a crescer, com ra\u00edzes firmes e com o cora\u00e7\u00e3o sempre no lugar certo. <\/p>\n\n\n\n<p><\/p>\n\n\n<div class=\"wp-block-image\">\n<figure class=\"aligncenter size-large is-resized\"><img loading=\"lazy\" decoding=\"async\" width=\"1024\" height=\"313\" src=\"https:\/\/maismagazine.pt\/wp-content\/uploads\/2025\/07\/IMG_8968-1024x313.png\" alt=\"\" class=\"wp-image-12500\" style=\"width:501px;height:auto\" srcset=\"http:\/\/maismagazine.pt\/wp-content\/uploads\/2025\/07\/IMG_8968-1024x313.png 1024w, http:\/\/maismagazine.pt\/wp-content\/uploads\/2025\/07\/IMG_8968-300x92.png 300w, http:\/\/maismagazine.pt\/wp-content\/uploads\/2025\/07\/IMG_8968-768x235.png 768w, http:\/\/maismagazine.pt\/wp-content\/uploads\/2025\/07\/IMG_8968-1536x469.png 1536w, http:\/\/maismagazine.pt\/wp-content\/uploads\/2025\/07\/IMG_8968-2048x626.png 2048w\" sizes=\"auto, (max-width: 1024px) 100vw, 1024px\" \/><\/figure><\/div>\n\n\n<p><\/p>\n\n\n\n<p><\/p>\n","protected":false},"excerpt":{"rendered":"<p>Nuno Gon\u00e7alves, um dos fundadores da PerPETuate, explica \u00e0 Mais Magazine o conceito deste projeto portugu\u00eas que eterniza a liga\u00e7\u00e3o entre as pessoas e os seus animais de estima\u00e7\u00e3o atrav\u00e9s de solu\u00e7\u00f5es ecol\u00f3gicas e profundamente humanas. Quando, em 2016, Nuno e Raquel, a sua esposa, decidiram criar a PerPETuate, a&hellip;<\/p>\n","protected":false},"author":18,"featured_media":12494,"comment_status":"closed","ping_status":"open","sticky":false,"template":"","format":"standard","meta":{"advgb_blocks_editor_width":"","advgb_blocks_columns_visual_guide":"","_monsterinsights_skip_tracking":false,"_monsterinsights_sitenote_active":false,"_monsterinsights_sitenote_note":"","_monsterinsights_sitenote_category":0,"footnotes":""},"categories":[161],"tags":[1253,2423,84],"class_list":["post-12492","post","type-post","status-publish","format-standard","has-post-thumbnail","hentry","category-mundo-empresarial","tag-animais","tag-perpetuate","tag-sustentabilidade"],"yoast_head":"<!-- This site is optimized with the Yoast SEO plugin v24.4 - https:\/\/yoast.com\/wordpress\/plugins\/seo\/ -->\n<title>PerPETuate: Quando a despedida se torna um ato de amor - Mais Magazine<\/title>\n<meta name=\"robots\" content=\"index, follow, max-snippet:-1, max-image-preview:large, max-video-preview:-1\" \/>\n<link rel=\"canonical\" href=\"http:\/\/maismagazine.pt\/index.php\/2025\/08\/01\/perpetuate-quando-a-despedida-se-torna-um-ato-de-amor\/\" \/>\n<meta property=\"og:locale\" content=\"pt_PT\" \/>\n<meta property=\"og:type\" content=\"article\" \/>\n<meta property=\"og:title\" content=\"PerPETuate: Quando a despedida se torna um ato de amor - Mais Magazine\" \/>\n<meta property=\"og:description\" content=\"Nuno Gon\u00e7alves, um dos fundadores da PerPETuate, explica \u00e0 Mais Magazine o conceito deste projeto portugu\u00eas que eterniza a liga\u00e7\u00e3o entre as pessoas e os seus animais de estima\u00e7\u00e3o atrav\u00e9s de solu\u00e7\u00f5es ecol\u00f3gicas e profundamente humanas. Quando, em 2016, Nuno e Raquel, a sua esposa, decidiram criar a PerPETuate, a&hellip;\" \/>\n<meta property=\"og:url\" content=\"http:\/\/maismagazine.pt\/index.php\/2025\/08\/01\/perpetuate-quando-a-despedida-se-torna-um-ato-de-amor\/\" \/>\n<meta property=\"og:site_name\" content=\"Mais Magazine\" \/>\n<meta property=\"article:published_time\" content=\"2025-08-01T06:00:00+00:00\" \/>\n<meta property=\"og:image\" content=\"http:\/\/maismagazine.pt\/wp-content\/uploads\/2025\/07\/WhatsApp-Image-2025-07-21-at-09.20.28-scaled.jpeg\" \/>\n\t<meta property=\"og:image:width\" content=\"2560\" \/>\n\t<meta property=\"og:image:height\" content=\"1731\" \/>\n\t<meta property=\"og:image:type\" content=\"image\/jpeg\" \/>\n<meta name=\"author\" content=\"Tatiana Martins\" \/>\n<meta name=\"twitter:card\" content=\"summary_large_image\" \/>\n<meta name=\"twitter:label1\" content=\"Escrito por\" \/>\n\t<meta name=\"twitter:data1\" content=\"\" \/>\n\t<meta name=\"twitter:label2\" content=\"Tempo estimado de leitura\" \/>\n\t<meta name=\"twitter:data2\" content=\"6 minutos\" \/>\n<script type=\"application\/ld+json\" class=\"yoast-schema-graph\">{\"@context\":\"https:\/\/schema.org\",\"@graph\":[{\"@type\":\"Article\",\"@id\":\"http:\/\/maismagazine.pt\/index.php\/2025\/08\/01\/perpetuate-quando-a-despedida-se-torna-um-ato-de-amor\/#article\",\"isPartOf\":{\"@id\":\"http:\/\/maismagazine.pt\/index.php\/2025\/08\/01\/perpetuate-quando-a-despedida-se-torna-um-ato-de-amor\/\"},\"author\":{\"name\":\"Tatiana Martins\",\"@id\":\"http:\/\/maismagazine.pt\/#\/schema\/person\/7426e2caeb8df32a1b56aa48dae778c9\"},\"headline\":\"PerPETuate: Quando a despedida se torna um ato de amor\",\"datePublished\":\"2025-08-01T06:00:00+00:00\",\"mainEntityOfPage\":{\"@id\":\"http:\/\/maismagazine.pt\/index.php\/2025\/08\/01\/perpetuate-quando-a-despedida-se-torna-um-ato-de-amor\/\"},\"wordCount\":954,\"publisher\":{\"@id\":\"http:\/\/maismagazine.pt\/#organization\"},\"image\":{\"@id\":\"http:\/\/maismagazine.pt\/index.php\/2025\/08\/01\/perpetuate-quando-a-despedida-se-torna-um-ato-de-amor\/#primaryimage\"},\"thumbnailUrl\":\"http:\/\/maismagazine.pt\/wp-content\/uploads\/2025\/07\/WhatsApp-Image-2025-07-21-at-09.20.28-scaled.jpeg\",\"keywords\":[\"animais\",\"PerPETuate\",\"Sustentabilidade\"],\"articleSection\":[\"Mundo Empresarial\"],\"inLanguage\":\"pt-PT\"},{\"@type\":\"WebPage\",\"@id\":\"http:\/\/maismagazine.pt\/index.php\/2025\/08\/01\/perpetuate-quando-a-despedida-se-torna-um-ato-de-amor\/\",\"url\":\"http:\/\/maismagazine.pt\/index.php\/2025\/08\/01\/perpetuate-quando-a-despedida-se-torna-um-ato-de-amor\/\",\"name\":\"PerPETuate: Quando a despedida se torna um ato de amor - Mais Magazine\",\"isPartOf\":{\"@id\":\"http:\/\/maismagazine.pt\/#website\"},\"primaryImageOfPage\":{\"@id\":\"http:\/\/maismagazine.pt\/index.php\/2025\/08\/01\/perpetuate-quando-a-despedida-se-torna-um-ato-de-amor\/#primaryimage\"},\"image\":{\"@id\":\"http:\/\/maismagazine.pt\/index.php\/2025\/08\/01\/perpetuate-quando-a-despedida-se-torna-um-ato-de-amor\/#primaryimage\"},\"thumbnailUrl\":\"http:\/\/maismagazine.pt\/wp-content\/uploads\/2025\/07\/WhatsApp-Image-2025-07-21-at-09.20.28-scaled.jpeg\",\"datePublished\":\"2025-08-01T06:00:00+00:00\",\"breadcrumb\":{\"@id\":\"http:\/\/maismagazine.pt\/index.php\/2025\/08\/01\/perpetuate-quando-a-despedida-se-torna-um-ato-de-amor\/#breadcrumb\"},\"inLanguage\":\"pt-PT\",\"potentialAction\":[{\"@type\":\"ReadAction\",\"target\":[\"http:\/\/maismagazine.pt\/index.php\/2025\/08\/01\/perpetuate-quando-a-despedida-se-torna-um-ato-de-amor\/\"]}]},{\"@type\":\"ImageObject\",\"inLanguage\":\"pt-PT\",\"@id\":\"http:\/\/maismagazine.pt\/index.php\/2025\/08\/01\/perpetuate-quando-a-despedida-se-torna-um-ato-de-amor\/#primaryimage\",\"url\":\"http:\/\/maismagazine.pt\/wp-content\/uploads\/2025\/07\/WhatsApp-Image-2025-07-21-at-09.20.28-scaled.jpeg\",\"contentUrl\":\"http:\/\/maismagazine.pt\/wp-content\/uploads\/2025\/07\/WhatsApp-Image-2025-07-21-at-09.20.28-scaled.jpeg\",\"width\":2560,\"height\":1731},{\"@type\":\"BreadcrumbList\",\"@id\":\"http:\/\/maismagazine.pt\/index.php\/2025\/08\/01\/perpetuate-quando-a-despedida-se-torna-um-ato-de-amor\/#breadcrumb\",\"itemListElement\":[{\"@type\":\"ListItem\",\"position\":1,\"name\":\"Home\",\"item\":\"http:\/\/maismagazine.pt\/\"},{\"@type\":\"ListItem\",\"position\":2,\"name\":\"PerPETuate: Quando a despedida se torna um ato de amor\"}]},{\"@type\":\"WebSite\",\"@id\":\"http:\/\/maismagazine.pt\/#website\",\"url\":\"http:\/\/maismagazine.pt\/\",\"name\":\"Mais Magazine\",\"description\":\"\",\"publisher\":{\"@id\":\"http:\/\/maismagazine.pt\/#organization\"},\"potentialAction\":[{\"@type\":\"SearchAction\",\"target\":{\"@type\":\"EntryPoint\",\"urlTemplate\":\"http:\/\/maismagazine.pt\/?s={search_term_string}\"},\"query-input\":{\"@type\":\"PropertyValueSpecification\",\"valueRequired\":true,\"valueName\":\"search_term_string\"}}],\"inLanguage\":\"pt-PT\"},{\"@type\":\"Organization\",\"@id\":\"http:\/\/maismagazine.pt\/#organization\",\"name\":\"Mais Magazine\",\"url\":\"http:\/\/maismagazine.pt\/\",\"logo\":{\"@type\":\"ImageObject\",\"inLanguage\":\"pt-PT\",\"@id\":\"http:\/\/maismagazine.pt\/#\/schema\/logo\/image\/\",\"url\":\"http:\/\/maismagazine.pt\/wp-content\/uploads\/2020\/04\/cropped-cropped-mais-magazine-site-logo-2.png\",\"contentUrl\":\"http:\/\/maismagazine.pt\/wp-content\/uploads\/2020\/04\/cropped-cropped-mais-magazine-site-logo-2.png\",\"width\":581,\"height\":90,\"caption\":\"Mais Magazine\"},\"image\":{\"@id\":\"http:\/\/maismagazine.pt\/#\/schema\/logo\/image\/\"}},{\"@type\":\"Person\",\"@id\":\"http:\/\/maismagazine.pt\/#\/schema\/person\/7426e2caeb8df32a1b56aa48dae778c9\",\"name\":\"Tatiana Martins\",\"image\":{\"@type\":\"ImageObject\",\"inLanguage\":\"pt-PT\",\"@id\":\"http:\/\/maismagazine.pt\/#\/schema\/person\/image\/\",\"url\":\"https:\/\/secure.gravatar.com\/avatar\/4b24a57f5d0425f2eb20981c4b53244e?s=96&d=mm&r=g\",\"contentUrl\":\"https:\/\/secure.gravatar.com\/avatar\/4b24a57f5d0425f2eb20981c4b53244e?s=96&d=mm&r=g\",\"caption\":\"Tatiana Martins\"},\"url\":\"http:\/\/maismagazine.pt\/index.php\/author\/tatiana\/\"}]}<\/script>\n<!-- \/ Yoast SEO plugin. -->","yoast_head_json":{"title":"PerPETuate: Quando a despedida se torna um ato de amor - Mais Magazine","robots":{"index":"index","follow":"follow","max-snippet":"max-snippet:-1","max-image-preview":"max-image-preview:large","max-video-preview":"max-video-preview:-1"},"canonical":"http:\/\/maismagazine.pt\/index.php\/2025\/08\/01\/perpetuate-quando-a-despedida-se-torna-um-ato-de-amor\/","og_locale":"pt_PT","og_type":"article","og_title":"PerPETuate: Quando a despedida se torna um ato de amor - Mais Magazine","og_description":"Nuno Gon\u00e7alves, um dos fundadores da PerPETuate, explica \u00e0 Mais Magazine o conceito deste projeto portugu\u00eas que eterniza a liga\u00e7\u00e3o entre as pessoas e os seus animais de estima\u00e7\u00e3o atrav\u00e9s de solu\u00e7\u00f5es ecol\u00f3gicas e profundamente humanas. Quando, em 2016, Nuno e Raquel, a sua esposa, decidiram criar a PerPETuate, a&hellip;","og_url":"http:\/\/maismagazine.pt\/index.php\/2025\/08\/01\/perpetuate-quando-a-despedida-se-torna-um-ato-de-amor\/","og_site_name":"Mais Magazine","article_published_time":"2025-08-01T06:00:00+00:00","og_image":[{"width":2560,"height":1731,"url":"http:\/\/maismagazine.pt\/wp-content\/uploads\/2025\/07\/WhatsApp-Image-2025-07-21-at-09.20.28-scaled.jpeg","type":"image\/jpeg"}],"author":"Tatiana Martins","twitter_card":"summary_large_image","twitter_misc":{"Escrito por":false,"Tempo estimado de leitura":"6 minutos"},"schema":{"@context":"https:\/\/schema.org","@graph":[{"@type":"Article","@id":"http:\/\/maismagazine.pt\/index.php\/2025\/08\/01\/perpetuate-quando-a-despedida-se-torna-um-ato-de-amor\/#article","isPartOf":{"@id":"http:\/\/maismagazine.pt\/index.php\/2025\/08\/01\/perpetuate-quando-a-despedida-se-torna-um-ato-de-amor\/"},"author":{"name":"Tatiana Martins","@id":"http:\/\/maismagazine.pt\/#\/schema\/person\/7426e2caeb8df32a1b56aa48dae778c9"},"headline":"PerPETuate: Quando a despedida se torna um ato de amor","datePublished":"2025-08-01T06:00:00+00:00","mainEntityOfPage":{"@id":"http:\/\/maismagazine.pt\/index.php\/2025\/08\/01\/perpetuate-quando-a-despedida-se-torna-um-ato-de-amor\/"},"wordCount":954,"publisher":{"@id":"http:\/\/maismagazine.pt\/#organization"},"image":{"@id":"http:\/\/maismagazine.pt\/index.php\/2025\/08\/01\/perpetuate-quando-a-despedida-se-torna-um-ato-de-amor\/#primaryimage"},"thumbnailUrl":"http:\/\/maismagazine.pt\/wp-content\/uploads\/2025\/07\/WhatsApp-Image-2025-07-21-at-09.20.28-scaled.jpeg","keywords":["animais","PerPETuate","Sustentabilidade"],"articleSection":["Mundo Empresarial"],"inLanguage":"pt-PT"},{"@type":"WebPage","@id":"http:\/\/maismagazine.pt\/index.php\/2025\/08\/01\/perpetuate-quando-a-despedida-se-torna-um-ato-de-amor\/","url":"http:\/\/maismagazine.pt\/index.php\/2025\/08\/01\/perpetuate-quando-a-despedida-se-torna-um-ato-de-amor\/","name":"PerPETuate: Quando a despedida se torna um ato de amor - Mais Magazine","isPartOf":{"@id":"http:\/\/maismagazine.pt\/#website"},"primaryImageOfPage":{"@id":"http:\/\/maismagazine.pt\/index.php\/2025\/08\/01\/perpetuate-quando-a-despedida-se-torna-um-ato-de-amor\/#primaryimage"},"image":{"@id":"http:\/\/maismagazine.pt\/index.php\/2025\/08\/01\/perpetuate-quando-a-despedida-se-torna-um-ato-de-amor\/#primaryimage"},"thumbnailUrl":"http:\/\/maismagazine.pt\/wp-content\/uploads\/2025\/07\/WhatsApp-Image-2025-07-21-at-09.20.28-scaled.jpeg","datePublished":"2025-08-01T06:00:00+00:00","breadcrumb":{"@id":"http:\/\/maismagazine.pt\/index.php\/2025\/08\/01\/perpetuate-quando-a-despedida-se-torna-um-ato-de-amor\/#breadcrumb"},"inLanguage":"pt-PT","potentialAction":[{"@type":"ReadAction","target":["http:\/\/maismagazine.pt\/index.php\/2025\/08\/01\/perpetuate-quando-a-despedida-se-torna-um-ato-de-amor\/"]}]},{"@type":"ImageObject","inLanguage":"pt-PT","@id":"http:\/\/maismagazine.pt\/index.php\/2025\/08\/01\/perpetuate-quando-a-despedida-se-torna-um-ato-de-amor\/#primaryimage","url":"http:\/\/maismagazine.pt\/wp-content\/uploads\/2025\/07\/WhatsApp-Image-2025-07-21-at-09.20.28-scaled.jpeg","contentUrl":"http:\/\/maismagazine.pt\/wp-content\/uploads\/2025\/07\/WhatsApp-Image-2025-07-21-at-09.20.28-scaled.jpeg","width":2560,"height":1731},{"@type":"BreadcrumbList","@id":"http:\/\/maismagazine.pt\/index.php\/2025\/08\/01\/perpetuate-quando-a-despedida-se-torna-um-ato-de-amor\/#breadcrumb","itemListElement":[{"@type":"ListItem","position":1,"name":"Home","item":"http:\/\/maismagazine.pt\/"},{"@type":"ListItem","position":2,"name":"PerPETuate: Quando a despedida se torna um ato de amor"}]},{"@type":"WebSite","@id":"http:\/\/maismagazine.pt\/#website","url":"http:\/\/maismagazine.pt\/","name":"Mais Magazine","description":"","publisher":{"@id":"http:\/\/maismagazine.pt\/#organization"},"potentialAction":[{"@type":"SearchAction","target":{"@type":"EntryPoint","urlTemplate":"http:\/\/maismagazine.pt\/?s={search_term_string}"},"query-input":{"@type":"PropertyValueSpecification","valueRequired":true,"valueName":"search_term_string"}}],"inLanguage":"pt-PT"},{"@type":"Organization","@id":"http:\/\/maismagazine.pt\/#organization","name":"Mais Magazine","url":"http:\/\/maismagazine.pt\/","logo":{"@type":"ImageObject","inLanguage":"pt-PT","@id":"http:\/\/maismagazine.pt\/#\/schema\/logo\/image\/","url":"http:\/\/maismagazine.pt\/wp-content\/uploads\/2020\/04\/cropped-cropped-mais-magazine-site-logo-2.png","contentUrl":"http:\/\/maismagazine.pt\/wp-content\/uploads\/2020\/04\/cropped-cropped-mais-magazine-site-logo-2.png","width":581,"height":90,"caption":"Mais Magazine"},"image":{"@id":"http:\/\/maismagazine.pt\/#\/schema\/logo\/image\/"}},{"@type":"Person","@id":"http:\/\/maismagazine.pt\/#\/schema\/person\/7426e2caeb8df32a1b56aa48dae778c9","name":"Tatiana Martins","image":{"@type":"ImageObject","inLanguage":"pt-PT","@id":"http:\/\/maismagazine.pt\/#\/schema\/person\/image\/","url":"https:\/\/secure.gravatar.com\/avatar\/4b24a57f5d0425f2eb20981c4b53244e?s=96&d=mm&r=g","contentUrl":"https:\/\/secure.gravatar.com\/avatar\/4b24a57f5d0425f2eb20981c4b53244e?s=96&d=mm&r=g","caption":"Tatiana Martins"},"url":"http:\/\/maismagazine.pt\/index.php\/author\/tatiana\/"}]}},"author_meta":{"display_name":false,"author_link":"http:\/\/maismagazine.pt\/index.php\/author\/tatiana\/"},"featured_img":"http:\/\/maismagazine.pt\/wp-content\/uploads\/2025\/07\/WhatsApp-Image-2025-07-21-at-09.20.28-300x203.jpeg","coauthors":[],"tax_additional":{"categories":{"linked":["<a href=\"http:\/\/maismagazine.pt\/index.php\/category\/mundo-empresarial\/\" class=\"advgb-post-tax-term\">Mundo Empresarial<\/a>"],"unlinked":["<span class=\"advgb-post-tax-term\">Mundo Empresarial<\/span>"]},"tags":{"linked":["<a href=\"http:\/\/maismagazine.pt\/index.php\/category\/mundo-empresarial\/\" class=\"advgb-post-tax-term\">animais<\/a>","<a href=\"http:\/\/maismagazine.pt\/index.php\/category\/mundo-empresarial\/\" class=\"advgb-post-tax-term\">PerPETuate<\/a>","<a href=\"http:\/\/maismagazine.pt\/index.php\/category\/mundo-empresarial\/\" class=\"advgb-post-tax-term\">Sustentabilidade<\/a>"],"unlinked":["<span class=\"advgb-post-tax-term\">animais<\/span>","<span class=\"advgb-post-tax-term\">PerPETuate<\/span>","<span class=\"advgb-post-tax-term\">Sustentabilidade<\/span>"]}},"comment_count":"0","relative_dates":{"created":"Posted 9 meses ago","modified":"Updated 9 meses ago"},"absolute_dates":{"created":"Posted on 1 de Agosto, 2025","modified":"Updated on 29 de Julho, 2025"},"absolute_dates_time":{"created":"Posted on 1 de Agosto, 2025 7:00","modified":"Updated on 29 de Julho, 2025 15:44"},"featured_img_caption":"","series_order":"","_links":{"self":[{"href":"http:\/\/maismagazine.pt\/index.php\/wp-json\/wp\/v2\/posts\/12492","targetHints":{"allow":["GET"]}}],"collection":[{"href":"http:\/\/maismagazine.pt\/index.php\/wp-json\/wp\/v2\/posts"}],"about":[{"href":"http:\/\/maismagazine.pt\/index.php\/wp-json\/wp\/v2\/types\/post"}],"author":[{"embeddable":true,"href":"http:\/\/maismagazine.pt\/index.php\/wp-json\/wp\/v2\/users\/18"}],"replies":[{"embeddable":true,"href":"http:\/\/maismagazine.pt\/index.php\/wp-json\/wp\/v2\/comments?post=12492"}],"version-history":[{"count":1,"href":"http:\/\/maismagazine.pt\/index.php\/wp-json\/wp\/v2\/posts\/12492\/revisions"}],"predecessor-version":[{"id":12501,"href":"http:\/\/maismagazine.pt\/index.php\/wp-json\/wp\/v2\/posts\/12492\/revisions\/12501"}],"wp:featuredmedia":[{"embeddable":true,"href":"http:\/\/maismagazine.pt\/index.php\/wp-json\/wp\/v2\/media\/12494"}],"wp:attachment":[{"href":"http:\/\/maismagazine.pt\/index.php\/wp-json\/wp\/v2\/media?parent=12492"}],"wp:term":[{"taxonomy":"category","embeddable":true,"href":"http:\/\/maismagazine.pt\/index.php\/wp-json\/wp\/v2\/categories?post=12492"},{"taxonomy":"post_tag","embeddable":true,"href":"http:\/\/maismagazine.pt\/index.php\/wp-json\/wp\/v2\/tags?post=12492"}],"curies":[{"name":"wp","href":"https:\/\/api.w.org\/{rel}","templated":true}]}}